{"id":14567,"date":"2020-11-29T23:57:27","date_gmt":"2020-11-29T20:57:27","guid":{"rendered":"http:\/\/sarimelekler.biz\/?p=14567"},"modified":"2020-11-29T23:59:45","modified_gmt":"2020-11-29T20:59:45","slug":"2-lig-bizimkent0-fenerbahce3","status":"publish","type":"post","link":"https:\/\/sarimelekler.biz\/?p=14567","title":{"rendered":"2. Lig: Bizimkent:0 \u2013 Fenerbah\u00e7e:3"},"content":{"rendered":"\n<p style=\"text-align: justify;\">Fenerbah\u00e7e 2. Lig Kad\u0131n Voleybol Tak\u0131m\u0131m\u0131z, sezonun 8. haftas\u0131nda deplasmanda kar\u015f\u0131la\u015ft\u0131\u011f\u0131 Bizimkent tak\u0131m\u0131n\u0131 19-25, 14-25 ve 21-25\u2019lik set skorlar\u0131yla 3-0 ma\u011flup etti. <br \/>Tak\u0131m\u0131m\u0131z ligin dokuzuncu haftas\u0131nda 05 Aral\u0131k Cumartesi g\u00fcn\u00fc saat 18.30\u2019da Eczac\u0131ba\u015f\u0131 Vitra tak\u0131m\u0131 ile kar\u015f\u0131la\u015facak. \u00a0<\/p>\n<p style=\"text-align: justify;\">Tak\u0131m\u0131m\u0131z\u0131 bu galibiyetten dolay\u0131 kutlar\u0131z.<\/p>\n\n\t\t<style type=\"text\/css\">\n\t\t\t#gallery-1 {\n\t\t\t\tmargin: auto;\n\t\t\t}\n\t\t\t#gallery-1 .gallery-item {\n\t\t\t\tfloat: left;\n\t\t\t\tmargin-top: 10px;\n\t\t\t\ttext-align: center;\n\t\t\t\twidth: 100%;\n\t\t\t}\n\t\t\t#gallery-1 img {\n\t\t\t\tborder: 2px solid #cfcfcf;\n\t\t\t}\n\t\t\t#gallery-1 .gallery-caption {\n\t\t\t\tmargin-left: 0;\n\t\t\t}\n\t\t\t\/* see gallery_shortcode() in wp-includes\/media.php *\/\n\t\t<\/style>\n\t\t<div data-carousel-extra='{&quot;blog_id&quot;:1,&quot;permalink&quot;:&quot;https:\/\/sarimelekler.biz\/?p=14567&quot;}' id='gallery-1' class='gallery galleryid-14567 gallery-columns-1 gallery-size-large'><dl class='gallery-item'>\n\t\t\t<dt class='gallery-icon portrait'>\n\t\t\t\t<a href='https:\/\/sarimelekler.biz\/?attachment_id=14571'><img loading=\"lazy\" decoding=\"async\" width=\"860\" height=\"929\" src=\"https:\/\/sarimelekler.biz\/wp-content\/uploads\/2020\/11\/2.lig-20-21-8-4-948x1024.jpg\" class=\"attachment-large size-large\" alt=\"\" srcset=\"https:\/\/sarimelekler.biz\/wp-content\/uploads\/2020\/11\/2.lig-20-21-8-4-948x1024.jpg 948w, https:\/\/sarimelekler.biz\/wp-content\/uploads\/2020\/11\/2.lig-20-21-8-4-278x300.jpg 278w, https:\/\/sarimelekler.biz\/wp-content\/uploads\/2020\/11\/2.lig-20-21-8-4-768x829.jpg 768w, https:\/\/sarimelekler.biz\/wp-content\/uploads\/2020\/11\/2.lig-20-21-8-4-1422x1536.jpg 1422w, https:\/\/sarimelekler.biz\/wp-content\/uploads\/2020\/11\/2.lig-20-21-8-4-139x150.jpg 139w, https:\/\/sarimelekler.biz\/wp-content\/uploads\/2020\/11\/2.lig-20-21-8-4.jpg 1500w\" sizes=\"auto, (max-width: 860px) 100vw, 860px\" data-attachment-id=\"14571\" data-permalink=\"https:\/\/sarimelekler.biz\/?attachment_id=14571\" data-orig-file=\"https:\/\/sarimelekler.biz\/wp-content\/uploads\/2020\/11\/2.lig-20-21-8-4.jpg\" data-orig-size=\"1500,1620\" data-comments-opened=\"0\" data-image-meta=\"{&quot;aperture&quot;:&quot;0&quot;,&quot;credit&quot;:&quot;&quot;,&quot;camera&quot;:&quot;&quot;,&quot;caption&quot;:&quot;&quot;,&quot;created_timestamp&quot;:&quot;0&quot;,&quot;copyright&quot;:&quot;&quot;,&quot;focal_length&quot;:&quot;0&quot;,&quot;iso&quot;:&quot;0&quot;,&quot;shutter_speed&quot;:&quot;0&quot;,&quot;title&quot;:&quot;&quot;,&quot;orientation&quot;:&quot;1&quot;}\" data-image-title=\"2.lig 20-21 8 (4)\" data-image-description=\"\" data-image-caption=\"\" data-large-file=\"https:\/\/sarimelekler.biz\/wp-content\/uploads\/2020\/11\/2.lig-20-21-8-4-948x1024.jpg\" \/><\/a>\n\t\t\t<\/dt><\/dl><br style=\"clear: both\" \/><dl class='gallery-item'>\n\t\t\t<dt class='gallery-icon landscape'>\n\t\t\t\t<a href='https:\/\/sarimelekler.biz\/?attachment_id=14568'><img loading=\"lazy\" decoding=\"async\" width=\"860\" height=\"502\" src=\"https:\/\/sarimelekler.biz\/wp-content\/uploads\/2020\/11\/2.lig-20-21-8-1-1024x598.jpg\" class=\"attachment-large size-large\" alt=\"\" srcset=\"https:\/\/sarimelekler.biz\/wp-content\/uploads\/2020\/11\/2.lig-20-21-8-1-1024x598.jpg 1024w, https:\/\/sarimelekler.biz\/wp-content\/uploads\/2020\/11\/2.lig-20-21-8-1-300x175.jpg 300w, https:\/\/sarimelekler.biz\/wp-content\/uploads\/2020\/11\/2.lig-20-21-8-1-768x449.jpg 768w, https:\/\/sarimelekler.biz\/wp-content\/uploads\/2020\/11\/2.lig-20-21-8-1-150x88.jpg 150w, https:\/\/sarimelekler.biz\/wp-content\/uploads\/2020\/11\/2.lig-20-21-8-1.jpg 1500w\" sizes=\"auto, (max-width: 860px) 100vw, 860px\" data-attachment-id=\"14568\" data-permalink=\"https:\/\/sarimelekler.biz\/?attachment_id=14568\" data-orig-file=\"https:\/\/sarimelekler.biz\/wp-content\/uploads\/2020\/11\/2.lig-20-21-8-1.jpg\" data-orig-size=\"1500,876\" data-comments-opened=\"0\" data-image-meta=\"{&quot;aperture&quot;:&quot;0&quot;,&quot;credit&quot;:&quot;&quot;,&quot;camera&quot;:&quot;&quot;,&quot;caption&quot;:&quot;&quot;,&quot;created_timestamp&quot;:&quot;0&quot;,&quot;copyright&quot;:&quot;&quot;,&quot;focal_length&quot;:&quot;0&quot;,&quot;iso&quot;:&quot;0&quot;,&quot;shutter_speed&quot;:&quot;0&quot;,&quot;title&quot;:&quot;&quot;,&quot;orientation&quot;:&quot;1&quot;}\" data-image-title=\"2.lig 20-21 8 (1)\" data-image-description=\"\" data-image-caption=\"\" data-large-file=\"https:\/\/sarimelekler.biz\/wp-content\/uploads\/2020\/11\/2.lig-20-21-8-1-1024x598.jpg\" \/><\/a>\n\t\t\t<\/dt><\/dl><br style=\"clear: both\" \/><dl class='gallery-item'>\n\t\t\t<dt class='gallery-icon landscape'>\n\t\t\t\t<a href='https:\/\/sarimelekler.biz\/?attachment_id=14569'><img loading=\"lazy\" decoding=\"async\" width=\"860\" height=\"645\" src=\"https:\/\/sarimelekler.biz\/wp-content\/uploads\/2020\/11\/2.lig-20-21-8-2-1024x768.jpg\" class=\"attachment-large size-large\" alt=\"\" srcset=\"https:\/\/sarimelekler.biz\/wp-content\/uploads\/2020\/11\/2.lig-20-21-8-2-1024x768.jpg 1024w, https:\/\/sarimelekler.biz\/wp-content\/uploads\/2020\/11\/2.lig-20-21-8-2-300x225.jpg 300w, https:\/\/sarimelekler.biz\/wp-content\/uploads\/2020\/11\/2.lig-20-21-8-2-768x576.jpg 768w, https:\/\/sarimelekler.biz\/wp-content\/uploads\/2020\/11\/2.lig-20-21-8-2-150x113.jpg 150w, https:\/\/sarimelekler.biz\/wp-content\/uploads\/2020\/11\/2.lig-20-21-8-2.jpg 1500w\" sizes=\"auto, (max-width: 860px) 100vw, 860px\" data-attachment-id=\"14569\" data-permalink=\"https:\/\/sarimelekler.biz\/?attachment_id=14569\" data-orig-file=\"https:\/\/sarimelekler.biz\/wp-content\/uploads\/2020\/11\/2.lig-20-21-8-2.jpg\" data-orig-size=\"1500,1125\" data-comments-opened=\"0\" data-image-meta=\"{&quot;aperture&quot;:&quot;0&quot;,&quot;credit&quot;:&quot;&quot;,&quot;camera&quot;:&quot;&quot;,&quot;caption&quot;:&quot;&quot;,&quot;created_timestamp&quot;:&quot;0&quot;,&quot;copyright&quot;:&quot;&quot;,&quot;focal_length&quot;:&quot;0&quot;,&quot;iso&quot;:&quot;0&quot;,&quot;shutter_speed&quot;:&quot;0&quot;,&quot;title&quot;:&quot;&quot;,&quot;orientation&quot;:&quot;1&quot;}\" data-image-title=\"2.lig 20-21 8 (2)\" data-image-description=\"\" data-image-caption=\"\" data-large-file=\"https:\/\/sarimelekler.biz\/wp-content\/uploads\/2020\/11\/2.lig-20-21-8-2-1024x768.jpg\" \/><\/a>\n\t\t\t<\/dt><\/dl><br style=\"clear: both\" \/><dl class='gallery-item'>\n\t\t\t<dt class='gallery-icon landscape'>\n\t\t\t\t<a href='https:\/\/sarimelekler.biz\/?attachment_id=14570'><img loading=\"lazy\" decoding=\"async\" width=\"860\" height=\"645\" src=\"https:\/\/sarimelekler.biz\/wp-content\/uploads\/2020\/11\/2.lig-20-21-8-3-1024x768.jpg\" class=\"attachment-large size-large\" alt=\"\" srcset=\"https:\/\/sarimelekler.biz\/wp-content\/uploads\/2020\/11\/2.lig-20-21-8-3-1024x768.jpg 1024w, https:\/\/sarimelekler.biz\/wp-content\/uploads\/2020\/11\/2.lig-20-21-8-3-300x225.jpg 300w, https:\/\/sarimelekler.biz\/wp-content\/uploads\/2020\/11\/2.lig-20-21-8-3-768x576.jpg 768w, https:\/\/sarimelekler.biz\/wp-content\/uploads\/2020\/11\/2.lig-20-21-8-3-150x113.jpg 150w, https:\/\/sarimelekler.biz\/wp-content\/uploads\/2020\/11\/2.lig-20-21-8-3.jpg 1500w\" sizes=\"auto, (max-width: 860px) 100vw, 860px\" data-attachment-id=\"14570\" data-permalink=\"https:\/\/sarimelekler.biz\/?attachment_id=14570\" data-orig-file=\"https:\/\/sarimelekler.biz\/wp-content\/uploads\/2020\/11\/2.lig-20-21-8-3.jpg\" data-orig-size=\"1500,1125\" data-comments-opened=\"0\" data-image-meta=\"{&quot;aperture&quot;:&quot;0&quot;,&quot;credit&quot;:&quot;&quot;,&quot;camera&quot;:&quot;&quot;,&quot;caption&quot;:&quot;&quot;,&quot;created_timestamp&quot;:&quot;0&quot;,&quot;copyright&quot;:&quot;&quot;,&quot;focal_length&quot;:&quot;0&quot;,&quot;iso&quot;:&quot;0&quot;,&quot;shutter_speed&quot;:&quot;0&quot;,&quot;title&quot;:&quot;&quot;,&quot;orientation&quot;:&quot;1&quot;}\" data-image-title=\"2.lig 20-21 8 (3)\" data-image-description=\"\" data-image-caption=\"\" data-large-file=\"https:\/\/sarimelekler.biz\/wp-content\/uploads\/2020\/11\/2.lig-20-21-8-3-1024x768.jpg\" \/><\/a>\n\t\t\t<\/dt><\/dl><br style=\"clear: both\" \/>\n\t\t<\/div>\n\n<p>Kaynak:\u00a0<a href=\"https:\/\/www.fenerbahce.org\/haberler\/voleybol-altyapi\/2020\/11\/bizimkent-0-3-fenerbahce-(2-lig-kadinlar)\" target=\"_blank\" rel=\"noopener noreferrer\">Fenerbah\u00e7e SK Resmi \u0130nternet Sitesi<\/a><\/p>\n<p style=\"text-align: right;\">29.11.2020<\/p>\n","protected":false},"excerpt":{"rendered":"<p>Fenerbah\u00e7e 2. Lig Kad\u0131n Voleybol Tak\u0131m\u0131m\u0131z, sezonun 8. haftas\u0131nda deplasmanda \u2026 <a class=\"continue-reading-link\" href=\"https:\/\/sarimelekler.biz\/?p=14567\">Okumaya Devam Et.. <span class=\"meta-nav\">&rarr; <\/span><\/a><\/p>\n","protected":false},"author":1,"featured_media":14573,"comment_status":"closed","ping_status":"open","sticky":false,"template":"","format":"standard","meta":{"jetpack_post_was_ever_published":false,"_jetpack_newsletter_access":"","_jetpack_dont_email_post_to_subs":false,"_jetpack_newsletter_tier_id":0,"_jetpack_memberships_contains_paywalled_content":false,"_jetpack_memberships_contains_paid_content":false,"footnotes":"","jetpack_publicize_message":"","jetpack_publicize_feature_enabled":true,"jetpack_social_post_already_shared":true,"jetpack_social_options":{"image_generator_settings":{"template":"highway","default_image_id":0,"font":"","enabled":false},"version":2}},"categories":[26],"tags":[],"class_list":["post-14567","post","type-post","status-publish","format-standard","has-post-thumbnail","hentry","category-2-lig-takimi"],"jetpack_publicize_connections":[],"jetpack_featured_media_url":"https:\/\/sarimelekler.biz\/wp-content\/uploads\/2020\/11\/2.lig-20-21-8-2-Kapak.jpg","jetpack_sharing_enabled":true,"jetpack_shortlink":"https:\/\/wp.me\/p8npUZ-3MX","jetpack-related-posts":[{"id":14880,"url":"https:\/\/sarimelekler.biz\/?p=14880","url_meta":{"origin":14567,"position":0},"title":"2. Lig: Fenerbah\u00e7e Koleji:0 \u2013 Fenerbah\u00e7e:3","author":"Edit\u00f6r","date":"5 Ocak 2021","format":false,"excerpt":"Fenerbah\u00e7e 2. Lig Kad\u0131n Voleybol Tak\u0131m\u0131m\u0131z, sezonun 13. haftas\u0131nda deplasmanda kar\u015f\u0131la\u015ft\u0131\u011f\u0131 Fenerbah\u00e7e Koleji tak\u0131m\u0131n\u0131 17-25, 15-25 ve 14-25\u2019lik set skorlar\u0131yla 3-0 ma\u011flup etti. Ma\u00e7\u0131n ard\u0131ndan yard\u0131mc\u0131 antren\u00f6r\u00fcm\u00fcz Burcu Tun\u00e7'un do\u011fum g\u00fcn\u00fc tak\u0131m\u0131m\u0131z taraf\u0131ndan kutland\u0131. Biz de bu vesile ile kendisinin do\u011fum g\u00fcn\u00fcn\u00fc kutlar\u0131z.\u00a0Tak\u0131m\u0131m\u0131z ligin on d\u00f6rd\u00fcnc\u00fc haftas\u0131nda 09 Ocak Cumartesi\u2026","rel":"","context":"&quot;2. Lig Tak\u0131m\u0131&quot; i\u00e7inde","block_context":{"text":"2. Lig Tak\u0131m\u0131","link":"https:\/\/sarimelekler.biz\/?cat=26"},"img":{"alt_text":"","src":"https:\/\/i0.wp.com\/sarimelekler.biz\/wp-content\/uploads\/2021\/01\/2.-Lig-Do%C4%9Fum-G%C3%BCn%C3%BC-Kutlama.jpeg?resize=350%2C200&ssl=1","width":350,"height":200,"srcset":"https:\/\/i0.wp.com\/sarimelekler.biz\/wp-content\/uploads\/2021\/01\/2.-Lig-Do%C4%9Fum-G%C3%BCn%C3%BC-Kutlama.jpeg?resize=350%2C200&ssl=1 1x, https:\/\/i0.wp.com\/sarimelekler.biz\/wp-content\/uploads\/2021\/01\/2.-Lig-Do%C4%9Fum-G%C3%BCn%C3%BC-Kutlama.jpeg?resize=525%2C300&ssl=1 1.5x, https:\/\/i0.wp.com\/sarimelekler.biz\/wp-content\/uploads\/2021\/01\/2.-Lig-Do%C4%9Fum-G%C3%BCn%C3%BC-Kutlama.jpeg?resize=700%2C400&ssl=1 2x, https:\/\/i0.wp.com\/sarimelekler.biz\/wp-content\/uploads\/2021\/01\/2.-Lig-Do%C4%9Fum-G%C3%BCn%C3%BC-Kutlama.jpeg?resize=1050%2C600&ssl=1 3x"},"classes":[]},{"id":14862,"url":"https:\/\/sarimelekler.biz\/?p=14862","url_meta":{"origin":14567,"position":1},"title":"2. Lig: Fenerbah\u00e7e:3 \u2013 Kartal Anadolu:0","author":"Edit\u00f6r","date":"27 Aral\u0131k 2020","format":false,"excerpt":"Fenerbah\u00e7e 2. Lig Kad\u0131n Voleybol Tak\u0131m\u0131m\u0131z, Kad\u0131nlar 2.Ligi 12.haftas\u0131nda kar\u015f\u0131la\u015ft\u0131\u011f\u0131 Kartal Anadolu tak\u0131m\u0131n\u0131 25-15, 25-18 ve 25-18\u2019lik set skorlar\u0131yla 3-0 ma\u011flup etti. Tak\u0131m\u0131m\u0131z, ligin 13.haftas\u0131nda 05 Ocak Sal\u0131 g\u00fcn\u00fc saat:16.00\u2019da Fenerbah\u00e7e Koleji tak\u0131m\u0131 ile kar\u015f\u0131la\u015facak. Ma\u00e7 50. Y\u0131l Deniz Esinduy Voleybol Salonunda oynanacak ve Youtube \u00fczerinden yay\u0131n yapan TVF Voleybol\u2026","rel":"","context":"&quot;2. Lig Tak\u0131m\u0131&quot; i\u00e7inde","block_context":{"text":"2. Lig Tak\u0131m\u0131","link":"https:\/\/sarimelekler.biz\/?cat=26"},"img":{"alt_text":"","src":"https:\/\/i0.wp.com\/sarimelekler.biz\/wp-content\/uploads\/2020\/12\/2.lig-20-21-12.jpg?resize=350%2C200&ssl=1","width":350,"height":200,"srcset":"https:\/\/i0.wp.com\/sarimelekler.biz\/wp-content\/uploads\/2020\/12\/2.lig-20-21-12.jpg?resize=350%2C200&ssl=1 1x, https:\/\/i0.wp.com\/sarimelekler.biz\/wp-content\/uploads\/2020\/12\/2.lig-20-21-12.jpg?resize=525%2C300&ssl=1 1.5x, https:\/\/i0.wp.com\/sarimelekler.biz\/wp-content\/uploads\/2020\/12\/2.lig-20-21-12.jpg?resize=700%2C400&ssl=1 2x, https:\/\/i0.wp.com\/sarimelekler.biz\/wp-content\/uploads\/2020\/12\/2.lig-20-21-12.jpg?resize=1050%2C600&ssl=1 3x, https:\/\/i0.wp.com\/sarimelekler.biz\/wp-content\/uploads\/2020\/12\/2.lig-20-21-12.jpg?resize=1400%2C800&ssl=1 4x"},"classes":[]},{"id":14787,"url":"https:\/\/sarimelekler.biz\/?p=14787","url_meta":{"origin":14567,"position":2},"title":"2. Lig: Fenerbah\u00e7e:3 &#8211; \u00c7engelk\u00f6y:0","author":"Edit\u00f6r","date":"19 Aral\u0131k 2020","format":false,"excerpt":"Fenerbah\u00e7e 2. Lig Kad\u0131n Voleybol Tak\u0131m\u0131m\u0131z, Kad\u0131nlar 2.Ligi 11.haftas\u0131nda kar\u015f\u0131la\u015ft\u0131\u011f\u0131 \u00c7engelk\u00f6y tak\u0131m\u0131n\u0131 25-19, 25-20 ve 25-18\u2019lik set skorlar\u0131yla 3-0 ma\u011flup etti. Tak\u0131m\u0131m\u0131z, ligin 12.haftas\u0131nda 27 Aral\u0131k Pazar g\u00fcn\u00fc saat:16.00\u2019da Kartal Anadolu tak\u0131m\u0131 ile kar\u015f\u0131la\u015facak. Ma\u00e7 50. Y\u0131l Deniz Esinduy Voleybol Salonunda oynanacak ve Youtube \u00fczerinden yay\u0131n yapan TVF Voleybol TV\u2019den\u2026","rel":"","context":"&quot;2. Lig Tak\u0131m\u0131&quot; i\u00e7inde","block_context":{"text":"2. Lig Tak\u0131m\u0131","link":"https:\/\/sarimelekler.biz\/?cat=26"},"img":{"alt_text":"","src":"https:\/\/i0.wp.com\/sarimelekler.biz\/wp-content\/uploads\/2020\/12\/2.-lig-11-5.jpg?resize=350%2C200&ssl=1","width":350,"height":200,"srcset":"https:\/\/i0.wp.com\/sarimelekler.biz\/wp-content\/uploads\/2020\/12\/2.-lig-11-5.jpg?resize=350%2C200&ssl=1 1x, https:\/\/i0.wp.com\/sarimelekler.biz\/wp-content\/uploads\/2020\/12\/2.-lig-11-5.jpg?resize=525%2C300&ssl=1 1.5x, https:\/\/i0.wp.com\/sarimelekler.biz\/wp-content\/uploads\/2020\/12\/2.-lig-11-5.jpg?resize=700%2C400&ssl=1 2x, https:\/\/i0.wp.com\/sarimelekler.biz\/wp-content\/uploads\/2020\/12\/2.-lig-11-5.jpg?resize=1050%2C600&ssl=1 3x, https:\/\/i0.wp.com\/sarimelekler.biz\/wp-content\/uploads\/2020\/12\/2.-lig-11-5.jpg?resize=1400%2C800&ssl=1 4x"},"classes":[]},{"id":14247,"url":"https:\/\/sarimelekler.biz\/?p=14247","url_meta":{"origin":14567,"position":3},"title":"2. Lig Fenerbah\u00e7e:3 &#8211; K\u00fc\u00e7\u00fck\u00e7ekmece Voleybol:2","author":"Edit\u00f6r","date":"31 Ekim 2020","format":false,"excerpt":"Fenerbah\u00e7e 2. Lig Kad\u0131n Voleybol Tak\u0131m\u0131m\u0131z, sezonun d\u00f6rd\u00fcnc\u00fc haftas\u0131nda kar\u015f\u0131la\u015ft\u0131\u011f\u0131 K\u00fc\u00e7\u00fck\u00e7ekmece Voleybol tak\u0131m\u0131n\u0131 21-25, 27-25, 19-25, 25-20, 15-8\u2019lik set skorlar\u0131yla 3-2 ma\u011flup etti. Tak\u0131m\u0131m\u0131z ligin be\u015finci haftas\u0131nda 9 Kas\u0131m Pazartesi g\u00fcn\u00fc Tunal\u0131 Spor tak\u0131m\u0131 ile kar\u015f\u0131la\u015facak. Ma\u00e7 saat:20:00\u2019da 50. Y\u0131l Deniz Esinduy Voleybol Salonu\u2019nda oynanacak ve Tvf Voleybol Tv\u2019den canl\u0131\u2026","rel":"","context":"&quot;2. Lig Tak\u0131m\u0131&quot; i\u00e7inde","block_context":{"text":"2. Lig Tak\u0131m\u0131","link":"https:\/\/sarimelekler.biz\/?cat=26"},"img":{"alt_text":"","src":"https:\/\/i0.wp.com\/sarimelekler.biz\/wp-content\/uploads\/2020\/10\/2.-Lig-20-21-4-2.jpg?resize=350%2C200&ssl=1","width":350,"height":200,"srcset":"https:\/\/i0.wp.com\/sarimelekler.biz\/wp-content\/uploads\/2020\/10\/2.-Lig-20-21-4-2.jpg?resize=350%2C200&ssl=1 1x, https:\/\/i0.wp.com\/sarimelekler.biz\/wp-content\/uploads\/2020\/10\/2.-Lig-20-21-4-2.jpg?resize=525%2C300&ssl=1 1.5x, https:\/\/i0.wp.com\/sarimelekler.biz\/wp-content\/uploads\/2020\/10\/2.-Lig-20-21-4-2.jpg?resize=700%2C400&ssl=1 2x, https:\/\/i0.wp.com\/sarimelekler.biz\/wp-content\/uploads\/2020\/10\/2.-Lig-20-21-4-2.jpg?resize=1050%2C600&ssl=1 3x, https:\/\/i0.wp.com\/sarimelekler.biz\/wp-content\/uploads\/2020\/10\/2.-Lig-20-21-4-2.jpg?resize=1400%2C800&ssl=1 4x"},"classes":[]},{"id":14919,"url":"https:\/\/sarimelekler.biz\/?p=14919","url_meta":{"origin":14567,"position":4},"title":"2. Lig: Fenerbah\u00e7e:3 \u2013 \u00dcnsped Spor: 2","author":"Edit\u00f6r","date":"9 Ocak 2021","format":false,"excerpt":"Fenerbah\u00e7e 2. Lig Kad\u0131n Voleybol Tak\u0131m\u0131m\u0131z, Kad\u0131nlar 2.Ligi 14.haftas\u0131nda kar\u015f\u0131la\u015ft\u0131\u011f\u0131 \u00dcnsped Spor tak\u0131m\u0131n\u0131 16-25, 25-15, 23-25, 25-7 ve 15-9\u2019luk set skorlar\u0131yla 3-2 ma\u011flup etti. Tak\u0131m\u0131m\u0131z, ligin 15.haftas\u0131nda 17 Ocak Pazar g\u00fcn\u00fc saat:18.00\u2019da Osman Solako\u011flu Spor Salonu\u2019nda K\u00fc\u00e7\u00fck\u00e7ekmece Voleybol\u2019a konuk olacak. Tak\u0131m\u0131m\u0131z\u0131 bu galibiyetten dolay\u0131 kutlar\u0131z. Foto\u011fraf Kaynak:\u00a0Fenerbah\u00e7e SK Resmi \u0130nternet\u2026","rel":"","context":"&quot;2. Lig Tak\u0131m\u0131&quot; i\u00e7inde","block_context":{"text":"2. Lig Tak\u0131m\u0131","link":"https:\/\/sarimelekler.biz\/?cat=26"},"img":{"alt_text":"","src":"https:\/\/i0.wp.com\/sarimelekler.biz\/wp-content\/uploads\/2021\/01\/2.-Lig-20-21-14-4.jpg?resize=350%2C200&ssl=1","width":350,"height":200,"srcset":"https:\/\/i0.wp.com\/sarimelekler.biz\/wp-content\/uploads\/2021\/01\/2.-Lig-20-21-14-4.jpg?resize=350%2C200&ssl=1 1x, https:\/\/i0.wp.com\/sarimelekler.biz\/wp-content\/uploads\/2021\/01\/2.-Lig-20-21-14-4.jpg?resize=525%2C300&ssl=1 1.5x, https:\/\/i0.wp.com\/sarimelekler.biz\/wp-content\/uploads\/2021\/01\/2.-Lig-20-21-14-4.jpg?resize=700%2C400&ssl=1 2x, https:\/\/i0.wp.com\/sarimelekler.biz\/wp-content\/uploads\/2021\/01\/2.-Lig-20-21-14-4.jpg?resize=1050%2C600&ssl=1 3x, https:\/\/i0.wp.com\/sarimelekler.biz\/wp-content\/uploads\/2021\/01\/2.-Lig-20-21-14-4.jpg?resize=1400%2C800&ssl=1 4x"},"classes":[]},{"id":14369,"url":"https:\/\/sarimelekler.biz\/?p=14369","url_meta":{"origin":14567,"position":5},"title":"2. Lig: Fenerbah\u00e7e:3 &#8211; Tunal\u0131 Spor:0","author":"Edit\u00f6r","date":"9 Kas\u0131m 2020","format":false,"excerpt":"Fenerbah\u00e7e 2. Lig Kad\u0131n Voleybol Tak\u0131m\u0131m\u0131z, sezonun 5. haftas\u0131nda Tunal\u0131 Spor ile kar\u015f\u0131la\u015ft\u0131. Tak\u0131m\u0131m\u0131z, 50. Y\u0131l Deniz Esinduy Voleybol Salonu\u2019nda oynanan ve setleri 25-22, 25-22 ve 25-12 tamamlanan m\u00fccadeleden 3-0 galip ayr\u0131ld\u0131.Tak\u0131m\u0131m\u0131z ligin alt\u0131nc\u0131 haftas\u0131nda 15 Kas\u0131m Pazar g\u00fcn\u00fc saat 16.00\u2019da Yakac\u0131k \u0130TO Spor Salonu\u2019nda, Kartal Belediyespor\u2019a konuk olacak. Tak\u0131m\u0131m\u0131z\u0131\u2026","rel":"","context":"&quot;2. Lig Tak\u0131m\u0131&quot; i\u00e7inde","block_context":{"text":"2. Lig Tak\u0131m\u0131","link":"https:\/\/sarimelekler.biz\/?cat=26"},"img":{"alt_text":"","src":"https:\/\/i0.wp.com\/sarimelekler.biz\/wp-content\/uploads\/2020\/11\/2.-lig-5.jpg?resize=350%2C200&ssl=1","width":350,"height":200,"srcset":"https:\/\/i0.wp.com\/sarimelekler.biz\/wp-content\/uploads\/2020\/11\/2.-lig-5.jpg?resize=350%2C200&ssl=1 1x, https:\/\/i0.wp.com\/sarimelekler.biz\/wp-content\/uploads\/2020\/11\/2.-lig-5.jpg?resize=525%2C300&ssl=1 1.5x, https:\/\/i0.wp.com\/sarimelekler.biz\/wp-content\/uploads\/2020\/11\/2.-lig-5.jpg?resize=700%2C400&ssl=1 2x, https:\/\/i0.wp.com\/sarimelekler.biz\/wp-content\/uploads\/2020\/11\/2.-lig-5.jpg?resize=1050%2C600&ssl=1 3x"},"classes":[]}],"_links":{"self":[{"href":"https:\/\/sarimelekler.biz\/index.php?rest_route=\/wp\/v2\/posts\/14567","targetHints":{"allow":["GET"]}}],"collection":[{"href":"https:\/\/sarimelekler.biz\/index.php?rest_route=\/wp\/v2\/posts"}],"about":[{"href":"https:\/\/sarimelekler.biz\/index.php?rest_route=\/wp\/v2\/types\/post"}],"author":[{"embeddable":true,"href":"https:\/\/sarimelekler.biz\/index.php?rest_route=\/wp\/v2\/users\/1"}],"replies":[{"embeddable":true,"href":"https:\/\/sarimelekler.biz\/index.php?rest_route=%2Fwp%2Fv2%2Fcomments&post=14567"}],"version-history":[{"count":3,"href":"https:\/\/sarimelekler.biz\/index.php?rest_route=\/wp\/v2\/posts\/14567\/revisions"}],"predecessor-version":[{"id":14575,"href":"https:\/\/sarimelekler.biz\/index.php?rest_route=\/wp\/v2\/posts\/14567\/revisions\/14575"}],"wp:featuredmedia":[{"embeddable":true,"href":"https:\/\/sarimelekler.biz\/index.php?rest_route=\/wp\/v2\/media\/14573"}],"wp:attachment":[{"href":"https:\/\/sarimelekler.biz\/index.php?rest_route=%2Fwp%2Fv2%2Fmedia&parent=14567"}],"wp:term":[{"taxonomy":"category","embeddable":true,"href":"https:\/\/sarimelekler.biz\/index.php?rest_route=%2Fwp%2Fv2%2Fcategories&post=14567"},{"taxonomy":"post_tag","embeddable":true,"href":"https:\/\/sarimelekler.biz\/index.php?rest_route=%2Fwp%2Fv2%2Ftags&post=14567"}],"curies":[{"name":"wp","href":"https:\/\/api.w.org\/{rel}","templated":true}]}}