{"id":14631,"date":"2020-12-04T22:27:14","date_gmt":"2020-12-04T19:27:14","guid":{"rendered":"http:\/\/sarimelekler.biz\/?p=14631"},"modified":"2020-12-04T22:27:15","modified_gmt":"2020-12-04T19:27:15","slug":"saglik-calisaninin-jestine-kaptandan-formali-tesekkur","status":"publish","type":"post","link":"https:\/\/sarimelekler.biz\/?p=14631","title":{"rendered":"Sa\u011fl\u0131k \u00c7al\u0131\u015fan\u0131n\u0131n Jestine, Kaptandan Formal\u0131 Te\u015fekk\u00fcr"},"content":{"rendered":"\n<p style=\"text-align: justify;\">Ge\u00e7ti\u011fimiz g\u00fcnlerde s\u0131k\u0131 bir Fenerbah\u00e7e Kad\u0131n Voleybol taraftar\u0131m\u0131z olan Tu\u011fba isimli sa\u011fl\u0131k \u00e7al\u0131\u015fan\u0131, \u00a0giydi\u011fi koruyucu elbisenin s\u0131rt\u0131na kaptan\u0131m\u0131z Eda Erdem\u2019in ismini ve forma numaras\u0131n\u0131 yazarak bir foto\u011fraf payla\u015fm\u0131\u015ft\u0131. Kaptan\u0131m\u0131z bu payla\u015f\u0131ma twitter \u00fczerinden te\u015fekk\u00fcr etmi\u015fti. Kaptan\u0131m\u0131z bununla yetinmeyip sa\u011fl\u0131k \u00e7al\u0131\u015fan\u0131m\u0131za bir mektup yazarak imzal\u0131 bir forma hediye etti.<\/p>\n<p style=\"text-align: justify;\">Kaptan\u0131m\u0131za bu duyarl\u0131 davran\u0131\u015f\u0131 i\u00e7in te\u015fekk\u00fcr eder, bu vesile ile t\u00fcm sa\u011fl\u0131k \u00e7al\u0131\u015fanlar\u0131m\u0131za \u015f\u00fckranlar\u0131m\u0131z\u0131 sunar\u0131z.<\/p>\n\n\t\t<style type=\"text\/css\">\n\t\t\t#gallery-1 {\n\t\t\t\tmargin: auto;\n\t\t\t}\n\t\t\t#gallery-1 .gallery-item {\n\t\t\t\tfloat: left;\n\t\t\t\tmargin-top: 10px;\n\t\t\t\ttext-align: center;\n\t\t\t\twidth: 100%;\n\t\t\t}\n\t\t\t#gallery-1 img {\n\t\t\t\tborder: 2px solid #cfcfcf;\n\t\t\t}\n\t\t\t#gallery-1 .gallery-caption {\n\t\t\t\tmargin-left: 0;\n\t\t\t}\n\t\t\t\/* see gallery_shortcode() in wp-includes\/media.php *\/\n\t\t<\/style>\n\t\t<div data-carousel-extra='{&quot;blog_id&quot;:1,&quot;permalink&quot;:&quot;https:\/\/sarimelekler.biz\/?p=14631&quot;}' id='gallery-1' class='gallery galleryid-14631 gallery-columns-1 gallery-size-large'><dl class='gallery-item'>\n\t\t\t<dt class='gallery-icon portrait'>\n\t\t\t\t<a href='https:\/\/sarimelekler.biz\/?attachment_id=14632'><img loading=\"lazy\" decoding=\"async\" width=\"768\" height=\"1024\" src=\"https:\/\/sarimelekler.biz\/wp-content\/uploads\/2020\/12\/Dr-Payla\u015f\u0131m-768x1024.jpeg\" class=\"attachment-large size-large\" alt=\"\" srcset=\"https:\/\/sarimelekler.biz\/wp-content\/uploads\/2020\/12\/Dr-Payla\u015f\u0131m-768x1024.jpeg 768w, https:\/\/sarimelekler.biz\/wp-content\/uploads\/2020\/12\/Dr-Payla\u015f\u0131m-225x300.jpeg 225w, https:\/\/sarimelekler.biz\/wp-content\/uploads\/2020\/12\/Dr-Payla\u015f\u0131m-1152x1536.jpeg 1152w, https:\/\/sarimelekler.biz\/wp-content\/uploads\/2020\/12\/Dr-Payla\u015f\u0131m-113x150.jpeg 113w, https:\/\/sarimelekler.biz\/wp-content\/uploads\/2020\/12\/Dr-Payla\u015f\u0131m.jpeg 1536w\" sizes=\"auto, (max-width: 768px) 100vw, 768px\" data-attachment-id=\"14632\" data-permalink=\"https:\/\/sarimelekler.biz\/?attachment_id=14632\" data-orig-file=\"https:\/\/sarimelekler.biz\/wp-content\/uploads\/2020\/12\/Dr-Payla\u015f\u0131m.jpeg\" data-orig-size=\"1536,2048\" data-comments-opened=\"0\" data-image-meta=\"{&quot;aperture&quot;:&quot;0&quot;,&quot;credit&quot;:&quot;&quot;,&quot;camera&quot;:&quot;&quot;,&quot;caption&quot;:&quot;&quot;,&quot;created_timestamp&quot;:&quot;0&quot;,&quot;copyright&quot;:&quot;&quot;,&quot;focal_length&quot;:&quot;0&quot;,&quot;iso&quot;:&quot;0&quot;,&quot;shutter_speed&quot;:&quot;0&quot;,&quot;title&quot;:&quot;&quot;,&quot;orientation&quot;:&quot;0&quot;}\" data-image-title=\"Dr Payla\u015f\u0131m\" data-image-description=\"\" data-image-caption=\"\" data-large-file=\"https:\/\/sarimelekler.biz\/wp-content\/uploads\/2020\/12\/Dr-Payla\u015f\u0131m-768x1024.jpeg\" \/><\/a>\n\t\t\t<\/dt><\/dl><br style=\"clear: both\" \/><dl class='gallery-item'>\n\t\t\t<dt class='gallery-icon landscape'>\n\t\t\t\t<a href='https:\/\/sarimelekler.biz\/?attachment_id=14633'><img loading=\"lazy\" decoding=\"async\" width=\"860\" height=\"860\" src=\"https:\/\/sarimelekler.biz\/wp-content\/uploads\/2020\/12\/Kaptan-Hediye-1024x1024.jpeg\" class=\"attachment-large size-large\" alt=\"\" srcset=\"https:\/\/sarimelekler.biz\/wp-content\/uploads\/2020\/12\/Kaptan-Hediye-1024x1024.jpeg 1024w, https:\/\/sarimelekler.biz\/wp-content\/uploads\/2020\/12\/Kaptan-Hediye-300x300.jpeg 300w, https:\/\/sarimelekler.biz\/wp-content\/uploads\/2020\/12\/Kaptan-Hediye-150x150.jpeg 150w, https:\/\/sarimelekler.biz\/wp-content\/uploads\/2020\/12\/Kaptan-Hediye-768x768.jpeg 768w, https:\/\/sarimelekler.biz\/wp-content\/uploads\/2020\/12\/Kaptan-Hediye-1536x1536.jpeg 1536w, https:\/\/sarimelekler.biz\/wp-content\/uploads\/2020\/12\/Kaptan-Hediye.jpeg 1920w\" sizes=\"auto, (max-width: 860px) 100vw, 860px\" data-attachment-id=\"14633\" data-permalink=\"https:\/\/sarimelekler.biz\/?attachment_id=14633\" data-orig-file=\"https:\/\/sarimelekler.biz\/wp-content\/uploads\/2020\/12\/Kaptan-Hediye.jpeg\" data-orig-size=\"1920,1920\" data-comments-opened=\"0\" data-image-meta=\"{&quot;aperture&quot;:&quot;0&quot;,&quot;credit&quot;:&quot;&quot;,&quot;camera&quot;:&quot;&quot;,&quot;caption&quot;:&quot;&quot;,&quot;created_timestamp&quot;:&quot;0&quot;,&quot;copyright&quot;:&quot;&quot;,&quot;focal_length&quot;:&quot;0&quot;,&quot;iso&quot;:&quot;0&quot;,&quot;shutter_speed&quot;:&quot;0&quot;,&quot;title&quot;:&quot;&quot;,&quot;orientation&quot;:&quot;0&quot;}\" data-image-title=\"Kaptan Hediye\" data-image-description=\"\" data-image-caption=\"\" data-large-file=\"https:\/\/sarimelekler.biz\/wp-content\/uploads\/2020\/12\/Kaptan-Hediye-1024x1024.jpeg\" \/><\/a>\n\t\t\t<\/dt><\/dl><br style=\"clear: both\" \/><dl class='gallery-item'>\n\t\t\t<dt class='gallery-icon portrait'>\n\t\t\t\t<a href='https:\/\/sarimelekler.biz\/?attachment_id=14635'><img loading=\"lazy\" decoding=\"async\" width=\"589\" height=\"946\" src=\"https:\/\/sarimelekler.biz\/wp-content\/uploads\/2020\/12\/Payla\u015f\u0131m-1.jpg\" class=\"attachment-large size-large\" alt=\"\" srcset=\"https:\/\/sarimelekler.biz\/wp-content\/uploads\/2020\/12\/Payla\u015f\u0131m-1.jpg 589w, https:\/\/sarimelekler.biz\/wp-content\/uploads\/2020\/12\/Payla\u015f\u0131m-1-187x300.jpg 187w, https:\/\/sarimelekler.biz\/wp-content\/uploads\/2020\/12\/Payla\u015f\u0131m-1-93x150.jpg 93w\" sizes=\"auto, (max-width: 589px) 100vw, 589px\" data-attachment-id=\"14635\" data-permalink=\"https:\/\/sarimelekler.biz\/?attachment_id=14635\" data-orig-file=\"https:\/\/sarimelekler.biz\/wp-content\/uploads\/2020\/12\/Payla\u015f\u0131m-1.jpg\" data-orig-size=\"589,946\" data-comments-opened=\"0\" data-image-meta=\"{&quot;aperture&quot;:&quot;0&quot;,&quot;credit&quot;:&quot;&quot;,&quot;camera&quot;:&quot;&quot;,&quot;caption&quot;:&quot;&quot;,&quot;created_timestamp&quot;:&quot;0&quot;,&quot;copyright&quot;:&quot;&quot;,&quot;focal_length&quot;:&quot;0&quot;,&quot;iso&quot;:&quot;0&quot;,&quot;shutter_speed&quot;:&quot;0&quot;,&quot;title&quot;:&quot;&quot;,&quot;orientation&quot;:&quot;0&quot;}\" data-image-title=\"Payla\u015f\u0131m 1\" data-image-description=\"\" data-image-caption=\"\" data-large-file=\"https:\/\/sarimelekler.biz\/wp-content\/uploads\/2020\/12\/Payla\u015f\u0131m-1.jpg\" \/><\/a>\n\t\t\t<\/dt><\/dl><br style=\"clear: both\" \/><dl class='gallery-item'>\n\t\t\t<dt class='gallery-icon portrait'>\n\t\t\t\t<a href='https:\/\/sarimelekler.biz\/?attachment_id=14634'><img loading=\"lazy\" decoding=\"async\" width=\"612\" height=\"636\" src=\"https:\/\/sarimelekler.biz\/wp-content\/uploads\/2020\/12\/Payla\u015f\u0131m-2.jpg\" class=\"attachment-large size-large\" alt=\"\" srcset=\"https:\/\/sarimelekler.biz\/wp-content\/uploads\/2020\/12\/Payla\u015f\u0131m-2.jpg 612w, https:\/\/sarimelekler.biz\/wp-content\/uploads\/2020\/12\/Payla\u015f\u0131m-2-289x300.jpg 289w, https:\/\/sarimelekler.biz\/wp-content\/uploads\/2020\/12\/Payla\u015f\u0131m-2-144x150.jpg 144w\" sizes=\"auto, (max-width: 612px) 100vw, 612px\" data-attachment-id=\"14634\" data-permalink=\"https:\/\/sarimelekler.biz\/?attachment_id=14634\" data-orig-file=\"https:\/\/sarimelekler.biz\/wp-content\/uploads\/2020\/12\/Payla\u015f\u0131m-2.jpg\" data-orig-size=\"612,636\" data-comments-opened=\"0\" data-image-meta=\"{&quot;aperture&quot;:&quot;0&quot;,&quot;credit&quot;:&quot;&quot;,&quot;camera&quot;:&quot;&quot;,&quot;caption&quot;:&quot;&quot;,&quot;created_timestamp&quot;:&quot;0&quot;,&quot;copyright&quot;:&quot;&quot;,&quot;focal_length&quot;:&quot;0&quot;,&quot;iso&quot;:&quot;0&quot;,&quot;shutter_speed&quot;:&quot;0&quot;,&quot;title&quot;:&quot;&quot;,&quot;orientation&quot;:&quot;0&quot;}\" data-image-title=\"Payla\u015f\u0131m 2\" data-image-description=\"\" data-image-caption=\"\" data-large-file=\"https:\/\/sarimelekler.biz\/wp-content\/uploads\/2020\/12\/Payla\u015f\u0131m-2.jpg\" \/><\/a>\n\t\t\t<\/dt><\/dl><br style=\"clear: both\" \/><dl class='gallery-item'>\n\t\t\t<dt class='gallery-icon portrait'>\n\t\t\t\t<a href='https:\/\/sarimelekler.biz\/?attachment_id=14636'><img loading=\"lazy\" decoding=\"async\" width=\"599\" height=\"824\" src=\"https:\/\/sarimelekler.biz\/wp-content\/uploads\/2020\/12\/Payla\u015f\u0131m-3.jpg\" class=\"attachment-large size-large\" alt=\"\" srcset=\"https:\/\/sarimelekler.biz\/wp-content\/uploads\/2020\/12\/Payla\u015f\u0131m-3.jpg 599w, https:\/\/sarimelekler.biz\/wp-content\/uploads\/2020\/12\/Payla\u015f\u0131m-3-218x300.jpg 218w, https:\/\/sarimelekler.biz\/wp-content\/uploads\/2020\/12\/Payla\u015f\u0131m-3-109x150.jpg 109w\" sizes=\"auto, (max-width: 599px) 100vw, 599px\" data-attachment-id=\"14636\" data-permalink=\"https:\/\/sarimelekler.biz\/?attachment_id=14636\" data-orig-file=\"https:\/\/sarimelekler.biz\/wp-content\/uploads\/2020\/12\/Payla\u015f\u0131m-3.jpg\" data-orig-size=\"599,824\" data-comments-opened=\"0\" data-image-meta=\"{&quot;aperture&quot;:&quot;0&quot;,&quot;credit&quot;:&quot;&quot;,&quot;camera&quot;:&quot;&quot;,&quot;caption&quot;:&quot;&quot;,&quot;created_timestamp&quot;:&quot;0&quot;,&quot;copyright&quot;:&quot;&quot;,&quot;focal_length&quot;:&quot;0&quot;,&quot;iso&quot;:&quot;0&quot;,&quot;shutter_speed&quot;:&quot;0&quot;,&quot;title&quot;:&quot;&quot;,&quot;orientation&quot;:&quot;0&quot;}\" data-image-title=\"Payla\u015f\u0131m 3\" data-image-description=\"\" data-image-caption=\"\" data-large-file=\"https:\/\/sarimelekler.biz\/wp-content\/uploads\/2020\/12\/Payla\u015f\u0131m-3.jpg\" \/><\/a>\n\t\t\t<\/dt><\/dl><br style=\"clear: both\" \/>\n\t\t<\/div>\n\n<p style=\"text-align: right;\">04.12.2020<\/p>\n","protected":false},"excerpt":{"rendered":"<p>Ge\u00e7ti\u011fimiz g\u00fcnlerde s\u0131k\u0131 bir Fenerbah\u00e7e Kad\u0131n Voleybol taraftar\u0131m\u0131z olan Tu\u011fba \u2026 <a class=\"continue-reading-link\" href=\"https:\/\/sarimelekler.biz\/?p=14631\">Okumaya Devam Et.. <span class=\"meta-nav\">&rarr; <\/span><\/a><\/p>\n","protected":false},"author":1,"featured_media":14633,"comment_status":"closed","ping_status":"open","sticky":false,"template":"","format":"standard","meta":{"jetpack_post_was_ever_published":false,"_jetpack_newsletter_access":"","_jetpack_dont_email_post_to_subs":false,"_jetpack_newsletter_tier_id":0,"_jetpack_memberships_contains_paywalled_content":false,"_jetpack_memberships_contains_paid_content":false,"footnotes":"","jetpack_publicize_message":"","jetpack_publicize_feature_enabled":true,"jetpack_social_post_already_shared":true,"jetpack_social_options":{"image_generator_settings":{"template":"highway","default_image_id":0,"font":"","enabled":false},"version":2}},"categories":[7],"tags":[],"class_list":["post-14631","post","type-post","status-publish","format-standard","has-post-thumbnail","hentry","category-haberler"],"jetpack_publicize_connections":[],"jetpack_featured_media_url":"https:\/\/sarimelekler.biz\/wp-content\/uploads\/2020\/12\/Kaptan-Hediye.jpeg","jetpack_sharing_enabled":true,"jetpack_shortlink":"https:\/\/wp.me\/p8npUZ-3NZ","jetpack-related-posts":[{"id":21026,"url":"https:\/\/sarimelekler.biz\/?p=21026","url_meta":{"origin":14631,"position":0},"title":"Fenerbah\u00e7e Kad\u0131n Voleybol Tak\u0131m\u0131m\u0131z 70 ya\u015f\u0131nda!","author":"Edit\u00f6r","date":"9 Eyl\u00fcl 2024","format":false,"excerpt":"1954 y\u0131l\u0131nda kurulan ve ulusal-uluslararas\u0131 arenada tarihi ba\u015far\u0131lara imza atan Fenerbah\u00e7e Medicana Kad\u0131n Voleybol Tak\u0131m\u0131m\u0131z\u0131n 70. y\u0131l d\u00f6n\u00fcm\u00fc d\u00fczenlenen \u00f6zel geceyle kutland\u0131. Fenerbah\u00e7e Faruk Ilgaz Tesislerimizde organize edilen galaya Ba\u015fkan\u0131m\u0131z Ali Y. Ko\u00e7, T\u00fcrkiye Voleybol Federasyonu Ba\u015fkan\u0131 Mehmet Akif \u00dcst\u00fcnda\u011f, yeni ve eski Y\u00f6netim Kurulu \u00dcyelerimiz, sponsorlar\u0131m\u0131z, Fenerbah\u00e7e Medicana Voleybol\u2026","rel":"","context":"&quot;Haberler&quot; i\u00e7inde","block_context":{"text":"Haberler","link":"https:\/\/sarimelekler.biz\/?cat=7"},"img":{"alt_text":"","src":"https:\/\/i0.wp.com\/sarimelekler.biz\/wp-content\/uploads\/2024\/09\/70.-Yil-Kutlamasi-5-scaled.jpg?resize=350%2C200&ssl=1","width":350,"height":200,"srcset":"https:\/\/i0.wp.com\/sarimelekler.biz\/wp-content\/uploads\/2024\/09\/70.-Yil-Kutlamasi-5-scaled.jpg?resize=350%2C200&ssl=1 1x, https:\/\/i0.wp.com\/sarimelekler.biz\/wp-content\/uploads\/2024\/09\/70.-Yil-Kutlamasi-5-scaled.jpg?resize=525%2C300&ssl=1 1.5x, https:\/\/i0.wp.com\/sarimelekler.biz\/wp-content\/uploads\/2024\/09\/70.-Yil-Kutlamasi-5-scaled.jpg?resize=700%2C400&ssl=1 2x, https:\/\/i0.wp.com\/sarimelekler.biz\/wp-content\/uploads\/2024\/09\/70.-Yil-Kutlamasi-5-scaled.jpg?resize=1050%2C600&ssl=1 3x, https:\/\/i0.wp.com\/sarimelekler.biz\/wp-content\/uploads\/2024\/09\/70.-Yil-Kutlamasi-5-scaled.jpg?resize=1400%2C800&ssl=1 4x"},"classes":[]},{"id":22596,"url":"https:\/\/sarimelekler.biz\/?p=22596","url_meta":{"origin":14631,"position":1},"title":"SON DE\u011e\u0130L; SONSUZ B\u0130R \u0130MZA: KAPTAN EDA ERDEM \u0130K\u0130 YIL DAHA FENERBAH\u00c7EM\u0130ZDE","author":"Edit\u00f6r","date":"13 \u015eubat 2026","format":false,"excerpt":"Efsane kaptan\u0131m\u0131z Eda Erdem D\u00fcndar\u2019\u0131n S\u00f6zle\u015fmesi oyuncu olarak son kez 2 Y\u0131l daha uzat\u0131ld\u0131. S\u00f6zle\u015fme sonunda 20. sezonunu bitirecek olan Kaptan\u0131m\u0131z\u0131 tebrik eder \u00c7ok \u0130stedi\u011fi \u015eampiyonlar Ligi \u015eampiyonlu\u011fu ile Kariyerini bitirmesini dileriz. Kul\u00fcb\u00fcm\u00fcz\u00fcn \u0130nternet Sitesinden Yap\u0131lan A\u00e7\u0131klama: SON DE\u011e\u0130L; SONSUZ B\u0130R \u0130MZA: KAPTAN EDA ERDEM \u0130K\u0130 YIL DAHA FENERBAH\u00c7EM\u0130ZDE Kul\u00fcb\u00fcm\u00fcz\u2026","rel":"","context":"&quot;Transfer Haberleri&quot; i\u00e7inde","block_context":{"text":"Transfer Haberleri","link":"https:\/\/sarimelekler.biz\/?cat=23"},"img":{"alt_text":"","src":"https:\/\/i0.wp.com\/sarimelekler.biz\/wp-content\/uploads\/2026\/02\/Eda-Erdem-Son-Imza-10.jpg?resize=350%2C200&ssl=1","width":350,"height":200,"srcset":"https:\/\/i0.wp.com\/sarimelekler.biz\/wp-content\/uploads\/2026\/02\/Eda-Erdem-Son-Imza-10.jpg?resize=350%2C200&ssl=1 1x, https:\/\/i0.wp.com\/sarimelekler.biz\/wp-content\/uploads\/2026\/02\/Eda-Erdem-Son-Imza-10.jpg?resize=525%2C300&ssl=1 1.5x, https:\/\/i0.wp.com\/sarimelekler.biz\/wp-content\/uploads\/2026\/02\/Eda-Erdem-Son-Imza-10.jpg?resize=700%2C400&ssl=1 2x, https:\/\/i0.wp.com\/sarimelekler.biz\/wp-content\/uploads\/2026\/02\/Eda-Erdem-Son-Imza-10.jpg?resize=1050%2C600&ssl=1 3x, https:\/\/i0.wp.com\/sarimelekler.biz\/wp-content\/uploads\/2026\/02\/Eda-Erdem-Son-Imza-10.jpg?resize=1400%2C800&ssl=1 4x"},"classes":[]},{"id":21078,"url":"https:\/\/sarimelekler.biz\/?p=21078","url_meta":{"origin":14631,"position":2},"title":"Efsane Voleybolcumuz Eda Erdem\u2019in Ad\u0131 Ata\u015fehir\u2019de Bir Parka Verildi","author":"Edit\u00f6r","date":"30 Eyl\u00fcl 2024","format":false,"excerpt":"Elde etti\u011fi ba\u015far\u0131larla g\u00f6\u011fs\u00fcm\u00fcz\u00fc kabartan, \u00f6rnek ki\u015fili\u011fi ve duru\u015fu ile herkesin sevgisini kazanan, Fenerbah\u00e7e Medicana ve A Mill\u00ee Kad\u0131n Voleybol Tak\u0131m\u0131m\u0131z\u0131n efsane kaptan\u0131 Eda Erdem\u2019in ad\u0131 Ata\u015fehir\u2019de bir parka verildi. Atat\u00fcrk Mahallesi\u2019nde bulunan park\u0131n yenileme \u00e7al\u0131\u015fmalar\u0131n\u0131 ger\u00e7ekle\u015ftiren Ata\u015fehir Belediyesi, \u00e7al\u0131\u015fmalar\u0131n tamamlanmas\u0131n\u0131n ard\u0131ndan yeniden d\u00fczenlenen park\u0131, Kaptan Eda Erdem'in ismiyle ta\u00e7land\u0131rd\u0131.\u2026","rel":"","context":"&quot;Haberler&quot; i\u00e7inde","block_context":{"text":"Haberler","link":"https:\/\/sarimelekler.biz\/?cat=7"},"img":{"alt_text":"","src":"https:\/\/i0.wp.com\/sarimelekler.biz\/wp-content\/uploads\/2024\/09\/Eda-Erdem-Parki-4-scaled.jpg?resize=350%2C200&ssl=1","width":350,"height":200,"srcset":"https:\/\/i0.wp.com\/sarimelekler.biz\/wp-content\/uploads\/2024\/09\/Eda-Erdem-Parki-4-scaled.jpg?resize=350%2C200&ssl=1 1x, https:\/\/i0.wp.com\/sarimelekler.biz\/wp-content\/uploads\/2024\/09\/Eda-Erdem-Parki-4-scaled.jpg?resize=525%2C300&ssl=1 1.5x, https:\/\/i0.wp.com\/sarimelekler.biz\/wp-content\/uploads\/2024\/09\/Eda-Erdem-Parki-4-scaled.jpg?resize=700%2C400&ssl=1 2x, https:\/\/i0.wp.com\/sarimelekler.biz\/wp-content\/uploads\/2024\/09\/Eda-Erdem-Parki-4-scaled.jpg?resize=1050%2C600&ssl=1 3x, https:\/\/i0.wp.com\/sarimelekler.biz\/wp-content\/uploads\/2024\/09\/Eda-Erdem-Parki-4-scaled.jpg?resize=1400%2C800&ssl=1 4x"},"classes":[]},{"id":18746,"url":"https:\/\/sarimelekler.biz\/?p=18746","url_meta":{"origin":14631,"position":3},"title":"Yeni Sar\u0131 Melek Hristina Vuchkova","author":"Edit\u00f6r","date":"12 Ocak 2023","format":false,"excerpt":"Fenerbah\u00e7e Opet Kad\u0131n Voleybol Tak\u0131m\u0131m\u0131z, Bulgar orta oyuncu Hristina Vuchkova\u2019y\u0131 transfer etti\u011fini duyurdu. Yeni Oyuncumuz Hristina Vuchkova\u2019ya ba\u015far\u0131l\u0131 bir sezon dileriz. Kul\u00fcb\u00fcm\u00fcz\u00fcn Resmi Sitesinden yap\u0131lan a\u00e7\u0131klama: Fenerbah\u00e7e Opet Kad\u0131n Voleybol Tak\u0131m\u0131m\u0131z, kadrosunu Hristina Vuchkova ile g\u00fc\u00e7lendirdi. Bulgar orta oyuncu ile sezon sonuna kadar anla\u015fmaya var\u0131ld\u0131. 2022-2023 sezonunda \u00c7in\u2019in Beijing BAIC\u2026","rel":"","context":"&quot;Transfer Haberleri&quot; i\u00e7inde","block_context":{"text":"Transfer Haberleri","link":"https:\/\/sarimelekler.biz\/?cat=23"},"img":{"alt_text":"","src":"https:\/\/i0.wp.com\/sarimelekler.biz\/wp-content\/uploads\/2023\/02\/Vuchkeva.jpg?resize=350%2C200&ssl=1","width":350,"height":200,"srcset":"https:\/\/i0.wp.com\/sarimelekler.biz\/wp-content\/uploads\/2023\/02\/Vuchkeva.jpg?resize=350%2C200&ssl=1 1x, https:\/\/i0.wp.com\/sarimelekler.biz\/wp-content\/uploads\/2023\/02\/Vuchkeva.jpg?resize=525%2C300&ssl=1 1.5x, https:\/\/i0.wp.com\/sarimelekler.biz\/wp-content\/uploads\/2023\/02\/Vuchkeva.jpg?resize=700%2C400&ssl=1 2x, https:\/\/i0.wp.com\/sarimelekler.biz\/wp-content\/uploads\/2023\/02\/Vuchkeva.jpg?resize=1050%2C600&ssl=1 3x, https:\/\/i0.wp.com\/sarimelekler.biz\/wp-content\/uploads\/2023\/02\/Vuchkeva.jpg?resize=1400%2C800&ssl=1 4x"},"classes":[]},{"id":15701,"url":"https:\/\/sarimelekler.biz\/?p=15701","url_meta":{"origin":14631,"position":4},"title":"Fenerbah\u00e7e Opet Kad\u0131n Voleybol Tak\u0131m\u0131m\u0131z, \u0130kincilik \u015eiltini Ald\u0131","author":"Edit\u00f6r","date":"16 Nisan 2021","format":false,"excerpt":"Fenerbah\u00e7e Opet Kad\u0131n Voleybol Tak\u0131m\u0131m\u0131z, teknik ekip ve oyuncular\u0131m\u0131zda son bir hafta i\u00e7erisinde g\u00f6r\u00fclen Covid-19 Vakalar\u0131 sebebiyle d\u00fcn misli.com Sultanlar Ligi final serisi \u00fc\u00e7\u00fcnc\u00fc ma\u00e7\u0131na \u00e7\u0131kmama karar\u0131 almas\u0131 \u00fczerine tak\u0131m\u0131m\u0131z bug\u00fcn oynanacak ma\u00e7ta h\u00fckmen yenik say\u0131ld\u0131 ve serinin 3-0\u2019a gelmesiyle \u015eampiyon Vak\u0131fbank oldu. G\u00fcn i\u00e7erisinde \u015eampiyonluk, ikincilik ve bireysel \u00f6d\u00fcl\u2026","rel":"","context":"&quot;T\u00fcrkiye Ligi&quot; i\u00e7inde","block_context":{"text":"T\u00fcrkiye Ligi","link":"https:\/\/sarimelekler.biz\/?cat=6"},"img":{"alt_text":"","src":"https:\/\/i0.wp.com\/sarimelekler.biz\/wp-content\/uploads\/2021\/04\/36-2020-21-18.jpg?resize=350%2C200&ssl=1","width":350,"height":200,"srcset":"https:\/\/i0.wp.com\/sarimelekler.biz\/wp-content\/uploads\/2021\/04\/36-2020-21-18.jpg?resize=350%2C200&ssl=1 1x, https:\/\/i0.wp.com\/sarimelekler.biz\/wp-content\/uploads\/2021\/04\/36-2020-21-18.jpg?resize=525%2C300&ssl=1 1.5x, https:\/\/i0.wp.com\/sarimelekler.biz\/wp-content\/uploads\/2021\/04\/36-2020-21-18.jpg?resize=700%2C400&ssl=1 2x, https:\/\/i0.wp.com\/sarimelekler.biz\/wp-content\/uploads\/2021\/04\/36-2020-21-18.jpg?resize=1050%2C600&ssl=1 3x, https:\/\/i0.wp.com\/sarimelekler.biz\/wp-content\/uploads\/2021\/04\/36-2020-21-18.jpg?resize=1400%2C800&ssl=1 4x"},"classes":[]},{"id":13594,"url":"https:\/\/sarimelekler.biz\/?p=13594","url_meta":{"origin":14631,"position":5},"title":"Bianka Bu\u0161a: Fenerbah\u00e7e\u2019nin Geli\u015fimimde Rol Oynayacak En \u0130yi Kul\u00fcp Oldu\u011funu D\u00fc\u015f\u00fcnd\u00fcm","author":"Edit\u00f6r","date":"14 Temmuz 2020","format":false,"excerpt":"Fenerbah\u00e7e Opet Kad\u0131n Voleybol Tak\u0131m\u0131m\u0131z\u0131n yeni transferlerinden Bianka Bu\u0161a, Fenerbah\u00e7e Spor Kul\u00fcb\u00fcm\u00fcz resmi internet sitesine a\u00e7\u0131klamalarda bulundu. Kendisi i\u00e7in en iyi f\u0131rsat\u0131n Fenerbah\u00e7e oldu\u011funun alt\u0131n\u0131 \u00e7izen ba\u015far\u0131l\u0131 voleybolcunun a\u00e7\u0131klamalar\u0131 \u015fu \u015fekilde: Benim i\u00e7in en iyi f\u0131rsat\u0131n Fenerbah\u00e7e oldu\u011funu d\u00fc\u015f\u00fcnd\u00fcm \u201cYurt d\u0131\u015f\u0131nda oynad\u0131\u011f\u0131m bir\u00e7ok seneden sonra hayalim T\u00fcrkiye'de oynamakt\u0131. Benim i\u00e7in\u2026","rel":"","context":"&quot;Resmi Site R\u00f6portajlar\u0131&quot; i\u00e7inde","block_context":{"text":"Resmi Site R\u00f6portajlar\u0131","link":"https:\/\/sarimelekler.biz\/?cat=17"},"img":{"alt_text":"","src":"https:\/\/i0.wp.com\/sarimelekler.biz\/wp-content\/uploads\/2020\/07\/Busa-R%C3%B6portaj-3.jpg?resize=350%2C200&ssl=1","width":350,"height":200,"srcset":"https:\/\/i0.wp.com\/sarimelekler.biz\/wp-content\/uploads\/2020\/07\/Busa-R%C3%B6portaj-3.jpg?resize=350%2C200&ssl=1 1x, https:\/\/i0.wp.com\/sarimelekler.biz\/wp-content\/uploads\/2020\/07\/Busa-R%C3%B6portaj-3.jpg?resize=525%2C300&ssl=1 1.5x, https:\/\/i0.wp.com\/sarimelekler.biz\/wp-content\/uploads\/2020\/07\/Busa-R%C3%B6portaj-3.jpg?resize=700%2C400&ssl=1 2x, https:\/\/i0.wp.com\/sarimelekler.biz\/wp-content\/uploads\/2020\/07\/Busa-R%C3%B6portaj-3.jpg?resize=1050%2C600&ssl=1 3x, https:\/\/i0.wp.com\/sarimelekler.biz\/wp-content\/uploads\/2020\/07\/Busa-R%C3%B6portaj-3.jpg?resize=1400%2C800&ssl=1 4x"},"classes":[]}],"_links":{"self":[{"href":"https:\/\/sarimelekler.biz\/index.php?rest_route=\/wp\/v2\/posts\/14631","targetHints":{"allow":["GET"]}}],"collection":[{"href":"https:\/\/sarimelekler.biz\/index.php?rest_route=\/wp\/v2\/posts"}],"about":[{"href":"https:\/\/sarimelekler.biz\/index.php?rest_route=\/wp\/v2\/types\/post"}],"author":[{"embeddable":true,"href":"https:\/\/sarimelekler.biz\/index.php?rest_route=\/wp\/v2\/users\/1"}],"replies":[{"embeddable":true,"href":"https:\/\/sarimelekler.biz\/index.php?rest_route=%2Fwp%2Fv2%2Fcomments&post=14631"}],"version-history":[{"count":1,"href":"https:\/\/sarimelekler.biz\/index.php?rest_route=\/wp\/v2\/posts\/14631\/revisions"}],"predecessor-version":[{"id":14637,"href":"https:\/\/sarimelekler.biz\/index.php?rest_route=\/wp\/v2\/posts\/14631\/revisions\/14637"}],"wp:featuredmedia":[{"embeddable":true,"href":"https:\/\/sarimelekler.biz\/index.php?rest_route=\/wp\/v2\/media\/14633"}],"wp:attachment":[{"href":"https:\/\/sarimelekler.biz\/index.php?rest_route=%2Fwp%2Fv2%2Fmedia&parent=14631"}],"wp:term":[{"taxonomy":"category","embeddable":true,"href":"https:\/\/sarimelekler.biz\/index.php?rest_route=%2Fwp%2Fv2%2Fcategories&post=14631"},{"taxonomy":"post_tag","embeddable":true,"href":"https:\/\/sarimelekler.biz\/index.php?rest_route=%2Fwp%2Fv2%2Ftags&post=14631"}],"curies":[{"name":"wp","href":"https:\/\/api.w.org\/{rel}","templated":true}]}}