{"id":14784,"date":"2020-12-17T22:38:32","date_gmt":"2020-12-17T19:38:32","guid":{"rendered":"http:\/\/sarimelekler.biz\/?p=14784"},"modified":"2020-12-17T22:38:34","modified_gmt":"2020-12-17T19:38:34","slug":"2-lig-fenerbahce2-eczacibasi3","status":"publish","type":"post","link":"https:\/\/sarimelekler.biz\/?p=14784","title":{"rendered":"2. Lig: Fenerbah\u00e7e:2 &#8211; Eczac\u0131ba\u015f\u0131:3"},"content":{"rendered":"\n<p style=\"text-align: justify;\">Fenerbah\u00e7e 2. Lig Kad\u0131n Voleybol Tak\u0131m\u0131m\u0131z, 9. Hafta erteleme ma\u00e7\u0131nda kar\u015f\u0131la\u015ft\u0131\u011f\u0131 Eczac\u0131ba\u015f\u0131 tak\u0131m\u0131na 19-25, 25-23, 23-25, 25-21 ve 13-15\u2019lik set skorlar\u0131yla 3-2 ma\u011flup oldu.<\/p>\n<p style=\"text-align: justify;\">Tak\u0131m\u0131m\u0131z ligin 11 haftas\u0131nda 19 Aral\u0131k Cumartesi g\u00fcn\u00fc saat 14.00\u2019da 50. Y\u0131l Deniz Esinduy Spor Salonu\u2019nda \u00c7engelk\u00f6y tak\u0131m\u0131 ile kar\u015f\u0131la\u015facak, Ma\u00e7 Youtube \u00fczerinden yay\u0131n yapan TVF Voleybol TV\u2019den canl\u0131 yay\u0131nlanacak.<\/p>\n<p style=\"text-align: right;\">17.12.2020<\/p>\n","protected":false},"excerpt":{"rendered":"<p>Fenerbah\u00e7e 2. Lig Kad\u0131n Voleybol Tak\u0131m\u0131m\u0131z, 9. Hafta erteleme ma\u00e7\u0131nda \u2026 <a class=\"continue-reading-link\" href=\"https:\/\/sarimelekler.biz\/?p=14784\">Okumaya Devam Et.. <span class=\"meta-nav\">&rarr; <\/span><\/a><\/p>\n","protected":false},"author":1,"featured_media":14044,"comment_status":"closed","ping_status":"open","sticky":false,"template":"","format":"standard","meta":{"jetpack_post_was_ever_published":false,"_jetpack_newsletter_access":"","_jetpack_dont_email_post_to_subs":false,"_jetpack_newsletter_tier_id":0,"_jetpack_memberships_contains_paywalled_content":false,"_jetpack_memberships_contains_paid_content":false,"footnotes":"","jetpack_publicize_message":"","jetpack_publicize_feature_enabled":true,"jetpack_social_post_already_shared":true,"jetpack_social_options":{"image_generator_settings":{"template":"highway","default_image_id":0,"font":"","enabled":false},"version":2}},"categories":[26],"tags":[],"class_list":["post-14784","post","type-post","status-publish","format-standard","has-post-thumbnail","hentry","category-2-lig-takimi"],"jetpack_publicize_connections":[],"jetpack_featured_media_url":"https:\/\/sarimelekler.biz\/wp-content\/uploads\/2020\/10\/2.Lig-1-11-scaled.jpg","jetpack_sharing_enabled":true,"jetpack_shortlink":"https:\/\/wp.me\/p8npUZ-3Qs","jetpack-related-posts":[{"id":15322,"url":"https:\/\/sarimelekler.biz\/?p=15322","url_meta":{"origin":14784,"position":0},"title":"2. Lig: Eczac\u0131ba\u015f\u0131:3 &#8211; Fenerbah\u00e7e:0","author":"Edit\u00f6r","date":"20 \u015eubat 2021","format":false,"excerpt":"Fenerbah\u00e7e 2. Lig Kad\u0131n Voleybol Tak\u0131m\u0131m\u0131z, ligin 20. Hafta ma\u00e7\u0131nda kar\u015f\u0131la\u015ft\u0131\u011f\u0131 Eczac\u0131ba\u015f\u0131 tak\u0131m\u0131na 25-15, 25-15, 25-19\u2019luk set skorlar\u0131yla 3-0 ma\u011flup oldu. Tak\u0131m\u0131m\u0131z ligin 21 haftas\u0131nda 27 \u015eubat Cumartesi g\u00fcn\u00fc saat 16.00\u2019da 50. Y\u0131l Deniz Esinduy Spor Salonu\u2019nda Bah\u00e7elievler Belediye tak\u0131m\u0131 ile kar\u015f\u0131la\u015facak, Ma\u00e7 Youtube \u00fczerinden yay\u0131n yapan TVF Voleybol TV\u2019den\u2026","rel":"","context":"&quot;2. Lig Tak\u0131m\u0131&quot; i\u00e7inde","block_context":{"text":"2. Lig Tak\u0131m\u0131","link":"https:\/\/sarimelekler.biz\/?cat=26"},"img":{"alt_text":"","src":"https:\/\/i0.wp.com\/sarimelekler.biz\/wp-content\/uploads\/2020\/11\/2.lig-20-21-6-2.jpeg?resize=350%2C200&ssl=1","width":350,"height":200,"srcset":"https:\/\/i0.wp.com\/sarimelekler.biz\/wp-content\/uploads\/2020\/11\/2.lig-20-21-6-2.jpeg?resize=350%2C200&ssl=1 1x, https:\/\/i0.wp.com\/sarimelekler.biz\/wp-content\/uploads\/2020\/11\/2.lig-20-21-6-2.jpeg?resize=525%2C300&ssl=1 1.5x, https:\/\/i0.wp.com\/sarimelekler.biz\/wp-content\/uploads\/2020\/11\/2.lig-20-21-6-2.jpeg?resize=700%2C400&ssl=1 2x"},"classes":[]},{"id":14567,"url":"https:\/\/sarimelekler.biz\/?p=14567","url_meta":{"origin":14784,"position":1},"title":"2. Lig: Bizimkent:0 \u2013 Fenerbah\u00e7e:3","author":"Edit\u00f6r","date":"29 Kas\u0131m 2020","format":false,"excerpt":"Fenerbah\u00e7e 2. Lig Kad\u0131n Voleybol Tak\u0131m\u0131m\u0131z, sezonun 8. haftas\u0131nda deplasmanda kar\u015f\u0131la\u015ft\u0131\u011f\u0131 Bizimkent tak\u0131m\u0131n\u0131 19-25, 14-25 ve 21-25\u2019lik set skorlar\u0131yla 3-0 ma\u011flup etti. Tak\u0131m\u0131m\u0131z ligin dokuzuncu haftas\u0131nda 05 Aral\u0131k Cumartesi g\u00fcn\u00fc saat 18.30\u2019da Eczac\u0131ba\u015f\u0131 Vitra tak\u0131m\u0131 ile kar\u015f\u0131la\u015facak. \u00a0 Tak\u0131m\u0131m\u0131z\u0131 bu galibiyetten dolay\u0131 kutlar\u0131z. Kaynak:\u00a0Fenerbah\u00e7e SK Resmi \u0130nternet Sitesi 29.11.2020","rel":"","context":"&quot;2. Lig Tak\u0131m\u0131&quot; i\u00e7inde","block_context":{"text":"2. Lig Tak\u0131m\u0131","link":"https:\/\/sarimelekler.biz\/?cat=26"},"img":{"alt_text":"","src":"https:\/\/i0.wp.com\/sarimelekler.biz\/wp-content\/uploads\/2020\/11\/2.lig-20-21-8-2-Kapak.jpg?resize=350%2C200&ssl=1","width":350,"height":200,"srcset":"https:\/\/i0.wp.com\/sarimelekler.biz\/wp-content\/uploads\/2020\/11\/2.lig-20-21-8-2-Kapak.jpg?resize=350%2C200&ssl=1 1x, https:\/\/i0.wp.com\/sarimelekler.biz\/wp-content\/uploads\/2020\/11\/2.lig-20-21-8-2-Kapak.jpg?resize=525%2C300&ssl=1 1.5x, https:\/\/i0.wp.com\/sarimelekler.biz\/wp-content\/uploads\/2020\/11\/2.lig-20-21-8-2-Kapak.jpg?resize=700%2C400&ssl=1 2x, https:\/\/i0.wp.com\/sarimelekler.biz\/wp-content\/uploads\/2020\/11\/2.lig-20-21-8-2-Kapak.jpg?resize=1050%2C600&ssl=1 3x, https:\/\/i0.wp.com\/sarimelekler.biz\/wp-content\/uploads\/2020\/11\/2.lig-20-21-8-2-Kapak.jpg?resize=1400%2C800&ssl=1 4x"},"classes":[]},{"id":14736,"url":"https:\/\/sarimelekler.biz\/?p=14736","url_meta":{"origin":14784,"position":2},"title":"2. Lig: Bah\u00e7elievler Bld:3 \u2013 Fenerbah\u00e7e:1","author":"Edit\u00f6r","date":"13 Aral\u0131k 2020","format":false,"excerpt":"Fenerbah\u00e7e 2. Lig Kad\u0131n Voleybol Tak\u0131m\u0131m\u0131z, sezonun 10. haftas\u0131nda deplasmanda kar\u015f\u0131la\u015ft\u0131\u011f\u0131 Bah\u00e7elievler Belediye tak\u0131m\u0131na 23-25, 25-10, 25-15 ve 25-19\u2019luk set skorlar\u0131yla 3-1 ma\u011flup oldu. Tak\u0131m\u0131m\u0131z b\u00f6ylelikle ligdeki ikinci ma\u011flubiyetini al\u0131rken 3. s\u0131radaki yerini korudu. \u00a0Tak\u0131m\u0131m\u0131z\u0131n ligin dokuzuncu haftas\u0131 erteleme ma\u00e7\u0131nda 17 Aral\u0131k Per\u015fembe g\u00fcn\u00fc saat:16.00\u2019da Eczac\u0131ba\u015f\u0131 Vitra tak\u0131m\u0131 ile kar\u015f\u0131la\u015facak.\u2026","rel":"","context":"&quot;2. Lig Tak\u0131m\u0131&quot; i\u00e7inde","block_context":{"text":"2. Lig Tak\u0131m\u0131","link":"https:\/\/sarimelekler.biz\/?cat=26"},"img":{"alt_text":"","src":"https:\/\/i0.wp.com\/sarimelekler.biz\/wp-content\/uploads\/2020\/11\/2.lig-20-21-8-1.jpg?resize=350%2C200&ssl=1","width":350,"height":200,"srcset":"https:\/\/i0.wp.com\/sarimelekler.biz\/wp-content\/uploads\/2020\/11\/2.lig-20-21-8-1.jpg?resize=350%2C200&ssl=1 1x, https:\/\/i0.wp.com\/sarimelekler.biz\/wp-content\/uploads\/2020\/11\/2.lig-20-21-8-1.jpg?resize=525%2C300&ssl=1 1.5x, https:\/\/i0.wp.com\/sarimelekler.biz\/wp-content\/uploads\/2020\/11\/2.lig-20-21-8-1.jpg?resize=700%2C400&ssl=1 2x, https:\/\/i0.wp.com\/sarimelekler.biz\/wp-content\/uploads\/2020\/11\/2.lig-20-21-8-1.jpg?resize=1050%2C600&ssl=1 3x, https:\/\/i0.wp.com\/sarimelekler.biz\/wp-content\/uploads\/2020\/11\/2.lig-20-21-8-1.jpg?resize=1400%2C800&ssl=1 4x"},"classes":[]},{"id":14199,"url":"https:\/\/sarimelekler.biz\/?p=14199","url_meta":{"origin":14784,"position":3},"title":"\u0130kinci Lig Tak\u0131m\u0131m\u0131z \u0130lk Ma\u011flubiyetini Ald\u0131. \u00dcnsped Spor:3 &#8211; Fenerbah\u00e7e:1","author":"Edit\u00f6r","date":"24 Ekim 2020","format":false,"excerpt":"Fenerbah\u00e7e 2. Lig Kad\u0131n Voleybol Tak\u0131m\u0131m\u0131z, sezonun \u00fc\u00e7\u00fcnc\u00fc ma\u00e7\u0131nda deplasmanda kar\u015f\u0131la\u015ft\u0131\u011f\u0131 \u00dcnsped Spor tak\u0131m\u0131na 21-25, 25-21, 25-21 ve 25-14\u2019lik set skorlar\u0131yla 3-1 ma\u011flup olarak ligdeki ilk ma\u011flubiyetini ald\u0131. Tak\u0131m\u0131m\u0131z ligin d\u00f6rd\u00fcnc\u00fc haftas\u0131nda 31 Ekim Cumartesi g\u00fcn\u00fc K\u00fc\u00e7\u00fck\u00e7ekmece Voleybol tak\u0131m\u0131 ile kar\u015f\u0131la\u015facak. Ma\u00e7 saat:16:30\u2019da 50. Y\u0131l Deniz Esinduy Voleybol Salonu\u2019nda oynanacak\u2026","rel":"","context":"&quot;2. Lig Tak\u0131m\u0131&quot; i\u00e7inde","block_context":{"text":"2. Lig Tak\u0131m\u0131","link":"https:\/\/sarimelekler.biz\/?cat=26"},"img":{"alt_text":"","src":"https:\/\/i0.wp.com\/sarimelekler.biz\/wp-content\/uploads\/2020\/10\/2.-Lig-20-21-3-1.jpg?resize=350%2C200&ssl=1","width":350,"height":200,"srcset":"https:\/\/i0.wp.com\/sarimelekler.biz\/wp-content\/uploads\/2020\/10\/2.-Lig-20-21-3-1.jpg?resize=350%2C200&ssl=1 1x, https:\/\/i0.wp.com\/sarimelekler.biz\/wp-content\/uploads\/2020\/10\/2.-Lig-20-21-3-1.jpg?resize=525%2C300&ssl=1 1.5x, https:\/\/i0.wp.com\/sarimelekler.biz\/wp-content\/uploads\/2020\/10\/2.-Lig-20-21-3-1.jpg?resize=700%2C400&ssl=1 2x"},"classes":[]},{"id":14033,"url":"https:\/\/sarimelekler.biz\/?p=14033","url_meta":{"origin":14784,"position":4},"title":"Fenerbah\u00e7e 2. Lig Kad\u0131n Voleybol Tak\u0131m\u0131m\u0131z Sezona Galibiyetle Ba\u015flad\u0131","author":"Edit\u00f6r","date":"11 Ekim 2020","format":false,"excerpt":"Fenerbah\u00e7e 2. Lig Kad\u0131n Voleybol Tak\u0131m\u0131m\u0131z, sezonun ilk ma\u00e7\u0131nda Kartal Anadolu tak\u0131m\u0131 ile 50. Y\u0131l Deniz Esinduy Voleybol Salonu\u2019nda kar\u015f\u0131 kar\u015f\u0131ya geldi. Tak\u0131m\u0131m\u0131z, 18-25, 25-17, 23-25, 25-16, 8-15\u2019lik setler sonunda sahadan 3-2 galip ayr\u0131larak lige galibiyetle ba\u015flad\u0131. M\u00fcsabakay\u0131 Voleyboldan Sorumlu Y\u00f6netim Kurulu \u00dcyemiz Simla T\u00fcrker Bayaz\u0131t, Fenerbah\u00e7e Opet Kad\u0131n Voleybol\u2026","rel":"","context":"&quot;2. Lig Tak\u0131m\u0131&quot; i\u00e7inde","block_context":{"text":"2. Lig Tak\u0131m\u0131","link":"https:\/\/sarimelekler.biz\/?cat=26"},"img":{"alt_text":"","src":"https:\/\/i0.wp.com\/sarimelekler.biz\/wp-content\/uploads\/2020\/10\/2.Lig-1-8-scaled.jpg?resize=350%2C200&ssl=1","width":350,"height":200,"srcset":"https:\/\/i0.wp.com\/sarimelekler.biz\/wp-content\/uploads\/2020\/10\/2.Lig-1-8-scaled.jpg?resize=350%2C200&ssl=1 1x, https:\/\/i0.wp.com\/sarimelekler.biz\/wp-content\/uploads\/2020\/10\/2.Lig-1-8-scaled.jpg?resize=525%2C300&ssl=1 1.5x, https:\/\/i0.wp.com\/sarimelekler.biz\/wp-content\/uploads\/2020\/10\/2.Lig-1-8-scaled.jpg?resize=700%2C400&ssl=1 2x, https:\/\/i0.wp.com\/sarimelekler.biz\/wp-content\/uploads\/2020\/10\/2.Lig-1-8-scaled.jpg?resize=1050%2C600&ssl=1 3x, https:\/\/i0.wp.com\/sarimelekler.biz\/wp-content\/uploads\/2020\/10\/2.Lig-1-8-scaled.jpg?resize=1400%2C800&ssl=1 4x"},"classes":[]},{"id":15429,"url":"https:\/\/sarimelekler.biz\/?p=15429","url_meta":{"origin":14784,"position":5},"title":"2. Lig: \u00c7engelk\u00f6y:0 \u2013 Fenerbah\u00e7e:3","author":"Edit\u00f6r","date":"7 Mart 2021","format":false,"excerpt":"Fenerbah\u00e7e 2. Lig Kad\u0131n Voleybol Tak\u0131m\u0131m\u0131z, Kad\u0131nlar Voleybol 2. Ligi\u2019nin 22. ve son hafta ma\u00e7\u0131nda \u00c7engelk\u00f6y\u2019\u00fcn konu\u011fu oldu.\u00a0Tak\u0131m\u0131m\u0131z, 50. Y\u0131l Deniz Esinduy Voleybol Salonu\u2019nda oynanan m\u00fcsabakay\u0131 17-25, 21-25, 23-25\u2019lik setler sonucu 3-0 kazand\u0131.\u00a0Bu sonucun ard\u0131ndan Fenerbah\u00e7e 2. Lig Kad\u0131n Voleybol Tak\u0131m\u0131m\u0131z ligi 17 galibiyet ve 5 ma\u011flubiyetle 4.s\u0131rada tamamlad\u0131. Sezon\u2026","rel":"","context":"&quot;2. Lig Tak\u0131m\u0131&quot; i\u00e7inde","block_context":{"text":"2. Lig Tak\u0131m\u0131","link":"https:\/\/sarimelekler.biz\/?cat=26"},"img":{"alt_text":"","src":"https:\/\/i0.wp.com\/sarimelekler.biz\/wp-content\/uploads\/2021\/03\/2.-Lig-20-21-22.png?resize=350%2C200&ssl=1","width":350,"height":200,"srcset":"https:\/\/i0.wp.com\/sarimelekler.biz\/wp-content\/uploads\/2021\/03\/2.-Lig-20-21-22.png?resize=350%2C200&ssl=1 1x, https:\/\/i0.wp.com\/sarimelekler.biz\/wp-content\/uploads\/2021\/03\/2.-Lig-20-21-22.png?resize=525%2C300&ssl=1 1.5x, https:\/\/i0.wp.com\/sarimelekler.biz\/wp-content\/uploads\/2021\/03\/2.-Lig-20-21-22.png?resize=700%2C400&ssl=1 2x, https:\/\/i0.wp.com\/sarimelekler.biz\/wp-content\/uploads\/2021\/03\/2.-Lig-20-21-22.png?resize=1050%2C600&ssl=1 3x"},"classes":[]}],"_links":{"self":[{"href":"https:\/\/sarimelekler.biz\/index.php?rest_route=\/wp\/v2\/posts\/14784","targetHints":{"allow":["GET"]}}],"collection":[{"href":"https:\/\/sarimelekler.biz\/index.php?rest_route=\/wp\/v2\/posts"}],"about":[{"href":"https:\/\/sarimelekler.biz\/index.php?rest_route=\/wp\/v2\/types\/post"}],"author":[{"embeddable":true,"href":"https:\/\/sarimelekler.biz\/index.php?rest_route=\/wp\/v2\/users\/1"}],"replies":[{"embeddable":true,"href":"https:\/\/sarimelekler.biz\/index.php?rest_route=%2Fwp%2Fv2%2Fcomments&post=14784"}],"version-history":[{"count":2,"href":"https:\/\/sarimelekler.biz\/index.php?rest_route=\/wp\/v2\/posts\/14784\/revisions"}],"predecessor-version":[{"id":14786,"href":"https:\/\/sarimelekler.biz\/index.php?rest_route=\/wp\/v2\/posts\/14784\/revisions\/14786"}],"wp:featuredmedia":[{"embeddable":true,"href":"https:\/\/sarimelekler.biz\/index.php?rest_route=\/wp\/v2\/media\/14044"}],"wp:attachment":[{"href":"https:\/\/sarimelekler.biz\/index.php?rest_route=%2Fwp%2Fv2%2Fmedia&parent=14784"}],"wp:term":[{"taxonomy":"category","embeddable":true,"href":"https:\/\/sarimelekler.biz\/index.php?rest_route=%2Fwp%2Fv2%2Fcategories&post=14784"},{"taxonomy":"post_tag","embeddable":true,"href":"https:\/\/sarimelekler.biz\/index.php?rest_route=%2Fwp%2Fv2%2Ftags&post=14784"}],"curies":[{"name":"wp","href":"https:\/\/api.w.org\/{rel}","templated":true}]}}