{"id":14787,"date":"2020-12-19T17:59:00","date_gmt":"2020-12-19T14:59:00","guid":{"rendered":"http:\/\/sarimelekler.biz\/?p=14787"},"modified":"2020-12-20T14:00:51","modified_gmt":"2020-12-20T11:00:51","slug":"2-lig-fenerbahce3-cengelkoy0","status":"publish","type":"post","link":"https:\/\/sarimelekler.biz\/?p=14787","title":{"rendered":"2. Lig: Fenerbah\u00e7e:3 &#8211; \u00c7engelk\u00f6y:0"},"content":{"rendered":"\n<p style=\"text-align: justify;\">Fenerbah\u00e7e 2. Lig Kad\u0131n Voleybol Tak\u0131m\u0131m\u0131z, Kad\u0131nlar 2.Ligi 11.haftas\u0131nda kar\u015f\u0131la\u015ft\u0131\u011f\u0131 \u00c7engelk\u00f6y tak\u0131m\u0131n\u0131 25-19, 25-20 ve 25-18\u2019lik set skorlar\u0131yla 3-0 ma\u011flup etti.<\/p>\n<p style=\"text-align: justify;\">Tak\u0131m\u0131m\u0131z, ligin 12.haftas\u0131nda 27 Aral\u0131k Pazar g\u00fcn\u00fc saat:16.00\u2019da Kartal Anadolu tak\u0131m\u0131 ile kar\u015f\u0131la\u015facak. Ma\u00e7 50. Y\u0131l Deniz Esinduy Voleybol Salonunda oynanacak ve Youtube \u00fczerinden yay\u0131n yapan TVF Voleybol TV\u2019den canl\u0131 yay\u0131nlanacak.<\/p>\n<p style=\"text-align: justify;\">Tak\u0131m\u0131m\u0131z\u0131 bu galibiyetten dolay\u0131 kutlar\u0131z.<\/p>\n\n\t\t<style type=\"text\/css\">\n\t\t\t#gallery-1 {\n\t\t\t\tmargin: auto;\n\t\t\t}\n\t\t\t#gallery-1 .gallery-item {\n\t\t\t\tfloat: left;\n\t\t\t\tmargin-top: 10px;\n\t\t\t\ttext-align: center;\n\t\t\t\twidth: 25%;\n\t\t\t}\n\t\t\t#gallery-1 img {\n\t\t\t\tborder: 2px solid #cfcfcf;\n\t\t\t}\n\t\t\t#gallery-1 .gallery-caption {\n\t\t\t\tmargin-left: 0;\n\t\t\t}\n\t\t\t\/* see gallery_shortcode() in wp-includes\/media.php *\/\n\t\t<\/style>\n\t\t<div data-carousel-extra='{&quot;blog_id&quot;:1,&quot;permalink&quot;:&quot;https:\/\/sarimelekler.biz\/?p=14787&quot;}' id='gallery-1' class='gallery galleryid-14787 gallery-columns-4 gallery-size-thumbnail'><dl class='gallery-item'>\n\t\t\t<dt class='gallery-icon landscape'>\n\t\t\t\t<a href='https:\/\/sarimelekler.biz\/?attachment_id=14788'><img loading=\"lazy\" decoding=\"async\" width=\"150\" height=\"150\" src=\"https:\/\/sarimelekler.biz\/wp-content\/uploads\/2020\/12\/2.-lig-11-2-150x150.jpg\" class=\"attachment-thumbnail size-thumbnail\" alt=\"\" data-attachment-id=\"14788\" data-permalink=\"https:\/\/sarimelekler.biz\/?attachment_id=14788\" data-orig-file=\"https:\/\/sarimelekler.biz\/wp-content\/uploads\/2020\/12\/2.-lig-11-2.jpg\" data-orig-size=\"2300,1533\" data-comments-opened=\"0\" data-image-meta=\"{&quot;aperture&quot;:&quot;4&quot;,&quot;credit&quot;:&quot;&quot;,&quot;camera&quot;:&quot;Canon EOS-1D X&quot;,&quot;caption&quot;:&quot;&quot;,&quot;created_timestamp&quot;:&quot;1608382832&quot;,&quot;copyright&quot;:&quot;&quot;,&quot;focal_length&quot;:&quot;300&quot;,&quot;iso&quot;:&quot;2000&quot;,&quot;shutter_speed&quot;:&quot;0.0015625&quot;,&quot;title&quot;:&quot;&quot;,&quot;orientation&quot;:&quot;1&quot;}\" data-image-title=\"2. lig 11 (2)\" data-image-description=\"\" data-image-caption=\"\" data-large-file=\"https:\/\/sarimelekler.biz\/wp-content\/uploads\/2020\/12\/2.-lig-11-2-1024x683.jpg\" \/><\/a>\n\t\t\t<\/dt><\/dl><dl class='gallery-item'>\n\t\t\t<dt class='gallery-icon landscape'>\n\t\t\t\t<a href='https:\/\/sarimelekler.biz\/?attachment_id=14789'><img loading=\"lazy\" decoding=\"async\" width=\"150\" height=\"150\" src=\"https:\/\/sarimelekler.biz\/wp-content\/uploads\/2020\/12\/2.-lig-11-3-150x150.jpg\" class=\"attachment-thumbnail size-thumbnail\" alt=\"\" data-attachment-id=\"14789\" data-permalink=\"https:\/\/sarimelekler.biz\/?attachment_id=14789\" data-orig-file=\"https:\/\/sarimelekler.biz\/wp-content\/uploads\/2020\/12\/2.-lig-11-3.jpg\" data-orig-size=\"2300,1533\" data-comments-opened=\"0\" data-image-meta=\"{&quot;aperture&quot;:&quot;4&quot;,&quot;credit&quot;:&quot;&quot;,&quot;camera&quot;:&quot;Canon EOS-1D X&quot;,&quot;caption&quot;:&quot;&quot;,&quot;created_timestamp&quot;:&quot;1608382831&quot;,&quot;copyright&quot;:&quot;&quot;,&quot;focal_length&quot;:&quot;300&quot;,&quot;iso&quot;:&quot;2000&quot;,&quot;shutter_speed&quot;:&quot;0.0015625&quot;,&quot;title&quot;:&quot;&quot;,&quot;orientation&quot;:&quot;1&quot;}\" data-image-title=\"2. lig 11 (3)\" data-image-description=\"\" data-image-caption=\"\" data-large-file=\"https:\/\/sarimelekler.biz\/wp-content\/uploads\/2020\/12\/2.-lig-11-3-1024x683.jpg\" \/><\/a>\n\t\t\t<\/dt><\/dl><dl class='gallery-item'>\n\t\t\t<dt class='gallery-icon landscape'>\n\t\t\t\t<a href='https:\/\/sarimelekler.biz\/?attachment_id=14790'><img loading=\"lazy\" decoding=\"async\" width=\"150\" height=\"150\" src=\"https:\/\/sarimelekler.biz\/wp-content\/uploads\/2020\/12\/2.-lig-11-4-150x150.jpg\" class=\"attachment-thumbnail size-thumbnail\" alt=\"\" data-attachment-id=\"14790\" data-permalink=\"https:\/\/sarimelekler.biz\/?attachment_id=14790\" data-orig-file=\"https:\/\/sarimelekler.biz\/wp-content\/uploads\/2020\/12\/2.-lig-11-4.jpg\" data-orig-size=\"2300,1533\" data-comments-opened=\"0\" data-image-meta=\"{&quot;aperture&quot;:&quot;4&quot;,&quot;credit&quot;:&quot;&quot;,&quot;camera&quot;:&quot;Canon EOS-1D X&quot;,&quot;caption&quot;:&quot;&quot;,&quot;created_timestamp&quot;:&quot;1608382928&quot;,&quot;copyright&quot;:&quot;&quot;,&quot;focal_length&quot;:&quot;300&quot;,&quot;iso&quot;:&quot;2000&quot;,&quot;shutter_speed&quot;:&quot;0.0015625&quot;,&quot;title&quot;:&quot;&quot;,&quot;orientation&quot;:&quot;1&quot;}\" data-image-title=\"2. lig 11 (4)\" data-image-description=\"\" data-image-caption=\"\" data-large-file=\"https:\/\/sarimelekler.biz\/wp-content\/uploads\/2020\/12\/2.-lig-11-4-1024x683.jpg\" \/><\/a>\n\t\t\t<\/dt><\/dl><dl class='gallery-item'>\n\t\t\t<dt class='gallery-icon landscape'>\n\t\t\t\t<a href='https:\/\/sarimelekler.biz\/?attachment_id=14791'><img loading=\"lazy\" decoding=\"async\" width=\"150\" height=\"150\" src=\"https:\/\/sarimelekler.biz\/wp-content\/uploads\/2020\/12\/2.-lig-11-5-150x150.jpg\" class=\"attachment-thumbnail size-thumbnail\" alt=\"\" data-attachment-id=\"14791\" data-permalink=\"https:\/\/sarimelekler.biz\/?attachment_id=14791\" data-orig-file=\"https:\/\/sarimelekler.biz\/wp-content\/uploads\/2020\/12\/2.-lig-11-5.jpg\" data-orig-size=\"2300,1533\" data-comments-opened=\"0\" data-image-meta=\"{&quot;aperture&quot;:&quot;4&quot;,&quot;credit&quot;:&quot;&quot;,&quot;camera&quot;:&quot;Canon EOS-1D X&quot;,&quot;caption&quot;:&quot;&quot;,&quot;created_timestamp&quot;:&quot;1608382807&quot;,&quot;copyright&quot;:&quot;&quot;,&quot;focal_length&quot;:&quot;300&quot;,&quot;iso&quot;:&quot;2000&quot;,&quot;shutter_speed&quot;:&quot;0.0015625&quot;,&quot;title&quot;:&quot;&quot;,&quot;orientation&quot;:&quot;1&quot;}\" data-image-title=\"2. lig 11 (5)\" data-image-description=\"\" data-image-caption=\"\" data-large-file=\"https:\/\/sarimelekler.biz\/wp-content\/uploads\/2020\/12\/2.-lig-11-5-1024x683.jpg\" \/><\/a>\n\t\t\t<\/dt><\/dl><br style=\"clear: both\" \/><dl class='gallery-item'>\n\t\t\t<dt class='gallery-icon landscape'>\n\t\t\t\t<a href='https:\/\/sarimelekler.biz\/?attachment_id=14792'><img loading=\"lazy\" decoding=\"async\" width=\"150\" height=\"150\" src=\"https:\/\/sarimelekler.biz\/wp-content\/uploads\/2020\/12\/2.-lig-11-6-150x150.jpg\" class=\"attachment-thumbnail size-thumbnail\" alt=\"\" data-attachment-id=\"14792\" data-permalink=\"https:\/\/sarimelekler.biz\/?attachment_id=14792\" data-orig-file=\"https:\/\/sarimelekler.biz\/wp-content\/uploads\/2020\/12\/2.-lig-11-6.jpg\" data-orig-size=\"2300,1533\" data-comments-opened=\"0\" data-image-meta=\"{&quot;aperture&quot;:&quot;4&quot;,&quot;credit&quot;:&quot;&quot;,&quot;camera&quot;:&quot;Canon EOS-1D X&quot;,&quot;caption&quot;:&quot;&quot;,&quot;created_timestamp&quot;:&quot;1608383323&quot;,&quot;copyright&quot;:&quot;&quot;,&quot;focal_length&quot;:&quot;300&quot;,&quot;iso&quot;:&quot;2000&quot;,&quot;shutter_speed&quot;:&quot;0.0015625&quot;,&quot;title&quot;:&quot;&quot;,&quot;orientation&quot;:&quot;1&quot;}\" data-image-title=\"2. lig 11 (6)\" data-image-description=\"\" data-image-caption=\"\" data-large-file=\"https:\/\/sarimelekler.biz\/wp-content\/uploads\/2020\/12\/2.-lig-11-6-1024x683.jpg\" \/><\/a>\n\t\t\t<\/dt><\/dl><dl class='gallery-item'>\n\t\t\t<dt class='gallery-icon landscape'>\n\t\t\t\t<a href='https:\/\/sarimelekler.biz\/?attachment_id=14793'><img loading=\"lazy\" decoding=\"async\" width=\"150\" height=\"150\" src=\"https:\/\/sarimelekler.biz\/wp-content\/uploads\/2020\/12\/2.-lig-11-7-150x150.jpg\" class=\"attachment-thumbnail size-thumbnail\" alt=\"\" data-attachment-id=\"14793\" data-permalink=\"https:\/\/sarimelekler.biz\/?attachment_id=14793\" data-orig-file=\"https:\/\/sarimelekler.biz\/wp-content\/uploads\/2020\/12\/2.-lig-11-7.jpg\" data-orig-size=\"2300,1533\" data-comments-opened=\"0\" data-image-meta=\"{&quot;aperture&quot;:&quot;4&quot;,&quot;credit&quot;:&quot;&quot;,&quot;camera&quot;:&quot;Canon EOS-1D X&quot;,&quot;caption&quot;:&quot;&quot;,&quot;created_timestamp&quot;:&quot;1608383034&quot;,&quot;copyright&quot;:&quot;&quot;,&quot;focal_length&quot;:&quot;300&quot;,&quot;iso&quot;:&quot;2000&quot;,&quot;shutter_speed&quot;:&quot;0.0015625&quot;,&quot;title&quot;:&quot;&quot;,&quot;orientation&quot;:&quot;1&quot;}\" data-image-title=\"2. lig 11 (7)\" data-image-description=\"\" data-image-caption=\"\" data-large-file=\"https:\/\/sarimelekler.biz\/wp-content\/uploads\/2020\/12\/2.-lig-11-7-1024x683.jpg\" \/><\/a>\n\t\t\t<\/dt><\/dl><dl class='gallery-item'>\n\t\t\t<dt class='gallery-icon landscape'>\n\t\t\t\t<a href='https:\/\/sarimelekler.biz\/?attachment_id=14794'><img loading=\"lazy\" decoding=\"async\" width=\"150\" height=\"150\" src=\"https:\/\/sarimelekler.biz\/wp-content\/uploads\/2020\/12\/2.-lig-11-1-150x150.jpg\" class=\"attachment-thumbnail size-thumbnail\" alt=\"\" data-attachment-id=\"14794\" data-permalink=\"https:\/\/sarimelekler.biz\/?attachment_id=14794\" data-orig-file=\"https:\/\/sarimelekler.biz\/wp-content\/uploads\/2020\/12\/2.-lig-11-1.jpg\" data-orig-size=\"2300,1533\" data-comments-opened=\"0\" data-image-meta=\"{&quot;aperture&quot;:&quot;4&quot;,&quot;credit&quot;:&quot;&quot;,&quot;camera&quot;:&quot;Canon EOS-1D X&quot;,&quot;caption&quot;:&quot;&quot;,&quot;created_timestamp&quot;:&quot;1608383321&quot;,&quot;copyright&quot;:&quot;&quot;,&quot;focal_length&quot;:&quot;300&quot;,&quot;iso&quot;:&quot;2000&quot;,&quot;shutter_speed&quot;:&quot;0.0015625&quot;,&quot;title&quot;:&quot;&quot;,&quot;orientation&quot;:&quot;1&quot;}\" data-image-title=\"2. lig 11 (1)\" data-image-description=\"\" data-image-caption=\"\" data-large-file=\"https:\/\/sarimelekler.biz\/wp-content\/uploads\/2020\/12\/2.-lig-11-1-1024x683.jpg\" \/><\/a>\n\t\t\t<\/dt><\/dl>\n\t\t\t<br style='clear: both' \/>\n\t\t<\/div>\n\n<p>Foto\u011fraf Kaynak:\u00a0<a href=\"https:\/\/www.fenerbahce.org\/haberler\/voleybol-altyapi\/2020\/12\/fenerbahce-3-0-cengelkoy-(2-lig-kadinlar)\" target=\"_blank\" rel=\"noopener noreferrer\">Fenerbah\u00e7e SK Resmi \u0130nternet Sitesi<\/a><\/p>\n<p style=\"text-align: right;\">19.12.2020<\/p>\n","protected":false},"excerpt":{"rendered":"<p>Fenerbah\u00e7e 2. Lig Kad\u0131n Voleybol Tak\u0131m\u0131m\u0131z, Kad\u0131nlar 2.Ligi 11.haftas\u0131nda kar\u015f\u0131la\u015ft\u0131\u011f\u0131 \u2026 <a class=\"continue-reading-link\" href=\"https:\/\/sarimelekler.biz\/?p=14787\">Okumaya Devam Et.. <span class=\"meta-nav\">&rarr; <\/span><\/a><\/p>\n","protected":false},"author":1,"featured_media":14791,"comment_status":"closed","ping_status":"open","sticky":false,"template":"","format":"standard","meta":{"jetpack_post_was_ever_published":false,"_jetpack_newsletter_access":"","_jetpack_dont_email_post_to_subs":false,"_jetpack_newsletter_tier_id":0,"_jetpack_memberships_contains_paywalled_content":false,"_jetpack_memberships_contains_paid_content":false,"footnotes":"","jetpack_publicize_message":"","jetpack_publicize_feature_enabled":true,"jetpack_social_post_already_shared":true,"jetpack_social_options":{"image_generator_settings":{"template":"highway","default_image_id":0,"font":"","enabled":false},"version":2}},"categories":[26],"tags":[],"class_list":["post-14787","post","type-post","status-publish","format-standard","has-post-thumbnail","hentry","category-2-lig-takimi"],"jetpack_publicize_connections":[],"jetpack_featured_media_url":"https:\/\/sarimelekler.biz\/wp-content\/uploads\/2020\/12\/2.-lig-11-5.jpg","jetpack_sharing_enabled":true,"jetpack_shortlink":"https:\/\/wp.me\/p8npUZ-3Qv","jetpack-related-posts":[{"id":14784,"url":"https:\/\/sarimelekler.biz\/?p=14784","url_meta":{"origin":14787,"position":0},"title":"2. Lig: Fenerbah\u00e7e:2 &#8211; Eczac\u0131ba\u015f\u0131:3","author":"Edit\u00f6r","date":"17 Aral\u0131k 2020","format":false,"excerpt":"Fenerbah\u00e7e 2. Lig Kad\u0131n Voleybol Tak\u0131m\u0131m\u0131z, 9. Hafta erteleme ma\u00e7\u0131nda kar\u015f\u0131la\u015ft\u0131\u011f\u0131 Eczac\u0131ba\u015f\u0131 tak\u0131m\u0131na 19-25, 25-23, 23-25, 25-21 ve 13-15\u2019lik set skorlar\u0131yla 3-2 ma\u011flup oldu. Tak\u0131m\u0131m\u0131z ligin 11 haftas\u0131nda 19 Aral\u0131k Cumartesi g\u00fcn\u00fc saat 14.00\u2019da 50. Y\u0131l Deniz Esinduy Spor Salonu\u2019nda \u00c7engelk\u00f6y tak\u0131m\u0131 ile kar\u015f\u0131la\u015facak, Ma\u00e7 Youtube \u00fczerinden yay\u0131n yapan TVF\u2026","rel":"","context":"&quot;2. Lig Tak\u0131m\u0131&quot; i\u00e7inde","block_context":{"text":"2. Lig Tak\u0131m\u0131","link":"https:\/\/sarimelekler.biz\/?cat=26"},"img":{"alt_text":"","src":"https:\/\/i0.wp.com\/sarimelekler.biz\/wp-content\/uploads\/2020\/10\/2.Lig-1-11-scaled.jpg?resize=350%2C200&ssl=1","width":350,"height":200,"srcset":"https:\/\/i0.wp.com\/sarimelekler.biz\/wp-content\/uploads\/2020\/10\/2.Lig-1-11-scaled.jpg?resize=350%2C200&ssl=1 1x, https:\/\/i0.wp.com\/sarimelekler.biz\/wp-content\/uploads\/2020\/10\/2.Lig-1-11-scaled.jpg?resize=525%2C300&ssl=1 1.5x, https:\/\/i0.wp.com\/sarimelekler.biz\/wp-content\/uploads\/2020\/10\/2.Lig-1-11-scaled.jpg?resize=700%2C400&ssl=1 2x, https:\/\/i0.wp.com\/sarimelekler.biz\/wp-content\/uploads\/2020\/10\/2.Lig-1-11-scaled.jpg?resize=1050%2C600&ssl=1 3x, https:\/\/i0.wp.com\/sarimelekler.biz\/wp-content\/uploads\/2020\/10\/2.Lig-1-11-scaled.jpg?resize=1400%2C800&ssl=1 4x"},"classes":[]},{"id":15429,"url":"https:\/\/sarimelekler.biz\/?p=15429","url_meta":{"origin":14787,"position":1},"title":"2. Lig: \u00c7engelk\u00f6y:0 \u2013 Fenerbah\u00e7e:3","author":"Edit\u00f6r","date":"7 Mart 2021","format":false,"excerpt":"Fenerbah\u00e7e 2. Lig Kad\u0131n Voleybol Tak\u0131m\u0131m\u0131z, Kad\u0131nlar Voleybol 2. Ligi\u2019nin 22. ve son hafta ma\u00e7\u0131nda \u00c7engelk\u00f6y\u2019\u00fcn konu\u011fu oldu.\u00a0Tak\u0131m\u0131m\u0131z, 50. Y\u0131l Deniz Esinduy Voleybol Salonu\u2019nda oynanan m\u00fcsabakay\u0131 17-25, 21-25, 23-25\u2019lik setler sonucu 3-0 kazand\u0131.\u00a0Bu sonucun ard\u0131ndan Fenerbah\u00e7e 2. Lig Kad\u0131n Voleybol Tak\u0131m\u0131m\u0131z ligi 17 galibiyet ve 5 ma\u011flubiyetle 4.s\u0131rada tamamlad\u0131. Sezon\u2026","rel":"","context":"&quot;2. Lig Tak\u0131m\u0131&quot; i\u00e7inde","block_context":{"text":"2. Lig Tak\u0131m\u0131","link":"https:\/\/sarimelekler.biz\/?cat=26"},"img":{"alt_text":"","src":"https:\/\/i0.wp.com\/sarimelekler.biz\/wp-content\/uploads\/2021\/03\/2.-Lig-20-21-22.png?resize=350%2C200&ssl=1","width":350,"height":200,"srcset":"https:\/\/i0.wp.com\/sarimelekler.biz\/wp-content\/uploads\/2021\/03\/2.-Lig-20-21-22.png?resize=350%2C200&ssl=1 1x, https:\/\/i0.wp.com\/sarimelekler.biz\/wp-content\/uploads\/2021\/03\/2.-Lig-20-21-22.png?resize=525%2C300&ssl=1 1.5x, https:\/\/i0.wp.com\/sarimelekler.biz\/wp-content\/uploads\/2021\/03\/2.-Lig-20-21-22.png?resize=700%2C400&ssl=1 2x, https:\/\/i0.wp.com\/sarimelekler.biz\/wp-content\/uploads\/2021\/03\/2.-Lig-20-21-22.png?resize=1050%2C600&ssl=1 3x"},"classes":[]},{"id":14862,"url":"https:\/\/sarimelekler.biz\/?p=14862","url_meta":{"origin":14787,"position":2},"title":"2. Lig: Fenerbah\u00e7e:3 \u2013 Kartal Anadolu:0","author":"Edit\u00f6r","date":"27 Aral\u0131k 2020","format":false,"excerpt":"Fenerbah\u00e7e 2. Lig Kad\u0131n Voleybol Tak\u0131m\u0131m\u0131z, Kad\u0131nlar 2.Ligi 12.haftas\u0131nda kar\u015f\u0131la\u015ft\u0131\u011f\u0131 Kartal Anadolu tak\u0131m\u0131n\u0131 25-15, 25-18 ve 25-18\u2019lik set skorlar\u0131yla 3-0 ma\u011flup etti. Tak\u0131m\u0131m\u0131z, ligin 13.haftas\u0131nda 05 Ocak Sal\u0131 g\u00fcn\u00fc saat:16.00\u2019da Fenerbah\u00e7e Koleji tak\u0131m\u0131 ile kar\u015f\u0131la\u015facak. Ma\u00e7 50. Y\u0131l Deniz Esinduy Voleybol Salonunda oynanacak ve Youtube \u00fczerinden yay\u0131n yapan TVF Voleybol\u2026","rel":"","context":"&quot;2. Lig Tak\u0131m\u0131&quot; i\u00e7inde","block_context":{"text":"2. Lig Tak\u0131m\u0131","link":"https:\/\/sarimelekler.biz\/?cat=26"},"img":{"alt_text":"","src":"https:\/\/i0.wp.com\/sarimelekler.biz\/wp-content\/uploads\/2020\/12\/2.lig-20-21-12.jpg?resize=350%2C200&ssl=1","width":350,"height":200,"srcset":"https:\/\/i0.wp.com\/sarimelekler.biz\/wp-content\/uploads\/2020\/12\/2.lig-20-21-12.jpg?resize=350%2C200&ssl=1 1x, https:\/\/i0.wp.com\/sarimelekler.biz\/wp-content\/uploads\/2020\/12\/2.lig-20-21-12.jpg?resize=525%2C300&ssl=1 1.5x, https:\/\/i0.wp.com\/sarimelekler.biz\/wp-content\/uploads\/2020\/12\/2.lig-20-21-12.jpg?resize=700%2C400&ssl=1 2x, https:\/\/i0.wp.com\/sarimelekler.biz\/wp-content\/uploads\/2020\/12\/2.lig-20-21-12.jpg?resize=1050%2C600&ssl=1 3x, https:\/\/i0.wp.com\/sarimelekler.biz\/wp-content\/uploads\/2020\/12\/2.lig-20-21-12.jpg?resize=1400%2C800&ssl=1 4x"},"classes":[]},{"id":14247,"url":"https:\/\/sarimelekler.biz\/?p=14247","url_meta":{"origin":14787,"position":3},"title":"2. Lig Fenerbah\u00e7e:3 &#8211; K\u00fc\u00e7\u00fck\u00e7ekmece Voleybol:2","author":"Edit\u00f6r","date":"31 Ekim 2020","format":false,"excerpt":"Fenerbah\u00e7e 2. Lig Kad\u0131n Voleybol Tak\u0131m\u0131m\u0131z, sezonun d\u00f6rd\u00fcnc\u00fc haftas\u0131nda kar\u015f\u0131la\u015ft\u0131\u011f\u0131 K\u00fc\u00e7\u00fck\u00e7ekmece Voleybol tak\u0131m\u0131n\u0131 21-25, 27-25, 19-25, 25-20, 15-8\u2019lik set skorlar\u0131yla 3-2 ma\u011flup etti. Tak\u0131m\u0131m\u0131z ligin be\u015finci haftas\u0131nda 9 Kas\u0131m Pazartesi g\u00fcn\u00fc Tunal\u0131 Spor tak\u0131m\u0131 ile kar\u015f\u0131la\u015facak. Ma\u00e7 saat:20:00\u2019da 50. Y\u0131l Deniz Esinduy Voleybol Salonu\u2019nda oynanacak ve Tvf Voleybol Tv\u2019den canl\u0131\u2026","rel":"","context":"&quot;2. Lig Tak\u0131m\u0131&quot; i\u00e7inde","block_context":{"text":"2. Lig Tak\u0131m\u0131","link":"https:\/\/sarimelekler.biz\/?cat=26"},"img":{"alt_text":"","src":"https:\/\/i0.wp.com\/sarimelekler.biz\/wp-content\/uploads\/2020\/10\/2.-Lig-20-21-4-2.jpg?resize=350%2C200&ssl=1","width":350,"height":200,"srcset":"https:\/\/i0.wp.com\/sarimelekler.biz\/wp-content\/uploads\/2020\/10\/2.-Lig-20-21-4-2.jpg?resize=350%2C200&ssl=1 1x, https:\/\/i0.wp.com\/sarimelekler.biz\/wp-content\/uploads\/2020\/10\/2.-Lig-20-21-4-2.jpg?resize=525%2C300&ssl=1 1.5x, https:\/\/i0.wp.com\/sarimelekler.biz\/wp-content\/uploads\/2020\/10\/2.-Lig-20-21-4-2.jpg?resize=700%2C400&ssl=1 2x, https:\/\/i0.wp.com\/sarimelekler.biz\/wp-content\/uploads\/2020\/10\/2.-Lig-20-21-4-2.jpg?resize=1050%2C600&ssl=1 3x, https:\/\/i0.wp.com\/sarimelekler.biz\/wp-content\/uploads\/2020\/10\/2.-Lig-20-21-4-2.jpg?resize=1400%2C800&ssl=1 4x"},"classes":[]},{"id":14199,"url":"https:\/\/sarimelekler.biz\/?p=14199","url_meta":{"origin":14787,"position":4},"title":"\u0130kinci Lig Tak\u0131m\u0131m\u0131z \u0130lk Ma\u011flubiyetini Ald\u0131. \u00dcnsped Spor:3 &#8211; Fenerbah\u00e7e:1","author":"Edit\u00f6r","date":"24 Ekim 2020","format":false,"excerpt":"Fenerbah\u00e7e 2. Lig Kad\u0131n Voleybol Tak\u0131m\u0131m\u0131z, sezonun \u00fc\u00e7\u00fcnc\u00fc ma\u00e7\u0131nda deplasmanda kar\u015f\u0131la\u015ft\u0131\u011f\u0131 \u00dcnsped Spor tak\u0131m\u0131na 21-25, 25-21, 25-21 ve 25-14\u2019lik set skorlar\u0131yla 3-1 ma\u011flup olarak ligdeki ilk ma\u011flubiyetini ald\u0131. Tak\u0131m\u0131m\u0131z ligin d\u00f6rd\u00fcnc\u00fc haftas\u0131nda 31 Ekim Cumartesi g\u00fcn\u00fc K\u00fc\u00e7\u00fck\u00e7ekmece Voleybol tak\u0131m\u0131 ile kar\u015f\u0131la\u015facak. Ma\u00e7 saat:16:30\u2019da 50. Y\u0131l Deniz Esinduy Voleybol Salonu\u2019nda oynanacak\u2026","rel":"","context":"&quot;2. Lig Tak\u0131m\u0131&quot; i\u00e7inde","block_context":{"text":"2. Lig Tak\u0131m\u0131","link":"https:\/\/sarimelekler.biz\/?cat=26"},"img":{"alt_text":"","src":"https:\/\/i0.wp.com\/sarimelekler.biz\/wp-content\/uploads\/2020\/10\/2.-Lig-20-21-3-1.jpg?resize=350%2C200&ssl=1","width":350,"height":200,"srcset":"https:\/\/i0.wp.com\/sarimelekler.biz\/wp-content\/uploads\/2020\/10\/2.-Lig-20-21-3-1.jpg?resize=350%2C200&ssl=1 1x, https:\/\/i0.wp.com\/sarimelekler.biz\/wp-content\/uploads\/2020\/10\/2.-Lig-20-21-3-1.jpg?resize=525%2C300&ssl=1 1.5x, https:\/\/i0.wp.com\/sarimelekler.biz\/wp-content\/uploads\/2020\/10\/2.-Lig-20-21-3-1.jpg?resize=700%2C400&ssl=1 2x"},"classes":[]},{"id":15222,"url":"https:\/\/sarimelekler.biz\/?p=15222","url_meta":{"origin":14787,"position":5},"title":"2.Lig: K\u00fc\u00e7\u00fckyal\u0131 Yelken Spor:1 \u2013 Fenerbah\u00e7e:3","author":"Edit\u00f6r","date":"7 \u015eubat 2021","format":false,"excerpt":"Fenerbah\u00e7e 2. Lig Kad\u0131n Voleybol Tak\u0131m\u0131m\u0131z, Kad\u0131nlar Voleybol 2. Ligi 18. haftas\u0131nda konuk oldu\u011fu K\u00fc\u00e7\u00fckyal\u0131 Yelken Spor\u2019u 3-1 ma\u011flup etti. Tak\u0131m\u0131m\u0131z b\u00f6ylelikle 18. ma\u00e7ta 15. galibiyetini alarak d\u00f6rd\u00fcnc\u00fcl\u00fckteki yerini korudu.\u00a050. Y\u0131l Deniz Esinduy Voleybol Salonu\u2019nda oynanan m\u00fcsabakan\u0131n setleri 12-25, 18-25, 25-20 ve 20-25 tamamland\u0131.2. Lig Kad\u0131n Voleybol Tak\u0131m\u0131m\u0131z, ligin 19.\u2026","rel":"","context":"&quot;2. Lig Tak\u0131m\u0131&quot; i\u00e7inde","block_context":{"text":"2. Lig Tak\u0131m\u0131","link":"https:\/\/sarimelekler.biz\/?cat=26"},"img":{"alt_text":"","src":"https:\/\/i0.wp.com\/sarimelekler.biz\/wp-content\/uploads\/2021\/02\/2.lig-20-21-18-4.jpg?resize=350%2C200&ssl=1","width":350,"height":200,"srcset":"https:\/\/i0.wp.com\/sarimelekler.biz\/wp-content\/uploads\/2021\/02\/2.lig-20-21-18-4.jpg?resize=350%2C200&ssl=1 1x, https:\/\/i0.wp.com\/sarimelekler.biz\/wp-content\/uploads\/2021\/02\/2.lig-20-21-18-4.jpg?resize=525%2C300&ssl=1 1.5x, https:\/\/i0.wp.com\/sarimelekler.biz\/wp-content\/uploads\/2021\/02\/2.lig-20-21-18-4.jpg?resize=700%2C400&ssl=1 2x, https:\/\/i0.wp.com\/sarimelekler.biz\/wp-content\/uploads\/2021\/02\/2.lig-20-21-18-4.jpg?resize=1050%2C600&ssl=1 3x, https:\/\/i0.wp.com\/sarimelekler.biz\/wp-content\/uploads\/2021\/02\/2.lig-20-21-18-4.jpg?resize=1400%2C800&ssl=1 4x"},"classes":[]}],"_links":{"self":[{"href":"https:\/\/sarimelekler.biz\/index.php?rest_route=\/wp\/v2\/posts\/14787","targetHints":{"allow":["GET"]}}],"collection":[{"href":"https:\/\/sarimelekler.biz\/index.php?rest_route=\/wp\/v2\/posts"}],"about":[{"href":"https:\/\/sarimelekler.biz\/index.php?rest_route=\/wp\/v2\/types\/post"}],"author":[{"embeddable":true,"href":"https:\/\/sarimelekler.biz\/index.php?rest_route=\/wp\/v2\/users\/1"}],"replies":[{"embeddable":true,"href":"https:\/\/sarimelekler.biz\/index.php?rest_route=%2Fwp%2Fv2%2Fcomments&post=14787"}],"version-history":[{"count":1,"href":"https:\/\/sarimelekler.biz\/index.php?rest_route=\/wp\/v2\/posts\/14787\/revisions"}],"predecessor-version":[{"id":14795,"href":"https:\/\/sarimelekler.biz\/index.php?rest_route=\/wp\/v2\/posts\/14787\/revisions\/14795"}],"wp:featuredmedia":[{"embeddable":true,"href":"https:\/\/sarimelekler.biz\/index.php?rest_route=\/wp\/v2\/media\/14791"}],"wp:attachment":[{"href":"https:\/\/sarimelekler.biz\/index.php?rest_route=%2Fwp%2Fv2%2Fmedia&parent=14787"}],"wp:term":[{"taxonomy":"category","embeddable":true,"href":"https:\/\/sarimelekler.biz\/index.php?rest_route=%2Fwp%2Fv2%2Fcategories&post=14787"},{"taxonomy":"post_tag","embeddable":true,"href":"https:\/\/sarimelekler.biz\/index.php?rest_route=%2Fwp%2Fv2%2Ftags&post=14787"}],"curies":[{"name":"wp","href":"https:\/\/api.w.org\/{rel}","templated":true}]}}