{"id":15097,"date":"2021-01-23T22:17:56","date_gmt":"2021-01-23T19:17:56","guid":{"rendered":"http:\/\/sarimelekler.biz\/?p=15097"},"modified":"2021-01-23T22:17:57","modified_gmt":"2021-01-23T19:17:57","slug":"kelsey-robinson-fenerbahce-benim-evim-fenerbahce-ailesi-benim-yuvam","status":"publish","type":"post","link":"https:\/\/sarimelekler.biz\/?p=15097","title":{"rendered":"Kelsey Robinson: \u201cFenerbah\u00e7e Benim Evim, Fenerbah\u00e7e Ailesi Benim Yuvam\u201d"},"content":{"rendered":"\n<p style=\"text-align: justify;\">Sar\u0131 lacivertli formay\u0131 yeniden giyen Amerikal\u0131 sma\u00e7\u00f6r Kelsey Robinson, \u00e7ok mutlu oldu\u011funu belirterek, \u201cFenerbah\u00e7e benim evim, Fenerbah\u00e7e Ailesi benim yuvam\u201d dedi.<\/p>\n<p style=\"text-align: justify;\">Galatasaray HDI Sigorta &#8211; Fenerbah\u00e7e Opet ma\u00e7\u0131n\u0131n ard\u0131ndan yay\u0131nc\u0131 kurulu\u015fa a\u00e7\u0131klamalarda bulunan oyuncumuz Kelsey Robinson, \u201cTehir ma\u00e7lar\u0131ndan dolay\u0131 da birka\u00e7 ma\u00e7ta g\u00f6rev alamam\u0131\u015ft\u0131m. \u0130lk oynad\u0131\u011f\u0131m ma\u00e7\u0131nda b\u00f6yle bir derbi olmas\u0131 daha da fazla mutluluk verici. \u00c7ok heyecanland\u0131m. Fiziksel a\u00e7\u0131dan kendimi harika hissediyorum. \u00d6zellikle antrenmanlarda \u00e7ok s\u0131k\u0131 \u00e7al\u0131\u015f\u0131yoruz. Bireysel de \u00e7al\u0131\u015fmalar\u0131m\u0131 yap\u0131yorum. Burada oldu\u011fum i\u00e7in \u00e7ok mutluyum. Fenerbah\u00e7e benim evim, Fenerbah\u00e7e Ailesi benim yuvam. Taraftarlar s\u00fcrekli destek veriyorlar. Elimden geleni yapaca\u011f\u0131m.\u201d Dedi<\/p>\n<p>\u00a0Kaynak:\u00a0<a href=\"https:\/\/www.fenerbahce.org\/haberler\/voleybol-kadin\/2021\/1\/kelsey-robinson-fenerbahce-benim-evim\" target=\"_blank\" rel=\"noopener noreferrer\">Fenerbah\u00e7e SK Resmi \u0130nternet Sitesi<\/a><\/p>\n<p style=\"text-align: right;\">23.01.2021<\/p>\n","protected":false},"excerpt":{"rendered":"<p>Sar\u0131 lacivertli formay\u0131 yeniden giyen Amerikal\u0131 sma\u00e7\u00f6r Kelsey Robinson, \u00e7ok \u2026 <a class=\"continue-reading-link\" href=\"https:\/\/sarimelekler.biz\/?p=15097\">Okumaya Devam Et.. <span class=\"meta-nav\">&rarr; <\/span><\/a><\/p>\n","protected":false},"author":1,"featured_media":15071,"comment_status":"closed","ping_status":"open","sticky":false,"template":"","format":"standard","meta":{"jetpack_post_was_ever_published":false,"_jetpack_newsletter_access":"","_jetpack_dont_email_post_to_subs":false,"_jetpack_newsletter_tier_id":0,"_jetpack_memberships_contains_paywalled_content":false,"_jetpack_memberships_contains_paid_content":false,"footnotes":"","jetpack_publicize_message":"","jetpack_publicize_feature_enabled":true,"jetpack_social_post_already_shared":true,"jetpack_social_options":{"image_generator_settings":{"template":"highway","default_image_id":0,"font":"","enabled":false},"version":2}},"categories":[7],"tags":[],"class_list":["post-15097","post","type-post","status-publish","format-standard","has-post-thumbnail","hentry","category-haberler"],"jetpack_publicize_connections":[],"jetpack_featured_media_url":"https:\/\/sarimelekler.biz\/wp-content\/uploads\/2021\/01\/25-20-21-44.jpg","jetpack_sharing_enabled":true,"jetpack_shortlink":"https:\/\/wp.me\/p8npUZ-3Vv","jetpack-related-posts":[{"id":11365,"url":"https:\/\/sarimelekler.biz\/?p=11365","url_meta":{"origin":15097,"position":0},"title":"Naz Aydemir Akyol: Taraftarlar\u0131m\u0131z\u0131n g\u00fcc\u00fcn\u00fc arkamda hissederek oynamak i\u00e7in sab\u0131rs\u0131zlan\u0131yorum","author":"Edit\u00f6r","date":"17 Haziran 2019","format":false,"excerpt":"Kad\u0131n Voleybol Tak\u0131m\u0131m\u0131z Fenerbah\u00e7e Opet\u2019in yeni transferi Naz Aydemir Akyol, transferine ili\u015fkin duygular\u0131n\u0131 kul\u00fcb\u00fcm\u00fcz\u00fcn resmi sitesine payla\u015ft\u0131. Sar\u0131 lacivert renklerle tekrar kupalar kazanmak i\u00e7in elinden geleni yapaca\u011f\u0131n\u0131 ifade eden Naz, \u201cGe\u00e7ti\u011fimiz Eyl\u00fcl-Ekim aylar\u0131nda Simla T\u00fcrker Bayaz\u0131t ve Abdullah Pa\u015fao\u011flu ile g\u00f6r\u00fc\u015fm\u00fc\u015ft\u00fck. Ocak ay\u0131 gibi tekrar kontrat imzalad\u0131k. Benim i\u00e7in yabanc\u0131\u2026","rel":"","context":"&quot;Resmi Site R\u00f6portajlar\u0131&quot; i\u00e7inde","block_context":{"text":"Resmi Site R\u00f6portajlar\u0131","link":"https:\/\/sarimelekler.biz\/?cat=17"},"img":{"alt_text":"","src":"https:\/\/i0.wp.com\/sarimelekler.biz\/wp-content\/uploads\/2019\/06\/Naz-R%C3%B6portaj-Kapak-2.jpg?resize=350%2C200&ssl=1","width":350,"height":200,"srcset":"https:\/\/i0.wp.com\/sarimelekler.biz\/wp-content\/uploads\/2019\/06\/Naz-R%C3%B6portaj-Kapak-2.jpg?resize=350%2C200&ssl=1 1x, https:\/\/i0.wp.com\/sarimelekler.biz\/wp-content\/uploads\/2019\/06\/Naz-R%C3%B6portaj-Kapak-2.jpg?resize=525%2C300&ssl=1 1.5x, https:\/\/i0.wp.com\/sarimelekler.biz\/wp-content\/uploads\/2019\/06\/Naz-R%C3%B6portaj-Kapak-2.jpg?resize=700%2C400&ssl=1 2x, https:\/\/i0.wp.com\/sarimelekler.biz\/wp-content\/uploads\/2019\/06\/Naz-R%C3%B6portaj-Kapak-2.jpg?resize=1050%2C600&ssl=1 3x, https:\/\/i0.wp.com\/sarimelekler.biz\/wp-content\/uploads\/2019\/06\/Naz-R%C3%B6portaj-Kapak-2.jpg?resize=1400%2C800&ssl=1 4x"},"classes":[]},{"id":13539,"url":"https:\/\/sarimelekler.biz\/?p=13539","url_meta":{"origin":15097,"position":1},"title":"Cansu \u00c7etin \u00c7ubuklu Formay\u0131 Giydi ve A\u00e7\u0131klamalarda Bulundu","author":"Edit\u00f6r","date":"11 Haziran 2020","format":false,"excerpt":"Fenerbah\u00e7e Opet Kad\u0131n Voleybol Tak\u0131m\u0131m\u0131z\u0131n kadrosuna katt\u0131\u011f\u0131 ba\u015far\u0131l\u0131 sma\u00e7\u00f6r Cansu \u00c7etin, Fenerbah\u00e7e Spor Kul\u00fcb\u00fcm\u00fcz Resmi \u0130nternet Sitesine a\u00e7\u0131klamalarda bulundu. Sar\u0131 lacivertli formay\u0131 giymenin \u00e7ocukluk hayali oldu\u011funu a\u00e7\u0131klayan ba\u015far\u0131l\u0131 voleybolcu, \u00f6zel bir sezonun kendisini bekledi\u011fini ifade etti. Fenerbah\u00e7e'yi her zaman kalbimin derinliklerinde hissettim \"\u00d6ncelikle b\u00f6yle b\u00fcy\u00fck bir camian\u0131n par\u00e7as\u0131 oldu\u011fum i\u00e7in\u2026","rel":"","context":"&quot;Resmi Site R\u00f6portajlar\u0131&quot; i\u00e7inde","block_context":{"text":"Resmi Site R\u00f6portajlar\u0131","link":"https:\/\/sarimelekler.biz\/?cat=17"},"img":{"alt_text":"","src":"https:\/\/i0.wp.com\/sarimelekler.biz\/wp-content\/uploads\/2020\/06\/Cansu-%C3%87etin-8-scaled.jpg?resize=350%2C200&ssl=1","width":350,"height":200,"srcset":"https:\/\/i0.wp.com\/sarimelekler.biz\/wp-content\/uploads\/2020\/06\/Cansu-%C3%87etin-8-scaled.jpg?resize=350%2C200&ssl=1 1x, https:\/\/i0.wp.com\/sarimelekler.biz\/wp-content\/uploads\/2020\/06\/Cansu-%C3%87etin-8-scaled.jpg?resize=525%2C300&ssl=1 1.5x, https:\/\/i0.wp.com\/sarimelekler.biz\/wp-content\/uploads\/2020\/06\/Cansu-%C3%87etin-8-scaled.jpg?resize=700%2C400&ssl=1 2x, https:\/\/i0.wp.com\/sarimelekler.biz\/wp-content\/uploads\/2020\/06\/Cansu-%C3%87etin-8-scaled.jpg?resize=1050%2C600&ssl=1 3x, https:\/\/i0.wp.com\/sarimelekler.biz\/wp-content\/uploads\/2020\/06\/Cansu-%C3%87etin-8-scaled.jpg?resize=1400%2C800&ssl=1 4x"},"classes":[]},{"id":16005,"url":"https:\/\/sarimelekler.biz\/?p=16005","url_meta":{"origin":15097,"position":2},"title":"Gizem \u00d6rge: Fenerbah\u00e7e\u2019de Olmak \u00c7ok Heyecan Verici","author":"Edit\u00f6r","date":"19 A\u011fustos 2021","format":false,"excerpt":"Fenerbah\u00e7e Opet Kad\u0131n Voleybol Tak\u0131m\u0131m\u0131z\u0131n yeni transferlerinden Gizem \u00d6rge, Fenerbah\u00e7e Spor Kul\u00fcb\u00fcm\u00fcz resmi internet sitesine a\u00e7\u0131klamalarda bulundu. R\u00f6portaj\u0131n Tamam\u0131: Yeni sezon haz\u0131rl\u0131klar\u0131 kapsam\u0131nda Fenerbah\u00e7e Serkan Acar Resort & Sports Topuk Yaylas\u0131 Tesislerimizde kampa giren Fenerbah\u00e7e Opet Kad\u0131n Voleybol Tak\u0131m\u0131m\u0131zda yeni transferimiz ba\u015far\u0131l\u0131 libero Gizem \u00d6rge, resmi internet sitemize a\u00e7\u0131klamalarda bulundu.\u2026","rel":"","context":"&quot;Resmi Site R\u00f6portajlar\u0131&quot; i\u00e7inde","block_context":{"text":"Resmi Site R\u00f6portajlar\u0131","link":"https:\/\/sarimelekler.biz\/?cat=17"},"img":{"alt_text":"","src":"https:\/\/i0.wp.com\/sarimelekler.biz\/wp-content\/uploads\/2021\/08\/Gizem-Orge.jpeg?resize=350%2C200&ssl=1","width":350,"height":200,"srcset":"https:\/\/i0.wp.com\/sarimelekler.biz\/wp-content\/uploads\/2021\/08\/Gizem-Orge.jpeg?resize=350%2C200&ssl=1 1x, https:\/\/i0.wp.com\/sarimelekler.biz\/wp-content\/uploads\/2021\/08\/Gizem-Orge.jpeg?resize=525%2C300&ssl=1 1.5x, https:\/\/i0.wp.com\/sarimelekler.biz\/wp-content\/uploads\/2021\/08\/Gizem-Orge.jpeg?resize=700%2C400&ssl=1 2x, https:\/\/i0.wp.com\/sarimelekler.biz\/wp-content\/uploads\/2021\/08\/Gizem-Orge.jpeg?resize=1050%2C600&ssl=1 3x, https:\/\/i0.wp.com\/sarimelekler.biz\/wp-content\/uploads\/2021\/08\/Gizem-Orge.jpeg?resize=1400%2C800&ssl=1 4x"},"classes":[]},{"id":15319,"url":"https:\/\/sarimelekler.biz\/?p=15319","url_meta":{"origin":15097,"position":3},"title":"Gen\u00e7 Oyuncular\u0131m\u0131z Lila ve \u0130par Ma\u00e7 Sonu A\u00e7\u0131klamalarda Bulundular","author":"Edit\u00f6r","date":"20 \u015eubat 2021","format":false,"excerpt":"\u0130par \u00d6zay Kurt: G\u00fczel Bir Oyun Ortaya Koyduk Kad\u0131n Voleybol Tak\u0131m\u0131m\u0131z Fenerbah\u00e7e Opet\u2019in, ligin 29.haftas\u0131nda Beylikd\u00fcz\u00fc Voleybol \u0130htisas\u2019\u0131 3-0 ma\u011flup etti\u011fi kar\u015f\u0131la\u015fman\u0131n ard\u0131ndan tak\u0131m\u0131n gen\u00e7 isimlerinden \u0130par \u00d6zay Kurt, Fenerbah\u00e7e TV\u2019ye konu\u015ftu. S\u00f6zlerine galibiyeti de\u011ferlendirerek ba\u015flayan gen\u00e7 sma\u00e7\u00f6r, \u201cMa\u00e7la ilgili \u015funu s\u00f6yleyebilirim; \u00e7ok g\u00fczel bir oyun ortaya koydu\u011fumuzu d\u00fc\u015f\u00fcn\u00fcyorum. Tak\u0131m\u2026","rel":"","context":"&quot;T\u00fcrkiye Ligi&quot; i\u00e7inde","block_context":{"text":"T\u00fcrkiye Ligi","link":"https:\/\/sarimelekler.biz\/?cat=6"},"img":{"alt_text":"","src":"https:\/\/i0.wp.com\/sarimelekler.biz\/wp-content\/uploads\/2021\/02\/Lila-%C4%B0par.jpg?resize=350%2C200&ssl=1","width":350,"height":200,"srcset":"https:\/\/i0.wp.com\/sarimelekler.biz\/wp-content\/uploads\/2021\/02\/Lila-%C4%B0par.jpg?resize=350%2C200&ssl=1 1x, https:\/\/i0.wp.com\/sarimelekler.biz\/wp-content\/uploads\/2021\/02\/Lila-%C4%B0par.jpg?resize=525%2C300&ssl=1 1.5x, https:\/\/i0.wp.com\/sarimelekler.biz\/wp-content\/uploads\/2021\/02\/Lila-%C4%B0par.jpg?resize=700%2C400&ssl=1 2x, https:\/\/i0.wp.com\/sarimelekler.biz\/wp-content\/uploads\/2021\/02\/Lila-%C4%B0par.jpg?resize=1050%2C600&ssl=1 3x, https:\/\/i0.wp.com\/sarimelekler.biz\/wp-content\/uploads\/2021\/02\/Lila-%C4%B0par.jpg?resize=1400%2C800&ssl=1 4x"},"classes":[]},{"id":13594,"url":"https:\/\/sarimelekler.biz\/?p=13594","url_meta":{"origin":15097,"position":4},"title":"Bianka Bu\u0161a: Fenerbah\u00e7e\u2019nin Geli\u015fimimde Rol Oynayacak En \u0130yi Kul\u00fcp Oldu\u011funu D\u00fc\u015f\u00fcnd\u00fcm","author":"Edit\u00f6r","date":"14 Temmuz 2020","format":false,"excerpt":"Fenerbah\u00e7e Opet Kad\u0131n Voleybol Tak\u0131m\u0131m\u0131z\u0131n yeni transferlerinden Bianka Bu\u0161a, Fenerbah\u00e7e Spor Kul\u00fcb\u00fcm\u00fcz resmi internet sitesine a\u00e7\u0131klamalarda bulundu. Kendisi i\u00e7in en iyi f\u0131rsat\u0131n Fenerbah\u00e7e oldu\u011funun alt\u0131n\u0131 \u00e7izen ba\u015far\u0131l\u0131 voleybolcunun a\u00e7\u0131klamalar\u0131 \u015fu \u015fekilde: Benim i\u00e7in en iyi f\u0131rsat\u0131n Fenerbah\u00e7e oldu\u011funu d\u00fc\u015f\u00fcnd\u00fcm \u201cYurt d\u0131\u015f\u0131nda oynad\u0131\u011f\u0131m bir\u00e7ok seneden sonra hayalim T\u00fcrkiye'de oynamakt\u0131. Benim i\u00e7in\u2026","rel":"","context":"&quot;Resmi Site R\u00f6portajlar\u0131&quot; i\u00e7inde","block_context":{"text":"Resmi Site R\u00f6portajlar\u0131","link":"https:\/\/sarimelekler.biz\/?cat=17"},"img":{"alt_text":"","src":"https:\/\/i0.wp.com\/sarimelekler.biz\/wp-content\/uploads\/2020\/07\/Busa-R%C3%B6portaj-3.jpg?resize=350%2C200&ssl=1","width":350,"height":200,"srcset":"https:\/\/i0.wp.com\/sarimelekler.biz\/wp-content\/uploads\/2020\/07\/Busa-R%C3%B6portaj-3.jpg?resize=350%2C200&ssl=1 1x, https:\/\/i0.wp.com\/sarimelekler.biz\/wp-content\/uploads\/2020\/07\/Busa-R%C3%B6portaj-3.jpg?resize=525%2C300&ssl=1 1.5x, https:\/\/i0.wp.com\/sarimelekler.biz\/wp-content\/uploads\/2020\/07\/Busa-R%C3%B6portaj-3.jpg?resize=700%2C400&ssl=1 2x, https:\/\/i0.wp.com\/sarimelekler.biz\/wp-content\/uploads\/2020\/07\/Busa-R%C3%B6portaj-3.jpg?resize=1050%2C600&ssl=1 3x, https:\/\/i0.wp.com\/sarimelekler.biz\/wp-content\/uploads\/2020\/07\/Busa-R%C3%B6portaj-3.jpg?resize=1400%2C800&ssl=1 4x"},"classes":[]},{"id":4167,"url":"https:\/\/sarimelekler.biz\/?p=4167","url_meta":{"origin":15097,"position":5},"title":"Jan de Brant: &#8220;Fenerbah\u00e7e\u2019ye d\u00f6nd\u00fc\u011f\u00fcm i\u00e7in \u00e7ok mutluyum&#8221;","author":"Edit\u00f6r","date":"15 A\u011fustos 2017","format":false,"excerpt":"Fenerbah\u00e7e Kad\u0131n Voleybol Tak\u0131m\u0131m\u0131z\u0131n yeni antren\u00f6r\u00fc Bel\u00e7ikal\u0131 Jan de Brant, yeni sezon \u00f6ncesi ilk g\u00f6r\u00fc\u015flerini Fenerbah\u00e7e Spor Kul\u00fcb\u00fcm\u00fcz Resmi \u0130nternet Sitesinde payla\u015ft\u0131. Uzun bir aradan sonra Fenerbah\u00e7e\u2019de oldu\u011fu i\u00e7in mutlu oldu\u011funu belirten Jan de Brant, Fenerbah\u00e7e\u2019ye transferinin kendisi i\u00e7in bir eve d\u00f6n\u00fc\u015f oldu\u011funu s\u00f6yledi. Kendilerini zor bir sezonun bekledi\u011fini de\u2026","rel":"","context":"&quot;Haberler&quot; i\u00e7inde","block_context":{"text":"Haberler","link":"https:\/\/sarimelekler.biz\/?cat=7"},"img":{"alt_text":"","src":"https:\/\/i0.wp.com\/sarimelekler.biz\/wp-content\/uploads\/2017\/08\/janbasin3_56961_8185207.jpg?resize=350%2C200&ssl=1","width":350,"height":200,"srcset":"https:\/\/i0.wp.com\/sarimelekler.biz\/wp-content\/uploads\/2017\/08\/janbasin3_56961_8185207.jpg?resize=350%2C200&ssl=1 1x, https:\/\/i0.wp.com\/sarimelekler.biz\/wp-content\/uploads\/2017\/08\/janbasin3_56961_8185207.jpg?resize=525%2C300&ssl=1 1.5x, https:\/\/i0.wp.com\/sarimelekler.biz\/wp-content\/uploads\/2017\/08\/janbasin3_56961_8185207.jpg?resize=700%2C400&ssl=1 2x, https:\/\/i0.wp.com\/sarimelekler.biz\/wp-content\/uploads\/2017\/08\/janbasin3_56961_8185207.jpg?resize=1050%2C600&ssl=1 3x, https:\/\/i0.wp.com\/sarimelekler.biz\/wp-content\/uploads\/2017\/08\/janbasin3_56961_8185207.jpg?resize=1400%2C800&ssl=1 4x"},"classes":[]}],"_links":{"self":[{"href":"https:\/\/sarimelekler.biz\/index.php?rest_route=\/wp\/v2\/posts\/15097","targetHints":{"allow":["GET"]}}],"collection":[{"href":"https:\/\/sarimelekler.biz\/index.php?rest_route=\/wp\/v2\/posts"}],"about":[{"href":"https:\/\/sarimelekler.biz\/index.php?rest_route=\/wp\/v2\/types\/post"}],"author":[{"embeddable":true,"href":"https:\/\/sarimelekler.biz\/index.php?rest_route=\/wp\/v2\/users\/1"}],"replies":[{"embeddable":true,"href":"https:\/\/sarimelekler.biz\/index.php?rest_route=%2Fwp%2Fv2%2Fcomments&post=15097"}],"version-history":[{"count":2,"href":"https:\/\/sarimelekler.biz\/index.php?rest_route=\/wp\/v2\/posts\/15097\/revisions"}],"predecessor-version":[{"id":15099,"href":"https:\/\/sarimelekler.biz\/index.php?rest_route=\/wp\/v2\/posts\/15097\/revisions\/15099"}],"wp:featuredmedia":[{"embeddable":true,"href":"https:\/\/sarimelekler.biz\/index.php?rest_route=\/wp\/v2\/media\/15071"}],"wp:attachment":[{"href":"https:\/\/sarimelekler.biz\/index.php?rest_route=%2Fwp%2Fv2%2Fmedia&parent=15097"}],"wp:term":[{"taxonomy":"category","embeddable":true,"href":"https:\/\/sarimelekler.biz\/index.php?rest_route=%2Fwp%2Fv2%2Fcategories&post=15097"},{"taxonomy":"post_tag","embeddable":true,"href":"https:\/\/sarimelekler.biz\/index.php?rest_route=%2Fwp%2Fv2%2Ftags&post=15097"}],"curies":[{"name":"wp","href":"https:\/\/api.w.org\/{rel}","templated":true}]}}