{"id":15100,"date":"2021-01-23T22:31:49","date_gmt":"2021-01-23T19:31:49","guid":{"rendered":"http:\/\/sarimelekler.biz\/?p=15100"},"modified":"2021-01-23T22:31:51","modified_gmt":"2021-01-23T19:31:51","slug":"eda-erdem-dundar-bu-maca-cok-motiveydik","status":"publish","type":"post","link":"https:\/\/sarimelekler.biz\/?p=15100","title":{"rendered":"Eda Erdem D\u00fcndar: Bu Ma\u00e7a \u00c7ok Motiveydik"},"content":{"rendered":"\n<p style=\"text-align: justify;\">Misli.com Sultanlar Ligi 25. hafta ma\u00e7\u0131nda Galatasaray HDI Sigorta\u2019y\u0131 3-0\u2019la ge\u00e7en Fenerbah\u00e7e Opet Kad\u0131n Voleybol Tak\u0131m\u0131m\u0131zda kaptan Eda Erdem D\u00fcndar, galibiyeti de\u011ferlendirdi.<\/p>\n<p style=\"text-align: justify;\">Ma\u00e7\u0131n ard\u0131ndan yay\u0131nc\u0131 kurulu\u015fa konu\u015fan kaptan Eda Erdem D\u00fcndar, \u201cSetlere geride ba\u015flad\u0131k ama derbi ma\u00e7lar\u0131n\u0131n havas\u0131 \u00e7ok farkl\u0131 oluyor. Biz bu ma\u00e7a \u00e7ok motiveydik. Ma\u00e7 \u00f6ncesinde de g\u00fczel haz\u0131rlanm\u0131\u015ft\u0131k. Man\u015fetlerde de Kelsey\u2019i kullanmam\u0131z\u0131n defansta \u00e7ok yard\u0131m\u0131 oldu. Sahada olan herkes elinden gelenin en iyisini yapmaya \u00e7al\u0131\u015ft\u0131. Galatasaray\u2019\u0131 da tebrik ederim, \u00e7ok iyi bir tak\u0131m kurdular. 3-0 kazand\u0131\u011f\u0131m\u0131z i\u00e7in mutluyuz. Ligin sonlar\u0131na do\u011fru geliyoruz. \u00d6n\u00fcm\u00fczdeki hafta da ciddi bir d\u00f6nemece girece\u011fiz. O y\u00fczden net skorlarla gitmemiz bizim i\u00e7in \u00e7ok \u00f6nemliydi. T\u00fcm tak\u0131m arkada\u015flar\u0131m\u0131 tebrik ediyorum. Ekranlar\u0131 ba\u015f\u0131nda izleyen herkese te\u015fekk\u00fcr ederim. Bunun yan\u0131nda \u00f6ncelikle Ba\u015fkan\u0131m\u0131z Ali Ko\u00e7\u2019a ve Y\u00f6netim Kurulu \u00dcyelerimize \u00e7ok te\u015fekk\u00fcr ediyorum bizleri bu ma\u00e7ta yaln\u0131z b\u0131rakmad\u0131klar\u0131 i\u00e7in.\u201d dedi.<\/p>\n<p style=\"text-align: justify;\">Sakatl\u0131k s\u00fcrecine ili\u015fkin de konu\u015fan Eda Erdem D\u00fcndar,\u00a0 \u201cSakatl\u0131\u011f\u0131mdan dolay\u0131 9 g\u00fcn ara vermek zorunda kald\u0131m. Benim i\u00e7in biraz zorlu birka\u00e7 g\u00fcn oldu ama \u015fimdi geri d\u00f6nd\u00fcm ve sahada zorlanmad\u0131m desem yalan olur. Zaman zaman \u00f6zellikle de rallilerde nefes nefese kald\u0131\u011f\u0131m anlar oldu ama elimden geldi\u011fince tak\u0131ma katk\u0131 sa\u011flamaya \u00e7al\u0131\u015ft\u0131m. Umar\u0131m bundan sonra da hi\u00e7 kimse sakatlanmaz ve sezonu g\u00fczel bir \u015fekilde devam ettirebiliriz.\u201d ifadelerini kulland\u0131.<\/p>\n<p style=\"text-align: justify;\">Tak\u0131m\u0131m\u0131z\u0131n, \u00f6zellikle de bloklarda rakibine kurdu\u011fu \u00fcst\u00fcnl\u00fc\u011f\u00fc de\u011ferlendiren Kaptan, \u201cTaktiksel anlamda \u00e7ok iyi \u00e7al\u0131\u015ft\u0131k. Rakibin h\u00fccum oyuncular\u0131 topu hangi a\u00e7\u0131da, nereye vuruyor bunlar\u0131 bilerek oyuna \u00e7\u0131kt\u0131k. Ma\u00e7ta dikkat ederseniz blok say\u0131s\u0131ndan ziyade \u00e7ok fazla top sekti, defanstan \u00e7\u0131kt\u0131, bize d\u00f6nd\u00fc. Biz zaten blok g\u00fcc\u00fc y\u00fcksek bir tak\u0131m\u0131z. Bu tarz ma\u00e7larda da bunu g\u00f6stermeye \u00e7al\u0131\u015f\u0131yoruz. Bug\u00fcn bloklar\u0131m\u0131z i\u015fe yarad\u0131. Ben de buna yard\u0131mc\u0131 olabildiysem ne mutlu bana. Geriye d\u00fc\u015ft\u00fc\u011f\u00fcm\u00fcz d\u00f6nemlerde bloklarla aray\u0131 kapatmak ve \u00f6ne ge\u00e7mek tabii ki de bizleri motive ediyor. \u00c7\u00fcnk\u00fc blok say\u0131s\u0131 kolay kazan\u0131lan bir \u015fey de\u011fil. Tak\u0131m arkada\u015flar\u0131m\u0131 da kutluyorum; Branki olsun, Busa olsun, onlar da g\u00fczel i\u015fler yapt\u0131lar. \u0130yi gidiyoruz,\u00a0 umar\u0131m bu blok say\u0131lar\u0131m\u0131z\u0131 devam ettirebiliriz.\u201d diyerek s\u00f6zlerini noktalad\u0131.<\/p>\n<p>Kaynak:\u00a0<a href=\"https:\/\/www.fenerbahce.org\/haberler\/voleybol-kadin\/2021\/1\/eda-erdem-dundar-bu-maca-cok-motiveydik\" target=\"_blank\" rel=\"noopener noreferrer\">Fenerbah\u00e7e SK Resmi \u0130nternet Sitesi<\/a><\/p>\n<p style=\"text-align: right;\">23.01.2021<\/p>\n<p>\u00a0<\/p>\n","protected":false},"excerpt":{"rendered":"<p>Misli.com Sultanlar Ligi 25. hafta ma\u00e7\u0131nda Galatasaray HDI Sigorta\u2019y\u0131 3-0\u2019la \u2026 <a class=\"continue-reading-link\" href=\"https:\/\/sarimelekler.biz\/?p=15100\">Okumaya Devam Et.. <span class=\"meta-nav\">&rarr; <\/span><\/a><\/p>\n","protected":false},"author":1,"featured_media":15061,"comment_status":"closed","ping_status":"open","sticky":false,"template":"","format":"standard","meta":{"jetpack_post_was_ever_published":false,"_jetpack_newsletter_access":"","_jetpack_dont_email_post_to_subs":false,"_jetpack_newsletter_tier_id":0,"_jetpack_memberships_contains_paywalled_content":false,"_jetpack_memberships_contains_paid_content":false,"footnotes":"","jetpack_publicize_message":"","jetpack_publicize_feature_enabled":true,"jetpack_social_post_already_shared":true,"jetpack_social_options":{"image_generator_settings":{"template":"highway","default_image_id":0,"font":"","enabled":false},"version":2}},"categories":[7],"tags":[],"class_list":["post-15100","post","type-post","status-publish","format-standard","has-post-thumbnail","hentry","category-haberler"],"jetpack_publicize_connections":[],"jetpack_featured_media_url":"https:\/\/sarimelekler.biz\/wp-content\/uploads\/2021\/01\/25-20-21-34.jpg","jetpack_sharing_enabled":true,"jetpack_shortlink":"https:\/\/wp.me\/p8npUZ-3Vy","jetpack-related-posts":[{"id":9599,"url":"https:\/\/sarimelekler.biz\/?p=9599","url_meta":{"origin":15100,"position":0},"title":"Halkbank Ma\u00e7\u0131 Sonras\u0131 R\u00f6portajlar","author":"Edit\u00f6r","date":"24 Aral\u0131k 2018","format":false,"excerpt":"Kaptan\u0131m\u0131z Eda ve Ba\u015fantren\u00f6r\u00fcm\u00fcz Terzic bug\u00fcn oynanan Halkbank ma\u00e7\u0131 sonras\u0131 kul\u00fcb\u00fcm\u00fcz\u00fcn televizyon kanal\u0131na yapt\u0131\u011f\u0131 a\u00e7\u0131klamalar kul\u00fcb\u00fcm\u00fcz\u00fcn resmi internet sitesine yay\u0131nland\u0131. Eda Erdem D\u00fcndar: Keyif veren bir voleybol oynad\u0131k Fenerbah\u00e7e Opet Kad\u0131n Voleybol Tak\u0131m\u0131m\u0131z\u0131n kaptan\u0131 Eda Erdem D\u00fcndar, Halkbank kar\u015f\u0131s\u0131nda iyi servis att\u0131klar\u0131n\u0131 ve iyi savunma yapt\u0131klar\u0131n\u0131 s\u00f6yledi. Keyif veren bir\u2026","rel":"","context":"&quot;T\u00fcrkiye Ligi&quot; i\u00e7inde","block_context":{"text":"T\u00fcrkiye Ligi","link":"https:\/\/sarimelekler.biz\/?cat=6"},"img":{"alt_text":"","src":"https:\/\/i0.wp.com\/sarimelekler.biz\/wp-content\/uploads\/2018\/12\/Eda-11-18-19.jpg?resize=350%2C200&ssl=1","width":350,"height":200,"srcset":"https:\/\/i0.wp.com\/sarimelekler.biz\/wp-content\/uploads\/2018\/12\/Eda-11-18-19.jpg?resize=350%2C200&ssl=1 1x, https:\/\/i0.wp.com\/sarimelekler.biz\/wp-content\/uploads\/2018\/12\/Eda-11-18-19.jpg?resize=525%2C300&ssl=1 1.5x, https:\/\/i0.wp.com\/sarimelekler.biz\/wp-content\/uploads\/2018\/12\/Eda-11-18-19.jpg?resize=700%2C400&ssl=1 2x, https:\/\/i0.wp.com\/sarimelekler.biz\/wp-content\/uploads\/2018\/12\/Eda-11-18-19.jpg?resize=1050%2C600&ssl=1 3x"},"classes":[]},{"id":17629,"url":"https:\/\/sarimelekler.biz\/?p=17629","url_meta":{"origin":15100,"position":1},"title":"Kaptan\u0131m\u0131z Eda Erdem D\u00fcndar\u2019a B\u00fcy\u00fck Onur","author":"Edit\u00f6r","date":"30 Mart 2022","format":false,"excerpt":"Fenerbah\u00e7e Opet Kad\u0131n Voleybol Tak\u0131m\u0131m\u0131z\u0131n ve A Milli Kad\u0131n Voleybol Tak\u0131m\u0131m\u0131z\u0131n kaptan\u0131 Eda Erdem D\u00fcndar, T\u00fcrkiye Milli Olimpiyat Komitesi (TMOK) taraf\u0131ndan \u00f6nemli bir g\u00f6reve lay\u0131k g\u00f6r\u00fcld\u00fc. Fenerbah\u00e7e ve milli tak\u0131m formas\u0131yla \u00e7ok say\u0131da \u00f6nemli ba\u015far\u0131ya imza atan kaptan Eda Erdem D\u00fcndar TMOK Sporcu Komisyonu Ba\u015fkanl\u0131\u011f\u0131na se\u00e7ildi. Eda Erdem, ayn\u0131 zamanda\u2026","rel":"","context":"&quot;Haberler&quot; i\u00e7inde","block_context":{"text":"Haberler","link":"https:\/\/sarimelekler.biz\/?cat=7"},"img":{"alt_text":"","src":"https:\/\/i0.wp.com\/sarimelekler.biz\/wp-content\/uploads\/2019\/09\/Eda-CLw-14.jpg?resize=350%2C200&ssl=1","width":350,"height":200,"srcset":"https:\/\/i0.wp.com\/sarimelekler.biz\/wp-content\/uploads\/2019\/09\/Eda-CLw-14.jpg?resize=350%2C200&ssl=1 1x, https:\/\/i0.wp.com\/sarimelekler.biz\/wp-content\/uploads\/2019\/09\/Eda-CLw-14.jpg?resize=525%2C300&ssl=1 1.5x, https:\/\/i0.wp.com\/sarimelekler.biz\/wp-content\/uploads\/2019\/09\/Eda-CLw-14.jpg?resize=700%2C400&ssl=1 2x, https:\/\/i0.wp.com\/sarimelekler.biz\/wp-content\/uploads\/2019\/09\/Eda-CLw-14.jpg?resize=1050%2C600&ssl=1 3x, https:\/\/i0.wp.com\/sarimelekler.biz\/wp-content\/uploads\/2019\/09\/Eda-CLw-14.jpg?resize=1400%2C800&ssl=1 4x"},"classes":[]},{"id":7259,"url":"https:\/\/sarimelekler.biz\/?p=7259","url_meta":{"origin":15100,"position":2},"title":"Kaptan\u0131m\u0131z Eda ve Ba\u015fantren\u00f6r\u00fcm\u00fcz Terzic&#8217;in Ma\u00e7 Sonu R\u00f6portaj\u0131","author":"Edit\u00f6r","date":"2 Kas\u0131m 2018","format":false,"excerpt":"Eda Erdem D\u00fcndar: Sezona g\u00fczel ba\u015flad\u0131k Fenerbah\u00e7e Kad\u0131n Voleybol Tak\u0131m\u0131m\u0131z\u0131n kaptan\u0131 Eda Erdem D\u00fcndar, 3-0\u2019l\u0131k Be\u015fikta\u015f galibiyetini yay\u0131nc\u0131 kurulu\u015fa de\u011ferlendirdi. Oynad\u0131klar\u0131 oyundan keyif ald\u0131klar\u0131n\u0131 s\u00f6yleyen kaptan Eda, \u201cSezona derbiyle ba\u015flad\u0131k. 3-0, g\u00fczel sonu\u00e7. Daha da iyi oynayabilirdik. Be\u015fikta\u015f\u2019\u0131 da tebrik ediyorum. \u0130yi m\u00fccadele ettiler. Setler aras\u0131nda d\u00fc\u015f\u00fc\u015flerimiz oldu. Genelde iyi\u2026","rel":"","context":"&quot;T\u00fcrkiye Ligi&quot; i\u00e7inde","block_context":{"text":"T\u00fcrkiye Ligi","link":"https:\/\/sarimelekler.biz\/?cat=6"},"img":{"alt_text":"","src":"https:\/\/i0.wp.com\/sarimelekler.biz\/wp-content\/uploads\/2018\/11\/1-18-19-33.jpg?resize=350%2C200&ssl=1","width":350,"height":200,"srcset":"https:\/\/i0.wp.com\/sarimelekler.biz\/wp-content\/uploads\/2018\/11\/1-18-19-33.jpg?resize=350%2C200&ssl=1 1x, https:\/\/i0.wp.com\/sarimelekler.biz\/wp-content\/uploads\/2018\/11\/1-18-19-33.jpg?resize=525%2C300&ssl=1 1.5x, https:\/\/i0.wp.com\/sarimelekler.biz\/wp-content\/uploads\/2018\/11\/1-18-19-33.jpg?resize=700%2C400&ssl=1 2x, https:\/\/i0.wp.com\/sarimelekler.biz\/wp-content\/uploads\/2018\/11\/1-18-19-33.jpg?resize=1050%2C600&ssl=1 3x, https:\/\/i0.wp.com\/sarimelekler.biz\/wp-content\/uploads\/2018\/11\/1-18-19-33.jpg?resize=1400%2C800&ssl=1 4x"},"classes":[]},{"id":7205,"url":"https:\/\/sarimelekler.biz\/?p=7205","url_meta":{"origin":15100,"position":3},"title":"Eda Erdem D\u00fcndar ile Samantha Bricio Be\u015fikta\u015f ma\u00e7\u0131yla ilgili konu\u015ftu","author":"Edit\u00f6r","date":"2 Kas\u0131m 2018","format":false,"excerpt":"Kad\u0131n Voleybol Tak\u0131m\u0131m\u0131z\u0131n Vestel Venus Sultanlar Ligi\u2019nde 2 Kas\u0131m Cuma g\u00fcn\u00fc Be\u015fikta\u015f ile oynayaca\u011f\u0131 kar\u015f\u0131la\u015fma \u00f6ncesi kaptan Eda Erdem D\u00fcndar ile yeni transfer Samantha Bricio, resmi \u0130nternet Sitemize a\u00e7\u0131klamalarda bulundu. Kaptan Eda Erdem D\u00fcndar haz\u0131rl\u0131klar\u0131n \u00e7ok iyi gitti\u011fini ve tak\u0131mda g\u00fczel bir enerji oldu\u011funu belirtirken, Meksikal\u0131 sma\u00e7\u00f6r Samantha Bricio ise\u2026","rel":"","context":"&quot;T\u00fcrkiye Ligi&quot; i\u00e7inde","block_context":{"text":"T\u00fcrkiye Ligi","link":"https:\/\/sarimelekler.biz\/?cat=6"},"img":{"alt_text":"","src":"https:\/\/i0.wp.com\/sarimelekler.biz\/wp-content\/uploads\/2018\/11\/1.-Hafta-2.jpg?resize=350%2C200&ssl=1","width":350,"height":200,"srcset":"https:\/\/i0.wp.com\/sarimelekler.biz\/wp-content\/uploads\/2018\/11\/1.-Hafta-2.jpg?resize=350%2C200&ssl=1 1x, https:\/\/i0.wp.com\/sarimelekler.biz\/wp-content\/uploads\/2018\/11\/1.-Hafta-2.jpg?resize=525%2C300&ssl=1 1.5x, https:\/\/i0.wp.com\/sarimelekler.biz\/wp-content\/uploads\/2018\/11\/1.-Hafta-2.jpg?resize=700%2C400&ssl=1 2x, https:\/\/i0.wp.com\/sarimelekler.biz\/wp-content\/uploads\/2018\/11\/1.-Hafta-2.jpg?resize=1050%2C600&ssl=1 3x, https:\/\/i0.wp.com\/sarimelekler.biz\/wp-content\/uploads\/2018\/11\/1.-Hafta-2.jpg?resize=1400%2C800&ssl=1 4x"},"classes":[]},{"id":12679,"url":"https:\/\/sarimelekler.biz\/?p=12679","url_meta":{"origin":15100,"position":4},"title":"Simla T\u00fcrker Bayaz\u0131t: Bu ba\u015far\u0131 T\u00fcrkiye\u2019nin, T\u00fcrk kad\u0131n\u0131n\u0131n, T\u00fcrk sporunun ba\u015far\u0131s\u0131d\u0131r","author":"Edit\u00f6r","date":"15 Ocak 2020","format":false,"excerpt":"2020 Tokyo Olimpiyatlar\u0131\u2019na kat\u0131lma hakk\u0131n\u0131 elde ederek \u00fclkemizi sevince bo\u011fan ve bu gururu bizlere bir kez daha ya\u015fatan A Milli Kad\u0131n Voleybol Tak\u0131m\u0131m\u0131z\u0131, turnuvan\u0131n ev sahipli\u011fi yapt\u0131\u011f\u0131 Hollanda\u2019da yaln\u0131z b\u0131rakmayan Y\u00f6netim Kurulu \u00dcyemiz Simla T\u00fcrker Bayaz\u0131t, Fenerbah\u00e7e Televizyonu\u2019na turnuvaya dair a\u00e7\u0131klamalarda bulundu. A Milli Kad\u0131n Voleybol Tak\u0131m\u0131m\u0131z\u0131n ba\u015far\u0131s\u0131n\u0131 T\u00fcrkiye\u2019nin, T\u00fcrk\u2026","rel":"","context":"&quot;Haberler&quot; i\u00e7inde","block_context":{"text":"Haberler","link":"https:\/\/sarimelekler.biz\/?cat=7"},"img":{"alt_text":"","src":"https:\/\/i0.wp.com\/sarimelekler.biz\/wp-content\/uploads\/2020\/01\/Eda-Onurland%C4%B1rma-13.jpg?resize=350%2C200&ssl=1","width":350,"height":200,"srcset":"https:\/\/i0.wp.com\/sarimelekler.biz\/wp-content\/uploads\/2020\/01\/Eda-Onurland%C4%B1rma-13.jpg?resize=350%2C200&ssl=1 1x, https:\/\/i0.wp.com\/sarimelekler.biz\/wp-content\/uploads\/2020\/01\/Eda-Onurland%C4%B1rma-13.jpg?resize=525%2C300&ssl=1 1.5x, https:\/\/i0.wp.com\/sarimelekler.biz\/wp-content\/uploads\/2020\/01\/Eda-Onurland%C4%B1rma-13.jpg?resize=700%2C400&ssl=1 2x, https:\/\/i0.wp.com\/sarimelekler.biz\/wp-content\/uploads\/2020\/01\/Eda-Onurland%C4%B1rma-13.jpg?resize=1050%2C600&ssl=1 3x, https:\/\/i0.wp.com\/sarimelekler.biz\/wp-content\/uploads\/2020\/01\/Eda-Onurland%C4%B1rma-13.jpg?resize=1400%2C800&ssl=1 4x"},"classes":[]},{"id":16087,"url":"https:\/\/sarimelekler.biz\/?p=16087","url_meta":{"origin":15100,"position":5},"title":"&#8220;67. Gillette-Milliyet Y\u0131l\u0131n Sporcusu&#8221; t\u00f6reninde Eda Erdem D\u00fcndar \u0130ki \u00d6d\u00fcl Ald\u0131","author":"Edit\u00f6r","date":"29 Eyl\u00fcl 2021","format":false,"excerpt":"1954 y\u0131l\u0131ndan bu yana okuyucular\u0131n\u0131n oylar\u0131yla belirlenen, bu y\u0131l 10 milyona yakla\u015fan rekor bir oy kat\u0131l\u0131m\u0131yla ger\u00e7ekle\u015fen ve T\u00fcrkiye\u2019nin farkl\u0131 bran\u015flarda spor tarihini yans\u0131tmas\u0131 a\u00e7\u0131s\u0131ndan b\u00fcy\u00fck \u00f6nem ta\u015f\u0131yan 67. Gillette-Milliyet Y\u0131l\u0131n Sporcusu \u00f6d\u00fcl t\u00f6reni Volkswagen Arena\u2019da Covid-19 salg\u0131n\u0131 nedeniyle seyircisiz d\u00fczenlendi. Bu \u00f6zel gecede A Milli ve Fenerbah\u00e7e Opet Kad\u0131n\u2026","rel":"","context":"&quot;Haberler&quot; i\u00e7inde","block_context":{"text":"Haberler","link":"https:\/\/sarimelekler.biz\/?cat=7"},"img":{"alt_text":"","src":"https:\/\/i0.wp.com\/sarimelekler.biz\/wp-content\/uploads\/2021\/09\/EDA-ODUL.jpg?resize=350%2C200&ssl=1","width":350,"height":200,"srcset":"https:\/\/i0.wp.com\/sarimelekler.biz\/wp-content\/uploads\/2021\/09\/EDA-ODUL.jpg?resize=350%2C200&ssl=1 1x, https:\/\/i0.wp.com\/sarimelekler.biz\/wp-content\/uploads\/2021\/09\/EDA-ODUL.jpg?resize=525%2C300&ssl=1 1.5x, https:\/\/i0.wp.com\/sarimelekler.biz\/wp-content\/uploads\/2021\/09\/EDA-ODUL.jpg?resize=700%2C400&ssl=1 2x, https:\/\/i0.wp.com\/sarimelekler.biz\/wp-content\/uploads\/2021\/09\/EDA-ODUL.jpg?resize=1050%2C600&ssl=1 3x"},"classes":[]}],"_links":{"self":[{"href":"https:\/\/sarimelekler.biz\/index.php?rest_route=\/wp\/v2\/posts\/15100","targetHints":{"allow":["GET"]}}],"collection":[{"href":"https:\/\/sarimelekler.biz\/index.php?rest_route=\/wp\/v2\/posts"}],"about":[{"href":"https:\/\/sarimelekler.biz\/index.php?rest_route=\/wp\/v2\/types\/post"}],"author":[{"embeddable":true,"href":"https:\/\/sarimelekler.biz\/index.php?rest_route=\/wp\/v2\/users\/1"}],"replies":[{"embeddable":true,"href":"https:\/\/sarimelekler.biz\/index.php?rest_route=%2Fwp%2Fv2%2Fcomments&post=15100"}],"version-history":[{"count":1,"href":"https:\/\/sarimelekler.biz\/index.php?rest_route=\/wp\/v2\/posts\/15100\/revisions"}],"predecessor-version":[{"id":15101,"href":"https:\/\/sarimelekler.biz\/index.php?rest_route=\/wp\/v2\/posts\/15100\/revisions\/15101"}],"wp:featuredmedia":[{"embeddable":true,"href":"https:\/\/sarimelekler.biz\/index.php?rest_route=\/wp\/v2\/media\/15061"}],"wp:attachment":[{"href":"https:\/\/sarimelekler.biz\/index.php?rest_route=%2Fwp%2Fv2%2Fmedia&parent=15100"}],"wp:term":[{"taxonomy":"category","embeddable":true,"href":"https:\/\/sarimelekler.biz\/index.php?rest_route=%2Fwp%2Fv2%2Fcategories&post=15100"},{"taxonomy":"post_tag","embeddable":true,"href":"https:\/\/sarimelekler.biz\/index.php?rest_route=%2Fwp%2Fv2%2Ftags&post=15100"}],"curies":[{"name":"wp","href":"https:\/\/api.w.org\/{rel}","templated":true}]}}