{"id":15207,"date":"2021-02-05T20:53:00","date_gmt":"2021-02-05T17:53:00","guid":{"rendered":"http:\/\/sarimelekler.biz\/?p=15207"},"modified":"2021-02-07T13:54:08","modified_gmt":"2021-02-07T10:54:08","slug":"basantrenorumuz-zoran-terzic-tarihin-en-iyi-100-oyuncusu-listesine-secilen-eda-erdem-dundara-cicek-takdim-etti","status":"publish","type":"post","link":"https:\/\/sarimelekler.biz\/?p=15207","title":{"rendered":"Ba\u015fantren\u00f6r\u00fcm\u00fcz Zoran Terzic, &#8216;Tarihin En \u0130yi 100 Oyuncusu&#8217; Listesine Se\u00e7ilen Eda Erdem D\u00fcndar\u2019a \u00c7i\u00e7ek Takdim Etti"},"content":{"rendered":"\n<p style=\"text-align: justify;\">Uluslararas\u0131 Voleybol Federasyonu FIVB taraf\u0131ndan &#8216;Tarihin En \u0130yi 100 Oyuncusu&#8217; listesine se\u00e7ilen Fenerbah\u00e7e Opet Kad\u0131n Voleybol Tak\u0131m\u0131m\u0131z ile A Milli Kad\u0131n Voleybol Tak\u0131m\u0131m\u0131z\u0131n kaptan\u0131 Eda Erdem D\u00fcndar\u2019a antrenman \u00f6ncesi Ba\u015fantren\u00f6r\u00fcm\u00fcz Zoran Terzic \u00e7i\u00e7ek takdim etti.<\/p>\n<p style=\"text-align: justify;\">Fenerbah\u00e7e Opet Kad\u0131n Voleybol Tak\u0131m\u0131m\u0131z, Misli.com Sultanlar Ligi\u2019nin 27. haftas\u0131nda 7 \u015eubat Pazar g\u00fcn\u00fc deplasmanda oynayaca\u011f\u0131 \u0130lbank ma\u00e7\u0131 haz\u0131rl\u0131klar\u0131n\u0131 Dere\u011faz\u0131 Lefter K\u00fc\u00e7\u00fckandonyadis Tesislerimizde s\u00fcrd\u00fcr\u00fcyor.<\/p>\n<p style=\"text-align: justify;\">Cuma Ak\u015fam antrenman\u0131 \u00f6ncesi Ba\u015fantren\u00f6r\u00fcm\u00fcz Zoran Terzic, Uluslararas\u0131 Voleybol Federasyonu FIVB taraf\u0131ndan &#8216;Tarihin En \u0130yi 100 Oyuncusu&#8217; listesine se\u00e7ilen kaptan\u0131m\u0131z Eda Erdem D\u00fcndar\u2019\u0131 ba\u015far\u0131s\u0131ndan dolay\u0131 tebrik etti ve \u00e7i\u00e7ek takdim etti.<\/p>\n<p>\u00a0<\/p>\n<blockquote class=\"instagram-media\" style=\"background: #FFF; border: 0; border-radius: 3px; box-shadow: 0 0 1px 0 rgba(0,0,0,0.5),0 1px 10px 0 rgba(0,0,0,0.15); margin: 1px; max-width: 540px; min-width: 326px; padding: 0; width: calc(100% - 2px);\" data-instgrm-captioned=\"\" data-instgrm-permalink=\"https:\/\/www.instagram.com\/p\/CK6rggOqGRH\/?utm_source=ig_embed&amp;utm_campaign=loading\" data-instgrm-version=\"13\">\n<div style=\"padding: 16px;\">\n<div style=\"display: flex; flex-direction: row; align-items: center;\">\n<div style=\"background-color: #f4f4f4; border-radius: 50%; flex-grow: 0; height: 40px; margin-right: 14px; width: 40px;\">\u00a0<\/div>\n<div style=\"display: flex; flex-direction: column; flex-grow: 1; justify-content: center;\">\n<div style=\"background-color: #f4f4f4; border-radius: 4px; flex-grow: 0; height: 14px; margin-bottom: 6px; width: 100px;\">\u00a0<\/div>\n<div style=\"background-color: #f4f4f4; border-radius: 4px; flex-grow: 0; height: 14px; width: 60px;\">\u00a0<\/div>\n<\/div>\n<\/div>\n<div style=\"padding: 19% 0;\">\u00a0<\/div>\n<div style=\"display: block; height: 50px; margin: 0 auto 12px; width: 50px;\">\u00a0<\/div>\n<div style=\"padding-top: 8px;\">\n<div style=\"color: #3897f0; font-family: Arial,sans-serif; font-size: 14px; font-style: normal; font-weight: 550; line-height: 18px;\">Bu g\u00f6nderiyi Instagram&#8217;da g\u00f6r<\/div>\n<\/div>\n<div style=\"padding: 12.5% 0;\">\u00a0<\/div>\n<div style=\"display: flex; flex-direction: row; margin-bottom: 14px; align-items: center;\">\n<div>\n<div style=\"background-color: #f4f4f4; border-radius: 50%; height: 12.5px; width: 12.5px; transform: translateX(0px) translateY(7px);\">\u00a0<\/div>\n<div style=\"background-color: #f4f4f4; height: 12.5px; transform: rotate(-45deg) translateX(3px) translateY(1px); width: 12.5px; flex-grow: 0; margin-right: 14px; margin-left: 2px;\">\u00a0<\/div>\n<div style=\"background-color: #f4f4f4; border-radius: 50%; height: 12.5px; width: 12.5px; transform: translateX(9px) translateY(-18px);\">\u00a0<\/div>\n<\/div>\n<div style=\"margin-left: 8px;\">\n<div style=\"background-color: #f4f4f4; border-radius: 50%; flex-grow: 0; height: 20px; width: 20px;\">\u00a0<\/div>\n<div style=\"width: 0; height: 0; border-top: 2px solid transparent; border-left: 6px solid #f4f4f4; border-bottom: 2px solid transparent; transform: translateX(16px) translateY(-4px) rotate(30deg);\">\u00a0<\/div>\n<\/div>\n<div style=\"margin-left: auto;\">\n<div style=\"width: 0px; border-top: 8px solid #F4F4F4; border-right: 8px solid transparent; transform: translateY(16px);\">\u00a0<\/div>\n<div style=\"background-color: #f4f4f4; flex-grow: 0; height: 12px; width: 16px; transform: translateY(-4px);\">\u00a0<\/div>\n<div style=\"width: 0; height: 0; border-top: 8px solid #F4F4F4; border-left: 8px solid transparent; transform: translateY(-4px) translateX(8px);\">\u00a0<\/div>\n<\/div>\n<\/div>\n<div style=\"display: flex; flex-direction: column; flex-grow: 1; justify-content: center; margin-bottom: 24px;\">\n<div style=\"background-color: #f4f4f4; border-radius: 4px; flex-grow: 0; height: 14px; margin-bottom: 6px; width: 224px;\">\u00a0<\/div>\n<div style=\"background-color: #f4f4f4; border-radius: 4px; flex-grow: 0; height: 14px; width: 144px;\">\u00a0<\/div>\n<\/div>\n<p style=\"color: #c9c8cd; font-family: Arial,sans-serif; font-size: 14px; line-height: 17px; margin-bottom: 0; margin-top: 8px; overflow: hidden; padding: 8px 0 7px; text-align: center; text-overflow: ellipsis; white-space: nowrap;\"><a style=\"color: #c9c8cd; font-family: Arial,sans-serif; font-size: 14px; font-style: normal; font-weight: normal; line-height: 17px; text-decoration: none;\" href=\"https:\/\/www.instagram.com\/p\/CK6rggOqGRH\/?utm_source=ig_embed&amp;utm_campaign=loading\" target=\"_blank\" rel=\"noopener noreferrer\">Fenerbahc\u0327e Voleybol (@fbvoleybol)&#8217;in payla\u015ft\u0131\u011f\u0131 bir g\u00f6nderi<\/a><\/p>\n<\/div>\n<\/blockquote>\n<p><script async src=\"\/\/www.instagram.com\/embed.js\"><\/script><\/p>\n\n\t\t<style type=\"text\/css\">\n\t\t\t#gallery-1 {\n\t\t\t\tmargin: auto;\n\t\t\t}\n\t\t\t#gallery-1 .gallery-item {\n\t\t\t\tfloat: left;\n\t\t\t\tmargin-top: 10px;\n\t\t\t\ttext-align: center;\n\t\t\t\twidth: 100%;\n\t\t\t}\n\t\t\t#gallery-1 img {\n\t\t\t\tborder: 2px solid #cfcfcf;\n\t\t\t}\n\t\t\t#gallery-1 .gallery-caption {\n\t\t\t\tmargin-left: 0;\n\t\t\t}\n\t\t\t\/* see gallery_shortcode() in wp-includes\/media.php *\/\n\t\t<\/style>\n\t\t<div data-carousel-extra='{&quot;blog_id&quot;:1,&quot;permalink&quot;:&quot;https:\/\/sarimelekler.biz\/?p=15207&quot;}' id='gallery-1' class='gallery galleryid-15207 gallery-columns-1 gallery-size-large'><dl class='gallery-item'>\n\t\t\t<dt class='gallery-icon landscape'>\n\t\t\t\t<a href='https:\/\/sarimelekler.biz\/?attachment_id=15208'><img loading=\"lazy\" decoding=\"async\" width=\"860\" height=\"615\" src=\"https:\/\/sarimelekler.biz\/wp-content\/uploads\/2021\/02\/Eda-Kar\u015f\u0131lama-1024x732.jpg\" class=\"attachment-large size-large\" alt=\"\" srcset=\"https:\/\/sarimelekler.biz\/wp-content\/uploads\/2021\/02\/Eda-Kar\u015f\u0131lama-1024x732.jpg 1024w, https:\/\/sarimelekler.biz\/wp-content\/uploads\/2021\/02\/Eda-Kar\u015f\u0131lama-300x214.jpg 300w, https:\/\/sarimelekler.biz\/wp-content\/uploads\/2021\/02\/Eda-Kar\u015f\u0131lama-768x549.jpg 768w, https:\/\/sarimelekler.biz\/wp-content\/uploads\/2021\/02\/Eda-Kar\u015f\u0131lama-1536x1097.jpg 1536w, https:\/\/sarimelekler.biz\/wp-content\/uploads\/2021\/02\/Eda-Kar\u015f\u0131lama-2048x1463.jpg 2048w, https:\/\/sarimelekler.biz\/wp-content\/uploads\/2021\/02\/Eda-Kar\u015f\u0131lama-150x107.jpg 150w\" sizes=\"auto, (max-width: 860px) 100vw, 860px\" data-attachment-id=\"15208\" data-permalink=\"https:\/\/sarimelekler.biz\/?attachment_id=15208\" data-orig-file=\"https:\/\/sarimelekler.biz\/wp-content\/uploads\/2021\/02\/Eda-Kar\u015f\u0131lama.jpg\" data-orig-size=\"2500,1786\" data-comments-opened=\"0\" data-image-meta=\"{&quot;aperture&quot;:&quot;1.8&quot;,&quot;credit&quot;:&quot;&quot;,&quot;camera&quot;:&quot;iPhone 7 Plus&quot;,&quot;caption&quot;:&quot;&quot;,&quot;created_timestamp&quot;:&quot;1612548361&quot;,&quot;copyright&quot;:&quot;&quot;,&quot;focal_length&quot;:&quot;3.99&quot;,&quot;iso&quot;:&quot;32&quot;,&quot;shutter_speed&quot;:&quot;0.04&quot;,&quot;title&quot;:&quot;&quot;,&quot;orientation&quot;:&quot;1&quot;}\" data-image-title=\"Eda Kar\u015f\u0131lama\" data-image-description=\"\" data-image-caption=\"\" data-large-file=\"https:\/\/sarimelekler.biz\/wp-content\/uploads\/2021\/02\/Eda-Kar\u015f\u0131lama-1024x732.jpg\" \/><\/a>\n\t\t\t<\/dt><\/dl><br style=\"clear: both\" \/>\n\t\t<\/div>\n\n<p>Kaynak:\u00a0<a href=\"https:\/\/www.fenerbahce.org\/haberler\/voleybol-kadin\/2021\/2\/basantrenorumuz-zoran-terzic-tarihin-en-iyi-100-oyuncusu-listesine-secilen-eda-erdem-dundar-a-cic\" target=\"_blank\" rel=\"noopener noreferrer\">Fenerbah\u00e7e SK Resmi \u0130nternet Sitesi<\/a><\/p>\n<p style=\"text-align: right;\">05.02.2021<\/p>\n","protected":false},"excerpt":{"rendered":"<p>Uluslararas\u0131 Voleybol Federasyonu FIVB taraf\u0131ndan &#8216;Tarihin En \u0130yi 100 Oyuncusu&#8217; \u2026 <a class=\"continue-reading-link\" href=\"https:\/\/sarimelekler.biz\/?p=15207\">Okumaya Devam Et.. <span class=\"meta-nav\">&rarr; <\/span><\/a><\/p>\n","protected":false},"author":1,"featured_media":15208,"comment_status":"closed","ping_status":"open","sticky":false,"template":"","format":"standard","meta":{"jetpack_post_was_ever_published":false,"_jetpack_newsletter_access":"","_jetpack_dont_email_post_to_subs":false,"_jetpack_newsletter_tier_id":0,"_jetpack_memberships_contains_paywalled_content":false,"_jetpack_memberships_contains_paid_content":false,"footnotes":"","jetpack_publicize_message":"","jetpack_publicize_feature_enabled":true,"jetpack_social_post_already_shared":true,"jetpack_social_options":{"image_generator_settings":{"template":"highway","default_image_id":0,"font":"","enabled":false},"version":2}},"categories":[7],"tags":[],"class_list":["post-15207","post","type-post","status-publish","format-standard","has-post-thumbnail","hentry","category-haberler"],"jetpack_publicize_connections":[],"jetpack_featured_media_url":"https:\/\/sarimelekler.biz\/wp-content\/uploads\/2021\/02\/Eda-Kar\u015f\u0131lama.jpg","jetpack_sharing_enabled":true,"jetpack_shortlink":"https:\/\/wp.me\/p8npUZ-3Xh","jetpack-related-posts":[{"id":15481,"url":"https:\/\/sarimelekler.biz\/?p=15481","url_meta":{"origin":15207,"position":0},"title":"\u2018Son 10 Y\u0131l\u0131n En \u0130yi 100 Oyuncusu\u2019 Listesine Se\u00e7ilen Naz Aydemir Akyol\u2019a \u00c7i\u00e7ek Takdim Edildi","author":"Edit\u00f6r","date":"16 Mart 2021","format":false,"excerpt":"Uluslararas\u0131 Voleybol Federasyonu FIVB taraf\u0131ndan \"Son 10 Y\u0131l\u0131n En \u0130yi 100 Oyuncusu\" listesine se\u00e7ilen Fenerbah\u00e7e Opet Kad\u0131n Voleybol Tak\u0131m\u0131m\u0131z ile A Milli Kad\u0131n Voleybol Tak\u0131m\u0131m\u0131z\u0131n pas\u00f6r\u00fc Naz Aydemir Akyol\u2019a antrenman \u00f6ncesi Ba\u015fantren\u00f6r\u00fcm\u00fcz Zoran Terzic \u00e7i\u00e7ek takdim etti. Fenerbah\u00e7e Opet Kad\u0131n Voleybol Tak\u0131m\u0131m\u0131z, Misli.com Sultanlar Ligi\u2019nin 30. haftas\u0131nda 20 Mart Cumartesi\u2026","rel":"","context":"&quot;Haberler&quot; i\u00e7inde","block_context":{"text":"Haberler","link":"https:\/\/sarimelekler.biz\/?cat=7"},"img":{"alt_text":"","src":"https:\/\/i0.wp.com\/sarimelekler.biz\/wp-content\/uploads\/2021\/03\/Naz-100-4-scaled.jpg?resize=350%2C200&ssl=1","width":350,"height":200,"srcset":"https:\/\/i0.wp.com\/sarimelekler.biz\/wp-content\/uploads\/2021\/03\/Naz-100-4-scaled.jpg?resize=350%2C200&ssl=1 1x, https:\/\/i0.wp.com\/sarimelekler.biz\/wp-content\/uploads\/2021\/03\/Naz-100-4-scaled.jpg?resize=525%2C300&ssl=1 1.5x, https:\/\/i0.wp.com\/sarimelekler.biz\/wp-content\/uploads\/2021\/03\/Naz-100-4-scaled.jpg?resize=700%2C400&ssl=1 2x, https:\/\/i0.wp.com\/sarimelekler.biz\/wp-content\/uploads\/2021\/03\/Naz-100-4-scaled.jpg?resize=1050%2C600&ssl=1 3x, https:\/\/i0.wp.com\/sarimelekler.biz\/wp-content\/uploads\/2021\/03\/Naz-100-4-scaled.jpg?resize=1400%2C800&ssl=1 4x"},"classes":[]},{"id":15328,"url":"https:\/\/sarimelekler.biz\/?p=15328","url_meta":{"origin":15207,"position":1},"title":"Ba\u015fkan\u0131m\u0131z Ali Ko\u00e7 ve Y\u00f6neticimiz Simla T\u00fcrker Bayaz\u0131t Kaptan\u0131m\u0131z Eda Erdem D\u00fcndar\u2019a \u00d6zel Plaket Verdi","author":"Edit\u00f6r","date":"21 \u015eubat 2021","format":false,"excerpt":"Ba\u015fkan\u0131m\u0131z Ali Ko\u00e7 ile Y\u00f6neticimiz Simla T\u00fcrker Bayaz\u0131t, Uluslararas\u0131 Voleybol Federasyonu FIVB taraf\u0131ndan 'Tarihin En \u0130yi 100 Oyuncusu' listesine se\u00e7ilerek \u00fclkemizi gururland\u0131ran kaptan Eda Erdem D\u00fcndar\u2019a G\u00f6ztepe ma\u00e7\u0131 \u00f6ncesi plaket takdim etti. Kul\u00fcb\u00fcm\u00fcz\u00fcn y\u00fcz ak\u0131, Sar\u0131 Meleklerimiz ile A Milli Kad\u0131n Voleybol Tak\u0131m\u0131m\u0131z\u0131n kaptan\u0131, bir g\u00fcn onun gibi olmak isteyen\u2026","rel":"","context":"&quot;Haberler&quot; i\u00e7inde","block_context":{"text":"Haberler","link":"https:\/\/sarimelekler.biz\/?cat=7"},"img":{"alt_text":"","src":"https:\/\/i0.wp.com\/sarimelekler.biz\/wp-content\/uploads\/2021\/02\/Eda-Plaket-11.jpg?resize=350%2C200&ssl=1","width":350,"height":200,"srcset":"https:\/\/i0.wp.com\/sarimelekler.biz\/wp-content\/uploads\/2021\/02\/Eda-Plaket-11.jpg?resize=350%2C200&ssl=1 1x, https:\/\/i0.wp.com\/sarimelekler.biz\/wp-content\/uploads\/2021\/02\/Eda-Plaket-11.jpg?resize=525%2C300&ssl=1 1.5x, https:\/\/i0.wp.com\/sarimelekler.biz\/wp-content\/uploads\/2021\/02\/Eda-Plaket-11.jpg?resize=700%2C400&ssl=1 2x, https:\/\/i0.wp.com\/sarimelekler.biz\/wp-content\/uploads\/2021\/02\/Eda-Plaket-11.jpg?resize=1050%2C600&ssl=1 3x, https:\/\/i0.wp.com\/sarimelekler.biz\/wp-content\/uploads\/2021\/02\/Eda-Plaket-11.jpg?resize=1400%2C800&ssl=1 4x"},"classes":[]},{"id":15528,"url":"https:\/\/sarimelekler.biz\/?p=15528","url_meta":{"origin":15207,"position":2},"title":"KAPTANIMIZ \u201cEDA ERDEM D\u00dcNDAR\u201d 3 YIL DAHA B\u0130Z\u0130MLE","author":"Edit\u00f6r","date":"30 Mart 2021","format":false,"excerpt":"Kul\u00fcb\u00fcm\u00fcz\u00fcn resmi internet sitesinden yap\u0131lan a\u00e7\u0131klamada Fenerbah\u00e7e tak\u0131m\u0131m\u0131z\u0131n formas\u0131n\u0131 2008-09 sezonundan bu yana ba\u015far\u0131yla terleten, armam\u0131z\u0131 gururla ta\u015f\u0131yan Kaptan\u0131m\u0131z Eda Erdem D\u00fcndar\u2019\u0131n 2021\u2019de biten s\u00f6zle\u015fmesinin 3 y\u0131l daha uzat\u0131ld\u0131\u011f\u0131n\u0131 duyurdu. \u00c7ubuklu formam\u0131z\u0131 her zaman ruhu ve aidiyetiyle ta\u015f\u0131yan kaptan Eda Erdem D\u00fcndar\u2019a, Fenerbah\u00e7e Opet formas\u0131 alt\u0131nda nice b\u00fcy\u00fck ba\u015far\u0131lar ve\u2026","rel":"","context":"&quot;Transfer Haberleri&quot; i\u00e7inde","block_context":{"text":"Transfer Haberleri","link":"https:\/\/sarimelekler.biz\/?cat=23"},"img":{"alt_text":"","src":"https:\/\/i0.wp.com\/sarimelekler.biz\/wp-content\/uploads\/2018\/06\/Eda-Kaptan.jpg?resize=350%2C200&ssl=1","width":350,"height":200,"srcset":"https:\/\/i0.wp.com\/sarimelekler.biz\/wp-content\/uploads\/2018\/06\/Eda-Kaptan.jpg?resize=350%2C200&ssl=1 1x, https:\/\/i0.wp.com\/sarimelekler.biz\/wp-content\/uploads\/2018\/06\/Eda-Kaptan.jpg?resize=525%2C300&ssl=1 1.5x, https:\/\/i0.wp.com\/sarimelekler.biz\/wp-content\/uploads\/2018\/06\/Eda-Kaptan.jpg?resize=700%2C400&ssl=1 2x, https:\/\/i0.wp.com\/sarimelekler.biz\/wp-content\/uploads\/2018\/06\/Eda-Kaptan.jpg?resize=1050%2C600&ssl=1 3x, https:\/\/i0.wp.com\/sarimelekler.biz\/wp-content\/uploads\/2018\/06\/Eda-Kaptan.jpg?resize=1400%2C800&ssl=1 4x"},"classes":[]},{"id":18902,"url":"https:\/\/sarimelekler.biz\/?p=18902","url_meta":{"origin":15207,"position":3},"title":"Kaptan\u0131m\u0131z Eda Erdem D\u00fcndar\u2019a Fair Play \u00d6d\u00fcl\u00fc Takdim Edildi","author":"Edit\u00f6r","date":"28 \u015eubat 2023","format":false,"excerpt":"Kaptan\u0131m\u0131z Eda Erdem D\u00fcndar, Uluslararas\u0131 Voleybol Federasyonu (FIVB) taraf\u0131ndan \u201cTarihin En \u0130yi 100 Oyuncusu\u201d aras\u0131nda g\u00f6sterilmesi ve \u201c2021 y\u0131l\u0131n\u0131n en iyi 12 kad\u0131n voleybolcusu\u201d listesinde yer almas\u0131 dolay\u0131s\u0131yla T\u00fcrkiye Milli Olimpiyat Komitesi (TMOK) Fair Play Komisyonu taraf\u0131ndan verilen 2021 T\u00fcrkiye Fair Play \u00d6d\u00fclleri\u2019nde Sportif Kariyer Dal\u0131nda \u015eeref Diplomas\u0131\u2019na lay\u0131k g\u00f6r\u00fclm\u00fc\u015ft\u00fc.\u2026","rel":"","context":"&quot;Haberler&quot; i\u00e7inde","block_context":{"text":"Haberler","link":"https:\/\/sarimelekler.biz\/?cat=7"},"img":{"alt_text":"","src":"https:\/\/i0.wp.com\/sarimelekler.biz\/wp-content\/uploads\/2023\/03\/Eda-TMOK-2.jpg?resize=350%2C200&ssl=1","width":350,"height":200,"srcset":"https:\/\/i0.wp.com\/sarimelekler.biz\/wp-content\/uploads\/2023\/03\/Eda-TMOK-2.jpg?resize=350%2C200&ssl=1 1x, https:\/\/i0.wp.com\/sarimelekler.biz\/wp-content\/uploads\/2023\/03\/Eda-TMOK-2.jpg?resize=525%2C300&ssl=1 1.5x, https:\/\/i0.wp.com\/sarimelekler.biz\/wp-content\/uploads\/2023\/03\/Eda-TMOK-2.jpg?resize=700%2C400&ssl=1 2x, https:\/\/i0.wp.com\/sarimelekler.biz\/wp-content\/uploads\/2023\/03\/Eda-TMOK-2.jpg?resize=1050%2C600&ssl=1 3x, https:\/\/i0.wp.com\/sarimelekler.biz\/wp-content\/uploads\/2023\/03\/Eda-TMOK-2.jpg?resize=1400%2C800&ssl=1 4x"},"classes":[]},{"id":15489,"url":"https:\/\/sarimelekler.biz\/?p=15489","url_meta":{"origin":15207,"position":4},"title":"Ba\u015fkan\u0131m\u0131z Ali Ko\u00e7 ve Y\u00f6neticimiz Simla T\u00fcrker Bayaz\u0131t\u2019tan Naz Aydemir Akyol\u2019a \u00d6zel Plaket Takdim Edildi","author":"Edit\u00f6r","date":"18 Mart 2021","format":false,"excerpt":"Ba\u015fkan\u0131m\u0131z Ali Ko\u00e7 ile Y\u00f6neticimiz Simla T\u00fcrker Bayaz\u0131t, Uluslararas\u0131 Voleybol Federasyonu FIVB taraf\u0131ndan \"Son 10 Y\u0131l\u0131n En \u0130yi 100 Oyuncusu\" listesine se\u00e7ilen milli pas\u00f6r\u00fcm\u00fcz Naz Aydemir Akyol\u2019a, Zalgiris Kaunas ma\u00e7\u0131n\u0131n \u00fc\u00e7\u00fcnc\u00fc \u00e7eyre\u011fi sonunda plaket takdim etti. Fenerbah\u00e7e Opet Kad\u0131n Voleybol Tak\u0131m\u0131m\u0131z ile A Milli Kad\u0131n Voleybol Tak\u0131m\u0131m\u0131z\u0131n say\u0131s\u0131z ba\u015far\u0131s\u0131na imza\u2026","rel":"","context":"&quot;Haberler&quot; i\u00e7inde","block_context":{"text":"Haberler","link":"https:\/\/sarimelekler.biz\/?cat=7"},"img":{"alt_text":"","src":"https:\/\/i0.wp.com\/sarimelekler.biz\/wp-content\/uploads\/2021\/03\/Naz-100-9.jpg?resize=350%2C200&ssl=1","width":350,"height":200,"srcset":"https:\/\/i0.wp.com\/sarimelekler.biz\/wp-content\/uploads\/2021\/03\/Naz-100-9.jpg?resize=350%2C200&ssl=1 1x, https:\/\/i0.wp.com\/sarimelekler.biz\/wp-content\/uploads\/2021\/03\/Naz-100-9.jpg?resize=525%2C300&ssl=1 1.5x, https:\/\/i0.wp.com\/sarimelekler.biz\/wp-content\/uploads\/2021\/03\/Naz-100-9.jpg?resize=700%2C400&ssl=1 2x, https:\/\/i0.wp.com\/sarimelekler.biz\/wp-content\/uploads\/2021\/03\/Naz-100-9.jpg?resize=1050%2C600&ssl=1 3x, https:\/\/i0.wp.com\/sarimelekler.biz\/wp-content\/uploads\/2021\/03\/Naz-100-9.jpg?resize=1400%2C800&ssl=1 4x"},"classes":[]},{"id":15204,"url":"https:\/\/sarimelekler.biz\/?p=15204","url_meta":{"origin":15207,"position":5},"title":"Kaptan\u0131m\u0131z Eda Erdem D\u00fcndar, FIVB Taraf\u0131ndan \u2018Tarihin En \u0130yi 100 Oyuncusu\u2019 Listesine Se\u00e7ildi","author":"Edit\u00f6r","date":"4 \u015eubat 2021","format":false,"excerpt":"Fenerbah\u00e7e Opet Kad\u0131n Voleybol Tak\u0131m\u0131m\u0131z ile A Milli Kad\u0131n Voleybol Tak\u0131m\u0131m\u0131z\u0131n kaptan\u0131 Eda Erdem D\u00fcndar, Uluslararas\u0131 Voleybol Federasyonu FIVB taraf\u0131ndan 'Tarihin En \u0130yi 100 Oyuncusu' listesine se\u00e7ildi. FIVB'nin resmi internet sitesinde \u201cSahada, denizde ve hayatta hep d\u00fcmenin ba\u015f\u0131nda\u201d ba\u015fl\u0131\u011f\u0131yla duyurulan haberde Eda Erdem D\u00fcndar'\u0131n ba\u015far\u0131lar\u0131na yer verildi. 2008 y\u0131l\u0131nda Fenerbah\u00e7e\u2026","rel":"","context":"&quot;Haberler&quot; i\u00e7inde","block_context":{"text":"Haberler","link":"https:\/\/sarimelekler.biz\/?cat=7"},"img":{"alt_text":"","src":"https:\/\/i0.wp.com\/sarimelekler.biz\/wp-content\/uploads\/2020\/12\/Eda-20-21-CL.png?resize=350%2C200&ssl=1","width":350,"height":200,"srcset":"https:\/\/i0.wp.com\/sarimelekler.biz\/wp-content\/uploads\/2020\/12\/Eda-20-21-CL.png?resize=350%2C200&ssl=1 1x, https:\/\/i0.wp.com\/sarimelekler.biz\/wp-content\/uploads\/2020\/12\/Eda-20-21-CL.png?resize=525%2C300&ssl=1 1.5x, https:\/\/i0.wp.com\/sarimelekler.biz\/wp-content\/uploads\/2020\/12\/Eda-20-21-CL.png?resize=700%2C400&ssl=1 2x, https:\/\/i0.wp.com\/sarimelekler.biz\/wp-content\/uploads\/2020\/12\/Eda-20-21-CL.png?resize=1050%2C600&ssl=1 3x"},"classes":[]}],"_links":{"self":[{"href":"https:\/\/sarimelekler.biz\/index.php?rest_route=\/wp\/v2\/posts\/15207","targetHints":{"allow":["GET"]}}],"collection":[{"href":"https:\/\/sarimelekler.biz\/index.php?rest_route=\/wp\/v2\/posts"}],"about":[{"href":"https:\/\/sarimelekler.biz\/index.php?rest_route=\/wp\/v2\/types\/post"}],"author":[{"embeddable":true,"href":"https:\/\/sarimelekler.biz\/index.php?rest_route=\/wp\/v2\/users\/1"}],"replies":[{"embeddable":true,"href":"https:\/\/sarimelekler.biz\/index.php?rest_route=%2Fwp%2Fv2%2Fcomments&post=15207"}],"version-history":[{"count":1,"href":"https:\/\/sarimelekler.biz\/index.php?rest_route=\/wp\/v2\/posts\/15207\/revisions"}],"predecessor-version":[{"id":15209,"href":"https:\/\/sarimelekler.biz\/index.php?rest_route=\/wp\/v2\/posts\/15207\/revisions\/15209"}],"wp:featuredmedia":[{"embeddable":true,"href":"https:\/\/sarimelekler.biz\/index.php?rest_route=\/wp\/v2\/media\/15208"}],"wp:attachment":[{"href":"https:\/\/sarimelekler.biz\/index.php?rest_route=%2Fwp%2Fv2%2Fmedia&parent=15207"}],"wp:term":[{"taxonomy":"category","embeddable":true,"href":"https:\/\/sarimelekler.biz\/index.php?rest_route=%2Fwp%2Fv2%2Fcategories&post=15207"},{"taxonomy":"post_tag","embeddable":true,"href":"https:\/\/sarimelekler.biz\/index.php?rest_route=%2Fwp%2Fv2%2Ftags&post=15207"}],"curies":[{"name":"wp","href":"https:\/\/api.w.org\/{rel}","templated":true}]}}