{"id":15222,"date":"2021-02-07T21:19:02","date_gmt":"2021-02-07T18:19:02","guid":{"rendered":"http:\/\/sarimelekler.biz\/?p=15222"},"modified":"2021-02-07T21:23:21","modified_gmt":"2021-02-07T18:23:21","slug":"2-lig-kucukyali-yelken-spor1-fenerbahce3","status":"publish","type":"post","link":"https:\/\/sarimelekler.biz\/?p=15222","title":{"rendered":"2.Lig: K\u00fc\u00e7\u00fckyal\u0131 Yelken Spor:1 \u2013 Fenerbah\u00e7e:3"},"content":{"rendered":"\n<p style=\"text-align: justify;\">Fenerbah\u00e7e 2. Lig Kad\u0131n Voleybol Tak\u0131m\u0131m\u0131z, Kad\u0131nlar Voleybol 2. Ligi 18. haftas\u0131nda konuk oldu\u011fu K\u00fc\u00e7\u00fckyal\u0131 Yelken Spor\u2019u 3-1 ma\u011flup etti. Tak\u0131m\u0131m\u0131z b\u00f6ylelikle 18. ma\u00e7ta 15. galibiyetini alarak d\u00f6rd\u00fcnc\u00fcl\u00fckteki yerini korudu.\u00a0<br \/><br \/>50. Y\u0131l Deniz Esinduy Voleybol Salonu\u2019nda oynanan m\u00fcsabakan\u0131n setleri 12-25, 18-25, 25-20 ve 20-25 tamamland\u0131.<br \/><br \/>2. Lig Kad\u0131n Voleybol Tak\u0131m\u0131m\u0131z, ligin 19. haftas\u0131nda 15 \u015eubat Pazartesi g\u00fcn\u00fc saat 18.30\u2019da 50. Y\u0131l Deniz Esinduy Voleybol Salonu\u2019nda Bizimkent\u2019i konuk edecek. M\u00fccadele TVF Voleybol TV Youtube kanal\u0131ndan naklen yay\u0131nlanacak.<\/p>\n<p>Tak\u0131m\u0131m\u0131z\u0131 bu galibiyetten dolay\u0131 kutlar\u0131z.<\/p>\n\n\t\t<style type=\"text\/css\">\n\t\t\t#gallery-1 {\n\t\t\t\tmargin: auto;\n\t\t\t}\n\t\t\t#gallery-1 .gallery-item {\n\t\t\t\tfloat: left;\n\t\t\t\tmargin-top: 10px;\n\t\t\t\ttext-align: center;\n\t\t\t\twidth: 100%;\n\t\t\t}\n\t\t\t#gallery-1 img {\n\t\t\t\tborder: 2px solid #cfcfcf;\n\t\t\t}\n\t\t\t#gallery-1 .gallery-caption {\n\t\t\t\tmargin-left: 0;\n\t\t\t}\n\t\t\t\/* see gallery_shortcode() in wp-includes\/media.php *\/\n\t\t<\/style>\n\t\t<div data-carousel-extra='{&quot;blog_id&quot;:1,&quot;permalink&quot;:&quot;https:\/\/sarimelekler.biz\/?p=15222&quot;}' id='gallery-1' class='gallery galleryid-15222 gallery-columns-1 gallery-size-large'><dl class='gallery-item'>\n\t\t\t<dt class='gallery-icon portrait'>\n\t\t\t\t<a href='https:\/\/sarimelekler.biz\/?attachment_id=15223'><img loading=\"lazy\" decoding=\"async\" width=\"768\" height=\"1024\" src=\"https:\/\/sarimelekler.biz\/wp-content\/uploads\/2021\/02\/2.lig-20-21-18-3-768x1024.jpg\" class=\"attachment-large size-large\" alt=\"\" srcset=\"https:\/\/sarimelekler.biz\/wp-content\/uploads\/2021\/02\/2.lig-20-21-18-3-768x1024.jpg 768w, https:\/\/sarimelekler.biz\/wp-content\/uploads\/2021\/02\/2.lig-20-21-18-3-225x300.jpg 225w, https:\/\/sarimelekler.biz\/wp-content\/uploads\/2021\/02\/2.lig-20-21-18-3-1152x1536.jpg 1152w, https:\/\/sarimelekler.biz\/wp-content\/uploads\/2021\/02\/2.lig-20-21-18-3-113x150.jpg 113w, https:\/\/sarimelekler.biz\/wp-content\/uploads\/2021\/02\/2.lig-20-21-18-3.jpg 1500w\" sizes=\"auto, (max-width: 768px) 100vw, 768px\" data-attachment-id=\"15223\" data-permalink=\"https:\/\/sarimelekler.biz\/?attachment_id=15223\" data-orig-file=\"https:\/\/sarimelekler.biz\/wp-content\/uploads\/2021\/02\/2.lig-20-21-18-3.jpg\" data-orig-size=\"1500,2000\" data-comments-opened=\"0\" data-image-meta=\"{&quot;aperture&quot;:&quot;0&quot;,&quot;credit&quot;:&quot;&quot;,&quot;camera&quot;:&quot;&quot;,&quot;caption&quot;:&quot;&quot;,&quot;created_timestamp&quot;:&quot;0&quot;,&quot;copyright&quot;:&quot;&quot;,&quot;focal_length&quot;:&quot;0&quot;,&quot;iso&quot;:&quot;0&quot;,&quot;shutter_speed&quot;:&quot;0&quot;,&quot;title&quot;:&quot;&quot;,&quot;orientation&quot;:&quot;1&quot;}\" data-image-title=\"2.lig 20-21 18 (3)\" data-image-description=\"\" data-image-caption=\"\" data-large-file=\"https:\/\/sarimelekler.biz\/wp-content\/uploads\/2021\/02\/2.lig-20-21-18-3-768x1024.jpg\" \/><\/a>\n\t\t\t<\/dt><\/dl><br style=\"clear: both\" \/><dl class='gallery-item'>\n\t\t\t<dt class='gallery-icon landscape'>\n\t\t\t\t<a href='https:\/\/sarimelekler.biz\/?attachment_id=15225'><img loading=\"lazy\" decoding=\"async\" width=\"860\" height=\"679\" src=\"https:\/\/sarimelekler.biz\/wp-content\/uploads\/2021\/02\/2.lig-20-21-18-2-1024x809.jpg\" class=\"attachment-large size-large\" alt=\"\" srcset=\"https:\/\/sarimelekler.biz\/wp-content\/uploads\/2021\/02\/2.lig-20-21-18-2-1024x809.jpg 1024w, https:\/\/sarimelekler.biz\/wp-content\/uploads\/2021\/02\/2.lig-20-21-18-2-300x237.jpg 300w, https:\/\/sarimelekler.biz\/wp-content\/uploads\/2021\/02\/2.lig-20-21-18-2-768x607.jpg 768w, https:\/\/sarimelekler.biz\/wp-content\/uploads\/2021\/02\/2.lig-20-21-18-2-150x119.jpg 150w, https:\/\/sarimelekler.biz\/wp-content\/uploads\/2021\/02\/2.lig-20-21-18-2.jpg 1500w\" sizes=\"auto, (max-width: 860px) 100vw, 860px\" data-attachment-id=\"15225\" data-permalink=\"https:\/\/sarimelekler.biz\/?attachment_id=15225\" data-orig-file=\"https:\/\/sarimelekler.biz\/wp-content\/uploads\/2021\/02\/2.lig-20-21-18-2.jpg\" data-orig-size=\"1500,1185\" data-comments-opened=\"0\" data-image-meta=\"{&quot;aperture&quot;:&quot;0&quot;,&quot;credit&quot;:&quot;&quot;,&quot;camera&quot;:&quot;&quot;,&quot;caption&quot;:&quot;&quot;,&quot;created_timestamp&quot;:&quot;0&quot;,&quot;copyright&quot;:&quot;&quot;,&quot;focal_length&quot;:&quot;0&quot;,&quot;iso&quot;:&quot;0&quot;,&quot;shutter_speed&quot;:&quot;0&quot;,&quot;title&quot;:&quot;&quot;,&quot;orientation&quot;:&quot;1&quot;}\" data-image-title=\"2.lig 20-21 18 (2)\" data-image-description=\"\" data-image-caption=\"\" data-large-file=\"https:\/\/sarimelekler.biz\/wp-content\/uploads\/2021\/02\/2.lig-20-21-18-2-1024x809.jpg\" \/><\/a>\n\t\t\t<\/dt><\/dl><br style=\"clear: both\" \/><dl class='gallery-item'>\n\t\t\t<dt class='gallery-icon portrait'>\n\t\t\t\t<a href='https:\/\/sarimelekler.biz\/?attachment_id=15224'><img loading=\"lazy\" decoding=\"async\" width=\"860\" height=\"925\" src=\"https:\/\/sarimelekler.biz\/wp-content\/uploads\/2021\/02\/2.lig-20-21-18-1-952x1024.jpg\" class=\"attachment-large size-large\" alt=\"\" srcset=\"https:\/\/sarimelekler.biz\/wp-content\/uploads\/2021\/02\/2.lig-20-21-18-1-952x1024.jpg 952w, https:\/\/sarimelekler.biz\/wp-content\/uploads\/2021\/02\/2.lig-20-21-18-1-279x300.jpg 279w, https:\/\/sarimelekler.biz\/wp-content\/uploads\/2021\/02\/2.lig-20-21-18-1-768x826.jpg 768w, https:\/\/sarimelekler.biz\/wp-content\/uploads\/2021\/02\/2.lig-20-21-18-1-1428x1536.jpg 1428w, https:\/\/sarimelekler.biz\/wp-content\/uploads\/2021\/02\/2.lig-20-21-18-1-139x150.jpg 139w, https:\/\/sarimelekler.biz\/wp-content\/uploads\/2021\/02\/2.lig-20-21-18-1.jpg 1500w\" sizes=\"auto, (max-width: 860px) 100vw, 860px\" data-attachment-id=\"15224\" data-permalink=\"https:\/\/sarimelekler.biz\/?attachment_id=15224\" data-orig-file=\"https:\/\/sarimelekler.biz\/wp-content\/uploads\/2021\/02\/2.lig-20-21-18-1.jpg\" data-orig-size=\"1500,1614\" data-comments-opened=\"0\" data-image-meta=\"{&quot;aperture&quot;:&quot;0&quot;,&quot;credit&quot;:&quot;&quot;,&quot;camera&quot;:&quot;&quot;,&quot;caption&quot;:&quot;&quot;,&quot;created_timestamp&quot;:&quot;0&quot;,&quot;copyright&quot;:&quot;&quot;,&quot;focal_length&quot;:&quot;0&quot;,&quot;iso&quot;:&quot;0&quot;,&quot;shutter_speed&quot;:&quot;0&quot;,&quot;title&quot;:&quot;&quot;,&quot;orientation&quot;:&quot;1&quot;}\" data-image-title=\"2.lig 20-21 18 (1)\" data-image-description=\"\" data-image-caption=\"\" data-large-file=\"https:\/\/sarimelekler.biz\/wp-content\/uploads\/2021\/02\/2.lig-20-21-18-1-952x1024.jpg\" \/><\/a>\n\t\t\t<\/dt><\/dl><br style=\"clear: both\" \/>\n\t\t<\/div>\n\n<p>Kaynak:\u00a0<a href=\"https:\/\/www.fenerbahce.org\/haberler\/voleybol-altyapi\/2021\/2\/kucukyali-yelken-spor-1-3-fenerbahce-(2-lig-kadinlar)\" target=\"_blank\" rel=\"noopener noreferrer\">Fenerbah\u00e7e SK Resmi \u0130nternet Sitesi<\/a><\/p>\n<p style=\"text-align: right;\">07.02.2021<\/p>\n","protected":false},"excerpt":{"rendered":"<p>Fenerbah\u00e7e 2. Lig Kad\u0131n Voleybol Tak\u0131m\u0131m\u0131z, Kad\u0131nlar Voleybol 2. Ligi \u2026 <a class=\"continue-reading-link\" href=\"https:\/\/sarimelekler.biz\/?p=15222\">Okumaya Devam Et.. <span class=\"meta-nav\">&rarr; <\/span><\/a><\/p>\n","protected":false},"author":1,"featured_media":15226,"comment_status":"closed","ping_status":"open","sticky":false,"template":"","format":"standard","meta":{"jetpack_post_was_ever_published":false,"_jetpack_newsletter_access":"","_jetpack_dont_email_post_to_subs":false,"_jetpack_newsletter_tier_id":0,"_jetpack_memberships_contains_paywalled_content":false,"_jetpack_memberships_contains_paid_content":false,"footnotes":"","jetpack_publicize_message":"","jetpack_publicize_feature_enabled":true,"jetpack_social_post_already_shared":true,"jetpack_social_options":{"image_generator_settings":{"template":"highway","default_image_id":0,"font":"","enabled":false},"version":2}},"categories":[26],"tags":[],"class_list":["post-15222","post","type-post","status-publish","format-standard","has-post-thumbnail","hentry","category-2-lig-takimi"],"jetpack_publicize_connections":[],"jetpack_featured_media_url":"https:\/\/sarimelekler.biz\/wp-content\/uploads\/2021\/02\/2.lig-20-21-18-4.jpg","jetpack_sharing_enabled":true,"jetpack_shortlink":"https:\/\/wp.me\/p8npUZ-3Xw","jetpack-related-posts":[{"id":15197,"url":"https:\/\/sarimelekler.biz\/?p=15197","url_meta":{"origin":15222,"position":0},"title":"2. Lig: Fenerbah\u00e7e:3 \u2013 Kartal Belediye: 2","author":"Edit\u00f6r","date":"30 Ocak 2021","format":false,"excerpt":"Fenerbah\u00e7e 2. Lig Kad\u0131n Voleybol Tak\u0131m\u0131m\u0131z, Kad\u0131nlar 2.Ligi 17.haftas\u0131nda kar\u015f\u0131la\u015ft\u0131\u011f\u0131 Kartal Belediyesi tak\u0131m\u0131n\u0131 25-22, 17-25, 27-25, 21-25 ve 15-13\u2019l\u00fck set skorlar\u0131yla 3-2 ma\u011flup etti. Tak\u0131m\u0131m\u0131z, ligin 18.haftas\u0131nda 7 \u015eubat Pazar g\u00fcn\u00fc saat:16.30\u2019da K\u00fc\u00e7\u00fckyal\u0131 Yelken Spor\u2019a konuk olacak. 50. Y\u0131l Deniz Esinduy Voleybol Salonu\u2019nda oynanacak ma\u00e7 TVF Voleybol TV Youtube kanal\u0131ndan\u2026","rel":"","context":"&quot;2. Lig Tak\u0131m\u0131&quot; i\u00e7inde","block_context":{"text":"2. Lig Tak\u0131m\u0131","link":"https:\/\/sarimelekler.biz\/?cat=26"},"img":{"alt_text":"","src":"https:\/\/i0.wp.com\/sarimelekler.biz\/wp-content\/uploads\/2021\/01\/2.-Lig-20-21-14-4.jpg?resize=350%2C200&ssl=1","width":350,"height":200,"srcset":"https:\/\/i0.wp.com\/sarimelekler.biz\/wp-content\/uploads\/2021\/01\/2.-Lig-20-21-14-4.jpg?resize=350%2C200&ssl=1 1x, https:\/\/i0.wp.com\/sarimelekler.biz\/wp-content\/uploads\/2021\/01\/2.-Lig-20-21-14-4.jpg?resize=525%2C300&ssl=1 1.5x, https:\/\/i0.wp.com\/sarimelekler.biz\/wp-content\/uploads\/2021\/01\/2.-Lig-20-21-14-4.jpg?resize=700%2C400&ssl=1 2x, https:\/\/i0.wp.com\/sarimelekler.biz\/wp-content\/uploads\/2021\/01\/2.-Lig-20-21-14-4.jpg?resize=1050%2C600&ssl=1 3x, https:\/\/i0.wp.com\/sarimelekler.biz\/wp-content\/uploads\/2021\/01\/2.-Lig-20-21-14-4.jpg?resize=1400%2C800&ssl=1 4x"},"classes":[]},{"id":15383,"url":"https:\/\/sarimelekler.biz\/?p=15383","url_meta":{"origin":15222,"position":1},"title":"Fenerbah\u00e7e:1 \u2013 Bah\u00e7elievler BLD:3","author":"Edit\u00f6r","date":"27 \u015eubat 2021","format":false,"excerpt":"Fenerbah\u00e7e 2. Lig Kad\u0131n Voleybol Tak\u0131m\u0131m\u0131z, Kad\u0131nlar Voleybol 2. Ligi 21. haftas\u0131nda konuk etti\u011fi Bah\u00e7elievler Belediyesi\u2019ne 3-1 yenildi. 50.Y\u0131l Deniz Esinduy Voleybol Salonu\u2019nda oynanan m\u00fcsabakan\u0131n setleri 21-25, 25-22, 16-25, 23-25 tamamland\u0131. 2.Lig Kad\u0131n Voleybol Tak\u0131m\u0131m\u0131z, ligin 22. haftas\u0131nda 7 Mart Pazar g\u00fcn\u00fc saat 12.00\u2019da 50. Y\u0131l Deniz Esinduy Voleybol Salonu\u2019nda\u2026","rel":"","context":"&quot;2. Lig Tak\u0131m\u0131&quot; i\u00e7inde","block_context":{"text":"2. Lig Tak\u0131m\u0131","link":"https:\/\/sarimelekler.biz\/?cat=26"},"img":{"alt_text":"","src":"https:\/\/i0.wp.com\/sarimelekler.biz\/wp-content\/uploads\/2021\/02\/2.lig-20-21-18-4.jpg?resize=350%2C200&ssl=1","width":350,"height":200,"srcset":"https:\/\/i0.wp.com\/sarimelekler.biz\/wp-content\/uploads\/2021\/02\/2.lig-20-21-18-4.jpg?resize=350%2C200&ssl=1 1x, https:\/\/i0.wp.com\/sarimelekler.biz\/wp-content\/uploads\/2021\/02\/2.lig-20-21-18-4.jpg?resize=525%2C300&ssl=1 1.5x, https:\/\/i0.wp.com\/sarimelekler.biz\/wp-content\/uploads\/2021\/02\/2.lig-20-21-18-4.jpg?resize=700%2C400&ssl=1 2x, https:\/\/i0.wp.com\/sarimelekler.biz\/wp-content\/uploads\/2021\/02\/2.lig-20-21-18-4.jpg?resize=1050%2C600&ssl=1 3x, https:\/\/i0.wp.com\/sarimelekler.biz\/wp-content\/uploads\/2021\/02\/2.lig-20-21-18-4.jpg?resize=1400%2C800&ssl=1 4x"},"classes":[]},{"id":15386,"url":"https:\/\/sarimelekler.biz\/?p=15386","url_meta":{"origin":15222,"position":2},"title":"K\u00fc\u00e7\u00fck\u00e7ekmece Voleybol:0 \u2013 Fenerbah\u00e7e:3","author":"Edit\u00f6r","date":"17 Ocak 2021","format":false,"excerpt":"Fenerbah\u00e7e 2. Lig Kad\u0131n Voleybol Tak\u0131m\u0131m\u0131z, Kad\u0131nlar Voleybol 2. Ligi 15. hafta m\u00fcsabakas\u0131nda K\u00fc\u00e7\u00fck\u00e7ekmece Voleybol\u2019a konuk oldu.\u00a0Tak\u0131m\u0131m\u0131z, Osman Solako\u011flu Spor Salonu\u2019nda oynanan m\u00fcsabakadan 21-25, 17-25, 16-25\u2019lik setler sonucu 3-0 galip ayr\u0131ld\u0131.\u00a02. Lig Kad\u0131n Voleybol Tak\u0131m\u0131m\u0131z, ligin 16. haftas\u0131nda 23 Ocak Cumartesi g\u00fcn\u00fc saat 16.00\u2019da 50. Y\u0131l Deniz Esinduy Voleybol Salonu\u2019nda\u2026","rel":"","context":"&quot;2. Lig Tak\u0131m\u0131&quot; i\u00e7inde","block_context":{"text":"2. Lig Tak\u0131m\u0131","link":"https:\/\/sarimelekler.biz\/?cat=26"},"img":{"alt_text":"","src":"https:\/\/i0.wp.com\/sarimelekler.biz\/wp-content\/uploads\/2020\/11\/2.lig-20-21-8-2-Kapak.jpg?resize=350%2C200&ssl=1","width":350,"height":200,"srcset":"https:\/\/i0.wp.com\/sarimelekler.biz\/wp-content\/uploads\/2020\/11\/2.lig-20-21-8-2-Kapak.jpg?resize=350%2C200&ssl=1 1x, https:\/\/i0.wp.com\/sarimelekler.biz\/wp-content\/uploads\/2020\/11\/2.lig-20-21-8-2-Kapak.jpg?resize=525%2C300&ssl=1 1.5x, https:\/\/i0.wp.com\/sarimelekler.biz\/wp-content\/uploads\/2020\/11\/2.lig-20-21-8-2-Kapak.jpg?resize=700%2C400&ssl=1 2x, https:\/\/i0.wp.com\/sarimelekler.biz\/wp-content\/uploads\/2020\/11\/2.lig-20-21-8-2-Kapak.jpg?resize=1050%2C600&ssl=1 3x, https:\/\/i0.wp.com\/sarimelekler.biz\/wp-content\/uploads\/2020\/11\/2.lig-20-21-8-2-Kapak.jpg?resize=1400%2C800&ssl=1 4x"},"classes":[]},{"id":14369,"url":"https:\/\/sarimelekler.biz\/?p=14369","url_meta":{"origin":15222,"position":3},"title":"2. Lig: Fenerbah\u00e7e:3 &#8211; Tunal\u0131 Spor:0","author":"Edit\u00f6r","date":"9 Kas\u0131m 2020","format":false,"excerpt":"Fenerbah\u00e7e 2. Lig Kad\u0131n Voleybol Tak\u0131m\u0131m\u0131z, sezonun 5. haftas\u0131nda Tunal\u0131 Spor ile kar\u015f\u0131la\u015ft\u0131. Tak\u0131m\u0131m\u0131z, 50. Y\u0131l Deniz Esinduy Voleybol Salonu\u2019nda oynanan ve setleri 25-22, 25-22 ve 25-12 tamamlanan m\u00fccadeleden 3-0 galip ayr\u0131ld\u0131.Tak\u0131m\u0131m\u0131z ligin alt\u0131nc\u0131 haftas\u0131nda 15 Kas\u0131m Pazar g\u00fcn\u00fc saat 16.00\u2019da Yakac\u0131k \u0130TO Spor Salonu\u2019nda, Kartal Belediyespor\u2019a konuk olacak. Tak\u0131m\u0131m\u0131z\u0131\u2026","rel":"","context":"&quot;2. Lig Tak\u0131m\u0131&quot; i\u00e7inde","block_context":{"text":"2. Lig Tak\u0131m\u0131","link":"https:\/\/sarimelekler.biz\/?cat=26"},"img":{"alt_text":"","src":"https:\/\/i0.wp.com\/sarimelekler.biz\/wp-content\/uploads\/2020\/11\/2.-lig-5.jpg?resize=350%2C200&ssl=1","width":350,"height":200,"srcset":"https:\/\/i0.wp.com\/sarimelekler.biz\/wp-content\/uploads\/2020\/11\/2.-lig-5.jpg?resize=350%2C200&ssl=1 1x, https:\/\/i0.wp.com\/sarimelekler.biz\/wp-content\/uploads\/2020\/11\/2.-lig-5.jpg?resize=525%2C300&ssl=1 1.5x, https:\/\/i0.wp.com\/sarimelekler.biz\/wp-content\/uploads\/2020\/11\/2.-lig-5.jpg?resize=700%2C400&ssl=1 2x, https:\/\/i0.wp.com\/sarimelekler.biz\/wp-content\/uploads\/2020\/11\/2.-lig-5.jpg?resize=1050%2C600&ssl=1 3x"},"classes":[]},{"id":14099,"url":"https:\/\/sarimelekler.biz\/?p=14099","url_meta":{"origin":15222,"position":4},"title":"Fenerbah\u00e7e 2. Lig Kad\u0131n Voleybol Tak\u0131m\u0131m\u0131z Ligde 2\u2019de 2 Yapt\u0131","author":"Edit\u00f6r","date":"17 Ekim 2020","format":false,"excerpt":"Fenerbah\u00e7e 2. Lig Kad\u0131n Voleybol Tak\u0131m\u0131m\u0131z, sezonun ikinci ma\u00e7\u0131nda Fenerbah\u00e7e Koleji ile 50. Y\u0131l Deniz Esinduy Voleybol Salonu\u2019nda kar\u015f\u0131 kar\u015f\u0131ya geldi. Tak\u0131m\u0131m\u0131z, 25-11, 25-17 ve 25-15\u2019lik setler sonunda sahadan 3-0 galip ayr\u0131larak ligde 2\u2018de 2 yapt\u0131. M\u00fcsabakay\u0131 Voleybol \u015eubesinden Sorumlu Y\u00f6netim Kurulu \u00dcyemiz Simla T\u00fcrker Bayaz\u0131t da takip etti. Tak\u0131m\u0131m\u0131z\u2026","rel":"","context":"&quot;2. Lig Tak\u0131m\u0131&quot; i\u00e7inde","block_context":{"text":"2. Lig Tak\u0131m\u0131","link":"https:\/\/sarimelekler.biz\/?cat=26"},"img":{"alt_text":"","src":"https:\/\/i0.wp.com\/sarimelekler.biz\/wp-content\/uploads\/2020\/10\/2.-Lig-2-6.jpg?resize=350%2C200&ssl=1","width":350,"height":200,"srcset":"https:\/\/i0.wp.com\/sarimelekler.biz\/wp-content\/uploads\/2020\/10\/2.-Lig-2-6.jpg?resize=350%2C200&ssl=1 1x, https:\/\/i0.wp.com\/sarimelekler.biz\/wp-content\/uploads\/2020\/10\/2.-Lig-2-6.jpg?resize=525%2C300&ssl=1 1.5x, https:\/\/i0.wp.com\/sarimelekler.biz\/wp-content\/uploads\/2020\/10\/2.-Lig-2-6.jpg?resize=700%2C400&ssl=1 2x, https:\/\/i0.wp.com\/sarimelekler.biz\/wp-content\/uploads\/2020\/10\/2.-Lig-2-6.jpg?resize=1050%2C600&ssl=1 3x, https:\/\/i0.wp.com\/sarimelekler.biz\/wp-content\/uploads\/2020\/10\/2.-Lig-2-6.jpg?resize=1400%2C800&ssl=1 4x"},"classes":[]},{"id":15094,"url":"https:\/\/sarimelekler.biz\/?p=15094","url_meta":{"origin":15222,"position":5},"title":"2. Lig: Tunal\u0131 Spor:1 \u2013 Fenerbah\u00e7e:3","author":"Edit\u00f6r","date":"23 Ocak 2021","format":false,"excerpt":"Fenerbah\u00e7e 2. Lig Kad\u0131n Voleybol Tak\u0131m\u0131m\u0131z, sezonun 16. haftas\u0131nda deplasmanda kar\u015f\u0131la\u015ft\u0131\u011f\u0131 Tunal\u0131 Spor tak\u0131m\u0131n\u0131 13-25, 26-24, 17-25 ve 18-25\u2019lik set skorlar\u0131yla 3-1 ma\u011flup etti. Tak\u0131m\u0131m\u0131z ligin 17. haftas\u0131nda 30 Ocak Cumartesi g\u00fcn\u00fc saat 16.00\u2019da 50. Y\u0131l Deniz Esinduy Voleybol Salonu\u2019nda Kartal Belediye\u2019yi konuk edecek. M\u00fccadele TVF Voleybol TV Youtube kanal\u0131ndan\u2026","rel":"","context":"&quot;2. Lig Tak\u0131m\u0131&quot; i\u00e7inde","block_context":{"text":"2. Lig Tak\u0131m\u0131","link":"https:\/\/sarimelekler.biz\/?cat=26"},"img":{"alt_text":"","src":"https:\/\/i0.wp.com\/sarimelekler.biz\/wp-content\/uploads\/2021\/01\/2.-Lig-20-21-14-4.jpg?resize=350%2C200&ssl=1","width":350,"height":200,"srcset":"https:\/\/i0.wp.com\/sarimelekler.biz\/wp-content\/uploads\/2021\/01\/2.-Lig-20-21-14-4.jpg?resize=350%2C200&ssl=1 1x, https:\/\/i0.wp.com\/sarimelekler.biz\/wp-content\/uploads\/2021\/01\/2.-Lig-20-21-14-4.jpg?resize=525%2C300&ssl=1 1.5x, https:\/\/i0.wp.com\/sarimelekler.biz\/wp-content\/uploads\/2021\/01\/2.-Lig-20-21-14-4.jpg?resize=700%2C400&ssl=1 2x, https:\/\/i0.wp.com\/sarimelekler.biz\/wp-content\/uploads\/2021\/01\/2.-Lig-20-21-14-4.jpg?resize=1050%2C600&ssl=1 3x, https:\/\/i0.wp.com\/sarimelekler.biz\/wp-content\/uploads\/2021\/01\/2.-Lig-20-21-14-4.jpg?resize=1400%2C800&ssl=1 4x"},"classes":[]}],"_links":{"self":[{"href":"https:\/\/sarimelekler.biz\/index.php?rest_route=\/wp\/v2\/posts\/15222","targetHints":{"allow":["GET"]}}],"collection":[{"href":"https:\/\/sarimelekler.biz\/index.php?rest_route=\/wp\/v2\/posts"}],"about":[{"href":"https:\/\/sarimelekler.biz\/index.php?rest_route=\/wp\/v2\/types\/post"}],"author":[{"embeddable":true,"href":"https:\/\/sarimelekler.biz\/index.php?rest_route=\/wp\/v2\/users\/1"}],"replies":[{"embeddable":true,"href":"https:\/\/sarimelekler.biz\/index.php?rest_route=%2Fwp%2Fv2%2Fcomments&post=15222"}],"version-history":[{"count":4,"href":"https:\/\/sarimelekler.biz\/index.php?rest_route=\/wp\/v2\/posts\/15222\/revisions"}],"predecessor-version":[{"id":15230,"href":"https:\/\/sarimelekler.biz\/index.php?rest_route=\/wp\/v2\/posts\/15222\/revisions\/15230"}],"wp:featuredmedia":[{"embeddable":true,"href":"https:\/\/sarimelekler.biz\/index.php?rest_route=\/wp\/v2\/media\/15226"}],"wp:attachment":[{"href":"https:\/\/sarimelekler.biz\/index.php?rest_route=%2Fwp%2Fv2%2Fmedia&parent=15222"}],"wp:term":[{"taxonomy":"category","embeddable":true,"href":"https:\/\/sarimelekler.biz\/index.php?rest_route=%2Fwp%2Fv2%2Fcategories&post=15222"},{"taxonomy":"post_tag","embeddable":true,"href":"https:\/\/sarimelekler.biz\/index.php?rest_route=%2Fwp%2Fv2%2Ftags&post=15222"}],"curies":[{"name":"wp","href":"https:\/\/api.w.org\/{rel}","templated":true}]}}