{"id":15256,"date":"2021-02-13T23:06:08","date_gmt":"2021-02-13T20:06:08","guid":{"rendered":"http:\/\/sarimelekler.biz\/?p=15256"},"modified":"2021-02-13T23:06:09","modified_gmt":"2021-02-13T20:06:09","slug":"1-lig-fenerbahce1-karsiyaka3","status":"publish","type":"post","link":"https:\/\/sarimelekler.biz\/?p=15256","title":{"rendered":"1.Lig: Fenerbah\u00e7e:1 &#8211; Kar\u015f\u0131yaka:3"},"content":{"rendered":"\n<p style=\"text-align: justify;\">Sigorta Shop Kad\u0131nlar Voleybol 1. Ligi\u2019nde m\u00fccadele eden Fenerbah\u00e7e Kad\u0131n Voleybol Tak\u0131m\u0131m\u0131z, ligin 15. haftas\u0131nda kar\u015f\u0131la\u015ft\u0131\u011f\u0131 lig lideri Kar\u015f\u0131yaka tak\u0131m\u0131na 18-25, 26-24, 21-25 ve 10-25\u2019lik set skorlar\u0131yla 3-1 ma\u011flup oldu.<\/p>\n<p style=\"text-align: justify;\">Tak\u0131m\u0131m\u0131z\u0131n ligin 16. haftas\u0131nda kar\u015f\u0131la\u015faca\u011f\u0131 \u0130BB ma\u00e7\u0131n\u0131n planlamas\u0131 TVF taraf\u0131ndan hen\u00fcz yay\u0131nlanmad\u0131.<\/p>\n\n\t\t<style type=\"text\/css\">\n\t\t\t#gallery-1 {\n\t\t\t\tmargin: auto;\n\t\t\t}\n\t\t\t#gallery-1 .gallery-item {\n\t\t\t\tfloat: left;\n\t\t\t\tmargin-top: 10px;\n\t\t\t\ttext-align: center;\n\t\t\t\twidth: 100%;\n\t\t\t}\n\t\t\t#gallery-1 img {\n\t\t\t\tborder: 2px solid #cfcfcf;\n\t\t\t}\n\t\t\t#gallery-1 .gallery-caption {\n\t\t\t\tmargin-left: 0;\n\t\t\t}\n\t\t\t\/* see gallery_shortcode() in wp-includes\/media.php *\/\n\t\t<\/style>\n\t\t<div data-carousel-extra='{&quot;blog_id&quot;:1,&quot;permalink&quot;:&quot;https:\/\/sarimelekler.biz\/?p=15256&quot;}' id='gallery-1' class='gallery galleryid-15256 gallery-columns-1 gallery-size-large'><dl class='gallery-item'>\n\t\t\t<dt class='gallery-icon landscape'>\n\t\t\t\t<a href='https:\/\/sarimelekler.biz\/?attachment_id=15257'><img loading=\"lazy\" decoding=\"async\" width=\"860\" height=\"574\" src=\"https:\/\/sarimelekler.biz\/wp-content\/uploads\/2021\/02\/1.lig-20-21-15-2.jpg\" class=\"attachment-large size-large\" alt=\"\" srcset=\"https:\/\/sarimelekler.biz\/wp-content\/uploads\/2021\/02\/1.lig-20-21-15-2.jpg 1000w, https:\/\/sarimelekler.biz\/wp-content\/uploads\/2021\/02\/1.lig-20-21-15-2-300x200.jpg 300w, https:\/\/sarimelekler.biz\/wp-content\/uploads\/2021\/02\/1.lig-20-21-15-2-768x512.jpg 768w, https:\/\/sarimelekler.biz\/wp-content\/uploads\/2021\/02\/1.lig-20-21-15-2-150x100.jpg 150w\" sizes=\"auto, (max-width: 860px) 100vw, 860px\" data-attachment-id=\"15257\" data-permalink=\"https:\/\/sarimelekler.biz\/?attachment_id=15257\" data-orig-file=\"https:\/\/sarimelekler.biz\/wp-content\/uploads\/2021\/02\/1.lig-20-21-15-2.jpg\" data-orig-size=\"1000,667\" data-comments-opened=\"0\" data-image-meta=\"{&quot;aperture&quot;:&quot;3.2&quot;,&quot;credit&quot;:&quot;&quot;,&quot;camera&quot;:&quot;Canon EOS 7D Mark II&quot;,&quot;caption&quot;:&quot;&quot;,&quot;created_timestamp&quot;:&quot;1613234923&quot;,&quot;copyright&quot;:&quot;&quot;,&quot;focal_length&quot;:&quot;200&quot;,&quot;iso&quot;:&quot;4000&quot;,&quot;shutter_speed&quot;:&quot;0.002&quot;,&quot;title&quot;:&quot;&quot;,&quot;orientation&quot;:&quot;0&quot;}\" data-image-title=\"1.lig 20-21 15 (2)\" data-image-description=\"\" data-image-caption=\"\" data-large-file=\"https:\/\/sarimelekler.biz\/wp-content\/uploads\/2021\/02\/1.lig-20-21-15-2.jpg\" \/><\/a>\n\t\t\t<\/dt><\/dl><br style=\"clear: both\" \/><dl class='gallery-item'>\n\t\t\t<dt class='gallery-icon landscape'>\n\t\t\t\t<a href='https:\/\/sarimelekler.biz\/?attachment_id=15258'><img loading=\"lazy\" decoding=\"async\" width=\"860\" height=\"574\" src=\"https:\/\/sarimelekler.biz\/wp-content\/uploads\/2021\/02\/1.lig-20-21-15-1.jpg\" class=\"attachment-large size-large\" alt=\"\" srcset=\"https:\/\/sarimelekler.biz\/wp-content\/uploads\/2021\/02\/1.lig-20-21-15-1.jpg 1000w, https:\/\/sarimelekler.biz\/wp-content\/uploads\/2021\/02\/1.lig-20-21-15-1-300x200.jpg 300w, https:\/\/sarimelekler.biz\/wp-content\/uploads\/2021\/02\/1.lig-20-21-15-1-768x512.jpg 768w, https:\/\/sarimelekler.biz\/wp-content\/uploads\/2021\/02\/1.lig-20-21-15-1-150x100.jpg 150w\" sizes=\"auto, (max-width: 860px) 100vw, 860px\" data-attachment-id=\"15258\" data-permalink=\"https:\/\/sarimelekler.biz\/?attachment_id=15258\" data-orig-file=\"https:\/\/sarimelekler.biz\/wp-content\/uploads\/2021\/02\/1.lig-20-21-15-1.jpg\" data-orig-size=\"1000,667\" data-comments-opened=\"0\" data-image-meta=\"{&quot;aperture&quot;:&quot;3.5&quot;,&quot;credit&quot;:&quot;&quot;,&quot;camera&quot;:&quot;Canon EOS 7D Mark II&quot;,&quot;caption&quot;:&quot;&quot;,&quot;created_timestamp&quot;:&quot;1613234494&quot;,&quot;copyright&quot;:&quot;&quot;,&quot;focal_length&quot;:&quot;147&quot;,&quot;iso&quot;:&quot;4000&quot;,&quot;shutter_speed&quot;:&quot;0.002&quot;,&quot;title&quot;:&quot;&quot;,&quot;orientation&quot;:&quot;0&quot;}\" data-image-title=\"1.lig 20-21 15 (1)\" data-image-description=\"\" data-image-caption=\"\" data-large-file=\"https:\/\/sarimelekler.biz\/wp-content\/uploads\/2021\/02\/1.lig-20-21-15-1.jpg\" \/><\/a>\n\t\t\t<\/dt><\/dl><br style=\"clear: both\" \/>\n\t\t<\/div>\n\n<p>Foto\u011fraf Kaynak:\u00a0<a href=\"http:\/\/tvf-web.dataproject.com\/MatchStatistics.aspx?mID=6853&amp;ID=52&amp;CID=131&amp;PID=98&amp;type=LegList\" target=\"_blank\" rel=\"noopener noreferrer\">TVF Resmi \u0130nternet Sitesi<\/a><\/p>\n<p style=\"text-align: right;\">13.02.2021<\/p>\n","protected":false},"excerpt":{"rendered":"<p>Sigorta Shop Kad\u0131nlar Voleybol 1. Ligi\u2019nde m\u00fccadele eden Fenerbah\u00e7e Kad\u0131n \u2026 <a class=\"continue-reading-link\" href=\"https:\/\/sarimelekler.biz\/?p=15256\">Okumaya Devam Et.. <span class=\"meta-nav\">&rarr; <\/span><\/a><\/p>\n","protected":false},"author":1,"featured_media":15257,"comment_status":"closed","ping_status":"open","sticky":false,"template":"","format":"standard","meta":{"jetpack_post_was_ever_published":false,"_jetpack_newsletter_access":"","_jetpack_dont_email_post_to_subs":false,"_jetpack_newsletter_tier_id":0,"_jetpack_memberships_contains_paywalled_content":false,"_jetpack_memberships_contains_paid_content":false,"footnotes":"","jetpack_publicize_message":"","jetpack_publicize_feature_enabled":true,"jetpack_social_post_already_shared":true,"jetpack_social_options":{"image_generator_settings":{"template":"highway","default_image_id":0,"font":"","enabled":false},"version":2}},"categories":[25],"tags":[],"class_list":["post-15256","post","type-post","status-publish","format-standard","has-post-thumbnail","hentry","category-1-lig-takimi"],"jetpack_publicize_connections":[],"jetpack_featured_media_url":"https:\/\/sarimelekler.biz\/wp-content\/uploads\/2021\/02\/1.lig-20-21-15-2.jpg","jetpack_sharing_enabled":true,"jetpack_shortlink":"https:\/\/wp.me\/p8npUZ-3Y4","jetpack-related-posts":[{"id":14621,"url":"https:\/\/sarimelekler.biz\/?p=14621","url_meta":{"origin":15256,"position":0},"title":"1. Lig: Kar\u015f\u0131yaka:3 &#8211; Fenerbah\u00e7e:1","author":"Edit\u00f6r","date":"2 Aral\u0131k 2020","format":false,"excerpt":"Sigorta Shop Kad\u0131nlar 1.Ligi\u2019nin 4.haftas\u0131nda oynanmas\u0131 planlanan fakat \u0130zmir ve \u00e7evresinde ya\u015fanan deprem nedeniyle tehir edilen Kar\u015f\u0131yaka ile bug\u00fcn deplasmanda kar\u015f\u0131la\u015fan Tak\u0131m\u0131m\u0131z m\u00fccadeleden 3-1 ma\u011flup ayr\u0131ld\u0131. Mustafa Kemal Atat\u00fcrk Spor Salonu\u2019nda oynanan m\u00fcsabakan\u0131n setleri 28-26, 16-25, 25-12 ve 25-15 sonu\u00e7land\u0131.Tak\u0131m\u0131m\u0131z, ligin 9.haftas\u0131nda 5 Aral\u0131k Cumartesi g\u00fcn\u00fc saat 16.30\u2019da 50. Y\u0131l\u2026","rel":"","context":"&quot;1. Lig Tak\u0131m\u0131&quot; i\u00e7inde","block_context":{"text":"1. Lig Tak\u0131m\u0131","link":"https:\/\/sarimelekler.biz\/?cat=25"},"img":{"alt_text":"","src":"https:\/\/i0.wp.com\/sarimelekler.biz\/wp-content\/uploads\/2020\/11\/1.Lig-20-21-6-3.jpg?resize=350%2C200&ssl=1","width":350,"height":200,"srcset":"https:\/\/i0.wp.com\/sarimelekler.biz\/wp-content\/uploads\/2020\/11\/1.Lig-20-21-6-3.jpg?resize=350%2C200&ssl=1 1x, https:\/\/i0.wp.com\/sarimelekler.biz\/wp-content\/uploads\/2020\/11\/1.Lig-20-21-6-3.jpg?resize=525%2C300&ssl=1 1.5x, https:\/\/i0.wp.com\/sarimelekler.biz\/wp-content\/uploads\/2020\/11\/1.Lig-20-21-6-3.jpg?resize=700%2C400&ssl=1 2x, https:\/\/i0.wp.com\/sarimelekler.biz\/wp-content\/uploads\/2020\/11\/1.Lig-20-21-6-3.jpg?resize=1050%2C600&ssl=1 3x, https:\/\/i0.wp.com\/sarimelekler.biz\/wp-content\/uploads\/2020\/11\/1.Lig-20-21-6-3.jpg?resize=1400%2C800&ssl=1 4x"},"classes":[]},{"id":15383,"url":"https:\/\/sarimelekler.biz\/?p=15383","url_meta":{"origin":15256,"position":1},"title":"Fenerbah\u00e7e:1 \u2013 Bah\u00e7elievler BLD:3","author":"Edit\u00f6r","date":"27 \u015eubat 2021","format":false,"excerpt":"Fenerbah\u00e7e 2. Lig Kad\u0131n Voleybol Tak\u0131m\u0131m\u0131z, Kad\u0131nlar Voleybol 2. Ligi 21. haftas\u0131nda konuk etti\u011fi Bah\u00e7elievler Belediyesi\u2019ne 3-1 yenildi. 50.Y\u0131l Deniz Esinduy Voleybol Salonu\u2019nda oynanan m\u00fcsabakan\u0131n setleri 21-25, 25-22, 16-25, 23-25 tamamland\u0131. 2.Lig Kad\u0131n Voleybol Tak\u0131m\u0131m\u0131z, ligin 22. haftas\u0131nda 7 Mart Pazar g\u00fcn\u00fc saat 12.00\u2019da 50. Y\u0131l Deniz Esinduy Voleybol Salonu\u2019nda\u2026","rel":"","context":"&quot;2. Lig Tak\u0131m\u0131&quot; i\u00e7inde","block_context":{"text":"2. Lig Tak\u0131m\u0131","link":"https:\/\/sarimelekler.biz\/?cat=26"},"img":{"alt_text":"","src":"https:\/\/i0.wp.com\/sarimelekler.biz\/wp-content\/uploads\/2021\/02\/2.lig-20-21-18-4.jpg?resize=350%2C200&ssl=1","width":350,"height":200,"srcset":"https:\/\/i0.wp.com\/sarimelekler.biz\/wp-content\/uploads\/2021\/02\/2.lig-20-21-18-4.jpg?resize=350%2C200&ssl=1 1x, https:\/\/i0.wp.com\/sarimelekler.biz\/wp-content\/uploads\/2021\/02\/2.lig-20-21-18-4.jpg?resize=525%2C300&ssl=1 1.5x, https:\/\/i0.wp.com\/sarimelekler.biz\/wp-content\/uploads\/2021\/02\/2.lig-20-21-18-4.jpg?resize=700%2C400&ssl=1 2x, https:\/\/i0.wp.com\/sarimelekler.biz\/wp-content\/uploads\/2021\/02\/2.lig-20-21-18-4.jpg?resize=1050%2C600&ssl=1 3x, https:\/\/i0.wp.com\/sarimelekler.biz\/wp-content\/uploads\/2021\/02\/2.lig-20-21-18-4.jpg?resize=1400%2C800&ssl=1 4x"},"classes":[]},{"id":14862,"url":"https:\/\/sarimelekler.biz\/?p=14862","url_meta":{"origin":15256,"position":2},"title":"2. Lig: Fenerbah\u00e7e:3 \u2013 Kartal Anadolu:0","author":"Edit\u00f6r","date":"27 Aral\u0131k 2020","format":false,"excerpt":"Fenerbah\u00e7e 2. Lig Kad\u0131n Voleybol Tak\u0131m\u0131m\u0131z, Kad\u0131nlar 2.Ligi 12.haftas\u0131nda kar\u015f\u0131la\u015ft\u0131\u011f\u0131 Kartal Anadolu tak\u0131m\u0131n\u0131 25-15, 25-18 ve 25-18\u2019lik set skorlar\u0131yla 3-0 ma\u011flup etti. Tak\u0131m\u0131m\u0131z, ligin 13.haftas\u0131nda 05 Ocak Sal\u0131 g\u00fcn\u00fc saat:16.00\u2019da Fenerbah\u00e7e Koleji tak\u0131m\u0131 ile kar\u015f\u0131la\u015facak. Ma\u00e7 50. Y\u0131l Deniz Esinduy Voleybol Salonunda oynanacak ve Youtube \u00fczerinden yay\u0131n yapan TVF Voleybol\u2026","rel":"","context":"&quot;2. Lig Tak\u0131m\u0131&quot; i\u00e7inde","block_context":{"text":"2. Lig Tak\u0131m\u0131","link":"https:\/\/sarimelekler.biz\/?cat=26"},"img":{"alt_text":"","src":"https:\/\/i0.wp.com\/sarimelekler.biz\/wp-content\/uploads\/2020\/12\/2.lig-20-21-12.jpg?resize=350%2C200&ssl=1","width":350,"height":200,"srcset":"https:\/\/i0.wp.com\/sarimelekler.biz\/wp-content\/uploads\/2020\/12\/2.lig-20-21-12.jpg?resize=350%2C200&ssl=1 1x, https:\/\/i0.wp.com\/sarimelekler.biz\/wp-content\/uploads\/2020\/12\/2.lig-20-21-12.jpg?resize=525%2C300&ssl=1 1.5x, https:\/\/i0.wp.com\/sarimelekler.biz\/wp-content\/uploads\/2020\/12\/2.lig-20-21-12.jpg?resize=700%2C400&ssl=1 2x, https:\/\/i0.wp.com\/sarimelekler.biz\/wp-content\/uploads\/2020\/12\/2.lig-20-21-12.jpg?resize=1050%2C600&ssl=1 3x, https:\/\/i0.wp.com\/sarimelekler.biz\/wp-content\/uploads\/2020\/12\/2.lig-20-21-12.jpg?resize=1400%2C800&ssl=1 4x"},"classes":[]},{"id":14247,"url":"https:\/\/sarimelekler.biz\/?p=14247","url_meta":{"origin":15256,"position":3},"title":"2. Lig Fenerbah\u00e7e:3 &#8211; K\u00fc\u00e7\u00fck\u00e7ekmece Voleybol:2","author":"Edit\u00f6r","date":"31 Ekim 2020","format":false,"excerpt":"Fenerbah\u00e7e 2. Lig Kad\u0131n Voleybol Tak\u0131m\u0131m\u0131z, sezonun d\u00f6rd\u00fcnc\u00fc haftas\u0131nda kar\u015f\u0131la\u015ft\u0131\u011f\u0131 K\u00fc\u00e7\u00fck\u00e7ekmece Voleybol tak\u0131m\u0131n\u0131 21-25, 27-25, 19-25, 25-20, 15-8\u2019lik set skorlar\u0131yla 3-2 ma\u011flup etti. Tak\u0131m\u0131m\u0131z ligin be\u015finci haftas\u0131nda 9 Kas\u0131m Pazartesi g\u00fcn\u00fc Tunal\u0131 Spor tak\u0131m\u0131 ile kar\u015f\u0131la\u015facak. Ma\u00e7 saat:20:00\u2019da 50. Y\u0131l Deniz Esinduy Voleybol Salonu\u2019nda oynanacak ve Tvf Voleybol Tv\u2019den canl\u0131\u2026","rel":"","context":"&quot;2. Lig Tak\u0131m\u0131&quot; i\u00e7inde","block_context":{"text":"2. Lig Tak\u0131m\u0131","link":"https:\/\/sarimelekler.biz\/?cat=26"},"img":{"alt_text":"","src":"https:\/\/i0.wp.com\/sarimelekler.biz\/wp-content\/uploads\/2020\/10\/2.-Lig-20-21-4-2.jpg?resize=350%2C200&ssl=1","width":350,"height":200,"srcset":"https:\/\/i0.wp.com\/sarimelekler.biz\/wp-content\/uploads\/2020\/10\/2.-Lig-20-21-4-2.jpg?resize=350%2C200&ssl=1 1x, https:\/\/i0.wp.com\/sarimelekler.biz\/wp-content\/uploads\/2020\/10\/2.-Lig-20-21-4-2.jpg?resize=525%2C300&ssl=1 1.5x, https:\/\/i0.wp.com\/sarimelekler.biz\/wp-content\/uploads\/2020\/10\/2.-Lig-20-21-4-2.jpg?resize=700%2C400&ssl=1 2x, https:\/\/i0.wp.com\/sarimelekler.biz\/wp-content\/uploads\/2020\/10\/2.-Lig-20-21-4-2.jpg?resize=1050%2C600&ssl=1 3x, https:\/\/i0.wp.com\/sarimelekler.biz\/wp-content\/uploads\/2020\/10\/2.-Lig-20-21-4-2.jpg?resize=1400%2C800&ssl=1 4x"},"classes":[]},{"id":15322,"url":"https:\/\/sarimelekler.biz\/?p=15322","url_meta":{"origin":15256,"position":4},"title":"2. Lig: Eczac\u0131ba\u015f\u0131:3 &#8211; Fenerbah\u00e7e:0","author":"Edit\u00f6r","date":"20 \u015eubat 2021","format":false,"excerpt":"Fenerbah\u00e7e 2. Lig Kad\u0131n Voleybol Tak\u0131m\u0131m\u0131z, ligin 20. Hafta ma\u00e7\u0131nda kar\u015f\u0131la\u015ft\u0131\u011f\u0131 Eczac\u0131ba\u015f\u0131 tak\u0131m\u0131na 25-15, 25-15, 25-19\u2019luk set skorlar\u0131yla 3-0 ma\u011flup oldu. Tak\u0131m\u0131m\u0131z ligin 21 haftas\u0131nda 27 \u015eubat Cumartesi g\u00fcn\u00fc saat 16.00\u2019da 50. Y\u0131l Deniz Esinduy Spor Salonu\u2019nda Bah\u00e7elievler Belediye tak\u0131m\u0131 ile kar\u015f\u0131la\u015facak, Ma\u00e7 Youtube \u00fczerinden yay\u0131n yapan TVF Voleybol TV\u2019den\u2026","rel":"","context":"&quot;2. Lig Tak\u0131m\u0131&quot; i\u00e7inde","block_context":{"text":"2. Lig Tak\u0131m\u0131","link":"https:\/\/sarimelekler.biz\/?cat=26"},"img":{"alt_text":"","src":"https:\/\/i0.wp.com\/sarimelekler.biz\/wp-content\/uploads\/2020\/11\/2.lig-20-21-6-2.jpeg?resize=350%2C200&ssl=1","width":350,"height":200,"srcset":"https:\/\/i0.wp.com\/sarimelekler.biz\/wp-content\/uploads\/2020\/11\/2.lig-20-21-6-2.jpeg?resize=350%2C200&ssl=1 1x, https:\/\/i0.wp.com\/sarimelekler.biz\/wp-content\/uploads\/2020\/11\/2.lig-20-21-6-2.jpeg?resize=525%2C300&ssl=1 1.5x, https:\/\/i0.wp.com\/sarimelekler.biz\/wp-content\/uploads\/2020\/11\/2.lig-20-21-6-2.jpeg?resize=700%2C400&ssl=1 2x"},"classes":[]},{"id":15094,"url":"https:\/\/sarimelekler.biz\/?p=15094","url_meta":{"origin":15256,"position":5},"title":"2. Lig: Tunal\u0131 Spor:1 \u2013 Fenerbah\u00e7e:3","author":"Edit\u00f6r","date":"23 Ocak 2021","format":false,"excerpt":"Fenerbah\u00e7e 2. Lig Kad\u0131n Voleybol Tak\u0131m\u0131m\u0131z, sezonun 16. haftas\u0131nda deplasmanda kar\u015f\u0131la\u015ft\u0131\u011f\u0131 Tunal\u0131 Spor tak\u0131m\u0131n\u0131 13-25, 26-24, 17-25 ve 18-25\u2019lik set skorlar\u0131yla 3-1 ma\u011flup etti. Tak\u0131m\u0131m\u0131z ligin 17. haftas\u0131nda 30 Ocak Cumartesi g\u00fcn\u00fc saat 16.00\u2019da 50. Y\u0131l Deniz Esinduy Voleybol Salonu\u2019nda Kartal Belediye\u2019yi konuk edecek. M\u00fccadele TVF Voleybol TV Youtube kanal\u0131ndan\u2026","rel":"","context":"&quot;2. Lig Tak\u0131m\u0131&quot; i\u00e7inde","block_context":{"text":"2. Lig Tak\u0131m\u0131","link":"https:\/\/sarimelekler.biz\/?cat=26"},"img":{"alt_text":"","src":"https:\/\/i0.wp.com\/sarimelekler.biz\/wp-content\/uploads\/2021\/01\/2.-Lig-20-21-14-4.jpg?resize=350%2C200&ssl=1","width":350,"height":200,"srcset":"https:\/\/i0.wp.com\/sarimelekler.biz\/wp-content\/uploads\/2021\/01\/2.-Lig-20-21-14-4.jpg?resize=350%2C200&ssl=1 1x, https:\/\/i0.wp.com\/sarimelekler.biz\/wp-content\/uploads\/2021\/01\/2.-Lig-20-21-14-4.jpg?resize=525%2C300&ssl=1 1.5x, https:\/\/i0.wp.com\/sarimelekler.biz\/wp-content\/uploads\/2021\/01\/2.-Lig-20-21-14-4.jpg?resize=700%2C400&ssl=1 2x, https:\/\/i0.wp.com\/sarimelekler.biz\/wp-content\/uploads\/2021\/01\/2.-Lig-20-21-14-4.jpg?resize=1050%2C600&ssl=1 3x, https:\/\/i0.wp.com\/sarimelekler.biz\/wp-content\/uploads\/2021\/01\/2.-Lig-20-21-14-4.jpg?resize=1400%2C800&ssl=1 4x"},"classes":[]}],"_links":{"self":[{"href":"https:\/\/sarimelekler.biz\/index.php?rest_route=\/wp\/v2\/posts\/15256","targetHints":{"allow":["GET"]}}],"collection":[{"href":"https:\/\/sarimelekler.biz\/index.php?rest_route=\/wp\/v2\/posts"}],"about":[{"href":"https:\/\/sarimelekler.biz\/index.php?rest_route=\/wp\/v2\/types\/post"}],"author":[{"embeddable":true,"href":"https:\/\/sarimelekler.biz\/index.php?rest_route=\/wp\/v2\/users\/1"}],"replies":[{"embeddable":true,"href":"https:\/\/sarimelekler.biz\/index.php?rest_route=%2Fwp%2Fv2%2Fcomments&post=15256"}],"version-history":[{"count":3,"href":"https:\/\/sarimelekler.biz\/index.php?rest_route=\/wp\/v2\/posts\/15256\/revisions"}],"predecessor-version":[{"id":15261,"href":"https:\/\/sarimelekler.biz\/index.php?rest_route=\/wp\/v2\/posts\/15256\/revisions\/15261"}],"wp:featuredmedia":[{"embeddable":true,"href":"https:\/\/sarimelekler.biz\/index.php?rest_route=\/wp\/v2\/media\/15257"}],"wp:attachment":[{"href":"https:\/\/sarimelekler.biz\/index.php?rest_route=%2Fwp%2Fv2%2Fmedia&parent=15256"}],"wp:term":[{"taxonomy":"category","embeddable":true,"href":"https:\/\/sarimelekler.biz\/index.php?rest_route=%2Fwp%2Fv2%2Fcategories&post=15256"},{"taxonomy":"post_tag","embeddable":true,"href":"https:\/\/sarimelekler.biz\/index.php?rest_route=%2Fwp%2Fv2%2Ftags&post=15256"}],"curies":[{"name":"wp","href":"https:\/\/api.w.org\/{rel}","templated":true}]}}