{"id":15478,"date":"2021-03-16T20:37:42","date_gmt":"2021-03-16T17:37:42","guid":{"rendered":"http:\/\/sarimelekler.biz\/?p=15478"},"modified":"2021-03-16T20:37:43","modified_gmt":"2021-03-16T17:37:43","slug":"naz-aydemir-akyol-son-10-yilin-en-iyi-100-oyuncusu-listesine-secildi","status":"publish","type":"post","link":"https:\/\/sarimelekler.biz\/?p=15478","title":{"rendered":"Naz Aydemir Akyol \u201cSon 10 Y\u0131l\u0131n En \u0130yi 100 Oyuncusu\u201d Listesine Se\u00e7ildi"},"content":{"rendered":"\n<p style=\"text-align: justify;\">Fenerbah\u00e7e Opet Kad\u0131n Voleybol Tak\u0131m\u0131m\u0131z ile A Milli Kad\u0131n Voleybol Tak\u0131m\u0131m\u0131z\u0131n pas\u00f6r\u00fc Naz Aydemir Akyol, Uluslararas\u0131 Voleybol Federasyonu FIVB taraf\u0131ndan &#8220;Son 10 Y\u0131l\u0131n En \u0130yi 100 Oyuncusu&#8221; listesine se\u00e7ildi.<\/p>\n<p style=\"text-align: justify;\">FIVB&#8217;nin resmi internet sitesinde \u201cSporcu Bir Aileyi Gururland\u0131rmak\u201d ba\u015fl\u0131\u011f\u0131yla duyurulan haberde Naz Aydemir Akyol\u2019un ba\u015far\u0131lar\u0131na ve voleybol kariyerine yer verildi.<\/p>\n<p style=\"text-align: justify;\">Ailesi gibi onun da voleybol \u00fczerine ba\u015far\u0131larla dolu bir kariyer in\u015fa etti\u011finin anlat\u0131ld\u0131\u011f\u0131 haberde milli oyuncunun; Fenerbah\u00e7emiz ile kazand\u0131\u011f\u0131 2010 y\u0131l\u0131ndaki FIVB Kad\u0131nlar D\u00fcnya Kul\u00fcpler \u015fampiyonlu\u011fu ve 2012 y\u0131l\u0131ndaki Avrupa Kad\u0131nlar Voleybol \u015eampiyonlar Ligi \u015fampiyonlu\u011fundan da bahsedildi.<\/p>\n<p style=\"text-align: justify;\">Naz Aydemir Akyol\u2019un, A Milli Kad\u0131n Voleybol Tak\u0131m\u0131n\u0131n tarihinde ilk kez kat\u0131ld\u0131\u011f\u0131 ve 9\u2019uncu olarak noktalad\u0131klar\u0131 2012 Londra Olimpiyatlar\u0131 kadrosunda yer almas\u0131n\u0131n da anlat\u0131ld\u0131\u011f\u0131 metinde; tarihinde ikinci kez olimpiyat vizesi alan Milli Tak\u0131m\u0131m\u0131z\u0131n 2021 Tokyo Olimpiyat Oyunlar\u0131\u2019nda m\u00fccadele edecek olmas\u0131n\u0131 da b\u00fcy\u00fck bir heyecanla bekledi\u011fine yer verildi.<\/p>\n<p style=\"text-align: justify;\">Fenerbah\u00e7e Opet Kad\u0131n Voleybol Tak\u0131m\u0131m\u0131z ile A Milli Kad\u0131n Voleybol Tak\u0131m\u0131m\u0131z\u0131n kaptan\u0131 Eda Erdem D\u00fcndar da k\u0131sa bir s\u00fcre \u00f6nce Uluslararas\u0131 Voleybol Federasyonu FIVB taraf\u0131ndan &#8216;Tarihin En \u0130yi 100 Oyuncusu&#8217; listesine se\u00e7ilmi\u015fti.<\/p>\n\n\t\t<style type=\"text\/css\">\n\t\t\t#gallery-1 {\n\t\t\t\tmargin: auto;\n\t\t\t}\n\t\t\t#gallery-1 .gallery-item {\n\t\t\t\tfloat: left;\n\t\t\t\tmargin-top: 10px;\n\t\t\t\ttext-align: center;\n\t\t\t\twidth: 100%;\n\t\t\t}\n\t\t\t#gallery-1 img {\n\t\t\t\tborder: 2px solid #cfcfcf;\n\t\t\t}\n\t\t\t#gallery-1 .gallery-caption {\n\t\t\t\tmargin-left: 0;\n\t\t\t}\n\t\t\t\/* see gallery_shortcode() in wp-includes\/media.php *\/\n\t\t<\/style>\n\t\t<div data-carousel-extra='{&quot;blog_id&quot;:1,&quot;permalink&quot;:&quot;https:\/\/sarimelekler.biz\/?p=15478&quot;}' id='gallery-1' class='gallery galleryid-15478 gallery-columns-1 gallery-size-large'><dl class='gallery-item'>\n\t\t\t<dt class='gallery-icon landscape'>\n\t\t\t\t<a href='https:\/\/sarimelekler.biz\/?attachment_id=15479'><img loading=\"lazy\" decoding=\"async\" width=\"860\" height=\"402\" src=\"https:\/\/sarimelekler.biz\/wp-content\/uploads\/2021\/03\/1-1024x479.jpg\" class=\"attachment-large size-large\" alt=\"\" srcset=\"https:\/\/sarimelekler.biz\/wp-content\/uploads\/2021\/03\/1-1024x479.jpg 1024w, https:\/\/sarimelekler.biz\/wp-content\/uploads\/2021\/03\/1-300x140.jpg 300w, https:\/\/sarimelekler.biz\/wp-content\/uploads\/2021\/03\/1-768x359.jpg 768w, https:\/\/sarimelekler.biz\/wp-content\/uploads\/2021\/03\/1-150x70.jpg 150w, https:\/\/sarimelekler.biz\/wp-content\/uploads\/2021\/03\/1.jpg 1045w\" sizes=\"auto, (max-width: 860px) 100vw, 860px\" data-attachment-id=\"15479\" data-permalink=\"https:\/\/sarimelekler.biz\/?attachment_id=15479\" data-orig-file=\"https:\/\/sarimelekler.biz\/wp-content\/uploads\/2021\/03\/1.jpg\" data-orig-size=\"1045,489\" data-comments-opened=\"0\" data-image-meta=\"{&quot;aperture&quot;:&quot;0&quot;,&quot;credit&quot;:&quot;&quot;,&quot;camera&quot;:&quot;&quot;,&quot;caption&quot;:&quot;&quot;,&quot;created_timestamp&quot;:&quot;0&quot;,&quot;copyright&quot;:&quot;&quot;,&quot;focal_length&quot;:&quot;0&quot;,&quot;iso&quot;:&quot;0&quot;,&quot;shutter_speed&quot;:&quot;0&quot;,&quot;title&quot;:&quot;&quot;,&quot;orientation&quot;:&quot;0&quot;}\" data-image-title=\"1\" data-image-description=\"\" data-image-caption=\"\" data-large-file=\"https:\/\/sarimelekler.biz\/wp-content\/uploads\/2021\/03\/1-1024x479.jpg\" \/><\/a>\n\t\t\t<\/dt><\/dl><br style=\"clear: both\" \/>\n\t\t<\/div>\n\n<p>Kaynak:\u00a0<a href=\"https:\/\/www.fenerbahce.org\/haberler\/voleybol-kadin\/2021\/3\/naz-aydemir-akyol-son-10-yilin-en-iyi-100-oyuncusu%E2%80%9D-listesine-secildi\" target=\"_blank\" rel=\"noopener noreferrer\">Fenerbah\u00e7e SK Resmi \u0130nternet Sitesi<\/a><\/p>\n<p style=\"text-align: right;\">16.03.2021<\/p>\n","protected":false},"excerpt":{"rendered":"<p>Fenerbah\u00e7e Opet Kad\u0131n Voleybol Tak\u0131m\u0131m\u0131z ile A Milli Kad\u0131n Voleybol \u2026 <a class=\"continue-reading-link\" href=\"https:\/\/sarimelekler.biz\/?p=15478\">Okumaya Devam Et.. <span class=\"meta-nav\">&rarr; <\/span><\/a><\/p>\n","protected":false},"author":1,"featured_media":15479,"comment_status":"closed","ping_status":"open","sticky":false,"template":"","format":"standard","meta":{"jetpack_post_was_ever_published":false,"_jetpack_newsletter_access":"","_jetpack_dont_email_post_to_subs":false,"_jetpack_newsletter_tier_id":0,"_jetpack_memberships_contains_paywalled_content":false,"_jetpack_memberships_contains_paid_content":false,"footnotes":"","jetpack_publicize_message":"","jetpack_publicize_feature_enabled":true,"jetpack_social_post_already_shared":true,"jetpack_social_options":{"image_generator_settings":{"template":"highway","default_image_id":0,"font":"","enabled":false},"version":2}},"categories":[7],"tags":[],"class_list":["post-15478","post","type-post","status-publish","format-standard","has-post-thumbnail","hentry","category-haberler"],"jetpack_publicize_connections":[],"jetpack_featured_media_url":"https:\/\/sarimelekler.biz\/wp-content\/uploads\/2021\/03\/1.jpg","jetpack_sharing_enabled":true,"jetpack_shortlink":"https:\/\/wp.me\/p8npUZ-41E","jetpack-related-posts":[{"id":15489,"url":"https:\/\/sarimelekler.biz\/?p=15489","url_meta":{"origin":15478,"position":0},"title":"Ba\u015fkan\u0131m\u0131z Ali Ko\u00e7 ve Y\u00f6neticimiz Simla T\u00fcrker Bayaz\u0131t\u2019tan Naz Aydemir Akyol\u2019a \u00d6zel Plaket Takdim Edildi","author":"Edit\u00f6r","date":"18 Mart 2021","format":false,"excerpt":"Ba\u015fkan\u0131m\u0131z Ali Ko\u00e7 ile Y\u00f6neticimiz Simla T\u00fcrker Bayaz\u0131t, Uluslararas\u0131 Voleybol Federasyonu FIVB taraf\u0131ndan \"Son 10 Y\u0131l\u0131n En \u0130yi 100 Oyuncusu\" listesine se\u00e7ilen milli pas\u00f6r\u00fcm\u00fcz Naz Aydemir Akyol\u2019a, Zalgiris Kaunas ma\u00e7\u0131n\u0131n \u00fc\u00e7\u00fcnc\u00fc \u00e7eyre\u011fi sonunda plaket takdim etti. Fenerbah\u00e7e Opet Kad\u0131n Voleybol Tak\u0131m\u0131m\u0131z ile A Milli Kad\u0131n Voleybol Tak\u0131m\u0131m\u0131z\u0131n say\u0131s\u0131z ba\u015far\u0131s\u0131na imza\u2026","rel":"","context":"&quot;Haberler&quot; i\u00e7inde","block_context":{"text":"Haberler","link":"https:\/\/sarimelekler.biz\/?cat=7"},"img":{"alt_text":"","src":"https:\/\/i0.wp.com\/sarimelekler.biz\/wp-content\/uploads\/2021\/03\/Naz-100-9.jpg?resize=350%2C200&ssl=1","width":350,"height":200,"srcset":"https:\/\/i0.wp.com\/sarimelekler.biz\/wp-content\/uploads\/2021\/03\/Naz-100-9.jpg?resize=350%2C200&ssl=1 1x, https:\/\/i0.wp.com\/sarimelekler.biz\/wp-content\/uploads\/2021\/03\/Naz-100-9.jpg?resize=525%2C300&ssl=1 1.5x, https:\/\/i0.wp.com\/sarimelekler.biz\/wp-content\/uploads\/2021\/03\/Naz-100-9.jpg?resize=700%2C400&ssl=1 2x, https:\/\/i0.wp.com\/sarimelekler.biz\/wp-content\/uploads\/2021\/03\/Naz-100-9.jpg?resize=1050%2C600&ssl=1 3x, https:\/\/i0.wp.com\/sarimelekler.biz\/wp-content\/uploads\/2021\/03\/Naz-100-9.jpg?resize=1400%2C800&ssl=1 4x"},"classes":[]},{"id":15481,"url":"https:\/\/sarimelekler.biz\/?p=15481","url_meta":{"origin":15478,"position":1},"title":"\u2018Son 10 Y\u0131l\u0131n En \u0130yi 100 Oyuncusu\u2019 Listesine Se\u00e7ilen Naz Aydemir Akyol\u2019a \u00c7i\u00e7ek Takdim Edildi","author":"Edit\u00f6r","date":"16 Mart 2021","format":false,"excerpt":"Uluslararas\u0131 Voleybol Federasyonu FIVB taraf\u0131ndan \"Son 10 Y\u0131l\u0131n En \u0130yi 100 Oyuncusu\" listesine se\u00e7ilen Fenerbah\u00e7e Opet Kad\u0131n Voleybol Tak\u0131m\u0131m\u0131z ile A Milli Kad\u0131n Voleybol Tak\u0131m\u0131m\u0131z\u0131n pas\u00f6r\u00fc Naz Aydemir Akyol\u2019a antrenman \u00f6ncesi Ba\u015fantren\u00f6r\u00fcm\u00fcz Zoran Terzic \u00e7i\u00e7ek takdim etti. Fenerbah\u00e7e Opet Kad\u0131n Voleybol Tak\u0131m\u0131m\u0131z, Misli.com Sultanlar Ligi\u2019nin 30. haftas\u0131nda 20 Mart Cumartesi\u2026","rel":"","context":"&quot;Haberler&quot; i\u00e7inde","block_context":{"text":"Haberler","link":"https:\/\/sarimelekler.biz\/?cat=7"},"img":{"alt_text":"","src":"https:\/\/i0.wp.com\/sarimelekler.biz\/wp-content\/uploads\/2021\/03\/Naz-100-4-scaled.jpg?resize=350%2C200&ssl=1","width":350,"height":200,"srcset":"https:\/\/i0.wp.com\/sarimelekler.biz\/wp-content\/uploads\/2021\/03\/Naz-100-4-scaled.jpg?resize=350%2C200&ssl=1 1x, https:\/\/i0.wp.com\/sarimelekler.biz\/wp-content\/uploads\/2021\/03\/Naz-100-4-scaled.jpg?resize=525%2C300&ssl=1 1.5x, https:\/\/i0.wp.com\/sarimelekler.biz\/wp-content\/uploads\/2021\/03\/Naz-100-4-scaled.jpg?resize=700%2C400&ssl=1 2x, https:\/\/i0.wp.com\/sarimelekler.biz\/wp-content\/uploads\/2021\/03\/Naz-100-4-scaled.jpg?resize=1050%2C600&ssl=1 3x, https:\/\/i0.wp.com\/sarimelekler.biz\/wp-content\/uploads\/2021\/03\/Naz-100-4-scaled.jpg?resize=1400%2C800&ssl=1 4x"},"classes":[]},{"id":15724,"url":"https:\/\/sarimelekler.biz\/?p=15724","url_meta":{"origin":15478,"position":2},"title":"Naz Aydemir Akyol\u2019un S\u00f6zle\u015fmesi 2 Y\u0131l Uzat\u0131ld\u0131","author":"Edit\u00f6r","date":"19 Nisan 2021","format":false,"excerpt":"Kul\u00fcb\u00fcm\u00fcz, Fenerbah\u00e7e Opet Kad\u0131n Voleybol tak\u0131m\u0131m\u0131z\u0131n pas\u00f6r oyuncusu Naz Aydemir Akyol ile 2 y\u0131ll\u0131k s\u00f6zle\u015fme uzatt\u0131\u011f\u0131n\u0131 resmi sitesinden yapt\u0131\u011f\u0131 a\u00e7\u0131klamayla duyurdu. Oyuncumuza ba\u015far\u0131lar dileriz. Kul\u00fcb\u00fcm\u00fczden Yap\u0131lan A\u00e7\u0131klama: Formam\u0131zla \u00e7ok say\u0131da ba\u015far\u0131ya imza atan milli pas\u00f6r\u00fcm\u00fcz Naz Aydemir Akyol, 2 y\u0131l daha bizimle!'Son 10 Y\u0131l\u0131n En \u0130yi 100 Oyuncusu' listesinde yer\u2026","rel":"","context":"&quot;Transfer Haberleri&quot; i\u00e7inde","block_context":{"text":"Transfer Haberleri","link":"https:\/\/sarimelekler.biz\/?cat=23"},"img":{"alt_text":"","src":"https:\/\/i0.wp.com\/sarimelekler.biz\/wp-content\/uploads\/2019\/06\/Naz-19-20-Kapak.jpg?resize=350%2C200&ssl=1","width":350,"height":200,"srcset":"https:\/\/i0.wp.com\/sarimelekler.biz\/wp-content\/uploads\/2019\/06\/Naz-19-20-Kapak.jpg?resize=350%2C200&ssl=1 1x, https:\/\/i0.wp.com\/sarimelekler.biz\/wp-content\/uploads\/2019\/06\/Naz-19-20-Kapak.jpg?resize=525%2C300&ssl=1 1.5x, https:\/\/i0.wp.com\/sarimelekler.biz\/wp-content\/uploads\/2019\/06\/Naz-19-20-Kapak.jpg?resize=700%2C400&ssl=1 2x, https:\/\/i0.wp.com\/sarimelekler.biz\/wp-content\/uploads\/2019\/06\/Naz-19-20-Kapak.jpg?resize=1050%2C600&ssl=1 3x, https:\/\/i0.wp.com\/sarimelekler.biz\/wp-content\/uploads\/2019\/06\/Naz-19-20-Kapak.jpg?resize=1400%2C800&ssl=1 4x"},"classes":[]},{"id":17045,"url":"https:\/\/sarimelekler.biz\/?p=17045","url_meta":{"origin":15478,"position":3},"title":"Naz Aydemir Akyol Milli Tak\u0131ma Veda Etti","author":"Edit\u00f6r","date":"31 Aral\u0131k 2021","format":false,"excerpt":"Fenerbah\u00e7e Opet Kad\u0131n Voleybol tak\u0131m\u0131m\u0131z\u0131n ve T\u00fcrk voleybolunun \u00f6nemli isimlerinden Naz Aydemir Akyol bug\u00fcn sosyal medya hesaplar\u0131ndan yapt\u0131\u011f\u0131 a\u00e7\u0131klamada milli tak\u0131ma veda etti\u011fini duyurdu. 31 ya\u015f\u0131ndaki ba\u015far\u0131l\u0131 oyuncumuz Milli Forma alt\u0131nda 2012 Londra ve 2020 Tokyo Olimpiyatlar\u0131na kat\u0131lan Milli Tak\u0131m\u0131m\u0131z kadrosunda bulunurken, harika Milli Tak\u0131m kariyerinden kazand\u0131\u011f\u0131 ba\u015far\u0131lardan baz\u0131lar\u0131 \u015f\u00f6yle\u2026","rel":"","context":"&quot;Haberler&quot; i\u00e7inde","block_context":{"text":"Haberler","link":"https:\/\/sarimelekler.biz\/?cat=7"},"img":{"alt_text":"","src":"https:\/\/i0.wp.com\/sarimelekler.biz\/wp-content\/uploads\/2021\/12\/Naz-MT-Veda-K.jpg?resize=350%2C200&ssl=1","width":350,"height":200,"srcset":"https:\/\/i0.wp.com\/sarimelekler.biz\/wp-content\/uploads\/2021\/12\/Naz-MT-Veda-K.jpg?resize=350%2C200&ssl=1 1x, https:\/\/i0.wp.com\/sarimelekler.biz\/wp-content\/uploads\/2021\/12\/Naz-MT-Veda-K.jpg?resize=525%2C300&ssl=1 1.5x, https:\/\/i0.wp.com\/sarimelekler.biz\/wp-content\/uploads\/2021\/12\/Naz-MT-Veda-K.jpg?resize=700%2C400&ssl=1 2x"},"classes":[]},{"id":11337,"url":"https:\/\/sarimelekler.biz\/?p=11337","url_meta":{"origin":15478,"position":4},"title":"Naz Aydemir Akyol Uzun Bir S\u00fcre Tekrar Sar\u0131 Melek oldu.","author":"Edit\u00f6r","date":"17 Haziran 2019","format":false,"excerpt":"Kul\u00fcb\u00fcm\u00fcz yeni sezon \u00e7al\u0131\u015fmalar\u0131 kapsam\u0131nda 7 senedir Vak\u0131fbank\u2019ta forma giyen Pas\u00f6r Naz Aydemir Akyol ile s\u00f6zle\u015fme imzalad\u0131. 1990 do\u011fumlu, 186 cm uzunlu\u011fundaki oyuncumuz Naz Aydemir Akyol 2009-2012 y\u0131llar\u0131 aras\u0131nda 3 sezon tak\u0131m\u0131m\u0131zda yer ald\u0131ktan sonra y\u0131ll\u0131k \u00fccret konusunda anla\u015fmazl\u0131k dolay\u0131 Vak\u0131fbank tak\u0131m\u0131na transfer olmu\u015ftu. Naz ge\u00e7ti\u011fimiz sezonda anne oldu\u011fu i\u00e7in\u2026","rel":"","context":"&quot;Transfer Haberleri&quot; i\u00e7inde","block_context":{"text":"Transfer Haberleri","link":"https:\/\/sarimelekler.biz\/?cat=23"},"img":{"alt_text":"","src":"https:\/\/i0.wp.com\/sarimelekler.biz\/wp-content\/uploads\/2019\/06\/Naz-19-20-Kapak.jpg?resize=350%2C200&ssl=1","width":350,"height":200,"srcset":"https:\/\/i0.wp.com\/sarimelekler.biz\/wp-content\/uploads\/2019\/06\/Naz-19-20-Kapak.jpg?resize=350%2C200&ssl=1 1x, https:\/\/i0.wp.com\/sarimelekler.biz\/wp-content\/uploads\/2019\/06\/Naz-19-20-Kapak.jpg?resize=525%2C300&ssl=1 1.5x, https:\/\/i0.wp.com\/sarimelekler.biz\/wp-content\/uploads\/2019\/06\/Naz-19-20-Kapak.jpg?resize=700%2C400&ssl=1 2x, https:\/\/i0.wp.com\/sarimelekler.biz\/wp-content\/uploads\/2019\/06\/Naz-19-20-Kapak.jpg?resize=1050%2C600&ssl=1 3x, https:\/\/i0.wp.com\/sarimelekler.biz\/wp-content\/uploads\/2019\/06\/Naz-19-20-Kapak.jpg?resize=1400%2C800&ssl=1 4x"},"classes":[]},{"id":11869,"url":"https:\/\/sarimelekler.biz\/?p=11869","url_meta":{"origin":15478,"position":5},"title":"Milli Tak\u0131m Kadrolar\u0131ndan D\u00f6nen Oyuncular\u0131m\u0131z Sa\u011fl\u0131k Kontrol\u00fcnden Ge\u00e7ti","author":"Edit\u00f6r","date":"20 Eyl\u00fcl 2019","format":false,"excerpt":"Fenerbah\u00e7e Opet Kad\u0131n Voleybol Tak\u0131m\u0131m\u0131z\u0131n kaptan\u0131 Eda Erdem D\u00fcndar ile oyuncular\u0131m\u0131z Aylin Sar\u0131o\u011flu, Naz Aydemir Akyol, Brankica Mihajlovic, Fatma Y\u0131ld\u0131r\u0131m, G\u00fclce G\u00fc\u00e7tekin ve \u0130par \u00d6zay Kurt bug\u00fcn Medical Park G\u00f6ztepe Hastanesi'nde sa\u011fl\u0131k kontrol\u00fcnden ge\u00e7ti. A tak\u0131m oyuncular\u0131m\u0131zdan Eda Erdem D\u00fcndar, Aylin Sar\u0131o\u011flu, Naz Aydemir Akyol, Fatma Y\u0131ld\u0131r\u0131m ve Brankica Mihajlovic\u2026","rel":"","context":"&quot;Haberler&quot; i\u00e7inde","block_context":{"text":"Haberler","link":"https:\/\/sarimelekler.biz\/?cat=7"},"img":{"alt_text":"","src":"https:\/\/i0.wp.com\/sarimelekler.biz\/wp-content\/uploads\/2019\/09\/19-20-Sa%C4%9Fl%C4%B1k-Kontrol%C3%BC-Kapak.jpg?resize=350%2C200&ssl=1","width":350,"height":200,"srcset":"https:\/\/i0.wp.com\/sarimelekler.biz\/wp-content\/uploads\/2019\/09\/19-20-Sa%C4%9Fl%C4%B1k-Kontrol%C3%BC-Kapak.jpg?resize=350%2C200&ssl=1 1x, https:\/\/i0.wp.com\/sarimelekler.biz\/wp-content\/uploads\/2019\/09\/19-20-Sa%C4%9Fl%C4%B1k-Kontrol%C3%BC-Kapak.jpg?resize=525%2C300&ssl=1 1.5x, https:\/\/i0.wp.com\/sarimelekler.biz\/wp-content\/uploads\/2019\/09\/19-20-Sa%C4%9Fl%C4%B1k-Kontrol%C3%BC-Kapak.jpg?resize=700%2C400&ssl=1 2x, https:\/\/i0.wp.com\/sarimelekler.biz\/wp-content\/uploads\/2019\/09\/19-20-Sa%C4%9Fl%C4%B1k-Kontrol%C3%BC-Kapak.jpg?resize=1050%2C600&ssl=1 3x, https:\/\/i0.wp.com\/sarimelekler.biz\/wp-content\/uploads\/2019\/09\/19-20-Sa%C4%9Fl%C4%B1k-Kontrol%C3%BC-Kapak.jpg?resize=1400%2C800&ssl=1 4x"},"classes":[]}],"_links":{"self":[{"href":"https:\/\/sarimelekler.biz\/index.php?rest_route=\/wp\/v2\/posts\/15478","targetHints":{"allow":["GET"]}}],"collection":[{"href":"https:\/\/sarimelekler.biz\/index.php?rest_route=\/wp\/v2\/posts"}],"about":[{"href":"https:\/\/sarimelekler.biz\/index.php?rest_route=\/wp\/v2\/types\/post"}],"author":[{"embeddable":true,"href":"https:\/\/sarimelekler.biz\/index.php?rest_route=\/wp\/v2\/users\/1"}],"replies":[{"embeddable":true,"href":"https:\/\/sarimelekler.biz\/index.php?rest_route=%2Fwp%2Fv2%2Fcomments&post=15478"}],"version-history":[{"count":1,"href":"https:\/\/sarimelekler.biz\/index.php?rest_route=\/wp\/v2\/posts\/15478\/revisions"}],"predecessor-version":[{"id":15480,"href":"https:\/\/sarimelekler.biz\/index.php?rest_route=\/wp\/v2\/posts\/15478\/revisions\/15480"}],"wp:featuredmedia":[{"embeddable":true,"href":"https:\/\/sarimelekler.biz\/index.php?rest_route=\/wp\/v2\/media\/15479"}],"wp:attachment":[{"href":"https:\/\/sarimelekler.biz\/index.php?rest_route=%2Fwp%2Fv2%2Fmedia&parent=15478"}],"wp:term":[{"taxonomy":"category","embeddable":true,"href":"https:\/\/sarimelekler.biz\/index.php?rest_route=%2Fwp%2Fv2%2Fcategories&post=15478"},{"taxonomy":"post_tag","embeddable":true,"href":"https:\/\/sarimelekler.biz\/index.php?rest_route=%2Fwp%2Fv2%2Ftags&post=15478"}],"curies":[{"name":"wp","href":"https:\/\/api.w.org\/{rel}","templated":true}]}}