{"id":15481,"date":"2021-03-16T20:58:22","date_gmt":"2021-03-16T17:58:22","guid":{"rendered":"http:\/\/sarimelekler.biz\/?p=15481"},"modified":"2021-03-16T21:06:11","modified_gmt":"2021-03-16T18:06:11","slug":"son-10-yilin-en-iyi-100-oyuncusu-listesine-secilen-naz-aydemir-akyola-cicek-takdim-edildi","status":"publish","type":"post","link":"https:\/\/sarimelekler.biz\/?p=15481","title":{"rendered":"\u2018Son 10 Y\u0131l\u0131n En \u0130yi 100 Oyuncusu\u2019 Listesine Se\u00e7ilen Naz Aydemir Akyol\u2019a \u00c7i\u00e7ek Takdim Edildi"},"content":{"rendered":"\n<p style=\"text-align: justify;\">Uluslararas\u0131 Voleybol Federasyonu FIVB taraf\u0131ndan &#8220;Son 10 Y\u0131l\u0131n En \u0130yi 100 Oyuncusu&#8221; listesine se\u00e7ilen Fenerbah\u00e7e Opet Kad\u0131n Voleybol Tak\u0131m\u0131m\u0131z ile A Milli Kad\u0131n Voleybol Tak\u0131m\u0131m\u0131z\u0131n pas\u00f6r\u00fc Naz Aydemir Akyol\u2019a antrenman \u00f6ncesi Ba\u015fantren\u00f6r\u00fcm\u00fcz Zoran Terzic \u00e7i\u00e7ek takdim etti.<\/p>\n<p style=\"text-align: justify;\">Fenerbah\u00e7e Opet Kad\u0131n Voleybol Tak\u0131m\u0131m\u0131z, Misli.com Sultanlar Ligi\u2019nin 30. haftas\u0131nda 20 Mart Cumartesi g\u00fcn\u00fc Burhan Felek Vestel Voleybol Salonu\u2019nda oynayaca\u011f\u0131 Sistem9 Ye\u015filyurt ma\u00e7\u0131 haz\u0131rl\u0131klar\u0131n\u0131 Derea\u011fz\u0131 Lefter K\u00fc\u00e7\u00fckandonyadis Tesislerimizde s\u00fcrd\u00fcr\u00fcyor.<\/p>\n<p style=\"text-align: justify;\">Ak\u015fam antrenman\u0131 \u00f6ncesi Ba\u015fantren\u00f6r\u00fcm\u00fcz Zoran Terzic de milli voleybolcumuz Naz Aydemir Akyol\u2019un bu ba\u015far\u0131s\u0131n\u0131 \u00e7i\u00e7ek takdim ederek kutlad\u0131.<\/p>\n<p>\u00a0<\/p>\n\n\t\t<style type=\"text\/css\">\n\t\t\t#gallery-1 {\n\t\t\t\tmargin: auto;\n\t\t\t}\n\t\t\t#gallery-1 .gallery-item {\n\t\t\t\tfloat: left;\n\t\t\t\tmargin-top: 10px;\n\t\t\t\ttext-align: center;\n\t\t\t\twidth: 100%;\n\t\t\t}\n\t\t\t#gallery-1 img {\n\t\t\t\tborder: 2px solid #cfcfcf;\n\t\t\t}\n\t\t\t#gallery-1 .gallery-caption {\n\t\t\t\tmargin-left: 0;\n\t\t\t}\n\t\t\t\/* see gallery_shortcode() in wp-includes\/media.php *\/\n\t\t<\/style>\n\t\t<div data-carousel-extra='{&quot;blog_id&quot;:1,&quot;permalink&quot;:&quot;https:\/\/sarimelekler.biz\/?p=15481&quot;}' id='gallery-1' class='gallery galleryid-15481 gallery-columns-1 gallery-size-large'><dl class='gallery-item'>\n\t\t\t<dt class='gallery-icon landscape'>\n\t\t\t\t<a href='https:\/\/sarimelekler.biz\/?attachment_id=15482'><img loading=\"lazy\" decoding=\"async\" width=\"860\" height=\"519\" src=\"https:\/\/sarimelekler.biz\/wp-content\/uploads\/2021\/03\/Naz-100-1-1024x618.jpg\" class=\"attachment-large size-large\" alt=\"\" srcset=\"https:\/\/sarimelekler.biz\/wp-content\/uploads\/2021\/03\/Naz-100-1-1024x618.jpg 1024w, https:\/\/sarimelekler.biz\/wp-content\/uploads\/2021\/03\/Naz-100-1-300x181.jpg 300w, https:\/\/sarimelekler.biz\/wp-content\/uploads\/2021\/03\/Naz-100-1-768x463.jpg 768w, https:\/\/sarimelekler.biz\/wp-content\/uploads\/2021\/03\/Naz-100-1-1536x927.jpg 1536w, https:\/\/sarimelekler.biz\/wp-content\/uploads\/2021\/03\/Naz-100-1-2048x1236.jpg 2048w, https:\/\/sarimelekler.biz\/wp-content\/uploads\/2021\/03\/Naz-100-1-150x91.jpg 150w\" sizes=\"auto, (max-width: 860px) 100vw, 860px\" data-attachment-id=\"15482\" data-permalink=\"https:\/\/sarimelekler.biz\/?attachment_id=15482\" data-orig-file=\"https:\/\/sarimelekler.biz\/wp-content\/uploads\/2021\/03\/Naz-100-1.jpg\" data-orig-size=\"2300,1388\" data-comments-opened=\"0\" data-image-meta=\"{&quot;aperture&quot;:&quot;4.5&quot;,&quot;credit&quot;:&quot;&quot;,&quot;camera&quot;:&quot;Canon EOS-1D X Mark II&quot;,&quot;caption&quot;:&quot;&quot;,&quot;created_timestamp&quot;:&quot;1615917342&quot;,&quot;copyright&quot;:&quot;fenerbahce dergisi\/org&quot;,&quot;focal_length&quot;:&quot;24&quot;,&quot;iso&quot;:&quot;640&quot;,&quot;shutter_speed&quot;:&quot;0.005&quot;,&quot;title&quot;:&quot;&quot;,&quot;orientation&quot;:&quot;1&quot;}\" data-image-title=\"Naz 100 (1)\" data-image-description=\"\" data-image-caption=\"\" data-large-file=\"https:\/\/sarimelekler.biz\/wp-content\/uploads\/2021\/03\/Naz-100-1-1024x618.jpg\" \/><\/a>\n\t\t\t<\/dt><\/dl><br style=\"clear: both\" \/><dl class='gallery-item'>\n\t\t\t<dt class='gallery-icon landscape'>\n\t\t\t\t<a href='https:\/\/sarimelekler.biz\/?attachment_id=15483'><img loading=\"lazy\" decoding=\"async\" width=\"860\" height=\"515\" src=\"https:\/\/sarimelekler.biz\/wp-content\/uploads\/2021\/03\/Naz-100-2-1024x613.jpg\" class=\"attachment-large size-large\" alt=\"\" srcset=\"https:\/\/sarimelekler.biz\/wp-content\/uploads\/2021\/03\/Naz-100-2-1024x613.jpg 1024w, https:\/\/sarimelekler.biz\/wp-content\/uploads\/2021\/03\/Naz-100-2-300x180.jpg 300w, https:\/\/sarimelekler.biz\/wp-content\/uploads\/2021\/03\/Naz-100-2-768x460.jpg 768w, https:\/\/sarimelekler.biz\/wp-content\/uploads\/2021\/03\/Naz-100-2-1536x920.jpg 1536w, https:\/\/sarimelekler.biz\/wp-content\/uploads\/2021\/03\/Naz-100-2-2048x1226.jpg 2048w, https:\/\/sarimelekler.biz\/wp-content\/uploads\/2021\/03\/Naz-100-2-150x90.jpg 150w\" sizes=\"auto, (max-width: 860px) 100vw, 860px\" data-attachment-id=\"15483\" data-permalink=\"https:\/\/sarimelekler.biz\/?attachment_id=15483\" data-orig-file=\"https:\/\/sarimelekler.biz\/wp-content\/uploads\/2021\/03\/Naz-100-2.jpg\" data-orig-size=\"2300,1377\" data-comments-opened=\"0\" data-image-meta=\"{&quot;aperture&quot;:&quot;4.5&quot;,&quot;credit&quot;:&quot;&quot;,&quot;camera&quot;:&quot;Canon EOS-1D X Mark II&quot;,&quot;caption&quot;:&quot;&quot;,&quot;created_timestamp&quot;:&quot;1615917339&quot;,&quot;copyright&quot;:&quot;fenerbahce dergisi\/org&quot;,&quot;focal_length&quot;:&quot;24&quot;,&quot;iso&quot;:&quot;640&quot;,&quot;shutter_speed&quot;:&quot;0.005&quot;,&quot;title&quot;:&quot;&quot;,&quot;orientation&quot;:&quot;1&quot;}\" data-image-title=\"Naz 100 (2)\" data-image-description=\"\" data-image-caption=\"\" data-large-file=\"https:\/\/sarimelekler.biz\/wp-content\/uploads\/2021\/03\/Naz-100-2-1024x613.jpg\" \/><\/a>\n\t\t\t<\/dt><\/dl><br style=\"clear: both\" \/><dl class='gallery-item'>\n\t\t\t<dt class='gallery-icon portrait'>\n\t\t\t\t<a href='https:\/\/sarimelekler.biz\/?attachment_id=15484'><img loading=\"lazy\" decoding=\"async\" width=\"834\" height=\"1024\" src=\"https:\/\/sarimelekler.biz\/wp-content\/uploads\/2021\/03\/Naz-100-3-834x1024.jpg\" class=\"attachment-large size-large\" alt=\"\" srcset=\"https:\/\/sarimelekler.biz\/wp-content\/uploads\/2021\/03\/Naz-100-3-834x1024.jpg 834w, https:\/\/sarimelekler.biz\/wp-content\/uploads\/2021\/03\/Naz-100-3-244x300.jpg 244w, https:\/\/sarimelekler.biz\/wp-content\/uploads\/2021\/03\/Naz-100-3-768x943.jpg 768w, https:\/\/sarimelekler.biz\/wp-content\/uploads\/2021\/03\/Naz-100-3-1251x1536.jpg 1251w, https:\/\/sarimelekler.biz\/wp-content\/uploads\/2021\/03\/Naz-100-3-1669x2048.jpg 1669w, https:\/\/sarimelekler.biz\/wp-content\/uploads\/2021\/03\/Naz-100-3-122x150.jpg 122w\" sizes=\"auto, (max-width: 834px) 100vw, 834px\" data-attachment-id=\"15484\" data-permalink=\"https:\/\/sarimelekler.biz\/?attachment_id=15484\" data-orig-file=\"https:\/\/sarimelekler.biz\/wp-content\/uploads\/2021\/03\/Naz-100-3-scaled.jpg\" data-orig-size=\"2086,2560\" data-comments-opened=\"0\" data-image-meta=\"{&quot;aperture&quot;:&quot;4.5&quot;,&quot;credit&quot;:&quot;&quot;,&quot;camera&quot;:&quot;Canon EOS-1D X Mark II&quot;,&quot;caption&quot;:&quot;&quot;,&quot;created_timestamp&quot;:&quot;1615917352&quot;,&quot;copyright&quot;:&quot;fenerbahce dergisi\/org&quot;,&quot;focal_length&quot;:&quot;38&quot;,&quot;iso&quot;:&quot;640&quot;,&quot;shutter_speed&quot;:&quot;0.005&quot;,&quot;title&quot;:&quot;&quot;,&quot;orientation&quot;:&quot;1&quot;}\" data-image-title=\"Naz 100 (3)\" data-image-description=\"\" data-image-caption=\"\" data-large-file=\"https:\/\/sarimelekler.biz\/wp-content\/uploads\/2021\/03\/Naz-100-3-834x1024.jpg\" \/><\/a>\n\t\t\t<\/dt><\/dl><br style=\"clear: both\" \/>\n\t\t<\/div>\n\n<p style=\"text-align: right;\">\u00a0<\/p>\n<blockquote class=\"instagram-media\" style=\"background: #FFF; border: 0; border-radius: 3px; box-shadow: 0 0 1px 0 rgba(0,0,0,0.5),0 1px 10px 0 rgba(0,0,0,0.15); margin: 1px; max-width: 540px; min-width: 326px; padding: 0; width: calc(100% - 2px);\" data-instgrm-captioned=\"\" data-instgrm-permalink=\"https:\/\/www.instagram.com\/p\/CMfKgnSKWKN\/?utm_source=ig_embed&amp;utm_campaign=loading\" data-instgrm-version=\"13\">\n<div style=\"padding: 16px;\">\n<div style=\"display: flex; flex-direction: row; align-items: center;\">\n<div style=\"background-color: #f4f4f4; border-radius: 50%; flex-grow: 0; height: 40px; margin-right: 14px; width: 40px;\">\u00a0<\/div>\n<div style=\"display: flex; flex-direction: column; flex-grow: 1; justify-content: center;\">\n<div style=\"background-color: #f4f4f4; border-radius: 4px; flex-grow: 0; height: 14px; margin-bottom: 6px; width: 100px;\">\u00a0<\/div>\n<div style=\"background-color: #f4f4f4; border-radius: 4px; flex-grow: 0; height: 14px; width: 60px;\">\u00a0<\/div>\n<\/div>\n<\/div>\n<div style=\"padding: 19% 0;\">\u00a0<\/div>\n<div style=\"display: block; height: 50px; margin: 0 auto 12px; width: 50px;\">\u00a0<\/div>\n<div style=\"padding-top: 8px;\">\n<div style=\"color: #3897f0; font-family: Arial,sans-serif; font-size: 14px; font-style: normal; font-weight: 550; line-height: 18px;\">Bu g\u00f6nderiyi Instagram&#8217;da g\u00f6r<\/div>\n<\/div>\n<div style=\"padding: 12.5% 0;\">\u00a0<\/div>\n<div style=\"display: flex; flex-direction: row; margin-bottom: 14px; align-items: center;\">\n<div>\n<div style=\"background-color: #f4f4f4; border-radius: 50%; height: 12.5px; width: 12.5px; transform: translateX(0px) translateY(7px);\">\u00a0<\/div>\n<div style=\"background-color: #f4f4f4; height: 12.5px; transform: rotate(-45deg) translateX(3px) translateY(1px); width: 12.5px; flex-grow: 0; margin-right: 14px; margin-left: 2px;\">\u00a0<\/div>\n<div style=\"background-color: #f4f4f4; border-radius: 50%; height: 12.5px; width: 12.5px; transform: translateX(9px) translateY(-18px);\">\u00a0<\/div>\n<\/div>\n<div style=\"margin-left: 8px;\">\n<div style=\"background-color: #f4f4f4; border-radius: 50%; flex-grow: 0; height: 20px; width: 20px;\">\u00a0<\/div>\n<div style=\"width: 0; height: 0; border-top: 2px solid transparent; border-left: 6px solid #f4f4f4; border-bottom: 2px solid transparent; transform: translateX(16px) translateY(-4px) rotate(30deg);\">\u00a0<\/div>\n<\/div>\n<div style=\"margin-left: auto;\">\n<div style=\"width: 0px; border-top: 8px solid #F4F4F4; border-right: 8px solid transparent; transform: translateY(16px);\">\u00a0<\/div>\n<div style=\"background-color: #f4f4f4; flex-grow: 0; height: 12px; width: 16px; transform: translateY(-4px);\">\u00a0<\/div>\n<div style=\"width: 0; height: 0; border-top: 8px solid #F4F4F4; border-left: 8px solid transparent; transform: translateY(-4px) translateX(8px);\">\u00a0<\/div>\n<\/div>\n<\/div>\n<div style=\"display: flex; flex-direction: column; flex-grow: 1; justify-content: center; margin-bottom: 24px;\">\n<div style=\"background-color: #f4f4f4; border-radius: 4px; flex-grow: 0; height: 14px; margin-bottom: 6px; width: 224px;\">\u00a0<\/div>\n<div style=\"background-color: #f4f4f4; border-radius: 4px; flex-grow: 0; height: 14px; width: 144px;\">\u00a0<\/div>\n<\/div>\n<p style=\"color: #c9c8cd; font-family: Arial,sans-serif; font-size: 14px; line-height: 17px; margin-bottom: 0; margin-top: 8px; overflow: hidden; padding: 8px 0 7px; text-align: center; text-overflow: ellipsis; white-space: nowrap;\"><a style=\"color: #c9c8cd; font-family: Arial,sans-serif; font-size: 14px; font-style: normal; font-weight: normal; line-height: 17px; text-decoration: none;\" href=\"https:\/\/www.instagram.com\/p\/CMfKgnSKWKN\/?utm_source=ig_embed&amp;utm_campaign=loading\" target=\"_blank\" rel=\"noopener noreferrer\">Fenerbahc\u0327e Voleybol (@fbvoleybol)&#8217;in payla\u015ft\u0131\u011f\u0131 bir g\u00f6nderi<\/a><\/p>\n<\/div>\n<\/blockquote>\n<p><script async=\"\" src=\"\/\/www.instagram.com\/embed.js\"><\/script><\/p>\n<p>Kaynak:\u00a0<a href=\"https:\/\/www.fenerbahce.org\/haberler\/voleybol-kadin\/2021\/3\/basantrenorumuz-zoran-terzic-%E2%80%98son-10-yilin-en-iyi-100-oyuncusu-listesine-secilen-naz-aydemir-akyol\" target=\"_blank\" rel=\"noopener noreferrer\">Fenerbah\u00e7e SK Resmi \u0130nternet Sitesi<\/a><\/p>\n<p style=\"text-align: right;\">16.03.2021<\/p>\n","protected":false},"excerpt":{"rendered":"<p>Uluslararas\u0131 Voleybol Federasyonu FIVB taraf\u0131ndan &#8220;Son 10 Y\u0131l\u0131n En \u0130yi \u2026 <a class=\"continue-reading-link\" href=\"https:\/\/sarimelekler.biz\/?p=15481\">Okumaya Devam Et.. <span class=\"meta-nav\">&rarr; <\/span><\/a><\/p>\n","protected":false},"author":1,"featured_media":15485,"comment_status":"closed","ping_status":"open","sticky":false,"template":"","format":"standard","meta":{"jetpack_post_was_ever_published":false,"_jetpack_newsletter_access":"","_jetpack_dont_email_post_to_subs":false,"_jetpack_newsletter_tier_id":0,"_jetpack_memberships_contains_paywalled_content":false,"_jetpack_memberships_contains_paid_content":false,"footnotes":"","jetpack_publicize_message":"","jetpack_publicize_feature_enabled":true,"jetpack_social_post_already_shared":true,"jetpack_social_options":{"image_generator_settings":{"template":"highway","default_image_id":0,"font":"","enabled":false},"version":2}},"categories":[7],"tags":[],"class_list":["post-15481","post","type-post","status-publish","format-standard","has-post-thumbnail","hentry","category-haberler"],"jetpack_publicize_connections":[],"jetpack_featured_media_url":"https:\/\/sarimelekler.biz\/wp-content\/uploads\/2021\/03\/Naz-100-4-scaled.jpg","jetpack_sharing_enabled":true,"jetpack_shortlink":"https:\/\/wp.me\/p8npUZ-41H","jetpack-related-posts":[{"id":15207,"url":"https:\/\/sarimelekler.biz\/?p=15207","url_meta":{"origin":15481,"position":0},"title":"Ba\u015fantren\u00f6r\u00fcm\u00fcz Zoran Terzic, &#8216;Tarihin En \u0130yi 100 Oyuncusu&#8217; Listesine Se\u00e7ilen Eda Erdem D\u00fcndar\u2019a \u00c7i\u00e7ek Takdim Etti","author":"Edit\u00f6r","date":"5 \u015eubat 2021","format":false,"excerpt":"Uluslararas\u0131 Voleybol Federasyonu FIVB taraf\u0131ndan 'Tarihin En \u0130yi 100 Oyuncusu' listesine se\u00e7ilen Fenerbah\u00e7e Opet Kad\u0131n Voleybol Tak\u0131m\u0131m\u0131z ile A Milli Kad\u0131n Voleybol Tak\u0131m\u0131m\u0131z\u0131n kaptan\u0131 Eda Erdem D\u00fcndar\u2019a antrenman \u00f6ncesi Ba\u015fantren\u00f6r\u00fcm\u00fcz Zoran Terzic \u00e7i\u00e7ek takdim etti. Fenerbah\u00e7e Opet Kad\u0131n Voleybol Tak\u0131m\u0131m\u0131z, Misli.com Sultanlar Ligi\u2019nin 27. haftas\u0131nda 7 \u015eubat Pazar g\u00fcn\u00fc deplasmanda\u2026","rel":"","context":"&quot;Haberler&quot; i\u00e7inde","block_context":{"text":"Haberler","link":"https:\/\/sarimelekler.biz\/?cat=7"},"img":{"alt_text":"","src":"https:\/\/i0.wp.com\/sarimelekler.biz\/wp-content\/uploads\/2021\/02\/Eda-Kar%C5%9F%C4%B1lama.jpg?resize=350%2C200&ssl=1","width":350,"height":200,"srcset":"https:\/\/i0.wp.com\/sarimelekler.biz\/wp-content\/uploads\/2021\/02\/Eda-Kar%C5%9F%C4%B1lama.jpg?resize=350%2C200&ssl=1 1x, https:\/\/i0.wp.com\/sarimelekler.biz\/wp-content\/uploads\/2021\/02\/Eda-Kar%C5%9F%C4%B1lama.jpg?resize=525%2C300&ssl=1 1.5x, https:\/\/i0.wp.com\/sarimelekler.biz\/wp-content\/uploads\/2021\/02\/Eda-Kar%C5%9F%C4%B1lama.jpg?resize=700%2C400&ssl=1 2x, https:\/\/i0.wp.com\/sarimelekler.biz\/wp-content\/uploads\/2021\/02\/Eda-Kar%C5%9F%C4%B1lama.jpg?resize=1050%2C600&ssl=1 3x, https:\/\/i0.wp.com\/sarimelekler.biz\/wp-content\/uploads\/2021\/02\/Eda-Kar%C5%9F%C4%B1lama.jpg?resize=1400%2C800&ssl=1 4x"},"classes":[]},{"id":15489,"url":"https:\/\/sarimelekler.biz\/?p=15489","url_meta":{"origin":15481,"position":1},"title":"Ba\u015fkan\u0131m\u0131z Ali Ko\u00e7 ve Y\u00f6neticimiz Simla T\u00fcrker Bayaz\u0131t\u2019tan Naz Aydemir Akyol\u2019a \u00d6zel Plaket Takdim Edildi","author":"Edit\u00f6r","date":"18 Mart 2021","format":false,"excerpt":"Ba\u015fkan\u0131m\u0131z Ali Ko\u00e7 ile Y\u00f6neticimiz Simla T\u00fcrker Bayaz\u0131t, Uluslararas\u0131 Voleybol Federasyonu FIVB taraf\u0131ndan \"Son 10 Y\u0131l\u0131n En \u0130yi 100 Oyuncusu\" listesine se\u00e7ilen milli pas\u00f6r\u00fcm\u00fcz Naz Aydemir Akyol\u2019a, Zalgiris Kaunas ma\u00e7\u0131n\u0131n \u00fc\u00e7\u00fcnc\u00fc \u00e7eyre\u011fi sonunda plaket takdim etti. Fenerbah\u00e7e Opet Kad\u0131n Voleybol Tak\u0131m\u0131m\u0131z ile A Milli Kad\u0131n Voleybol Tak\u0131m\u0131m\u0131z\u0131n say\u0131s\u0131z ba\u015far\u0131s\u0131na imza\u2026","rel":"","context":"&quot;Haberler&quot; i\u00e7inde","block_context":{"text":"Haberler","link":"https:\/\/sarimelekler.biz\/?cat=7"},"img":{"alt_text":"","src":"https:\/\/i0.wp.com\/sarimelekler.biz\/wp-content\/uploads\/2021\/03\/Naz-100-9.jpg?resize=350%2C200&ssl=1","width":350,"height":200,"srcset":"https:\/\/i0.wp.com\/sarimelekler.biz\/wp-content\/uploads\/2021\/03\/Naz-100-9.jpg?resize=350%2C200&ssl=1 1x, https:\/\/i0.wp.com\/sarimelekler.biz\/wp-content\/uploads\/2021\/03\/Naz-100-9.jpg?resize=525%2C300&ssl=1 1.5x, https:\/\/i0.wp.com\/sarimelekler.biz\/wp-content\/uploads\/2021\/03\/Naz-100-9.jpg?resize=700%2C400&ssl=1 2x, https:\/\/i0.wp.com\/sarimelekler.biz\/wp-content\/uploads\/2021\/03\/Naz-100-9.jpg?resize=1050%2C600&ssl=1 3x, https:\/\/i0.wp.com\/sarimelekler.biz\/wp-content\/uploads\/2021\/03\/Naz-100-9.jpg?resize=1400%2C800&ssl=1 4x"},"classes":[]},{"id":12690,"url":"https:\/\/sarimelekler.biz\/?p=12690","url_meta":{"origin":15481,"position":2},"title":"Olimpiyat Vizesi Alan Sar\u0131 Meleklere Antrenman \u00d6ncesi \u00c7i\u00e7ekli Kar\u015f\u0131lama Yap\u0131ld\u0131.","author":"Edit\u00f6r","date":"15 Ocak 2020","format":false,"excerpt":"2020 Tokyo Olimpiyatlar\u0131\u2019na kat\u0131lma hakk\u0131 elde eden A Milli Kad\u0131n Voleybol Tak\u0131m\u0131m\u0131z\u0131n Fenerbah\u00e7eli milli oyuncular\u0131na tak\u0131m arkada\u015flar\u0131 ve teknik heyet taraf\u0131ndan s\u0131cak bir kar\u015f\u0131lama organize edildi. Fenerbah\u00e7e Opet\u2019in ak\u015fam idman\u0131 \u00f6ncesi milli oyuncular\u0131m\u0131za \u00e7i\u00e7ek takdim edildi. Fenerbah\u00e7e Opet Kad\u0131n Voleybol Tak\u0131m\u0131m\u0131z, Vestel Venus Sultanlar Ligi\u2019nin ikinci yar\u0131s\u0131n\u0131n ilk ma\u00e7\u0131 olan\u2026","rel":"","context":"&quot;Haberler&quot; i\u00e7inde","block_context":{"text":"Haberler","link":"https:\/\/sarimelekler.biz\/?cat=7"},"img":{"alt_text":"","src":"https:\/\/i0.wp.com\/sarimelekler.biz\/wp-content\/uploads\/2020\/01\/%C3%87i%C3%A7ekli-Kar%C5%9F%C4%B1lama-9.jpg?resize=350%2C200&ssl=1","width":350,"height":200,"srcset":"https:\/\/i0.wp.com\/sarimelekler.biz\/wp-content\/uploads\/2020\/01\/%C3%87i%C3%A7ekli-Kar%C5%9F%C4%B1lama-9.jpg?resize=350%2C200&ssl=1 1x, https:\/\/i0.wp.com\/sarimelekler.biz\/wp-content\/uploads\/2020\/01\/%C3%87i%C3%A7ekli-Kar%C5%9F%C4%B1lama-9.jpg?resize=525%2C300&ssl=1 1.5x, https:\/\/i0.wp.com\/sarimelekler.biz\/wp-content\/uploads\/2020\/01\/%C3%87i%C3%A7ekli-Kar%C5%9F%C4%B1lama-9.jpg?resize=700%2C400&ssl=1 2x, https:\/\/i0.wp.com\/sarimelekler.biz\/wp-content\/uploads\/2020\/01\/%C3%87i%C3%A7ekli-Kar%C5%9F%C4%B1lama-9.jpg?resize=1050%2C600&ssl=1 3x, https:\/\/i0.wp.com\/sarimelekler.biz\/wp-content\/uploads\/2020\/01\/%C3%87i%C3%A7ekli-Kar%C5%9F%C4%B1lama-9.jpg?resize=1400%2C800&ssl=1 4x"},"classes":[]},{"id":15478,"url":"https:\/\/sarimelekler.biz\/?p=15478","url_meta":{"origin":15481,"position":3},"title":"Naz Aydemir Akyol \u201cSon 10 Y\u0131l\u0131n En \u0130yi 100 Oyuncusu\u201d Listesine Se\u00e7ildi","author":"Edit\u00f6r","date":"16 Mart 2021","format":false,"excerpt":"Fenerbah\u00e7e Opet Kad\u0131n Voleybol Tak\u0131m\u0131m\u0131z ile A Milli Kad\u0131n Voleybol Tak\u0131m\u0131m\u0131z\u0131n pas\u00f6r\u00fc Naz Aydemir Akyol, Uluslararas\u0131 Voleybol Federasyonu FIVB taraf\u0131ndan \"Son 10 Y\u0131l\u0131n En \u0130yi 100 Oyuncusu\" listesine se\u00e7ildi. FIVB'nin resmi internet sitesinde \u201cSporcu Bir Aileyi Gururland\u0131rmak\u201d ba\u015fl\u0131\u011f\u0131yla duyurulan haberde Naz Aydemir Akyol\u2019un ba\u015far\u0131lar\u0131na ve voleybol kariyerine yer verildi. Ailesi\u2026","rel":"","context":"&quot;Haberler&quot; i\u00e7inde","block_context":{"text":"Haberler","link":"https:\/\/sarimelekler.biz\/?cat=7"},"img":{"alt_text":"","src":"https:\/\/i0.wp.com\/sarimelekler.biz\/wp-content\/uploads\/2021\/03\/1.jpg?resize=350%2C200&ssl=1","width":350,"height":200,"srcset":"https:\/\/i0.wp.com\/sarimelekler.biz\/wp-content\/uploads\/2021\/03\/1.jpg?resize=350%2C200&ssl=1 1x, https:\/\/i0.wp.com\/sarimelekler.biz\/wp-content\/uploads\/2021\/03\/1.jpg?resize=525%2C300&ssl=1 1.5x, https:\/\/i0.wp.com\/sarimelekler.biz\/wp-content\/uploads\/2021\/03\/1.jpg?resize=700%2C400&ssl=1 2x"},"classes":[]},{"id":17045,"url":"https:\/\/sarimelekler.biz\/?p=17045","url_meta":{"origin":15481,"position":4},"title":"Naz Aydemir Akyol Milli Tak\u0131ma Veda Etti","author":"Edit\u00f6r","date":"31 Aral\u0131k 2021","format":false,"excerpt":"Fenerbah\u00e7e Opet Kad\u0131n Voleybol tak\u0131m\u0131m\u0131z\u0131n ve T\u00fcrk voleybolunun \u00f6nemli isimlerinden Naz Aydemir Akyol bug\u00fcn sosyal medya hesaplar\u0131ndan yapt\u0131\u011f\u0131 a\u00e7\u0131klamada milli tak\u0131ma veda etti\u011fini duyurdu. 31 ya\u015f\u0131ndaki ba\u015far\u0131l\u0131 oyuncumuz Milli Forma alt\u0131nda 2012 Londra ve 2020 Tokyo Olimpiyatlar\u0131na kat\u0131lan Milli Tak\u0131m\u0131m\u0131z kadrosunda bulunurken, harika Milli Tak\u0131m kariyerinden kazand\u0131\u011f\u0131 ba\u015far\u0131lardan baz\u0131lar\u0131 \u015f\u00f6yle\u2026","rel":"","context":"&quot;Haberler&quot; i\u00e7inde","block_context":{"text":"Haberler","link":"https:\/\/sarimelekler.biz\/?cat=7"},"img":{"alt_text":"","src":"https:\/\/i0.wp.com\/sarimelekler.biz\/wp-content\/uploads\/2021\/12\/Naz-MT-Veda-K.jpg?resize=350%2C200&ssl=1","width":350,"height":200,"srcset":"https:\/\/i0.wp.com\/sarimelekler.biz\/wp-content\/uploads\/2021\/12\/Naz-MT-Veda-K.jpg?resize=350%2C200&ssl=1 1x, https:\/\/i0.wp.com\/sarimelekler.biz\/wp-content\/uploads\/2021\/12\/Naz-MT-Veda-K.jpg?resize=525%2C300&ssl=1 1.5x, https:\/\/i0.wp.com\/sarimelekler.biz\/wp-content\/uploads\/2021\/12\/Naz-MT-Veda-K.jpg?resize=700%2C400&ssl=1 2x"},"classes":[]},{"id":15724,"url":"https:\/\/sarimelekler.biz\/?p=15724","url_meta":{"origin":15481,"position":5},"title":"Naz Aydemir Akyol\u2019un S\u00f6zle\u015fmesi 2 Y\u0131l Uzat\u0131ld\u0131","author":"Edit\u00f6r","date":"19 Nisan 2021","format":false,"excerpt":"Kul\u00fcb\u00fcm\u00fcz, Fenerbah\u00e7e Opet Kad\u0131n Voleybol tak\u0131m\u0131m\u0131z\u0131n pas\u00f6r oyuncusu Naz Aydemir Akyol ile 2 y\u0131ll\u0131k s\u00f6zle\u015fme uzatt\u0131\u011f\u0131n\u0131 resmi sitesinden yapt\u0131\u011f\u0131 a\u00e7\u0131klamayla duyurdu. Oyuncumuza ba\u015far\u0131lar dileriz. Kul\u00fcb\u00fcm\u00fczden Yap\u0131lan A\u00e7\u0131klama: Formam\u0131zla \u00e7ok say\u0131da ba\u015far\u0131ya imza atan milli pas\u00f6r\u00fcm\u00fcz Naz Aydemir Akyol, 2 y\u0131l daha bizimle!'Son 10 Y\u0131l\u0131n En \u0130yi 100 Oyuncusu' listesinde yer\u2026","rel":"","context":"&quot;Transfer Haberleri&quot; i\u00e7inde","block_context":{"text":"Transfer Haberleri","link":"https:\/\/sarimelekler.biz\/?cat=23"},"img":{"alt_text":"","src":"https:\/\/i0.wp.com\/sarimelekler.biz\/wp-content\/uploads\/2019\/06\/Naz-19-20-Kapak.jpg?resize=350%2C200&ssl=1","width":350,"height":200,"srcset":"https:\/\/i0.wp.com\/sarimelekler.biz\/wp-content\/uploads\/2019\/06\/Naz-19-20-Kapak.jpg?resize=350%2C200&ssl=1 1x, https:\/\/i0.wp.com\/sarimelekler.biz\/wp-content\/uploads\/2019\/06\/Naz-19-20-Kapak.jpg?resize=525%2C300&ssl=1 1.5x, https:\/\/i0.wp.com\/sarimelekler.biz\/wp-content\/uploads\/2019\/06\/Naz-19-20-Kapak.jpg?resize=700%2C400&ssl=1 2x, https:\/\/i0.wp.com\/sarimelekler.biz\/wp-content\/uploads\/2019\/06\/Naz-19-20-Kapak.jpg?resize=1050%2C600&ssl=1 3x, https:\/\/i0.wp.com\/sarimelekler.biz\/wp-content\/uploads\/2019\/06\/Naz-19-20-Kapak.jpg?resize=1400%2C800&ssl=1 4x"},"classes":[]}],"_links":{"self":[{"href":"https:\/\/sarimelekler.biz\/index.php?rest_route=\/wp\/v2\/posts\/15481","targetHints":{"allow":["GET"]}}],"collection":[{"href":"https:\/\/sarimelekler.biz\/index.php?rest_route=\/wp\/v2\/posts"}],"about":[{"href":"https:\/\/sarimelekler.biz\/index.php?rest_route=\/wp\/v2\/types\/post"}],"author":[{"embeddable":true,"href":"https:\/\/sarimelekler.biz\/index.php?rest_route=\/wp\/v2\/users\/1"}],"replies":[{"embeddable":true,"href":"https:\/\/sarimelekler.biz\/index.php?rest_route=%2Fwp%2Fv2%2Fcomments&post=15481"}],"version-history":[{"count":3,"href":"https:\/\/sarimelekler.biz\/index.php?rest_route=\/wp\/v2\/posts\/15481\/revisions"}],"predecessor-version":[{"id":15488,"href":"https:\/\/sarimelekler.biz\/index.php?rest_route=\/wp\/v2\/posts\/15481\/revisions\/15488"}],"wp:featuredmedia":[{"embeddable":true,"href":"https:\/\/sarimelekler.biz\/index.php?rest_route=\/wp\/v2\/media\/15485"}],"wp:attachment":[{"href":"https:\/\/sarimelekler.biz\/index.php?rest_route=%2Fwp%2Fv2%2Fmedia&parent=15481"}],"wp:term":[{"taxonomy":"category","embeddable":true,"href":"https:\/\/sarimelekler.biz\/index.php?rest_route=%2Fwp%2Fv2%2Fcategories&post=15481"},{"taxonomy":"post_tag","embeddable":true,"href":"https:\/\/sarimelekler.biz\/index.php?rest_route=%2Fwp%2Fv2%2Ftags&post=15481"}],"curies":[{"name":"wp","href":"https:\/\/api.w.org\/{rel}","templated":true}]}}