{"id":15574,"date":"2021-04-03T17:44:19","date_gmt":"2021-04-03T14:44:19","guid":{"rendered":"http:\/\/sarimelekler.biz\/?p=15574"},"modified":"2021-04-03T17:44:21","modified_gmt":"2021-04-03T14:44:21","slug":"1-lig-fenerbahce3-vakifbank0","status":"publish","type":"post","link":"https:\/\/sarimelekler.biz\/?p=15574","title":{"rendered":"1.Lig: Fenerbah\u00e7e:3 \u2013 Vak\u0131fbank:0"},"content":{"rendered":"\n<p style=\"text-align: justify;\">Sigorta Shop Kad\u0131nlar 1.Ligi&#8217;nde M\u00fccadele Eden 1. Lig Kad\u0131n Voleybol tak\u0131m\u0131m\u0131z sezonun son ma\u00e7\u0131nda Vak\u0131fbank&#8217;\u0131 konuk etti. Ma\u00e7\u0131 25-18, 25-18 ve 26-24\u2019l\u00fck set skorlar\u0131yla 3-0 kazanan Sar\u0131 Melekler sezonu galibiyetle kapatt\u0131.<\/p>\n<p style=\"text-align: justify;\">Stat\u00fc gere\u011fi Sultanlar ligine \u00e7\u0131kamayacak olan, sezon ba\u015f\u0131 itibariyle 18 ya\u015f ve alt\u0131 oyuncular\u0131m\u0131zdan olu\u015fan tak\u0131m\u0131m\u0131z bu sezon oynad\u0131\u011f\u0131 22 ma\u00e7ta 9 galibiyet ve 11 ma\u011flubiyet alarak 26 puan toplad\u0131 ve ligi 8. S\u0131rada tamamlad\u0131.<\/p>\n<p style=\"text-align: justify;\">Voleybol \u015eubemizin \u0130dari Menajeri Abdullah Pa\u015fao\u011flu ile Fenerbah\u00e7e Opet Kad\u0131n Voleybol Tak\u0131m\u0131m\u0131z\u0131n Yard\u0131mc\u0131 Antren\u00f6r\u00fc Salih Erdo\u011fan Tavac\u0131 da kar\u015f\u0131la\u015fmay\u0131 izledi.<\/p>\n<p style=\"text-align: justify;\">Gen\u00e7 ya\u015flar\u0131na ra\u011fmen ba\u015far\u0131l\u0131 bir sezon ge\u00e7iren oyuncular\u0131m\u0131z\u0131 ve Emre Nur hocam\u0131z ba\u015fta olmak \u00fczere bu oyuncular\u0131m\u0131z\u0131n geli\u015fmesinde eme\u011fi olan t\u00fcm teknik kadromuzu tebrik ederiz.<\/p>\n<p style=\"text-align: justify;\">Umar\u0131z bu ba\u015far\u0131l\u0131 jenerasyonumuzdan A tak\u0131m\u0131m\u0131za olduk\u00e7a fazla oyuncu \u00e7\u0131karabiliriz.<\/p>\n\n\t\t<style type=\"text\/css\">\n\t\t\t#gallery-1 {\n\t\t\t\tmargin: auto;\n\t\t\t}\n\t\t\t#gallery-1 .gallery-item {\n\t\t\t\tfloat: left;\n\t\t\t\tmargin-top: 10px;\n\t\t\t\ttext-align: center;\n\t\t\t\twidth: 100%;\n\t\t\t}\n\t\t\t#gallery-1 img {\n\t\t\t\tborder: 2px solid #cfcfcf;\n\t\t\t}\n\t\t\t#gallery-1 .gallery-caption {\n\t\t\t\tmargin-left: 0;\n\t\t\t}\n\t\t\t\/* see gallery_shortcode() in wp-includes\/media.php *\/\n\t\t<\/style>\n\t\t<div data-carousel-extra='{&quot;blog_id&quot;:1,&quot;permalink&quot;:&quot;https:\/\/sarimelekler.biz\/?p=15574&quot;}' id='gallery-1' class='gallery galleryid-15574 gallery-columns-1 gallery-size-large'><dl class='gallery-item'>\n\t\t\t<dt class='gallery-icon landscape'>\n\t\t\t\t<a href='https:\/\/sarimelekler.biz\/?attachment_id=15575'><img loading=\"lazy\" decoding=\"async\" width=\"860\" height=\"573\" src=\"https:\/\/sarimelekler.biz\/wp-content\/uploads\/2021\/04\/1.-Lig-20-21-22-1-1024x682.jpeg\" class=\"attachment-large size-large\" alt=\"\" srcset=\"https:\/\/sarimelekler.biz\/wp-content\/uploads\/2021\/04\/1.-Lig-20-21-22-1-1024x682.jpeg 1024w, https:\/\/sarimelekler.biz\/wp-content\/uploads\/2021\/04\/1.-Lig-20-21-22-1-300x200.jpeg 300w, https:\/\/sarimelekler.biz\/wp-content\/uploads\/2021\/04\/1.-Lig-20-21-22-1-768x512.jpeg 768w, https:\/\/sarimelekler.biz\/wp-content\/uploads\/2021\/04\/1.-Lig-20-21-22-1-1536x1023.jpeg 1536w, https:\/\/sarimelekler.biz\/wp-content\/uploads\/2021\/04\/1.-Lig-20-21-22-1-150x100.jpeg 150w, https:\/\/sarimelekler.biz\/wp-content\/uploads\/2021\/04\/1.-Lig-20-21-22-1.jpeg 1600w\" sizes=\"auto, (max-width: 860px) 100vw, 860px\" data-attachment-id=\"15575\" data-permalink=\"https:\/\/sarimelekler.biz\/?attachment_id=15575\" data-orig-file=\"https:\/\/sarimelekler.biz\/wp-content\/uploads\/2021\/04\/1.-Lig-20-21-22-1.jpeg\" data-orig-size=\"1600,1066\" data-comments-opened=\"0\" data-image-meta=\"{&quot;aperture&quot;:&quot;0&quot;,&quot;credit&quot;:&quot;&quot;,&quot;camera&quot;:&quot;&quot;,&quot;caption&quot;:&quot;&quot;,&quot;created_timestamp&quot;:&quot;0&quot;,&quot;copyright&quot;:&quot;&quot;,&quot;focal_length&quot;:&quot;0&quot;,&quot;iso&quot;:&quot;0&quot;,&quot;shutter_speed&quot;:&quot;0&quot;,&quot;title&quot;:&quot;&quot;,&quot;orientation&quot;:&quot;0&quot;}\" data-image-title=\"1. Lig 20-21 22 (1)\" data-image-description=\"\" data-image-caption=\"\" data-large-file=\"https:\/\/sarimelekler.biz\/wp-content\/uploads\/2021\/04\/1.-Lig-20-21-22-1-1024x682.jpeg\" \/><\/a>\n\t\t\t<\/dt><\/dl><br style=\"clear: both\" \/><dl class='gallery-item'>\n\t\t\t<dt class='gallery-icon landscape'>\n\t\t\t\t<a href='https:\/\/sarimelekler.biz\/?attachment_id=15576'><img loading=\"lazy\" decoding=\"async\" width=\"860\" height=\"573\" src=\"https:\/\/sarimelekler.biz\/wp-content\/uploads\/2021\/04\/1.-Lig-20-21-22-2-1024x682.jpeg\" class=\"attachment-large size-large\" alt=\"\" srcset=\"https:\/\/sarimelekler.biz\/wp-content\/uploads\/2021\/04\/1.-Lig-20-21-22-2-1024x682.jpeg 1024w, https:\/\/sarimelekler.biz\/wp-content\/uploads\/2021\/04\/1.-Lig-20-21-22-2-300x200.jpeg 300w, https:\/\/sarimelekler.biz\/wp-content\/uploads\/2021\/04\/1.-Lig-20-21-22-2-768x512.jpeg 768w, https:\/\/sarimelekler.biz\/wp-content\/uploads\/2021\/04\/1.-Lig-20-21-22-2-1536x1023.jpeg 1536w, https:\/\/sarimelekler.biz\/wp-content\/uploads\/2021\/04\/1.-Lig-20-21-22-2-150x100.jpeg 150w, https:\/\/sarimelekler.biz\/wp-content\/uploads\/2021\/04\/1.-Lig-20-21-22-2.jpeg 1600w\" sizes=\"auto, (max-width: 860px) 100vw, 860px\" data-attachment-id=\"15576\" data-permalink=\"https:\/\/sarimelekler.biz\/?attachment_id=15576\" data-orig-file=\"https:\/\/sarimelekler.biz\/wp-content\/uploads\/2021\/04\/1.-Lig-20-21-22-2.jpeg\" data-orig-size=\"1600,1066\" data-comments-opened=\"0\" data-image-meta=\"{&quot;aperture&quot;:&quot;0&quot;,&quot;credit&quot;:&quot;&quot;,&quot;camera&quot;:&quot;&quot;,&quot;caption&quot;:&quot;&quot;,&quot;created_timestamp&quot;:&quot;0&quot;,&quot;copyright&quot;:&quot;&quot;,&quot;focal_length&quot;:&quot;0&quot;,&quot;iso&quot;:&quot;0&quot;,&quot;shutter_speed&quot;:&quot;0&quot;,&quot;title&quot;:&quot;&quot;,&quot;orientation&quot;:&quot;0&quot;}\" data-image-title=\"1. Lig 20-21 22 (2)\" data-image-description=\"\" data-image-caption=\"\" data-large-file=\"https:\/\/sarimelekler.biz\/wp-content\/uploads\/2021\/04\/1.-Lig-20-21-22-2-1024x682.jpeg\" \/><\/a>\n\t\t\t<\/dt><\/dl><br style=\"clear: both\" \/>\n\t\t<\/div>\n\n<p>Foto\u011fraf Kaynak:\u00a0<a href=\"https:\/\/www.fenerbahce.org\/haberler\/voleybol-altyapi\/2021\/4\/fenerbahce-3-0-vakifbank-(sigorta-shop-kadinlar-1-ligi)\" target=\"_blank\" rel=\"noopener noreferrer\">Fenerbah\u00e7e SK Resmi \u0130nternet Sitesi<\/a><\/p>\n<p style=\"text-align: right;\">03.04.2021<\/p>\n","protected":false},"excerpt":{"rendered":"<p>Sigorta Shop Kad\u0131nlar 1.Ligi&#8217;nde M\u00fccadele Eden 1. Lig Kad\u0131n Voleybol \u2026 <a class=\"continue-reading-link\" href=\"https:\/\/sarimelekler.biz\/?p=15574\">Okumaya Devam Et.. <span class=\"meta-nav\">&rarr; <\/span><\/a><\/p>\n","protected":false},"author":1,"featured_media":15575,"comment_status":"closed","ping_status":"open","sticky":false,"template":"","format":"standard","meta":{"jetpack_post_was_ever_published":false,"_jetpack_newsletter_access":"","_jetpack_dont_email_post_to_subs":false,"_jetpack_newsletter_tier_id":0,"_jetpack_memberships_contains_paywalled_content":false,"_jetpack_memberships_contains_paid_content":false,"footnotes":"","jetpack_publicize_message":"","jetpack_publicize_feature_enabled":true,"jetpack_social_post_already_shared":true,"jetpack_social_options":{"image_generator_settings":{"template":"highway","default_image_id":0,"font":"","enabled":false},"version":2}},"categories":[25],"tags":[],"class_list":["post-15574","post","type-post","status-publish","format-standard","has-post-thumbnail","hentry","category-1-lig-takimi"],"jetpack_publicize_connections":[],"jetpack_featured_media_url":"https:\/\/sarimelekler.biz\/wp-content\/uploads\/2021\/04\/1.-Lig-20-21-22-1.jpeg","jetpack_sharing_enabled":true,"jetpack_shortlink":"https:\/\/wp.me\/p8npUZ-43c","jetpack-related-posts":[{"id":15429,"url":"https:\/\/sarimelekler.biz\/?p=15429","url_meta":{"origin":15574,"position":0},"title":"2. Lig: \u00c7engelk\u00f6y:0 \u2013 Fenerbah\u00e7e:3","author":"Edit\u00f6r","date":"7 Mart 2021","format":false,"excerpt":"Fenerbah\u00e7e 2. Lig Kad\u0131n Voleybol Tak\u0131m\u0131m\u0131z, Kad\u0131nlar Voleybol 2. Ligi\u2019nin 22. ve son hafta ma\u00e7\u0131nda \u00c7engelk\u00f6y\u2019\u00fcn konu\u011fu oldu.\u00a0Tak\u0131m\u0131m\u0131z, 50. Y\u0131l Deniz Esinduy Voleybol Salonu\u2019nda oynanan m\u00fcsabakay\u0131 17-25, 21-25, 23-25\u2019lik setler sonucu 3-0 kazand\u0131.\u00a0Bu sonucun ard\u0131ndan Fenerbah\u00e7e 2. Lig Kad\u0131n Voleybol Tak\u0131m\u0131m\u0131z ligi 17 galibiyet ve 5 ma\u011flubiyetle 4.s\u0131rada tamamlad\u0131. Sezon\u2026","rel":"","context":"&quot;2. Lig Tak\u0131m\u0131&quot; i\u00e7inde","block_context":{"text":"2. Lig Tak\u0131m\u0131","link":"https:\/\/sarimelekler.biz\/?cat=26"},"img":{"alt_text":"","src":"https:\/\/i0.wp.com\/sarimelekler.biz\/wp-content\/uploads\/2021\/03\/2.-Lig-20-21-22.png?resize=350%2C200&ssl=1","width":350,"height":200,"srcset":"https:\/\/i0.wp.com\/sarimelekler.biz\/wp-content\/uploads\/2021\/03\/2.-Lig-20-21-22.png?resize=350%2C200&ssl=1 1x, https:\/\/i0.wp.com\/sarimelekler.biz\/wp-content\/uploads\/2021\/03\/2.-Lig-20-21-22.png?resize=525%2C300&ssl=1 1.5x, https:\/\/i0.wp.com\/sarimelekler.biz\/wp-content\/uploads\/2021\/03\/2.-Lig-20-21-22.png?resize=700%2C400&ssl=1 2x, https:\/\/i0.wp.com\/sarimelekler.biz\/wp-content\/uploads\/2021\/03\/2.-Lig-20-21-22.png?resize=1050%2C600&ssl=1 3x"},"classes":[]},{"id":15978,"url":"https:\/\/sarimelekler.biz\/?p=15978","url_meta":{"origin":15574,"position":1},"title":"Kad\u0131n Voleybol Tak\u0131mlar\u0131m\u0131z Topuk Yaylas\u0131 Tesislerimizde \u00c7al\u0131\u015fmalara Ba\u015fl\u0131yor","author":"Edit\u00f6r","date":"17 A\u011fustos 2021","format":false,"excerpt":"Fenerbah\u00e7e Opet Kad\u0131n Voleybol Tak\u0131m\u0131m\u0131z, 1.Lig Fenerbah\u00e7e Terrazzo Kad\u0131n Voleybol Tak\u0131m\u0131m\u0131z ve 2.Lig Kad\u0131n Voleybol Tak\u0131m\u0131m\u0131z bug\u00fcn itibar\u0131yla sezon haz\u0131rl\u0131klar\u0131 i\u00e7in D\u00fczce\u2019nin Kayna\u015fl\u0131 il\u00e7esinde bulunan Serkan Acar Resort&Sport Topuk Yaylas\u0131 Tesislerine gitti. Tak\u0131mlar\u0131m\u0131z bir hafta s\u00fcreyle \u00e7al\u0131\u015fmalar\u0131n\u0131 s\u00fcrd\u00fcrecek. Fenerbah\u00e7e Opet Kad\u0131n Voleybol Tak\u0131m\u0131m\u0131zda, Milli Tak\u0131mlarda bulunan oyuncular ve ba\u015fantren\u00f6r\u00fcm\u00fcz yoklu\u011funda,\u2026","rel":"","context":"&quot;Haberler&quot; i\u00e7inde","block_context":{"text":"Haberler","link":"https:\/\/sarimelekler.biz\/?cat=7"},"img":{"alt_text":"","src":"https:\/\/i0.wp.com\/sarimelekler.biz\/wp-content\/uploads\/2021\/08\/Topuk-Yaylasi-21-22-1.jpg?resize=350%2C200&ssl=1","width":350,"height":200,"srcset":"https:\/\/i0.wp.com\/sarimelekler.biz\/wp-content\/uploads\/2021\/08\/Topuk-Yaylasi-21-22-1.jpg?resize=350%2C200&ssl=1 1x, https:\/\/i0.wp.com\/sarimelekler.biz\/wp-content\/uploads\/2021\/08\/Topuk-Yaylasi-21-22-1.jpg?resize=525%2C300&ssl=1 1.5x, https:\/\/i0.wp.com\/sarimelekler.biz\/wp-content\/uploads\/2021\/08\/Topuk-Yaylasi-21-22-1.jpg?resize=700%2C400&ssl=1 2x, https:\/\/i0.wp.com\/sarimelekler.biz\/wp-content\/uploads\/2021\/08\/Topuk-Yaylasi-21-22-1.jpg?resize=1050%2C600&ssl=1 3x, https:\/\/i0.wp.com\/sarimelekler.biz\/wp-content\/uploads\/2021\/08\/Topuk-Yaylasi-21-22-1.jpg?resize=1400%2C800&ssl=1 4x"},"classes":[]},{"id":14990,"url":"https:\/\/sarimelekler.biz\/?p=14990","url_meta":{"origin":15574,"position":2},"title":"Ba\u015fantren\u00f6r\u00fcm\u00fcz Zoran Terzic\u2019le 3 Y\u0131ll\u0131k Yeni S\u00f6zle\u015fme \u0130mzaland\u0131.","author":"Edit\u00f6r","date":"19 Ocak 2021","format":false,"excerpt":"Fenerbah\u00e7e Opet Kad\u0131n Voleybol Tak\u0131m\u0131m\u0131z\u0131n Ba\u015fantren\u00f6r\u00fc Zoran Terzic\u2019in s\u00f6zle\u015fmesinin 3 sene daha uzat\u0131ld\u0131\u011f\u0131 kul\u00fcb\u00fcm\u00fcz\u00fcn resmi internet sitesinden duyuruldu. 2018 \u2013 2019 sezonunda tak\u0131m\u0131m\u0131za kat\u0131lan Terzic ilk senesinde Sultanlar Liginde \u00fc\u00e7\u00fcnc\u00fc olurken, \u015eampiyonlar Liginde ise de\u011fi\u015fen sistemle beraber \u00fc\u00e7\u00fcnc\u00fcl\u00fc\u011f\u00fc Vak\u0131fbank\u2019la payla\u015ft\u0131. Ge\u00e7ti\u011fimiz sezonu ise normal lig etab\u0131n\u0131 \u00fc\u00e7\u00fcnc\u00fc olarak bitiren tak\u0131m\u0131m\u0131z\u2026","rel":"","context":"&quot;Transfer Haberleri&quot; i\u00e7inde","block_context":{"text":"Transfer Haberleri","link":"https:\/\/sarimelekler.biz\/?cat=23"},"img":{"alt_text":"","src":"https:\/\/i0.wp.com\/sarimelekler.biz\/wp-content\/uploads\/2019\/06\/terzic-19-20.jpg?resize=350%2C200&ssl=1","width":350,"height":200,"srcset":"https:\/\/i0.wp.com\/sarimelekler.biz\/wp-content\/uploads\/2019\/06\/terzic-19-20.jpg?resize=350%2C200&ssl=1 1x, https:\/\/i0.wp.com\/sarimelekler.biz\/wp-content\/uploads\/2019\/06\/terzic-19-20.jpg?resize=525%2C300&ssl=1 1.5x, https:\/\/i0.wp.com\/sarimelekler.biz\/wp-content\/uploads\/2019\/06\/terzic-19-20.jpg?resize=700%2C400&ssl=1 2x"},"classes":[]},{"id":14008,"url":"https:\/\/sarimelekler.biz\/?p=14008","url_meta":{"origin":15574,"position":3},"title":"Terrazzo, Fenerbah\u00e7e 1.Lig Kad\u0131n Voleybol Tak\u0131m\u0131m\u0131z\u0131n Forma G\u00f6\u011f\u00fcs Sponsoru Oldu.","author":"Edit\u00f6r","date":"9 Ekim 2020","format":false,"excerpt":"Fenerbah\u00e7e Spor Kul\u00fcb\u00fcm\u00fcz\u00fcn Resmi \u0130nternet Sitesinden Yap\u0131lan A\u00e7\u0131klamada \u0130talyan Restorant\u0131 \u201cTerrazzo\u201dnun, 2020-2021 Voleybol sezonunda, Fenerbah\u00e7e 1. Lig Kad\u0131n Voleybol Tak\u0131m\u0131m\u0131z\u0131n forma g\u00f6\u011f\u00fcs sponsoru oldu\u011fu a\u00e7\u0131kland\u0131. Yap\u0131lan A\u00e7\u0131klama: 26 y\u0131ll\u0131k ge\u00e7mi\u015fi ve deneyimli ekibiyle yiyecek\/i\u00e7ecek sekt\u00f6r\u00fcnde uzun y\u0131llard\u0131r hizmet veren \u0130talyan Restorant\u0131 \u201cTerrazzo\u201d, 2020-2021 Voleybol sezonunda, Fenerbah\u00e7e 1. Lig Kad\u0131n Voleybol\u2026","rel":"","context":"&quot;1. Lig Tak\u0131m\u0131&quot; i\u00e7inde","block_context":{"text":"1. Lig Tak\u0131m\u0131","link":"https:\/\/sarimelekler.biz\/?cat=25"},"img":{"alt_text":"","src":"https:\/\/i0.wp.com\/sarimelekler.biz\/wp-content\/uploads\/2020\/10\/Sponsor-Terrrazo.jpeg?resize=350%2C200&ssl=1","width":350,"height":200,"srcset":"https:\/\/i0.wp.com\/sarimelekler.biz\/wp-content\/uploads\/2020\/10\/Sponsor-Terrrazo.jpeg?resize=350%2C200&ssl=1 1x, https:\/\/i0.wp.com\/sarimelekler.biz\/wp-content\/uploads\/2020\/10\/Sponsor-Terrrazo.jpeg?resize=525%2C300&ssl=1 1.5x, https:\/\/i0.wp.com\/sarimelekler.biz\/wp-content\/uploads\/2020\/10\/Sponsor-Terrrazo.jpeg?resize=700%2C400&ssl=1 2x, https:\/\/i0.wp.com\/sarimelekler.biz\/wp-content\/uploads\/2020\/10\/Sponsor-Terrrazo.jpeg?resize=1050%2C600&ssl=1 3x"},"classes":[]},{"id":13221,"url":"https:\/\/sarimelekler.biz\/?p=13221","url_meta":{"origin":15574,"position":4},"title":"Gen\u00e7 Sar\u0131 Meleklerimiz 1. Lig Yolunda Elemelere Galibiyetle Ba\u015flad\u0131. Ere\u011fli Gen\u00e7lik Merkezi:0 &#8211; Fenerbah\u00e7e:3","author":"Edit\u00f6r","date":"4 Mart 2020","format":false,"excerpt":"Kul\u00fcb\u00fcm\u00fcz, Kad\u0131n Voleybol altyap\u0131s\u0131ndan A Tak\u0131ma oyuncu yeti\u015ftirmek amac\u0131yla bu sezon Y\u0131ld\u0131z K\u0131z ve Gen\u00e7 K\u0131z Voleybol Tak\u0131mlar\u0131m\u0131zda g\u00f6rev yapan voleybolcular\u0131m\u0131zdan olu\u015fan 2. Lig Tak\u0131m\u0131 kurdu\u011funu duyurmu\u015ftu. 2. lig A grubunda yer alan Fenerbah\u00e7e B tak\u0131m\u0131m\u0131z normal sezonu 2. bitirerek Denizli\u2019de yap\u0131lacak olan 1. lige y\u00fckselme ma\u00e7lar\u0131na kat\u0131lmaya hak kazanm\u0131\u015ft\u0131.\u2026","rel":"","context":"&quot;Fenerbah\u00e7e Gen\u00e7 Tak\u0131mlar\u0131&quot; i\u00e7inde","block_context":{"text":"Fenerbah\u00e7e Gen\u00e7 Tak\u0131mlar\u0131","link":"https:\/\/sarimelekler.biz\/?cat=24"},"img":{"alt_text":"","src":"https:\/\/i0.wp.com\/sarimelekler.biz\/wp-content\/uploads\/2020\/03\/Fenerbah%C3%A7e-B-04.03.jpeg?resize=350%2C200&ssl=1","width":350,"height":200,"srcset":"https:\/\/i0.wp.com\/sarimelekler.biz\/wp-content\/uploads\/2020\/03\/Fenerbah%C3%A7e-B-04.03.jpeg?resize=350%2C200&ssl=1 1x, https:\/\/i0.wp.com\/sarimelekler.biz\/wp-content\/uploads\/2020\/03\/Fenerbah%C3%A7e-B-04.03.jpeg?resize=525%2C300&ssl=1 1.5x, https:\/\/i0.wp.com\/sarimelekler.biz\/wp-content\/uploads\/2020\/03\/Fenerbah%C3%A7e-B-04.03.jpeg?resize=700%2C400&ssl=1 2x"},"classes":[]},{"id":13560,"url":"https:\/\/sarimelekler.biz\/?p=13560","url_meta":{"origin":15574,"position":5},"title":"Sar\u0131 Melekler \u00dc\u00e7 Ligde H\u00fck\u00fcm S\u00fcrecek.","author":"Edit\u00f6r","date":"24 Haziran 2020","format":false,"excerpt":"Kul\u00fcb\u00fcm\u00fcz 2019 \u2013 2020 sezonu ba\u015f\u0131nda Kad\u0131n Voleybol altyap\u0131s\u0131ndan A Tak\u0131ma oyuncu yeti\u015ftirmek amac\u0131yla bu sezon Y\u0131ld\u0131z K\u0131z ve Gen\u00e7 K\u0131z Voleybol Tak\u0131mlar\u0131m\u0131zda g\u00f6rev yapan voleybolcular\u0131m\u0131zdan olu\u015fan 2. Lig Tak\u0131m\u0131 kurdu\u011funu duyurmu\u015ftu. Gen\u00e7 Sar\u0131 Meleklerimiz Finallerde set averaj\u0131na g\u00f6re S\u0131ralamada 3. s\u0131rada yer alarak tak\u0131m\u0131m\u0131z bir \u00fcst lige \u00e7\u0131kamam\u0131\u015ft\u0131. \u00dclkemizde\u2026","rel":"","context":"&quot;Fenerbah\u00e7e Gen\u00e7 Tak\u0131mlar\u0131&quot; i\u00e7inde","block_context":{"text":"Fenerbah\u00e7e Gen\u00e7 Tak\u0131mlar\u0131","link":"https:\/\/sarimelekler.biz\/?cat=24"},"img":{"alt_text":"","src":"https:\/\/i0.wp.com\/sarimelekler.biz\/wp-content\/uploads\/2020\/02\/B-Tak%C4%B1m-2.jpg?resize=350%2C200&ssl=1","width":350,"height":200,"srcset":"https:\/\/i0.wp.com\/sarimelekler.biz\/wp-content\/uploads\/2020\/02\/B-Tak%C4%B1m-2.jpg?resize=350%2C200&ssl=1 1x, https:\/\/i0.wp.com\/sarimelekler.biz\/wp-content\/uploads\/2020\/02\/B-Tak%C4%B1m-2.jpg?resize=525%2C300&ssl=1 1.5x, https:\/\/i0.wp.com\/sarimelekler.biz\/wp-content\/uploads\/2020\/02\/B-Tak%C4%B1m-2.jpg?resize=700%2C400&ssl=1 2x, https:\/\/i0.wp.com\/sarimelekler.biz\/wp-content\/uploads\/2020\/02\/B-Tak%C4%B1m-2.jpg?resize=1050%2C600&ssl=1 3x, https:\/\/i0.wp.com\/sarimelekler.biz\/wp-content\/uploads\/2020\/02\/B-Tak%C4%B1m-2.jpg?resize=1400%2C800&ssl=1 4x"},"classes":[]}],"_links":{"self":[{"href":"https:\/\/sarimelekler.biz\/index.php?rest_route=\/wp\/v2\/posts\/15574","targetHints":{"allow":["GET"]}}],"collection":[{"href":"https:\/\/sarimelekler.biz\/index.php?rest_route=\/wp\/v2\/posts"}],"about":[{"href":"https:\/\/sarimelekler.biz\/index.php?rest_route=\/wp\/v2\/types\/post"}],"author":[{"embeddable":true,"href":"https:\/\/sarimelekler.biz\/index.php?rest_route=\/wp\/v2\/users\/1"}],"replies":[{"embeddable":true,"href":"https:\/\/sarimelekler.biz\/index.php?rest_route=%2Fwp%2Fv2%2Fcomments&post=15574"}],"version-history":[{"count":2,"href":"https:\/\/sarimelekler.biz\/index.php?rest_route=\/wp\/v2\/posts\/15574\/revisions"}],"predecessor-version":[{"id":15578,"href":"https:\/\/sarimelekler.biz\/index.php?rest_route=\/wp\/v2\/posts\/15574\/revisions\/15578"}],"wp:featuredmedia":[{"embeddable":true,"href":"https:\/\/sarimelekler.biz\/index.php?rest_route=\/wp\/v2\/media\/15575"}],"wp:attachment":[{"href":"https:\/\/sarimelekler.biz\/index.php?rest_route=%2Fwp%2Fv2%2Fmedia&parent=15574"}],"wp:term":[{"taxonomy":"category","embeddable":true,"href":"https:\/\/sarimelekler.biz\/index.php?rest_route=%2Fwp%2Fv2%2Fcategories&post=15574"},{"taxonomy":"post_tag","embeddable":true,"href":"https:\/\/sarimelekler.biz\/index.php?rest_route=%2Fwp%2Fv2%2Ftags&post=15574"}],"curies":[{"name":"wp","href":"https:\/\/api.w.org\/{rel}","templated":true}]}}