{"id":15646,"date":"2021-04-10T03:01:45","date_gmt":"2021-04-10T00:01:45","guid":{"rendered":"http:\/\/sarimelekler.biz\/?p=15646"},"modified":"2021-04-10T03:03:21","modified_gmt":"2021-04-10T00:03:21","slug":"basarili-oyuncumuz-melissa-vargas-turk-vatandasligina-gecti","status":"publish","type":"post","link":"https:\/\/sarimelekler.biz\/?p=15646","title":{"rendered":"Ba\u015far\u0131l\u0131 Oyuncumuz Melissa Vargas T\u00fcrk Vatanda\u015fl\u0131\u011f\u0131na Ge\u00e7ti"},"content":{"rendered":"\n<p style=\"text-align: justify;\">T\u00fcrkiye Voleybol Federasyonu\u2019nun, Fenerbah\u00e7e Opet Kad\u0131n Voleybol Tak\u0131m\u0131m\u0131z\u0131n K\u00fcbal\u0131 oyuncusu Melissa Teresa Vargas Abreu\u2019nun T\u00fcrkiye Cumhuriyeti vatanda\u015fl\u0131\u011f\u0131n\u0131 almas\u0131 konusunda yapm\u0131\u015f oldu\u011fu ba\u015fvuru onayland\u0131 ve Cumhurba\u015fkan\u0131m\u0131z Say\u0131n Recep Tayyip Erdo\u011fan, Melissa Vargas\u2019a T\u00fcrkiye Cumhuriyeti Kimlik Kart\u0131\u2019n\u0131 takdim etti.<\/p>\n<p style=\"text-align: justify;\">T.C. Vatanda\u015fl\u0131\u011f\u0131\u2019na ge\u00e7me i\u015flemleri tamamland\u0131\u011f\u0131 i\u00e7in \u00e7ok mutlu oldu\u011funu ifade eden Melissa Vargas, Cumhurba\u015fkan\u0131 Say\u0131n Recep Tayyip Erdo\u011fan\u2019a te\u015fekk\u00fcr ederek, kendisine duyulan g\u00fcvenden mutlu oldu\u011funu, A Milli Kad\u0131n Voleybol Milli Tak\u0131m\u0131 formas\u0131n\u0131 giymek i\u00e7in sab\u0131rs\u0131zland\u0131\u011f\u0131n\u0131 ve T\u00fcrk Milli Tak\u0131m\u0131 i\u00e7in elinden gelenin en iyisini yapaca\u011f\u0131n\u0131 ifade etti.<\/p>\n<p style=\"text-align: justify;\">T\u00f6rende Fenerbah\u00e7e Spor Kul\u00fcb\u00fcm\u00fcz\u00fc temsilen Voleyboldan Sorumlu Y\u00f6netim Kurulu \u00dcyemiz Simla T\u00fcrker Beyaz\u0131t da yer al\u0131rken, Uluslararas\u0131 Voleybol Federasyonu (FIVB) taraf\u0131ndan \u2018Son 10 Y\u0131l\u0131n En \u0130yi 100 Oyuncusu\u2019 listesine se\u00e7ilen tak\u0131m\u0131m\u0131z\u0131n milli oyuncular\u0131 kaptan\u0131m\u0131z Eda Erdem D\u00fcndar ve Naz Aydemir Akyol\u2019u Cumhurba\u015fkan\u0131m\u0131z Say\u0131n Recep Tayyip Erdo\u011fan kutlad\u0131.<\/p>\n<p style=\"text-align: justify;\">Cumhurba\u015fkan\u0131 Erdo\u011fan g\u00f6r\u00fc\u015fmede, voleybolun destek\u00e7isi oldu\u011funu ve her zaman voleybola destek verece\u011fini de iletti. Ayr\u0131ca Cumhurba\u015fkan\u0131 Say\u0131n Recep Tayyip Erdo\u011fan, Milli Tak\u0131m organizasyonlar\u0131 ba\u015flamadan \u00f6nce Milli Tak\u0131m oyuncular\u0131n\u0131n tamam\u0131n\u0131n covid-19 a\u015f\u0131lar\u0131n\u0131n yap\u0131laca\u011f\u0131n\u0131n da m\u00fcjdesini verdi.<\/p>\n<p style=\"text-align: justify;\">T\u00f6ren, Melissa Vargas\u2019\u0131n Cumhurba\u015fkan\u0131m\u0131za kendi ad\u0131n\u0131n yaz\u0131l\u0131 oldu\u011fu A Milli Tak\u0131m formas\u0131n\u0131 takdim etmesiyle sona erdi.<\/p>\n<p style=\"text-align: justify;\">Cumhurba\u015fkan\u0131m\u0131z Say\u0131n Recep Tayyip Erdo\u011fan\u2019\u0131n Vahdettin K\u00f6\u015fk\u00fc\u2019ndeki makam\u0131nda ger\u00e7ekle\u015fen kabul organizasyonuna, T\u00fcrkiye Voleybol Federasyonu Ba\u015fkan\u0131 Mehmet Akif \u00dcst\u00fcnda\u011f, ge\u00e7irmi\u015f oldu\u011fu covid-19 rahats\u0131zl\u0131\u011f\u0131 nedeniyle karantina s\u00fcrecinin devam etmesi sebebiyle kat\u0131lamad\u0131. Kabul organizasyonunda, T\u00fcrkiye Voleybol Federasyonu\u2019nu, TVF Milli Tak\u0131mlardan Sorumlu Y\u00f6netim Kurulu \u00dcyesi Bahar Mert \u00dc\u00e7oklar temsil etti.<\/p>\n<p style=\"text-align: justify;\">Organizasyon sonras\u0131 T\u00fcrkiye Voleybol Federasyonu Ba\u015fkan\u0131 Mehmet Akif \u00dcst\u00fcnda\u011f, Melissa Vargas\u2019\u0131n T\u00fcrk vatanda\u015fl\u0131\u011f\u0131 almas\u0131ndan dolay\u0131 \u00e7ok mutlu olduklar\u0131n\u0131 belirterek, \u201cUzun s\u00fcredir u\u011fra\u015ft\u0131\u011f\u0131m\u0131z bir konuydu. Son 3 sezondur \u00fclkemizde ba\u015far\u0131yla forma giyen Melissa Vargas art\u0131k T\u00fcrk vatanda\u015fl\u0131\u011f\u0131na ge\u00e7mi\u015f bulunmakta. Kendisinin en b\u00fcy\u00fck hayali A Milli Tak\u0131m formas\u0131n\u0131 bir an \u00f6nce giyebilmek. T\u00fcrk voleybolu ve T\u00fcrk sporu ad\u0131na hay\u0131rl\u0131 olsun. Cumhurba\u015fkan\u0131m\u0131z Say\u0131n Recep Tayyip Erdo\u011fan, konuyu kendisine iletti\u011fimiz andan itibaren bizlerle \u00e7ok yak\u0131ndan ilgilendi. Cumhurba\u015fkan\u0131m\u0131z Recep Tayyip Erdo\u011fan\u2019a her konuda oldu\u011fu gibi Vargas\u2019\u0131n T\u00fcrk vatanda\u015fl\u0131\u011f\u0131na ge\u00e7mesi konusunda verdi\u011fi destek i\u00e7in te\u015fekk\u00fcrlerimi iletiyorum. Vatanda\u015fl\u0131k i\u015flemleri s\u00fcreci boyunca bizlere destekte bulunan ba\u015fta Cumhurba\u015fkan\u0131m\u0131z Say\u0131n Recep Tayyip Erdo\u011fan olmak \u00fczere Gen\u00e7lik ve Spor Bakan\u0131m\u0131z Say\u0131n Dr. Mehmet Muharrem Kasapo\u011flu, Fenerbah\u00e7e Spor Kul\u00fcb\u00fc Ba\u015fkan\u0131 Say\u0131n Ali Ko\u00e7\u2019a ve bu s\u00fcre\u00e7te eme\u011fi bulunan herkese de te\u015fekk\u00fcr ediyorum\u201d dedi.<\/p>\n\n\t\t<style type=\"text\/css\">\n\t\t\t#gallery-1 {\n\t\t\t\tmargin: auto;\n\t\t\t}\n\t\t\t#gallery-1 .gallery-item {\n\t\t\t\tfloat: left;\n\t\t\t\tmargin-top: 10px;\n\t\t\t\ttext-align: center;\n\t\t\t\twidth: 100%;\n\t\t\t}\n\t\t\t#gallery-1 img {\n\t\t\t\tborder: 2px solid #cfcfcf;\n\t\t\t}\n\t\t\t#gallery-1 .gallery-caption {\n\t\t\t\tmargin-left: 0;\n\t\t\t}\n\t\t\t\/* see gallery_shortcode() in wp-includes\/media.php *\/\n\t\t<\/style>\n\t\t<div data-carousel-extra='{&quot;blog_id&quot;:1,&quot;permalink&quot;:&quot;https:\/\/sarimelekler.biz\/?p=15646&quot;}' id='gallery-1' class='gallery galleryid-15646 gallery-columns-1 gallery-size-large'><dl class='gallery-item'>\n\t\t\t<dt class='gallery-icon landscape'>\n\t\t\t\t<a href='https:\/\/sarimelekler.biz\/?attachment_id=15649'><img loading=\"lazy\" decoding=\"async\" width=\"860\" height=\"593\" src=\"https:\/\/sarimelekler.biz\/wp-content\/uploads\/2021\/04\/Vargas-Vatanda\u015fl\u0131k-Alma-2-1024x706.jpeg\" class=\"attachment-large size-large\" alt=\"\" srcset=\"https:\/\/sarimelekler.biz\/wp-content\/uploads\/2021\/04\/Vargas-Vatanda\u015fl\u0131k-Alma-2-1024x706.jpeg 1024w, https:\/\/sarimelekler.biz\/wp-content\/uploads\/2021\/04\/Vargas-Vatanda\u015fl\u0131k-Alma-2-300x207.jpeg 300w, https:\/\/sarimelekler.biz\/wp-content\/uploads\/2021\/04\/Vargas-Vatanda\u015fl\u0131k-Alma-2-768x530.jpeg 768w, https:\/\/sarimelekler.biz\/wp-content\/uploads\/2021\/04\/Vargas-Vatanda\u015fl\u0131k-Alma-2-1536x1059.jpeg 1536w, https:\/\/sarimelekler.biz\/wp-content\/uploads\/2021\/04\/Vargas-Vatanda\u015fl\u0131k-Alma-2-150x103.jpeg 150w, https:\/\/sarimelekler.biz\/wp-content\/uploads\/2021\/04\/Vargas-Vatanda\u015fl\u0131k-Alma-2.jpeg 2048w\" sizes=\"auto, (max-width: 860px) 100vw, 860px\" data-attachment-id=\"15649\" data-permalink=\"https:\/\/sarimelekler.biz\/?attachment_id=15649\" data-orig-file=\"https:\/\/sarimelekler.biz\/wp-content\/uploads\/2021\/04\/Vargas-Vatanda\u015fl\u0131k-Alma-2.jpeg\" data-orig-size=\"2048,1412\" data-comments-opened=\"0\" data-image-meta=\"{&quot;aperture&quot;:&quot;0&quot;,&quot;credit&quot;:&quot;&quot;,&quot;camera&quot;:&quot;&quot;,&quot;caption&quot;:&quot;&quot;,&quot;created_timestamp&quot;:&quot;0&quot;,&quot;copyright&quot;:&quot;&quot;,&quot;focal_length&quot;:&quot;0&quot;,&quot;iso&quot;:&quot;0&quot;,&quot;shutter_speed&quot;:&quot;0&quot;,&quot;title&quot;:&quot;&quot;,&quot;orientation&quot;:&quot;0&quot;}\" data-image-title=\"Vargas Vatanda\u015fl\u0131k Alma (2)\" data-image-description=\"\" data-image-caption=\"\" data-large-file=\"https:\/\/sarimelekler.biz\/wp-content\/uploads\/2021\/04\/Vargas-Vatanda\u015fl\u0131k-Alma-2-1024x706.jpeg\" \/><\/a>\n\t\t\t<\/dt><\/dl><br style=\"clear: both\" \/><dl class='gallery-item'>\n\t\t\t<dt class='gallery-icon landscape'>\n\t\t\t\t<a href='https:\/\/sarimelekler.biz\/?attachment_id=15648'><img loading=\"lazy\" decoding=\"async\" width=\"860\" height=\"616\" src=\"https:\/\/sarimelekler.biz\/wp-content\/uploads\/2021\/04\/Vargas-Vatanda\u015fl\u0131k-Alma-1-1024x734.jpg\" class=\"attachment-large size-large\" alt=\"\" srcset=\"https:\/\/sarimelekler.biz\/wp-content\/uploads\/2021\/04\/Vargas-Vatanda\u015fl\u0131k-Alma-1-1024x734.jpg 1024w, https:\/\/sarimelekler.biz\/wp-content\/uploads\/2021\/04\/Vargas-Vatanda\u015fl\u0131k-Alma-1-300x215.jpg 300w, https:\/\/sarimelekler.biz\/wp-content\/uploads\/2021\/04\/Vargas-Vatanda\u015fl\u0131k-Alma-1-768x551.jpg 768w, https:\/\/sarimelekler.biz\/wp-content\/uploads\/2021\/04\/Vargas-Vatanda\u015fl\u0131k-Alma-1-1536x1101.jpg 1536w, https:\/\/sarimelekler.biz\/wp-content\/uploads\/2021\/04\/Vargas-Vatanda\u015fl\u0131k-Alma-1-2048x1468.jpg 2048w, https:\/\/sarimelekler.biz\/wp-content\/uploads\/2021\/04\/Vargas-Vatanda\u015fl\u0131k-Alma-1-150x108.jpg 150w\" sizes=\"auto, (max-width: 860px) 100vw, 860px\" data-attachment-id=\"15648\" data-permalink=\"https:\/\/sarimelekler.biz\/?attachment_id=15648\" data-orig-file=\"https:\/\/sarimelekler.biz\/wp-content\/uploads\/2021\/04\/Vargas-Vatanda\u015fl\u0131k-Alma-1.jpg\" data-orig-size=\"2560,1835\" data-comments-opened=\"0\" data-image-meta=\"{&quot;aperture&quot;:&quot;0&quot;,&quot;credit&quot;:&quot;&quot;,&quot;camera&quot;:&quot;&quot;,&quot;caption&quot;:&quot;&quot;,&quot;created_timestamp&quot;:&quot;0&quot;,&quot;copyright&quot;:&quot;&quot;,&quot;focal_length&quot;:&quot;0&quot;,&quot;iso&quot;:&quot;0&quot;,&quot;shutter_speed&quot;:&quot;0&quot;,&quot;title&quot;:&quot;&quot;,&quot;orientation&quot;:&quot;0&quot;}\" data-image-title=\"Vargas Vatanda\u015fl\u0131k Alma (1)\" data-image-description=\"\" data-image-caption=\"\" data-large-file=\"https:\/\/sarimelekler.biz\/wp-content\/uploads\/2021\/04\/Vargas-Vatanda\u015fl\u0131k-Alma-1-1024x734.jpg\" \/><\/a>\n\t\t\t<\/dt><\/dl><br style=\"clear: both\" \/><dl class='gallery-item'>\n\t\t\t<dt class='gallery-icon landscape'>\n\t\t\t\t<a href='https:\/\/sarimelekler.biz\/?attachment_id=15647'><img loading=\"lazy\" decoding=\"async\" width=\"860\" height=\"642\" src=\"https:\/\/sarimelekler.biz\/wp-content\/uploads\/2021\/04\/Vargas-Vatanda\u015fl\u0131k-Alma-1-1024x764.jpeg\" class=\"attachment-large size-large\" alt=\"\" srcset=\"https:\/\/sarimelekler.biz\/wp-content\/uploads\/2021\/04\/Vargas-Vatanda\u015fl\u0131k-Alma-1-1024x764.jpeg 1024w, https:\/\/sarimelekler.biz\/wp-content\/uploads\/2021\/04\/Vargas-Vatanda\u015fl\u0131k-Alma-1-300x224.jpeg 300w, https:\/\/sarimelekler.biz\/wp-content\/uploads\/2021\/04\/Vargas-Vatanda\u015fl\u0131k-Alma-1-768x573.jpeg 768w, https:\/\/sarimelekler.biz\/wp-content\/uploads\/2021\/04\/Vargas-Vatanda\u015fl\u0131k-Alma-1-1536x1146.jpeg 1536w, https:\/\/sarimelekler.biz\/wp-content\/uploads\/2021\/04\/Vargas-Vatanda\u015fl\u0131k-Alma-1-150x112.jpeg 150w, https:\/\/sarimelekler.biz\/wp-content\/uploads\/2021\/04\/Vargas-Vatanda\u015fl\u0131k-Alma-1.jpeg 2048w\" sizes=\"auto, (max-width: 860px) 100vw, 860px\" data-attachment-id=\"15647\" data-permalink=\"https:\/\/sarimelekler.biz\/?attachment_id=15647\" data-orig-file=\"https:\/\/sarimelekler.biz\/wp-content\/uploads\/2021\/04\/Vargas-Vatanda\u015fl\u0131k-Alma-1.jpeg\" data-orig-size=\"2048,1528\" data-comments-opened=\"0\" data-image-meta=\"{&quot;aperture&quot;:&quot;0&quot;,&quot;credit&quot;:&quot;&quot;,&quot;camera&quot;:&quot;&quot;,&quot;caption&quot;:&quot;&quot;,&quot;created_timestamp&quot;:&quot;0&quot;,&quot;copyright&quot;:&quot;&quot;,&quot;focal_length&quot;:&quot;0&quot;,&quot;iso&quot;:&quot;0&quot;,&quot;shutter_speed&quot;:&quot;0&quot;,&quot;title&quot;:&quot;&quot;,&quot;orientation&quot;:&quot;0&quot;}\" data-image-title=\"Vargas Vatanda\u015fl\u0131k Alma (1)\" data-image-description=\"\" data-image-caption=\"\" data-large-file=\"https:\/\/sarimelekler.biz\/wp-content\/uploads\/2021\/04\/Vargas-Vatanda\u015fl\u0131k-Alma-1-1024x764.jpeg\" \/><\/a>\n\t\t\t<\/dt><\/dl><br style=\"clear: both\" \/><dl class='gallery-item'>\n\t\t\t<dt class='gallery-icon landscape'>\n\t\t\t\t<a href='https:\/\/sarimelekler.biz\/?attachment_id=15651'><img loading=\"lazy\" decoding=\"async\" width=\"860\" height=\"600\" src=\"https:\/\/sarimelekler.biz\/wp-content\/uploads\/2021\/04\/Vargas-Vatanda\u015fl\u0131k-Alma-3-1024x715.jpeg\" class=\"attachment-large size-large\" alt=\"\" srcset=\"https:\/\/sarimelekler.biz\/wp-content\/uploads\/2021\/04\/Vargas-Vatanda\u015fl\u0131k-Alma-3-1024x715.jpeg 1024w, https:\/\/sarimelekler.biz\/wp-content\/uploads\/2021\/04\/Vargas-Vatanda\u015fl\u0131k-Alma-3-300x209.jpeg 300w, https:\/\/sarimelekler.biz\/wp-content\/uploads\/2021\/04\/Vargas-Vatanda\u015fl\u0131k-Alma-3-768x536.jpeg 768w, https:\/\/sarimelekler.biz\/wp-content\/uploads\/2021\/04\/Vargas-Vatanda\u015fl\u0131k-Alma-3-1536x1073.jpeg 1536w, https:\/\/sarimelekler.biz\/wp-content\/uploads\/2021\/04\/Vargas-Vatanda\u015fl\u0131k-Alma-3-150x105.jpeg 150w, https:\/\/sarimelekler.biz\/wp-content\/uploads\/2021\/04\/Vargas-Vatanda\u015fl\u0131k-Alma-3.jpeg 2048w\" sizes=\"auto, (max-width: 860px) 100vw, 860px\" data-attachment-id=\"15651\" data-permalink=\"https:\/\/sarimelekler.biz\/?attachment_id=15651\" data-orig-file=\"https:\/\/sarimelekler.biz\/wp-content\/uploads\/2021\/04\/Vargas-Vatanda\u015fl\u0131k-Alma-3.jpeg\" data-orig-size=\"2048,1430\" data-comments-opened=\"0\" data-image-meta=\"{&quot;aperture&quot;:&quot;0&quot;,&quot;credit&quot;:&quot;&quot;,&quot;camera&quot;:&quot;&quot;,&quot;caption&quot;:&quot;&quot;,&quot;created_timestamp&quot;:&quot;0&quot;,&quot;copyright&quot;:&quot;&quot;,&quot;focal_length&quot;:&quot;0&quot;,&quot;iso&quot;:&quot;0&quot;,&quot;shutter_speed&quot;:&quot;0&quot;,&quot;title&quot;:&quot;&quot;,&quot;orientation&quot;:&quot;0&quot;}\" data-image-title=\"Vargas Vatanda\u015fl\u0131k Alma (3)\" data-image-description=\"\" data-image-caption=\"\" data-large-file=\"https:\/\/sarimelekler.biz\/wp-content\/uploads\/2021\/04\/Vargas-Vatanda\u015fl\u0131k-Alma-3-1024x715.jpeg\" \/><\/a>\n\t\t\t<\/dt><\/dl><br style=\"clear: both\" \/><dl class='gallery-item'>\n\t\t\t<dt class='gallery-icon landscape'>\n\t\t\t\t<a href='https:\/\/sarimelekler.biz\/?attachment_id=15653'><img loading=\"lazy\" decoding=\"async\" width=\"860\" height=\"565\" src=\"https:\/\/sarimelekler.biz\/wp-content\/uploads\/2021\/04\/Vargas-Vatanda\u015fl\u0131k-Alma-4-1024x673.jpeg\" class=\"attachment-large size-large\" alt=\"\" srcset=\"https:\/\/sarimelekler.biz\/wp-content\/uploads\/2021\/04\/Vargas-Vatanda\u015fl\u0131k-Alma-4-1024x673.jpeg 1024w, https:\/\/sarimelekler.biz\/wp-content\/uploads\/2021\/04\/Vargas-Vatanda\u015fl\u0131k-Alma-4-300x197.jpeg 300w, https:\/\/sarimelekler.biz\/wp-content\/uploads\/2021\/04\/Vargas-Vatanda\u015fl\u0131k-Alma-4-768x505.jpeg 768w, https:\/\/sarimelekler.biz\/wp-content\/uploads\/2021\/04\/Vargas-Vatanda\u015fl\u0131k-Alma-4-1536x1010.jpeg 1536w, https:\/\/sarimelekler.biz\/wp-content\/uploads\/2021\/04\/Vargas-Vatanda\u015fl\u0131k-Alma-4-150x99.jpeg 150w, https:\/\/sarimelekler.biz\/wp-content\/uploads\/2021\/04\/Vargas-Vatanda\u015fl\u0131k-Alma-4.jpeg 2048w\" sizes=\"auto, (max-width: 860px) 100vw, 860px\" data-attachment-id=\"15653\" data-permalink=\"https:\/\/sarimelekler.biz\/?attachment_id=15653\" data-orig-file=\"https:\/\/sarimelekler.biz\/wp-content\/uploads\/2021\/04\/Vargas-Vatanda\u015fl\u0131k-Alma-4.jpeg\" data-orig-size=\"2048,1346\" data-comments-opened=\"0\" data-image-meta=\"{&quot;aperture&quot;:&quot;0&quot;,&quot;credit&quot;:&quot;&quot;,&quot;camera&quot;:&quot;&quot;,&quot;caption&quot;:&quot;&quot;,&quot;created_timestamp&quot;:&quot;0&quot;,&quot;copyright&quot;:&quot;&quot;,&quot;focal_length&quot;:&quot;0&quot;,&quot;iso&quot;:&quot;0&quot;,&quot;shutter_speed&quot;:&quot;0&quot;,&quot;title&quot;:&quot;&quot;,&quot;orientation&quot;:&quot;0&quot;}\" data-image-title=\"Vargas Vatanda\u015fl\u0131k Alma (4)\" data-image-description=\"\" data-image-caption=\"\" data-large-file=\"https:\/\/sarimelekler.biz\/wp-content\/uploads\/2021\/04\/Vargas-Vatanda\u015fl\u0131k-Alma-4-1024x673.jpeg\" \/><\/a>\n\t\t\t<\/dt><\/dl><br style=\"clear: both\" \/><dl class='gallery-item'>\n\t\t\t<dt class='gallery-icon landscape'>\n\t\t\t\t<a href='https:\/\/sarimelekler.biz\/?attachment_id=15650'><img loading=\"lazy\" decoding=\"async\" width=\"860\" height=\"764\" src=\"https:\/\/sarimelekler.biz\/wp-content\/uploads\/2021\/04\/Vargas-Vatanda\u015fl\u0131k-Alma-2-1024x910.jpg\" class=\"attachment-large size-large\" alt=\"\" srcset=\"https:\/\/sarimelekler.biz\/wp-content\/uploads\/2021\/04\/Vargas-Vatanda\u015fl\u0131k-Alma-2-1024x910.jpg 1024w, https:\/\/sarimelekler.biz\/wp-content\/uploads\/2021\/04\/Vargas-Vatanda\u015fl\u0131k-Alma-2-300x267.jpg 300w, https:\/\/sarimelekler.biz\/wp-content\/uploads\/2021\/04\/Vargas-Vatanda\u015fl\u0131k-Alma-2-768x683.jpg 768w, https:\/\/sarimelekler.biz\/wp-content\/uploads\/2021\/04\/Vargas-Vatanda\u015fl\u0131k-Alma-2-1536x1365.jpg 1536w, https:\/\/sarimelekler.biz\/wp-content\/uploads\/2021\/04\/Vargas-Vatanda\u015fl\u0131k-Alma-2-150x133.jpg 150w, https:\/\/sarimelekler.biz\/wp-content\/uploads\/2021\/04\/Vargas-Vatanda\u015fl\u0131k-Alma-2.jpg 1600w\" sizes=\"auto, (max-width: 860px) 100vw, 860px\" data-attachment-id=\"15650\" data-permalink=\"https:\/\/sarimelekler.biz\/?attachment_id=15650\" data-orig-file=\"https:\/\/sarimelekler.biz\/wp-content\/uploads\/2021\/04\/Vargas-Vatanda\u015fl\u0131k-Alma-2.jpg\" data-orig-size=\"1600,1422\" data-comments-opened=\"0\" data-image-meta=\"{&quot;aperture&quot;:&quot;4&quot;,&quot;credit&quot;:&quot;Mert Bulent Ucma TVF&quot;,&quot;camera&quot;:&quot;Canon EOS-1D X Mark II&quot;,&quot;caption&quot;:&quot;&quot;,&quot;created_timestamp&quot;:&quot;1612698166&quot;,&quot;copyright&quot;:&quot;TURKIYE VOLEYBOL FEDERASYONU&quot;,&quot;focal_length&quot;:&quot;45&quot;,&quot;iso&quot;:&quot;2000&quot;,&quot;shutter_speed&quot;:&quot;0.00625&quot;,&quot;title&quot;:&quot;&quot;,&quot;orientation&quot;:&quot;0&quot;}\" data-image-title=\"Vargas Vatanda\u015fl\u0131k Alma (2)\" data-image-description=\"\" data-image-caption=\"\" data-large-file=\"https:\/\/sarimelekler.biz\/wp-content\/uploads\/2021\/04\/Vargas-Vatanda\u015fl\u0131k-Alma-2-1024x910.jpg\" \/><\/a>\n\t\t\t<\/dt><\/dl><br style=\"clear: both\" \/><dl class='gallery-item'>\n\t\t\t<dt class='gallery-icon landscape'>\n\t\t\t\t<a href='https:\/\/sarimelekler.biz\/?attachment_id=15652'><img loading=\"lazy\" decoding=\"async\" width=\"860\" height=\"788\" src=\"https:\/\/sarimelekler.biz\/wp-content\/uploads\/2021\/04\/Vargas-Vatanda\u015fl\u0131k-Alma-3-1024x938.jpg\" class=\"attachment-large size-large\" alt=\"\" srcset=\"https:\/\/sarimelekler.biz\/wp-content\/uploads\/2021\/04\/Vargas-Vatanda\u015fl\u0131k-Alma-3-1024x938.jpg 1024w, https:\/\/sarimelekler.biz\/wp-content\/uploads\/2021\/04\/Vargas-Vatanda\u015fl\u0131k-Alma-3-300x275.jpg 300w, https:\/\/sarimelekler.biz\/wp-content\/uploads\/2021\/04\/Vargas-Vatanda\u015fl\u0131k-Alma-3-768x703.jpg 768w, https:\/\/sarimelekler.biz\/wp-content\/uploads\/2021\/04\/Vargas-Vatanda\u015fl\u0131k-Alma-3-1536x1406.jpg 1536w, https:\/\/sarimelekler.biz\/wp-content\/uploads\/2021\/04\/Vargas-Vatanda\u015fl\u0131k-Alma-3-150x137.jpg 150w, https:\/\/sarimelekler.biz\/wp-content\/uploads\/2021\/04\/Vargas-Vatanda\u015fl\u0131k-Alma-3.jpg 1600w\" sizes=\"auto, (max-width: 860px) 100vw, 860px\" data-attachment-id=\"15652\" data-permalink=\"https:\/\/sarimelekler.biz\/?attachment_id=15652\" data-orig-file=\"https:\/\/sarimelekler.biz\/wp-content\/uploads\/2021\/04\/Vargas-Vatanda\u015fl\u0131k-Alma-3.jpg\" data-orig-size=\"1600,1465\" data-comments-opened=\"0\" data-image-meta=\"{&quot;aperture&quot;:&quot;4&quot;,&quot;credit&quot;:&quot;Mert Bulent Ucma TVF&quot;,&quot;camera&quot;:&quot;Canon EOS-1D X Mark II&quot;,&quot;caption&quot;:&quot;&quot;,&quot;created_timestamp&quot;:&quot;1612698213&quot;,&quot;copyright&quot;:&quot;TURKIYE VOLEYBOL FEDERASYONU&quot;,&quot;focal_length&quot;:&quot;40&quot;,&quot;iso&quot;:&quot;2000&quot;,&quot;shutter_speed&quot;:&quot;0.00625&quot;,&quot;title&quot;:&quot;&quot;,&quot;orientation&quot;:&quot;0&quot;}\" data-image-title=\"Vargas Vatanda\u015fl\u0131k Alma (3)\" data-image-description=\"\" data-image-caption=\"\" data-large-file=\"https:\/\/sarimelekler.biz\/wp-content\/uploads\/2021\/04\/Vargas-Vatanda\u015fl\u0131k-Alma-3-1024x938.jpg\" \/><\/a>\n\t\t\t<\/dt><\/dl><br style=\"clear: both\" \/>\n\t\t<\/div>\n\n<p>Kaynak: <a href=\"https:\/\/www.tvf.org.tr\/guncel\/melissa-vargasin-turkiye-cumhuriyeti-vatandaslik-islemleri-tamamlandi\/\" target=\"_blank\" rel=\"noopener noreferrer\">T\u00fcrkiye Voleybol Federasyonu<\/a> &#8211; <a href=\"https:\/\/www.tccb.gov.tr\/haberler\/410\/126524\/cumhurbaskani-erdogan-turkiye-voleybol-federasyonu-yonetici-ve-oyuncularini-kabul-etti\" target=\"_blank\" rel=\"noopener noreferrer\">T.C. Cumhurba\u015fkanl\u0131\u011f\u0131<\/a><\/p>\n<p style=\"text-align: right;\">09.04.2021<\/p>\n<div class=\"css-1dbjc4n r-1awozwy r-18u37iz r-dnmrzs\">\n<div class=\"css-901oao r-18jsvk2 r-1qd0xha r-adyw6z r-1vr29t4 r-135wba7 r-bcqeeo r-1udh08x r-qvutc0\" dir=\"auto\">\n<div class=\"css-1dbjc4n r-xoduu5\">\n<div class=\"css-18t94o4 css-1dbjc4n r-4qtqp9 r-9cviqr r-1ny4l3l r-o7ynqc r-6416eg\" tabindex=\"0\" role=\"button\" aria-label=\"Onaylanm\u0131\u015f hesaplar hakk\u0131nda ayr\u0131nt\u0131l\u0131 bilgi verir.\">\u00a0<\/div>\n<\/div>\n<\/div>\n<\/div>\n","protected":false},"excerpt":{"rendered":"<p>T\u00fcrkiye Voleybol Federasyonu\u2019nun, Fenerbah\u00e7e Opet Kad\u0131n Voleybol Tak\u0131m\u0131m\u0131z\u0131n K\u00fcbal\u0131 oyuncusu \u2026 <a class=\"continue-reading-link\" href=\"https:\/\/sarimelekler.biz\/?p=15646\">Okumaya Devam Et.. <span class=\"meta-nav\">&rarr; <\/span><\/a><\/p>\n","protected":false},"author":1,"featured_media":15655,"comment_status":"closed","ping_status":"open","sticky":false,"template":"","format":"standard","meta":{"jetpack_post_was_ever_published":false,"_jetpack_newsletter_access":"","_jetpack_dont_email_post_to_subs":false,"_jetpack_newsletter_tier_id":0,"_jetpack_memberships_contains_paywalled_content":false,"_jetpack_memberships_contains_paid_content":false,"footnotes":"","jetpack_publicize_message":"","jetpack_publicize_feature_enabled":true,"jetpack_social_post_already_shared":true,"jetpack_social_options":{"image_generator_settings":{"template":"highway","default_image_id":0,"font":"","enabled":false},"version":2}},"categories":[7],"tags":[],"class_list":["post-15646","post","type-post","status-publish","format-standard","has-post-thumbnail","hentry","category-haberler"],"jetpack_publicize_connections":[],"jetpack_featured_media_url":"https:\/\/sarimelekler.biz\/wp-content\/uploads\/2021\/04\/Kapak.jpg","jetpack_sharing_enabled":true,"jetpack_shortlink":"https:\/\/wp.me\/p8npUZ-44m","jetpack-related-posts":[{"id":21078,"url":"https:\/\/sarimelekler.biz\/?p=21078","url_meta":{"origin":15646,"position":0},"title":"Efsane Voleybolcumuz Eda Erdem\u2019in Ad\u0131 Ata\u015fehir\u2019de Bir Parka Verildi","author":"Edit\u00f6r","date":"30 Eyl\u00fcl 2024","format":false,"excerpt":"Elde etti\u011fi ba\u015far\u0131larla g\u00f6\u011fs\u00fcm\u00fcz\u00fc kabartan, \u00f6rnek ki\u015fili\u011fi ve duru\u015fu ile herkesin sevgisini kazanan, Fenerbah\u00e7e Medicana ve A Mill\u00ee Kad\u0131n Voleybol Tak\u0131m\u0131m\u0131z\u0131n efsane kaptan\u0131 Eda Erdem\u2019in ad\u0131 Ata\u015fehir\u2019de bir parka verildi. Atat\u00fcrk Mahallesi\u2019nde bulunan park\u0131n yenileme \u00e7al\u0131\u015fmalar\u0131n\u0131 ger\u00e7ekle\u015ftiren Ata\u015fehir Belediyesi, \u00e7al\u0131\u015fmalar\u0131n tamamlanmas\u0131n\u0131n ard\u0131ndan yeniden d\u00fczenlenen park\u0131, Kaptan Eda Erdem'in ismiyle ta\u00e7land\u0131rd\u0131.\u2026","rel":"","context":"&quot;Haberler&quot; i\u00e7inde","block_context":{"text":"Haberler","link":"https:\/\/sarimelekler.biz\/?cat=7"},"img":{"alt_text":"","src":"https:\/\/i0.wp.com\/sarimelekler.biz\/wp-content\/uploads\/2024\/09\/Eda-Erdem-Parki-4-scaled.jpg?resize=350%2C200&ssl=1","width":350,"height":200,"srcset":"https:\/\/i0.wp.com\/sarimelekler.biz\/wp-content\/uploads\/2024\/09\/Eda-Erdem-Parki-4-scaled.jpg?resize=350%2C200&ssl=1 1x, https:\/\/i0.wp.com\/sarimelekler.biz\/wp-content\/uploads\/2024\/09\/Eda-Erdem-Parki-4-scaled.jpg?resize=525%2C300&ssl=1 1.5x, https:\/\/i0.wp.com\/sarimelekler.biz\/wp-content\/uploads\/2024\/09\/Eda-Erdem-Parki-4-scaled.jpg?resize=700%2C400&ssl=1 2x, https:\/\/i0.wp.com\/sarimelekler.biz\/wp-content\/uploads\/2024\/09\/Eda-Erdem-Parki-4-scaled.jpg?resize=1050%2C600&ssl=1 3x, https:\/\/i0.wp.com\/sarimelekler.biz\/wp-content\/uploads\/2024\/09\/Eda-Erdem-Parki-4-scaled.jpg?resize=1400%2C800&ssl=1 4x"},"classes":[]},{"id":18754,"url":"https:\/\/sarimelekler.biz\/?p=18754","url_meta":{"origin":15646,"position":1},"title":"Melissa Vargas \u00c7in Liginin Bitmesinden Sonra Tak\u0131ma Geri D\u00f6nd\u00fc","author":"Edit\u00f6r","date":"15 Ocak 2023","format":false,"excerpt":"Fenerbah\u00e7e Opet Kad\u0131n Voleybol Tak\u0131m\u0131m\u0131z\u0131n ba\u015far\u0131l\u0131 oyuncusu Melissa Vargas 21-22 T\u00fcrkiye Liginin bitmesinden sonra transfer oldu\u011fu \u00c7in Liginde bitmesinden sonra kul\u00fcb\u00fcm\u00fcze geri d\u00f6nd\u00fc. Vargas\u2019a Ba\u015far\u0131l\u0131 bir sezon dileriz. Kul\u00fcb\u00fcm\u00fcz\u00fcn Resmi Sitesinden yap\u0131lan a\u00e7\u0131klama: Fenerbah\u00e7e Opet Kad\u0131n Voleybol Tak\u0131m\u0131m\u0131z\u0131n oyuncusu Melissa Vargas, \u00c7in Ligi\u2019nin sona ermesiyle birlikte \u0130stanbul\u2019a geri d\u00f6nd\u00fc. K\u00fcba\u2026","rel":"","context":"&quot;Transfer Haberleri&quot; i\u00e7inde","block_context":{"text":"Transfer Haberleri","link":"https:\/\/sarimelekler.biz\/?cat=23"},"img":{"alt_text":"","src":"https:\/\/i0.wp.com\/sarimelekler.biz\/wp-content\/uploads\/2023\/02\/Vargas-2023-1-scaled.jpg?resize=350%2C200&ssl=1","width":350,"height":200,"srcset":"https:\/\/i0.wp.com\/sarimelekler.biz\/wp-content\/uploads\/2023\/02\/Vargas-2023-1-scaled.jpg?resize=350%2C200&ssl=1 1x, https:\/\/i0.wp.com\/sarimelekler.biz\/wp-content\/uploads\/2023\/02\/Vargas-2023-1-scaled.jpg?resize=525%2C300&ssl=1 1.5x, https:\/\/i0.wp.com\/sarimelekler.biz\/wp-content\/uploads\/2023\/02\/Vargas-2023-1-scaled.jpg?resize=700%2C400&ssl=1 2x, https:\/\/i0.wp.com\/sarimelekler.biz\/wp-content\/uploads\/2023\/02\/Vargas-2023-1-scaled.jpg?resize=1050%2C600&ssl=1 3x, https:\/\/i0.wp.com\/sarimelekler.biz\/wp-content\/uploads\/2023\/02\/Vargas-2023-1-scaled.jpg?resize=1400%2C800&ssl=1 4x"},"classes":[]},{"id":6825,"url":"https:\/\/sarimelekler.biz\/?p=6825","url_meta":{"origin":15646,"position":2},"title":"Ana Antonijevic: \u00c7ok b\u00fcy\u00fck bir kul\u00fcpteyim","author":"Edit\u00f6r","date":"17 Eyl\u00fcl 2018","format":false,"excerpt":"Fenerbah\u00e7e Kad\u0131n Voleybol Tak\u0131m\u0131m\u0131z\u0131n yeni transferi Ana Antonijevic, Fenerbah\u00e7e Spor Kul\u00fcb\u00fcm\u00fcz\u00fcn Resmi \u0130nternet Sitesine a\u00e7\u0131klamalarda bulundu. Fenerbah\u00e7e Kad\u0131n Voleybol Tak\u0131m\u0131m\u0131z\u0131n yeni transferlerinden Ana Antonijevic, Fenerbah\u00e7e gibi b\u00fcy\u00fck bir kul\u00fcbe geldi\u011fi i\u00e7in \u00e7ok mutlu ve heyecanl\u0131 oldu\u011funu belirtti. S\u0131rbistan milli tak\u0131m formas\u0131 giyen yeni transferlerimizden Ana Antonijevic, bug\u00fcn (17.09.2018) \u0130stanbul\u2019a geldi.\u2026","rel":"","context":"&quot;Resmi Site R\u00f6portajlar\u0131&quot; i\u00e7inde","block_context":{"text":"Resmi Site R\u00f6portajlar\u0131","link":"https:\/\/sarimelekler.biz\/?cat=17"},"img":{"alt_text":"","src":"https:\/\/i0.wp.com\/sarimelekler.biz\/wp-content\/uploads\/2018\/09\/de6p9873_61700_7402945.jpg?resize=350%2C200&ssl=1","width":350,"height":200,"srcset":"https:\/\/i0.wp.com\/sarimelekler.biz\/wp-content\/uploads\/2018\/09\/de6p9873_61700_7402945.jpg?resize=350%2C200&ssl=1 1x, https:\/\/i0.wp.com\/sarimelekler.biz\/wp-content\/uploads\/2018\/09\/de6p9873_61700_7402945.jpg?resize=525%2C300&ssl=1 1.5x, https:\/\/i0.wp.com\/sarimelekler.biz\/wp-content\/uploads\/2018\/09\/de6p9873_61700_7402945.jpg?resize=700%2C400&ssl=1 2x, https:\/\/i0.wp.com\/sarimelekler.biz\/wp-content\/uploads\/2018\/09\/de6p9873_61700_7402945.jpg?resize=1050%2C600&ssl=1 3x, https:\/\/i0.wp.com\/sarimelekler.biz\/wp-content\/uploads\/2018\/09\/de6p9873_61700_7402945.jpg?resize=1400%2C800&ssl=1 4x"},"classes":[]},{"id":11819,"url":"https:\/\/sarimelekler.biz\/?p=11819","url_meta":{"origin":15646,"position":3},"title":"Brankica Mihajlovic: &#8220;Yeniden Burada Olmak Harika.&#8221;","author":"Edit\u00f6r","date":"17 Eyl\u00fcl 2019","format":false,"excerpt":"Fenerbah\u00e7e Opet Kad\u0131n Voleybol Tak\u0131m\u0131m\u0131z yeni transferi Brankica Mihajlovic, kul\u00fcb\u00fcm\u00fcz\u00fcn resmi internet sitesine a\u00e7\u0131klamalarda bulundu. Yeniden Fenerbah\u00e7e formas\u0131 giyecek olmaktan dolay\u0131 mutlu ve heyecanl\u0131 oldu\u011funu s\u00f6yleyen Brankica Mihajlovic; S\u0131rbistan Kad\u0131n Milli Voleybol Tak\u0131m\u0131yla kazand\u0131\u011f\u0131 Avrupa \u015fampiyonlu\u011funu da de\u011ferlendirdi. Yeniden Fenerbah\u00e7e formas\u0131 giyecek olmaktan dolay\u0131 mutlu oldu\u011funu dile getirerek s\u00f6zlerine ba\u015flayan\u2026","rel":"","context":"&quot;Haberler&quot; i\u00e7inde","block_context":{"text":"Haberler","link":"https:\/\/sarimelekler.biz\/?cat=7"},"img":{"alt_text":"","src":"https:\/\/i0.wp.com\/sarimelekler.biz\/wp-content\/uploads\/2019\/09\/Mihajlovic-2019-20-3.jpg?resize=350%2C200&ssl=1","width":350,"height":200,"srcset":"https:\/\/i0.wp.com\/sarimelekler.biz\/wp-content\/uploads\/2019\/09\/Mihajlovic-2019-20-3.jpg?resize=350%2C200&ssl=1 1x, https:\/\/i0.wp.com\/sarimelekler.biz\/wp-content\/uploads\/2019\/09\/Mihajlovic-2019-20-3.jpg?resize=525%2C300&ssl=1 1.5x, https:\/\/i0.wp.com\/sarimelekler.biz\/wp-content\/uploads\/2019\/09\/Mihajlovic-2019-20-3.jpg?resize=700%2C400&ssl=1 2x, https:\/\/i0.wp.com\/sarimelekler.biz\/wp-content\/uploads\/2019\/09\/Mihajlovic-2019-20-3.jpg?resize=1050%2C600&ssl=1 3x, https:\/\/i0.wp.com\/sarimelekler.biz\/wp-content\/uploads\/2019\/09\/Mihajlovic-2019-20-3.jpg?resize=1400%2C800&ssl=1 4x"},"classes":[]},{"id":20450,"url":"https:\/\/sarimelekler.biz\/?p=20450","url_meta":{"origin":15646,"position":4},"title":"Zonguldak&#8217;\u0131n \u00c7aycuma \u0130l\u00e7esinde Vargas\u2019\u0131n Heykeli Dikildi","author":"Edit\u00f6r","date":"9 Mart 2024","format":false,"excerpt":"Ge\u00e7ti\u011fimiz sezon Fenerbah\u00e7e Opet Kad\u0131n Voleybol Tak\u0131m\u0131m\u0131z ile lig \u015fampiyonlu\u011fu kazanan, A Milli Kad\u0131n Voleybol Tak\u0131m\u0131m\u0131zla Milletler Ligi ve Avrupa \u015eampiyonlu\u011fu ya\u015fay\u0131p, olimpiyat elemelerinde 7'de 7 yapan tak\u0131m\u0131n bir par\u00e7as\u0131 olan Fenerbah\u00e7e Opet Kad\u0131n Voleybol Tak\u0131m\u0131m\u0131z ve A Milli Kad\u0131n Voleybol Tak\u0131m\u0131m\u0131z\u0131n en \u00f6nemli isimlerinden biri olan voleybolcumuz Melissa Vargas\u2019\u0131n\u2026","rel":"","context":"&quot;Haberler&quot; i\u00e7inde","block_context":{"text":"Haberler","link":"https:\/\/sarimelekler.biz\/?cat=7"},"img":{"alt_text":"","src":"https:\/\/i0.wp.com\/sarimelekler.biz\/wp-content\/uploads\/2024\/03\/Vargas-Heykel-13.jpg?resize=350%2C200&ssl=1","width":350,"height":200,"srcset":"https:\/\/i0.wp.com\/sarimelekler.biz\/wp-content\/uploads\/2024\/03\/Vargas-Heykel-13.jpg?resize=350%2C200&ssl=1 1x, https:\/\/i0.wp.com\/sarimelekler.biz\/wp-content\/uploads\/2024\/03\/Vargas-Heykel-13.jpg?resize=525%2C300&ssl=1 1.5x, https:\/\/i0.wp.com\/sarimelekler.biz\/wp-content\/uploads\/2024\/03\/Vargas-Heykel-13.jpg?resize=700%2C400&ssl=1 2x, https:\/\/i0.wp.com\/sarimelekler.biz\/wp-content\/uploads\/2024\/03\/Vargas-Heykel-13.jpg?resize=1050%2C600&ssl=1 3x, https:\/\/i0.wp.com\/sarimelekler.biz\/wp-content\/uploads\/2024\/03\/Vargas-Heykel-13.jpg?resize=1400%2C800&ssl=1 4x"},"classes":[]},{"id":15727,"url":"https:\/\/sarimelekler.biz\/?p=15727","url_meta":{"origin":15646,"position":5},"title":"Melissa Vargas Tak\u0131m\u0131m\u0131zdan Ayr\u0131ld\u0131","author":"Edit\u00f6r","date":"22 Nisan 2021","format":false,"excerpt":"Kul\u00fcb\u00fcm\u00fcz Fenerbah\u00e7e Opet Kad\u0131n Voleybol tak\u0131m\u0131m\u0131z\u0131n pas\u00f6r \u00e7apraz\u0131 oyuncusu Melissa Vargas\u2019\u0131n tak\u0131mdan ayr\u0131ld\u0131\u011f\u0131n\u0131 resmi sitesinden yapt\u0131\u011f\u0131 a\u00e7\u0131klamayla duyurdu. Melissa Vargas\u2019a emekleri i\u00e7in te\u015fekk\u00fcr eder, kariyerinde ba\u015far\u0131lar dileriz. Kul\u00fcb\u00fcm\u00fczden Yap\u0131lan A\u00e7\u0131klama: Her \u015fey i\u00e7in bir kez daha te\u015fekk\u00fcrler Melissa! 2018-2019 sezonundan bu yana formam\u0131z\u0131 gururla ta\u015f\u0131yan Melissa Vargas, hayallerini ger\u00e7ekle\u015ftirmenin gururuyla\u2026","rel":"","context":"&quot;Transfer Haberleri&quot; i\u00e7inde","block_context":{"text":"Transfer Haberleri","link":"https:\/\/sarimelekler.biz\/?cat=23"},"img":{"alt_text":"","src":"https:\/\/i0.wp.com\/sarimelekler.biz\/wp-content\/uploads\/2021\/04\/Vargas.jpg?resize=350%2C200&ssl=1","width":350,"height":200,"srcset":"https:\/\/i0.wp.com\/sarimelekler.biz\/wp-content\/uploads\/2021\/04\/Vargas.jpg?resize=350%2C200&ssl=1 1x, https:\/\/i0.wp.com\/sarimelekler.biz\/wp-content\/uploads\/2021\/04\/Vargas.jpg?resize=525%2C300&ssl=1 1.5x, https:\/\/i0.wp.com\/sarimelekler.biz\/wp-content\/uploads\/2021\/04\/Vargas.jpg?resize=700%2C400&ssl=1 2x"},"classes":[]}],"_links":{"self":[{"href":"https:\/\/sarimelekler.biz\/index.php?rest_route=\/wp\/v2\/posts\/15646","targetHints":{"allow":["GET"]}}],"collection":[{"href":"https:\/\/sarimelekler.biz\/index.php?rest_route=\/wp\/v2\/posts"}],"about":[{"href":"https:\/\/sarimelekler.biz\/index.php?rest_route=\/wp\/v2\/types\/post"}],"author":[{"embeddable":true,"href":"https:\/\/sarimelekler.biz\/index.php?rest_route=\/wp\/v2\/users\/1"}],"replies":[{"embeddable":true,"href":"https:\/\/sarimelekler.biz\/index.php?rest_route=%2Fwp%2Fv2%2Fcomments&post=15646"}],"version-history":[{"count":2,"href":"https:\/\/sarimelekler.biz\/index.php?rest_route=\/wp\/v2\/posts\/15646\/revisions"}],"predecessor-version":[{"id":15656,"href":"https:\/\/sarimelekler.biz\/index.php?rest_route=\/wp\/v2\/posts\/15646\/revisions\/15656"}],"wp:featuredmedia":[{"embeddable":true,"href":"https:\/\/sarimelekler.biz\/index.php?rest_route=\/wp\/v2\/media\/15655"}],"wp:attachment":[{"href":"https:\/\/sarimelekler.biz\/index.php?rest_route=%2Fwp%2Fv2%2Fmedia&parent=15646"}],"wp:term":[{"taxonomy":"category","embeddable":true,"href":"https:\/\/sarimelekler.biz\/index.php?rest_route=%2Fwp%2Fv2%2Fcategories&post=15646"},{"taxonomy":"post_tag","embeddable":true,"href":"https:\/\/sarimelekler.biz\/index.php?rest_route=%2Fwp%2Fv2%2Ftags&post=15646"}],"curies":[{"name":"wp","href":"https:\/\/api.w.org\/{rel}","templated":true}]}}