{"id":15697,"date":"2021-04-15T17:49:45","date_gmt":"2021-04-15T14:49:45","guid":{"rendered":"http:\/\/sarimelekler.biz\/?p=15697"},"modified":"2021-04-15T17:56:54","modified_gmt":"2021-04-15T14:56:54","slug":"artan-covid-19-vakalari-sebebiyle-takimimiz-sultanalar-ligi-finalinden-cekildi","status":"publish","type":"post","link":"https:\/\/sarimelekler.biz\/?p=15697","title":{"rendered":"Artan Covid-19 Vakalar\u0131 Sebebiyle Tak\u0131m\u0131m\u0131z Sultanlar Ligi Finalinden \u00c7ekildi."},"content":{"rendered":"<p style=\"text-align: justify;\">Fenerbah\u00e7e Opet Kad\u0131n Voleybol Tak\u0131m\u0131m\u0131z, teknik ekip ve oyuncular\u0131m\u0131zda son bir hafta i\u00e7erisinde g\u00f6r\u00fclen Covid-19 Vakalar\u0131 sebebiyle misli.com Sultanlar Ligi final serisi \u00fc\u00e7\u00fcnc\u00fc ma\u00e7\u0131na \u00e7\u0131kmama karar\u0131 ald\u0131.<br \/>\nSeride 2-0 geride olan Sar\u0131 Meleklerimiz yar\u0131n oynanmas\u0131 planlanan serinin \u00fc\u00e7\u00fcnc\u00fc ma\u00e7\u0131n\u0131 h\u00fckmen 3-0 kaybedecek. \u00a0B\u00f6ylelikle seri 3-0 olacak ve Federasyon, \u015eampiyonu Vak\u0131fbank olarak tescil edecek.<br \/>\nBu sonu\u00e7la tak\u0131m\u0131m\u0131z MisliCom Sultanlar Ligini 2. Olarak tamamlad\u0131 ve gelecek sezon \u015eampiyonlar liginde yer almaya hak kazand\u0131.<\/p>\n<p style=\"text-align: justify;\">T\u00fcm tak\u0131m\u0131m\u0131za verdikleri m\u00fccadele i\u00e7in te\u015fekk\u00fcr eder, acil \u015fifalar dileriz.<\/p>\n<p style=\"text-align: justify;\"><a href=\"https:\/\/www.fenerbahce.org\/haberler\/voleybol-kadin\/2021\/4\/kamuoyuna-aciklama\" target=\"_blank\" rel=\"noopener noreferrer\">Kul\u00fcb\u00fcm\u00fczden Yap\u0131lan A\u00e7\u0131klama:<\/a><\/p>\n<p style=\"text-align: justify;\">Fenerbah\u00e7e Opet Kad\u0131n Voleybol Tak\u0131m\u0131m\u0131za yap\u0131lan Pcr testleri sonucunda; sporcular\u0131m\u0131zdan 8 ve teknik ekibimizden 4 ki\u015fide pozitif sonuca ula\u015f\u0131ld\u0131\u011f\u0131n\u0131, karantina ve tedavi s\u00fcre\u00e7lerinin devam etti\u011fini kamuoyunun bilgisine sunmu\u015ftuk.<br \/>\nBu s\u00fcre\u00e7te Sultanlar Ligi play-off serisinde 13 Nisan 2021 Sal\u0131 g\u00fcn\u00fc Fenerbah\u00e7e Opet Kad\u0131n Voleybol Tak\u0131m\u0131m\u0131z ile Vak\u0131fbank aras\u0131nda oynanan ikinci ma\u00e7\u0131na toplamda 5 sporcumuzdan eksik \u00e7\u0131km\u0131\u015f, tedbir ama\u00e7l\u0131 yap\u0131lan testlerin sonucunda ise bug\u00fcn itibar\u0131yla bu rakam sporcu ve teknik ekibimizin de kat\u0131l\u0131mlar\u0131yla toplamda 12\u2019ye ula\u015fm\u0131\u015ft\u0131r.<br \/>\nT\u00fcrkiye Voleybol Federasyonu\u2019nun play-off m\u00fccadelelerinde ma\u00e7 tehiri yap\u0131lmamas\u0131 karar\u0131na istinaden; 16 Nisan 2021 Cuma g\u00fcn\u00fc oynanacak play-off serisi 3.ma\u00e7\u0131nda oynayabilecek yeterli say\u0131da sporcumuz olmad\u0131\u011f\u0131 i\u00e7in Y\u00f6netim Kurulumuzun karar\u0131yla tak\u0131m\u0131m\u0131z\u0131n ma\u00e7a \u00e7\u0131kamayaca\u011f\u0131n\u0131 kamuoyu ile payla\u015fmak istiyoruz.<br \/>\nBu karar; t\u00fcm d\u00fcnya ile birlikte m\u00fccadele etti\u011fimiz salg\u0131n s\u00fcrecinde, sezon boyunca kar\u015f\u0131la\u015ft\u0131\u011f\u0131m\u0131z t\u00fcm zorluklara ra\u011fmen son ana dek m\u00fccadeleden vazge\u00e7meyen Tak\u0131m\u0131m\u0131z ad\u0131na, T\u00fcrkiye Kupas\u0131\u2019nda ve CEV \u015eampiyonlar Ligi yar\u0131 final haftas\u0131ndaki kritik s\u00fcre\u00e7te ba\u015flay\u0131p son olarak Play-off serisi d\u00f6neminde artan covid vakalar\u0131 dolay\u0131s\u0131yla ka\u00e7\u0131n\u0131lmaz olmu\u015ftur.<br \/>\nFenerbah\u00e7e Spor Kul\u00fcb\u00fc olarak 2019-2020 sezonu sona erdirilirken dile getirdi\u011fimiz gibi bir kez daha \u201c\u0130nsan sa\u011fl\u0131\u011f\u0131 \u015fampiyonluklardan ve kupalardan \u00f6nemlidir!\u201d diyor, elimizde olmayan \u015fartlardan dolay\u0131 ald\u0131\u011f\u0131m\u0131z sahaya \u00e7\u0131kmama karar\u0131n\u0131, t\u00fcm kamuoyunun bilgisine sunuyoruz.<br \/>\nSayg\u0131lar\u0131m\u0131zla,<br \/>\nFenerbah\u00e7e Spor Kul\u00fcb\u00fc<\/p>\n<p style=\"text-align: right;\">15.04.2021<\/p>\n","protected":false},"excerpt":{"rendered":"<p>Fenerbah\u00e7e Opet Kad\u0131n Voleybol Tak\u0131m\u0131m\u0131z, teknik ekip ve oyuncular\u0131m\u0131zda son \u2026 <a class=\"continue-reading-link\" href=\"https:\/\/sarimelekler.biz\/?p=15697\">Okumaya Devam Et.. <span class=\"meta-nav\">&rarr; <\/span><\/a><\/p>\n","protected":false},"author":1,"featured_media":15274,"comment_status":"closed","ping_status":"open","sticky":false,"template":"","format":"standard","meta":{"jetpack_post_was_ever_published":false,"_jetpack_newsletter_access":"","_jetpack_dont_email_post_to_subs":false,"_jetpack_newsletter_tier_id":0,"_jetpack_memberships_contains_paywalled_content":false,"_jetpack_memberships_contains_paid_content":false,"footnotes":"","jetpack_publicize_message":"","jetpack_publicize_feature_enabled":true,"jetpack_social_post_already_shared":true,"jetpack_social_options":{"image_generator_settings":{"template":"highway","default_image_id":0,"font":"","enabled":false},"version":2}},"categories":[6],"tags":[],"class_list":["post-15697","post","type-post","status-publish","format-standard","has-post-thumbnail","hentry","category-turkiye-ligi"],"jetpack_publicize_connections":[],"jetpack_featured_media_url":"https:\/\/sarimelekler.biz\/wp-content\/uploads\/2021\/02\/27-20-21-10.jpg","jetpack_sharing_enabled":true,"jetpack_shortlink":"https:\/\/wp.me\/p8npUZ-45b","jetpack-related-posts":[{"id":15701,"url":"https:\/\/sarimelekler.biz\/?p=15701","url_meta":{"origin":15697,"position":0},"title":"Fenerbah\u00e7e Opet Kad\u0131n Voleybol Tak\u0131m\u0131m\u0131z, \u0130kincilik \u015eiltini Ald\u0131","author":"Edit\u00f6r","date":"16 Nisan 2021","format":false,"excerpt":"Fenerbah\u00e7e Opet Kad\u0131n Voleybol Tak\u0131m\u0131m\u0131z, teknik ekip ve oyuncular\u0131m\u0131zda son bir hafta i\u00e7erisinde g\u00f6r\u00fclen Covid-19 Vakalar\u0131 sebebiyle d\u00fcn misli.com Sultanlar Ligi final serisi \u00fc\u00e7\u00fcnc\u00fc ma\u00e7\u0131na \u00e7\u0131kmama karar\u0131 almas\u0131 \u00fczerine tak\u0131m\u0131m\u0131z bug\u00fcn oynanacak ma\u00e7ta h\u00fckmen yenik say\u0131ld\u0131 ve serinin 3-0\u2019a gelmesiyle \u015eampiyon Vak\u0131fbank oldu. G\u00fcn i\u00e7erisinde \u015eampiyonluk, ikincilik ve bireysel \u00f6d\u00fcl\u2026","rel":"","context":"&quot;T\u00fcrkiye Ligi&quot; i\u00e7inde","block_context":{"text":"T\u00fcrkiye Ligi","link":"https:\/\/sarimelekler.biz\/?cat=6"},"img":{"alt_text":"","src":"https:\/\/i0.wp.com\/sarimelekler.biz\/wp-content\/uploads\/2021\/04\/36-2020-21-18.jpg?resize=350%2C200&ssl=1","width":350,"height":200,"srcset":"https:\/\/i0.wp.com\/sarimelekler.biz\/wp-content\/uploads\/2021\/04\/36-2020-21-18.jpg?resize=350%2C200&ssl=1 1x, https:\/\/i0.wp.com\/sarimelekler.biz\/wp-content\/uploads\/2021\/04\/36-2020-21-18.jpg?resize=525%2C300&ssl=1 1.5x, https:\/\/i0.wp.com\/sarimelekler.biz\/wp-content\/uploads\/2021\/04\/36-2020-21-18.jpg?resize=700%2C400&ssl=1 2x, https:\/\/i0.wp.com\/sarimelekler.biz\/wp-content\/uploads\/2021\/04\/36-2020-21-18.jpg?resize=1050%2C600&ssl=1 3x, https:\/\/i0.wp.com\/sarimelekler.biz\/wp-content\/uploads\/2021\/04\/36-2020-21-18.jpg?resize=1400%2C800&ssl=1 4x"},"classes":[]},{"id":14990,"url":"https:\/\/sarimelekler.biz\/?p=14990","url_meta":{"origin":15697,"position":1},"title":"Ba\u015fantren\u00f6r\u00fcm\u00fcz Zoran Terzic\u2019le 3 Y\u0131ll\u0131k Yeni S\u00f6zle\u015fme \u0130mzaland\u0131.","author":"Edit\u00f6r","date":"19 Ocak 2021","format":false,"excerpt":"Fenerbah\u00e7e Opet Kad\u0131n Voleybol Tak\u0131m\u0131m\u0131z\u0131n Ba\u015fantren\u00f6r\u00fc Zoran Terzic\u2019in s\u00f6zle\u015fmesinin 3 sene daha uzat\u0131ld\u0131\u011f\u0131 kul\u00fcb\u00fcm\u00fcz\u00fcn resmi internet sitesinden duyuruldu. 2018 \u2013 2019 sezonunda tak\u0131m\u0131m\u0131za kat\u0131lan Terzic ilk senesinde Sultanlar Liginde \u00fc\u00e7\u00fcnc\u00fc olurken, \u015eampiyonlar Liginde ise de\u011fi\u015fen sistemle beraber \u00fc\u00e7\u00fcnc\u00fcl\u00fc\u011f\u00fc Vak\u0131fbank\u2019la payla\u015ft\u0131. Ge\u00e7ti\u011fimiz sezonu ise normal lig etab\u0131n\u0131 \u00fc\u00e7\u00fcnc\u00fc olarak bitiren tak\u0131m\u0131m\u0131z\u2026","rel":"","context":"&quot;Transfer Haberleri&quot; i\u00e7inde","block_context":{"text":"Transfer Haberleri","link":"https:\/\/sarimelekler.biz\/?cat=23"},"img":{"alt_text":"","src":"https:\/\/i0.wp.com\/sarimelekler.biz\/wp-content\/uploads\/2019\/06\/terzic-19-20.jpg?resize=350%2C200&ssl=1","width":350,"height":200,"srcset":"https:\/\/i0.wp.com\/sarimelekler.biz\/wp-content\/uploads\/2019\/06\/terzic-19-20.jpg?resize=350%2C200&ssl=1 1x, https:\/\/i0.wp.com\/sarimelekler.biz\/wp-content\/uploads\/2019\/06\/terzic-19-20.jpg?resize=525%2C300&ssl=1 1.5x, https:\/\/i0.wp.com\/sarimelekler.biz\/wp-content\/uploads\/2019\/06\/terzic-19-20.jpg?resize=700%2C400&ssl=1 2x"},"classes":[]},{"id":13420,"url":"https:\/\/sarimelekler.biz\/?p=13420","url_meta":{"origin":15697,"position":2},"title":"Voleybol Ligleri Sonland\u0131r\u0131ld\u0131.","author":"Edit\u00f6r","date":"11 May\u0131s 2020","format":false,"excerpt":"T\u00fcrkiye Cumhuriyeti Gen\u00e7lik ve Spor Bakan\u0131 Sn. Mehmet Muharrem Kasapo\u011flu\u2019nun ev sahipli\u011finde 19.03.2020 g\u00fcn\u00fc Ankara\u2019da yap\u0131lan toplant\u0131 sonucunda, COVID-19 salg\u0131n\u0131na kar\u015f\u0131 al\u0131nan tedbirler kapsam\u0131nda t\u00fcm voleybol ma\u00e7lar\u0131n\u0131n s\u00fcresiz olarak ertelendi\u011fi a\u00e7\u0131klanm\u0131\u015ft\u0131. Ge\u00e7en yakla\u015f\u0131k 53 g\u00fcnde tak\u0131mlar antrenmanlar\u0131na evlerinden \u00c7evrimi\u00e7i olarak s\u00fcrd\u00fcrmekteydi. Bug\u00fcn T\u00fcrkiye Voleybol Federasyonu taraf\u0131ndan; erkek ve kad\u0131n liglerinin\u2026","rel":"","context":"&quot;T\u00fcrkiye Ligi&quot; i\u00e7inde","block_context":{"text":"T\u00fcrkiye Ligi","link":"https:\/\/sarimelekler.biz\/?cat=6"},"img":{"alt_text":"","src":"https:\/\/i0.wp.com\/sarimelekler.biz\/wp-content\/uploads\/2020\/03\/FB-Logo.jpeg?resize=350%2C200&ssl=1","width":350,"height":200,"srcset":"https:\/\/i0.wp.com\/sarimelekler.biz\/wp-content\/uploads\/2020\/03\/FB-Logo.jpeg?resize=350%2C200&ssl=1 1x, https:\/\/i0.wp.com\/sarimelekler.biz\/wp-content\/uploads\/2020\/03\/FB-Logo.jpeg?resize=525%2C300&ssl=1 1.5x, https:\/\/i0.wp.com\/sarimelekler.biz\/wp-content\/uploads\/2020\/03\/FB-Logo.jpeg?resize=700%2C400&ssl=1 2x, https:\/\/i0.wp.com\/sarimelekler.biz\/wp-content\/uploads\/2020\/03\/FB-Logo.jpeg?resize=1050%2C600&ssl=1 3x, https:\/\/i0.wp.com\/sarimelekler.biz\/wp-content\/uploads\/2020\/03\/FB-Logo.jpeg?resize=1400%2C800&ssl=1 4x"},"classes":[]},{"id":14830,"url":"https:\/\/sarimelekler.biz\/?p=14830","url_meta":{"origin":15697,"position":3},"title":"Kelsey Robinson Tekrar Sar\u0131 Melek Oldu.","author":"Edit\u00f6r","date":"21 Aral\u0131k 2020","format":false,"excerpt":"Ge\u00e7ti\u011fimiz sezonu (2019-20) tak\u0131m\u0131m\u0131zda ge\u00e7iren ve ba\u015far\u0131l\u0131 bir performans ortaya koyan, sma\u00e7\u00f6r mevkiinde oynayan Amerikal\u0131 oyuncu Kelsey Robinson ile Fenerbah\u00e7e Opet tak\u0131m\u0131m\u0131z yeniden s\u00f6zle\u015fme imzalad\u0131. 1992 do\u011fumlu, 188 cm boyundaki Kelsey Robinson bu sezon \u00c7in\u2019in Guangdong Evergrande tak\u0131m\u0131nda forma giydi. \u00c7in liginin bitmesiyle tak\u0131m\u0131m\u0131za tekrar transfer olan Robinson gelecek sezon\u2026","rel":"","context":"&quot;Transfer Haberleri&quot; i\u00e7inde","block_context":{"text":"Transfer Haberleri","link":"https:\/\/sarimelekler.biz\/?cat=23"},"img":{"alt_text":"","src":"https:\/\/i0.wp.com\/sarimelekler.biz\/wp-content\/uploads\/2020\/12\/Robinson-Kapak.jpg?resize=350%2C200&ssl=1","width":350,"height":200,"srcset":"https:\/\/i0.wp.com\/sarimelekler.biz\/wp-content\/uploads\/2020\/12\/Robinson-Kapak.jpg?resize=350%2C200&ssl=1 1x, https:\/\/i0.wp.com\/sarimelekler.biz\/wp-content\/uploads\/2020\/12\/Robinson-Kapak.jpg?resize=525%2C300&ssl=1 1.5x, https:\/\/i0.wp.com\/sarimelekler.biz\/wp-content\/uploads\/2020\/12\/Robinson-Kapak.jpg?resize=700%2C400&ssl=1 2x, https:\/\/i0.wp.com\/sarimelekler.biz\/wp-content\/uploads\/2020\/12\/Robinson-Kapak.jpg?resize=1050%2C600&ssl=1 3x, https:\/\/i0.wp.com\/sarimelekler.biz\/wp-content\/uploads\/2020\/12\/Robinson-Kapak.jpg?resize=1400%2C800&ssl=1 4x"},"classes":[]},{"id":15574,"url":"https:\/\/sarimelekler.biz\/?p=15574","url_meta":{"origin":15697,"position":4},"title":"1.Lig: Fenerbah\u00e7e:3 \u2013 Vak\u0131fbank:0","author":"Edit\u00f6r","date":"3 Nisan 2021","format":false,"excerpt":"Sigorta Shop Kad\u0131nlar 1.Ligi'nde M\u00fccadele Eden 1. Lig Kad\u0131n Voleybol tak\u0131m\u0131m\u0131z sezonun son ma\u00e7\u0131nda Vak\u0131fbank'\u0131 konuk etti. Ma\u00e7\u0131 25-18, 25-18 ve 26-24\u2019l\u00fck set skorlar\u0131yla 3-0 kazanan Sar\u0131 Melekler sezonu galibiyetle kapatt\u0131. Stat\u00fc gere\u011fi Sultanlar ligine \u00e7\u0131kamayacak olan, sezon ba\u015f\u0131 itibariyle 18 ya\u015f ve alt\u0131 oyuncular\u0131m\u0131zdan olu\u015fan tak\u0131m\u0131m\u0131z bu sezon oynad\u0131\u011f\u0131\u2026","rel":"","context":"&quot;1. Lig Tak\u0131m\u0131&quot; i\u00e7inde","block_context":{"text":"1. Lig Tak\u0131m\u0131","link":"https:\/\/sarimelekler.biz\/?cat=25"},"img":{"alt_text":"","src":"https:\/\/i0.wp.com\/sarimelekler.biz\/wp-content\/uploads\/2021\/04\/1.-Lig-20-21-22-1.jpeg?resize=350%2C200&ssl=1","width":350,"height":200,"srcset":"https:\/\/i0.wp.com\/sarimelekler.biz\/wp-content\/uploads\/2021\/04\/1.-Lig-20-21-22-1.jpeg?resize=350%2C200&ssl=1 1x, https:\/\/i0.wp.com\/sarimelekler.biz\/wp-content\/uploads\/2021\/04\/1.-Lig-20-21-22-1.jpeg?resize=525%2C300&ssl=1 1.5x, https:\/\/i0.wp.com\/sarimelekler.biz\/wp-content\/uploads\/2021\/04\/1.-Lig-20-21-22-1.jpeg?resize=700%2C400&ssl=1 2x, https:\/\/i0.wp.com\/sarimelekler.biz\/wp-content\/uploads\/2021\/04\/1.-Lig-20-21-22-1.jpeg?resize=1050%2C600&ssl=1 3x, https:\/\/i0.wp.com\/sarimelekler.biz\/wp-content\/uploads\/2021\/04\/1.-Lig-20-21-22-1.jpeg?resize=1400%2C800&ssl=1 4x"},"classes":[]},{"id":7822,"url":"https:\/\/sarimelekler.biz\/?p=7822","url_meta":{"origin":15697,"position":5},"title":"&#8220;Sar\u0131 Melekler&#8221;in yeni yol arkada\u015f\u0131 OPET &#8211; Ailemize Ho\u015f Geldin Opet","author":"Edit\u00f6r","date":"15 Aral\u0131k 2018","format":false,"excerpt":"Fenerbah\u00e7e Kad\u0131n Voleybol Tak\u0131m\u0131m\u0131z ve OPET aras\u0131nda ana sponsorluk anla\u015fmas\u0131 imzaland\u0131. OPET, 2018-19 sezonu boyunca kad\u0131n voleybol tak\u0131m\u0131m\u0131z\u0131n isim ve forma g\u00f6\u011f\u00fcs sponsoru olacak. Kul\u00fcb\u00fcm\u00fcz\u00fcn Resmi \u0130nternet Sitesinden Yap\u0131lan A\u00e7\u0131klama: \u00dclkemizde voleybol ad\u0131na bir\u00e7ok ilki hayata ge\u00e7iren, elde etti\u011fi ulusal-uluslararas\u0131 ba\u015far\u0131lar ve \u015fampiyonluklarla voleybolu, \u00fclke sporumuzda ve d\u00fcnyada \u00f6nemli bir\u2026","rel":"","context":"&quot;Haberler&quot; i\u00e7inde","block_context":{"text":"Haberler","link":"https:\/\/sarimelekler.biz\/?cat=7"},"img":{"alt_text":"","src":"https:\/\/i0.wp.com\/sarimelekler.biz\/wp-content\/uploads\/2018\/12\/Opet-3.jpg?resize=350%2C200&ssl=1","width":350,"height":200,"srcset":"https:\/\/i0.wp.com\/sarimelekler.biz\/wp-content\/uploads\/2018\/12\/Opet-3.jpg?resize=350%2C200&ssl=1 1x, https:\/\/i0.wp.com\/sarimelekler.biz\/wp-content\/uploads\/2018\/12\/Opet-3.jpg?resize=525%2C300&ssl=1 1.5x, https:\/\/i0.wp.com\/sarimelekler.biz\/wp-content\/uploads\/2018\/12\/Opet-3.jpg?resize=700%2C400&ssl=1 2x, https:\/\/i0.wp.com\/sarimelekler.biz\/wp-content\/uploads\/2018\/12\/Opet-3.jpg?resize=1050%2C600&ssl=1 3x"},"classes":[]}],"_links":{"self":[{"href":"https:\/\/sarimelekler.biz\/index.php?rest_route=\/wp\/v2\/posts\/15697","targetHints":{"allow":["GET"]}}],"collection":[{"href":"https:\/\/sarimelekler.biz\/index.php?rest_route=\/wp\/v2\/posts"}],"about":[{"href":"https:\/\/sarimelekler.biz\/index.php?rest_route=\/wp\/v2\/types\/post"}],"author":[{"embeddable":true,"href":"https:\/\/sarimelekler.biz\/index.php?rest_route=\/wp\/v2\/users\/1"}],"replies":[{"embeddable":true,"href":"https:\/\/sarimelekler.biz\/index.php?rest_route=%2Fwp%2Fv2%2Fcomments&post=15697"}],"version-history":[{"count":3,"href":"https:\/\/sarimelekler.biz\/index.php?rest_route=\/wp\/v2\/posts\/15697\/revisions"}],"predecessor-version":[{"id":15700,"href":"https:\/\/sarimelekler.biz\/index.php?rest_route=\/wp\/v2\/posts\/15697\/revisions\/15700"}],"wp:featuredmedia":[{"embeddable":true,"href":"https:\/\/sarimelekler.biz\/index.php?rest_route=\/wp\/v2\/media\/15274"}],"wp:attachment":[{"href":"https:\/\/sarimelekler.biz\/index.php?rest_route=%2Fwp%2Fv2%2Fmedia&parent=15697"}],"wp:term":[{"taxonomy":"category","embeddable":true,"href":"https:\/\/sarimelekler.biz\/index.php?rest_route=%2Fwp%2Fv2%2Fcategories&post=15697"},{"taxonomy":"post_tag","embeddable":true,"href":"https:\/\/sarimelekler.biz\/index.php?rest_route=%2Fwp%2Fv2%2Ftags&post=15697"}],"curies":[{"name":"wp","href":"https:\/\/api.w.org\/{rel}","templated":true}]}}