{"id":15727,"date":"2021-04-22T21:39:00","date_gmt":"2021-04-22T18:39:00","guid":{"rendered":"http:\/\/sarimelekler.biz\/?p=15727"},"modified":"2021-04-27T21:48:49","modified_gmt":"2021-04-27T18:48:49","slug":"melissa-vargas-takimimizdan-ayrildi","status":"publish","type":"post","link":"https:\/\/sarimelekler.biz\/?p=15727","title":{"rendered":"Melissa Vargas Tak\u0131m\u0131m\u0131zdan Ayr\u0131ld\u0131"},"content":{"rendered":"\n<p style=\"text-align: justify;\">Kul\u00fcb\u00fcm\u00fcz Fenerbah\u00e7e Opet Kad\u0131n Voleybol tak\u0131m\u0131m\u0131z\u0131n pas\u00f6r \u00e7apraz\u0131 oyuncusu Melissa Vargas\u2019\u0131n tak\u0131mdan ayr\u0131ld\u0131\u011f\u0131n\u0131 resmi sitesinden yapt\u0131\u011f\u0131 a\u00e7\u0131klamayla duyurdu.<\/p>\n<p style=\"text-align: justify;\">Melissa Vargas\u2019a emekleri i\u00e7in te\u015fekk\u00fcr eder, kariyerinde ba\u015far\u0131lar dileriz.<\/p>\n\n\t\t<style type=\"text\/css\">\n\t\t\t#gallery-1 {\n\t\t\t\tmargin: auto;\n\t\t\t}\n\t\t\t#gallery-1 .gallery-item {\n\t\t\t\tfloat: left;\n\t\t\t\tmargin-top: 10px;\n\t\t\t\ttext-align: center;\n\t\t\t\twidth: 100%;\n\t\t\t}\n\t\t\t#gallery-1 img {\n\t\t\t\tborder: 2px solid #cfcfcf;\n\t\t\t}\n\t\t\t#gallery-1 .gallery-caption {\n\t\t\t\tmargin-left: 0;\n\t\t\t}\n\t\t\t\/* see gallery_shortcode() in wp-includes\/media.php *\/\n\t\t<\/style>\n\t\t<div data-carousel-extra='{&quot;blog_id&quot;:1,&quot;permalink&quot;:&quot;https:\/\/sarimelekler.biz\/?p=15727&quot;}' id='gallery-1' class='gallery galleryid-15727 gallery-columns-1 gallery-size-large'><dl class='gallery-item'>\n\t\t\t<dt class='gallery-icon landscape'>\n\t\t\t\t<a href='https:\/\/sarimelekler.biz\/?attachment_id=15728'><img loading=\"lazy\" decoding=\"async\" width=\"860\" height=\"662\" src=\"https:\/\/sarimelekler.biz\/wp-content\/uploads\/2021\/04\/Vargas.jpg\" class=\"attachment-large size-large\" alt=\"\" srcset=\"https:\/\/sarimelekler.biz\/wp-content\/uploads\/2021\/04\/Vargas.jpg 936w, https:\/\/sarimelekler.biz\/wp-content\/uploads\/2021\/04\/Vargas-300x231.jpg 300w, https:\/\/sarimelekler.biz\/wp-content\/uploads\/2021\/04\/Vargas-768x591.jpg 768w, https:\/\/sarimelekler.biz\/wp-content\/uploads\/2021\/04\/Vargas-150x115.jpg 150w\" sizes=\"auto, (max-width: 860px) 100vw, 860px\" data-attachment-id=\"15728\" data-permalink=\"https:\/\/sarimelekler.biz\/?attachment_id=15728\" data-orig-file=\"https:\/\/sarimelekler.biz\/wp-content\/uploads\/2021\/04\/Vargas.jpg\" data-orig-size=\"936,720\" data-comments-opened=\"0\" data-image-meta=\"{&quot;aperture&quot;:&quot;0&quot;,&quot;credit&quot;:&quot;&quot;,&quot;camera&quot;:&quot;&quot;,&quot;caption&quot;:&quot;&quot;,&quot;created_timestamp&quot;:&quot;0&quot;,&quot;copyright&quot;:&quot;&quot;,&quot;focal_length&quot;:&quot;0&quot;,&quot;iso&quot;:&quot;0&quot;,&quot;shutter_speed&quot;:&quot;0&quot;,&quot;title&quot;:&quot;&quot;,&quot;orientation&quot;:&quot;0&quot;}\" data-image-title=\"Vargas\" data-image-description=\"\" data-image-caption=\"\" data-large-file=\"https:\/\/sarimelekler.biz\/wp-content\/uploads\/2021\/04\/Vargas.jpg\" \/><\/a>\n\t\t\t<\/dt><\/dl><br style=\"clear: both\" \/>\n\t\t<\/div>\n\n<p style=\"text-align: justify;\"><a href=\"https:\/\/www.fenerbahce.org\/haberler\/voleybol-kadin\/2021\/4\/her-sey-icin-bir-kez-daha-tesekkurler-melissa\" target=\"_blank\" rel=\"noopener noreferrer\">Kul\u00fcb\u00fcm\u00fczden Yap\u0131lan A\u00e7\u0131klama:<\/a><\/p>\n<p style=\"text-align: justify;\">Her \u015fey i\u00e7in bir kez daha te\u015fekk\u00fcrler Melissa!<\/p>\n<p style=\"text-align: justify;\">2018-2019 sezonundan bu yana formam\u0131z\u0131 gururla ta\u015f\u0131yan Melissa Vargas, hayallerini ger\u00e7ekle\u015ftirmenin gururuyla Kul\u00fcb\u00fcm\u00fcze veda ediyor.<\/p>\n<p style=\"text-align: justify;\">Gerek sahadaki oyun anlay\u0131\u015f\u0131, karakteri ve duru\u015fuyla gerekse her platformda Kul\u00fcb\u00fcm\u00fcz\u00fc en iyi \u015fekilde temsil edi\u015fiyle \u00f6rnek al\u0131nacak t\u00fcrden bir sporcu olarak haf\u0131zalar\u0131m\u0131zda yer eden Melissa Vargas, kariyerini ta\u00e7land\u0131rman\u0131n gururuyla sporculuk ya\u015fant\u0131s\u0131na ba\u015fka bir voleybol ikliminde devam edecektir.<\/p>\n<p style=\"text-align: justify;\">Voleybol tutkusunu, sar\u0131 lacivert renklerle bulu\u015fturan, k\u0131sa s\u00fcre \u00f6nce de T\u00fcrk vatanda\u015fl\u0131\u011f\u0131na ge\u00e7erek \u2018bizden\u2019 biri oldu\u011funu g\u00f6steren Melissa Vargas\u2019a bir kez daha te\u015fekk\u00fcrlerimizle.<\/p>\n<p style=\"text-align: justify;\">Fenerbah\u00e7e Kad\u0131n Voleybolunun \u00f6nemli sporcular\u0131 aras\u0131nda yerini alacak olan Melissa Vargas\u2019\u0131n; azmi, h\u0131rs\u0131 ve Fenerbah\u00e7e\u2019ye olan tutkusu da her zaman alk\u0131\u015f\u0131 hak eden t\u00fcrden olmu\u015ftur, olacakt\u0131r da\u2026<\/p>\n<p style=\"text-align: justify;\">Ve \u015fimdi her \u015fey i\u00e7in bir kez daha te\u015fekk\u00fcrler Melissa!<\/p>\n<p style=\"text-align: justify;\">FENERBAH\u00c7E SPOR KUL\u00dcB\u00dc<\/p>\n<p style=\"text-align: right;\">22.04.2021<\/p>\n","protected":false},"excerpt":{"rendered":"<p>Kul\u00fcb\u00fcm\u00fcz Fenerbah\u00e7e Opet Kad\u0131n Voleybol tak\u0131m\u0131m\u0131z\u0131n pas\u00f6r \u00e7apraz\u0131 oyuncusu Melissa \u2026 <a class=\"continue-reading-link\" href=\"https:\/\/sarimelekler.biz\/?p=15727\">Okumaya Devam Et.. <span class=\"meta-nav\">&rarr; <\/span><\/a><\/p>\n","protected":false},"author":1,"featured_media":15728,"comment_status":"closed","ping_status":"open","sticky":false,"template":"","format":"standard","meta":{"jetpack_post_was_ever_published":false,"_jetpack_newsletter_access":"","_jetpack_dont_email_post_to_subs":false,"_jetpack_newsletter_tier_id":0,"_jetpack_memberships_contains_paywalled_content":false,"_jetpack_memberships_contains_paid_content":false,"footnotes":"","jetpack_publicize_message":"","jetpack_publicize_feature_enabled":true,"jetpack_social_post_already_shared":true,"jetpack_social_options":{"image_generator_settings":{"template":"highway","default_image_id":0,"font":"","enabled":false},"version":2}},"categories":[23],"tags":[],"class_list":["post-15727","post","type-post","status-publish","format-standard","has-post-thumbnail","hentry","category-transfer-haberleri"],"jetpack_publicize_connections":[],"jetpack_featured_media_url":"https:\/\/sarimelekler.biz\/wp-content\/uploads\/2021\/04\/Vargas.jpg","jetpack_sharing_enabled":true,"jetpack_shortlink":"https:\/\/wp.me\/p8npUZ-45F","jetpack-related-posts":[{"id":18754,"url":"https:\/\/sarimelekler.biz\/?p=18754","url_meta":{"origin":15727,"position":0},"title":"Melissa Vargas \u00c7in Liginin Bitmesinden Sonra Tak\u0131ma Geri D\u00f6nd\u00fc","author":"Edit\u00f6r","date":"15 Ocak 2023","format":false,"excerpt":"Fenerbah\u00e7e Opet Kad\u0131n Voleybol Tak\u0131m\u0131m\u0131z\u0131n ba\u015far\u0131l\u0131 oyuncusu Melissa Vargas 21-22 T\u00fcrkiye Liginin bitmesinden sonra transfer oldu\u011fu \u00c7in Liginde bitmesinden sonra kul\u00fcb\u00fcm\u00fcze geri d\u00f6nd\u00fc. Vargas\u2019a Ba\u015far\u0131l\u0131 bir sezon dileriz. Kul\u00fcb\u00fcm\u00fcz\u00fcn Resmi Sitesinden yap\u0131lan a\u00e7\u0131klama: Fenerbah\u00e7e Opet Kad\u0131n Voleybol Tak\u0131m\u0131m\u0131z\u0131n oyuncusu Melissa Vargas, \u00c7in Ligi\u2019nin sona ermesiyle birlikte \u0130stanbul\u2019a geri d\u00f6nd\u00fc. K\u00fcba\u2026","rel":"","context":"&quot;Transfer Haberleri&quot; i\u00e7inde","block_context":{"text":"Transfer Haberleri","link":"https:\/\/sarimelekler.biz\/?cat=23"},"img":{"alt_text":"","src":"https:\/\/i0.wp.com\/sarimelekler.biz\/wp-content\/uploads\/2023\/02\/Vargas-2023-1-scaled.jpg?resize=350%2C200&ssl=1","width":350,"height":200,"srcset":"https:\/\/i0.wp.com\/sarimelekler.biz\/wp-content\/uploads\/2023\/02\/Vargas-2023-1-scaled.jpg?resize=350%2C200&ssl=1 1x, https:\/\/i0.wp.com\/sarimelekler.biz\/wp-content\/uploads\/2023\/02\/Vargas-2023-1-scaled.jpg?resize=525%2C300&ssl=1 1.5x, https:\/\/i0.wp.com\/sarimelekler.biz\/wp-content\/uploads\/2023\/02\/Vargas-2023-1-scaled.jpg?resize=700%2C400&ssl=1 2x, https:\/\/i0.wp.com\/sarimelekler.biz\/wp-content\/uploads\/2023\/02\/Vargas-2023-1-scaled.jpg?resize=1050%2C600&ssl=1 3x, https:\/\/i0.wp.com\/sarimelekler.biz\/wp-content\/uploads\/2023\/02\/Vargas-2023-1-scaled.jpg?resize=1400%2C800&ssl=1 4x"},"classes":[]},{"id":11436,"url":"https:\/\/sarimelekler.biz\/?p=11436","url_meta":{"origin":15727,"position":1},"title":"Vargas\u2019\u0131n Instagram Hesab\u0131ndan Yap\u0131lan Payla\u015f\u0131mlar\u0131 Ger\u00e7e\u011fi Yans\u0131tmamaktad\u0131r.","author":"Edit\u00f6r","date":"23 A\u011fustos 2019","format":false,"excerpt":"Y\u0131ld\u0131z oyuncumuz Melissa Vargas\u2019\u0131n instagram hesab\u0131ndan yap\u0131lan kul\u00fcb\u00fcm\u00fczden ayr\u0131ld\u0131\u011f\u0131 ve Be\u015fikta\u015f ile g\u00f6r\u00fc\u015fmelere ba\u015flad\u0131\u011f\u0131 payla\u015f\u0131m\u0131 ger\u00e7e\u011fi yans\u0131tmamaktad\u0131r. Oyuncumuzun instagram hesab\u0131 \u00e7al\u0131nd\u0131\u011f\u0131 i\u00e7in bu tarz bir payla\u015f\u0131m yap\u0131lm\u0131\u015ft\u0131r. Bu olay \u00fczerine ise Melissa Vargas ( abreusmelisa ) kullan\u0131c\u0131 ad\u0131yla yeni bir instagram hesab\u0131 a\u00e7t\u0131 Vargas'\u0131n Yeni Hesab\u0131 Yap\u0131lan Payla\u015f\u0131m: 23.08.2019","rel":"","context":"&quot;Haberler&quot; i\u00e7inde","block_context":{"text":"Haberler","link":"https:\/\/sarimelekler.biz\/?cat=7"},"img":{"alt_text":"","src":"https:\/\/i0.wp.com\/sarimelekler.biz\/wp-content\/uploads\/2019\/08\/19-20-Sezon-A%C3%A7%C4%B1l%C4%B1%C5%9F%C4%B1-15.jpg?resize=350%2C200&ssl=1","width":350,"height":200,"srcset":"https:\/\/i0.wp.com\/sarimelekler.biz\/wp-content\/uploads\/2019\/08\/19-20-Sezon-A%C3%A7%C4%B1l%C4%B1%C5%9F%C4%B1-15.jpg?resize=350%2C200&ssl=1 1x, https:\/\/i0.wp.com\/sarimelekler.biz\/wp-content\/uploads\/2019\/08\/19-20-Sezon-A%C3%A7%C4%B1l%C4%B1%C5%9F%C4%B1-15.jpg?resize=525%2C300&ssl=1 1.5x, https:\/\/i0.wp.com\/sarimelekler.biz\/wp-content\/uploads\/2019\/08\/19-20-Sezon-A%C3%A7%C4%B1l%C4%B1%C5%9F%C4%B1-15.jpg?resize=700%2C400&ssl=1 2x, https:\/\/i0.wp.com\/sarimelekler.biz\/wp-content\/uploads\/2019\/08\/19-20-Sezon-A%C3%A7%C4%B1l%C4%B1%C5%9F%C4%B1-15.jpg?resize=1050%2C600&ssl=1 3x, https:\/\/i0.wp.com\/sarimelekler.biz\/wp-content\/uploads\/2019\/08\/19-20-Sezon-A%C3%A7%C4%B1l%C4%B1%C5%9F%C4%B1-15.jpg?resize=1400%2C800&ssl=1 4x"},"classes":[]},{"id":15730,"url":"https:\/\/sarimelekler.biz\/?p=15730","url_meta":{"origin":15727,"position":2},"title":"Melissa Vargas: Fenerbah\u00e7e\u2019yi, Bu B\u00fcy\u00fck Kul\u00fcb\u00fc, Bu G\u00fczel Aileyi \u00c7ok \u00d6zleyece\u011fim","author":"Edit\u00f6r","date":"22 Nisan 2021","format":false,"excerpt":"Tak\u0131m\u0131m\u0131zdan ayr\u0131lan Melissa Vargas Kul\u00fcb\u00fcm\u00fcz\u00fcn resmi internet sitesine bir r\u00f6portaj verdi, Melisa Vargas\u2019\u0131n A\u00e7\u0131klamalar\u0131: 2018-19 sezonundan bu yana Fenerbah\u00e7e Opet Kad\u0131n Voleybol Tak\u0131m\u0131m\u0131z\u0131n formas\u0131n\u0131 giyen Melissa Vargas, Kul\u00fcb\u00fcm\u00fcze veda edi\u015finin ard\u0131ndan \u00f6zel a\u00e7\u0131klamalarda bulundu. Fenerbah\u00e7e ailesinin bir par\u00e7as\u0131 olmaktan dolay\u0131 mutlu ve gururlu oldu\u011funu dile getiren Melissa Vargas\u2019\u0131n yapt\u0131\u011f\u0131 a\u00e7\u0131klama\u2026","rel":"","context":"&quot;Resmi Site R\u00f6portajlar\u0131&quot; i\u00e7inde","block_context":{"text":"Resmi Site R\u00f6portajlar\u0131","link":"https:\/\/sarimelekler.biz\/?cat=17"},"img":{"alt_text":"","src":"https:\/\/i0.wp.com\/sarimelekler.biz\/wp-content\/uploads\/2021\/04\/Vargas-Veda-5-scaled.jpg?resize=350%2C200&ssl=1","width":350,"height":200,"srcset":"https:\/\/i0.wp.com\/sarimelekler.biz\/wp-content\/uploads\/2021\/04\/Vargas-Veda-5-scaled.jpg?resize=350%2C200&ssl=1 1x, https:\/\/i0.wp.com\/sarimelekler.biz\/wp-content\/uploads\/2021\/04\/Vargas-Veda-5-scaled.jpg?resize=525%2C300&ssl=1 1.5x, https:\/\/i0.wp.com\/sarimelekler.biz\/wp-content\/uploads\/2021\/04\/Vargas-Veda-5-scaled.jpg?resize=700%2C400&ssl=1 2x, https:\/\/i0.wp.com\/sarimelekler.biz\/wp-content\/uploads\/2021\/04\/Vargas-Veda-5-scaled.jpg?resize=1050%2C600&ssl=1 3x, https:\/\/i0.wp.com\/sarimelekler.biz\/wp-content\/uploads\/2021\/04\/Vargas-Veda-5-scaled.jpg?resize=1400%2C800&ssl=1 4x"},"classes":[]},{"id":15646,"url":"https:\/\/sarimelekler.biz\/?p=15646","url_meta":{"origin":15727,"position":3},"title":"Ba\u015far\u0131l\u0131 Oyuncumuz Melissa Vargas T\u00fcrk Vatanda\u015fl\u0131\u011f\u0131na Ge\u00e7ti","author":"Edit\u00f6r","date":"10 Nisan 2021","format":false,"excerpt":"T\u00fcrkiye Voleybol Federasyonu\u2019nun, Fenerbah\u00e7e Opet Kad\u0131n Voleybol Tak\u0131m\u0131m\u0131z\u0131n K\u00fcbal\u0131 oyuncusu Melissa Teresa Vargas Abreu\u2019nun T\u00fcrkiye Cumhuriyeti vatanda\u015fl\u0131\u011f\u0131n\u0131 almas\u0131 konusunda yapm\u0131\u015f oldu\u011fu ba\u015fvuru onayland\u0131 ve Cumhurba\u015fkan\u0131m\u0131z Say\u0131n Recep Tayyip Erdo\u011fan, Melissa Vargas\u2019a T\u00fcrkiye Cumhuriyeti Kimlik Kart\u0131\u2019n\u0131 takdim etti. T.C. Vatanda\u015fl\u0131\u011f\u0131\u2019na ge\u00e7me i\u015flemleri tamamland\u0131\u011f\u0131 i\u00e7in \u00e7ok mutlu oldu\u011funu ifade eden Melissa Vargas,\u2026","rel":"","context":"&quot;Haberler&quot; i\u00e7inde","block_context":{"text":"Haberler","link":"https:\/\/sarimelekler.biz\/?cat=7"},"img":{"alt_text":"","src":"https:\/\/i0.wp.com\/sarimelekler.biz\/wp-content\/uploads\/2021\/04\/Kapak.jpg?resize=350%2C200&ssl=1","width":350,"height":200,"srcset":"https:\/\/i0.wp.com\/sarimelekler.biz\/wp-content\/uploads\/2021\/04\/Kapak.jpg?resize=350%2C200&ssl=1 1x, https:\/\/i0.wp.com\/sarimelekler.biz\/wp-content\/uploads\/2021\/04\/Kapak.jpg?resize=525%2C300&ssl=1 1.5x, https:\/\/i0.wp.com\/sarimelekler.biz\/wp-content\/uploads\/2021\/04\/Kapak.jpg?resize=700%2C400&ssl=1 2x, https:\/\/i0.wp.com\/sarimelekler.biz\/wp-content\/uploads\/2021\/04\/Kapak.jpg?resize=1050%2C600&ssl=1 3x, https:\/\/i0.wp.com\/sarimelekler.biz\/wp-content\/uploads\/2021\/04\/Kapak.jpg?resize=1400%2C800&ssl=1 4x"},"classes":[]},{"id":15701,"url":"https:\/\/sarimelekler.biz\/?p=15701","url_meta":{"origin":15727,"position":4},"title":"Fenerbah\u00e7e Opet Kad\u0131n Voleybol Tak\u0131m\u0131m\u0131z, \u0130kincilik \u015eiltini Ald\u0131","author":"Edit\u00f6r","date":"16 Nisan 2021","format":false,"excerpt":"Fenerbah\u00e7e Opet Kad\u0131n Voleybol Tak\u0131m\u0131m\u0131z, teknik ekip ve oyuncular\u0131m\u0131zda son bir hafta i\u00e7erisinde g\u00f6r\u00fclen Covid-19 Vakalar\u0131 sebebiyle d\u00fcn misli.com Sultanlar Ligi final serisi \u00fc\u00e7\u00fcnc\u00fc ma\u00e7\u0131na \u00e7\u0131kmama karar\u0131 almas\u0131 \u00fczerine tak\u0131m\u0131m\u0131z bug\u00fcn oynanacak ma\u00e7ta h\u00fckmen yenik say\u0131ld\u0131 ve serinin 3-0\u2019a gelmesiyle \u015eampiyon Vak\u0131fbank oldu. G\u00fcn i\u00e7erisinde \u015eampiyonluk, ikincilik ve bireysel \u00f6d\u00fcl\u2026","rel":"","context":"&quot;T\u00fcrkiye Ligi&quot; i\u00e7inde","block_context":{"text":"T\u00fcrkiye Ligi","link":"https:\/\/sarimelekler.biz\/?cat=6"},"img":{"alt_text":"","src":"https:\/\/i0.wp.com\/sarimelekler.biz\/wp-content\/uploads\/2021\/04\/36-2020-21-18.jpg?resize=350%2C200&ssl=1","width":350,"height":200,"srcset":"https:\/\/i0.wp.com\/sarimelekler.biz\/wp-content\/uploads\/2021\/04\/36-2020-21-18.jpg?resize=350%2C200&ssl=1 1x, https:\/\/i0.wp.com\/sarimelekler.biz\/wp-content\/uploads\/2021\/04\/36-2020-21-18.jpg?resize=525%2C300&ssl=1 1.5x, https:\/\/i0.wp.com\/sarimelekler.biz\/wp-content\/uploads\/2021\/04\/36-2020-21-18.jpg?resize=700%2C400&ssl=1 2x, https:\/\/i0.wp.com\/sarimelekler.biz\/wp-content\/uploads\/2021\/04\/36-2020-21-18.jpg?resize=1050%2C600&ssl=1 3x, https:\/\/i0.wp.com\/sarimelekler.biz\/wp-content\/uploads\/2021\/04\/36-2020-21-18.jpg?resize=1400%2C800&ssl=1 4x"},"classes":[]},{"id":20450,"url":"https:\/\/sarimelekler.biz\/?p=20450","url_meta":{"origin":15727,"position":5},"title":"Zonguldak&#8217;\u0131n \u00c7aycuma \u0130l\u00e7esinde Vargas\u2019\u0131n Heykeli Dikildi","author":"Edit\u00f6r","date":"9 Mart 2024","format":false,"excerpt":"Ge\u00e7ti\u011fimiz sezon Fenerbah\u00e7e Opet Kad\u0131n Voleybol Tak\u0131m\u0131m\u0131z ile lig \u015fampiyonlu\u011fu kazanan, A Milli Kad\u0131n Voleybol Tak\u0131m\u0131m\u0131zla Milletler Ligi ve Avrupa \u015eampiyonlu\u011fu ya\u015fay\u0131p, olimpiyat elemelerinde 7'de 7 yapan tak\u0131m\u0131n bir par\u00e7as\u0131 olan Fenerbah\u00e7e Opet Kad\u0131n Voleybol Tak\u0131m\u0131m\u0131z ve A Milli Kad\u0131n Voleybol Tak\u0131m\u0131m\u0131z\u0131n en \u00f6nemli isimlerinden biri olan voleybolcumuz Melissa Vargas\u2019\u0131n\u2026","rel":"","context":"&quot;Haberler&quot; i\u00e7inde","block_context":{"text":"Haberler","link":"https:\/\/sarimelekler.biz\/?cat=7"},"img":{"alt_text":"","src":"https:\/\/i0.wp.com\/sarimelekler.biz\/wp-content\/uploads\/2024\/03\/Vargas-Heykel-13.jpg?resize=350%2C200&ssl=1","width":350,"height":200,"srcset":"https:\/\/i0.wp.com\/sarimelekler.biz\/wp-content\/uploads\/2024\/03\/Vargas-Heykel-13.jpg?resize=350%2C200&ssl=1 1x, https:\/\/i0.wp.com\/sarimelekler.biz\/wp-content\/uploads\/2024\/03\/Vargas-Heykel-13.jpg?resize=525%2C300&ssl=1 1.5x, https:\/\/i0.wp.com\/sarimelekler.biz\/wp-content\/uploads\/2024\/03\/Vargas-Heykel-13.jpg?resize=700%2C400&ssl=1 2x, https:\/\/i0.wp.com\/sarimelekler.biz\/wp-content\/uploads\/2024\/03\/Vargas-Heykel-13.jpg?resize=1050%2C600&ssl=1 3x, https:\/\/i0.wp.com\/sarimelekler.biz\/wp-content\/uploads\/2024\/03\/Vargas-Heykel-13.jpg?resize=1400%2C800&ssl=1 4x"},"classes":[]}],"_links":{"self":[{"href":"https:\/\/sarimelekler.biz\/index.php?rest_route=\/wp\/v2\/posts\/15727","targetHints":{"allow":["GET"]}}],"collection":[{"href":"https:\/\/sarimelekler.biz\/index.php?rest_route=\/wp\/v2\/posts"}],"about":[{"href":"https:\/\/sarimelekler.biz\/index.php?rest_route=\/wp\/v2\/types\/post"}],"author":[{"embeddable":true,"href":"https:\/\/sarimelekler.biz\/index.php?rest_route=\/wp\/v2\/users\/1"}],"replies":[{"embeddable":true,"href":"https:\/\/sarimelekler.biz\/index.php?rest_route=%2Fwp%2Fv2%2Fcomments&post=15727"}],"version-history":[{"count":1,"href":"https:\/\/sarimelekler.biz\/index.php?rest_route=\/wp\/v2\/posts\/15727\/revisions"}],"predecessor-version":[{"id":15729,"href":"https:\/\/sarimelekler.biz\/index.php?rest_route=\/wp\/v2\/posts\/15727\/revisions\/15729"}],"wp:featuredmedia":[{"embeddable":true,"href":"https:\/\/sarimelekler.biz\/index.php?rest_route=\/wp\/v2\/media\/15728"}],"wp:attachment":[{"href":"https:\/\/sarimelekler.biz\/index.php?rest_route=%2Fwp%2Fv2%2Fmedia&parent=15727"}],"wp:term":[{"taxonomy":"category","embeddable":true,"href":"https:\/\/sarimelekler.biz\/index.php?rest_route=%2Fwp%2Fv2%2Fcategories&post=15727"},{"taxonomy":"post_tag","embeddable":true,"href":"https:\/\/sarimelekler.biz\/index.php?rest_route=%2Fwp%2Fv2%2Ftags&post=15727"}],"curies":[{"name":"wp","href":"https:\/\/api.w.org\/{rel}","templated":true}]}}