{"id":15730,"date":"2021-04-22T21:55:00","date_gmt":"2021-04-22T18:55:00","guid":{"rendered":"http:\/\/sarimelekler.biz\/?p=15730"},"modified":"2022-03-06T00:18:28","modified_gmt":"2022-03-05T21:18:28","slug":"melissa-vargas-fenerbahceyi-bu-buyuk-kulubu-bu-guzel-aileyi-cok-ozleyecegim","status":"publish","type":"post","link":"https:\/\/sarimelekler.biz\/?p=15730","title":{"rendered":"Melissa Vargas: Fenerbah\u00e7e\u2019yi, Bu B\u00fcy\u00fck Kul\u00fcb\u00fc, Bu G\u00fczel Aileyi \u00c7ok \u00d6zleyece\u011fim"},"content":{"rendered":"\n<p style=\"text-align: justify;\">Tak\u0131m\u0131m\u0131zdan ayr\u0131lan Melissa Vargas Kul\u00fcb\u00fcm\u00fcz\u00fcn resmi internet sitesine bir r\u00f6portaj verdi,<\/p>\n<p style=\"text-align: justify;\">Melisa Vargas\u2019\u0131n A\u00e7\u0131klamalar\u0131:<\/p>\n<p style=\"text-align: justify;\">2018-19 sezonundan bu yana Fenerbah\u00e7e Opet Kad\u0131n Voleybol Tak\u0131m\u0131m\u0131z\u0131n formas\u0131n\u0131 giyen Melissa Vargas, Kul\u00fcb\u00fcm\u00fcze veda edi\u015finin ard\u0131ndan \u00f6zel a\u00e7\u0131klamalarda bulundu.<\/p>\n<p style=\"text-align: justify;\">Fenerbah\u00e7e ailesinin bir par\u00e7as\u0131 olmaktan dolay\u0131 mutlu ve gururlu oldu\u011funu dile getiren Melissa Vargas\u2019\u0131n yapt\u0131\u011f\u0131 a\u00e7\u0131klama \u015f\u00f6yle:<\/p>\n<p style=\"text-align: justify;\">\u201cFenerbah\u00e7e Opet formas\u0131n\u0131 giydi\u011fim ve Fenerbah\u00e7e ailesinin bir par\u00e7as\u0131 oldu\u011fum i\u00e7in b\u00fcy\u00fck bir mutluluk ve gurur duyuyorum. Belki de ba\u015fka hi\u00e7bir yerde olamayacak kadar kendimi geli\u015ftirme f\u0131rsat\u0131 buldum. Sultanlar Ligi\u2019nde ya\u015fad\u0131\u011f\u0131m\u0131z talihsiz vakalar sebebi ile serinin \u00fc\u00e7\u00fcnc\u00fc ma\u00e7\u0131n\u0131 oynayamadan ikinci s\u0131rada tamamlad\u0131k.<\/p>\n<p style=\"text-align: justify;\">\u2018Sezonun En \u0130yi Pas\u00f6r \u00c7apraz\u0131\u2019 \u00f6d\u00fcl\u00fcn\u00fc ald\u0131\u011f\u0131mda da s\u00f6yledi\u011fim gibi \u00f6d\u00fcl\u00fc t\u00fcm tak\u0131m\u0131m ad\u0131na ald\u0131m. Bu zorlu sezon i\u00e7indeki ba\u015far\u0131ma tak\u0131m arkada\u015flar\u0131m, teknik ekibimiz ve Ba\u015fantren\u00f6r\u00fcm\u00fcz Zoran Terzic sayesinde ula\u015ft\u0131m.<\/p>\n<p style=\"text-align: justify;\">Oynad\u0131\u011f\u0131m tak\u0131ma her zaman en y\u00fcksek katk\u0131y\u0131 verebilmek i\u00e7in kendimi s\u00fcrekli geli\u015ftirmem gerekti\u011fine inan\u0131yorum.<\/p>\n<p style=\"text-align: justify;\">Kariyer planlamam do\u011frultusunda verdi\u011fim kararla gelecek sezon farkl\u0131 bir ligde oynaman\u0131n de\u011fi\u015fik bir tecr\u00fcbe edinmem ve yeni \u015feyler \u00f6\u011frenebilmem ad\u0131na faydal\u0131 olaca\u011f\u0131n\u0131 d\u00fc\u015f\u00fcn\u00fcyorum. Fenerbah\u00e7e\u2019yi, bu b\u00fcy\u00fck kul\u00fcb\u00fc, bu g\u00fczel aileyi \u00e7ok \u00f6zleyece\u011fim ise bir ger\u00e7ek.<\/p>\n<p style=\"text-align: justify;\">Bu tak\u0131ma ilk geldi\u011fim g\u00fcnden beri Fenerbah\u00e7e ailesinin bir par\u00e7as\u0131 oldu\u011fumu hissettim. Hocam\u0131z, teknik ekibimiz ve tak\u0131m arkada\u015flar\u0131m ile \u00e7ok g\u00fczel zamanlar\u0131m\u0131z oldu.<\/p>\n<p style=\"text-align: justify;\">Hem sporcusu oldu\u011fum hem de bir Fenerbah\u00e7e taraftar\u0131 olarak, d\u00fcnyan\u0131n neresinde olursam olay\u0131m sar\u0131 lacivert tak\u0131m\u0131m\u0131z\u0131n ma\u00e7lar\u0131n\u0131 takip edece\u011fim. Bize her zaman b\u00fcy\u00fck g\u00fc\u00e7 veren taraftar\u0131m\u0131z tak\u0131m\u0131m\u0131za g\u00fcvenmeye devam etsinler. Onlar inand\u0131klar\u0131 s\u00fcrece Kupa ve \u015eampiyonluklar mutlaka gelecektir.<\/p>\n<p style=\"text-align: justify;\">Fenerbah\u00e7e Opet\u2019e geldi\u011fim ilk g\u00fcnden beri her zaman yan\u0131mda olan ve desteklerini esirgemeyen Ba\u015fkan\u0131m\u0131z Ali Ko\u00e7 ve De\u011ferli Y\u00f6neticimiz Simla Han\u0131m\u2019a bize her zaman verdikleri t\u00fcm destekler i\u00e7in te\u015fekk\u00fcr ediyorum. Onlar\u0131 tan\u0131mak \u00e7ok g\u00fczel.<\/p>\n<p style=\"text-align: justify;\">Ayr\u0131ca salg\u0131n dolay\u0131s\u0131yla ayr\u0131 kald\u0131\u011f\u0131m\u0131z ancak bize her zaman sevgilerini g\u00f6steren, her zaman yan\u0131m\u0131zda olan b\u00fcy\u00fck Fenerbah\u00e7e taraftar\u0131na te\u015fekk\u00fcr ediyorum.<\/p>\n<p style=\"text-align: justify;\">Yak\u0131nda g\u00f6r\u00fc\u015fmek \u00fczere&#8230;\u201d<\/p>\n\n\t\t<style type=\"text\/css\">\n\t\t\t#gallery-1 {\n\t\t\t\tmargin: auto;\n\t\t\t}\n\t\t\t#gallery-1 .gallery-item {\n\t\t\t\tfloat: left;\n\t\t\t\tmargin-top: 10px;\n\t\t\t\ttext-align: center;\n\t\t\t\twidth: 100%;\n\t\t\t}\n\t\t\t#gallery-1 img {\n\t\t\t\tborder: 2px solid #cfcfcf;\n\t\t\t}\n\t\t\t#gallery-1 .gallery-caption {\n\t\t\t\tmargin-left: 0;\n\t\t\t}\n\t\t\t\/* see gallery_shortcode() in wp-includes\/media.php *\/\n\t\t<\/style>\n\t\t<div data-carousel-extra='{&quot;blog_id&quot;:1,&quot;permalink&quot;:&quot;https:\/\/sarimelekler.biz\/?p=15730&quot;}' id='gallery-1' class='gallery galleryid-15730 gallery-columns-1 gallery-size-large'><dl class='gallery-item'>\n\t\t\t<dt class='gallery-icon landscape'>\n\t\t\t\t<a href='https:\/\/sarimelekler.biz\/?attachment_id=15733'><img loading=\"lazy\" decoding=\"async\" width=\"860\" height=\"574\" src=\"https:\/\/sarimelekler.biz\/wp-content\/uploads\/2021\/04\/Vargas-Veda-5-1024x683.jpg\" class=\"attachment-large size-large\" alt=\"\" srcset=\"https:\/\/sarimelekler.biz\/wp-content\/uploads\/2021\/04\/Vargas-Veda-5-1024x683.jpg 1024w, https:\/\/sarimelekler.biz\/wp-content\/uploads\/2021\/04\/Vargas-Veda-5-300x200.jpg 300w, https:\/\/sarimelekler.biz\/wp-content\/uploads\/2021\/04\/Vargas-Veda-5-768x512.jpg 768w, https:\/\/sarimelekler.biz\/wp-content\/uploads\/2021\/04\/Vargas-Veda-5-1536x1024.jpg 1536w, https:\/\/sarimelekler.biz\/wp-content\/uploads\/2021\/04\/Vargas-Veda-5-2048x1365.jpg 2048w, https:\/\/sarimelekler.biz\/wp-content\/uploads\/2021\/04\/Vargas-Veda-5-150x100.jpg 150w\" sizes=\"auto, (max-width: 860px) 100vw, 860px\" data-attachment-id=\"15733\" data-permalink=\"https:\/\/sarimelekler.biz\/?attachment_id=15733\" data-orig-file=\"https:\/\/sarimelekler.biz\/wp-content\/uploads\/2021\/04\/Vargas-Veda-5-scaled.jpg\" data-orig-size=\"2560,1707\" data-comments-opened=\"0\" data-image-meta=\"{&quot;aperture&quot;:&quot;3.5&quot;,&quot;credit&quot;:&quot;&quot;,&quot;camera&quot;:&quot;Canon EOS-1D X&quot;,&quot;caption&quot;:&quot;&quot;,&quot;created_timestamp&quot;:&quot;1616340204&quot;,&quot;copyright&quot;:&quot;&quot;,&quot;focal_length&quot;:&quot;35&quot;,&quot;iso&quot;:&quot;640&quot;,&quot;shutter_speed&quot;:&quot;0.00125&quot;,&quot;title&quot;:&quot;&quot;,&quot;orientation&quot;:&quot;1&quot;}\" data-image-title=\"Vargas Veda (5)\" data-image-description=\"\" data-image-caption=\"\" data-large-file=\"https:\/\/sarimelekler.biz\/wp-content\/uploads\/2021\/04\/Vargas-Veda-5-1024x683.jpg\" \/><\/a>\n\t\t\t<\/dt><\/dl><br style=\"clear: both\" \/><dl class='gallery-item'>\n\t\t\t<dt class='gallery-icon landscape'>\n\t\t\t\t<a href='https:\/\/sarimelekler.biz\/?attachment_id=15734'><img loading=\"lazy\" decoding=\"async\" width=\"860\" height=\"574\" src=\"https:\/\/sarimelekler.biz\/wp-content\/uploads\/2021\/04\/Vargas-Veda-1-1024x683.jpg\" class=\"attachment-large size-large\" alt=\"\" srcset=\"https:\/\/sarimelekler.biz\/wp-content\/uploads\/2021\/04\/Vargas-Veda-1-1024x683.jpg 1024w, https:\/\/sarimelekler.biz\/wp-content\/uploads\/2021\/04\/Vargas-Veda-1-300x200.jpg 300w, https:\/\/sarimelekler.biz\/wp-content\/uploads\/2021\/04\/Vargas-Veda-1-768x512.jpg 768w, https:\/\/sarimelekler.biz\/wp-content\/uploads\/2021\/04\/Vargas-Veda-1-1536x1024.jpg 1536w, https:\/\/sarimelekler.biz\/wp-content\/uploads\/2021\/04\/Vargas-Veda-1-2048x1365.jpg 2048w, https:\/\/sarimelekler.biz\/wp-content\/uploads\/2021\/04\/Vargas-Veda-1-150x100.jpg 150w\" sizes=\"auto, (max-width: 860px) 100vw, 860px\" data-attachment-id=\"15734\" data-permalink=\"https:\/\/sarimelekler.biz\/?attachment_id=15734\" data-orig-file=\"https:\/\/sarimelekler.biz\/wp-content\/uploads\/2021\/04\/Vargas-Veda-1-scaled.jpg\" data-orig-size=\"2560,1707\" data-comments-opened=\"0\" data-image-meta=\"{&quot;aperture&quot;:&quot;4&quot;,&quot;credit&quot;:&quot;&quot;,&quot;camera&quot;:&quot;Canon EOS-1D X&quot;,&quot;caption&quot;:&quot;&quot;,&quot;created_timestamp&quot;:&quot;1616340585&quot;,&quot;copyright&quot;:&quot;&quot;,&quot;focal_length&quot;:&quot;27&quot;,&quot;iso&quot;:&quot;500&quot;,&quot;shutter_speed&quot;:&quot;0.0015625&quot;,&quot;title&quot;:&quot;&quot;,&quot;orientation&quot;:&quot;1&quot;}\" data-image-title=\"Vargas Veda (1)\" data-image-description=\"\" data-image-caption=\"\" data-large-file=\"https:\/\/sarimelekler.biz\/wp-content\/uploads\/2021\/04\/Vargas-Veda-1-1024x683.jpg\" \/><\/a>\n\t\t\t<\/dt><\/dl><br style=\"clear: both\" \/><dl class='gallery-item'>\n\t\t\t<dt class='gallery-icon landscape'>\n\t\t\t\t<a href='https:\/\/sarimelekler.biz\/?attachment_id=15735'><img loading=\"lazy\" decoding=\"async\" width=\"860\" height=\"574\" src=\"https:\/\/sarimelekler.biz\/wp-content\/uploads\/2021\/04\/Vargas-Veda-2-1024x683.jpg\" class=\"attachment-large size-large\" alt=\"\" srcset=\"https:\/\/sarimelekler.biz\/wp-content\/uploads\/2021\/04\/Vargas-Veda-2-1024x683.jpg 1024w, https:\/\/sarimelekler.biz\/wp-content\/uploads\/2021\/04\/Vargas-Veda-2-300x200.jpg 300w, https:\/\/sarimelekler.biz\/wp-content\/uploads\/2021\/04\/Vargas-Veda-2-768x512.jpg 768w, https:\/\/sarimelekler.biz\/wp-content\/uploads\/2021\/04\/Vargas-Veda-2-1536x1024.jpg 1536w, https:\/\/sarimelekler.biz\/wp-content\/uploads\/2021\/04\/Vargas-Veda-2-2048x1365.jpg 2048w, https:\/\/sarimelekler.biz\/wp-content\/uploads\/2021\/04\/Vargas-Veda-2-150x100.jpg 150w\" sizes=\"auto, (max-width: 860px) 100vw, 860px\" data-attachment-id=\"15735\" data-permalink=\"https:\/\/sarimelekler.biz\/?attachment_id=15735\" data-orig-file=\"https:\/\/sarimelekler.biz\/wp-content\/uploads\/2021\/04\/Vargas-Veda-2-scaled.jpg\" data-orig-size=\"2560,1707\" data-comments-opened=\"0\" data-image-meta=\"{&quot;aperture&quot;:&quot;3.2&quot;,&quot;credit&quot;:&quot;&quot;,&quot;camera&quot;:&quot;Canon EOS-1D X&quot;,&quot;caption&quot;:&quot;&quot;,&quot;created_timestamp&quot;:&quot;1616340071&quot;,&quot;copyright&quot;:&quot;&quot;,&quot;focal_length&quot;:&quot;27&quot;,&quot;iso&quot;:&quot;640&quot;,&quot;shutter_speed&quot;:&quot;0.00125&quot;,&quot;title&quot;:&quot;&quot;,&quot;orientation&quot;:&quot;1&quot;}\" data-image-title=\"Vargas Veda (2)\" data-image-description=\"\" data-image-caption=\"\" data-large-file=\"https:\/\/sarimelekler.biz\/wp-content\/uploads\/2021\/04\/Vargas-Veda-2-1024x683.jpg\" \/><\/a>\n\t\t\t<\/dt><\/dl><br style=\"clear: both\" \/><dl class='gallery-item'>\n\t\t\t<dt class='gallery-icon landscape'>\n\t\t\t\t<a href='https:\/\/sarimelekler.biz\/?attachment_id=15732'><img loading=\"lazy\" decoding=\"async\" width=\"860\" height=\"574\" src=\"https:\/\/sarimelekler.biz\/wp-content\/uploads\/2021\/04\/Vargas-Veda-4-1024x683.jpg\" class=\"attachment-large size-large\" alt=\"\" srcset=\"https:\/\/sarimelekler.biz\/wp-content\/uploads\/2021\/04\/Vargas-Veda-4-1024x683.jpg 1024w, https:\/\/sarimelekler.biz\/wp-content\/uploads\/2021\/04\/Vargas-Veda-4-300x200.jpg 300w, https:\/\/sarimelekler.biz\/wp-content\/uploads\/2021\/04\/Vargas-Veda-4-768x512.jpg 768w, https:\/\/sarimelekler.biz\/wp-content\/uploads\/2021\/04\/Vargas-Veda-4-1536x1024.jpg 1536w, https:\/\/sarimelekler.biz\/wp-content\/uploads\/2021\/04\/Vargas-Veda-4-2048x1365.jpg 2048w, https:\/\/sarimelekler.biz\/wp-content\/uploads\/2021\/04\/Vargas-Veda-4-150x100.jpg 150w\" sizes=\"auto, (max-width: 860px) 100vw, 860px\" data-attachment-id=\"15732\" data-permalink=\"https:\/\/sarimelekler.biz\/?attachment_id=15732\" data-orig-file=\"https:\/\/sarimelekler.biz\/wp-content\/uploads\/2021\/04\/Vargas-Veda-4-scaled.jpg\" data-orig-size=\"2560,1707\" data-comments-opened=\"0\" data-image-meta=\"{&quot;aperture&quot;:&quot;3.5&quot;,&quot;credit&quot;:&quot;&quot;,&quot;camera&quot;:&quot;Canon EOS-1D X&quot;,&quot;caption&quot;:&quot;&quot;,&quot;created_timestamp&quot;:&quot;1616340165&quot;,&quot;copyright&quot;:&quot;&quot;,&quot;focal_length&quot;:&quot;24&quot;,&quot;iso&quot;:&quot;640&quot;,&quot;shutter_speed&quot;:&quot;0.00125&quot;,&quot;title&quot;:&quot;&quot;,&quot;orientation&quot;:&quot;1&quot;}\" data-image-title=\"Vargas Veda (4)\" data-image-description=\"\" data-image-caption=\"\" data-large-file=\"https:\/\/sarimelekler.biz\/wp-content\/uploads\/2021\/04\/Vargas-Veda-4-1024x683.jpg\" \/><\/a>\n\t\t\t<\/dt><\/dl><br style=\"clear: both\" \/><dl class='gallery-item'>\n\t\t\t<dt class='gallery-icon landscape'>\n\t\t\t\t<a href='https:\/\/sarimelekler.biz\/?attachment_id=15731'><img loading=\"lazy\" decoding=\"async\" width=\"860\" height=\"574\" src=\"https:\/\/sarimelekler.biz\/wp-content\/uploads\/2021\/04\/Vargas-Veda-3-1024x683.jpg\" class=\"attachment-large size-large\" alt=\"\" srcset=\"https:\/\/sarimelekler.biz\/wp-content\/uploads\/2021\/04\/Vargas-Veda-3-1024x683.jpg 1024w, https:\/\/sarimelekler.biz\/wp-content\/uploads\/2021\/04\/Vargas-Veda-3-300x200.jpg 300w, https:\/\/sarimelekler.biz\/wp-content\/uploads\/2021\/04\/Vargas-Veda-3-768x512.jpg 768w, https:\/\/sarimelekler.biz\/wp-content\/uploads\/2021\/04\/Vargas-Veda-3-1536x1024.jpg 1536w, https:\/\/sarimelekler.biz\/wp-content\/uploads\/2021\/04\/Vargas-Veda-3-2048x1365.jpg 2048w, https:\/\/sarimelekler.biz\/wp-content\/uploads\/2021\/04\/Vargas-Veda-3-150x100.jpg 150w\" sizes=\"auto, (max-width: 860px) 100vw, 860px\" data-attachment-id=\"15731\" data-permalink=\"https:\/\/sarimelekler.biz\/?attachment_id=15731\" data-orig-file=\"https:\/\/sarimelekler.biz\/wp-content\/uploads\/2021\/04\/Vargas-Veda-3-scaled.jpg\" data-orig-size=\"2560,1707\" data-comments-opened=\"0\" data-image-meta=\"{&quot;aperture&quot;:&quot;5.6&quot;,&quot;credit&quot;:&quot;&quot;,&quot;camera&quot;:&quot;Canon EOS-1D X&quot;,&quot;caption&quot;:&quot;&quot;,&quot;created_timestamp&quot;:&quot;1616341250&quot;,&quot;copyright&quot;:&quot;&quot;,&quot;focal_length&quot;:&quot;35&quot;,&quot;iso&quot;:&quot;400&quot;,&quot;shutter_speed&quot;:&quot;0.004&quot;,&quot;title&quot;:&quot;&quot;,&quot;orientation&quot;:&quot;1&quot;}\" data-image-title=\"Vargas Veda (3)\" data-image-description=\"\" data-image-caption=\"\" data-large-file=\"https:\/\/sarimelekler.biz\/wp-content\/uploads\/2021\/04\/Vargas-Veda-3-1024x683.jpg\" \/><\/a>\n\t\t\t<\/dt><\/dl><br style=\"clear: both\" \/>\n\t\t<\/div>\n\n<p>Kaynak:&nbsp;<a href=\"https:\/\/www.fenerbahce.org\/haberler\/voleybol-kadin\/2021\/4\/melissa-vargas-fenerbahce-yi-bu-buyuk-kulubu-bu-guzel-aileyi-cok-ozleyecegim\" target=\"_blank\" rel=\"noopener noreferrer\">Fenerbah\u00e7e SK Resmi \u0130nternet Sitesi<\/a><\/p>\n<p style=\"text-align: right;\">22.04.2021<\/p>\n","protected":false},"excerpt":{"rendered":"<p>Tak\u0131m\u0131m\u0131zdan ayr\u0131lan Melissa Vargas Kul\u00fcb\u00fcm\u00fcz\u00fcn resmi internet sitesine bir r\u00f6portaj \u2026 <a class=\"continue-reading-link\" href=\"https:\/\/sarimelekler.biz\/?p=15730\">Okumaya Devam Et.. <span class=\"meta-nav\">&rarr; <\/span><\/a><\/p>\n","protected":false},"author":1,"featured_media":15733,"comment_status":"closed","ping_status":"open","sticky":false,"template":"","format":"standard","meta":{"jetpack_post_was_ever_published":false,"_jetpack_newsletter_access":"","_jetpack_dont_email_post_to_subs":false,"_jetpack_newsletter_tier_id":0,"_jetpack_memberships_contains_paywalled_content":false,"_jetpack_memberships_contains_paid_content":false,"footnotes":"","jetpack_publicize_message":"","jetpack_publicize_feature_enabled":true,"jetpack_social_post_already_shared":true,"jetpack_social_options":{"image_generator_settings":{"template":"highway","default_image_id":0,"font":"","enabled":false},"version":2}},"categories":[17],"tags":[],"class_list":["post-15730","post","type-post","status-publish","format-standard","has-post-thumbnail","hentry","category-resmi-site-roportajlari"],"jetpack_publicize_connections":[],"jetpack_featured_media_url":"https:\/\/sarimelekler.biz\/wp-content\/uploads\/2021\/04\/Vargas-Veda-5-scaled.jpg","jetpack_sharing_enabled":true,"jetpack_shortlink":"https:\/\/wp.me\/p8npUZ-45I","jetpack-related-posts":[{"id":17117,"url":"https:\/\/sarimelekler.biz\/?p=17117","url_meta":{"origin":15730,"position":0},"title":"Melissa Vargas Tekrar Fenerbah\u00e7e Opet\u2019te","author":"Edit\u00f6r","date":"13 Ocak 2022","format":false,"excerpt":"3 sezon boyunca Fenerbah\u00e7e Opet formas\u0131 giyen, bu sezon ise \u00c7in ekibi Tianjin ile \u015fampiyonluk ya\u015fayan eski voleybolcumuz Melissa Vargas yuvas\u0131na geri d\u00f6nd\u00fc. \u00c7in Ligi\u2019nin sona ermesiyle beraber T\u00fcrkiye\u2019ye d\u00f6nen Melissa Vargas'\u0131n ilk s\u00f6zleri, \"\u00c7ok mutluyum\" oldu. Havaliman\u0131nda \u015fube idarecilerimiz taraf\u0131ndan \u00e7i\u00e7ek ve formas\u0131 ile kar\u015f\u0131lanan ba\u015far\u0131l\u0131 sporcumuz; Fenerbah\u00e7e TV'ye\u2026","rel":"","context":"&quot;Transfer Haberleri&quot; i\u00e7inde","block_context":{"text":"Transfer Haberleri","link":"https:\/\/sarimelekler.biz\/?cat=23"},"img":{"alt_text":"","src":"https:\/\/i0.wp.com\/sarimelekler.biz\/wp-content\/uploads\/2021\/04\/Vargas-Veda-1-scaled.jpg?resize=350%2C200&ssl=1","width":350,"height":200,"srcset":"https:\/\/i0.wp.com\/sarimelekler.biz\/wp-content\/uploads\/2021\/04\/Vargas-Veda-1-scaled.jpg?resize=350%2C200&ssl=1 1x, https:\/\/i0.wp.com\/sarimelekler.biz\/wp-content\/uploads\/2021\/04\/Vargas-Veda-1-scaled.jpg?resize=525%2C300&ssl=1 1.5x, https:\/\/i0.wp.com\/sarimelekler.biz\/wp-content\/uploads\/2021\/04\/Vargas-Veda-1-scaled.jpg?resize=700%2C400&ssl=1 2x, https:\/\/i0.wp.com\/sarimelekler.biz\/wp-content\/uploads\/2021\/04\/Vargas-Veda-1-scaled.jpg?resize=1050%2C600&ssl=1 3x, https:\/\/i0.wp.com\/sarimelekler.biz\/wp-content\/uploads\/2021\/04\/Vargas-Veda-1-scaled.jpg?resize=1400%2C800&ssl=1 4x"},"classes":[]},{"id":20450,"url":"https:\/\/sarimelekler.biz\/?p=20450","url_meta":{"origin":15730,"position":1},"title":"Zonguldak&#8217;\u0131n \u00c7aycuma \u0130l\u00e7esinde Vargas\u2019\u0131n Heykeli Dikildi","author":"Edit\u00f6r","date":"9 Mart 2024","format":false,"excerpt":"Ge\u00e7ti\u011fimiz sezon Fenerbah\u00e7e Opet Kad\u0131n Voleybol Tak\u0131m\u0131m\u0131z ile lig \u015fampiyonlu\u011fu kazanan, A Milli Kad\u0131n Voleybol Tak\u0131m\u0131m\u0131zla Milletler Ligi ve Avrupa \u015eampiyonlu\u011fu ya\u015fay\u0131p, olimpiyat elemelerinde 7'de 7 yapan tak\u0131m\u0131n bir par\u00e7as\u0131 olan Fenerbah\u00e7e Opet Kad\u0131n Voleybol Tak\u0131m\u0131m\u0131z ve A Milli Kad\u0131n Voleybol Tak\u0131m\u0131m\u0131z\u0131n en \u00f6nemli isimlerinden biri olan voleybolcumuz Melissa Vargas\u2019\u0131n\u2026","rel":"","context":"&quot;Haberler&quot; i\u00e7inde","block_context":{"text":"Haberler","link":"https:\/\/sarimelekler.biz\/?cat=7"},"img":{"alt_text":"","src":"https:\/\/i0.wp.com\/sarimelekler.biz\/wp-content\/uploads\/2024\/03\/Vargas-Heykel-13.jpg?resize=350%2C200&ssl=1","width":350,"height":200,"srcset":"https:\/\/i0.wp.com\/sarimelekler.biz\/wp-content\/uploads\/2024\/03\/Vargas-Heykel-13.jpg?resize=350%2C200&ssl=1 1x, https:\/\/i0.wp.com\/sarimelekler.biz\/wp-content\/uploads\/2024\/03\/Vargas-Heykel-13.jpg?resize=525%2C300&ssl=1 1.5x, https:\/\/i0.wp.com\/sarimelekler.biz\/wp-content\/uploads\/2024\/03\/Vargas-Heykel-13.jpg?resize=700%2C400&ssl=1 2x, https:\/\/i0.wp.com\/sarimelekler.biz\/wp-content\/uploads\/2024\/03\/Vargas-Heykel-13.jpg?resize=1050%2C600&ssl=1 3x, https:\/\/i0.wp.com\/sarimelekler.biz\/wp-content\/uploads\/2024\/03\/Vargas-Heykel-13.jpg?resize=1400%2C800&ssl=1 4x"},"classes":[]},{"id":15727,"url":"https:\/\/sarimelekler.biz\/?p=15727","url_meta":{"origin":15730,"position":2},"title":"Melissa Vargas Tak\u0131m\u0131m\u0131zdan Ayr\u0131ld\u0131","author":"Edit\u00f6r","date":"22 Nisan 2021","format":false,"excerpt":"Kul\u00fcb\u00fcm\u00fcz Fenerbah\u00e7e Opet Kad\u0131n Voleybol tak\u0131m\u0131m\u0131z\u0131n pas\u00f6r \u00e7apraz\u0131 oyuncusu Melissa Vargas\u2019\u0131n tak\u0131mdan ayr\u0131ld\u0131\u011f\u0131n\u0131 resmi sitesinden yapt\u0131\u011f\u0131 a\u00e7\u0131klamayla duyurdu. Melissa Vargas\u2019a emekleri i\u00e7in te\u015fekk\u00fcr eder, kariyerinde ba\u015far\u0131lar dileriz. Kul\u00fcb\u00fcm\u00fczden Yap\u0131lan A\u00e7\u0131klama: Her \u015fey i\u00e7in bir kez daha te\u015fekk\u00fcrler Melissa! 2018-2019 sezonundan bu yana formam\u0131z\u0131 gururla ta\u015f\u0131yan Melissa Vargas, hayallerini ger\u00e7ekle\u015ftirmenin gururuyla\u2026","rel":"","context":"&quot;Transfer Haberleri&quot; i\u00e7inde","block_context":{"text":"Transfer Haberleri","link":"https:\/\/sarimelekler.biz\/?cat=23"},"img":{"alt_text":"","src":"https:\/\/i0.wp.com\/sarimelekler.biz\/wp-content\/uploads\/2021\/04\/Vargas.jpg?resize=350%2C200&ssl=1","width":350,"height":200,"srcset":"https:\/\/i0.wp.com\/sarimelekler.biz\/wp-content\/uploads\/2021\/04\/Vargas.jpg?resize=350%2C200&ssl=1 1x, https:\/\/i0.wp.com\/sarimelekler.biz\/wp-content\/uploads\/2021\/04\/Vargas.jpg?resize=525%2C300&ssl=1 1.5x, https:\/\/i0.wp.com\/sarimelekler.biz\/wp-content\/uploads\/2021\/04\/Vargas.jpg?resize=700%2C400&ssl=1 2x"},"classes":[]},{"id":15646,"url":"https:\/\/sarimelekler.biz\/?p=15646","url_meta":{"origin":15730,"position":3},"title":"Ba\u015far\u0131l\u0131 Oyuncumuz Melissa Vargas T\u00fcrk Vatanda\u015fl\u0131\u011f\u0131na Ge\u00e7ti","author":"Edit\u00f6r","date":"10 Nisan 2021","format":false,"excerpt":"T\u00fcrkiye Voleybol Federasyonu\u2019nun, Fenerbah\u00e7e Opet Kad\u0131n Voleybol Tak\u0131m\u0131m\u0131z\u0131n K\u00fcbal\u0131 oyuncusu Melissa Teresa Vargas Abreu\u2019nun T\u00fcrkiye Cumhuriyeti vatanda\u015fl\u0131\u011f\u0131n\u0131 almas\u0131 konusunda yapm\u0131\u015f oldu\u011fu ba\u015fvuru onayland\u0131 ve Cumhurba\u015fkan\u0131m\u0131z Say\u0131n Recep Tayyip Erdo\u011fan, Melissa Vargas\u2019a T\u00fcrkiye Cumhuriyeti Kimlik Kart\u0131\u2019n\u0131 takdim etti. T.C. Vatanda\u015fl\u0131\u011f\u0131\u2019na ge\u00e7me i\u015flemleri tamamland\u0131\u011f\u0131 i\u00e7in \u00e7ok mutlu oldu\u011funu ifade eden Melissa Vargas,\u2026","rel":"","context":"&quot;Haberler&quot; i\u00e7inde","block_context":{"text":"Haberler","link":"https:\/\/sarimelekler.biz\/?cat=7"},"img":{"alt_text":"","src":"https:\/\/i0.wp.com\/sarimelekler.biz\/wp-content\/uploads\/2021\/04\/Kapak.jpg?resize=350%2C200&ssl=1","width":350,"height":200,"srcset":"https:\/\/i0.wp.com\/sarimelekler.biz\/wp-content\/uploads\/2021\/04\/Kapak.jpg?resize=350%2C200&ssl=1 1x, https:\/\/i0.wp.com\/sarimelekler.biz\/wp-content\/uploads\/2021\/04\/Kapak.jpg?resize=525%2C300&ssl=1 1.5x, https:\/\/i0.wp.com\/sarimelekler.biz\/wp-content\/uploads\/2021\/04\/Kapak.jpg?resize=700%2C400&ssl=1 2x, https:\/\/i0.wp.com\/sarimelekler.biz\/wp-content\/uploads\/2021\/04\/Kapak.jpg?resize=1050%2C600&ssl=1 3x, https:\/\/i0.wp.com\/sarimelekler.biz\/wp-content\/uploads\/2021\/04\/Kapak.jpg?resize=1400%2C800&ssl=1 4x"},"classes":[]},{"id":18754,"url":"https:\/\/sarimelekler.biz\/?p=18754","url_meta":{"origin":15730,"position":4},"title":"Melissa Vargas \u00c7in Liginin Bitmesinden Sonra Tak\u0131ma Geri D\u00f6nd\u00fc","author":"Edit\u00f6r","date":"15 Ocak 2023","format":false,"excerpt":"Fenerbah\u00e7e Opet Kad\u0131n Voleybol Tak\u0131m\u0131m\u0131z\u0131n ba\u015far\u0131l\u0131 oyuncusu Melissa Vargas 21-22 T\u00fcrkiye Liginin bitmesinden sonra transfer oldu\u011fu \u00c7in Liginde bitmesinden sonra kul\u00fcb\u00fcm\u00fcze geri d\u00f6nd\u00fc. Vargas\u2019a Ba\u015far\u0131l\u0131 bir sezon dileriz. Kul\u00fcb\u00fcm\u00fcz\u00fcn Resmi Sitesinden yap\u0131lan a\u00e7\u0131klama: Fenerbah\u00e7e Opet Kad\u0131n Voleybol Tak\u0131m\u0131m\u0131z\u0131n oyuncusu Melissa Vargas, \u00c7in Ligi\u2019nin sona ermesiyle birlikte \u0130stanbul\u2019a geri d\u00f6nd\u00fc. K\u00fcba\u2026","rel":"","context":"&quot;Transfer Haberleri&quot; i\u00e7inde","block_context":{"text":"Transfer Haberleri","link":"https:\/\/sarimelekler.biz\/?cat=23"},"img":{"alt_text":"","src":"https:\/\/i0.wp.com\/sarimelekler.biz\/wp-content\/uploads\/2023\/02\/Vargas-2023-1-scaled.jpg?resize=350%2C200&ssl=1","width":350,"height":200,"srcset":"https:\/\/i0.wp.com\/sarimelekler.biz\/wp-content\/uploads\/2023\/02\/Vargas-2023-1-scaled.jpg?resize=350%2C200&ssl=1 1x, https:\/\/i0.wp.com\/sarimelekler.biz\/wp-content\/uploads\/2023\/02\/Vargas-2023-1-scaled.jpg?resize=525%2C300&ssl=1 1.5x, https:\/\/i0.wp.com\/sarimelekler.biz\/wp-content\/uploads\/2023\/02\/Vargas-2023-1-scaled.jpg?resize=700%2C400&ssl=1 2x, https:\/\/i0.wp.com\/sarimelekler.biz\/wp-content\/uploads\/2023\/02\/Vargas-2023-1-scaled.jpg?resize=1050%2C600&ssl=1 3x, https:\/\/i0.wp.com\/sarimelekler.biz\/wp-content\/uploads\/2023\/02\/Vargas-2023-1-scaled.jpg?resize=1400%2C800&ssl=1 4x"},"classes":[]},{"id":4097,"url":"https:\/\/sarimelekler.biz\/?p=4097","url_meta":{"origin":15730,"position":5},"title":"Mia Jerkov: &#8220;Bu formay\u0131 giyecek olmaktan dolay\u0131 gurur duyuyorum&#8221;","author":"Edit\u00f6r","date":"14 Haziran 2017","format":false,"excerpt":"Kad\u0131n Voleybol Tak\u0131m\u0131m\u0131z\u0131n yeni sma\u00e7\u00f6r\u00fc Mia Jerkov, transferine ili\u015fkin ilk a\u00e7\u0131klamalar\u0131 Fenerbah\u00e7e Spor Kul\u00fcb\u00fcm\u00fcz Resmi \u0130nternet Sitesine yapt\u0131. Fenerbah\u00e7e gibi b\u00fcy\u00fck bir kul\u00fcb\u00fcn formas\u0131n\u0131 giyecek olmaktan dolay\u0131 gurur duydu\u011funu dile getiren Mia Jerkov, \"Fenerbah\u00e7e\u2019de olmaktan dolay\u0131 b\u00fcy\u00fck bir gurur duyuyorum. Sar\u0131 Meleklerin bir par\u00e7as\u0131 olacak olmaktan dolay\u0131 \u00e7ok mutluyum. Fenerbah\u00e7e\u2026","rel":"","context":"&quot;T\u00fcrkiye Ligi&quot; i\u00e7inde","block_context":{"text":"T\u00fcrkiye Ligi","link":"https:\/\/sarimelekler.biz\/?cat=6"},"img":{"alt_text":"","src":"https:\/\/i0.wp.com\/sarimelekler.biz\/wp-content\/uploads\/2017\/06\/mb9_56295_4963432.jpg?resize=350%2C200&ssl=1","width":350,"height":200,"srcset":"https:\/\/i0.wp.com\/sarimelekler.biz\/wp-content\/uploads\/2017\/06\/mb9_56295_4963432.jpg?resize=350%2C200&ssl=1 1x, https:\/\/i0.wp.com\/sarimelekler.biz\/wp-content\/uploads\/2017\/06\/mb9_56295_4963432.jpg?resize=525%2C300&ssl=1 1.5x, https:\/\/i0.wp.com\/sarimelekler.biz\/wp-content\/uploads\/2017\/06\/mb9_56295_4963432.jpg?resize=700%2C400&ssl=1 2x, https:\/\/i0.wp.com\/sarimelekler.biz\/wp-content\/uploads\/2017\/06\/mb9_56295_4963432.jpg?resize=1050%2C600&ssl=1 3x, https:\/\/i0.wp.com\/sarimelekler.biz\/wp-content\/uploads\/2017\/06\/mb9_56295_4963432.jpg?resize=1400%2C800&ssl=1 4x"},"classes":[]}],"_links":{"self":[{"href":"https:\/\/sarimelekler.biz\/index.php?rest_route=\/wp\/v2\/posts\/15730","targetHints":{"allow":["GET"]}}],"collection":[{"href":"https:\/\/sarimelekler.biz\/index.php?rest_route=\/wp\/v2\/posts"}],"about":[{"href":"https:\/\/sarimelekler.biz\/index.php?rest_route=\/wp\/v2\/types\/post"}],"author":[{"embeddable":true,"href":"https:\/\/sarimelekler.biz\/index.php?rest_route=\/wp\/v2\/users\/1"}],"replies":[{"embeddable":true,"href":"https:\/\/sarimelekler.biz\/index.php?rest_route=%2Fwp%2Fv2%2Fcomments&post=15730"}],"version-history":[{"count":2,"href":"https:\/\/sarimelekler.biz\/index.php?rest_route=\/wp\/v2\/posts\/15730\/revisions"}],"predecessor-version":[{"id":17478,"href":"https:\/\/sarimelekler.biz\/index.php?rest_route=\/wp\/v2\/posts\/15730\/revisions\/17478"}],"wp:featuredmedia":[{"embeddable":true,"href":"https:\/\/sarimelekler.biz\/index.php?rest_route=\/wp\/v2\/media\/15733"}],"wp:attachment":[{"href":"https:\/\/sarimelekler.biz\/index.php?rest_route=%2Fwp%2Fv2%2Fmedia&parent=15730"}],"wp:term":[{"taxonomy":"category","embeddable":true,"href":"https:\/\/sarimelekler.biz\/index.php?rest_route=%2Fwp%2Fv2%2Fcategories&post=15730"},{"taxonomy":"post_tag","embeddable":true,"href":"https:\/\/sarimelekler.biz\/index.php?rest_route=%2Fwp%2Fv2%2Ftags&post=15730"}],"curies":[{"name":"wp","href":"https:\/\/api.w.org\/{rel}","templated":true}]}}