{"id":15740,"date":"2021-04-26T18:31:00","date_gmt":"2021-04-26T15:31:00","guid":{"rendered":"http:\/\/sarimelekler.biz\/?p=15740"},"modified":"2021-04-27T22:38:21","modified_gmt":"2021-04-27T19:38:21","slug":"dicle-nur-babatin-sozlesmesi-1-yil-uzatildi","status":"publish","type":"post","link":"https:\/\/sarimelekler.biz\/?p=15740","title":{"rendered":"Dicle Nur Babat\u2019\u0131n S\u00f6zle\u015fmesi 1 Y\u0131l Uzat\u0131ld\u0131"},"content":{"rendered":"<p style=\"text-align: justify;\">Kul\u00fcb\u00fcm\u00fcz Fenerbah\u00e7e Opet Kad\u0131n Voleybol tak\u0131m\u0131m\u0131z\u0131n orta oyuncusu Dicle Nur Babat ile 1 y\u0131ll\u0131k s\u00f6zle\u015fme uzatt\u0131\u011f\u0131n\u0131 resmi sitesinden yapt\u0131\u011f\u0131 a\u00e7\u0131klamayla duyurdu.<br \/>\nOyuncumuza ba\u015far\u0131lar dileriz.<\/p>\n<p style=\"text-align: justify;\"><a href=\"https:\/\/www.fenerbahce.org\/haberler\/voleybol-kadin\/2021\/4\/dicle-nur-babat-in-sozlesmesi-uzatildi\" target=\"_blank\" rel=\"noopener noreferrer\">Kul\u00fcb\u00fcm\u00fczden Yap\u0131lan A\u00e7\u0131klama:<\/a><br \/>\n2014\u2019ten bu yana formam\u0131z\u0131 giyen ba\u015far\u0131l\u0131 sporcumuz Dicle Nur Babat\u2019\u0131n s\u00f6zle\u015fmesi 1 y\u0131l daha uzat\u0131ld\u0131.<br \/>\n2021-2022 sezonunda da tak\u0131m\u0131m\u0131z\u0131n formas\u0131n\u0131 giyecek olan Dicle Nur Babat\u2019a ba\u015far\u0131lar diliyoruz.<\/p>\n\n\t\t<style type=\"text\/css\">\n\t\t\t#gallery-1 {\n\t\t\t\tmargin: auto;\n\t\t\t}\n\t\t\t#gallery-1 .gallery-item {\n\t\t\t\tfloat: left;\n\t\t\t\tmargin-top: 10px;\n\t\t\t\ttext-align: center;\n\t\t\t\twidth: 100%;\n\t\t\t}\n\t\t\t#gallery-1 img {\n\t\t\t\tborder: 2px solid #cfcfcf;\n\t\t\t}\n\t\t\t#gallery-1 .gallery-caption {\n\t\t\t\tmargin-left: 0;\n\t\t\t}\n\t\t\t\/* see gallery_shortcode() in wp-includes\/media.php *\/\n\t\t<\/style>\n\t\t<div data-carousel-extra='{&quot;blog_id&quot;:1,&quot;permalink&quot;:&quot;https:\/\/sarimelekler.biz\/?p=15740&quot;}' id='gallery-1' class='gallery galleryid-15740 gallery-columns-1 gallery-size-large'><dl class='gallery-item'>\n\t\t\t<dt class='gallery-icon landscape'>\n\t\t\t\t<a href='https:\/\/sarimelekler.biz\/?attachment_id=11268'><img loading=\"lazy\" decoding=\"async\" width=\"860\" height=\"592\" src=\"https:\/\/sarimelekler.biz\/wp-content\/uploads\/2019\/05\/Dicle-Kapak-1024x705.jpg\" class=\"attachment-large size-large\" alt=\"\" srcset=\"https:\/\/sarimelekler.biz\/wp-content\/uploads\/2019\/05\/Dicle-Kapak-1024x705.jpg 1024w, https:\/\/sarimelekler.biz\/wp-content\/uploads\/2019\/05\/Dicle-Kapak-300x207.jpg 300w, https:\/\/sarimelekler.biz\/wp-content\/uploads\/2019\/05\/Dicle-Kapak-768x529.jpg 768w, https:\/\/sarimelekler.biz\/wp-content\/uploads\/2019\/05\/Dicle-Kapak-150x103.jpg 150w\" sizes=\"auto, (max-width: 860px) 100vw, 860px\" data-attachment-id=\"11268\" data-permalink=\"https:\/\/sarimelekler.biz\/?attachment_id=11268\" data-orig-file=\"https:\/\/sarimelekler.biz\/wp-content\/uploads\/2019\/05\/Dicle-Kapak.jpg\" data-orig-size=\"2500,1722\" data-comments-opened=\"0\" data-image-meta=\"{&quot;aperture&quot;:&quot;0&quot;,&quot;credit&quot;:&quot;&quot;,&quot;camera&quot;:&quot;&quot;,&quot;caption&quot;:&quot;&quot;,&quot;created_timestamp&quot;:&quot;0&quot;,&quot;copyright&quot;:&quot;&quot;,&quot;focal_length&quot;:&quot;0&quot;,&quot;iso&quot;:&quot;0&quot;,&quot;shutter_speed&quot;:&quot;0&quot;,&quot;title&quot;:&quot;&quot;,&quot;orientation&quot;:&quot;0&quot;}\" data-image-title=\"Dicle Kapak\" data-image-description=\"\" data-image-caption=\"\" data-large-file=\"https:\/\/sarimelekler.biz\/wp-content\/uploads\/2019\/05\/Dicle-Kapak-1024x705.jpg\" \/><\/a>\n\t\t\t<\/dt><\/dl><br style=\"clear: both\" \/>\n\t\t<\/div>\n\n<p style=\"text-align: right;\">26.04.2021<\/p>\n","protected":false},"excerpt":{"rendered":"<p>Kul\u00fcb\u00fcm\u00fcz Fenerbah\u00e7e Opet Kad\u0131n Voleybol tak\u0131m\u0131m\u0131z\u0131n orta oyuncusu Dicle Nur \u2026 <a class=\"continue-reading-link\" href=\"https:\/\/sarimelekler.biz\/?p=15740\">Okumaya Devam Et.. <span class=\"meta-nav\">&rarr; <\/span><\/a><\/p>\n","protected":false},"author":1,"featured_media":15741,"comment_status":"closed","ping_status":"open","sticky":false,"template":"","format":"standard","meta":{"jetpack_post_was_ever_published":false,"_jetpack_newsletter_access":"","_jetpack_dont_email_post_to_subs":false,"_jetpack_newsletter_tier_id":0,"_jetpack_memberships_contains_paywalled_content":false,"_jetpack_memberships_contains_paid_content":false,"footnotes":"","jetpack_publicize_message":"","jetpack_publicize_feature_enabled":true,"jetpack_social_post_already_shared":true,"jetpack_social_options":{"image_generator_settings":{"template":"highway","default_image_id":0,"font":"","enabled":false},"version":2}},"categories":[23],"tags":[],"class_list":["post-15740","post","type-post","status-publish","format-standard","has-post-thumbnail","hentry","category-transfer-haberleri"],"jetpack_publicize_connections":[],"jetpack_featured_media_url":"https:\/\/sarimelekler.biz\/wp-content\/uploads\/2021\/04\/Dicle-Nur-Babat.png","jetpack_sharing_enabled":true,"jetpack_shortlink":"https:\/\/wp.me\/p8npUZ-45S","jetpack-related-posts":[{"id":4258,"url":"https:\/\/sarimelekler.biz\/?p=4258","url_meta":{"origin":15740,"position":0},"title":"Dicle Nur Babat\u2019\u0131n Do\u011fum G\u00fcn\u00fc Kutland\u0131","author":"Edit\u00f6r","date":"15 Eyl\u00fcl 2017","format":false,"excerpt":"Fenerbah\u00e7e Bayan Voleybol Tak\u0131m\u0131m\u0131z\u0131n ba\u015far\u0131l\u0131 oyuncular\u0131ndan Dicle Nur Babat\u2019\u0131n do\u011fum g\u00fcn\u00fc kutland\u0131. Yeni sezon haz\u0131rl\u0131klar\u0131n\u0131 Derea\u011fz\u0131 Lefter K\u00fc\u00e7\u00fckandonyadis Tesislerimizde yapt\u0131\u011f\u0131 antrenmanlarla s\u00fcrd\u00fcren Sar\u0131 Melekler, antrenman sonras\u0131nda Dicle Nur Babat\u2019\u0131n yeni ya\u015f\u0131n\u0131 kutlad\u0131. Dicle i\u00e7in organize edilen kutlamada, oyuncumuz \u00f6ncelikle do\u011fum g\u00fcn\u00fc pastas\u0131n\u0131n mumlar\u0131n\u0131 \u00fcfledi. Ard\u0131ndan tebrikleri kabul eden Dicle Nur\u2026","rel":"","context":"&quot;T\u00fcrkiye Ligi&quot; i\u00e7inde","block_context":{"text":"T\u00fcrkiye Ligi","link":"https:\/\/sarimelekler.biz\/?cat=6"},"img":{"alt_text":"","src":"https:\/\/i0.wp.com\/sarimelekler.biz\/wp-content\/uploads\/2017\/09\/dicibasin1_57251_7598772.jpg?resize=350%2C200&ssl=1","width":350,"height":200,"srcset":"https:\/\/i0.wp.com\/sarimelekler.biz\/wp-content\/uploads\/2017\/09\/dicibasin1_57251_7598772.jpg?resize=350%2C200&ssl=1 1x, https:\/\/i0.wp.com\/sarimelekler.biz\/wp-content\/uploads\/2017\/09\/dicibasin1_57251_7598772.jpg?resize=525%2C300&ssl=1 1.5x, https:\/\/i0.wp.com\/sarimelekler.biz\/wp-content\/uploads\/2017\/09\/dicibasin1_57251_7598772.jpg?resize=700%2C400&ssl=1 2x, https:\/\/i0.wp.com\/sarimelekler.biz\/wp-content\/uploads\/2017\/09\/dicibasin1_57251_7598772.jpg?resize=1050%2C600&ssl=1 3x, https:\/\/i0.wp.com\/sarimelekler.biz\/wp-content\/uploads\/2017\/09\/dicibasin1_57251_7598772.jpg?resize=1400%2C800&ssl=1 4x"},"classes":[]},{"id":15737,"url":"https:\/\/sarimelekler.biz\/?p=15737","url_meta":{"origin":15740,"position":1},"title":"Cansu \u00c7etin\u2019in S\u00f6zle\u015fmesi 2 Y\u0131l Uzat\u0131ld\u0131.","author":"Edit\u00f6r","date":"22 Nisan 2021","format":false,"excerpt":"Kul\u00fcb\u00fcm\u00fcz Fenerbah\u00e7e Opet Kad\u0131n Voleybol tak\u0131m\u0131m\u0131z\u0131n sma\u00e7\u00f6r oyuncusu Cansu \u00c7etin ile 2 y\u0131ll\u0131k s\u00f6zle\u015fme uzatt\u0131\u011f\u0131n\u0131 resmi sitesinden yapt\u0131\u011f\u0131 a\u00e7\u0131klamayla duyurdu. Oyuncumuza ba\u015far\u0131lar dileriz. Kul\u00fcb\u00fcm\u00fczden Yap\u0131lan A\u00e7\u0131klama: Ge\u00e7ti\u011fimiz sezon ba\u015f\u0131nda kadromuza dahil edilen ba\u015far\u0131l\u0131 sporcumuz Cansu \u00c7etin'in s\u00f6zle\u015fmesi 2 y\u0131l daha uzat\u0131ld\u0131. 2021-2022 ve 2022-2023 sezonlar\u0131nda da tak\u0131m\u0131m\u0131z\u0131n formas\u0131n\u0131 giyecek olan\u2026","rel":"","context":"&quot;Transfer Haberleri&quot; i\u00e7inde","block_context":{"text":"Transfer Haberleri","link":"https:\/\/sarimelekler.biz\/?cat=23"},"img":{"alt_text":"","src":"https:\/\/i0.wp.com\/sarimelekler.biz\/wp-content\/uploads\/2020\/06\/Cansu-%C3%87etin-6-scaled.jpg?resize=350%2C200&ssl=1","width":350,"height":200,"srcset":"https:\/\/i0.wp.com\/sarimelekler.biz\/wp-content\/uploads\/2020\/06\/Cansu-%C3%87etin-6-scaled.jpg?resize=350%2C200&ssl=1 1x, https:\/\/i0.wp.com\/sarimelekler.biz\/wp-content\/uploads\/2020\/06\/Cansu-%C3%87etin-6-scaled.jpg?resize=525%2C300&ssl=1 1.5x, https:\/\/i0.wp.com\/sarimelekler.biz\/wp-content\/uploads\/2020\/06\/Cansu-%C3%87etin-6-scaled.jpg?resize=700%2C400&ssl=1 2x, https:\/\/i0.wp.com\/sarimelekler.biz\/wp-content\/uploads\/2020\/06\/Cansu-%C3%87etin-6-scaled.jpg?resize=1050%2C600&ssl=1 3x, https:\/\/i0.wp.com\/sarimelekler.biz\/wp-content\/uploads\/2020\/06\/Cansu-%C3%87etin-6-scaled.jpg?resize=1400%2C800&ssl=1 4x"},"classes":[]},{"id":15724,"url":"https:\/\/sarimelekler.biz\/?p=15724","url_meta":{"origin":15740,"position":2},"title":"Naz Aydemir Akyol\u2019un S\u00f6zle\u015fmesi 2 Y\u0131l Uzat\u0131ld\u0131","author":"Edit\u00f6r","date":"19 Nisan 2021","format":false,"excerpt":"Kul\u00fcb\u00fcm\u00fcz, Fenerbah\u00e7e Opet Kad\u0131n Voleybol tak\u0131m\u0131m\u0131z\u0131n pas\u00f6r oyuncusu Naz Aydemir Akyol ile 2 y\u0131ll\u0131k s\u00f6zle\u015fme uzatt\u0131\u011f\u0131n\u0131 resmi sitesinden yapt\u0131\u011f\u0131 a\u00e7\u0131klamayla duyurdu. Oyuncumuza ba\u015far\u0131lar dileriz. Kul\u00fcb\u00fcm\u00fczden Yap\u0131lan A\u00e7\u0131klama: Formam\u0131zla \u00e7ok say\u0131da ba\u015far\u0131ya imza atan milli pas\u00f6r\u00fcm\u00fcz Naz Aydemir Akyol, 2 y\u0131l daha bizimle!'Son 10 Y\u0131l\u0131n En \u0130yi 100 Oyuncusu' listesinde yer\u2026","rel":"","context":"&quot;Transfer Haberleri&quot; i\u00e7inde","block_context":{"text":"Transfer Haberleri","link":"https:\/\/sarimelekler.biz\/?cat=23"},"img":{"alt_text":"","src":"https:\/\/i0.wp.com\/sarimelekler.biz\/wp-content\/uploads\/2019\/06\/Naz-19-20-Kapak.jpg?resize=350%2C200&ssl=1","width":350,"height":200,"srcset":"https:\/\/i0.wp.com\/sarimelekler.biz\/wp-content\/uploads\/2019\/06\/Naz-19-20-Kapak.jpg?resize=350%2C200&ssl=1 1x, https:\/\/i0.wp.com\/sarimelekler.biz\/wp-content\/uploads\/2019\/06\/Naz-19-20-Kapak.jpg?resize=525%2C300&ssl=1 1.5x, https:\/\/i0.wp.com\/sarimelekler.biz\/wp-content\/uploads\/2019\/06\/Naz-19-20-Kapak.jpg?resize=700%2C400&ssl=1 2x, https:\/\/i0.wp.com\/sarimelekler.biz\/wp-content\/uploads\/2019\/06\/Naz-19-20-Kapak.jpg?resize=1050%2C600&ssl=1 3x, https:\/\/i0.wp.com\/sarimelekler.biz\/wp-content\/uploads\/2019\/06\/Naz-19-20-Kapak.jpg?resize=1400%2C800&ssl=1 4x"},"classes":[]},{"id":11801,"url":"https:\/\/sarimelekler.biz\/?p=11801","url_meta":{"origin":15740,"position":3},"title":"Dicle Nur Babat\u2019\u0131n Do\u011fum G\u00fcn\u00fc Kutland\u0131.","author":"Edit\u00f6r","date":"16 Eyl\u00fcl 2019","format":false,"excerpt":"D\u00fcn\u00fc izinli ge\u00e7iren Sar\u0131 Melekler yeni sezon \u00e7al\u0131\u015fmalar\u0131n\u0131 bug\u00fcn Lefter K\u00fc\u00e7\u00fckandonyadis tesislerinde yapt\u0131klar\u0131 \u00e7al\u0131\u015fmayla devam etti. Antrenmana izinli olan Eda Erdem D\u00fcndar ve Brankica Mihajlovi\u0107 ile Milli tak\u0131mda bulunan Kelsey Robinson kat\u0131lmazken Milli tak\u0131m izinleri biten Naz Aydemir Akyol, Aylin Sar\u0131o\u011flu ve Fatma Y\u0131ld\u0131r\u0131m ile ba\u015fantren\u00f6r\u00fcm\u00fcz Zoran Terzic kat\u0131ld\u0131. Antrenmana\u2026","rel":"","context":"&quot;Haberler&quot; i\u00e7inde","block_context":{"text":"Haberler","link":"https:\/\/sarimelekler.biz\/?cat=7"},"img":{"alt_text":"","src":"https:\/\/i0.wp.com\/sarimelekler.biz\/wp-content\/uploads\/2019\/09\/Dicle-Dogum-G%C3%BCn%C3%BC-1.jpg?resize=350%2C200&ssl=1","width":350,"height":200,"srcset":"https:\/\/i0.wp.com\/sarimelekler.biz\/wp-content\/uploads\/2019\/09\/Dicle-Dogum-G%C3%BCn%C3%BC-1.jpg?resize=350%2C200&ssl=1 1x, https:\/\/i0.wp.com\/sarimelekler.biz\/wp-content\/uploads\/2019\/09\/Dicle-Dogum-G%C3%BCn%C3%BC-1.jpg?resize=525%2C300&ssl=1 1.5x, https:\/\/i0.wp.com\/sarimelekler.biz\/wp-content\/uploads\/2019\/09\/Dicle-Dogum-G%C3%BCn%C3%BC-1.jpg?resize=700%2C400&ssl=1 2x, https:\/\/i0.wp.com\/sarimelekler.biz\/wp-content\/uploads\/2019\/09\/Dicle-Dogum-G%C3%BCn%C3%BC-1.jpg?resize=1050%2C600&ssl=1 3x, https:\/\/i0.wp.com\/sarimelekler.biz\/wp-content\/uploads\/2019\/09\/Dicle-Dogum-G%C3%BCn%C3%BC-1.jpg?resize=1400%2C800&ssl=1 4x"},"classes":[]},{"id":18095,"url":"https:\/\/sarimelekler.biz\/?p=18095","url_meta":{"origin":15740,"position":4},"title":"Anna Lazareva\u2019n\u0131n S\u00f6zle\u015fmesi 1 Y\u0131l Uzat\u0131ld\u0131","author":"Edit\u00f6r","date":"2 Haziran 2022","format":false,"excerpt":"Kul\u00fcb\u00fcm\u00fcz Resmi \u0130nternet Sitesinden yapt\u0131\u011f\u0131 a\u00e7\u0131klamada; \u201cGe\u00e7ti\u011fimiz sezon ba\u015f\u0131nda kadromuza dahil edilen Rus milli pas\u00f6r \u00e7apraz\u0131 Anna Lazareva\u2019n\u0131n s\u00f6zle\u015fmesi 1 y\u0131l daha uzat\u0131ld\u0131\u201d \u015feklinde duyuru yap\u0131ld\u0131. Bu sezon genelinde iyi bir performans sergileyen Anna Lazareva'ya Sultanlar Ligi final serisinde ihtiya\u00e7 duymam\u0131za ra\u011fmen 5 ma\u00e7\u0131n 3\u2019\u00fcn de ma\u00e7 kadrosuna almayan, kadroya\u2026","rel":"","context":"&quot;Transfer Haberleri&quot; i\u00e7inde","block_context":{"text":"Transfer Haberleri","link":"https:\/\/sarimelekler.biz\/?cat=23"},"img":{"alt_text":"","src":"https:\/\/i0.wp.com\/sarimelekler.biz\/wp-content\/uploads\/2022\/01\/01-21-22-TK-8.jpg?resize=350%2C200&ssl=1","width":350,"height":200,"srcset":"https:\/\/i0.wp.com\/sarimelekler.biz\/wp-content\/uploads\/2022\/01\/01-21-22-TK-8.jpg?resize=350%2C200&ssl=1 1x, https:\/\/i0.wp.com\/sarimelekler.biz\/wp-content\/uploads\/2022\/01\/01-21-22-TK-8.jpg?resize=525%2C300&ssl=1 1.5x, https:\/\/i0.wp.com\/sarimelekler.biz\/wp-content\/uploads\/2022\/01\/01-21-22-TK-8.jpg?resize=700%2C400&ssl=1 2x, https:\/\/i0.wp.com\/sarimelekler.biz\/wp-content\/uploads\/2022\/01\/01-21-22-TK-8.jpg?resize=1050%2C600&ssl=1 3x, https:\/\/i0.wp.com\/sarimelekler.biz\/wp-content\/uploads\/2022\/01\/01-21-22-TK-8.jpg?resize=1400%2C800&ssl=1 4x"},"classes":[]},{"id":3516,"url":"https:\/\/sarimelekler.biz\/?p=3516","url_meta":{"origin":15740,"position":5},"title":"Eda Erdem D\u00fcndar: &#8220;Tak\u0131m oyunu oynayarak ba\u015fard\u0131k&#8221;","author":"Edit\u00f6r","date":"23 Mart 2017","format":false,"excerpt":"CEV \u015eampiyonlar Ligi 6'l\u0131 Play Off turu ilk ma\u00e7\u0131 olan Eczac\u0131ba\u015f\u0131 VitrA kar\u015f\u0131s\u0131nda \u00f6zellikle bloklar\u0131yla galibiyette \u00f6nemli bir rol oynayan kaptan Eda Erdem D\u00fcndar, tak\u0131m oyunu oynayarak galibiyete ula\u015ft\u0131klar\u0131n\u0131 s\u00f6yledi. Rakipteki oyuncular \u00e7ok iyi orta oyuncular. Onlar da biz de \u00e7ok istedik. Tak\u0131m oyunu oynayarak ba\u015fard\u0131k. Her \u015feyimle tak\u0131m\u0131ma yard\u0131mc\u0131\u2026","rel":"","context":"&quot;Avrupa Kupalar\u0131&quot; i\u00e7inde","block_context":{"text":"Avrupa Kupalar\u0131","link":"https:\/\/sarimelekler.biz\/?cat=1"},"img":{"alt_text":"","src":"https:\/\/i0.wp.com\/sarimelekler.biz\/wp-content\/uploads\/2017\/03\/cats.jpg?resize=350%2C200&ssl=1","width":350,"height":200,"srcset":"https:\/\/i0.wp.com\/sarimelekler.biz\/wp-content\/uploads\/2017\/03\/cats.jpg?resize=350%2C200&ssl=1 1x, https:\/\/i0.wp.com\/sarimelekler.biz\/wp-content\/uploads\/2017\/03\/cats.jpg?resize=525%2C300&ssl=1 1.5x, https:\/\/i0.wp.com\/sarimelekler.biz\/wp-content\/uploads\/2017\/03\/cats.jpg?resize=700%2C400&ssl=1 2x, https:\/\/i0.wp.com\/sarimelekler.biz\/wp-content\/uploads\/2017\/03\/cats.jpg?resize=1050%2C600&ssl=1 3x, https:\/\/i0.wp.com\/sarimelekler.biz\/wp-content\/uploads\/2017\/03\/cats.jpg?resize=1400%2C800&ssl=1 4x"},"classes":[]}],"_links":{"self":[{"href":"https:\/\/sarimelekler.biz\/index.php?rest_route=\/wp\/v2\/posts\/15740","targetHints":{"allow":["GET"]}}],"collection":[{"href":"https:\/\/sarimelekler.biz\/index.php?rest_route=\/wp\/v2\/posts"}],"about":[{"href":"https:\/\/sarimelekler.biz\/index.php?rest_route=\/wp\/v2\/types\/post"}],"author":[{"embeddable":true,"href":"https:\/\/sarimelekler.biz\/index.php?rest_route=\/wp\/v2\/users\/1"}],"replies":[{"embeddable":true,"href":"https:\/\/sarimelekler.biz\/index.php?rest_route=%2Fwp%2Fv2%2Fcomments&post=15740"}],"version-history":[{"count":1,"href":"https:\/\/sarimelekler.biz\/index.php?rest_route=\/wp\/v2\/posts\/15740\/revisions"}],"predecessor-version":[{"id":15742,"href":"https:\/\/sarimelekler.biz\/index.php?rest_route=\/wp\/v2\/posts\/15740\/revisions\/15742"}],"wp:featuredmedia":[{"embeddable":true,"href":"https:\/\/sarimelekler.biz\/index.php?rest_route=\/wp\/v2\/media\/15741"}],"wp:attachment":[{"href":"https:\/\/sarimelekler.biz\/index.php?rest_route=%2Fwp%2Fv2%2Fmedia&parent=15740"}],"wp:term":[{"taxonomy":"category","embeddable":true,"href":"https:\/\/sarimelekler.biz\/index.php?rest_route=%2Fwp%2Fv2%2Fcategories&post=15740"},{"taxonomy":"post_tag","embeddable":true,"href":"https:\/\/sarimelekler.biz\/index.php?rest_route=%2Fwp%2Fv2%2Ftags&post=15740"}],"curies":[{"name":"wp","href":"https:\/\/api.w.org\/{rel}","templated":true}]}}