{"id":15799,"date":"2021-05-08T21:07:53","date_gmt":"2021-05-08T18:07:53","guid":{"rendered":"http:\/\/sarimelekler.biz\/?p=15799"},"modified":"2021-05-08T21:07:56","modified_gmt":"2021-05-08T18:07:56","slug":"gizem-orge-fenerbahce-opette","status":"publish","type":"post","link":"https:\/\/sarimelekler.biz\/?p=15799","title":{"rendered":"Gizem \u00d6rge Fenerbah\u00e7e Opet\u2019te"},"content":{"rendered":"<p style=\"text-align: justify;\">Kul\u00fcb\u00fcm\u00fcz resmi sitesinden yapt\u0131\u011f\u0131 a\u00e7\u0131klamada 1993 do\u011fumlu libero Gizem \u00d6rge ile anla\u015fma sa\u011fland\u0131\u011f\u0131n\u0131 duyurdu. \u00dclkemizin en iyi liberolar\u0131ndan biri olan, D\u00fcnya, Avrupa ve T\u00fcrkiye Ligi\u2019nde \u201cEn \u0130yi Libero\u201d \u00f6d\u00fcllerine sahip Gizem \u00d6rge\u2019yi tak\u0131m\u0131m\u0131za kazand\u0131ran y\u00f6netimimize te\u015fekk\u00fcr ederiz.<br \/>\nOyuncumuza Ba\u015far\u0131lar Dileriz.<\/p>\n<p style=\"text-align: justify;\"><a href=\"https:\/\/www.fenerbahce.org\/haberler\/voleybol-kadin\/2021\/5\/hos-geldin-gizem-orge\" target=\"_blank\" rel=\"noopener noreferrer\">Kul\u00fcb\u00fcm\u00fczden Yap\u0131lan A\u00e7\u0131klama:<\/a><br \/>\nFenerbah\u00e7e Opet Kad\u0131n Voleybol Tak\u0131m\u0131m\u0131z, yeni sezon yap\u0131lanmas\u0131 kapsam\u0131nda kadrosunu ba\u015far\u0131l\u0131 libero Gizem \u00d6rge ile g\u00fc\u00e7lendirdi.<br \/>\n26 Nisan 1993 Ankara do\u011fumlu olan Gizem \u00d6rge, voleybola Ankara Eczac\u0131 Voleybol Kul\u00fcb\u00fc\u2019nde ba\u015flad\u0131. 2008 y\u0131l\u0131na kadar da bu kul\u00fcpte lisansl\u0131 olarak voleybol oynay\u0131p kul\u00fcb\u00fcn 2. Lig\u2019e y\u00fckselmesinde yer alan kadroda yer ald\u0131. 2012-2013 sezonunda Nil\u00fcfer Belediyespor\u2019a transfer oldu. 2013\u2019te Vak\u0131fbank\u2019a transfer olan ba\u015far\u0131l\u0131 libero, 2021 y\u0131l\u0131na kadar bulundu\u011fu 8 sezonda bir\u00e7ok ba\u015far\u0131ya imza att\u0131.<br \/>\nVak\u0131fBank formas\u0131 alt\u0131nda 3 FIVB Kul\u00fcpler D\u00fcnya \u015eampiyonas\u0131, 2 CEV Avrupa \u015eampiyonlar Ligi, 5 T\u00fcrkiye Ligi, 3 T\u00fcrkiye Kupas\u0131, 3 T\u00fcrkiye S\u00fcper Kupas\u0131 \u015fampiyonlu\u011fu ya\u015fad\u0131.<br \/>\nK\u00fc\u00e7\u00fck ya\u015f kategorilerinden beri Milli tak\u0131mda oynayan Gizem \u00d6rge, Y\u0131ld\u0131z K\u0131z Milli Tak\u0131m\u0131&#8217;yla D\u00fcnya d\u00f6rd\u00fcnc\u00fcl\u00fc\u011f\u00fc, Gen\u00e7lik Olimpiyatlar\u0131 ve Balkan \u015fampiyonluklar\u0131 ya\u015fad\u0131. 2015 y\u0131l\u0131nda U23 D\u00fcnya \u015eampiyonas\u0131&#8217;nda ikinci olan U23 Milli Tak\u0131m\u0131&#8217;nda oynad\u0131. Ayr\u0131ca Gizem \u00d6rge, 2014 y\u0131l\u0131nda Avrupa Ligi \u015eampiyonu olan A Kad\u0131n Voleybol Milli Tak\u0131m\u0131&#8217;nda da forma giydi.<br \/>\nD\u00fcnya, Avrupa ve T\u00fcrkiye Ligi\u2019nde \u201cEn \u0130yi Libero\u201d \u00f6d\u00fcllerine sahip olan \u00d6rge\u2019ye Sar\u0131 Lacivertli ailemize ho\u015f geldin diyor, \u00e7ubuklu ile ba\u015far\u0131lar diliyoruz.<br \/>\nFenerbah\u00e7e Spor Kul\u00fcb\u00fc<\/p>\n\n\t\t<style type=\"text\/css\">\n\t\t\t#gallery-1 {\n\t\t\t\tmargin: auto;\n\t\t\t}\n\t\t\t#gallery-1 .gallery-item {\n\t\t\t\tfloat: left;\n\t\t\t\tmargin-top: 10px;\n\t\t\t\ttext-align: center;\n\t\t\t\twidth: 100%;\n\t\t\t}\n\t\t\t#gallery-1 img {\n\t\t\t\tborder: 2px solid #cfcfcf;\n\t\t\t}\n\t\t\t#gallery-1 .gallery-caption {\n\t\t\t\tmargin-left: 0;\n\t\t\t}\n\t\t\t\/* see gallery_shortcode() in wp-includes\/media.php *\/\n\t\t<\/style>\n\t\t<div data-carousel-extra='{&quot;blog_id&quot;:1,&quot;permalink&quot;:&quot;https:\/\/sarimelekler.biz\/?p=15799&quot;}' id='gallery-1' class='gallery galleryid-15799 gallery-columns-1 gallery-size-large'><dl class='gallery-item'>\n\t\t\t<dt class='gallery-icon portrait'>\n\t\t\t\t<a href='https:\/\/sarimelekler.biz\/?attachment_id=15804'><img loading=\"lazy\" decoding=\"async\" width=\"409\" height=\"620\" src=\"https:\/\/sarimelekler.biz\/wp-content\/uploads\/2021\/05\/Gizem-\u00d6rge-6.jpg\" class=\"attachment-large size-large\" alt=\"\" srcset=\"https:\/\/sarimelekler.biz\/wp-content\/uploads\/2021\/05\/Gizem-\u00d6rge-6.jpg 409w, https:\/\/sarimelekler.biz\/wp-content\/uploads\/2021\/05\/Gizem-\u00d6rge-6-198x300.jpg 198w, https:\/\/sarimelekler.biz\/wp-content\/uploads\/2021\/05\/Gizem-\u00d6rge-6-99x150.jpg 99w\" sizes=\"auto, (max-width: 409px) 100vw, 409px\" data-attachment-id=\"15804\" data-permalink=\"https:\/\/sarimelekler.biz\/?attachment_id=15804\" data-orig-file=\"https:\/\/sarimelekler.biz\/wp-content\/uploads\/2021\/05\/Gizem-\u00d6rge-6.jpg\" data-orig-size=\"409,620\" data-comments-opened=\"0\" data-image-meta=\"{&quot;aperture&quot;:&quot;0&quot;,&quot;credit&quot;:&quot;&quot;,&quot;camera&quot;:&quot;&quot;,&quot;caption&quot;:&quot;&quot;,&quot;created_timestamp&quot;:&quot;0&quot;,&quot;copyright&quot;:&quot;&quot;,&quot;focal_length&quot;:&quot;0&quot;,&quot;iso&quot;:&quot;0&quot;,&quot;shutter_speed&quot;:&quot;0&quot;,&quot;title&quot;:&quot;&quot;,&quot;orientation&quot;:&quot;0&quot;}\" data-image-title=\"Gizem \u00d6rge (6)\" data-image-description=\"\" data-image-caption=\"\" data-large-file=\"https:\/\/sarimelekler.biz\/wp-content\/uploads\/2021\/05\/Gizem-\u00d6rge-6.jpg\" \/><\/a>\n\t\t\t<\/dt><\/dl><br style=\"clear: both\" \/><dl class='gallery-item'>\n\t\t\t<dt class='gallery-icon portrait'>\n\t\t\t\t<a href='https:\/\/sarimelekler.biz\/?attachment_id=15800'><img loading=\"lazy\" decoding=\"async\" width=\"300\" height=\"450\" src=\"https:\/\/sarimelekler.biz\/wp-content\/uploads\/2021\/05\/Gizem-\u00d6rge-1.jpg\" class=\"attachment-large size-large\" alt=\"\" srcset=\"https:\/\/sarimelekler.biz\/wp-content\/uploads\/2021\/05\/Gizem-\u00d6rge-1.jpg 300w, https:\/\/sarimelekler.biz\/wp-content\/uploads\/2021\/05\/Gizem-\u00d6rge-1-200x300.jpg 200w, https:\/\/sarimelekler.biz\/wp-content\/uploads\/2021\/05\/Gizem-\u00d6rge-1-100x150.jpg 100w\" sizes=\"auto, (max-width: 300px) 100vw, 300px\" data-attachment-id=\"15800\" data-permalink=\"https:\/\/sarimelekler.biz\/?attachment_id=15800\" data-orig-file=\"https:\/\/sarimelekler.biz\/wp-content\/uploads\/2021\/05\/Gizem-\u00d6rge-1.jpg\" data-orig-size=\"300,450\" data-comments-opened=\"0\" data-image-meta=\"{&quot;aperture&quot;:&quot;0&quot;,&quot;credit&quot;:&quot;&quot;,&quot;camera&quot;:&quot;&quot;,&quot;caption&quot;:&quot;&quot;,&quot;created_timestamp&quot;:&quot;0&quot;,&quot;copyright&quot;:&quot;&quot;,&quot;focal_length&quot;:&quot;0&quot;,&quot;iso&quot;:&quot;0&quot;,&quot;shutter_speed&quot;:&quot;0&quot;,&quot;title&quot;:&quot;&quot;,&quot;orientation&quot;:&quot;0&quot;}\" data-image-title=\"Gizem \u00d6rge (1)\" data-image-description=\"\" data-image-caption=\"\" data-large-file=\"https:\/\/sarimelekler.biz\/wp-content\/uploads\/2021\/05\/Gizem-\u00d6rge-1.jpg\" \/><\/a>\n\t\t\t<\/dt><\/dl><br style=\"clear: both\" \/><dl class='gallery-item'>\n\t\t\t<dt class='gallery-icon portrait'>\n\t\t\t\t<a href='https:\/\/sarimelekler.biz\/?attachment_id=15803'><img loading=\"lazy\" decoding=\"async\" width=\"337\" height=\"505\" src=\"https:\/\/sarimelekler.biz\/wp-content\/uploads\/2021\/05\/Gizem-\u00d6rge-5.jpg\" class=\"attachment-large size-large\" alt=\"\" srcset=\"https:\/\/sarimelekler.biz\/wp-content\/uploads\/2021\/05\/Gizem-\u00d6rge-5.jpg 337w, https:\/\/sarimelekler.biz\/wp-content\/uploads\/2021\/05\/Gizem-\u00d6rge-5-200x300.jpg 200w, https:\/\/sarimelekler.biz\/wp-content\/uploads\/2021\/05\/Gizem-\u00d6rge-5-100x150.jpg 100w\" sizes=\"auto, (max-width: 337px) 100vw, 337px\" data-attachment-id=\"15803\" data-permalink=\"https:\/\/sarimelekler.biz\/?attachment_id=15803\" data-orig-file=\"https:\/\/sarimelekler.biz\/wp-content\/uploads\/2021\/05\/Gizem-\u00d6rge-5.jpg\" data-orig-size=\"337,505\" data-comments-opened=\"0\" data-image-meta=\"{&quot;aperture&quot;:&quot;0&quot;,&quot;credit&quot;:&quot;&quot;,&quot;camera&quot;:&quot;&quot;,&quot;caption&quot;:&quot;&quot;,&quot;created_timestamp&quot;:&quot;0&quot;,&quot;copyright&quot;:&quot;&quot;,&quot;focal_length&quot;:&quot;0&quot;,&quot;iso&quot;:&quot;0&quot;,&quot;shutter_speed&quot;:&quot;0&quot;,&quot;title&quot;:&quot;&quot;,&quot;orientation&quot;:&quot;0&quot;}\" data-image-title=\"Gizem \u00d6rge (5)\" data-image-description=\"\" data-image-caption=\"\" data-large-file=\"https:\/\/sarimelekler.biz\/wp-content\/uploads\/2021\/05\/Gizem-\u00d6rge-5.jpg\" \/><\/a>\n\t\t\t<\/dt><\/dl><br style=\"clear: both\" \/><dl class='gallery-item'>\n\t\t\t<dt class='gallery-icon landscape'>\n\t\t\t\t<a href='https:\/\/sarimelekler.biz\/?attachment_id=15801'><img loading=\"lazy\" decoding=\"async\" width=\"660\" height=\"350\" src=\"https:\/\/sarimelekler.biz\/wp-content\/uploads\/2021\/05\/Gizem-\u00d6rge-2.jpg\" class=\"attachment-large size-large\" alt=\"\" srcset=\"https:\/\/sarimelekler.biz\/wp-content\/uploads\/2021\/05\/Gizem-\u00d6rge-2.jpg 660w, https:\/\/sarimelekler.biz\/wp-content\/uploads\/2021\/05\/Gizem-\u00d6rge-2-300x159.jpg 300w, https:\/\/sarimelekler.biz\/wp-content\/uploads\/2021\/05\/Gizem-\u00d6rge-2-150x80.jpg 150w\" sizes=\"auto, (max-width: 660px) 100vw, 660px\" data-attachment-id=\"15801\" data-permalink=\"https:\/\/sarimelekler.biz\/?attachment_id=15801\" data-orig-file=\"https:\/\/sarimelekler.biz\/wp-content\/uploads\/2021\/05\/Gizem-\u00d6rge-2.jpg\" data-orig-size=\"660,350\" data-comments-opened=\"0\" data-image-meta=\"{&quot;aperture&quot;:&quot;0&quot;,&quot;credit&quot;:&quot;&quot;,&quot;camera&quot;:&quot;&quot;,&quot;caption&quot;:&quot;&quot;,&quot;created_timestamp&quot;:&quot;0&quot;,&quot;copyright&quot;:&quot;&quot;,&quot;focal_length&quot;:&quot;0&quot;,&quot;iso&quot;:&quot;0&quot;,&quot;shutter_speed&quot;:&quot;0&quot;,&quot;title&quot;:&quot;&quot;,&quot;orientation&quot;:&quot;0&quot;}\" data-image-title=\"Gizem \u00d6rge (2)\" data-image-description=\"\" data-image-caption=\"\" data-large-file=\"https:\/\/sarimelekler.biz\/wp-content\/uploads\/2021\/05\/Gizem-\u00d6rge-2.jpg\" \/><\/a>\n\t\t\t<\/dt><\/dl><br style=\"clear: both\" \/><dl class='gallery-item'>\n\t\t\t<dt class='gallery-icon portrait'>\n\t\t\t\t<a href='https:\/\/sarimelekler.biz\/?attachment_id=15802'><img loading=\"lazy\" decoding=\"async\" width=\"399\" height=\"600\" src=\"https:\/\/sarimelekler.biz\/wp-content\/uploads\/2021\/05\/Gizem-\u00d6rge-3.jpg\" class=\"attachment-large size-large\" alt=\"\" srcset=\"https:\/\/sarimelekler.biz\/wp-content\/uploads\/2021\/05\/Gizem-\u00d6rge-3.jpg 399w, https:\/\/sarimelekler.biz\/wp-content\/uploads\/2021\/05\/Gizem-\u00d6rge-3-200x300.jpg 200w, https:\/\/sarimelekler.biz\/wp-content\/uploads\/2021\/05\/Gizem-\u00d6rge-3-100x150.jpg 100w\" sizes=\"auto, (max-width: 399px) 100vw, 399px\" data-attachment-id=\"15802\" data-permalink=\"https:\/\/sarimelekler.biz\/?attachment_id=15802\" data-orig-file=\"https:\/\/sarimelekler.biz\/wp-content\/uploads\/2021\/05\/Gizem-\u00d6rge-3.jpg\" data-orig-size=\"399,600\" data-comments-opened=\"0\" data-image-meta=\"{&quot;aperture&quot;:&quot;0&quot;,&quot;credit&quot;:&quot;&quot;,&quot;camera&quot;:&quot;&quot;,&quot;caption&quot;:&quot;&quot;,&quot;created_timestamp&quot;:&quot;0&quot;,&quot;copyright&quot;:&quot;&quot;,&quot;focal_length&quot;:&quot;0&quot;,&quot;iso&quot;:&quot;0&quot;,&quot;shutter_speed&quot;:&quot;0&quot;,&quot;title&quot;:&quot;&quot;,&quot;orientation&quot;:&quot;0&quot;}\" data-image-title=\"Gizem \u00d6rge (3)\" data-image-description=\"\" data-image-caption=\"\" data-large-file=\"https:\/\/sarimelekler.biz\/wp-content\/uploads\/2021\/05\/Gizem-\u00d6rge-3.jpg\" \/><\/a>\n\t\t\t<\/dt><\/dl><br style=\"clear: both\" \/>\n\t\t<\/div>\n\n<p style=\"text-align: right;\">08.05.2021<\/p>\n","protected":false},"excerpt":{"rendered":"<p>Kul\u00fcb\u00fcm\u00fcz resmi sitesinden yapt\u0131\u011f\u0131 a\u00e7\u0131klamada 1993 do\u011fumlu libero Gizem \u00d6rge \u2026 <a class=\"continue-reading-link\" href=\"https:\/\/sarimelekler.biz\/?p=15799\">Okumaya Devam Et.. <span class=\"meta-nav\">&rarr; <\/span><\/a><\/p>\n","protected":false},"author":1,"featured_media":15805,"comment_status":"closed","ping_status":"open","sticky":false,"template":"","format":"standard","meta":{"jetpack_post_was_ever_published":false,"_jetpack_newsletter_access":"","_jetpack_dont_email_post_to_subs":false,"_jetpack_newsletter_tier_id":0,"_jetpack_memberships_contains_paywalled_content":false,"_jetpack_memberships_contains_paid_content":false,"footnotes":"","jetpack_publicize_message":"","jetpack_publicize_feature_enabled":true,"jetpack_social_post_already_shared":true,"jetpack_social_options":{"image_generator_settings":{"template":"highway","default_image_id":0,"font":"","enabled":false},"version":2}},"categories":[23],"tags":[],"class_list":["post-15799","post","type-post","status-publish","format-standard","has-post-thumbnail","hentry","category-transfer-haberleri"],"jetpack_publicize_connections":[],"jetpack_featured_media_url":"https:\/\/sarimelekler.biz\/wp-content\/uploads\/2021\/05\/Gizem-\u00d6rge-Kapak.jpg","jetpack_sharing_enabled":true,"jetpack_shortlink":"https:\/\/wp.me\/p8npUZ-46P","jetpack-related-posts":[{"id":16005,"url":"https:\/\/sarimelekler.biz\/?p=16005","url_meta":{"origin":15799,"position":0},"title":"Gizem \u00d6rge: Fenerbah\u00e7e\u2019de Olmak \u00c7ok Heyecan Verici","author":"Edit\u00f6r","date":"19 A\u011fustos 2021","format":false,"excerpt":"Fenerbah\u00e7e Opet Kad\u0131n Voleybol Tak\u0131m\u0131m\u0131z\u0131n yeni transferlerinden Gizem \u00d6rge, Fenerbah\u00e7e Spor Kul\u00fcb\u00fcm\u00fcz resmi internet sitesine a\u00e7\u0131klamalarda bulundu. R\u00f6portaj\u0131n Tamam\u0131: Yeni sezon haz\u0131rl\u0131klar\u0131 kapsam\u0131nda Fenerbah\u00e7e Serkan Acar Resort & Sports Topuk Yaylas\u0131 Tesislerimizde kampa giren Fenerbah\u00e7e Opet Kad\u0131n Voleybol Tak\u0131m\u0131m\u0131zda yeni transferimiz ba\u015far\u0131l\u0131 libero Gizem \u00d6rge, resmi internet sitemize a\u00e7\u0131klamalarda bulundu.\u2026","rel":"","context":"&quot;Resmi Site R\u00f6portajlar\u0131&quot; i\u00e7inde","block_context":{"text":"Resmi Site R\u00f6portajlar\u0131","link":"https:\/\/sarimelekler.biz\/?cat=17"},"img":{"alt_text":"","src":"https:\/\/i0.wp.com\/sarimelekler.biz\/wp-content\/uploads\/2021\/08\/Gizem-Orge.jpeg?resize=350%2C200&ssl=1","width":350,"height":200,"srcset":"https:\/\/i0.wp.com\/sarimelekler.biz\/wp-content\/uploads\/2021\/08\/Gizem-Orge.jpeg?resize=350%2C200&ssl=1 1x, https:\/\/i0.wp.com\/sarimelekler.biz\/wp-content\/uploads\/2021\/08\/Gizem-Orge.jpeg?resize=525%2C300&ssl=1 1.5x, https:\/\/i0.wp.com\/sarimelekler.biz\/wp-content\/uploads\/2021\/08\/Gizem-Orge.jpeg?resize=700%2C400&ssl=1 2x, https:\/\/i0.wp.com\/sarimelekler.biz\/wp-content\/uploads\/2021\/08\/Gizem-Orge.jpeg?resize=1050%2C600&ssl=1 3x, https:\/\/i0.wp.com\/sarimelekler.biz\/wp-content\/uploads\/2021\/08\/Gizem-Orge.jpeg?resize=1400%2C800&ssl=1 4x"},"classes":[]},{"id":15815,"url":"https:\/\/sarimelekler.biz\/?p=15815","url_meta":{"origin":15799,"position":1},"title":"Gen\u00e7 Y\u0131ld\u0131z Arina Fedorovtseva Fenerbah\u00e7e Opet\u2019te","author":"Edit\u00f6r","date":"24 May\u0131s 2021","format":false,"excerpt":"Kul\u00fcb\u00fcm\u00fcz resmi sitesinden yapt\u0131\u011f\u0131 a\u00e7\u0131klamada 2004 do\u011fumlu Rus sma\u00e7\u00f6r Arina Fedorovtseva ile anla\u015fma sa\u011fland\u0131\u011f\u0131n\u0131 duyurdu. 17 ya\u015f\u0131ndaki Arina Fedorovtseva, 2021-2022 sezonu i\u00e7in Meliha \u0130smailo\u011flu, Gizem \u00d6rge, Anna Lazareva Tutku Burcu Y\u00fczgen\u00e7, Buse \u00dcnal ve Mina Popovic\u2019ten sonra tak\u0131m\u0131m\u0131z\u0131n yedinci transferi oldu. Oyuncumuza Ba\u015far\u0131lar Dileriz. Kul\u00fcb\u00fcm\u00fczden Yap\u0131lan A\u00e7\u0131klama: Fenerbah\u00e7e Opet Kad\u0131n\u2026","rel":"","context":"&quot;Transfer Haberleri&quot; i\u00e7inde","block_context":{"text":"Transfer Haberleri","link":"https:\/\/sarimelekler.biz\/?cat=23"},"img":{"alt_text":"","src":"https:\/\/i0.wp.com\/sarimelekler.biz\/wp-content\/uploads\/2021\/05\/Arina-3.jpg?resize=350%2C200&ssl=1","width":350,"height":200,"srcset":"https:\/\/i0.wp.com\/sarimelekler.biz\/wp-content\/uploads\/2021\/05\/Arina-3.jpg?resize=350%2C200&ssl=1 1x, https:\/\/i0.wp.com\/sarimelekler.biz\/wp-content\/uploads\/2021\/05\/Arina-3.jpg?resize=525%2C300&ssl=1 1.5x, https:\/\/i0.wp.com\/sarimelekler.biz\/wp-content\/uploads\/2021\/05\/Arina-3.jpg?resize=700%2C400&ssl=1 2x, https:\/\/i0.wp.com\/sarimelekler.biz\/wp-content\/uploads\/2021\/05\/Arina-3.jpg?resize=1050%2C600&ssl=1 3x"},"classes":[]},{"id":16013,"url":"https:\/\/sarimelekler.biz\/?p=16013","url_meta":{"origin":15799,"position":2},"title":"Gizem \u00d6rge Sma\u00e7\u00f6r Program\u0131na Konuk Oldu","author":"Edit\u00f6r","date":"23 A\u011fustos 2021","format":false,"excerpt":"Yeni Sezon \u00e7al\u0131\u015fmalar\u0131n\u0131 Topuk Yaylas\u0131nda s\u00fcrd\u00fcren Fenerbah\u00e7e Opet Kad\u0131n Voleybol tak\u0131m\u0131m\u0131z\u0131n libero oyuncusu Gizem \u00d6rge Fenerbah\u00e7e Televizyonunda yay\u0131nlanan Sma\u00e7\u00f6r program\u0131na konuk oldu. \u00a0 \u00a0 \u00a0 \u00a0 \u00a0 \u00a0 Bu g\u00f6nderiyi Instagram'da g\u00f6r \u00a0 \u00a0 \u00a0 \u00a0 \u00a0 \u00a0 \u00a0 \u00a0 \u00a0 \u00a0 \u00a0 Sar\u0131 Melekler (@sari_melekler)'in payla\u015ft\u0131\u011f\u0131 bir g\u00f6nderi Kaynak:\u2026","rel":"","context":"&quot;Video Programlar&quot; i\u00e7inde","block_context":{"text":"Video Programlar","link":"https:\/\/sarimelekler.biz\/?cat=22"},"img":{"alt_text":"","src":"https:\/\/i0.wp.com\/sarimelekler.biz\/wp-content\/uploads\/2021\/08\/Gizem-Smacor.jpg?resize=350%2C200&ssl=1","width":350,"height":200,"srcset":"https:\/\/i0.wp.com\/sarimelekler.biz\/wp-content\/uploads\/2021\/08\/Gizem-Smacor.jpg?resize=350%2C200&ssl=1 1x, https:\/\/i0.wp.com\/sarimelekler.biz\/wp-content\/uploads\/2021\/08\/Gizem-Smacor.jpg?resize=525%2C300&ssl=1 1.5x, https:\/\/i0.wp.com\/sarimelekler.biz\/wp-content\/uploads\/2021\/08\/Gizem-Smacor.jpg?resize=700%2C400&ssl=1 2x, https:\/\/i0.wp.com\/sarimelekler.biz\/wp-content\/uploads\/2021\/08\/Gizem-Smacor.jpg?resize=1050%2C600&ssl=1 3x, https:\/\/i0.wp.com\/sarimelekler.biz\/wp-content\/uploads\/2021\/08\/Gizem-Smacor.jpg?resize=1400%2C800&ssl=1 4x"},"classes":[]},{"id":15840,"url":"https:\/\/sarimelekler.biz\/?p=15840","url_meta":{"origin":15799,"position":3},"title":"Gen\u00e7 Y\u0131ld\u0131z &#8220;Ana Cristina De Souza&#8221; Fenerbah\u00e7e Opet\u2019te","author":"Edit\u00f6r","date":"3 Haziran 2021","format":false,"excerpt":"Kul\u00fcb\u00fcm\u00fcz resmi sitesinden yapt\u0131\u011f\u0131 a\u00e7\u0131klamada 2004 do\u011fumlu Brezilyal\u0131 sma\u00e7\u00f6r Ana Cristina De Souza ile anla\u015fma sa\u011fland\u0131\u011f\u0131n\u0131 duyurdu. 17 ya\u015f\u0131ndaki Ana Cristina De Souza 2021-2022 sezonu i\u00e7in Arina Fedorovtseva, Meliha \u0130smailo\u011flu, Gizem \u00d6rge, Anna Lazareva, Tutku Burcu Y\u00fczgen\u00e7, Buse \u00dcnal ve Mina Popovic\u2019ten sonra tak\u0131m\u0131m\u0131z\u0131n sekizinci transferi oldu. Oyuncumuza Ba\u015far\u0131lar Dileriz.\u2026","rel":"","context":"&quot;Transfer Haberleri&quot; i\u00e7inde","block_context":{"text":"Transfer Haberleri","link":"https:\/\/sarimelekler.biz\/?cat=23"},"img":{"alt_text":"","src":"https:\/\/i0.wp.com\/sarimelekler.biz\/wp-content\/uploads\/2021\/06\/Ana-Cristina-1.jpg?resize=350%2C200&ssl=1","width":350,"height":200,"srcset":"https:\/\/i0.wp.com\/sarimelekler.biz\/wp-content\/uploads\/2021\/06\/Ana-Cristina-1.jpg?resize=350%2C200&ssl=1 1x, https:\/\/i0.wp.com\/sarimelekler.biz\/wp-content\/uploads\/2021\/06\/Ana-Cristina-1.jpg?resize=525%2C300&ssl=1 1.5x, https:\/\/i0.wp.com\/sarimelekler.biz\/wp-content\/uploads\/2021\/06\/Ana-Cristina-1.jpg?resize=700%2C400&ssl=1 2x, https:\/\/i0.wp.com\/sarimelekler.biz\/wp-content\/uploads\/2021\/06\/Ana-Cristina-1.jpg?resize=1050%2C600&ssl=1 3x"},"classes":[]},{"id":15808,"url":"https:\/\/sarimelekler.biz\/?p=15808","url_meta":{"origin":15799,"position":4},"title":"Gizem \u00d6rge\u2019den Taraftar\u0131m\u0131za Ho\u015f Bulduk Mesaj\u0131","author":"Edit\u00f6r","date":"10 May\u0131s 2021","format":false,"excerpt":"Ge\u00e7ti\u011fimiz g\u00fcnlerde Fenerbah\u00e7e Opet tak\u0131m\u0131m\u0131za transfer olan \u00fclkemizin en iyi liberolar\u0131ndan biri olan yeni Sar\u0131 Mele\u011fimiz Gizem \u00d6rge instagram hesab\u0131ndan Fenerbah\u00e7e ti\u015f\u00f6rt\u00fcn\u00fc giyerek taraftar\u0131m\u0131z\u0131 selamlad\u0131. Gizem hesab\u0131ndan: B\u00f6yle b\u00fcy\u00fck bir camia da b\u00f6ylesine g\u00fczel kar\u015f\u0131lanmak.. Biliyorum \u00e7ok beklediniz bu haberi \ud83d\ude0c Sevincime ortak olan iyi dileklerini, d\u00fc\u015f\u00fcncelerini benimle payla\u015fan herkese\u2026","rel":"","context":"&quot;Haberler&quot; i\u00e7inde","block_context":{"text":"Haberler","link":"https:\/\/sarimelekler.biz\/?cat=7"},"img":{"alt_text":"","src":"https:\/\/i0.wp.com\/sarimelekler.biz\/wp-content\/uploads\/2021\/05\/Gizem-Kapak.jpg?resize=350%2C200&ssl=1","width":350,"height":200,"srcset":"https:\/\/i0.wp.com\/sarimelekler.biz\/wp-content\/uploads\/2021\/05\/Gizem-Kapak.jpg?resize=350%2C200&ssl=1 1x, https:\/\/i0.wp.com\/sarimelekler.biz\/wp-content\/uploads\/2021\/05\/Gizem-Kapak.jpg?resize=525%2C300&ssl=1 1.5x, https:\/\/i0.wp.com\/sarimelekler.biz\/wp-content\/uploads\/2021\/05\/Gizem-Kapak.jpg?resize=700%2C400&ssl=1 2x"},"classes":[]},{"id":19497,"url":"https:\/\/sarimelekler.biz\/?p=19497","url_meta":{"origin":15799,"position":5},"title":"\u015eampiyon Sar\u0131 Melekler Kupas\u0131n\u0131 Ald\u0131","author":"Edit\u00f6r","date":"11 May\u0131s 2023","format":false,"excerpt":"2022 \u2013 2023 Sezonu misli.com Sultanlar Ligi Final serisinde Eczac\u0131ba\u015f\u0131 Dynavit tak\u0131m\u0131n\u0131 toplamda 3-0 yenerek \u015eampiyon olan Fenerbah\u00e7e Opet Kad\u0131n Voleybol tak\u0131m\u0131m\u0131z ma\u00e7 sonras\u0131 d\u00fczenlenen seremonide kupas\u0131n\u0131 ald\u0131. Ma\u00e7 sonu ayr\u0131ca bireysel \u00f6d\u00fcllerde oyuncular\u0131m\u0131za taktim edildi. Cumhuriyetimizin 100. y\u0131l\u0131nda S\u00fcper Kupa \u015eampiyonlu\u011fu ve Lig \u015eampiyonlu\u011fu kazanarak sezonu iki kupa ile\u2026","rel":"","context":"&quot;T\u00fcrkiye Ligi&quot; i\u00e7inde","block_context":{"text":"T\u00fcrkiye Ligi","link":"https:\/\/sarimelekler.biz\/?cat=6"},"img":{"alt_text":"","src":"https:\/\/i0.wp.com\/sarimelekler.biz\/wp-content\/uploads\/2023\/05\/22-23-Lig-Sampiyonlugu-50-scaled.jpg?resize=350%2C200&ssl=1","width":350,"height":200,"srcset":"https:\/\/i0.wp.com\/sarimelekler.biz\/wp-content\/uploads\/2023\/05\/22-23-Lig-Sampiyonlugu-50-scaled.jpg?resize=350%2C200&ssl=1 1x, https:\/\/i0.wp.com\/sarimelekler.biz\/wp-content\/uploads\/2023\/05\/22-23-Lig-Sampiyonlugu-50-scaled.jpg?resize=525%2C300&ssl=1 1.5x, https:\/\/i0.wp.com\/sarimelekler.biz\/wp-content\/uploads\/2023\/05\/22-23-Lig-Sampiyonlugu-50-scaled.jpg?resize=700%2C400&ssl=1 2x, https:\/\/i0.wp.com\/sarimelekler.biz\/wp-content\/uploads\/2023\/05\/22-23-Lig-Sampiyonlugu-50-scaled.jpg?resize=1050%2C600&ssl=1 3x, https:\/\/i0.wp.com\/sarimelekler.biz\/wp-content\/uploads\/2023\/05\/22-23-Lig-Sampiyonlugu-50-scaled.jpg?resize=1400%2C800&ssl=1 4x"},"classes":[]}],"_links":{"self":[{"href":"https:\/\/sarimelekler.biz\/index.php?rest_route=\/wp\/v2\/posts\/15799","targetHints":{"allow":["GET"]}}],"collection":[{"href":"https:\/\/sarimelekler.biz\/index.php?rest_route=\/wp\/v2\/posts"}],"about":[{"href":"https:\/\/sarimelekler.biz\/index.php?rest_route=\/wp\/v2\/types\/post"}],"author":[{"embeddable":true,"href":"https:\/\/sarimelekler.biz\/index.php?rest_route=\/wp\/v2\/users\/1"}],"replies":[{"embeddable":true,"href":"https:\/\/sarimelekler.biz\/index.php?rest_route=%2Fwp%2Fv2%2Fcomments&post=15799"}],"version-history":[{"count":2,"href":"https:\/\/sarimelekler.biz\/index.php?rest_route=\/wp\/v2\/posts\/15799\/revisions"}],"predecessor-version":[{"id":15807,"href":"https:\/\/sarimelekler.biz\/index.php?rest_route=\/wp\/v2\/posts\/15799\/revisions\/15807"}],"wp:featuredmedia":[{"embeddable":true,"href":"https:\/\/sarimelekler.biz\/index.php?rest_route=\/wp\/v2\/media\/15805"}],"wp:attachment":[{"href":"https:\/\/sarimelekler.biz\/index.php?rest_route=%2Fwp%2Fv2%2Fmedia&parent=15799"}],"wp:term":[{"taxonomy":"category","embeddable":true,"href":"https:\/\/sarimelekler.biz\/index.php?rest_route=%2Fwp%2Fv2%2Fcategories&post=15799"},{"taxonomy":"post_tag","embeddable":true,"href":"https:\/\/sarimelekler.biz\/index.php?rest_route=%2Fwp%2Fv2%2Ftags&post=15799"}],"curies":[{"name":"wp","href":"https:\/\/api.w.org\/{rel}","templated":true}]}}