{"id":15813,"date":"2021-05-11T18:28:49","date_gmt":"2021-05-11T15:28:49","guid":{"rendered":"http:\/\/sarimelekler.biz\/?p=15813"},"modified":"2021-05-11T18:28:52","modified_gmt":"2021-05-11T15:28:52","slug":"evin-kizi-evine-geri-dondu-hos-geldin-meliha-ismailoglu","status":"publish","type":"post","link":"https:\/\/sarimelekler.biz\/?p=15813","title":{"rendered":"Evin K\u0131z\u0131, Evine Geri D\u00f6nd\u00fc: Ho\u015f Geldin Meliha \u0130smailo\u011flu"},"content":{"rendered":"<p style=\"text-align: justify;\">Kul\u00fcb\u00fcm\u00fcz resmi sitesinden yapt\u0131\u011f\u0131 a\u00e7\u0131klamada 2014-2017 y\u0131llar\u0131 aras\u0131nda \u00e7ubuklu formam\u0131z\u0131 terleten, tak\u0131m\u0131m\u0131z\u0131n son kazand\u0131\u011f\u0131 \u015fampiyonlukta eme\u011fi bulunan 1993 do\u011fumlu sma\u00e7\u00f6r Meliha \u0130smailo\u011flu ile anla\u015fma sa\u011fland\u0131\u011f\u0131n\u0131 duyurdu. B\u00f6ylesine \u00f6nemli bir transferi ger\u00e7ekle\u015ftiren y\u00f6netimimize te\u015fekk\u00fcr ederiz.<br \/>\nOyuncumuza Ba\u015far\u0131lar Dileriz.<\/p>\n<p style=\"text-align: justify;\"><a href=\"https:\/\/www.fenerbahce.org\/haberler\/voleybol-kadin\/2021\/5\/yeniden-hos-geldin-meliha-ismailoglu\" target=\"_blank\" rel=\"noopener noreferrer\">Kul\u00fcb\u00fcm\u00fczden Yap\u0131lan A\u00e7\u0131klama:<\/a><\/p>\n<p style=\"text-align: justify;\">Fenerbah\u00e7e Opet Kad\u0131n Voleybol Tak\u0131m\u0131m\u0131z, yeni sezon yap\u0131lanmas\u0131 kapsam\u0131nda kadrosunu ba\u015far\u0131l\u0131 sma\u00e7\u00f6r Meliha \u0130smailo\u011flu ile g\u00fc\u00e7lendirdi.<br \/>\nMilli voleybolcumuz Meliha \u0130smailo\u011flu, 17 Eyl\u00fcl 1993 y\u0131l\u0131nda Bosna Hersek\u2019te basketbolcu bir baban\u0131n k\u0131z\u0131 olarak d\u00fcnyaya g\u00f6zlerini a\u00e7t\u0131. K\u00fc\u00e7\u00fck ya\u015fta basketbol ile ba\u015flayan spor hayat\u0131, voleybol ile devam etti. 8 ya\u015f\u0131nda Kula Gradacac altyap\u0131s\u0131nda voleybola ba\u015flayan Meliha, 2011 y\u0131l\u0131nda Ankara \u0130lbank tak\u0131m\u0131na transfer oldu. 3 sezon \u0130lbank\u2019ta g\u00f6rev alan ba\u015far\u0131l\u0131 sma\u00e7\u00f6r, 2014 y\u0131l\u0131nda Tak\u0131m\u0131m\u0131za kat\u0131ld\u0131.<br \/>\nKul\u00fcb\u00fcm\u00fcz\u00fcn 2014-2017 y\u0131llar\u0131 aras\u0131 ba\u015far\u0131lar\u0131nda imzas\u0131 bulunan Meliha \u0130smailo\u011flu, sonras\u0131nda g\u00f6rev ald\u0131\u011f\u0131 Eczac\u0131ba\u015f\u0131 ve Vak\u0131fbank\u2019ta da ba\u015far\u0131l\u0131 performans\u0131n\u0131 g\u00f6zler \u00f6n\u00fcne serdi. A Milli Kad\u0131n Voleybol Tak\u0131m\u0131m\u0131zda Ay-y\u0131ld\u0131zl\u0131 formam\u0131z\u0131 da terleten \u0130smailo\u011flu, 2019 CEV Avrupa \u015eampiyonas\u0131 ikincili\u011fi ve 2020 CEV Tokyo Olimpiyat Elemeleri \u015eampiyonlu\u011fu\u2019nda \u00f6nemli rol sahibi oldu.<br \/>\nBa\u015far\u0131l\u0131 sma\u00e7\u00f6r Meliha \u0130smailo\u011flu\u2019nun 2014-2017 y\u0131llar\u0131 aras\u0131nda Fenerbah\u00e7e formas\u0131 ile elde etti\u011fi ba\u015far\u0131lar \u015fu \u015fekilde:<\/p>\n<p style=\"text-align: justify;\">\u2022 2016-2017 Sultanlar Ligi \u015eampiyonlu\u011fu<br \/>\n\u2022 2015-2016 CEV Kad\u0131nlar \u015eampiyonlar Ligi \u00dc\u00e7\u00fcnc\u00fcl\u00fc\u011f\u00fc<br \/>\n\u2022 2015-2016 T\u00fcrkiye S\u00fcper Kupa \u015eampiyonlu\u011fu<br \/>\n\u2022 2015-2016 Sultanlar Ligi \u0130kincili\u011fi<br \/>\n\u2022 2014-2015 T\u00fcrkiye Kupas\u0131 \u015eampiyonlu\u011fu<br \/>\n\u2022 2014-2015 Sultanlar Ligi \u015eampiyonlu\u011fu<br \/>\n\u2022 2014-2015 T\u00fcrkiye S\u00fcper Kupa \u0130kincili\u011fi<\/p>\n<p style=\"text-align: justify;\">Meliha \u0130smailo\u011flu\u2019na Sar\u0131 Lacivertli ailemize yeniden ho\u015f geldin diyor, \u00e7ubuklu ile ba\u015far\u0131lar diliyoruz.<br \/>\nFenerbah\u00e7e Spor Kul\u00fcb\u00fc<\/p>\n\n\t\t<style type=\"text\/css\">\n\t\t\t#gallery-1 {\n\t\t\t\tmargin: auto;\n\t\t\t}\n\t\t\t#gallery-1 .gallery-item {\n\t\t\t\tfloat: left;\n\t\t\t\tmargin-top: 10px;\n\t\t\t\ttext-align: center;\n\t\t\t\twidth: 100%;\n\t\t\t}\n\t\t\t#gallery-1 img {\n\t\t\t\tborder: 2px solid #cfcfcf;\n\t\t\t}\n\t\t\t#gallery-1 .gallery-caption {\n\t\t\t\tmargin-left: 0;\n\t\t\t}\n\t\t\t\/* see gallery_shortcode() in wp-includes\/media.php *\/\n\t\t<\/style>\n\t\t<div data-carousel-extra='{&quot;blog_id&quot;:1,&quot;permalink&quot;:&quot;https:\/\/sarimelekler.biz\/?p=15813&quot;}' id='gallery-1' class='gallery galleryid-15813 gallery-columns-1 gallery-size-large'><dl class='gallery-item'>\n\t\t\t<dt class='gallery-icon portrait'>\n\t\t\t\t<a href='https:\/\/sarimelekler.biz\/?attachment_id=2247'><img loading=\"lazy\" decoding=\"async\" width=\"658\" height=\"1024\" src=\"https:\/\/sarimelekler.biz\/wp-content\/uploads\/2017\/02\/9-Meliha-\u0130smailo\u011flu-2-658x1024.jpg\" class=\"attachment-large size-large\" alt=\"\" aria-describedby=\"gallery-1-2247\" srcset=\"https:\/\/sarimelekler.biz\/wp-content\/uploads\/2017\/02\/9-Meliha-\u0130smailo\u011flu-2-658x1024.jpg 658w, https:\/\/sarimelekler.biz\/wp-content\/uploads\/2017\/02\/9-Meliha-\u0130smailo\u011flu-2-193x300.jpg 193w, https:\/\/sarimelekler.biz\/wp-content\/uploads\/2017\/02\/9-Meliha-\u0130smailo\u011flu-2-768x1195.jpg 768w, https:\/\/sarimelekler.biz\/wp-content\/uploads\/2017\/02\/9-Meliha-\u0130smailo\u011flu-2-96x150.jpg 96w, https:\/\/sarimelekler.biz\/wp-content\/uploads\/2017\/02\/9-Meliha-\u0130smailo\u011flu-2.jpg 1800w\" sizes=\"auto, (max-width: 658px) 100vw, 658px\" data-attachment-id=\"2247\" data-permalink=\"https:\/\/sarimelekler.biz\/?attachment_id=2247\" data-orig-file=\"https:\/\/sarimelekler.biz\/wp-content\/uploads\/2017\/02\/9-Meliha-\u0130smailo\u011flu-2.jpg\" data-orig-size=\"1800,2800\" data-comments-opened=\"0\" data-image-meta=\"{&quot;aperture&quot;:&quot;2.8&quot;,&quot;credit&quot;:&quot;&quot;,&quot;camera&quot;:&quot;Canon EOS-1D Mark IV&quot;,&quot;caption&quot;:&quot;&quot;,&quot;created_timestamp&quot;:&quot;1476808790&quot;,&quot;copyright&quot;:&quot;&quot;,&quot;focal_length&quot;:&quot;70&quot;,&quot;iso&quot;:&quot;500&quot;,&quot;shutter_speed&quot;:&quot;0.005&quot;,&quot;title&quot;:&quot;&quot;,&quot;orientation&quot;:&quot;1&quot;}\" data-image-title=\"9 &amp;#8211; Meliha \u0130smailo\u011flu\" data-image-description=\"&lt;p&gt;Oyuncunun ad\u0131: &lt;strong&gt;Meliha \u0130smailo\u011flu&lt;\/strong&gt;&lt;br \/&gt;\nDo\u011fum tarihi: 17.09.1993&lt;br \/&gt;\nDo\u011fum Yeri: Bosna Hersek&lt;br \/&gt;\nBoyu: 189 cm&lt;br \/&gt;\nKilosu: 71&lt;br \/&gt;\nMevkii: Sma\u00e7\u00f6r&lt;br \/&gt;\nForma Numaras\u0131: 9&lt;br \/&gt;\nFenerbah\u00e7e\u2019ye Geli\u015f Tarihi: 2014&lt;br \/&gt;\nSosyal Medya Hesaplar\u0131:&lt;br \/&gt;\nFacebook Hesab\u0131 \u015eahsa \u00d6zel&lt;br \/&gt;\n&lt;a href=&quot;http:\/\/twitter.com\/_melly3&quot; target=&quot;_blank&quot; rel=&quot;noopener noreferrer&quot;&gt;Twitter&lt;\/a&gt;&lt;br \/&gt;\n&lt;a href=&quot;http:\/\/instagram.com\/_melly03&quot; target=&quot;_blank&quot; rel=&quot;noopener noreferrer&quot;&gt;\u0130nstagram&lt;\/a&gt;&lt;\/p&gt;\n&lt;p&gt;Daha \u00d6nce Oynad\u0131\u011f\u0131 Tak\u0131mlar:&lt;br \/&gt;\nKula Gradacac: 2001 \u2013 2011&lt;br \/&gt;\n\u0130lbank: 2011 \u2013 2014&lt;\/p&gt;\n&lt;p&gt;Ba\u015far\u0131lar\u0131:&lt;br \/&gt;\n&lt;strong&gt;Fenerbah\u00e7e&lt;\/strong&gt;&lt;br \/&gt;\n2014 \u2013 T\u00fcrkiye S\u00fcper Kupas\u0131 G\u00fcm\u00fc\u015f Madalya&lt;br \/&gt;\n2014 \u2013 2015 T\u00fcrkiye Kupas\u0131 \u015eampiyonlu\u011fu&lt;br \/&gt;\n2014 \u2013 2015 T\u00fcrkiye Ligi \u015eampiyonlu\u011fu&lt;br \/&gt;\n2015 \u2013 T\u00fcrkiye S\u00fcper Kupas\u0131 \u015eampiyonlu\u011fu&lt;br \/&gt;\n2015 \u2013 2016 \u015eampiyonlar Ligi Bronz Madalya&lt;br \/&gt;\n2015 \u2013 2016 T\u00fcrkiye G\u00fcm\u00fc\u015f Madalya&lt;br \/&gt;\n2016 \u2013 2017 T\u00fcrkiye Kupas\u0131 \u015eampiyonlu\u011fu&lt;\/p&gt;\n&lt;p&gt;Milli Tak\u0131m:&lt;br \/&gt;\n2014 \u2013 CEV Bayanlar Avrupa Ligi \u015eampiyonlu\u011fu&lt;br \/&gt;\n2014 \u2013 FIVB Bayanlar D\u00fcnya \u015eampiyonas\u0131 9.\u2019luk&lt;br \/&gt;\n2015 \u2013 1. Avrupa Oyunlar\u0131 \u015eampiyonlu\u011fu (Bak\u00fc)&lt;br \/&gt;\n2015 \u2013 FIVB U23 D\u00fcnya \u015eampiyonas\u0131 G\u00fcm\u00fc\u015f Madalya&lt;br \/&gt;\n2015 \u2013 Avrupa Bayanlar Voleybol \u015eampiyonas\u0131 4.\u2019l\u00fck&lt;\/p&gt;\n&lt;p&gt;Bireysel \u00d6d\u00fcller:&lt;br \/&gt;\n2009 \u2013 Bosna Hersek Y\u0131l\u0131n Oyuncusu&lt;br \/&gt;\n2011 \u2013 Bosna Hersek Y\u0131l\u0131n Oyuncusu &lt;\/p&gt;\n\" data-image-caption=\"&lt;p&gt;9 &amp;#8211; Meliha \u0130smailo\u011flu&lt;\/p&gt;\n\" data-large-file=\"https:\/\/sarimelekler.biz\/wp-content\/uploads\/2017\/02\/9-Meliha-\u0130smailo\u011flu-2-658x1024.jpg\" \/><\/a>\n\t\t\t<\/dt>\n\t\t\t\t<dd class='wp-caption-text gallery-caption' id='gallery-1-2247'>\n\t\t\t\t9 &#8211; Meliha \u0130smailo\u011flu\n\t\t\t\t<\/dd><\/dl><br style=\"clear: both\" \/><dl class='gallery-item'>\n\t\t\t<dt class='gallery-icon landscape'>\n\t\t\t\t<a href='https:\/\/sarimelekler.biz\/?attachment_id=2660'><img loading=\"lazy\" decoding=\"async\" width=\"860\" height=\"775\" src=\"https:\/\/sarimelekler.biz\/wp-content\/uploads\/2017\/02\/Meliha-\u0130smailo\u011flu-3-1-1024x923.jpg\" class=\"attachment-large size-large\" alt=\"\" aria-describedby=\"gallery-1-2660\" srcset=\"https:\/\/sarimelekler.biz\/wp-content\/uploads\/2017\/02\/Meliha-\u0130smailo\u011flu-3-1-1024x923.jpg 1024w, https:\/\/sarimelekler.biz\/wp-content\/uploads\/2017\/02\/Meliha-\u0130smailo\u011flu-3-1-300x270.jpg 300w, https:\/\/sarimelekler.biz\/wp-content\/uploads\/2017\/02\/Meliha-\u0130smailo\u011flu-3-1-768x692.jpg 768w, https:\/\/sarimelekler.biz\/wp-content\/uploads\/2017\/02\/Meliha-\u0130smailo\u011flu-3-1-166x150.jpg 166w, https:\/\/sarimelekler.biz\/wp-content\/uploads\/2017\/02\/Meliha-\u0130smailo\u011flu-3-1-150x135.jpg 150w\" sizes=\"auto, (max-width: 860px) 100vw, 860px\" data-attachment-id=\"2660\" data-permalink=\"https:\/\/sarimelekler.biz\/?attachment_id=2660\" data-orig-file=\"https:\/\/sarimelekler.biz\/wp-content\/uploads\/2017\/02\/Meliha-\u0130smailo\u011flu-3-1.jpg\" data-orig-size=\"2500,2254\" data-comments-opened=\"0\" data-image-meta=\"{&quot;aperture&quot;:&quot;2.8&quot;,&quot;credit&quot;:&quot;&quot;,&quot;camera&quot;:&quot;Canon EOS-1D Mark IV&quot;,&quot;caption&quot;:&quot;&quot;,&quot;created_timestamp&quot;:&quot;1477244768&quot;,&quot;copyright&quot;:&quot;&quot;,&quot;focal_length&quot;:&quot;125&quot;,&quot;iso&quot;:&quot;2500&quot;,&quot;shutter_speed&quot;:&quot;0.002&quot;,&quot;title&quot;:&quot;&quot;,&quot;orientation&quot;:&quot;1&quot;}\" data-image-title=\"Meliha \u0130smailo\u011flu (3)\" data-image-description=\"\" data-image-caption=\"&lt;p&gt;Meliha \u0130smailo\u011flu&lt;\/p&gt;\n\" data-large-file=\"https:\/\/sarimelekler.biz\/wp-content\/uploads\/2017\/02\/Meliha-\u0130smailo\u011flu-3-1-1024x923.jpg\" \/><\/a>\n\t\t\t<\/dt>\n\t\t\t\t<dd class='wp-caption-text gallery-caption' id='gallery-1-2660'>\n\t\t\t\tMeliha \u0130smailo\u011flu\n\t\t\t\t<\/dd><\/dl><br style=\"clear: both\" \/><dl class='gallery-item'>\n\t\t\t<dt class='gallery-icon portrait'>\n\t\t\t\t<a href='https:\/\/sarimelekler.biz\/?attachment_id=2102'><img loading=\"lazy\" decoding=\"async\" width=\"540\" height=\"720\" src=\"https:\/\/sarimelekler.biz\/wp-content\/uploads\/2017\/02\/Meliha-\u0130smailo\u011flu-3.jpg\" class=\"attachment-large size-large\" alt=\"\" aria-describedby=\"gallery-1-2102\" srcset=\"https:\/\/sarimelekler.biz\/wp-content\/uploads\/2017\/02\/Meliha-\u0130smailo\u011flu-3.jpg 540w, https:\/\/sarimelekler.biz\/wp-content\/uploads\/2017\/02\/Meliha-\u0130smailo\u011flu-3-225x300.jpg 225w, https:\/\/sarimelekler.biz\/wp-content\/uploads\/2017\/02\/Meliha-\u0130smailo\u011flu-3-113x150.jpg 113w\" sizes=\"auto, (max-width: 540px) 100vw, 540px\" data-attachment-id=\"2102\" data-permalink=\"https:\/\/sarimelekler.biz\/?attachment_id=2102\" data-orig-file=\"https:\/\/sarimelekler.biz\/wp-content\/uploads\/2017\/02\/Meliha-\u0130smailo\u011flu-3.jpg\" data-orig-size=\"540,720\" data-comments-opened=\"0\" data-image-meta=\"{&quot;aperture&quot;:&quot;0&quot;,&quot;credit&quot;:&quot;&quot;,&quot;camera&quot;:&quot;&quot;,&quot;caption&quot;:&quot;&quot;,&quot;created_timestamp&quot;:&quot;0&quot;,&quot;copyright&quot;:&quot;&quot;,&quot;focal_length&quot;:&quot;0&quot;,&quot;iso&quot;:&quot;0&quot;,&quot;shutter_speed&quot;:&quot;0&quot;,&quot;title&quot;:&quot;&quot;,&quot;orientation&quot;:&quot;0&quot;}\" data-image-title=\"Meliha \u0130smailo\u011flu (3)\" data-image-description=\"\" data-image-caption=\"&lt;p&gt;Meliha \u0130smailo\u011flu&lt;\/p&gt;\n\" data-large-file=\"https:\/\/sarimelekler.biz\/wp-content\/uploads\/2017\/02\/Meliha-\u0130smailo\u011flu-3.jpg\" \/><\/a>\n\t\t\t<\/dt>\n\t\t\t\t<dd class='wp-caption-text gallery-caption' id='gallery-1-2102'>\n\t\t\t\tMeliha \u0130smailo\u011flu\n\t\t\t\t<\/dd><\/dl><br style=\"clear: both\" \/><dl class='gallery-item'>\n\t\t\t<dt class='gallery-icon landscape'>\n\t\t\t\t<a href='https:\/\/sarimelekler.biz\/?attachment_id=2104'><img loading=\"lazy\" decoding=\"async\" width=\"860\" height=\"697\" src=\"https:\/\/sarimelekler.biz\/wp-content\/uploads\/2017\/02\/Meliha-\u0130smailo\u011flu-5-1024x830.jpg\" class=\"attachment-large size-large\" alt=\"\" aria-describedby=\"gallery-1-2104\" srcset=\"https:\/\/sarimelekler.biz\/wp-content\/uploads\/2017\/02\/Meliha-\u0130smailo\u011flu-5-1024x830.jpg 1024w, https:\/\/sarimelekler.biz\/wp-content\/uploads\/2017\/02\/Meliha-\u0130smailo\u011flu-5-300x243.jpg 300w, https:\/\/sarimelekler.biz\/wp-content\/uploads\/2017\/02\/Meliha-\u0130smailo\u011flu-5-768x623.jpg 768w, https:\/\/sarimelekler.biz\/wp-content\/uploads\/2017\/02\/Meliha-\u0130smailo\u011flu-5-185x150.jpg 185w, https:\/\/sarimelekler.biz\/wp-content\/uploads\/2017\/02\/Meliha-\u0130smailo\u011flu-5-150x122.jpg 150w\" sizes=\"auto, (max-width: 860px) 100vw, 860px\" data-attachment-id=\"2104\" data-permalink=\"https:\/\/sarimelekler.biz\/?attachment_id=2104\" data-orig-file=\"https:\/\/sarimelekler.biz\/wp-content\/uploads\/2017\/02\/Meliha-\u0130smailo\u011flu-5.jpg\" data-orig-size=\"2500,2027\" data-comments-opened=\"0\" data-image-meta=\"{&quot;aperture&quot;:&quot;3.5&quot;,&quot;credit&quot;:&quot;&quot;,&quot;camera&quot;:&quot;Canon EOS-1D Mark IV&quot;,&quot;caption&quot;:&quot;&quot;,&quot;created_timestamp&quot;:&quot;1430508498&quot;,&quot;copyright&quot;:&quot;&quot;,&quot;focal_length&quot;:&quot;300&quot;,&quot;iso&quot;:&quot;2000&quot;,&quot;shutter_speed&quot;:&quot;0.002&quot;,&quot;title&quot;:&quot;&quot;,&quot;orientation&quot;:&quot;1&quot;}\" data-image-title=\"Meliha \u0130smailo\u011flu (5)\" data-image-description=\"\" data-image-caption=\"&lt;p&gt;Meliha \u0130smailo\u011flu&lt;\/p&gt;\n\" data-large-file=\"https:\/\/sarimelekler.biz\/wp-content\/uploads\/2017\/02\/Meliha-\u0130smailo\u011flu-5-1024x830.jpg\" \/><\/a>\n\t\t\t<\/dt>\n\t\t\t\t<dd class='wp-caption-text gallery-caption' id='gallery-1-2104'>\n\t\t\t\tMeliha \u0130smailo\u011flu\n\t\t\t\t<\/dd><\/dl><br style=\"clear: both\" \/><dl class='gallery-item'>\n\t\t\t<dt class='gallery-icon portrait'>\n\t\t\t\t<a href='https:\/\/sarimelekler.biz\/?attachment_id=2103'><img loading=\"lazy\" decoding=\"async\" width=\"540\" height=\"720\" src=\"https:\/\/sarimelekler.biz\/wp-content\/uploads\/2017\/02\/Meliha-\u0130smailo\u011flu-4.jpg\" class=\"attachment-large size-large\" alt=\"\" aria-describedby=\"gallery-1-2103\" srcset=\"https:\/\/sarimelekler.biz\/wp-content\/uploads\/2017\/02\/Meliha-\u0130smailo\u011flu-4.jpg 540w, https:\/\/sarimelekler.biz\/wp-content\/uploads\/2017\/02\/Meliha-\u0130smailo\u011flu-4-225x300.jpg 225w, https:\/\/sarimelekler.biz\/wp-content\/uploads\/2017\/02\/Meliha-\u0130smailo\u011flu-4-113x150.jpg 113w\" sizes=\"auto, (max-width: 540px) 100vw, 540px\" data-attachment-id=\"2103\" data-permalink=\"https:\/\/sarimelekler.biz\/?attachment_id=2103\" data-orig-file=\"https:\/\/sarimelekler.biz\/wp-content\/uploads\/2017\/02\/Meliha-\u0130smailo\u011flu-4.jpg\" data-orig-size=\"540,720\" data-comments-opened=\"0\" data-image-meta=\"{&quot;aperture&quot;:&quot;0&quot;,&quot;credit&quot;:&quot;&quot;,&quot;camera&quot;:&quot;&quot;,&quot;caption&quot;:&quot;&quot;,&quot;created_timestamp&quot;:&quot;0&quot;,&quot;copyright&quot;:&quot;&quot;,&quot;focal_length&quot;:&quot;0&quot;,&quot;iso&quot;:&quot;0&quot;,&quot;shutter_speed&quot;:&quot;0&quot;,&quot;title&quot;:&quot;&quot;,&quot;orientation&quot;:&quot;0&quot;}\" data-image-title=\"Meliha \u0130smailo\u011flu (4)\" data-image-description=\"\" data-image-caption=\"&lt;p&gt;Meliha \u0130smailo\u011flu&lt;\/p&gt;\n\" data-large-file=\"https:\/\/sarimelekler.biz\/wp-content\/uploads\/2017\/02\/Meliha-\u0130smailo\u011flu-4.jpg\" \/><\/a>\n\t\t\t<\/dt>\n\t\t\t\t<dd class='wp-caption-text gallery-caption' id='gallery-1-2103'>\n\t\t\t\tMeliha \u0130smailo\u011flu\n\t\t\t\t<\/dd><\/dl><br style=\"clear: both\" \/><dl class='gallery-item'>\n\t\t\t<dt class='gallery-icon landscape'>\n\t\t\t\t<a href='https:\/\/sarimelekler.biz\/?attachment_id=773'><img loading=\"lazy\" decoding=\"async\" width=\"860\" height=\"574\" src=\"https:\/\/sarimelekler.biz\/wp-content\/uploads\/2017\/02\/Meliha-1024x683.jpg\" class=\"attachment-large size-large\" alt=\"\" srcset=\"https:\/\/sarimelekler.biz\/wp-content\/uploads\/2017\/02\/Meliha-1024x683.jpg 1024w, https:\/\/sarimelekler.biz\/wp-content\/uploads\/2017\/02\/Meliha-300x200.jpg 300w, https:\/\/sarimelekler.biz\/wp-content\/uploads\/2017\/02\/Meliha-768x512.jpg 768w, https:\/\/sarimelekler.biz\/wp-content\/uploads\/2017\/02\/Meliha-225x150.jpg 225w, https:\/\/sarimelekler.biz\/wp-content\/uploads\/2017\/02\/Meliha-150x100.jpg 150w\" sizes=\"auto, (max-width: 860px) 100vw, 860px\" data-attachment-id=\"773\" data-permalink=\"https:\/\/sarimelekler.biz\/?attachment_id=773\" data-orig-file=\"https:\/\/sarimelekler.biz\/wp-content\/uploads\/2017\/02\/Meliha.jpg\" data-orig-size=\"4320,2880\" data-comments-opened=\"0\" data-image-meta=\"{&quot;aperture&quot;:&quot;2.8&quot;,&quot;credit&quot;:&quot;&quot;,&quot;camera&quot;:&quot;Canon EOS-1D Mark IV&quot;,&quot;caption&quot;:&quot;&quot;,&quot;created_timestamp&quot;:&quot;1452788458&quot;,&quot;copyright&quot;:&quot;&quot;,&quot;focal_length&quot;:&quot;70&quot;,&quot;iso&quot;:&quot;250&quot;,&quot;shutter_speed&quot;:&quot;0.004&quot;,&quot;title&quot;:&quot;&quot;,&quot;orientation&quot;:&quot;1&quot;}\" data-image-title=\"Meliha\" data-image-description=\"\" data-image-caption=\"\" data-large-file=\"https:\/\/sarimelekler.biz\/wp-content\/uploads\/2017\/02\/Meliha-1024x683.jpg\" \/><\/a>\n\t\t\t<\/dt><\/dl><br style=\"clear: both\" \/><dl class='gallery-item'>\n\t\t\t<dt class='gallery-icon landscape'>\n\t\t\t\t<a href='https:\/\/sarimelekler.biz\/?attachment_id=2100'><img loading=\"lazy\" decoding=\"async\" width=\"860\" height=\"574\" src=\"https:\/\/sarimelekler.biz\/wp-content\/uploads\/2017\/02\/Meliha-\u0130smailo\u011flu-1-1024x683.jpg\" class=\"attachment-large size-large\" alt=\"\" aria-describedby=\"gallery-1-2100\" srcset=\"https:\/\/sarimelekler.biz\/wp-content\/uploads\/2017\/02\/Meliha-\u0130smailo\u011flu-1-1024x683.jpg 1024w, https:\/\/sarimelekler.biz\/wp-content\/uploads\/2017\/02\/Meliha-\u0130smailo\u011flu-1-300x200.jpg 300w, https:\/\/sarimelekler.biz\/wp-content\/uploads\/2017\/02\/Meliha-\u0130smailo\u011flu-1-768x512.jpg 768w, https:\/\/sarimelekler.biz\/wp-content\/uploads\/2017\/02\/Meliha-\u0130smailo\u011flu-1-225x150.jpg 225w, https:\/\/sarimelekler.biz\/wp-content\/uploads\/2017\/02\/Meliha-\u0130smailo\u011flu-1-150x100.jpg 150w\" sizes=\"auto, (max-width: 860px) 100vw, 860px\" data-attachment-id=\"2100\" data-permalink=\"https:\/\/sarimelekler.biz\/?attachment_id=2100\" data-orig-file=\"https:\/\/sarimelekler.biz\/wp-content\/uploads\/2017\/02\/Meliha-\u0130smailo\u011flu-1.jpg\" data-orig-size=\"2500,1667\" data-comments-opened=\"0\" data-image-meta=\"{&quot;aperture&quot;:&quot;2.8&quot;,&quot;credit&quot;:&quot;&quot;,&quot;camera&quot;:&quot;Canon EOS-1D Mark IV&quot;,&quot;caption&quot;:&quot;&quot;,&quot;created_timestamp&quot;:&quot;1426784948&quot;,&quot;copyright&quot;:&quot;&quot;,&quot;focal_length&quot;:&quot;16&quot;,&quot;iso&quot;:&quot;250&quot;,&quot;shutter_speed&quot;:&quot;0.004&quot;,&quot;title&quot;:&quot;&quot;,&quot;orientation&quot;:&quot;1&quot;}\" data-image-title=\"Meliha \u0130smailo\u011flu (1)\" data-image-description=\"\" data-image-caption=\"&lt;p&gt;Meliha \u0130smailo\u011flu&lt;\/p&gt;\n\" data-large-file=\"https:\/\/sarimelekler.biz\/wp-content\/uploads\/2017\/02\/Meliha-\u0130smailo\u011flu-1-1024x683.jpg\" \/><\/a>\n\t\t\t<\/dt>\n\t\t\t\t<dd class='wp-caption-text gallery-caption' id='gallery-1-2100'>\n\t\t\t\tMeliha \u0130smailo\u011flu\n\t\t\t\t<\/dd><\/dl><br style=\"clear: both\" \/><dl class='gallery-item'>\n\t\t\t<dt class='gallery-icon landscape'>\n\t\t\t\t<a href='https:\/\/sarimelekler.biz\/?attachment_id=2099'><img loading=\"lazy\" decoding=\"async\" width=\"860\" height=\"573\" src=\"https:\/\/sarimelekler.biz\/wp-content\/uploads\/2017\/02\/Meliha-\u0130smailo\u011flu-1-1-1024x682.jpeg\" class=\"attachment-large size-large\" alt=\"\" aria-describedby=\"gallery-1-2099\" srcset=\"https:\/\/sarimelekler.biz\/wp-content\/uploads\/2017\/02\/Meliha-\u0130smailo\u011flu-1-1.jpeg 1024w, https:\/\/sarimelekler.biz\/wp-content\/uploads\/2017\/02\/Meliha-\u0130smailo\u011flu-1-1-300x200.jpeg 300w, https:\/\/sarimelekler.biz\/wp-content\/uploads\/2017\/02\/Meliha-\u0130smailo\u011flu-1-1-768x512.jpeg 768w, https:\/\/sarimelekler.biz\/wp-content\/uploads\/2017\/02\/Meliha-\u0130smailo\u011flu-1-1-225x150.jpeg 225w, https:\/\/sarimelekler.biz\/wp-content\/uploads\/2017\/02\/Meliha-\u0130smailo\u011flu-1-1-150x100.jpeg 150w\" sizes=\"auto, (max-width: 860px) 100vw, 860px\" data-attachment-id=\"2099\" data-permalink=\"https:\/\/sarimelekler.biz\/?attachment_id=2099\" data-orig-file=\"https:\/\/sarimelekler.biz\/wp-content\/uploads\/2017\/02\/Meliha-\u0130smailo\u011flu-1-1.jpeg\" data-orig-size=\"1024,682\" data-comments-opened=\"0\" data-image-meta=\"{&quot;aperture&quot;:&quot;0&quot;,&quot;credit&quot;:&quot;&quot;,&quot;camera&quot;:&quot;&quot;,&quot;caption&quot;:&quot;&quot;,&quot;created_timestamp&quot;:&quot;0&quot;,&quot;copyright&quot;:&quot;&quot;,&quot;focal_length&quot;:&quot;0&quot;,&quot;iso&quot;:&quot;0&quot;,&quot;shutter_speed&quot;:&quot;0&quot;,&quot;title&quot;:&quot;&quot;,&quot;orientation&quot;:&quot;0&quot;}\" data-image-title=\"Meliha \u0130smailo\u011flu (1)\" data-image-description=\"\" data-image-caption=\"&lt;p&gt;Meliha \u0130smailo\u011flu&lt;\/p&gt;\n\" data-large-file=\"https:\/\/sarimelekler.biz\/wp-content\/uploads\/2017\/02\/Meliha-\u0130smailo\u011flu-1-1-1024x682.jpeg\" \/><\/a>\n\t\t\t<\/dt>\n\t\t\t\t<dd class='wp-caption-text gallery-caption' id='gallery-1-2099'>\n\t\t\t\tMeliha \u0130smailo\u011flu\n\t\t\t\t<\/dd><\/dl><br style=\"clear: both\" \/>\n\t\t<\/div>\n\n<p style=\"text-align: right;\">11.05.2021<\/p>\n","protected":false},"excerpt":{"rendered":"<p>Kul\u00fcb\u00fcm\u00fcz resmi sitesinden yapt\u0131\u011f\u0131 a\u00e7\u0131klamada 2014-2017 y\u0131llar\u0131 aras\u0131nda \u00e7ubuklu formam\u0131z\u0131 \u2026 <a class=\"continue-reading-link\" href=\"https:\/\/sarimelekler.biz\/?p=15813\">Okumaya Devam Et.. <span class=\"meta-nav\">&rarr; <\/span><\/a><\/p>\n","protected":false},"author":1,"featured_media":2099,"comment_status":"closed","ping_status":"open","sticky":false,"template":"","format":"standard","meta":{"jetpack_post_was_ever_published":false,"_jetpack_newsletter_access":"","_jetpack_dont_email_post_to_subs":false,"_jetpack_newsletter_tier_id":0,"_jetpack_memberships_contains_paywalled_content":false,"_jetpack_memberships_contains_paid_content":false,"footnotes":"","jetpack_publicize_message":"","jetpack_publicize_feature_enabled":true,"jetpack_social_post_already_shared":true,"jetpack_social_options":{"image_generator_settings":{"template":"highway","default_image_id":0,"font":"","enabled":false},"version":2}},"categories":[23],"tags":[],"class_list":["post-15813","post","type-post","status-publish","format-standard","has-post-thumbnail","hentry","category-transfer-haberleri"],"jetpack_publicize_connections":[],"jetpack_featured_media_url":"https:\/\/sarimelekler.biz\/wp-content\/uploads\/2017\/02\/Meliha-\u0130smailo\u011flu-1-1.jpeg","jetpack_sharing_enabled":true,"jetpack_shortlink":"https:\/\/wp.me\/p8npUZ-473","jetpack-related-posts":[{"id":3223,"url":"https:\/\/sarimelekler.biz\/?p=3223","url_meta":{"origin":15813,"position":0},"title":"Meliha \u0130smailo\u011flu: \u201cHerkesi ma\u00e7a bekliyoruz\u201d","author":"Edit\u00f6r","date":"27 \u015eubat 2017","format":false,"excerpt":"\u00a0 \u00a0 CEV \u015eampiyonlar Ligi C Grubu 6. ve son hafta ma\u00e7\u0131nda 28 \u015eubat Sal\u0131 g\u00fcn\u00fc (yar\u0131n) Burhan Felek Spor Salonu\u2019nda Fransa tak\u0131m\u0131 ST-Rapha\u00ebl Var VB ile kar\u015f\u0131la\u015facak olan Fenerbah\u00e7e Bayan\u00a0Voleybol Tak\u0131m\u0131m\u0131z da Meliha \u0130smailo\u011flu ve Bahar Toksoy Guidetti, Fenerbah\u00e7e Spor Kul\u00fcb\u00fc Resmi Sitesine a\u00e7\u0131klamalarda bulundu. Meliha \u0130smailo\u011flu: \u201cHerkesi ma\u00e7a\u2026","rel":"","context":"&quot;Haberler&quot; i\u00e7inde","block_context":{"text":"Haberler","link":"https:\/\/sarimelekler.biz\/?cat=7"},"img":{"alt_text":"","src":"https:\/\/i0.wp.com\/sarimelekler.biz\/wp-content\/uploads\/2017\/02\/melibasin2_54651_4546861.jpg?resize=350%2C200&ssl=1","width":350,"height":200,"srcset":"https:\/\/i0.wp.com\/sarimelekler.biz\/wp-content\/uploads\/2017\/02\/melibasin2_54651_4546861.jpg?resize=350%2C200&ssl=1 1x, https:\/\/i0.wp.com\/sarimelekler.biz\/wp-content\/uploads\/2017\/02\/melibasin2_54651_4546861.jpg?resize=525%2C300&ssl=1 1.5x, https:\/\/i0.wp.com\/sarimelekler.biz\/wp-content\/uploads\/2017\/02\/melibasin2_54651_4546861.jpg?resize=700%2C400&ssl=1 2x, https:\/\/i0.wp.com\/sarimelekler.biz\/wp-content\/uploads\/2017\/02\/melibasin2_54651_4546861.jpg?resize=1050%2C600&ssl=1 3x, https:\/\/i0.wp.com\/sarimelekler.biz\/wp-content\/uploads\/2017\/02\/melibasin2_54651_4546861.jpg?resize=1400%2C800&ssl=1 4x"},"classes":[]},{"id":15949,"url":"https:\/\/sarimelekler.biz\/?p=15949","url_meta":{"origin":15813,"position":1},"title":"1.Lig: Merima \u0130smailo\u011flu Fenerbah\u00e7e\u2019de","author":"Edit\u00f6r","date":"16 A\u011fustos 2021","format":false,"excerpt":"Kul\u00fcb\u00fcm\u00fcz\u00fcn Kad\u0131n Voleybol altyap\u0131s\u0131ndan A Tak\u0131ma oyuncu yeti\u015ftirmek amac\u0131yla kurdu\u011fu 1. Lig Tak\u0131m\u0131m\u0131za ge\u00e7ti\u011fimiz g\u00fcnlerde Sma\u00e7\u00f6r pozisyonunda oynayan Merima \u0130smailo\u011flu\u2019nu transfer etti. A tak\u0131m oyuncumuz Meliha \u0130smailo\u011flu\u2019n\u0131n karde\u015fi olan Merima \u0130smailo\u011flu 2003 do\u011fumlu, 178 cm boyunda ve son iki sezonda Eczac\u0131ba\u015f\u0131 alt yap\u0131s\u0131nda forma giydi. Kul\u00fcb\u00fcm\u00fcze Ho\u015f Geldin Merima \u0130smailo\u011flu.\u2026","rel":"","context":"&quot;1. Lig Tak\u0131m\u0131&quot; i\u00e7inde","block_context":{"text":"1. Lig Tak\u0131m\u0131","link":"https:\/\/sarimelekler.biz\/?cat=25"},"img":{"alt_text":"","src":"https:\/\/i0.wp.com\/sarimelekler.biz\/wp-content\/uploads\/2021\/08\/Merima-kapak-2.jpg?resize=350%2C200&ssl=1","width":350,"height":200,"srcset":"https:\/\/i0.wp.com\/sarimelekler.biz\/wp-content\/uploads\/2021\/08\/Merima-kapak-2.jpg?resize=350%2C200&ssl=1 1x, https:\/\/i0.wp.com\/sarimelekler.biz\/wp-content\/uploads\/2021\/08\/Merima-kapak-2.jpg?resize=525%2C300&ssl=1 1.5x, https:\/\/i0.wp.com\/sarimelekler.biz\/wp-content\/uploads\/2021\/08\/Merima-kapak-2.jpg?resize=700%2C400&ssl=1 2x, https:\/\/i0.wp.com\/sarimelekler.biz\/wp-content\/uploads\/2021\/08\/Merima-kapak-2.jpg?resize=1050%2C600&ssl=1 3x, https:\/\/i0.wp.com\/sarimelekler.biz\/wp-content\/uploads\/2021\/08\/Merima-kapak-2.jpg?resize=1400%2C800&ssl=1 4x"},"classes":[]},{"id":15840,"url":"https:\/\/sarimelekler.biz\/?p=15840","url_meta":{"origin":15813,"position":2},"title":"Gen\u00e7 Y\u0131ld\u0131z &#8220;Ana Cristina De Souza&#8221; Fenerbah\u00e7e Opet\u2019te","author":"Edit\u00f6r","date":"3 Haziran 2021","format":false,"excerpt":"Kul\u00fcb\u00fcm\u00fcz resmi sitesinden yapt\u0131\u011f\u0131 a\u00e7\u0131klamada 2004 do\u011fumlu Brezilyal\u0131 sma\u00e7\u00f6r Ana Cristina De Souza ile anla\u015fma sa\u011fland\u0131\u011f\u0131n\u0131 duyurdu. 17 ya\u015f\u0131ndaki Ana Cristina De Souza 2021-2022 sezonu i\u00e7in Arina Fedorovtseva, Meliha \u0130smailo\u011flu, Gizem \u00d6rge, Anna Lazareva, Tutku Burcu Y\u00fczgen\u00e7, Buse \u00dcnal ve Mina Popovic\u2019ten sonra tak\u0131m\u0131m\u0131z\u0131n sekizinci transferi oldu. Oyuncumuza Ba\u015far\u0131lar Dileriz.\u2026","rel":"","context":"&quot;Transfer Haberleri&quot; i\u00e7inde","block_context":{"text":"Transfer Haberleri","link":"https:\/\/sarimelekler.biz\/?cat=23"},"img":{"alt_text":"","src":"https:\/\/i0.wp.com\/sarimelekler.biz\/wp-content\/uploads\/2021\/06\/Ana-Cristina-1.jpg?resize=350%2C200&ssl=1","width":350,"height":200,"srcset":"https:\/\/i0.wp.com\/sarimelekler.biz\/wp-content\/uploads\/2021\/06\/Ana-Cristina-1.jpg?resize=350%2C200&ssl=1 1x, https:\/\/i0.wp.com\/sarimelekler.biz\/wp-content\/uploads\/2021\/06\/Ana-Cristina-1.jpg?resize=525%2C300&ssl=1 1.5x, https:\/\/i0.wp.com\/sarimelekler.biz\/wp-content\/uploads\/2021\/06\/Ana-Cristina-1.jpg?resize=700%2C400&ssl=1 2x, https:\/\/i0.wp.com\/sarimelekler.biz\/wp-content\/uploads\/2021\/06\/Ana-Cristina-1.jpg?resize=1050%2C600&ssl=1 3x"},"classes":[]},{"id":15815,"url":"https:\/\/sarimelekler.biz\/?p=15815","url_meta":{"origin":15813,"position":3},"title":"Gen\u00e7 Y\u0131ld\u0131z Arina Fedorovtseva Fenerbah\u00e7e Opet\u2019te","author":"Edit\u00f6r","date":"24 May\u0131s 2021","format":false,"excerpt":"Kul\u00fcb\u00fcm\u00fcz resmi sitesinden yapt\u0131\u011f\u0131 a\u00e7\u0131klamada 2004 do\u011fumlu Rus sma\u00e7\u00f6r Arina Fedorovtseva ile anla\u015fma sa\u011fland\u0131\u011f\u0131n\u0131 duyurdu. 17 ya\u015f\u0131ndaki Arina Fedorovtseva, 2021-2022 sezonu i\u00e7in Meliha \u0130smailo\u011flu, Gizem \u00d6rge, Anna Lazareva Tutku Burcu Y\u00fczgen\u00e7, Buse \u00dcnal ve Mina Popovic\u2019ten sonra tak\u0131m\u0131m\u0131z\u0131n yedinci transferi oldu. Oyuncumuza Ba\u015far\u0131lar Dileriz. Kul\u00fcb\u00fcm\u00fczden Yap\u0131lan A\u00e7\u0131klama: Fenerbah\u00e7e Opet Kad\u0131n\u2026","rel":"","context":"&quot;Transfer Haberleri&quot; i\u00e7inde","block_context":{"text":"Transfer Haberleri","link":"https:\/\/sarimelekler.biz\/?cat=23"},"img":{"alt_text":"","src":"https:\/\/i0.wp.com\/sarimelekler.biz\/wp-content\/uploads\/2021\/05\/Arina-3.jpg?resize=350%2C200&ssl=1","width":350,"height":200,"srcset":"https:\/\/i0.wp.com\/sarimelekler.biz\/wp-content\/uploads\/2021\/05\/Arina-3.jpg?resize=350%2C200&ssl=1 1x, https:\/\/i0.wp.com\/sarimelekler.biz\/wp-content\/uploads\/2021\/05\/Arina-3.jpg?resize=525%2C300&ssl=1 1.5x, https:\/\/i0.wp.com\/sarimelekler.biz\/wp-content\/uploads\/2021\/05\/Arina-3.jpg?resize=700%2C400&ssl=1 2x, https:\/\/i0.wp.com\/sarimelekler.biz\/wp-content\/uploads\/2021\/05\/Arina-3.jpg?resize=1050%2C600&ssl=1 3x"},"classes":[]},{"id":15899,"url":"https:\/\/sarimelekler.biz\/?p=15899","url_meta":{"origin":15813,"position":4},"title":"Sar\u0131 Melekler Yeni Sezon Haz\u0131rl\u0131klar\u0131n\u0131 S\u00fcrd\u00fcr\u00fcyor","author":"Edit\u00f6r","date":"28 Temmuz 2021","format":false,"excerpt":"Yeni sezon haz\u0131rl\u0131klar\u0131na 27 Temmuz Sal\u0131 g\u00fcn\u00fc Fenerbah\u00e7e Derea\u011fz\u0131 Lefter K\u00fc\u00e7\u00fckandonyadis Tesislerimizde yapt\u0131\u011f\u0131 \u00e7al\u0131\u015fmayla ba\u015flayan Fenerbah\u00e7e Opet Kad\u0131n Voleybol Tak\u0131m\u0131m\u0131z, haz\u0131rl\u0131klar\u0131n\u0131 s\u00fcrd\u00fcr\u00fcyor. S\u0131rbistan milli tak\u0131m\u0131n\u0131 \u00e7al\u0131\u015ft\u0131ran Ba\u015fantren\u00f6r Zoran Terzic'in yoklu\u011funda yard\u0131mc\u0131s\u0131 Salih Tavac\u0131 y\u00f6netimindeki antrenmana milli oyuncular kaptan Eda Erdem D\u00fcndar, Naz Aydemir Akyol, Meliha \u0130smailo\u011flu, Anna Lazareva, Mina Popovic,\u2026","rel":"","context":"&quot;T\u00fcrkiye Ligi&quot; i\u00e7inde","block_context":{"text":"T\u00fcrkiye Ligi","link":"https:\/\/sarimelekler.biz\/?cat=6"},"img":{"alt_text":"","src":"https:\/\/i0.wp.com\/sarimelekler.biz\/wp-content\/uploads\/2021\/07\/21-22-Sezon-Oncesi-12-scaled.jpg?resize=350%2C200&ssl=1","width":350,"height":200,"srcset":"https:\/\/i0.wp.com\/sarimelekler.biz\/wp-content\/uploads\/2021\/07\/21-22-Sezon-Oncesi-12-scaled.jpg?resize=350%2C200&ssl=1 1x, https:\/\/i0.wp.com\/sarimelekler.biz\/wp-content\/uploads\/2021\/07\/21-22-Sezon-Oncesi-12-scaled.jpg?resize=525%2C300&ssl=1 1.5x, https:\/\/i0.wp.com\/sarimelekler.biz\/wp-content\/uploads\/2021\/07\/21-22-Sezon-Oncesi-12-scaled.jpg?resize=700%2C400&ssl=1 2x, https:\/\/i0.wp.com\/sarimelekler.biz\/wp-content\/uploads\/2021\/07\/21-22-Sezon-Oncesi-12-scaled.jpg?resize=1050%2C600&ssl=1 3x, https:\/\/i0.wp.com\/sarimelekler.biz\/wp-content\/uploads\/2021\/07\/21-22-Sezon-Oncesi-12-scaled.jpg?resize=1400%2C800&ssl=1 4x"},"classes":[]},{"id":16048,"url":"https:\/\/sarimelekler.biz\/?p=16048","url_meta":{"origin":15813,"position":5},"title":"Eda Erdem D\u00fcndar, Naz Aydemir Akyol ve Meliha \u0130smailo\u011flu Sa\u011fl\u0131k Kontrol\u00fcnden Ge\u00e7ti","author":"Edit\u00f6r","date":"15 Eyl\u00fcl 2021","format":false,"excerpt":"Fenerbah\u00e7e Opet Kad\u0131n Voleybol Tak\u0131m\u0131m\u0131zda yeni sezon \u00f6ncesi rutin sa\u011fl\u0131k kontrolleri devam ediyor. Milli oyuncular\u0131m\u0131zdan kaptan Eda Erdem D\u00fcndar, Naz Aydemir Akyol ve Meliha \u0130smailo\u011flu bug\u00fcn Ac\u0131badem Dr. \u015einasi Can (Kad\u0131k\u00f6y) Hastanesi\u2019nde sa\u011fl\u0131k kontrol\u00fcnden ge\u00e7ti. Detayl\u0131 kan tetkikleri yap\u0131lan voleybolcular\u0131m\u0131z; ortopedi, i\u00e7 hastal\u0131klar\u0131, g\u00f6z, kulak burun bo\u011faz, genel cerrahi ve\u2026","rel":"","context":"&quot;T\u00fcrkiye Ligi&quot; i\u00e7inde","block_context":{"text":"T\u00fcrkiye Ligi","link":"https:\/\/sarimelekler.biz\/?cat=6"},"img":{"alt_text":"","src":"https:\/\/i0.wp.com\/sarimelekler.biz\/wp-content\/uploads\/2021\/09\/21-22-Sezon-Oncesi-39.jpg?resize=350%2C200&ssl=1","width":350,"height":200,"srcset":"https:\/\/i0.wp.com\/sarimelekler.biz\/wp-content\/uploads\/2021\/09\/21-22-Sezon-Oncesi-39.jpg?resize=350%2C200&ssl=1 1x, https:\/\/i0.wp.com\/sarimelekler.biz\/wp-content\/uploads\/2021\/09\/21-22-Sezon-Oncesi-39.jpg?resize=525%2C300&ssl=1 1.5x, https:\/\/i0.wp.com\/sarimelekler.biz\/wp-content\/uploads\/2021\/09\/21-22-Sezon-Oncesi-39.jpg?resize=700%2C400&ssl=1 2x, https:\/\/i0.wp.com\/sarimelekler.biz\/wp-content\/uploads\/2021\/09\/21-22-Sezon-Oncesi-39.jpg?resize=1050%2C600&ssl=1 3x, https:\/\/i0.wp.com\/sarimelekler.biz\/wp-content\/uploads\/2021\/09\/21-22-Sezon-Oncesi-39.jpg?resize=1400%2C800&ssl=1 4x"},"classes":[]}],"_links":{"self":[{"href":"https:\/\/sarimelekler.biz\/index.php?rest_route=\/wp\/v2\/posts\/15813","targetHints":{"allow":["GET"]}}],"collection":[{"href":"https:\/\/sarimelekler.biz\/index.php?rest_route=\/wp\/v2\/posts"}],"about":[{"href":"https:\/\/sarimelekler.biz\/index.php?rest_route=\/wp\/v2\/types\/post"}],"author":[{"embeddable":true,"href":"https:\/\/sarimelekler.biz\/index.php?rest_route=\/wp\/v2\/users\/1"}],"replies":[{"embeddable":true,"href":"https:\/\/sarimelekler.biz\/index.php?rest_route=%2Fwp%2Fv2%2Fcomments&post=15813"}],"version-history":[{"count":1,"href":"https:\/\/sarimelekler.biz\/index.php?rest_route=\/wp\/v2\/posts\/15813\/revisions"}],"predecessor-version":[{"id":15814,"href":"https:\/\/sarimelekler.biz\/index.php?rest_route=\/wp\/v2\/posts\/15813\/revisions\/15814"}],"wp:featuredmedia":[{"embeddable":true,"href":"https:\/\/sarimelekler.biz\/index.php?rest_route=\/wp\/v2\/media\/2099"}],"wp:attachment":[{"href":"https:\/\/sarimelekler.biz\/index.php?rest_route=%2Fwp%2Fv2%2Fmedia&parent=15813"}],"wp:term":[{"taxonomy":"category","embeddable":true,"href":"https:\/\/sarimelekler.biz\/index.php?rest_route=%2Fwp%2Fv2%2Fcategories&post=15813"},{"taxonomy":"post_tag","embeddable":true,"href":"https:\/\/sarimelekler.biz\/index.php?rest_route=%2Fwp%2Fv2%2Ftags&post=15813"}],"curies":[{"name":"wp","href":"https:\/\/api.w.org\/{rel}","templated":true}]}}