{"id":15861,"date":"2021-06-09T19:59:58","date_gmt":"2021-06-09T16:59:58","guid":{"rendered":"http:\/\/sarimelekler.biz\/?p=15861"},"modified":"2021-06-09T20:00:01","modified_gmt":"2021-06-09T17:00:01","slug":"2-lig-beril-coban-fenerbahcede","status":"publish","type":"post","link":"https:\/\/sarimelekler.biz\/?p=15861","title":{"rendered":"2.Lig: Beril \u00c7oban Fenerbah\u00e7e\u2019de"},"content":{"rendered":"\n<p style=\"text-align: justify;\">Kul\u00fcb\u00fcm\u00fcz Kad\u0131n Voleybol altyap\u0131s\u0131ndan A Tak\u0131ma oyuncu yeti\u015ftirmek amac\u0131yla kurdu\u011fu Y\u0131ld\u0131z K\u0131z ve Gen\u00e7 K\u0131z Voleybol Tak\u0131mlar\u0131m\u0131zda g\u00f6rev yapan voleybolcular\u0131m\u0131zdan olu\u015fan 2. Lig Tak\u0131m\u0131m\u0131za pas\u00f6r pozisyonunda oynayan Beril \u00c7oban\u2019\u0131 transfer etti.<\/p>\n<p style=\"text-align: justify;\">Beril \u00c7oban 2005 Ankara do\u011fumlu, daha \u00f6nce Ankara TVF Spor Lisesi Voleybol \u0130htisas Kul\u00fcb\u00fc\u2019nde ve Galatasaray Spor Kul\u00fcb\u00fcnde forma giydi. 16 ya\u015f\u0131ndaki oyuncumuz 180 cm boyunda ve Gen\u00e7 kategorilerde Milli Tak\u0131mlar\u0131m\u0131zda forma giydi. Beril 2018 y\u0131l\u0131nda Balkan \u015eampiyonu olan 16 Ya\u015f Alt\u0131 Bayan Milli Tak\u0131m\u0131m\u0131z kadrosunda da bulunmu\u015ftu.<\/p>\n<p style=\"text-align: justify;\">Kul\u00fcb\u00fcm\u00fcze Ho\u015f Geldin Beril \u00c7oban. Ba\u015far\u0131l\u0131 bir kariyer dileriz. &nbsp;<\/p>\n\n\t\t<style type=\"text\/css\">\n\t\t\t#gallery-1 {\n\t\t\t\tmargin: auto;\n\t\t\t}\n\t\t\t#gallery-1 .gallery-item {\n\t\t\t\tfloat: left;\n\t\t\t\tmargin-top: 10px;\n\t\t\t\ttext-align: center;\n\t\t\t\twidth: 100%;\n\t\t\t}\n\t\t\t#gallery-1 img {\n\t\t\t\tborder: 2px solid #cfcfcf;\n\t\t\t}\n\t\t\t#gallery-1 .gallery-caption {\n\t\t\t\tmargin-left: 0;\n\t\t\t}\n\t\t\t\/* see gallery_shortcode() in wp-includes\/media.php *\/\n\t\t<\/style>\n\t\t<div data-carousel-extra='{&quot;blog_id&quot;:1,&quot;permalink&quot;:&quot;https:\/\/sarimelekler.biz\/?p=15861&quot;}' id='gallery-1' class='gallery galleryid-15861 gallery-columns-1 gallery-size-large'><dl class='gallery-item'>\n\t\t\t<dt class='gallery-icon landscape'>\n\t\t\t\t<a href='https:\/\/sarimelekler.biz\/?attachment_id=15862'><img loading=\"lazy\" decoding=\"async\" width=\"860\" height=\"576\" src=\"https:\/\/sarimelekler.biz\/wp-content\/uploads\/2021\/06\/Beril-\u00c7oban-1-1024x686.jpg\" class=\"attachment-large size-large\" alt=\"\" srcset=\"https:\/\/sarimelekler.biz\/wp-content\/uploads\/2021\/06\/Beril-\u00c7oban-1-1024x686.jpg 1024w, https:\/\/sarimelekler.biz\/wp-content\/uploads\/2021\/06\/Beril-\u00c7oban-1-300x201.jpg 300w, https:\/\/sarimelekler.biz\/wp-content\/uploads\/2021\/06\/Beril-\u00c7oban-1-768x514.jpg 768w, https:\/\/sarimelekler.biz\/wp-content\/uploads\/2021\/06\/Beril-\u00c7oban-1-150x100.jpg 150w, https:\/\/sarimelekler.biz\/wp-content\/uploads\/2021\/06\/Beril-\u00c7oban-1.jpg 1277w\" sizes=\"auto, (max-width: 860px) 100vw, 860px\" data-attachment-id=\"15862\" data-permalink=\"https:\/\/sarimelekler.biz\/?attachment_id=15862\" data-orig-file=\"https:\/\/sarimelekler.biz\/wp-content\/uploads\/2021\/06\/Beril-\u00c7oban-1.jpg\" data-orig-size=\"1277,855\" data-comments-opened=\"0\" data-image-meta=\"{&quot;aperture&quot;:&quot;0&quot;,&quot;credit&quot;:&quot;&quot;,&quot;camera&quot;:&quot;&quot;,&quot;caption&quot;:&quot;&quot;,&quot;created_timestamp&quot;:&quot;0&quot;,&quot;copyright&quot;:&quot;&quot;,&quot;focal_length&quot;:&quot;0&quot;,&quot;iso&quot;:&quot;0&quot;,&quot;shutter_speed&quot;:&quot;0&quot;,&quot;title&quot;:&quot;&quot;,&quot;orientation&quot;:&quot;0&quot;}\" data-image-title=\"Beril \u00c7oban 1\" data-image-description=\"\" data-image-caption=\"\" data-large-file=\"https:\/\/sarimelekler.biz\/wp-content\/uploads\/2021\/06\/Beril-\u00c7oban-1-1024x686.jpg\" \/><\/a>\n\t\t\t<\/dt><\/dl><br style=\"clear: both\" \/><dl class='gallery-item'>\n\t\t\t<dt class='gallery-icon portrait'>\n\t\t\t\t<a href='https:\/\/sarimelekler.biz\/?attachment_id=15863'><img loading=\"lazy\" decoding=\"async\" width=\"300\" height=\"1024\" src=\"https:\/\/sarimelekler.biz\/wp-content\/uploads\/2021\/06\/Beril-\u00c7oban-2-300x1024.jpg\" class=\"attachment-large size-large\" alt=\"\" srcset=\"https:\/\/sarimelekler.biz\/wp-content\/uploads\/2021\/06\/Beril-\u00c7oban-2-300x1024.jpg 300w, https:\/\/sarimelekler.biz\/wp-content\/uploads\/2021\/06\/Beril-\u00c7oban-2-88x300.jpg 88w, https:\/\/sarimelekler.biz\/wp-content\/uploads\/2021\/06\/Beril-\u00c7oban-2-450x1536.jpg 450w, https:\/\/sarimelekler.biz\/wp-content\/uploads\/2021\/06\/Beril-\u00c7oban-2-44x150.jpg 44w, https:\/\/sarimelekler.biz\/wp-content\/uploads\/2021\/06\/Beril-\u00c7oban-2.jpg 465w\" sizes=\"auto, (max-width: 300px) 100vw, 300px\" data-attachment-id=\"15863\" data-permalink=\"https:\/\/sarimelekler.biz\/?attachment_id=15863\" data-orig-file=\"https:\/\/sarimelekler.biz\/wp-content\/uploads\/2021\/06\/Beril-\u00c7oban-2.jpg\" data-orig-size=\"465,1588\" data-comments-opened=\"0\" data-image-meta=\"{&quot;aperture&quot;:&quot;0&quot;,&quot;credit&quot;:&quot;&quot;,&quot;camera&quot;:&quot;&quot;,&quot;caption&quot;:&quot;&quot;,&quot;created_timestamp&quot;:&quot;0&quot;,&quot;copyright&quot;:&quot;&quot;,&quot;focal_length&quot;:&quot;0&quot;,&quot;iso&quot;:&quot;0&quot;,&quot;shutter_speed&quot;:&quot;0&quot;,&quot;title&quot;:&quot;&quot;,&quot;orientation&quot;:&quot;1&quot;}\" data-image-title=\"Beril \u00c7oban 2\" data-image-description=\"\" data-image-caption=\"\" data-large-file=\"https:\/\/sarimelekler.biz\/wp-content\/uploads\/2021\/06\/Beril-\u00c7oban-2-300x1024.jpg\" \/><\/a>\n\t\t\t<\/dt><\/dl><br style=\"clear: both\" \/>\n\t\t<\/div>\n\n<p>&nbsp;<\/p>\n<p style=\"text-align: right;\">09.06.2021<\/p>\n","protected":false},"excerpt":{"rendered":"<p>Kul\u00fcb\u00fcm\u00fcz Kad\u0131n Voleybol altyap\u0131s\u0131ndan A Tak\u0131ma oyuncu yeti\u015ftirmek amac\u0131yla kurdu\u011fu \u2026 <a class=\"continue-reading-link\" href=\"https:\/\/sarimelekler.biz\/?p=15861\">Okumaya Devam Et.. <span class=\"meta-nav\">&rarr; <\/span><\/a><\/p>\n","protected":false},"author":1,"featured_media":15862,"comment_status":"closed","ping_status":"open","sticky":false,"template":"","format":"standard","meta":{"jetpack_post_was_ever_published":false,"_jetpack_newsletter_access":"","_jetpack_dont_email_post_to_subs":false,"_jetpack_newsletter_tier_id":0,"_jetpack_memberships_contains_paywalled_content":false,"_jetpack_memberships_contains_paid_content":false,"footnotes":"","jetpack_publicize_message":"","jetpack_publicize_feature_enabled":true,"jetpack_social_post_already_shared":true,"jetpack_social_options":{"image_generator_settings":{"template":"highway","default_image_id":0,"font":"","enabled":false},"version":2}},"categories":[26],"tags":[],"class_list":["post-15861","post","type-post","status-publish","format-standard","has-post-thumbnail","hentry","category-2-lig-takimi"],"jetpack_publicize_connections":[],"jetpack_featured_media_url":"https:\/\/sarimelekler.biz\/wp-content\/uploads\/2021\/06\/Beril-\u00c7oban-1.jpg","jetpack_sharing_enabled":true,"jetpack_shortlink":"https:\/\/wp.me\/p8npUZ-47P","jetpack-related-posts":[{"id":15853,"url":"https:\/\/sarimelekler.biz\/?p=15853","url_meta":{"origin":15861,"position":0},"title":"2.Lig: Helin Kay\u0131k\u00e7\u0131 Fenerbah\u00e7e\u2019de","author":"Edit\u00f6r","date":"8 Haziran 2021","format":false,"excerpt":"Kul\u00fcb\u00fcm\u00fcz Kad\u0131n Voleybol altyap\u0131s\u0131ndan A Tak\u0131ma oyuncu yeti\u015ftirmek amac\u0131yla kurdu\u011fu Y\u0131ld\u0131z K\u0131z ve Gen\u00e7 K\u0131z Voleybol Tak\u0131mlar\u0131m\u0131zda g\u00f6rev yapan voleybolcular\u0131m\u0131zdan olu\u015fan 2. Lig Tak\u0131m\u0131m\u0131za libero pozisyonunda oynayan Helin Kay\u0131k\u00e7\u0131\u2019y\u0131 transfer etti. Helin Kay\u0131k\u00e7\u0131 2005 Ankara do\u011fumlu, daha \u00f6nce Ayd\u0131nl\u0131k Gen\u00e7lik Spor Kul\u00fcb\u00fc, Bat\u0131kent Spor Kul\u00fcb\u00fc ve Galatasaray Spor Kul\u00fcb\u00fcnde forma\u2026","rel":"","context":"&quot;2. Lig Tak\u0131m\u0131&quot; i\u00e7inde","block_context":{"text":"2. Lig Tak\u0131m\u0131","link":"https:\/\/sarimelekler.biz\/?cat=26"},"img":{"alt_text":"","src":"https:\/\/i0.wp.com\/sarimelekler.biz\/wp-content\/uploads\/2021\/06\/Helin-Kapak.jpg?resize=350%2C200&ssl=1","width":350,"height":200,"srcset":"https:\/\/i0.wp.com\/sarimelekler.biz\/wp-content\/uploads\/2021\/06\/Helin-Kapak.jpg?resize=350%2C200&ssl=1 1x, https:\/\/i0.wp.com\/sarimelekler.biz\/wp-content\/uploads\/2021\/06\/Helin-Kapak.jpg?resize=525%2C300&ssl=1 1.5x, https:\/\/i0.wp.com\/sarimelekler.biz\/wp-content\/uploads\/2021\/06\/Helin-Kapak.jpg?resize=700%2C400&ssl=1 2x, https:\/\/i0.wp.com\/sarimelekler.biz\/wp-content\/uploads\/2021\/06\/Helin-Kapak.jpg?resize=1050%2C600&ssl=1 3x"},"classes":[]},{"id":13612,"url":"https:\/\/sarimelekler.biz\/?p=13612","url_meta":{"origin":15861,"position":1},"title":"Ecesu Soner 1. Lig Tak\u0131m\u0131m\u0131za Transfer Oldu.","author":"Edit\u00f6r","date":"15 Temmuz 2020","format":false,"excerpt":"Kul\u00fcb\u00fcm\u00fcz 2019 \u2013 2020 sezonu ba\u015f\u0131nda Kad\u0131n Voleybol altyap\u0131s\u0131ndan A Tak\u0131ma oyuncu yeti\u015ftirmek amac\u0131yla bu sezon Y\u0131ld\u0131z K\u0131z ve Gen\u00e7 K\u0131z Voleybol Tak\u0131mlar\u0131m\u0131zda g\u00f6rev yapan voleybolcular\u0131m\u0131zdan olu\u015fan 2. Lig Tak\u0131m\u0131 kurdu\u011funu duyurmu\u015ftu. Gen\u00e7 Sar\u0131 Meleklerimiz Finallerde set averaj\u0131na g\u00f6re S\u0131ralamada 3. s\u0131rada yer alarak tak\u0131m\u0131m\u0131z bir \u00fcst lige \u00e7\u0131kamam\u0131\u015ft\u0131. \u00dclkemizde\u2026","rel":"","context":"&quot;Fenerbah\u00e7e Gen\u00e7 Tak\u0131mlar\u0131&quot; i\u00e7inde","block_context":{"text":"Fenerbah\u00e7e Gen\u00e7 Tak\u0131mlar\u0131","link":"https:\/\/sarimelekler.biz\/?cat=24"},"img":{"alt_text":"","src":"https:\/\/i0.wp.com\/sarimelekler.biz\/wp-content\/uploads\/2020\/07\/Ecesu-Kapak.jpg?resize=350%2C200&ssl=1","width":350,"height":200,"srcset":"https:\/\/i0.wp.com\/sarimelekler.biz\/wp-content\/uploads\/2020\/07\/Ecesu-Kapak.jpg?resize=350%2C200&ssl=1 1x, https:\/\/i0.wp.com\/sarimelekler.biz\/wp-content\/uploads\/2020\/07\/Ecesu-Kapak.jpg?resize=525%2C300&ssl=1 1.5x, https:\/\/i0.wp.com\/sarimelekler.biz\/wp-content\/uploads\/2020\/07\/Ecesu-Kapak.jpg?resize=700%2C400&ssl=1 2x, https:\/\/i0.wp.com\/sarimelekler.biz\/wp-content\/uploads\/2020\/07\/Ecesu-Kapak.jpg?resize=1050%2C600&ssl=1 3x, https:\/\/i0.wp.com\/sarimelekler.biz\/wp-content\/uploads\/2020\/07\/Ecesu-Kapak.jpg?resize=1400%2C800&ssl=1 4x"},"classes":[]},{"id":15928,"url":"https:\/\/sarimelekler.biz\/?p=15928","url_meta":{"origin":15861,"position":2},"title":"2.Lig: Tuana Y\u00fcce Fenerbah\u00e7e\u2019de","author":"Edit\u00f6r","date":"4 A\u011fustos 2021","format":false,"excerpt":"Kul\u00fcb\u00fcm\u00fcz\u00fcn Kad\u0131n Voleybol altyap\u0131s\u0131ndan A Tak\u0131ma oyuncu yeti\u015ftirmek amac\u0131yla kurdu\u011fu Y\u0131ld\u0131z K\u0131z ve Gen\u00e7 K\u0131z Voleybol Tak\u0131mlar\u0131m\u0131zda g\u00f6rev yapan voleybolcular\u0131m\u0131zdan olu\u015fan 2. Lig Tak\u0131m\u0131m\u0131za libero pozisyonunda oynayan Tuana Y\u00fcce\u2019yi transfer etti. Tuana Y\u00fcce 2005 \u0130stanbul do\u011fumlu, daha \u00f6nce Galatasaray ve Kartal Anadolu Spor Kul\u00fcplerinde forma giydi. 16 ya\u015f\u0131ndaki oyuncumuz 172\u2026","rel":"","context":"&quot;2. Lig Tak\u0131m\u0131&quot; i\u00e7inde","block_context":{"text":"2. Lig Tak\u0131m\u0131","link":"https:\/\/sarimelekler.biz\/?cat=26"},"img":{"alt_text":"","src":"https:\/\/i0.wp.com\/sarimelekler.biz\/wp-content\/uploads\/2021\/08\/Tuana-Yuce-Kapak.jpg?resize=350%2C200&ssl=1","width":350,"height":200,"srcset":"https:\/\/i0.wp.com\/sarimelekler.biz\/wp-content\/uploads\/2021\/08\/Tuana-Yuce-Kapak.jpg?resize=350%2C200&ssl=1 1x, https:\/\/i0.wp.com\/sarimelekler.biz\/wp-content\/uploads\/2021\/08\/Tuana-Yuce-Kapak.jpg?resize=525%2C300&ssl=1 1.5x, https:\/\/i0.wp.com\/sarimelekler.biz\/wp-content\/uploads\/2021\/08\/Tuana-Yuce-Kapak.jpg?resize=700%2C400&ssl=1 2x, https:\/\/i0.wp.com\/sarimelekler.biz\/wp-content\/uploads\/2021\/08\/Tuana-Yuce-Kapak.jpg?resize=1050%2C600&ssl=1 3x"},"classes":[]},{"id":15915,"url":"https:\/\/sarimelekler.biz\/?p=15915","url_meta":{"origin":15861,"position":3},"title":"2.Lig: Elif Sars\u0131lmazlar Fenerbah\u00e7e\u2019de Devam Ediyor","author":"Edit\u00f6r","date":"3 A\u011fustos 2021","format":false,"excerpt":"\u00a0 Kul\u00fcb\u00fcm\u00fcz\u00fcn Kad\u0131n Voleybol altyap\u0131s\u0131ndan A Tak\u0131ma oyuncu yeti\u015ftirmek amac\u0131yla kurdu\u011fu Y\u0131ld\u0131z K\u0131z ve Gen\u00e7 K\u0131z Voleybol Tak\u0131mlar\u0131m\u0131zda g\u00f6rev yapan voleybolcular\u0131m\u0131zdan olu\u015fan 2. Lig Tak\u0131m\u0131m\u0131za bu y\u0131l\u0131n Ocak ay\u0131nda sma\u00e7\u00f6r pozisyonunda oynayan Elif Sars\u0131lmazlar\u2019\u0131 transfer etmi\u015fti. Elif 2021-2022 sezonunda da 2. Lig tak\u0131m\u0131m\u0131 kadrosunda yer alacak. Elif Sars\u0131lmazlar 2005 Bursa\u2026","rel":"","context":"&quot;2. Lig Tak\u0131m\u0131&quot; i\u00e7inde","block_context":{"text":"2. Lig Tak\u0131m\u0131","link":"https:\/\/sarimelekler.biz\/?cat=26"},"img":{"alt_text":"","src":"https:\/\/i0.wp.com\/sarimelekler.biz\/wp-content\/uploads\/2021\/08\/Elif-Sarsizmazlar-kapak.jpg?resize=350%2C200&ssl=1","width":350,"height":200,"srcset":"https:\/\/i0.wp.com\/sarimelekler.biz\/wp-content\/uploads\/2021\/08\/Elif-Sarsizmazlar-kapak.jpg?resize=350%2C200&ssl=1 1x, https:\/\/i0.wp.com\/sarimelekler.biz\/wp-content\/uploads\/2021\/08\/Elif-Sarsizmazlar-kapak.jpg?resize=525%2C300&ssl=1 1.5x, https:\/\/i0.wp.com\/sarimelekler.biz\/wp-content\/uploads\/2021\/08\/Elif-Sarsizmazlar-kapak.jpg?resize=700%2C400&ssl=1 2x, https:\/\/i0.wp.com\/sarimelekler.biz\/wp-content\/uploads\/2021\/08\/Elif-Sarsizmazlar-kapak.jpg?resize=1050%2C600&ssl=1 3x"},"classes":[]},{"id":13221,"url":"https:\/\/sarimelekler.biz\/?p=13221","url_meta":{"origin":15861,"position":4},"title":"Gen\u00e7 Sar\u0131 Meleklerimiz 1. Lig Yolunda Elemelere Galibiyetle Ba\u015flad\u0131. Ere\u011fli Gen\u00e7lik Merkezi:0 &#8211; Fenerbah\u00e7e:3","author":"Edit\u00f6r","date":"4 Mart 2020","format":false,"excerpt":"Kul\u00fcb\u00fcm\u00fcz, Kad\u0131n Voleybol altyap\u0131s\u0131ndan A Tak\u0131ma oyuncu yeti\u015ftirmek amac\u0131yla bu sezon Y\u0131ld\u0131z K\u0131z ve Gen\u00e7 K\u0131z Voleybol Tak\u0131mlar\u0131m\u0131zda g\u00f6rev yapan voleybolcular\u0131m\u0131zdan olu\u015fan 2. Lig Tak\u0131m\u0131 kurdu\u011funu duyurmu\u015ftu. 2. lig A grubunda yer alan Fenerbah\u00e7e B tak\u0131m\u0131m\u0131z normal sezonu 2. bitirerek Denizli\u2019de yap\u0131lacak olan 1. lige y\u00fckselme ma\u00e7lar\u0131na kat\u0131lmaya hak kazanm\u0131\u015ft\u0131.\u2026","rel":"","context":"&quot;Fenerbah\u00e7e Gen\u00e7 Tak\u0131mlar\u0131&quot; i\u00e7inde","block_context":{"text":"Fenerbah\u00e7e Gen\u00e7 Tak\u0131mlar\u0131","link":"https:\/\/sarimelekler.biz\/?cat=24"},"img":{"alt_text":"","src":"https:\/\/i0.wp.com\/sarimelekler.biz\/wp-content\/uploads\/2020\/03\/Fenerbah%C3%A7e-B-04.03.jpeg?resize=350%2C200&ssl=1","width":350,"height":200,"srcset":"https:\/\/i0.wp.com\/sarimelekler.biz\/wp-content\/uploads\/2020\/03\/Fenerbah%C3%A7e-B-04.03.jpeg?resize=350%2C200&ssl=1 1x, https:\/\/i0.wp.com\/sarimelekler.biz\/wp-content\/uploads\/2020\/03\/Fenerbah%C3%A7e-B-04.03.jpeg?resize=525%2C300&ssl=1 1.5x, https:\/\/i0.wp.com\/sarimelekler.biz\/wp-content\/uploads\/2020\/03\/Fenerbah%C3%A7e-B-04.03.jpeg?resize=700%2C400&ssl=1 2x"},"classes":[]},{"id":12974,"url":"https:\/\/sarimelekler.biz\/?p=12974","url_meta":{"origin":15861,"position":5},"title":"Gen\u00e7 Sar\u0131 Melekler 3-1 Galip","author":"Edit\u00f6r","date":"11 \u015eubat 2020","format":false,"excerpt":"Kul\u00fcb\u00fcm\u00fcz, Kad\u0131n Voleybol altyap\u0131s\u0131ndan A Tak\u0131ma oyuncu yeti\u015ftirmek amac\u0131yla bu sezon Y\u0131ld\u0131z K\u0131z ve Gen\u00e7 K\u0131z Voleybol Tak\u0131mlar\u0131m\u0131zda g\u00f6rev yapan voleybolcular\u0131m\u0131zdan olu\u015fan 2. Lig Tak\u0131m\u0131 kurdu\u011funu duyurmu\u015ftu. 2. ligde yer alan Fenerbah\u00e7e tak\u0131m\u0131m\u0131z bug\u00fcn FB Tv nin de canl\u0131 yay\u0131nlad\u0131\u011f\u0131 ma\u00e7ta \u0130stanbul BBSK tak\u0131m\u0131 3-1 ma\u011flup etti. Gen\u00e7 oyuncular\u0131m\u0131z bu\u2026","rel":"","context":"&quot;Fenerbah\u00e7e Gen\u00e7 Tak\u0131mlar\u0131&quot; i\u00e7inde","block_context":{"text":"Fenerbah\u00e7e Gen\u00e7 Tak\u0131mlar\u0131","link":"https:\/\/sarimelekler.biz\/?cat=24"},"img":{"alt_text":"","src":"https:\/\/i0.wp.com\/sarimelekler.biz\/wp-content\/uploads\/2020\/02\/B-Tak%C4%B1m-2.jpg?resize=350%2C200&ssl=1","width":350,"height":200,"srcset":"https:\/\/i0.wp.com\/sarimelekler.biz\/wp-content\/uploads\/2020\/02\/B-Tak%C4%B1m-2.jpg?resize=350%2C200&ssl=1 1x, https:\/\/i0.wp.com\/sarimelekler.biz\/wp-content\/uploads\/2020\/02\/B-Tak%C4%B1m-2.jpg?resize=525%2C300&ssl=1 1.5x, https:\/\/i0.wp.com\/sarimelekler.biz\/wp-content\/uploads\/2020\/02\/B-Tak%C4%B1m-2.jpg?resize=700%2C400&ssl=1 2x, https:\/\/i0.wp.com\/sarimelekler.biz\/wp-content\/uploads\/2020\/02\/B-Tak%C4%B1m-2.jpg?resize=1050%2C600&ssl=1 3x, https:\/\/i0.wp.com\/sarimelekler.biz\/wp-content\/uploads\/2020\/02\/B-Tak%C4%B1m-2.jpg?resize=1400%2C800&ssl=1 4x"},"classes":[]}],"_links":{"self":[{"href":"https:\/\/sarimelekler.biz\/index.php?rest_route=\/wp\/v2\/posts\/15861","targetHints":{"allow":["GET"]}}],"collection":[{"href":"https:\/\/sarimelekler.biz\/index.php?rest_route=\/wp\/v2\/posts"}],"about":[{"href":"https:\/\/sarimelekler.biz\/index.php?rest_route=\/wp\/v2\/types\/post"}],"author":[{"embeddable":true,"href":"https:\/\/sarimelekler.biz\/index.php?rest_route=\/wp\/v2\/users\/1"}],"replies":[{"embeddable":true,"href":"https:\/\/sarimelekler.biz\/index.php?rest_route=%2Fwp%2Fv2%2Fcomments&post=15861"}],"version-history":[{"count":4,"href":"https:\/\/sarimelekler.biz\/index.php?rest_route=\/wp\/v2\/posts\/15861\/revisions"}],"predecessor-version":[{"id":15867,"href":"https:\/\/sarimelekler.biz\/index.php?rest_route=\/wp\/v2\/posts\/15861\/revisions\/15867"}],"wp:featuredmedia":[{"embeddable":true,"href":"https:\/\/sarimelekler.biz\/index.php?rest_route=\/wp\/v2\/media\/15862"}],"wp:attachment":[{"href":"https:\/\/sarimelekler.biz\/index.php?rest_route=%2Fwp%2Fv2%2Fmedia&parent=15861"}],"wp:term":[{"taxonomy":"category","embeddable":true,"href":"https:\/\/sarimelekler.biz\/index.php?rest_route=%2Fwp%2Fv2%2Fcategories&post=15861"},{"taxonomy":"post_tag","embeddable":true,"href":"https:\/\/sarimelekler.biz\/index.php?rest_route=%2Fwp%2Fv2%2Ftags&post=15861"}],"curies":[{"name":"wp","href":"https:\/\/api.w.org\/{rel}","templated":true}]}}