{"id":15888,"date":"2021-07-27T17:15:00","date_gmt":"2021-07-27T14:15:00","guid":{"rendered":"https:\/\/sarimelekler.biz\/?p=15888"},"modified":"2021-07-30T17:16:27","modified_gmt":"2021-07-30T14:16:27","slug":"sari-melekler-sezonu-acti-2","status":"publish","type":"post","link":"https:\/\/sarimelekler.biz\/?p=15888","title":{"rendered":"Sar\u0131 Melekler Sezonu A\u00e7t\u0131"},"content":{"rendered":"\n<p style=\"text-align: justify;\">Kad\u0131n Voleybol Tak\u0131m\u0131m\u0131z Fenerbah\u00e7e Opet, yeni sezon \u00e7al\u0131\u015fmalar\u0131na ba\u015flad\u0131.<\/p>\n<p style=\"text-align: justify;\">Sar\u0131 Melekler, 2021-2022 sezonu ilk antrenman\u0131n\u0131 Derea\u011fz\u0131 Lefter\u00a0 K\u00fc\u00e7\u00fckandonyadis Tesisleri\u2019nde ger\u00e7ekle\u015ftirdi.<\/p>\n<p style=\"text-align: justify;\">S\u0131rbistan milli tak\u0131m\u0131n\u0131 \u00e7al\u0131\u015ft\u0131ran Ba\u015fantren\u00f6r Zoran Terzic&#8217;in yoklu\u011funda yard\u0131mc\u0131s\u0131 Salih Tavac\u0131 y\u00f6netiminde yeni transferlerimiz Gizem \u00d6rge ve Tutku Burcu Y\u00fczgen\u00e7\u2019in yer ald\u0131\u011f\u0131 \u00e7al\u0131\u015fmaya milli oyuncular kaptan Eda Erdem D\u00fcndar, Naz Aydemir Akyol, Meliha \u0130smailo\u011flu, Anna Lazareva, Mina Popovic, Ana Cristina De Souza, Arina Fedorovtseva ile \u0130stanbul&#8217;da milli tak\u0131m kamp\u0131nda bulunan Buse \u00dcnal ve Beliz Ba\u015fk\u0131r kat\u0131lmad\u0131.<\/p>\n<p style=\"text-align: justify;\">Yakla\u015f\u0131k 1 saat s\u00fcren antrenmanda salonda g\u00fc\u00e7 ve kuvvet \u00e7al\u0131\u015fmalar\u0131yla tamamland\u0131.<\/p>\n<div class=\"tiled-gallery type-rectangular tiled-gallery-unresized\" data-original-width=\"860\" data-carousel-extra='{&quot;blog_id&quot;:1,&quot;permalink&quot;:&quot;https:\\\/\\\/sarimelekler.biz\\\/?p=15888&quot;,&quot;likes_blog_id&quot;:123791865}' itemscope itemtype=\"http:\/\/schema.org\/ImageGallery\" > <div class=\"gallery-row\" style=\"width: 860px; height: 713px;\" data-original-width=\"860\" data-original-height=\"713\" > <div class=\"gallery-group images-1\" style=\"width: 550px; height: 713px;\" data-original-width=\"550\" data-original-height=\"713\" > <div class=\"tiled-gallery-item tiled-gallery-item-large\" itemprop=\"associatedMedia\" itemscope itemtype=\"http:\/\/schema.org\/ImageObject\"> <a href=\"https:\/\/sarimelekler.biz\/?attachment_id=15889\" border=\"0\" itemprop=\"url\"> <meta itemprop=\"width\" content=\"546\"> <meta itemprop=\"height\" content=\"709\"> <img decoding=\"async\" class=\"\" data-attachment-id=\"15889\" data-orig-file=\"https:\/\/sarimelekler.biz\/wp-content\/uploads\/2021\/07\/21-22-Sezon-Oncesi-5.jpg\" data-orig-size=\"1500,1948\" data-comments-opened=\"\" data-image-meta=\"{&quot;aperture&quot;:&quot;0&quot;,&quot;credit&quot;:&quot;&quot;,&quot;camera&quot;:&quot;&quot;,&quot;caption&quot;:&quot;&quot;,&quot;created_timestamp&quot;:&quot;0&quot;,&quot;copyright&quot;:&quot;&quot;,&quot;focal_length&quot;:&quot;0&quot;,&quot;iso&quot;:&quot;0&quot;,&quot;shutter_speed&quot;:&quot;0&quot;,&quot;title&quot;:&quot;&quot;,&quot;orientation&quot;:&quot;1&quot;}\" data-image-title=\"21-22 Sezon \u00d6ncesi (5)\" data-image-description=\"\" data-medium-file=\"https:\/\/sarimelekler.biz\/wp-content\/uploads\/2021\/07\/21-22-Sezon-Oncesi-5-231x300.jpg\" data-large-file=\"https:\/\/sarimelekler.biz\/wp-content\/uploads\/2021\/07\/21-22-Sezon-Oncesi-5-789x1024.jpg\" src=\"https:\/\/i0.wp.com\/sarimelekler.biz\/wp-content\/uploads\/2021\/07\/21-22-Sezon-Oncesi-5.jpg?w=546&#038;h=709&#038;ssl=1\" srcset=\"https:\/\/sarimelekler.biz\/wp-content\/uploads\/2021\/07\/21-22-Sezon-Oncesi-5.jpg 1500w, https:\/\/sarimelekler.biz\/wp-content\/uploads\/2021\/07\/21-22-Sezon-Oncesi-5-231x300.jpg 231w, https:\/\/sarimelekler.biz\/wp-content\/uploads\/2021\/07\/21-22-Sezon-Oncesi-5-789x1024.jpg 789w, https:\/\/sarimelekler.biz\/wp-content\/uploads\/2021\/07\/21-22-Sezon-Oncesi-5-768x997.jpg 768w, https:\/\/sarimelekler.biz\/wp-content\/uploads\/2021\/07\/21-22-Sezon-Oncesi-5-1183x1536.jpg 1183w, https:\/\/sarimelekler.biz\/wp-content\/uploads\/2021\/07\/21-22-Sezon-Oncesi-5-116x150.jpg 116w\" width=\"546\" height=\"709\" loading=\"lazy\" data-original-width=\"546\" data-original-height=\"709\" itemprop=\"http:\/\/schema.org\/image\" title=\"21-22 Sezon \u00d6ncesi (5)\" alt=\"21-22 Sezon \u00d6ncesi (5)\" style=\"width: 546px; height: 709px;\" \/> <\/a> <\/div> <\/div> <!-- close group --> <div class=\"gallery-group images-3\" style=\"width: 310px; height: 713px;\" data-original-width=\"310\" data-original-height=\"713\" > <div class=\"tiled-gallery-item tiled-gallery-item-large\" itemprop=\"associatedMedia\" itemscope itemtype=\"http:\/\/schema.org\/ImageObject\"> <a href=\"https:\/\/sarimelekler.biz\/?attachment_id=15890\" border=\"0\" itemprop=\"url\"> <meta itemprop=\"width\" content=\"306\"> <meta itemprop=\"height\" content=\"226\"> <img decoding=\"async\" class=\"\" data-attachment-id=\"15890\" data-orig-file=\"https:\/\/sarimelekler.biz\/wp-content\/uploads\/2021\/07\/21-22-Sezon-Oncesi-6.jpg\" data-orig-size=\"1500,1107\" data-comments-opened=\"\" data-image-meta=\"{&quot;aperture&quot;:&quot;0&quot;,&quot;credit&quot;:&quot;&quot;,&quot;camera&quot;:&quot;&quot;,&quot;caption&quot;:&quot;&quot;,&quot;created_timestamp&quot;:&quot;0&quot;,&quot;copyright&quot;:&quot;&quot;,&quot;focal_length&quot;:&quot;0&quot;,&quot;iso&quot;:&quot;0&quot;,&quot;shutter_speed&quot;:&quot;0&quot;,&quot;title&quot;:&quot;&quot;,&quot;orientation&quot;:&quot;1&quot;}\" data-image-title=\"21-22 Sezon \u00d6ncesi (6)\" data-image-description=\"\" data-medium-file=\"https:\/\/sarimelekler.biz\/wp-content\/uploads\/2021\/07\/21-22-Sezon-Oncesi-6-300x221.jpg\" data-large-file=\"https:\/\/sarimelekler.biz\/wp-content\/uploads\/2021\/07\/21-22-Sezon-Oncesi-6-1024x756.jpg\" src=\"https:\/\/i0.wp.com\/sarimelekler.biz\/wp-content\/uploads\/2021\/07\/21-22-Sezon-Oncesi-6.jpg?w=306&#038;h=226&#038;ssl=1\" srcset=\"https:\/\/sarimelekler.biz\/wp-content\/uploads\/2021\/07\/21-22-Sezon-Oncesi-6.jpg 1500w, https:\/\/sarimelekler.biz\/wp-content\/uploads\/2021\/07\/21-22-Sezon-Oncesi-6-300x221.jpg 300w, https:\/\/sarimelekler.biz\/wp-content\/uploads\/2021\/07\/21-22-Sezon-Oncesi-6-1024x756.jpg 1024w, https:\/\/sarimelekler.biz\/wp-content\/uploads\/2021\/07\/21-22-Sezon-Oncesi-6-768x567.jpg 768w, https:\/\/sarimelekler.biz\/wp-content\/uploads\/2021\/07\/21-22-Sezon-Oncesi-6-150x111.jpg 150w\" width=\"306\" height=\"226\" loading=\"lazy\" data-original-width=\"306\" data-original-height=\"226\" itemprop=\"http:\/\/schema.org\/image\" title=\"21-22 Sezon \u00d6ncesi (6)\" alt=\"21-22 Sezon \u00d6ncesi (6)\" style=\"width: 306px; height: 226px;\" \/> <\/a> <\/div> <div class=\"tiled-gallery-item tiled-gallery-item-large\" itemprop=\"associatedMedia\" itemscope itemtype=\"http:\/\/schema.org\/ImageObject\"> <a href=\"https:\/\/sarimelekler.biz\/?attachment_id=15891\" border=\"0\" itemprop=\"url\"> <meta itemprop=\"width\" content=\"306\"> <meta itemprop=\"height\" content=\"271\"> <img decoding=\"async\" class=\"\" data-attachment-id=\"15891\" data-orig-file=\"https:\/\/sarimelekler.biz\/wp-content\/uploads\/2021\/07\/21-22-Sezon-Oncesi-7.jpg\" data-orig-size=\"1500,1329\" data-comments-opened=\"\" data-image-meta=\"{&quot;aperture&quot;:&quot;0&quot;,&quot;credit&quot;:&quot;&quot;,&quot;camera&quot;:&quot;&quot;,&quot;caption&quot;:&quot;&quot;,&quot;created_timestamp&quot;:&quot;0&quot;,&quot;copyright&quot;:&quot;&quot;,&quot;focal_length&quot;:&quot;0&quot;,&quot;iso&quot;:&quot;0&quot;,&quot;shutter_speed&quot;:&quot;0&quot;,&quot;title&quot;:&quot;&quot;,&quot;orientation&quot;:&quot;1&quot;}\" data-image-title=\"21-22 Sezon \u00d6ncesi (7)\" data-image-description=\"\" data-medium-file=\"https:\/\/sarimelekler.biz\/wp-content\/uploads\/2021\/07\/21-22-Sezon-Oncesi-7-300x266.jpg\" data-large-file=\"https:\/\/sarimelekler.biz\/wp-content\/uploads\/2021\/07\/21-22-Sezon-Oncesi-7-1024x907.jpg\" src=\"https:\/\/i0.wp.com\/sarimelekler.biz\/wp-content\/uploads\/2021\/07\/21-22-Sezon-Oncesi-7.jpg?w=306&#038;h=271&#038;ssl=1\" srcset=\"https:\/\/sarimelekler.biz\/wp-content\/uploads\/2021\/07\/21-22-Sezon-Oncesi-7.jpg 1500w, https:\/\/sarimelekler.biz\/wp-content\/uploads\/2021\/07\/21-22-Sezon-Oncesi-7-300x266.jpg 300w, https:\/\/sarimelekler.biz\/wp-content\/uploads\/2021\/07\/21-22-Sezon-Oncesi-7-1024x907.jpg 1024w, https:\/\/sarimelekler.biz\/wp-content\/uploads\/2021\/07\/21-22-Sezon-Oncesi-7-768x680.jpg 768w, https:\/\/sarimelekler.biz\/wp-content\/uploads\/2021\/07\/21-22-Sezon-Oncesi-7-150x133.jpg 150w\" width=\"306\" height=\"271\" loading=\"lazy\" data-original-width=\"306\" data-original-height=\"271\" itemprop=\"http:\/\/schema.org\/image\" title=\"21-22 Sezon \u00d6ncesi (7)\" alt=\"21-22 Sezon \u00d6ncesi (7)\" style=\"width: 306px; height: 271px;\" \/> <\/a> <\/div> <div class=\"tiled-gallery-item tiled-gallery-item-large\" itemprop=\"associatedMedia\" itemscope itemtype=\"http:\/\/schema.org\/ImageObject\"> <a href=\"https:\/\/sarimelekler.biz\/?attachment_id=15892\" border=\"0\" itemprop=\"url\"> <meta itemprop=\"width\" content=\"306\"> <meta itemprop=\"height\" content=\"204\"> <img decoding=\"async\" class=\"\" data-attachment-id=\"15892\" data-orig-file=\"https:\/\/sarimelekler.biz\/wp-content\/uploads\/2021\/07\/21-22-Sezon-Oncesi-8.jpg\" data-orig-size=\"1500,997\" data-comments-opened=\"\" data-image-meta=\"{&quot;aperture&quot;:&quot;0&quot;,&quot;credit&quot;:&quot;&quot;,&quot;camera&quot;:&quot;&quot;,&quot;caption&quot;:&quot;&quot;,&quot;created_timestamp&quot;:&quot;0&quot;,&quot;copyright&quot;:&quot;&quot;,&quot;focal_length&quot;:&quot;0&quot;,&quot;iso&quot;:&quot;0&quot;,&quot;shutter_speed&quot;:&quot;0&quot;,&quot;title&quot;:&quot;&quot;,&quot;orientation&quot;:&quot;1&quot;}\" data-image-title=\"21-22 Sezon \u00d6ncesi (8)\" data-image-description=\"\" data-medium-file=\"https:\/\/sarimelekler.biz\/wp-content\/uploads\/2021\/07\/21-22-Sezon-Oncesi-8-300x199.jpg\" data-large-file=\"https:\/\/sarimelekler.biz\/wp-content\/uploads\/2021\/07\/21-22-Sezon-Oncesi-8-1024x681.jpg\" src=\"https:\/\/i0.wp.com\/sarimelekler.biz\/wp-content\/uploads\/2021\/07\/21-22-Sezon-Oncesi-8.jpg?w=306&#038;h=204&#038;ssl=1\" srcset=\"https:\/\/sarimelekler.biz\/wp-content\/uploads\/2021\/07\/21-22-Sezon-Oncesi-8.jpg 1500w, https:\/\/sarimelekler.biz\/wp-content\/uploads\/2021\/07\/21-22-Sezon-Oncesi-8-300x199.jpg 300w, https:\/\/sarimelekler.biz\/wp-content\/uploads\/2021\/07\/21-22-Sezon-Oncesi-8-1024x681.jpg 1024w, https:\/\/sarimelekler.biz\/wp-content\/uploads\/2021\/07\/21-22-Sezon-Oncesi-8-768x510.jpg 768w, https:\/\/sarimelekler.biz\/wp-content\/uploads\/2021\/07\/21-22-Sezon-Oncesi-8-150x100.jpg 150w\" width=\"306\" height=\"204\" loading=\"lazy\" data-original-width=\"306\" data-original-height=\"204\" itemprop=\"http:\/\/schema.org\/image\" title=\"21-22 Sezon \u00d6ncesi (8)\" alt=\"21-22 Sezon \u00d6ncesi (8)\" style=\"width: 306px; height: 204px;\" \/> <\/a> <\/div> <\/div> <!-- close group --> <\/div> <!-- close row --> <div class=\"gallery-row\" style=\"width: 860px; height: 454px;\" data-original-width=\"860\" data-original-height=\"454\" > <div class=\"gallery-group images-1\" style=\"width: 570px; height: 454px;\" data-original-width=\"570\" data-original-height=\"454\" > <div class=\"tiled-gallery-item tiled-gallery-item-large\" itemprop=\"associatedMedia\" itemscope itemtype=\"http:\/\/schema.org\/ImageObject\"> <a href=\"https:\/\/sarimelekler.biz\/?attachment_id=15893\" border=\"0\" itemprop=\"url\"> <meta itemprop=\"width\" content=\"566\"> <meta itemprop=\"height\" content=\"450\"> <img decoding=\"async\" class=\"\" data-attachment-id=\"15893\" data-orig-file=\"https:\/\/sarimelekler.biz\/wp-content\/uploads\/2021\/07\/21-22-Sezon-Oncesi-9.jpg\" data-orig-size=\"1500,1192\" data-comments-opened=\"\" data-image-meta=\"{&quot;aperture&quot;:&quot;0&quot;,&quot;credit&quot;:&quot;&quot;,&quot;camera&quot;:&quot;&quot;,&quot;caption&quot;:&quot;&quot;,&quot;created_timestamp&quot;:&quot;0&quot;,&quot;copyright&quot;:&quot;&quot;,&quot;focal_length&quot;:&quot;0&quot;,&quot;iso&quot;:&quot;0&quot;,&quot;shutter_speed&quot;:&quot;0&quot;,&quot;title&quot;:&quot;&quot;,&quot;orientation&quot;:&quot;1&quot;}\" data-image-title=\"21-22 Sezon \u00d6ncesi (9)\" data-image-description=\"\" data-medium-file=\"https:\/\/sarimelekler.biz\/wp-content\/uploads\/2021\/07\/21-22-Sezon-Oncesi-9-300x238.jpg\" data-large-file=\"https:\/\/sarimelekler.biz\/wp-content\/uploads\/2021\/07\/21-22-Sezon-Oncesi-9-1024x814.jpg\" src=\"https:\/\/i0.wp.com\/sarimelekler.biz\/wp-content\/uploads\/2021\/07\/21-22-Sezon-Oncesi-9.jpg?w=566&#038;h=450&#038;ssl=1\" srcset=\"https:\/\/sarimelekler.biz\/wp-content\/uploads\/2021\/07\/21-22-Sezon-Oncesi-9.jpg 1500w, https:\/\/sarimelekler.biz\/wp-content\/uploads\/2021\/07\/21-22-Sezon-Oncesi-9-300x238.jpg 300w, https:\/\/sarimelekler.biz\/wp-content\/uploads\/2021\/07\/21-22-Sezon-Oncesi-9-1024x814.jpg 1024w, https:\/\/sarimelekler.biz\/wp-content\/uploads\/2021\/07\/21-22-Sezon-Oncesi-9-768x610.jpg 768w, https:\/\/sarimelekler.biz\/wp-content\/uploads\/2021\/07\/21-22-Sezon-Oncesi-9-150x119.jpg 150w\" width=\"566\" height=\"450\" loading=\"lazy\" data-original-width=\"566\" data-original-height=\"450\" itemprop=\"http:\/\/schema.org\/image\" title=\"21-22 Sezon \u00d6ncesi (9)\" alt=\"21-22 Sezon \u00d6ncesi (9)\" style=\"width: 566px; height: 450px;\" \/> <\/a> <\/div> <\/div> <!-- close group --> <div class=\"gallery-group images-2\" style=\"width: 290px; height: 454px;\" data-original-width=\"290\" data-original-height=\"454\" > <div class=\"tiled-gallery-item tiled-gallery-item-large\" itemprop=\"associatedMedia\" itemscope itemtype=\"http:\/\/schema.org\/ImageObject\"> <a href=\"https:\/\/sarimelekler.biz\/?attachment_id=15894\" border=\"0\" itemprop=\"url\"> <meta itemprop=\"width\" content=\"286\"> <meta itemprop=\"height\" content=\"214\"> <img decoding=\"async\" class=\"\" data-attachment-id=\"15894\" data-orig-file=\"https:\/\/sarimelekler.biz\/wp-content\/uploads\/2021\/07\/21-22-Sezon-Oncesi-10.jpg\" data-orig-size=\"1500,1122\" data-comments-opened=\"\" data-image-meta=\"{&quot;aperture&quot;:&quot;0&quot;,&quot;credit&quot;:&quot;&quot;,&quot;camera&quot;:&quot;&quot;,&quot;caption&quot;:&quot;&quot;,&quot;created_timestamp&quot;:&quot;0&quot;,&quot;copyright&quot;:&quot;&quot;,&quot;focal_length&quot;:&quot;0&quot;,&quot;iso&quot;:&quot;0&quot;,&quot;shutter_speed&quot;:&quot;0&quot;,&quot;title&quot;:&quot;&quot;,&quot;orientation&quot;:&quot;1&quot;}\" data-image-title=\"21-22 Sezon \u00d6ncesi (10)\" data-image-description=\"\" data-medium-file=\"https:\/\/sarimelekler.biz\/wp-content\/uploads\/2021\/07\/21-22-Sezon-Oncesi-10-300x224.jpg\" data-large-file=\"https:\/\/sarimelekler.biz\/wp-content\/uploads\/2021\/07\/21-22-Sezon-Oncesi-10-1024x766.jpg\" src=\"https:\/\/i0.wp.com\/sarimelekler.biz\/wp-content\/uploads\/2021\/07\/21-22-Sezon-Oncesi-10.jpg?w=286&#038;h=214&#038;ssl=1\" srcset=\"https:\/\/sarimelekler.biz\/wp-content\/uploads\/2021\/07\/21-22-Sezon-Oncesi-10.jpg 1500w, https:\/\/sarimelekler.biz\/wp-content\/uploads\/2021\/07\/21-22-Sezon-Oncesi-10-300x224.jpg 300w, https:\/\/sarimelekler.biz\/wp-content\/uploads\/2021\/07\/21-22-Sezon-Oncesi-10-1024x766.jpg 1024w, https:\/\/sarimelekler.biz\/wp-content\/uploads\/2021\/07\/21-22-Sezon-Oncesi-10-768x574.jpg 768w, https:\/\/sarimelekler.biz\/wp-content\/uploads\/2021\/07\/21-22-Sezon-Oncesi-10-150x112.jpg 150w\" width=\"286\" height=\"214\" loading=\"lazy\" data-original-width=\"286\" data-original-height=\"214\" itemprop=\"http:\/\/schema.org\/image\" title=\"21-22 Sezon \u00d6ncesi (10)\" alt=\"21-22 Sezon \u00d6ncesi (10)\" style=\"width: 286px; height: 214px;\" \/> <\/a> <\/div> <div class=\"tiled-gallery-item tiled-gallery-item-large\" itemprop=\"associatedMedia\" itemscope itemtype=\"http:\/\/schema.org\/ImageObject\"> <a href=\"https:\/\/sarimelekler.biz\/?attachment_id=15895\" border=\"0\" itemprop=\"url\"> <meta itemprop=\"width\" content=\"286\"> <meta itemprop=\"height\" content=\"232\"> <img decoding=\"async\" class=\"\" data-attachment-id=\"15895\" data-orig-file=\"https:\/\/sarimelekler.biz\/wp-content\/uploads\/2021\/07\/21-22-Sezon-Oncesi-11.jpg\" data-orig-size=\"1500,1218\" data-comments-opened=\"\" data-image-meta=\"{&quot;aperture&quot;:&quot;0&quot;,&quot;credit&quot;:&quot;&quot;,&quot;camera&quot;:&quot;&quot;,&quot;caption&quot;:&quot;&quot;,&quot;created_timestamp&quot;:&quot;0&quot;,&quot;copyright&quot;:&quot;&quot;,&quot;focal_length&quot;:&quot;0&quot;,&quot;iso&quot;:&quot;0&quot;,&quot;shutter_speed&quot;:&quot;0&quot;,&quot;title&quot;:&quot;&quot;,&quot;orientation&quot;:&quot;1&quot;}\" data-image-title=\"21-22 Sezon \u00d6ncesi (11)\" data-image-description=\"\" data-medium-file=\"https:\/\/sarimelekler.biz\/wp-content\/uploads\/2021\/07\/21-22-Sezon-Oncesi-11-300x244.jpg\" data-large-file=\"https:\/\/sarimelekler.biz\/wp-content\/uploads\/2021\/07\/21-22-Sezon-Oncesi-11-1024x831.jpg\" src=\"https:\/\/i0.wp.com\/sarimelekler.biz\/wp-content\/uploads\/2021\/07\/21-22-Sezon-Oncesi-11.jpg?w=286&#038;h=232&#038;ssl=1\" srcset=\"https:\/\/sarimelekler.biz\/wp-content\/uploads\/2021\/07\/21-22-Sezon-Oncesi-11.jpg 1500w, https:\/\/sarimelekler.biz\/wp-content\/uploads\/2021\/07\/21-22-Sezon-Oncesi-11-300x244.jpg 300w, https:\/\/sarimelekler.biz\/wp-content\/uploads\/2021\/07\/21-22-Sezon-Oncesi-11-1024x831.jpg 1024w, https:\/\/sarimelekler.biz\/wp-content\/uploads\/2021\/07\/21-22-Sezon-Oncesi-11-768x624.jpg 768w, https:\/\/sarimelekler.biz\/wp-content\/uploads\/2021\/07\/21-22-Sezon-Oncesi-11-150x122.jpg 150w\" width=\"286\" height=\"232\" loading=\"lazy\" data-original-width=\"286\" data-original-height=\"232\" itemprop=\"http:\/\/schema.org\/image\" title=\"21-22 Sezon \u00d6ncesi (11)\" alt=\"21-22 Sezon \u00d6ncesi (11)\" style=\"width: 286px; height: 232px;\" \/> <\/a> <\/div> <\/div> <!-- close group --> <\/div> <!-- close row --> <\/div>\n<p>Kaynak:<a href=\"https:\/\/www.fenerbahce.org\/haberler\/voleybol-kadin\/2021\/7\/fenerbahce-opet-sezonu-acti\" target=\"_blank\" rel=\"noopener\">\u00a0Fenerbah\u00e7e SK Resmi \u0130nternet Sitesi<\/a><\/p>\n<p style=\"text-align: right;\">27.07.2021<\/p>\n","protected":false},"excerpt":{"rendered":"<p>Kad\u0131n Voleybol Tak\u0131m\u0131m\u0131z Fenerbah\u00e7e Opet, yeni sezon \u00e7al\u0131\u015fmalar\u0131na ba\u015flad\u0131. Sar\u0131 \u2026 <a class=\"continue-reading-link\" href=\"https:\/\/sarimelekler.biz\/?p=15888\">Okumaya Devam Et.. <span class=\"meta-nav\">&rarr; <\/span><\/a><\/p>\n","protected":false},"author":1,"featured_media":15896,"comment_status":"closed","ping_status":"open","sticky":false,"template":"","format":"standard","meta":{"jetpack_post_was_ever_published":false,"_jetpack_newsletter_access":"","_jetpack_dont_email_post_to_subs":false,"_jetpack_newsletter_tier_id":0,"_jetpack_memberships_contains_paywalled_content":false,"_jetpack_memberships_contains_paid_content":false,"footnotes":"","jetpack_publicize_message":"","jetpack_publicize_feature_enabled":true,"jetpack_social_post_already_shared":true,"jetpack_social_options":{"image_generator_settings":{"template":"highway","default_image_id":0,"font":"","enabled":false},"version":2}},"categories":[6],"tags":[],"class_list":["post-15888","post","type-post","status-publish","format-standard","has-post-thumbnail","hentry","category-turkiye-ligi"],"jetpack_publicize_connections":[],"jetpack_featured_media_url":"https:\/\/sarimelekler.biz\/wp-content\/uploads\/2021\/07\/21-22-Sezon-Oncesi-5-Kapak.jpg","jetpack_sharing_enabled":true,"jetpack_shortlink":"https:\/\/wp.me\/p8npUZ-48g","jetpack-related-posts":[{"id":6713,"url":"https:\/\/sarimelekler.biz\/?p=6713","url_meta":{"origin":15888,"position":0},"title":"Sar\u0131 Melekler Sezonu A\u00e7t\u0131","author":"Edit\u00f6r","date":"3 Eyl\u00fcl 2018","format":false,"excerpt":"Fenerbah\u00e7e Bayan Voleybol Tak\u0131m\u0131m\u0131z, yeni sezon \u00e7al\u0131\u015fmalar\u0131na ba\u015flad\u0131. Sezonun ilk antrenman\u0131n\u0131 Voleybol \u015eubemizden Sorumlu Y\u00f6netim Kurulu \u00dcyemiz Simla T\u00fcrker Bayaz\u0131t da takip etti. Gelecek sezon 3 kulvarda birden m\u00fccadele edecek Sar\u0131 Melekler, 2018-2019 sezonun start\u0131n\u0131 bug\u00fcn verdi. Derea\u011fz\u0131 Lefter K\u00fc\u00e7\u00fckandonyadis Tesislerimizde yap\u0131lan antrenman \u00f6ncesi teknik heyet ve oyuncularla bir araya\u2026","rel":"","context":"&quot;Haberler&quot; i\u00e7inde","block_context":{"text":"Haberler","link":"https:\/\/sarimelekler.biz\/?cat=7"},"img":{"alt_text":"","src":"https:\/\/i0.wp.com\/sarimelekler.biz\/wp-content\/uploads\/2018\/09\/sezon-a%C3%A7%C4%B1l%C4%B1%C5%9F%C4%B1-kapak.jpg?resize=350%2C200&ssl=1","width":350,"height":200,"srcset":"https:\/\/i0.wp.com\/sarimelekler.biz\/wp-content\/uploads\/2018\/09\/sezon-a%C3%A7%C4%B1l%C4%B1%C5%9F%C4%B1-kapak.jpg?resize=350%2C200&ssl=1 1x, https:\/\/i0.wp.com\/sarimelekler.biz\/wp-content\/uploads\/2018\/09\/sezon-a%C3%A7%C4%B1l%C4%B1%C5%9F%C4%B1-kapak.jpg?resize=525%2C300&ssl=1 1.5x, https:\/\/i0.wp.com\/sarimelekler.biz\/wp-content\/uploads\/2018\/09\/sezon-a%C3%A7%C4%B1l%C4%B1%C5%9F%C4%B1-kapak.jpg?resize=700%2C400&ssl=1 2x, https:\/\/i0.wp.com\/sarimelekler.biz\/wp-content\/uploads\/2018\/09\/sezon-a%C3%A7%C4%B1l%C4%B1%C5%9F%C4%B1-kapak.jpg?resize=1050%2C600&ssl=1 3x, https:\/\/i0.wp.com\/sarimelekler.biz\/wp-content\/uploads\/2018\/09\/sezon-a%C3%A7%C4%B1l%C4%B1%C5%9F%C4%B1-kapak.jpg?resize=1400%2C800&ssl=1 4x"},"classes":[]},{"id":11466,"url":"https:\/\/sarimelekler.biz\/?p=11466","url_meta":{"origin":15888,"position":1},"title":"Sar\u0131 Melekler Yeni Sezona Topuk Yaylas\u0131\u2019nda Haz\u0131rlan\u0131yor","author":"Edit\u00f6r","date":"30 A\u011fustos 2019","format":false,"excerpt":"Fenerbah\u00e7e Kad\u0131n Voleybol Tak\u0131m\u0131m\u0131z yeni sezona D\u00fczce\u2019nin Kayna\u015fl\u0131 il\u00e7esinde bulunan Serkan Acar Resort&Sport Topuk Yaylas\u0131\u2019nda haz\u0131rlan\u0131yor. M\u00fccadele edece\u011fi 3 kulvarda da ba\u015far\u0131 hedefleyen Sar\u0131 Melekler, sezonu 15 A\u011fustos\u2019ta Derea\u011fz\u0131 Lefter K\u00fc\u00e7\u00fckandonyadis Tesislerimizde yapt\u0131\u011f\u0131 antrenmanla a\u00e7t\u0131. \u00c7al\u0131\u015fmalar\u0131n\u0131n \u0130stanbul etab\u0131n\u0131n ard\u0131ndan 1 haftal\u0131k kamp i\u00e7in 26 A\u011fustos 2019 Pazartesi g\u00fcn\u00fc Serkan Acar\u2026","rel":"","context":"&quot;Haberler&quot; i\u00e7inde","block_context":{"text":"Haberler","link":"https:\/\/sarimelekler.biz\/?cat=7"},"img":{"alt_text":"","src":"https:\/\/i0.wp.com\/sarimelekler.biz\/wp-content\/uploads\/2019\/08\/19-20-Topuk-Yaylas%C4%B1-11.png?resize=350%2C200&ssl=1","width":350,"height":200,"srcset":"https:\/\/i0.wp.com\/sarimelekler.biz\/wp-content\/uploads\/2019\/08\/19-20-Topuk-Yaylas%C4%B1-11.png?resize=350%2C200&ssl=1 1x, https:\/\/i0.wp.com\/sarimelekler.biz\/wp-content\/uploads\/2019\/08\/19-20-Topuk-Yaylas%C4%B1-11.png?resize=525%2C300&ssl=1 1.5x, https:\/\/i0.wp.com\/sarimelekler.biz\/wp-content\/uploads\/2019\/08\/19-20-Topuk-Yaylas%C4%B1-11.png?resize=700%2C400&ssl=1 2x, https:\/\/i0.wp.com\/sarimelekler.biz\/wp-content\/uploads\/2019\/08\/19-20-Topuk-Yaylas%C4%B1-11.png?resize=1050%2C600&ssl=1 3x"},"classes":[]},{"id":6793,"url":"https:\/\/sarimelekler.biz\/?p=6793","url_meta":{"origin":15888,"position":2},"title":"Sar\u0131 Melekler yeni sezona Topuk Yaylas\u0131\u2019nda haz\u0131rlan\u0131yor","author":"Edit\u00f6r","date":"11 Eyl\u00fcl 2018","format":false,"excerpt":"Fenerbah\u00e7e Kad\u0131n Voleybol Tak\u0131m\u0131m\u0131z yeni sezona D\u00fczce'nin Kayna\u015fl\u0131 il\u00e7esinde bulunan Serkan Acar Resort&Sport Topuk Yaylas\u0131\u2019nda haz\u0131rlan\u0131yor. M\u00fccadele edece\u011fi 3 kulvarda da ba\u015far\u0131 hedefleyen Sar\u0131 Melekler, sezonu ge\u00e7ti\u011fimiz hafta Derea\u011fz\u0131 Lefter K\u00fc\u00e7\u00fckandonyadis Tesislerimizde yapt\u0131\u011f\u0131 antrenmanla a\u00e7t\u0131. 1 haftal\u0131k \u00e7al\u0131\u015fman\u0131n ard\u0131ndan kafilemiz sabah saatlerinde Topuk Yaylas\u0131'n\u0131n yolunu tuttu. Burada 1 hafta kamp\u2026","rel":"","context":"&quot;Haberler&quot; i\u00e7inde","block_context":{"text":"Haberler","link":"https:\/\/sarimelekler.biz\/?cat=7"},"img":{"alt_text":"","src":"https:\/\/i0.wp.com\/sarimelekler.biz\/wp-content\/uploads\/2018\/09\/de6p8071_61622_7310361.jpg?resize=350%2C200&ssl=1","width":350,"height":200,"srcset":"https:\/\/i0.wp.com\/sarimelekler.biz\/wp-content\/uploads\/2018\/09\/de6p8071_61622_7310361.jpg?resize=350%2C200&ssl=1 1x, https:\/\/i0.wp.com\/sarimelekler.biz\/wp-content\/uploads\/2018\/09\/de6p8071_61622_7310361.jpg?resize=525%2C300&ssl=1 1.5x, https:\/\/i0.wp.com\/sarimelekler.biz\/wp-content\/uploads\/2018\/09\/de6p8071_61622_7310361.jpg?resize=700%2C400&ssl=1 2x, https:\/\/i0.wp.com\/sarimelekler.biz\/wp-content\/uploads\/2018\/09\/de6p8071_61622_7310361.jpg?resize=1050%2C600&ssl=1 3x, https:\/\/i0.wp.com\/sarimelekler.biz\/wp-content\/uploads\/2018\/09\/de6p8071_61622_7310361.jpg?resize=1400%2C800&ssl=1 4x"},"classes":[]},{"id":11405,"url":"https:\/\/sarimelekler.biz\/?p=11405","url_meta":{"origin":15888,"position":3},"title":"Sar\u0131 Melekler  yeni sezon \u00e7al\u0131\u015fmalar\u0131na ba\u015flad\u0131.","author":"Edit\u00f6r","date":"15 A\u011fustos 2019","format":false,"excerpt":"Kad\u0131n Voleybol Tak\u0131m\u0131m\u0131z Fenerbah\u00e7e Opet \u00a02019-2020 sezonu ilk antrenman\u0131n\u0131 Derea\u011fz\u0131 Lefter K\u00fc\u00e7\u00fckandonyadis Tesisleri\u2019nde ger\u00e7ekle\u015ftirdi. S\u0131rbistan milli tak\u0131m\u0131n\u0131 \u00e7al\u0131\u015ft\u0131ran Ba\u015fantren\u00f6r Zoran Terzic'in yoklu\u011funda yard\u0131mc\u0131s\u0131 Salih Tavac\u0131 y\u00f6netiminde ger\u00e7ekle\u015ftirilen \u00e7al\u0131\u015fmaya milli oyuncular kaptan Eda Erdem D\u00fcndar, Naz Aydemir Akyol, Fatma Y\u0131ld\u0131r\u0131m, Aylin Sar\u0131o\u011flu, Kelsey Robinson ve Brankica Mihajlovic kat\u0131lmad\u0131. Yakla\u015f\u0131k 1 bu\u00e7uk\u2026","rel":"","context":"&quot;Haberler&quot; i\u00e7inde","block_context":{"text":"Haberler","link":"https:\/\/sarimelekler.biz\/?cat=7"},"img":{"alt_text":"","src":"https:\/\/i0.wp.com\/sarimelekler.biz\/wp-content\/uploads\/2019\/08\/19-20-Sezon-A%C3%A7%C4%B1l%C4%B1%C5%9F%C4%B1-13.jpg?resize=350%2C200&ssl=1","width":350,"height":200,"srcset":"https:\/\/i0.wp.com\/sarimelekler.biz\/wp-content\/uploads\/2019\/08\/19-20-Sezon-A%C3%A7%C4%B1l%C4%B1%C5%9F%C4%B1-13.jpg?resize=350%2C200&ssl=1 1x, https:\/\/i0.wp.com\/sarimelekler.biz\/wp-content\/uploads\/2019\/08\/19-20-Sezon-A%C3%A7%C4%B1l%C4%B1%C5%9F%C4%B1-13.jpg?resize=525%2C300&ssl=1 1.5x, https:\/\/i0.wp.com\/sarimelekler.biz\/wp-content\/uploads\/2019\/08\/19-20-Sezon-A%C3%A7%C4%B1l%C4%B1%C5%9F%C4%B1-13.jpg?resize=700%2C400&ssl=1 2x, https:\/\/i0.wp.com\/sarimelekler.biz\/wp-content\/uploads\/2019\/08\/19-20-Sezon-A%C3%A7%C4%B1l%C4%B1%C5%9F%C4%B1-13.jpg?resize=1050%2C600&ssl=1 3x, https:\/\/i0.wp.com\/sarimelekler.biz\/wp-content\/uploads\/2019\/08\/19-20-Sezon-A%C3%A7%C4%B1l%C4%B1%C5%9F%C4%B1-13.jpg?resize=1400%2C800&ssl=1 4x"},"classes":[]},{"id":15899,"url":"https:\/\/sarimelekler.biz\/?p=15899","url_meta":{"origin":15888,"position":4},"title":"Sar\u0131 Melekler Yeni Sezon Haz\u0131rl\u0131klar\u0131n\u0131 S\u00fcrd\u00fcr\u00fcyor","author":"Edit\u00f6r","date":"28 Temmuz 2021","format":false,"excerpt":"Yeni sezon haz\u0131rl\u0131klar\u0131na 27 Temmuz Sal\u0131 g\u00fcn\u00fc Fenerbah\u00e7e Derea\u011fz\u0131 Lefter K\u00fc\u00e7\u00fckandonyadis Tesislerimizde yapt\u0131\u011f\u0131 \u00e7al\u0131\u015fmayla ba\u015flayan Fenerbah\u00e7e Opet Kad\u0131n Voleybol Tak\u0131m\u0131m\u0131z, haz\u0131rl\u0131klar\u0131n\u0131 s\u00fcrd\u00fcr\u00fcyor. S\u0131rbistan milli tak\u0131m\u0131n\u0131 \u00e7al\u0131\u015ft\u0131ran Ba\u015fantren\u00f6r Zoran Terzic'in yoklu\u011funda yard\u0131mc\u0131s\u0131 Salih Tavac\u0131 y\u00f6netimindeki antrenmana milli oyuncular kaptan Eda Erdem D\u00fcndar, Naz Aydemir Akyol, Meliha \u0130smailo\u011flu, Anna Lazareva, Mina Popovic,\u2026","rel":"","context":"&quot;T\u00fcrkiye Ligi&quot; i\u00e7inde","block_context":{"text":"T\u00fcrkiye Ligi","link":"https:\/\/sarimelekler.biz\/?cat=6"},"img":{"alt_text":"","src":"https:\/\/i0.wp.com\/sarimelekler.biz\/wp-content\/uploads\/2021\/07\/21-22-Sezon-Oncesi-12-scaled.jpg?resize=350%2C200&ssl=1","width":350,"height":200,"srcset":"https:\/\/i0.wp.com\/sarimelekler.biz\/wp-content\/uploads\/2021\/07\/21-22-Sezon-Oncesi-12-scaled.jpg?resize=350%2C200&ssl=1 1x, https:\/\/i0.wp.com\/sarimelekler.biz\/wp-content\/uploads\/2021\/07\/21-22-Sezon-Oncesi-12-scaled.jpg?resize=525%2C300&ssl=1 1.5x, https:\/\/i0.wp.com\/sarimelekler.biz\/wp-content\/uploads\/2021\/07\/21-22-Sezon-Oncesi-12-scaled.jpg?resize=700%2C400&ssl=1 2x, https:\/\/i0.wp.com\/sarimelekler.biz\/wp-content\/uploads\/2021\/07\/21-22-Sezon-Oncesi-12-scaled.jpg?resize=1050%2C600&ssl=1 3x, https:\/\/i0.wp.com\/sarimelekler.biz\/wp-content\/uploads\/2021\/07\/21-22-Sezon-Oncesi-12-scaled.jpg?resize=1400%2C800&ssl=1 4x"},"classes":[]},{"id":6834,"url":"https:\/\/sarimelekler.biz\/?p=6834","url_meta":{"origin":15888,"position":5},"title":"Sar\u0131 Melekler yeni sezon haz\u0131rl\u0131klar\u0131n\u0131 s\u00fcrd\u00fcr\u00fcyor","author":"Edit\u00f6r","date":"22 Eyl\u00fcl 2018","format":false,"excerpt":"Ge\u00e7ti\u011fimiz hafta sonu Topuk Yaylas\u0131 Tesislerinde ger\u00e7ekle\u015ftirilen kamptan d\u00f6nen Fenerbah\u00e7e Kad\u0131n Voleybol Tak\u0131m\u0131m\u0131z, yeni sezon haz\u0131rl\u0131klar\u0131n\u0131 Derea\u011fz\u0131 Lefter K\u00fc\u00e7\u00fckandonyadis Tesislerimizde yapt\u0131\u011f\u0131 antrenmanlarla s\u00fcrd\u00fcr\u00fcyor. Antrenmanlara \u015fuan Milli Tak\u0131m Kamp\u0131nda bulunan kaptan\u0131m\u0131z Eda Erdem D\u00fcndar ile Samantha Bricio kat\u0131lm\u0131yor. Devam eden antrenmanlara ge\u00e7ti\u011fmiz g\u00fcnlerde Voleybol \u015eubesi Yard\u0131mc\u0131s\u0131 Muhittin \u0130lker Din\u00e7ay ile haz\u0131rl\u0131k\u2026","rel":"","context":"&quot;Haberler&quot; i\u00e7inde","block_context":{"text":"Haberler","link":"https:\/\/sarimelekler.biz\/?cat=7"},"img":{"alt_text":"","src":"https:\/\/i0.wp.com\/sarimelekler.biz\/wp-content\/uploads\/2018\/09\/DnoHLZUXsAEvomD.jpg-large.jpg?resize=350%2C200&ssl=1","width":350,"height":200,"srcset":"https:\/\/i0.wp.com\/sarimelekler.biz\/wp-content\/uploads\/2018\/09\/DnoHLZUXsAEvomD.jpg-large.jpg?resize=350%2C200&ssl=1 1x, https:\/\/i0.wp.com\/sarimelekler.biz\/wp-content\/uploads\/2018\/09\/DnoHLZUXsAEvomD.jpg-large.jpg?resize=525%2C300&ssl=1 1.5x, https:\/\/i0.wp.com\/sarimelekler.biz\/wp-content\/uploads\/2018\/09\/DnoHLZUXsAEvomD.jpg-large.jpg?resize=700%2C400&ssl=1 2x, https:\/\/i0.wp.com\/sarimelekler.biz\/wp-content\/uploads\/2018\/09\/DnoHLZUXsAEvomD.jpg-large.jpg?resize=1050%2C600&ssl=1 3x, https:\/\/i0.wp.com\/sarimelekler.biz\/wp-content\/uploads\/2018\/09\/DnoHLZUXsAEvomD.jpg-large.jpg?resize=1400%2C800&ssl=1 4x"},"classes":[]}],"_links":{"self":[{"href":"https:\/\/sarimelekler.biz\/index.php?rest_route=\/wp\/v2\/posts\/15888","targetHints":{"allow":["GET"]}}],"collection":[{"href":"https:\/\/sarimelekler.biz\/index.php?rest_route=\/wp\/v2\/posts"}],"about":[{"href":"https:\/\/sarimelekler.biz\/index.php?rest_route=\/wp\/v2\/types\/post"}],"author":[{"embeddable":true,"href":"https:\/\/sarimelekler.biz\/index.php?rest_route=\/wp\/v2\/users\/1"}],"replies":[{"embeddable":true,"href":"https:\/\/sarimelekler.biz\/index.php?rest_route=%2Fwp%2Fv2%2Fcomments&post=15888"}],"version-history":[{"count":2,"href":"https:\/\/sarimelekler.biz\/index.php?rest_route=\/wp\/v2\/posts\/15888\/revisions"}],"predecessor-version":[{"id":15898,"href":"https:\/\/sarimelekler.biz\/index.php?rest_route=\/wp\/v2\/posts\/15888\/revisions\/15898"}],"wp:featuredmedia":[{"embeddable":true,"href":"https:\/\/sarimelekler.biz\/index.php?rest_route=\/wp\/v2\/media\/15896"}],"wp:attachment":[{"href":"https:\/\/sarimelekler.biz\/index.php?rest_route=%2Fwp%2Fv2%2Fmedia&parent=15888"}],"wp:term":[{"taxonomy":"category","embeddable":true,"href":"https:\/\/sarimelekler.biz\/index.php?rest_route=%2Fwp%2Fv2%2Fcategories&post=15888"},{"taxonomy":"post_tag","embeddable":true,"href":"https:\/\/sarimelekler.biz\/index.php?rest_route=%2Fwp%2Fv2%2Ftags&post=15888"}],"curies":[{"name":"wp","href":"https:\/\/api.w.org\/{rel}","templated":true}]}}