{"id":15933,"date":"2021-08-11T19:40:03","date_gmt":"2021-08-11T16:40:03","guid":{"rendered":"https:\/\/sarimelekler.biz\/?p=15933"},"modified":"2021-08-11T19:40:17","modified_gmt":"2021-08-11T16:40:17","slug":"geri-donduk-sari-melekler-dunya-kulupler-voleybol-sampiyonasinda-yer-alacak","status":"publish","type":"post","link":"https:\/\/sarimelekler.biz\/?p=15933","title":{"rendered":"Geri D\u00f6nd\u00fck! Sar\u0131 Melekler D\u00fcnya Kul\u00fcpler Voleybol \u015eampiyonas\u0131&#8217;nda Yer Alacak"},"content":{"rendered":"\n<p>\u00a0<\/p>\n<p style=\"text-align: justify;\">Son y\u0131llarda hem salon voleybolunda hem de plaj voleybolunda uluslararas\u0131 seviyede bir\u00e7ok \u00f6nemli organizasyona ev sahipli\u011fi yapan T\u00fcrkiye, bu y\u0131l 14-19 Aral\u0131k 2021 tarihlerinde d\u00fczenlenecek FIVB Kad\u0131nlar D\u00fcnya Kul\u00fcpler Voleybol \u015eampiyonas\u0131\u2019na ev sahipli\u011fi yapacak. \u015eampiyonada Fenerbah\u00e7e Opet Kad\u0131n Voleybol Tak\u0131m\u0131m\u0131z da yer alacak.<\/p>\n<p style=\"text-align: justify;\">Uluslararas\u0131 Voleybol Federasyonu (FIVB) taraf\u0131ndan 1991 y\u0131l\u0131ndan bu yana organize edilen D\u00fcnya Kul\u00fcpler \u015eampiyonas\u0131\u2019nda Kad\u0131n Voleybol Tak\u0131m\u0131m\u0131z 2010 y\u0131l\u0131nda \u015fampiyonluk, 2012 y\u0131l\u0131nda ise \u00fc\u00e7\u00fcnc\u00fcl\u00fck elde etmi\u015fti.<\/p>\n<p style=\"text-align: justify;\">Tak\u0131m\u0131m\u0131za Ba\u015far\u0131lar Dileriz.<\/p>\n<p>Kaynak:\u00a0<a href=\"https:\/\/www.fenerbahce.org\/haberler\/voleybol-kadin\/2021\/8\/fenerbahce-opet-fivb-kadinlar-dunya-kulupler-voleybol-sampiyonasi-na-katilacak\" target=\"_blank\" rel=\"noopener\">Fenerbah\u00e7e SK Resmi \u0130nternet Sitesi<\/a><\/p>\n","protected":false},"excerpt":{"rendered":"<p>\u00a0 Son y\u0131llarda hem salon voleybolunda hem de plaj voleybolunda \u2026 <a class=\"continue-reading-link\" href=\"https:\/\/sarimelekler.biz\/?p=15933\">Okumaya Devam Et.. <span class=\"meta-nav\">&rarr; <\/span><\/a><\/p>\n","protected":false},"author":1,"featured_media":15935,"comment_status":"closed","ping_status":"open","sticky":false,"template":"","format":"standard","meta":{"jetpack_post_was_ever_published":false,"_jetpack_newsletter_access":"","_jetpack_dont_email_post_to_subs":false,"_jetpack_newsletter_tier_id":0,"_jetpack_memberships_contains_paywalled_content":false,"_jetpack_memberships_contains_paid_content":false,"footnotes":"","jetpack_publicize_message":"","jetpack_publicize_feature_enabled":true,"jetpack_social_post_already_shared":true,"jetpack_social_options":{"image_generator_settings":{"template":"highway","default_image_id":0,"font":"","enabled":false},"version":2}},"categories":[1],"tags":[],"class_list":["post-15933","post","type-post","status-publish","format-standard","has-post-thumbnail","hentry","category-avp"],"jetpack_publicize_connections":[],"jetpack_featured_media_url":"https:\/\/sarimelekler.biz\/wp-content\/uploads\/2021\/08\/FIVB-Kupa.jpg","jetpack_sharing_enabled":true,"jetpack_shortlink":"https:\/\/wp.me\/p8npUZ-48Z","jetpack-related-posts":[{"id":16591,"url":"https:\/\/sarimelekler.biz\/?p=16591","url_meta":{"origin":15933,"position":0},"title":"D\u00fcnya Kul\u00fcpler Voleybol \u015eampiyonas\u0131\u2019n\u0131n Gruplar\u0131 ve Fikst\u00fcr\u00fc Belli Oldu","author":"Edit\u00f6r","date":"4 Kas\u0131m 2021","format":false,"excerpt":"D\u00fcnyan\u0131n \u00f6nemli organizasyonlar\u0131 aras\u0131nda g\u00f6sterilen FIVB Kad\u0131nlar D\u00fcnya Kul\u00fcpler \u015eampiyonas\u0131, 14-19 Aral\u0131k 2021 tarihleri aras\u0131nda Ankara\u2019da d\u00fczenlenecek. Fenerbah\u00e7e Opet Kad\u0131n Voleybol Tak\u0131m\u0131m\u0131z\u0131n da yer ald\u0131\u011f\u0131 \u015fampiyonan\u0131n gruplar\u0131 ve ma\u00e7 takvimi belli oldu. A Grubu: Fenerbah\u00e7e Opet Carraro Imoco Conegliano (\u0130talya) Dentil Praia Clube (Brezilya) B Grubu: Minas Tenis Clube (Brezilya)\u2026","rel":"","context":"&quot;Avrupa Kupalar\u0131&quot; i\u00e7inde","block_context":{"text":"Avrupa Kupalar\u0131","link":"https:\/\/sarimelekler.biz\/?cat=1"},"img":{"alt_text":"","src":"https:\/\/i0.wp.com\/sarimelekler.biz\/wp-content\/uploads\/2021\/08\/FIVB-Kupa.jpg?resize=350%2C200&ssl=1","width":350,"height":200,"srcset":"https:\/\/i0.wp.com\/sarimelekler.biz\/wp-content\/uploads\/2021\/08\/FIVB-Kupa.jpg?resize=350%2C200&ssl=1 1x, https:\/\/i0.wp.com\/sarimelekler.biz\/wp-content\/uploads\/2021\/08\/FIVB-Kupa.jpg?resize=525%2C300&ssl=1 1.5x, https:\/\/i0.wp.com\/sarimelekler.biz\/wp-content\/uploads\/2021\/08\/FIVB-Kupa.jpg?resize=700%2C400&ssl=1 2x, https:\/\/i0.wp.com\/sarimelekler.biz\/wp-content\/uploads\/2021\/08\/FIVB-Kupa.jpg?resize=1050%2C600&ssl=1 3x"},"classes":[]},{"id":17112,"url":"https:\/\/sarimelekler.biz\/?p=17112","url_meta":{"origin":15933,"position":1},"title":"Kaptan\u0131m\u0131z Eda Erdem D\u00fcndar &#8220;2021 Y\u0131l\u0131n\u0131n En \u0130yi 12 Kad\u0131n Voleybolcusu&#8221; Listesinde Yer Ald\u0131","author":"Edit\u00f6r","date":"12 Ocak 2022","format":false,"excerpt":"Fenerbah\u00e7e Opet ve A Milli Kad\u0131n Voleybol Tak\u0131m\u0131m\u0131z\u0131n kaptan\u0131 Eda Erdem D\u00fcndar, FIVB'nin \"2021 y\u0131l\u0131n\u0131n en iyi 12 kad\u0131n voleybolcusu\" listesinde yer ald\u0131.Volleyball World taraf\u0131ndan Milletler Ligi, Avrupa \u015eampiyonas\u0131 ve Tokyo Olimpiyat Oyunlar\u0131 gibi 2021 y\u0131l\u0131n\u0131n en \u00f6nemli spor organizasyonlar\u0131 baz al\u0131narak haz\u0131rlanan \u2018The #BestOf2021\u2019 listesinde Kaptan\u0131m\u0131z Eda Erdem D\u00fcndar,\u2026","rel":"","context":"&quot;Haberler&quot; i\u00e7inde","block_context":{"text":"Haberler","link":"https:\/\/sarimelekler.biz\/?cat=7"},"img":{"alt_text":"","src":"https:\/\/i0.wp.com\/sarimelekler.biz\/wp-content\/uploads\/2020\/12\/Eda-20-21-CL.png?resize=350%2C200&ssl=1","width":350,"height":200,"srcset":"https:\/\/i0.wp.com\/sarimelekler.biz\/wp-content\/uploads\/2020\/12\/Eda-20-21-CL.png?resize=350%2C200&ssl=1 1x, https:\/\/i0.wp.com\/sarimelekler.biz\/wp-content\/uploads\/2020\/12\/Eda-20-21-CL.png?resize=525%2C300&ssl=1 1.5x, https:\/\/i0.wp.com\/sarimelekler.biz\/wp-content\/uploads\/2020\/12\/Eda-20-21-CL.png?resize=700%2C400&ssl=1 2x, https:\/\/i0.wp.com\/sarimelekler.biz\/wp-content\/uploads\/2020\/12\/Eda-20-21-CL.png?resize=1050%2C600&ssl=1 3x"},"classes":[]},{"id":15204,"url":"https:\/\/sarimelekler.biz\/?p=15204","url_meta":{"origin":15933,"position":2},"title":"Kaptan\u0131m\u0131z Eda Erdem D\u00fcndar, FIVB Taraf\u0131ndan \u2018Tarihin En \u0130yi 100 Oyuncusu\u2019 Listesine Se\u00e7ildi","author":"Edit\u00f6r","date":"4 \u015eubat 2021","format":false,"excerpt":"Fenerbah\u00e7e Opet Kad\u0131n Voleybol Tak\u0131m\u0131m\u0131z ile A Milli Kad\u0131n Voleybol Tak\u0131m\u0131m\u0131z\u0131n kaptan\u0131 Eda Erdem D\u00fcndar, Uluslararas\u0131 Voleybol Federasyonu FIVB taraf\u0131ndan 'Tarihin En \u0130yi 100 Oyuncusu' listesine se\u00e7ildi. FIVB'nin resmi internet sitesinde \u201cSahada, denizde ve hayatta hep d\u00fcmenin ba\u015f\u0131nda\u201d ba\u015fl\u0131\u011f\u0131yla duyurulan haberde Eda Erdem D\u00fcndar'\u0131n ba\u015far\u0131lar\u0131na yer verildi. 2008 y\u0131l\u0131nda Fenerbah\u00e7e\u2026","rel":"","context":"&quot;Haberler&quot; i\u00e7inde","block_context":{"text":"Haberler","link":"https:\/\/sarimelekler.biz\/?cat=7"},"img":{"alt_text":"","src":"https:\/\/i0.wp.com\/sarimelekler.biz\/wp-content\/uploads\/2020\/12\/Eda-20-21-CL.png?resize=350%2C200&ssl=1","width":350,"height":200,"srcset":"https:\/\/i0.wp.com\/sarimelekler.biz\/wp-content\/uploads\/2020\/12\/Eda-20-21-CL.png?resize=350%2C200&ssl=1 1x, https:\/\/i0.wp.com\/sarimelekler.biz\/wp-content\/uploads\/2020\/12\/Eda-20-21-CL.png?resize=525%2C300&ssl=1 1.5x, https:\/\/i0.wp.com\/sarimelekler.biz\/wp-content\/uploads\/2020\/12\/Eda-20-21-CL.png?resize=700%2C400&ssl=1 2x, https:\/\/i0.wp.com\/sarimelekler.biz\/wp-content\/uploads\/2020\/12\/Eda-20-21-CL.png?resize=1050%2C600&ssl=1 3x"},"classes":[]},{"id":9817,"url":"https:\/\/sarimelekler.biz\/?p=9817","url_meta":{"origin":15933,"position":3},"title":"Yeni Sar\u0131 Melek Dobriana Rabadzhieva","author":"Edit\u00f6r","date":"29 Ocak 2019","format":false,"excerpt":"Bug\u00fcn Fenerbah\u00e7e Spor Kul\u00fcb\u00fcm\u00fcz Resmi \u0130nternet Sitesinden yap\u0131lan a\u00e7\u0131klamada Bulgar sma\u00e7\u00f6r Dobriana Rabadzhieva ile anla\u015f\u0131ld\u0131\u011f\u0131 a\u00e7\u0131kland\u0131. Bizde kendisine ho\u015f geldin diyor, Fenerbah\u00e7e kariyerinde ba\u015far\u0131lar diliyoruz. Yap\u0131lan A\u00e7\u0131klama: Kad\u0131n Voleybol Tak\u0131m\u0131m\u0131z Fenerbah\u00e7e Opet, son olarak \u00c7in ekibi Evergrande formas\u0131 giyen sma\u00e7\u00f6r Dobriana Rabadzhieva\u2019y\u0131 renklerine ba\u011flad\u0131. 1991 do\u011fumlu Bulgaristan vatanda\u015f\u0131 Dobriana, Fenerbah\u00e7e\u2026","rel":"","context":"&quot;Haberler&quot; i\u00e7inde","block_context":{"text":"Haberler","link":"https:\/\/sarimelekler.biz\/?cat=7"},"img":{"alt_text":"","src":"https:\/\/i0.wp.com\/sarimelekler.biz\/wp-content\/uploads\/2019\/01\/Dobriana-Rabadzhieva-Kapak.jpg?resize=350%2C200&ssl=1","width":350,"height":200,"srcset":"https:\/\/i0.wp.com\/sarimelekler.biz\/wp-content\/uploads\/2019\/01\/Dobriana-Rabadzhieva-Kapak.jpg?resize=350%2C200&ssl=1 1x, https:\/\/i0.wp.com\/sarimelekler.biz\/wp-content\/uploads\/2019\/01\/Dobriana-Rabadzhieva-Kapak.jpg?resize=525%2C300&ssl=1 1.5x, https:\/\/i0.wp.com\/sarimelekler.biz\/wp-content\/uploads\/2019\/01\/Dobriana-Rabadzhieva-Kapak.jpg?resize=700%2C400&ssl=1 2x, https:\/\/i0.wp.com\/sarimelekler.biz\/wp-content\/uploads\/2019\/01\/Dobriana-Rabadzhieva-Kapak.jpg?resize=1050%2C600&ssl=1 3x, https:\/\/i0.wp.com\/sarimelekler.biz\/wp-content\/uploads\/2019\/01\/Dobriana-Rabadzhieva-Kapak.jpg?resize=1400%2C800&ssl=1 4x"},"classes":[]},{"id":15799,"url":"https:\/\/sarimelekler.biz\/?p=15799","url_meta":{"origin":15933,"position":4},"title":"Gizem \u00d6rge Fenerbah\u00e7e Opet\u2019te","author":"Edit\u00f6r","date":"8 May\u0131s 2021","format":false,"excerpt":"Kul\u00fcb\u00fcm\u00fcz resmi sitesinden yapt\u0131\u011f\u0131 a\u00e7\u0131klamada 1993 do\u011fumlu libero Gizem \u00d6rge ile anla\u015fma sa\u011fland\u0131\u011f\u0131n\u0131 duyurdu. \u00dclkemizin en iyi liberolar\u0131ndan biri olan, D\u00fcnya, Avrupa ve T\u00fcrkiye Ligi\u2019nde \u201cEn \u0130yi Libero\u201d \u00f6d\u00fcllerine sahip Gizem \u00d6rge\u2019yi tak\u0131m\u0131m\u0131za kazand\u0131ran y\u00f6netimimize te\u015fekk\u00fcr ederiz. Oyuncumuza Ba\u015far\u0131lar Dileriz. Kul\u00fcb\u00fcm\u00fczden Yap\u0131lan A\u00e7\u0131klama: Fenerbah\u00e7e Opet Kad\u0131n Voleybol Tak\u0131m\u0131m\u0131z, yeni sezon\u2026","rel":"","context":"&quot;Transfer Haberleri&quot; i\u00e7inde","block_context":{"text":"Transfer Haberleri","link":"https:\/\/sarimelekler.biz\/?cat=23"},"img":{"alt_text":"","src":"https:\/\/i0.wp.com\/sarimelekler.biz\/wp-content\/uploads\/2021\/05\/Gizem-%C3%96rge-Kapak.jpg?resize=350%2C200&ssl=1","width":350,"height":200,"srcset":"https:\/\/i0.wp.com\/sarimelekler.biz\/wp-content\/uploads\/2021\/05\/Gizem-%C3%96rge-Kapak.jpg?resize=350%2C200&ssl=1 1x, https:\/\/i0.wp.com\/sarimelekler.biz\/wp-content\/uploads\/2021\/05\/Gizem-%C3%96rge-Kapak.jpg?resize=525%2C300&ssl=1 1.5x, https:\/\/i0.wp.com\/sarimelekler.biz\/wp-content\/uploads\/2021\/05\/Gizem-%C3%96rge-Kapak.jpg?resize=700%2C400&ssl=1 2x, https:\/\/i0.wp.com\/sarimelekler.biz\/wp-content\/uploads\/2021\/05\/Gizem-%C3%96rge-Kapak.jpg?resize=1050%2C600&ssl=1 3x"},"classes":[]},{"id":15478,"url":"https:\/\/sarimelekler.biz\/?p=15478","url_meta":{"origin":15933,"position":5},"title":"Naz Aydemir Akyol \u201cSon 10 Y\u0131l\u0131n En \u0130yi 100 Oyuncusu\u201d Listesine Se\u00e7ildi","author":"Edit\u00f6r","date":"16 Mart 2021","format":false,"excerpt":"Fenerbah\u00e7e Opet Kad\u0131n Voleybol Tak\u0131m\u0131m\u0131z ile A Milli Kad\u0131n Voleybol Tak\u0131m\u0131m\u0131z\u0131n pas\u00f6r\u00fc Naz Aydemir Akyol, Uluslararas\u0131 Voleybol Federasyonu FIVB taraf\u0131ndan \"Son 10 Y\u0131l\u0131n En \u0130yi 100 Oyuncusu\" listesine se\u00e7ildi. FIVB'nin resmi internet sitesinde \u201cSporcu Bir Aileyi Gururland\u0131rmak\u201d ba\u015fl\u0131\u011f\u0131yla duyurulan haberde Naz Aydemir Akyol\u2019un ba\u015far\u0131lar\u0131na ve voleybol kariyerine yer verildi. Ailesi\u2026","rel":"","context":"&quot;Haberler&quot; i\u00e7inde","block_context":{"text":"Haberler","link":"https:\/\/sarimelekler.biz\/?cat=7"},"img":{"alt_text":"","src":"https:\/\/i0.wp.com\/sarimelekler.biz\/wp-content\/uploads\/2021\/03\/1.jpg?resize=350%2C200&ssl=1","width":350,"height":200,"srcset":"https:\/\/i0.wp.com\/sarimelekler.biz\/wp-content\/uploads\/2021\/03\/1.jpg?resize=350%2C200&ssl=1 1x, https:\/\/i0.wp.com\/sarimelekler.biz\/wp-content\/uploads\/2021\/03\/1.jpg?resize=525%2C300&ssl=1 1.5x, https:\/\/i0.wp.com\/sarimelekler.biz\/wp-content\/uploads\/2021\/03\/1.jpg?resize=700%2C400&ssl=1 2x"},"classes":[]}],"_links":{"self":[{"href":"https:\/\/sarimelekler.biz\/index.php?rest_route=\/wp\/v2\/posts\/15933","targetHints":{"allow":["GET"]}}],"collection":[{"href":"https:\/\/sarimelekler.biz\/index.php?rest_route=\/wp\/v2\/posts"}],"about":[{"href":"https:\/\/sarimelekler.biz\/index.php?rest_route=\/wp\/v2\/types\/post"}],"author":[{"embeddable":true,"href":"https:\/\/sarimelekler.biz\/index.php?rest_route=\/wp\/v2\/users\/1"}],"replies":[{"embeddable":true,"href":"https:\/\/sarimelekler.biz\/index.php?rest_route=%2Fwp%2Fv2%2Fcomments&post=15933"}],"version-history":[{"count":4,"href":"https:\/\/sarimelekler.biz\/index.php?rest_route=\/wp\/v2\/posts\/15933\/revisions"}],"predecessor-version":[{"id":15938,"href":"https:\/\/sarimelekler.biz\/index.php?rest_route=\/wp\/v2\/posts\/15933\/revisions\/15938"}],"wp:featuredmedia":[{"embeddable":true,"href":"https:\/\/sarimelekler.biz\/index.php?rest_route=\/wp\/v2\/media\/15935"}],"wp:attachment":[{"href":"https:\/\/sarimelekler.biz\/index.php?rest_route=%2Fwp%2Fv2%2Fmedia&parent=15933"}],"wp:term":[{"taxonomy":"category","embeddable":true,"href":"https:\/\/sarimelekler.biz\/index.php?rest_route=%2Fwp%2Fv2%2Fcategories&post=15933"},{"taxonomy":"post_tag","embeddable":true,"href":"https:\/\/sarimelekler.biz\/index.php?rest_route=%2Fwp%2Fv2%2Ftags&post=15933"}],"curies":[{"name":"wp","href":"https:\/\/api.w.org\/{rel}","templated":true}]}}