{"id":15939,"date":"2021-08-12T02:10:19","date_gmt":"2021-08-11T23:10:19","guid":{"rendered":"https:\/\/sarimelekler.biz\/?p=15939"},"modified":"2021-08-12T02:11:12","modified_gmt":"2021-08-11T23:11:12","slug":"sari-meleklerin-ceyrek-finalden-katilacagi-axa-sigorta-kupa-voleyde-gruplar-belli-oldu","status":"publish","type":"post","link":"https:\/\/sarimelekler.biz\/?p=15939","title":{"rendered":"Sar\u0131 Melekler\u2019in \u00c7eyrek Finalden Kat\u0131laca\u011f\u0131 Axa Sigorta Kupa Voley\u2019de Gruplar Belli Oldu."},"content":{"rendered":"\n\n\t\t<style type=\"text\/css\">\n\t\t\t#gallery-1 {\n\t\t\t\tmargin: auto;\n\t\t\t}\n\t\t\t#gallery-1 .gallery-item {\n\t\t\t\tfloat: left;\n\t\t\t\tmargin-top: 10px;\n\t\t\t\ttext-align: center;\n\t\t\t\twidth: 100%;\n\t\t\t}\n\t\t\t#gallery-1 img {\n\t\t\t\tborder: 2px solid #cfcfcf;\n\t\t\t}\n\t\t\t#gallery-1 .gallery-caption {\n\t\t\t\tmargin-left: 0;\n\t\t\t}\n\t\t\t\/* see gallery_shortcode() in wp-includes\/media.php *\/\n\t\t<\/style>\n\t\t<div data-carousel-extra='{&quot;blog_id&quot;:1,&quot;permalink&quot;:&quot;https:\/\/sarimelekler.biz\/?p=15939&quot;}' id='gallery-1' class='gallery galleryid-15939 gallery-columns-1 gallery-size-large'><dl class='gallery-item'>\n\t\t\t<dt class='gallery-icon landscape'>\n\t\t\t\t<a href='https:\/\/sarimelekler.biz\/?attachment_id=11250'><img loading=\"lazy\" decoding=\"async\" width=\"860\" height=\"613\" src=\"https:\/\/sarimelekler.biz\/wp-content\/uploads\/2019\/05\/18-19-T\u00fcrkiye-Kupas\u0131-1024x730.jpg\" class=\"attachment-large size-large\" alt=\"\" srcset=\"https:\/\/sarimelekler.biz\/wp-content\/uploads\/2019\/05\/18-19-T\u00fcrkiye-Kupas\u0131-1024x730.jpg 1024w, https:\/\/sarimelekler.biz\/wp-content\/uploads\/2019\/05\/18-19-T\u00fcrkiye-Kupas\u0131-300x214.jpg 300w, https:\/\/sarimelekler.biz\/wp-content\/uploads\/2019\/05\/18-19-T\u00fcrkiye-Kupas\u0131-768x547.jpg 768w, https:\/\/sarimelekler.biz\/wp-content\/uploads\/2019\/05\/18-19-T\u00fcrkiye-Kupas\u0131-150x107.jpg 150w, https:\/\/sarimelekler.biz\/wp-content\/uploads\/2019\/05\/18-19-T\u00fcrkiye-Kupas\u0131.jpg 1200w\" sizes=\"auto, (max-width: 860px) 100vw, 860px\" data-attachment-id=\"11250\" data-permalink=\"https:\/\/sarimelekler.biz\/?attachment_id=11250\" data-orig-file=\"https:\/\/sarimelekler.biz\/wp-content\/uploads\/2019\/05\/18-19-T\u00fcrkiye-Kupas\u0131.jpg\" data-orig-size=\"1200,855\" data-comments-opened=\"0\" data-image-meta=\"{&quot;aperture&quot;:&quot;0&quot;,&quot;credit&quot;:&quot;&quot;,&quot;camera&quot;:&quot;&quot;,&quot;caption&quot;:&quot;&quot;,&quot;created_timestamp&quot;:&quot;0&quot;,&quot;copyright&quot;:&quot;&quot;,&quot;focal_length&quot;:&quot;0&quot;,&quot;iso&quot;:&quot;0&quot;,&quot;shutter_speed&quot;:&quot;0&quot;,&quot;title&quot;:&quot;&quot;,&quot;orientation&quot;:&quot;0&quot;}\" data-image-title=\"T\u00fcrkiye Kupas\u0131 Logo\" data-image-description=\"\" data-image-caption=\"\" data-large-file=\"https:\/\/sarimelekler.biz\/wp-content\/uploads\/2019\/05\/18-19-T\u00fcrkiye-Kupas\u0131-1024x730.jpg\" \/><\/a>\n\t\t\t<\/dt><\/dl><br style=\"clear: both\" \/>\n\t\t<\/div>\n\n<p style=\"text-align: justify;\">Axa Sigorta Kupa Voley ad\u0131 alt\u0131nda d\u00fczenlenen 2021-2022 T\u00fcrkiye Kupas\u0131, Sultanlar liginde bulunan 14 tak\u0131mla oynanacak. 2020-2021 sezon s\u0131ralamas\u0131na g\u00f6re (1. Vak\u0131fbank ve 2. Fenerbah\u00e7e Opet hari\u00e7) di\u011fer tak\u0131mlar serpantin usul\u00fcne g\u00f6re 4\u2019erli 3 gruba ayr\u0131ld\u0131. Gruptaki tak\u0131mlar Federasyonca belirlenen illerde 28-30 Eyl\u00fcl tarihlerinde tek devreli lig usul\u00fc turnuva ma\u00e7lar\u0131 oynayacak.<\/p>\n<p style=\"text-align: justify;\">Gruplar\u0131nda 1. ve 2. olan toplam 6 tak\u0131m \u00c7eyrek Finale y\u00fckselecek. \u00a0\u00c7eyrek Finale do\u011frudan kat\u0131lacak ilk 2 tak\u0131m Vak\u0131fbank ile Fenerbah\u00e7e Opet seri ba\u015f\u0131 olurken di\u011fer tak\u0131mlar kura ile e\u015fle\u015fecek. 05-06 Ocak 2022 tarihlerinde tek ma\u00e7 \u00fczerinden yap\u0131lacak ma\u00e7lar sonunda galip gelen 4 tak\u0131m d\u00f6rtl\u00fc finale y\u00fckselecek. \u00c7eyrek final ma\u00e7lar\u0131 lig s\u0131ralamas\u0131nda \u00fcst s\u0131rada bulunan tak\u0131m\u0131n ev sahipli\u011finde oynanacak.<\/p>\n<p style=\"text-align: justify;\">2022 Mart veya Nisan aylar\u0131nda finaldeki 4 tak\u0131m federasyonca belirlenen ilde ilk g\u00fcn yar\u0131 final ikinci g\u00fcn ise final olmak \u00fczere ma\u00e7lar\u0131 oynayacak ve turnuva tamamlanacak. Turnuva \u015eampiyonu \u00fclkemizi Cev Kupas\u0131nda temsil etmeye hak kazanacak.<\/p>\n<p>Tak\u0131m\u0131m\u0131za Ba\u015far\u0131lar Dileriz.<\/p>\n<p><strong>-Gruplar-<\/strong><\/p>\n\n\t\t<style type=\"text\/css\">\n\t\t\t#gallery-2 {\n\t\t\t\tmargin: auto;\n\t\t\t}\n\t\t\t#gallery-2 .gallery-item {\n\t\t\t\tfloat: left;\n\t\t\t\tmargin-top: 10px;\n\t\t\t\ttext-align: center;\n\t\t\t\twidth: 100%;\n\t\t\t}\n\t\t\t#gallery-2 img {\n\t\t\t\tborder: 2px solid #cfcfcf;\n\t\t\t}\n\t\t\t#gallery-2 .gallery-caption {\n\t\t\t\tmargin-left: 0;\n\t\t\t}\n\t\t\t\/* see gallery_shortcode() in wp-includes\/media.php *\/\n\t\t<\/style>\n\t\t<div data-carousel-extra='{&quot;blog_id&quot;:1,&quot;permalink&quot;:&quot;https:\/\/sarimelekler.biz\/?p=15939&quot;}' id='gallery-2' class='gallery galleryid-15939 gallery-columns-1 gallery-size-large'><dl class='gallery-item'>\n\t\t\t<dt class='gallery-icon landscape'>\n\t\t\t\t<a href='https:\/\/sarimelekler.biz\/?attachment_id=15940'><img loading=\"lazy\" decoding=\"async\" width=\"736\" height=\"140\" src=\"https:\/\/sarimelekler.biz\/wp-content\/uploads\/2021\/08\/Kupa-Voley-Gruplar-21-22.jpg\" class=\"attachment-large size-large\" alt=\"\" srcset=\"https:\/\/sarimelekler.biz\/wp-content\/uploads\/2021\/08\/Kupa-Voley-Gruplar-21-22.jpg 736w, https:\/\/sarimelekler.biz\/wp-content\/uploads\/2021\/08\/Kupa-Voley-Gruplar-21-22-300x57.jpg 300w, https:\/\/sarimelekler.biz\/wp-content\/uploads\/2021\/08\/Kupa-Voley-Gruplar-21-22-150x29.jpg 150w\" sizes=\"auto, (max-width: 736px) 100vw, 736px\" data-attachment-id=\"15940\" data-permalink=\"https:\/\/sarimelekler.biz\/?attachment_id=15940\" data-orig-file=\"https:\/\/sarimelekler.biz\/wp-content\/uploads\/2021\/08\/Kupa-Voley-Gruplar-21-22.jpg\" data-orig-size=\"736,140\" data-comments-opened=\"0\" data-image-meta=\"{&quot;aperture&quot;:&quot;0&quot;,&quot;credit&quot;:&quot;&quot;,&quot;camera&quot;:&quot;&quot;,&quot;caption&quot;:&quot;&quot;,&quot;created_timestamp&quot;:&quot;0&quot;,&quot;copyright&quot;:&quot;&quot;,&quot;focal_length&quot;:&quot;0&quot;,&quot;iso&quot;:&quot;0&quot;,&quot;shutter_speed&quot;:&quot;0&quot;,&quot;title&quot;:&quot;&quot;,&quot;orientation&quot;:&quot;0&quot;}\" data-image-title=\"Kupa Voley Gruplar 21-22\" data-image-description=\"\" data-image-caption=\"\" data-large-file=\"https:\/\/sarimelekler.biz\/wp-content\/uploads\/2021\/08\/Kupa-Voley-Gruplar-21-22.jpg\" \/><\/a>\n\t\t\t<\/dt><\/dl><br style=\"clear: both\" \/>\n\t\t<\/div>\n\n<p style=\"text-align: right;\">12\/08\/2021<\/p>\n<p>\u00a0<\/p>\n","protected":false},"excerpt":{"rendered":"<p>Axa Sigorta Kupa Voley ad\u0131 alt\u0131nda d\u00fczenlenen 2021-2022 T\u00fcrkiye Kupas\u0131, \u2026 <a class=\"continue-reading-link\" href=\"https:\/\/sarimelekler.biz\/?p=15939\">Okumaya Devam Et.. <span class=\"meta-nav\">&rarr; <\/span><\/a><\/p>\n","protected":false},"author":1,"featured_media":11250,"comment_status":"closed","ping_status":"open","sticky":false,"template":"","format":"standard","meta":{"jetpack_post_was_ever_published":false,"_jetpack_newsletter_access":"","_jetpack_dont_email_post_to_subs":false,"_jetpack_newsletter_tier_id":0,"_jetpack_memberships_contains_paywalled_content":false,"_jetpack_memberships_contains_paid_content":false,"footnotes":"","jetpack_publicize_message":"","jetpack_publicize_feature_enabled":true,"jetpack_social_post_already_shared":true,"jetpack_social_options":{"image_generator_settings":{"template":"highway","default_image_id":0,"font":"","enabled":false},"version":2}},"categories":[13],"tags":[],"class_list":["post-15939","post","type-post","status-publish","format-standard","has-post-thumbnail","hentry","category-turkiye-kupasi"],"jetpack_publicize_connections":[],"jetpack_featured_media_url":"https:\/\/sarimelekler.biz\/wp-content\/uploads\/2019\/05\/18-19-T\u00fcrkiye-Kupas\u0131.jpg","jetpack_sharing_enabled":true,"jetpack_shortlink":"https:\/\/wp.me\/p8npUZ-495","jetpack-related-posts":[{"id":10692,"url":"https:\/\/sarimelekler.biz\/?p=10692","url_meta":{"origin":15939,"position":0},"title":"Sar\u0131 Melekler Axa Sigorta Kupa Voley&#8217;de Yar\u0131 Finale Y\u00fckseldi","author":"Edit\u00f6r","date":"22 Mart 2019","format":false,"excerpt":"Fenerbah\u00e7e Opet Kad\u0131n Voleybol Tak\u0131m\u0131m\u0131z \u0130zmir\u2019in ev sahipli\u011finde d\u00fczenlenen Axa Sigorta Kupa Voley (T\u00fcrkiye Kupas\u0131) \u00c7eyrek Final ma\u00e7\u0131nda kar\u015f\u0131la\u015ft\u0131\u011f\u0131 T\u00fcrk Hava Yollar\u0131 tak\u0131m\u0131n\u0131 25 \u2013 17, 25 \u2013 19 ve 25 \u2013 17\u2019lik set skorlar\u0131yla 3-0 ma\u011flup ederek yar\u0131 finale y\u00fckseldi. Ma\u00e7a Polen, Dicle, Bahar, Ana Antonijevic, Bricio, Rabadzhieva ve\u2026","rel":"","context":"&quot;T\u00fcrkiye Kupas\u0131&quot; i\u00e7inde","block_context":{"text":"T\u00fcrkiye Kupas\u0131","link":"https:\/\/sarimelekler.biz\/?cat=13"},"img":{"alt_text":"","src":"https:\/\/i0.wp.com\/sarimelekler.biz\/wp-content\/uploads\/2019\/03\/18-19-TK-1-19.jpg?resize=350%2C200&ssl=1","width":350,"height":200,"srcset":"https:\/\/i0.wp.com\/sarimelekler.biz\/wp-content\/uploads\/2019\/03\/18-19-TK-1-19.jpg?resize=350%2C200&ssl=1 1x, https:\/\/i0.wp.com\/sarimelekler.biz\/wp-content\/uploads\/2019\/03\/18-19-TK-1-19.jpg?resize=525%2C300&ssl=1 1.5x, https:\/\/i0.wp.com\/sarimelekler.biz\/wp-content\/uploads\/2019\/03\/18-19-TK-1-19.jpg?resize=700%2C400&ssl=1 2x, https:\/\/i0.wp.com\/sarimelekler.biz\/wp-content\/uploads\/2019\/03\/18-19-TK-1-19.jpg?resize=1050%2C600&ssl=1 3x, https:\/\/i0.wp.com\/sarimelekler.biz\/wp-content\/uploads\/2019\/03\/18-19-TK-1-19.jpg?resize=1400%2C800&ssl=1 4x"},"classes":[]},{"id":18104,"url":"https:\/\/sarimelekler.biz\/?p=18104","url_meta":{"origin":15939,"position":1},"title":"Misli.com Sultanlar Ligi\u2019nde 2022-23 Sezonu Fikst\u00fcr\u00fc \u00c7ekildi","author":"Edit\u00f6r","date":"11 A\u011fustos 2022","format":false,"excerpt":"Misli.com Sultanlar Ligi\u2019nde 2022-2023 voleybol sezonunun fikst\u00fcr \u00e7ekimi, T\u00fcrkiye Voleybol Federasyonu\u2019nun Ankara Merkez Ofisi\u2019nde yap\u0131ld\u0131. Fenerbah\u00e7e Opet sezonun ilk haftas\u0131nda Eczac\u0131ba\u015f\u0131\u2019n\u0131 konuk edecek. Misli.com Sultanlar Ligi\u2019nde 1. devre kar\u015f\u0131la\u015fmalar\u0131 30 Ekim \u2013 25 Aral\u0131k 2022 tarihleri aras\u0131nda, 2. devre kar\u015f\u0131la\u015fmalar\u0131 7 Ocak \u2013 1 Nisan 2023 tarihleri aras\u0131nda oynanacak. \u00a0\u2026","rel":"","context":"&quot;T\u00fcrkiye Ligi&quot; i\u00e7inde","block_context":{"text":"T\u00fcrkiye Ligi","link":"https:\/\/sarimelekler.biz\/?cat=6"},"img":{"alt_text":"","src":"https:\/\/i0.wp.com\/sarimelekler.biz\/wp-content\/uploads\/2022\/04\/28-21-22-8.jpg?resize=350%2C200&ssl=1","width":350,"height":200,"srcset":"https:\/\/i0.wp.com\/sarimelekler.biz\/wp-content\/uploads\/2022\/04\/28-21-22-8.jpg?resize=350%2C200&ssl=1 1x, https:\/\/i0.wp.com\/sarimelekler.biz\/wp-content\/uploads\/2022\/04\/28-21-22-8.jpg?resize=525%2C300&ssl=1 1.5x, https:\/\/i0.wp.com\/sarimelekler.biz\/wp-content\/uploads\/2022\/04\/28-21-22-8.jpg?resize=700%2C400&ssl=1 2x, https:\/\/i0.wp.com\/sarimelekler.biz\/wp-content\/uploads\/2022\/04\/28-21-22-8.jpg?resize=1050%2C600&ssl=1 3x, https:\/\/i0.wp.com\/sarimelekler.biz\/wp-content\/uploads\/2022\/04\/28-21-22-8.jpg?resize=1400%2C800&ssl=1 4x"},"classes":[]},{"id":12231,"url":"https:\/\/sarimelekler.biz\/?p=12231","url_meta":{"origin":15939,"position":2},"title":"Sar\u0131 Meleklerin CEV \u015eampiyonlar Ligi\u2019ndeki Rakipleri Belli Oldu.","author":"Edit\u00f6r","date":"25 Ekim 2019","format":false,"excerpt":"CEV Kad\u0131nlar ve Erkekler \u015eampiyonlar Ligi kura \u00e7ekimi, Bulgaristan\u2019\u0131n ba\u015fkenti Sofya\u2019da d\u00fczenlenen Avrupa Voleybol Galas\u0131\u2019nda ger\u00e7ekle\u015ftirildi. Fenerbah\u00e7e Opet Kad\u0131n Voleybol Tak\u0131m\u0131m\u0131z, A Grubu\u2019nda Eczac\u0131ba\u015f\u0131 Vitra, Budowlani Lodz (Polonya) ve Salo (Finalndiya) ile e\u015fle\u015fti. Fenerbah\u00e7e HDI Sigorta Erkek Voleybol Tak\u0131m\u0131m\u0131z ise, A Grubu\u2019nda Cucine Lube Civitanova (\u0130talya), Jihostroj Ceske Budejovice (\u00c7ekya),\u2026","rel":"","context":"&quot;Avrupa Kupalar\u0131&quot; i\u00e7inde","block_context":{"text":"Avrupa Kupalar\u0131","link":"https:\/\/sarimelekler.biz\/?cat=1"},"img":{"alt_text":"","src":"https:\/\/i0.wp.com\/sarimelekler.biz\/wp-content\/uploads\/2017\/02\/2011-2012-%C5%9Famp.jpg?resize=350%2C200&ssl=1","width":350,"height":200},"classes":[]},{"id":13825,"url":"https:\/\/sarimelekler.biz\/?p=13825","url_meta":{"origin":15939,"position":3},"title":"Sar\u0131 Melekler Axa Sigorta Kupa Voley&#8217;de 2&#8217;de 2 Yaparak \u00c7eyrek Finale Y\u00fckseldi.","author":"Edit\u00f6r","date":"6 Eyl\u00fcl 2020","format":false,"excerpt":"Fenerbah\u00e7e Opet Kad\u0131n Voleybol Tak\u0131m\u0131m\u0131z AXA Sigorta Kupa Voley turnuvas\u0131 3. g\u00fcn\u00fcnde kar\u015f\u0131la\u015ft\u0131\u011f\u0131 T\u00fcrk Hava Yollar\u0131 tak\u0131m\u0131n\u0131 25 \u2013 22, 32 \u2013 30 ve 25 \u2013 17\u2019lik set skorlar\u0131yla 3-0 yenerek turnuvada puan\u0131n\u0131 6\u2019ya \u00e7\u0131kard\u0131 ve \u00c7eyrek Finale kalmay\u0131 garantiledi. \u00a0Ma\u00e7a Eda, Naz, Dicle, Vargas, Mihajlovic, Busa ve libero Melis\u2026","rel":"","context":"&quot;T\u00fcrkiye Kupas\u0131&quot; i\u00e7inde","block_context":{"text":"T\u00fcrkiye Kupas\u0131","link":"https:\/\/sarimelekler.biz\/?cat=13"},"img":{"alt_text":"","src":"https:\/\/i0.wp.com\/sarimelekler.biz\/wp-content\/uploads\/2020\/09\/02-TK-20-21-15.jpg?resize=350%2C200&ssl=1","width":350,"height":200,"srcset":"https:\/\/i0.wp.com\/sarimelekler.biz\/wp-content\/uploads\/2020\/09\/02-TK-20-21-15.jpg?resize=350%2C200&ssl=1 1x, https:\/\/i0.wp.com\/sarimelekler.biz\/wp-content\/uploads\/2020\/09\/02-TK-20-21-15.jpg?resize=525%2C300&ssl=1 1.5x, https:\/\/i0.wp.com\/sarimelekler.biz\/wp-content\/uploads\/2020\/09\/02-TK-20-21-15.jpg?resize=700%2C400&ssl=1 2x, https:\/\/i0.wp.com\/sarimelekler.biz\/wp-content\/uploads\/2020\/09\/02-TK-20-21-15.jpg?resize=1050%2C600&ssl=1 3x, https:\/\/i0.wp.com\/sarimelekler.biz\/wp-content\/uploads\/2020\/09\/02-TK-20-21-15.jpg?resize=1400%2C800&ssl=1 4x"},"classes":[]},{"id":10686,"url":"https:\/\/sarimelekler.biz\/?p=10686","url_meta":{"origin":15939,"position":4},"title":"AXA Sigorta Kupa Voley (T\u00fcrkiye Kupas\u0131) kad\u0131n final etab\u0131 bas\u0131n toplant\u0131s\u0131 ger\u00e7ekle\u015fti","author":"Edit\u00f6r","date":"21 Mart 2019","format":false,"excerpt":"2018-2019 Voleybol Sezonu AXA Sigorta Kupa Voley Kad\u0131nlar kategorisi final etab\u0131 bas\u0131n toplant\u0131s\u0131, bug\u00fcn (21 Mart 2019, Per\u015fembe), \u0130zmir TVF Atat\u00fcrk Voleybol Salonu Vestel Venus Spor Kompleksi\u2019nde ger\u00e7ekle\u015fti. Toplant\u0131ya; T\u00fcrkiye Voleybol Federasyonu (TVF) Ba\u015fkan\u0131 Mehmet Akif \u00dcst\u00fcnda\u011f, AXA Sigorta CEO\u2019su Yavuz \u00d6lken, Tak\u0131m Kaptan\u0131m\u0131z Eda Erdem D\u00fcndar, Be\u015fikta\u015f Tak\u0131m Kaptan\u0131\u2026","rel":"","context":"&quot;T\u00fcrkiye Kupas\u0131&quot; i\u00e7inde","block_context":{"text":"T\u00fcrkiye Kupas\u0131","link":"https:\/\/sarimelekler.biz\/?cat=13"},"img":{"alt_text":"","src":"https:\/\/i0.wp.com\/sarimelekler.biz\/wp-content\/uploads\/2019\/03\/18-19-TK-2.jpg?resize=350%2C200&ssl=1","width":350,"height":200,"srcset":"https:\/\/i0.wp.com\/sarimelekler.biz\/wp-content\/uploads\/2019\/03\/18-19-TK-2.jpg?resize=350%2C200&ssl=1 1x, https:\/\/i0.wp.com\/sarimelekler.biz\/wp-content\/uploads\/2019\/03\/18-19-TK-2.jpg?resize=525%2C300&ssl=1 1.5x, https:\/\/i0.wp.com\/sarimelekler.biz\/wp-content\/uploads\/2019\/03\/18-19-TK-2.jpg?resize=700%2C400&ssl=1 2x, https:\/\/i0.wp.com\/sarimelekler.biz\/wp-content\/uploads\/2019\/03\/18-19-TK-2.jpg?resize=1050%2C600&ssl=1 3x, https:\/\/i0.wp.com\/sarimelekler.biz\/wp-content\/uploads\/2019\/03\/18-19-TK-2.jpg?resize=1400%2C800&ssl=1 4x"},"classes":[]},{"id":17711,"url":"https:\/\/sarimelekler.biz\/?p=17711","url_meta":{"origin":15939,"position":5},"title":"AXA Sigorta Kupa Voley Final Etab\u0131\u2019n\u0131n Bas\u0131n Toplant\u0131s\u0131 Yap\u0131ld\u0131","author":"Edit\u00f6r","date":"14 Nisan 2022","format":false,"excerpt":"2021-2022 voleybol sezonu Kad\u0131nlar AXA Sigorta Kupa Voley Final Etab\u0131\u2019n\u0131n bas\u0131n toplant\u0131s\u0131, Ankara Volley Hotel\u2019de bulunan toplant\u0131 salonunda ger\u00e7ekle\u015fti. Toplant\u0131ya; T\u00fcrkiye Voleybol Federasyonu (TVF) Ba\u015fkan\u0131 Liglerden Sorumlu Asba\u015fkan\u0131 Ahmet G\u00f6ksu, AXA Sigorta Sat\u0131\u015f ve Pazarlama Ba\u015fkan\u0131 ve \u0130cra Kurulu \u00dcyesi Firuzan \u0130\u015fcan, Fenerbah\u00e7e Opet Tak\u0131m Kaptan\u0131 Eda Erdem D\u00fcndar, Ezcac\u0131ba\u015f\u0131\u2026","rel":"","context":"&quot;T\u00fcrkiye Ligi&quot; i\u00e7inde","block_context":{"text":"T\u00fcrkiye Ligi","link":"https:\/\/sarimelekler.biz\/?cat=6"},"img":{"alt_text":"","src":"https:\/\/i0.wp.com\/sarimelekler.biz\/wp-content\/uploads\/2022\/04\/Tr-Kupasi-Basin-Toplantisi-21-22-5.jpg?resize=350%2C200&ssl=1","width":350,"height":200,"srcset":"https:\/\/i0.wp.com\/sarimelekler.biz\/wp-content\/uploads\/2022\/04\/Tr-Kupasi-Basin-Toplantisi-21-22-5.jpg?resize=350%2C200&ssl=1 1x, https:\/\/i0.wp.com\/sarimelekler.biz\/wp-content\/uploads\/2022\/04\/Tr-Kupasi-Basin-Toplantisi-21-22-5.jpg?resize=525%2C300&ssl=1 1.5x, https:\/\/i0.wp.com\/sarimelekler.biz\/wp-content\/uploads\/2022\/04\/Tr-Kupasi-Basin-Toplantisi-21-22-5.jpg?resize=700%2C400&ssl=1 2x, https:\/\/i0.wp.com\/sarimelekler.biz\/wp-content\/uploads\/2022\/04\/Tr-Kupasi-Basin-Toplantisi-21-22-5.jpg?resize=1050%2C600&ssl=1 3x, https:\/\/i0.wp.com\/sarimelekler.biz\/wp-content\/uploads\/2022\/04\/Tr-Kupasi-Basin-Toplantisi-21-22-5.jpg?resize=1400%2C800&ssl=1 4x"},"classes":[]}],"_links":{"self":[{"href":"https:\/\/sarimelekler.biz\/index.php?rest_route=\/wp\/v2\/posts\/15939","targetHints":{"allow":["GET"]}}],"collection":[{"href":"https:\/\/sarimelekler.biz\/index.php?rest_route=\/wp\/v2\/posts"}],"about":[{"href":"https:\/\/sarimelekler.biz\/index.php?rest_route=\/wp\/v2\/types\/post"}],"author":[{"embeddable":true,"href":"https:\/\/sarimelekler.biz\/index.php?rest_route=\/wp\/v2\/users\/1"}],"replies":[{"embeddable":true,"href":"https:\/\/sarimelekler.biz\/index.php?rest_route=%2Fwp%2Fv2%2Fcomments&post=15939"}],"version-history":[{"count":3,"href":"https:\/\/sarimelekler.biz\/index.php?rest_route=\/wp\/v2\/posts\/15939\/revisions"}],"predecessor-version":[{"id":15943,"href":"https:\/\/sarimelekler.biz\/index.php?rest_route=\/wp\/v2\/posts\/15939\/revisions\/15943"}],"wp:featuredmedia":[{"embeddable":true,"href":"https:\/\/sarimelekler.biz\/index.php?rest_route=\/wp\/v2\/media\/11250"}],"wp:attachment":[{"href":"https:\/\/sarimelekler.biz\/index.php?rest_route=%2Fwp%2Fv2%2Fmedia&parent=15939"}],"wp:term":[{"taxonomy":"category","embeddable":true,"href":"https:\/\/sarimelekler.biz\/index.php?rest_route=%2Fwp%2Fv2%2Fcategories&post=15939"},{"taxonomy":"post_tag","embeddable":true,"href":"https:\/\/sarimelekler.biz\/index.php?rest_route=%2Fwp%2Fv2%2Ftags&post=15939"}],"curies":[{"name":"wp","href":"https:\/\/api.w.org\/{rel}","templated":true}]}}