{"id":16040,"date":"2021-09-08T23:32:33","date_gmt":"2021-09-08T20:32:33","guid":{"rendered":"https:\/\/sarimelekler.biz\/?p=16040"},"modified":"2021-09-08T23:32:41","modified_gmt":"2021-09-08T20:32:41","slug":"kaptanimiz-eda-erdem-dundar-ust-uste-4-kez-avrupa-sampiyonasinda-en-iyi-orta-oyuncu-secildi","status":"publish","type":"post","link":"https:\/\/sarimelekler.biz\/?p=16040","title":{"rendered":"Kaptan\u0131m\u0131z Eda Erdem D\u00fcndar, \u00dcst \u00fcste 4. kez Avrupa \u015eampiyonas\u0131&#8217;nda &#8220;En \u0130yi Orta Oyuncu&#8221; Se\u00e7ildi."},"content":{"rendered":"\n<p style=\"text-align: justify;\">Fenerbah\u00e7e Opet ve A Milli Kad\u0131n Voleybol Tak\u0131m\u0131m\u0131z\u0131n kaptan\u0131 Eda Erdem D\u00fcndar, 2021 Avrupa Voleybol \u015eampiyonas\u0131&#8217;nda &#8220;En \u0130yi Orta Oyuncu&#8221; olarak R\u00fcya Tak\u0131ma se\u00e7ildi.<\/p>\n<p style=\"text-align: justify;\">2015, 2017 ve 2019&#8217;un ard\u0131ndan \u00fcst \u00fcste 4. kez en iyiler aras\u0131na giren Kapta Eda Erdem D\u00fcndar, bu unvan\u0131 4 kere \u00fcst \u00fcste kazanan tarihteki ilk voleybolcu oldu.<\/p>\n<p style=\"text-align: justify;\">Hem Fenerbah\u00e7e Opet hem de A Milli Tak\u0131m formas\u0131yla say\u0131s\u0131z ba\u015far\u0131da imzas\u0131 olan Kaptan, bir s\u00fcre \u00f6nce Uluslararas\u0131 Voleybol Federasyonu FIVB taraf\u0131ndan da &#8216;Tarihin En \u0130yi 100 Oyuncusu&#8217; listesine se\u00e7ilmi\u015fti.<\/p>\n<p style=\"text-align: justify;\">Kaptan\u0131m\u0131z\u0131 Tebrik Eder, Ba\u015far\u0131lar\u0131n\u0131n Devam\u0131n\u0131 Dileriz.\u00a0<\/p>\n<div class=\"tiled-gallery type-rectangular tiled-gallery-unresized\" data-original-width=\"860\" data-carousel-extra='{&quot;blog_id&quot;:1,&quot;permalink&quot;:&quot;https:\\\/\\\/sarimelekler.biz\\\/?p=16040&quot;,&quot;likes_blog_id&quot;:123791865}' itemscope itemtype=\"http:\/\/schema.org\/ImageGallery\" > <div class=\"gallery-row\" style=\"width: 860px; height: 726px;\" data-original-width=\"860\" data-original-height=\"726\" > <div class=\"gallery-group images-1\" style=\"width: 546px; height: 726px;\" data-original-width=\"546\" data-original-height=\"726\" > <div class=\"tiled-gallery-item tiled-gallery-item-large\" itemprop=\"associatedMedia\" itemscope itemtype=\"http:\/\/schema.org\/ImageObject\"> <a href=\"https:\/\/sarimelekler.biz\/?attachment_id=11865\" border=\"0\" itemprop=\"url\"> <meta itemprop=\"width\" content=\"542\"> <meta itemprop=\"height\" content=\"722\"> <img decoding=\"async\" class=\"\" data-attachment-id=\"11865\" data-orig-file=\"https:\/\/sarimelekler.biz\/wp-content\/uploads\/2019\/09\/2017-Eda-\u00d6d\u00fcl-1.jpg\" data-orig-size=\"768,1024\" data-comments-opened=\"\" data-image-meta=\"{&quot;aperture&quot;:&quot;0&quot;,&quot;credit&quot;:&quot;&quot;,&quot;camera&quot;:&quot;&quot;,&quot;caption&quot;:&quot;&quot;,&quot;created_timestamp&quot;:&quot;0&quot;,&quot;copyright&quot;:&quot;&quot;,&quot;focal_length&quot;:&quot;0&quot;,&quot;iso&quot;:&quot;0&quot;,&quot;shutter_speed&quot;:&quot;0&quot;,&quot;title&quot;:&quot;&quot;,&quot;orientation&quot;:&quot;0&quot;}\" data-image-title=\"2017 Eda \u00d6d\u00fcl 1\" data-image-description=\"\" data-medium-file=\"https:\/\/sarimelekler.biz\/wp-content\/uploads\/2019\/09\/2017-Eda-\u00d6d\u00fcl-1-225x300.jpg\" data-large-file=\"https:\/\/sarimelekler.biz\/wp-content\/uploads\/2019\/09\/2017-Eda-\u00d6d\u00fcl-1-768x1024.jpg\" src=\"https:\/\/i0.wp.com\/sarimelekler.biz\/wp-content\/uploads\/2019\/09\/2017-Eda-%C3%96d%C3%BCl-1.jpg?w=542&#038;h=722&#038;ssl=1\" width=\"542\" height=\"722\" loading=\"lazy\" data-original-width=\"542\" data-original-height=\"722\" itemprop=\"http:\/\/schema.org\/image\" title=\"2017 Eda \u00d6d\u00fcl 1\" alt=\"2017 Eda \u00d6d\u00fcl 1\" style=\"width: 542px; height: 722px;\" \/> <\/a> <\/div> <\/div> <!-- close group --> <div class=\"gallery-group images-3\" style=\"width: 314px; height: 726px;\" data-original-width=\"314\" data-original-height=\"726\" > <div class=\"tiled-gallery-item tiled-gallery-item-large\" itemprop=\"associatedMedia\" itemscope itemtype=\"http:\/\/schema.org\/ImageObject\"> <a href=\"https:\/\/sarimelekler.biz\/?attachment_id=11596\" border=\"0\" itemprop=\"url\"> <meta itemprop=\"width\" content=\"310\"> <meta itemprop=\"height\" content=\"238\"> <img decoding=\"async\" class=\"\" data-attachment-id=\"11596\" data-orig-file=\"https:\/\/sarimelekler.biz\/wp-content\/uploads\/2019\/09\/Eda-CLw-20.jpg\" data-orig-size=\"2500,1919\" data-comments-opened=\"\" data-image-meta=\"{&quot;aperture&quot;:&quot;3.5&quot;,&quot;credit&quot;:&quot;&quot;,&quot;camera&quot;:&quot;Canon EOS-1D X&quot;,&quot;caption&quot;:&quot;&quot;,&quot;created_timestamp&quot;:&quot;1567968492&quot;,&quot;copyright&quot;:&quot;&quot;,&quot;focal_length&quot;:&quot;300&quot;,&quot;iso&quot;:&quot;2500&quot;,&quot;shutter_speed&quot;:&quot;0.0015625&quot;,&quot;title&quot;:&quot;&quot;,&quot;orientation&quot;:&quot;1&quot;}\" data-image-title=\"Eda CLw (20)\" data-image-description=\"\" data-medium-file=\"https:\/\/sarimelekler.biz\/wp-content\/uploads\/2019\/09\/Eda-CLw-20-300x230.jpg\" data-large-file=\"https:\/\/sarimelekler.biz\/wp-content\/uploads\/2019\/09\/Eda-CLw-20-1024x786.jpg\" src=\"https:\/\/i0.wp.com\/sarimelekler.biz\/wp-content\/uploads\/2019\/09\/Eda-CLw-20.jpg?w=310&#038;h=238&#038;ssl=1\" srcset=\"https:\/\/sarimelekler.biz\/wp-content\/uploads\/2019\/09\/Eda-CLw-20.jpg 2500w, https:\/\/sarimelekler.biz\/wp-content\/uploads\/2019\/09\/Eda-CLw-20-300x230.jpg 300w, https:\/\/sarimelekler.biz\/wp-content\/uploads\/2019\/09\/Eda-CLw-20-768x590.jpg 768w, https:\/\/sarimelekler.biz\/wp-content\/uploads\/2019\/09\/Eda-CLw-20-1024x786.jpg 1024w, https:\/\/sarimelekler.biz\/wp-content\/uploads\/2019\/09\/Eda-CLw-20-150x115.jpg 150w\" width=\"310\" height=\"238\" loading=\"lazy\" data-original-width=\"310\" data-original-height=\"238\" itemprop=\"http:\/\/schema.org\/image\" title=\"Eda CLw (20)\" alt=\"Eda CLw (20)\" style=\"width: 310px; height: 238px;\" \/> <\/a> <\/div> <div class=\"tiled-gallery-item tiled-gallery-item-large\" itemprop=\"associatedMedia\" itemscope itemtype=\"http:\/\/schema.org\/ImageObject\"> <a href=\"https:\/\/sarimelekler.biz\/?attachment_id=11594\" border=\"0\" itemprop=\"url\"> <meta itemprop=\"width\" content=\"310\"> <meta itemprop=\"height\" content=\"207\"> <img decoding=\"async\" class=\"\" data-attachment-id=\"11594\" data-orig-file=\"https:\/\/sarimelekler.biz\/wp-content\/uploads\/2019\/09\/Eda-CLw-18.jpg\" data-orig-size=\"2500,1667\" data-comments-opened=\"\" data-image-meta=\"{&quot;aperture&quot;:&quot;3.5&quot;,&quot;credit&quot;:&quot;&quot;,&quot;camera&quot;:&quot;Canon EOS-1D X&quot;,&quot;caption&quot;:&quot;&quot;,&quot;created_timestamp&quot;:&quot;1567973063&quot;,&quot;copyright&quot;:&quot;&quot;,&quot;focal_length&quot;:&quot;300&quot;,&quot;iso&quot;:&quot;2500&quot;,&quot;shutter_speed&quot;:&quot;0.0015625&quot;,&quot;title&quot;:&quot;&quot;,&quot;orientation&quot;:&quot;1&quot;}\" data-image-title=\"Eda CLw (18)\" data-image-description=\"\" data-medium-file=\"https:\/\/sarimelekler.biz\/wp-content\/uploads\/2019\/09\/Eda-CLw-18-300x200.jpg\" data-large-file=\"https:\/\/sarimelekler.biz\/wp-content\/uploads\/2019\/09\/Eda-CLw-18-1024x683.jpg\" src=\"https:\/\/i0.wp.com\/sarimelekler.biz\/wp-content\/uploads\/2019\/09\/Eda-CLw-18.jpg?w=310&#038;h=207&#038;ssl=1\" srcset=\"https:\/\/sarimelekler.biz\/wp-content\/uploads\/2019\/09\/Eda-CLw-18.jpg 2500w, https:\/\/sarimelekler.biz\/wp-content\/uploads\/2019\/09\/Eda-CLw-18-300x200.jpg 300w, https:\/\/sarimelekler.biz\/wp-content\/uploads\/2019\/09\/Eda-CLw-18-768x512.jpg 768w, https:\/\/sarimelekler.biz\/wp-content\/uploads\/2019\/09\/Eda-CLw-18-1024x683.jpg 1024w, https:\/\/sarimelekler.biz\/wp-content\/uploads\/2019\/09\/Eda-CLw-18-150x100.jpg 150w\" width=\"310\" height=\"207\" loading=\"lazy\" data-original-width=\"310\" data-original-height=\"207\" itemprop=\"http:\/\/schema.org\/image\" title=\"Eda CLw (18)\" alt=\"Eda CLw (18)\" style=\"width: 310px; height: 207px;\" \/> <\/a> <\/div> <div class=\"tiled-gallery-item tiled-gallery-item-large\" itemprop=\"associatedMedia\" itemscope itemtype=\"http:\/\/schema.org\/ImageObject\"> <a href=\"https:\/\/sarimelekler.biz\/?attachment_id=11592\" border=\"0\" itemprop=\"url\"> <meta itemprop=\"width\" content=\"310\"> <meta itemprop=\"height\" content=\"269\"> <img decoding=\"async\" class=\"\" data-attachment-id=\"11592\" data-orig-file=\"https:\/\/sarimelekler.biz\/wp-content\/uploads\/2019\/09\/Eda-CLw-16.jpg\" data-orig-size=\"2500,2166\" data-comments-opened=\"\" data-image-meta=\"{&quot;aperture&quot;:&quot;3.5&quot;,&quot;credit&quot;:&quot;&quot;,&quot;camera&quot;:&quot;Canon EOS-1D X&quot;,&quot;caption&quot;:&quot;&quot;,&quot;created_timestamp&quot;:&quot;1567624443&quot;,&quot;copyright&quot;:&quot;&quot;,&quot;focal_length&quot;:&quot;300&quot;,&quot;iso&quot;:&quot;2500&quot;,&quot;shutter_speed&quot;:&quot;0.0015625&quot;,&quot;title&quot;:&quot;&quot;,&quot;orientation&quot;:&quot;1&quot;}\" data-image-title=\"Eda CLw (16)\" data-image-description=\"\" data-medium-file=\"https:\/\/sarimelekler.biz\/wp-content\/uploads\/2019\/09\/Eda-CLw-16-300x260.jpg\" data-large-file=\"https:\/\/sarimelekler.biz\/wp-content\/uploads\/2019\/09\/Eda-CLw-16-1024x887.jpg\" src=\"https:\/\/i0.wp.com\/sarimelekler.biz\/wp-content\/uploads\/2019\/09\/Eda-CLw-16.jpg?w=310&#038;h=269&#038;ssl=1\" srcset=\"https:\/\/sarimelekler.biz\/wp-content\/uploads\/2019\/09\/Eda-CLw-16.jpg 2500w, https:\/\/sarimelekler.biz\/wp-content\/uploads\/2019\/09\/Eda-CLw-16-300x260.jpg 300w, https:\/\/sarimelekler.biz\/wp-content\/uploads\/2019\/09\/Eda-CLw-16-768x665.jpg 768w, https:\/\/sarimelekler.biz\/wp-content\/uploads\/2019\/09\/Eda-CLw-16-1024x887.jpg 1024w, https:\/\/sarimelekler.biz\/wp-content\/uploads\/2019\/09\/Eda-CLw-16-150x130.jpg 150w\" width=\"310\" height=\"269\" loading=\"lazy\" data-original-width=\"310\" data-original-height=\"269\" itemprop=\"http:\/\/schema.org\/image\" title=\"Eda CLw (16)\" alt=\"Eda CLw (16)\" style=\"width: 310px; height: 269px;\" \/> <\/a> <\/div> <\/div> <!-- close group --> <\/div> <!-- close row --> <div class=\"gallery-row\" style=\"width: 860px; height: 401px;\" data-original-width=\"860\" data-original-height=\"401\" > <div class=\"gallery-group images-1\" style=\"width: 600px; height: 401px;\" data-original-width=\"600\" data-original-height=\"401\" > <div class=\"tiled-gallery-item tiled-gallery-item-large\" itemprop=\"associatedMedia\" itemscope itemtype=\"http:\/\/schema.org\/ImageObject\"> <a href=\"https:\/\/sarimelekler.biz\/?attachment_id=11591\" border=\"0\" itemprop=\"url\"> <meta itemprop=\"width\" content=\"596\"> <meta itemprop=\"height\" content=\"397\"> <img decoding=\"async\" class=\"\" data-attachment-id=\"11591\" data-orig-file=\"https:\/\/sarimelekler.biz\/wp-content\/uploads\/2019\/09\/Eda-CLw-15.jpg\" data-orig-size=\"1200,800\" data-comments-opened=\"\" data-image-meta=\"{&quot;aperture&quot;:&quot;0&quot;,&quot;credit&quot;:&quot;&quot;,&quot;camera&quot;:&quot;&quot;,&quot;caption&quot;:&quot;&quot;,&quot;created_timestamp&quot;:&quot;0&quot;,&quot;copyright&quot;:&quot;&quot;,&quot;focal_length&quot;:&quot;0&quot;,&quot;iso&quot;:&quot;0&quot;,&quot;shutter_speed&quot;:&quot;0&quot;,&quot;title&quot;:&quot;&quot;,&quot;orientation&quot;:&quot;0&quot;}\" data-image-title=\"Eda CLw (15)\" data-image-description=\"\" data-medium-file=\"https:\/\/sarimelekler.biz\/wp-content\/uploads\/2019\/09\/Eda-CLw-15-300x200.jpg\" data-large-file=\"https:\/\/sarimelekler.biz\/wp-content\/uploads\/2019\/09\/Eda-CLw-15-1024x683.jpg\" src=\"https:\/\/i0.wp.com\/sarimelekler.biz\/wp-content\/uploads\/2019\/09\/Eda-CLw-15.jpg?w=596&#038;h=397&#038;ssl=1\" srcset=\"https:\/\/sarimelekler.biz\/wp-content\/uploads\/2019\/09\/Eda-CLw-15.jpg 1200w, https:\/\/sarimelekler.biz\/wp-content\/uploads\/2019\/09\/Eda-CLw-15-300x200.jpg 300w, https:\/\/sarimelekler.biz\/wp-content\/uploads\/2019\/09\/Eda-CLw-15-768x512.jpg 768w, https:\/\/sarimelekler.biz\/wp-content\/uploads\/2019\/09\/Eda-CLw-15-1024x683.jpg 1024w, https:\/\/sarimelekler.biz\/wp-content\/uploads\/2019\/09\/Eda-CLw-15-150x100.jpg 150w\" width=\"596\" height=\"397\" loading=\"lazy\" data-original-width=\"596\" data-original-height=\"397\" itemprop=\"http:\/\/schema.org\/image\" title=\"Eda CLw (15)\" alt=\"Eda CLw (15)\" style=\"width: 596px; height: 397px;\" \/> <\/a> <\/div> <\/div> <!-- close group --> <div class=\"gallery-group images-2\" style=\"width: 260px; height: 401px;\" data-original-width=\"260\" data-original-height=\"401\" > <div class=\"tiled-gallery-item tiled-gallery-item-large\" itemprop=\"associatedMedia\" itemscope itemtype=\"http:\/\/schema.org\/ImageObject\"> <a href=\"https:\/\/sarimelekler.biz\/?attachment_id=11590\" border=\"0\" itemprop=\"url\"> <meta itemprop=\"width\" content=\"256\"> <meta itemprop=\"height\" content=\"171\"> <img decoding=\"async\" class=\"\" data-attachment-id=\"11590\" data-orig-file=\"https:\/\/sarimelekler.biz\/wp-content\/uploads\/2019\/09\/Eda-CLw-14.jpg\" data-orig-size=\"2500,1667\" data-comments-opened=\"\" data-image-meta=\"{&quot;aperture&quot;:&quot;3.5&quot;,&quot;credit&quot;:&quot;&quot;,&quot;camera&quot;:&quot;Canon EOS-1D X&quot;,&quot;caption&quot;:&quot;&quot;,&quot;created_timestamp&quot;:&quot;1567020354&quot;,&quot;copyright&quot;:&quot;&quot;,&quot;focal_length&quot;:&quot;300&quot;,&quot;iso&quot;:&quot;2500&quot;,&quot;shutter_speed&quot;:&quot;0.0015625&quot;,&quot;title&quot;:&quot;&quot;,&quot;orientation&quot;:&quot;1&quot;}\" data-image-title=\"Eda CLw (14)\" data-image-description=\"\" data-medium-file=\"https:\/\/sarimelekler.biz\/wp-content\/uploads\/2019\/09\/Eda-CLw-14-300x200.jpg\" data-large-file=\"https:\/\/sarimelekler.biz\/wp-content\/uploads\/2019\/09\/Eda-CLw-14-1024x683.jpg\" src=\"https:\/\/i0.wp.com\/sarimelekler.biz\/wp-content\/uploads\/2019\/09\/Eda-CLw-14.jpg?w=256&#038;h=171&#038;ssl=1\" srcset=\"https:\/\/sarimelekler.biz\/wp-content\/uploads\/2019\/09\/Eda-CLw-14.jpg 2500w, https:\/\/sarimelekler.biz\/wp-content\/uploads\/2019\/09\/Eda-CLw-14-300x200.jpg 300w, https:\/\/sarimelekler.biz\/wp-content\/uploads\/2019\/09\/Eda-CLw-14-768x512.jpg 768w, https:\/\/sarimelekler.biz\/wp-content\/uploads\/2019\/09\/Eda-CLw-14-1024x683.jpg 1024w, https:\/\/sarimelekler.biz\/wp-content\/uploads\/2019\/09\/Eda-CLw-14-150x100.jpg 150w\" width=\"256\" height=\"171\" loading=\"lazy\" data-original-width=\"256\" data-original-height=\"171\" itemprop=\"http:\/\/schema.org\/image\" title=\"Eda CLw (14)\" alt=\"Eda CLw (14)\" style=\"width: 256px; height: 171px;\" \/> <\/a> <\/div> <div class=\"tiled-gallery-item tiled-gallery-item-large\" itemprop=\"associatedMedia\" itemscope itemtype=\"http:\/\/schema.org\/ImageObject\"> <a href=\"https:\/\/sarimelekler.biz\/?attachment_id=11589\" border=\"0\" itemprop=\"url\"> <meta itemprop=\"width\" content=\"256\"> <meta itemprop=\"height\" content=\"222\"> <img decoding=\"async\" class=\"\" data-attachment-id=\"11589\" data-orig-file=\"https:\/\/sarimelekler.biz\/wp-content\/uploads\/2019\/09\/Eda-CLw-13.jpg\" data-orig-size=\"4094,3559\" data-comments-opened=\"\" data-image-meta=\"{&quot;aperture&quot;:&quot;2.8&quot;,&quot;credit&quot;:&quot;Mert Bulent Ucma TVF&quot;,&quot;camera&quot;:&quot;Canon EOS-1D X Mark II&quot;,&quot;caption&quot;:&quot;&quot;,&quot;created_timestamp&quot;:&quot;1567628004&quot;,&quot;copyright&quot;:&quot;TURKIYE VOLEYBOL FEDERASYONU&quot;,&quot;focal_length&quot;:&quot;300&quot;,&quot;iso&quot;:&quot;2000&quot;,&quot;shutter_speed&quot;:&quot;0.0015625&quot;,&quot;title&quot;:&quot;&quot;,&quot;orientation&quot;:&quot;1&quot;}\" data-image-title=\"Eda CLw (13)\" data-image-description=\"\" data-medium-file=\"https:\/\/sarimelekler.biz\/wp-content\/uploads\/2019\/09\/Eda-CLw-13-300x261.jpg\" data-large-file=\"https:\/\/sarimelekler.biz\/wp-content\/uploads\/2019\/09\/Eda-CLw-13-1024x890.jpg\" src=\"https:\/\/i0.wp.com\/sarimelekler.biz\/wp-content\/uploads\/2019\/09\/Eda-CLw-13.jpg?w=256&#038;h=222&#038;ssl=1\" srcset=\"https:\/\/sarimelekler.biz\/wp-content\/uploads\/2019\/09\/Eda-CLw-13.jpg 4094w, https:\/\/sarimelekler.biz\/wp-content\/uploads\/2019\/09\/Eda-CLw-13-300x261.jpg 300w, https:\/\/sarimelekler.biz\/wp-content\/uploads\/2019\/09\/Eda-CLw-13-768x668.jpg 768w, https:\/\/sarimelekler.biz\/wp-content\/uploads\/2019\/09\/Eda-CLw-13-1024x890.jpg 1024w, https:\/\/sarimelekler.biz\/wp-content\/uploads\/2019\/09\/Eda-CLw-13-150x130.jpg 150w\" width=\"256\" height=\"222\" loading=\"lazy\" data-original-width=\"256\" data-original-height=\"222\" itemprop=\"http:\/\/schema.org\/image\" title=\"Eda CLw (13)\" alt=\"Eda CLw (13)\" style=\"width: 256px; height: 222px;\" \/> <\/a> <\/div> <\/div> <!-- close group --> <\/div> <!-- close row --> <div class=\"gallery-row\" style=\"width: 860px; height: 730px;\" data-original-width=\"860\" data-original-height=\"730\" > <div class=\"gallery-group images-3\" style=\"width: 284px; height: 730px;\" data-original-width=\"284\" data-original-height=\"730\" > <div class=\"tiled-gallery-item tiled-gallery-item-large\" itemprop=\"associatedMedia\" itemscope itemtype=\"http:\/\/schema.org\/ImageObject\"> <a href=\"https:\/\/sarimelekler.biz\/?attachment_id=11588\" border=\"0\" itemprop=\"url\"> <meta itemprop=\"width\" content=\"280\"> <meta itemprop=\"height\" content=\"202\"> <img decoding=\"async\" class=\"\" data-attachment-id=\"11588\" data-orig-file=\"https:\/\/sarimelekler.biz\/wp-content\/uploads\/2019\/09\/Eda-CLw-12.jpg\" data-orig-size=\"4392,3167\" data-comments-opened=\"\" data-image-meta=\"{&quot;aperture&quot;:&quot;2.8&quot;,&quot;credit&quot;:&quot;Mert Bulent Ucma TVF&quot;,&quot;camera&quot;:&quot;Canon EOS-1D X Mark II&quot;,&quot;caption&quot;:&quot;&quot;,&quot;created_timestamp&quot;:&quot;1567890533&quot;,&quot;copyright&quot;:&quot;TURKIYE VOLEYBOL FEDERASYONU&quot;,&quot;focal_length&quot;:&quot;100&quot;,&quot;iso&quot;:&quot;2500&quot;,&quot;shutter_speed&quot;:&quot;0.0015625&quot;,&quot;title&quot;:&quot;&quot;,&quot;orientation&quot;:&quot;1&quot;}\" data-image-title=\"Eda CLw (12)\" data-image-description=\"\" data-medium-file=\"https:\/\/sarimelekler.biz\/wp-content\/uploads\/2019\/09\/Eda-CLw-12-300x216.jpg\" data-large-file=\"https:\/\/sarimelekler.biz\/wp-content\/uploads\/2019\/09\/Eda-CLw-12-1024x738.jpg\" src=\"https:\/\/i0.wp.com\/sarimelekler.biz\/wp-content\/uploads\/2019\/09\/Eda-CLw-12.jpg?w=280&#038;h=202&#038;ssl=1\" srcset=\"https:\/\/sarimelekler.biz\/wp-content\/uploads\/2019\/09\/Eda-CLw-12.jpg 4392w, https:\/\/sarimelekler.biz\/wp-content\/uploads\/2019\/09\/Eda-CLw-12-300x216.jpg 300w, https:\/\/sarimelekler.biz\/wp-content\/uploads\/2019\/09\/Eda-CLw-12-768x554.jpg 768w, https:\/\/sarimelekler.biz\/wp-content\/uploads\/2019\/09\/Eda-CLw-12-1024x738.jpg 1024w, https:\/\/sarimelekler.biz\/wp-content\/uploads\/2019\/09\/Eda-CLw-12-150x108.jpg 150w\" width=\"280\" height=\"202\" loading=\"lazy\" data-original-width=\"280\" data-original-height=\"202\" itemprop=\"http:\/\/schema.org\/image\" title=\"Eda CLw (12)\" alt=\"Eda CLw (12)\" style=\"width: 280px; height: 202px;\" \/> <\/a> <\/div> <div class=\"tiled-gallery-item tiled-gallery-item-large\" itemprop=\"associatedMedia\" itemscope itemtype=\"http:\/\/schema.org\/ImageObject\"> <a href=\"https:\/\/sarimelekler.biz\/?attachment_id=11587\" border=\"0\" itemprop=\"url\"> <meta itemprop=\"width\" content=\"280\"> <meta itemprop=\"height\" content=\"244\"> <img decoding=\"async\" class=\"\" data-attachment-id=\"11587\" data-orig-file=\"https:\/\/sarimelekler.biz\/wp-content\/uploads\/2019\/09\/Eda-CLw-11.jpg\" data-orig-size=\"4199,3648\" data-comments-opened=\"\" data-image-meta=\"{&quot;aperture&quot;:&quot;2.8&quot;,&quot;credit&quot;:&quot;Mert Bulent Ucma TVF&quot;,&quot;camera&quot;:&quot;Canon EOS-1D X Mark II&quot;,&quot;caption&quot;:&quot;&quot;,&quot;created_timestamp&quot;:&quot;1567630446&quot;,&quot;copyright&quot;:&quot;TURKIYE VOLEYBOL FEDERASYONU&quot;,&quot;focal_length&quot;:&quot;98&quot;,&quot;iso&quot;:&quot;2000&quot;,&quot;shutter_speed&quot;:&quot;0.0015625&quot;,&quot;title&quot;:&quot;&quot;,&quot;orientation&quot;:&quot;1&quot;}\" data-image-title=\"Eda CLw (11)\" data-image-description=\"\" data-medium-file=\"https:\/\/sarimelekler.biz\/wp-content\/uploads\/2019\/09\/Eda-CLw-11-300x261.jpg\" data-large-file=\"https:\/\/sarimelekler.biz\/wp-content\/uploads\/2019\/09\/Eda-CLw-11-1024x890.jpg\" src=\"https:\/\/i0.wp.com\/sarimelekler.biz\/wp-content\/uploads\/2019\/09\/Eda-CLw-11.jpg?w=280&#038;h=244&#038;ssl=1\" srcset=\"https:\/\/sarimelekler.biz\/wp-content\/uploads\/2019\/09\/Eda-CLw-11.jpg 4199w, https:\/\/sarimelekler.biz\/wp-content\/uploads\/2019\/09\/Eda-CLw-11-300x261.jpg 300w, https:\/\/sarimelekler.biz\/wp-content\/uploads\/2019\/09\/Eda-CLw-11-768x667.jpg 768w, https:\/\/sarimelekler.biz\/wp-content\/uploads\/2019\/09\/Eda-CLw-11-1024x890.jpg 1024w, https:\/\/sarimelekler.biz\/wp-content\/uploads\/2019\/09\/Eda-CLw-11-150x130.jpg 150w\" width=\"280\" height=\"244\" loading=\"lazy\" data-original-width=\"280\" data-original-height=\"244\" itemprop=\"http:\/\/schema.org\/image\" title=\"Eda CLw (11)\" alt=\"Eda CLw (11)\" style=\"width: 280px; height: 244px;\" \/> <\/a> <\/div> <div class=\"tiled-gallery-item tiled-gallery-item-large\" itemprop=\"associatedMedia\" itemscope itemtype=\"http:\/\/schema.org\/ImageObject\"> <a href=\"https:\/\/sarimelekler.biz\/?attachment_id=11585\" border=\"0\" itemprop=\"url\"> <meta itemprop=\"width\" content=\"280\"> <meta itemprop=\"height\" content=\"272\"> <img decoding=\"async\" class=\"\" data-attachment-id=\"11585\" data-orig-file=\"https:\/\/sarimelekler.biz\/wp-content\/uploads\/2019\/09\/Eda-CLw-9.jpg\" data-orig-size=\"3606,3504\" data-comments-opened=\"\" data-image-meta=\"{&quot;aperture&quot;:&quot;3.2&quot;,&quot;credit&quot;:&quot;Mert Bulent Ucma TVF&quot;,&quot;camera&quot;:&quot;Canon EOS-1D X Mark II&quot;,&quot;caption&quot;:&quot;&quot;,&quot;created_timestamp&quot;:&quot;1567373598&quot;,&quot;copyright&quot;:&quot;TURKIYE VOLEYBOL FEDERASYONU&quot;,&quot;focal_length&quot;:&quot;300&quot;,&quot;iso&quot;:&quot;2000&quot;,&quot;shutter_speed&quot;:&quot;0.0015625&quot;,&quot;title&quot;:&quot;&quot;,&quot;orientation&quot;:&quot;1&quot;}\" data-image-title=\"Eda CLw (9)\" data-image-description=\"\" data-medium-file=\"https:\/\/sarimelekler.biz\/wp-content\/uploads\/2019\/09\/Eda-CLw-9-300x292.jpg\" data-large-file=\"https:\/\/sarimelekler.biz\/wp-content\/uploads\/2019\/09\/Eda-CLw-9-1024x995.jpg\" src=\"https:\/\/i0.wp.com\/sarimelekler.biz\/wp-content\/uploads\/2019\/09\/Eda-CLw-9.jpg?w=280&#038;h=272&#038;ssl=1\" srcset=\"https:\/\/sarimelekler.biz\/wp-content\/uploads\/2019\/09\/Eda-CLw-9.jpg 3606w, https:\/\/sarimelekler.biz\/wp-content\/uploads\/2019\/09\/Eda-CLw-9-300x292.jpg 300w, https:\/\/sarimelekler.biz\/wp-content\/uploads\/2019\/09\/Eda-CLw-9-768x746.jpg 768w, https:\/\/sarimelekler.biz\/wp-content\/uploads\/2019\/09\/Eda-CLw-9-1024x995.jpg 1024w, https:\/\/sarimelekler.biz\/wp-content\/uploads\/2019\/09\/Eda-CLw-9-150x146.jpg 150w\" width=\"280\" height=\"272\" loading=\"lazy\" data-original-width=\"280\" data-original-height=\"272\" itemprop=\"http:\/\/schema.org\/image\" title=\"Eda CLw (9)\" alt=\"Eda CLw (9)\" style=\"width: 280px; height: 272px;\" \/> <\/a> <\/div> <\/div> <!-- close group --> <div class=\"gallery-group images-1\" style=\"width: 576px; height: 730px;\" data-original-width=\"576\" data-original-height=\"730\" > <div class=\"tiled-gallery-item tiled-gallery-item-large\" itemprop=\"associatedMedia\" itemscope itemtype=\"http:\/\/schema.org\/ImageObject\"> <a href=\"https:\/\/sarimelekler.biz\/?attachment_id=11584\" border=\"0\" itemprop=\"url\"> <meta itemprop=\"width\" content=\"572\"> <meta itemprop=\"height\" content=\"726\"> <img decoding=\"async\" class=\"\" data-attachment-id=\"11584\" data-orig-file=\"https:\/\/sarimelekler.biz\/wp-content\/uploads\/2019\/09\/Eda-CLw-8.jpg\" data-orig-size=\"2652,3366\" data-comments-opened=\"\" data-image-meta=\"{&quot;aperture&quot;:&quot;3.2&quot;,&quot;credit&quot;:&quot;Mert Bulent Ucma TVF&quot;,&quot;camera&quot;:&quot;Canon EOS-1D X Mark II&quot;,&quot;caption&quot;:&quot;&quot;,&quot;created_timestamp&quot;:&quot;1567374344&quot;,&quot;copyright&quot;:&quot;TURKIYE VOLEYBOL FEDERASYONU&quot;,&quot;focal_length&quot;:&quot;200&quot;,&quot;iso&quot;:&quot;2000&quot;,&quot;shutter_speed&quot;:&quot;0.0015625&quot;,&quot;title&quot;:&quot;&quot;,&quot;orientation&quot;:&quot;1&quot;}\" data-image-title=\"Eda CLw (8)\" data-image-description=\"\" data-medium-file=\"https:\/\/sarimelekler.biz\/wp-content\/uploads\/2019\/09\/Eda-CLw-8-236x300.jpg\" data-large-file=\"https:\/\/sarimelekler.biz\/wp-content\/uploads\/2019\/09\/Eda-CLw-8-807x1024.jpg\" src=\"https:\/\/i0.wp.com\/sarimelekler.biz\/wp-content\/uploads\/2019\/09\/Eda-CLw-8.jpg?w=572&#038;h=726&#038;ssl=1\" srcset=\"https:\/\/sarimelekler.biz\/wp-content\/uploads\/2019\/09\/Eda-CLw-8.jpg 2652w, https:\/\/sarimelekler.biz\/wp-content\/uploads\/2019\/09\/Eda-CLw-8-236x300.jpg 236w, https:\/\/sarimelekler.biz\/wp-content\/uploads\/2019\/09\/Eda-CLw-8-768x975.jpg 768w, https:\/\/sarimelekler.biz\/wp-content\/uploads\/2019\/09\/Eda-CLw-8-807x1024.jpg 807w, https:\/\/sarimelekler.biz\/wp-content\/uploads\/2019\/09\/Eda-CLw-8-118x150.jpg 118w\" width=\"572\" height=\"726\" loading=\"lazy\" data-original-width=\"572\" data-original-height=\"726\" itemprop=\"http:\/\/schema.org\/image\" title=\"Eda CLw (8)\" alt=\"Eda CLw (8)\" style=\"width: 572px; height: 726px;\" \/> <\/a> <\/div> <\/div> <!-- close group --> <\/div> <!-- close row --> <div class=\"gallery-row\" style=\"width: 860px; height: 496px;\" data-original-width=\"860\" data-original-height=\"496\" > <div class=\"gallery-group images-2\" style=\"width: 370px; height: 496px;\" data-original-width=\"370\" data-original-height=\"496\" > <div class=\"tiled-gallery-item tiled-gallery-item-large\" itemprop=\"associatedMedia\" itemscope itemtype=\"http:\/\/schema.org\/ImageObject\"> <a href=\"https:\/\/sarimelekler.biz\/?attachment_id=11583\" border=\"0\" itemprop=\"url\"> <meta itemprop=\"width\" content=\"366\"> <meta itemprop=\"height\" content=\"244\"> <img decoding=\"async\" class=\"\" data-attachment-id=\"11583\" data-orig-file=\"https:\/\/sarimelekler.biz\/wp-content\/uploads\/2019\/09\/Eda-CLw-7.jpg\" data-orig-size=\"2500,1667\" data-comments-opened=\"\" data-image-meta=\"{&quot;aperture&quot;:&quot;3.5&quot;,&quot;credit&quot;:&quot;&quot;,&quot;camera&quot;:&quot;Canon EOS 7D Mark II&quot;,&quot;caption&quot;:&quot;&quot;,&quot;created_timestamp&quot;:&quot;1567885236&quot;,&quot;copyright&quot;:&quot;&quot;,&quot;focal_length&quot;:&quot;200&quot;,&quot;iso&quot;:&quot;2000&quot;,&quot;shutter_speed&quot;:&quot;0.002&quot;,&quot;title&quot;:&quot;&quot;,&quot;orientation&quot;:&quot;0&quot;}\" data-image-title=\"Eda CLw (7)\" data-image-description=\"\" data-medium-file=\"https:\/\/sarimelekler.biz\/wp-content\/uploads\/2019\/09\/Eda-CLw-7-300x200.jpg\" data-large-file=\"https:\/\/sarimelekler.biz\/wp-content\/uploads\/2019\/09\/Eda-CLw-7-1024x683.jpg\" src=\"https:\/\/i0.wp.com\/sarimelekler.biz\/wp-content\/uploads\/2019\/09\/Eda-CLw-7.jpg?w=366&#038;h=244&#038;ssl=1\" srcset=\"https:\/\/sarimelekler.biz\/wp-content\/uploads\/2019\/09\/Eda-CLw-7.jpg 2500w, https:\/\/sarimelekler.biz\/wp-content\/uploads\/2019\/09\/Eda-CLw-7-300x200.jpg 300w, https:\/\/sarimelekler.biz\/wp-content\/uploads\/2019\/09\/Eda-CLw-7-768x512.jpg 768w, https:\/\/sarimelekler.biz\/wp-content\/uploads\/2019\/09\/Eda-CLw-7-1024x683.jpg 1024w, https:\/\/sarimelekler.biz\/wp-content\/uploads\/2019\/09\/Eda-CLw-7-150x100.jpg 150w\" width=\"366\" height=\"244\" loading=\"lazy\" data-original-width=\"366\" data-original-height=\"244\" itemprop=\"http:\/\/schema.org\/image\" title=\"Eda CLw (7)\" alt=\"Eda CLw (7)\" style=\"width: 366px; height: 244px;\" \/> <\/a> <\/div> <div class=\"tiled-gallery-item tiled-gallery-item-large\" itemprop=\"associatedMedia\" itemscope itemtype=\"http:\/\/schema.org\/ImageObject\"> <a href=\"https:\/\/sarimelekler.biz\/?attachment_id=11581\" border=\"0\" itemprop=\"url\"> <meta itemprop=\"width\" content=\"366\"> <meta itemprop=\"height\" content=\"244\"> <img decoding=\"async\" class=\"\" data-attachment-id=\"11581\" data-orig-file=\"https:\/\/sarimelekler.biz\/wp-content\/uploads\/2019\/09\/Eda-CLw-5.jpg\" data-orig-size=\"2500,1667\" data-comments-opened=\"\" data-image-meta=\"{&quot;aperture&quot;:&quot;4.5&quot;,&quot;credit&quot;:&quot;&quot;,&quot;camera&quot;:&quot;Canon EOS 7D Mark II&quot;,&quot;caption&quot;:&quot;&quot;,&quot;created_timestamp&quot;:&quot;1567022555&quot;,&quot;copyright&quot;:&quot;&quot;,&quot;focal_length&quot;:&quot;200&quot;,&quot;iso&quot;:&quot;4000&quot;,&quot;shutter_speed&quot;:&quot;0.0015625&quot;,&quot;title&quot;:&quot;&quot;,&quot;orientation&quot;:&quot;0&quot;}\" data-image-title=\"Eda CLw (5)\" data-image-description=\"\" data-medium-file=\"https:\/\/sarimelekler.biz\/wp-content\/uploads\/2019\/09\/Eda-CLw-5-300x200.jpg\" data-large-file=\"https:\/\/sarimelekler.biz\/wp-content\/uploads\/2019\/09\/Eda-CLw-5-1024x683.jpg\" src=\"https:\/\/i0.wp.com\/sarimelekler.biz\/wp-content\/uploads\/2019\/09\/Eda-CLw-5.jpg?w=366&#038;h=244&#038;ssl=1\" srcset=\"https:\/\/sarimelekler.biz\/wp-content\/uploads\/2019\/09\/Eda-CLw-5.jpg 2500w, https:\/\/sarimelekler.biz\/wp-content\/uploads\/2019\/09\/Eda-CLw-5-300x200.jpg 300w, https:\/\/sarimelekler.biz\/wp-content\/uploads\/2019\/09\/Eda-CLw-5-768x512.jpg 768w, https:\/\/sarimelekler.biz\/wp-content\/uploads\/2019\/09\/Eda-CLw-5-1024x683.jpg 1024w, https:\/\/sarimelekler.biz\/wp-content\/uploads\/2019\/09\/Eda-CLw-5-150x100.jpg 150w\" width=\"366\" height=\"244\" loading=\"lazy\" data-original-width=\"366\" data-original-height=\"244\" itemprop=\"http:\/\/schema.org\/image\" title=\"Eda CLw (5)\" alt=\"Eda CLw (5)\" style=\"width: 366px; height: 244px;\" \/> <\/a> <\/div> <\/div> <!-- close group --> <div class=\"gallery-group images-1\" style=\"width: 490px; height: 496px;\" data-original-width=\"490\" data-original-height=\"496\" > <div class=\"tiled-gallery-item tiled-gallery-item-large\" itemprop=\"associatedMedia\" itemscope itemtype=\"http:\/\/schema.org\/ImageObject\"> <a href=\"https:\/\/sarimelekler.biz\/?attachment_id=11578\" border=\"0\" itemprop=\"url\"> <meta itemprop=\"width\" content=\"486\"> <meta itemprop=\"height\" content=\"492\"> <img decoding=\"async\" class=\"\" data-attachment-id=\"11578\" data-orig-file=\"https:\/\/sarimelekler.biz\/wp-content\/uploads\/2019\/09\/Eda-CLw-2.jpg\" data-orig-size=\"3493,3540\" data-comments-opened=\"\" data-image-meta=\"{&quot;aperture&quot;:&quot;3.2&quot;,&quot;credit&quot;:&quot;Mert Bulent Ucma TVF&quot;,&quot;camera&quot;:&quot;Canon EOS-1D X Mark II&quot;,&quot;caption&quot;:&quot;&quot;,&quot;created_timestamp&quot;:&quot;1567371784&quot;,&quot;copyright&quot;:&quot;TURKIYE VOLEYBOL FEDERASYONU&quot;,&quot;focal_length&quot;:&quot;300&quot;,&quot;iso&quot;:&quot;2000&quot;,&quot;shutter_speed&quot;:&quot;0.0015625&quot;,&quot;title&quot;:&quot;&quot;,&quot;orientation&quot;:&quot;1&quot;}\" data-image-title=\"Eda CLw (2)\" data-image-description=\"\" data-medium-file=\"https:\/\/sarimelekler.biz\/wp-content\/uploads\/2019\/09\/Eda-CLw-2-296x300.jpg\" data-large-file=\"https:\/\/sarimelekler.biz\/wp-content\/uploads\/2019\/09\/Eda-CLw-2-1010x1024.jpg\" src=\"https:\/\/i0.wp.com\/sarimelekler.biz\/wp-content\/uploads\/2019\/09\/Eda-CLw-2.jpg?w=486&#038;h=492&#038;ssl=1\" srcset=\"https:\/\/sarimelekler.biz\/wp-content\/uploads\/2019\/09\/Eda-CLw-2.jpg 3493w, https:\/\/sarimelekler.biz\/wp-content\/uploads\/2019\/09\/Eda-CLw-2-296x300.jpg 296w, https:\/\/sarimelekler.biz\/wp-content\/uploads\/2019\/09\/Eda-CLw-2-768x778.jpg 768w, https:\/\/sarimelekler.biz\/wp-content\/uploads\/2019\/09\/Eda-CLw-2-1010x1024.jpg 1010w, https:\/\/sarimelekler.biz\/wp-content\/uploads\/2019\/09\/Eda-CLw-2-148x150.jpg 148w\" width=\"486\" height=\"492\" loading=\"lazy\" data-original-width=\"486\" data-original-height=\"492\" itemprop=\"http:\/\/schema.org\/image\" title=\"Eda CLw (2)\" alt=\"Eda CLw (2)\" style=\"width: 486px; height: 492px;\" \/> <\/a> <\/div> <\/div> <!-- close group --> <\/div> <!-- close row --> <\/div>\n<p>\u00a0<\/p>\n<p style=\"text-align: right;\">08\/09\/2021<\/p>\n","protected":false},"excerpt":{"rendered":"<p>Fenerbah\u00e7e Opet ve A Milli Kad\u0131n Voleybol Tak\u0131m\u0131m\u0131z\u0131n kaptan\u0131 Eda \u2026 <a class=\"continue-reading-link\" href=\"https:\/\/sarimelekler.biz\/?p=16040\">Okumaya Devam Et.. <span class=\"meta-nav\">&rarr; <\/span><\/a><\/p>\n","protected":false},"author":1,"featured_media":11596,"comment_status":"closed","ping_status":"open","sticky":false,"template":"","format":"standard","meta":{"jetpack_post_was_ever_published":false,"_jetpack_newsletter_access":"","_jetpack_dont_email_post_to_subs":false,"_jetpack_newsletter_tier_id":0,"_jetpack_memberships_contains_paywalled_content":false,"_jetpack_memberships_contains_paid_content":false,"footnotes":"","jetpack_publicize_message":"","jetpack_publicize_feature_enabled":true,"jetpack_social_post_already_shared":true,"jetpack_social_options":{"image_generator_settings":{"template":"highway","default_image_id":0,"font":"","enabled":false},"version":2}},"categories":[7,19],"tags":[],"class_list":["post-16040","post","type-post","status-publish","format-standard","has-post-thumbnail","hentry","category-haberler","category-milli-takim"],"jetpack_publicize_connections":[],"jetpack_featured_media_url":"https:\/\/sarimelekler.biz\/wp-content\/uploads\/2019\/09\/Eda-CLw-20.jpg","jetpack_sharing_enabled":true,"jetpack_shortlink":"https:\/\/wp.me\/p8npUZ-4aI","jetpack-related-posts":[{"id":11863,"url":"https:\/\/sarimelekler.biz\/?p=11863","url_meta":{"origin":16040,"position":0},"title":"Eda Erdem D\u00fcndar ile Brankica Mihajlovic R\u00fcya Tak\u0131ma se\u00e7ildi","author":"Edit\u00f6r","date":"21 Eyl\u00fcl 2019","format":false,"excerpt":"\u00dclkemizin de ev sahipli\u011fiyle d\u00f6rt \u00fclkenin ortakla\u015fa d\u00fczenledi\u011fi 2019 CEV Kad\u0131nlar Avrupa Voleybol \u015eampiyonas\u0131\u2019nda gurur verici bir ba\u015far\u0131ya imza atarak Avrupa ikincisi olan Milli Tak\u0131m\u0131m\u0131z\u0131n kaptan\u0131 Eda Erdem D\u00fcndar ile Fenerbah\u00e7e Opet Kad\u0131n Voleybol Tak\u0131m\u0131m\u0131z\u0131n yeni transferi S\u0131rp Brankica Mihajlovic, turnuvan\u0131n R\u00fcya Tak\u0131m\u0131\u2019nda yer ald\u0131. Avrupa Voleybol \u015eampiyonas\u0131 Final ma\u00e7\u0131ndan\u2026","rel":"","context":"&quot;Milli Tak\u0131m&quot; i\u00e7inde","block_context":{"text":"Milli Tak\u0131m","link":"https:\/\/sarimelekler.biz\/?cat=19"},"img":{"alt_text":"","src":"https:\/\/i0.wp.com\/sarimelekler.biz\/wp-content\/uploads\/2019\/09\/Eda-Brankica.jpg?resize=350%2C200&ssl=1","width":350,"height":200,"srcset":"https:\/\/i0.wp.com\/sarimelekler.biz\/wp-content\/uploads\/2019\/09\/Eda-Brankica.jpg?resize=350%2C200&ssl=1 1x, https:\/\/i0.wp.com\/sarimelekler.biz\/wp-content\/uploads\/2019\/09\/Eda-Brankica.jpg?resize=525%2C300&ssl=1 1.5x, https:\/\/i0.wp.com\/sarimelekler.biz\/wp-content\/uploads\/2019\/09\/Eda-Brankica.jpg?resize=700%2C400&ssl=1 2x, https:\/\/i0.wp.com\/sarimelekler.biz\/wp-content\/uploads\/2019\/09\/Eda-Brankica.jpg?resize=1050%2C600&ssl=1 3x"},"classes":[]},{"id":17112,"url":"https:\/\/sarimelekler.biz\/?p=17112","url_meta":{"origin":16040,"position":1},"title":"Kaptan\u0131m\u0131z Eda Erdem D\u00fcndar &#8220;2021 Y\u0131l\u0131n\u0131n En \u0130yi 12 Kad\u0131n Voleybolcusu&#8221; Listesinde Yer Ald\u0131","author":"Edit\u00f6r","date":"12 Ocak 2022","format":false,"excerpt":"Fenerbah\u00e7e Opet ve A Milli Kad\u0131n Voleybol Tak\u0131m\u0131m\u0131z\u0131n kaptan\u0131 Eda Erdem D\u00fcndar, FIVB'nin \"2021 y\u0131l\u0131n\u0131n en iyi 12 kad\u0131n voleybolcusu\" listesinde yer ald\u0131.Volleyball World taraf\u0131ndan Milletler Ligi, Avrupa \u015eampiyonas\u0131 ve Tokyo Olimpiyat Oyunlar\u0131 gibi 2021 y\u0131l\u0131n\u0131n en \u00f6nemli spor organizasyonlar\u0131 baz al\u0131narak haz\u0131rlanan \u2018The #BestOf2021\u2019 listesinde Kaptan\u0131m\u0131z Eda Erdem D\u00fcndar,\u2026","rel":"","context":"&quot;Haberler&quot; i\u00e7inde","block_context":{"text":"Haberler","link":"https:\/\/sarimelekler.biz\/?cat=7"},"img":{"alt_text":"","src":"https:\/\/i0.wp.com\/sarimelekler.biz\/wp-content\/uploads\/2020\/12\/Eda-20-21-CL.png?resize=350%2C200&ssl=1","width":350,"height":200,"srcset":"https:\/\/i0.wp.com\/sarimelekler.biz\/wp-content\/uploads\/2020\/12\/Eda-20-21-CL.png?resize=350%2C200&ssl=1 1x, https:\/\/i0.wp.com\/sarimelekler.biz\/wp-content\/uploads\/2020\/12\/Eda-20-21-CL.png?resize=525%2C300&ssl=1 1.5x, https:\/\/i0.wp.com\/sarimelekler.biz\/wp-content\/uploads\/2020\/12\/Eda-20-21-CL.png?resize=700%2C400&ssl=1 2x, https:\/\/i0.wp.com\/sarimelekler.biz\/wp-content\/uploads\/2020\/12\/Eda-20-21-CL.png?resize=1050%2C600&ssl=1 3x"},"classes":[]},{"id":12688,"url":"https:\/\/sarimelekler.biz\/?p=12688","url_meta":{"origin":16040,"position":2},"title":"Kaptan\u0131m\u0131z Eda Erdem D\u00fcndar Olimpiyat Elemeleri\u2019nin R\u00fcya Tak\u0131m\u0131na Se\u00e7ildi.","author":"Edit\u00f6r","date":"15 Ocak 2020","format":false,"excerpt":"Hollanda\u2019n\u0131n ev sahipli\u011finde Apeldoorn \u015fehrinde d\u00fczenlenen 2020 CEV Tokyo Olimpiyatlar\u0131 Avrupa K\u0131ta Elemeleri\u2019nde gurur verici bir ba\u015far\u0131ya imza atarak olimpiyat vizesi alan Milli Tak\u0131m\u0131m\u0131zda kaptan Eda Erdem D\u00fcndar ile Simge Ak\u00f6z, turnuvan\u0131n R\u00fcya Tak\u0131m\u0131\u2019nda yer ald\u0131. Avrupa Voleybol Konfederasyonu (CEV) taraf\u0131ndan a\u00e7\u0131klanan listede Fenerbah\u00e7e Opet Kad\u0131n Voleybol Tak\u0131m\u0131m\u0131z ile A\u2026","rel":"","context":"&quot;Milli Tak\u0131m&quot; i\u00e7inde","block_context":{"text":"Milli Tak\u0131m","link":"https:\/\/sarimelekler.biz\/?cat=19"},"img":{"alt_text":"","src":"https:\/\/i0.wp.com\/sarimelekler.biz\/wp-content\/uploads\/2019\/09\/Eda-CLw-15.jpg?resize=350%2C200&ssl=1","width":350,"height":200,"srcset":"https:\/\/i0.wp.com\/sarimelekler.biz\/wp-content\/uploads\/2019\/09\/Eda-CLw-15.jpg?resize=350%2C200&ssl=1 1x, https:\/\/i0.wp.com\/sarimelekler.biz\/wp-content\/uploads\/2019\/09\/Eda-CLw-15.jpg?resize=525%2C300&ssl=1 1.5x, https:\/\/i0.wp.com\/sarimelekler.biz\/wp-content\/uploads\/2019\/09\/Eda-CLw-15.jpg?resize=700%2C400&ssl=1 2x, https:\/\/i0.wp.com\/sarimelekler.biz\/wp-content\/uploads\/2019\/09\/Eda-CLw-15.jpg?resize=1050%2C600&ssl=1 3x"},"classes":[]},{"id":15204,"url":"https:\/\/sarimelekler.biz\/?p=15204","url_meta":{"origin":16040,"position":3},"title":"Kaptan\u0131m\u0131z Eda Erdem D\u00fcndar, FIVB Taraf\u0131ndan \u2018Tarihin En \u0130yi 100 Oyuncusu\u2019 Listesine Se\u00e7ildi","author":"Edit\u00f6r","date":"4 \u015eubat 2021","format":false,"excerpt":"Fenerbah\u00e7e Opet Kad\u0131n Voleybol Tak\u0131m\u0131m\u0131z ile A Milli Kad\u0131n Voleybol Tak\u0131m\u0131m\u0131z\u0131n kaptan\u0131 Eda Erdem D\u00fcndar, Uluslararas\u0131 Voleybol Federasyonu FIVB taraf\u0131ndan 'Tarihin En \u0130yi 100 Oyuncusu' listesine se\u00e7ildi. FIVB'nin resmi internet sitesinde \u201cSahada, denizde ve hayatta hep d\u00fcmenin ba\u015f\u0131nda\u201d ba\u015fl\u0131\u011f\u0131yla duyurulan haberde Eda Erdem D\u00fcndar'\u0131n ba\u015far\u0131lar\u0131na yer verildi. 2008 y\u0131l\u0131nda Fenerbah\u00e7e\u2026","rel":"","context":"&quot;Haberler&quot; i\u00e7inde","block_context":{"text":"Haberler","link":"https:\/\/sarimelekler.biz\/?cat=7"},"img":{"alt_text":"","src":"https:\/\/i0.wp.com\/sarimelekler.biz\/wp-content\/uploads\/2020\/12\/Eda-20-21-CL.png?resize=350%2C200&ssl=1","width":350,"height":200,"srcset":"https:\/\/i0.wp.com\/sarimelekler.biz\/wp-content\/uploads\/2020\/12\/Eda-20-21-CL.png?resize=350%2C200&ssl=1 1x, https:\/\/i0.wp.com\/sarimelekler.biz\/wp-content\/uploads\/2020\/12\/Eda-20-21-CL.png?resize=525%2C300&ssl=1 1.5x, https:\/\/i0.wp.com\/sarimelekler.biz\/wp-content\/uploads\/2020\/12\/Eda-20-21-CL.png?resize=700%2C400&ssl=1 2x, https:\/\/i0.wp.com\/sarimelekler.biz\/wp-content\/uploads\/2020\/12\/Eda-20-21-CL.png?resize=1050%2C600&ssl=1 3x"},"classes":[]},{"id":4295,"url":"https:\/\/sarimelekler.biz\/?p=4295","url_meta":{"origin":16040,"position":4},"title":"Eda Erdem D\u00fcndar: &#8220;Avrupa \u015eampiyonas\u0131\u2019n\u0131 Madalya \u0130le Tamamlad\u0131\u011f\u0131m\u0131z \u0130\u00e7in Mutluyum&#8221;","author":"Edit\u00f6r","date":"5 Ekim 2017","format":false,"excerpt":"Azerbaycan\u2019da d\u00fczenlenen Avrupa \u015eampiyonas\u0131\u2019nda, A Milli Kad\u0131n Voleybol Tak\u0131m\u0131m\u0131z\u0131n elde etti\u011fi Avrupa 3.\u2019l\u00fc\u011f\u00fcn\u00fcn ard\u0131ndan \u0130stanbul\u2019a d\u00f6nen milli voleybolcumuz Eda Erdem D\u00fcndar, Fenerbah\u00e7e Spor Kul\u00fcb\u00fcm\u00fcz Resmi \u0130nternet Sitemize a\u00e7\u0131klamalarda bulundu. Ba\u015far\u0131l\u0131 voleybolcu, Avrupa \u015eampiyonas\u0131\u2019n\u0131 madalyayla tamamlam\u0131\u015f olman\u0131n kendisini mutlu etti\u011fini dile getirirken, Fenerbah\u00e7e Kad\u0131n Voleybol Tak\u0131m\u0131m\u0131z\u0131n da hedeflerinden s\u00f6z etti. A\u2026","rel":"","context":"&quot;Haberler&quot; i\u00e7inde","block_context":{"text":"Haberler","link":"https:\/\/sarimelekler.biz\/?cat=7"},"img":{"alt_text":"","src":"https:\/\/i0.wp.com\/sarimelekler.biz\/wp-content\/uploads\/2017\/10\/de6p6160_57488_6278113.jpg?resize=350%2C200&ssl=1","width":350,"height":200,"srcset":"https:\/\/i0.wp.com\/sarimelekler.biz\/wp-content\/uploads\/2017\/10\/de6p6160_57488_6278113.jpg?resize=350%2C200&ssl=1 1x, https:\/\/i0.wp.com\/sarimelekler.biz\/wp-content\/uploads\/2017\/10\/de6p6160_57488_6278113.jpg?resize=525%2C300&ssl=1 1.5x, https:\/\/i0.wp.com\/sarimelekler.biz\/wp-content\/uploads\/2017\/10\/de6p6160_57488_6278113.jpg?resize=700%2C400&ssl=1 2x, https:\/\/i0.wp.com\/sarimelekler.biz\/wp-content\/uploads\/2017\/10\/de6p6160_57488_6278113.jpg?resize=1050%2C600&ssl=1 3x, https:\/\/i0.wp.com\/sarimelekler.biz\/wp-content\/uploads\/2017\/10\/de6p6160_57488_6278113.jpg?resize=1400%2C800&ssl=1 4x"},"classes":[]},{"id":15827,"url":"https:\/\/sarimelekler.biz\/?p=15827","url_meta":{"origin":16040,"position":5},"title":"Kaptan\u0131m\u0131z Eda Erdem D\u00fcndar, \u015eampiyonlar Ligi All Star Tak\u0131m\u0131na Se\u00e7ildi","author":"Edit\u00f6r","date":"25 May\u0131s 2021","format":false,"excerpt":"Fenerbah\u00e7e Opet Kad\u0131n Voleybol Tak\u0131m\u0131m\u0131z\u0131n Kaptan\u0131 Eda Erdem D\u00fcndar, 2021 CEV \u015eampiyonlar Ligi\u2019nde voleybol severlerin oylar\u0131yla belirlenen All Star tak\u0131m\u0131nda \u201cEn \u0130yi Orta Oyuncu\u201d olarak yer ald\u0131.CEV \u015eampiyonlar Ligi\u2019nin resmi twitter hesab\u0131 taraf\u0131ndan yap\u0131lan ankette oylar\u0131n %40.2\u2019sini alarak \u201cEn \u0130yi Orta Oyuncu\u201d se\u00e7ilen kaptan\u0131m\u0131za 5 bin 755 voleybol sever destek\u2026","rel":"","context":"&quot;Avrupa Kupalar\u0131&quot; i\u00e7inde","block_context":{"text":"Avrupa Kupalar\u0131","link":"https:\/\/sarimelekler.biz\/?cat=1"},"img":{"alt_text":"","src":"https:\/\/i0.wp.com\/sarimelekler.biz\/wp-content\/uploads\/2021\/05\/Eda-Kapak.jpg?resize=350%2C200&ssl=1","width":350,"height":200,"srcset":"https:\/\/i0.wp.com\/sarimelekler.biz\/wp-content\/uploads\/2021\/05\/Eda-Kapak.jpg?resize=350%2C200&ssl=1 1x, https:\/\/i0.wp.com\/sarimelekler.biz\/wp-content\/uploads\/2021\/05\/Eda-Kapak.jpg?resize=525%2C300&ssl=1 1.5x, https:\/\/i0.wp.com\/sarimelekler.biz\/wp-content\/uploads\/2021\/05\/Eda-Kapak.jpg?resize=700%2C400&ssl=1 2x"},"classes":[]}],"_links":{"self":[{"href":"https:\/\/sarimelekler.biz\/index.php?rest_route=\/wp\/v2\/posts\/16040","targetHints":{"allow":["GET"]}}],"collection":[{"href":"https:\/\/sarimelekler.biz\/index.php?rest_route=\/wp\/v2\/posts"}],"about":[{"href":"https:\/\/sarimelekler.biz\/index.php?rest_route=\/wp\/v2\/types\/post"}],"author":[{"embeddable":true,"href":"https:\/\/sarimelekler.biz\/index.php?rest_route=\/wp\/v2\/users\/1"}],"replies":[{"embeddable":true,"href":"https:\/\/sarimelekler.biz\/index.php?rest_route=%2Fwp%2Fv2%2Fcomments&post=16040"}],"version-history":[{"count":2,"href":"https:\/\/sarimelekler.biz\/index.php?rest_route=\/wp\/v2\/posts\/16040\/revisions"}],"predecessor-version":[{"id":16042,"href":"https:\/\/sarimelekler.biz\/index.php?rest_route=\/wp\/v2\/posts\/16040\/revisions\/16042"}],"wp:featuredmedia":[{"embeddable":true,"href":"https:\/\/sarimelekler.biz\/index.php?rest_route=\/wp\/v2\/media\/11596"}],"wp:attachment":[{"href":"https:\/\/sarimelekler.biz\/index.php?rest_route=%2Fwp%2Fv2%2Fmedia&parent=16040"}],"wp:term":[{"taxonomy":"category","embeddable":true,"href":"https:\/\/sarimelekler.biz\/index.php?rest_route=%2Fwp%2Fv2%2Fcategories&post=16040"},{"taxonomy":"post_tag","embeddable":true,"href":"https:\/\/sarimelekler.biz\/index.php?rest_route=%2Fwp%2Fv2%2Ftags&post=16040"}],"curies":[{"name":"wp","href":"https:\/\/api.w.org\/{rel}","templated":true}]}}