{"id":17045,"date":"2021-12-31T15:20:04","date_gmt":"2021-12-31T12:20:04","guid":{"rendered":"https:\/\/sarimelekler.biz\/?p=17045"},"modified":"2021-12-31T15:21:58","modified_gmt":"2021-12-31T12:21:58","slug":"naz-aydemir-akyol-milli-takima-veda-etti","status":"publish","type":"post","link":"https:\/\/sarimelekler.biz\/?p=17045","title":{"rendered":"Naz Aydemir Akyol Milli Tak\u0131ma Veda Etti"},"content":{"rendered":"\n<p style=\"text-align: justify;\"><span style=\"font-size: 18px;\">Fenerbah\u00e7e Opet Kad\u0131n Voleybol tak\u0131m\u0131m\u0131z\u0131n ve T\u00fcrk voleybolunun \u00f6nemli isimlerinden Naz Aydemir Akyol bug\u00fcn sosyal medya hesaplar\u0131ndan yapt\u0131\u011f\u0131 a\u00e7\u0131klamada milli tak\u0131ma veda etti\u011fini duyurdu.<\/span><\/p>\n<p style=\"text-align: justify;\"><span style=\"font-size: 18px;\">31 ya\u015f\u0131ndaki ba\u015far\u0131l\u0131 oyuncumuz Milli Forma alt\u0131nda 2012 Londra ve 2020 Tokyo Olimpiyatlar\u0131na kat\u0131lan Milli Tak\u0131m\u0131m\u0131z kadrosunda bulunurken, harika Milli Tak\u0131m kariyerinden kazand\u0131\u011f\u0131 ba\u015far\u0131lardan baz\u0131lar\u0131 \u015f\u00f6yle oldu:<\/span><\/p>\n<p style=\"text-align: justify;\"><span style=\"font-size: 18px;\">2009 Akdeniz Oyunlar\u0131 G\u00fcm\u00fc\u015f Madalya<\/span><\/p>\n<p style=\"text-align: justify;\"><span style=\"font-size: 18px;\">2011 Avrupa \u015eampiyonas\u0131 Bronz Madalya<\/span><\/p>\n<p style=\"text-align: justify;\"><span style=\"font-size: 18px;\">2012 D\u00fcnya Grand Prix Bronz Madalya<\/span><\/p>\n<p style=\"text-align: justify;\"><span style=\"font-size: 18px;\">2013 Akdeniz Oyunlar\u0131 G\u00fcm\u00fc\u015f Madalya<\/span><\/p>\n<p style=\"text-align: justify;\"><span style=\"font-size: 18px;\">2015 Avrupa Oyunlar\u0131 Alt\u0131n Madalya<\/span><\/p>\n<p style=\"text-align: justify;\"><span style=\"font-size: 18px;\">2017 Avrupa \u015eampiyonas\u0131 Bronz Madalya<\/span><\/p>\n<p style=\"text-align: justify;\"><span style=\"font-size: 18px;\">2019 Avrupa \u015eampiyonas\u0131 G\u00fcm\u00fc\u015f Madalya<\/span><\/p>\n<p style=\"text-align: justify;\"><span style=\"font-size: 18px;\">16 Mart 2021 tarihinde Uluslararas\u0131 Voleybol Federasyonu taraf\u0131ndan &#8216;Tarihin En \u0130yi 100 Oyuncusu&#8217; listesine se\u00e7ilen Naz Aydemir Akyol\u2019a Milli Tak\u0131ma katt\u0131\u011f\u0131 her \u015fey i\u00e7in te\u015fekk\u00fcr eder, tak\u0131m\u0131m\u0131zda ve kalan spor ya\u015fant\u0131s\u0131nda ba\u015far\u0131lar dileriz.<\/span><\/p>\n\n\t\t<style type=\"text\/css\">\n\t\t\t#gallery-1 {\n\t\t\t\tmargin: auto;\n\t\t\t}\n\t\t\t#gallery-1 .gallery-item {\n\t\t\t\tfloat: left;\n\t\t\t\tmargin-top: 10px;\n\t\t\t\ttext-align: center;\n\t\t\t\twidth: 100%;\n\t\t\t}\n\t\t\t#gallery-1 img {\n\t\t\t\tborder: 2px solid #cfcfcf;\n\t\t\t}\n\t\t\t#gallery-1 .gallery-caption {\n\t\t\t\tmargin-left: 0;\n\t\t\t}\n\t\t\t\/* see gallery_shortcode() in wp-includes\/media.php *\/\n\t\t<\/style>\n\t\t<div data-carousel-extra='{&quot;blog_id&quot;:1,&quot;permalink&quot;:&quot;https:\/\/sarimelekler.biz\/?p=17045&quot;}' id='gallery-1' class='gallery galleryid-17045 gallery-columns-1 gallery-size-full'><dl class='gallery-item'>\n\t\t\t<dt class='gallery-icon landscape'>\n\t\t\t\t<a href='https:\/\/sarimelekler.biz\/?attachment_id=17046'><img loading=\"lazy\" decoding=\"async\" width=\"1080\" height=\"1080\" src=\"https:\/\/sarimelekler.biz\/wp-content\/uploads\/2021\/12\/Naz-Veda-Aciklamasi.jpg\" class=\"attachment-full size-full\" alt=\"\" srcset=\"https:\/\/sarimelekler.biz\/wp-content\/uploads\/2021\/12\/Naz-Veda-Aciklamasi.jpg 1080w, https:\/\/sarimelekler.biz\/wp-content\/uploads\/2021\/12\/Naz-Veda-Aciklamasi-300x300.jpg 300w, https:\/\/sarimelekler.biz\/wp-content\/uploads\/2021\/12\/Naz-Veda-Aciklamasi-1024x1024.jpg 1024w, https:\/\/sarimelekler.biz\/wp-content\/uploads\/2021\/12\/Naz-Veda-Aciklamasi-150x150.jpg 150w, https:\/\/sarimelekler.biz\/wp-content\/uploads\/2021\/12\/Naz-Veda-Aciklamasi-768x768.jpg 768w\" sizes=\"auto, (max-width: 1080px) 100vw, 1080px\" data-attachment-id=\"17046\" data-permalink=\"https:\/\/sarimelekler.biz\/?attachment_id=17046\" data-orig-file=\"https:\/\/sarimelekler.biz\/wp-content\/uploads\/2021\/12\/Naz-Veda-Aciklamasi.jpg\" data-orig-size=\"1080,1080\" data-comments-opened=\"0\" data-image-meta=\"{&quot;aperture&quot;:&quot;0&quot;,&quot;credit&quot;:&quot;&quot;,&quot;camera&quot;:&quot;&quot;,&quot;caption&quot;:&quot;&quot;,&quot;created_timestamp&quot;:&quot;0&quot;,&quot;copyright&quot;:&quot;&quot;,&quot;focal_length&quot;:&quot;0&quot;,&quot;iso&quot;:&quot;0&quot;,&quot;shutter_speed&quot;:&quot;0&quot;,&quot;title&quot;:&quot;&quot;,&quot;orientation&quot;:&quot;0&quot;}\" data-image-title=\"Naz Veda A\u00e7\u0131klamas\u0131\" data-image-description=\"\" data-image-caption=\"\" data-large-file=\"https:\/\/sarimelekler.biz\/wp-content\/uploads\/2021\/12\/Naz-Veda-Aciklamasi-1024x1024.jpg\" \/><\/a>\n\t\t\t<\/dt><\/dl><br style=\"clear: both\" \/>\n\t\t<\/div>\n\n<div class=\"tiled-gallery type-rectangular tiled-gallery-unresized\" data-original-width=\"860\" data-carousel-extra='{&quot;blog_id&quot;:1,&quot;permalink&quot;:&quot;https:\\\/\\\/sarimelekler.biz\\\/?p=17045&quot;,&quot;likes_blog_id&quot;:123791865}' itemscope itemtype=\"http:\/\/schema.org\/ImageGallery\" > <div class=\"gallery-row\" style=\"width: 860px; height: 358px;\" data-original-width=\"860\" data-original-height=\"358\" > <div class=\"gallery-group images-1\" style=\"width: 545px; height: 358px;\" data-original-width=\"545\" data-original-height=\"358\" > <div class=\"tiled-gallery-item tiled-gallery-item-large\" itemprop=\"associatedMedia\" itemscope itemtype=\"http:\/\/schema.org\/ImageObject\"> <a href=\"https:\/\/sarimelekler.biz\/?attachment_id=17047\" border=\"0\" itemprop=\"url\"> <meta itemprop=\"width\" content=\"541\"> <meta itemprop=\"height\" content=\"354\"> <img decoding=\"async\" class=\"\" data-attachment-id=\"17047\" data-orig-file=\"https:\/\/sarimelekler.biz\/wp-content\/uploads\/2021\/12\/Naz-MT-Veda-1.jpg\" data-orig-size=\"662,433\" data-comments-opened=\"\" data-image-meta=\"{&quot;aperture&quot;:&quot;0&quot;,&quot;credit&quot;:&quot;&quot;,&quot;camera&quot;:&quot;&quot;,&quot;caption&quot;:&quot;&quot;,&quot;created_timestamp&quot;:&quot;0&quot;,&quot;copyright&quot;:&quot;&quot;,&quot;focal_length&quot;:&quot;0&quot;,&quot;iso&quot;:&quot;0&quot;,&quot;shutter_speed&quot;:&quot;0&quot;,&quot;title&quot;:&quot;&quot;,&quot;orientation&quot;:&quot;0&quot;}\" data-image-title=\"Naz MT Veda (1)\" data-image-description=\"\" data-medium-file=\"https:\/\/sarimelekler.biz\/wp-content\/uploads\/2021\/12\/Naz-MT-Veda-1-300x196.jpg\" data-large-file=\"https:\/\/sarimelekler.biz\/wp-content\/uploads\/2021\/12\/Naz-MT-Veda-1.jpg\" src=\"https:\/\/i0.wp.com\/sarimelekler.biz\/wp-content\/uploads\/2021\/12\/Naz-MT-Veda-1.jpg?w=541&#038;h=354&#038;ssl=1\" srcset=\"https:\/\/sarimelekler.biz\/wp-content\/uploads\/2021\/12\/Naz-MT-Veda-1.jpg 662w, https:\/\/sarimelekler.biz\/wp-content\/uploads\/2021\/12\/Naz-MT-Veda-1-300x196.jpg 300w, https:\/\/sarimelekler.biz\/wp-content\/uploads\/2021\/12\/Naz-MT-Veda-1-150x98.jpg 150w\" width=\"541\" height=\"354\" loading=\"lazy\" data-original-width=\"541\" data-original-height=\"354\" itemprop=\"http:\/\/schema.org\/image\" title=\"Naz MT Veda (1)\" alt=\"Naz MT Veda (1)\" style=\"width: 541px; height: 354px;\" \/> <\/a> <\/div> <\/div> <!-- close group --> <div class=\"gallery-group images-2\" style=\"width: 315px; height: 358px;\" data-original-width=\"315\" data-original-height=\"358\" > <div class=\"tiled-gallery-item tiled-gallery-item-large\" itemprop=\"associatedMedia\" itemscope itemtype=\"http:\/\/schema.org\/ImageObject\"> <a href=\"https:\/\/sarimelekler.biz\/?attachment_id=17049\" border=\"0\" itemprop=\"url\"> <meta itemprop=\"width\" content=\"311\"> <meta itemprop=\"height\" content=\"175\"> <img decoding=\"async\" class=\"\" data-attachment-id=\"17049\" data-orig-file=\"https:\/\/sarimelekler.biz\/wp-content\/uploads\/2021\/12\/Naz-MT-Veda-3.jpg\" data-orig-size=\"1200,675\" data-comments-opened=\"\" data-image-meta=\"{&quot;aperture&quot;:&quot;0&quot;,&quot;credit&quot;:&quot;&quot;,&quot;camera&quot;:&quot;&quot;,&quot;caption&quot;:&quot;&quot;,&quot;created_timestamp&quot;:&quot;0&quot;,&quot;copyright&quot;:&quot;&quot;,&quot;focal_length&quot;:&quot;0&quot;,&quot;iso&quot;:&quot;0&quot;,&quot;shutter_speed&quot;:&quot;0&quot;,&quot;title&quot;:&quot;&quot;,&quot;orientation&quot;:&quot;0&quot;}\" data-image-title=\"Naz MT Veda (3)\" data-image-description=\"\" data-medium-file=\"https:\/\/sarimelekler.biz\/wp-content\/uploads\/2021\/12\/Naz-MT-Veda-3-300x169.jpg\" data-large-file=\"https:\/\/sarimelekler.biz\/wp-content\/uploads\/2021\/12\/Naz-MT-Veda-3-1024x576.jpg\" src=\"https:\/\/i0.wp.com\/sarimelekler.biz\/wp-content\/uploads\/2021\/12\/Naz-MT-Veda-3.jpg?w=311&#038;h=175&#038;ssl=1\" srcset=\"https:\/\/sarimelekler.biz\/wp-content\/uploads\/2021\/12\/Naz-MT-Veda-3.jpg 1200w, https:\/\/sarimelekler.biz\/wp-content\/uploads\/2021\/12\/Naz-MT-Veda-3-300x169.jpg 300w, https:\/\/sarimelekler.biz\/wp-content\/uploads\/2021\/12\/Naz-MT-Veda-3-1024x576.jpg 1024w, https:\/\/sarimelekler.biz\/wp-content\/uploads\/2021\/12\/Naz-MT-Veda-3-768x432.jpg 768w, https:\/\/sarimelekler.biz\/wp-content\/uploads\/2021\/12\/Naz-MT-Veda-3-150x84.jpg 150w\" width=\"311\" height=\"175\" loading=\"lazy\" data-original-width=\"311\" data-original-height=\"175\" itemprop=\"http:\/\/schema.org\/image\" title=\"Naz MT Veda (3)\" alt=\"Naz MT Veda (3)\" style=\"width: 311px; height: 175px;\" \/> <\/a> <\/div> <div class=\"tiled-gallery-item tiled-gallery-item-large\" itemprop=\"associatedMedia\" itemscope itemtype=\"http:\/\/schema.org\/ImageObject\"> <a href=\"https:\/\/sarimelekler.biz\/?attachment_id=17050\" border=\"0\" itemprop=\"url\"> <meta itemprop=\"width\" content=\"311\"> <meta itemprop=\"height\" content=\"175\"> <img decoding=\"async\" class=\"\" data-attachment-id=\"17050\" data-orig-file=\"https:\/\/sarimelekler.biz\/wp-content\/uploads\/2021\/12\/Naz-MT-Veda-4.jpg\" data-orig-size=\"1200,675\" data-comments-opened=\"\" data-image-meta=\"{&quot;aperture&quot;:&quot;0&quot;,&quot;credit&quot;:&quot;&quot;,&quot;camera&quot;:&quot;&quot;,&quot;caption&quot;:&quot;&quot;,&quot;created_timestamp&quot;:&quot;0&quot;,&quot;copyright&quot;:&quot;&quot;,&quot;focal_length&quot;:&quot;0&quot;,&quot;iso&quot;:&quot;0&quot;,&quot;shutter_speed&quot;:&quot;0&quot;,&quot;title&quot;:&quot;&quot;,&quot;orientation&quot;:&quot;0&quot;}\" data-image-title=\"Naz MT Veda (4)\" data-image-description=\"\" data-medium-file=\"https:\/\/sarimelekler.biz\/wp-content\/uploads\/2021\/12\/Naz-MT-Veda-4-300x169.jpg\" data-large-file=\"https:\/\/sarimelekler.biz\/wp-content\/uploads\/2021\/12\/Naz-MT-Veda-4-1024x576.jpg\" src=\"https:\/\/i0.wp.com\/sarimelekler.biz\/wp-content\/uploads\/2021\/12\/Naz-MT-Veda-4.jpg?w=311&#038;h=175&#038;ssl=1\" srcset=\"https:\/\/sarimelekler.biz\/wp-content\/uploads\/2021\/12\/Naz-MT-Veda-4.jpg 1200w, https:\/\/sarimelekler.biz\/wp-content\/uploads\/2021\/12\/Naz-MT-Veda-4-300x169.jpg 300w, https:\/\/sarimelekler.biz\/wp-content\/uploads\/2021\/12\/Naz-MT-Veda-4-1024x576.jpg 1024w, https:\/\/sarimelekler.biz\/wp-content\/uploads\/2021\/12\/Naz-MT-Veda-4-768x432.jpg 768w, https:\/\/sarimelekler.biz\/wp-content\/uploads\/2021\/12\/Naz-MT-Veda-4-150x84.jpg 150w\" width=\"311\" height=\"175\" loading=\"lazy\" data-original-width=\"311\" data-original-height=\"175\" itemprop=\"http:\/\/schema.org\/image\" title=\"Naz MT Veda (4)\" alt=\"Naz MT Veda (4)\" style=\"width: 311px; height: 175px;\" \/> <\/a> <\/div> <\/div> <!-- close group --> <\/div> <!-- close row --> <div class=\"gallery-row\" style=\"width: 860px; height: 129px;\" data-original-width=\"860\" data-original-height=\"129\" > <div class=\"gallery-group images-1\" style=\"width: 176px; height: 129px;\" data-original-width=\"176\" data-original-height=\"129\" > <div class=\"tiled-gallery-item tiled-gallery-item-small\" itemprop=\"associatedMedia\" itemscope itemtype=\"http:\/\/schema.org\/ImageObject\"> <a href=\"https:\/\/sarimelekler.biz\/?attachment_id=17051\" border=\"0\" itemprop=\"url\"> <meta itemprop=\"width\" content=\"172\"> <meta itemprop=\"height\" content=\"125\"> <img decoding=\"async\" class=\"\" data-attachment-id=\"17051\" data-orig-file=\"https:\/\/sarimelekler.biz\/wp-content\/uploads\/2021\/12\/Naz-MT-Veda-5.jpg\" data-orig-size=\"899,655\" data-comments-opened=\"\" data-image-meta=\"{&quot;aperture&quot;:&quot;0&quot;,&quot;credit&quot;:&quot;&quot;,&quot;camera&quot;:&quot;&quot;,&quot;caption&quot;:&quot;&quot;,&quot;created_timestamp&quot;:&quot;0&quot;,&quot;copyright&quot;:&quot;&quot;,&quot;focal_length&quot;:&quot;0&quot;,&quot;iso&quot;:&quot;0&quot;,&quot;shutter_speed&quot;:&quot;0&quot;,&quot;title&quot;:&quot;&quot;,&quot;orientation&quot;:&quot;1&quot;}\" data-image-title=\"Naz MT Veda (5)\" data-image-description=\"\" data-medium-file=\"https:\/\/sarimelekler.biz\/wp-content\/uploads\/2021\/12\/Naz-MT-Veda-5-300x219.jpg\" data-large-file=\"https:\/\/sarimelekler.biz\/wp-content\/uploads\/2021\/12\/Naz-MT-Veda-5.jpg\" src=\"https:\/\/i0.wp.com\/sarimelekler.biz\/wp-content\/uploads\/2021\/12\/Naz-MT-Veda-5.jpg?w=172&#038;h=125&#038;ssl=1\" srcset=\"https:\/\/sarimelekler.biz\/wp-content\/uploads\/2021\/12\/Naz-MT-Veda-5.jpg 899w, https:\/\/sarimelekler.biz\/wp-content\/uploads\/2021\/12\/Naz-MT-Veda-5-300x219.jpg 300w, https:\/\/sarimelekler.biz\/wp-content\/uploads\/2021\/12\/Naz-MT-Veda-5-768x560.jpg 768w, https:\/\/sarimelekler.biz\/wp-content\/uploads\/2021\/12\/Naz-MT-Veda-5-150x109.jpg 150w\" width=\"172\" height=\"125\" loading=\"lazy\" data-original-width=\"172\" data-original-height=\"125\" itemprop=\"http:\/\/schema.org\/image\" title=\"Naz MT Veda (5)\" alt=\"Naz MT Veda (5)\" style=\"width: 172px; height: 125px;\" \/> <\/a> <\/div> <\/div> <!-- close group --> <div class=\"gallery-group images-1\" style=\"width: 262px; height: 129px;\" data-original-width=\"262\" data-original-height=\"129\" > <div class=\"tiled-gallery-item tiled-gallery-item-large\" itemprop=\"associatedMedia\" itemscope itemtype=\"http:\/\/schema.org\/ImageObject\"> <a href=\"https:\/\/sarimelekler.biz\/?attachment_id=17052\" border=\"0\" itemprop=\"url\"> <meta itemprop=\"width\" content=\"258\"> <meta itemprop=\"height\" content=\"125\"> <img decoding=\"async\" class=\"\" data-attachment-id=\"17052\" data-orig-file=\"https:\/\/sarimelekler.biz\/wp-content\/uploads\/2021\/12\/Naz-MT-Veda-6.jpg\" data-orig-size=\"622,303\" data-comments-opened=\"\" data-image-meta=\"{&quot;aperture&quot;:&quot;0&quot;,&quot;credit&quot;:&quot;&quot;,&quot;camera&quot;:&quot;&quot;,&quot;caption&quot;:&quot;&quot;,&quot;created_timestamp&quot;:&quot;0&quot;,&quot;copyright&quot;:&quot;&quot;,&quot;focal_length&quot;:&quot;0&quot;,&quot;iso&quot;:&quot;0&quot;,&quot;shutter_speed&quot;:&quot;0&quot;,&quot;title&quot;:&quot;&quot;,&quot;orientation&quot;:&quot;0&quot;}\" data-image-title=\"Naz MT Veda (6)\" data-image-description=\"\" data-medium-file=\"https:\/\/sarimelekler.biz\/wp-content\/uploads\/2021\/12\/Naz-MT-Veda-6-300x146.jpg\" data-large-file=\"https:\/\/sarimelekler.biz\/wp-content\/uploads\/2021\/12\/Naz-MT-Veda-6.jpg\" src=\"https:\/\/i0.wp.com\/sarimelekler.biz\/wp-content\/uploads\/2021\/12\/Naz-MT-Veda-6.jpg?w=258&#038;h=125&#038;ssl=1\" srcset=\"https:\/\/sarimelekler.biz\/wp-content\/uploads\/2021\/12\/Naz-MT-Veda-6.jpg 622w, https:\/\/sarimelekler.biz\/wp-content\/uploads\/2021\/12\/Naz-MT-Veda-6-300x146.jpg 300w, https:\/\/sarimelekler.biz\/wp-content\/uploads\/2021\/12\/Naz-MT-Veda-6-150x73.jpg 150w\" width=\"258\" height=\"125\" loading=\"lazy\" data-original-width=\"258\" data-original-height=\"125\" itemprop=\"http:\/\/schema.org\/image\" title=\"Naz MT Veda (6)\" alt=\"Naz MT Veda (6)\" style=\"width: 258px; height: 125px;\" \/> <\/a> <\/div> <\/div> <!-- close group --> <div class=\"gallery-group images-1\" style=\"width: 192px; height: 129px;\" data-original-width=\"192\" data-original-height=\"129\" > <div class=\"tiled-gallery-item tiled-gallery-item-small\" itemprop=\"associatedMedia\" itemscope itemtype=\"http:\/\/schema.org\/ImageObject\"> <a href=\"https:\/\/sarimelekler.biz\/?attachment_id=17053\" border=\"0\" itemprop=\"url\"> <meta itemprop=\"width\" content=\"188\"> <meta itemprop=\"height\" content=\"125\"> <img decoding=\"async\" class=\"\" data-attachment-id=\"17053\" data-orig-file=\"https:\/\/sarimelekler.biz\/wp-content\/uploads\/2021\/12\/Naz-MT-Veda-7.jpg\" data-orig-size=\"1200,800\" data-comments-opened=\"\" data-image-meta=\"{&quot;aperture&quot;:&quot;0&quot;,&quot;credit&quot;:&quot;&quot;,&quot;camera&quot;:&quot;&quot;,&quot;caption&quot;:&quot;&quot;,&quot;created_timestamp&quot;:&quot;0&quot;,&quot;copyright&quot;:&quot;&quot;,&quot;focal_length&quot;:&quot;0&quot;,&quot;iso&quot;:&quot;0&quot;,&quot;shutter_speed&quot;:&quot;0&quot;,&quot;title&quot;:&quot;&quot;,&quot;orientation&quot;:&quot;0&quot;}\" data-image-title=\"Naz MT Veda (7)\" data-image-description=\"\" data-medium-file=\"https:\/\/sarimelekler.biz\/wp-content\/uploads\/2021\/12\/Naz-MT-Veda-7-300x200.jpg\" data-large-file=\"https:\/\/sarimelekler.biz\/wp-content\/uploads\/2021\/12\/Naz-MT-Veda-7-1024x683.jpg\" src=\"https:\/\/i0.wp.com\/sarimelekler.biz\/wp-content\/uploads\/2021\/12\/Naz-MT-Veda-7.jpg?w=188&#038;h=125&#038;ssl=1\" srcset=\"https:\/\/sarimelekler.biz\/wp-content\/uploads\/2021\/12\/Naz-MT-Veda-7.jpg 1200w, https:\/\/sarimelekler.biz\/wp-content\/uploads\/2021\/12\/Naz-MT-Veda-7-300x200.jpg 300w, https:\/\/sarimelekler.biz\/wp-content\/uploads\/2021\/12\/Naz-MT-Veda-7-1024x683.jpg 1024w, https:\/\/sarimelekler.biz\/wp-content\/uploads\/2021\/12\/Naz-MT-Veda-7-768x512.jpg 768w, https:\/\/sarimelekler.biz\/wp-content\/uploads\/2021\/12\/Naz-MT-Veda-7-150x100.jpg 150w\" width=\"188\" height=\"125\" loading=\"lazy\" data-original-width=\"188\" data-original-height=\"125\" itemprop=\"http:\/\/schema.org\/image\" title=\"Naz MT Veda (7)\" alt=\"Naz MT Veda (7)\" style=\"width: 188px; height: 125px;\" \/> <\/a> <\/div> <\/div> <!-- close group --> <div class=\"gallery-group images-1\" style=\"width: 230px; height: 129px;\" data-original-width=\"230\" data-original-height=\"129\" > <div class=\"tiled-gallery-item tiled-gallery-item-small\" itemprop=\"associatedMedia\" itemscope itemtype=\"http:\/\/schema.org\/ImageObject\"> <a href=\"https:\/\/sarimelekler.biz\/?attachment_id=17054\" border=\"0\" itemprop=\"url\"> <meta itemprop=\"width\" content=\"226\"> <meta itemprop=\"height\" content=\"125\"> <img decoding=\"async\" class=\"\" data-attachment-id=\"17054\" data-orig-file=\"https:\/\/sarimelekler.biz\/wp-content\/uploads\/2021\/12\/Naz-MT-Veda-8.jpg\" data-orig-size=\"720,400\" data-comments-opened=\"\" data-image-meta=\"{&quot;aperture&quot;:&quot;0&quot;,&quot;credit&quot;:&quot;&quot;,&quot;camera&quot;:&quot;&quot;,&quot;caption&quot;:&quot;&quot;,&quot;created_timestamp&quot;:&quot;0&quot;,&quot;copyright&quot;:&quot;&quot;,&quot;focal_length&quot;:&quot;0&quot;,&quot;iso&quot;:&quot;0&quot;,&quot;shutter_speed&quot;:&quot;0&quot;,&quot;title&quot;:&quot;&quot;,&quot;orientation&quot;:&quot;0&quot;}\" data-image-title=\"Naz MT Veda (8)\" data-image-description=\"\" data-medium-file=\"https:\/\/sarimelekler.biz\/wp-content\/uploads\/2021\/12\/Naz-MT-Veda-8-300x167.jpg\" data-large-file=\"https:\/\/sarimelekler.biz\/wp-content\/uploads\/2021\/12\/Naz-MT-Veda-8.jpg\" src=\"https:\/\/i0.wp.com\/sarimelekler.biz\/wp-content\/uploads\/2021\/12\/Naz-MT-Veda-8.jpg?w=226&#038;h=125&#038;ssl=1\" srcset=\"https:\/\/sarimelekler.biz\/wp-content\/uploads\/2021\/12\/Naz-MT-Veda-8.jpg 720w, https:\/\/sarimelekler.biz\/wp-content\/uploads\/2021\/12\/Naz-MT-Veda-8-300x167.jpg 300w, https:\/\/sarimelekler.biz\/wp-content\/uploads\/2021\/12\/Naz-MT-Veda-8-150x83.jpg 150w\" width=\"226\" height=\"125\" loading=\"lazy\" data-original-width=\"226\" data-original-height=\"125\" itemprop=\"http:\/\/schema.org\/image\" title=\"Naz MT Veda (8)\" alt=\"Naz MT Veda (8)\" style=\"width: 226px; height: 125px;\" \/> <\/a> <\/div> <\/div> <!-- close group --> <\/div> <!-- close row --> <\/div>\n<p>\u00a0<\/p>\n<p style=\"text-align: right;\">31.12.2021<\/p>\n","protected":false},"excerpt":{"rendered":"<p>Fenerbah\u00e7e Opet Kad\u0131n Voleybol tak\u0131m\u0131m\u0131z\u0131n ve T\u00fcrk voleybolunun \u00f6nemli isimlerinden \u2026 <a class=\"continue-reading-link\" href=\"https:\/\/sarimelekler.biz\/?p=17045\">Okumaya Devam Et.. <span class=\"meta-nav\">&rarr; <\/span><\/a><\/p>\n","protected":false},"author":1,"featured_media":17057,"comment_status":"closed","ping_status":"open","sticky":false,"template":"","format":"standard","meta":{"jetpack_post_was_ever_published":false,"_jetpack_newsletter_access":"","_jetpack_dont_email_post_to_subs":false,"_jetpack_newsletter_tier_id":0,"_jetpack_memberships_contains_paywalled_content":false,"_jetpack_memberships_contains_paid_content":false,"footnotes":"","jetpack_publicize_message":"","jetpack_publicize_feature_enabled":true,"jetpack_social_post_already_shared":true,"jetpack_social_options":{"image_generator_settings":{"template":"highway","default_image_id":0,"font":"","enabled":false},"version":2}},"categories":[7],"tags":[],"class_list":["post-17045","post","type-post","status-publish","format-standard","has-post-thumbnail","hentry","category-haberler"],"jetpack_publicize_connections":[],"jetpack_featured_media_url":"https:\/\/sarimelekler.biz\/wp-content\/uploads\/2021\/12\/Naz-MT-Veda-K.jpg","jetpack_sharing_enabled":true,"jetpack_shortlink":"https:\/\/wp.me\/p8npUZ-4qV","jetpack-related-posts":[{"id":9817,"url":"https:\/\/sarimelekler.biz\/?p=9817","url_meta":{"origin":17045,"position":0},"title":"Yeni Sar\u0131 Melek Dobriana Rabadzhieva","author":"Edit\u00f6r","date":"29 Ocak 2019","format":false,"excerpt":"Bug\u00fcn Fenerbah\u00e7e Spor Kul\u00fcb\u00fcm\u00fcz Resmi \u0130nternet Sitesinden yap\u0131lan a\u00e7\u0131klamada Bulgar sma\u00e7\u00f6r Dobriana Rabadzhieva ile anla\u015f\u0131ld\u0131\u011f\u0131 a\u00e7\u0131kland\u0131. Bizde kendisine ho\u015f geldin diyor, Fenerbah\u00e7e kariyerinde ba\u015far\u0131lar diliyoruz. Yap\u0131lan A\u00e7\u0131klama: Kad\u0131n Voleybol Tak\u0131m\u0131m\u0131z Fenerbah\u00e7e Opet, son olarak \u00c7in ekibi Evergrande formas\u0131 giyen sma\u00e7\u00f6r Dobriana Rabadzhieva\u2019y\u0131 renklerine ba\u011flad\u0131. 1991 do\u011fumlu Bulgaristan vatanda\u015f\u0131 Dobriana, Fenerbah\u00e7e\u2026","rel":"","context":"&quot;Haberler&quot; i\u00e7inde","block_context":{"text":"Haberler","link":"https:\/\/sarimelekler.biz\/?cat=7"},"img":{"alt_text":"","src":"https:\/\/i0.wp.com\/sarimelekler.biz\/wp-content\/uploads\/2019\/01\/Dobriana-Rabadzhieva-Kapak.jpg?resize=350%2C200&ssl=1","width":350,"height":200,"srcset":"https:\/\/i0.wp.com\/sarimelekler.biz\/wp-content\/uploads\/2019\/01\/Dobriana-Rabadzhieva-Kapak.jpg?resize=350%2C200&ssl=1 1x, https:\/\/i0.wp.com\/sarimelekler.biz\/wp-content\/uploads\/2019\/01\/Dobriana-Rabadzhieva-Kapak.jpg?resize=525%2C300&ssl=1 1.5x, https:\/\/i0.wp.com\/sarimelekler.biz\/wp-content\/uploads\/2019\/01\/Dobriana-Rabadzhieva-Kapak.jpg?resize=700%2C400&ssl=1 2x, https:\/\/i0.wp.com\/sarimelekler.biz\/wp-content\/uploads\/2019\/01\/Dobriana-Rabadzhieva-Kapak.jpg?resize=1050%2C600&ssl=1 3x, https:\/\/i0.wp.com\/sarimelekler.biz\/wp-content\/uploads\/2019\/01\/Dobriana-Rabadzhieva-Kapak.jpg?resize=1400%2C800&ssl=1 4x"},"classes":[]},{"id":15478,"url":"https:\/\/sarimelekler.biz\/?p=15478","url_meta":{"origin":17045,"position":1},"title":"Naz Aydemir Akyol \u201cSon 10 Y\u0131l\u0131n En \u0130yi 100 Oyuncusu\u201d Listesine Se\u00e7ildi","author":"Edit\u00f6r","date":"16 Mart 2021","format":false,"excerpt":"Fenerbah\u00e7e Opet Kad\u0131n Voleybol Tak\u0131m\u0131m\u0131z ile A Milli Kad\u0131n Voleybol Tak\u0131m\u0131m\u0131z\u0131n pas\u00f6r\u00fc Naz Aydemir Akyol, Uluslararas\u0131 Voleybol Federasyonu FIVB taraf\u0131ndan \"Son 10 Y\u0131l\u0131n En \u0130yi 100 Oyuncusu\" listesine se\u00e7ildi. FIVB'nin resmi internet sitesinde \u201cSporcu Bir Aileyi Gururland\u0131rmak\u201d ba\u015fl\u0131\u011f\u0131yla duyurulan haberde Naz Aydemir Akyol\u2019un ba\u015far\u0131lar\u0131na ve voleybol kariyerine yer verildi. Ailesi\u2026","rel":"","context":"&quot;Haberler&quot; i\u00e7inde","block_context":{"text":"Haberler","link":"https:\/\/sarimelekler.biz\/?cat=7"},"img":{"alt_text":"","src":"https:\/\/i0.wp.com\/sarimelekler.biz\/wp-content\/uploads\/2021\/03\/1.jpg?resize=350%2C200&ssl=1","width":350,"height":200,"srcset":"https:\/\/i0.wp.com\/sarimelekler.biz\/wp-content\/uploads\/2021\/03\/1.jpg?resize=350%2C200&ssl=1 1x, https:\/\/i0.wp.com\/sarimelekler.biz\/wp-content\/uploads\/2021\/03\/1.jpg?resize=525%2C300&ssl=1 1.5x, https:\/\/i0.wp.com\/sarimelekler.biz\/wp-content\/uploads\/2021\/03\/1.jpg?resize=700%2C400&ssl=1 2x"},"classes":[]},{"id":15489,"url":"https:\/\/sarimelekler.biz\/?p=15489","url_meta":{"origin":17045,"position":2},"title":"Ba\u015fkan\u0131m\u0131z Ali Ko\u00e7 ve Y\u00f6neticimiz Simla T\u00fcrker Bayaz\u0131t\u2019tan Naz Aydemir Akyol\u2019a \u00d6zel Plaket Takdim Edildi","author":"Edit\u00f6r","date":"18 Mart 2021","format":false,"excerpt":"Ba\u015fkan\u0131m\u0131z Ali Ko\u00e7 ile Y\u00f6neticimiz Simla T\u00fcrker Bayaz\u0131t, Uluslararas\u0131 Voleybol Federasyonu FIVB taraf\u0131ndan \"Son 10 Y\u0131l\u0131n En \u0130yi 100 Oyuncusu\" listesine se\u00e7ilen milli pas\u00f6r\u00fcm\u00fcz Naz Aydemir Akyol\u2019a, Zalgiris Kaunas ma\u00e7\u0131n\u0131n \u00fc\u00e7\u00fcnc\u00fc \u00e7eyre\u011fi sonunda plaket takdim etti. Fenerbah\u00e7e Opet Kad\u0131n Voleybol Tak\u0131m\u0131m\u0131z ile A Milli Kad\u0131n Voleybol Tak\u0131m\u0131m\u0131z\u0131n say\u0131s\u0131z ba\u015far\u0131s\u0131na imza\u2026","rel":"","context":"&quot;Haberler&quot; i\u00e7inde","block_context":{"text":"Haberler","link":"https:\/\/sarimelekler.biz\/?cat=7"},"img":{"alt_text":"","src":"https:\/\/i0.wp.com\/sarimelekler.biz\/wp-content\/uploads\/2021\/03\/Naz-100-9.jpg?resize=350%2C200&ssl=1","width":350,"height":200,"srcset":"https:\/\/i0.wp.com\/sarimelekler.biz\/wp-content\/uploads\/2021\/03\/Naz-100-9.jpg?resize=350%2C200&ssl=1 1x, https:\/\/i0.wp.com\/sarimelekler.biz\/wp-content\/uploads\/2021\/03\/Naz-100-9.jpg?resize=525%2C300&ssl=1 1.5x, https:\/\/i0.wp.com\/sarimelekler.biz\/wp-content\/uploads\/2021\/03\/Naz-100-9.jpg?resize=700%2C400&ssl=1 2x, https:\/\/i0.wp.com\/sarimelekler.biz\/wp-content\/uploads\/2021\/03\/Naz-100-9.jpg?resize=1050%2C600&ssl=1 3x, https:\/\/i0.wp.com\/sarimelekler.biz\/wp-content\/uploads\/2021\/03\/Naz-100-9.jpg?resize=1400%2C800&ssl=1 4x"},"classes":[]},{"id":15724,"url":"https:\/\/sarimelekler.biz\/?p=15724","url_meta":{"origin":17045,"position":3},"title":"Naz Aydemir Akyol\u2019un S\u00f6zle\u015fmesi 2 Y\u0131l Uzat\u0131ld\u0131","author":"Edit\u00f6r","date":"19 Nisan 2021","format":false,"excerpt":"Kul\u00fcb\u00fcm\u00fcz, Fenerbah\u00e7e Opet Kad\u0131n Voleybol tak\u0131m\u0131m\u0131z\u0131n pas\u00f6r oyuncusu Naz Aydemir Akyol ile 2 y\u0131ll\u0131k s\u00f6zle\u015fme uzatt\u0131\u011f\u0131n\u0131 resmi sitesinden yapt\u0131\u011f\u0131 a\u00e7\u0131klamayla duyurdu. Oyuncumuza ba\u015far\u0131lar dileriz. Kul\u00fcb\u00fcm\u00fczden Yap\u0131lan A\u00e7\u0131klama: Formam\u0131zla \u00e7ok say\u0131da ba\u015far\u0131ya imza atan milli pas\u00f6r\u00fcm\u00fcz Naz Aydemir Akyol, 2 y\u0131l daha bizimle!'Son 10 Y\u0131l\u0131n En \u0130yi 100 Oyuncusu' listesinde yer\u2026","rel":"","context":"&quot;Transfer Haberleri&quot; i\u00e7inde","block_context":{"text":"Transfer Haberleri","link":"https:\/\/sarimelekler.biz\/?cat=23"},"img":{"alt_text":"","src":"https:\/\/i0.wp.com\/sarimelekler.biz\/wp-content\/uploads\/2019\/06\/Naz-19-20-Kapak.jpg?resize=350%2C200&ssl=1","width":350,"height":200,"srcset":"https:\/\/i0.wp.com\/sarimelekler.biz\/wp-content\/uploads\/2019\/06\/Naz-19-20-Kapak.jpg?resize=350%2C200&ssl=1 1x, https:\/\/i0.wp.com\/sarimelekler.biz\/wp-content\/uploads\/2019\/06\/Naz-19-20-Kapak.jpg?resize=525%2C300&ssl=1 1.5x, https:\/\/i0.wp.com\/sarimelekler.biz\/wp-content\/uploads\/2019\/06\/Naz-19-20-Kapak.jpg?resize=700%2C400&ssl=1 2x, https:\/\/i0.wp.com\/sarimelekler.biz\/wp-content\/uploads\/2019\/06\/Naz-19-20-Kapak.jpg?resize=1050%2C600&ssl=1 3x, https:\/\/i0.wp.com\/sarimelekler.biz\/wp-content\/uploads\/2019\/06\/Naz-19-20-Kapak.jpg?resize=1400%2C800&ssl=1 4x"},"classes":[]},{"id":11907,"url":"https:\/\/sarimelekler.biz\/?p=11907","url_meta":{"origin":17045,"position":4},"title":"Naz Aydemir Akyol ve \u00c7i\u011fdem Can Rasna Fenerbah\u00e7e Dergisinin Ekim Say\u0131s\u0131nda Yer Ald\u0131.","author":"Edit\u00f6r","date":"7 Ekim 2019","format":false,"excerpt":"Fenerbah\u00e7e Dergisi\u2019nin 200. say\u0131s\u0131 olan Ekim 2019 n\u00fcshas\u0131 sat\u0131\u015fa \u00e7\u0131kt\u0131. Derginin bu n\u00fcshas\u0131nda \u201cBizden Biri\u201d k\u00f6\u015fesinde Fenerbah\u00e7e Opet Kad\u0131n Voleybol tak\u0131m\u0131m\u0131z\u0131n efsane kaptan\u0131 \u00c7i\u011fdem Can Rasna daha yak\u0131ndan ve farkl\u0131 y\u00f6nleriyle tan\u0131t\u0131ld\u0131. Ayr\u0131ca milli voleybolcumuz Naz Aydemir Akyol ile de bir r\u00f6portaj yap\u0131ld\u0131. Fenerbah\u00e7e Dergisinin Ekim 2019 n\u00fcshas\u0131n\u0131 bayilerde bulabilirsiniz.\u2026","rel":"","context":"&quot;Haberler&quot; i\u00e7inde","block_context":{"text":"Haberler","link":"https:\/\/sarimelekler.biz\/?cat=7"},"img":{"alt_text":"","src":"https:\/\/i0.wp.com\/sarimelekler.biz\/wp-content\/uploads\/2019\/10\/%C3%87i%C4%9Fdem-Naz-Kapak.jpg?resize=350%2C200&ssl=1","width":350,"height":200,"srcset":"https:\/\/i0.wp.com\/sarimelekler.biz\/wp-content\/uploads\/2019\/10\/%C3%87i%C4%9Fdem-Naz-Kapak.jpg?resize=350%2C200&ssl=1 1x, https:\/\/i0.wp.com\/sarimelekler.biz\/wp-content\/uploads\/2019\/10\/%C3%87i%C4%9Fdem-Naz-Kapak.jpg?resize=525%2C300&ssl=1 1.5x, https:\/\/i0.wp.com\/sarimelekler.biz\/wp-content\/uploads\/2019\/10\/%C3%87i%C4%9Fdem-Naz-Kapak.jpg?resize=700%2C400&ssl=1 2x, https:\/\/i0.wp.com\/sarimelekler.biz\/wp-content\/uploads\/2019\/10\/%C3%87i%C4%9Fdem-Naz-Kapak.jpg?resize=1050%2C600&ssl=1 3x, https:\/\/i0.wp.com\/sarimelekler.biz\/wp-content\/uploads\/2019\/10\/%C3%87i%C4%9Fdem-Naz-Kapak.jpg?resize=1400%2C800&ssl=1 4x"},"classes":[]},{"id":11869,"url":"https:\/\/sarimelekler.biz\/?p=11869","url_meta":{"origin":17045,"position":5},"title":"Milli Tak\u0131m Kadrolar\u0131ndan D\u00f6nen Oyuncular\u0131m\u0131z Sa\u011fl\u0131k Kontrol\u00fcnden Ge\u00e7ti","author":"Edit\u00f6r","date":"20 Eyl\u00fcl 2019","format":false,"excerpt":"Fenerbah\u00e7e Opet Kad\u0131n Voleybol Tak\u0131m\u0131m\u0131z\u0131n kaptan\u0131 Eda Erdem D\u00fcndar ile oyuncular\u0131m\u0131z Aylin Sar\u0131o\u011flu, Naz Aydemir Akyol, Brankica Mihajlovic, Fatma Y\u0131ld\u0131r\u0131m, G\u00fclce G\u00fc\u00e7tekin ve \u0130par \u00d6zay Kurt bug\u00fcn Medical Park G\u00f6ztepe Hastanesi'nde sa\u011fl\u0131k kontrol\u00fcnden ge\u00e7ti. A tak\u0131m oyuncular\u0131m\u0131zdan Eda Erdem D\u00fcndar, Aylin Sar\u0131o\u011flu, Naz Aydemir Akyol, Fatma Y\u0131ld\u0131r\u0131m ve Brankica Mihajlovic\u2026","rel":"","context":"&quot;Haberler&quot; i\u00e7inde","block_context":{"text":"Haberler","link":"https:\/\/sarimelekler.biz\/?cat=7"},"img":{"alt_text":"","src":"https:\/\/i0.wp.com\/sarimelekler.biz\/wp-content\/uploads\/2019\/09\/19-20-Sa%C4%9Fl%C4%B1k-Kontrol%C3%BC-Kapak.jpg?resize=350%2C200&ssl=1","width":350,"height":200,"srcset":"https:\/\/i0.wp.com\/sarimelekler.biz\/wp-content\/uploads\/2019\/09\/19-20-Sa%C4%9Fl%C4%B1k-Kontrol%C3%BC-Kapak.jpg?resize=350%2C200&ssl=1 1x, https:\/\/i0.wp.com\/sarimelekler.biz\/wp-content\/uploads\/2019\/09\/19-20-Sa%C4%9Fl%C4%B1k-Kontrol%C3%BC-Kapak.jpg?resize=525%2C300&ssl=1 1.5x, https:\/\/i0.wp.com\/sarimelekler.biz\/wp-content\/uploads\/2019\/09\/19-20-Sa%C4%9Fl%C4%B1k-Kontrol%C3%BC-Kapak.jpg?resize=700%2C400&ssl=1 2x, https:\/\/i0.wp.com\/sarimelekler.biz\/wp-content\/uploads\/2019\/09\/19-20-Sa%C4%9Fl%C4%B1k-Kontrol%C3%BC-Kapak.jpg?resize=1050%2C600&ssl=1 3x, https:\/\/i0.wp.com\/sarimelekler.biz\/wp-content\/uploads\/2019\/09\/19-20-Sa%C4%9Fl%C4%B1k-Kontrol%C3%BC-Kapak.jpg?resize=1400%2C800&ssl=1 4x"},"classes":[]}],"_links":{"self":[{"href":"https:\/\/sarimelekler.biz\/index.php?rest_route=\/wp\/v2\/posts\/17045","targetHints":{"allow":["GET"]}}],"collection":[{"href":"https:\/\/sarimelekler.biz\/index.php?rest_route=\/wp\/v2\/posts"}],"about":[{"href":"https:\/\/sarimelekler.biz\/index.php?rest_route=\/wp\/v2\/types\/post"}],"author":[{"embeddable":true,"href":"https:\/\/sarimelekler.biz\/index.php?rest_route=\/wp\/v2\/users\/1"}],"replies":[{"embeddable":true,"href":"https:\/\/sarimelekler.biz\/index.php?rest_route=%2Fwp%2Fv2%2Fcomments&post=17045"}],"version-history":[{"count":2,"href":"https:\/\/sarimelekler.biz\/index.php?rest_route=\/wp\/v2\/posts\/17045\/revisions"}],"predecessor-version":[{"id":17056,"href":"https:\/\/sarimelekler.biz\/index.php?rest_route=\/wp\/v2\/posts\/17045\/revisions\/17056"}],"wp:featuredmedia":[{"embeddable":true,"href":"https:\/\/sarimelekler.biz\/index.php?rest_route=\/wp\/v2\/media\/17057"}],"wp:attachment":[{"href":"https:\/\/sarimelekler.biz\/index.php?rest_route=%2Fwp%2Fv2%2Fmedia&parent=17045"}],"wp:term":[{"taxonomy":"category","embeddable":true,"href":"https:\/\/sarimelekler.biz\/index.php?rest_route=%2Fwp%2Fv2%2Fcategories&post=17045"},{"taxonomy":"post_tag","embeddable":true,"href":"https:\/\/sarimelekler.biz\/index.php?rest_route=%2Fwp%2Fv2%2Ftags&post=17045"}],"curies":[{"name":"wp","href":"https:\/\/api.w.org\/{rel}","templated":true}]}}