{"id":17322,"date":"2022-02-16T21:15:59","date_gmt":"2022-02-16T18:15:59","guid":{"rendered":"https:\/\/sarimelekler.biz\/?p=17322"},"modified":"2022-02-16T21:17:45","modified_gmt":"2022-02-16T18:17:45","slug":"sari-melekler-sampiyonlar-liginde-kendi-rekorunu-gelistirdi","status":"publish","type":"post","link":"https:\/\/sarimelekler.biz\/?p=17322","title":{"rendered":"Sar\u0131 Melekler \u015eampiyonlar Liginde Kendi Rekorunu Geli\u015ftirdi"},"content":{"rendered":"\n<p style=\"text-align: justify;\"><span style=\"font-size: 18px;\">Fenerbah\u00e7e Opet Kad\u0131n Voleybol Tak\u0131m\u0131m\u0131z CEV \u015eampiyonlar Ligi D grubu 6. ve son ma\u00e7\u0131nda d\u00fcn konuk etti\u011fi Fransa ekibi Beziers Volley\u2019i 25-8, 25-17 ve 25-19\u2019luk set skorlar\u0131yla 3-0 ma\u011flup ederek nama\u011flup \u00e7eyrek finale y\u00fckseldi.<\/span><\/p>\n<p style=\"text-align: justify;\"><span style=\"font-size: 18px;\">Sar\u0131 Meleklerin ilk seti 25-8 kazanmas\u0131 d\u00fczenli istatistik tuttu\u011fumuz\/veri bulabildi\u011fimiz 2010-11 sezonundan bu sezona kadar \u015eampiyonlar Liginde Kad\u0131n Voleybol tak\u0131m\u0131m\u0131z\u0131n en b\u00fcy\u00fck farkla kazand\u0131\u011f\u0131 set oldu.<\/span><\/p>\n<p style=\"text-align: justify;\"><span style=\"font-size: 18px;\">Tak\u0131m\u0131m\u0131z daha \u00f6nce 2016-17 sezonunda 11\/01\/2017 tarihinde \u0130stanbul&#8217;da oynanan \u015eampiyonlar Ligi 2. ma\u00e7\u0131nda Azerrail Bak\u00fc tak\u0131m\u0131n\u0131 25-9 ma\u011flup etmi\u015fti.<\/span><\/p>\n<p style=\"text-align: justify;\"><span style=\"font-size: 18px;\">Tak\u0131m\u0131m\u0131z ge\u00e7ti\u011fimiz Aral\u0131k ay\u0131nda oynad\u0131\u011f\u0131 D\u00fcnya Kul\u00fcpler \u015eampiyonas\u0131 \u00fc\u00e7\u00fcnc\u00fcl\u00fck ma\u00e7\u0131nda kar\u015f\u0131la\u015ft\u0131\u011f\u0131 Minas Tenis Clube ma\u00e7\u0131nda ald\u0131\u011f\u0131 25-7\u2019lik 2.set galibiyeti, FIVB D\u00fcnya Kul\u00fcpler \u015eampiyonas\u0131 tarihinde 18 say\u0131yla elde edilmi\u015f en b\u00fcy\u00fck fark olarak tarihe ge\u00e7mi\u015fti.<\/span><\/p>\n\n\t\t<style type=\"text\/css\">\n\t\t\t#gallery-1 {\n\t\t\t\tmargin: auto;\n\t\t\t}\n\t\t\t#gallery-1 .gallery-item {\n\t\t\t\tfloat: left;\n\t\t\t\tmargin-top: 10px;\n\t\t\t\ttext-align: center;\n\t\t\t\twidth: 100%;\n\t\t\t}\n\t\t\t#gallery-1 img {\n\t\t\t\tborder: 2px solid #cfcfcf;\n\t\t\t}\n\t\t\t#gallery-1 .gallery-caption {\n\t\t\t\tmargin-left: 0;\n\t\t\t}\n\t\t\t\/* see gallery_shortcode() in wp-includes\/media.php *\/\n\t\t<\/style>\n\t\t<div data-carousel-extra='{&quot;blog_id&quot;:1,&quot;permalink&quot;:&quot;https:\/\/sarimelekler.biz\/?p=17322&quot;}' id='gallery-1' class='gallery galleryid-17322 gallery-columns-1 gallery-size-full'><dl class='gallery-item'>\n\t\t\t<dt class='gallery-icon landscape'>\n\t\t\t\t<a href='https:\/\/sarimelekler.biz\/?attachment_id=17323'><img loading=\"lazy\" decoding=\"async\" width=\"2048\" height=\"1536\" src=\"https:\/\/sarimelekler.biz\/wp-content\/uploads\/2022\/02\/06-21-22-CL-40.jpg\" class=\"attachment-full size-full\" alt=\"\" srcset=\"https:\/\/sarimelekler.biz\/wp-content\/uploads\/2022\/02\/06-21-22-CL-40.jpg 2048w, https:\/\/sarimelekler.biz\/wp-content\/uploads\/2022\/02\/06-21-22-CL-40-300x225.jpg 300w, https:\/\/sarimelekler.biz\/wp-content\/uploads\/2022\/02\/06-21-22-CL-40-1024x768.jpg 1024w, https:\/\/sarimelekler.biz\/wp-content\/uploads\/2022\/02\/06-21-22-CL-40-768x576.jpg 768w, https:\/\/sarimelekler.biz\/wp-content\/uploads\/2022\/02\/06-21-22-CL-40-1536x1152.jpg 1536w, https:\/\/sarimelekler.biz\/wp-content\/uploads\/2022\/02\/06-21-22-CL-40-150x113.jpg 150w\" sizes=\"auto, (max-width: 2048px) 100vw, 2048px\" data-attachment-id=\"17323\" data-permalink=\"https:\/\/sarimelekler.biz\/?attachment_id=17323\" data-orig-file=\"https:\/\/sarimelekler.biz\/wp-content\/uploads\/2022\/02\/06-21-22-CL-40.jpg\" data-orig-size=\"2048,1536\" data-comments-opened=\"0\" data-image-meta=\"{&quot;aperture&quot;:&quot;0&quot;,&quot;credit&quot;:&quot;&quot;,&quot;camera&quot;:&quot;&quot;,&quot;caption&quot;:&quot;&quot;,&quot;created_timestamp&quot;:&quot;0&quot;,&quot;copyright&quot;:&quot;&quot;,&quot;focal_length&quot;:&quot;0&quot;,&quot;iso&quot;:&quot;0&quot;,&quot;shutter_speed&quot;:&quot;0&quot;,&quot;title&quot;:&quot;&quot;,&quot;orientation&quot;:&quot;0&quot;}\" data-image-title=\"06 &amp;#8211; 21-22 CL (40)\" data-image-description=\"\" data-image-caption=\"\" data-large-file=\"https:\/\/sarimelekler.biz\/wp-content\/uploads\/2022\/02\/06-21-22-CL-40-1024x768.jpg\" \/><\/a>\n\t\t\t<\/dt><\/dl><br style=\"clear: both\" \/>\n\t\t<\/div>\n\n<p style=\"text-align: right;\">16.02.2022<\/p>\n","protected":false},"excerpt":{"rendered":"<p>Fenerbah\u00e7e Opet Kad\u0131n Voleybol Tak\u0131m\u0131m\u0131z CEV \u015eampiyonlar Ligi D grubu \u2026 <a class=\"continue-reading-link\" href=\"https:\/\/sarimelekler.biz\/?p=17322\">Okumaya Devam Et.. <span class=\"meta-nav\">&rarr; <\/span><\/a><\/p>\n","protected":false},"author":1,"featured_media":17326,"comment_status":"closed","ping_status":"open","sticky":false,"template":"","format":"standard","meta":{"jetpack_post_was_ever_published":false,"_jetpack_newsletter_access":"","_jetpack_dont_email_post_to_subs":false,"_jetpack_newsletter_tier_id":0,"_jetpack_memberships_contains_paywalled_content":false,"_jetpack_memberships_contains_paid_content":false,"footnotes":"","jetpack_publicize_message":"","jetpack_publicize_feature_enabled":true,"jetpack_social_post_already_shared":true,"jetpack_social_options":{"image_generator_settings":{"template":"highway","default_image_id":0,"font":"","enabled":false},"version":2}},"categories":[1,7],"tags":[],"class_list":["post-17322","post","type-post","status-publish","format-standard","has-post-thumbnail","hentry","category-avp","category-haberler"],"jetpack_publicize_connections":[],"jetpack_featured_media_url":"https:\/\/sarimelekler.biz\/wp-content\/uploads\/2022\/02\/06-21-22-CL-41.jpg","jetpack_sharing_enabled":true,"jetpack_shortlink":"https:\/\/wp.me\/p8npUZ-4vo","jetpack-related-posts":[{"id":18635,"url":"https:\/\/sarimelekler.biz\/?p=18635","url_meta":{"origin":17322,"position":0},"title":"LKS Commercecon Lodz:3 \u2013 Fenerbah\u00e7e Opet:1","author":"Edit\u00f6r","date":"12 Ocak 2023","format":false,"excerpt":"Fenerbah\u00e7e Opet Kad\u0131n Voleybol Tak\u0131m\u0131m\u0131z 2023 CEV \u015eampiyonlar Ligi D Grubu \u00fc\u00e7\u00fcnc\u00fc ma\u00e7\u0131nda Polonya temsilcisi LKS Commercecon Lodz tak\u0131m\u0131na 3-1 (\u00dc\u00c7-B\u0130R) MA\u011eLUP OLDU. Sezona t\u00fcm kulvarlarda \u015eAMP\u0130YONLUK parolas\u0131yla ba\u015flayan tak\u0131m\u0131m\u0131z \u015eampiyonlar Liginde ad\u0131, san\u0131, ba\u015far\u0131s\u0131 belli olmayan tak\u0131mlara 3 ma\u00e7ta 2 kez ma\u011flup oldu. S\u00fcperstar Ba\u015fantren\u00f6r\u00fcm\u00fcz Zoran TERZ\u0130C bu ma\u011flubiyetlere\u2026","rel":"","context":"&quot;Avrupa Kupalar\u0131&quot; i\u00e7inde","block_context":{"text":"Avrupa Kupalar\u0131","link":"https:\/\/sarimelekler.biz\/?cat=1"},"img":{"alt_text":"","src":"https:\/\/i0.wp.com\/sarimelekler.biz\/wp-content\/uploads\/2023\/01\/FiPWfbTWAAATsKG.jpg?resize=350%2C200&ssl=1","width":350,"height":200,"srcset":"https:\/\/i0.wp.com\/sarimelekler.biz\/wp-content\/uploads\/2023\/01\/FiPWfbTWAAATsKG.jpg?resize=350%2C200&ssl=1 1x, https:\/\/i0.wp.com\/sarimelekler.biz\/wp-content\/uploads\/2023\/01\/FiPWfbTWAAATsKG.jpg?resize=525%2C300&ssl=1 1.5x, https:\/\/i0.wp.com\/sarimelekler.biz\/wp-content\/uploads\/2023\/01\/FiPWfbTWAAATsKG.jpg?resize=700%2C400&ssl=1 2x, https:\/\/i0.wp.com\/sarimelekler.biz\/wp-content\/uploads\/2023\/01\/FiPWfbTWAAATsKG.jpg?resize=1050%2C600&ssl=1 3x, https:\/\/i0.wp.com\/sarimelekler.biz\/wp-content\/uploads\/2023\/01\/FiPWfbTWAAATsKG.jpg?resize=1400%2C800&ssl=1 4x"},"classes":[]},{"id":18655,"url":"https:\/\/sarimelekler.biz\/?p=18655","url_meta":{"origin":17322,"position":1},"title":"Fenerbah\u00e7e Opet:3 \u2013 Allianz MTV Stuttgart:1","author":"Edit\u00f6r","date":"18 Ocak 2023","format":false,"excerpt":"Fenerbah\u00e7e Opet Kad\u0131n Voleybol Tak\u0131m\u0131m\u0131z CEV \u015eampiyonlar Ligi gruplar\u0131ndaki d\u00f6rd\u00fcnc\u00fc ma\u00e7\u0131nda konuk etti\u011fi Almanya temsilcisi Allianz MTV Stuttgart tak\u0131m\u0131n\u0131 25-20, 22-25, 25-18 ve 25-16\u2019l\u0131k set skorlar\u0131yla 3-1 ma\u011flup ederek puan\u0131n\u0131 7\u2019yi \u00e7\u0131kard\u0131. Tak\u0131m\u0131m\u0131z grubun 5. ma\u00e7\u0131nda 02 \u015eubat Per\u015fembe g\u00fcn\u00fc 3 ma\u00e7ta 0 puanl\u0131 grubun son s\u0131radaki \u0130spanyol temsilcisi Tenerife\u2026","rel":"","context":"&quot;Avrupa Kupalar\u0131&quot; i\u00e7inde","block_context":{"text":"Avrupa Kupalar\u0131","link":"https:\/\/sarimelekler.biz\/?cat=1"},"img":{"alt_text":"","src":"https:\/\/i0.wp.com\/sarimelekler.biz\/wp-content\/uploads\/2023\/01\/5937b1d8-3ae2-409f-95a8-1bafaa549947-scaled.jpg?resize=350%2C200&ssl=1","width":350,"height":200,"srcset":"https:\/\/i0.wp.com\/sarimelekler.biz\/wp-content\/uploads\/2023\/01\/5937b1d8-3ae2-409f-95a8-1bafaa549947-scaled.jpg?resize=350%2C200&ssl=1 1x, https:\/\/i0.wp.com\/sarimelekler.biz\/wp-content\/uploads\/2023\/01\/5937b1d8-3ae2-409f-95a8-1bafaa549947-scaled.jpg?resize=525%2C300&ssl=1 1.5x, https:\/\/i0.wp.com\/sarimelekler.biz\/wp-content\/uploads\/2023\/01\/5937b1d8-3ae2-409f-95a8-1bafaa549947-scaled.jpg?resize=700%2C400&ssl=1 2x, https:\/\/i0.wp.com\/sarimelekler.biz\/wp-content\/uploads\/2023\/01\/5937b1d8-3ae2-409f-95a8-1bafaa549947-scaled.jpg?resize=1050%2C600&ssl=1 3x, https:\/\/i0.wp.com\/sarimelekler.biz\/wp-content\/uploads\/2023\/01\/5937b1d8-3ae2-409f-95a8-1bafaa549947-scaled.jpg?resize=1400%2C800&ssl=1 4x"},"classes":[]},{"id":18651,"url":"https:\/\/sarimelekler.biz\/?p=18651","url_meta":{"origin":17322,"position":2},"title":"S\u00fcrpriz Yok. Eczac\u0131ba\u015f\u0131 Dynavit:3 \u2013 Fenerbah\u00e7e Opet:0","author":"Edit\u00f6r","date":"15 Ocak 2023","format":false,"excerpt":"Fenerbah\u00e7e Opet Kad\u0131n Voleybol Tak\u0131m\u0131m\u0131z misli.com Sultanlar Ligi 14. hafta ma\u00e7\u0131nda konuk oldu\u011fu Eczac\u0131ba\u015f\u0131 Dynavit tak\u0131m\u0131na 25-18, 25-13 ve 25-19\u2019luk set skorlar\u0131yla 3-0 ma\u011flup olarak ligdeki 4. ma\u011flubiyetini ald\u0131. Tak\u0131m\u0131m\u0131z 3 sette toplam sadece 38 alabilirken 12 say\u0131da rakip hatas\u0131ndan geldi. Terzic bu sezon iki kez kar\u015f\u0131la\u015ft\u0131\u011f\u0131m\u0131 Eczac\u0131ba\u015f\u0131 Dynavit tak\u0131m\u0131ndan\u2026","rel":"","context":"&quot;T\u00fcrkiye Ligi&quot; i\u00e7inde","block_context":{"text":"T\u00fcrkiye Ligi","link":"https:\/\/sarimelekler.biz\/?cat=6"},"img":{"alt_text":"","src":"https:\/\/i0.wp.com\/sarimelekler.biz\/wp-content\/uploads\/2023\/01\/Terzic-Ecz.jpg?resize=350%2C200&ssl=1","width":350,"height":200,"srcset":"https:\/\/i0.wp.com\/sarimelekler.biz\/wp-content\/uploads\/2023\/01\/Terzic-Ecz.jpg?resize=350%2C200&ssl=1 1x, https:\/\/i0.wp.com\/sarimelekler.biz\/wp-content\/uploads\/2023\/01\/Terzic-Ecz.jpg?resize=525%2C300&ssl=1 1.5x, https:\/\/i0.wp.com\/sarimelekler.biz\/wp-content\/uploads\/2023\/01\/Terzic-Ecz.jpg?resize=700%2C400&ssl=1 2x, https:\/\/i0.wp.com\/sarimelekler.biz\/wp-content\/uploads\/2023\/01\/Terzic-Ecz.jpg?resize=1050%2C600&ssl=1 3x, https:\/\/i0.wp.com\/sarimelekler.biz\/wp-content\/uploads\/2023\/01\/Terzic-Ecz.jpg?resize=1400%2C800&ssl=1 4x"},"classes":[]},{"id":15697,"url":"https:\/\/sarimelekler.biz\/?p=15697","url_meta":{"origin":17322,"position":3},"title":"Artan Covid-19 Vakalar\u0131 Sebebiyle Tak\u0131m\u0131m\u0131z Sultanlar Ligi Finalinden \u00c7ekildi.","author":"Edit\u00f6r","date":"15 Nisan 2021","format":false,"excerpt":"Fenerbah\u00e7e Opet Kad\u0131n Voleybol Tak\u0131m\u0131m\u0131z, teknik ekip ve oyuncular\u0131m\u0131zda son bir hafta i\u00e7erisinde g\u00f6r\u00fclen Covid-19 Vakalar\u0131 sebebiyle misli.com Sultanlar Ligi final serisi \u00fc\u00e7\u00fcnc\u00fc ma\u00e7\u0131na \u00e7\u0131kmama karar\u0131 ald\u0131. Seride 2-0 geride olan Sar\u0131 Meleklerimiz yar\u0131n oynanmas\u0131 planlanan serinin \u00fc\u00e7\u00fcnc\u00fc ma\u00e7\u0131n\u0131 h\u00fckmen 3-0 kaybedecek. \u00a0B\u00f6ylelikle seri 3-0 olacak ve Federasyon, \u015eampiyonu Vak\u0131fbank\u2026","rel":"","context":"&quot;T\u00fcrkiye Ligi&quot; i\u00e7inde","block_context":{"text":"T\u00fcrkiye Ligi","link":"https:\/\/sarimelekler.biz\/?cat=6"},"img":{"alt_text":"","src":"https:\/\/i0.wp.com\/sarimelekler.biz\/wp-content\/uploads\/2021\/02\/27-20-21-10.jpg?resize=350%2C200&ssl=1","width":350,"height":200,"srcset":"https:\/\/i0.wp.com\/sarimelekler.biz\/wp-content\/uploads\/2021\/02\/27-20-21-10.jpg?resize=350%2C200&ssl=1 1x, https:\/\/i0.wp.com\/sarimelekler.biz\/wp-content\/uploads\/2021\/02\/27-20-21-10.jpg?resize=525%2C300&ssl=1 1.5x, https:\/\/i0.wp.com\/sarimelekler.biz\/wp-content\/uploads\/2021\/02\/27-20-21-10.jpg?resize=700%2C400&ssl=1 2x, https:\/\/i0.wp.com\/sarimelekler.biz\/wp-content\/uploads\/2021\/02\/27-20-21-10.jpg?resize=1050%2C600&ssl=1 3x, https:\/\/i0.wp.com\/sarimelekler.biz\/wp-content\/uploads\/2021\/02\/27-20-21-10.jpg?resize=1400%2C800&ssl=1 4x"},"classes":[]},{"id":12404,"url":"https:\/\/sarimelekler.biz\/?p=12404","url_meta":{"origin":17322,"position":4},"title":"Fenerbah\u00e7e Opet, CEV \u015eampiyonlar Ligi\u2019ndeki ilk ma\u00e7\u0131na \u00e7\u0131k\u0131yor","author":"Edit\u00f6r","date":"18 Kas\u0131m 2019","format":false,"excerpt":"Kad\u0131n Voleybol Tak\u0131m\u0131m\u0131z Fenerbah\u00e7e Opet\u2019in 2019-2020 Sezonu CEV \u015eampiyonlar Ligi maceras\u0131 ba\u015fl\u0131yor. Tak\u0131m\u0131m\u0131z, CEV \u015eampiyonlar Ligi A Grubu ilk ma\u00e7\u0131nda yar\u0131n saat 17.30\u2019da deplasman tak\u0131m\u0131 olarak Eczac\u0131ba\u015f\u0131 Vitra ile kar\u015f\u0131la\u015facak. Burhan Felek Voleybol Salonu\u2019nda oynanacak m\u00fccadele Spor Smart\u2019tan canl\u0131 olarak ekranlara gelecek. Sar\u0131 Melekler, bir di\u011fer T\u00fcrk temsilcisi Eczaciba\u015f\u0131 Vitra,\u2026","rel":"","context":"&quot;Avrupa Kupalar\u0131&quot; i\u00e7inde","block_context":{"text":"Avrupa Kupalar\u0131","link":"https:\/\/sarimelekler.biz\/?cat=1"},"img":{"alt_text":"","src":"https:\/\/i0.wp.com\/sarimelekler.biz\/wp-content\/uploads\/2019\/10\/3-19-20-21.jpg?resize=350%2C200&ssl=1","width":350,"height":200,"srcset":"https:\/\/i0.wp.com\/sarimelekler.biz\/wp-content\/uploads\/2019\/10\/3-19-20-21.jpg?resize=350%2C200&ssl=1 1x, https:\/\/i0.wp.com\/sarimelekler.biz\/wp-content\/uploads\/2019\/10\/3-19-20-21.jpg?resize=525%2C300&ssl=1 1.5x, https:\/\/i0.wp.com\/sarimelekler.biz\/wp-content\/uploads\/2019\/10\/3-19-20-21.jpg?resize=700%2C400&ssl=1 2x, https:\/\/i0.wp.com\/sarimelekler.biz\/wp-content\/uploads\/2019\/10\/3-19-20-21.jpg?resize=1050%2C600&ssl=1 3x, https:\/\/i0.wp.com\/sarimelekler.biz\/wp-content\/uploads\/2019\/10\/3-19-20-21.jpg?resize=1400%2C800&ssl=1 4x"},"classes":[]},{"id":3619,"url":"https:\/\/sarimelekler.biz\/?p=3619","url_meta":{"origin":17322,"position":5},"title":"D\u00f6rtl\u00fc Finallere Son Ad\u0131m","author":"Edit\u00f6r","date":"3 Nisan 2017","format":false,"excerpt":"Fenerbah\u00e7e Bayan Voleybol Tak\u0131m\u0131m\u0131z CEV \u015eampiyonlar Ligi 6'l\u0131 Play-Off Turu 2. ma\u00e7\u0131nda bug\u00fcn\u00a0(04.04.2017) Eczac\u0131ba\u015f\u0131 Vitra ile kar\u015f\u0131la\u015f\u0131yor. \u00a0\u0130lk ma\u00e7\u0131 3-2 kazanan tak\u0131m\u0131m\u0131z k\u00fc\u00e7\u00fck bir avantajla bu ma\u00e7a \u00e7\u0131k\u0131yor. Burhan Felek Voleybol Salonunda oynanacak ma\u00e7 saat:19:00\u2019de ba\u015flayacak ve D-Smart\u2019tan yay\u0131nlanacak. \u00a0Ma\u00e7 ayr\u0131ca www.laola1.tv isimli internet sitesinde de yay\u0131nlanacak olup, \u00fclkemizde mevcut\u2026","rel":"","context":"&quot;Avrupa Kupalar\u0131&quot; i\u00e7inde","block_context":{"text":"Avrupa Kupalar\u0131","link":"https:\/\/sarimelekler.biz\/?cat=1"},"img":{"alt_text":"","src":"https:\/\/i0.wp.com\/sarimelekler.biz\/wp-content\/uploads\/2017\/04\/de6p8758_55164_5976366.jpg?resize=350%2C200&ssl=1","width":350,"height":200,"srcset":"https:\/\/i0.wp.com\/sarimelekler.biz\/wp-content\/uploads\/2017\/04\/de6p8758_55164_5976366.jpg?resize=350%2C200&ssl=1 1x, https:\/\/i0.wp.com\/sarimelekler.biz\/wp-content\/uploads\/2017\/04\/de6p8758_55164_5976366.jpg?resize=525%2C300&ssl=1 1.5x, https:\/\/i0.wp.com\/sarimelekler.biz\/wp-content\/uploads\/2017\/04\/de6p8758_55164_5976366.jpg?resize=700%2C400&ssl=1 2x, https:\/\/i0.wp.com\/sarimelekler.biz\/wp-content\/uploads\/2017\/04\/de6p8758_55164_5976366.jpg?resize=1050%2C600&ssl=1 3x, https:\/\/i0.wp.com\/sarimelekler.biz\/wp-content\/uploads\/2017\/04\/de6p8758_55164_5976366.jpg?resize=1400%2C800&ssl=1 4x"},"classes":[]}],"_links":{"self":[{"href":"https:\/\/sarimelekler.biz\/index.php?rest_route=\/wp\/v2\/posts\/17322","targetHints":{"allow":["GET"]}}],"collection":[{"href":"https:\/\/sarimelekler.biz\/index.php?rest_route=\/wp\/v2\/posts"}],"about":[{"href":"https:\/\/sarimelekler.biz\/index.php?rest_route=\/wp\/v2\/types\/post"}],"author":[{"embeddable":true,"href":"https:\/\/sarimelekler.biz\/index.php?rest_route=\/wp\/v2\/users\/1"}],"replies":[{"embeddable":true,"href":"https:\/\/sarimelekler.biz\/index.php?rest_route=%2Fwp%2Fv2%2Fcomments&post=17322"}],"version-history":[{"count":2,"href":"https:\/\/sarimelekler.biz\/index.php?rest_route=\/wp\/v2\/posts\/17322\/revisions"}],"predecessor-version":[{"id":17325,"href":"https:\/\/sarimelekler.biz\/index.php?rest_route=\/wp\/v2\/posts\/17322\/revisions\/17325"}],"wp:featuredmedia":[{"embeddable":true,"href":"https:\/\/sarimelekler.biz\/index.php?rest_route=\/wp\/v2\/media\/17326"}],"wp:attachment":[{"href":"https:\/\/sarimelekler.biz\/index.php?rest_route=%2Fwp%2Fv2%2Fmedia&parent=17322"}],"wp:term":[{"taxonomy":"category","embeddable":true,"href":"https:\/\/sarimelekler.biz\/index.php?rest_route=%2Fwp%2Fv2%2Fcategories&post=17322"},{"taxonomy":"post_tag","embeddable":true,"href":"https:\/\/sarimelekler.biz\/index.php?rest_route=%2Fwp%2Fv2%2Ftags&post=17322"}],"curies":[{"name":"wp","href":"https:\/\/api.w.org\/{rel}","templated":true}]}}