{"id":17447,"date":"2022-03-03T23:15:16","date_gmt":"2022-03-03T20:15:16","guid":{"rendered":"https:\/\/sarimelekler.biz\/?p=17447"},"modified":"2022-03-03T23:16:59","modified_gmt":"2022-03-03T20:16:59","slug":"fenerbahce-opet-cev-sampiyonlar-liginde-dogrudan-yari-finale-yukseldi","status":"publish","type":"post","link":"https:\/\/sarimelekler.biz\/?p=17447","title":{"rendered":"Fenerbah\u00e7e Opet, CEV \u015eampiyonlar Ligi\u2019nde Do\u011frudan Yar\u0131 Finale Y\u00fckseldi"},"content":{"rendered":"\n<p style=\"text-align: justify;\"><span style=\"font-size: 18px;\">Fenerbah\u00e7e Opet Kad\u0131n Voleybol Tak\u0131m\u0131m\u0131z, CEV taraf\u0131ndan Rus tak\u0131mlar\u0131n\u0131n ihra\u00e7 edilmesiyle birlikte \u00e7eyrek finalde Lokomotiv Kaliningrad Region ile oynayaca\u011f\u0131 ma\u00e7lar\u0131 \u201c3-0, 3-0\u201d h\u00fckmen kazand\u0131 say\u0131ld\u0131 ve ad\u0131n\u0131 do\u011frudan yar\u0131 finale yazd\u0131rd\u0131.<\/span><\/p>\n<p style=\"text-align: justify;\"><span style=\"font-size: 18px;\">Avrupa Voleybol Konfederasyonu &#8220;CEV&#8221; Rusya Federasyonuna ba\u011fl\u0131 tak\u0131mlar\u0131n Avrupa Kupalar\u0131\u2019ndan resmen ihra\u00e7 edildi\u011fini duyurdu.<\/span><\/p>\n<p style=\"text-align: justify;\"><span style=\"font-size: 18px;\">CEV \u015eampiyonlar Ligi \u00c7eyrek finalinde Lokomotiv Kaliningrad Region ile kar\u015f\u0131la\u015fmas\u0131 gereken Fenerbah\u00e7e Opet Kad\u0131n Voleybol Tak\u0131m\u0131m\u0131z bu kararla direkt olarak yar\u0131 finale y\u00fckseldi.<\/span><\/p>\n<p style=\"text-align: justify;\"><span style=\"font-size: 18px;\">Fenerbah\u00e7e Opet, yar\u0131 finalde Vak\u0131fBank ile Polonya&#8217;n\u0131n Developres Rzeszow tak\u0131mlar\u0131 aras\u0131ndaki \u00e7eyrek final e\u015fle\u015fmesinin galibi ile kar\u015f\u0131la\u015facak.<\/span><\/p>\n<p>Kaynak:<a href=\"https:\/\/www.fenerbahce.org\/haberler\/voleybol-kadin\/2022\/3\/fenerbahce-opet-cev-sampiyonlar-ligi-nde-yari-finale-yukseldi\" target=\"_blank\" rel=\"noopener\">\u00a0Fenerbah\u00e7e SK Resmi \u0130nternet Sitesi<\/a><\/p>\n<p style=\"text-align: right;\">03.03.2022<\/p>\n","protected":false},"excerpt":{"rendered":"<p>Fenerbah\u00e7e Opet Kad\u0131n Voleybol Tak\u0131m\u0131m\u0131z, CEV taraf\u0131ndan Rus tak\u0131mlar\u0131n\u0131n ihra\u00e7 \u2026 <a class=\"continue-reading-link\" href=\"https:\/\/sarimelekler.biz\/?p=17447\">Okumaya Devam Et.. <span class=\"meta-nav\">&rarr; <\/span><\/a><\/p>\n","protected":false},"author":1,"featured_media":17328,"comment_status":"closed","ping_status":"open","sticky":false,"template":"","format":"standard","meta":{"jetpack_post_was_ever_published":false,"_jetpack_newsletter_access":"","_jetpack_dont_email_post_to_subs":false,"_jetpack_newsletter_tier_id":0,"_jetpack_memberships_contains_paywalled_content":false,"_jetpack_memberships_contains_paid_content":false,"footnotes":"","jetpack_publicize_message":"","jetpack_publicize_feature_enabled":true,"jetpack_social_post_already_shared":true,"jetpack_social_options":{"image_generator_settings":{"template":"highway","default_image_id":0,"font":"","enabled":false},"version":2}},"categories":[1],"tags":[],"class_list":["post-17447","post","type-post","status-publish","format-standard","has-post-thumbnail","hentry","category-avp"],"jetpack_publicize_connections":[],"jetpack_featured_media_url":"https:\/\/sarimelekler.biz\/wp-content\/uploads\/2022\/02\/cev-2022-logo.jpg","jetpack_sharing_enabled":true,"jetpack_shortlink":"https:\/\/wp.me\/p8npUZ-4xp","jetpack-related-posts":[{"id":17327,"url":"https:\/\/sarimelekler.biz\/?p=17327","url_meta":{"origin":17447,"position":0},"title":"Sar\u0131 Meleklerin \u015eampiyonlar Ligi \u00c7eyrek Finaldeki Rakibi Rusya Temsilcisi Lokomotiv Kaliningrad Region Oldu","author":"Edit\u00f6r","date":"18 \u015eubat 2022","format":false,"excerpt":"Avrupa Voleybol Konfederasyonu (CEV)\u2019nun kul\u00fcpler d\u00fczeyindeki en prestijli organizasyonu \u015eampiyonlar Ligi\u2019nde m\u00fccadele eden Fenerbah\u00e7e Opet Kad\u0131n Voleybol Tak\u0131m\u0131m\u0131z\u0131n CEV Kad\u0131nlar \u015eampiyonlar Ligi \u00e7eyrek finaldeki rakibi belli oldu. L\u00fcksemburg\u2019ta bulunan CEV Genel Merkezi\u2019nde d\u00fczenlenen kura \u00e7ekimi sonunda rakibimiz A grubunu 4 galibiyet, 2 ma\u011flubiyetle ikinci s\u0131rada tamamlayan Rusya temsilcisi Lokomotiv Kaliningrad\u2026","rel":"","context":"&quot;Avrupa Kupalar\u0131&quot; i\u00e7inde","block_context":{"text":"Avrupa Kupalar\u0131","link":"https:\/\/sarimelekler.biz\/?cat=1"},"img":{"alt_text":"","src":"https:\/\/i0.wp.com\/sarimelekler.biz\/wp-content\/uploads\/2022\/02\/cev-2022-logo.jpg?resize=350%2C200&ssl=1","width":350,"height":200,"srcset":"https:\/\/i0.wp.com\/sarimelekler.biz\/wp-content\/uploads\/2022\/02\/cev-2022-logo.jpg?resize=350%2C200&ssl=1 1x, https:\/\/i0.wp.com\/sarimelekler.biz\/wp-content\/uploads\/2022\/02\/cev-2022-logo.jpg?resize=525%2C300&ssl=1 1.5x, https:\/\/i0.wp.com\/sarimelekler.biz\/wp-content\/uploads\/2022\/02\/cev-2022-logo.jpg?resize=700%2C400&ssl=1 2x, https:\/\/i0.wp.com\/sarimelekler.biz\/wp-content\/uploads\/2022\/02\/cev-2022-logo.jpg?resize=1050%2C600&ssl=1 3x"},"classes":[]},{"id":12404,"url":"https:\/\/sarimelekler.biz\/?p=12404","url_meta":{"origin":17447,"position":1},"title":"Fenerbah\u00e7e Opet, CEV \u015eampiyonlar Ligi\u2019ndeki ilk ma\u00e7\u0131na \u00e7\u0131k\u0131yor","author":"Edit\u00f6r","date":"18 Kas\u0131m 2019","format":false,"excerpt":"Kad\u0131n Voleybol Tak\u0131m\u0131m\u0131z Fenerbah\u00e7e Opet\u2019in 2019-2020 Sezonu CEV \u015eampiyonlar Ligi maceras\u0131 ba\u015fl\u0131yor. Tak\u0131m\u0131m\u0131z, CEV \u015eampiyonlar Ligi A Grubu ilk ma\u00e7\u0131nda yar\u0131n saat 17.30\u2019da deplasman tak\u0131m\u0131 olarak Eczac\u0131ba\u015f\u0131 Vitra ile kar\u015f\u0131la\u015facak. Burhan Felek Voleybol Salonu\u2019nda oynanacak m\u00fccadele Spor Smart\u2019tan canl\u0131 olarak ekranlara gelecek. Sar\u0131 Melekler, bir di\u011fer T\u00fcrk temsilcisi Eczaciba\u015f\u0131 Vitra,\u2026","rel":"","context":"&quot;Avrupa Kupalar\u0131&quot; i\u00e7inde","block_context":{"text":"Avrupa Kupalar\u0131","link":"https:\/\/sarimelekler.biz\/?cat=1"},"img":{"alt_text":"","src":"https:\/\/i0.wp.com\/sarimelekler.biz\/wp-content\/uploads\/2019\/10\/3-19-20-21.jpg?resize=350%2C200&ssl=1","width":350,"height":200,"srcset":"https:\/\/i0.wp.com\/sarimelekler.biz\/wp-content\/uploads\/2019\/10\/3-19-20-21.jpg?resize=350%2C200&ssl=1 1x, https:\/\/i0.wp.com\/sarimelekler.biz\/wp-content\/uploads\/2019\/10\/3-19-20-21.jpg?resize=525%2C300&ssl=1 1.5x, https:\/\/i0.wp.com\/sarimelekler.biz\/wp-content\/uploads\/2019\/10\/3-19-20-21.jpg?resize=700%2C400&ssl=1 2x, https:\/\/i0.wp.com\/sarimelekler.biz\/wp-content\/uploads\/2019\/10\/3-19-20-21.jpg?resize=1050%2C600&ssl=1 3x, https:\/\/i0.wp.com\/sarimelekler.biz\/wp-content\/uploads\/2019\/10\/3-19-20-21.jpg?resize=1400%2C800&ssl=1 4x"},"classes":[]},{"id":12231,"url":"https:\/\/sarimelekler.biz\/?p=12231","url_meta":{"origin":17447,"position":2},"title":"Sar\u0131 Meleklerin CEV \u015eampiyonlar Ligi\u2019ndeki Rakipleri Belli Oldu.","author":"Edit\u00f6r","date":"25 Ekim 2019","format":false,"excerpt":"CEV Kad\u0131nlar ve Erkekler \u015eampiyonlar Ligi kura \u00e7ekimi, Bulgaristan\u2019\u0131n ba\u015fkenti Sofya\u2019da d\u00fczenlenen Avrupa Voleybol Galas\u0131\u2019nda ger\u00e7ekle\u015ftirildi. Fenerbah\u00e7e Opet Kad\u0131n Voleybol Tak\u0131m\u0131m\u0131z, A Grubu\u2019nda Eczac\u0131ba\u015f\u0131 Vitra, Budowlani Lodz (Polonya) ve Salo (Finalndiya) ile e\u015fle\u015fti. Fenerbah\u00e7e HDI Sigorta Erkek Voleybol Tak\u0131m\u0131m\u0131z ise, A Grubu\u2019nda Cucine Lube Civitanova (\u0130talya), Jihostroj Ceske Budejovice (\u00c7ekya),\u2026","rel":"","context":"&quot;Avrupa Kupalar\u0131&quot; i\u00e7inde","block_context":{"text":"Avrupa Kupalar\u0131","link":"https:\/\/sarimelekler.biz\/?cat=1"},"img":{"alt_text":"","src":"https:\/\/i0.wp.com\/sarimelekler.biz\/wp-content\/uploads\/2017\/02\/2011-2012-%C5%9Famp.jpg?resize=350%2C200&ssl=1","width":350,"height":200},"classes":[]},{"id":13088,"url":"https:\/\/sarimelekler.biz\/?p=13088","url_meta":{"origin":17447,"position":3},"title":"Sar\u0131 Meleklerin \u015eampiyonlar Ligi \u00e7eyrek finalindeki rakibi \u0130talyan ekibi Igor Gorgonzola Novara oldu.","author":"Edit\u00f6r","date":"20 \u015eubat 2020","format":false,"excerpt":"Avrupa voleybolunun kul\u00fcpler d\u00fczeyindeki en \u00f6nemli organizasyonu olan CEV \u015eampiyonlar Ligi\u2019nde \u00e7eyrek final e\u015fle\u015fmelerinin kura \u00e7ekimi L\u00fcksemburg\u2019ta yap\u0131ld\u0131. Avrupa Voleybol Konfederasyonu (CEV)\u2019nun genel merkezinde ger\u00e7ekle\u015ftirilen kura \u00e7ekiminin ard\u0131ndan Fenerbah\u00e7e Opet Kad\u0131n Voleybol Tak\u0131m\u0131m\u0131z\u0131n \u00e7eyrek final turundaki rakibi \u0130talyan ekibi Igor Gorgonzola Novara oldu. 2020 CEV \u015eampiyonlar Ligi\u2019nde \u00e7eyrek final ilk\u2026","rel":"","context":"&quot;Avrupa Kupalar\u0131&quot; i\u00e7inde","block_context":{"text":"Avrupa Kupalar\u0131","link":"https:\/\/sarimelekler.biz\/?cat=1"},"img":{"alt_text":"","src":"https:\/\/i0.wp.com\/sarimelekler.biz\/wp-content\/uploads\/2017\/11\/cev538_58025_6676227.jpg?resize=350%2C200&ssl=1","width":350,"height":200,"srcset":"https:\/\/i0.wp.com\/sarimelekler.biz\/wp-content\/uploads\/2017\/11\/cev538_58025_6676227.jpg?resize=350%2C200&ssl=1 1x, https:\/\/i0.wp.com\/sarimelekler.biz\/wp-content\/uploads\/2017\/11\/cev538_58025_6676227.jpg?resize=525%2C300&ssl=1 1.5x"},"classes":[]},{"id":10259,"url":"https:\/\/sarimelekler.biz\/?p=10259","url_meta":{"origin":17447,"position":4},"title":"Sar\u0131 Meleklerin \u00e7eyrek finaldeki rakibi \u0130talyan ekibi Savino Del Bene Scandicci tak\u0131m\u0131 oldu.","author":"Edit\u00f6r","date":"1 Mart 2019","format":false,"excerpt":"CEV \u015eampiyonlar Ligi\u2019nde \u00e7eyrek final e\u015fle\u015fmelerinin kura \u00e7ekimi bug\u00fcn saat:15:00\u2019da \u00a0L\u00fcksemburg\u2019ta yap\u0131ld\u0131. Avrupa Voleybol Konfederasyonu (CEV)\u2019nun genel merkezinde ger\u00e7ekle\u015ftirilen kura \u00e7ekiminin ard\u0131ndan Fenerbah\u00e7e Opet Kad\u0131n Voleybol Tak\u0131m\u0131m\u0131z\u0131n \u00e7eyrek final turundaki rakibi \u0130talyan ekibi Savino Del Bene Scandicci oldu. 2019 CEV \u015eampiyonlar Ligi\u2019nde \u00e7eyrek final ilk kar\u015f\u0131la\u015fmalar\u0131 12-14 Mart\u2019ta, r\u00f6van\u015f kar\u015f\u0131la\u015fmalar\u0131\u2026","rel":"","context":"&quot;Avrupa Kupalar\u0131&quot; i\u00e7inde","block_context":{"text":"Avrupa Kupalar\u0131","link":"https:\/\/sarimelekler.biz\/?cat=1"},"img":{"alt_text":"","src":"https:\/\/i0.wp.com\/sarimelekler.biz\/wp-content\/uploads\/2019\/03\/%C3%87eyrek-Final2.jpg?resize=350%2C200&ssl=1","width":350,"height":200,"srcset":"https:\/\/i0.wp.com\/sarimelekler.biz\/wp-content\/uploads\/2019\/03\/%C3%87eyrek-Final2.jpg?resize=350%2C200&ssl=1 1x, https:\/\/i0.wp.com\/sarimelekler.biz\/wp-content\/uploads\/2019\/03\/%C3%87eyrek-Final2.jpg?resize=525%2C300&ssl=1 1.5x, https:\/\/i0.wp.com\/sarimelekler.biz\/wp-content\/uploads\/2019\/03\/%C3%87eyrek-Final2.jpg?resize=700%2C400&ssl=1 2x, https:\/\/i0.wp.com\/sarimelekler.biz\/wp-content\/uploads\/2019\/03\/%C3%87eyrek-Final2.jpg?resize=1050%2C600&ssl=1 3x"},"classes":[]},{"id":14654,"url":"https:\/\/sarimelekler.biz\/?p=14654","url_meta":{"origin":17447,"position":5},"title":"Fenerbah\u00e7e Opet, CEV \u015eampiyonlar Ligi\u2019ne Nantes Ma\u00e7\u0131yla Ba\u015fl\u0131yor","author":"Edit\u00f6r","date":"7 Aral\u0131k 2020","format":false,"excerpt":"Fenerbah\u00e7e Opet Kad\u0131n Voleybol Tak\u0131m\u0131m\u0131z, CEV Kad\u0131nlar \u015eampiyonlar Ligi B Grubu ilk ma\u00e7\u0131nda 8 Aral\u0131k Sal\u0131 g\u00fcn\u00fc TS\u0130 22.30'da Fransa temsilcisi Nantes ile kar\u015f\u0131la\u015facak.Kad\u0131n Voleybol Tak\u0131m\u0131m\u0131z\u0131n yer ald\u0131\u011f\u0131 grupta ilk devre kar\u015f\u0131la\u015fmalar\u0131 COVID-19 tedbirleri kapsam\u0131nda \u0130talya'n\u0131n Conegliano tak\u0131m\u0131n\u0131n ev sahipli\u011finde arka arkaya 3 g\u00fcn oynanacak. Fenerbah\u00e7e Opet, grubundaki ilk ma\u00e7ta\u2026","rel":"","context":"&quot;Avrupa Kupalar\u0131&quot; i\u00e7inde","block_context":{"text":"Avrupa Kupalar\u0131","link":"https:\/\/sarimelekler.biz\/?cat=1"},"img":{"alt_text":"","src":"https:\/\/i0.wp.com\/sarimelekler.biz\/wp-content\/uploads\/2020\/12\/Kadro-20-21-scaled.jpg?resize=350%2C200&ssl=1","width":350,"height":200,"srcset":"https:\/\/i0.wp.com\/sarimelekler.biz\/wp-content\/uploads\/2020\/12\/Kadro-20-21-scaled.jpg?resize=350%2C200&ssl=1 1x, https:\/\/i0.wp.com\/sarimelekler.biz\/wp-content\/uploads\/2020\/12\/Kadro-20-21-scaled.jpg?resize=525%2C300&ssl=1 1.5x, https:\/\/i0.wp.com\/sarimelekler.biz\/wp-content\/uploads\/2020\/12\/Kadro-20-21-scaled.jpg?resize=700%2C400&ssl=1 2x, https:\/\/i0.wp.com\/sarimelekler.biz\/wp-content\/uploads\/2020\/12\/Kadro-20-21-scaled.jpg?resize=1050%2C600&ssl=1 3x, https:\/\/i0.wp.com\/sarimelekler.biz\/wp-content\/uploads\/2020\/12\/Kadro-20-21-scaled.jpg?resize=1400%2C800&ssl=1 4x"},"classes":[]}],"_links":{"self":[{"href":"https:\/\/sarimelekler.biz\/index.php?rest_route=\/wp\/v2\/posts\/17447","targetHints":{"allow":["GET"]}}],"collection":[{"href":"https:\/\/sarimelekler.biz\/index.php?rest_route=\/wp\/v2\/posts"}],"about":[{"href":"https:\/\/sarimelekler.biz\/index.php?rest_route=\/wp\/v2\/types\/post"}],"author":[{"embeddable":true,"href":"https:\/\/sarimelekler.biz\/index.php?rest_route=\/wp\/v2\/users\/1"}],"replies":[{"embeddable":true,"href":"https:\/\/sarimelekler.biz\/index.php?rest_route=%2Fwp%2Fv2%2Fcomments&post=17447"}],"version-history":[{"count":2,"href":"https:\/\/sarimelekler.biz\/index.php?rest_route=\/wp\/v2\/posts\/17447\/revisions"}],"predecessor-version":[{"id":17450,"href":"https:\/\/sarimelekler.biz\/index.php?rest_route=\/wp\/v2\/posts\/17447\/revisions\/17450"}],"wp:featuredmedia":[{"embeddable":true,"href":"https:\/\/sarimelekler.biz\/index.php?rest_route=\/wp\/v2\/media\/17328"}],"wp:attachment":[{"href":"https:\/\/sarimelekler.biz\/index.php?rest_route=%2Fwp%2Fv2%2Fmedia&parent=17447"}],"wp:term":[{"taxonomy":"category","embeddable":true,"href":"https:\/\/sarimelekler.biz\/index.php?rest_route=%2Fwp%2Fv2%2Fcategories&post=17447"},{"taxonomy":"post_tag","embeddable":true,"href":"https:\/\/sarimelekler.biz\/index.php?rest_route=%2Fwp%2Fv2%2Ftags&post=17447"}],"curies":[{"name":"wp","href":"https:\/\/api.w.org\/{rel}","templated":true}]}}