{"id":17703,"date":"2022-04-12T20:14:00","date_gmt":"2022-04-12T17:14:00","guid":{"rendered":"https:\/\/sarimelekler.biz\/?p=17703"},"modified":"2022-04-15T01:14:45","modified_gmt":"2022-04-14T22:14:45","slug":"sari-melekler-moral-yemeginde-bir-araya-geldi","status":"publish","type":"post","link":"https:\/\/sarimelekler.biz\/?p=17703","title":{"rendered":"Sar\u0131 Melekler Moral Yeme\u011finde Bir Araya Geldi"},"content":{"rendered":"\n<p><span style=\"font-size: 18px;\">Fenerbah\u00e7e Opet Kad\u0131n Voleybol Tak\u0131m\u0131m\u0131z, AXA Sigorta Kupa Voley\u2019de Eczac\u0131ba\u015f\u0131 Dynavit ile oynayaca\u011f\u0131 kar\u015f\u0131la\u015fma \u00f6ncesi moral yeme\u011finde bir araya geldi.<\/span><\/p>\n<p style=\"text-align: justify;\"><span style=\"font-size: 18px;\">Y\u00f6netim Kurulu \u00dcyemiz Simla T\u00fcrker Bayaz\u0131t\u2019\u0131n da kat\u0131ld\u0131\u011f\u0131 yemek organizasyonunda, Sportif Direkt\u00f6r\u00fcm\u00fcz Dariusz Stanicki, Tak\u0131m Menajerimiz Pelin \u00c7elik, teknik ekibimiz ve oyuncular\u0131m\u0131z yer ald\u0131.<\/span><\/p>\n<p>\u00a0<\/p>\n\n\t\t<style type=\"text\/css\">\n\t\t\t#gallery-1 {\n\t\t\t\tmargin: auto;\n\t\t\t}\n\t\t\t#gallery-1 .gallery-item {\n\t\t\t\tfloat: left;\n\t\t\t\tmargin-top: 10px;\n\t\t\t\ttext-align: center;\n\t\t\t\twidth: 20%;\n\t\t\t}\n\t\t\t#gallery-1 img {\n\t\t\t\tborder: 2px solid #cfcfcf;\n\t\t\t}\n\t\t\t#gallery-1 .gallery-caption {\n\t\t\t\tmargin-left: 0;\n\t\t\t}\n\t\t\t\/* see gallery_shortcode() in wp-includes\/media.php *\/\n\t\t<\/style>\n\t\t<div data-carousel-extra='{&quot;blog_id&quot;:1,&quot;permalink&quot;:&quot;https:\/\/sarimelekler.biz\/?p=17703&quot;}' id='gallery-1' class='gallery galleryid-17703 gallery-columns-5 gallery-size-thumbnail'><dl class='gallery-item'>\n\t\t\t<dt class='gallery-icon landscape'>\n\t\t\t\t<a href='https:\/\/sarimelekler.biz\/?attachment_id=17704'><img loading=\"lazy\" decoding=\"async\" width=\"150\" height=\"150\" src=\"https:\/\/sarimelekler.biz\/wp-content\/uploads\/2022\/04\/Moral-Yemegi-21-22-1-150x150.jpg\" class=\"attachment-thumbnail size-thumbnail\" alt=\"\" data-attachment-id=\"17704\" data-permalink=\"https:\/\/sarimelekler.biz\/?attachment_id=17704\" data-orig-file=\"https:\/\/sarimelekler.biz\/wp-content\/uploads\/2022\/04\/Moral-Yemegi-21-22-1.jpg\" data-orig-size=\"2048,1494\" data-comments-opened=\"0\" data-image-meta=\"{&quot;aperture&quot;:&quot;0&quot;,&quot;credit&quot;:&quot;&quot;,&quot;camera&quot;:&quot;&quot;,&quot;caption&quot;:&quot;&quot;,&quot;created_timestamp&quot;:&quot;0&quot;,&quot;copyright&quot;:&quot;&quot;,&quot;focal_length&quot;:&quot;0&quot;,&quot;iso&quot;:&quot;0&quot;,&quot;shutter_speed&quot;:&quot;0&quot;,&quot;title&quot;:&quot;&quot;,&quot;orientation&quot;:&quot;1&quot;}\" data-image-title=\"Moral Yeme\u011fi 21-22 (1)\" data-image-description=\"\" data-image-caption=\"\" data-large-file=\"https:\/\/sarimelekler.biz\/wp-content\/uploads\/2022\/04\/Moral-Yemegi-21-22-1-1024x747.jpg\" \/><\/a>\n\t\t\t<\/dt><\/dl><dl class='gallery-item'>\n\t\t\t<dt class='gallery-icon landscape'>\n\t\t\t\t<a href='https:\/\/sarimelekler.biz\/?attachment_id=17706'><img loading=\"lazy\" decoding=\"async\" width=\"150\" height=\"150\" src=\"https:\/\/sarimelekler.biz\/wp-content\/uploads\/2022\/04\/Moral-Yemegi-21-22-3-150x150.jpg\" class=\"attachment-thumbnail size-thumbnail\" alt=\"\" data-attachment-id=\"17706\" data-permalink=\"https:\/\/sarimelekler.biz\/?attachment_id=17706\" data-orig-file=\"https:\/\/sarimelekler.biz\/wp-content\/uploads\/2022\/04\/Moral-Yemegi-21-22-3.jpg\" data-orig-size=\"1976,1500\" data-comments-opened=\"0\" data-image-meta=\"{&quot;aperture&quot;:&quot;0&quot;,&quot;credit&quot;:&quot;&quot;,&quot;camera&quot;:&quot;&quot;,&quot;caption&quot;:&quot;&quot;,&quot;created_timestamp&quot;:&quot;0&quot;,&quot;copyright&quot;:&quot;&quot;,&quot;focal_length&quot;:&quot;0&quot;,&quot;iso&quot;:&quot;0&quot;,&quot;shutter_speed&quot;:&quot;0&quot;,&quot;title&quot;:&quot;&quot;,&quot;orientation&quot;:&quot;1&quot;}\" data-image-title=\"Moral Yeme\u011fi 21-22 (3)\" data-image-description=\"\" data-image-caption=\"\" data-large-file=\"https:\/\/sarimelekler.biz\/wp-content\/uploads\/2022\/04\/Moral-Yemegi-21-22-3-1024x777.jpg\" \/><\/a>\n\t\t\t<\/dt><\/dl><dl class='gallery-item'>\n\t\t\t<dt class='gallery-icon landscape'>\n\t\t\t\t<a href='https:\/\/sarimelekler.biz\/?attachment_id=17708'><img loading=\"lazy\" decoding=\"async\" width=\"150\" height=\"150\" src=\"https:\/\/sarimelekler.biz\/wp-content\/uploads\/2022\/04\/Moral-Yemegi-21-22-5-150x150.jpg\" class=\"attachment-thumbnail size-thumbnail\" alt=\"\" data-attachment-id=\"17708\" data-permalink=\"https:\/\/sarimelekler.biz\/?attachment_id=17708\" data-orig-file=\"https:\/\/sarimelekler.biz\/wp-content\/uploads\/2022\/04\/Moral-Yemegi-21-22-5.jpg\" data-orig-size=\"2000,1436\" data-comments-opened=\"0\" data-image-meta=\"{&quot;aperture&quot;:&quot;0&quot;,&quot;credit&quot;:&quot;&quot;,&quot;camera&quot;:&quot;&quot;,&quot;caption&quot;:&quot;&quot;,&quot;created_timestamp&quot;:&quot;0&quot;,&quot;copyright&quot;:&quot;&quot;,&quot;focal_length&quot;:&quot;0&quot;,&quot;iso&quot;:&quot;0&quot;,&quot;shutter_speed&quot;:&quot;0&quot;,&quot;title&quot;:&quot;&quot;,&quot;orientation&quot;:&quot;1&quot;}\" data-image-title=\"Moral Yeme\u011fi 21-22 (5)\" data-image-description=\"\" data-image-caption=\"\" data-large-file=\"https:\/\/sarimelekler.biz\/wp-content\/uploads\/2022\/04\/Moral-Yemegi-21-22-5-1024x735.jpg\" \/><\/a>\n\t\t\t<\/dt><\/dl><dl class='gallery-item'>\n\t\t\t<dt class='gallery-icon landscape'>\n\t\t\t\t<a href='https:\/\/sarimelekler.biz\/?attachment_id=17705'><img loading=\"lazy\" decoding=\"async\" width=\"150\" height=\"150\" src=\"https:\/\/sarimelekler.biz\/wp-content\/uploads\/2022\/04\/Moral-Yemegi-21-22-2-150x150.jpg\" class=\"attachment-thumbnail size-thumbnail\" alt=\"\" data-attachment-id=\"17705\" data-permalink=\"https:\/\/sarimelekler.biz\/?attachment_id=17705\" data-orig-file=\"https:\/\/sarimelekler.biz\/wp-content\/uploads\/2022\/04\/Moral-Yemegi-21-22-2.jpg\" data-orig-size=\"2008,1312\" data-comments-opened=\"0\" data-image-meta=\"{&quot;aperture&quot;:&quot;0&quot;,&quot;credit&quot;:&quot;&quot;,&quot;camera&quot;:&quot;&quot;,&quot;caption&quot;:&quot;&quot;,&quot;created_timestamp&quot;:&quot;0&quot;,&quot;copyright&quot;:&quot;&quot;,&quot;focal_length&quot;:&quot;0&quot;,&quot;iso&quot;:&quot;0&quot;,&quot;shutter_speed&quot;:&quot;0&quot;,&quot;title&quot;:&quot;&quot;,&quot;orientation&quot;:&quot;1&quot;}\" data-image-title=\"Moral Yeme\u011fi 21-22 (2)\" data-image-description=\"\" data-image-caption=\"\" data-large-file=\"https:\/\/sarimelekler.biz\/wp-content\/uploads\/2022\/04\/Moral-Yemegi-21-22-2-1024x669.jpg\" \/><\/a>\n\t\t\t<\/dt><\/dl><dl class='gallery-item'>\n\t\t\t<dt class='gallery-icon landscape'>\n\t\t\t\t<a href='https:\/\/sarimelekler.biz\/?attachment_id=17707'><img loading=\"lazy\" decoding=\"async\" width=\"150\" height=\"150\" src=\"https:\/\/sarimelekler.biz\/wp-content\/uploads\/2022\/04\/Moral-Yemegi-21-22-4-150x150.jpg\" class=\"attachment-thumbnail size-thumbnail\" alt=\"\" data-attachment-id=\"17707\" data-permalink=\"https:\/\/sarimelekler.biz\/?attachment_id=17707\" data-orig-file=\"https:\/\/sarimelekler.biz\/wp-content\/uploads\/2022\/04\/Moral-Yemegi-21-22-4.jpg\" data-orig-size=\"1648,1420\" data-comments-opened=\"0\" data-image-meta=\"{&quot;aperture&quot;:&quot;0&quot;,&quot;credit&quot;:&quot;&quot;,&quot;camera&quot;:&quot;&quot;,&quot;caption&quot;:&quot;&quot;,&quot;created_timestamp&quot;:&quot;0&quot;,&quot;copyright&quot;:&quot;&quot;,&quot;focal_length&quot;:&quot;0&quot;,&quot;iso&quot;:&quot;0&quot;,&quot;shutter_speed&quot;:&quot;0&quot;,&quot;title&quot;:&quot;&quot;,&quot;orientation&quot;:&quot;1&quot;}\" data-image-title=\"Moral Yeme\u011fi 21-22 (4)\" data-image-description=\"\" data-image-caption=\"\" data-large-file=\"https:\/\/sarimelekler.biz\/wp-content\/uploads\/2022\/04\/Moral-Yemegi-21-22-4-1024x882.jpg\" \/><\/a>\n\t\t\t<\/dt><\/dl><br style=\"clear: both\" \/>\n\t\t<\/div>\n\n<p><span style=\"font-size: 18px;\">Kaynak:\u00a0<a href=\"https:\/\/www.fenerbahce.org\/haberler\/voleybol-kadin\/2022\/4\/sari-melekler-yemekte-bir-araya-geldi\" target=\"_blank\" rel=\"noopener\">Fenerbah\u00e7e SK Resmi \u0130nternet Sitesi<\/a><\/span><\/p>\n<p style=\"text-align: right;\"><span style=\"font-size: 18px;\">12\/04\/2022<\/span><\/p>\n","protected":false},"excerpt":{"rendered":"<p>Fenerbah\u00e7e Opet Kad\u0131n Voleybol Tak\u0131m\u0131m\u0131z, AXA Sigorta Kupa Voley\u2019de Eczac\u0131ba\u015f\u0131 \u2026 <a class=\"continue-reading-link\" href=\"https:\/\/sarimelekler.biz\/?p=17703\">Okumaya Devam Et.. <span class=\"meta-nav\">&rarr; <\/span><\/a><\/p>\n","protected":false},"author":1,"featured_media":17705,"comment_status":"closed","ping_status":"open","sticky":false,"template":"","format":"standard","meta":{"jetpack_post_was_ever_published":false,"_jetpack_newsletter_access":"","_jetpack_dont_email_post_to_subs":false,"_jetpack_newsletter_tier_id":0,"_jetpack_memberships_contains_paywalled_content":false,"_jetpack_memberships_contains_paid_content":false,"footnotes":"","jetpack_publicize_message":"","jetpack_publicize_feature_enabled":true,"jetpack_social_post_already_shared":true,"jetpack_social_options":{"image_generator_settings":{"template":"highway","default_image_id":0,"font":"","enabled":false},"version":2}},"categories":[7],"tags":[],"class_list":["post-17703","post","type-post","status-publish","format-standard","has-post-thumbnail","hentry","category-haberler"],"jetpack_publicize_connections":[],"jetpack_featured_media_url":"https:\/\/sarimelekler.biz\/wp-content\/uploads\/2022\/04\/Moral-Yemegi-21-22-2.jpg","jetpack_sharing_enabled":true,"jetpack_shortlink":"https:\/\/wp.me\/p8npUZ-4Bx","jetpack-related-posts":[{"id":9870,"url":"https:\/\/sarimelekler.biz\/?p=9870","url_meta":{"origin":17703,"position":0},"title":"Tak\u0131m\u0131m\u0131z Moral Yeme\u011finde Bulu\u015ftu","author":"Edit\u00f6r","date":"1 \u015eubat 2019","format":false,"excerpt":"CEV \u015eampiyonlar Ligi\u2019nde yoluna kay\u0131ps\u0131z devam eden, ligde ise 11 galibiyetle 3. s\u0131rada bulunan Fenerbah\u00e7e Opet Kad\u0131n Voleybol Tak\u0131m\u0131m\u0131z, y\u00f6neticilerimizin verdi\u011fi moral yeme\u011finde bir araya geldi. Y\u00f6netim Kurulu \u00dcyelerimiz Simla T\u00fcrker Bayaz\u0131t ile \u0130lker Din\u00e7ay taraf\u0131ndan Etiler\u2019de yer alan La Scarpetta\u00a0 restoranda d\u00fczenlenen yemekte Fenerbah\u00e7e Opet Kad\u0131n Voleybol Tak\u0131m\u0131m\u0131z\u0131n oyuncular\u0131\u2026","rel":"","context":"&quot;Haberler&quot; i\u00e7inde","block_context":{"text":"Haberler","link":"https:\/\/sarimelekler.biz\/?cat=7"},"img":{"alt_text":"","src":"https:\/\/i0.wp.com\/sarimelekler.biz\/wp-content\/uploads\/2019\/02\/yemek-kapak.jpg?resize=350%2C200&ssl=1","width":350,"height":200,"srcset":"https:\/\/i0.wp.com\/sarimelekler.biz\/wp-content\/uploads\/2019\/02\/yemek-kapak.jpg?resize=350%2C200&ssl=1 1x, https:\/\/i0.wp.com\/sarimelekler.biz\/wp-content\/uploads\/2019\/02\/yemek-kapak.jpg?resize=525%2C300&ssl=1 1.5x, https:\/\/i0.wp.com\/sarimelekler.biz\/wp-content\/uploads\/2019\/02\/yemek-kapak.jpg?resize=700%2C400&ssl=1 2x, https:\/\/i0.wp.com\/sarimelekler.biz\/wp-content\/uploads\/2019\/02\/yemek-kapak.jpg?resize=1050%2C600&ssl=1 3x, https:\/\/i0.wp.com\/sarimelekler.biz\/wp-content\/uploads\/2019\/02\/yemek-kapak.jpg?resize=1400%2C800&ssl=1 4x"},"classes":[]},{"id":19573,"url":"https:\/\/sarimelekler.biz\/?p=19573","url_meta":{"origin":17703,"position":1},"title":"Sar\u0131 Melekler Kutlama Yeme\u011finde Bir Araya Geldi","author":"Edit\u00f6r","date":"13 May\u0131s 2023","format":false,"excerpt":"2022 \u2013 2023 Sezonu misli.com Sultanlar Ligi Final serisinde Eczac\u0131ba\u015f\u0131 Dynavit tak\u0131m\u0131n\u0131 toplamda 3-0 yenerek \u015eampiyon olan Fenerbah\u00e7e Opet Kad\u0131n Voleybol tak\u0131m\u0131m\u0131z\u0131n teknik ekibi, idarecileri ve oyuncular\u0131 d\u00fcn ak\u015fam yeme\u011finde bir araya gelerek \u015eampiyonlu\u011fu kutlad\u0131.\u00a0 Foto\u011fraf Kaynak:\u00a0Fenerbah\u00e7e SK Resmi \u0130nternet Sitesi 13.05.2023","rel":"","context":"&quot;T\u00fcrkiye Ligi&quot; i\u00e7inde","block_context":{"text":"T\u00fcrkiye Ligi","link":"https:\/\/sarimelekler.biz\/?cat=6"},"img":{"alt_text":"","src":"https:\/\/i0.wp.com\/sarimelekler.biz\/wp-content\/uploads\/2023\/05\/Sampiyonluk-Yemegi-1.jpeg?resize=350%2C200&ssl=1","width":350,"height":200,"srcset":"https:\/\/i0.wp.com\/sarimelekler.biz\/wp-content\/uploads\/2023\/05\/Sampiyonluk-Yemegi-1.jpeg?resize=350%2C200&ssl=1 1x, https:\/\/i0.wp.com\/sarimelekler.biz\/wp-content\/uploads\/2023\/05\/Sampiyonluk-Yemegi-1.jpeg?resize=525%2C300&ssl=1 1.5x, https:\/\/i0.wp.com\/sarimelekler.biz\/wp-content\/uploads\/2023\/05\/Sampiyonluk-Yemegi-1.jpeg?resize=700%2C400&ssl=1 2x, https:\/\/i0.wp.com\/sarimelekler.biz\/wp-content\/uploads\/2023\/05\/Sampiyonluk-Yemegi-1.jpeg?resize=1050%2C600&ssl=1 3x, https:\/\/i0.wp.com\/sarimelekler.biz\/wp-content\/uploads\/2023\/05\/Sampiyonluk-Yemegi-1.jpeg?resize=1400%2C800&ssl=1 4x"},"classes":[]},{"id":16126,"url":"https:\/\/sarimelekler.biz\/?p=16126","url_meta":{"origin":17703,"position":2},"title":"Fenerbah\u00e7e Opet, Yeni Sezon \u00d6ncesi Rita Moda\u2019da Moral Yeme\u011finde Bir Araya Geldi","author":"Edit\u00f6r","date":"3 Ekim 2021","format":false,"excerpt":"Fenerbah\u00e7e Opet Kad\u0131n Voleybol Tak\u0131m\u0131m\u0131z, Fenerbah\u00e7elili\u011fiyle yak\u0131ndan tan\u0131d\u0131\u011f\u0131m\u0131z oyuncu \u0130lker Ayr\u0131k'\u0131n Kad\u0131k\u00f6y Moda'da bulunan Rita Moda'da organize edilen yemekte bir araya geldi. Ba\u015fkan\u0131m\u0131z Ali Y. Ko\u00e7 ve Y\u00f6netim Kurulu \u00dcyemiz Simla T\u00fcrker Bayaz\u0131t'\u0131n da yer ald\u0131\u011f\u0131 yemekte, Sar\u0131 Melekler yeni sezon \u00f6ncesi moral depolad\u0131.\u00a0 \u0130lker Ayr\u0131k ve e\u015fi Sanem Ayr\u0131k'\u0131n\u2026","rel":"","context":"&quot;Haberler&quot; i\u00e7inde","block_context":{"text":"Haberler","link":"https:\/\/sarimelekler.biz\/?cat=7"},"img":{"alt_text":"","src":"https:\/\/i0.wp.com\/sarimelekler.biz\/wp-content\/uploads\/2021\/10\/Moral-Yemegi-10.jpg?resize=350%2C200&ssl=1","width":350,"height":200,"srcset":"https:\/\/i0.wp.com\/sarimelekler.biz\/wp-content\/uploads\/2021\/10\/Moral-Yemegi-10.jpg?resize=350%2C200&ssl=1 1x, https:\/\/i0.wp.com\/sarimelekler.biz\/wp-content\/uploads\/2021\/10\/Moral-Yemegi-10.jpg?resize=525%2C300&ssl=1 1.5x, https:\/\/i0.wp.com\/sarimelekler.biz\/wp-content\/uploads\/2021\/10\/Moral-Yemegi-10.jpg?resize=700%2C400&ssl=1 2x, https:\/\/i0.wp.com\/sarimelekler.biz\/wp-content\/uploads\/2021\/10\/Moral-Yemegi-10.jpg?resize=1050%2C600&ssl=1 3x, https:\/\/i0.wp.com\/sarimelekler.biz\/wp-content\/uploads\/2021\/10\/Moral-Yemegi-10.jpg?resize=1400%2C800&ssl=1 4x"},"classes":[]},{"id":15978,"url":"https:\/\/sarimelekler.biz\/?p=15978","url_meta":{"origin":17703,"position":3},"title":"Kad\u0131n Voleybol Tak\u0131mlar\u0131m\u0131z Topuk Yaylas\u0131 Tesislerimizde \u00c7al\u0131\u015fmalara Ba\u015fl\u0131yor","author":"Edit\u00f6r","date":"17 A\u011fustos 2021","format":false,"excerpt":"Fenerbah\u00e7e Opet Kad\u0131n Voleybol Tak\u0131m\u0131m\u0131z, 1.Lig Fenerbah\u00e7e Terrazzo Kad\u0131n Voleybol Tak\u0131m\u0131m\u0131z ve 2.Lig Kad\u0131n Voleybol Tak\u0131m\u0131m\u0131z bug\u00fcn itibar\u0131yla sezon haz\u0131rl\u0131klar\u0131 i\u00e7in D\u00fczce\u2019nin Kayna\u015fl\u0131 il\u00e7esinde bulunan Serkan Acar Resort&Sport Topuk Yaylas\u0131 Tesislerine gitti. Tak\u0131mlar\u0131m\u0131z bir hafta s\u00fcreyle \u00e7al\u0131\u015fmalar\u0131n\u0131 s\u00fcrd\u00fcrecek. Fenerbah\u00e7e Opet Kad\u0131n Voleybol Tak\u0131m\u0131m\u0131zda, Milli Tak\u0131mlarda bulunan oyuncular ve ba\u015fantren\u00f6r\u00fcm\u00fcz yoklu\u011funda,\u2026","rel":"","context":"&quot;Haberler&quot; i\u00e7inde","block_context":{"text":"Haberler","link":"https:\/\/sarimelekler.biz\/?cat=7"},"img":{"alt_text":"","src":"https:\/\/i0.wp.com\/sarimelekler.biz\/wp-content\/uploads\/2021\/08\/Topuk-Yaylasi-21-22-1.jpg?resize=350%2C200&ssl=1","width":350,"height":200,"srcset":"https:\/\/i0.wp.com\/sarimelekler.biz\/wp-content\/uploads\/2021\/08\/Topuk-Yaylasi-21-22-1.jpg?resize=350%2C200&ssl=1 1x, https:\/\/i0.wp.com\/sarimelekler.biz\/wp-content\/uploads\/2021\/08\/Topuk-Yaylasi-21-22-1.jpg?resize=525%2C300&ssl=1 1.5x, https:\/\/i0.wp.com\/sarimelekler.biz\/wp-content\/uploads\/2021\/08\/Topuk-Yaylasi-21-22-1.jpg?resize=700%2C400&ssl=1 2x, https:\/\/i0.wp.com\/sarimelekler.biz\/wp-content\/uploads\/2021\/08\/Topuk-Yaylasi-21-22-1.jpg?resize=1050%2C600&ssl=1 3x, https:\/\/i0.wp.com\/sarimelekler.biz\/wp-content\/uploads\/2021\/08\/Topuk-Yaylasi-21-22-1.jpg?resize=1400%2C800&ssl=1 4x"},"classes":[]},{"id":6331,"url":"https:\/\/sarimelekler.biz\/?p=6331","url_meta":{"origin":17703,"position":4},"title":"Sar\u0131 Melekler Bu Sezon Son Kez Tak\u0131m Yeme\u011finde Bulu\u015ftu","author":"Edit\u00f6r","date":"15 Nisan 2018","format":false,"excerpt":"2017 \u2013 2018 Vestel Ven\u00fcs Sultanlar Liginde 3. olup 2018 \u2013 2019 sezonunda \u015eampiyonlar Liginde oynama hakk\u0131 kazanarak sezonu tamamlayan tak\u0131m\u0131m\u0131z 15.04.2018 g\u00fcn\u00fc ak\u015fam\u00fczeri d\u00fczenlenen bir yemekte son kez bir araya geldi. Oyuncular\u0131m\u0131z\u0131n ki\u015fisel sosyal medya hesaplar\u0131ndan payla\u015ft\u0131\u011f\u0131 foto\u011fraflar","rel":"","context":"&quot;T\u00fcrkiye Ligi&quot; i\u00e7inde","block_context":{"text":"T\u00fcrkiye Ligi","link":"https:\/\/sarimelekler.biz\/?cat=6"},"img":{"alt_text":"","src":"https:\/\/i0.wp.com\/sarimelekler.biz\/wp-content\/uploads\/2018\/04\/Son-Yemek-16.jpg?resize=350%2C200&ssl=1","width":350,"height":200,"srcset":"https:\/\/i0.wp.com\/sarimelekler.biz\/wp-content\/uploads\/2018\/04\/Son-Yemek-16.jpg?resize=350%2C200&ssl=1 1x, https:\/\/i0.wp.com\/sarimelekler.biz\/wp-content\/uploads\/2018\/04\/Son-Yemek-16.jpg?resize=525%2C300&ssl=1 1.5x, https:\/\/i0.wp.com\/sarimelekler.biz\/wp-content\/uploads\/2018\/04\/Son-Yemek-16.jpg?resize=700%2C400&ssl=1 2x, https:\/\/i0.wp.com\/sarimelekler.biz\/wp-content\/uploads\/2018\/04\/Son-Yemek-16.jpg?resize=1050%2C600&ssl=1 3x"},"classes":[]},{"id":19866,"url":"https:\/\/sarimelekler.biz\/?p=19866","url_meta":{"origin":17703,"position":5},"title":"Sar\u0131 Melekler Yemekte Bir Araya Geldi","author":"Edit\u00f6r","date":"31 Ekim 2023","format":false,"excerpt":"Fenerbah\u00e7e Opet Kad\u0131n Voleybol Tak\u0131m\u0131m\u0131z Vodafone Sultanlar Ligi 2023-24 Sezonu be\u015finci ma\u00e7\u0131nda konuk etti\u011fi Be\u015fikta\u015f Ayos tak\u0131m\u0131n\u0131 3-0 yendikten sonra yemekte bir araya geldi. Foto\u011fraf Kaynak:\u00a0Fenerbah\u00e7e SK Resmi X Sayfas\u0131 31.10.2023","rel":"","context":"&quot;Haberler&quot; i\u00e7inde","block_context":{"text":"Haberler","link":"https:\/\/sarimelekler.biz\/?cat=7"},"img":{"alt_text":"","src":"https:\/\/i0.wp.com\/sarimelekler.biz\/wp-content\/uploads\/2023\/11\/05-23-24-Galibiyet-Yemegi-9.jpeg?resize=350%2C200&ssl=1","width":350,"height":200,"srcset":"https:\/\/i0.wp.com\/sarimelekler.biz\/wp-content\/uploads\/2023\/11\/05-23-24-Galibiyet-Yemegi-9.jpeg?resize=350%2C200&ssl=1 1x, https:\/\/i0.wp.com\/sarimelekler.biz\/wp-content\/uploads\/2023\/11\/05-23-24-Galibiyet-Yemegi-9.jpeg?resize=525%2C300&ssl=1 1.5x, https:\/\/i0.wp.com\/sarimelekler.biz\/wp-content\/uploads\/2023\/11\/05-23-24-Galibiyet-Yemegi-9.jpeg?resize=700%2C400&ssl=1 2x, https:\/\/i0.wp.com\/sarimelekler.biz\/wp-content\/uploads\/2023\/11\/05-23-24-Galibiyet-Yemegi-9.jpeg?resize=1050%2C600&ssl=1 3x, https:\/\/i0.wp.com\/sarimelekler.biz\/wp-content\/uploads\/2023\/11\/05-23-24-Galibiyet-Yemegi-9.jpeg?resize=1400%2C800&ssl=1 4x"},"classes":[]}],"_links":{"self":[{"href":"https:\/\/sarimelekler.biz\/index.php?rest_route=\/wp\/v2\/posts\/17703","targetHints":{"allow":["GET"]}}],"collection":[{"href":"https:\/\/sarimelekler.biz\/index.php?rest_route=\/wp\/v2\/posts"}],"about":[{"href":"https:\/\/sarimelekler.biz\/index.php?rest_route=\/wp\/v2\/types\/post"}],"author":[{"embeddable":true,"href":"https:\/\/sarimelekler.biz\/index.php?rest_route=\/wp\/v2\/users\/1"}],"replies":[{"embeddable":true,"href":"https:\/\/sarimelekler.biz\/index.php?rest_route=%2Fwp%2Fv2%2Fcomments&post=17703"}],"version-history":[{"count":2,"href":"https:\/\/sarimelekler.biz\/index.php?rest_route=\/wp\/v2\/posts\/17703\/revisions"}],"predecessor-version":[{"id":17710,"href":"https:\/\/sarimelekler.biz\/index.php?rest_route=\/wp\/v2\/posts\/17703\/revisions\/17710"}],"wp:featuredmedia":[{"embeddable":true,"href":"https:\/\/sarimelekler.biz\/index.php?rest_route=\/wp\/v2\/media\/17705"}],"wp:attachment":[{"href":"https:\/\/sarimelekler.biz\/index.php?rest_route=%2Fwp%2Fv2%2Fmedia&parent=17703"}],"wp:term":[{"taxonomy":"category","embeddable":true,"href":"https:\/\/sarimelekler.biz\/index.php?rest_route=%2Fwp%2Fv2%2Fcategories&post=17703"},{"taxonomy":"post_tag","embeddable":true,"href":"https:\/\/sarimelekler.biz\/index.php?rest_route=%2Fwp%2Fv2%2Ftags&post=17703"}],"curies":[{"name":"wp","href":"https:\/\/api.w.org\/{rel}","templated":true}]}}