{"id":18036,"date":"2022-06-03T22:44:39","date_gmt":"2022-06-03T19:44:39","guid":{"rendered":"https:\/\/sarimelekler.biz\/?p=18036"},"modified":"2022-06-03T23:56:48","modified_gmt":"2022-06-03T20:56:48","slug":"dicle-nur-babat-8-sezonun-ardindan-takimimizdan-ayrildi","status":"publish","type":"post","link":"https:\/\/sarimelekler.biz\/?p=18036","title":{"rendered":"Dicle Nur BABAT 8 Sezonun Ard\u0131ndan Tak\u0131m\u0131m\u0131zdan Ayr\u0131ld\u0131"},"content":{"rendered":"<p style=\"text-align: justify;\"><span style=\"font-size: 18px;\">Fenerbah\u00e7e Opet Kad\u0131n Voleybol tak\u0131m\u0131m\u0131zdan 8 sezondur formam\u0131z\u0131 giyen Dicle Nur Babat ayr\u0131ld\u0131. Tak\u0131m\u0131m\u0131za 2014 \u2013 2015 sezonunda transfer olan orta oyuncu mevkiinde g\u00f6rev yapan Dicle Nur Babat ba\u015far\u0131l\u0131 bir kariyerin ard\u0131ndan tak\u0131m\u0131m\u0131zdan ayr\u0131ld\u0131. 1992 do\u011fumlu Dicle Nur Babat tak\u0131m\u0131m\u0131zda uzun s\u00fcre forma giyen oyuncular\u0131n i\u00e7erisinde yer al\u0131yor.<\/span><\/p>\n<p style=\"text-align: justify;\"><strong><span style=\"font-size: 18px;\">Dicle Nur Babat:<\/span><\/strong><\/p>\n<p style=\"text-align: justify;\"><span style=\"font-size: 18px;\">2014 \u2013 2015 Sezonunda; 25 Lig, 4 \u015eampiyonlar Ligi, 3 T\u00fcrkiye Kupas\u0131, 1 S\u00fcper Kupa<\/span><br \/>\n<span style=\"font-size: 18px;\">2015 \u2013 2016 Sezonunda; 21 Lig, 3 \u015eampiyonlar Ligi, 1 S\u00fcper Kupa<\/span><br \/>\n<span style=\"font-size: 18px;\">2016 \u2013 2017 Sezonunda; 22 Lig, 6 \u015eampiyonlar Ligi, 3 T\u00fcrkiye Kupas\u0131<\/span><br \/>\n<span style=\"font-size: 18px;\">2017 \u2013 2018 Sezonunda; 24 Lig, 6 \u015eampiyonlar Ligi, 2 T\u00fcrkiye Kupas\u0131, 1 S\u00fcper Kupa<\/span><br \/>\n<span style=\"font-size: 18px;\">2018 \u2013 2019 Sezonunda; 23 Lig, 7 \u015eampiyonlar Ligi, 3 T\u00fcrkiye Kupas\u0131<\/span><br \/>\n<span style=\"font-size: 18px;\">2019 \u2013 2020 Sezonunda; 7 Lig, 1 \u015eampiyonlar Ligi<\/span><br \/>\n<span style=\"font-size: 18px;\">2020 \u2013 2021 Sezonunda; 33 Lig, 7 \u015eampiyonlar Ligi, 5 T\u00fcrkiye Kupas\u0131<\/span><br \/>\n<span style=\"font-size: 18px;\">2021 &#8211; 2022 Sezonunda;\u00a0 12 Lig,\u00a0 2 \u015eampiyonlar\u00a0 Ligi,\u00a0 1\u00a0 T\u00fcrkiye\u00a0 Kupas\u0131,\u00a0 4\u00a0 D\u00fcnya\u00a0 Kul\u00fcpler\u00a0 Kupas\u0131 \u015eampiyonas\u0131<\/span><\/p>\n<p style=\"text-align: justify;\"><span style=\"font-size: 18px;\">olmak \u00fczere toplam <strong>227<\/strong> kez formam\u0131z\u0131 giydi. Dicle bu alanda Eda Erdem D\u00fcndar, Seda Tokatl\u0131o\u011flu Aslany\u00fcrek ve Merve Dalbeler Aslan\u2019\u0131n arkas\u0131nda 4. s\u0131rada yer al\u0131yor.<\/span><\/p>\n<p style=\"text-align: justify;\"><span style=\"font-size: 18px;\">Dicle 227 ma\u00e7ta <strong>127<\/strong>\u2019si servis, <strong>397<\/strong>\u2019si blok ve <strong>613<\/strong>\u2019\u00fc atak olmak \u00fczere toplam <strong>1137<\/strong> say\u0131 \u00fcretti.<\/span><\/p>\n<p style=\"text-align: justify;\"><strong><span style=\"font-size: 18px;\">Dicle Nur BABAT tak\u0131m\u0131m\u0131zda ge\u00e7irdi\u011fi 8 sezonda;<\/span><\/strong><br \/>\n<span style=\"font-size: 18px;\">2 T\u00fcrkiye Ligi \u015eampiyonlu\u011fu<\/span><br \/>\n<span style=\"font-size: 18px;\">2 T\u00fcrkiye Kupas\u0131 \u015eampiyonlu\u011fu<\/span><br \/>\n<span style=\"font-size: 18px;\">1 T\u00fcrkiye S\u00fcper Kupas\u0131 \u015eampiyonlu\u011fu<\/span><br \/>\n<span style=\"font-size: 18px;\">3 \u015eampiyonlar Ligi \u00dc\u00e7\u00fcnc\u00fcl\u00fc\u011f\u00fc (1 Final Four Orgarizasyonu, 2 S\u00fcper Final Organizasyonu)<\/span><br \/>\n<span style=\"font-size: 18px;\">1 D\u00fcnya Kul\u00fcpler Kupas\u0131 \u015eampiyonas\u0131 \u00dc\u00e7\u00fcnc\u00fcl\u00fc\u011f\u00fc<\/span><br \/>\n<span style=\"font-size: 18px;\">ba\u015far\u0131lar\u0131n\u0131 ya\u015fad\u0131.<\/span><\/p>\n<p style=\"text-align: justify;\"><span style=\"font-size: 18px;\">Tak\u0131m\u0131m\u0131z\u0131n g\u00fcn\u00fcm\u00fcz ba\u015far\u0131lar\u0131nda eme\u011fi olan Dicle Nur BABAT\u2019a te\u015fekk\u00fcr eder, spor hayat\u0131nda ba\u015far\u0131lar dileriz.<\/span><\/p>\n\n\t\t<style type=\"text\/css\">\n\t\t\t#gallery-1 {\n\t\t\t\tmargin: auto;\n\t\t\t}\n\t\t\t#gallery-1 .gallery-item {\n\t\t\t\tfloat: left;\n\t\t\t\tmargin-top: 10px;\n\t\t\t\ttext-align: center;\n\t\t\t\twidth: 20%;\n\t\t\t}\n\t\t\t#gallery-1 img {\n\t\t\t\tborder: 2px solid #cfcfcf;\n\t\t\t}\n\t\t\t#gallery-1 .gallery-caption {\n\t\t\t\tmargin-left: 0;\n\t\t\t}\n\t\t\t\/* see gallery_shortcode() in wp-includes\/media.php *\/\n\t\t<\/style>\n\t\t<div data-carousel-extra='{&quot;blog_id&quot;:1,&quot;permalink&quot;:&quot;https:\/\/sarimelekler.biz\/?p=18036&quot;}' id='gallery-1' class='gallery galleryid-18036 gallery-columns-5 gallery-size-thumbnail'><dl class='gallery-item'>\n\t\t\t<dt class='gallery-icon landscape'>\n\t\t\t\t<a href='https:\/\/sarimelekler.biz\/?attachment_id=18038'><img loading=\"lazy\" decoding=\"async\" width=\"150\" height=\"150\" src=\"https:\/\/sarimelekler.biz\/wp-content\/uploads\/2022\/05\/Dicle-1-150x150.jpg\" class=\"attachment-thumbnail size-thumbnail\" alt=\"\" data-attachment-id=\"18038\" data-permalink=\"https:\/\/sarimelekler.biz\/?attachment_id=18038\" data-orig-file=\"https:\/\/sarimelekler.biz\/wp-content\/uploads\/2022\/05\/Dicle-1.jpg\" data-orig-size=\"2500,1737\" data-comments-opened=\"0\" data-image-meta=\"{&quot;aperture&quot;:&quot;3.5&quot;,&quot;credit&quot;:&quot;&quot;,&quot;camera&quot;:&quot;Canon EOS-1D X&quot;,&quot;caption&quot;:&quot;&quot;,&quot;created_timestamp&quot;:&quot;1493317486&quot;,&quot;copyright&quot;:&quot;&quot;,&quot;focal_length&quot;:&quot;300&quot;,&quot;iso&quot;:&quot;2500&quot;,&quot;shutter_speed&quot;:&quot;0.002&quot;,&quot;title&quot;:&quot;&quot;,&quot;orientation&quot;:&quot;1&quot;}\" data-image-title=\"Dicle 1\" data-image-description=\"\" data-image-caption=\"\" data-large-file=\"https:\/\/sarimelekler.biz\/wp-content\/uploads\/2022\/05\/Dicle-1-1024x711.jpg\" \/><\/a>\n\t\t\t<\/dt><\/dl><dl class='gallery-item'>\n\t\t\t<dt class='gallery-icon portrait'>\n\t\t\t\t<a href='https:\/\/sarimelekler.biz\/?attachment_id=18039'><img loading=\"lazy\" decoding=\"async\" width=\"150\" height=\"150\" src=\"https:\/\/sarimelekler.biz\/wp-content\/uploads\/2022\/05\/Dicle-2-150x150.jpg\" class=\"attachment-thumbnail size-thumbnail\" alt=\"\" data-attachment-id=\"18039\" data-permalink=\"https:\/\/sarimelekler.biz\/?attachment_id=18039\" data-orig-file=\"https:\/\/sarimelekler.biz\/wp-content\/uploads\/2022\/05\/Dicle-2.jpg\" data-orig-size=\"609,922\" data-comments-opened=\"0\" data-image-meta=\"{&quot;aperture&quot;:&quot;0&quot;,&quot;credit&quot;:&quot;&quot;,&quot;camera&quot;:&quot;&quot;,&quot;caption&quot;:&quot;&quot;,&quot;created_timestamp&quot;:&quot;0&quot;,&quot;copyright&quot;:&quot;&quot;,&quot;focal_length&quot;:&quot;0&quot;,&quot;iso&quot;:&quot;0&quot;,&quot;shutter_speed&quot;:&quot;0&quot;,&quot;title&quot;:&quot;&quot;,&quot;orientation&quot;:&quot;0&quot;}\" data-image-title=\"Dicle 2\" data-image-description=\"\" data-image-caption=\"\" data-large-file=\"https:\/\/sarimelekler.biz\/wp-content\/uploads\/2022\/05\/Dicle-2.jpg\" \/><\/a>\n\t\t\t<\/dt><\/dl><dl class='gallery-item'>\n\t\t\t<dt class='gallery-icon portrait'>\n\t\t\t\t<a href='https:\/\/sarimelekler.biz\/?attachment_id=18011'><img loading=\"lazy\" decoding=\"async\" width=\"150\" height=\"150\" src=\"https:\/\/sarimelekler.biz\/wp-content\/uploads\/2022\/05\/33-21-22-6-150x150.jpeg\" class=\"attachment-thumbnail size-thumbnail\" alt=\"\" data-attachment-id=\"18011\" data-permalink=\"https:\/\/sarimelekler.biz\/?attachment_id=18011\" data-orig-file=\"https:\/\/sarimelekler.biz\/wp-content\/uploads\/2022\/05\/33-21-22-6.jpeg\" data-orig-size=\"1440,1800\" data-comments-opened=\"0\" data-image-meta=\"{&quot;aperture&quot;:&quot;0&quot;,&quot;credit&quot;:&quot;&quot;,&quot;camera&quot;:&quot;&quot;,&quot;caption&quot;:&quot;&quot;,&quot;created_timestamp&quot;:&quot;0&quot;,&quot;copyright&quot;:&quot;&quot;,&quot;focal_length&quot;:&quot;0&quot;,&quot;iso&quot;:&quot;0&quot;,&quot;shutter_speed&quot;:&quot;0&quot;,&quot;title&quot;:&quot;&quot;,&quot;orientation&quot;:&quot;0&quot;}\" data-image-title=\"33 &amp;#8211; 21-22 (6)\" data-image-description=\"\" data-image-caption=\"\" data-large-file=\"https:\/\/sarimelekler.biz\/wp-content\/uploads\/2022\/05\/33-21-22-6-819x1024.jpeg\" \/><\/a>\n\t\t\t<\/dt><\/dl><dl class='gallery-item'>\n\t\t\t<dt class='gallery-icon landscape'>\n\t\t\t\t<a href='https:\/\/sarimelekler.biz\/?attachment_id=18045'><img loading=\"lazy\" decoding=\"async\" width=\"150\" height=\"150\" src=\"https:\/\/sarimelekler.biz\/wp-content\/uploads\/2022\/05\/Dicle-8-150x150.jpg\" class=\"attachment-thumbnail size-thumbnail\" alt=\"\" data-attachment-id=\"18045\" data-permalink=\"https:\/\/sarimelekler.biz\/?attachment_id=18045\" data-orig-file=\"https:\/\/sarimelekler.biz\/wp-content\/uploads\/2022\/05\/Dicle-8-scaled.jpg\" data-orig-size=\"2560,1707\" data-comments-opened=\"0\" data-image-meta=\"{&quot;aperture&quot;:&quot;2.8&quot;,&quot;credit&quot;:&quot;Yunus ASLAN&quot;,&quot;camera&quot;:&quot;Canon EOS-1D X&quot;,&quot;caption&quot;:&quot;&quot;,&quot;created_timestamp&quot;:&quot;1484674080&quot;,&quot;copyright&quot;:&quot;Ali Balikci&quot;,&quot;focal_length&quot;:&quot;300&quot;,&quot;iso&quot;:&quot;2000&quot;,&quot;shutter_speed&quot;:&quot;0.002&quot;,&quot;title&quot;:&quot;&quot;,&quot;orientation&quot;:&quot;1&quot;}\" data-image-title=\"Dicle 8\" data-image-description=\"\" data-image-caption=\"\" data-large-file=\"https:\/\/sarimelekler.biz\/wp-content\/uploads\/2022\/05\/Dicle-8-1024x683.jpg\" \/><\/a>\n\t\t\t<\/dt><\/dl><dl class='gallery-item'>\n\t\t\t<dt class='gallery-icon landscape'>\n\t\t\t\t<a href='https:\/\/sarimelekler.biz\/?attachment_id=18040'><img loading=\"lazy\" decoding=\"async\" width=\"150\" height=\"150\" src=\"https:\/\/sarimelekler.biz\/wp-content\/uploads\/2022\/05\/Dicle-3-150x150.jpg\" class=\"attachment-thumbnail size-thumbnail\" alt=\"\" srcset=\"https:\/\/sarimelekler.biz\/wp-content\/uploads\/2022\/05\/Dicle-3-150x150.jpg 150w, https:\/\/sarimelekler.biz\/wp-content\/uploads\/2022\/05\/Dicle-3-300x300.jpg 300w, https:\/\/sarimelekler.biz\/wp-content\/uploads\/2022\/05\/Dicle-3.jpg 640w\" sizes=\"auto, (max-width: 150px) 100vw, 150px\" data-attachment-id=\"18040\" data-permalink=\"https:\/\/sarimelekler.biz\/?attachment_id=18040\" data-orig-file=\"https:\/\/sarimelekler.biz\/wp-content\/uploads\/2022\/05\/Dicle-3.jpg\" data-orig-size=\"640,640\" data-comments-opened=\"0\" data-image-meta=\"{&quot;aperture&quot;:&quot;0&quot;,&quot;credit&quot;:&quot;&quot;,&quot;camera&quot;:&quot;&quot;,&quot;caption&quot;:&quot;&quot;,&quot;created_timestamp&quot;:&quot;0&quot;,&quot;copyright&quot;:&quot;&quot;,&quot;focal_length&quot;:&quot;0&quot;,&quot;iso&quot;:&quot;0&quot;,&quot;shutter_speed&quot;:&quot;0&quot;,&quot;title&quot;:&quot;&quot;,&quot;orientation&quot;:&quot;0&quot;}\" data-image-title=\"Dicle 3\" data-image-description=\"\" data-image-caption=\"\" data-large-file=\"https:\/\/sarimelekler.biz\/wp-content\/uploads\/2022\/05\/Dicle-3.jpg\" \/><\/a>\n\t\t\t<\/dt><\/dl><br style=\"clear: both\" \/><dl class='gallery-item'>\n\t\t\t<dt class='gallery-icon landscape'>\n\t\t\t\t<a href='https:\/\/sarimelekler.biz\/?attachment_id=18041'><img loading=\"lazy\" decoding=\"async\" width=\"150\" height=\"150\" src=\"https:\/\/sarimelekler.biz\/wp-content\/uploads\/2022\/05\/Dicle-4-150x150.jpg\" class=\"attachment-thumbnail size-thumbnail\" alt=\"\" data-attachment-id=\"18041\" data-permalink=\"https:\/\/sarimelekler.biz\/?attachment_id=18041\" data-orig-file=\"https:\/\/sarimelekler.biz\/wp-content\/uploads\/2022\/05\/Dicle-4.jpg\" data-orig-size=\"2500,1667\" data-comments-opened=\"0\" data-image-meta=\"{&quot;aperture&quot;:&quot;0&quot;,&quot;credit&quot;:&quot;&quot;,&quot;camera&quot;:&quot;&quot;,&quot;caption&quot;:&quot;&quot;,&quot;created_timestamp&quot;:&quot;0&quot;,&quot;copyright&quot;:&quot;&quot;,&quot;focal_length&quot;:&quot;0&quot;,&quot;iso&quot;:&quot;0&quot;,&quot;shutter_speed&quot;:&quot;0&quot;,&quot;title&quot;:&quot;&quot;,&quot;orientation&quot;:&quot;0&quot;}\" data-image-title=\"Dicle 4\" data-image-description=\"\" data-image-caption=\"\" data-large-file=\"https:\/\/sarimelekler.biz\/wp-content\/uploads\/2022\/05\/Dicle-4-1024x683.jpg\" \/><\/a>\n\t\t\t<\/dt><\/dl><dl class='gallery-item'>\n\t\t\t<dt class='gallery-icon landscape'>\n\t\t\t\t<a href='https:\/\/sarimelekler.biz\/?attachment_id=18042'><img loading=\"lazy\" decoding=\"async\" width=\"150\" height=\"150\" src=\"https:\/\/sarimelekler.biz\/wp-content\/uploads\/2022\/05\/Dicle-5-150x150.jpg\" class=\"attachment-thumbnail size-thumbnail\" alt=\"\" data-attachment-id=\"18042\" data-permalink=\"https:\/\/sarimelekler.biz\/?attachment_id=18042\" data-orig-file=\"https:\/\/sarimelekler.biz\/wp-content\/uploads\/2022\/05\/Dicle-5.jpg\" data-orig-size=\"2500,1722\" data-comments-opened=\"0\" data-image-meta=\"{&quot;aperture&quot;:&quot;0&quot;,&quot;credit&quot;:&quot;&quot;,&quot;camera&quot;:&quot;&quot;,&quot;caption&quot;:&quot;&quot;,&quot;created_timestamp&quot;:&quot;0&quot;,&quot;copyright&quot;:&quot;&quot;,&quot;focal_length&quot;:&quot;0&quot;,&quot;iso&quot;:&quot;0&quot;,&quot;shutter_speed&quot;:&quot;0&quot;,&quot;title&quot;:&quot;&quot;,&quot;orientation&quot;:&quot;0&quot;}\" data-image-title=\"Dicle 5\" data-image-description=\"\" data-image-caption=\"\" data-large-file=\"https:\/\/sarimelekler.biz\/wp-content\/uploads\/2022\/05\/Dicle-5-1024x705.jpg\" \/><\/a>\n\t\t\t<\/dt><\/dl><dl class='gallery-item'>\n\t\t\t<dt class='gallery-icon landscape'>\n\t\t\t\t<a href='https:\/\/sarimelekler.biz\/?attachment_id=18043'><img loading=\"lazy\" decoding=\"async\" width=\"150\" height=\"150\" src=\"https:\/\/sarimelekler.biz\/wp-content\/uploads\/2022\/05\/Dicle-6-150x150.jpg\" class=\"attachment-thumbnail size-thumbnail\" alt=\"\" data-attachment-id=\"18043\" data-permalink=\"https:\/\/sarimelekler.biz\/?attachment_id=18043\" data-orig-file=\"https:\/\/sarimelekler.biz\/wp-content\/uploads\/2022\/05\/Dicle-6.jpg\" data-orig-size=\"1477,1215\" data-comments-opened=\"0\" data-image-meta=\"{&quot;aperture&quot;:&quot;2.8&quot;,&quot;credit&quot;:&quot;&quot;,&quot;camera&quot;:&quot;Canon EOS-1D Mark IV&quot;,&quot;caption&quot;:&quot;&quot;,&quot;created_timestamp&quot;:&quot;1428951474&quot;,&quot;copyright&quot;:&quot;&quot;,&quot;focal_length&quot;:&quot;16&quot;,&quot;iso&quot;:&quot;640&quot;,&quot;shutter_speed&quot;:&quot;0.005&quot;,&quot;title&quot;:&quot;&quot;,&quot;orientation&quot;:&quot;1&quot;}\" data-image-title=\"Dicle 6\" data-image-description=\"\" data-image-caption=\"\" data-large-file=\"https:\/\/sarimelekler.biz\/wp-content\/uploads\/2022\/05\/Dicle-6-1024x842.jpg\" \/><\/a>\n\t\t\t<\/dt><\/dl><dl class='gallery-item'>\n\t\t\t<dt class='gallery-icon portrait'>\n\t\t\t\t<a href='https:\/\/sarimelekler.biz\/?attachment_id=18044'><img loading=\"lazy\" decoding=\"async\" width=\"150\" height=\"150\" src=\"https:\/\/sarimelekler.biz\/wp-content\/uploads\/2022\/05\/Dicle-7-150x150.jpg\" class=\"attachment-thumbnail size-thumbnail\" alt=\"\" data-attachment-id=\"18044\" data-permalink=\"https:\/\/sarimelekler.biz\/?attachment_id=18044\" data-orig-file=\"https:\/\/sarimelekler.biz\/wp-content\/uploads\/2022\/05\/Dicle-7-scaled.jpg\" data-orig-size=\"2287,2560\" data-comments-opened=\"0\" data-image-meta=\"{&quot;aperture&quot;:&quot;3.2&quot;,&quot;credit&quot;:&quot;&quot;,&quot;camera&quot;:&quot;Canon EOS-1D X&quot;,&quot;caption&quot;:&quot;&quot;,&quot;created_timestamp&quot;:&quot;1493751084&quot;,&quot;copyright&quot;:&quot;&quot;,&quot;focal_length&quot;:&quot;33&quot;,&quot;iso&quot;:&quot;2000&quot;,&quot;shutter_speed&quot;:&quot;0.002&quot;,&quot;title&quot;:&quot;&quot;,&quot;orientation&quot;:&quot;1&quot;}\" data-image-title=\"Dicle 7\" data-image-description=\"\" data-image-caption=\"\" data-large-file=\"https:\/\/sarimelekler.biz\/wp-content\/uploads\/2022\/05\/Dicle-7-915x1024.jpg\" \/><\/a>\n\t\t\t<\/dt><\/dl><dl class='gallery-item'>\n\t\t\t<dt class='gallery-icon landscape'>\n\t\t\t\t<a href='https:\/\/sarimelekler.biz\/?attachment_id=18047'><img loading=\"lazy\" decoding=\"async\" width=\"150\" height=\"150\" src=\"https:\/\/sarimelekler.biz\/wp-content\/uploads\/2022\/05\/Dicle-10-150x150.jpg\" class=\"attachment-thumbnail size-thumbnail\" alt=\"\" data-attachment-id=\"18047\" data-permalink=\"https:\/\/sarimelekler.biz\/?attachment_id=18047\" data-orig-file=\"https:\/\/sarimelekler.biz\/wp-content\/uploads\/2022\/05\/Dicle-10-scaled.jpg\" data-orig-size=\"2560,1707\" data-comments-opened=\"0\" data-image-meta=\"{&quot;aperture&quot;:&quot;2.8&quot;,&quot;credit&quot;:&quot;Yunus ASLAN&quot;,&quot;camera&quot;:&quot;Canon EOS-1D X&quot;,&quot;caption&quot;:&quot;&quot;,&quot;created_timestamp&quot;:&quot;1484682926&quot;,&quot;copyright&quot;:&quot;Ali Balikci&quot;,&quot;focal_length&quot;:&quot;105&quot;,&quot;iso&quot;:&quot;2000&quot;,&quot;shutter_speed&quot;:&quot;0.002&quot;,&quot;title&quot;:&quot;&quot;,&quot;orientation&quot;:&quot;1&quot;}\" data-image-title=\"Dicle 10\" data-image-description=\"\" data-image-caption=\"\" data-large-file=\"https:\/\/sarimelekler.biz\/wp-content\/uploads\/2022\/05\/Dicle-10-1024x683.jpg\" \/><\/a>\n\t\t\t<\/dt><\/dl><br style=\"clear: both\" \/><dl class='gallery-item'>\n\t\t\t<dt class='gallery-icon landscape'>\n\t\t\t\t<a href='https:\/\/sarimelekler.biz\/?attachment_id=18048'><img loading=\"lazy\" decoding=\"async\" width=\"150\" height=\"150\" src=\"https:\/\/sarimelekler.biz\/wp-content\/uploads\/2022\/05\/Dicle-11-150x150.jpg\" class=\"attachment-thumbnail size-thumbnail\" alt=\"\" data-attachment-id=\"18048\" data-permalink=\"https:\/\/sarimelekler.biz\/?attachment_id=18048\" data-orig-file=\"https:\/\/sarimelekler.biz\/wp-content\/uploads\/2022\/05\/Dicle-11-scaled.jpg\" data-orig-size=\"2560,1707\" data-comments-opened=\"0\" data-image-meta=\"{&quot;aperture&quot;:&quot;2.8&quot;,&quot;credit&quot;:&quot;Yunus ASLAN&quot;,&quot;camera&quot;:&quot;Canon EOS-1D X&quot;,&quot;caption&quot;:&quot;&quot;,&quot;created_timestamp&quot;:&quot;1484682943&quot;,&quot;copyright&quot;:&quot;Ali Balikci&quot;,&quot;focal_length&quot;:&quot;108&quot;,&quot;iso&quot;:&quot;2000&quot;,&quot;shutter_speed&quot;:&quot;0.002&quot;,&quot;title&quot;:&quot;&quot;,&quot;orientation&quot;:&quot;1&quot;}\" data-image-title=\"Dicle 11\" data-image-description=\"\" data-image-caption=\"\" data-large-file=\"https:\/\/sarimelekler.biz\/wp-content\/uploads\/2022\/05\/Dicle-11-1024x683.jpg\" \/><\/a>\n\t\t\t<\/dt><\/dl><dl class='gallery-item'>\n\t\t\t<dt class='gallery-icon landscape'>\n\t\t\t\t<a href='https:\/\/sarimelekler.biz\/?attachment_id=18046'><img loading=\"lazy\" decoding=\"async\" width=\"150\" height=\"150\" src=\"https:\/\/sarimelekler.biz\/wp-content\/uploads\/2022\/05\/Dicle-9-150x150.jpg\" class=\"attachment-thumbnail size-thumbnail\" alt=\"\" data-attachment-id=\"18046\" data-permalink=\"https:\/\/sarimelekler.biz\/?attachment_id=18046\" data-orig-file=\"https:\/\/sarimelekler.biz\/wp-content\/uploads\/2022\/05\/Dicle-9-scaled.jpg\" data-orig-size=\"2560,1707\" data-comments-opened=\"0\" data-image-meta=\"{&quot;aperture&quot;:&quot;2.8&quot;,&quot;credit&quot;:&quot;Yunus ASLAN&quot;,&quot;camera&quot;:&quot;Canon EOS-1D X&quot;,&quot;caption&quot;:&quot;&quot;,&quot;created_timestamp&quot;:&quot;1484677677&quot;,&quot;copyright&quot;:&quot;Ali Balikci&quot;,&quot;focal_length&quot;:&quot;300&quot;,&quot;iso&quot;:&quot;2000&quot;,&quot;shutter_speed&quot;:&quot;0.004&quot;,&quot;title&quot;:&quot;&quot;,&quot;orientation&quot;:&quot;1&quot;}\" data-image-title=\"Dicle 9\" data-image-description=\"\" data-image-caption=\"\" data-large-file=\"https:\/\/sarimelekler.biz\/wp-content\/uploads\/2022\/05\/Dicle-9-1024x683.jpg\" \/><\/a>\n\t\t\t<\/dt><\/dl>\n\t\t\t<br style='clear: both' \/>\n\t\t<\/div>\n\n<p><a href=\"https:\/\/www.instagram.com\/p\/CeTkuOsNnr1\/\" target=\"_blank\" rel=\"noopener\">Dicle&#8217;nin Veda Payla\u015f\u0131m\u0131<\/a><\/p>\n\n\t\t<style type=\"text\/css\">\n\t\t\t#gallery-2 {\n\t\t\t\tmargin: auto;\n\t\t\t}\n\t\t\t#gallery-2 .gallery-item {\n\t\t\t\tfloat: left;\n\t\t\t\tmargin-top: 10px;\n\t\t\t\ttext-align: center;\n\t\t\t\twidth: 100%;\n\t\t\t}\n\t\t\t#gallery-2 img {\n\t\t\t\tborder: 2px solid #cfcfcf;\n\t\t\t}\n\t\t\t#gallery-2 .gallery-caption {\n\t\t\t\tmargin-left: 0;\n\t\t\t}\n\t\t\t\/* see gallery_shortcode() in wp-includes\/media.php *\/\n\t\t<\/style>\n\t\t<div data-carousel-extra='{&quot;blog_id&quot;:1,&quot;permalink&quot;:&quot;https:\/\/sarimelekler.biz\/?p=18036&quot;}' id='gallery-2' class='gallery galleryid-18036 gallery-columns-1 gallery-size-full'><dl class='gallery-item'>\n\t\t\t<dt class='gallery-icon landscape'>\n\t\t\t\t<a href='https:\/\/sarimelekler.biz\/?attachment_id=18080'><img loading=\"lazy\" decoding=\"async\" width=\"1239\" height=\"865\" src=\"https:\/\/sarimelekler.biz\/wp-content\/uploads\/2022\/06\/Dicle-Veda-21-22.jpg\" class=\"attachment-full size-full\" alt=\"\" srcset=\"https:\/\/sarimelekler.biz\/wp-content\/uploads\/2022\/06\/Dicle-Veda-21-22.jpg 1239w, https:\/\/sarimelekler.biz\/wp-content\/uploads\/2022\/06\/Dicle-Veda-21-22-300x209.jpg 300w, https:\/\/sarimelekler.biz\/wp-content\/uploads\/2022\/06\/Dicle-Veda-21-22-1024x715.jpg 1024w, https:\/\/sarimelekler.biz\/wp-content\/uploads\/2022\/06\/Dicle-Veda-21-22-768x536.jpg 768w, https:\/\/sarimelekler.biz\/wp-content\/uploads\/2022\/06\/Dicle-Veda-21-22-150x105.jpg 150w\" sizes=\"auto, (max-width: 1239px) 100vw, 1239px\" data-attachment-id=\"18080\" data-permalink=\"https:\/\/sarimelekler.biz\/?attachment_id=18080\" data-orig-file=\"https:\/\/sarimelekler.biz\/wp-content\/uploads\/2022\/06\/Dicle-Veda-21-22.jpg\" data-orig-size=\"1239,865\" data-comments-opened=\"0\" data-image-meta=\"{&quot;aperture&quot;:&quot;0&quot;,&quot;credit&quot;:&quot;&quot;,&quot;camera&quot;:&quot;&quot;,&quot;caption&quot;:&quot;&quot;,&quot;created_timestamp&quot;:&quot;0&quot;,&quot;copyright&quot;:&quot;&quot;,&quot;focal_length&quot;:&quot;0&quot;,&quot;iso&quot;:&quot;0&quot;,&quot;shutter_speed&quot;:&quot;0&quot;,&quot;title&quot;:&quot;&quot;,&quot;orientation&quot;:&quot;0&quot;}\" data-image-title=\"Dicle Veda 21-22\" data-image-description=\"\" data-image-caption=\"\" data-large-file=\"https:\/\/sarimelekler.biz\/wp-content\/uploads\/2022\/06\/Dicle-Veda-21-22-1024x715.jpg\" \/><\/a>\n\t\t\t<\/dt><\/dl><br style=\"clear: both\" \/>\n\t\t<\/div>\n\n<p><a href=\"https:\/\/www.fenerbahce.org\/haberler\/voleybol-kadin\/2022\/5\/dicle-nur-babat-a-tesekkurlerimizle\" target=\"_blank\" rel=\"noopener\">Kul\u00fcb\u00fcm\u00fczden Yap\u0131lan A\u00e7\u0131klama<\/a><\/p>\n<p style=\"text-align: right;\">03.06.2022<\/p>\n","protected":false},"excerpt":{"rendered":"<p>Fenerbah\u00e7e Opet Kad\u0131n Voleybol tak\u0131m\u0131m\u0131zdan 8 sezondur formam\u0131z\u0131 giyen Dicle \u2026 <a class=\"continue-reading-link\" href=\"https:\/\/sarimelekler.biz\/?p=18036\">Okumaya Devam Et.. <span class=\"meta-nav\">&rarr; <\/span><\/a><\/p>\n","protected":false},"author":1,"featured_media":18038,"comment_status":"closed","ping_status":"open","sticky":false,"template":"","format":"standard","meta":{"jetpack_post_was_ever_published":false,"_jetpack_newsletter_access":"","_jetpack_dont_email_post_to_subs":false,"_jetpack_newsletter_tier_id":0,"_jetpack_memberships_contains_paywalled_content":false,"_jetpack_memberships_contains_paid_content":false,"footnotes":"","jetpack_publicize_message":"","jetpack_publicize_feature_enabled":true,"jetpack_social_post_already_shared":true,"jetpack_social_options":{"image_generator_settings":{"template":"highway","default_image_id":0,"font":"","enabled":false},"version":2}},"categories":[23],"tags":[],"class_list":["post-18036","post","type-post","status-publish","format-standard","has-post-thumbnail","hentry","category-transfer-haberleri"],"jetpack_publicize_connections":[],"jetpack_featured_media_url":"https:\/\/sarimelekler.biz\/wp-content\/uploads\/2022\/05\/Dicle-1.jpg","jetpack_sharing_enabled":true,"jetpack_shortlink":"https:\/\/wp.me\/p8npUZ-4GU","jetpack-related-posts":[{"id":11223,"url":"https:\/\/sarimelekler.biz\/?p=11223","url_meta":{"origin":18036,"position":0},"title":"Merve Dalbeler Tak\u0131m\u0131m\u0131zdan Ayr\u0131ld\u0131","author":"Edit\u00f6r","date":"9 May\u0131s 2019","format":false,"excerpt":"Fenerbah\u00e7e Opet Kad\u0131n Voleybol tak\u0131m\u0131m\u0131zdan ayr\u0131lan d\u00f6rd\u00fcnc\u00fc isim 8 sezondur formam\u0131z\u0131 giyen Merve Dalbeler oldu. Tak\u0131m\u0131m\u0131za 2011 \u2013 2012 sezonunda transfer olan libero mevkiinde g\u00f6rev yapan Merve Dalbeler ba\u015far\u0131l\u0131 bir kariyerin ard\u0131ndan tak\u0131m\u0131m\u0131zdan ayr\u0131ld\u0131. \u0130lerleyen g\u00fcnlerde 32 ya\u015f\u0131na girecek olan Merve Dalbeler tak\u0131m\u0131m\u0131zda uzun s\u00fcre forma giyen oyuncular\u0131n i\u00e7erisinde yer\u2026","rel":"","context":"&quot;Transfer Haberleri&quot; i\u00e7inde","block_context":{"text":"Transfer Haberleri","link":"https:\/\/sarimelekler.biz\/?cat=23"},"img":{"alt_text":"","src":"https:\/\/i0.wp.com\/sarimelekler.biz\/wp-content\/uploads\/2017\/02\/YNS_4817.jpg?resize=350%2C200&ssl=1","width":350,"height":200,"srcset":"https:\/\/i0.wp.com\/sarimelekler.biz\/wp-content\/uploads\/2017\/02\/YNS_4817.jpg?resize=350%2C200&ssl=1 1x, https:\/\/i0.wp.com\/sarimelekler.biz\/wp-content\/uploads\/2017\/02\/YNS_4817.jpg?resize=525%2C300&ssl=1 1.5x, https:\/\/i0.wp.com\/sarimelekler.biz\/wp-content\/uploads\/2017\/02\/YNS_4817.jpg?resize=700%2C400&ssl=1 2x, https:\/\/i0.wp.com\/sarimelekler.biz\/wp-content\/uploads\/2017\/02\/YNS_4817.jpg?resize=1050%2C600&ssl=1 3x, https:\/\/i0.wp.com\/sarimelekler.biz\/wp-content\/uploads\/2017\/02\/YNS_4817.jpg?resize=1400%2C800&ssl=1 4x"},"classes":[]},{"id":11167,"url":"https:\/\/sarimelekler.biz\/?p=11167","url_meta":{"origin":18036,"position":1},"title":"Polen \u00dcnver Tak\u0131m\u0131m\u0131zdan Ayr\u0131ld\u0131","author":"Edit\u00f6r","date":"14 May\u0131s 2019","format":false,"excerpt":"Fenerbah\u00e7e Opet Kad\u0131n Voleybol tak\u0131m\u0131m\u0131zdan ayr\u0131lan be\u015finci isim 5 sezondur formam\u0131z\u0131 giyen Polen Uslupehlivan \u00dcnver oldu. Tak\u0131m\u0131m\u0131za 2014 \u2013 2015 sezonunda transfer olan Polen \u00dcnver ba\u015far\u0131l\u0131 bir kariyerin ard\u0131ndan tak\u0131m\u0131m\u0131zdan ayr\u0131ld\u0131. 29 ya\u015f\u0131ndaki pas\u00f6r \u00e7apraz\u0131 tak\u0131m\u0131m\u0131zda uzun s\u00fcre forma giyen oyuncular\u0131n i\u00e7erisinde yer al\u0131yor. Polen \u00dcnver ge\u00e7mi\u015f sezonlar\u0131n aksine bu\u2026","rel":"","context":"&quot;Transfer Haberleri&quot; i\u00e7inde","block_context":{"text":"Transfer Haberleri","link":"https:\/\/sarimelekler.biz\/?cat=23"},"img":{"alt_text":"","src":"https:\/\/i0.wp.com\/sarimelekler.biz\/wp-content\/uploads\/2017\/02\/Polen-Uslupehlivan-1.jpg?resize=350%2C200&ssl=1","width":350,"height":200,"srcset":"https:\/\/i0.wp.com\/sarimelekler.biz\/wp-content\/uploads\/2017\/02\/Polen-Uslupehlivan-1.jpg?resize=350%2C200&ssl=1 1x, https:\/\/i0.wp.com\/sarimelekler.biz\/wp-content\/uploads\/2017\/02\/Polen-Uslupehlivan-1.jpg?resize=525%2C300&ssl=1 1.5x, https:\/\/i0.wp.com\/sarimelekler.biz\/wp-content\/uploads\/2017\/02\/Polen-Uslupehlivan-1.jpg?resize=700%2C400&ssl=1 2x, https:\/\/i0.wp.com\/sarimelekler.biz\/wp-content\/uploads\/2017\/02\/Polen-Uslupehlivan-1.jpg?resize=1050%2C600&ssl=1 3x, https:\/\/i0.wp.com\/sarimelekler.biz\/wp-content\/uploads\/2017\/02\/Polen-Uslupehlivan-1.jpg?resize=1400%2C800&ssl=1 4x"},"classes":[]},{"id":13435,"url":"https:\/\/sarimelekler.biz\/?p=13435","url_meta":{"origin":18036,"position":2},"title":"11 Senenin Ard\u0131ndan Melis Y\u0131lmaz Tak\u0131m\u0131m\u0131zdan Ayr\u0131ld\u0131.","author":"Edit\u00f6r","date":"29 Nisan 2021","format":false,"excerpt":"1997 do\u011fumlu Melis Y\u0131lmaz 2010 y\u0131l\u0131nda alt yap\u0131m\u0131za kat\u0131ld\u0131. Alt yap\u0131m\u0131zda g\u00f6sterdi\u011fi ba\u015far\u0131l\u0131 performansla 2013 \u2013 2014 sezonu i\u00e7erisinde gen\u00e7 tak\u0131m\u0131m\u0131zdan as tak\u0131ma y\u00fckseltilerek profesyonel s\u00f6zle\u015fme imzalanan Melis Y\u0131lmaz o sezon forma giymese de tak\u0131m\u0131m\u0131zla birlikte ma\u00e7 kadrolar\u0131nda yer ald\u0131. Melis 18 ya\u015f\u0131nda oldu\u011fu 2014 \u2013 2015 sezonundan itibaren as\u2026","rel":"","context":"&quot;Transfer Haberleri&quot; i\u00e7inde","block_context":{"text":"Transfer Haberleri","link":"https:\/\/sarimelekler.biz\/?cat=23"},"img":{"alt_text":"","src":"https:\/\/i0.wp.com\/sarimelekler.biz\/wp-content\/uploads\/2021\/04\/Melis-Y%C4%B1lmaz-2-1.jpg?resize=350%2C200&ssl=1","width":350,"height":200,"srcset":"https:\/\/i0.wp.com\/sarimelekler.biz\/wp-content\/uploads\/2021\/04\/Melis-Y%C4%B1lmaz-2-1.jpg?resize=350%2C200&ssl=1 1x, https:\/\/i0.wp.com\/sarimelekler.biz\/wp-content\/uploads\/2021\/04\/Melis-Y%C4%B1lmaz-2-1.jpg?resize=525%2C300&ssl=1 1.5x, https:\/\/i0.wp.com\/sarimelekler.biz\/wp-content\/uploads\/2021\/04\/Melis-Y%C4%B1lmaz-2-1.jpg?resize=700%2C400&ssl=1 2x, https:\/\/i0.wp.com\/sarimelekler.biz\/wp-content\/uploads\/2021\/04\/Melis-Y%C4%B1lmaz-2-1.jpg?resize=1050%2C600&ssl=1 3x, https:\/\/i0.wp.com\/sarimelekler.biz\/wp-content\/uploads\/2021\/04\/Melis-Y%C4%B1lmaz-2-1.jpg?resize=1400%2C800&ssl=1 4x"},"classes":[]},{"id":22521,"url":"https:\/\/sarimelekler.biz\/?p=22521","url_meta":{"origin":18036,"position":3},"title":"Dicle Nur Babat Tekrar Tak\u0131m\u0131m\u0131za Kat\u0131ld\u0131","author":"Edit\u00f6r","date":"1 \u015eubat 2026","format":false,"excerpt":"Ge\u00e7ti\u011fimiz sezon sonunda tak\u0131m\u0131m\u0131zdan ayr\u0131larak Kuzeyboru tak\u0131m\u0131na transfer olan eski oyuncumuz Dicle Nur Babat tekrar tak\u0131m\u0131m\u0131za transfer oldu. Kendisine ba\u015far\u0131lar dileriz. Kul\u00fcb\u00fcm\u00fcz\u00fcn resmi internet sitesinde yap\u0131lan a\u00e7\u0131klama \u015f\u00f6yle: Fenerbah\u00e7e Medicana Kad\u0131n Voleybol Tak\u0131m\u0131m\u0131z, tecr\u00fcbeli orta oyuncu Dicle Nur Babat\u2019\u0131 kadrosuna katt\u0131. Fenerbah\u00e7e formas\u0131n\u0131 daha \u00f6nce 2014-2022 ve 2024-2025 sezonlar\u0131nda terleten\u2026","rel":"","context":"&quot;Transfer Haberleri&quot; i\u00e7inde","block_context":{"text":"Transfer Haberleri","link":"https:\/\/sarimelekler.biz\/?cat=23"},"img":{"alt_text":"","src":"https:\/\/i0.wp.com\/sarimelekler.biz\/wp-content\/uploads\/2021\/04\/Dicle-Nur-Babat.png?resize=350%2C200&ssl=1","width":350,"height":200,"srcset":"https:\/\/i0.wp.com\/sarimelekler.biz\/wp-content\/uploads\/2021\/04\/Dicle-Nur-Babat.png?resize=350%2C200&ssl=1 1x, https:\/\/i0.wp.com\/sarimelekler.biz\/wp-content\/uploads\/2021\/04\/Dicle-Nur-Babat.png?resize=525%2C300&ssl=1 1.5x, https:\/\/i0.wp.com\/sarimelekler.biz\/wp-content\/uploads\/2021\/04\/Dicle-Nur-Babat.png?resize=700%2C400&ssl=1 2x, https:\/\/i0.wp.com\/sarimelekler.biz\/wp-content\/uploads\/2021\/04\/Dicle-Nur-Babat.png?resize=1050%2C600&ssl=1 3x"},"classes":[]},{"id":22513,"url":"https:\/\/sarimelekler.biz\/?p=22513","url_meta":{"origin":18036,"position":4},"title":"Liza Safronova Tak\u0131m\u0131m\u0131zdan Ayr\u0131ld\u0131","author":"Edit\u00f6r","date":"9 Ocak 2026","format":false,"excerpt":"Tak\u0131m\u0131m\u0131za 2024-2025 Sezonunda kat\u0131lan 2006 do\u011fumlu sma\u00e7\u00f6r Liza Safronova ile kul\u00fcb\u00fcm\u00fczden yap\u0131lan resmi a\u00e7\u0131klamayla yollar\u0131n ayr\u0131ld\u0131\u011f\u0131 bildirildi. Liza Safronova Fransa kad\u0131nlar voleybol ligi tak\u0131mlar\u0131ndan Volero Le Cannet tak\u0131m\u0131na transfer oldu.Liza tak\u0131m\u0131zda 2024 S\u00fcper Kupa, 2024-2025 T\u00fcrkiye Kupas\u0131 ve 2025 S\u00fcper Kupa \u015eampiyonluklar\u0131 ya\u015fad\u0131. 2024 S\u00fcper kupas\u0131n\u0131 kaptan\u0131m\u0131z Eda Erdem D\u00fcndar\u2019\u0131n\u2026","rel":"","context":"&quot;Transfer Haberleri&quot; i\u00e7inde","block_context":{"text":"Transfer Haberleri","link":"https:\/\/sarimelekler.biz\/?cat=23"},"img":{"alt_text":"","src":"https:\/\/i0.wp.com\/sarimelekler.biz\/wp-content\/uploads\/2024\/10\/2024-Super-Kupa-15-scaled.jpg?resize=350%2C200&ssl=1","width":350,"height":200,"srcset":"https:\/\/i0.wp.com\/sarimelekler.biz\/wp-content\/uploads\/2024\/10\/2024-Super-Kupa-15-scaled.jpg?resize=350%2C200&ssl=1 1x, https:\/\/i0.wp.com\/sarimelekler.biz\/wp-content\/uploads\/2024\/10\/2024-Super-Kupa-15-scaled.jpg?resize=525%2C300&ssl=1 1.5x, https:\/\/i0.wp.com\/sarimelekler.biz\/wp-content\/uploads\/2024\/10\/2024-Super-Kupa-15-scaled.jpg?resize=700%2C400&ssl=1 2x, https:\/\/i0.wp.com\/sarimelekler.biz\/wp-content\/uploads\/2024\/10\/2024-Super-Kupa-15-scaled.jpg?resize=1050%2C600&ssl=1 3x, https:\/\/i0.wp.com\/sarimelekler.biz\/wp-content\/uploads\/2024\/10\/2024-Super-Kupa-15-scaled.jpg?resize=1400%2C800&ssl=1 4x"},"classes":[]},{"id":4034,"url":"https:\/\/sarimelekler.biz\/?p=4034","url_meta":{"origin":18036,"position":5},"title":"HO\u015e\u00c7AKAL K\u0130M YEON KOUNG","author":"Edit\u00f6r","date":"1 Haziran 2017","format":false,"excerpt":"Fenerbah\u00e7e Bayan Voleybol tak\u0131m\u0131m\u0131zda Bir D\u00f6nem Kapand\u0131. 11 Haziran 2011 y\u0131l\u0131nda G\u00fcney Kore\u2019nin Heungkuk Life tak\u0131m\u0131ndan tak\u0131m\u0131m\u0131za kat\u0131lan Kim Yeon Koung tak\u0131m\u0131m\u0131zda ge\u00e7irdi\u011fi 6 sezonun ard\u0131ndan 31.05.2017 g\u00fcn\u00fc \u00c7in\u2019in\u00a0 Shanghai Guohua Life tak\u0131m\u0131na transfer oldu.\u00a0 Kim Yeon Koung 6 sezonda toplam 218 defa formam\u0131z\u0131 giyerek tak\u0131m\u0131m\u0131zda en fazla oynayan yabanc\u0131\u2026","rel":"","context":"&quot;Duyurular&quot; i\u00e7inde","block_context":{"text":"Duyurular","link":"https:\/\/sarimelekler.biz\/?cat=8"},"img":{"alt_text":"","src":"https:\/\/i0.wp.com\/sarimelekler.biz\/wp-content\/uploads\/2017\/06\/100-1.jpg?resize=350%2C200&ssl=1","width":350,"height":200,"srcset":"https:\/\/i0.wp.com\/sarimelekler.biz\/wp-content\/uploads\/2017\/06\/100-1.jpg?resize=350%2C200&ssl=1 1x, https:\/\/i0.wp.com\/sarimelekler.biz\/wp-content\/uploads\/2017\/06\/100-1.jpg?resize=525%2C300&ssl=1 1.5x, https:\/\/i0.wp.com\/sarimelekler.biz\/wp-content\/uploads\/2017\/06\/100-1.jpg?resize=700%2C400&ssl=1 2x, https:\/\/i0.wp.com\/sarimelekler.biz\/wp-content\/uploads\/2017\/06\/100-1.jpg?resize=1050%2C600&ssl=1 3x"},"classes":[]}],"_links":{"self":[{"href":"https:\/\/sarimelekler.biz\/index.php?rest_route=\/wp\/v2\/posts\/18036","targetHints":{"allow":["GET"]}}],"collection":[{"href":"https:\/\/sarimelekler.biz\/index.php?rest_route=\/wp\/v2\/posts"}],"about":[{"href":"https:\/\/sarimelekler.biz\/index.php?rest_route=\/wp\/v2\/types\/post"}],"author":[{"embeddable":true,"href":"https:\/\/sarimelekler.biz\/index.php?rest_route=\/wp\/v2\/users\/1"}],"replies":[{"embeddable":true,"href":"https:\/\/sarimelekler.biz\/index.php?rest_route=%2Fwp%2Fv2%2Fcomments&post=18036"}],"version-history":[{"count":6,"href":"https:\/\/sarimelekler.biz\/index.php?rest_route=\/wp\/v2\/posts\/18036\/revisions"}],"predecessor-version":[{"id":18082,"href":"https:\/\/sarimelekler.biz\/index.php?rest_route=\/wp\/v2\/posts\/18036\/revisions\/18082"}],"wp:featuredmedia":[{"embeddable":true,"href":"https:\/\/sarimelekler.biz\/index.php?rest_route=\/wp\/v2\/media\/18038"}],"wp:attachment":[{"href":"https:\/\/sarimelekler.biz\/index.php?rest_route=%2Fwp%2Fv2%2Fmedia&parent=18036"}],"wp:term":[{"taxonomy":"category","embeddable":true,"href":"https:\/\/sarimelekler.biz\/index.php?rest_route=%2Fwp%2Fv2%2Fcategories&post=18036"},{"taxonomy":"post_tag","embeddable":true,"href":"https:\/\/sarimelekler.biz\/index.php?rest_route=%2Fwp%2Fv2%2Ftags&post=18036"}],"curies":[{"name":"wp","href":"https:\/\/api.w.org\/{rel}","templated":true}]}}