{"id":18076,"date":"2022-06-02T22:44:08","date_gmt":"2022-06-02T19:44:08","guid":{"rendered":"https:\/\/sarimelekler.biz\/?p=18076"},"modified":"2022-06-02T22:44:09","modified_gmt":"2022-06-02T19:44:09","slug":"icler-acisi-bir-transfer-donemi-sarimelekler","status":"publish","type":"post","link":"https:\/\/sarimelekler.biz\/?p=18076","title":{"rendered":"\u0130\u00e7ler Ac\u0131s\u0131 Bir Transfer D\u00f6nemi&#8230; #Sar\u0131Melekler"},"content":{"rendered":"\n\n\t\t<style type=\"text\/css\">\n\t\t\t#gallery-1 {\n\t\t\t\tmargin: auto;\n\t\t\t}\n\t\t\t#gallery-1 .gallery-item {\n\t\t\t\tfloat: left;\n\t\t\t\tmargin-top: 10px;\n\t\t\t\ttext-align: center;\n\t\t\t\twidth: 100%;\n\t\t\t}\n\t\t\t#gallery-1 img {\n\t\t\t\tborder: 2px solid #cfcfcf;\n\t\t\t}\n\t\t\t#gallery-1 .gallery-caption {\n\t\t\t\tmargin-left: 0;\n\t\t\t}\n\t\t\t\/* see gallery_shortcode() in wp-includes\/media.php *\/\n\t\t<\/style>\n\t\t<div data-carousel-extra='{&quot;blog_id&quot;:1,&quot;permalink&quot;:&quot;https:\/\/sarimelekler.biz\/?p=18076&quot;}' id='gallery-1' class='gallery galleryid-18076 gallery-columns-1 gallery-size-full'><dl class='gallery-item'>\n\t\t\t<dt class='gallery-icon landscape'>\n\t\t\t\t<a href='https:\/\/sarimelekler.biz\/?attachment_id=18077'><img loading=\"lazy\" decoding=\"async\" width=\"1348\" height=\"742\" src=\"https:\/\/sarimelekler.biz\/wp-content\/uploads\/2022\/06\/Siyah-Zemin.jpg\" class=\"attachment-full size-full\" alt=\"\" srcset=\"https:\/\/sarimelekler.biz\/wp-content\/uploads\/2022\/06\/Siyah-Zemin.jpg 1348w, https:\/\/sarimelekler.biz\/wp-content\/uploads\/2022\/06\/Siyah-Zemin-300x165.jpg 300w, https:\/\/sarimelekler.biz\/wp-content\/uploads\/2022\/06\/Siyah-Zemin-1024x564.jpg 1024w, https:\/\/sarimelekler.biz\/wp-content\/uploads\/2022\/06\/Siyah-Zemin-768x423.jpg 768w, https:\/\/sarimelekler.biz\/wp-content\/uploads\/2022\/06\/Siyah-Zemin-150x83.jpg 150w\" sizes=\"auto, (max-width: 1348px) 100vw, 1348px\" data-attachment-id=\"18077\" data-permalink=\"https:\/\/sarimelekler.biz\/?attachment_id=18077\" data-orig-file=\"https:\/\/sarimelekler.biz\/wp-content\/uploads\/2022\/06\/Siyah-Zemin.jpg\" data-orig-size=\"1348,742\" data-comments-opened=\"0\" data-image-meta=\"{&quot;aperture&quot;:&quot;0&quot;,&quot;credit&quot;:&quot;&quot;,&quot;camera&quot;:&quot;&quot;,&quot;caption&quot;:&quot;&quot;,&quot;created_timestamp&quot;:&quot;0&quot;,&quot;copyright&quot;:&quot;&quot;,&quot;focal_length&quot;:&quot;0&quot;,&quot;iso&quot;:&quot;0&quot;,&quot;shutter_speed&quot;:&quot;0&quot;,&quot;title&quot;:&quot;&quot;,&quot;orientation&quot;:&quot;0&quot;}\" data-image-title=\"Kara Transfer\" data-image-description=\"\" data-image-caption=\"\" data-large-file=\"https:\/\/sarimelekler.biz\/wp-content\/uploads\/2022\/06\/Siyah-Zemin-1024x564.jpg\" \/><\/a>\n\t\t\t<\/dt><\/dl><br style=\"clear: both\" \/>\n\t\t<\/div>\n\n","protected":false},"excerpt":{"rendered":"","protected":false},"author":1,"featured_media":18077,"comment_status":"closed","ping_status":"open","sticky":false,"template":"","format":"standard","meta":{"jetpack_post_was_ever_published":false,"_jetpack_newsletter_access":"","_jetpack_dont_email_post_to_subs":false,"_jetpack_newsletter_tier_id":0,"_jetpack_memberships_contains_paywalled_content":false,"_jetpack_memberships_contains_paid_content":false,"footnotes":"","jetpack_publicize_message":"","jetpack_publicize_feature_enabled":true,"jetpack_social_post_already_shared":true,"jetpack_social_options":{"image_generator_settings":{"template":"highway","default_image_id":0,"font":"","enabled":false},"version":2}},"categories":[23],"tags":[],"class_list":["post-18076","post","type-post","status-publish","format-standard","has-post-thumbnail","hentry","category-transfer-haberleri"],"jetpack_publicize_connections":[],"jetpack_featured_media_url":"https:\/\/sarimelekler.biz\/wp-content\/uploads\/2022\/06\/Siyah-Zemin.jpg","jetpack_sharing_enabled":true,"jetpack_shortlink":"https:\/\/wp.me\/p8npUZ-4Hy","jetpack-related-posts":[{"id":11254,"url":"https:\/\/sarimelekler.biz\/?p=11254","url_meta":{"origin":18076,"position":0},"title":"Bahar Yeni Sezonda Kadromuzda Devam Ediyor","author":"Edit\u00f6r","date":"9 May\u0131s 2019","format":false,"excerpt":"2016-2017 sezonu ara transfer d\u00f6nemi olan 20 Ocak 2017\u2019de tak\u0131m\u0131m\u0131za transfer olan orta oyuncumuz Bahar Toksoy Guidetti ile kul\u00fcb\u00fcm\u00fcz s\u00f6zle\u015fme yeniledi. 2,5 sezondur tak\u0131m\u0131m\u0131zda g\u00f6rev alan Bahar 74 kez formam\u0131z\u0131 giydi. 55\u2019i servis, 91\u2019i blok olmak \u00fczere toplam 350 say\u0131 ald\u0131. Bahar 2017-2018 sezonu son ma\u00e7lar\u0131nda tak\u0131m\u0131m\u0131zdaki sakat oyunculardan dolay\u0131\u2026","rel":"","context":"&quot;Transfer Haberleri&quot; i\u00e7inde","block_context":{"text":"Transfer Haberleri","link":"https:\/\/sarimelekler.biz\/?cat=23"},"img":{"alt_text":"","src":"https:\/\/i0.wp.com\/sarimelekler.biz\/wp-content\/uploads\/2019\/05\/baharbasin1_54032_7434675.jpg?resize=350%2C200&ssl=1","width":350,"height":200,"srcset":"https:\/\/i0.wp.com\/sarimelekler.biz\/wp-content\/uploads\/2019\/05\/baharbasin1_54032_7434675.jpg?resize=350%2C200&ssl=1 1x, https:\/\/i0.wp.com\/sarimelekler.biz\/wp-content\/uploads\/2019\/05\/baharbasin1_54032_7434675.jpg?resize=525%2C300&ssl=1 1.5x, https:\/\/i0.wp.com\/sarimelekler.biz\/wp-content\/uploads\/2019\/05\/baharbasin1_54032_7434675.jpg?resize=700%2C400&ssl=1 2x, https:\/\/i0.wp.com\/sarimelekler.biz\/wp-content\/uploads\/2019\/05\/baharbasin1_54032_7434675.jpg?resize=1050%2C600&ssl=1 3x, https:\/\/i0.wp.com\/sarimelekler.biz\/wp-content\/uploads\/2019\/05\/baharbasin1_54032_7434675.jpg?resize=1400%2C800&ssl=1 4x"},"classes":[]},{"id":18083,"url":"https:\/\/sarimelekler.biz\/?p=18083","url_meta":{"origin":18076,"position":1},"title":"2. Naz Aydemir Akyol D\u00f6nemi Sona Erdi.","author":"Edit\u00f6r","date":"4 Haziran 2022","format":false,"excerpt":"2009-2012 y\u0131llar\u0131 aras\u0131nda 3 sezon tak\u0131m\u0131m\u0131zda yer ald\u0131ktan sonra y\u0131ll\u0131k \u00fccret konusunda anla\u015fmazl\u0131k dolay\u0131 Vak\u0131fbank tak\u0131m\u0131na transfer olan Naz Aydemir Akyol, 7 Sezon sonra 2019-20 sezonunda tekrar tak\u0131m\u0131m\u0131za transfer olmu\u015ftu. \u00a0\u00a0Tak\u0131m\u0131m\u0131zda 2 sezon oynad\u0131ktan sonra ge\u00e7en sezon ba\u015f\u0131nda kul\u00fcb\u00fcm\u00fczden kontrat\u0131n\u0131n 2 y\u0131l uzat\u0131ld\u0131\u011f\u0131 ve 2021-2022, 2022-2023 sezonlar\u0131nda da tak\u0131m\u0131m\u0131zda oldu\u011fu\u2026","rel":"","context":"&quot;Transfer Haberleri&quot; i\u00e7inde","block_context":{"text":"Transfer Haberleri","link":"https:\/\/sarimelekler.biz\/?cat=23"},"img":{"alt_text":"","src":"https:\/\/i0.wp.com\/sarimelekler.biz\/wp-content\/uploads\/2019\/06\/Naz-R%C3%B6portaj-Kapak-2.jpg?resize=350%2C200&ssl=1","width":350,"height":200,"srcset":"https:\/\/i0.wp.com\/sarimelekler.biz\/wp-content\/uploads\/2019\/06\/Naz-R%C3%B6portaj-Kapak-2.jpg?resize=350%2C200&ssl=1 1x, https:\/\/i0.wp.com\/sarimelekler.biz\/wp-content\/uploads\/2019\/06\/Naz-R%C3%B6portaj-Kapak-2.jpg?resize=525%2C300&ssl=1 1.5x, https:\/\/i0.wp.com\/sarimelekler.biz\/wp-content\/uploads\/2019\/06\/Naz-R%C3%B6portaj-Kapak-2.jpg?resize=700%2C400&ssl=1 2x, https:\/\/i0.wp.com\/sarimelekler.biz\/wp-content\/uploads\/2019\/06\/Naz-R%C3%B6portaj-Kapak-2.jpg?resize=1050%2C600&ssl=1 3x, https:\/\/i0.wp.com\/sarimelekler.biz\/wp-content\/uploads\/2019\/06\/Naz-R%C3%B6portaj-Kapak-2.jpg?resize=1400%2C800&ssl=1 4x"},"classes":[]},{"id":9633,"url":"https:\/\/sarimelekler.biz\/?p=9633","url_meta":{"origin":18076,"position":2},"title":"2018-19 Ara Transfer D\u00f6nemi Hakk\u0131nda","author":"Edit\u00f6r","date":"8 Ocak 2019","format":false,"excerpt":"Ocak ay\u0131n\u0131n girmesiyle birlikte a\u00e7\u0131lan 2018 \u2013 2019 Sultanlar Ligi ara transfer d\u00f6neminde, Voleybolu takip eden taraftarlar\u0131m\u0131z taraf\u0131ndan, Fenerbah\u00e7e Opet Kad\u0131n Voleybol tak\u0131m\u0131m\u0131z\u0131n herhangi bir mevkisine transfer yap\u0131l\u0131p yap\u0131lmayaca\u011f\u0131 \u00fcst seviyede tart\u0131\u015f\u0131lmaya ba\u015flad\u0131. Bunun \u00fczerine 06.01.2019 g\u00fcn\u00fc yapt\u0131\u011f\u0131m\u0131z ara\u015ft\u0131rmada, kul\u00fcb\u00fcm\u00fcz\u00fcn ara transfer d\u00f6neminde herhangi bir oyuncu alma niyetinde olmad\u0131\u011f\u0131, hocam\u0131z\u0131n\u2026","rel":"","context":"&quot;\u00d6zel Haberler&quot; i\u00e7inde","block_context":{"text":"\u00d6zel Haberler","link":"https:\/\/sarimelekler.biz\/?cat=21"},"img":{"alt_text":"","src":"https:\/\/i0.wp.com\/sarimelekler.biz\/wp-content\/uploads\/2018\/12\/Opet-3.jpg?resize=350%2C200&ssl=1","width":350,"height":200,"srcset":"https:\/\/i0.wp.com\/sarimelekler.biz\/wp-content\/uploads\/2018\/12\/Opet-3.jpg?resize=350%2C200&ssl=1 1x, https:\/\/i0.wp.com\/sarimelekler.biz\/wp-content\/uploads\/2018\/12\/Opet-3.jpg?resize=525%2C300&ssl=1 1.5x, https:\/\/i0.wp.com\/sarimelekler.biz\/wp-content\/uploads\/2018\/12\/Opet-3.jpg?resize=700%2C400&ssl=1 2x, https:\/\/i0.wp.com\/sarimelekler.biz\/wp-content\/uploads\/2018\/12\/Opet-3.jpg?resize=1050%2C600&ssl=1 3x"},"classes":[]},{"id":13424,"url":"https:\/\/sarimelekler.biz\/?p=13424","url_meta":{"origin":18076,"position":3},"title":"Tak\u0131m\u0131m\u0131zdan \u0130lk Ayr\u0131lan Oyuncu Fatma Y\u0131ld\u0131r\u0131m oldu.","author":"Edit\u00f6r","date":"12 May\u0131s 2020","format":false,"excerpt":"2018 \u2013 2019 sezonu ba\u015f\u0131nda Bursa B\u00fcy\u00fck\u015fehir Belediyespor\u2019dan transfer edilen ve son iki sezondur Fenerbah\u00e7e Opet Kad\u0131n Voleybol tak\u0131m\u0131m\u0131z\u0131n formas\u0131n\u0131 giyen sma\u00e7\u00f6r Fatma Y\u0131ld\u0131r\u0131m ki\u015fisel instagram hesab\u0131ndan tak\u0131m\u0131m\u0131zdan ayr\u0131ld\u0131\u011f\u0131n\u0131 a\u00e7\u0131klad\u0131. Fatma Y\u0131ld\u0131r\u0131m : \u201cK\u00fc\u00e7\u00fckl\u00fc\u011f\u00fcmden beri taraftar\u0131 oldu\u011fum tak\u0131m\u0131n formas\u0131n\u0131 2 sene boyunca ta\u015f\u0131mak onur ve gurur vericiydi. Her \u015fey i\u00e7in\u2026","rel":"","context":"&quot;Transfer Haberleri&quot; i\u00e7inde","block_context":{"text":"Transfer Haberleri","link":"https:\/\/sarimelekler.biz\/?cat=23"},"img":{"alt_text":"","src":"https:\/\/i0.wp.com\/sarimelekler.biz\/wp-content\/uploads\/2020\/05\/Fatma-Y%C4%B1ld%C4%B1r%C4%B1m-Veda-Kapak.jpg?resize=350%2C200&ssl=1","width":350,"height":200,"srcset":"https:\/\/i0.wp.com\/sarimelekler.biz\/wp-content\/uploads\/2020\/05\/Fatma-Y%C4%B1ld%C4%B1r%C4%B1m-Veda-Kapak.jpg?resize=350%2C200&ssl=1 1x, https:\/\/i0.wp.com\/sarimelekler.biz\/wp-content\/uploads\/2020\/05\/Fatma-Y%C4%B1ld%C4%B1r%C4%B1m-Veda-Kapak.jpg?resize=525%2C300&ssl=1 1.5x, https:\/\/i0.wp.com\/sarimelekler.biz\/wp-content\/uploads\/2020\/05\/Fatma-Y%C4%B1ld%C4%B1r%C4%B1m-Veda-Kapak.jpg?resize=700%2C400&ssl=1 2x"},"classes":[]},{"id":11356,"url":"https:\/\/sarimelekler.biz\/?p=11356","url_meta":{"origin":18076,"position":4},"title":"Yeni Sar\u0131 Melek Aylin Sar\u0131o\u011flu","author":"Edit\u00f6r","date":"17 Haziran 2019","format":false,"excerpt":"Kul\u00fcb\u00fcm\u00fcz yeni sezon \u00e7al\u0131\u015fmalar\u0131 kapsam\u0131nda libero mevkiinde oynayan Aylin Sar\u0131o\u011flu ile s\u00f6zle\u015fme imzalad\u0131. 1995 do\u011fumlu Aylin Sar\u0131o\u011flu uzun bir s\u00fcre Bursa B\u00fcy\u00fck\u015fehir Belediyespor\u2019da forma giydikten sonra ge\u00e7ti\u011fimiz sezon ba\u015f\u0131 Nil\u00fcfer Belediyespor tak\u0131m\u0131na transfer olmu\u015ftu. 168 cm uzunlu\u011fundaki oyuncumuz bu sezonla birlikte Milli Formay\u0131 terletmeye ba\u015flad\u0131. Uzun Y\u0131llar Ailemizin bir \u00fcyesi\u2026","rel":"","context":"&quot;Transfer Haberleri&quot; i\u00e7inde","block_context":{"text":"Transfer Haberleri","link":"https:\/\/sarimelekler.biz\/?cat=23"},"img":{"alt_text":"","src":"https:\/\/i0.wp.com\/sarimelekler.biz\/wp-content\/uploads\/2019\/06\/Aylin-19-20.jpg?resize=350%2C200&ssl=1","width":350,"height":200,"srcset":"https:\/\/i0.wp.com\/sarimelekler.biz\/wp-content\/uploads\/2019\/06\/Aylin-19-20.jpg?resize=350%2C200&ssl=1 1x, https:\/\/i0.wp.com\/sarimelekler.biz\/wp-content\/uploads\/2019\/06\/Aylin-19-20.jpg?resize=525%2C300&ssl=1 1.5x"},"classes":[]},{"id":20986,"url":"https:\/\/sarimelekler.biz\/?p=20986","url_meta":{"origin":18076,"position":5},"title":"Tak\u0131m\u0131m\u0131zda \u0130\u00e7 Transfer Tamamland\u0131","author":"Edit\u00f6r","date":"17 Temmuz 2024","format":false,"excerpt":"Tak\u0131m\u0131m\u0131z i\u00e7 transfere kaptan Eda Erdem D\u00fcndar\u2019la 2 y\u0131ll\u0131k kontrat yenilemeyle ba\u015flarken, Melissa Vargas ve Ana Cristina De Souza ile 3\u2019er, Gizem \u00d6rge ve Asl\u0131 Kala\u00e7\u2019la 2\u2019\u015fer, Magdalena Stysiak, Bojana Drca ve Meliha Diken\u2019le de 1\u2019er y\u0131l s\u00f6zle\u015fme uzatt\u0131. Arina Fedorovtseva hakk\u0131nda ise bir a\u00e7\u0131klama yap\u0131lmazken ligin devre aras\u0131na kadar\u2026","rel":"","context":"&quot;Transfer Haberleri&quot; i\u00e7inde","block_context":{"text":"Transfer Haberleri","link":"https:\/\/sarimelekler.biz\/?cat=23"},"img":{"alt_text":"","src":"https:\/\/i0.wp.com\/sarimelekler.biz\/wp-content\/uploads\/2024\/04\/23-24-33-Kupa-Seremonisi-25.jpg?resize=350%2C200&ssl=1","width":350,"height":200,"srcset":"https:\/\/i0.wp.com\/sarimelekler.biz\/wp-content\/uploads\/2024\/04\/23-24-33-Kupa-Seremonisi-25.jpg?resize=350%2C200&ssl=1 1x, https:\/\/i0.wp.com\/sarimelekler.biz\/wp-content\/uploads\/2024\/04\/23-24-33-Kupa-Seremonisi-25.jpg?resize=525%2C300&ssl=1 1.5x, https:\/\/i0.wp.com\/sarimelekler.biz\/wp-content\/uploads\/2024\/04\/23-24-33-Kupa-Seremonisi-25.jpg?resize=700%2C400&ssl=1 2x, https:\/\/i0.wp.com\/sarimelekler.biz\/wp-content\/uploads\/2024\/04\/23-24-33-Kupa-Seremonisi-25.jpg?resize=1050%2C600&ssl=1 3x, https:\/\/i0.wp.com\/sarimelekler.biz\/wp-content\/uploads\/2024\/04\/23-24-33-Kupa-Seremonisi-25.jpg?resize=1400%2C800&ssl=1 4x"},"classes":[]}],"_links":{"self":[{"href":"https:\/\/sarimelekler.biz\/index.php?rest_route=\/wp\/v2\/posts\/18076","targetHints":{"allow":["GET"]}}],"collection":[{"href":"https:\/\/sarimelekler.biz\/index.php?rest_route=\/wp\/v2\/posts"}],"about":[{"href":"https:\/\/sarimelekler.biz\/index.php?rest_route=\/wp\/v2\/types\/post"}],"author":[{"embeddable":true,"href":"https:\/\/sarimelekler.biz\/index.php?rest_route=\/wp\/v2\/users\/1"}],"replies":[{"embeddable":true,"href":"https:\/\/sarimelekler.biz\/index.php?rest_route=%2Fwp%2Fv2%2Fcomments&post=18076"}],"version-history":[{"count":1,"href":"https:\/\/sarimelekler.biz\/index.php?rest_route=\/wp\/v2\/posts\/18076\/revisions"}],"predecessor-version":[{"id":18078,"href":"https:\/\/sarimelekler.biz\/index.php?rest_route=\/wp\/v2\/posts\/18076\/revisions\/18078"}],"wp:featuredmedia":[{"embeddable":true,"href":"https:\/\/sarimelekler.biz\/index.php?rest_route=\/wp\/v2\/media\/18077"}],"wp:attachment":[{"href":"https:\/\/sarimelekler.biz\/index.php?rest_route=%2Fwp%2Fv2%2Fmedia&parent=18076"}],"wp:term":[{"taxonomy":"category","embeddable":true,"href":"https:\/\/sarimelekler.biz\/index.php?rest_route=%2Fwp%2Fv2%2Fcategories&post=18076"},{"taxonomy":"post_tag","embeddable":true,"href":"https:\/\/sarimelekler.biz\/index.php?rest_route=%2Fwp%2Fv2%2Ftags&post=18076"}],"curies":[{"name":"wp","href":"https:\/\/api.w.org\/{rel}","templated":true}]}}