{"id":18083,"date":"2022-06-04T00:13:44","date_gmt":"2022-06-03T21:13:44","guid":{"rendered":"https:\/\/sarimelekler.biz\/?p=18083"},"modified":"2022-06-04T00:13:46","modified_gmt":"2022-06-03T21:13:46","slug":"2-naz-aydemir-akyol-donemi-sona-erdi","status":"publish","type":"post","link":"https:\/\/sarimelekler.biz\/?p=18083","title":{"rendered":"2. Naz Aydemir Akyol D\u00f6nemi Sona Erdi."},"content":{"rendered":"\n<p style=\"text-align: justify;\"><span style=\"font-size: 18px;\">2009-2012 y\u0131llar\u0131 aras\u0131nda 3 sezon tak\u0131m\u0131m\u0131zda yer ald\u0131ktan sonra y\u0131ll\u0131k \u00fccret konusunda anla\u015fmazl\u0131k dolay\u0131 Vak\u0131fbank tak\u0131m\u0131na transfer olan Naz Aydemir Akyol, 7 Sezon sonra 2019-20 sezonunda tekrar tak\u0131m\u0131m\u0131za transfer olmu\u015ftu. \u00a0\u00a0Tak\u0131m\u0131m\u0131zda 2 sezon oynad\u0131ktan sonra ge\u00e7en sezon ba\u015f\u0131nda kul\u00fcb\u00fcm\u00fczden kontrat\u0131n\u0131n 2 y\u0131l uzat\u0131ld\u0131\u011f\u0131 ve 2021-2022, 2022-2023 sezonlar\u0131nda da tak\u0131m\u0131m\u0131zda oldu\u011fu <a href=\"https:\/\/www.fenerbahce.org\/haberler\/voleybol-kadin\/2021\/4\/naz-aydemir-akyol-2-yil-daha-bizimle\" target=\"_blank\" rel=\"noopener\">a\u00e7\u0131klanm\u0131\u015ft\u0131<\/a>.<\/span><\/p>\n<p style=\"text-align: justify;\"><span style=\"font-size: 18px;\">Ancak bu sezon \u00f6zelinde Ba\u015fanten\u00f6r Zoran Terzic\u2019in Naz\u2019la anla\u015famamas\u0131, puan hatta ma\u00e7 kaybetmeyi dahi g\u00f6ze alarak Naz\u2019\u0131 oynatmamas\u0131, sorunun giderek b\u00fcy\u00fcmesi, art\u0131k Naz\u2019\u0131n oynamamas\u0131n\u0131n Voleybol programlar\u0131ndan ta\u015f\u0131p futbol a\u011f\u0131rl\u0131kl\u0131 spor programlar\u0131nda yer almas\u0131, bu sorunun o d\u00f6nemde yetkililerimizce iyi y\u00f6netilememesi, her ne kadar sezonun sonlar\u0131nda bu sorun giderilmi\u015f gibi g\u00f6z\u00fckse de bizce bu ayr\u0131l\u0131\u011f\u0131 haz\u0131rlad\u0131. Kim bilir <a href=\"https:\/\/sarimelekler.biz\/?p=17235\" target=\"_blank\" rel=\"noopener\">18. haftada oynanan<\/a> T\u00fcrk Hava Yollar\u0131 ma\u00e7\u0131n\u0131n 3. set sonunda Terzic\u2019in <a href=\"https:\/\/youtu.be\/7MEblm91CbM?t=5401\" target=\"_blank\" rel=\"noopener\">sahaya top f\u0131rlatarak Naz\u2019a yapt\u0131\u011f\u0131 \u015fiddetli ba\u011f\u0131rma<\/a> barda\u011f\u0131 ta\u015f\u0131ran son damla olmu\u015ftur.<\/span><\/p>\n<p style=\"text-align: justify;\"><span style=\"font-size: 18px;\">Oysa ki biz Naz\u2019dan tak\u0131m\u0131m\u0131za ba\u015far\u0131 kazand\u0131r\u0131rken ayn\u0131 zamanda b\u00fct\u00fcn bilgi ve becerisini gelecek vadeden uzun y\u0131llard\u0131r alt yap\u0131m\u0131zda yeti\u015fen Lila \u015eeng\u00fcn ve Hilal Kocakara\u2019ya aktaraca\u011f\u0131n\u0131, bu gen\u00e7 oyuncular\u0131m\u0131za yol g\u00f6sterici olaca\u011f\u0131n\u0131, tak\u0131m\u0131m\u0131z\u0131n gelece\u011fini olu\u015fturaca\u011f\u0131n\u0131 beklemi\u015ftik. Ama ne Naz\u2019a b\u00f6yle bir ortam sunuldu ne de bu gen\u00e7 oyuncular tak\u0131mda tutuldu.<\/span><\/p>\n<p style=\"text-align: justify;\"><span style=\"font-size: 18px;\">Naz tak\u0131m\u0131m\u0131za transfer oldu\u011fu ikinci d\u00f6neminde verdi\u011fi r\u00f6portajda; \u00a0\u00a0\u00a0\u201cKeyifli bir \u015fekilde ayr\u0131lmad\u0131k. Yanl\u0131\u015f anla\u015f\u0131lmalarla ayr\u0131ld\u0131k. Benim kendimi ifade etme bi\u00e7imim zaman zaman do\u011fru olmad\u0131. Ama onlar\u0131n \u00f6n\u00fcnde voleybol oynamay\u0131 \u00e7ok \u00f6zledim.\u201d \u00a0\u00a0\u015feklinde a\u00e7\u0131klama yaparken;<\/span><\/p>\n<p style=\"text-align: justify;\"><span style=\"font-size: 18px;\">\u201c\u0130lk g\u00fcnden beri sizin deste\u011finizi her zaman yan\u0131mda, kalbimde hissettim. Aram\u0131zdaki bu ba\u011f ve sevginin hi\u00e7bir zaman kopmayaca\u011f\u0131n\u0131 biliyorum. Size kupayla veda edemedi\u011fim i\u00e7in \u00e7ok \u00fczg\u00fcn\u00fcm. Ama bir \u00f6m\u00fcr boyu sevgiyle hat\u0131rlayaca\u011f\u0131m say\u0131s\u0131z an ve an\u0131 ya\u015fad\u0131k. Her \u015fey i\u00e7in \u00e7ok te\u015fekk\u00fcr ederim. Yeniden bulu\u015funcaya kadar sevgiyle kal\u0131n.\u201d diyerek Veda etti.<\/span><\/p>\n<p style=\"text-align: justify;\"><span style=\"font-size: 18px;\">Naz Aydemir Akyol\u2019a tak\u0131m\u0131m\u0131za verdi\u011fi emekler i\u00e7in te\u015fekk\u00fcr eder, kendisine sayg\u0131s\u0131zl\u0131k yap\u0131lmad\u0131\u011f\u0131 sakatl\u0131ks\u0131z uzun bir spor hayat\u0131 dileriz.<\/span><\/p>\n<p>\u00a0<\/p>\n\n\t\t<style type=\"text\/css\">\n\t\t\t#gallery-1 {\n\t\t\t\tmargin: auto;\n\t\t\t}\n\t\t\t#gallery-1 .gallery-item {\n\t\t\t\tfloat: left;\n\t\t\t\tmargin-top: 10px;\n\t\t\t\ttext-align: center;\n\t\t\t\twidth: 20%;\n\t\t\t}\n\t\t\t#gallery-1 img {\n\t\t\t\tborder: 2px solid #cfcfcf;\n\t\t\t}\n\t\t\t#gallery-1 .gallery-caption {\n\t\t\t\tmargin-left: 0;\n\t\t\t}\n\t\t\t\/* see gallery_shortcode() in wp-includes\/media.php *\/\n\t\t<\/style>\n\t\t<div data-carousel-extra='{&quot;blog_id&quot;:1,&quot;permalink&quot;:&quot;https:\/\/sarimelekler.biz\/?p=18083&quot;}' id='gallery-1' class='gallery galleryid-18083 gallery-columns-5 gallery-size-thumbnail'><dl class='gallery-item'>\n\t\t\t<dt class='gallery-icon landscape'>\n\t\t\t\t<a href='https:\/\/sarimelekler.biz\/?attachment_id=11366'><img loading=\"lazy\" decoding=\"async\" width=\"150\" height=\"150\" src=\"https:\/\/sarimelekler.biz\/wp-content\/uploads\/2019\/06\/Naz-R\u00f6portaj-150x150.jpg\" class=\"attachment-thumbnail size-thumbnail\" alt=\"\" data-attachment-id=\"11366\" data-permalink=\"https:\/\/sarimelekler.biz\/?attachment_id=11366\" data-orig-file=\"https:\/\/sarimelekler.biz\/wp-content\/uploads\/2019\/06\/Naz-R\u00f6portaj.jpg\" data-orig-size=\"4440,3352\" data-comments-opened=\"0\" data-image-meta=\"{&quot;aperture&quot;:&quot;6.3&quot;,&quot;credit&quot;:&quot;&quot;,&quot;camera&quot;:&quot;Canon EOS-1D X&quot;,&quot;caption&quot;:&quot;&quot;,&quot;created_timestamp&quot;:&quot;1556362170&quot;,&quot;copyright&quot;:&quot;&quot;,&quot;focal_length&quot;:&quot;70&quot;,&quot;iso&quot;:&quot;250&quot;,&quot;shutter_speed&quot;:&quot;0.004&quot;,&quot;title&quot;:&quot;&quot;,&quot;orientation&quot;:&quot;1&quot;}\" data-image-title=\"Naz R\u00f6portaj\" data-image-description=\"\" data-image-caption=\"\" data-large-file=\"https:\/\/sarimelekler.biz\/wp-content\/uploads\/2019\/06\/Naz-R\u00f6portaj-1024x773.jpg\" \/><\/a>\n\t\t\t<\/dt><\/dl><dl class='gallery-item'>\n\t\t\t<dt class='gallery-icon landscape'>\n\t\t\t\t<a href='https:\/\/sarimelekler.biz\/?attachment_id=11338'><img loading=\"lazy\" decoding=\"async\" width=\"150\" height=\"150\" src=\"https:\/\/sarimelekler.biz\/wp-content\/uploads\/2019\/06\/Naz-19-20-150x150.jpg\" class=\"attachment-thumbnail size-thumbnail\" alt=\"\" data-attachment-id=\"11338\" data-permalink=\"https:\/\/sarimelekler.biz\/?attachment_id=11338\" data-orig-file=\"https:\/\/sarimelekler.biz\/wp-content\/uploads\/2019\/06\/Naz-19-20.jpg\" data-orig-size=\"3968,3280\" data-comments-opened=\"0\" data-image-meta=\"{&quot;aperture&quot;:&quot;3.2&quot;,&quot;credit&quot;:&quot;&quot;,&quot;camera&quot;:&quot;Canon EOS-1D X&quot;,&quot;caption&quot;:&quot;&quot;,&quot;created_timestamp&quot;:&quot;1556361774&quot;,&quot;copyright&quot;:&quot;&quot;,&quot;focal_length&quot;:&quot;93&quot;,&quot;iso&quot;:&quot;640&quot;,&quot;shutter_speed&quot;:&quot;0.004&quot;,&quot;title&quot;:&quot;&quot;,&quot;orientation&quot;:&quot;1&quot;}\" data-image-title=\"Naz 19-20\" data-image-description=\"\" data-image-caption=\"\" data-large-file=\"https:\/\/sarimelekler.biz\/wp-content\/uploads\/2019\/06\/Naz-19-20-1024x846.jpg\" \/><\/a>\n\t\t\t<\/dt><\/dl><dl class='gallery-item'>\n\t\t\t<dt class='gallery-icon portrait'>\n\t\t\t\t<a href='https:\/\/sarimelekler.biz\/?attachment_id=15484'><img loading=\"lazy\" decoding=\"async\" width=\"150\" height=\"150\" src=\"https:\/\/sarimelekler.biz\/wp-content\/uploads\/2021\/03\/Naz-100-3-150x150.jpg\" class=\"attachment-thumbnail size-thumbnail\" alt=\"\" data-attachment-id=\"15484\" data-permalink=\"https:\/\/sarimelekler.biz\/?attachment_id=15484\" data-orig-file=\"https:\/\/sarimelekler.biz\/wp-content\/uploads\/2021\/03\/Naz-100-3-scaled.jpg\" data-orig-size=\"2086,2560\" data-comments-opened=\"0\" data-image-meta=\"{&quot;aperture&quot;:&quot;4.5&quot;,&quot;credit&quot;:&quot;&quot;,&quot;camera&quot;:&quot;Canon EOS-1D X Mark II&quot;,&quot;caption&quot;:&quot;&quot;,&quot;created_timestamp&quot;:&quot;1615917352&quot;,&quot;copyright&quot;:&quot;fenerbahce dergisi\/org&quot;,&quot;focal_length&quot;:&quot;38&quot;,&quot;iso&quot;:&quot;640&quot;,&quot;shutter_speed&quot;:&quot;0.005&quot;,&quot;title&quot;:&quot;&quot;,&quot;orientation&quot;:&quot;1&quot;}\" data-image-title=\"Naz 100 (3)\" data-image-description=\"\" data-image-caption=\"\" data-large-file=\"https:\/\/sarimelekler.biz\/wp-content\/uploads\/2021\/03\/Naz-100-3-834x1024.jpg\" \/><\/a>\n\t\t\t<\/dt><\/dl><dl class='gallery-item'>\n\t\t\t<dt class='gallery-icon portrait'>\n\t\t\t\t<a href='https:\/\/sarimelekler.biz\/?attachment_id=18009'><img loading=\"lazy\" decoding=\"async\" width=\"150\" height=\"150\" src=\"https:\/\/sarimelekler.biz\/wp-content\/uploads\/2022\/05\/33-21-22-5-150x150.jpeg\" class=\"attachment-thumbnail size-thumbnail\" alt=\"\" data-attachment-id=\"18009\" data-permalink=\"https:\/\/sarimelekler.biz\/?attachment_id=18009\" data-orig-file=\"https:\/\/sarimelekler.biz\/wp-content\/uploads\/2022\/05\/33-21-22-5.jpeg\" data-orig-size=\"1440,1800\" data-comments-opened=\"0\" data-image-meta=\"{&quot;aperture&quot;:&quot;0&quot;,&quot;credit&quot;:&quot;&quot;,&quot;camera&quot;:&quot;&quot;,&quot;caption&quot;:&quot;&quot;,&quot;created_timestamp&quot;:&quot;0&quot;,&quot;copyright&quot;:&quot;&quot;,&quot;focal_length&quot;:&quot;0&quot;,&quot;iso&quot;:&quot;0&quot;,&quot;shutter_speed&quot;:&quot;0&quot;,&quot;title&quot;:&quot;&quot;,&quot;orientation&quot;:&quot;0&quot;}\" data-image-title=\"33 &amp;#8211; 21-22 (5)\" data-image-description=\"\" data-image-caption=\"\" data-large-file=\"https:\/\/sarimelekler.biz\/wp-content\/uploads\/2022\/05\/33-21-22-5-819x1024.jpeg\" \/><\/a>\n\t\t\t<\/dt><\/dl><dl class='gallery-item'>\n\t\t\t<dt class='gallery-icon portrait'>\n\t\t\t\t<a href='https:\/\/sarimelekler.biz\/?attachment_id=17878'><img loading=\"lazy\" decoding=\"async\" width=\"150\" height=\"150\" src=\"https:\/\/sarimelekler.biz\/wp-content\/uploads\/2022\/04\/29-21-22-26-150x150.jpg\" class=\"attachment-thumbnail size-thumbnail\" alt=\"\" data-attachment-id=\"17878\" data-permalink=\"https:\/\/sarimelekler.biz\/?attachment_id=17878\" data-orig-file=\"https:\/\/sarimelekler.biz\/wp-content\/uploads\/2022\/04\/29-21-22-26-scaled.jpg\" data-orig-size=\"1424,2560\" data-comments-opened=\"0\" data-image-meta=\"{&quot;aperture&quot;:&quot;2.8&quot;,&quot;credit&quot;:&quot;&quot;,&quot;camera&quot;:&quot;Canon EOS-1D X Mark II&quot;,&quot;caption&quot;:&quot;&quot;,&quot;created_timestamp&quot;:&quot;1651342299&quot;,&quot;copyright&quot;:&quot;fenerbahce dergisi\/org&quot;,&quot;focal_length&quot;:&quot;300&quot;,&quot;iso&quot;:&quot;2500&quot;,&quot;shutter_speed&quot;:&quot;0.0008&quot;,&quot;title&quot;:&quot;&quot;,&quot;orientation&quot;:&quot;1&quot;}\" data-image-title=\"29 &amp;#8211; 21-22 (26)\" data-image-description=\"\" data-image-caption=\"\" data-large-file=\"https:\/\/sarimelekler.biz\/wp-content\/uploads\/2022\/04\/29-21-22-26-569x1024.jpg\" \/><\/a>\n\t\t\t<\/dt><\/dl><br style=\"clear: both\" \/><dl class='gallery-item'>\n\t\t\t<dt class='gallery-icon landscape'>\n\t\t\t\t<a href='https:\/\/sarimelekler.biz\/?attachment_id=17814'><img loading=\"lazy\" decoding=\"async\" width=\"150\" height=\"150\" src=\"https:\/\/sarimelekler.biz\/wp-content\/uploads\/2022\/04\/28-21-22-14-150x150.jpg\" class=\"attachment-thumbnail size-thumbnail\" alt=\"\" data-attachment-id=\"17814\" data-permalink=\"https:\/\/sarimelekler.biz\/?attachment_id=17814\" data-orig-file=\"https:\/\/sarimelekler.biz\/wp-content\/uploads\/2022\/04\/28-21-22-14.jpg\" data-orig-size=\"2500,1415\" data-comments-opened=\"0\" data-image-meta=\"{&quot;aperture&quot;:&quot;2.8&quot;,&quot;credit&quot;:&quot;&quot;,&quot;camera&quot;:&quot;Canon EOS-1D X Mark II&quot;,&quot;caption&quot;:&quot;&quot;,&quot;created_timestamp&quot;:&quot;1650917170&quot;,&quot;copyright&quot;:&quot;fenerbahce dergisi\/org&quot;,&quot;focal_length&quot;:&quot;185&quot;,&quot;iso&quot;:&quot;3200&quot;,&quot;shutter_speed&quot;:&quot;0.001&quot;,&quot;title&quot;:&quot;&quot;,&quot;orientation&quot;:&quot;1&quot;}\" data-image-title=\"28 &amp;#8211; 21-22 (14)\" data-image-description=\"\" data-image-caption=\"\" data-large-file=\"https:\/\/sarimelekler.biz\/wp-content\/uploads\/2022\/04\/28-21-22-14-1024x580.jpg\" \/><\/a>\n\t\t\t<\/dt><\/dl><dl class='gallery-item'>\n\t\t\t<dt class='gallery-icon landscape'>\n\t\t\t\t<a href='https:\/\/sarimelekler.biz\/?attachment_id=17673'><img loading=\"lazy\" decoding=\"async\" width=\"150\" height=\"150\" src=\"https:\/\/sarimelekler.biz\/wp-content\/uploads\/2022\/04\/10-21-22-CL-1-150x150.jpeg\" class=\"attachment-thumbnail size-thumbnail\" alt=\"\" data-attachment-id=\"17673\" data-permalink=\"https:\/\/sarimelekler.biz\/?attachment_id=17673\" data-orig-file=\"https:\/\/sarimelekler.biz\/wp-content\/uploads\/2022\/04\/10-21-22-CL-1.jpeg\" data-orig-size=\"1440,966\" data-comments-opened=\"0\" data-image-meta=\"{&quot;aperture&quot;:&quot;0&quot;,&quot;credit&quot;:&quot;&quot;,&quot;camera&quot;:&quot;&quot;,&quot;caption&quot;:&quot;&quot;,&quot;created_timestamp&quot;:&quot;0&quot;,&quot;copyright&quot;:&quot;&quot;,&quot;focal_length&quot;:&quot;0&quot;,&quot;iso&quot;:&quot;0&quot;,&quot;shutter_speed&quot;:&quot;0&quot;,&quot;title&quot;:&quot;&quot;,&quot;orientation&quot;:&quot;0&quot;}\" data-image-title=\"10 &amp;#8211; 21-22 CL (1)\" data-image-description=\"\" data-image-caption=\"\" data-large-file=\"https:\/\/sarimelekler.biz\/wp-content\/uploads\/2022\/04\/10-21-22-CL-1-1024x687.jpeg\" \/><\/a>\n\t\t\t<\/dt><\/dl><dl class='gallery-item'>\n\t\t\t<dt class='gallery-icon landscape'>\n\t\t\t\t<a href='https:\/\/sarimelekler.biz\/?attachment_id=17466'><img loading=\"lazy\" decoding=\"async\" width=\"150\" height=\"150\" src=\"https:\/\/sarimelekler.biz\/wp-content\/uploads\/2022\/03\/22-21-22-15-150x150.jpg\" class=\"attachment-thumbnail size-thumbnail\" alt=\"\" data-attachment-id=\"17466\" data-permalink=\"https:\/\/sarimelekler.biz\/?attachment_id=17466\" data-orig-file=\"https:\/\/sarimelekler.biz\/wp-content\/uploads\/2022\/03\/22-21-22-15.jpg\" data-orig-size=\"2300,1862\" data-comments-opened=\"0\" data-image-meta=\"{&quot;aperture&quot;:&quot;3.2&quot;,&quot;credit&quot;:&quot;TOLGA OVALI&quot;,&quot;camera&quot;:&quot;Canon EOS-1D X Mark II&quot;,&quot;caption&quot;:&quot;&quot;,&quot;created_timestamp&quot;:&quot;1646496864&quot;,&quot;copyright&quot;:&quot;fenerbahcedergisi\/org&quot;,&quot;focal_length&quot;:&quot;300&quot;,&quot;iso&quot;:&quot;2500&quot;,&quot;shutter_speed&quot;:&quot;0.001&quot;,&quot;title&quot;:&quot;&quot;,&quot;orientation&quot;:&quot;1&quot;}\" data-image-title=\"22 &amp;#8211; 21-22 (15)\" data-image-description=\"\" data-image-caption=\"\" data-large-file=\"https:\/\/sarimelekler.biz\/wp-content\/uploads\/2022\/03\/22-21-22-15-1024x829.jpg\" \/><\/a>\n\t\t\t<\/dt><\/dl><dl class='gallery-item'>\n\t\t\t<dt class='gallery-icon landscape'>\n\t\t\t\t<a href='https:\/\/sarimelekler.biz\/?attachment_id=15145'><img loading=\"lazy\" decoding=\"async\" width=\"150\" height=\"150\" src=\"https:\/\/sarimelekler.biz\/wp-content\/uploads\/2021\/01\/5-20-21-CL-2-150x150.jpg\" class=\"attachment-thumbnail size-thumbnail\" alt=\"\" data-attachment-id=\"15145\" data-permalink=\"https:\/\/sarimelekler.biz\/?attachment_id=15145\" data-orig-file=\"https:\/\/sarimelekler.biz\/wp-content\/uploads\/2021\/01\/5-20-21-CL-2-scaled.jpg\" data-orig-size=\"2560,1707\" data-comments-opened=\"0\" data-image-meta=\"{&quot;aperture&quot;:&quot;4&quot;,&quot;credit&quot;:&quot;&quot;,&quot;camera&quot;:&quot;Canon EOS 7D Mark II&quot;,&quot;caption&quot;:&quot;&quot;,&quot;created_timestamp&quot;:&quot;1611680781&quot;,&quot;copyright&quot;:&quot;&quot;,&quot;focal_length&quot;:&quot;138&quot;,&quot;iso&quot;:&quot;2000&quot;,&quot;shutter_speed&quot;:&quot;0.001&quot;,&quot;title&quot;:&quot;&quot;,&quot;orientation&quot;:&quot;0&quot;}\" data-image-title=\"5 &amp;#8211; 20-21 CL (2)\" data-image-description=\"\" data-image-caption=\"\" data-large-file=\"https:\/\/sarimelekler.biz\/wp-content\/uploads\/2021\/01\/5-20-21-CL-2-1024x683.jpg\" \/><\/a>\n\t\t\t<\/dt><\/dl><dl class='gallery-item'>\n\t\t\t<dt class='gallery-icon landscape'>\n\t\t\t\t<a href='https:\/\/sarimelekler.biz\/?attachment_id=17057'><img loading=\"lazy\" decoding=\"async\" width=\"150\" height=\"150\" src=\"https:\/\/sarimelekler.biz\/wp-content\/uploads\/2021\/12\/Naz-MT-Veda-K-150x150.jpg\" class=\"attachment-thumbnail size-thumbnail\" alt=\"\" data-attachment-id=\"17057\" data-permalink=\"https:\/\/sarimelekler.biz\/?attachment_id=17057\" data-orig-file=\"https:\/\/sarimelekler.biz\/wp-content\/uploads\/2021\/12\/Naz-MT-Veda-K.jpg\" data-orig-size=\"720,400\" data-comments-opened=\"0\" data-image-meta=\"{&quot;aperture&quot;:&quot;0&quot;,&quot;credit&quot;:&quot;&quot;,&quot;camera&quot;:&quot;&quot;,&quot;caption&quot;:&quot;&quot;,&quot;created_timestamp&quot;:&quot;0&quot;,&quot;copyright&quot;:&quot;&quot;,&quot;focal_length&quot;:&quot;0&quot;,&quot;iso&quot;:&quot;0&quot;,&quot;shutter_speed&quot;:&quot;0&quot;,&quot;title&quot;:&quot;&quot;,&quot;orientation&quot;:&quot;0&quot;}\" data-image-title=\"Naz MT Veda (K)\" data-image-description=\"\" data-image-caption=\"\" data-large-file=\"https:\/\/sarimelekler.biz\/wp-content\/uploads\/2021\/12\/Naz-MT-Veda-K.jpg\" \/><\/a>\n\t\t\t<\/dt><\/dl><br style=\"clear: both\" \/>\n\t\t<\/div>\n\n<p>\u00a0<\/p>\n<p>\u00a0<\/p>\n<p><a href=\"https:\/\/www.instagram.com\/p\/CeTjaPfqFHX\/\" target=\"_blank\" rel=\"noopener\">Naz&#8217;\u0131n Veda Payla\u015f\u0131m\u0131<\/a><\/p>\n\n\t\t<style type=\"text\/css\">\n\t\t\t#gallery-2 {\n\t\t\t\tmargin: auto;\n\t\t\t}\n\t\t\t#gallery-2 .gallery-item {\n\t\t\t\tfloat: left;\n\t\t\t\tmargin-top: 10px;\n\t\t\t\ttext-align: center;\n\t\t\t\twidth: 100%;\n\t\t\t}\n\t\t\t#gallery-2 img {\n\t\t\t\tborder: 2px solid #cfcfcf;\n\t\t\t}\n\t\t\t#gallery-2 .gallery-caption {\n\t\t\t\tmargin-left: 0;\n\t\t\t}\n\t\t\t\/* see gallery_shortcode() in wp-includes\/media.php *\/\n\t\t<\/style>\n\t\t<div data-carousel-extra='{&quot;blog_id&quot;:1,&quot;permalink&quot;:&quot;https:\/\/sarimelekler.biz\/?p=18083&quot;}' id='gallery-2' class='gallery galleryid-18083 gallery-columns-1 gallery-size-full'><dl class='gallery-item'>\n\t\t\t<dt class='gallery-icon landscape'>\n\t\t\t\t<a href='https:\/\/sarimelekler.biz\/?attachment_id=18084'><img loading=\"lazy\" decoding=\"async\" width=\"1242\" height=\"875\" src=\"https:\/\/sarimelekler.biz\/wp-content\/uploads\/2022\/06\/Naz-Veda-21-22.jpg\" class=\"attachment-full size-full\" alt=\"\" srcset=\"https:\/\/sarimelekler.biz\/wp-content\/uploads\/2022\/06\/Naz-Veda-21-22.jpg 1242w, https:\/\/sarimelekler.biz\/wp-content\/uploads\/2022\/06\/Naz-Veda-21-22-300x211.jpg 300w, https:\/\/sarimelekler.biz\/wp-content\/uploads\/2022\/06\/Naz-Veda-21-22-1024x721.jpg 1024w, https:\/\/sarimelekler.biz\/wp-content\/uploads\/2022\/06\/Naz-Veda-21-22-768x541.jpg 768w, https:\/\/sarimelekler.biz\/wp-content\/uploads\/2022\/06\/Naz-Veda-21-22-150x106.jpg 150w\" sizes=\"auto, (max-width: 1242px) 100vw, 1242px\" data-attachment-id=\"18084\" data-permalink=\"https:\/\/sarimelekler.biz\/?attachment_id=18084\" data-orig-file=\"https:\/\/sarimelekler.biz\/wp-content\/uploads\/2022\/06\/Naz-Veda-21-22.jpg\" data-orig-size=\"1242,875\" data-comments-opened=\"0\" data-image-meta=\"{&quot;aperture&quot;:&quot;0&quot;,&quot;credit&quot;:&quot;&quot;,&quot;camera&quot;:&quot;&quot;,&quot;caption&quot;:&quot;&quot;,&quot;created_timestamp&quot;:&quot;0&quot;,&quot;copyright&quot;:&quot;&quot;,&quot;focal_length&quot;:&quot;0&quot;,&quot;iso&quot;:&quot;0&quot;,&quot;shutter_speed&quot;:&quot;0&quot;,&quot;title&quot;:&quot;&quot;,&quot;orientation&quot;:&quot;0&quot;}\" data-image-title=\"Naz Veda 21-22\" data-image-description=\"\" data-image-caption=\"\" data-large-file=\"https:\/\/sarimelekler.biz\/wp-content\/uploads\/2022\/06\/Naz-Veda-21-22-1024x721.jpg\" \/><\/a>\n\t\t\t<\/dt><\/dl><br style=\"clear: both\" \/>\n\t\t<\/div>\n\n<p><a href=\"https:\/\/www.fenerbahce.org\/haberler\/voleybol-kadin\/2022\/5\/naz-aydemir-akyol-a-tesekkurlerimizle\" target=\"_blank\" rel=\"noopener\">Kul\u00fcb\u00fcm\u00fczden Yap\u0131lan A\u00e7\u0131klama<\/a><\/p>\n<p style=\"text-align: right;\">03.06.2022<\/p>\n","protected":false},"excerpt":{"rendered":"<p>2009-2012 y\u0131llar\u0131 aras\u0131nda 3 sezon tak\u0131m\u0131m\u0131zda yer ald\u0131ktan sonra y\u0131ll\u0131k \u2026 <a class=\"continue-reading-link\" href=\"https:\/\/sarimelekler.biz\/?p=18083\">Okumaya Devam Et.. <span class=\"meta-nav\">&rarr; <\/span><\/a><\/p>\n","protected":false},"author":1,"featured_media":11369,"comment_status":"closed","ping_status":"open","sticky":false,"template":"","format":"standard","meta":{"jetpack_post_was_ever_published":false,"_jetpack_newsletter_access":"","_jetpack_dont_email_post_to_subs":false,"_jetpack_newsletter_tier_id":0,"_jetpack_memberships_contains_paywalled_content":false,"_jetpack_memberships_contains_paid_content":false,"footnotes":"","jetpack_publicize_message":"","jetpack_publicize_feature_enabled":true,"jetpack_social_post_already_shared":true,"jetpack_social_options":{"image_generator_settings":{"template":"highway","default_image_id":0,"font":"","enabled":false},"version":2}},"categories":[23],"tags":[],"class_list":["post-18083","post","type-post","status-publish","format-standard","has-post-thumbnail","hentry","category-transfer-haberleri"],"jetpack_publicize_connections":[],"jetpack_featured_media_url":"https:\/\/sarimelekler.biz\/wp-content\/uploads\/2019\/06\/Naz-R\u00f6portaj-Kapak-2.jpg","jetpack_sharing_enabled":true,"jetpack_shortlink":"https:\/\/wp.me\/p8npUZ-4HF","jetpack-related-posts":[{"id":11337,"url":"https:\/\/sarimelekler.biz\/?p=11337","url_meta":{"origin":18083,"position":0},"title":"Naz Aydemir Akyol Uzun Bir S\u00fcre Tekrar Sar\u0131 Melek oldu.","author":"Edit\u00f6r","date":"17 Haziran 2019","format":false,"excerpt":"Kul\u00fcb\u00fcm\u00fcz yeni sezon \u00e7al\u0131\u015fmalar\u0131 kapsam\u0131nda 7 senedir Vak\u0131fbank\u2019ta forma giyen Pas\u00f6r Naz Aydemir Akyol ile s\u00f6zle\u015fme imzalad\u0131. 1990 do\u011fumlu, 186 cm uzunlu\u011fundaki oyuncumuz Naz Aydemir Akyol 2009-2012 y\u0131llar\u0131 aras\u0131nda 3 sezon tak\u0131m\u0131m\u0131zda yer ald\u0131ktan sonra y\u0131ll\u0131k \u00fccret konusunda anla\u015fmazl\u0131k dolay\u0131 Vak\u0131fbank tak\u0131m\u0131na transfer olmu\u015ftu. Naz ge\u00e7ti\u011fimiz sezonda anne oldu\u011fu i\u00e7in\u2026","rel":"","context":"&quot;Transfer Haberleri&quot; i\u00e7inde","block_context":{"text":"Transfer Haberleri","link":"https:\/\/sarimelekler.biz\/?cat=23"},"img":{"alt_text":"","src":"https:\/\/i0.wp.com\/sarimelekler.biz\/wp-content\/uploads\/2019\/06\/Naz-19-20-Kapak.jpg?resize=350%2C200&ssl=1","width":350,"height":200,"srcset":"https:\/\/i0.wp.com\/sarimelekler.biz\/wp-content\/uploads\/2019\/06\/Naz-19-20-Kapak.jpg?resize=350%2C200&ssl=1 1x, https:\/\/i0.wp.com\/sarimelekler.biz\/wp-content\/uploads\/2019\/06\/Naz-19-20-Kapak.jpg?resize=525%2C300&ssl=1 1.5x, https:\/\/i0.wp.com\/sarimelekler.biz\/wp-content\/uploads\/2019\/06\/Naz-19-20-Kapak.jpg?resize=700%2C400&ssl=1 2x, https:\/\/i0.wp.com\/sarimelekler.biz\/wp-content\/uploads\/2019\/06\/Naz-19-20-Kapak.jpg?resize=1050%2C600&ssl=1 3x, https:\/\/i0.wp.com\/sarimelekler.biz\/wp-content\/uploads\/2019\/06\/Naz-19-20-Kapak.jpg?resize=1400%2C800&ssl=1 4x"},"classes":[]},{"id":16048,"url":"https:\/\/sarimelekler.biz\/?p=16048","url_meta":{"origin":18083,"position":1},"title":"Eda Erdem D\u00fcndar, Naz Aydemir Akyol ve Meliha \u0130smailo\u011flu Sa\u011fl\u0131k Kontrol\u00fcnden Ge\u00e7ti","author":"Edit\u00f6r","date":"15 Eyl\u00fcl 2021","format":false,"excerpt":"Fenerbah\u00e7e Opet Kad\u0131n Voleybol Tak\u0131m\u0131m\u0131zda yeni sezon \u00f6ncesi rutin sa\u011fl\u0131k kontrolleri devam ediyor. Milli oyuncular\u0131m\u0131zdan kaptan Eda Erdem D\u00fcndar, Naz Aydemir Akyol ve Meliha \u0130smailo\u011flu bug\u00fcn Ac\u0131badem Dr. \u015einasi Can (Kad\u0131k\u00f6y) Hastanesi\u2019nde sa\u011fl\u0131k kontrol\u00fcnden ge\u00e7ti. Detayl\u0131 kan tetkikleri yap\u0131lan voleybolcular\u0131m\u0131z; ortopedi, i\u00e7 hastal\u0131klar\u0131, g\u00f6z, kulak burun bo\u011faz, genel cerrahi ve\u2026","rel":"","context":"&quot;T\u00fcrkiye Ligi&quot; i\u00e7inde","block_context":{"text":"T\u00fcrkiye Ligi","link":"https:\/\/sarimelekler.biz\/?cat=6"},"img":{"alt_text":"","src":"https:\/\/i0.wp.com\/sarimelekler.biz\/wp-content\/uploads\/2021\/09\/21-22-Sezon-Oncesi-39.jpg?resize=350%2C200&ssl=1","width":350,"height":200,"srcset":"https:\/\/i0.wp.com\/sarimelekler.biz\/wp-content\/uploads\/2021\/09\/21-22-Sezon-Oncesi-39.jpg?resize=350%2C200&ssl=1 1x, https:\/\/i0.wp.com\/sarimelekler.biz\/wp-content\/uploads\/2021\/09\/21-22-Sezon-Oncesi-39.jpg?resize=525%2C300&ssl=1 1.5x, https:\/\/i0.wp.com\/sarimelekler.biz\/wp-content\/uploads\/2021\/09\/21-22-Sezon-Oncesi-39.jpg?resize=700%2C400&ssl=1 2x, https:\/\/i0.wp.com\/sarimelekler.biz\/wp-content\/uploads\/2021\/09\/21-22-Sezon-Oncesi-39.jpg?resize=1050%2C600&ssl=1 3x, https:\/\/i0.wp.com\/sarimelekler.biz\/wp-content\/uploads\/2021\/09\/21-22-Sezon-Oncesi-39.jpg?resize=1400%2C800&ssl=1 4x"},"classes":[]},{"id":15724,"url":"https:\/\/sarimelekler.biz\/?p=15724","url_meta":{"origin":18083,"position":2},"title":"Naz Aydemir Akyol\u2019un S\u00f6zle\u015fmesi 2 Y\u0131l Uzat\u0131ld\u0131","author":"Edit\u00f6r","date":"19 Nisan 2021","format":false,"excerpt":"Kul\u00fcb\u00fcm\u00fcz, Fenerbah\u00e7e Opet Kad\u0131n Voleybol tak\u0131m\u0131m\u0131z\u0131n pas\u00f6r oyuncusu Naz Aydemir Akyol ile 2 y\u0131ll\u0131k s\u00f6zle\u015fme uzatt\u0131\u011f\u0131n\u0131 resmi sitesinden yapt\u0131\u011f\u0131 a\u00e7\u0131klamayla duyurdu. Oyuncumuza ba\u015far\u0131lar dileriz. Kul\u00fcb\u00fcm\u00fczden Yap\u0131lan A\u00e7\u0131klama: Formam\u0131zla \u00e7ok say\u0131da ba\u015far\u0131ya imza atan milli pas\u00f6r\u00fcm\u00fcz Naz Aydemir Akyol, 2 y\u0131l daha bizimle!'Son 10 Y\u0131l\u0131n En \u0130yi 100 Oyuncusu' listesinde yer\u2026","rel":"","context":"&quot;Transfer Haberleri&quot; i\u00e7inde","block_context":{"text":"Transfer Haberleri","link":"https:\/\/sarimelekler.biz\/?cat=23"},"img":{"alt_text":"","src":"https:\/\/i0.wp.com\/sarimelekler.biz\/wp-content\/uploads\/2019\/06\/Naz-19-20-Kapak.jpg?resize=350%2C200&ssl=1","width":350,"height":200,"srcset":"https:\/\/i0.wp.com\/sarimelekler.biz\/wp-content\/uploads\/2019\/06\/Naz-19-20-Kapak.jpg?resize=350%2C200&ssl=1 1x, https:\/\/i0.wp.com\/sarimelekler.biz\/wp-content\/uploads\/2019\/06\/Naz-19-20-Kapak.jpg?resize=525%2C300&ssl=1 1.5x, https:\/\/i0.wp.com\/sarimelekler.biz\/wp-content\/uploads\/2019\/06\/Naz-19-20-Kapak.jpg?resize=700%2C400&ssl=1 2x, https:\/\/i0.wp.com\/sarimelekler.biz\/wp-content\/uploads\/2019\/06\/Naz-19-20-Kapak.jpg?resize=1050%2C600&ssl=1 3x, https:\/\/i0.wp.com\/sarimelekler.biz\/wp-content\/uploads\/2019\/06\/Naz-19-20-Kapak.jpg?resize=1400%2C800&ssl=1 4x"},"classes":[]},{"id":11846,"url":"https:\/\/sarimelekler.biz\/?p=11846","url_meta":{"origin":18083,"position":3},"title":"Kafkas M\u00fccevherat ile Fenerbah\u00e7e Opet aras\u0131ndaki  Forma Sponsorlu\u011fu T\u00f6reni Yap\u0131ld\u0131","author":"Edit\u00f6r","date":"18 Eyl\u00fcl 2019","format":false,"excerpt":"Fenerbah\u00e7e Opet Kad\u0131n Voleybol Tak\u0131m\u0131m\u0131z ile m\u00fccevher sekt\u00f6r\u00fcnde bir moda yarat\u0131mc\u0131s\u0131 olmay\u0131 ilke edinen, sekt\u00f6r\u00fcn \u00f6nemli markalar\u0131ndan Kafkas M\u00fccevherat aras\u0131ndaki sponsorluk anla\u015fmas\u0131 imza t\u00f6reni yap\u0131ld\u0131. \u00dclker Stadyumu Fenerbah\u00e7e \u015e\u00fckr\u00fc Saraco\u011flu Spor Kompleksi 1907 Trib\u00fcn\u00fc\u2019nde ger\u00e7ekle\u015ftirilen imza t\u00f6reninde Ba\u015fkan Yard\u0131mc\u0131m\u0131z Burhan Kara\u00e7am ve Kafkas M\u00fccevherat CEO\u2019su Tolga K\u0131rg\u0131z ile Fenerbah\u00e7e Opet\u2026","rel":"","context":"&quot;Haberler&quot; i\u00e7inde","block_context":{"text":"Haberler","link":"https:\/\/sarimelekler.biz\/?cat=7"},"img":{"alt_text":"","src":"https:\/\/i0.wp.com\/sarimelekler.biz\/wp-content\/uploads\/2019\/09\/Kafkas-M%C3%BCcevherat-Sponsorlu%C4%9Fu-1.jpg?resize=350%2C200&ssl=1","width":350,"height":200,"srcset":"https:\/\/i0.wp.com\/sarimelekler.biz\/wp-content\/uploads\/2019\/09\/Kafkas-M%C3%BCcevherat-Sponsorlu%C4%9Fu-1.jpg?resize=350%2C200&ssl=1 1x, https:\/\/i0.wp.com\/sarimelekler.biz\/wp-content\/uploads\/2019\/09\/Kafkas-M%C3%BCcevherat-Sponsorlu%C4%9Fu-1.jpg?resize=525%2C300&ssl=1 1.5x, https:\/\/i0.wp.com\/sarimelekler.biz\/wp-content\/uploads\/2019\/09\/Kafkas-M%C3%BCcevherat-Sponsorlu%C4%9Fu-1.jpg?resize=700%2C400&ssl=1 2x, https:\/\/i0.wp.com\/sarimelekler.biz\/wp-content\/uploads\/2019\/09\/Kafkas-M%C3%BCcevherat-Sponsorlu%C4%9Fu-1.jpg?resize=1050%2C600&ssl=1 3x, https:\/\/i0.wp.com\/sarimelekler.biz\/wp-content\/uploads\/2019\/09\/Kafkas-M%C3%BCcevherat-Sponsorlu%C4%9Fu-1.jpg?resize=1400%2C800&ssl=1 4x"},"classes":[]},{"id":11801,"url":"https:\/\/sarimelekler.biz\/?p=11801","url_meta":{"origin":18083,"position":4},"title":"Dicle Nur Babat\u2019\u0131n Do\u011fum G\u00fcn\u00fc Kutland\u0131.","author":"Edit\u00f6r","date":"16 Eyl\u00fcl 2019","format":false,"excerpt":"D\u00fcn\u00fc izinli ge\u00e7iren Sar\u0131 Melekler yeni sezon \u00e7al\u0131\u015fmalar\u0131n\u0131 bug\u00fcn Lefter K\u00fc\u00e7\u00fckandonyadis tesislerinde yapt\u0131klar\u0131 \u00e7al\u0131\u015fmayla devam etti. Antrenmana izinli olan Eda Erdem D\u00fcndar ve Brankica Mihajlovi\u0107 ile Milli tak\u0131mda bulunan Kelsey Robinson kat\u0131lmazken Milli tak\u0131m izinleri biten Naz Aydemir Akyol, Aylin Sar\u0131o\u011flu ve Fatma Y\u0131ld\u0131r\u0131m ile ba\u015fantren\u00f6r\u00fcm\u00fcz Zoran Terzic kat\u0131ld\u0131. Antrenmana\u2026","rel":"","context":"&quot;Haberler&quot; i\u00e7inde","block_context":{"text":"Haberler","link":"https:\/\/sarimelekler.biz\/?cat=7"},"img":{"alt_text":"","src":"https:\/\/i0.wp.com\/sarimelekler.biz\/wp-content\/uploads\/2019\/09\/Dicle-Dogum-G%C3%BCn%C3%BC-1.jpg?resize=350%2C200&ssl=1","width":350,"height":200,"srcset":"https:\/\/i0.wp.com\/sarimelekler.biz\/wp-content\/uploads\/2019\/09\/Dicle-Dogum-G%C3%BCn%C3%BC-1.jpg?resize=350%2C200&ssl=1 1x, https:\/\/i0.wp.com\/sarimelekler.biz\/wp-content\/uploads\/2019\/09\/Dicle-Dogum-G%C3%BCn%C3%BC-1.jpg?resize=525%2C300&ssl=1 1.5x, https:\/\/i0.wp.com\/sarimelekler.biz\/wp-content\/uploads\/2019\/09\/Dicle-Dogum-G%C3%BCn%C3%BC-1.jpg?resize=700%2C400&ssl=1 2x, https:\/\/i0.wp.com\/sarimelekler.biz\/wp-content\/uploads\/2019\/09\/Dicle-Dogum-G%C3%BCn%C3%BC-1.jpg?resize=1050%2C600&ssl=1 3x, https:\/\/i0.wp.com\/sarimelekler.biz\/wp-content\/uploads\/2019\/09\/Dicle-Dogum-G%C3%BCn%C3%BC-1.jpg?resize=1400%2C800&ssl=1 4x"},"classes":[]},{"id":11869,"url":"https:\/\/sarimelekler.biz\/?p=11869","url_meta":{"origin":18083,"position":5},"title":"Milli Tak\u0131m Kadrolar\u0131ndan D\u00f6nen Oyuncular\u0131m\u0131z Sa\u011fl\u0131k Kontrol\u00fcnden Ge\u00e7ti","author":"Edit\u00f6r","date":"20 Eyl\u00fcl 2019","format":false,"excerpt":"Fenerbah\u00e7e Opet Kad\u0131n Voleybol Tak\u0131m\u0131m\u0131z\u0131n kaptan\u0131 Eda Erdem D\u00fcndar ile oyuncular\u0131m\u0131z Aylin Sar\u0131o\u011flu, Naz Aydemir Akyol, Brankica Mihajlovic, Fatma Y\u0131ld\u0131r\u0131m, G\u00fclce G\u00fc\u00e7tekin ve \u0130par \u00d6zay Kurt bug\u00fcn Medical Park G\u00f6ztepe Hastanesi'nde sa\u011fl\u0131k kontrol\u00fcnden ge\u00e7ti. A tak\u0131m oyuncular\u0131m\u0131zdan Eda Erdem D\u00fcndar, Aylin Sar\u0131o\u011flu, Naz Aydemir Akyol, Fatma Y\u0131ld\u0131r\u0131m ve Brankica Mihajlovic\u2026","rel":"","context":"&quot;Haberler&quot; i\u00e7inde","block_context":{"text":"Haberler","link":"https:\/\/sarimelekler.biz\/?cat=7"},"img":{"alt_text":"","src":"https:\/\/i0.wp.com\/sarimelekler.biz\/wp-content\/uploads\/2019\/09\/19-20-Sa%C4%9Fl%C4%B1k-Kontrol%C3%BC-Kapak.jpg?resize=350%2C200&ssl=1","width":350,"height":200,"srcset":"https:\/\/i0.wp.com\/sarimelekler.biz\/wp-content\/uploads\/2019\/09\/19-20-Sa%C4%9Fl%C4%B1k-Kontrol%C3%BC-Kapak.jpg?resize=350%2C200&ssl=1 1x, https:\/\/i0.wp.com\/sarimelekler.biz\/wp-content\/uploads\/2019\/09\/19-20-Sa%C4%9Fl%C4%B1k-Kontrol%C3%BC-Kapak.jpg?resize=525%2C300&ssl=1 1.5x, https:\/\/i0.wp.com\/sarimelekler.biz\/wp-content\/uploads\/2019\/09\/19-20-Sa%C4%9Fl%C4%B1k-Kontrol%C3%BC-Kapak.jpg?resize=700%2C400&ssl=1 2x, https:\/\/i0.wp.com\/sarimelekler.biz\/wp-content\/uploads\/2019\/09\/19-20-Sa%C4%9Fl%C4%B1k-Kontrol%C3%BC-Kapak.jpg?resize=1050%2C600&ssl=1 3x, https:\/\/i0.wp.com\/sarimelekler.biz\/wp-content\/uploads\/2019\/09\/19-20-Sa%C4%9Fl%C4%B1k-Kontrol%C3%BC-Kapak.jpg?resize=1400%2C800&ssl=1 4x"},"classes":[]}],"_links":{"self":[{"href":"https:\/\/sarimelekler.biz\/index.php?rest_route=\/wp\/v2\/posts\/18083","targetHints":{"allow":["GET"]}}],"collection":[{"href":"https:\/\/sarimelekler.biz\/index.php?rest_route=\/wp\/v2\/posts"}],"about":[{"href":"https:\/\/sarimelekler.biz\/index.php?rest_route=\/wp\/v2\/types\/post"}],"author":[{"embeddable":true,"href":"https:\/\/sarimelekler.biz\/index.php?rest_route=\/wp\/v2\/users\/1"}],"replies":[{"embeddable":true,"href":"https:\/\/sarimelekler.biz\/index.php?rest_route=%2Fwp%2Fv2%2Fcomments&post=18083"}],"version-history":[{"count":1,"href":"https:\/\/sarimelekler.biz\/index.php?rest_route=\/wp\/v2\/posts\/18083\/revisions"}],"predecessor-version":[{"id":18085,"href":"https:\/\/sarimelekler.biz\/index.php?rest_route=\/wp\/v2\/posts\/18083\/revisions\/18085"}],"wp:featuredmedia":[{"embeddable":true,"href":"https:\/\/sarimelekler.biz\/index.php?rest_route=\/wp\/v2\/media\/11369"}],"wp:attachment":[{"href":"https:\/\/sarimelekler.biz\/index.php?rest_route=%2Fwp%2Fv2%2Fmedia&parent=18083"}],"wp:term":[{"taxonomy":"category","embeddable":true,"href":"https:\/\/sarimelekler.biz\/index.php?rest_route=%2Fwp%2Fv2%2Fcategories&post=18083"},{"taxonomy":"post_tag","embeddable":true,"href":"https:\/\/sarimelekler.biz\/index.php?rest_route=%2Fwp%2Fv2%2Ftags&post=18083"}],"curies":[{"name":"wp","href":"https:\/\/api.w.org\/{rel}","templated":true}]}}