{"id":18086,"date":"2022-06-04T21:50:00","date_gmt":"2022-06-04T18:50:00","guid":{"rendered":"https:\/\/sarimelekler.biz\/?p=18086"},"modified":"2022-06-04T21:50:01","modified_gmt":"2022-06-04T18:50:01","slug":"tutku-burcu-yuzgenc-ve-mina-popovic-takimimizdan-ayrildi","status":"publish","type":"post","link":"https:\/\/sarimelekler.biz\/?p=18086","title":{"rendered":"Tutku Burcu Y\u00fczgen\u00e7 ve Mina Popovic Tak\u0131m\u0131m\u0131zdan Ayr\u0131ld\u0131"},"content":{"rendered":"\n\n\t\t<style type=\"text\/css\">\n\t\t\t#gallery-1 {\n\t\t\t\tmargin: auto;\n\t\t\t}\n\t\t\t#gallery-1 .gallery-item {\n\t\t\t\tfloat: left;\n\t\t\t\tmargin-top: 10px;\n\t\t\t\ttext-align: center;\n\t\t\t\twidth: 100%;\n\t\t\t}\n\t\t\t#gallery-1 img {\n\t\t\t\tborder: 2px solid #cfcfcf;\n\t\t\t}\n\t\t\t#gallery-1 .gallery-caption {\n\t\t\t\tmargin-left: 0;\n\t\t\t}\n\t\t\t\/* see gallery_shortcode() in wp-includes\/media.php *\/\n\t\t<\/style>\n\t\t<div data-carousel-extra='{&quot;blog_id&quot;:1,&quot;permalink&quot;:&quot;https:\/\/sarimelekler.biz\/?p=18086&quot;}' id='gallery-1' class='gallery galleryid-18086 gallery-columns-1 gallery-size-large'><dl class='gallery-item'>\n\t\t\t<dt class='gallery-icon landscape'>\n\t\t\t\t<a href='https:\/\/sarimelekler.biz\/?attachment_id=18087'><img loading=\"lazy\" decoding=\"async\" width=\"860\" height=\"430\" src=\"https:\/\/sarimelekler.biz\/wp-content\/uploads\/2022\/06\/Tutku-ve-Popovic-1024x512.jpg\" class=\"attachment-large size-large\" alt=\"\" srcset=\"https:\/\/sarimelekler.biz\/wp-content\/uploads\/2022\/06\/Tutku-ve-Popovic-1024x512.jpg 1024w, https:\/\/sarimelekler.biz\/wp-content\/uploads\/2022\/06\/Tutku-ve-Popovic-300x150.jpg 300w, https:\/\/sarimelekler.biz\/wp-content\/uploads\/2022\/06\/Tutku-ve-Popovic-768x384.jpg 768w, https:\/\/sarimelekler.biz\/wp-content\/uploads\/2022\/06\/Tutku-ve-Popovic-1536x768.jpg 1536w, https:\/\/sarimelekler.biz\/wp-content\/uploads\/2022\/06\/Tutku-ve-Popovic-150x75.jpg 150w, https:\/\/sarimelekler.biz\/wp-content\/uploads\/2022\/06\/Tutku-ve-Popovic-900x450.jpg 900w, https:\/\/sarimelekler.biz\/wp-content\/uploads\/2022\/06\/Tutku-ve-Popovic.jpg 2000w\" sizes=\"auto, (max-width: 860px) 100vw, 860px\" data-attachment-id=\"18087\" data-permalink=\"https:\/\/sarimelekler.biz\/?attachment_id=18087\" data-orig-file=\"https:\/\/sarimelekler.biz\/wp-content\/uploads\/2022\/06\/Tutku-ve-Popovic.jpg\" data-orig-size=\"2000,1000\" data-comments-opened=\"0\" data-image-meta=\"{&quot;aperture&quot;:&quot;0&quot;,&quot;credit&quot;:&quot;&quot;,&quot;camera&quot;:&quot;&quot;,&quot;caption&quot;:&quot;&quot;,&quot;created_timestamp&quot;:&quot;0&quot;,&quot;copyright&quot;:&quot;&quot;,&quot;focal_length&quot;:&quot;0&quot;,&quot;iso&quot;:&quot;0&quot;,&quot;shutter_speed&quot;:&quot;0&quot;,&quot;title&quot;:&quot;&quot;,&quot;orientation&quot;:&quot;0&quot;}\" data-image-title=\"Tutku ve Popovic\" data-image-description=\"\" data-image-caption=\"\" data-large-file=\"https:\/\/sarimelekler.biz\/wp-content\/uploads\/2022\/06\/Tutku-ve-Popovic-1024x512.jpg\" \/><\/a>\n\t\t\t<\/dt><\/dl><br style=\"clear: both\" \/>\n\t\t<\/div>\n\n<p style=\"text-align: justify;\"><span style=\"font-size: 18px;\">Kul\u00fcb\u00fcm\u00fczden yap\u0131lan a\u00e7\u0131klamada sezon ba\u015f\u0131nda Karayollar\u0131 tak\u0131m\u0131ndan transfer olan 1999 do\u011fumlu gen\u00e7 pas\u00f6r \u00e7apraz\u0131 <a href=\"https:\/\/www.fenerbahce.org\/haberler\/voleybol-kadin\/2022\/5\/tutku-burcu-yuzgenc-e-tesekkurlerimizle\" target=\"_blank\" rel=\"noopener\">Tutku Burcu Y\u00fczgen\u00e7<\/a> ve orta oyuncu mevkiinde g\u00f6rev yapan S\u0131rbistan vatanda\u015f\u0131 <a href=\"https:\/\/www.fenerbahce.org\/haberler\/voleybol-kadin\/2022\/5\/mina-popovic-e-tesekkurlerimizle\" target=\"_blank\" rel=\"noopener\">Mina Popovic<\/a>\u2019in yeni sezon kadro planlamas\u0131nda olmad\u0131\u011f\u0131 a\u00e7\u0131kland\u0131.<\/span><\/p>\n<p style=\"text-align: justify;\"><span style=\"font-size: 18px;\">Terzic\u2019le y\u00fcz\u00fc g\u00fclmeyen Tutku Burcu ligde oynanan 33 ma\u00e7\u0131n 13\u2019\u00fcn de s\u00fcre al\u0131rken sadece 4 ma\u00e7a ilk alt\u0131da ba\u015flad\u0131. Popovic ise 24 lig ma\u00e7\u0131nda oynad\u0131.<\/span><\/p>\n<p style=\"text-align: justify;\"><span style=\"font-size: 18px;\">Oyuncular\u0131m\u0131za Te\u015fekk\u00fcr Eder, sakatl\u0131ks\u0131z uzun bir spor hayat\u0131 dileriz.<\/span><\/p>\n<p>\u00a0<\/p>\n<p>\u00a0<\/p>\n","protected":false},"excerpt":{"rendered":"<p>Kul\u00fcb\u00fcm\u00fczden yap\u0131lan a\u00e7\u0131klamada sezon ba\u015f\u0131nda Karayollar\u0131 tak\u0131m\u0131ndan transfer olan 1999 \u2026 <a class=\"continue-reading-link\" href=\"https:\/\/sarimelekler.biz\/?p=18086\">Okumaya Devam Et.. <span class=\"meta-nav\">&rarr; <\/span><\/a><\/p>\n","protected":false},"author":1,"featured_media":18087,"comment_status":"closed","ping_status":"open","sticky":false,"template":"","format":"standard","meta":{"jetpack_post_was_ever_published":false,"_jetpack_newsletter_access":"","_jetpack_dont_email_post_to_subs":false,"_jetpack_newsletter_tier_id":0,"_jetpack_memberships_contains_paywalled_content":false,"_jetpack_memberships_contains_paid_content":false,"footnotes":"","jetpack_publicize_message":"","jetpack_publicize_feature_enabled":true,"jetpack_social_post_already_shared":true,"jetpack_social_options":{"image_generator_settings":{"template":"highway","default_image_id":0,"font":"","enabled":false},"version":2}},"categories":[23],"tags":[],"class_list":["post-18086","post","type-post","status-publish","format-standard","has-post-thumbnail","hentry","category-transfer-haberleri"],"jetpack_publicize_connections":[],"jetpack_featured_media_url":"https:\/\/sarimelekler.biz\/wp-content\/uploads\/2022\/06\/Tutku-ve-Popovic.jpg","jetpack_sharing_enabled":true,"jetpack_shortlink":"https:\/\/wp.me\/p8npUZ-4HI","jetpack-related-posts":[{"id":15776,"url":"https:\/\/sarimelekler.biz\/?p=15776","url_meta":{"origin":18086,"position":0},"title":"Yeni Sar\u0131 Melek Tutku Burcu Y\u00fczgen\u00e7 Oldu","author":"Edit\u00f6r","date":"5 May\u0131s 2021","format":false,"excerpt":"Kul\u00fcb\u00fcm\u00fcz resmi sitesinden yapt\u0131\u011f\u0131 a\u00e7\u0131klamada Karayollar\u0131 tak\u0131m\u0131nda forma giyen 1999 do\u011fumlu gen\u00e7 pas\u00f6r \u00e7apraz\u0131 Tutku Burcu Y\u00fczgen\u00e7 ile anla\u015fma sa\u011fland\u0131\u011f\u0131n\u0131 duyurdu. Tutku Burcu Y\u00fczgen\u00e7, Buse \u00dcnal ve Mina Popovic\u2019ten sonra tak\u0131m\u0131m\u0131z\u0131n 2021-2022 sezonu \u00fc\u00e7\u00fcnc\u00fc transferi oldu. Oyuncumuza Ba\u015far\u0131lar Dileriz. Kul\u00fcb\u00fcm\u00fczden Yap\u0131lan A\u00e7\u0131klama: Fenerbah\u00e7e Opet Kad\u0131n Voleybol Tak\u0131m\u0131m\u0131z, yeni sezon yap\u0131lanmas\u0131\u2026","rel":"","context":"&quot;Transfer Haberleri&quot; i\u00e7inde","block_context":{"text":"Transfer Haberleri","link":"https:\/\/sarimelekler.biz\/?cat=23"},"img":{"alt_text":"","src":"https:\/\/i0.wp.com\/sarimelekler.biz\/wp-content\/uploads\/2021\/05\/Tutku-Burcu-6.jpg?resize=350%2C200&ssl=1","width":350,"height":200,"srcset":"https:\/\/i0.wp.com\/sarimelekler.biz\/wp-content\/uploads\/2021\/05\/Tutku-Burcu-6.jpg?resize=350%2C200&ssl=1 1x, https:\/\/i0.wp.com\/sarimelekler.biz\/wp-content\/uploads\/2021\/05\/Tutku-Burcu-6.jpg?resize=525%2C300&ssl=1 1.5x, https:\/\/i0.wp.com\/sarimelekler.biz\/wp-content\/uploads\/2021\/05\/Tutku-Burcu-6.jpg?resize=700%2C400&ssl=1 2x, https:\/\/i0.wp.com\/sarimelekler.biz\/wp-content\/uploads\/2021\/05\/Tutku-Burcu-6.jpg?resize=1050%2C600&ssl=1 3x"},"classes":[]},{"id":16000,"url":"https:\/\/sarimelekler.biz\/?p=16000","url_meta":{"origin":18086,"position":1},"title":"Tutku Burcu Y\u00fczgen\u00e7: Fenerbah\u00e7e\u2019ye Transfer Oldu\u011fum G\u00fcnden Bu Yana Fenerbah\u00e7e Taraftar\u0131yla Oynama Hayaliyle \u00c7al\u0131\u015f\u0131yorum","author":"Edit\u00f6r","date":"19 A\u011fustos 2021","format":false,"excerpt":"Fenerbah\u00e7e Opet Kad\u0131n Voleybol Tak\u0131m\u0131m\u0131z\u0131n yeni transferlerinden Tutku Burcu Y\u00fczgen\u00e7, Fenerbah\u00e7e Spor Kul\u00fcb\u00fcm\u00fcz resmi internet sitesine a\u00e7\u0131klamalarda bulundu. R\u00f6portaj\u0131n Tamam\u0131: Fenerbah\u00e7e Opet Kad\u0131n Voleybol Tak\u0131m\u0131m\u0131z\u0131n yeni sezon yap\u0131lanmas\u0131 kapsam\u0131nda kadrosuna katt\u0131\u011f\u0131 isimlerden biri olan Tutku Burcu Y\u00fczgen\u00e7, tak\u0131m\u0131m\u0131z\u0131n kamp yapt\u0131\u011f\u0131 Topuk Yaylas\u0131 Tesislerimizde resmi internet sitemize a\u00e7\u0131klamalarda bulundu. \u0130lk s\u00f6zleri,\u2026","rel":"","context":"&quot;Resmi Site R\u00f6portajlar\u0131&quot; i\u00e7inde","block_context":{"text":"Resmi Site R\u00f6portajlar\u0131","link":"https:\/\/sarimelekler.biz\/?cat=17"},"img":{"alt_text":"","src":"https:\/\/i0.wp.com\/sarimelekler.biz\/wp-content\/uploads\/2021\/08\/Tutku-Burcu-2.jpg?resize=350%2C200&ssl=1","width":350,"height":200,"srcset":"https:\/\/i0.wp.com\/sarimelekler.biz\/wp-content\/uploads\/2021\/08\/Tutku-Burcu-2.jpg?resize=350%2C200&ssl=1 1x, https:\/\/i0.wp.com\/sarimelekler.biz\/wp-content\/uploads\/2021\/08\/Tutku-Burcu-2.jpg?resize=525%2C300&ssl=1 1.5x, https:\/\/i0.wp.com\/sarimelekler.biz\/wp-content\/uploads\/2021\/08\/Tutku-Burcu-2.jpg?resize=700%2C400&ssl=1 2x, https:\/\/i0.wp.com\/sarimelekler.biz\/wp-content\/uploads\/2021\/08\/Tutku-Burcu-2.jpg?resize=1050%2C600&ssl=1 3x, https:\/\/i0.wp.com\/sarimelekler.biz\/wp-content\/uploads\/2021\/08\/Tutku-Burcu-2.jpg?resize=1400%2C800&ssl=1 4x"},"classes":[]},{"id":15881,"url":"https:\/\/sarimelekler.biz\/?p=15881","url_meta":{"origin":18086,"position":2},"title":"Fenerbah\u00e7e Opet\u2019te Yeni Sezon \u00d6ncesi Sa\u011fl\u0131k Kontrolleri Ba\u015flad\u0131","author":"Edit\u00f6r","date":"26 Temmuz 2021","format":false,"excerpt":"Fenerbah\u00e7e Opet Kad\u0131n Voleybol Tak\u0131m\u0131m\u0131z\u0131n yeni transferleri Gizem \u00d6rge ve Tutku Burcu Y\u00fczgen\u00e7 ile oyuncular\u0131m\u0131z Dicle Nur Babat, \u0130par \u00d6zay Kurt ve Cansu \u00c7etin, Ac\u0131badem Dr. \u015einasi Can (Kad\u0131k\u00f6y) Hastanesi\u2019nde sa\u011fl\u0131k kontrol\u00fcnden ge\u00e7ti. Detayl\u0131 kan tetkikleri yap\u0131lan voleybolcular\u0131m\u0131z; ortopedi, i\u00e7 hastal\u0131klar\u0131, g\u00f6z kulak burun bo\u011faz, genel cerrahi ve kardiyoloji b\u00f6l\u00fcmlerinde\u2026","rel":"","context":"&quot;T\u00fcrkiye Ligi&quot; i\u00e7inde","block_context":{"text":"T\u00fcrkiye Ligi","link":"https:\/\/sarimelekler.biz\/?cat=6"},"img":{"alt_text":"","src":"https:\/\/i0.wp.com\/sarimelekler.biz\/wp-content\/uploads\/2021\/07\/21-22-Sezon-Oncesi-3.jpg?resize=350%2C200&ssl=1","width":350,"height":200,"srcset":"https:\/\/i0.wp.com\/sarimelekler.biz\/wp-content\/uploads\/2021\/07\/21-22-Sezon-Oncesi-3.jpg?resize=350%2C200&ssl=1 1x, https:\/\/i0.wp.com\/sarimelekler.biz\/wp-content\/uploads\/2021\/07\/21-22-Sezon-Oncesi-3.jpg?resize=525%2C300&ssl=1 1.5x, https:\/\/i0.wp.com\/sarimelekler.biz\/wp-content\/uploads\/2021\/07\/21-22-Sezon-Oncesi-3.jpg?resize=700%2C400&ssl=1 2x, https:\/\/i0.wp.com\/sarimelekler.biz\/wp-content\/uploads\/2021\/07\/21-22-Sezon-Oncesi-3.jpg?resize=1050%2C600&ssl=1 3x, https:\/\/i0.wp.com\/sarimelekler.biz\/wp-content\/uploads\/2021\/07\/21-22-Sezon-Oncesi-3.jpg?resize=1400%2C800&ssl=1 4x"},"classes":[]},{"id":15815,"url":"https:\/\/sarimelekler.biz\/?p=15815","url_meta":{"origin":18086,"position":3},"title":"Gen\u00e7 Y\u0131ld\u0131z Arina Fedorovtseva Fenerbah\u00e7e Opet\u2019te","author":"Edit\u00f6r","date":"24 May\u0131s 2021","format":false,"excerpt":"Kul\u00fcb\u00fcm\u00fcz resmi sitesinden yapt\u0131\u011f\u0131 a\u00e7\u0131klamada 2004 do\u011fumlu Rus sma\u00e7\u00f6r Arina Fedorovtseva ile anla\u015fma sa\u011fland\u0131\u011f\u0131n\u0131 duyurdu. 17 ya\u015f\u0131ndaki Arina Fedorovtseva, 2021-2022 sezonu i\u00e7in Meliha \u0130smailo\u011flu, Gizem \u00d6rge, Anna Lazareva Tutku Burcu Y\u00fczgen\u00e7, Buse \u00dcnal ve Mina Popovic\u2019ten sonra tak\u0131m\u0131m\u0131z\u0131n yedinci transferi oldu. Oyuncumuza Ba\u015far\u0131lar Dileriz. Kul\u00fcb\u00fcm\u00fczden Yap\u0131lan A\u00e7\u0131klama: Fenerbah\u00e7e Opet Kad\u0131n\u2026","rel":"","context":"&quot;Transfer Haberleri&quot; i\u00e7inde","block_context":{"text":"Transfer Haberleri","link":"https:\/\/sarimelekler.biz\/?cat=23"},"img":{"alt_text":"","src":"https:\/\/i0.wp.com\/sarimelekler.biz\/wp-content\/uploads\/2021\/05\/Arina-3.jpg?resize=350%2C200&ssl=1","width":350,"height":200,"srcset":"https:\/\/i0.wp.com\/sarimelekler.biz\/wp-content\/uploads\/2021\/05\/Arina-3.jpg?resize=350%2C200&ssl=1 1x, https:\/\/i0.wp.com\/sarimelekler.biz\/wp-content\/uploads\/2021\/05\/Arina-3.jpg?resize=525%2C300&ssl=1 1.5x, https:\/\/i0.wp.com\/sarimelekler.biz\/wp-content\/uploads\/2021\/05\/Arina-3.jpg?resize=700%2C400&ssl=1 2x, https:\/\/i0.wp.com\/sarimelekler.biz\/wp-content\/uploads\/2021\/05\/Arina-3.jpg?resize=1050%2C600&ssl=1 3x"},"classes":[]},{"id":15888,"url":"https:\/\/sarimelekler.biz\/?p=15888","url_meta":{"origin":18086,"position":4},"title":"Sar\u0131 Melekler Sezonu A\u00e7t\u0131","author":"Edit\u00f6r","date":"27 Temmuz 2021","format":false,"excerpt":"Kad\u0131n Voleybol Tak\u0131m\u0131m\u0131z Fenerbah\u00e7e Opet, yeni sezon \u00e7al\u0131\u015fmalar\u0131na ba\u015flad\u0131. Sar\u0131 Melekler, 2021-2022 sezonu ilk antrenman\u0131n\u0131 Derea\u011fz\u0131 Lefter\u00a0 K\u00fc\u00e7\u00fckandonyadis Tesisleri\u2019nde ger\u00e7ekle\u015ftirdi. S\u0131rbistan milli tak\u0131m\u0131n\u0131 \u00e7al\u0131\u015ft\u0131ran Ba\u015fantren\u00f6r Zoran Terzic'in yoklu\u011funda yard\u0131mc\u0131s\u0131 Salih Tavac\u0131 y\u00f6netiminde yeni transferlerimiz Gizem \u00d6rge ve Tutku Burcu Y\u00fczgen\u00e7\u2019in yer ald\u0131\u011f\u0131 \u00e7al\u0131\u015fmaya milli oyuncular kaptan Eda Erdem D\u00fcndar, Naz\u2026","rel":"","context":"&quot;T\u00fcrkiye Ligi&quot; i\u00e7inde","block_context":{"text":"T\u00fcrkiye Ligi","link":"https:\/\/sarimelekler.biz\/?cat=6"},"img":{"alt_text":"","src":"https:\/\/i0.wp.com\/sarimelekler.biz\/wp-content\/uploads\/2021\/07\/21-22-Sezon-Oncesi-5-Kapak.jpg?resize=350%2C200&ssl=1","width":350,"height":200,"srcset":"https:\/\/i0.wp.com\/sarimelekler.biz\/wp-content\/uploads\/2021\/07\/21-22-Sezon-Oncesi-5-Kapak.jpg?resize=350%2C200&ssl=1 1x, https:\/\/i0.wp.com\/sarimelekler.biz\/wp-content\/uploads\/2021\/07\/21-22-Sezon-Oncesi-5-Kapak.jpg?resize=525%2C300&ssl=1 1.5x, https:\/\/i0.wp.com\/sarimelekler.biz\/wp-content\/uploads\/2021\/07\/21-22-Sezon-Oncesi-5-Kapak.jpg?resize=700%2C400&ssl=1 2x, https:\/\/i0.wp.com\/sarimelekler.biz\/wp-content\/uploads\/2021\/07\/21-22-Sezon-Oncesi-5-Kapak.jpg?resize=1050%2C600&ssl=1 3x, https:\/\/i0.wp.com\/sarimelekler.biz\/wp-content\/uploads\/2021\/07\/21-22-Sezon-Oncesi-5-Kapak.jpg?resize=1400%2C800&ssl=1 4x"},"classes":[]},{"id":15840,"url":"https:\/\/sarimelekler.biz\/?p=15840","url_meta":{"origin":18086,"position":5},"title":"Gen\u00e7 Y\u0131ld\u0131z &#8220;Ana Cristina De Souza&#8221; Fenerbah\u00e7e Opet\u2019te","author":"Edit\u00f6r","date":"3 Haziran 2021","format":false,"excerpt":"Kul\u00fcb\u00fcm\u00fcz resmi sitesinden yapt\u0131\u011f\u0131 a\u00e7\u0131klamada 2004 do\u011fumlu Brezilyal\u0131 sma\u00e7\u00f6r Ana Cristina De Souza ile anla\u015fma sa\u011fland\u0131\u011f\u0131n\u0131 duyurdu. 17 ya\u015f\u0131ndaki Ana Cristina De Souza 2021-2022 sezonu i\u00e7in Arina Fedorovtseva, Meliha \u0130smailo\u011flu, Gizem \u00d6rge, Anna Lazareva, Tutku Burcu Y\u00fczgen\u00e7, Buse \u00dcnal ve Mina Popovic\u2019ten sonra tak\u0131m\u0131m\u0131z\u0131n sekizinci transferi oldu. Oyuncumuza Ba\u015far\u0131lar Dileriz.\u2026","rel":"","context":"&quot;Transfer Haberleri&quot; i\u00e7inde","block_context":{"text":"Transfer Haberleri","link":"https:\/\/sarimelekler.biz\/?cat=23"},"img":{"alt_text":"","src":"https:\/\/i0.wp.com\/sarimelekler.biz\/wp-content\/uploads\/2021\/06\/Ana-Cristina-1.jpg?resize=350%2C200&ssl=1","width":350,"height":200,"srcset":"https:\/\/i0.wp.com\/sarimelekler.biz\/wp-content\/uploads\/2021\/06\/Ana-Cristina-1.jpg?resize=350%2C200&ssl=1 1x, https:\/\/i0.wp.com\/sarimelekler.biz\/wp-content\/uploads\/2021\/06\/Ana-Cristina-1.jpg?resize=525%2C300&ssl=1 1.5x, https:\/\/i0.wp.com\/sarimelekler.biz\/wp-content\/uploads\/2021\/06\/Ana-Cristina-1.jpg?resize=700%2C400&ssl=1 2x, https:\/\/i0.wp.com\/sarimelekler.biz\/wp-content\/uploads\/2021\/06\/Ana-Cristina-1.jpg?resize=1050%2C600&ssl=1 3x"},"classes":[]}],"_links":{"self":[{"href":"https:\/\/sarimelekler.biz\/index.php?rest_route=\/wp\/v2\/posts\/18086","targetHints":{"allow":["GET"]}}],"collection":[{"href":"https:\/\/sarimelekler.biz\/index.php?rest_route=\/wp\/v2\/posts"}],"about":[{"href":"https:\/\/sarimelekler.biz\/index.php?rest_route=\/wp\/v2\/types\/post"}],"author":[{"embeddable":true,"href":"https:\/\/sarimelekler.biz\/index.php?rest_route=\/wp\/v2\/users\/1"}],"replies":[{"embeddable":true,"href":"https:\/\/sarimelekler.biz\/index.php?rest_route=%2Fwp%2Fv2%2Fcomments&post=18086"}],"version-history":[{"count":2,"href":"https:\/\/sarimelekler.biz\/index.php?rest_route=\/wp\/v2\/posts\/18086\/revisions"}],"predecessor-version":[{"id":18089,"href":"https:\/\/sarimelekler.biz\/index.php?rest_route=\/wp\/v2\/posts\/18086\/revisions\/18089"}],"wp:featuredmedia":[{"embeddable":true,"href":"https:\/\/sarimelekler.biz\/index.php?rest_route=\/wp\/v2\/media\/18087"}],"wp:attachment":[{"href":"https:\/\/sarimelekler.biz\/index.php?rest_route=%2Fwp%2Fv2%2Fmedia&parent=18086"}],"wp:term":[{"taxonomy":"category","embeddable":true,"href":"https:\/\/sarimelekler.biz\/index.php?rest_route=%2Fwp%2Fv2%2Fcategories&post=18086"},{"taxonomy":"post_tag","embeddable":true,"href":"https:\/\/sarimelekler.biz\/index.php?rest_route=%2Fwp%2Fv2%2Ftags&post=18086"}],"curies":[{"name":"wp","href":"https:\/\/api.w.org\/{rel}","templated":true}]}}