{"id":18090,"date":"2022-06-04T23:20:55","date_gmt":"2022-06-04T20:20:55","guid":{"rendered":"https:\/\/sarimelekler.biz\/?p=18090"},"modified":"2022-06-04T23:21:41","modified_gmt":"2022-06-04T20:21:41","slug":"asli-kalac-meryem-boz-ergul-avci-eroglu-ve-macris-carneiro-takimimiza-transfer-oldu","status":"publish","type":"post","link":"https:\/\/sarimelekler.biz\/?p=18090","title":{"rendered":"Asl\u0131 Kala\u00e7, Meryem Boz, Erg\u00fcl Avc\u0131 Ero\u011flu ve Macris Carneiro Tak\u0131m\u0131m\u0131za Transfer Oldu"},"content":{"rendered":"\n<p>\u00a0<\/p>\n\n\t\t<style type=\"text\/css\">\n\t\t\t#gallery-1 {\n\t\t\t\tmargin: auto;\n\t\t\t}\n\t\t\t#gallery-1 .gallery-item {\n\t\t\t\tfloat: left;\n\t\t\t\tmargin-top: 10px;\n\t\t\t\ttext-align: center;\n\t\t\t\twidth: 100%;\n\t\t\t}\n\t\t\t#gallery-1 img {\n\t\t\t\tborder: 2px solid #cfcfcf;\n\t\t\t}\n\t\t\t#gallery-1 .gallery-caption {\n\t\t\t\tmargin-left: 0;\n\t\t\t}\n\t\t\t\/* see gallery_shortcode() in wp-includes\/media.php *\/\n\t\t<\/style>\n\t\t<div data-carousel-extra='{&quot;blog_id&quot;:1,&quot;permalink&quot;:&quot;https:\/\/sarimelekler.biz\/?p=18090&quot;}' id='gallery-1' class='gallery galleryid-18090 gallery-columns-1 gallery-size-full'><dl class='gallery-item'>\n\t\t\t<dt class='gallery-icon landscape'>\n\t\t\t\t<a href='https:\/\/sarimelekler.biz\/?attachment_id=18092'><img loading=\"lazy\" decoding=\"async\" width=\"914\" height=\"470\" src=\"https:\/\/sarimelekler.biz\/wp-content\/uploads\/2022\/06\/22-23-Transferler-5.jpg\" class=\"attachment-full size-full\" alt=\"\" srcset=\"https:\/\/sarimelekler.biz\/wp-content\/uploads\/2022\/06\/22-23-Transferler-5.jpg 914w, https:\/\/sarimelekler.biz\/wp-content\/uploads\/2022\/06\/22-23-Transferler-5-300x154.jpg 300w, https:\/\/sarimelekler.biz\/wp-content\/uploads\/2022\/06\/22-23-Transferler-5-768x395.jpg 768w, https:\/\/sarimelekler.biz\/wp-content\/uploads\/2022\/06\/22-23-Transferler-5-150x77.jpg 150w\" sizes=\"auto, (max-width: 914px) 100vw, 914px\" data-attachment-id=\"18092\" data-permalink=\"https:\/\/sarimelekler.biz\/?attachment_id=18092\" data-orig-file=\"https:\/\/sarimelekler.biz\/wp-content\/uploads\/2022\/06\/22-23-Transferler-5.jpg\" data-orig-size=\"914,470\" data-comments-opened=\"0\" data-image-meta=\"{&quot;aperture&quot;:&quot;0&quot;,&quot;credit&quot;:&quot;&quot;,&quot;camera&quot;:&quot;&quot;,&quot;caption&quot;:&quot;&quot;,&quot;created_timestamp&quot;:&quot;0&quot;,&quot;copyright&quot;:&quot;&quot;,&quot;focal_length&quot;:&quot;0&quot;,&quot;iso&quot;:&quot;0&quot;,&quot;shutter_speed&quot;:&quot;0&quot;,&quot;title&quot;:&quot;&quot;,&quot;orientation&quot;:&quot;0&quot;}\" data-image-title=\"22 &amp;#8211; 23 Transferler\" data-image-description=\"\" data-image-caption=\"\" data-large-file=\"https:\/\/sarimelekler.biz\/wp-content\/uploads\/2022\/06\/22-23-Transferler-5.jpg\" \/><\/a>\n\t\t\t<\/dt><\/dl><br style=\"clear: both\" \/>\n\t\t<\/div>\n\n<p style=\"text-align: justify;\"><span style=\"font-size: 18px;\">Kul\u00fcb\u00fcm\u00fcz Resmi \u0130nternet Sitesinden yapt\u0131\u011f\u0131 a\u00e7\u0131klamada;<\/span><\/p>\n<p style=\"text-align: justify;\"><span style=\"font-size: 18px;\">T\u00fcrk Hava Yollar\u0131 tak\u0131m\u0131nda forma giyen 26 ya\u015f\u0131ndaki orta oyuncu <a href=\"https:\/\/www.fenerbahce.org\/haberler\/voleybol-kadin\/2022\/6\/hos-geldin-asli-kalac\" target=\"_blank\" rel=\"noopener\">Asl\u0131 Kala\u00e7<\/a>, Vak\u0131fbank tak\u0131m\u0131nda forma giyen 34 ya\u015f\u0131ndaki pas\u00f6r \u00e7apraz\u0131 <a href=\"https:\/\/www.fenerbahce.org\/haberler\/voleybol-kadin\/2022\/6\/hos-geldin-meryem-boz\" target=\"_blank\" rel=\"noopener\">Meryem Boz<\/a>, \u00a0Ayd\u0131n B\u00fcy\u00fck\u015fehir Belediyespor tak\u0131m\u0131nda forma giyen 35 ya\u015f\u0131ndaki orta oyuncu <a href=\"https:\/\/www.fenerbahce.org\/haberler\/voleybol-kadin\/2022\/6\/hos-geldin-ergul-avci-eroglu\" target=\"_blank\" rel=\"noopener\">Erg\u00fcl Avc\u0131 Ero\u011flu<\/a> ve Brezilya\u2019n\u0131n Minas tak\u0131m\u0131nda forma giyen 33 ya\u015f\u0131ndaki Pas\u00f6r <a href=\"https:\/\/www.fenerbahce.org\/haberler\/voleybol-kadin\/2022\/6\/hos-geldin-macris-carneiro\" target=\"_blank\" rel=\"noopener\">Macris Carneiro<\/a> ile s\u00f6zle\u015fme imzalad\u0131klar\u0131n\u0131 duyurdu.<\/span><\/p>\n<p style=\"text-align: justify;\"><span style=\"font-size: 18px;\">Gelen oyuncular\u0131m\u0131za tak\u0131m\u0131m\u0131zda Ba\u015far\u0131lar Dileriz.<\/span><\/p>\n<p>\u00a0<\/p>\n","protected":false},"excerpt":{"rendered":"<p>\u00a0 Kul\u00fcb\u00fcm\u00fcz Resmi \u0130nternet Sitesinden yapt\u0131\u011f\u0131 a\u00e7\u0131klamada; T\u00fcrk Hava Yollar\u0131 \u2026 <a class=\"continue-reading-link\" href=\"https:\/\/sarimelekler.biz\/?p=18090\">Okumaya Devam Et.. <span class=\"meta-nav\">&rarr; <\/span><\/a><\/p>\n","protected":false},"author":1,"featured_media":18092,"comment_status":"closed","ping_status":"open","sticky":false,"template":"","format":"standard","meta":{"jetpack_post_was_ever_published":false,"_jetpack_newsletter_access":"","_jetpack_dont_email_post_to_subs":false,"_jetpack_newsletter_tier_id":0,"_jetpack_memberships_contains_paywalled_content":false,"_jetpack_memberships_contains_paid_content":false,"footnotes":"","jetpack_publicize_message":"","jetpack_publicize_feature_enabled":true,"jetpack_social_post_already_shared":true,"jetpack_social_options":{"image_generator_settings":{"template":"highway","default_image_id":0,"font":"","enabled":false},"version":2}},"categories":[23],"tags":[],"class_list":["post-18090","post","type-post","status-publish","format-standard","has-post-thumbnail","hentry","category-transfer-haberleri"],"jetpack_publicize_connections":[],"jetpack_featured_media_url":"https:\/\/sarimelekler.biz\/wp-content\/uploads\/2022\/06\/22-23-Transferler-5.jpg","jetpack_sharing_enabled":true,"jetpack_shortlink":"https:\/\/wp.me\/p8npUZ-4HM","jetpack-related-posts":[{"id":4011,"url":"https:\/\/sarimelekler.biz\/?p=4011","url_meta":{"origin":18090,"position":0},"title":"Transfer G\u00fcndemi (Son G\u00fcncelleme 26.06.2017)","author":"Edit\u00f6r","date":"7 Haziran 2017","format":false,"excerpt":"2016-2017 Sezonu Vestel Ven\u00fcs Sultanlar Ligini \u015eampiyon olarak tak\u0131m\u0131m\u0131zda 2017-2017 sezonu transfer \u00e7al\u0131\u015fmalar\u0131 devam ediyor. \u00d6ncelikle tak\u0131m\u0131m\u0131zdan ayr\u0131lan oyuncular\u0131m\u0131za emekleri i\u00e7in te\u015fekk\u00fcr eder, spor hayatlar\u0131nda ba\u015far\u0131lar dileriz. Tak\u0131m\u0131m\u0131za yeni kat\u0131lan oyuncular\u0131m\u0131za sakatl\u0131ks\u0131z bol kupal\u0131 bir sezon dileriz. Marcello Abbondanza'n\u0131n ayr\u0131lmas\u0131ndan sonra antren\u00f6rl\u00fcge Bel\u00e7ika'l\u0131 Antren\u00f6r Jan De Brandt getirildi. (Resmi) Tak\u0131m\u0131m\u0131za\u2026","rel":"","context":"&quot;T\u00fcrkiye Ligi&quot; i\u00e7inde","block_context":{"text":"T\u00fcrkiye Ligi","link":"https:\/\/sarimelekler.biz\/?cat=6"},"img":{"alt_text":"","src":"https:\/\/i0.wp.com\/sarimelekler.biz\/wp-content\/uploads\/2017\/05\/mb20_55646_4714445.jpg?resize=350%2C200&ssl=1","width":350,"height":200,"srcset":"https:\/\/i0.wp.com\/sarimelekler.biz\/wp-content\/uploads\/2017\/05\/mb20_55646_4714445.jpg?resize=350%2C200&ssl=1 1x, https:\/\/i0.wp.com\/sarimelekler.biz\/wp-content\/uploads\/2017\/05\/mb20_55646_4714445.jpg?resize=525%2C300&ssl=1 1.5x, https:\/\/i0.wp.com\/sarimelekler.biz\/wp-content\/uploads\/2017\/05\/mb20_55646_4714445.jpg?resize=700%2C400&ssl=1 2x, https:\/\/i0.wp.com\/sarimelekler.biz\/wp-content\/uploads\/2017\/05\/mb20_55646_4714445.jpg?resize=1050%2C600&ssl=1 3x, https:\/\/i0.wp.com\/sarimelekler.biz\/wp-content\/uploads\/2017\/05\/mb20_55646_4714445.jpg?resize=1400%2C800&ssl=1 4x"},"classes":[]},{"id":19617,"url":"https:\/\/sarimelekler.biz\/?p=19617","url_meta":{"origin":18090,"position":1},"title":"Kul\u00fcb\u00fcm\u00fcz 4 Oyuncumuzla S\u00f6zle\u015fme Yeniledi","author":"Edit\u00f6r","date":"8 Haziran 2023","format":false,"excerpt":"Fenerbah\u00e7e Spor Kul\u00fcb\u00fcm\u00fcz sosyal medya hesaplar\u0131ndan yapt\u0131\u011f\u0131 payla\u015f\u0131mlarda Fenerbah\u00e7e Opet Kad\u0131n Voleybol tak\u0131m\u0131m\u0131z\u0131n oyuncular\u0131ndan Sma\u00e7\u00f6r Meliha Diken, Sma\u00e7\u00f6r\/Libero Cansu \u00c7etin, Pas\u00f6r \u00c7apraz\u0131 Meryem Boz ve Orta Oyuncu Erg\u00fcl Avc\u0131 Ero\u011flu\u2019yla birer y\u0131l s\u00fcreyle s\u00f6zle\u015fme uzatt\u0131\u011f\u0131n\u0131 a\u00e7\u0131klad\u0131. Ge\u00e7ti\u011fimiz sezon ba\u015f\u0131 tak\u0131m\u0131m\u0131za kat\u0131lan Meryem Boz ve Erg\u00fcl Avc\u0131 Terzic y\u00f6netiminde tak\u0131m\u0131m\u0131zda \u00e7ok\u2026","rel":"","context":"&quot;Transfer Haberleri&quot; i\u00e7inde","block_context":{"text":"Transfer Haberleri","link":"https:\/\/sarimelekler.biz\/?cat=23"},"img":{"alt_text":"","src":"https:\/\/i0.wp.com\/sarimelekler.biz\/wp-content\/uploads\/2023\/06\/Sozlesme-Yenileme-2023-3.jpg?resize=350%2C200&ssl=1","width":350,"height":200,"srcset":"https:\/\/i0.wp.com\/sarimelekler.biz\/wp-content\/uploads\/2023\/06\/Sozlesme-Yenileme-2023-3.jpg?resize=350%2C200&ssl=1 1x, https:\/\/i0.wp.com\/sarimelekler.biz\/wp-content\/uploads\/2023\/06\/Sozlesme-Yenileme-2023-3.jpg?resize=525%2C300&ssl=1 1.5x, https:\/\/i0.wp.com\/sarimelekler.biz\/wp-content\/uploads\/2023\/06\/Sozlesme-Yenileme-2023-3.jpg?resize=700%2C400&ssl=1 2x, https:\/\/i0.wp.com\/sarimelekler.biz\/wp-content\/uploads\/2023\/06\/Sozlesme-Yenileme-2023-3.jpg?resize=1050%2C600&ssl=1 3x, https:\/\/i0.wp.com\/sarimelekler.biz\/wp-content\/uploads\/2023\/06\/Sozlesme-Yenileme-2023-3.jpg?resize=1400%2C800&ssl=1 4x"},"classes":[]},{"id":4058,"url":"https:\/\/sarimelekler.biz\/?p=4058","url_meta":{"origin":18090,"position":2},"title":"\u00c7a\u011fla Ak\u0131n: &#8220;Mutlu ve Gururluyum&#8221;","author":"Edit\u00f6r","date":"4 Haziran 2017","format":false,"excerpt":"Fenerbah\u00e7e Kad\u0131n Voleybol Tak\u0131m\u0131m\u0131z\u0131n yeni transferlerinden \u00c7a\u011fla Ak\u0131n, ilk a\u00e7\u0131klamalar\u0131n\u0131 Fenerbah\u00e7e Spor Kul\u00fcb\u00fc Resmi Sitesine yapt\u0131. Fenerbah\u00e7e camias\u0131na kat\u0131lmaktan dolay\u0131 \u00e7ok mutlu ve gururlu oldu\u011funu s\u00f6yleyen 22 ya\u015f\u0131ndaki pas\u00f6r, taraftarlar i\u00e7inse; \u201cB\u00fcy\u00fck Fenerbah\u00e7e taraftar\u0131n\u0131n deste\u011fiyle oynayacak olmak \u00e7ok heyecan verici\u201d dedi. \u00c7ubuklu formay\u0131 giyen milli oyuncu, \u201cFenerbah\u00e7e camias\u0131na kat\u0131ld\u0131\u011f\u0131m i\u00e7in\u2026","rel":"","context":"&quot;T\u00fcrkiye Ligi&quot; i\u00e7inde","block_context":{"text":"T\u00fcrkiye Ligi","link":"https:\/\/sarimelekler.biz\/?cat=6"},"img":{"alt_text":"","src":"https:\/\/i0.wp.com\/sarimelekler.biz\/wp-content\/uploads\/2017\/06\/caglabasin_56173_5013334.jpg?resize=350%2C200&ssl=1","width":350,"height":200,"srcset":"https:\/\/i0.wp.com\/sarimelekler.biz\/wp-content\/uploads\/2017\/06\/caglabasin_56173_5013334.jpg?resize=350%2C200&ssl=1 1x, https:\/\/i0.wp.com\/sarimelekler.biz\/wp-content\/uploads\/2017\/06\/caglabasin_56173_5013334.jpg?resize=525%2C300&ssl=1 1.5x, https:\/\/i0.wp.com\/sarimelekler.biz\/wp-content\/uploads\/2017\/06\/caglabasin_56173_5013334.jpg?resize=700%2C400&ssl=1 2x, https:\/\/i0.wp.com\/sarimelekler.biz\/wp-content\/uploads\/2017\/06\/caglabasin_56173_5013334.jpg?resize=1050%2C600&ssl=1 3x, https:\/\/i0.wp.com\/sarimelekler.biz\/wp-content\/uploads\/2017\/06\/caglabasin_56173_5013334.jpg?resize=1400%2C800&ssl=1 4x"},"classes":[]},{"id":19641,"url":"https:\/\/sarimelekler.biz\/?p=19641","url_meta":{"origin":18090,"position":3},"title":"Yeni Sar\u0131 Melek Irina Fetisova","author":"Edit\u00f6r","date":"8 Haziran 2023","format":false,"excerpt":"Fenerbah\u00e7e Spor Kul\u00fcb\u00fcm\u00fcz sosyal medya hesaplar\u0131ndan yapt\u0131\u011f\u0131 payla\u015f\u0131mlarda Fenerbah\u00e7e Opet Kad\u0131n Voleybol tak\u0131m\u0131m\u0131za orta oyuncu pozisyonunda oynayan 1994 do\u011fumlu Rus Irina Fetisova\u2019y\u0131 transfer etti\u011fini a\u00e7\u0131klad\u0131. Yeni oyuncumuz Irina Fetisova\u2019ya tak\u0131m\u0131m\u0131zda ba\u015far\u0131l\u0131 bir sezon dileriz. Kul\u00fcb\u00fcm\u00fczden Yap\u0131lan A\u00e7\u0131klama: Fenerbah\u00e7e Opet Kad\u0131n Voleybol Tak\u0131m\u0131m\u0131z, kadrosunu Irina Fetisova ile g\u00fc\u00e7lendirdi. Rus orta oyuncu\u2026","rel":"","context":"&quot;Transfer Haberleri&quot; i\u00e7inde","block_context":{"text":"Transfer Haberleri","link":"https:\/\/sarimelekler.biz\/?cat=23"},"img":{"alt_text":"","src":"https:\/\/i0.wp.com\/sarimelekler.biz\/wp-content\/uploads\/2023\/06\/Fetisova-4.jpg?resize=350%2C200&ssl=1","width":350,"height":200,"srcset":"https:\/\/i0.wp.com\/sarimelekler.biz\/wp-content\/uploads\/2023\/06\/Fetisova-4.jpg?resize=350%2C200&ssl=1 1x, https:\/\/i0.wp.com\/sarimelekler.biz\/wp-content\/uploads\/2023\/06\/Fetisova-4.jpg?resize=525%2C300&ssl=1 1.5x, https:\/\/i0.wp.com\/sarimelekler.biz\/wp-content\/uploads\/2023\/06\/Fetisova-4.jpg?resize=700%2C400&ssl=1 2x"},"classes":[]},{"id":20977,"url":"https:\/\/sarimelekler.biz\/?p=20977","url_meta":{"origin":18090,"position":4},"title":"Tak\u0131m\u0131m\u0131zdan Ayr\u0131lanlar Belli Oldu","author":"Edit\u00f6r","date":"12 Haziran 2024","format":false,"excerpt":"Kul\u00fcb\u00fcm\u00fcz resmi sitesinden tak\u0131m\u0131m\u0131zdan Ba\u015fantren\u00f6r Stefano Lavarini ve Pas\u00f6r \u00c7apraz\u0131 Meryem Boz, Orta Oyuncular Irina Fetisova, Erg\u00fcl Avc\u0131, Sma\u00e7\u00f6rler Ada Germen, Cansu \u00c7etin ve Pas\u00f6r Buse \u00dcnal ile yeni sezon yap\u0131lanmas\u0131 kapsam\u0131nda yollar\u0131n\u0131 ay\u0131rd\u0131\u011f\u0131n\u0131 a\u00e7\u0131klad\u0131. Zoran Terzic'in y\u0131llarca kupa alamamas\u0131na ra\u011fmen tak\u0131m\u0131n ba\u015f\u0131nda kalm\u0131\u015f olmas\u0131na ra\u011fmen ilk sezonunda iki kupa\u2026","rel":"","context":"&quot;Transfer Haberleri&quot; i\u00e7inde","block_context":{"text":"Transfer Haberleri","link":"https:\/\/sarimelekler.biz\/?cat=23"},"img":{"alt_text":"","src":"https:\/\/i0.wp.com\/sarimelekler.biz\/wp-content\/uploads\/2024\/04\/31-23-24-20-scaled.jpg?resize=350%2C200&ssl=1","width":350,"height":200,"srcset":"https:\/\/i0.wp.com\/sarimelekler.biz\/wp-content\/uploads\/2024\/04\/31-23-24-20-scaled.jpg?resize=350%2C200&ssl=1 1x, https:\/\/i0.wp.com\/sarimelekler.biz\/wp-content\/uploads\/2024\/04\/31-23-24-20-scaled.jpg?resize=525%2C300&ssl=1 1.5x, https:\/\/i0.wp.com\/sarimelekler.biz\/wp-content\/uploads\/2024\/04\/31-23-24-20-scaled.jpg?resize=700%2C400&ssl=1 2x, https:\/\/i0.wp.com\/sarimelekler.biz\/wp-content\/uploads\/2024\/04\/31-23-24-20-scaled.jpg?resize=1050%2C600&ssl=1 3x, https:\/\/i0.wp.com\/sarimelekler.biz\/wp-content\/uploads\/2024\/04\/31-23-24-20-scaled.jpg?resize=1400%2C800&ssl=1 4x"},"classes":[]},{"id":19636,"url":"https:\/\/sarimelekler.biz\/?p=19636","url_meta":{"origin":18090,"position":5},"title":"Polonyal\u0131 Pas\u00f6r \u00c7apraz\u0131 Magdalena Stysiak Fenerbah\u00e7e Opet\u2019te","author":"Edit\u00f6r","date":"8 Haziran 2023","format":false,"excerpt":"Fenerbah\u00e7e Spor Kul\u00fcb\u00fcm\u00fcz sosyal medya hesaplar\u0131ndan yapt\u0131\u011f\u0131 payla\u015f\u0131mlarda Fenerbah\u00e7e Opet Kad\u0131n Voleybol tak\u0131m\u0131m\u0131za pas\u00f6r \u00e7apraz\u0131 pozisyonunda oynayan 2000 do\u011fumlu Polonyal\u0131 Magdalena Stysiak\u2019\u0131 transfer etti\u011fini a\u00e7\u0131klad\u0131. Yeni oyuncumuz Magdalena Stysiak\u2019a tak\u0131m\u0131m\u0131zda ba\u015far\u0131l\u0131 bir sezon dileriz. Kul\u00fcb\u00fcm\u00fczden Yap\u0131lan A\u00e7\u0131klama: Fenerbah\u00e7e Opet Kad\u0131n Voleybol Tak\u0131m\u0131m\u0131z, kadrosunu Magdalena Stysiak ile g\u00fc\u00e7lendirdi. Polonyal\u0131 pas\u00f6r \u00e7apraz\u0131\u2026","rel":"","context":"&quot;Transfer Haberleri&quot; i\u00e7inde","block_context":{"text":"Transfer Haberleri","link":"https:\/\/sarimelekler.biz\/?cat=23"},"img":{"alt_text":"","src":"https:\/\/i0.wp.com\/sarimelekler.biz\/wp-content\/uploads\/2023\/06\/Stysiak-2.jpg?resize=350%2C200&ssl=1","width":350,"height":200,"srcset":"https:\/\/i0.wp.com\/sarimelekler.biz\/wp-content\/uploads\/2023\/06\/Stysiak-2.jpg?resize=350%2C200&ssl=1 1x, https:\/\/i0.wp.com\/sarimelekler.biz\/wp-content\/uploads\/2023\/06\/Stysiak-2.jpg?resize=525%2C300&ssl=1 1.5x, https:\/\/i0.wp.com\/sarimelekler.biz\/wp-content\/uploads\/2023\/06\/Stysiak-2.jpg?resize=700%2C400&ssl=1 2x, https:\/\/i0.wp.com\/sarimelekler.biz\/wp-content\/uploads\/2023\/06\/Stysiak-2.jpg?resize=1050%2C600&ssl=1 3x"},"classes":[]}],"_links":{"self":[{"href":"https:\/\/sarimelekler.biz\/index.php?rest_route=\/wp\/v2\/posts\/18090","targetHints":{"allow":["GET"]}}],"collection":[{"href":"https:\/\/sarimelekler.biz\/index.php?rest_route=\/wp\/v2\/posts"}],"about":[{"href":"https:\/\/sarimelekler.biz\/index.php?rest_route=\/wp\/v2\/types\/post"}],"author":[{"embeddable":true,"href":"https:\/\/sarimelekler.biz\/index.php?rest_route=\/wp\/v2\/users\/1"}],"replies":[{"embeddable":true,"href":"https:\/\/sarimelekler.biz\/index.php?rest_route=%2Fwp%2Fv2%2Fcomments&post=18090"}],"version-history":[{"count":3,"href":"https:\/\/sarimelekler.biz\/index.php?rest_route=\/wp\/v2\/posts\/18090\/revisions"}],"predecessor-version":[{"id":18094,"href":"https:\/\/sarimelekler.biz\/index.php?rest_route=\/wp\/v2\/posts\/18090\/revisions\/18094"}],"wp:featuredmedia":[{"embeddable":true,"href":"https:\/\/sarimelekler.biz\/index.php?rest_route=\/wp\/v2\/media\/18092"}],"wp:attachment":[{"href":"https:\/\/sarimelekler.biz\/index.php?rest_route=%2Fwp%2Fv2%2Fmedia&parent=18090"}],"wp:term":[{"taxonomy":"category","embeddable":true,"href":"https:\/\/sarimelekler.biz\/index.php?rest_route=%2Fwp%2Fv2%2Fcategories&post=18090"},{"taxonomy":"post_tag","embeddable":true,"href":"https:\/\/sarimelekler.biz\/index.php?rest_route=%2Fwp%2Fv2%2Ftags&post=18090"}],"curies":[{"name":"wp","href":"https:\/\/api.w.org\/{rel}","templated":true}]}}