{"id":18095,"date":"2022-06-02T12:07:00","date_gmt":"2022-06-02T09:07:00","guid":{"rendered":"https:\/\/sarimelekler.biz\/?p=18095"},"modified":"2022-09-04T12:17:57","modified_gmt":"2022-09-04T09:17:57","slug":"anna-lazarevanin-sozlesmesi-1-yil-uzatildi","status":"publish","type":"post","link":"https:\/\/sarimelekler.biz\/?p=18095","title":{"rendered":"Anna Lazareva\u2019n\u0131n S\u00f6zle\u015fmesi 1 Y\u0131l Uzat\u0131ld\u0131"},"content":{"rendered":"\n<p><a href=\"https:\/\/www.fenerbahce.org\/haberler\/voleybol-kadin\/2022\/6\/anna-lazareva-1-yil-daha-bizimle\" target=\"_blank\" rel=\"noopener\"><span style=\"font-size: 18px;\">Kul\u00fcb\u00fcm\u00fcz Resmi \u0130nternet Sitesinden yapt\u0131\u011f\u0131 a\u00e7\u0131klamada;<\/span><\/a><\/p>\n<p style=\"text-align: justify;\"><span style=\"font-size: 18px;\">\u201cGe\u00e7ti\u011fimiz sezon ba\u015f\u0131nda kadromuza dahil edilen Rus milli pas\u00f6r \u00e7apraz\u0131 Anna Lazareva\u2019n\u0131n s\u00f6zle\u015fmesi 1 y\u0131l daha uzat\u0131ld\u0131\u201d \u015feklinde duyuru yap\u0131ld\u0131.<\/span><\/p>\n<p style=\"text-align: justify;\"><span style=\"font-size: 18px;\">Bu sezon genelinde iyi bir performans sergileyen Anna Lazareva&#8217;ya Sultanlar Ligi final serisinde ihtiya\u00e7 duymam\u0131za ra\u011fmen 5 ma\u00e7\u0131n 3\u2019\u00fcn de ma\u00e7 kadrosuna almayan, kadroya ald\u0131\u011f\u0131 2 ma\u00e7ta da s\u00fcre vermeyen Terzic\u2019in bu sezon Lazareva\u2019y\u0131 nas\u0131l kullanaca\u011f\u0131n\u0131 merak ediyoruz. !<\/span><\/p>\n<p style=\"text-align: justify;\"><span style=\"font-size: 18px;\">Anna Lazareva\u2019ya yeni sezonda tak\u0131m\u0131m\u0131zda Ba\u015far\u0131lar Dileriz.\u00a0 <\/span><\/p>\n<p style=\"text-align: right;\"><span style=\"font-size: 18px;\">02.06.2022<\/span><\/p>\n","protected":false},"excerpt":{"rendered":"<p>Kul\u00fcb\u00fcm\u00fcz Resmi \u0130nternet Sitesinden yapt\u0131\u011f\u0131 a\u00e7\u0131klamada; \u201cGe\u00e7ti\u011fimiz sezon ba\u015f\u0131nda kadromuza \u2026 <a class=\"continue-reading-link\" href=\"https:\/\/sarimelekler.biz\/?p=18095\">Okumaya Devam Et.. <span class=\"meta-nav\">&rarr; <\/span><\/a><\/p>\n","protected":false},"author":1,"featured_media":17103,"comment_status":"closed","ping_status":"open","sticky":false,"template":"","format":"standard","meta":{"jetpack_post_was_ever_published":false,"_jetpack_newsletter_access":"","_jetpack_dont_email_post_to_subs":false,"_jetpack_newsletter_tier_id":0,"_jetpack_memberships_contains_paywalled_content":false,"_jetpack_memberships_contains_paid_content":false,"footnotes":"","jetpack_publicize_message":"","jetpack_publicize_feature_enabled":true,"jetpack_social_post_already_shared":true,"jetpack_social_options":{"image_generator_settings":{"template":"highway","default_image_id":0,"font":"","enabled":false},"version":2}},"categories":[23],"tags":[],"class_list":["post-18095","post","type-post","status-publish","format-standard","has-post-thumbnail","hentry","category-transfer-haberleri"],"jetpack_publicize_connections":[],"jetpack_featured_media_url":"https:\/\/sarimelekler.biz\/wp-content\/uploads\/2022\/01\/01-21-22-TK-8.jpg","jetpack_sharing_enabled":true,"jetpack_shortlink":"https:\/\/wp.me\/p8npUZ-4HR","jetpack-related-posts":[{"id":15737,"url":"https:\/\/sarimelekler.biz\/?p=15737","url_meta":{"origin":18095,"position":0},"title":"Cansu \u00c7etin\u2019in S\u00f6zle\u015fmesi 2 Y\u0131l Uzat\u0131ld\u0131.","author":"Edit\u00f6r","date":"22 Nisan 2021","format":false,"excerpt":"Kul\u00fcb\u00fcm\u00fcz Fenerbah\u00e7e Opet Kad\u0131n Voleybol tak\u0131m\u0131m\u0131z\u0131n sma\u00e7\u00f6r oyuncusu Cansu \u00c7etin ile 2 y\u0131ll\u0131k s\u00f6zle\u015fme uzatt\u0131\u011f\u0131n\u0131 resmi sitesinden yapt\u0131\u011f\u0131 a\u00e7\u0131klamayla duyurdu. Oyuncumuza ba\u015far\u0131lar dileriz. Kul\u00fcb\u00fcm\u00fczden Yap\u0131lan A\u00e7\u0131klama: Ge\u00e7ti\u011fimiz sezon ba\u015f\u0131nda kadromuza dahil edilen ba\u015far\u0131l\u0131 sporcumuz Cansu \u00c7etin'in s\u00f6zle\u015fmesi 2 y\u0131l daha uzat\u0131ld\u0131. 2021-2022 ve 2022-2023 sezonlar\u0131nda da tak\u0131m\u0131m\u0131z\u0131n formas\u0131n\u0131 giyecek olan\u2026","rel":"","context":"&quot;Transfer Haberleri&quot; i\u00e7inde","block_context":{"text":"Transfer Haberleri","link":"https:\/\/sarimelekler.biz\/?cat=23"},"img":{"alt_text":"","src":"https:\/\/i0.wp.com\/sarimelekler.biz\/wp-content\/uploads\/2020\/06\/Cansu-%C3%87etin-6-scaled.jpg?resize=350%2C200&ssl=1","width":350,"height":200,"srcset":"https:\/\/i0.wp.com\/sarimelekler.biz\/wp-content\/uploads\/2020\/06\/Cansu-%C3%87etin-6-scaled.jpg?resize=350%2C200&ssl=1 1x, https:\/\/i0.wp.com\/sarimelekler.biz\/wp-content\/uploads\/2020\/06\/Cansu-%C3%87etin-6-scaled.jpg?resize=525%2C300&ssl=1 1.5x, https:\/\/i0.wp.com\/sarimelekler.biz\/wp-content\/uploads\/2020\/06\/Cansu-%C3%87etin-6-scaled.jpg?resize=700%2C400&ssl=1 2x, https:\/\/i0.wp.com\/sarimelekler.biz\/wp-content\/uploads\/2020\/06\/Cansu-%C3%87etin-6-scaled.jpg?resize=1050%2C600&ssl=1 3x, https:\/\/i0.wp.com\/sarimelekler.biz\/wp-content\/uploads\/2020\/06\/Cansu-%C3%87etin-6-scaled.jpg?resize=1400%2C800&ssl=1 4x"},"classes":[]},{"id":15740,"url":"https:\/\/sarimelekler.biz\/?p=15740","url_meta":{"origin":18095,"position":1},"title":"Dicle Nur Babat\u2019\u0131n S\u00f6zle\u015fmesi 1 Y\u0131l Uzat\u0131ld\u0131","author":"Edit\u00f6r","date":"26 Nisan 2021","format":false,"excerpt":"Kul\u00fcb\u00fcm\u00fcz Fenerbah\u00e7e Opet Kad\u0131n Voleybol tak\u0131m\u0131m\u0131z\u0131n orta oyuncusu Dicle Nur Babat ile 1 y\u0131ll\u0131k s\u00f6zle\u015fme uzatt\u0131\u011f\u0131n\u0131 resmi sitesinden yapt\u0131\u011f\u0131 a\u00e7\u0131klamayla duyurdu. Oyuncumuza ba\u015far\u0131lar dileriz. Kul\u00fcb\u00fcm\u00fczden Yap\u0131lan A\u00e7\u0131klama: 2014\u2019ten bu yana formam\u0131z\u0131 giyen ba\u015far\u0131l\u0131 sporcumuz Dicle Nur Babat\u2019\u0131n s\u00f6zle\u015fmesi 1 y\u0131l daha uzat\u0131ld\u0131. 2021-2022 sezonunda da tak\u0131m\u0131m\u0131z\u0131n formas\u0131n\u0131 giyecek olan Dicle\u2026","rel":"","context":"&quot;Transfer Haberleri&quot; i\u00e7inde","block_context":{"text":"Transfer Haberleri","link":"https:\/\/sarimelekler.biz\/?cat=23"},"img":{"alt_text":"","src":"https:\/\/i0.wp.com\/sarimelekler.biz\/wp-content\/uploads\/2021\/04\/Dicle-Nur-Babat.png?resize=350%2C200&ssl=1","width":350,"height":200,"srcset":"https:\/\/i0.wp.com\/sarimelekler.biz\/wp-content\/uploads\/2021\/04\/Dicle-Nur-Babat.png?resize=350%2C200&ssl=1 1x, https:\/\/i0.wp.com\/sarimelekler.biz\/wp-content\/uploads\/2021\/04\/Dicle-Nur-Babat.png?resize=525%2C300&ssl=1 1.5x, https:\/\/i0.wp.com\/sarimelekler.biz\/wp-content\/uploads\/2021\/04\/Dicle-Nur-Babat.png?resize=700%2C400&ssl=1 2x, https:\/\/i0.wp.com\/sarimelekler.biz\/wp-content\/uploads\/2021\/04\/Dicle-Nur-Babat.png?resize=1050%2C600&ssl=1 3x"},"classes":[]},{"id":11433,"url":"https:\/\/sarimelekler.biz\/?p=11433","url_meta":{"origin":18095,"position":2},"title":"Kaptanla 2021&#8217;e &#8212;  Eda Erdem D\u00fcndar\u2019\u0131n S\u00f6zle\u015fmesi Uzat\u0131ld\u0131","author":"Edit\u00f6r","date":"21 A\u011fustos 2019","format":false,"excerpt":"Kul\u00fcb\u00fcm\u00fcz\u00fcn resmi internet sitesinden yap\u0131lan a\u00e7\u0131klamada Fenerbah\u00e7e formas\u0131n\u0131 2008-09 sezonundan bu yana ba\u015far\u0131yla terleten, armam\u0131z\u0131 gururla ta\u015f\u0131yan Kaptan\u0131m\u0131z Eda Erdem D\u00fcndar'\u0131n 2020'de biten s\u00f6zle\u015fmesi 1 y\u0131l daha uzat\u0131ld\u0131\u011f\u0131 duyruldu. Kaptan\u0131m\u0131za Bol Kupal\u0131 ve Sakatl\u0131ks\u0131z\u00a0 Sezonlar Dileriz Resmi A\u00e7\u0131klama: Fenerbah\u00e7e Opet Kad\u0131n Voleybol Tak\u0131m\u0131m\u0131z, \u00f6n\u00fcm\u00fczdeki sezonun kadro yap\u0131lanmas\u0131 kapsam\u0131nda, tak\u0131m kaptan\u0131\u2026","rel":"","context":"&quot;Transfer Haberleri&quot; i\u00e7inde","block_context":{"text":"Transfer Haberleri","link":"https:\/\/sarimelekler.biz\/?cat=23"},"img":{"alt_text":"","src":"https:\/\/i0.wp.com\/sarimelekler.biz\/wp-content\/uploads\/2019\/08\/edaerdem.jpg?resize=350%2C200&ssl=1","width":350,"height":200,"srcset":"https:\/\/i0.wp.com\/sarimelekler.biz\/wp-content\/uploads\/2019\/08\/edaerdem.jpg?resize=350%2C200&ssl=1 1x, https:\/\/i0.wp.com\/sarimelekler.biz\/wp-content\/uploads\/2019\/08\/edaerdem.jpg?resize=525%2C300&ssl=1 1.5x, https:\/\/i0.wp.com\/sarimelekler.biz\/wp-content\/uploads\/2019\/08\/edaerdem.jpg?resize=700%2C400&ssl=1 2x, https:\/\/i0.wp.com\/sarimelekler.biz\/wp-content\/uploads\/2019\/08\/edaerdem.jpg?resize=1050%2C600&ssl=1 3x, https:\/\/i0.wp.com\/sarimelekler.biz\/wp-content\/uploads\/2019\/08\/edaerdem.jpg?resize=1400%2C800&ssl=1 4x"},"classes":[]},{"id":15724,"url":"https:\/\/sarimelekler.biz\/?p=15724","url_meta":{"origin":18095,"position":3},"title":"Naz Aydemir Akyol\u2019un S\u00f6zle\u015fmesi 2 Y\u0131l Uzat\u0131ld\u0131","author":"Edit\u00f6r","date":"19 Nisan 2021","format":false,"excerpt":"Kul\u00fcb\u00fcm\u00fcz, Fenerbah\u00e7e Opet Kad\u0131n Voleybol tak\u0131m\u0131m\u0131z\u0131n pas\u00f6r oyuncusu Naz Aydemir Akyol ile 2 y\u0131ll\u0131k s\u00f6zle\u015fme uzatt\u0131\u011f\u0131n\u0131 resmi sitesinden yapt\u0131\u011f\u0131 a\u00e7\u0131klamayla duyurdu. Oyuncumuza ba\u015far\u0131lar dileriz. Kul\u00fcb\u00fcm\u00fczden Yap\u0131lan A\u00e7\u0131klama: Formam\u0131zla \u00e7ok say\u0131da ba\u015far\u0131ya imza atan milli pas\u00f6r\u00fcm\u00fcz Naz Aydemir Akyol, 2 y\u0131l daha bizimle!'Son 10 Y\u0131l\u0131n En \u0130yi 100 Oyuncusu' listesinde yer\u2026","rel":"","context":"&quot;Transfer Haberleri&quot; i\u00e7inde","block_context":{"text":"Transfer Haberleri","link":"https:\/\/sarimelekler.biz\/?cat=23"},"img":{"alt_text":"","src":"https:\/\/i0.wp.com\/sarimelekler.biz\/wp-content\/uploads\/2019\/06\/Naz-19-20-Kapak.jpg?resize=350%2C200&ssl=1","width":350,"height":200,"srcset":"https:\/\/i0.wp.com\/sarimelekler.biz\/wp-content\/uploads\/2019\/06\/Naz-19-20-Kapak.jpg?resize=350%2C200&ssl=1 1x, https:\/\/i0.wp.com\/sarimelekler.biz\/wp-content\/uploads\/2019\/06\/Naz-19-20-Kapak.jpg?resize=525%2C300&ssl=1 1.5x, https:\/\/i0.wp.com\/sarimelekler.biz\/wp-content\/uploads\/2019\/06\/Naz-19-20-Kapak.jpg?resize=700%2C400&ssl=1 2x, https:\/\/i0.wp.com\/sarimelekler.biz\/wp-content\/uploads\/2019\/06\/Naz-19-20-Kapak.jpg?resize=1050%2C600&ssl=1 3x, https:\/\/i0.wp.com\/sarimelekler.biz\/wp-content\/uploads\/2019\/06\/Naz-19-20-Kapak.jpg?resize=1400%2C800&ssl=1 4x"},"classes":[]},{"id":13549,"url":"https:\/\/sarimelekler.biz\/?p=13549","url_meta":{"origin":18095,"position":4},"title":"Melis Y\u0131lmaz&#8217;\u0131n Kontrat\u0131 2 Y\u0131l Uzat\u0131ld\u0131.","author":"Edit\u00f6r","date":"11 Haziran 2020","format":false,"excerpt":"Kul\u00fcb\u00fcm\u00fcz, Fenerbah\u00e7e Opet Kad\u0131n Voleybol tak\u0131m\u0131m\u0131z\u0131n ba\u015far\u0131l\u0131 liberosu Melis Y\u0131lmaz\u2019\u0131n kontrat\u0131n\u0131n 2 y\u0131l uzat\u0131ld\u0131\u011f\u0131n\u0131 a\u00e7\u0131klad\u0131. Melis Y\u0131lmaz sosyal medya hesaplar\u0131ndan; 2007 y\u0131l\u0131nda spor okulunun kap\u0131s\u0131ndan girerek ba\u015flayan \u00e7ubuklu sevdam 2010 y\u0131l\u0131nda alt yap\u0131 tak\u0131mlar\u0131nda ba\u015flayan bir maceraya d\u00f6n\u00fc\u015ft\u00fc. \u015eimdi ise bu kutsal formayla olan birlikteli\u011fimi 2022 y\u0131l\u0131na kadar uzatman\u0131n mutlulu\u011funu\u2026","rel":"","context":"&quot;Transfer Haberleri&quot; i\u00e7inde","block_context":{"text":"Transfer Haberleri","link":"https:\/\/sarimelekler.biz\/?cat=23"},"img":{"alt_text":"","src":"https:\/\/i0.wp.com\/sarimelekler.biz\/wp-content\/uploads\/2020\/05\/2020-Melis-Y%C4%B1lmaz.jpg?resize=350%2C200&ssl=1","width":350,"height":200,"srcset":"https:\/\/i0.wp.com\/sarimelekler.biz\/wp-content\/uploads\/2020\/05\/2020-Melis-Y%C4%B1lmaz.jpg?resize=350%2C200&ssl=1 1x, https:\/\/i0.wp.com\/sarimelekler.biz\/wp-content\/uploads\/2020\/05\/2020-Melis-Y%C4%B1lmaz.jpg?resize=525%2C300&ssl=1 1.5x, https:\/\/i0.wp.com\/sarimelekler.biz\/wp-content\/uploads\/2020\/05\/2020-Melis-Y%C4%B1lmaz.jpg?resize=700%2C400&ssl=1 2x, https:\/\/i0.wp.com\/sarimelekler.biz\/wp-content\/uploads\/2020\/05\/2020-Melis-Y%C4%B1lmaz.jpg?resize=1050%2C600&ssl=1 3x, https:\/\/i0.wp.com\/sarimelekler.biz\/wp-content\/uploads\/2020\/05\/2020-Melis-Y%C4%B1lmaz.jpg?resize=1400%2C800&ssl=1 4x"},"classes":[]},{"id":11307,"url":"https:\/\/sarimelekler.biz\/?p=11307","url_meta":{"origin":18095,"position":5},"title":"&#8220;Sar\u0131 Melekler&#8221; yol arkada\u015f\u0131 OPET ile Devam Ediyor","author":"Edit\u00f6r","date":"23 May\u0131s 2019","format":false,"excerpt":"Fenerbah\u00e7e Kad\u0131n Voleybol Tak\u0131m\u0131m\u0131z ve OPET aras\u0131nda 15 Aral\u0131k 2018 tarihinde ba\u015flayan ve 2018-19 sezonu kapsayacak ana sponsorluk anla\u015fmas\u0131 1 sezon daha uzat\u0131ld\u0131. OPET 2019-2020 sezonu boyunca kad\u0131n voleybol tak\u0131m\u0131m\u0131z\u0131n isim ve forma g\u00f6\u011f\u00fcs sponsoru olacak. Konuyla ilgili a\u00e7\u0131klamay\u0131 Kul\u00fcb\u00fcm\u00fcz\u00fcn Voleyboldan Sorumlu Y\u00f6netim Kurulu \u00dcyesi Simla T\u00fcrker Bayaz\u0131t, FB Tv\u2019de\u2026","rel":"","context":"&quot;Haberler&quot; i\u00e7inde","block_context":{"text":"Haberler","link":"https:\/\/sarimelekler.biz\/?cat=7"},"img":{"alt_text":"","src":"https:\/\/i0.wp.com\/sarimelekler.biz\/wp-content\/uploads\/2018\/12\/Opet-3.jpg?resize=350%2C200&ssl=1","width":350,"height":200,"srcset":"https:\/\/i0.wp.com\/sarimelekler.biz\/wp-content\/uploads\/2018\/12\/Opet-3.jpg?resize=350%2C200&ssl=1 1x, https:\/\/i0.wp.com\/sarimelekler.biz\/wp-content\/uploads\/2018\/12\/Opet-3.jpg?resize=525%2C300&ssl=1 1.5x, https:\/\/i0.wp.com\/sarimelekler.biz\/wp-content\/uploads\/2018\/12\/Opet-3.jpg?resize=700%2C400&ssl=1 2x, https:\/\/i0.wp.com\/sarimelekler.biz\/wp-content\/uploads\/2018\/12\/Opet-3.jpg?resize=1050%2C600&ssl=1 3x"},"classes":[]}],"_links":{"self":[{"href":"https:\/\/sarimelekler.biz\/index.php?rest_route=\/wp\/v2\/posts\/18095","targetHints":{"allow":["GET"]}}],"collection":[{"href":"https:\/\/sarimelekler.biz\/index.php?rest_route=\/wp\/v2\/posts"}],"about":[{"href":"https:\/\/sarimelekler.biz\/index.php?rest_route=\/wp\/v2\/types\/post"}],"author":[{"embeddable":true,"href":"https:\/\/sarimelekler.biz\/index.php?rest_route=\/wp\/v2\/users\/1"}],"replies":[{"embeddable":true,"href":"https:\/\/sarimelekler.biz\/index.php?rest_route=%2Fwp%2Fv2%2Fcomments&post=18095"}],"version-history":[{"count":2,"href":"https:\/\/sarimelekler.biz\/index.php?rest_route=\/wp\/v2\/posts\/18095\/revisions"}],"predecessor-version":[{"id":18097,"href":"https:\/\/sarimelekler.biz\/index.php?rest_route=\/wp\/v2\/posts\/18095\/revisions\/18097"}],"wp:featuredmedia":[{"embeddable":true,"href":"https:\/\/sarimelekler.biz\/index.php?rest_route=\/wp\/v2\/media\/17103"}],"wp:attachment":[{"href":"https:\/\/sarimelekler.biz\/index.php?rest_route=%2Fwp%2Fv2%2Fmedia&parent=18095"}],"wp:term":[{"taxonomy":"category","embeddable":true,"href":"https:\/\/sarimelekler.biz\/index.php?rest_route=%2Fwp%2Fv2%2Fcategories&post=18095"},{"taxonomy":"post_tag","embeddable":true,"href":"https:\/\/sarimelekler.biz\/index.php?rest_route=%2Fwp%2Fv2%2Ftags&post=18095"}],"curies":[{"name":"wp","href":"https:\/\/api.w.org\/{rel}","templated":true}]}}