{"id":18104,"date":"2022-08-11T13:28:00","date_gmt":"2022-08-11T10:28:00","guid":{"rendered":"https:\/\/sarimelekler.biz\/?p=18104"},"modified":"2022-09-04T13:29:47","modified_gmt":"2022-09-04T10:29:47","slug":"misli-com-sultanlar-liginde-2022-23-sezonu-fiksturu-cekildi","status":"publish","type":"post","link":"https:\/\/sarimelekler.biz\/?p=18104","title":{"rendered":"Misli.com Sultanlar Ligi\u2019nde 2022-23 Sezonu Fikst\u00fcr\u00fc \u00c7ekildi"},"content":{"rendered":"\n<p style=\"text-align: justify;\"><span style=\"font-size: 18px;\">Misli.com Sultanlar Ligi\u2019nde 2022-2023 voleybol sezonunun fikst\u00fcr \u00e7ekimi, T\u00fcrkiye Voleybol Federasyonu\u2019nun Ankara Merkez Ofisi\u2019nde yap\u0131ld\u0131. Fenerbah\u00e7e Opet sezonun ilk haftas\u0131nda Eczac\u0131ba\u015f\u0131\u2019n\u0131 konuk edecek.<\/span><\/p>\n<p style=\"text-align: justify;\"><span style=\"font-size: 18px;\">Misli.com Sultanlar Ligi\u2019nde 1. devre kar\u015f\u0131la\u015fmalar\u0131 30 Ekim \u2013 25 Aral\u0131k 2022 tarihleri aras\u0131nda, 2. devre kar\u015f\u0131la\u015fmalar\u0131 7 Ocak \u2013 1 Nisan 2023 tarihleri aras\u0131nda oynanacak.<\/span><\/p>\n<p style=\"text-align: justify;\">\u00a0<\/p>\n<p style=\"text-align: justify;\"><strong><span style=\"font-size: 18px;\">Misli.com Sultanlar Ligi 1. hafta kar\u015f\u0131la\u015fmalar\u0131:<\/span><\/strong><\/p>\n<p>\u00a0<\/p>\n<p><strong><span style=\"font-size: 18px;\">Fenerbah\u00e7e Opet \u2013 Eczac\u0131ba\u015f\u0131<\/span><\/strong><\/p>\n<p style=\"text-align: justify;\"><span style=\"font-size: 18px;\">T\u00fcrk Hava Yollar\u0131 \u2013 Ayd\u0131n B.\u015eehir Bld.<\/span><\/p>\n<p style=\"text-align: justify;\"><span style=\"font-size: 18px;\">Kuzeyboru \u2013 Galatasaray<\/span><\/p>\n<p style=\"text-align: justify;\"><span style=\"font-size: 18px;\">\u0130lbank \u2013 Nil\u00fcfer Bld.<\/span><\/p>\n<p style=\"text-align: justify;\"><span style=\"font-size: 18px;\">\u00c7ukurova Bld. Adana Demirspor \u2013 PTT<\/span><\/p>\n<p style=\"text-align: justify;\"><span style=\"font-size: 18px;\">Sigorta Shop \u2013 Sar\u0131yer Bld.<\/span><\/p>\n<p style=\"text-align: justify;\"><span style=\"font-size: 18px;\">Bolu Bld. \u2013 Vak\u0131fBank<\/span><\/p>\n<p style=\"text-align: justify;\">\u00a0<\/p>\n<p style=\"text-align: justify;\"><strong><span style=\"font-size: 18px;\">AXA Sigorta Kupa Voley\u2019de stat\u00fc belli oldu<\/span><\/strong><\/p>\n<p style=\"text-align: justify;\"><span style=\"font-size: 18px;\">\u00d6te yandan 2022-2023 Voleybol Sezonu AXA Sigorta Kupa Voley\u2019de gruplar ve stat\u00fc de belli oldu. Ge\u00e7en sezonu ikinci s\u0131rada bitiren Fenerbah\u00e7e Opet, Kupa Voley\u2019e \u00e7eyrek final etab\u0131ndan itibaren seri ba\u015f\u0131 olarak dahil olacak. Sar\u0131 Melekler, tek ma\u00e7 \u00fczerinden yap\u0131lacak \u00e7eyrek finalde rakibini yenmesi durumunda ad\u0131n\u0131 D\u00f6rtl\u00fc Finale yazd\u0131racak.<\/span><\/p>\n\n\t\t<style type=\"text\/css\">\n\t\t\t#gallery-1 {\n\t\t\t\tmargin: auto;\n\t\t\t}\n\t\t\t#gallery-1 .gallery-item {\n\t\t\t\tfloat: left;\n\t\t\t\tmargin-top: 10px;\n\t\t\t\ttext-align: center;\n\t\t\t\twidth: 100%;\n\t\t\t}\n\t\t\t#gallery-1 img {\n\t\t\t\tborder: 2px solid #cfcfcf;\n\t\t\t}\n\t\t\t#gallery-1 .gallery-caption {\n\t\t\t\tmargin-left: 0;\n\t\t\t}\n\t\t\t\/* see gallery_shortcode() in wp-includes\/media.php *\/\n\t\t<\/style>\n\t\t<div data-carousel-extra='{&quot;blog_id&quot;:1,&quot;permalink&quot;:&quot;https:\/\/sarimelekler.biz\/?p=18104&quot;}' id='gallery-1' class='gallery galleryid-18104 gallery-columns-1 gallery-size-full'><dl class='gallery-item'>\n\t\t\t<dt class='gallery-icon landscape'>\n\t\t\t\t<a href='https:\/\/sarimelekler.biz\/?attachment_id=18105'><img loading=\"lazy\" decoding=\"async\" width=\"1249\" height=\"872\" src=\"https:\/\/sarimelekler.biz\/wp-content\/uploads\/2022\/09\/2022-23-Fikstur.png\" class=\"attachment-full size-full\" alt=\"\" srcset=\"https:\/\/sarimelekler.biz\/wp-content\/uploads\/2022\/09\/2022-23-Fikstur.png 1249w, https:\/\/sarimelekler.biz\/wp-content\/uploads\/2022\/09\/2022-23-Fikstur-300x209.png 300w, https:\/\/sarimelekler.biz\/wp-content\/uploads\/2022\/09\/2022-23-Fikstur-1024x715.png 1024w, https:\/\/sarimelekler.biz\/wp-content\/uploads\/2022\/09\/2022-23-Fikstur-768x536.png 768w, https:\/\/sarimelekler.biz\/wp-content\/uploads\/2022\/09\/2022-23-Fikstur-150x105.png 150w\" sizes=\"auto, (max-width: 1249px) 100vw, 1249px\" data-attachment-id=\"18105\" data-permalink=\"https:\/\/sarimelekler.biz\/?attachment_id=18105\" data-orig-file=\"https:\/\/sarimelekler.biz\/wp-content\/uploads\/2022\/09\/2022-23-Fikstur.png\" data-orig-size=\"1249,872\" data-comments-opened=\"0\" data-image-meta=\"{&quot;aperture&quot;:&quot;0&quot;,&quot;credit&quot;:&quot;&quot;,&quot;camera&quot;:&quot;&quot;,&quot;caption&quot;:&quot;&quot;,&quot;created_timestamp&quot;:&quot;0&quot;,&quot;copyright&quot;:&quot;&quot;,&quot;focal_length&quot;:&quot;0&quot;,&quot;iso&quot;:&quot;0&quot;,&quot;shutter_speed&quot;:&quot;0&quot;,&quot;title&quot;:&quot;&quot;,&quot;orientation&quot;:&quot;0&quot;}\" data-image-title=\"2022-23 Fikst\u00fcr\" data-image-description=\"\" data-image-caption=\"\" data-large-file=\"https:\/\/sarimelekler.biz\/wp-content\/uploads\/2022\/09\/2022-23-Fikstur-1024x715.png\" \/><\/a>\n\t\t\t<\/dt><\/dl><br style=\"clear: both\" \/>\n\t\t<\/div>\n\n<p>\u00a0<\/p>\n<p>\u00a0Kaynak:\u00a0<a href=\"https:\/\/www.fenerbahce.org\/haberler\/voleybol-kadin\/2022\/8\/misli-com-sultanlar-ligi-nde-2022-23-sezonu-fiksturu-cekildi\" target=\"_blank\" rel=\"noopener\">Fenerbah\u00e7e SK Resmi \u0130nternet Sitesi<\/a><\/p>\n<p style=\"text-align: right;\">11.08.2022<\/p>\n","protected":false},"excerpt":{"rendered":"<p>Misli.com Sultanlar Ligi\u2019nde 2022-2023 voleybol sezonunun fikst\u00fcr \u00e7ekimi, T\u00fcrkiye Voleybol \u2026 <a class=\"continue-reading-link\" href=\"https:\/\/sarimelekler.biz\/?p=18104\">Okumaya Devam Et.. <span class=\"meta-nav\">&rarr; <\/span><\/a><\/p>\n","protected":false},"author":1,"featured_media":17808,"comment_status":"closed","ping_status":"open","sticky":false,"template":"","format":"standard","meta":{"jetpack_post_was_ever_published":false,"_jetpack_newsletter_access":"","_jetpack_dont_email_post_to_subs":false,"_jetpack_newsletter_tier_id":0,"_jetpack_memberships_contains_paywalled_content":false,"_jetpack_memberships_contains_paid_content":false,"footnotes":"","jetpack_publicize_message":"","jetpack_publicize_feature_enabled":true,"jetpack_social_post_already_shared":true,"jetpack_social_options":{"image_generator_settings":{"template":"highway","default_image_id":0,"font":"","enabled":false},"version":2}},"categories":[6],"tags":[],"class_list":["post-18104","post","type-post","status-publish","format-standard","has-post-thumbnail","hentry","category-turkiye-ligi"],"jetpack_publicize_connections":[],"jetpack_featured_media_url":"https:\/\/sarimelekler.biz\/wp-content\/uploads\/2022\/04\/28-21-22-8.jpg","jetpack_sharing_enabled":true,"jetpack_shortlink":"https:\/\/wp.me\/p8npUZ-4I0","jetpack-related-posts":[{"id":15944,"url":"https:\/\/sarimelekler.biz\/?p=15944","url_meta":{"origin":18104,"position":0},"title":"Sultanlar Ligi 2021-2022 Sezonu Fikst\u00fcr \u00c7ekimi Yap\u0131ld\u0131.","author":"Edit\u00f6r","date":"12 A\u011fustos 2021","format":false,"excerpt":"Misli.com Sultanlar Ligi\u2019nde 2021-2022 voleybol sezonu fikst\u00fcr \u00e7ekimi, T\u00fcrkiye Voleybol Federasyonu Ankara Merkez Ofisi\u2019nde yap\u0131ld\u0131. TVF Youtube kanal\u0131ndan ger\u00e7ekle\u015fen kura \u00e7ekimini; TVF Ba\u015fkan\u0131 Mehmet Akif \u00dcst\u00fcnda\u011f, TVF Liglerden Sorumlu Asba\u015fkan\u0131 Ahmet G\u00f6ksu ve TVF Lig \u0130\u015fleri Dan\u0131\u015fman\u0131 Recep Nurtan\u0131\u015f ger\u00e7ekle\u015ftirdi. Misli.com Sultanlar Ligi\u2019nde 1. Devre kar\u015f\u0131la\u015fmalar\u0131 09 Ekim \u2013 11\u2026","rel":"","context":"&quot;T\u00fcrkiye Ligi&quot; i\u00e7inde","block_context":{"text":"T\u00fcrkiye Ligi","link":"https:\/\/sarimelekler.biz\/?cat=6"},"img":{"alt_text":"","src":"https:\/\/i0.wp.com\/sarimelekler.biz\/wp-content\/uploads\/2020\/09\/mislicom.png?resize=350%2C200&ssl=1","width":350,"height":200},"classes":[]},{"id":6604,"url":"https:\/\/sarimelekler.biz\/?p=6604","url_meta":{"origin":18104,"position":1},"title":"Sar\u0131 Melekler&#8217;in 2018-2019 Sezonu Fikst\u00fcr\u00fc Belli Oldu.","author":"Edit\u00f6r","date":"7 A\u011fustos 2018","format":false,"excerpt":"2018-2019 Voleybol Sezonu Vestel Venus Sultanlar Ligi ve Efeler Ligi fikst\u00fcrleri, Ankara Volley Hotel Toplant\u0131 Salonu'nda \u00e7ekildi. Kura \u00e7ekiminde Kul\u00fcb\u00fcm\u00fcz\u00fc, Voleybol \u015eubemizin \u0130dari Menajeri Abdullah Pa\u015fao\u011flu temsil etti. Vestel Venus Sultanlar Ligi\u2019nin ilk haftas\u0131nda ise Fenerbah\u00e7e Bayan Voleybol Tak\u0131m\u0131m\u0131z, Be\u015fikta\u015f\u2019\u0131 konuk edecek. Efeler Ligi\u2019nde ise Fenerbah\u00e7emiz ilk hafta sahas\u0131nda Jeopark\u2026","rel":"","context":"&quot;T\u00fcrkiye Ligi&quot; i\u00e7inde","block_context":{"text":"T\u00fcrkiye Ligi","link":"https:\/\/sarimelekler.biz\/?cat=6"},"img":{"alt_text":"","src":"https:\/\/i0.wp.com\/sarimelekler.biz\/wp-content\/uploads\/2018\/08\/Ads%C4%B1z.jpg?resize=350%2C200&ssl=1","width":350,"height":200,"srcset":"https:\/\/i0.wp.com\/sarimelekler.biz\/wp-content\/uploads\/2018\/08\/Ads%C4%B1z.jpg?resize=350%2C200&ssl=1 1x, https:\/\/i0.wp.com\/sarimelekler.biz\/wp-content\/uploads\/2018\/08\/Ads%C4%B1z.jpg?resize=525%2C300&ssl=1 1.5x, https:\/\/i0.wp.com\/sarimelekler.biz\/wp-content\/uploads\/2018\/08\/Ads%C4%B1z.jpg?resize=700%2C400&ssl=1 2x"},"classes":[]},{"id":11461,"url":"https:\/\/sarimelekler.biz\/?p=11461","url_meta":{"origin":18104,"position":2},"title":"Sar\u0131 Melekler\u2019in 2019-2020 Sezonu Fikst\u00fcr\u00fc Belli Oldu.","author":"Edit\u00f6r","date":"30 A\u011fustos 2019","format":false,"excerpt":"2019-2020 Voleybol Sezonu Vestel Venus Sultanlar Ligi fikst\u00fcr\u00fc Ankara Volley Hotel Toplant\u0131 Salonu\u2019nda ger\u00e7ekle\u015fen kura \u00e7ekimi sonucunda belli oldu. Kura \u00e7ekimine T\u00fcrkiye Voleybol Federasyonu Ba\u015fkan\u0131 Mehmet Akif \u00dcst\u00fcnda\u011f haz\u0131r bulunurken kul\u00fcb\u00fcm\u00fcz\u00fc temsilen Voleybol \u015eubesi \u0130dari Menajeri Sn Abdullah Pa\u015fao\u011flu kat\u0131ld\u0131. Vestel Venus Sultanlar Ligi\u2019nde 1. Devre Kar\u015f\u0131la\u015fmalar\u0131 12 Ekim \u2013\u00a0\u2026","rel":"","context":"&quot;Haberler&quot; i\u00e7inde","block_context":{"text":"Haberler","link":"https:\/\/sarimelekler.biz\/?cat=7"},"img":{"alt_text":"","src":"https:\/\/i0.wp.com\/sarimelekler.biz\/wp-content\/uploads\/2019\/08\/19-20-Fikst%C3%BCr-%C3%87ekimi-1.jpg?resize=350%2C200&ssl=1","width":350,"height":200,"srcset":"https:\/\/i0.wp.com\/sarimelekler.biz\/wp-content\/uploads\/2019\/08\/19-20-Fikst%C3%BCr-%C3%87ekimi-1.jpg?resize=350%2C200&ssl=1 1x, https:\/\/i0.wp.com\/sarimelekler.biz\/wp-content\/uploads\/2019\/08\/19-20-Fikst%C3%BCr-%C3%87ekimi-1.jpg?resize=525%2C300&ssl=1 1.5x, https:\/\/i0.wp.com\/sarimelekler.biz\/wp-content\/uploads\/2019\/08\/19-20-Fikst%C3%BCr-%C3%87ekimi-1.jpg?resize=700%2C400&ssl=1 2x, https:\/\/i0.wp.com\/sarimelekler.biz\/wp-content\/uploads\/2019\/08\/19-20-Fikst%C3%BCr-%C3%87ekimi-1.jpg?resize=1050%2C600&ssl=1 3x, https:\/\/i0.wp.com\/sarimelekler.biz\/wp-content\/uploads\/2019\/08\/19-20-Fikst%C3%BCr-%C3%87ekimi-1.jpg?resize=1400%2C800&ssl=1 4x"},"classes":[]},{"id":4162,"url":"https:\/\/sarimelekler.biz\/?p=4162","url_meta":{"origin":18104,"position":3},"title":"2017-2018 Voleybol Sezonu Vestel Venus Sultanlar Ligi Fikst\u00fcr\u00fc \u00c7ekildi","author":"Edit\u00f6r","date":"9 A\u011fustos 2017","format":false,"excerpt":"2017 \u2013\u00a02018 Voleybol Sezonu Vestel Venus Sultanlar Ligi fikst\u00fcr\u00fc 08 A\u011fustos 2017 g\u00fcn\u00fc Ankara Volley Hotel Toplant\u0131 Salonu'nda ger\u00e7ekle\u015fen kura \u00e7ekimi sonucunda belli oldu. Vestel Venus Sultanlar Ligi'nde 1. Devre Kar\u015f\u0131la\u015fmalar\u0131 08 Ekim - 05 Aral\u0131k 2017 tarihleri aras\u0131nda, 2. Devre kar\u015f\u0131la\u015fmalar\u0131 07 Ocak - 25 \u015eubat 2018 tarihleri aras\u0131nda,\u2026","rel":"","context":"&quot;T\u00fcrkiye Ligi&quot; i\u00e7inde","block_context":{"text":"T\u00fcrkiye Ligi","link":"https:\/\/sarimelekler.biz\/?cat=6"},"img":{"alt_text":"","src":"https:\/\/i0.wp.com\/sarimelekler.biz\/wp-content\/uploads\/2017\/08\/haber_1493752244_13.jpg?resize=350%2C200&ssl=1","width":350,"height":200,"srcset":"https:\/\/i0.wp.com\/sarimelekler.biz\/wp-content\/uploads\/2017\/08\/haber_1493752244_13.jpg?resize=350%2C200&ssl=1 1x, https:\/\/i0.wp.com\/sarimelekler.biz\/wp-content\/uploads\/2017\/08\/haber_1493752244_13.jpg?resize=525%2C300&ssl=1 1.5x, https:\/\/i0.wp.com\/sarimelekler.biz\/wp-content\/uploads\/2017\/08\/haber_1493752244_13.jpg?resize=700%2C400&ssl=1 2x, https:\/\/i0.wp.com\/sarimelekler.biz\/wp-content\/uploads\/2017\/08\/haber_1493752244_13.jpg?resize=1050%2C600&ssl=1 3x"},"classes":[]},{"id":14654,"url":"https:\/\/sarimelekler.biz\/?p=14654","url_meta":{"origin":18104,"position":4},"title":"Fenerbah\u00e7e Opet, CEV \u015eampiyonlar Ligi\u2019ne Nantes Ma\u00e7\u0131yla Ba\u015fl\u0131yor","author":"Edit\u00f6r","date":"7 Aral\u0131k 2020","format":false,"excerpt":"Fenerbah\u00e7e Opet Kad\u0131n Voleybol Tak\u0131m\u0131m\u0131z, CEV Kad\u0131nlar \u015eampiyonlar Ligi B Grubu ilk ma\u00e7\u0131nda 8 Aral\u0131k Sal\u0131 g\u00fcn\u00fc TS\u0130 22.30'da Fransa temsilcisi Nantes ile kar\u015f\u0131la\u015facak.Kad\u0131n Voleybol Tak\u0131m\u0131m\u0131z\u0131n yer ald\u0131\u011f\u0131 grupta ilk devre kar\u015f\u0131la\u015fmalar\u0131 COVID-19 tedbirleri kapsam\u0131nda \u0130talya'n\u0131n Conegliano tak\u0131m\u0131n\u0131n ev sahipli\u011finde arka arkaya 3 g\u00fcn oynanacak. Fenerbah\u00e7e Opet, grubundaki ilk ma\u00e7ta\u2026","rel":"","context":"&quot;Avrupa Kupalar\u0131&quot; i\u00e7inde","block_context":{"text":"Avrupa Kupalar\u0131","link":"https:\/\/sarimelekler.biz\/?cat=1"},"img":{"alt_text":"","src":"https:\/\/i0.wp.com\/sarimelekler.biz\/wp-content\/uploads\/2020\/12\/Kadro-20-21-scaled.jpg?resize=350%2C200&ssl=1","width":350,"height":200,"srcset":"https:\/\/i0.wp.com\/sarimelekler.biz\/wp-content\/uploads\/2020\/12\/Kadro-20-21-scaled.jpg?resize=350%2C200&ssl=1 1x, https:\/\/i0.wp.com\/sarimelekler.biz\/wp-content\/uploads\/2020\/12\/Kadro-20-21-scaled.jpg?resize=525%2C300&ssl=1 1.5x, https:\/\/i0.wp.com\/sarimelekler.biz\/wp-content\/uploads\/2020\/12\/Kadro-20-21-scaled.jpg?resize=700%2C400&ssl=1 2x, https:\/\/i0.wp.com\/sarimelekler.biz\/wp-content\/uploads\/2020\/12\/Kadro-20-21-scaled.jpg?resize=1050%2C600&ssl=1 3x, https:\/\/i0.wp.com\/sarimelekler.biz\/wp-content\/uploads\/2020\/12\/Kadro-20-21-scaled.jpg?resize=1400%2C800&ssl=1 4x"},"classes":[]},{"id":13846,"url":"https:\/\/sarimelekler.biz\/?p=13846","url_meta":{"origin":18104,"position":5},"title":"\u201cSultanlar Ligi\u201dnin Yeni \u0130sim Sponsoru Misli.com Oldu","author":"Edit\u00f6r","date":"7 Eyl\u00fcl 2020","format":false,"excerpt":"T\u00fcrkiye\u2019nin resmi bahis sitesi Misli.com, 11 Eyl\u00fcl itibariyle ba\u015flayacak Sultanlar Ligi\u2019nin isim sponsoru oldu. Bu anla\u015fmayla birlikte T\u00fcrkiye Kad\u0131nlar Voleybol Ligi 2020-21 sezonu ile ba\u015flamak \u00fczere, 1+1 y\u0131l s\u00fcresince \u201cMisli.com Sultanlar Ligi\u201d olarak an\u0131lacak. Sultanlar Ligi\u2019ne isim sponsoru olmas\u0131n\u0131n yan\u0131 s\u0131ra, lig ma\u00e7lar\u0131n\u0131n dijital platformlarda yay\u0131n haklar\u0131n\u0131 da \u00fcstlenen Misli.com,\u2026","rel":"","context":"&quot;Haberler&quot; i\u00e7inde","block_context":{"text":"Haberler","link":"https:\/\/sarimelekler.biz\/?cat=7"},"img":{"alt_text":"","src":"https:\/\/i0.wp.com\/sarimelekler.biz\/wp-content\/uploads\/2020\/09\/Misli-2.jpg?resize=350%2C200&ssl=1","width":350,"height":200,"srcset":"https:\/\/i0.wp.com\/sarimelekler.biz\/wp-content\/uploads\/2020\/09\/Misli-2.jpg?resize=350%2C200&ssl=1 1x, https:\/\/i0.wp.com\/sarimelekler.biz\/wp-content\/uploads\/2020\/09\/Misli-2.jpg?resize=525%2C300&ssl=1 1.5x, https:\/\/i0.wp.com\/sarimelekler.biz\/wp-content\/uploads\/2020\/09\/Misli-2.jpg?resize=700%2C400&ssl=1 2x, https:\/\/i0.wp.com\/sarimelekler.biz\/wp-content\/uploads\/2020\/09\/Misli-2.jpg?resize=1050%2C600&ssl=1 3x, https:\/\/i0.wp.com\/sarimelekler.biz\/wp-content\/uploads\/2020\/09\/Misli-2.jpg?resize=1400%2C800&ssl=1 4x"},"classes":[]}],"_links":{"self":[{"href":"https:\/\/sarimelekler.biz\/index.php?rest_route=\/wp\/v2\/posts\/18104","targetHints":{"allow":["GET"]}}],"collection":[{"href":"https:\/\/sarimelekler.biz\/index.php?rest_route=\/wp\/v2\/posts"}],"about":[{"href":"https:\/\/sarimelekler.biz\/index.php?rest_route=\/wp\/v2\/types\/post"}],"author":[{"embeddable":true,"href":"https:\/\/sarimelekler.biz\/index.php?rest_route=\/wp\/v2\/users\/1"}],"replies":[{"embeddable":true,"href":"https:\/\/sarimelekler.biz\/index.php?rest_route=%2Fwp%2Fv2%2Fcomments&post=18104"}],"version-history":[{"count":1,"href":"https:\/\/sarimelekler.biz\/index.php?rest_route=\/wp\/v2\/posts\/18104\/revisions"}],"predecessor-version":[{"id":18106,"href":"https:\/\/sarimelekler.biz\/index.php?rest_route=\/wp\/v2\/posts\/18104\/revisions\/18106"}],"wp:featuredmedia":[{"embeddable":true,"href":"https:\/\/sarimelekler.biz\/index.php?rest_route=\/wp\/v2\/media\/17808"}],"wp:attachment":[{"href":"https:\/\/sarimelekler.biz\/index.php?rest_route=%2Fwp%2Fv2%2Fmedia&parent=18104"}],"wp:term":[{"taxonomy":"category","embeddable":true,"href":"https:\/\/sarimelekler.biz\/index.php?rest_route=%2Fwp%2Fv2%2Fcategories&post=18104"},{"taxonomy":"post_tag","embeddable":true,"href":"https:\/\/sarimelekler.biz\/index.php?rest_route=%2Fwp%2Fv2%2Ftags&post=18104"}],"curies":[{"name":"wp","href":"https:\/\/api.w.org\/{rel}","templated":true}]}}