{"id":18562,"date":"2022-12-21T23:35:00","date_gmt":"2022-12-21T20:35:00","guid":{"rendered":"https:\/\/sarimelekler.biz\/?p=18562"},"modified":"2022-12-23T22:25:49","modified_gmt":"2022-12-23T19:25:49","slug":"allianz-mtv-stuttgart3-fenerbahce-opet2","status":"publish","type":"post","link":"https:\/\/sarimelekler.biz\/?p=18562","title":{"rendered":"Allianz MTV Stuttgart:3 \u2013 Fenerbah\u00e7e Opet:2"},"content":{"rendered":"<p style=\"text-align: justify;\"><span style=\"font-size: 18px;\">Fenerbah\u00e7e Opet Kad\u0131n Voleybol Tak\u0131m\u0131m\u0131z CEV \u015eampiyonlar Ligi gruplar\u0131ndaki ikinci ma\u00e7\u0131nda konuk oldu\u011fu Almanya temsilcisi Allianz MTV Stuttgart tak\u0131m\u0131na 25-22, 25-23, 18-25, 22-25 ve 15-10\u2019luk set skorlar\u0131yla 3-2 ma\u011flup oldu. Ma\u00e7a Eda, Macris, Asl\u0131, Ana Cristina Fedorovtseva, Lazareva ve libero Gizem kadrosuyla ba\u015flayan tak\u0131m\u0131m\u0131zda Meliha, Erg\u00fcl, Cansu, Beliz ve Meryem\u2019de s\u00fcre ald\u0131. Ma\u00e7\u0131 29 say\u0131yla tamamlayan Arina Fedorovtseva ma\u00e7\u0131n en skorer oyuncusu oldu. Tak\u0131m\u0131m\u0131z 2 set ald\u0131\u011f\u0131 i\u00e7in ma\u00e7tan 1 puanla ayr\u0131ld\u0131. Asl\u0131 ma\u00e7\u0131n ikinci setinde sol ayak bile\u011finden sakatlanarak oyundan \u00e7\u0131kt\u0131. 3. sette tekrar oyuna ba\u015flasa da set i\u00e7erisinde yerini Erg\u00fcl\u2019e b\u0131rakt\u0131 ve bir daha oyuna girmedi.<\/span><br \/>\n<span style=\"font-size: 18px;\">Ma\u00e7 i\u00e7erisinde Lazareva\u2019n\u0131n \u00e7ok k\u00f6t\u00fc oyununa ra\u011fmen Meryem\u2019le de\u011fi\u015ftirilmemesi, yakla\u015f\u0131k 2.5 set oyunda kalan Erg\u00fcl\u2019\u00fcn tek say\u0131 alamamas\u0131, 5 sette kaptan Eda\u2019ya sadece 10 h\u00fccum yapt\u0131r\u0131lmas\u0131, man\u015fette Gizem hari\u00e7 bir t\u00fcrl\u00fc istikrar\u0131n sa\u011flanamamas\u0131, \u00e7a\u011fr\u0131ld\u0131\u011f\u0131 Milli Tak\u0131m alt ya\u015f kategorilerinde,\u00a0 turnuvalarda mutlaka bir bireysel \u00f6d\u00fcl alan \u0130par\u2019a hi\u00e7 \u015fans tan\u0131nmamas\u0131 geli\u015ftirilememesi vs. vs. Kar Topu giderek b\u00fcy\u00fcyor, gerekli \u00f6nlemler al\u0131nmazsa Cumhuriyetin 100. y\u0131l\u0131nda yak\u0131n tarihin en ba\u015far\u0131s\u0131z sezonu olacak.<\/span><br \/>\n<span style=\"font-size: 18px;\">Sar\u0131 Melekler misli.com Sultanlar Ligi&#8217;nin 12. haftas\u0131nda ma\u00e7 g\u00fcn\u00fcnde bir de\u011fi\u015fiklik olmazsa 23 Aral\u0131k Cuma g\u00fcn\u00fc Saat:14:00&#8217;da \u0130lbank tak\u0131m\u0131na konuk olacak. Ba\u015fkent Voleybol Salonu\u2019nda oynanacak ma\u00e7 youtube \u00fczerinden yay\u0131n yapan Misli.com web Tv\u2019den canl\u0131 yay\u0131nlanacak.<\/span><\/p>\n<p style=\"text-align: justify;\"><span style=\"font-size: 18px;\">Bu ma\u00e7\u0131n istatistikleri:<\/span><br \/>\n<span style=\"font-size: 18px;\">Fedorovtseva\u00a0 : 29 Say\u0131\u00a0 \u2013 (3 Servis)\u00a0\u00a0\u00a0\u00a0\u00a0\u00a0\u00a0\u00a0 \u00a0\u00a0\u00a0\u00a0\u00a0\u00a0\u00a0\u00a0%\u00a0 52\u00a0\u00a0 (50 H\u00fccum)<\/span><br \/>\n<span style=\"font-size: 18px;\">Eda\u00a0\u00a0\u00a0\u00a0\u00a0\u00a0\u00a0\u00a0\u00a0\u00a0\u00a0\u00a0\u00a0\u00a0\u00a0\u00a0\u00a0 : 11 Say\u0131\u00a0 \u2013 (2 Servis, 4 Blok)\u00a0\u00a0\u00a0 %\u00a0 50\u00a0\u00a0 (10 H\u00fccum)<\/span><br \/>\n<span style=\"font-size: 18px;\">Ana Cristina\u00a0\u00a0\u00a0 : 08 Say\u0131\u00a0 \u2013 (1 Blok)\u00a0\u00a0\u00a0\u00a0\u00a0\u00a0\u00a0\u00a0\u00a0\u00a0\u00a0\u00a0\u00a0\u00a0\u00a0\u00a0\u00a0\u00a0 %\u00a0 58\u00a0\u00a0 (12 H\u00fccum)<\/span><br \/>\n<span style=\"font-size: 18px;\">Lazareva\u00a0\u00a0\u00a0\u00a0\u00a0\u00a0\u00a0\u00a0 : 07 Say\u0131\u00a0 \u2013 ( &#8212; \/ &#8212; )\u00a0 \u00a0 \u00a0 \u00a0 \u00a0 \u00a0 \u00a0 \u00a0 \u00a0%\u00a0 28\u00a0\u00a0 (25 H\u00fccum)<\/span><br \/>\n<span style=\"font-size: 18px;\">Asl\u0131\u00a0\u00a0\u00a0\u00a0\u00a0\u00a0\u00a0\u00a0\u00a0\u00a0\u00a0\u00a0\u00a0\u00a0\u00a0\u00a0 : 07 Say\u0131\u00a0 \u2013 (3 Blok)\u00a0\u00a0\u00a0\u00a0\u00a0\u00a0\u00a0\u00a0\u00a0\u00a0\u00a0\u00a0\u00a0\u00a0\u00a0\u00a0\u00a0\u00a0 %\u00a0 57\u00a0\u00a0 (07 H\u00fccum)<\/span><br \/>\n<span style=\"font-size: 18px;\">Meliha\u00a0\u00a0\u00a0\u00a0\u00a0\u00a0\u00a0\u00a0\u00a0 \u00a0\u00a0\u00a0: 06 Say\u0131\u00a0 \u2013 (1 Servis, 1 Blok)\u00a0\u00a0 %\u00a0 67\u00a0\u00a0 (06 \u00a0H\u00fccum)<\/span><br \/>\n<span style=\"font-size: 18px;\">Macris\u00a0\u00a0\u00a0\u00a0\u00a0\u00a0\u00a0\u00a0 \u00a0\u00a0\u00a0\u00a0\u00a0: 05 Say\u0131 \u2013 (3 Blok)<\/span><\/p>\n<p style=\"text-align: justify;\"><span style=\"font-size: 18px;\">Servis Kar\u015f\u0131lama:<\/span><br \/>\n<span style=\"font-size: 18px;\">Gizem\u00a0\u00a0\u00a0\u00a0\u00a0\u00a0\u00a0\u00a0\u00a0\u00a0\u00a0\u00a0 : % 69 \u2013 % 44\u00a0 M\u00fckemmel\u00a0 (16 Kar\u015f\u0131lama)<\/span><br \/>\n<span style=\"font-size: 18px;\">Fedorovtseva\u00a0 : % 60 \u2013 % 30\u00a0 M\u00fckemmel\u00a0 (30 Kar\u015f\u0131lama)<\/span><br \/>\n<span style=\"font-size: 18px;\">Ana Cristina \u00a0\u00a0: % 62 \u2013 % 23\u00a0 M\u00fckemmel\u00a0 (13 Kar\u015f\u0131lama)<\/span><br \/>\n<span style=\"font-size: 18px;\">Meliha\u00a0\u00a0\u00a0\u00a0\u00a0\u00a0\u00a0\u00a0\u00a0\u00a0\u00a0 : % 60 \u2013 % 13\u00a0 M\u00fckemmel\u00a0 (15 Kar\u015f\u0131lama)<\/span><\/p>\n<p style=\"text-align: justify;\"><span style=\"font-size: 18px;\">+\/- (Kazand\u0131\u011f\u0131\/Kaybetti\u011fi)<\/span><br \/>\n<span style=\"font-size: 18px;\">Fedorovtseva\u00a0 :22<\/span><br \/>\n<span style=\"font-size: 18px;\">Asl\u0131\u00a0\u00a0\u00a0\u00a0\u00a0\u00a0\u00a0\u00a0\u00a0\u00a0\u00a0\u00a0\u00a0\u00a0\u00a0\u00a0 :06<\/span><br \/>\n<span style=\"font-size: 18px;\">Eda\u00a0\u00a0\u00a0\u00a0\u00a0\u00a0\u00a0\u00a0\u00a0\u00a0\u00a0\u00a0\u00a0\u00a0\u00a0\u00a0\u00a0 :05<\/span><br \/>\n<span style=\"font-size: 18px;\">Ana Cristina\u00a0\u00a0\u00a0 :04<\/span><br \/>\n<span style=\"font-size: 18px;\">Meliha\u00a0\u00a0\u00a0\u00a0\u00a0\u00a0\u00a0\u00a0\u00a0\u00a0\u00a0\u00a0 :04<\/span><br \/>\n<span style=\"font-size: 18px;\">Macris\u00a0\u00a0\u00a0\u00a0\u00a0\u00a0\u00a0\u00a0 \u00a0\u00a0\u00a0\u00a0:03<\/span><br \/>\n<span style=\"font-size: 18px;\">Meryem\u00a0\u00a0\u00a0\u00a0\u00a0\u00a0\u00a0\u00a0\u00a0\u00a0 : -1<\/span><br \/>\n<span style=\"font-size: 18px;\">Lazareva\u00a0\u00a0\u00a0\u00a0\u00a0\u00a0\u00a0\u00a0 : -2<\/span><br \/>\n<span style=\"font-size: 18px;\">Erg\u00fcl\u00a0\u00a0\u00a0\u00a0\u00a0\u00a0\u00a0\u00a0\u00a0\u00a0\u00a0 \u00a0\u00a0\u00a0: -2<\/span><\/p>\n\n\t\t<style type=\"text\/css\">\n\t\t\t#gallery-1 {\n\t\t\t\tmargin: auto;\n\t\t\t}\n\t\t\t#gallery-1 .gallery-item {\n\t\t\t\tfloat: left;\n\t\t\t\tmargin-top: 10px;\n\t\t\t\ttext-align: center;\n\t\t\t\twidth: 20%;\n\t\t\t}\n\t\t\t#gallery-1 img {\n\t\t\t\tborder: 2px solid #cfcfcf;\n\t\t\t}\n\t\t\t#gallery-1 .gallery-caption {\n\t\t\t\tmargin-left: 0;\n\t\t\t}\n\t\t\t\/* see gallery_shortcode() in wp-includes\/media.php *\/\n\t\t<\/style>\n\t\t<div data-carousel-extra='{&quot;blog_id&quot;:1,&quot;permalink&quot;:&quot;https:\/\/sarimelekler.biz\/?p=18562&quot;}' id='gallery-1' class='gallery galleryid-18562 gallery-columns-5 gallery-size-thumbnail'><dl class='gallery-item'>\n\t\t\t<dt class='gallery-icon landscape'>\n\t\t\t\t<a href='https:\/\/sarimelekler.biz\/?attachment_id=18563'><img loading=\"lazy\" decoding=\"async\" width=\"150\" height=\"150\" src=\"https:\/\/sarimelekler.biz\/wp-content\/uploads\/2022\/12\/02-22-23-CL-1-150x150.jpg\" class=\"attachment-thumbnail size-thumbnail\" alt=\"\" data-attachment-id=\"18563\" data-permalink=\"https:\/\/sarimelekler.biz\/?attachment_id=18563\" data-orig-file=\"https:\/\/sarimelekler.biz\/wp-content\/uploads\/2022\/12\/02-22-23-CL-1-scaled.jpg\" data-orig-size=\"2560,1536\" data-comments-opened=\"0\" data-image-meta=\"{&quot;aperture&quot;:&quot;5&quot;,&quot;credit&quot;:&quot;Jens K\\u00f6rner&quot;,&quot;camera&quot;:&quot;NIKON Z 9&quot;,&quot;caption&quot;:&quot;&quot;,&quot;created_timestamp&quot;:&quot;1671644522&quot;,&quot;copyright&quot;:&quot;urheberrechtlich gesch\\u00fctzt \/ www.bildermacher-sport.de \/ all rights reserved&quot;,&quot;focal_length&quot;:&quot;24&quot;,&quot;iso&quot;:&quot;2500&quot;,&quot;shutter_speed&quot;:&quot;0.004&quot;,&quot;title&quot;:&quot;&quot;,&quot;orientation&quot;:&quot;0&quot;}\" data-image-title=\"02 -22-23 CL (1)\" data-image-description=\"\" data-image-caption=\"\" data-large-file=\"https:\/\/sarimelekler.biz\/wp-content\/uploads\/2022\/12\/02-22-23-CL-1-1024x614.jpg\" \/><\/a>\n\t\t\t<\/dt><\/dl><dl class='gallery-item'>\n\t\t\t<dt class='gallery-icon landscape'>\n\t\t\t\t<a href='https:\/\/sarimelekler.biz\/?attachment_id=18576'><img loading=\"lazy\" decoding=\"async\" width=\"150\" height=\"150\" src=\"https:\/\/sarimelekler.biz\/wp-content\/uploads\/2022\/12\/02-22-23-CL-14-150x150.jpg\" class=\"attachment-thumbnail size-thumbnail\" alt=\"\" data-attachment-id=\"18576\" data-permalink=\"https:\/\/sarimelekler.biz\/?attachment_id=18576\" data-orig-file=\"https:\/\/sarimelekler.biz\/wp-content\/uploads\/2022\/12\/02-22-23-CL-14-scaled.jpg\" data-orig-size=\"2560,1536\" data-comments-opened=\"0\" data-image-meta=\"{&quot;aperture&quot;:&quot;5&quot;,&quot;credit&quot;:&quot;Jens K\\u00f6rner&quot;,&quot;camera&quot;:&quot;NIKON Z 9&quot;,&quot;caption&quot;:&quot;&quot;,&quot;created_timestamp&quot;:&quot;1671644481&quot;,&quot;copyright&quot;:&quot;urheberrechtlich gesch\\u00fctzt \/ www.bildermacher-sport.de \/ all rights reserved&quot;,&quot;focal_length&quot;:&quot;37&quot;,&quot;iso&quot;:&quot;2500&quot;,&quot;shutter_speed&quot;:&quot;0.004&quot;,&quot;title&quot;:&quot;&quot;,&quot;orientation&quot;:&quot;0&quot;}\" data-image-title=\"02 -22-23 CL (14)\" data-image-description=\"\" data-image-caption=\"\" data-large-file=\"https:\/\/sarimelekler.biz\/wp-content\/uploads\/2022\/12\/02-22-23-CL-14-1024x614.jpg\" \/><\/a>\n\t\t\t<\/dt><\/dl><dl class='gallery-item'>\n\t\t\t<dt class='gallery-icon landscape'>\n\t\t\t\t<a href='https:\/\/sarimelekler.biz\/?attachment_id=18564'><img loading=\"lazy\" decoding=\"async\" width=\"150\" height=\"150\" src=\"https:\/\/sarimelekler.biz\/wp-content\/uploads\/2022\/12\/02-22-23-CL-2-150x150.jpg\" class=\"attachment-thumbnail size-thumbnail\" alt=\"\" data-attachment-id=\"18564\" data-permalink=\"https:\/\/sarimelekler.biz\/?attachment_id=18564\" data-orig-file=\"https:\/\/sarimelekler.biz\/wp-content\/uploads\/2022\/12\/02-22-23-CL-2-scaled.jpg\" data-orig-size=\"2560,1536\" data-comments-opened=\"0\" data-image-meta=\"{&quot;aperture&quot;:&quot;5&quot;,&quot;credit&quot;:&quot;Jens K\\u00f6rner&quot;,&quot;camera&quot;:&quot;NIKON Z 9&quot;,&quot;caption&quot;:&quot;&quot;,&quot;created_timestamp&quot;:&quot;1671644606&quot;,&quot;copyright&quot;:&quot;urheberrechtlich gesch\\u00fctzt \/ www.bildermacher-sport.de \/ all rights reserved&quot;,&quot;focal_length&quot;:&quot;36&quot;,&quot;iso&quot;:&quot;2500&quot;,&quot;shutter_speed&quot;:&quot;0.004&quot;,&quot;title&quot;:&quot;&quot;,&quot;orientation&quot;:&quot;0&quot;}\" data-image-title=\"02 -22-23 CL (2)\" data-image-description=\"\" data-image-caption=\"\" data-large-file=\"https:\/\/sarimelekler.biz\/wp-content\/uploads\/2022\/12\/02-22-23-CL-2-1024x614.jpg\" \/><\/a>\n\t\t\t<\/dt><\/dl><dl class='gallery-item'>\n\t\t\t<dt class='gallery-icon landscape'>\n\t\t\t\t<a href='https:\/\/sarimelekler.biz\/?attachment_id=18566'><img loading=\"lazy\" decoding=\"async\" width=\"150\" height=\"150\" src=\"https:\/\/sarimelekler.biz\/wp-content\/uploads\/2022\/12\/02-22-23-CL-4-150x150.jpg\" class=\"attachment-thumbnail size-thumbnail\" alt=\"\" data-attachment-id=\"18566\" data-permalink=\"https:\/\/sarimelekler.biz\/?attachment_id=18566\" data-orig-file=\"https:\/\/sarimelekler.biz\/wp-content\/uploads\/2022\/12\/02-22-23-CL-4-scaled.jpg\" data-orig-size=\"2560,1536\" data-comments-opened=\"0\" data-image-meta=\"{&quot;aperture&quot;:&quot;2.8&quot;,&quot;credit&quot;:&quot;Jens K\\u00f6rner&quot;,&quot;camera&quot;:&quot;NIKON Z 9&quot;,&quot;caption&quot;:&quot;&quot;,&quot;created_timestamp&quot;:&quot;1671646291&quot;,&quot;copyright&quot;:&quot;urheberrechtlich gesch\\u00fctzt \/ www.bildermacher-sport.de \/ all rights reserved&quot;,&quot;focal_length&quot;:&quot;400&quot;,&quot;iso&quot;:&quot;3200&quot;,&quot;shutter_speed&quot;:&quot;0.001&quot;,&quot;title&quot;:&quot;&quot;,&quot;orientation&quot;:&quot;0&quot;}\" data-image-title=\"02 -22-23 CL (4)\" data-image-description=\"\" data-image-caption=\"\" data-large-file=\"https:\/\/sarimelekler.biz\/wp-content\/uploads\/2022\/12\/02-22-23-CL-4-1024x614.jpg\" \/><\/a>\n\t\t\t<\/dt><\/dl><dl class='gallery-item'>\n\t\t\t<dt class='gallery-icon landscape'>\n\t\t\t\t<a href='https:\/\/sarimelekler.biz\/?attachment_id=18567'><img loading=\"lazy\" decoding=\"async\" width=\"150\" height=\"150\" src=\"https:\/\/sarimelekler.biz\/wp-content\/uploads\/2022\/12\/02-22-23-CL-5-150x150.jpg\" class=\"attachment-thumbnail size-thumbnail\" alt=\"\" data-attachment-id=\"18567\" data-permalink=\"https:\/\/sarimelekler.biz\/?attachment_id=18567\" data-orig-file=\"https:\/\/sarimelekler.biz\/wp-content\/uploads\/2022\/12\/02-22-23-CL-5-scaled.jpg\" data-orig-size=\"2560,1536\" data-comments-opened=\"0\" data-image-meta=\"{&quot;aperture&quot;:&quot;2.8&quot;,&quot;credit&quot;:&quot;Jens K\\u00f6rner&quot;,&quot;camera&quot;:&quot;NIKON Z 9&quot;,&quot;caption&quot;:&quot;&quot;,&quot;created_timestamp&quot;:&quot;1671646488&quot;,&quot;copyright&quot;:&quot;urheberrechtlich gesch\\u00fctzt \/ www.bildermacher-sport.de \/ all rights reserved&quot;,&quot;focal_length&quot;:&quot;400&quot;,&quot;iso&quot;:&quot;3200&quot;,&quot;shutter_speed&quot;:&quot;0.001&quot;,&quot;title&quot;:&quot;&quot;,&quot;orientation&quot;:&quot;0&quot;}\" data-image-title=\"02 -22-23 CL (5)\" data-image-description=\"\" data-image-caption=\"\" data-large-file=\"https:\/\/sarimelekler.biz\/wp-content\/uploads\/2022\/12\/02-22-23-CL-5-1024x614.jpg\" \/><\/a>\n\t\t\t<\/dt><\/dl><br style=\"clear: both\" \/><dl class='gallery-item'>\n\t\t\t<dt class='gallery-icon landscape'>\n\t\t\t\t<a href='https:\/\/sarimelekler.biz\/?attachment_id=18568'><img loading=\"lazy\" decoding=\"async\" width=\"150\" height=\"150\" src=\"https:\/\/sarimelekler.biz\/wp-content\/uploads\/2022\/12\/02-22-23-CL-6-150x150.jpg\" class=\"attachment-thumbnail size-thumbnail\" alt=\"\" data-attachment-id=\"18568\" data-permalink=\"https:\/\/sarimelekler.biz\/?attachment_id=18568\" data-orig-file=\"https:\/\/sarimelekler.biz\/wp-content\/uploads\/2022\/12\/02-22-23-CL-6-scaled.jpg\" data-orig-size=\"2560,1536\" data-comments-opened=\"0\" data-image-meta=\"{&quot;aperture&quot;:&quot;2.8&quot;,&quot;credit&quot;:&quot;Jens K\\u00f6rner&quot;,&quot;camera&quot;:&quot;NIKON Z 9&quot;,&quot;caption&quot;:&quot;&quot;,&quot;created_timestamp&quot;:&quot;1671647100&quot;,&quot;copyright&quot;:&quot;urheberrechtlich gesch\\u00fctzt \/ www.bildermacher-sport.de \/ all rights reserved&quot;,&quot;focal_length&quot;:&quot;160&quot;,&quot;iso&quot;:&quot;3200&quot;,&quot;shutter_speed&quot;:&quot;0.001&quot;,&quot;title&quot;:&quot;&quot;,&quot;orientation&quot;:&quot;0&quot;}\" data-image-title=\"02 -22-23 CL (6)\" data-image-description=\"\" data-image-caption=\"\" data-large-file=\"https:\/\/sarimelekler.biz\/wp-content\/uploads\/2022\/12\/02-22-23-CL-6-1024x614.jpg\" \/><\/a>\n\t\t\t<\/dt><\/dl><dl class='gallery-item'>\n\t\t\t<dt class='gallery-icon landscape'>\n\t\t\t\t<a href='https:\/\/sarimelekler.biz\/?attachment_id=18570'><img loading=\"lazy\" decoding=\"async\" width=\"150\" height=\"150\" src=\"https:\/\/sarimelekler.biz\/wp-content\/uploads\/2022\/12\/02-22-23-CL-8-150x150.jpg\" class=\"attachment-thumbnail size-thumbnail\" alt=\"\" data-attachment-id=\"18570\" data-permalink=\"https:\/\/sarimelekler.biz\/?attachment_id=18570\" data-orig-file=\"https:\/\/sarimelekler.biz\/wp-content\/uploads\/2022\/12\/02-22-23-CL-8-scaled.jpg\" data-orig-size=\"2560,1536\" data-comments-opened=\"0\" data-image-meta=\"{&quot;aperture&quot;:&quot;2.8&quot;,&quot;credit&quot;:&quot;Jens K\\u00f6rner&quot;,&quot;camera&quot;:&quot;NIKON Z 9&quot;,&quot;caption&quot;:&quot;&quot;,&quot;created_timestamp&quot;:&quot;1671649006&quot;,&quot;copyright&quot;:&quot;urheberrechtlich gesch\\u00fctzt \/ www.bildermacher-sport.de \/ all rights reserved&quot;,&quot;focal_length&quot;:&quot;70&quot;,&quot;iso&quot;:&quot;3200&quot;,&quot;shutter_speed&quot;:&quot;0.0008&quot;,&quot;title&quot;:&quot;&quot;,&quot;orientation&quot;:&quot;0&quot;}\" data-image-title=\"02 -22-23 CL (8)\" data-image-description=\"\" data-image-caption=\"\" data-large-file=\"https:\/\/sarimelekler.biz\/wp-content\/uploads\/2022\/12\/02-22-23-CL-8-1024x614.jpg\" \/><\/a>\n\t\t\t<\/dt><\/dl><dl class='gallery-item'>\n\t\t\t<dt class='gallery-icon landscape'>\n\t\t\t\t<a href='https:\/\/sarimelekler.biz\/?attachment_id=18571'><img loading=\"lazy\" decoding=\"async\" width=\"150\" height=\"150\" src=\"https:\/\/sarimelekler.biz\/wp-content\/uploads\/2022\/12\/02-22-23-CL-9-150x150.jpg\" class=\"attachment-thumbnail size-thumbnail\" alt=\"\" data-attachment-id=\"18571\" data-permalink=\"https:\/\/sarimelekler.biz\/?attachment_id=18571\" data-orig-file=\"https:\/\/sarimelekler.biz\/wp-content\/uploads\/2022\/12\/02-22-23-CL-9-scaled.jpg\" data-orig-size=\"2560,1536\" data-comments-opened=\"0\" data-image-meta=\"{&quot;aperture&quot;:&quot;2.8&quot;,&quot;credit&quot;:&quot;Jens K\\u00f6rner&quot;,&quot;camera&quot;:&quot;NIKON Z 9&quot;,&quot;caption&quot;:&quot;&quot;,&quot;created_timestamp&quot;:&quot;1671649636&quot;,&quot;copyright&quot;:&quot;urheberrechtlich gesch\\u00fctzt \/ www.bildermacher-sport.de \/ all rights reserved&quot;,&quot;focal_length&quot;:&quot;24&quot;,&quot;iso&quot;:&quot;3200&quot;,&quot;shutter_speed&quot;:&quot;0.00125&quot;,&quot;title&quot;:&quot;&quot;,&quot;orientation&quot;:&quot;0&quot;}\" data-image-title=\"02 -22-23 CL (9)\" data-image-description=\"\" data-image-caption=\"\" data-large-file=\"https:\/\/sarimelekler.biz\/wp-content\/uploads\/2022\/12\/02-22-23-CL-9-1024x614.jpg\" \/><\/a>\n\t\t\t<\/dt><\/dl><dl class='gallery-item'>\n\t\t\t<dt class='gallery-icon landscape'>\n\t\t\t\t<a href='https:\/\/sarimelekler.biz\/?attachment_id=18572'><img loading=\"lazy\" decoding=\"async\" width=\"150\" height=\"150\" src=\"https:\/\/sarimelekler.biz\/wp-content\/uploads\/2022\/12\/02-22-23-CL-10-150x150.jpg\" class=\"attachment-thumbnail size-thumbnail\" alt=\"\" data-attachment-id=\"18572\" data-permalink=\"https:\/\/sarimelekler.biz\/?attachment_id=18572\" data-orig-file=\"https:\/\/sarimelekler.biz\/wp-content\/uploads\/2022\/12\/02-22-23-CL-10-scaled.jpg\" data-orig-size=\"2560,1536\" data-comments-opened=\"0\" data-image-meta=\"{&quot;aperture&quot;:&quot;2.8&quot;,&quot;credit&quot;:&quot;Jens K\\u00f6rner&quot;,&quot;camera&quot;:&quot;NIKON Z 9&quot;,&quot;caption&quot;:&quot;&quot;,&quot;created_timestamp&quot;:&quot;1671650676&quot;,&quot;copyright&quot;:&quot;urheberrechtlich gesch\\u00fctzt \/ www.bildermacher-sport.de \/ all rights reserved&quot;,&quot;focal_length&quot;:&quot;70&quot;,&quot;iso&quot;:&quot;3200&quot;,&quot;shutter_speed&quot;:&quot;0.001&quot;,&quot;title&quot;:&quot;&quot;,&quot;orientation&quot;:&quot;0&quot;}\" data-image-title=\"02 -22-23 CL (10)\" data-image-description=\"\" data-image-caption=\"\" data-large-file=\"https:\/\/sarimelekler.biz\/wp-content\/uploads\/2022\/12\/02-22-23-CL-10-1024x614.jpg\" \/><\/a>\n\t\t\t<\/dt><\/dl><dl class='gallery-item'>\n\t\t\t<dt class='gallery-icon landscape'>\n\t\t\t\t<a href='https:\/\/sarimelekler.biz\/?attachment_id=18573'><img loading=\"lazy\" decoding=\"async\" width=\"150\" height=\"150\" src=\"https:\/\/sarimelekler.biz\/wp-content\/uploads\/2022\/12\/02-22-23-CL-11-150x150.jpg\" class=\"attachment-thumbnail size-thumbnail\" alt=\"\" data-attachment-id=\"18573\" data-permalink=\"https:\/\/sarimelekler.biz\/?attachment_id=18573\" data-orig-file=\"https:\/\/sarimelekler.biz\/wp-content\/uploads\/2022\/12\/02-22-23-CL-11-scaled.jpg\" data-orig-size=\"2560,1536\" data-comments-opened=\"0\" data-image-meta=\"{&quot;aperture&quot;:&quot;2.8&quot;,&quot;credit&quot;:&quot;Jens K\\u00f6rner&quot;,&quot;camera&quot;:&quot;NIKON Z 9&quot;,&quot;caption&quot;:&quot;&quot;,&quot;created_timestamp&quot;:&quot;1671650837&quot;,&quot;copyright&quot;:&quot;urheberrechtlich gesch\\u00fctzt \/ www.bildermacher-sport.de \/ all rights reserved&quot;,&quot;focal_length&quot;:&quot;70&quot;,&quot;iso&quot;:&quot;3200&quot;,&quot;shutter_speed&quot;:&quot;0.001&quot;,&quot;title&quot;:&quot;&quot;,&quot;orientation&quot;:&quot;0&quot;}\" data-image-title=\"02 -22-23 CL (11)\" data-image-description=\"\" data-image-caption=\"\" data-large-file=\"https:\/\/sarimelekler.biz\/wp-content\/uploads\/2022\/12\/02-22-23-CL-11-1024x614.jpg\" \/><\/a>\n\t\t\t<\/dt><\/dl><br style=\"clear: both\" \/><dl class='gallery-item'>\n\t\t\t<dt class='gallery-icon landscape'>\n\t\t\t\t<a href='https:\/\/sarimelekler.biz\/?attachment_id=18574'><img loading=\"lazy\" decoding=\"async\" width=\"150\" height=\"150\" src=\"https:\/\/sarimelekler.biz\/wp-content\/uploads\/2022\/12\/02-22-23-CL-12-150x150.jpg\" class=\"attachment-thumbnail size-thumbnail\" alt=\"\" data-attachment-id=\"18574\" data-permalink=\"https:\/\/sarimelekler.biz\/?attachment_id=18574\" data-orig-file=\"https:\/\/sarimelekler.biz\/wp-content\/uploads\/2022\/12\/02-22-23-CL-12-scaled.jpg\" data-orig-size=\"2560,1536\" data-comments-opened=\"0\" data-image-meta=\"{&quot;aperture&quot;:&quot;2.8&quot;,&quot;credit&quot;:&quot;Jens K\\u00f6rner&quot;,&quot;camera&quot;:&quot;NIKON Z 9&quot;,&quot;caption&quot;:&quot;&quot;,&quot;created_timestamp&quot;:&quot;1671650892&quot;,&quot;copyright&quot;:&quot;urheberrechtlich gesch\\u00fctzt \/ www.bildermacher-sport.de \/ all rights reserved&quot;,&quot;focal_length&quot;:&quot;100&quot;,&quot;iso&quot;:&quot;3200&quot;,&quot;shutter_speed&quot;:&quot;0.001&quot;,&quot;title&quot;:&quot;&quot;,&quot;orientation&quot;:&quot;0&quot;}\" data-image-title=\"02 -22-23 CL (12)\" data-image-description=\"\" data-image-caption=\"\" data-large-file=\"https:\/\/sarimelekler.biz\/wp-content\/uploads\/2022\/12\/02-22-23-CL-12-1024x614.jpg\" \/><\/a>\n\t\t\t<\/dt><\/dl><dl class='gallery-item'>\n\t\t\t<dt class='gallery-icon landscape'>\n\t\t\t\t<a href='https:\/\/sarimelekler.biz\/?attachment_id=18575'><img loading=\"lazy\" decoding=\"async\" width=\"150\" height=\"150\" src=\"https:\/\/sarimelekler.biz\/wp-content\/uploads\/2022\/12\/02-22-23-CL-13-150x150.jpg\" class=\"attachment-thumbnail size-thumbnail\" alt=\"\" data-attachment-id=\"18575\" data-permalink=\"https:\/\/sarimelekler.biz\/?attachment_id=18575\" data-orig-file=\"https:\/\/sarimelekler.biz\/wp-content\/uploads\/2022\/12\/02-22-23-CL-13-scaled.jpg\" data-orig-size=\"2560,1536\" data-comments-opened=\"0\" data-image-meta=\"{&quot;aperture&quot;:&quot;2.8&quot;,&quot;credit&quot;:&quot;Jens K\\u00f6rner&quot;,&quot;camera&quot;:&quot;NIKON Z 9&quot;,&quot;caption&quot;:&quot;&quot;,&quot;created_timestamp&quot;:&quot;1671650952&quot;,&quot;copyright&quot;:&quot;urheberrechtlich gesch\\u00fctzt \/ www.bildermacher-sport.de \/ all rights reserved&quot;,&quot;focal_length&quot;:&quot;96&quot;,&quot;iso&quot;:&quot;3200&quot;,&quot;shutter_speed&quot;:&quot;0.001&quot;,&quot;title&quot;:&quot;&quot;,&quot;orientation&quot;:&quot;0&quot;}\" data-image-title=\"02 -22-23 CL (13)\" data-image-description=\"\" data-image-caption=\"\" data-large-file=\"https:\/\/sarimelekler.biz\/wp-content\/uploads\/2022\/12\/02-22-23-CL-13-1024x614.jpg\" \/><\/a>\n\t\t\t<\/dt><\/dl><dl class='gallery-item'>\n\t\t\t<dt class='gallery-icon landscape'>\n\t\t\t\t<a href='https:\/\/sarimelekler.biz\/?attachment_id=18569'><img loading=\"lazy\" decoding=\"async\" width=\"150\" height=\"150\" src=\"https:\/\/sarimelekler.biz\/wp-content\/uploads\/2022\/12\/02-22-23-CL-7-150x150.jpg\" class=\"attachment-thumbnail size-thumbnail\" alt=\"\" data-attachment-id=\"18569\" data-permalink=\"https:\/\/sarimelekler.biz\/?attachment_id=18569\" data-orig-file=\"https:\/\/sarimelekler.biz\/wp-content\/uploads\/2022\/12\/02-22-23-CL-7-scaled.jpg\" data-orig-size=\"2560,1536\" data-comments-opened=\"0\" data-image-meta=\"{&quot;aperture&quot;:&quot;2.8&quot;,&quot;credit&quot;:&quot;Jens K\\u00f6rner&quot;,&quot;camera&quot;:&quot;NIKON Z 9&quot;,&quot;caption&quot;:&quot;&quot;,&quot;created_timestamp&quot;:&quot;1671648695&quot;,&quot;copyright&quot;:&quot;urheberrechtlich gesch\\u00fctzt \/ www.bildermacher-sport.de \/ all rights reserved&quot;,&quot;focal_length&quot;:&quot;135&quot;,&quot;iso&quot;:&quot;3200&quot;,&quot;shutter_speed&quot;:&quot;0.001&quot;,&quot;title&quot;:&quot;&quot;,&quot;orientation&quot;:&quot;0&quot;}\" data-image-title=\"02 -22-23 CL (7)\" data-image-description=\"\" data-image-caption=\"\" data-large-file=\"https:\/\/sarimelekler.biz\/wp-content\/uploads\/2022\/12\/02-22-23-CL-7-1024x614.jpg\" \/><\/a>\n\t\t\t<\/dt><\/dl><dl class='gallery-item'>\n\t\t\t<dt class='gallery-icon landscape'>\n\t\t\t\t<a href='https:\/\/sarimelekler.biz\/?attachment_id=18565'><img loading=\"lazy\" decoding=\"async\" width=\"150\" height=\"150\" src=\"https:\/\/sarimelekler.biz\/wp-content\/uploads\/2022\/12\/02-22-23-CL-3-150x150.jpg\" class=\"attachment-thumbnail size-thumbnail\" alt=\"\" data-attachment-id=\"18565\" data-permalink=\"https:\/\/sarimelekler.biz\/?attachment_id=18565\" data-orig-file=\"https:\/\/sarimelekler.biz\/wp-content\/uploads\/2022\/12\/02-22-23-CL-3-scaled.jpg\" data-orig-size=\"2560,1536\" data-comments-opened=\"0\" data-image-meta=\"{&quot;aperture&quot;:&quot;5&quot;,&quot;credit&quot;:&quot;Jens K\\u00f6rner&quot;,&quot;camera&quot;:&quot;NIKON Z 9&quot;,&quot;caption&quot;:&quot;&quot;,&quot;created_timestamp&quot;:&quot;1671645358&quot;,&quot;copyright&quot;:&quot;urheberrechtlich gesch\\u00fctzt \/ www.bildermacher-sport.de \/ all rights reserved&quot;,&quot;focal_length&quot;:&quot;42&quot;,&quot;iso&quot;:&quot;2500&quot;,&quot;shutter_speed&quot;:&quot;0.004&quot;,&quot;title&quot;:&quot;&quot;,&quot;orientation&quot;:&quot;0&quot;}\" data-image-title=\"02 -22-23 CL (3)\" data-image-description=\"\" data-image-caption=\"\" data-large-file=\"https:\/\/sarimelekler.biz\/wp-content\/uploads\/2022\/12\/02-22-23-CL-3-1024x614.jpg\" \/><\/a>\n\t\t\t<\/dt><\/dl>\n\t\t\t<br style='clear: both' \/>\n\t\t<\/div>\n\n<p style=\"text-align: justify;\">\n<p style=\"text-align: justify;\"><span style=\"font-size: 18px;\">Foto\u011fraf Kaynak:\u00a0<a href=\"https:\/\/championsleague.cev.eu\/en\/match-centres\/cev-champions-league-volley-2023\/cev-champions-league-volley-2023-women\/clvw-53-allianz-mtv-stuttgart-v-fenerbahce-opet-istanbul\/#gallery\" target=\"_blank\" rel=\"noopener\">CEV Resmi \u0130nternet Sitesi<\/a><\/span><\/p>\n<p style=\"text-align: justify;\"><span style=\"font-size: 18px;\">21.12.2022<\/span><\/p>\n","protected":false},"excerpt":{"rendered":"<p>Fenerbah\u00e7e Opet Kad\u0131n Voleybol Tak\u0131m\u0131m\u0131z CEV \u015eampiyonlar Ligi gruplar\u0131ndaki ikinci \u2026 <a class=\"continue-reading-link\" href=\"https:\/\/sarimelekler.biz\/?p=18562\">Okumaya Devam Et.. <span class=\"meta-nav\">&rarr; <\/span><\/a><\/p>\n","protected":false},"author":1,"featured_media":18563,"comment_status":"closed","ping_status":"open","sticky":false,"template":"","format":"standard","meta":{"jetpack_post_was_ever_published":false,"_jetpack_newsletter_access":"","_jetpack_dont_email_post_to_subs":false,"_jetpack_newsletter_tier_id":0,"_jetpack_memberships_contains_paywalled_content":false,"_jetpack_memberships_contains_paid_content":false,"footnotes":"","jetpack_publicize_message":"","jetpack_publicize_feature_enabled":true,"jetpack_social_post_already_shared":true,"jetpack_social_options":{"image_generator_settings":{"template":"highway","default_image_id":0,"font":"","enabled":false},"version":2}},"categories":[1],"tags":[],"class_list":["post-18562","post","type-post","status-publish","format-standard","has-post-thumbnail","hentry","category-avp"],"jetpack_publicize_connections":[],"jetpack_featured_media_url":"https:\/\/sarimelekler.biz\/wp-content\/uploads\/2022\/12\/02-22-23-CL-1-scaled.jpg","jetpack_sharing_enabled":true,"jetpack_shortlink":"https:\/\/wp.me\/p8npUZ-4Po","jetpack-related-posts":[{"id":20787,"url":"https:\/\/sarimelekler.biz\/?p=20787","url_meta":{"origin":18562,"position":0},"title":"Final Serisi 1-1 Oldu \/ Fenerbah\u00e7e Opet:2 \u2013 Eczac\u0131ba\u015f\u0131 Dynavit:3","author":"Edit\u00f6r","date":"13 Nisan 2024","format":false,"excerpt":"Fenerbah\u00e7e Opet Kad\u0131n Voleybol Tak\u0131m\u0131m\u0131z, Vodafone Sultanlar Ligi final serisi ikinci ma\u00e7\u0131nda ev sahibi tak\u0131m\u0131 olarak kar\u015f\u0131la\u015ft\u0131\u011f\u0131 Eczac\u0131ba\u015f\u0131 Dynavit tak\u0131m\u0131na 25-21, 22-25, 25-14, 14-25 ve 9-15\u2019lik set skorlar\u0131yla 3-2 ma\u011flup oldu ve final serisi 1-1\u2019e geldi. Ma\u00e7a Eda, Asl\u0131, Ana Cristina, Vargas, Fedorovtseva, Drca ve libero Gizem kadrosuyla ba\u015flayan tak\u0131m\u0131m\u0131zda,\u2026","rel":"","context":"&quot;T\u00fcrkiye Ligi&quot; i\u00e7inde","block_context":{"text":"T\u00fcrkiye Ligi","link":"https:\/\/sarimelekler.biz\/?cat=6"},"img":{"alt_text":"","src":"https:\/\/i0.wp.com\/sarimelekler.biz\/wp-content\/uploads\/2024\/04\/30-23-24-8-scaled.jpg?resize=350%2C200&ssl=1","width":350,"height":200,"srcset":"https:\/\/i0.wp.com\/sarimelekler.biz\/wp-content\/uploads\/2024\/04\/30-23-24-8-scaled.jpg?resize=350%2C200&ssl=1 1x, https:\/\/i0.wp.com\/sarimelekler.biz\/wp-content\/uploads\/2024\/04\/30-23-24-8-scaled.jpg?resize=525%2C300&ssl=1 1.5x, https:\/\/i0.wp.com\/sarimelekler.biz\/wp-content\/uploads\/2024\/04\/30-23-24-8-scaled.jpg?resize=700%2C400&ssl=1 2x, https:\/\/i0.wp.com\/sarimelekler.biz\/wp-content\/uploads\/2024\/04\/30-23-24-8-scaled.jpg?resize=1050%2C600&ssl=1 3x, https:\/\/i0.wp.com\/sarimelekler.biz\/wp-content\/uploads\/2024\/04\/30-23-24-8-scaled.jpg?resize=1400%2C800&ssl=1 4x"},"classes":[]},{"id":20527,"url":"https:\/\/sarimelekler.biz\/?p=20527","url_meta":{"origin":18562,"position":1},"title":"\u015eampiyonlar Ligine Yar\u0131 Finalde Veda Ettik \/ Fenerbah\u00e7e Opet:3 \u2013 Allianz Vero Volley Milano:2","author":"Edit\u00f6r","date":"19 Mart 2024","format":false,"excerpt":"Fenerbah\u00e7e Opet Kad\u0131n Voleybol Tak\u0131m\u0131m\u0131z \u015eampiyonlar Ligi yar\u0131 final ikinci ma\u00e7\u0131nda konuk etti\u011fi \u0130talya temsilcisi Allianz Vero Volley Milano tak\u0131m\u0131n\u0131 toplamda 3-2 yenmesine ra\u011fmen ilk ma\u00e7\u0131 3-0 kaybetti\u011fi i\u00e7in \u015eampiyonlar Ligine yar\u0131 finalde alt\u0131n setle veda etti. Ma\u00e7\u0131 25-15, 26-28, 25-22 ve 25-23\u2019l\u00fck set skorlar\u0131yla 3-1 kazanan tak\u0131m\u0131m\u0131z turu alt\u0131n\u2026","rel":"","context":"&quot;Avrupa Kupalar\u0131&quot; i\u00e7inde","block_context":{"text":"Avrupa Kupalar\u0131","link":"https:\/\/sarimelekler.biz\/?cat=1"},"img":{"alt_text":"","src":"https:\/\/i0.wp.com\/sarimelekler.biz\/wp-content\/uploads\/2024\/03\/10-23-24-CL-8-2-scaled.jpg?resize=350%2C200&ssl=1","width":350,"height":200,"srcset":"https:\/\/i0.wp.com\/sarimelekler.biz\/wp-content\/uploads\/2024\/03\/10-23-24-CL-8-2-scaled.jpg?resize=350%2C200&ssl=1 1x, https:\/\/i0.wp.com\/sarimelekler.biz\/wp-content\/uploads\/2024\/03\/10-23-24-CL-8-2-scaled.jpg?resize=525%2C300&ssl=1 1.5x, https:\/\/i0.wp.com\/sarimelekler.biz\/wp-content\/uploads\/2024\/03\/10-23-24-CL-8-2-scaled.jpg?resize=700%2C400&ssl=1 2x, https:\/\/i0.wp.com\/sarimelekler.biz\/wp-content\/uploads\/2024\/03\/10-23-24-CL-8-2-scaled.jpg?resize=1050%2C600&ssl=1 3x, https:\/\/i0.wp.com\/sarimelekler.biz\/wp-content\/uploads\/2024\/03\/10-23-24-CL-8-2-scaled.jpg?resize=1400%2C800&ssl=1 4x"},"classes":[]},{"id":18542,"url":"https:\/\/sarimelekler.biz\/?p=18542","url_meta":{"origin":18562,"position":2},"title":"Fenerbah\u00e7e Opet:3 \u2013 Sigorta Shop:1","author":"Edit\u00f6r","date":"18 Aral\u0131k 2022","format":false,"excerpt":"Fenerbah\u00e7e Opet Kad\u0131n Voleybol Tak\u0131m\u0131m\u0131z misli.com Sultanlar Ligi 11. hafta ma\u00e7\u0131nda konuk etti\u011fi Sigorta Shop tak\u0131m\u0131n\u0131 25-13, 18-25, 25-12 ve 25-16\u2019l\u0131k set skorlar\u0131yla 3-1 ma\u011flup etti. Ma\u00e7a Eda, Meliha, Asl\u0131, Macris, Fedorovtseva, Lazareva ve libero Gizem kadrosuyla ba\u015flayan tak\u0131m\u0131m\u0131zda yedek oyuncular\u0131m\u0131zdan Ana Cristina, Buse ve Cansu\u2019da s\u00fcre ald\u0131. Ma\u00e7\u0131 24\u2026","rel":"","context":"&quot;T\u00fcrkiye Ligi&quot; i\u00e7inde","block_context":{"text":"T\u00fcrkiye Ligi","link":"https:\/\/sarimelekler.biz\/?cat=6"},"img":{"alt_text":"","src":"https:\/\/i0.wp.com\/sarimelekler.biz\/wp-content\/uploads\/2022\/12\/11-22-23-7.jpg?resize=350%2C200&ssl=1","width":350,"height":200,"srcset":"https:\/\/i0.wp.com\/sarimelekler.biz\/wp-content\/uploads\/2022\/12\/11-22-23-7.jpg?resize=350%2C200&ssl=1 1x, https:\/\/i0.wp.com\/sarimelekler.biz\/wp-content\/uploads\/2022\/12\/11-22-23-7.jpg?resize=525%2C300&ssl=1 1.5x, https:\/\/i0.wp.com\/sarimelekler.biz\/wp-content\/uploads\/2022\/12\/11-22-23-7.jpg?resize=700%2C400&ssl=1 2x, https:\/\/i0.wp.com\/sarimelekler.biz\/wp-content\/uploads\/2022\/12\/11-22-23-7.jpg?resize=1050%2C600&ssl=1 3x, https:\/\/i0.wp.com\/sarimelekler.biz\/wp-content\/uploads\/2022\/12\/11-22-23-7.jpg?resize=1400%2C800&ssl=1 4x"},"classes":[]},{"id":18867,"url":"https:\/\/sarimelekler.biz\/?p=18867","url_meta":{"origin":18562,"position":3},"title":"Fenerbah\u00e7e Opet:3 \u2013 LKS Commercecon Lodz:0","author":"Edit\u00f6r","date":"15 \u015eubat 2023","format":false,"excerpt":"Fenerbah\u00e7e Opet Kad\u0131n Voleybol Tak\u0131m\u0131m\u0131z 2023 CEV \u015eampiyonlar Ligi gruplar\u0131ndaki 6. ve son ma\u00e7\u0131nda Polonya temsilcisi LKS Commercecon Lodz tak\u0131m\u0131n\u0131 25-22, 25-16 ve 28-26\u2019l\u0131k set skorlar\u0131yla 3-0 ma\u011flup ederek puan\u0131n\u0131 13\u2019e \u00e7\u0131kard\u0131. Bu sonu\u00e7la D grubunu ayn\u0131 puandaki Allianz MTV Stuttgart tak\u0131m\u0131n\u0131n ard\u0131ndan 2. s\u0131rada bitirdi. Tak\u0131m\u0131m\u0131z \u00c7eyrek Finale y\u00fckselebilmek\u2026","rel":"","context":"&quot;Avrupa Kupalar\u0131&quot; i\u00e7inde","block_context":{"text":"Avrupa Kupalar\u0131","link":"https:\/\/sarimelekler.biz\/?cat=1"},"img":{"alt_text":"","src":"https:\/\/i0.wp.com\/sarimelekler.biz\/wp-content\/uploads\/2023\/02\/22-23-6-CL-1.jpg?resize=350%2C200&ssl=1","width":350,"height":200,"srcset":"https:\/\/i0.wp.com\/sarimelekler.biz\/wp-content\/uploads\/2023\/02\/22-23-6-CL-1.jpg?resize=350%2C200&ssl=1 1x, https:\/\/i0.wp.com\/sarimelekler.biz\/wp-content\/uploads\/2023\/02\/22-23-6-CL-1.jpg?resize=525%2C300&ssl=1 1.5x, https:\/\/i0.wp.com\/sarimelekler.biz\/wp-content\/uploads\/2023\/02\/22-23-6-CL-1.jpg?resize=700%2C400&ssl=1 2x, https:\/\/i0.wp.com\/sarimelekler.biz\/wp-content\/uploads\/2023\/02\/22-23-6-CL-1.jpg?resize=1050%2C600&ssl=1 3x, https:\/\/i0.wp.com\/sarimelekler.biz\/wp-content\/uploads\/2023\/02\/22-23-6-CL-1.jpg?resize=1400%2C800&ssl=1 4x"},"classes":[]},{"id":20504,"url":"https:\/\/sarimelekler.biz\/?p=20504","url_meta":{"origin":18562,"position":4},"title":"Fenerbah\u00e7e Opet:3 \u2013 \u00c7ukurova Belediyesi:1","author":"Edit\u00f6r","date":"16 Mart 2024","format":false,"excerpt":"Fenerbah\u00e7e Opet Kad\u0131n Voleybol Tak\u0131m\u0131m\u0131z, Vodafone Sultanlar Ligi 26. ma\u00e7\u0131nda konuk etti\u011fi \u00c7ukurova Belediyesi tak\u0131m\u0131n\u0131 25-19, 20-25, 25-20 ve 25-11\u2019lik set skorlar\u0131yla 3-1 ma\u011flup etti. Ma\u00e7a Asl\u0131, Meliha, Fetisova, Fedorovtseva, Vargas, Drca ve libero Gizem kadrosuyla ba\u015flayan tak\u0131m\u0131m\u0131zda, Stysiak, Buse ve Ana Cristina\u2019da s\u00fcre ald\u0131. Ma\u00e7\u0131 23 say\u0131yla tamamlayan Vargas\u2026","rel":"","context":"&quot;T\u00fcrkiye Ligi&quot; i\u00e7inde","block_context":{"text":"T\u00fcrkiye Ligi","link":"https:\/\/sarimelekler.biz\/?cat=6"},"img":{"alt_text":"","src":"https:\/\/i0.wp.com\/sarimelekler.biz\/wp-content\/uploads\/2024\/03\/26-23-24-13-scaled.jpg?resize=350%2C200&ssl=1","width":350,"height":200,"srcset":"https:\/\/i0.wp.com\/sarimelekler.biz\/wp-content\/uploads\/2024\/03\/26-23-24-13-scaled.jpg?resize=350%2C200&ssl=1 1x, https:\/\/i0.wp.com\/sarimelekler.biz\/wp-content\/uploads\/2024\/03\/26-23-24-13-scaled.jpg?resize=525%2C300&ssl=1 1.5x, https:\/\/i0.wp.com\/sarimelekler.biz\/wp-content\/uploads\/2024\/03\/26-23-24-13-scaled.jpg?resize=700%2C400&ssl=1 2x, https:\/\/i0.wp.com\/sarimelekler.biz\/wp-content\/uploads\/2024\/03\/26-23-24-13-scaled.jpg?resize=1050%2C600&ssl=1 3x, https:\/\/i0.wp.com\/sarimelekler.biz\/wp-content\/uploads\/2024\/03\/26-23-24-13-scaled.jpg?resize=1400%2C800&ssl=1 4x"},"classes":[]},{"id":19053,"url":"https:\/\/sarimelekler.biz\/?p=19053","url_meta":{"origin":18562,"position":5},"title":"Sar\u0131 Melekler \u015eampiyonlar Liginde Yar\u0131 Finale Y\u00fckseldi","author":"Edit\u00f6r","date":"24 Mart 2023","format":false,"excerpt":"A. Carraro Imoco Conegliano:3 \u2013 Fenerbah\u00e7e Opet:2 Fenerbah\u00e7e Opet Kad\u0131n Voleybol Tak\u0131m\u0131m\u0131z 2023 CEV \u015eampiyonlar Ligi \u00c7eyrek Final ikinci ma\u00e7\u0131nda konuk oldu\u011fu \u0130talyan ekibi A. Carraro Imoco Conegliano tak\u0131m\u0131na 23-25, 15-25, 25-23, 25-20 ve 15-13\u2019lik set skorlar\u0131yla 3-2 ma\u011flup oldu. \u0130lk ma\u00e7\u0131 3-0 kazanan tak\u0131m\u0131m\u0131z bu ma\u00e7ta ald\u0131\u011f\u0131 2 setle\u2026","rel":"","context":"&quot;Avrupa Kupalar\u0131&quot; i\u00e7inde","block_context":{"text":"Avrupa Kupalar\u0131","link":"https:\/\/sarimelekler.biz\/?cat=1"},"img":{"alt_text":"","src":"https:\/\/i0.wp.com\/sarimelekler.biz\/wp-content\/uploads\/2023\/03\/10-22-23-CL-23.jpg?resize=350%2C200&ssl=1","width":350,"height":200,"srcset":"https:\/\/i0.wp.com\/sarimelekler.biz\/wp-content\/uploads\/2023\/03\/10-22-23-CL-23.jpg?resize=350%2C200&ssl=1 1x, https:\/\/i0.wp.com\/sarimelekler.biz\/wp-content\/uploads\/2023\/03\/10-22-23-CL-23.jpg?resize=525%2C300&ssl=1 1.5x, https:\/\/i0.wp.com\/sarimelekler.biz\/wp-content\/uploads\/2023\/03\/10-22-23-CL-23.jpg?resize=700%2C400&ssl=1 2x, https:\/\/i0.wp.com\/sarimelekler.biz\/wp-content\/uploads\/2023\/03\/10-22-23-CL-23.jpg?resize=1050%2C600&ssl=1 3x, https:\/\/i0.wp.com\/sarimelekler.biz\/wp-content\/uploads\/2023\/03\/10-22-23-CL-23.jpg?resize=1400%2C800&ssl=1 4x"},"classes":[]}],"_links":{"self":[{"href":"https:\/\/sarimelekler.biz\/index.php?rest_route=\/wp\/v2\/posts\/18562","targetHints":{"allow":["GET"]}}],"collection":[{"href":"https:\/\/sarimelekler.biz\/index.php?rest_route=\/wp\/v2\/posts"}],"about":[{"href":"https:\/\/sarimelekler.biz\/index.php?rest_route=\/wp\/v2\/types\/post"}],"author":[{"embeddable":true,"href":"https:\/\/sarimelekler.biz\/index.php?rest_route=\/wp\/v2\/users\/1"}],"replies":[{"embeddable":true,"href":"https:\/\/sarimelekler.biz\/index.php?rest_route=%2Fwp%2Fv2%2Fcomments&post=18562"}],"version-history":[{"count":4,"href":"https:\/\/sarimelekler.biz\/index.php?rest_route=\/wp\/v2\/posts\/18562\/revisions"}],"predecessor-version":[{"id":18580,"href":"https:\/\/sarimelekler.biz\/index.php?rest_route=\/wp\/v2\/posts\/18562\/revisions\/18580"}],"wp:featuredmedia":[{"embeddable":true,"href":"https:\/\/sarimelekler.biz\/index.php?rest_route=\/wp\/v2\/media\/18563"}],"wp:attachment":[{"href":"https:\/\/sarimelekler.biz\/index.php?rest_route=%2Fwp%2Fv2%2Fmedia&parent=18562"}],"wp:term":[{"taxonomy":"category","embeddable":true,"href":"https:\/\/sarimelekler.biz\/index.php?rest_route=%2Fwp%2Fv2%2Fcategories&post=18562"},{"taxonomy":"post_tag","embeddable":true,"href":"https:\/\/sarimelekler.biz\/index.php?rest_route=%2Fwp%2Fv2%2Ftags&post=18562"}],"curies":[{"name":"wp","href":"https:\/\/api.w.org\/{rel}","templated":true}]}}