{"id":18635,"date":"2023-01-12T00:09:52","date_gmt":"2023-01-11T21:09:52","guid":{"rendered":"https:\/\/sarimelekler.biz\/?p=18635"},"modified":"2023-01-12T00:09:54","modified_gmt":"2023-01-11T21:09:54","slug":"lks-commercecon-lodz3-fenerbahce-opet1","status":"publish","type":"post","link":"https:\/\/sarimelekler.biz\/?p=18635","title":{"rendered":"LKS Commercecon Lodz:3 \u2013 Fenerbah\u00e7e Opet:1"},"content":{"rendered":"\n<p style=\"text-align: justify;\"><span style=\"font-size: 18px;\">Fenerbah\u00e7e Opet Kad\u0131n Voleybol Tak\u0131m\u0131m\u0131z 2023 CEV \u015eampiyonlar Ligi D Grubu \u00fc\u00e7\u00fcnc\u00fc ma\u00e7\u0131nda Polonya temsilcisi LKS Commercecon Lodz tak\u0131m\u0131na <strong>3-1 (\u00dc\u00c7-B\u0130R)<\/strong> MA\u011eLUP OLDU.<\/span><\/p>\n<p style=\"text-align: justify;\"><span style=\"font-size: 18px;\">Sezona t\u00fcm kulvarlarda \u015eAMP\u0130YONLUK parolas\u0131yla ba\u015flayan tak\u0131m\u0131m\u0131z \u015eampiyonlar Liginde ad\u0131, san\u0131, ba\u015far\u0131s\u0131 belli olmayan tak\u0131mlara 3 ma\u00e7ta 2 kez ma\u011flup oldu.<\/span><\/p>\n<p style=\"text-align: justify;\"><span style=\"font-size: 18px;\">S\u00fcperstar Ba\u015fantren\u00f6r\u00fcm\u00fcz Zoran TERZ\u0130C bu ma\u011flubiyetlere bir \u00e7\u00f6z\u00fcm bulamad\u0131!<\/span><\/p>\n\n\t\t<style type=\"text\/css\">\n\t\t\t#gallery-1 {\n\t\t\t\tmargin: auto;\n\t\t\t}\n\t\t\t#gallery-1 .gallery-item {\n\t\t\t\tfloat: left;\n\t\t\t\tmargin-top: 10px;\n\t\t\t\ttext-align: center;\n\t\t\t\twidth: 100%;\n\t\t\t}\n\t\t\t#gallery-1 img {\n\t\t\t\tborder: 2px solid #cfcfcf;\n\t\t\t}\n\t\t\t#gallery-1 .gallery-caption {\n\t\t\t\tmargin-left: 0;\n\t\t\t}\n\t\t\t\/* see gallery_shortcode() in wp-includes\/media.php *\/\n\t\t<\/style>\n\t\t<div data-carousel-extra='{&quot;blog_id&quot;:1,&quot;permalink&quot;:&quot;https:\/\/sarimelekler.biz\/?p=18635&quot;}' id='gallery-1' class='gallery galleryid-18635 gallery-columns-1 gallery-size-full'><dl class='gallery-item'>\n\t\t\t<dt class='gallery-icon landscape'>\n\t\t\t\t<a href='https:\/\/sarimelekler.biz\/?attachment_id=18636'><img loading=\"lazy\" decoding=\"async\" width=\"1440\" height=\"911\" src=\"https:\/\/sarimelekler.biz\/wp-content\/uploads\/2023\/01\/FiPWfbTWAAATsKG.jpg\" class=\"attachment-full size-full\" alt=\"\" srcset=\"https:\/\/sarimelekler.biz\/wp-content\/uploads\/2023\/01\/FiPWfbTWAAATsKG.jpg 1440w, https:\/\/sarimelekler.biz\/wp-content\/uploads\/2023\/01\/FiPWfbTWAAATsKG-300x190.jpg 300w, https:\/\/sarimelekler.biz\/wp-content\/uploads\/2023\/01\/FiPWfbTWAAATsKG-1024x648.jpg 1024w, https:\/\/sarimelekler.biz\/wp-content\/uploads\/2023\/01\/FiPWfbTWAAATsKG-768x486.jpg 768w, https:\/\/sarimelekler.biz\/wp-content\/uploads\/2023\/01\/FiPWfbTWAAATsKG-150x95.jpg 150w\" sizes=\"auto, (max-width: 1440px) 100vw, 1440px\" data-attachment-id=\"18636\" data-permalink=\"https:\/\/sarimelekler.biz\/?attachment_id=18636\" data-orig-file=\"https:\/\/sarimelekler.biz\/wp-content\/uploads\/2023\/01\/FiPWfbTWAAATsKG.jpg\" data-orig-size=\"1440,911\" data-comments-opened=\"0\" data-image-meta=\"{&quot;aperture&quot;:&quot;0&quot;,&quot;credit&quot;:&quot;&quot;,&quot;camera&quot;:&quot;&quot;,&quot;caption&quot;:&quot;&quot;,&quot;created_timestamp&quot;:&quot;0&quot;,&quot;copyright&quot;:&quot;&quot;,&quot;focal_length&quot;:&quot;0&quot;,&quot;iso&quot;:&quot;0&quot;,&quot;shutter_speed&quot;:&quot;0&quot;,&quot;title&quot;:&quot;&quot;,&quot;orientation&quot;:&quot;0&quot;}\" data-image-title=\"FiPWfbTWAAATsKG\" data-image-description=\"\" data-image-caption=\"\" data-large-file=\"https:\/\/sarimelekler.biz\/wp-content\/uploads\/2023\/01\/FiPWfbTWAAATsKG-1024x648.jpg\" \/><\/a>\n\t\t\t<\/dt><\/dl><br style=\"clear: both\" \/>\n\t\t<\/div>\n\n","protected":false},"excerpt":{"rendered":"<p>Fenerbah\u00e7e Opet Kad\u0131n Voleybol Tak\u0131m\u0131m\u0131z 2023 CEV \u015eampiyonlar Ligi D \u2026 <a class=\"continue-reading-link\" href=\"https:\/\/sarimelekler.biz\/?p=18635\">Okumaya Devam Et.. <span class=\"meta-nav\">&rarr; <\/span><\/a><\/p>\n","protected":false},"author":1,"featured_media":18636,"comment_status":"closed","ping_status":"open","sticky":false,"template":"","format":"standard","meta":{"jetpack_post_was_ever_published":false,"_jetpack_newsletter_access":"","_jetpack_dont_email_post_to_subs":false,"_jetpack_newsletter_tier_id":0,"_jetpack_memberships_contains_paywalled_content":false,"_jetpack_memberships_contains_paid_content":false,"footnotes":"","jetpack_publicize_message":"","jetpack_publicize_feature_enabled":true,"jetpack_social_post_already_shared":true,"jetpack_social_options":{"image_generator_settings":{"template":"highway","default_image_id":0,"font":"","enabled":false},"version":2}},"categories":[1],"tags":[],"class_list":["post-18635","post","type-post","status-publish","format-standard","has-post-thumbnail","hentry","category-avp"],"jetpack_publicize_connections":[],"jetpack_featured_media_url":"https:\/\/sarimelekler.biz\/wp-content\/uploads\/2023\/01\/FiPWfbTWAAATsKG.jpg","jetpack_sharing_enabled":true,"jetpack_shortlink":"https:\/\/wp.me\/p8npUZ-4Qz","jetpack-related-posts":[{"id":18867,"url":"https:\/\/sarimelekler.biz\/?p=18867","url_meta":{"origin":18635,"position":0},"title":"Fenerbah\u00e7e Opet:3 \u2013 LKS Commercecon Lodz:0","author":"Edit\u00f6r","date":"15 \u015eubat 2023","format":false,"excerpt":"Fenerbah\u00e7e Opet Kad\u0131n Voleybol Tak\u0131m\u0131m\u0131z 2023 CEV \u015eampiyonlar Ligi gruplar\u0131ndaki 6. ve son ma\u00e7\u0131nda Polonya temsilcisi LKS Commercecon Lodz tak\u0131m\u0131n\u0131 25-22, 25-16 ve 28-26\u2019l\u0131k set skorlar\u0131yla 3-0 ma\u011flup ederek puan\u0131n\u0131 13\u2019e \u00e7\u0131kard\u0131. Bu sonu\u00e7la D grubunu ayn\u0131 puandaki Allianz MTV Stuttgart tak\u0131m\u0131n\u0131n ard\u0131ndan 2. s\u0131rada bitirdi. Tak\u0131m\u0131m\u0131z \u00c7eyrek Finale y\u00fckselebilmek\u2026","rel":"","context":"&quot;Avrupa Kupalar\u0131&quot; i\u00e7inde","block_context":{"text":"Avrupa Kupalar\u0131","link":"https:\/\/sarimelekler.biz\/?cat=1"},"img":{"alt_text":"","src":"https:\/\/i0.wp.com\/sarimelekler.biz\/wp-content\/uploads\/2023\/02\/22-23-6-CL-1.jpg?resize=350%2C200&ssl=1","width":350,"height":200,"srcset":"https:\/\/i0.wp.com\/sarimelekler.biz\/wp-content\/uploads\/2023\/02\/22-23-6-CL-1.jpg?resize=350%2C200&ssl=1 1x, https:\/\/i0.wp.com\/sarimelekler.biz\/wp-content\/uploads\/2023\/02\/22-23-6-CL-1.jpg?resize=525%2C300&ssl=1 1.5x, https:\/\/i0.wp.com\/sarimelekler.biz\/wp-content\/uploads\/2023\/02\/22-23-6-CL-1.jpg?resize=700%2C400&ssl=1 2x, https:\/\/i0.wp.com\/sarimelekler.biz\/wp-content\/uploads\/2023\/02\/22-23-6-CL-1.jpg?resize=1050%2C600&ssl=1 3x, https:\/\/i0.wp.com\/sarimelekler.biz\/wp-content\/uploads\/2023\/02\/22-23-6-CL-1.jpg?resize=1400%2C800&ssl=1 4x"},"classes":[]},{"id":18694,"url":"https:\/\/sarimelekler.biz\/?p=18694","url_meta":{"origin":18635,"position":1},"title":"Tenerife La Laguna:0 \u2013 Fenerbah\u00e7e Opet:3","author":"Edit\u00f6r","date":"2 \u015eubat 2023","format":false,"excerpt":"Fenerbah\u00e7e Opet Kad\u0131n Voleybol Tak\u0131m\u0131m\u0131z 2023 CEV \u015eampiyonlar Ligi gruplar\u0131ndaki 5. ma\u00e7\u0131nda deplasmanda kar\u015f\u0131la\u015ft\u0131\u011f\u0131 \u0130spanyol temsilcisi Tenerife La Laguna tak\u0131m\u0131n\u0131 18-25, 20-25 ve 24-26\u2019l\u0131k set skorlar\u0131yla 3-0 ma\u011flup ederek puan\u0131n\u0131 10\u2019a \u00e7\u0131kard\u0131. Ma\u00e7a Eda, Asl\u0131, Buse, \u00a0Meliha, Ana Cristina, Lazareva ve libero Cansu kadrosuyla ba\u015flayan tak\u0131m\u0131m\u0131zda yedek oyuncular\u0131m\u0131zdan s\u00fcre alan\u2026","rel":"","context":"&quot;Avrupa Kupalar\u0131&quot; i\u00e7inde","block_context":{"text":"Avrupa Kupalar\u0131","link":"https:\/\/sarimelekler.biz\/?cat=1"},"img":{"alt_text":"","src":"https:\/\/i0.wp.com\/sarimelekler.biz\/wp-content\/uploads\/2023\/02\/22-23-5-CL-11.jpg?resize=350%2C200&ssl=1","width":350,"height":200,"srcset":"https:\/\/i0.wp.com\/sarimelekler.biz\/wp-content\/uploads\/2023\/02\/22-23-5-CL-11.jpg?resize=350%2C200&ssl=1 1x, https:\/\/i0.wp.com\/sarimelekler.biz\/wp-content\/uploads\/2023\/02\/22-23-5-CL-11.jpg?resize=525%2C300&ssl=1 1.5x, https:\/\/i0.wp.com\/sarimelekler.biz\/wp-content\/uploads\/2023\/02\/22-23-5-CL-11.jpg?resize=700%2C400&ssl=1 2x, https:\/\/i0.wp.com\/sarimelekler.biz\/wp-content\/uploads\/2023\/02\/22-23-5-CL-11.jpg?resize=1050%2C600&ssl=1 3x, https:\/\/i0.wp.com\/sarimelekler.biz\/wp-content\/uploads\/2023\/02\/22-23-5-CL-11.jpg?resize=1400%2C800&ssl=1 4x"},"classes":[]},{"id":18717,"url":"https:\/\/sarimelekler.biz\/?p=18717","url_meta":{"origin":18635,"position":2},"title":"Fenerbah\u00e7e Opet:3 \u2013 Vak\u0131fbank:0","author":"Edit\u00f6r","date":"5 \u015eubat 2023","format":false,"excerpt":"Fenerbah\u00e7e Opet Kad\u0131n Voleybol Tak\u0131m\u0131m\u0131z misli.com Sultanlar Ligi 17. hafta ma\u00e7\u0131nda konuk etti\u011fi Vak\u0131fbank tak\u0131m\u0131n\u0131 25-20, 25-18 ve 33-31\u2019lik set skorlar\u0131yla 3-0 ma\u011flup etti. Ma\u00e7a Eda, Meliha, Vargas, Macris, Fedorovtseva, Vuchkova ve libero Gizem kadrosuyla ba\u015flayan tak\u0131m\u0131m\u0131zda yedek oyuncular\u0131m\u0131zdan Ana Cristina, Lazerava, Buse ve Cansu\u2019da s\u00fcre ald\u0131. Ma\u00e7\u0131 23 say\u0131yla\u2026","rel":"","context":"&quot;T\u00fcrkiye Ligi&quot; i\u00e7inde","block_context":{"text":"T\u00fcrkiye Ligi","link":"https:\/\/sarimelekler.biz\/?cat=6"},"img":{"alt_text":"","src":"https:\/\/i0.wp.com\/sarimelekler.biz\/wp-content\/uploads\/2023\/02\/17-22-23-24-scaled.jpeg?resize=350%2C200&ssl=1","width":350,"height":200,"srcset":"https:\/\/i0.wp.com\/sarimelekler.biz\/wp-content\/uploads\/2023\/02\/17-22-23-24-scaled.jpeg?resize=350%2C200&ssl=1 1x, https:\/\/i0.wp.com\/sarimelekler.biz\/wp-content\/uploads\/2023\/02\/17-22-23-24-scaled.jpeg?resize=525%2C300&ssl=1 1.5x, https:\/\/i0.wp.com\/sarimelekler.biz\/wp-content\/uploads\/2023\/02\/17-22-23-24-scaled.jpeg?resize=700%2C400&ssl=1 2x, https:\/\/i0.wp.com\/sarimelekler.biz\/wp-content\/uploads\/2023\/02\/17-22-23-24-scaled.jpeg?resize=1050%2C600&ssl=1 3x, https:\/\/i0.wp.com\/sarimelekler.biz\/wp-content\/uploads\/2023\/02\/17-22-23-24-scaled.jpeg?resize=1400%2C800&ssl=1 4x"},"classes":[]},{"id":12404,"url":"https:\/\/sarimelekler.biz\/?p=12404","url_meta":{"origin":18635,"position":3},"title":"Fenerbah\u00e7e Opet, CEV \u015eampiyonlar Ligi\u2019ndeki ilk ma\u00e7\u0131na \u00e7\u0131k\u0131yor","author":"Edit\u00f6r","date":"18 Kas\u0131m 2019","format":false,"excerpt":"Kad\u0131n Voleybol Tak\u0131m\u0131m\u0131z Fenerbah\u00e7e Opet\u2019in 2019-2020 Sezonu CEV \u015eampiyonlar Ligi maceras\u0131 ba\u015fl\u0131yor. Tak\u0131m\u0131m\u0131z, CEV \u015eampiyonlar Ligi A Grubu ilk ma\u00e7\u0131nda yar\u0131n saat 17.30\u2019da deplasman tak\u0131m\u0131 olarak Eczac\u0131ba\u015f\u0131 Vitra ile kar\u015f\u0131la\u015facak. Burhan Felek Voleybol Salonu\u2019nda oynanacak m\u00fccadele Spor Smart\u2019tan canl\u0131 olarak ekranlara gelecek. Sar\u0131 Melekler, bir di\u011fer T\u00fcrk temsilcisi Eczaciba\u015f\u0131 Vitra,\u2026","rel":"","context":"&quot;Avrupa Kupalar\u0131&quot; i\u00e7inde","block_context":{"text":"Avrupa Kupalar\u0131","link":"https:\/\/sarimelekler.biz\/?cat=1"},"img":{"alt_text":"","src":"https:\/\/i0.wp.com\/sarimelekler.biz\/wp-content\/uploads\/2019\/10\/3-19-20-21.jpg?resize=350%2C200&ssl=1","width":350,"height":200,"srcset":"https:\/\/i0.wp.com\/sarimelekler.biz\/wp-content\/uploads\/2019\/10\/3-19-20-21.jpg?resize=350%2C200&ssl=1 1x, https:\/\/i0.wp.com\/sarimelekler.biz\/wp-content\/uploads\/2019\/10\/3-19-20-21.jpg?resize=525%2C300&ssl=1 1.5x, https:\/\/i0.wp.com\/sarimelekler.biz\/wp-content\/uploads\/2019\/10\/3-19-20-21.jpg?resize=700%2C400&ssl=1 2x, https:\/\/i0.wp.com\/sarimelekler.biz\/wp-content\/uploads\/2019\/10\/3-19-20-21.jpg?resize=1050%2C600&ssl=1 3x, https:\/\/i0.wp.com\/sarimelekler.biz\/wp-content\/uploads\/2019\/10\/3-19-20-21.jpg?resize=1400%2C800&ssl=1 4x"},"classes":[]},{"id":12467,"url":"https:\/\/sarimelekler.biz\/?p=12467","url_meta":{"origin":18635,"position":4},"title":"Aylin Sar\u0131o\u011flu ve Kelsey Robinson,  Budowlani Lodz Ma\u00e7\u0131 \u00d6ncesi A\u00e7\u0131klamalarda Bulundular","author":"Edit\u00f6r","date":"28 Kas\u0131m 2019","format":false,"excerpt":"Kad\u0131n Voleybol Tak\u0131m\u0131m\u0131z Fenerbah\u00e7e Opet, CEV \u015eampiyonlar Ligi A Grubu ikinci ma\u00e7\u0131nda 28.11.2019 Per\u015fembe g\u00fcn\u00fc saat: 19.00\u2019da Budowlani Lodz ile kar\u015f\u0131la\u015facak. Oyuncular\u0131m\u0131z Aylin Sar\u0131o\u011flu ve Kelsey Robinson bu ma\u00e7 \u00f6ncesinde kul\u00fcb\u00fcm\u00fcz\u00fcn resmi internet sitesine a\u00e7\u0131klamalarda bulundu. Tak\u0131m olarak kazanmaya odakland\u0131klar\u0131n\u0131 vurgulayan Aylin Sar\u0131o\u011flu, \u201c\u015eampiyonlar Ligi\u2019nde ikinci ma\u00e7\u0131m\u0131za \u00e7\u0131k\u0131yoruz, ayn\u0131 zamanda\u2026","rel":"","context":"&quot;Avrupa Kupalar\u0131&quot; i\u00e7inde","block_context":{"text":"Avrupa Kupalar\u0131","link":"https:\/\/sarimelekler.biz\/?cat=1"},"img":{"alt_text":"","src":"https:\/\/i0.wp.com\/sarimelekler.biz\/wp-content\/uploads\/2019\/11\/02-19-20-CL-Aylin-Kelsey-A%C3%A7%C4%B1klama-2.jpg?resize=350%2C200&ssl=1","width":350,"height":200,"srcset":"https:\/\/i0.wp.com\/sarimelekler.biz\/wp-content\/uploads\/2019\/11\/02-19-20-CL-Aylin-Kelsey-A%C3%A7%C4%B1klama-2.jpg?resize=350%2C200&ssl=1 1x, https:\/\/i0.wp.com\/sarimelekler.biz\/wp-content\/uploads\/2019\/11\/02-19-20-CL-Aylin-Kelsey-A%C3%A7%C4%B1klama-2.jpg?resize=525%2C300&ssl=1 1.5x, https:\/\/i0.wp.com\/sarimelekler.biz\/wp-content\/uploads\/2019\/11\/02-19-20-CL-Aylin-Kelsey-A%C3%A7%C4%B1klama-2.jpg?resize=700%2C400&ssl=1 2x, https:\/\/i0.wp.com\/sarimelekler.biz\/wp-content\/uploads\/2019\/11\/02-19-20-CL-Aylin-Kelsey-A%C3%A7%C4%B1klama-2.jpg?resize=1050%2C600&ssl=1 3x, https:\/\/i0.wp.com\/sarimelekler.biz\/wp-content\/uploads\/2019\/11\/02-19-20-CL-Aylin-Kelsey-A%C3%A7%C4%B1klama-2.jpg?resize=1400%2C800&ssl=1 4x"},"classes":[]},{"id":12748,"url":"https:\/\/sarimelekler.biz\/?p=12748","url_meta":{"origin":18635,"position":5},"title":"Sar\u0131 Melekler Polonya&#8217;dan 3 Puanla D\u00f6n\u00fcyor. Budowlani Lodz:0 &#8211;  Fenerbah\u00e7e Opet:3","author":"Edit\u00f6r","date":"23 Ocak 2020","format":false,"excerpt":"Fenerbah\u00e7e Opet Kad\u0131n Voleybol Tak\u0131m\u0131m\u0131z Cev \u015eampiyonlar Ligi A grubu d\u00f6rd\u00fcnc\u00fc \u00a0ma\u00e7\u0131nda deplasmanda kar\u015f\u0131la\u015ft\u0131\u011f\u0131 Polonya temsilcisi Budowlani Lodz tak\u0131m\u0131n\u0131 20 \u2013 25, 21 \u2013 25 ve 22 \u2013 25\u2019lik set skorlar\u0131yla 3-0 ma\u011flup etti. Ma\u00e7a Eda, Naz, Bahar, Thompson, Mihajlovic, Robinson ve libero Aylin kadrosuyla ba\u015flayan tak\u0131m\u0131m\u0131zda yedek oyuncular\u0131m\u0131zdan sadece\u2026","rel":"","context":"&quot;Avrupa Kupalar\u0131&quot; i\u00e7inde","block_context":{"text":"Avrupa Kupalar\u0131","link":"https:\/\/sarimelekler.biz\/?cat=1"},"img":{"alt_text":"","src":"https:\/\/i0.wp.com\/sarimelekler.biz\/wp-content\/uploads\/2020\/01\/04-19-20-CL-21.jpg?resize=350%2C200&ssl=1","width":350,"height":200,"srcset":"https:\/\/i0.wp.com\/sarimelekler.biz\/wp-content\/uploads\/2020\/01\/04-19-20-CL-21.jpg?resize=350%2C200&ssl=1 1x, https:\/\/i0.wp.com\/sarimelekler.biz\/wp-content\/uploads\/2020\/01\/04-19-20-CL-21.jpg?resize=525%2C300&ssl=1 1.5x, https:\/\/i0.wp.com\/sarimelekler.biz\/wp-content\/uploads\/2020\/01\/04-19-20-CL-21.jpg?resize=700%2C400&ssl=1 2x, https:\/\/i0.wp.com\/sarimelekler.biz\/wp-content\/uploads\/2020\/01\/04-19-20-CL-21.jpg?resize=1050%2C600&ssl=1 3x, https:\/\/i0.wp.com\/sarimelekler.biz\/wp-content\/uploads\/2020\/01\/04-19-20-CL-21.jpg?resize=1400%2C800&ssl=1 4x"},"classes":[]}],"_links":{"self":[{"href":"https:\/\/sarimelekler.biz\/index.php?rest_route=\/wp\/v2\/posts\/18635","targetHints":{"allow":["GET"]}}],"collection":[{"href":"https:\/\/sarimelekler.biz\/index.php?rest_route=\/wp\/v2\/posts"}],"about":[{"href":"https:\/\/sarimelekler.biz\/index.php?rest_route=\/wp\/v2\/types\/post"}],"author":[{"embeddable":true,"href":"https:\/\/sarimelekler.biz\/index.php?rest_route=\/wp\/v2\/users\/1"}],"replies":[{"embeddable":true,"href":"https:\/\/sarimelekler.biz\/index.php?rest_route=%2Fwp%2Fv2%2Fcomments&post=18635"}],"version-history":[{"count":2,"href":"https:\/\/sarimelekler.biz\/index.php?rest_route=\/wp\/v2\/posts\/18635\/revisions"}],"predecessor-version":[{"id":18638,"href":"https:\/\/sarimelekler.biz\/index.php?rest_route=\/wp\/v2\/posts\/18635\/revisions\/18638"}],"wp:featuredmedia":[{"embeddable":true,"href":"https:\/\/sarimelekler.biz\/index.php?rest_route=\/wp\/v2\/media\/18636"}],"wp:attachment":[{"href":"https:\/\/sarimelekler.biz\/index.php?rest_route=%2Fwp%2Fv2%2Fmedia&parent=18635"}],"wp:term":[{"taxonomy":"category","embeddable":true,"href":"https:\/\/sarimelekler.biz\/index.php?rest_route=%2Fwp%2Fv2%2Fcategories&post=18635"},{"taxonomy":"post_tag","embeddable":true,"href":"https:\/\/sarimelekler.biz\/index.php?rest_route=%2Fwp%2Fv2%2Ftags&post=18635"}],"curies":[{"name":"wp","href":"https:\/\/api.w.org\/{rel}","templated":true}]}}