{"id":18655,"date":"2023-01-18T21:58:00","date_gmt":"2023-01-18T18:58:00","guid":{"rendered":"https:\/\/sarimelekler.biz\/?p=18655"},"modified":"2023-01-18T21:58:02","modified_gmt":"2023-01-18T18:58:02","slug":"fenerbahce-opet3-allianz-mtv-stuttgart1","status":"publish","type":"post","link":"https:\/\/sarimelekler.biz\/?p=18655","title":{"rendered":"Fenerbah\u00e7e Opet:3 \u2013 Allianz MTV Stuttgart:1"},"content":{"rendered":"\n<p><span style=\"font-size: 18px;\">Fenerbah\u00e7e Opet Kad\u0131n Voleybol Tak\u0131m\u0131m\u0131z CEV \u015eampiyonlar Ligi gruplar\u0131ndaki d\u00f6rd\u00fcnc\u00fc ma\u00e7\u0131nda konuk etti\u011fi Almanya temsilcisi Allianz MTV Stuttgart tak\u0131m\u0131n\u0131 25-20, 22-25, 25-18 ve 25-16\u2019l\u0131k set skorlar\u0131yla 3-1 ma\u011flup ederek puan\u0131n\u0131 7\u2019yi \u00e7\u0131kard\u0131.<\/span><\/p>\n<p><span style=\"font-size: 18px;\">Tak\u0131m\u0131m\u0131z grubun 5. ma\u00e7\u0131nda 02 \u015eubat Per\u015fembe g\u00fcn\u00fc 3 ma\u00e7ta 0 puanl\u0131 grubun son s\u0131radaki \u0130spanyol temsilcisi Tenerife La Laguna tak\u0131m\u0131na konuk olacak.<\/span><\/p>\n<p><span style=\"font-size: 18px;\">\u015eampiyonlar Liginde ilk ma\u00e7ta yenildi\u011fi Allianz MTV Stuttgart gibi \u00e7ok b\u00fcy\u00fck tak\u0131m kar\u015f\u0131s\u0131nda \u00d6l\u00fcm Kal\u0131m Ma\u00e7\u0131n\u0131 kazanan Ba\u015fantren\u00f6r\u00fcm\u00fcz Terzic\u2019i kutluyoruz.<\/span><\/p>\n<p style=\"text-align: right;\">18.01.2023<\/p>\n","protected":false},"excerpt":{"rendered":"<p>Fenerbah\u00e7e Opet Kad\u0131n Voleybol Tak\u0131m\u0131m\u0131z CEV \u015eampiyonlar Ligi gruplar\u0131ndaki d\u00f6rd\u00fcnc\u00fc \u2026 <a class=\"continue-reading-link\" href=\"https:\/\/sarimelekler.biz\/?p=18655\">Okumaya Devam Et.. <span class=\"meta-nav\">&rarr; <\/span><\/a><\/p>\n","protected":false},"author":1,"featured_media":18656,"comment_status":"closed","ping_status":"open","sticky":false,"template":"","format":"standard","meta":{"jetpack_post_was_ever_published":false,"_jetpack_newsletter_access":"","_jetpack_dont_email_post_to_subs":false,"_jetpack_newsletter_tier_id":0,"_jetpack_memberships_contains_paywalled_content":false,"_jetpack_memberships_contains_paid_content":false,"footnotes":"","jetpack_publicize_message":"","jetpack_publicize_feature_enabled":true,"jetpack_social_post_already_shared":true,"jetpack_social_options":{"image_generator_settings":{"template":"highway","default_image_id":0,"font":"","enabled":false},"version":2}},"categories":[1],"tags":[],"class_list":["post-18655","post","type-post","status-publish","format-standard","has-post-thumbnail","hentry","category-avp"],"jetpack_publicize_connections":[],"jetpack_featured_media_url":"https:\/\/sarimelekler.biz\/wp-content\/uploads\/2023\/01\/5937b1d8-3ae2-409f-95a8-1bafaa549947-scaled.jpg","jetpack_sharing_enabled":true,"jetpack_shortlink":"https:\/\/wp.me\/p8npUZ-4QT","jetpack-related-posts":[{"id":18562,"url":"https:\/\/sarimelekler.biz\/?p=18562","url_meta":{"origin":18655,"position":0},"title":"Allianz MTV Stuttgart:3 \u2013 Fenerbah\u00e7e Opet:2","author":"Edit\u00f6r","date":"21 Aral\u0131k 2022","format":false,"excerpt":"Fenerbah\u00e7e Opet Kad\u0131n Voleybol Tak\u0131m\u0131m\u0131z CEV \u015eampiyonlar Ligi gruplar\u0131ndaki ikinci ma\u00e7\u0131nda konuk oldu\u011fu Almanya temsilcisi Allianz MTV Stuttgart tak\u0131m\u0131na 25-22, 25-23, 18-25, 22-25 ve 15-10\u2019luk set skorlar\u0131yla 3-2 ma\u011flup oldu. Ma\u00e7a Eda, Macris, Asl\u0131, Ana Cristina Fedorovtseva, Lazareva ve libero Gizem kadrosuyla ba\u015flayan tak\u0131m\u0131m\u0131zda Meliha, Erg\u00fcl, Cansu, Beliz ve Meryem\u2019de\u2026","rel":"","context":"&quot;Avrupa Kupalar\u0131&quot; i\u00e7inde","block_context":{"text":"Avrupa Kupalar\u0131","link":"https:\/\/sarimelekler.biz\/?cat=1"},"img":{"alt_text":"","src":"https:\/\/i0.wp.com\/sarimelekler.biz\/wp-content\/uploads\/2022\/12\/02-22-23-CL-1-scaled.jpg?resize=350%2C200&ssl=1","width":350,"height":200,"srcset":"https:\/\/i0.wp.com\/sarimelekler.biz\/wp-content\/uploads\/2022\/12\/02-22-23-CL-1-scaled.jpg?resize=350%2C200&ssl=1 1x, https:\/\/i0.wp.com\/sarimelekler.biz\/wp-content\/uploads\/2022\/12\/02-22-23-CL-1-scaled.jpg?resize=525%2C300&ssl=1 1.5x, https:\/\/i0.wp.com\/sarimelekler.biz\/wp-content\/uploads\/2022\/12\/02-22-23-CL-1-scaled.jpg?resize=700%2C400&ssl=1 2x, https:\/\/i0.wp.com\/sarimelekler.biz\/wp-content\/uploads\/2022\/12\/02-22-23-CL-1-scaled.jpg?resize=1050%2C600&ssl=1 3x, https:\/\/i0.wp.com\/sarimelekler.biz\/wp-content\/uploads\/2022\/12\/02-22-23-CL-1-scaled.jpg?resize=1400%2C800&ssl=1 4x"},"classes":[]},{"id":18542,"url":"https:\/\/sarimelekler.biz\/?p=18542","url_meta":{"origin":18655,"position":1},"title":"Fenerbah\u00e7e Opet:3 \u2013 Sigorta Shop:1","author":"Edit\u00f6r","date":"18 Aral\u0131k 2022","format":false,"excerpt":"Fenerbah\u00e7e Opet Kad\u0131n Voleybol Tak\u0131m\u0131m\u0131z misli.com Sultanlar Ligi 11. hafta ma\u00e7\u0131nda konuk etti\u011fi Sigorta Shop tak\u0131m\u0131n\u0131 25-13, 18-25, 25-12 ve 25-16\u2019l\u0131k set skorlar\u0131yla 3-1 ma\u011flup etti. Ma\u00e7a Eda, Meliha, Asl\u0131, Macris, Fedorovtseva, Lazareva ve libero Gizem kadrosuyla ba\u015flayan tak\u0131m\u0131m\u0131zda yedek oyuncular\u0131m\u0131zdan Ana Cristina, Buse ve Cansu\u2019da s\u00fcre ald\u0131. Ma\u00e7\u0131 24\u2026","rel":"","context":"&quot;T\u00fcrkiye Ligi&quot; i\u00e7inde","block_context":{"text":"T\u00fcrkiye Ligi","link":"https:\/\/sarimelekler.biz\/?cat=6"},"img":{"alt_text":"","src":"https:\/\/i0.wp.com\/sarimelekler.biz\/wp-content\/uploads\/2022\/12\/11-22-23-7.jpg?resize=350%2C200&ssl=1","width":350,"height":200,"srcset":"https:\/\/i0.wp.com\/sarimelekler.biz\/wp-content\/uploads\/2022\/12\/11-22-23-7.jpg?resize=350%2C200&ssl=1 1x, https:\/\/i0.wp.com\/sarimelekler.biz\/wp-content\/uploads\/2022\/12\/11-22-23-7.jpg?resize=525%2C300&ssl=1 1.5x, https:\/\/i0.wp.com\/sarimelekler.biz\/wp-content\/uploads\/2022\/12\/11-22-23-7.jpg?resize=700%2C400&ssl=1 2x, https:\/\/i0.wp.com\/sarimelekler.biz\/wp-content\/uploads\/2022\/12\/11-22-23-7.jpg?resize=1050%2C600&ssl=1 3x, https:\/\/i0.wp.com\/sarimelekler.biz\/wp-content\/uploads\/2022\/12\/11-22-23-7.jpg?resize=1400%2C800&ssl=1 4x"},"classes":[]},{"id":18694,"url":"https:\/\/sarimelekler.biz\/?p=18694","url_meta":{"origin":18655,"position":2},"title":"Tenerife La Laguna:0 \u2013 Fenerbah\u00e7e Opet:3","author":"Edit\u00f6r","date":"2 \u015eubat 2023","format":false,"excerpt":"Fenerbah\u00e7e Opet Kad\u0131n Voleybol Tak\u0131m\u0131m\u0131z 2023 CEV \u015eampiyonlar Ligi gruplar\u0131ndaki 5. ma\u00e7\u0131nda deplasmanda kar\u015f\u0131la\u015ft\u0131\u011f\u0131 \u0130spanyol temsilcisi Tenerife La Laguna tak\u0131m\u0131n\u0131 18-25, 20-25 ve 24-26\u2019l\u0131k set skorlar\u0131yla 3-0 ma\u011flup ederek puan\u0131n\u0131 10\u2019a \u00e7\u0131kard\u0131. Ma\u00e7a Eda, Asl\u0131, Buse, \u00a0Meliha, Ana Cristina, Lazareva ve libero Cansu kadrosuyla ba\u015flayan tak\u0131m\u0131m\u0131zda yedek oyuncular\u0131m\u0131zdan s\u00fcre alan\u2026","rel":"","context":"&quot;Avrupa Kupalar\u0131&quot; i\u00e7inde","block_context":{"text":"Avrupa Kupalar\u0131","link":"https:\/\/sarimelekler.biz\/?cat=1"},"img":{"alt_text":"","src":"https:\/\/i0.wp.com\/sarimelekler.biz\/wp-content\/uploads\/2023\/02\/22-23-5-CL-11.jpg?resize=350%2C200&ssl=1","width":350,"height":200,"srcset":"https:\/\/i0.wp.com\/sarimelekler.biz\/wp-content\/uploads\/2023\/02\/22-23-5-CL-11.jpg?resize=350%2C200&ssl=1 1x, https:\/\/i0.wp.com\/sarimelekler.biz\/wp-content\/uploads\/2023\/02\/22-23-5-CL-11.jpg?resize=525%2C300&ssl=1 1.5x, https:\/\/i0.wp.com\/sarimelekler.biz\/wp-content\/uploads\/2023\/02\/22-23-5-CL-11.jpg?resize=700%2C400&ssl=1 2x, https:\/\/i0.wp.com\/sarimelekler.biz\/wp-content\/uploads\/2023\/02\/22-23-5-CL-11.jpg?resize=1050%2C600&ssl=1 3x, https:\/\/i0.wp.com\/sarimelekler.biz\/wp-content\/uploads\/2023\/02\/22-23-5-CL-11.jpg?resize=1400%2C800&ssl=1 4x"},"classes":[]},{"id":20504,"url":"https:\/\/sarimelekler.biz\/?p=20504","url_meta":{"origin":18655,"position":3},"title":"Fenerbah\u00e7e Opet:3 \u2013 \u00c7ukurova Belediyesi:1","author":"Edit\u00f6r","date":"16 Mart 2024","format":false,"excerpt":"Fenerbah\u00e7e Opet Kad\u0131n Voleybol Tak\u0131m\u0131m\u0131z, Vodafone Sultanlar Ligi 26. ma\u00e7\u0131nda konuk etti\u011fi \u00c7ukurova Belediyesi tak\u0131m\u0131n\u0131 25-19, 20-25, 25-20 ve 25-11\u2019lik set skorlar\u0131yla 3-1 ma\u011flup etti. Ma\u00e7a Asl\u0131, Meliha, Fetisova, Fedorovtseva, Vargas, Drca ve libero Gizem kadrosuyla ba\u015flayan tak\u0131m\u0131m\u0131zda, Stysiak, Buse ve Ana Cristina\u2019da s\u00fcre ald\u0131. Ma\u00e7\u0131 23 say\u0131yla tamamlayan Vargas\u2026","rel":"","context":"&quot;T\u00fcrkiye Ligi&quot; i\u00e7inde","block_context":{"text":"T\u00fcrkiye Ligi","link":"https:\/\/sarimelekler.biz\/?cat=6"},"img":{"alt_text":"","src":"https:\/\/i0.wp.com\/sarimelekler.biz\/wp-content\/uploads\/2024\/03\/26-23-24-13-scaled.jpg?resize=350%2C200&ssl=1","width":350,"height":200,"srcset":"https:\/\/i0.wp.com\/sarimelekler.biz\/wp-content\/uploads\/2024\/03\/26-23-24-13-scaled.jpg?resize=350%2C200&ssl=1 1x, https:\/\/i0.wp.com\/sarimelekler.biz\/wp-content\/uploads\/2024\/03\/26-23-24-13-scaled.jpg?resize=525%2C300&ssl=1 1.5x, https:\/\/i0.wp.com\/sarimelekler.biz\/wp-content\/uploads\/2024\/03\/26-23-24-13-scaled.jpg?resize=700%2C400&ssl=1 2x, https:\/\/i0.wp.com\/sarimelekler.biz\/wp-content\/uploads\/2024\/03\/26-23-24-13-scaled.jpg?resize=1050%2C600&ssl=1 3x, https:\/\/i0.wp.com\/sarimelekler.biz\/wp-content\/uploads\/2024\/03\/26-23-24-13-scaled.jpg?resize=1400%2C800&ssl=1 4x"},"classes":[]},{"id":12600,"url":"https:\/\/sarimelekler.biz\/?p=12600","url_meta":{"origin":18655,"position":4},"title":"Brankica Mihajlovic ile Bahar Toksoy Guidetti LP Salo Ma\u00e7\u0131 \u00d6ncesi A\u00e7\u0131klamalarda Bulundu.","author":"Edit\u00f6r","date":"17 Aral\u0131k 2019","format":false,"excerpt":"Fenerbah\u00e7e Opet Kad\u0131n Voleybol Tak\u0131m\u0131m\u0131z, 2019-2020 Sezonu CEV Kad\u0131nlar \u015eampiyonlar Ligi A Grubu \u00fc\u00e7\u00fcnc\u00fc ma\u00e7\u0131nda Finlandiya temsilcisi LP Salo\u2019ya konuk olacak. Grubun alt\u0131nc\u0131 hafta ma\u00e7\u0131 olmas\u0131na ra\u011fmen de\u011fi\u015fen takvim nedeniyle \u00f6ne al\u0131nan kar\u015f\u0131la\u015fma Finlandiya\u2019n\u0131n Salo kentindeki Salohalli Spor Salonu\u2019nda oynanacak. Yar\u0131n saat 20.00\u2019da ba\u015flayacak m\u00fccadele Spor Smart\u2019tan canl\u0131 yay\u0131nlanacak. Gruptaki\u2026","rel":"","context":"&quot;Avrupa Kupalar\u0131&quot; i\u00e7inde","block_context":{"text":"Avrupa Kupalar\u0131","link":"https:\/\/sarimelekler.biz\/?cat=1"},"img":{"alt_text":"","src":"https:\/\/i0.wp.com\/sarimelekler.biz\/wp-content\/uploads\/2019\/12\/03-19-20-CL-Bahar-Miha-1.jpg?resize=350%2C200&ssl=1","width":350,"height":200,"srcset":"https:\/\/i0.wp.com\/sarimelekler.biz\/wp-content\/uploads\/2019\/12\/03-19-20-CL-Bahar-Miha-1.jpg?resize=350%2C200&ssl=1 1x, https:\/\/i0.wp.com\/sarimelekler.biz\/wp-content\/uploads\/2019\/12\/03-19-20-CL-Bahar-Miha-1.jpg?resize=525%2C300&ssl=1 1.5x, https:\/\/i0.wp.com\/sarimelekler.biz\/wp-content\/uploads\/2019\/12\/03-19-20-CL-Bahar-Miha-1.jpg?resize=700%2C400&ssl=1 2x, https:\/\/i0.wp.com\/sarimelekler.biz\/wp-content\/uploads\/2019\/12\/03-19-20-CL-Bahar-Miha-1.jpg?resize=1050%2C600&ssl=1 3x, https:\/\/i0.wp.com\/sarimelekler.biz\/wp-content\/uploads\/2019\/12\/03-19-20-CL-Bahar-Miha-1.jpg?resize=1400%2C800&ssl=1 4x"},"classes":[]},{"id":18635,"url":"https:\/\/sarimelekler.biz\/?p=18635","url_meta":{"origin":18655,"position":5},"title":"LKS Commercecon Lodz:3 \u2013 Fenerbah\u00e7e Opet:1","author":"Edit\u00f6r","date":"12 Ocak 2023","format":false,"excerpt":"Fenerbah\u00e7e Opet Kad\u0131n Voleybol Tak\u0131m\u0131m\u0131z 2023 CEV \u015eampiyonlar Ligi D Grubu \u00fc\u00e7\u00fcnc\u00fc ma\u00e7\u0131nda Polonya temsilcisi LKS Commercecon Lodz tak\u0131m\u0131na 3-1 (\u00dc\u00c7-B\u0130R) MA\u011eLUP OLDU. Sezona t\u00fcm kulvarlarda \u015eAMP\u0130YONLUK parolas\u0131yla ba\u015flayan tak\u0131m\u0131m\u0131z \u015eampiyonlar Liginde ad\u0131, san\u0131, ba\u015far\u0131s\u0131 belli olmayan tak\u0131mlara 3 ma\u00e7ta 2 kez ma\u011flup oldu. S\u00fcperstar Ba\u015fantren\u00f6r\u00fcm\u00fcz Zoran TERZ\u0130C bu ma\u011flubiyetlere\u2026","rel":"","context":"&quot;Avrupa Kupalar\u0131&quot; i\u00e7inde","block_context":{"text":"Avrupa Kupalar\u0131","link":"https:\/\/sarimelekler.biz\/?cat=1"},"img":{"alt_text":"","src":"https:\/\/i0.wp.com\/sarimelekler.biz\/wp-content\/uploads\/2023\/01\/FiPWfbTWAAATsKG.jpg?resize=350%2C200&ssl=1","width":350,"height":200,"srcset":"https:\/\/i0.wp.com\/sarimelekler.biz\/wp-content\/uploads\/2023\/01\/FiPWfbTWAAATsKG.jpg?resize=350%2C200&ssl=1 1x, https:\/\/i0.wp.com\/sarimelekler.biz\/wp-content\/uploads\/2023\/01\/FiPWfbTWAAATsKG.jpg?resize=525%2C300&ssl=1 1.5x, https:\/\/i0.wp.com\/sarimelekler.biz\/wp-content\/uploads\/2023\/01\/FiPWfbTWAAATsKG.jpg?resize=700%2C400&ssl=1 2x, https:\/\/i0.wp.com\/sarimelekler.biz\/wp-content\/uploads\/2023\/01\/FiPWfbTWAAATsKG.jpg?resize=1050%2C600&ssl=1 3x, https:\/\/i0.wp.com\/sarimelekler.biz\/wp-content\/uploads\/2023\/01\/FiPWfbTWAAATsKG.jpg?resize=1400%2C800&ssl=1 4x"},"classes":[]}],"_links":{"self":[{"href":"https:\/\/sarimelekler.biz\/index.php?rest_route=\/wp\/v2\/posts\/18655","targetHints":{"allow":["GET"]}}],"collection":[{"href":"https:\/\/sarimelekler.biz\/index.php?rest_route=\/wp\/v2\/posts"}],"about":[{"href":"https:\/\/sarimelekler.biz\/index.php?rest_route=\/wp\/v2\/types\/post"}],"author":[{"embeddable":true,"href":"https:\/\/sarimelekler.biz\/index.php?rest_route=\/wp\/v2\/users\/1"}],"replies":[{"embeddable":true,"href":"https:\/\/sarimelekler.biz\/index.php?rest_route=%2Fwp%2Fv2%2Fcomments&post=18655"}],"version-history":[{"count":2,"href":"https:\/\/sarimelekler.biz\/index.php?rest_route=\/wp\/v2\/posts\/18655\/revisions"}],"predecessor-version":[{"id":18658,"href":"https:\/\/sarimelekler.biz\/index.php?rest_route=\/wp\/v2\/posts\/18655\/revisions\/18658"}],"wp:featuredmedia":[{"embeddable":true,"href":"https:\/\/sarimelekler.biz\/index.php?rest_route=\/wp\/v2\/media\/18656"}],"wp:attachment":[{"href":"https:\/\/sarimelekler.biz\/index.php?rest_route=%2Fwp%2Fv2%2Fmedia&parent=18655"}],"wp:term":[{"taxonomy":"category","embeddable":true,"href":"https:\/\/sarimelekler.biz\/index.php?rest_route=%2Fwp%2Fv2%2Fcategories&post=18655"},{"taxonomy":"post_tag","embeddable":true,"href":"https:\/\/sarimelekler.biz\/index.php?rest_route=%2Fwp%2Fv2%2Ftags&post=18655"}],"curies":[{"name":"wp","href":"https:\/\/api.w.org\/{rel}","templated":true}]}}