{"id":18746,"date":"2023-01-12T23:17:00","date_gmt":"2023-01-12T20:17:00","guid":{"rendered":"https:\/\/sarimelekler.biz\/?p=18746"},"modified":"2023-02-07T18:19:58","modified_gmt":"2023-02-07T15:19:58","slug":"yeni-sari-melek-hristina-vuchkova","status":"publish","type":"post","link":"https:\/\/sarimelekler.biz\/?p=18746","title":{"rendered":"Yeni Sar\u0131 Melek Hristina Vuchkova"},"content":{"rendered":"\n<p style=\"text-align: justify;\"><span style=\"font-size: 18px;\">Fenerbah\u00e7e Opet Kad\u0131n Voleybol Tak\u0131m\u0131m\u0131z, Bulgar orta oyuncu Hristina Vuchkova\u2019y\u0131 transfer etti\u011fini duyurdu. Yeni Oyuncumuz Hristina Vuchkova\u2019ya ba\u015far\u0131l\u0131 bir sezon dileriz.<\/span><\/p>\n<p style=\"text-align: justify;\"><strong><span style=\"font-size: 18px;\">Kul\u00fcb\u00fcm\u00fcz\u00fcn Resmi Sitesinden yap\u0131lan a\u00e7\u0131klama:<\/span><\/strong><\/p>\n<p style=\"text-align: justify;\"><span style=\"font-size: 18px;\">Fenerbah\u00e7e Opet Kad\u0131n Voleybol Tak\u0131m\u0131m\u0131z, kadrosunu Hristina Vuchkova ile g\u00fc\u00e7lendirdi. Bulgar orta oyuncu ile sezon sonuna kadar anla\u015fmaya var\u0131ld\u0131.<\/span><\/p>\n<p style=\"text-align: justify;\"><span style=\"font-size: 18px;\">2022-2023 sezonunda \u00c7in\u2019in Beijing BAIC Motor tak\u0131m\u0131nda forma giyen Hristina Vuchkova, kariyerine 2008-2009 sezonunda CSKA Sofia&#8217;da ba\u015flad\u0131. Bulgar voleybolcu daha sonra s\u0131ras\u0131yla Levski Sofia, Norda Foppadedretti Bergamo, Telekom Bak\u00fc, Liu Jo Modena, Nil\u00fcfer Belediyespor, Galatasaray, T\u00fcrk Hava Yollar\u0131, VC Maritza, PTT Spor ve Imoco Volley formalar\u0131 giydi.<\/span><\/p>\n<p style=\"text-align: justify;\"><span style=\"font-size: 18px;\">Hristina Vuchkova\u2019ya ailemize ho\u015f geldin diyor, sar\u0131-lacivertli forma alt\u0131nda zaferlerle dolu bir sezon ya\u015famas\u0131n\u0131 temenni ediyoruz.<\/span><\/p>\n<p style=\"text-align: justify;\"><strong><span style=\"font-size: 18px;\">Hristina Vuchkova transferinin a\u00e7\u0131klanmas\u0131n\u0131n hemen ard\u0131ndan sa\u011fl\u0131k kontrol\u00fcnden ge\u00e7ti.<\/span><\/strong><\/p>\n<p style=\"text-align: justify;\"><span style=\"font-size: 18px;\">\u0130lk olarak kan tetkiklerinin yap\u0131lmas\u0131n\u0131n ard\u0131ndan sporcumuz; ortopedi, kardiyoloji, g\u00f6z ve dahiliye b\u00f6l\u00fcmlerinde muayene edildi. Voleybolcumuzun sa\u011fl\u0131k kontrolleri, akci\u011fer ve efor testlerinin yap\u0131lmas\u0131yla tamamland\u0131.<\/span><\/p>\n<p><strong><span style=\"font-size: 18px;\">Fenerbah\u00e7e Opet Kad\u0131n Voleybol Tak\u0131m\u0131m\u0131z\u0131n yeni ismi Hristina Vuchkova, Fenerbah\u00e7e Televizyonu\u2019na <a href=\"https:\/\/www.fenerbahce.org\/haberler\/voleybol-kadin\/2023\/1\/fenerbahce-opet-in-yeni-transferi-hristina-vuchkova-boyle-buyuk-tarihe-sahip-bir-kulupte-oynayacagi\" target=\"_blank\" rel=\"noopener\">a\u00e7\u0131klamalarda<\/a> bulundu.<\/span><\/strong><\/p>\n<p><span style=\"font-size: 18px;\">Fenerbah\u00e7e\u2019ye transferinden dolay\u0131 duydu\u011fu memnuniyeti dile getiren Bulgar orta oyuncu, transferiyle ilgili duygu ve d\u00fc\u015f\u00fcncelerini, \u201cB\u00f6yle b\u00fcy\u00fck tarihe sahip bir kul\u00fcpte oynayaca\u011f\u0131m i\u00e7in \u00e7ok mutlu ve gururluyum. Burada oldu\u011fum i\u00e7in ger\u00e7ekten \u00e7ok mutluyum. Bu uzun zamand\u0131r hayal etti\u011fim bir \u015feydi. Fenerbah\u00e7e\u2019nin bir aile oldu\u011funu, taraftarlar\u0131n tak\u0131m\u0131 ne kadar \u00e7ok destekledi\u011fini biliyorum. Bana da \u00e7ok destek oldular, te\u015fekk\u00fcr ediyorum. Onlar ve Fenerbah\u00e7e i\u00e7in elimden geleni yapaca\u011f\u0131m. Umar\u0131m \u00e7ok g\u00fczel ma\u00e7lar oynar\u0131z ve g\u00fczel galibiyetler al\u0131r\u0131z.\u201d s\u00f6zleriyle de\u011ferlendirdi.<\/span><\/p>\n<p><span style=\"font-size: 18px;\">\u00dclkemizdeki voleybol rekabetini ise Vuchkova, \u201cUzun s\u00fcre T\u00fcrkiye Ligi\u2019nde oynad\u0131m. T\u00fcrkiye\u2019yi ve T\u00fcrkiye\u2019deki voleybolu seviyorum. Tak\u0131mlar her ge\u00e7en y\u0131l g\u00fc\u00e7leniyor, daha g\u00fc\u00e7l\u00fc transferler yap\u0131yor. B\u00fcy\u00fck bir rekabet var. Bir\u00e7ok \u00fclkede forma giydim ama kalbim T\u00fcrkiye\u2019de ve T\u00fcrkiye Ligi\u2019nde. Ve art\u0131k kalbim Fenerbah\u00e7e\u2019de olacak.\u201d \u015eeklinde yorumlad\u0131.<\/span><\/p>\n<p><span style=\"font-size: 18px;\">Fenerbah\u00e7e Opet\u2019in hedeflerine ula\u015fmas\u0131 i\u00e7in elinden gelenin en iyisini yapaca\u011f\u0131n\u0131 s\u00f6yleyerek s\u00f6zlerine nokta koyan Hristina Vuchkova, \u201cBiz birlikte kazanmak i\u00e7in buraday\u0131z. Ben de Fenerbah\u00e7e\u2019nin bu sezon t\u00fcm hedeflerine ula\u015fmas\u0131 i\u00e7in her \u015feyimi verece\u011fim.\u201d diye konu\u015ftu.<\/span><\/p>\n\n\t\t<style type=\"text\/css\">\n\t\t\t#gallery-1 {\n\t\t\t\tmargin: auto;\n\t\t\t}\n\t\t\t#gallery-1 .gallery-item {\n\t\t\t\tfloat: left;\n\t\t\t\tmargin-top: 10px;\n\t\t\t\ttext-align: center;\n\t\t\t\twidth: 100%;\n\t\t\t}\n\t\t\t#gallery-1 img {\n\t\t\t\tborder: 2px solid #cfcfcf;\n\t\t\t}\n\t\t\t#gallery-1 .gallery-caption {\n\t\t\t\tmargin-left: 0;\n\t\t\t}\n\t\t\t\/* see gallery_shortcode() in wp-includes\/media.php *\/\n\t\t<\/style>\n\t\t<div data-carousel-extra='{&quot;blog_id&quot;:1,&quot;permalink&quot;:&quot;https:\/\/sarimelekler.biz\/?p=18746&quot;}' id='gallery-1' class='gallery galleryid-18746 gallery-columns-1 gallery-size-large'><dl class='gallery-item'>\n\t\t\t<dt class='gallery-icon landscape'>\n\t\t\t\t<a href='https:\/\/sarimelekler.biz\/?attachment_id=18748'><img loading=\"lazy\" decoding=\"async\" width=\"860\" height=\"484\" src=\"https:\/\/sarimelekler.biz\/wp-content\/uploads\/2023\/02\/Vuchkeva-Saglik-Kontrolu-1024x576.jpg\" class=\"attachment-large size-large\" alt=\"\" srcset=\"https:\/\/sarimelekler.biz\/wp-content\/uploads\/2023\/02\/Vuchkeva-Saglik-Kontrolu-1024x576.jpg 1024w, https:\/\/sarimelekler.biz\/wp-content\/uploads\/2023\/02\/Vuchkeva-Saglik-Kontrolu-300x169.jpg 300w, https:\/\/sarimelekler.biz\/wp-content\/uploads\/2023\/02\/Vuchkeva-Saglik-Kontrolu-768x432.jpg 768w, https:\/\/sarimelekler.biz\/wp-content\/uploads\/2023\/02\/Vuchkeva-Saglik-Kontrolu-150x84.jpg 150w, https:\/\/sarimelekler.biz\/wp-content\/uploads\/2023\/02\/Vuchkeva-Saglik-Kontrolu.jpg 1200w\" sizes=\"auto, (max-width: 860px) 100vw, 860px\" data-attachment-id=\"18748\" data-permalink=\"https:\/\/sarimelekler.biz\/?attachment_id=18748\" data-orig-file=\"https:\/\/sarimelekler.biz\/wp-content\/uploads\/2023\/02\/Vuchkeva-Saglik-Kontrolu.jpg\" data-orig-size=\"1200,675\" data-comments-opened=\"0\" data-image-meta=\"{&quot;aperture&quot;:&quot;4.5&quot;,&quot;credit&quot;:&quot;&quot;,&quot;camera&quot;:&quot;Canon EOS 700D&quot;,&quot;caption&quot;:&quot;&quot;,&quot;created_timestamp&quot;:&quot;1673517430&quot;,&quot;copyright&quot;:&quot;&quot;,&quot;focal_length&quot;:&quot;35&quot;,&quot;iso&quot;:&quot;400&quot;,&quot;shutter_speed&quot;:&quot;0.016666666666667&quot;,&quot;title&quot;:&quot;&quot;,&quot;orientation&quot;:&quot;1&quot;}\" data-image-title=\"Vuchkeva Sa\u011fl\u0131k Kontrol\u00fc\" data-image-description=\"\" data-image-caption=\"\" data-large-file=\"https:\/\/sarimelekler.biz\/wp-content\/uploads\/2023\/02\/Vuchkeva-Saglik-Kontrolu-1024x576.jpg\" \/><\/a>\n\t\t\t<\/dt><\/dl><br style=\"clear: both\" \/><dl class='gallery-item'>\n\t\t\t<dt class='gallery-icon landscape'>\n\t\t\t\t<a href='https:\/\/sarimelekler.biz\/?attachment_id=18747'><img loading=\"lazy\" decoding=\"async\" width=\"860\" height=\"562\" src=\"https:\/\/sarimelekler.biz\/wp-content\/uploads\/2023\/02\/Vuchkeva-1024x669.jpg\" class=\"attachment-large size-large\" alt=\"\" srcset=\"https:\/\/sarimelekler.biz\/wp-content\/uploads\/2023\/02\/Vuchkeva-1024x669.jpg 1024w, https:\/\/sarimelekler.biz\/wp-content\/uploads\/2023\/02\/Vuchkeva-300x196.jpg 300w, https:\/\/sarimelekler.biz\/wp-content\/uploads\/2023\/02\/Vuchkeva-768x502.jpg 768w, https:\/\/sarimelekler.biz\/wp-content\/uploads\/2023\/02\/Vuchkeva-1536x1004.jpg 1536w, https:\/\/sarimelekler.biz\/wp-content\/uploads\/2023\/02\/Vuchkeva-2048x1338.jpg 2048w, https:\/\/sarimelekler.biz\/wp-content\/uploads\/2023\/02\/Vuchkeva-150x98.jpg 150w\" sizes=\"auto, (max-width: 860px) 100vw, 860px\" data-attachment-id=\"18747\" data-permalink=\"https:\/\/sarimelekler.biz\/?attachment_id=18747\" data-orig-file=\"https:\/\/sarimelekler.biz\/wp-content\/uploads\/2023\/02\/Vuchkeva.jpg\" data-orig-size=\"2300,1503\" data-comments-opened=\"0\" data-image-meta=\"{&quot;aperture&quot;:&quot;2.8&quot;,&quot;credit&quot;:&quot;&quot;,&quot;camera&quot;:&quot;Canon EOS-1D X Mark II&quot;,&quot;caption&quot;:&quot;&quot;,&quot;created_timestamp&quot;:&quot;1673608253&quot;,&quot;copyright&quot;:&quot;fenerbahce dergisi\/org&quot;,&quot;focal_length&quot;:&quot;39&quot;,&quot;iso&quot;:&quot;1600&quot;,&quot;shutter_speed&quot;:&quot;0.00125&quot;,&quot;title&quot;:&quot;&quot;,&quot;orientation&quot;:&quot;1&quot;}\" data-image-title=\"Vuchkeva\" data-image-description=\"\" data-image-caption=\"\" data-large-file=\"https:\/\/sarimelekler.biz\/wp-content\/uploads\/2023\/02\/Vuchkeva-1024x669.jpg\" \/><\/a>\n\t\t\t<\/dt><\/dl><br style=\"clear: both\" \/>\n\t\t<\/div>\n\n<p style=\"text-align: justify;\"><span style=\"font-size: 18px;\">Kaynak:\u00a0<a href=\"https:\/\/www.fenerbahce.org\/haberler\/voleybol-kadin\/2023\/1\/ailemize-hos-geldin-hristina-vuchkova\" target=\"_blank\" rel=\"noopener\">Fenerbah\u00e7e SK Resmi \u0130nternet Sitesi<\/a><\/span><\/p>\n<p style=\"text-align: right;\"><span style=\"font-size: 18px;\">12.01.2023<\/span><\/p>\n","protected":false},"excerpt":{"rendered":"<p>Fenerbah\u00e7e Opet Kad\u0131n Voleybol Tak\u0131m\u0131m\u0131z, Bulgar orta oyuncu Hristina Vuchkova\u2019y\u0131 \u2026 <a class=\"continue-reading-link\" href=\"https:\/\/sarimelekler.biz\/?p=18746\">Okumaya Devam Et.. <span class=\"meta-nav\">&rarr; <\/span><\/a><\/p>\n","protected":false},"author":1,"featured_media":18747,"comment_status":"closed","ping_status":"open","sticky":false,"template":"","format":"standard","meta":{"jetpack_post_was_ever_published":false,"_jetpack_newsletter_access":"","_jetpack_dont_email_post_to_subs":false,"_jetpack_newsletter_tier_id":0,"_jetpack_memberships_contains_paywalled_content":false,"_jetpack_memberships_contains_paid_content":false,"footnotes":"","jetpack_publicize_message":"","jetpack_publicize_feature_enabled":true,"jetpack_social_post_already_shared":true,"jetpack_social_options":{"image_generator_settings":{"template":"highway","default_image_id":0,"font":"","enabled":false},"version":2}},"categories":[23],"tags":[],"class_list":["post-18746","post","type-post","status-publish","format-standard","has-post-thumbnail","hentry","category-transfer-haberleri"],"jetpack_publicize_connections":[],"jetpack_featured_media_url":"https:\/\/sarimelekler.biz\/wp-content\/uploads\/2023\/02\/Vuchkeva.jpg","jetpack_sharing_enabled":true,"jetpack_shortlink":"https:\/\/wp.me\/p8npUZ-4Sm","jetpack-related-posts":[{"id":19592,"url":"https:\/\/sarimelekler.biz\/?p=19592","url_meta":{"origin":18746,"position":0},"title":"4 Oyuncuyla Yollar Ayr\u0131ld\u0131","author":"Edit\u00f6r","date":"1 Haziran 2023","format":false,"excerpt":"Fenerbah\u00e7e Spor Kul\u00fcb\u00fcm\u00fcz sosyal medya hesaplar\u0131ndan yapt\u0131\u011f\u0131 payla\u015f\u0131mlarda Fenerbah\u00e7e Opet Kad\u0131n Voleybol tak\u0131m\u0131m\u0131z oyuncular\u0131ndan, 4 sezondur As tak\u0131m kadromuzda bulunan orta oyuncu Beliz Ba\u015fk\u0131r, 2 sezondur kadromuzda bulunan Pas\u00f6r \u00c7apraz\u0131 Anna Lazareva, sezon ba\u015f\u0131 tak\u0131m\u0131m\u0131za kat\u0131lan pas\u00f6r Macris Carneiro ve bu sezon devre aras\u0131nda tak\u0131m\u0131m\u0131za kat\u0131lan orta oyuncu Hristina Vuchkova\u2026","rel":"","context":"&quot;Transfer Haberleri&quot; i\u00e7inde","block_context":{"text":"Transfer Haberleri","link":"https:\/\/sarimelekler.biz\/?cat=23"},"img":{"alt_text":"","src":"https:\/\/i0.wp.com\/sarimelekler.biz\/wp-content\/uploads\/2023\/06\/Giden-Oyuncular-2023-scaled.jpg?resize=350%2C200&ssl=1","width":350,"height":200,"srcset":"https:\/\/i0.wp.com\/sarimelekler.biz\/wp-content\/uploads\/2023\/06\/Giden-Oyuncular-2023-scaled.jpg?resize=350%2C200&ssl=1 1x, https:\/\/i0.wp.com\/sarimelekler.biz\/wp-content\/uploads\/2023\/06\/Giden-Oyuncular-2023-scaled.jpg?resize=525%2C300&ssl=1 1.5x, https:\/\/i0.wp.com\/sarimelekler.biz\/wp-content\/uploads\/2023\/06\/Giden-Oyuncular-2023-scaled.jpg?resize=700%2C400&ssl=1 2x, https:\/\/i0.wp.com\/sarimelekler.biz\/wp-content\/uploads\/2023\/06\/Giden-Oyuncular-2023-scaled.jpg?resize=1050%2C600&ssl=1 3x, https:\/\/i0.wp.com\/sarimelekler.biz\/wp-content\/uploads\/2023\/06\/Giden-Oyuncular-2023-scaled.jpg?resize=1400%2C800&ssl=1 4x"},"classes":[]},{"id":22015,"url":"https:\/\/sarimelekler.biz\/?p=22015","url_meta":{"origin":18746,"position":1},"title":"2025-26 SEZONU BA\u015eLIYOR","author":"Edit\u00f6r","date":"8 Ekim 2025","format":false,"excerpt":"2024-25 Sezon Bitimiyle beraber tak\u0131m\u0131m\u0131zdan Meliha Diken, Dicle Nur Babat, Magdalena Stysiak, Hristina Vuchkova, Bojana Dr\u010da, Elitsa Atanasijevi\u0107 ve \u00d6zlem G\u00fcven\u2019in ayr\u0131ld\u0131\u011f\u0131 01\/06\/2025 g\u00fcn\u00fc kul\u00fcb\u00fcm\u00fcz\u00fcn resmi sitesinden a\u00e7\u0131kland\u0131. Bizde kendilerine emekleri i\u00e7in te\u015fekk\u00fcr eder, sakatl\u0131ks\u0131z bir spor ya\u015fant\u0131s\u0131 dileriz. Tak\u0131m\u0131m\u0131z 2025-26 sezonu kadro yap\u0131lanmas\u0131 kapsam\u0131nda i\u00e7 transferde Arelya Karasoy ile\u2026","rel":"","context":"&quot;Haberler&quot; i\u00e7inde","block_context":{"text":"Haberler","link":"https:\/\/sarimelekler.biz\/?cat=7"},"img":{"alt_text":"","src":"https:\/\/i0.wp.com\/sarimelekler.biz\/wp-content\/uploads\/2025\/10\/Sardegna-Turnuvasi-4.jpg?resize=350%2C200&ssl=1","width":350,"height":200,"srcset":"https:\/\/i0.wp.com\/sarimelekler.biz\/wp-content\/uploads\/2025\/10\/Sardegna-Turnuvasi-4.jpg?resize=350%2C200&ssl=1 1x, https:\/\/i0.wp.com\/sarimelekler.biz\/wp-content\/uploads\/2025\/10\/Sardegna-Turnuvasi-4.jpg?resize=525%2C300&ssl=1 1.5x, https:\/\/i0.wp.com\/sarimelekler.biz\/wp-content\/uploads\/2025\/10\/Sardegna-Turnuvasi-4.jpg?resize=700%2C400&ssl=1 2x, https:\/\/i0.wp.com\/sarimelekler.biz\/wp-content\/uploads\/2025\/10\/Sardegna-Turnuvasi-4.jpg?resize=1050%2C600&ssl=1 3x"},"classes":[]},{"id":19641,"url":"https:\/\/sarimelekler.biz\/?p=19641","url_meta":{"origin":18746,"position":2},"title":"Yeni Sar\u0131 Melek Irina Fetisova","author":"Edit\u00f6r","date":"8 Haziran 2023","format":false,"excerpt":"Fenerbah\u00e7e Spor Kul\u00fcb\u00fcm\u00fcz sosyal medya hesaplar\u0131ndan yapt\u0131\u011f\u0131 payla\u015f\u0131mlarda Fenerbah\u00e7e Opet Kad\u0131n Voleybol tak\u0131m\u0131m\u0131za orta oyuncu pozisyonunda oynayan 1994 do\u011fumlu Rus Irina Fetisova\u2019y\u0131 transfer etti\u011fini a\u00e7\u0131klad\u0131. Yeni oyuncumuz Irina Fetisova\u2019ya tak\u0131m\u0131m\u0131zda ba\u015far\u0131l\u0131 bir sezon dileriz. Kul\u00fcb\u00fcm\u00fczden Yap\u0131lan A\u00e7\u0131klama: Fenerbah\u00e7e Opet Kad\u0131n Voleybol Tak\u0131m\u0131m\u0131z, kadrosunu Irina Fetisova ile g\u00fc\u00e7lendirdi. Rus orta oyuncu\u2026","rel":"","context":"&quot;Transfer Haberleri&quot; i\u00e7inde","block_context":{"text":"Transfer Haberleri","link":"https:\/\/sarimelekler.biz\/?cat=23"},"img":{"alt_text":"","src":"https:\/\/i0.wp.com\/sarimelekler.biz\/wp-content\/uploads\/2023\/06\/Fetisova-4.jpg?resize=350%2C200&ssl=1","width":350,"height":200,"srcset":"https:\/\/i0.wp.com\/sarimelekler.biz\/wp-content\/uploads\/2023\/06\/Fetisova-4.jpg?resize=350%2C200&ssl=1 1x, https:\/\/i0.wp.com\/sarimelekler.biz\/wp-content\/uploads\/2023\/06\/Fetisova-4.jpg?resize=525%2C300&ssl=1 1.5x, https:\/\/i0.wp.com\/sarimelekler.biz\/wp-content\/uploads\/2023\/06\/Fetisova-4.jpg?resize=700%2C400&ssl=1 2x"},"classes":[]},{"id":19625,"url":"https:\/\/sarimelekler.biz\/?p=19625","url_meta":{"origin":18746,"position":3},"title":"Ada Germen Fenerbah\u00e7e Opet\u2019te","author":"Edit\u00f6r","date":"8 Haziran 2023","format":false,"excerpt":"Fenerbah\u00e7e Spor Kul\u00fcb\u00fcm\u00fcz sosyal medya hesaplar\u0131ndan yapt\u0131\u011f\u0131 payla\u015f\u0131mlarda Fenerbah\u00e7e Opet Kad\u0131n Voleybol tak\u0131m\u0131m\u0131za sma\u00e7\u00f6r pozisyonunda oynayan 1997 do\u011fumlu Ada Germen\u2019in kat\u0131ld\u0131\u011f\u0131n\u0131 a\u00e7\u0131klad\u0131. Yeni oyuncumuz Ada Germen'e tak\u0131m\u0131m\u0131zda ba\u015far\u0131l\u0131 bir sezon dileriz. Kul\u00fcb\u00fcm\u00fczden Yap\u0131lan A\u00e7\u0131klama: Fenerbah\u00e7e Opet Kad\u0131n Voleybol Tak\u0131m\u0131m\u0131z, kadrosunu Ada Germen ile g\u00fc\u00e7lendirdi. T\u00fcrk sma\u00e7\u00f6r ile sezon sonuna kadar\u2026","rel":"","context":"&quot;Transfer Haberleri&quot; i\u00e7inde","block_context":{"text":"Transfer Haberleri","link":"https:\/\/sarimelekler.biz\/?cat=23"},"img":{"alt_text":"","src":"https:\/\/i0.wp.com\/sarimelekler.biz\/wp-content\/uploads\/2023\/06\/Ada-Germen.jpg?resize=350%2C200&ssl=1","width":350,"height":200,"srcset":"https:\/\/i0.wp.com\/sarimelekler.biz\/wp-content\/uploads\/2023\/06\/Ada-Germen.jpg?resize=350%2C200&ssl=1 1x, https:\/\/i0.wp.com\/sarimelekler.biz\/wp-content\/uploads\/2023\/06\/Ada-Germen.jpg?resize=525%2C300&ssl=1 1.5x, https:\/\/i0.wp.com\/sarimelekler.biz\/wp-content\/uploads\/2023\/06\/Ada-Germen.jpg?resize=700%2C400&ssl=1 2x, https:\/\/i0.wp.com\/sarimelekler.biz\/wp-content\/uploads\/2023\/06\/Ada-Germen.jpg?resize=1050%2C600&ssl=1 3x"},"classes":[]},{"id":19636,"url":"https:\/\/sarimelekler.biz\/?p=19636","url_meta":{"origin":18746,"position":4},"title":"Polonyal\u0131 Pas\u00f6r \u00c7apraz\u0131 Magdalena Stysiak Fenerbah\u00e7e Opet\u2019te","author":"Edit\u00f6r","date":"8 Haziran 2023","format":false,"excerpt":"Fenerbah\u00e7e Spor Kul\u00fcb\u00fcm\u00fcz sosyal medya hesaplar\u0131ndan yapt\u0131\u011f\u0131 payla\u015f\u0131mlarda Fenerbah\u00e7e Opet Kad\u0131n Voleybol tak\u0131m\u0131m\u0131za pas\u00f6r \u00e7apraz\u0131 pozisyonunda oynayan 2000 do\u011fumlu Polonyal\u0131 Magdalena Stysiak\u2019\u0131 transfer etti\u011fini a\u00e7\u0131klad\u0131. Yeni oyuncumuz Magdalena Stysiak\u2019a tak\u0131m\u0131m\u0131zda ba\u015far\u0131l\u0131 bir sezon dileriz. Kul\u00fcb\u00fcm\u00fczden Yap\u0131lan A\u00e7\u0131klama: Fenerbah\u00e7e Opet Kad\u0131n Voleybol Tak\u0131m\u0131m\u0131z, kadrosunu Magdalena Stysiak ile g\u00fc\u00e7lendirdi. Polonyal\u0131 pas\u00f6r \u00e7apraz\u0131\u2026","rel":"","context":"&quot;Transfer Haberleri&quot; i\u00e7inde","block_context":{"text":"Transfer Haberleri","link":"https:\/\/sarimelekler.biz\/?cat=23"},"img":{"alt_text":"","src":"https:\/\/i0.wp.com\/sarimelekler.biz\/wp-content\/uploads\/2023\/06\/Stysiak-2.jpg?resize=350%2C200&ssl=1","width":350,"height":200,"srcset":"https:\/\/i0.wp.com\/sarimelekler.biz\/wp-content\/uploads\/2023\/06\/Stysiak-2.jpg?resize=350%2C200&ssl=1 1x, https:\/\/i0.wp.com\/sarimelekler.biz\/wp-content\/uploads\/2023\/06\/Stysiak-2.jpg?resize=525%2C300&ssl=1 1.5x, https:\/\/i0.wp.com\/sarimelekler.biz\/wp-content\/uploads\/2023\/06\/Stysiak-2.jpg?resize=700%2C400&ssl=1 2x, https:\/\/i0.wp.com\/sarimelekler.biz\/wp-content\/uploads\/2023\/06\/Stysiak-2.jpg?resize=1050%2C600&ssl=1 3x"},"classes":[]},{"id":19629,"url":"https:\/\/sarimelekler.biz\/?p=19629","url_meta":{"origin":18746,"position":5},"title":"Ailemize Ho\u015f Geldin Bojana Dr\u010da","author":"Edit\u00f6r","date":"8 Haziran 2023","format":false,"excerpt":"Fenerbah\u00e7e Spor Kul\u00fcb\u00fcm\u00fcz sosyal medya hesaplar\u0131ndan yapt\u0131\u011f\u0131 payla\u015f\u0131mlarda Fenerbah\u00e7e Opet Kad\u0131n Voleybol tak\u0131m\u0131m\u0131za pas\u00f6r pozisyonunda oynayan 1988 do\u011fumlu S\u0131rp Bojana Dr\u010da\u2019n\u0131n kat\u0131ld\u0131\u011f\u0131n\u0131 a\u00e7\u0131klad\u0131. Yeni oyuncumuz Bojana Dr\u010da 'ya tak\u0131m\u0131m\u0131zda ba\u015far\u0131l\u0131 bir sezon dileriz. Kul\u00fcb\u00fcm\u00fczden Yap\u0131lan A\u00e7\u0131klama: Fenerbah\u00e7e Opet Kad\u0131n Voleybol Tak\u0131m\u0131m\u0131z, kadrosunu Bojana Dr\u010da ile g\u00fc\u00e7lendirdi. S\u0131rp pas\u00f6r ile sezon\u2026","rel":"","context":"&quot;Transfer Haberleri&quot; i\u00e7inde","block_context":{"text":"Transfer Haberleri","link":"https:\/\/sarimelekler.biz\/?cat=23"},"img":{"alt_text":"","src":"https:\/\/i0.wp.com\/sarimelekler.biz\/wp-content\/uploads\/2023\/06\/Bojana-Drca-2-scaled.jpg?resize=350%2C200&ssl=1","width":350,"height":200,"srcset":"https:\/\/i0.wp.com\/sarimelekler.biz\/wp-content\/uploads\/2023\/06\/Bojana-Drca-2-scaled.jpg?resize=350%2C200&ssl=1 1x, https:\/\/i0.wp.com\/sarimelekler.biz\/wp-content\/uploads\/2023\/06\/Bojana-Drca-2-scaled.jpg?resize=525%2C300&ssl=1 1.5x, https:\/\/i0.wp.com\/sarimelekler.biz\/wp-content\/uploads\/2023\/06\/Bojana-Drca-2-scaled.jpg?resize=700%2C400&ssl=1 2x, https:\/\/i0.wp.com\/sarimelekler.biz\/wp-content\/uploads\/2023\/06\/Bojana-Drca-2-scaled.jpg?resize=1050%2C600&ssl=1 3x, https:\/\/i0.wp.com\/sarimelekler.biz\/wp-content\/uploads\/2023\/06\/Bojana-Drca-2-scaled.jpg?resize=1400%2C800&ssl=1 4x"},"classes":[]}],"_links":{"self":[{"href":"https:\/\/sarimelekler.biz\/index.php?rest_route=\/wp\/v2\/posts\/18746","targetHints":{"allow":["GET"]}}],"collection":[{"href":"https:\/\/sarimelekler.biz\/index.php?rest_route=\/wp\/v2\/posts"}],"about":[{"href":"https:\/\/sarimelekler.biz\/index.php?rest_route=\/wp\/v2\/types\/post"}],"author":[{"embeddable":true,"href":"https:\/\/sarimelekler.biz\/index.php?rest_route=\/wp\/v2\/users\/1"}],"replies":[{"embeddable":true,"href":"https:\/\/sarimelekler.biz\/index.php?rest_route=%2Fwp%2Fv2%2Fcomments&post=18746"}],"version-history":[{"count":5,"href":"https:\/\/sarimelekler.biz\/index.php?rest_route=\/wp\/v2\/posts\/18746\/revisions"}],"predecessor-version":[{"id":18753,"href":"https:\/\/sarimelekler.biz\/index.php?rest_route=\/wp\/v2\/posts\/18746\/revisions\/18753"}],"wp:featuredmedia":[{"embeddable":true,"href":"https:\/\/sarimelekler.biz\/index.php?rest_route=\/wp\/v2\/media\/18747"}],"wp:attachment":[{"href":"https:\/\/sarimelekler.biz\/index.php?rest_route=%2Fwp%2Fv2%2Fmedia&parent=18746"}],"wp:term":[{"taxonomy":"category","embeddable":true,"href":"https:\/\/sarimelekler.biz\/index.php?rest_route=%2Fwp%2Fv2%2Fcategories&post=18746"},{"taxonomy":"post_tag","embeddable":true,"href":"https:\/\/sarimelekler.biz\/index.php?rest_route=%2Fwp%2Fv2%2Ftags&post=18746"}],"curies":[{"name":"wp","href":"https:\/\/api.w.org\/{rel}","templated":true}]}}