{"id":18754,"date":"2023-01-15T23:57:00","date_gmt":"2023-01-15T20:57:00","guid":{"rendered":"https:\/\/sarimelekler.biz\/?p=18754"},"modified":"2023-02-07T18:33:55","modified_gmt":"2023-02-07T15:33:55","slug":"melissa-vargas-cin-liginin-bitmesinden-sonra-takima-geri-dondu","status":"publish","type":"post","link":"https:\/\/sarimelekler.biz\/?p=18754","title":{"rendered":"Melissa Vargas \u00c7in Liginin Bitmesinden Sonra Tak\u0131ma Geri D\u00f6nd\u00fc"},"content":{"rendered":"\n<p style=\"text-align: justify;\"><span style=\"font-size: 18px;\">Fenerbah\u00e7e Opet Kad\u0131n Voleybol Tak\u0131m\u0131m\u0131z\u0131n ba\u015far\u0131l\u0131 oyuncusu Melissa Vargas 21-22 T\u00fcrkiye Liginin bitmesinden sonra transfer oldu\u011fu \u00c7in Liginde bitmesinden sonra kul\u00fcb\u00fcm\u00fcze geri d\u00f6nd\u00fc. Vargas\u2019a Ba\u015far\u0131l\u0131 bir sezon dileriz.<\/span><\/p>\n<p style=\"text-align: justify;\"><a href=\"https:\/\/www.fenerbahce.org\/haberler\/voleybol-kadin\/2023\/1\/yuvana-hos-geldin-melissa-vargas\" target=\"_blank\" rel=\"noopener\"><strong><span style=\"font-size: 18px;\">Kul\u00fcb\u00fcm\u00fcz\u00fcn Resmi Sitesinden yap\u0131lan a\u00e7\u0131klama:<\/span><\/strong><\/a><\/p>\n<p style=\"text-align: justify;\"><span style=\"font-size: 18px;\">Fenerbah\u00e7e Opet Kad\u0131n Voleybol Tak\u0131m\u0131m\u0131z\u0131n oyuncusu Melissa Vargas, \u00c7in Ligi\u2019nin sona ermesiyle birlikte \u0130stanbul\u2019a geri d\u00f6nd\u00fc. K\u00fcba as\u0131ll\u0131 T\u00fcrk pas\u00f6r \u00e7apraz\u0131 Melissa Vargas, havaliman\u0131nda Voleybol \u015eubesi D\u0131\u015f \u0130li\u015fkiler ve Organizasyon Sorumlusu Tansu Ayd\u0131n taraf\u0131ndan \u201c44\u201d numaral\u0131 formas\u0131yla kar\u015f\u0131land\u0131.<\/span><\/p>\n<p style=\"text-align: justify;\"><span style=\"font-size: 18px;\">\u00c7in ekibi Tianjin ile ikinci kez \u015fampiyonluk ya\u015fayan ve g\u00f6sterdi\u011fi ba\u015far\u0131l\u0131 performansla \u00f6ne \u00e7\u0131kan Melissa Vargas, sezonun geri kalan k\u0131sm\u0131nda Fenerbah\u00e7e Opet\u2019in ba\u015far\u0131s\u0131 i\u00e7in ter d\u00f6kecek.<\/span><\/p>\n<p style=\"text-align: justify;\"><a href=\"https:\/\/www.fenerbahce.org\/haberler\/voleybol-kadin\/2023\/1\/melissa-vargas-saglik-kontrolunden-gecti\" target=\"_blank\" rel=\"noopener\"><strong><span style=\"font-size: 18px;\">Melissa Vargas transferinin a\u00e7\u0131klanmas\u0131n\u0131n hemen ard\u0131ndan sa\u011fl\u0131k kontrol\u00fcnden ge\u00e7ti.<\/span><\/strong><\/a><\/p>\n<p style=\"text-align: justify;\"><span style=\"font-size: 18px;\">Fenerbah\u00e7e Opet Kad\u0131n Voleybol Tak\u0131m\u0131m\u0131z\u0131n K\u00fcba as\u0131ll\u0131 T\u00fcrk pas\u00f6r \u00e7apraz\u0131 Melissa Vargas, Ac\u0131badem Altunizade Hastanesi\u2019nde sa\u011fl\u0131k kontrol\u00fcnden ge\u00e7ti.<\/span><\/p>\n<p style=\"text-align: justify;\"><span style=\"font-size: 18px;\">Sporcumuz, kan tetkiklerinin yap\u0131lmas\u0131n\u0131n ard\u0131ndan ortopedi, kardiyoloji, g\u00f6z ve dahiliye b\u00f6l\u00fcmlerinde muayene edildi. Melissa Vargas\u2019\u0131n sa\u011fl\u0131k kontrol\u00fc, akci\u011fer ve efor testinin yap\u0131lmas\u0131yla tamamland\u0131.<\/span><\/p>\n\n\t\t<style type=\"text\/css\">\n\t\t\t#gallery-1 {\n\t\t\t\tmargin: auto;\n\t\t\t}\n\t\t\t#gallery-1 .gallery-item {\n\t\t\t\tfloat: left;\n\t\t\t\tmargin-top: 10px;\n\t\t\t\ttext-align: center;\n\t\t\t\twidth: 100%;\n\t\t\t}\n\t\t\t#gallery-1 img {\n\t\t\t\tborder: 2px solid #cfcfcf;\n\t\t\t}\n\t\t\t#gallery-1 .gallery-caption {\n\t\t\t\tmargin-left: 0;\n\t\t\t}\n\t\t\t\/* see gallery_shortcode() in wp-includes\/media.php *\/\n\t\t<\/style>\n\t\t<div data-carousel-extra='{&quot;blog_id&quot;:1,&quot;permalink&quot;:&quot;https:\/\/sarimelekler.biz\/?p=18754&quot;}' id='gallery-1' class='gallery galleryid-18754 gallery-columns-1 gallery-size-large'><dl class='gallery-item'>\n\t\t\t<dt class='gallery-icon landscape'>\n\t\t\t\t<a href='https:\/\/sarimelekler.biz\/?attachment_id=18756'><img loading=\"lazy\" decoding=\"async\" width=\"860\" height=\"554\" src=\"https:\/\/sarimelekler.biz\/wp-content\/uploads\/2023\/02\/Vargas-2023-1-1024x660.jpg\" class=\"attachment-large size-large\" alt=\"\" srcset=\"https:\/\/sarimelekler.biz\/wp-content\/uploads\/2023\/02\/Vargas-2023-1-1024x660.jpg 1024w, https:\/\/sarimelekler.biz\/wp-content\/uploads\/2023\/02\/Vargas-2023-1-300x193.jpg 300w, https:\/\/sarimelekler.biz\/wp-content\/uploads\/2023\/02\/Vargas-2023-1-768x495.jpg 768w, https:\/\/sarimelekler.biz\/wp-content\/uploads\/2023\/02\/Vargas-2023-1-1536x990.jpg 1536w, https:\/\/sarimelekler.biz\/wp-content\/uploads\/2023\/02\/Vargas-2023-1-2048x1320.jpg 2048w, https:\/\/sarimelekler.biz\/wp-content\/uploads\/2023\/02\/Vargas-2023-1-150x97.jpg 150w\" sizes=\"auto, (max-width: 860px) 100vw, 860px\" data-attachment-id=\"18756\" data-permalink=\"https:\/\/sarimelekler.biz\/?attachment_id=18756\" data-orig-file=\"https:\/\/sarimelekler.biz\/wp-content\/uploads\/2023\/02\/Vargas-2023-1-scaled.jpg\" data-orig-size=\"2560,1650\" data-comments-opened=\"0\" data-image-meta=\"{&quot;aperture&quot;:&quot;2.8&quot;,&quot;credit&quot;:&quot;&quot;,&quot;camera&quot;:&quot;Canon EOS-1D X Mark II&quot;,&quot;caption&quot;:&quot;&quot;,&quot;created_timestamp&quot;:&quot;1673722695&quot;,&quot;copyright&quot;:&quot;fenerbahce dergisi\/org&quot;,&quot;focal_length&quot;:&quot;26&quot;,&quot;iso&quot;:&quot;1000&quot;,&quot;shutter_speed&quot;:&quot;0.001&quot;,&quot;title&quot;:&quot;&quot;,&quot;orientation&quot;:&quot;1&quot;}\" data-image-title=\"Vargas 2023-1\" data-image-description=\"\" data-image-caption=\"\" data-large-file=\"https:\/\/sarimelekler.biz\/wp-content\/uploads\/2023\/02\/Vargas-2023-1-1024x660.jpg\" \/><\/a>\n\t\t\t<\/dt><\/dl><br style=\"clear: both\" \/><dl class='gallery-item'>\n\t\t\t<dt class='gallery-icon portrait'>\n\t\t\t\t<a href='https:\/\/sarimelekler.biz\/?attachment_id=18757'><img loading=\"lazy\" decoding=\"async\" width=\"860\" height=\"935\" src=\"https:\/\/sarimelekler.biz\/wp-content\/uploads\/2023\/02\/Vargas-2023-2-942x1024.jpg\" class=\"attachment-large size-large\" alt=\"\" srcset=\"https:\/\/sarimelekler.biz\/wp-content\/uploads\/2023\/02\/Vargas-2023-2-942x1024.jpg 942w, https:\/\/sarimelekler.biz\/wp-content\/uploads\/2023\/02\/Vargas-2023-2-276x300.jpg 276w, https:\/\/sarimelekler.biz\/wp-content\/uploads\/2023\/02\/Vargas-2023-2-768x835.jpg 768w, https:\/\/sarimelekler.biz\/wp-content\/uploads\/2023\/02\/Vargas-2023-2-1413x1536.jpg 1413w, https:\/\/sarimelekler.biz\/wp-content\/uploads\/2023\/02\/Vargas-2023-2-1884x2048.jpg 1884w, https:\/\/sarimelekler.biz\/wp-content\/uploads\/2023\/02\/Vargas-2023-2-138x150.jpg 138w\" sizes=\"auto, (max-width: 860px) 100vw, 860px\" data-attachment-id=\"18757\" data-permalink=\"https:\/\/sarimelekler.biz\/?attachment_id=18757\" data-orig-file=\"https:\/\/sarimelekler.biz\/wp-content\/uploads\/2023\/02\/Vargas-2023-2-scaled.jpg\" data-orig-size=\"2354,2560\" data-comments-opened=\"0\" data-image-meta=\"{&quot;aperture&quot;:&quot;2.8&quot;,&quot;credit&quot;:&quot;&quot;,&quot;camera&quot;:&quot;Canon EOS-1D X Mark II&quot;,&quot;caption&quot;:&quot;&quot;,&quot;created_timestamp&quot;:&quot;1673722703&quot;,&quot;copyright&quot;:&quot;fenerbahce dergisi\/org&quot;,&quot;focal_length&quot;:&quot;35&quot;,&quot;iso&quot;:&quot;1000&quot;,&quot;shutter_speed&quot;:&quot;0.001&quot;,&quot;title&quot;:&quot;&quot;,&quot;orientation&quot;:&quot;1&quot;}\" data-image-title=\"Vargas 2023-2\" data-image-description=\"\" data-image-caption=\"\" data-large-file=\"https:\/\/sarimelekler.biz\/wp-content\/uploads\/2023\/02\/Vargas-2023-2-942x1024.jpg\" \/><\/a>\n\t\t\t<\/dt><\/dl><br style=\"clear: both\" \/><dl class='gallery-item'>\n\t\t\t<dt class='gallery-icon landscape'>\n\t\t\t\t<a href='https:\/\/sarimelekler.biz\/?attachment_id=18755'><img loading=\"lazy\" decoding=\"async\" width=\"860\" height=\"435\" src=\"https:\/\/sarimelekler.biz\/wp-content\/uploads\/2023\/02\/Vargas-2023-Saglik-Kontrolu-1024x518.jpg\" class=\"attachment-large size-large\" alt=\"\" srcset=\"https:\/\/sarimelekler.biz\/wp-content\/uploads\/2023\/02\/Vargas-2023-Saglik-Kontrolu-1024x518.jpg 1024w, https:\/\/sarimelekler.biz\/wp-content\/uploads\/2023\/02\/Vargas-2023-Saglik-Kontrolu-300x152.jpg 300w, https:\/\/sarimelekler.biz\/wp-content\/uploads\/2023\/02\/Vargas-2023-Saglik-Kontrolu-768x389.jpg 768w, https:\/\/sarimelekler.biz\/wp-content\/uploads\/2023\/02\/Vargas-2023-Saglik-Kontrolu-1536x777.jpg 1536w, https:\/\/sarimelekler.biz\/wp-content\/uploads\/2023\/02\/Vargas-2023-Saglik-Kontrolu-2048x1036.jpg 2048w, https:\/\/sarimelekler.biz\/wp-content\/uploads\/2023\/02\/Vargas-2023-Saglik-Kontrolu-150x76.jpg 150w\" sizes=\"auto, (max-width: 860px) 100vw, 860px\" data-attachment-id=\"18755\" data-permalink=\"https:\/\/sarimelekler.biz\/?attachment_id=18755\" data-orig-file=\"https:\/\/sarimelekler.biz\/wp-content\/uploads\/2023\/02\/Vargas-2023-Saglik-Kontrolu-scaled.jpg\" data-orig-size=\"2560,1295\" data-comments-opened=\"0\" data-image-meta=\"{&quot;aperture&quot;:&quot;4.5&quot;,&quot;credit&quot;:&quot;&quot;,&quot;camera&quot;:&quot;Canon EOS 700D&quot;,&quot;caption&quot;:&quot;&quot;,&quot;created_timestamp&quot;:&quot;1673879344&quot;,&quot;copyright&quot;:&quot;&quot;,&quot;focal_length&quot;:&quot;35&quot;,&quot;iso&quot;:&quot;400&quot;,&quot;shutter_speed&quot;:&quot;0.016666666666667&quot;,&quot;title&quot;:&quot;&quot;,&quot;orientation&quot;:&quot;1&quot;}\" data-image-title=\"Vargas 2023 Sa\u011fl\u0131k Kontrol\u00fc\" data-image-description=\"\" data-image-caption=\"\" data-large-file=\"https:\/\/sarimelekler.biz\/wp-content\/uploads\/2023\/02\/Vargas-2023-Saglik-Kontrolu-1024x518.jpg\" \/><\/a>\n\t\t\t<\/dt><\/dl><br style=\"clear: both\" \/>\n\t\t<\/div>\n\n<p>\u00a0<\/p>\n<p style=\"text-align: right;\"><span style=\"font-size: 18px;\"> 15.01.2023<\/span><\/p>\n","protected":false},"excerpt":{"rendered":"<p>Fenerbah\u00e7e Opet Kad\u0131n Voleybol Tak\u0131m\u0131m\u0131z\u0131n ba\u015far\u0131l\u0131 oyuncusu Melissa Vargas 21-22 \u2026 <a class=\"continue-reading-link\" href=\"https:\/\/sarimelekler.biz\/?p=18754\">Okumaya Devam Et.. <span class=\"meta-nav\">&rarr; <\/span><\/a><\/p>\n","protected":false},"author":1,"featured_media":18756,"comment_status":"closed","ping_status":"open","sticky":false,"template":"","format":"standard","meta":{"jetpack_post_was_ever_published":false,"_jetpack_newsletter_access":"","_jetpack_dont_email_post_to_subs":false,"_jetpack_newsletter_tier_id":0,"_jetpack_memberships_contains_paywalled_content":false,"_jetpack_memberships_contains_paid_content":false,"footnotes":"","jetpack_publicize_message":"","jetpack_publicize_feature_enabled":true,"jetpack_social_post_already_shared":true,"jetpack_social_options":{"image_generator_settings":{"template":"highway","default_image_id":0,"font":"","enabled":false},"version":2}},"categories":[23],"tags":[],"class_list":["post-18754","post","type-post","status-publish","format-standard","has-post-thumbnail","hentry","category-transfer-haberleri"],"jetpack_publicize_connections":[],"jetpack_featured_media_url":"https:\/\/sarimelekler.biz\/wp-content\/uploads\/2023\/02\/Vargas-2023-1-scaled.jpg","jetpack_sharing_enabled":true,"jetpack_shortlink":"https:\/\/wp.me\/p8npUZ-4Su","jetpack-related-posts":[{"id":17117,"url":"https:\/\/sarimelekler.biz\/?p=17117","url_meta":{"origin":18754,"position":0},"title":"Melissa Vargas Tekrar Fenerbah\u00e7e Opet\u2019te","author":"Edit\u00f6r","date":"13 Ocak 2022","format":false,"excerpt":"3 sezon boyunca Fenerbah\u00e7e Opet formas\u0131 giyen, bu sezon ise \u00c7in ekibi Tianjin ile \u015fampiyonluk ya\u015fayan eski voleybolcumuz Melissa Vargas yuvas\u0131na geri d\u00f6nd\u00fc. \u00c7in Ligi\u2019nin sona ermesiyle beraber T\u00fcrkiye\u2019ye d\u00f6nen Melissa Vargas'\u0131n ilk s\u00f6zleri, \"\u00c7ok mutluyum\" oldu. Havaliman\u0131nda \u015fube idarecilerimiz taraf\u0131ndan \u00e7i\u00e7ek ve formas\u0131 ile kar\u015f\u0131lanan ba\u015far\u0131l\u0131 sporcumuz; Fenerbah\u00e7e TV'ye\u2026","rel":"","context":"&quot;Transfer Haberleri&quot; i\u00e7inde","block_context":{"text":"Transfer Haberleri","link":"https:\/\/sarimelekler.biz\/?cat=23"},"img":{"alt_text":"","src":"https:\/\/i0.wp.com\/sarimelekler.biz\/wp-content\/uploads\/2021\/04\/Vargas-Veda-1-scaled.jpg?resize=350%2C200&ssl=1","width":350,"height":200,"srcset":"https:\/\/i0.wp.com\/sarimelekler.biz\/wp-content\/uploads\/2021\/04\/Vargas-Veda-1-scaled.jpg?resize=350%2C200&ssl=1 1x, https:\/\/i0.wp.com\/sarimelekler.biz\/wp-content\/uploads\/2021\/04\/Vargas-Veda-1-scaled.jpg?resize=525%2C300&ssl=1 1.5x, https:\/\/i0.wp.com\/sarimelekler.biz\/wp-content\/uploads\/2021\/04\/Vargas-Veda-1-scaled.jpg?resize=700%2C400&ssl=1 2x, https:\/\/i0.wp.com\/sarimelekler.biz\/wp-content\/uploads\/2021\/04\/Vargas-Veda-1-scaled.jpg?resize=1050%2C600&ssl=1 3x, https:\/\/i0.wp.com\/sarimelekler.biz\/wp-content\/uploads\/2021\/04\/Vargas-Veda-1-scaled.jpg?resize=1400%2C800&ssl=1 4x"},"classes":[]},{"id":14830,"url":"https:\/\/sarimelekler.biz\/?p=14830","url_meta":{"origin":18754,"position":1},"title":"Kelsey Robinson Tekrar Sar\u0131 Melek Oldu.","author":"Edit\u00f6r","date":"21 Aral\u0131k 2020","format":false,"excerpt":"Ge\u00e7ti\u011fimiz sezonu (2019-20) tak\u0131m\u0131m\u0131zda ge\u00e7iren ve ba\u015far\u0131l\u0131 bir performans ortaya koyan, sma\u00e7\u00f6r mevkiinde oynayan Amerikal\u0131 oyuncu Kelsey Robinson ile Fenerbah\u00e7e Opet tak\u0131m\u0131m\u0131z yeniden s\u00f6zle\u015fme imzalad\u0131. 1992 do\u011fumlu, 188 cm boyundaki Kelsey Robinson bu sezon \u00c7in\u2019in Guangdong Evergrande tak\u0131m\u0131nda forma giydi. \u00c7in liginin bitmesiyle tak\u0131m\u0131m\u0131za tekrar transfer olan Robinson gelecek sezon\u2026","rel":"","context":"&quot;Transfer Haberleri&quot; i\u00e7inde","block_context":{"text":"Transfer Haberleri","link":"https:\/\/sarimelekler.biz\/?cat=23"},"img":{"alt_text":"","src":"https:\/\/i0.wp.com\/sarimelekler.biz\/wp-content\/uploads\/2020\/12\/Robinson-Kapak.jpg?resize=350%2C200&ssl=1","width":350,"height":200,"srcset":"https:\/\/i0.wp.com\/sarimelekler.biz\/wp-content\/uploads\/2020\/12\/Robinson-Kapak.jpg?resize=350%2C200&ssl=1 1x, https:\/\/i0.wp.com\/sarimelekler.biz\/wp-content\/uploads\/2020\/12\/Robinson-Kapak.jpg?resize=525%2C300&ssl=1 1.5x, https:\/\/i0.wp.com\/sarimelekler.biz\/wp-content\/uploads\/2020\/12\/Robinson-Kapak.jpg?resize=700%2C400&ssl=1 2x, https:\/\/i0.wp.com\/sarimelekler.biz\/wp-content\/uploads\/2020\/12\/Robinson-Kapak.jpg?resize=1050%2C600&ssl=1 3x, https:\/\/i0.wp.com\/sarimelekler.biz\/wp-content\/uploads\/2020\/12\/Robinson-Kapak.jpg?resize=1400%2C800&ssl=1 4x"},"classes":[]},{"id":15727,"url":"https:\/\/sarimelekler.biz\/?p=15727","url_meta":{"origin":18754,"position":2},"title":"Melissa Vargas Tak\u0131m\u0131m\u0131zdan Ayr\u0131ld\u0131","author":"Edit\u00f6r","date":"22 Nisan 2021","format":false,"excerpt":"Kul\u00fcb\u00fcm\u00fcz Fenerbah\u00e7e Opet Kad\u0131n Voleybol tak\u0131m\u0131m\u0131z\u0131n pas\u00f6r \u00e7apraz\u0131 oyuncusu Melissa Vargas\u2019\u0131n tak\u0131mdan ayr\u0131ld\u0131\u011f\u0131n\u0131 resmi sitesinden yapt\u0131\u011f\u0131 a\u00e7\u0131klamayla duyurdu. Melissa Vargas\u2019a emekleri i\u00e7in te\u015fekk\u00fcr eder, kariyerinde ba\u015far\u0131lar dileriz. Kul\u00fcb\u00fcm\u00fczden Yap\u0131lan A\u00e7\u0131klama: Her \u015fey i\u00e7in bir kez daha te\u015fekk\u00fcrler Melissa! 2018-2019 sezonundan bu yana formam\u0131z\u0131 gururla ta\u015f\u0131yan Melissa Vargas, hayallerini ger\u00e7ekle\u015ftirmenin gururuyla\u2026","rel":"","context":"&quot;Transfer Haberleri&quot; i\u00e7inde","block_context":{"text":"Transfer Haberleri","link":"https:\/\/sarimelekler.biz\/?cat=23"},"img":{"alt_text":"","src":"https:\/\/i0.wp.com\/sarimelekler.biz\/wp-content\/uploads\/2021\/04\/Vargas.jpg?resize=350%2C200&ssl=1","width":350,"height":200,"srcset":"https:\/\/i0.wp.com\/sarimelekler.biz\/wp-content\/uploads\/2021\/04\/Vargas.jpg?resize=350%2C200&ssl=1 1x, https:\/\/i0.wp.com\/sarimelekler.biz\/wp-content\/uploads\/2021\/04\/Vargas.jpg?resize=525%2C300&ssl=1 1.5x, https:\/\/i0.wp.com\/sarimelekler.biz\/wp-content\/uploads\/2021\/04\/Vargas.jpg?resize=700%2C400&ssl=1 2x"},"classes":[]},{"id":15701,"url":"https:\/\/sarimelekler.biz\/?p=15701","url_meta":{"origin":18754,"position":3},"title":"Fenerbah\u00e7e Opet Kad\u0131n Voleybol Tak\u0131m\u0131m\u0131z, \u0130kincilik \u015eiltini Ald\u0131","author":"Edit\u00f6r","date":"16 Nisan 2021","format":false,"excerpt":"Fenerbah\u00e7e Opet Kad\u0131n Voleybol Tak\u0131m\u0131m\u0131z, teknik ekip ve oyuncular\u0131m\u0131zda son bir hafta i\u00e7erisinde g\u00f6r\u00fclen Covid-19 Vakalar\u0131 sebebiyle d\u00fcn misli.com Sultanlar Ligi final serisi \u00fc\u00e7\u00fcnc\u00fc ma\u00e7\u0131na \u00e7\u0131kmama karar\u0131 almas\u0131 \u00fczerine tak\u0131m\u0131m\u0131z bug\u00fcn oynanacak ma\u00e7ta h\u00fckmen yenik say\u0131ld\u0131 ve serinin 3-0\u2019a gelmesiyle \u015eampiyon Vak\u0131fbank oldu. G\u00fcn i\u00e7erisinde \u015eampiyonluk, ikincilik ve bireysel \u00f6d\u00fcl\u2026","rel":"","context":"&quot;T\u00fcrkiye Ligi&quot; i\u00e7inde","block_context":{"text":"T\u00fcrkiye Ligi","link":"https:\/\/sarimelekler.biz\/?cat=6"},"img":{"alt_text":"","src":"https:\/\/i0.wp.com\/sarimelekler.biz\/wp-content\/uploads\/2021\/04\/36-2020-21-18.jpg?resize=350%2C200&ssl=1","width":350,"height":200,"srcset":"https:\/\/i0.wp.com\/sarimelekler.biz\/wp-content\/uploads\/2021\/04\/36-2020-21-18.jpg?resize=350%2C200&ssl=1 1x, https:\/\/i0.wp.com\/sarimelekler.biz\/wp-content\/uploads\/2021\/04\/36-2020-21-18.jpg?resize=525%2C300&ssl=1 1.5x, https:\/\/i0.wp.com\/sarimelekler.biz\/wp-content\/uploads\/2021\/04\/36-2020-21-18.jpg?resize=700%2C400&ssl=1 2x, https:\/\/i0.wp.com\/sarimelekler.biz\/wp-content\/uploads\/2021\/04\/36-2020-21-18.jpg?resize=1050%2C600&ssl=1 3x, https:\/\/i0.wp.com\/sarimelekler.biz\/wp-content\/uploads\/2021\/04\/36-2020-21-18.jpg?resize=1400%2C800&ssl=1 4x"},"classes":[]},{"id":15646,"url":"https:\/\/sarimelekler.biz\/?p=15646","url_meta":{"origin":18754,"position":4},"title":"Ba\u015far\u0131l\u0131 Oyuncumuz Melissa Vargas T\u00fcrk Vatanda\u015fl\u0131\u011f\u0131na Ge\u00e7ti","author":"Edit\u00f6r","date":"10 Nisan 2021","format":false,"excerpt":"T\u00fcrkiye Voleybol Federasyonu\u2019nun, Fenerbah\u00e7e Opet Kad\u0131n Voleybol Tak\u0131m\u0131m\u0131z\u0131n K\u00fcbal\u0131 oyuncusu Melissa Teresa Vargas Abreu\u2019nun T\u00fcrkiye Cumhuriyeti vatanda\u015fl\u0131\u011f\u0131n\u0131 almas\u0131 konusunda yapm\u0131\u015f oldu\u011fu ba\u015fvuru onayland\u0131 ve Cumhurba\u015fkan\u0131m\u0131z Say\u0131n Recep Tayyip Erdo\u011fan, Melissa Vargas\u2019a T\u00fcrkiye Cumhuriyeti Kimlik Kart\u0131\u2019n\u0131 takdim etti. T.C. Vatanda\u015fl\u0131\u011f\u0131\u2019na ge\u00e7me i\u015flemleri tamamland\u0131\u011f\u0131 i\u00e7in \u00e7ok mutlu oldu\u011funu ifade eden Melissa Vargas,\u2026","rel":"","context":"&quot;Haberler&quot; i\u00e7inde","block_context":{"text":"Haberler","link":"https:\/\/sarimelekler.biz\/?cat=7"},"img":{"alt_text":"","src":"https:\/\/i0.wp.com\/sarimelekler.biz\/wp-content\/uploads\/2021\/04\/Kapak.jpg?resize=350%2C200&ssl=1","width":350,"height":200,"srcset":"https:\/\/i0.wp.com\/sarimelekler.biz\/wp-content\/uploads\/2021\/04\/Kapak.jpg?resize=350%2C200&ssl=1 1x, https:\/\/i0.wp.com\/sarimelekler.biz\/wp-content\/uploads\/2021\/04\/Kapak.jpg?resize=525%2C300&ssl=1 1.5x, https:\/\/i0.wp.com\/sarimelekler.biz\/wp-content\/uploads\/2021\/04\/Kapak.jpg?resize=700%2C400&ssl=1 2x, https:\/\/i0.wp.com\/sarimelekler.biz\/wp-content\/uploads\/2021\/04\/Kapak.jpg?resize=1050%2C600&ssl=1 3x, https:\/\/i0.wp.com\/sarimelekler.biz\/wp-content\/uploads\/2021\/04\/Kapak.jpg?resize=1400%2C800&ssl=1 4x"},"classes":[]},{"id":12640,"url":"https:\/\/sarimelekler.biz\/?p=12640","url_meta":{"origin":18754,"position":5},"title":"Jordan Thompson Fenerbah\u00e7e Opet\u2019te","author":"Edit\u00f6r","date":"19 Aral\u0131k 2019","format":false,"excerpt":"Fenerbah\u00e7e Opet Kad\u0131n Voleybol tak\u0131m\u0131m\u0131z\u0131n Pas\u00f6r \u00c7apraz\u0131 Melissa Vargas, tak\u0131m\u0131m\u0131z\u0131n 28 Kas\u0131m 2019 g\u00fcn\u00fc kar\u015f\u0131la\u015ft\u0131\u011f\u0131 Budowlani Lodz ma\u00e7\u0131 3. setinde sa\u011f ayak bile\u011finden sakatlanm\u0131\u015ft\u0131. Melissa Vargas\u2019\u0131n sakatl\u0131\u011f\u0131n\u0131n beklenenden uzun s\u00fcrecek olmas\u0131ndan dolay\u0131 kul\u00fcb\u00fcm\u00fcz bu pozisyona Amerikal\u0131 pas\u00f6r \u00e7apras\u0131 Jordan Thompson\u2019u transfer etti. Kul\u00fcb\u00fcm\u00fczden yap\u0131lan a\u00e7\u0131klama: ABD Kad\u0131n Voleybol Milli Tak\u0131m\u0131\u2019n\u0131n\u2026","rel":"","context":"&quot;Transfer Haberleri&quot; i\u00e7inde","block_context":{"text":"Transfer Haberleri","link":"https:\/\/sarimelekler.biz\/?cat=23"},"img":{"alt_text":"","src":"https:\/\/i0.wp.com\/sarimelekler.biz\/wp-content\/uploads\/2019\/12\/jordanthompsonkapak.jpg?resize=350%2C200&ssl=1","width":350,"height":200,"srcset":"https:\/\/i0.wp.com\/sarimelekler.biz\/wp-content\/uploads\/2019\/12\/jordanthompsonkapak.jpg?resize=350%2C200&ssl=1 1x, https:\/\/i0.wp.com\/sarimelekler.biz\/wp-content\/uploads\/2019\/12\/jordanthompsonkapak.jpg?resize=525%2C300&ssl=1 1.5x, https:\/\/i0.wp.com\/sarimelekler.biz\/wp-content\/uploads\/2019\/12\/jordanthompsonkapak.jpg?resize=700%2C400&ssl=1 2x, https:\/\/i0.wp.com\/sarimelekler.biz\/wp-content\/uploads\/2019\/12\/jordanthompsonkapak.jpg?resize=1050%2C600&ssl=1 3x"},"classes":[]}],"_links":{"self":[{"href":"https:\/\/sarimelekler.biz\/index.php?rest_route=\/wp\/v2\/posts\/18754","targetHints":{"allow":["GET"]}}],"collection":[{"href":"https:\/\/sarimelekler.biz\/index.php?rest_route=\/wp\/v2\/posts"}],"about":[{"href":"https:\/\/sarimelekler.biz\/index.php?rest_route=\/wp\/v2\/types\/post"}],"author":[{"embeddable":true,"href":"https:\/\/sarimelekler.biz\/index.php?rest_route=\/wp\/v2\/users\/1"}],"replies":[{"embeddable":true,"href":"https:\/\/sarimelekler.biz\/index.php?rest_route=%2Fwp%2Fv2%2Fcomments&post=18754"}],"version-history":[{"count":1,"href":"https:\/\/sarimelekler.biz\/index.php?rest_route=\/wp\/v2\/posts\/18754\/revisions"}],"predecessor-version":[{"id":18758,"href":"https:\/\/sarimelekler.biz\/index.php?rest_route=\/wp\/v2\/posts\/18754\/revisions\/18758"}],"wp:featuredmedia":[{"embeddable":true,"href":"https:\/\/sarimelekler.biz\/index.php?rest_route=\/wp\/v2\/media\/18756"}],"wp:attachment":[{"href":"https:\/\/sarimelekler.biz\/index.php?rest_route=%2Fwp%2Fv2%2Fmedia&parent=18754"}],"wp:term":[{"taxonomy":"category","embeddable":true,"href":"https:\/\/sarimelekler.biz\/index.php?rest_route=%2Fwp%2Fv2%2Fcategories&post=18754"},{"taxonomy":"post_tag","embeddable":true,"href":"https:\/\/sarimelekler.biz\/index.php?rest_route=%2Fwp%2Fv2%2Ftags&post=18754"}],"curies":[{"name":"wp","href":"https:\/\/api.w.org\/{rel}","templated":true}]}}