{"id":18839,"date":"2023-02-11T18:25:47","date_gmt":"2023-02-11T15:25:47","guid":{"rendered":"https:\/\/sarimelekler.biz\/?p=18839"},"modified":"2023-02-15T18:26:49","modified_gmt":"2023-02-15T15:26:49","slug":"milletimizin-basi-sag-olsun","status":"publish","type":"post","link":"https:\/\/sarimelekler.biz\/?p=18839","title":{"rendered":"M\u0130LLET\u0130M\u0130Z\u0130N BA\u015eI SA\u011e OLSUN"},"content":{"rendered":"\n<p style=\"text-align: justify;\"><span style=\"font-size: 18px;\">Kahramanmara\u015f\u2019ta meydana gelen ve bir\u00e7ok ilimizde hissedilen depremlerde hayat\u0131n\u0131 kaybeden vatanda\u015flar\u0131m\u0131za Allah\u2019tan rahmet, yaral\u0131 vatanda\u015flar\u0131m\u0131za acil \u015fifalar diliyoruz.<\/span><\/p>\n<p style=\"text-align: justify;\"><span style=\"font-size: 18px;\">\u00dclkemizi b\u00fcy\u00fck h\u00fczne bo\u011fan deprem felaketinden etkilenen vatanda\u015flar\u0131m\u0131za yard\u0131m i\u00e7in Fenerbah\u00e7e Spor Kul\u00fcb\u00fcm\u00fcz\u00fcn ba\u015flatt\u0131\u011f\u0131 Afet B\u00f6lgesi Yard\u0131m Kampanyas\u0131na \u015eubelerimiz, antren\u00f6rlerimiz ve sporcular\u0131m\u0131z da destek oldu.<\/span><\/p>\n<p style=\"text-align: justify;\"><a href=\"https:\/\/www.fenerbahce.org\/haberler\/kulup\/2023\/2\/sube-sorumlularimiz-ve-sporcularimizdan-afet-bolgesi-yardim-kampanyasina-destek\" target=\"_blank\" rel=\"noopener\"><strong><span style=\"font-size: 18px;\">Yap\u0131lan A\u00e7\u0131klamalar:<\/span><\/strong><\/a><\/p>\n<p style=\"text-align: justify;\"><span style=\"font-size: 18px;\"><strong>Fenerbah\u00e7e Opet Kad\u0131n Voleybol Tak\u0131m\u0131m\u0131z\u0131n Menajeri Pelin \u00c7elik: Herkes birlik olmu\u015f durumda ve burada, oradaki yaralar\u0131m\u0131z\u0131 sarmak i\u00e7in harika bir \u00e7al\u0131\u015fma var<\/strong><\/span><br \/><br \/><span style=\"font-size: 18px;\">Fenerbah\u00e7e Opet Kad\u0131n Voleybol Tak\u0131m\u0131m\u0131z\u0131n Menajeri Pelin \u00c7elik, \u201c\u00c7ok \u00fczg\u00fcn\u00fcz. Duygular\u0131 kelimeler d\u00f6kmek \u00e7ok \u00e7ok zor. Ayn\u0131 zamanda umudumuzu yitirmememizin gerekti\u011fi, yard\u0131mla\u015fmam\u0131z\u0131n gerekti\u011fi, daha \u00e7ok birlik olmam\u0131z\u0131n gerektirdi\u011fi bir d\u00f6nemdeyiz. Hepimizin ba\u015f\u0131 sa\u011f olsun. Hepimizin y\u00fcre\u011fi orada. Yaral\u0131lar\u0131n bir an \u00f6nce iyile\u015fmesini diliyoruz. Yaralar\u0131m\u0131z\u0131 sarmam\u0131z gerekiyor. Burada \u00e7ok b\u00fcy\u00fck bir yard\u0131mla\u015fma var. Kul\u00fcb\u00fcm\u00fcz bu konuda zaten \u00f6nc\u00fc olmu\u015ftur. \u00a0Biz de tak\u0131m olarak, \u015fube olarak, ki\u015fisel olarak \u00e7orbada tuzumuz olsun diye \u00e7abal\u0131yoruz. \u00c7ok zor bir s\u00fcre\u00e7. Bir anne, bir sporcu, bir vatanda\u015f olarak hislerimizin kar\u0131\u015ft\u0131\u011f\u0131 bir durum asl\u0131nda. Evde oldu\u011fumuza, ya\u015fad\u0131\u011f\u0131m\u0131za, bu durumda oldu\u011fumuza \u015f\u00fckretti\u011fimiz ama asl\u0131nda bundan da utand\u0131\u011f\u0131m\u0131z, yavrumuza sar\u0131l\u0131rken di\u011fer anneleri d\u00fc\u015f\u00fcnd\u00fc\u011f\u00fcm\u00fcz, yemek yerken orada insanlar\u0131n a\u00e7 durdu\u011funu d\u00fc\u015f\u00fcnd\u00fc\u011f\u00fcm\u00fcz, bo\u011fazlar\u0131m\u0131zda lokmalar\u0131n d\u00fc\u011f\u00fcmlendi\u011fi bir d\u00f6nem. Ancak burada m\u00fckemmel bir organizasyon var. T\u00fcrk halk\u0131, Fenerbah\u00e7e camias\u0131, herkes birlik olmu\u015f durumda ve burada, oradaki yaralar\u0131m\u0131z\u0131 sarmak i\u00e7in harika bir \u00e7al\u0131\u015fma var. Herkesten Allah\u2019tan raz\u0131 olsun. Hem buraya hem de depremzedelere yard\u0131m\u0131n\u0131 ula\u015ft\u0131ran herkese \u00e7ok \u00e7ok te\u015fekk\u00fcr ediyoruz. Sonuna kadar m\u00fccadele edece\u011fiz. \u00a0Nefes almaya devam ettik\u00e7e umudumuz da devam ediyor. Umar\u0131m bu ya\u015fananlar gelecek i\u00e7in hepimize ders olur, daha b\u00fcy\u00fck felaketler ya\u015famay\u0131z. Yard\u0131m eden herkese de \u00e7ok \u00e7ok te\u015fekk\u00fcr ederim.\u201d dedi.<\/span><\/p>\n<p style=\"text-align: justify;\">\u00a0<\/p>\n<p style=\"text-align: justify;\"><strong><span style=\"font-size: 18px;\">Fenerbah\u00e7e Opet Kad\u0131n Voleybol Tak\u0131m\u0131m\u0131z\u0131n Ba\u015fantren\u00f6r\u00fc Zoran Terzic: \u00c7ok \u00fczg\u00fcn\u00fcz, l\u00fctfen herkes destek versin<\/span><\/strong><\/p>\n<p style=\"text-align: justify;\"><span style=\"font-size: 18px;\">Fenerbah\u00e7e Opet\u2019in Ba\u015fantren\u00f6r\u00fc Zoran Terzic, \u201cB\u00f6yle bir durumda bir \u015fey s\u00f6ylemek \u00e7ok zor, herhangi bir kelime bulam\u0131yorum. Sadece buras\u0131 i\u00e7in de\u011fil d\u00fcnyan\u0131n her yerindeki insanlar\u0131n bununla ilgili payla\u015f\u0131mlar yapt\u0131\u011f\u0131n\u0131, yard\u0131m toplad\u0131\u011f\u0131n\u0131 g\u00f6r\u00fcyorum. \u00dczg\u00fcn\u00fcm, bu olay kar\u015f\u0131s\u0131nda sadece T\u00fcrkiye\u2019deki insanlar de\u011fil b\u00fct\u00fcn insanlar \u00e7ok \u00fczg\u00fcn ve mutsuz. B\u00f6yle organizasyonlar\u0131 g\u00f6rmekten dolay\u0131 mutlu ve gururluyum. Kul\u00fcb\u00fcm\u00fcz bununla ilgili \u00e7ok g\u00fczel bir organizasyon yapm\u0131\u015f ve yard\u0131m ediyorlar. Bunu g\u00f6rmek bir nebze de olsa beni mutlu ediyor. Buradan sadece T\u00fcrkiye\u2019de ya\u015fayan insanlara de\u011fil t\u00fcm d\u00fcnyadaki insanlara seslenmek istiyorum: l\u00fctfen yard\u0131m edin, sizin i\u00e7in ufak olan bir \u015fey buradaki insanlar i\u00e7in \u00e7ok \u00f6nemli bir \u015fey haline gelebiliyor. L\u00fctfen destek verin. Fenerbah\u00e7e, Galatasaray, Be\u015fikta\u015f taraftarlar\u0131n\u0131 bir arada, ortak bir \u015feyler yaparken g\u00f6rmek kalbime dokunuyor. S\u0131rbistan&#8217;da haberleri takip ediyorum. K\u00fc\u00e7\u00fck bir yerde ya\u015fayan ya\u015fl\u0131 bir adam 5 &#8211; 6 bin T\u00fcrk liras\u0131 toplam\u0131\u015f ve yard\u0131m i\u00e7in T\u00fcrkiye&#8217;ye g\u00f6ndermi\u015f. Bunlar \u00f6nemli. Bizim i\u00e7in k\u00fc\u00e7\u00fck gelen bir \u015fey ba\u015fkas\u0131 i\u00e7in \u00e7ok b\u00fcy\u00fck anlam ifade edebilir. B\u00f6yle bir felaket kar\u015f\u0131s\u0131nda sadece T\u00fcrk halk\u0131 de\u011fil, t\u00fcm d\u00fcnya yard\u0131m edecektir.&#8221; dedi.<\/span><\/p>\n<p style=\"text-align: justify;\">\u00a0<\/p>\n<p style=\"text-align: justify;\"><strong><span style=\"font-size: 18px;\">Eda Erdem D\u00fcndar: Biz de elimizden geldi\u011fince yard\u0131m etmeye \u00e7al\u0131\u015f\u0131yoruz. Kul\u00fcb\u00fcm\u00fcze de bu imkan\u0131 bize sa\u011flad\u0131\u011f\u0131 i\u00e7in \u00e7ok te\u015fekk\u00fcr ediyoruz.\u00a0\u00a0 Burada inan\u0131lmaz bir seferberlik var<\/span><\/strong><\/p>\n<p style=\"text-align: justify;\"><span style=\"font-size: 18px;\">Fenerbah\u00e7e Opet Kad\u0131n Voleybol Tak\u0131m\u0131m\u0131z\u0131n kaptan\u0131 Eda Erdem D\u00fcndar, \u201cDerin bir \u00fcz\u00fcnt\u00fc i\u00e7erisindeyiz. Hayat\u0131n\u0131 kaybeden vatanda\u015flar\u0131m\u0131za Allah\u2019tan rahmet, yaral\u0131lara acil \u015fifalar ve enkaz alt\u0131nda kalan vatanda\u015flar\u0131m\u0131z\u0131n da bir an \u00f6nce kurtulmas\u0131n\u0131 diliyoruz. Hava \u015fartlar\u0131 da \u00e7ok k\u00f6t\u00fc ne yaz\u0131k ki. \u0130n\u015fallah en k\u0131sa s\u00fcrede enkaz alt\u0131nda \u00e7\u0131kar\u0131labilirler. Hepimizin \u00f6nceli\u011fi depremin yaralar\u0131n\u0131 sarmak. Biz de elimizden geldi\u011fince yard\u0131m etmeye \u00e7al\u0131\u015f\u0131yoruz. Kul\u00fcb\u00fcm\u00fcze de bu imkan\u0131 bize sa\u011flad\u0131\u011f\u0131 i\u00e7in \u00e7ok te\u015fekk\u00fcr ediyoruz.\u00a0\u00a0 Burada inan\u0131lmaz bir seferberlik var. G\u00f6zlerim doldu. \u00dcz\u00fcnt\u00fcl\u00fc bir s\u00fcre\u00e7 ya\u015f\u0131yoruz ama in\u015fallah bunu da atlataca\u011f\u0131z. Sahada \u00e7al\u0131\u015fan t\u00fcm kurtarma ekiplerine te\u015fekk\u00fcr ediyoruz. Umar\u0131m bir an \u00f6nce enkaz alt\u0131ndaki vatanda\u015flar\u0131m\u0131z\u0131 da kurtarabilirler ve yaralar\u0131 sarmaya ba\u015flayabiliriz. T\u00fcrkiye olarak eminim herkes yard\u0131m i\u00e7in elinden geleni yap\u0131yor. \u0130n\u015fallah en k\u0131sa s\u00fcrede s\u00fcreci atlatmaya \u00e7al\u0131\u015faca\u011f\u0131z.\u201d diye konu\u015ftu.<\/span><\/p>\n<p style=\"text-align: justify;\">\u00a0<\/p>\n<p style=\"text-align: justify;\"><strong><span style=\"font-size: 18px;\">Arina Fedorovtseva: Depremden etkilenen herkes i\u00e7in \u00e7ok \u00fczg\u00fcn\u00fcm. Herkesi yard\u0131mda bulunmaya davet ediyorum<\/span><\/strong><\/p>\n<p style=\"text-align: justify;\"><span style=\"font-size: 18px;\">Fenerbah\u00e7e Opet Kad\u0131n Voleybol Tak\u0131m\u0131m\u0131z\u0131n Rus oyuncusu Arina Fedorovtseva, \u201cYa\u015fananlar ger\u00e7ekten felaket ve korkun\u00e7. Depremden etkilenen herkes i\u00e7in \u00e7ok \u00fczg\u00fcn\u00fcm. \u015eu anda en \u00f6nemli olan \u015fey yard\u0131m. Birbirimize yard\u0131mc\u0131 olmal\u0131y\u0131z. Bu malzeme getirerek olur, para g\u00f6ndererek olur.\u00a0 Herkesi elinden gelen yard\u0131mda bulunmaya davet ediyorum. Deprem b\u00f6lgelerinde yard\u0131ma \u00e7ok ihtiya\u00e7 var.\u00a0 \u015eu anda en \u00f6nemli \u015fey bu.\u201d dedi.<\/span><\/p>\n<p style=\"text-align: justify;\">\u00a0<\/p>\n<p style=\"text-align: justify;\"><strong><span style=\"font-size: 18px;\">Meliha Diken: Burada kul\u00fcb\u00fcm\u00fcz\u00fcn \u00e7ok g\u00fczel bir organizasyonu var<\/span><\/strong><\/p>\n<p style=\"text-align: justify;\"><span style=\"font-size: 18px;\">Fenerbah\u00e7e Opet Kad\u0131n Voleybol Tak\u0131m\u0131m\u0131z\u0131n oyuncusu Meliha Diken, \u201c\u00d6ncelikle \u00fclkemizin ba\u015f\u0131 sa\u011f olsun. B\u00fcy\u00fck bir \u00fcz\u00fcnt\u00fcyle haberleri takipteyiz. M\u00fcmk\u00fcn oldu\u011fu kadar, elimizden geldi\u011fince yard\u0131mc\u0131 olmaya \u00e7al\u0131\u015f\u0131yoruz. Fiziki olarak yard\u0131m edemeyen varsa da internet \u00fczerinden ba\u011f\u0131\u015f yapabilecek \u00e7ok\u00e7a yer var. Az \u00e7ok demeden yard\u0131m edilirse \u00e7ok \u00e7ok iyi olur. Burada da kul\u00fcb\u00fcm\u00fcz\u00fcn \u00e7ok g\u00fczel bir organizasyonu var. Her g\u00fcn ka\u00e7 tane t\u0131r\u0131n yola \u00e7\u0131kt\u0131\u011f\u0131n\u0131 g\u00f6r\u00fcyoruz. \u0130nsanlar burada \u00e7ok yard\u0131mc\u0131 oluyor ve \u00e7ok fazla malzeme getiriyor. Herkese \u00e7ok \u00e7ok te\u015fekk\u00fcr ederim.\u201d \u015feklinde konu\u015ftu.<\/span><\/p>\n\n\t\t<style type=\"text\/css\">\n\t\t\t#gallery-1 {\n\t\t\t\tmargin: auto;\n\t\t\t}\n\t\t\t#gallery-1 .gallery-item {\n\t\t\t\tfloat: left;\n\t\t\t\tmargin-top: 10px;\n\t\t\t\ttext-align: center;\n\t\t\t\twidth: 20%;\n\t\t\t}\n\t\t\t#gallery-1 img {\n\t\t\t\tborder: 2px solid #cfcfcf;\n\t\t\t}\n\t\t\t#gallery-1 .gallery-caption {\n\t\t\t\tmargin-left: 0;\n\t\t\t}\n\t\t\t\/* see gallery_shortcode() in wp-includes\/media.php *\/\n\t\t<\/style>\n\t\t<div data-carousel-extra='{&quot;blog_id&quot;:1,&quot;permalink&quot;:&quot;https:\/\/sarimelekler.biz\/?p=18839&quot;}' id='gallery-1' class='gallery galleryid-18839 gallery-columns-5 gallery-size-thumbnail'><dl class='gallery-item'>\n\t\t\t<dt class='gallery-icon landscape'>\n\t\t\t\t<a href='https:\/\/sarimelekler.biz\/?attachment_id=18840'><img loading=\"lazy\" decoding=\"async\" width=\"150\" height=\"150\" src=\"https:\/\/sarimelekler.biz\/wp-content\/uploads\/2023\/02\/Deprem-Yardim-Calismasi-1-150x150.jpg\" class=\"attachment-thumbnail size-thumbnail\" alt=\"\" data-attachment-id=\"18840\" data-permalink=\"https:\/\/sarimelekler.biz\/?attachment_id=18840\" data-orig-file=\"https:\/\/sarimelekler.biz\/wp-content\/uploads\/2023\/02\/Deprem-Yardim-Calismasi-1.jpg\" data-orig-size=\"2300,1533\" data-comments-opened=\"0\" data-image-meta=\"{&quot;aperture&quot;:&quot;3.2&quot;,&quot;credit&quot;:&quot;&quot;,&quot;camera&quot;:&quot;Canon EOS-1D X Mark II&quot;,&quot;caption&quot;:&quot;&quot;,&quot;created_timestamp&quot;:&quot;1675811998&quot;,&quot;copyright&quot;:&quot;fenerbahce dergisi\/org&quot;,&quot;focal_length&quot;:&quot;19&quot;,&quot;iso&quot;:&quot;2500&quot;,&quot;shutter_speed&quot;:&quot;0.004&quot;,&quot;title&quot;:&quot;&quot;,&quot;orientation&quot;:&quot;1&quot;}\" data-image-title=\"Deprem Yard\u0131m \u00c7al\u0131\u015fmas\u0131 (1)\" data-image-description=\"\" data-image-caption=\"\" data-large-file=\"https:\/\/sarimelekler.biz\/wp-content\/uploads\/2023\/02\/Deprem-Yardim-Calismasi-1-1024x683.jpg\" \/><\/a>\n\t\t\t<\/dt><\/dl><dl class='gallery-item'>\n\t\t\t<dt class='gallery-icon portrait'>\n\t\t\t\t<a href='https:\/\/sarimelekler.biz\/?attachment_id=18848'><img loading=\"lazy\" decoding=\"async\" width=\"150\" height=\"150\" src=\"https:\/\/sarimelekler.biz\/wp-content\/uploads\/2023\/02\/Deprem-Yardim-Calismasi-9-150x150.jpg\" class=\"attachment-thumbnail size-thumbnail\" alt=\"\" data-attachment-id=\"18848\" data-permalink=\"https:\/\/sarimelekler.biz\/?attachment_id=18848\" data-orig-file=\"https:\/\/sarimelekler.biz\/wp-content\/uploads\/2023\/02\/Deprem-Yardim-Calismasi-9.jpg\" data-orig-size=\"2300,2358\" data-comments-opened=\"0\" data-image-meta=\"{&quot;aperture&quot;:&quot;4&quot;,&quot;credit&quot;:&quot;&quot;,&quot;camera&quot;:&quot;Canon EOS 5D Mark IV&quot;,&quot;caption&quot;:&quot;&quot;,&quot;created_timestamp&quot;:&quot;1675771379&quot;,&quot;copyright&quot;:&quot;&quot;,&quot;focal_length&quot;:&quot;24&quot;,&quot;iso&quot;:&quot;800&quot;,&quot;shutter_speed&quot;:&quot;0.005&quot;,&quot;title&quot;:&quot;&quot;,&quot;orientation&quot;:&quot;1&quot;}\" data-image-title=\"Deprem Yard\u0131m \u00c7al\u0131\u015fmas\u0131 (9)\" data-image-description=\"\" data-image-caption=\"\" data-large-file=\"https:\/\/sarimelekler.biz\/wp-content\/uploads\/2023\/02\/Deprem-Yardim-Calismasi-9-999x1024.jpg\" \/><\/a>\n\t\t\t<\/dt><\/dl><dl class='gallery-item'>\n\t\t\t<dt class='gallery-icon landscape'>\n\t\t\t\t<a href='https:\/\/sarimelekler.biz\/?attachment_id=18856'><img loading=\"lazy\" decoding=\"async\" width=\"150\" height=\"150\" src=\"https:\/\/sarimelekler.biz\/wp-content\/uploads\/2023\/02\/Deprem-Yardim-Calismasi-17-150x150.jpg\" class=\"attachment-thumbnail size-thumbnail\" alt=\"\" data-attachment-id=\"18856\" data-permalink=\"https:\/\/sarimelekler.biz\/?attachment_id=18856\" data-orig-file=\"https:\/\/sarimelekler.biz\/wp-content\/uploads\/2023\/02\/Deprem-Yardim-Calismasi-17.jpg\" data-orig-size=\"2300,1926\" data-comments-opened=\"0\" data-image-meta=\"{&quot;aperture&quot;:&quot;4&quot;,&quot;credit&quot;:&quot;&quot;,&quot;camera&quot;:&quot;Canon EOS-1D X Mark II&quot;,&quot;caption&quot;:&quot;&quot;,&quot;created_timestamp&quot;:&quot;1676038779&quot;,&quot;copyright&quot;:&quot;fenerbahce dergisi\/org&quot;,&quot;focal_length&quot;:&quot;16&quot;,&quot;iso&quot;:&quot;320&quot;,&quot;shutter_speed&quot;:&quot;0.004&quot;,&quot;title&quot;:&quot;&quot;,&quot;orientation&quot;:&quot;1&quot;}\" data-image-title=\"Deprem Yard\u0131m \u00c7al\u0131\u015fmas\u0131 (17)\" data-image-description=\"\" data-image-caption=\"\" data-large-file=\"https:\/\/sarimelekler.biz\/wp-content\/uploads\/2023\/02\/Deprem-Yardim-Calismasi-17-1024x857.jpg\" \/><\/a>\n\t\t\t<\/dt><\/dl><dl class='gallery-item'>\n\t\t\t<dt class='gallery-icon landscape'>\n\t\t\t\t<a href='https:\/\/sarimelekler.biz\/?attachment_id=18852'><img loading=\"lazy\" decoding=\"async\" width=\"150\" height=\"150\" src=\"https:\/\/sarimelekler.biz\/wp-content\/uploads\/2023\/02\/Deprem-Yardim-Calismasi-13-150x150.jpg\" class=\"attachment-thumbnail size-thumbnail\" alt=\"\" data-attachment-id=\"18852\" data-permalink=\"https:\/\/sarimelekler.biz\/?attachment_id=18852\" data-orig-file=\"https:\/\/sarimelekler.biz\/wp-content\/uploads\/2023\/02\/Deprem-Yardim-Calismasi-13.jpg\" data-orig-size=\"2500,2058\" data-comments-opened=\"0\" data-image-meta=\"{&quot;aperture&quot;:&quot;2.8&quot;,&quot;credit&quot;:&quot;&quot;,&quot;camera&quot;:&quot;Canon EOS-1D X Mark II&quot;,&quot;caption&quot;:&quot;&quot;,&quot;created_timestamp&quot;:&quot;1675877231&quot;,&quot;copyright&quot;:&quot;fenerbahce dergisi\/org&quot;,&quot;focal_length&quot;:&quot;16&quot;,&quot;iso&quot;:&quot;500&quot;,&quot;shutter_speed&quot;:&quot;0.004&quot;,&quot;title&quot;:&quot;&quot;,&quot;orientation&quot;:&quot;1&quot;}\" data-image-title=\"Deprem Yard\u0131m \u00c7al\u0131\u015fmas\u0131 (13)\" data-image-description=\"\" data-image-caption=\"\" data-large-file=\"https:\/\/sarimelekler.biz\/wp-content\/uploads\/2023\/02\/Deprem-Yardim-Calismasi-13-1024x843.jpg\" \/><\/a>\n\t\t\t<\/dt><\/dl><dl class='gallery-item'>\n\t\t\t<dt class='gallery-icon landscape'>\n\t\t\t\t<a href='https:\/\/sarimelekler.biz\/?attachment_id=18842'><img loading=\"lazy\" decoding=\"async\" width=\"150\" height=\"150\" src=\"https:\/\/sarimelekler.biz\/wp-content\/uploads\/2023\/02\/Deprem-Yardim-Calismasi-3-150x150.jpg\" class=\"attachment-thumbnail size-thumbnail\" alt=\"\" data-attachment-id=\"18842\" data-permalink=\"https:\/\/sarimelekler.biz\/?attachment_id=18842\" data-orig-file=\"https:\/\/sarimelekler.biz\/wp-content\/uploads\/2023\/02\/Deprem-Yardim-Calismasi-3.jpg\" data-orig-size=\"2300,1844\" data-comments-opened=\"0\" data-image-meta=\"{&quot;aperture&quot;:&quot;2.8&quot;,&quot;credit&quot;:&quot;&quot;,&quot;camera&quot;:&quot;Canon EOS-1D X Mark II&quot;,&quot;caption&quot;:&quot;&quot;,&quot;created_timestamp&quot;:&quot;1675865273&quot;,&quot;copyright&quot;:&quot;fenerbahce dergisi\/org&quot;,&quot;focal_length&quot;:&quot;16&quot;,&quot;iso&quot;:&quot;1000&quot;,&quot;shutter_speed&quot;:&quot;0.005&quot;,&quot;title&quot;:&quot;&quot;,&quot;orientation&quot;:&quot;1&quot;}\" data-image-title=\"Deprem Yard\u0131m \u00c7al\u0131\u015fmas\u0131 (3)\" data-image-description=\"\" data-image-caption=\"\" data-large-file=\"https:\/\/sarimelekler.biz\/wp-content\/uploads\/2023\/02\/Deprem-Yardim-Calismasi-3-1024x821.jpg\" \/><\/a>\n\t\t\t<\/dt><\/dl><br style=\"clear: both\" \/><dl class='gallery-item'>\n\t\t\t<dt class='gallery-icon landscape'>\n\t\t\t\t<a href='https:\/\/sarimelekler.biz\/?attachment_id=18843'><img loading=\"lazy\" decoding=\"async\" width=\"150\" height=\"150\" src=\"https:\/\/sarimelekler.biz\/wp-content\/uploads\/2023\/02\/Deprem-Yardim-Calismasi-4-150x150.jpg\" class=\"attachment-thumbnail size-thumbnail\" alt=\"\" data-attachment-id=\"18843\" data-permalink=\"https:\/\/sarimelekler.biz\/?attachment_id=18843\" data-orig-file=\"https:\/\/sarimelekler.biz\/wp-content\/uploads\/2023\/02\/Deprem-Yardim-Calismasi-4.jpg\" data-orig-size=\"2300,1420\" data-comments-opened=\"0\" data-image-meta=\"{&quot;aperture&quot;:&quot;4&quot;,&quot;credit&quot;:&quot;&quot;,&quot;camera&quot;:&quot;Canon EOS-1D X Mark II&quot;,&quot;caption&quot;:&quot;&quot;,&quot;created_timestamp&quot;:&quot;1675949555&quot;,&quot;copyright&quot;:&quot;fenerbahce dergisi\/org&quot;,&quot;focal_length&quot;:&quot;32&quot;,&quot;iso&quot;:&quot;1600&quot;,&quot;shutter_speed&quot;:&quot;0.004&quot;,&quot;title&quot;:&quot;&quot;,&quot;orientation&quot;:&quot;1&quot;}\" data-image-title=\"Deprem Yard\u0131m \u00c7al\u0131\u015fmas\u0131 (4)\" data-image-description=\"\" data-image-caption=\"\" data-large-file=\"https:\/\/sarimelekler.biz\/wp-content\/uploads\/2023\/02\/Deprem-Yardim-Calismasi-4-1024x632.jpg\" \/><\/a>\n\t\t\t<\/dt><\/dl><dl class='gallery-item'>\n\t\t\t<dt class='gallery-icon landscape'>\n\t\t\t\t<a href='https:\/\/sarimelekler.biz\/?attachment_id=18844'><img loading=\"lazy\" decoding=\"async\" width=\"150\" height=\"150\" src=\"https:\/\/sarimelekler.biz\/wp-content\/uploads\/2023\/02\/Deprem-Yardim-Calismasi-5-150x150.jpg\" class=\"attachment-thumbnail size-thumbnail\" alt=\"\" data-attachment-id=\"18844\" data-permalink=\"https:\/\/sarimelekler.biz\/?attachment_id=18844\" data-orig-file=\"https:\/\/sarimelekler.biz\/wp-content\/uploads\/2023\/02\/Deprem-Yardim-Calismasi-5.jpg\" data-orig-size=\"2500,1624\" data-comments-opened=\"0\" data-image-meta=\"{&quot;aperture&quot;:&quot;2.8&quot;,&quot;credit&quot;:&quot;&quot;,&quot;camera&quot;:&quot;Canon EOS-1D X Mark II&quot;,&quot;caption&quot;:&quot;&quot;,&quot;created_timestamp&quot;:&quot;1675878055&quot;,&quot;copyright&quot;:&quot;fenerbahce dergisi\/org&quot;,&quot;focal_length&quot;:&quot;16&quot;,&quot;iso&quot;:&quot;500&quot;,&quot;shutter_speed&quot;:&quot;0.004&quot;,&quot;title&quot;:&quot;&quot;,&quot;orientation&quot;:&quot;1&quot;}\" data-image-title=\"Deprem Yard\u0131m \u00c7al\u0131\u015fmas\u0131 (5)\" data-image-description=\"\" data-image-caption=\"\" data-large-file=\"https:\/\/sarimelekler.biz\/wp-content\/uploads\/2023\/02\/Deprem-Yardim-Calismasi-5-1024x665.jpg\" \/><\/a>\n\t\t\t<\/dt><\/dl><dl class='gallery-item'>\n\t\t\t<dt class='gallery-icon landscape'>\n\t\t\t\t<a href='https:\/\/sarimelekler.biz\/?attachment_id=18846'><img loading=\"lazy\" decoding=\"async\" width=\"150\" height=\"150\" src=\"https:\/\/sarimelekler.biz\/wp-content\/uploads\/2023\/02\/Deprem-Yardim-Calismasi-7-150x150.jpg\" class=\"attachment-thumbnail size-thumbnail\" alt=\"\" data-attachment-id=\"18846\" data-permalink=\"https:\/\/sarimelekler.biz\/?attachment_id=18846\" data-orig-file=\"https:\/\/sarimelekler.biz\/wp-content\/uploads\/2023\/02\/Deprem-Yardim-Calismasi-7.jpg\" data-orig-size=\"2300,2022\" data-comments-opened=\"0\" data-image-meta=\"{&quot;aperture&quot;:&quot;2.8&quot;,&quot;credit&quot;:&quot;&quot;,&quot;camera&quot;:&quot;Canon EOS-1D X Mark II&quot;,&quot;caption&quot;:&quot;&quot;,&quot;created_timestamp&quot;:&quot;1675865291&quot;,&quot;copyright&quot;:&quot;fenerbahce dergisi\/org&quot;,&quot;focal_length&quot;:&quot;16&quot;,&quot;iso&quot;:&quot;1000&quot;,&quot;shutter_speed&quot;:&quot;0.005&quot;,&quot;title&quot;:&quot;&quot;,&quot;orientation&quot;:&quot;1&quot;}\" data-image-title=\"Deprem Yard\u0131m \u00c7al\u0131\u015fmas\u0131 (7)\" data-image-description=\"\" data-image-caption=\"\" data-large-file=\"https:\/\/sarimelekler.biz\/wp-content\/uploads\/2023\/02\/Deprem-Yardim-Calismasi-7-1024x900.jpg\" \/><\/a>\n\t\t\t<\/dt><\/dl><dl class='gallery-item'>\n\t\t\t<dt class='gallery-icon landscape'>\n\t\t\t\t<a href='https:\/\/sarimelekler.biz\/?attachment_id=18847'><img loading=\"lazy\" decoding=\"async\" width=\"150\" height=\"150\" src=\"https:\/\/sarimelekler.biz\/wp-content\/uploads\/2023\/02\/Deprem-Yardim-Calismasi-8-150x150.jpg\" class=\"attachment-thumbnail size-thumbnail\" alt=\"\" data-attachment-id=\"18847\" data-permalink=\"https:\/\/sarimelekler.biz\/?attachment_id=18847\" data-orig-file=\"https:\/\/sarimelekler.biz\/wp-content\/uploads\/2023\/02\/Deprem-Yardim-Calismasi-8.jpg\" data-orig-size=\"2300,1906\" data-comments-opened=\"0\" data-image-meta=\"{&quot;aperture&quot;:&quot;4&quot;,&quot;credit&quot;:&quot;&quot;,&quot;camera&quot;:&quot;Canon EOS-1D X Mark II&quot;,&quot;caption&quot;:&quot;&quot;,&quot;created_timestamp&quot;:&quot;1676038745&quot;,&quot;copyright&quot;:&quot;fenerbahce dergisi\/org&quot;,&quot;focal_length&quot;:&quot;16&quot;,&quot;iso&quot;:&quot;320&quot;,&quot;shutter_speed&quot;:&quot;0.004&quot;,&quot;title&quot;:&quot;&quot;,&quot;orientation&quot;:&quot;1&quot;}\" data-image-title=\"Deprem Yard\u0131m \u00c7al\u0131\u015fmas\u0131 (8)\" data-image-description=\"\" data-image-caption=\"\" data-large-file=\"https:\/\/sarimelekler.biz\/wp-content\/uploads\/2023\/02\/Deprem-Yardim-Calismasi-8-1024x849.jpg\" \/><\/a>\n\t\t\t<\/dt><\/dl><dl class='gallery-item'>\n\t\t\t<dt class='gallery-icon landscape'>\n\t\t\t\t<a href='https:\/\/sarimelekler.biz\/?attachment_id=18849'><img loading=\"lazy\" decoding=\"async\" width=\"150\" height=\"150\" src=\"https:\/\/sarimelekler.biz\/wp-content\/uploads\/2023\/02\/Deprem-Yardim-Calismasi-10-150x150.jpg\" class=\"attachment-thumbnail size-thumbnail\" alt=\"\" data-attachment-id=\"18849\" data-permalink=\"https:\/\/sarimelekler.biz\/?attachment_id=18849\" data-orig-file=\"https:\/\/sarimelekler.biz\/wp-content\/uploads\/2023\/02\/Deprem-Yardim-Calismasi-10.jpg\" data-orig-size=\"2300,1961\" data-comments-opened=\"0\" data-image-meta=\"{&quot;aperture&quot;:&quot;2.8&quot;,&quot;credit&quot;:&quot;&quot;,&quot;camera&quot;:&quot;Canon EOS-1D X Mark II&quot;,&quot;caption&quot;:&quot;&quot;,&quot;created_timestamp&quot;:&quot;1675855506&quot;,&quot;copyright&quot;:&quot;fenerbahce dergisi\/org&quot;,&quot;focal_length&quot;:&quot;16&quot;,&quot;iso&quot;:&quot;1000&quot;,&quot;shutter_speed&quot;:&quot;0.004&quot;,&quot;title&quot;:&quot;&quot;,&quot;orientation&quot;:&quot;1&quot;}\" data-image-title=\"Deprem Yard\u0131m \u00c7al\u0131\u015fmas\u0131 (10)\" data-image-description=\"\" data-image-caption=\"\" data-large-file=\"https:\/\/sarimelekler.biz\/wp-content\/uploads\/2023\/02\/Deprem-Yardim-Calismasi-10-1024x873.jpg\" \/><\/a>\n\t\t\t<\/dt><\/dl><br style=\"clear: both\" \/><dl class='gallery-item'>\n\t\t\t<dt class='gallery-icon landscape'>\n\t\t\t\t<a href='https:\/\/sarimelekler.biz\/?attachment_id=18850'><img loading=\"lazy\" decoding=\"async\" width=\"150\" height=\"150\" src=\"https:\/\/sarimelekler.biz\/wp-content\/uploads\/2023\/02\/Deprem-Yardim-Calismasi-11-150x150.jpg\" class=\"attachment-thumbnail size-thumbnail\" alt=\"\" data-attachment-id=\"18850\" data-permalink=\"https:\/\/sarimelekler.biz\/?attachment_id=18850\" data-orig-file=\"https:\/\/sarimelekler.biz\/wp-content\/uploads\/2023\/02\/Deprem-Yardim-Calismasi-11.jpg\" data-orig-size=\"2300,1313\" data-comments-opened=\"0\" data-image-meta=\"{&quot;aperture&quot;:&quot;2.8&quot;,&quot;credit&quot;:&quot;&quot;,&quot;camera&quot;:&quot;Canon EOS-1D X Mark II&quot;,&quot;caption&quot;:&quot;&quot;,&quot;created_timestamp&quot;:&quot;1675866495&quot;,&quot;copyright&quot;:&quot;fenerbahce dergisi\/org&quot;,&quot;focal_length&quot;:&quot;16&quot;,&quot;iso&quot;:&quot;1000&quot;,&quot;shutter_speed&quot;:&quot;0.005&quot;,&quot;title&quot;:&quot;&quot;,&quot;orientation&quot;:&quot;1&quot;}\" data-image-title=\"Deprem Yard\u0131m \u00c7al\u0131\u015fmas\u0131 (11)\" data-image-description=\"\" data-image-caption=\"\" data-large-file=\"https:\/\/sarimelekler.biz\/wp-content\/uploads\/2023\/02\/Deprem-Yardim-Calismasi-11-1024x585.jpg\" \/><\/a>\n\t\t\t<\/dt><\/dl><dl class='gallery-item'>\n\t\t\t<dt class='gallery-icon landscape'>\n\t\t\t\t<a href='https:\/\/sarimelekler.biz\/?attachment_id=18851'><img loading=\"lazy\" decoding=\"async\" width=\"150\" height=\"150\" src=\"https:\/\/sarimelekler.biz\/wp-content\/uploads\/2023\/02\/Deprem-Yardim-Calismasi-12-150x150.jpg\" class=\"attachment-thumbnail size-thumbnail\" alt=\"\" data-attachment-id=\"18851\" data-permalink=\"https:\/\/sarimelekler.biz\/?attachment_id=18851\" data-orig-file=\"https:\/\/sarimelekler.biz\/wp-content\/uploads\/2023\/02\/Deprem-Yardim-Calismasi-12.jpg\" data-orig-size=\"2300,1263\" data-comments-opened=\"0\" data-image-meta=\"{&quot;aperture&quot;:&quot;3.5&quot;,&quot;credit&quot;:&quot;&quot;,&quot;camera&quot;:&quot;Canon EOS-1D X Mark II&quot;,&quot;caption&quot;:&quot;&quot;,&quot;created_timestamp&quot;:&quot;1675949270&quot;,&quot;copyright&quot;:&quot;fenerbahce dergisi\/org&quot;,&quot;focal_length&quot;:&quot;16&quot;,&quot;iso&quot;:&quot;2000&quot;,&quot;shutter_speed&quot;:&quot;0.004&quot;,&quot;title&quot;:&quot;&quot;,&quot;orientation&quot;:&quot;1&quot;}\" data-image-title=\"Deprem Yard\u0131m \u00c7al\u0131\u015fmas\u0131 (12)\" data-image-description=\"\" data-image-caption=\"\" data-large-file=\"https:\/\/sarimelekler.biz\/wp-content\/uploads\/2023\/02\/Deprem-Yardim-Calismasi-12-1024x562.jpg\" \/><\/a>\n\t\t\t<\/dt><\/dl><dl class='gallery-item'>\n\t\t\t<dt class='gallery-icon landscape'>\n\t\t\t\t<a href='https:\/\/sarimelekler.biz\/?attachment_id=18853'><img loading=\"lazy\" decoding=\"async\" width=\"150\" height=\"150\" src=\"https:\/\/sarimelekler.biz\/wp-content\/uploads\/2023\/02\/Deprem-Yardim-Calismasi-14-150x150.jpg\" class=\"attachment-thumbnail size-thumbnail\" alt=\"\" data-attachment-id=\"18853\" data-permalink=\"https:\/\/sarimelekler.biz\/?attachment_id=18853\" data-orig-file=\"https:\/\/sarimelekler.biz\/wp-content\/uploads\/2023\/02\/Deprem-Yardim-Calismasi-14.jpg\" data-orig-size=\"2300,1429\" data-comments-opened=\"0\" data-image-meta=\"{&quot;aperture&quot;:&quot;2.8&quot;,&quot;credit&quot;:&quot;&quot;,&quot;camera&quot;:&quot;Canon EOS-1D X Mark II&quot;,&quot;caption&quot;:&quot;&quot;,&quot;created_timestamp&quot;:&quot;1675866393&quot;,&quot;copyright&quot;:&quot;fenerbahce dergisi\/org&quot;,&quot;focal_length&quot;:&quot;16&quot;,&quot;iso&quot;:&quot;1000&quot;,&quot;shutter_speed&quot;:&quot;0.005&quot;,&quot;title&quot;:&quot;&quot;,&quot;orientation&quot;:&quot;1&quot;}\" data-image-title=\"Deprem Yard\u0131m \u00c7al\u0131\u015fmas\u0131 (14)\" data-image-description=\"\" data-image-caption=\"\" data-large-file=\"https:\/\/sarimelekler.biz\/wp-content\/uploads\/2023\/02\/Deprem-Yardim-Calismasi-14-1024x636.jpg\" \/><\/a>\n\t\t\t<\/dt><\/dl><dl class='gallery-item'>\n\t\t\t<dt class='gallery-icon portrait'>\n\t\t\t\t<a href='https:\/\/sarimelekler.biz\/?attachment_id=18854'><img loading=\"lazy\" decoding=\"async\" width=\"150\" height=\"150\" src=\"https:\/\/sarimelekler.biz\/wp-content\/uploads\/2023\/02\/Deprem-Yardim-Calismasi-15-150x150.jpg\" class=\"attachment-thumbnail size-thumbnail\" alt=\"\" data-attachment-id=\"18854\" data-permalink=\"https:\/\/sarimelekler.biz\/?attachment_id=18854\" data-orig-file=\"https:\/\/sarimelekler.biz\/wp-content\/uploads\/2023\/02\/Deprem-Yardim-Calismasi-15.jpg\" data-orig-size=\"1098,2100\" data-comments-opened=\"0\" data-image-meta=\"{&quot;aperture&quot;:&quot;4&quot;,&quot;credit&quot;:&quot;&quot;,&quot;camera&quot;:&quot;Canon EOS-1D X Mark II&quot;,&quot;caption&quot;:&quot;&quot;,&quot;created_timestamp&quot;:&quot;1676301308&quot;,&quot;copyright&quot;:&quot;fenerbahce dergisi\/org&quot;,&quot;focal_length&quot;:&quot;16&quot;,&quot;iso&quot;:&quot;160&quot;,&quot;shutter_speed&quot;:&quot;0.004&quot;,&quot;title&quot;:&quot;&quot;,&quot;orientation&quot;:&quot;1&quot;}\" data-image-title=\"Deprem Yard\u0131m \u00c7al\u0131\u015fmas\u0131 (15)\" data-image-description=\"\" data-image-caption=\"\" data-large-file=\"https:\/\/sarimelekler.biz\/wp-content\/uploads\/2023\/02\/Deprem-Yardim-Calismasi-15-535x1024.jpg\" \/><\/a>\n\t\t\t<\/dt><\/dl><dl class='gallery-item'>\n\t\t\t<dt class='gallery-icon landscape'>\n\t\t\t\t<a href='https:\/\/sarimelekler.biz\/?attachment_id=18855'><img loading=\"lazy\" decoding=\"async\" width=\"150\" height=\"150\" src=\"https:\/\/sarimelekler.biz\/wp-content\/uploads\/2023\/02\/Deprem-Yardim-Calismasi-16-150x150.jpg\" class=\"attachment-thumbnail size-thumbnail\" alt=\"\" data-attachment-id=\"18855\" data-permalink=\"https:\/\/sarimelekler.biz\/?attachment_id=18855\" data-orig-file=\"https:\/\/sarimelekler.biz\/wp-content\/uploads\/2023\/02\/Deprem-Yardim-Calismasi-16.jpg\" data-orig-size=\"2300,1611\" data-comments-opened=\"0\" data-image-meta=\"{&quot;aperture&quot;:&quot;2.8&quot;,&quot;credit&quot;:&quot;&quot;,&quot;camera&quot;:&quot;Canon EOS-1D X Mark II&quot;,&quot;caption&quot;:&quot;&quot;,&quot;created_timestamp&quot;:&quot;1675866482&quot;,&quot;copyright&quot;:&quot;fenerbahce dergisi\/org&quot;,&quot;focal_length&quot;:&quot;16&quot;,&quot;iso&quot;:&quot;1000&quot;,&quot;shutter_speed&quot;:&quot;0.005&quot;,&quot;title&quot;:&quot;&quot;,&quot;orientation&quot;:&quot;1&quot;}\" data-image-title=\"Deprem Yard\u0131m \u00c7al\u0131\u015fmas\u0131 (16)\" data-image-description=\"\" data-image-caption=\"\" data-large-file=\"https:\/\/sarimelekler.biz\/wp-content\/uploads\/2023\/02\/Deprem-Yardim-Calismasi-16-1024x717.jpg\" \/><\/a>\n\t\t\t<\/dt><\/dl><br style=\"clear: both\" \/><dl class='gallery-item'>\n\t\t\t<dt class='gallery-icon landscape'>\n\t\t\t\t<a href='https:\/\/sarimelekler.biz\/?attachment_id=18845'><img loading=\"lazy\" decoding=\"async\" width=\"150\" height=\"150\" src=\"https:\/\/sarimelekler.biz\/wp-content\/uploads\/2023\/02\/Deprem-Yardim-Calismasi-6-150x150.jpg\" class=\"attachment-thumbnail size-thumbnail\" alt=\"\" data-attachment-id=\"18845\" data-permalink=\"https:\/\/sarimelekler.biz\/?attachment_id=18845\" data-orig-file=\"https:\/\/sarimelekler.biz\/wp-content\/uploads\/2023\/02\/Deprem-Yardim-Calismasi-6-scaled.jpg\" data-orig-size=\"2560,1851\" data-comments-opened=\"0\" data-image-meta=\"{&quot;aperture&quot;:&quot;4&quot;,&quot;credit&quot;:&quot;&quot;,&quot;camera&quot;:&quot;Canon EOS-1D X Mark II&quot;,&quot;caption&quot;:&quot;&quot;,&quot;created_timestamp&quot;:&quot;1676291989&quot;,&quot;copyright&quot;:&quot;fenerbahce dergisi\/org&quot;,&quot;focal_length&quot;:&quot;35&quot;,&quot;iso&quot;:&quot;2500&quot;,&quot;shutter_speed&quot;:&quot;0.004&quot;,&quot;title&quot;:&quot;&quot;,&quot;orientation&quot;:&quot;1&quot;}\" data-image-title=\"Deprem Yard\u0131m \u00c7al\u0131\u015fmas\u0131 (6)\" data-image-description=\"\" data-image-caption=\"\" data-large-file=\"https:\/\/sarimelekler.biz\/wp-content\/uploads\/2023\/02\/Deprem-Yardim-Calismasi-6-1024x740.jpg\" \/><\/a>\n\t\t\t<\/dt><\/dl><dl class='gallery-item'>\n\t\t\t<dt class='gallery-icon landscape'>\n\t\t\t\t<a href='https:\/\/sarimelekler.biz\/?attachment_id=18841'><img loading=\"lazy\" decoding=\"async\" width=\"150\" height=\"150\" src=\"https:\/\/sarimelekler.biz\/wp-content\/uploads\/2023\/02\/Deprem-Yardim-Calismasi-2-150x150.jpg\" class=\"attachment-thumbnail size-thumbnail\" alt=\"\" data-attachment-id=\"18841\" data-permalink=\"https:\/\/sarimelekler.biz\/?attachment_id=18841\" data-orig-file=\"https:\/\/sarimelekler.biz\/wp-content\/uploads\/2023\/02\/Deprem-Yardim-Calismasi-2.jpg\" data-orig-size=\"2300,1389\" data-comments-opened=\"0\" data-image-meta=\"{&quot;aperture&quot;:&quot;3.2&quot;,&quot;credit&quot;:&quot;&quot;,&quot;camera&quot;:&quot;Canon EOS-1D X Mark II&quot;,&quot;caption&quot;:&quot;&quot;,&quot;created_timestamp&quot;:&quot;1675790141&quot;,&quot;copyright&quot;:&quot;fenerbahce dergisi\/org&quot;,&quot;focal_length&quot;:&quot;16&quot;,&quot;iso&quot;:&quot;800&quot;,&quot;shutter_speed&quot;:&quot;0.004&quot;,&quot;title&quot;:&quot;&quot;,&quot;orientation&quot;:&quot;1&quot;}\" data-image-title=\"Deprem Yard\u0131m \u00c7al\u0131\u015fmas\u0131 (2)\" data-image-description=\"\" data-image-caption=\"\" data-large-file=\"https:\/\/sarimelekler.biz\/wp-content\/uploads\/2023\/02\/Deprem-Yardim-Calismasi-2-1024x618.jpg\" \/><\/a>\n\t\t\t<\/dt><\/dl><dl class='gallery-item'>\n\t\t\t<dt class='gallery-icon landscape'>\n\t\t\t\t<a href='https:\/\/sarimelekler.biz\/?attachment_id=18857'><img loading=\"lazy\" decoding=\"async\" width=\"150\" height=\"150\" src=\"https:\/\/sarimelekler.biz\/wp-content\/uploads\/2023\/02\/Deprem-Yardim-Calismasi-18-150x150.jpg\" class=\"attachment-thumbnail size-thumbnail\" alt=\"\" data-attachment-id=\"18857\" data-permalink=\"https:\/\/sarimelekler.biz\/?attachment_id=18857\" data-orig-file=\"https:\/\/sarimelekler.biz\/wp-content\/uploads\/2023\/02\/Deprem-Yardim-Calismasi-18.jpg\" data-orig-size=\"2300,1469\" data-comments-opened=\"0\" data-image-meta=\"{&quot;aperture&quot;:&quot;2.8&quot;,&quot;credit&quot;:&quot;&quot;,&quot;camera&quot;:&quot;Canon EOS-1D X Mark II&quot;,&quot;caption&quot;:&quot;&quot;,&quot;created_timestamp&quot;:&quot;1676047785&quot;,&quot;copyright&quot;:&quot;fenerbahce dergisi\/org&quot;,&quot;focal_length&quot;:&quot;16&quot;,&quot;iso&quot;:&quot;2000&quot;,&quot;shutter_speed&quot;:&quot;0.004&quot;,&quot;title&quot;:&quot;&quot;,&quot;orientation&quot;:&quot;1&quot;}\" data-image-title=\"Deprem Yard\u0131m \u00c7al\u0131\u015fmas\u0131 (18)\" data-image-description=\"\" data-image-caption=\"\" data-large-file=\"https:\/\/sarimelekler.biz\/wp-content\/uploads\/2023\/02\/Deprem-Yardim-Calismasi-18-1024x654.jpg\" \/><\/a>\n\t\t\t<\/dt><\/dl><dl class='gallery-item'>\n\t\t\t<dt class='gallery-icon landscape'>\n\t\t\t\t<a href='https:\/\/sarimelekler.biz\/?attachment_id=18858'><img loading=\"lazy\" decoding=\"async\" width=\"150\" height=\"150\" src=\"https:\/\/sarimelekler.biz\/wp-content\/uploads\/2023\/02\/Deprem-Yardim-Calismasi-19-150x150.jpg\" class=\"attachment-thumbnail size-thumbnail\" alt=\"\" data-attachment-id=\"18858\" data-permalink=\"https:\/\/sarimelekler.biz\/?attachment_id=18858\" data-orig-file=\"https:\/\/sarimelekler.biz\/wp-content\/uploads\/2023\/02\/Deprem-Yardim-Calismasi-19.jpg\" data-orig-size=\"2300,2074\" data-comments-opened=\"0\" data-image-meta=\"{&quot;aperture&quot;:&quot;2.8&quot;,&quot;credit&quot;:&quot;&quot;,&quot;camera&quot;:&quot;Canon EOS-1D X Mark II&quot;,&quot;caption&quot;:&quot;&quot;,&quot;created_timestamp&quot;:&quot;1675865293&quot;,&quot;copyright&quot;:&quot;fenerbahce dergisi\/org&quot;,&quot;focal_length&quot;:&quot;16&quot;,&quot;iso&quot;:&quot;1000&quot;,&quot;shutter_speed&quot;:&quot;0.005&quot;,&quot;title&quot;:&quot;&quot;,&quot;orientation&quot;:&quot;1&quot;}\" data-image-title=\"Deprem Yard\u0131m \u00c7al\u0131\u015fmas\u0131 (19)\" data-image-description=\"\" data-image-caption=\"\" data-large-file=\"https:\/\/sarimelekler.biz\/wp-content\/uploads\/2023\/02\/Deprem-Yardim-Calismasi-19-1024x923.jpg\" \/><\/a>\n\t\t\t<\/dt><\/dl><dl class='gallery-item'>\n\t\t\t<dt class='gallery-icon landscape'>\n\t\t\t\t<a href='https:\/\/sarimelekler.biz\/?attachment_id=18859'><img loading=\"lazy\" decoding=\"async\" width=\"150\" height=\"150\" src=\"https:\/\/sarimelekler.biz\/wp-content\/uploads\/2023\/02\/Deprem-Yardim-Calismasi-20-150x150.jpg\" class=\"attachment-thumbnail size-thumbnail\" alt=\"\" data-attachment-id=\"18859\" data-permalink=\"https:\/\/sarimelekler.biz\/?attachment_id=18859\" data-orig-file=\"https:\/\/sarimelekler.biz\/wp-content\/uploads\/2023\/02\/Deprem-Yardim-Calismasi-20-scaled.jpg\" data-orig-size=\"2560,1594\" data-comments-opened=\"0\" data-image-meta=\"{&quot;aperture&quot;:&quot;4&quot;,&quot;credit&quot;:&quot;&quot;,&quot;camera&quot;:&quot;Canon EOS-1D X Mark II&quot;,&quot;caption&quot;:&quot;&quot;,&quot;created_timestamp&quot;:&quot;1676291529&quot;,&quot;copyright&quot;:&quot;fenerbahce dergisi\/org&quot;,&quot;focal_length&quot;:&quot;24&quot;,&quot;iso&quot;:&quot;160&quot;,&quot;shutter_speed&quot;:&quot;0.004&quot;,&quot;title&quot;:&quot;&quot;,&quot;orientation&quot;:&quot;1&quot;}\" data-image-title=\"Deprem Yard\u0131m \u00c7al\u0131\u015fmas\u0131 (20)\" data-image-description=\"\" data-image-caption=\"\" data-large-file=\"https:\/\/sarimelekler.biz\/wp-content\/uploads\/2023\/02\/Deprem-Yardim-Calismasi-20-1024x638.jpg\" \/><\/a>\n\t\t\t<\/dt><\/dl><br style=\"clear: both\" \/><dl class='gallery-item'>\n\t\t\t<dt class='gallery-icon landscape'>\n\t\t\t\t<a href='https:\/\/sarimelekler.biz\/?attachment_id=18860'><img loading=\"lazy\" decoding=\"async\" width=\"150\" height=\"150\" src=\"https:\/\/sarimelekler.biz\/wp-content\/uploads\/2023\/02\/Deprem-Yardim-Calismasi-21-150x150.jpg\" class=\"attachment-thumbnail size-thumbnail\" alt=\"\" data-attachment-id=\"18860\" data-permalink=\"https:\/\/sarimelekler.biz\/?attachment_id=18860\" data-orig-file=\"https:\/\/sarimelekler.biz\/wp-content\/uploads\/2023\/02\/Deprem-Yardim-Calismasi-21.jpg\" data-orig-size=\"2300,1799\" data-comments-opened=\"0\" data-image-meta=\"{&quot;aperture&quot;:&quot;4&quot;,&quot;credit&quot;:&quot;&quot;,&quot;camera&quot;:&quot;Canon EOS 5D Mark IV&quot;,&quot;caption&quot;:&quot;&quot;,&quot;created_timestamp&quot;:&quot;1675771383&quot;,&quot;copyright&quot;:&quot;&quot;,&quot;focal_length&quot;:&quot;24&quot;,&quot;iso&quot;:&quot;800&quot;,&quot;shutter_speed&quot;:&quot;0.005&quot;,&quot;title&quot;:&quot;&quot;,&quot;orientation&quot;:&quot;1&quot;}\" data-image-title=\"Deprem Yard\u0131m \u00c7al\u0131\u015fmas\u0131 (21)\" data-image-description=\"\" data-image-caption=\"\" data-large-file=\"https:\/\/sarimelekler.biz\/wp-content\/uploads\/2023\/02\/Deprem-Yardim-Calismasi-21-1024x801.jpg\" \/><\/a>\n\t\t\t<\/dt><\/dl><dl class='gallery-item'>\n\t\t\t<dt class='gallery-icon landscape'>\n\t\t\t\t<a href='https:\/\/sarimelekler.biz\/?attachment_id=18861'><img loading=\"lazy\" decoding=\"async\" width=\"150\" height=\"150\" src=\"https:\/\/sarimelekler.biz\/wp-content\/uploads\/2023\/02\/Deprem-Yardim-Calismasi-22-150x150.jpg\" class=\"attachment-thumbnail size-thumbnail\" alt=\"\" data-attachment-id=\"18861\" data-permalink=\"https:\/\/sarimelekler.biz\/?attachment_id=18861\" data-orig-file=\"https:\/\/sarimelekler.biz\/wp-content\/uploads\/2023\/02\/Deprem-Yardim-Calismasi-22.jpg\" data-orig-size=\"2500,2038\" data-comments-opened=\"0\" data-image-meta=\"{&quot;aperture&quot;:&quot;3.2&quot;,&quot;credit&quot;:&quot;&quot;,&quot;camera&quot;:&quot;Canon EOS 5D Mark IV&quot;,&quot;caption&quot;:&quot;&quot;,&quot;created_timestamp&quot;:&quot;1675876910&quot;,&quot;copyright&quot;:&quot;&quot;,&quot;focal_length&quot;:&quot;41&quot;,&quot;iso&quot;:&quot;1250&quot;,&quot;shutter_speed&quot;:&quot;0.005&quot;,&quot;title&quot;:&quot;&quot;,&quot;orientation&quot;:&quot;1&quot;}\" data-image-title=\"Deprem Yard\u0131m \u00c7al\u0131\u015fmas\u0131 (22)\" data-image-description=\"\" data-image-caption=\"\" data-large-file=\"https:\/\/sarimelekler.biz\/wp-content\/uploads\/2023\/02\/Deprem-Yardim-Calismasi-22-1024x835.jpg\" \/><\/a>\n\t\t\t<\/dt><\/dl><dl class='gallery-item'>\n\t\t\t<dt class='gallery-icon landscape'>\n\t\t\t\t<a href='https:\/\/sarimelekler.biz\/?attachment_id=18862'><img loading=\"lazy\" decoding=\"async\" width=\"150\" height=\"150\" src=\"https:\/\/sarimelekler.biz\/wp-content\/uploads\/2023\/02\/Deprem-Yardim-Calismasi-23-150x150.jpg\" class=\"attachment-thumbnail size-thumbnail\" alt=\"\" data-attachment-id=\"18862\" data-permalink=\"https:\/\/sarimelekler.biz\/?attachment_id=18862\" data-orig-file=\"https:\/\/sarimelekler.biz\/wp-content\/uploads\/2023\/02\/Deprem-Yardim-Calismasi-23.jpg\" data-orig-size=\"2300,1533\" data-comments-opened=\"0\" data-image-meta=\"{&quot;aperture&quot;:&quot;5&quot;,&quot;credit&quot;:&quot;&quot;,&quot;camera&quot;:&quot;Canon EOS-1D X Mark II&quot;,&quot;caption&quot;:&quot;&quot;,&quot;created_timestamp&quot;:&quot;1676056614&quot;,&quot;copyright&quot;:&quot;fenerbahce dergisi\/org&quot;,&quot;focal_length&quot;:&quot;33&quot;,&quot;iso&quot;:&quot;1000&quot;,&quot;shutter_speed&quot;:&quot;0.004&quot;,&quot;title&quot;:&quot;&quot;,&quot;orientation&quot;:&quot;1&quot;}\" data-image-title=\"Deprem Yard\u0131m \u00c7al\u0131\u015fmas\u0131 (23)\" data-image-description=\"\" data-image-caption=\"\" data-large-file=\"https:\/\/sarimelekler.biz\/wp-content\/uploads\/2023\/02\/Deprem-Yardim-Calismasi-23-1024x683.jpg\" \/><\/a>\n\t\t\t<\/dt><\/dl><dl class='gallery-item'>\n\t\t\t<dt class='gallery-icon landscape'>\n\t\t\t\t<a href='https:\/\/sarimelekler.biz\/?attachment_id=18863'><img loading=\"lazy\" decoding=\"async\" width=\"150\" height=\"150\" src=\"https:\/\/sarimelekler.biz\/wp-content\/uploads\/2023\/02\/Deprem-Yardim-Calismasi-24-150x150.jpg\" class=\"attachment-thumbnail size-thumbnail\" alt=\"\" data-attachment-id=\"18863\" data-permalink=\"https:\/\/sarimelekler.biz\/?attachment_id=18863\" data-orig-file=\"https:\/\/sarimelekler.biz\/wp-content\/uploads\/2023\/02\/Deprem-Yardim-Calismasi-24.jpg\" data-orig-size=\"2300,1694\" data-comments-opened=\"0\" data-image-meta=\"{&quot;aperture&quot;:&quot;2.8&quot;,&quot;credit&quot;:&quot;&quot;,&quot;camera&quot;:&quot;Canon EOS-1D X Mark II&quot;,&quot;caption&quot;:&quot;&quot;,&quot;created_timestamp&quot;:&quot;1675855507&quot;,&quot;copyright&quot;:&quot;fenerbahce dergisi\/org&quot;,&quot;focal_length&quot;:&quot;16&quot;,&quot;iso&quot;:&quot;1000&quot;,&quot;shutter_speed&quot;:&quot;0.004&quot;,&quot;title&quot;:&quot;&quot;,&quot;orientation&quot;:&quot;1&quot;}\" data-image-title=\"Deprem Yard\u0131m \u00c7al\u0131\u015fmas\u0131 (24)\" data-image-description=\"\" data-image-caption=\"\" data-large-file=\"https:\/\/sarimelekler.biz\/wp-content\/uploads\/2023\/02\/Deprem-Yardim-Calismasi-24-1024x754.jpg\" \/><\/a>\n\t\t\t<\/dt><\/dl><dl class='gallery-item'>\n\t\t\t<dt class='gallery-icon landscape'>\n\t\t\t\t<a href='https:\/\/sarimelekler.biz\/?attachment_id=18864'><img loading=\"lazy\" decoding=\"async\" width=\"150\" height=\"150\" src=\"https:\/\/sarimelekler.biz\/wp-content\/uploads\/2023\/02\/Deprem-Yardim-Calismasi-25-150x150.jpg\" class=\"attachment-thumbnail size-thumbnail\" alt=\"\" data-attachment-id=\"18864\" data-permalink=\"https:\/\/sarimelekler.biz\/?attachment_id=18864\" data-orig-file=\"https:\/\/sarimelekler.biz\/wp-content\/uploads\/2023\/02\/Deprem-Yardim-Calismasi-25-scaled.jpg\" data-orig-size=\"2560,1520\" data-comments-opened=\"0\" data-image-meta=\"{&quot;aperture&quot;:&quot;4&quot;,&quot;credit&quot;:&quot;&quot;,&quot;camera&quot;:&quot;Canon EOS-1D X Mark II&quot;,&quot;caption&quot;:&quot;&quot;,&quot;created_timestamp&quot;:&quot;1676301630&quot;,&quot;copyright&quot;:&quot;fenerbahce dergisi\/org&quot;,&quot;focal_length&quot;:&quot;16&quot;,&quot;iso&quot;:&quot;400&quot;,&quot;shutter_speed&quot;:&quot;0.004&quot;,&quot;title&quot;:&quot;&quot;,&quot;orientation&quot;:&quot;1&quot;}\" data-image-title=\"Deprem Yard\u0131m \u00c7al\u0131\u015fmas\u0131 (25)\" data-image-description=\"\" data-image-caption=\"\" data-large-file=\"https:\/\/sarimelekler.biz\/wp-content\/uploads\/2023\/02\/Deprem-Yardim-Calismasi-25-1024x608.jpg\" \/><\/a>\n\t\t\t<\/dt><\/dl><br style=\"clear: both\" \/>\n\t\t<\/div>\n\n<p style=\"text-align: justify;\">\u00a0<\/p>\n<p style=\"text-align: justify;\">\u00a0<\/p>\n","protected":false},"excerpt":{"rendered":"<p>Kahramanmara\u015f\u2019ta meydana gelen ve bir\u00e7ok ilimizde hissedilen depremlerde hayat\u0131n\u0131 kaybeden \u2026 <a class=\"continue-reading-link\" href=\"https:\/\/sarimelekler.biz\/?p=18839\">Okumaya Devam Et.. <span class=\"meta-nav\">&rarr; <\/span><\/a><\/p>\n","protected":false},"author":1,"featured_media":18840,"comment_status":"closed","ping_status":"open","sticky":false,"template":"","format":"standard","meta":{"jetpack_post_was_ever_published":false,"_jetpack_newsletter_access":"","_jetpack_dont_email_post_to_subs":false,"_jetpack_newsletter_tier_id":0,"_jetpack_memberships_contains_paywalled_content":false,"_jetpack_memberships_contains_paid_content":false,"footnotes":"","jetpack_publicize_message":"","jetpack_publicize_feature_enabled":true,"jetpack_social_post_already_shared":true,"jetpack_social_options":{"image_generator_settings":{"template":"highway","default_image_id":0,"font":"","enabled":false},"version":2}},"categories":[7],"tags":[],"class_list":["post-18839","post","type-post","status-publish","format-standard","has-post-thumbnail","hentry","category-haberler"],"jetpack_publicize_connections":[],"jetpack_featured_media_url":"https:\/\/sarimelekler.biz\/wp-content\/uploads\/2023\/02\/Deprem-Yardim-Calismasi-1.jpg","jetpack_sharing_enabled":true,"jetpack_shortlink":"https:\/\/wp.me\/p8npUZ-4TR","jetpack-related-posts":[{"id":14322,"url":"https:\/\/sarimelekler.biz\/?p=14322","url_meta":{"origin":18839,"position":0},"title":"66. Gillette Milliyet Y\u0131l\u0131n Sporcusu \u00d6d\u00fclleri\u2019ne Fenerbah\u00e7emiz Damga Vurdu","author":"Edit\u00f6r","date":"4 Kas\u0131m 2020","format":false,"excerpt":"Milliyet Gazetesi\u2019nin her y\u0131l geleneksel olarak d\u00fczenledi\u011fi Gillette Milliyet Y\u0131l\u0131n Sporcusu \u00d6d\u00fcl T\u00f6reni\u2019nin 66.\u2019s\u0131 ger\u00e7ekle\u015ftirildi. T\u00f6rene Futbol Sportif Direkt\u00f6r\u00fcm\u00fcz Emre Bel\u00f6zo\u011flu, Futbol A Tak\u0131m\u0131m\u0131z\u0131n oyuncular\u0131 Ozan Tufan ve Naz\u0131m Sangare, Fenerbah\u00e7e Opet Kad\u0131n Voleybol Tak\u0131m\u0131m\u0131z ve A Milli Kad\u0131n Voleybol Tak\u0131m\u0131m\u0131z\u0131n kaptan\u0131 Eda Erdem D\u00fcndar, Fenerbah\u00e7e Futbol A.\u015e. Y\u00f6netim Kurulu\u2026","rel":"","context":"&quot;Haberler&quot; i\u00e7inde","block_context":{"text":"Haberler","link":"https:\/\/sarimelekler.biz\/?cat=7"},"img":{"alt_text":"","src":"https:\/\/i0.wp.com\/sarimelekler.biz\/wp-content\/uploads\/2020\/11\/Milliyet-%C3%96d%C3%BClleri-4.jpg?resize=350%2C200&ssl=1","width":350,"height":200,"srcset":"https:\/\/i0.wp.com\/sarimelekler.biz\/wp-content\/uploads\/2020\/11\/Milliyet-%C3%96d%C3%BClleri-4.jpg?resize=350%2C200&ssl=1 1x, https:\/\/i0.wp.com\/sarimelekler.biz\/wp-content\/uploads\/2020\/11\/Milliyet-%C3%96d%C3%BClleri-4.jpg?resize=525%2C300&ssl=1 1.5x, https:\/\/i0.wp.com\/sarimelekler.biz\/wp-content\/uploads\/2020\/11\/Milliyet-%C3%96d%C3%BClleri-4.jpg?resize=700%2C400&ssl=1 2x, https:\/\/i0.wp.com\/sarimelekler.biz\/wp-content\/uploads\/2020\/11\/Milliyet-%C3%96d%C3%BClleri-4.jpg?resize=1050%2C600&ssl=1 3x, https:\/\/i0.wp.com\/sarimelekler.biz\/wp-content\/uploads\/2020\/11\/Milliyet-%C3%96d%C3%BClleri-4.jpg?resize=1400%2C800&ssl=1 4x"},"classes":[]},{"id":11915,"url":"https:\/\/sarimelekler.biz\/?p=11915","url_meta":{"origin":18839,"position":1},"title":"Fenerbah\u00e7e Voleybol Tak\u0131mlar\u0131m\u0131z\u0131n Yeni Sponsoru Fluo Oldu.","author":"Edit\u00f6r","date":"11 Ekim 2019","format":false,"excerpt":"Fenerbah\u00e7emiz ile ileri teknoloji, y\u00fcksek kalite ve yarat\u0131c\u0131l\u0131kla tasarlanm\u0131\u015f cihazlar\u0131n yeni markas\u0131 Fluo aras\u0131nda Fenerbah\u00e7e Opet Kad\u0131n Voleybol ve Fenerbah\u00e7e HDI Erkek Voleybol Tak\u0131mlar\u0131m\u0131z aras\u0131ndaki sponsorluk anla\u015fmas\u0131n\u0131n imza t\u00f6reni yap\u0131ld\u0131. Fluo, bu anla\u015fma do\u011frultusunda T\u00fcrkiye\u2019nin en b\u00fcy\u00fck spor kul\u00fcb\u00fc olan Fenerbah\u00e7emizin; Erkek Voleybol Tak\u0131m\u0131nda forma s\u0131rt, Kad\u0131n Voleybol Tak\u0131m\u0131nda ise\u2026","rel":"","context":"&quot;Haberler&quot; i\u00e7inde","block_context":{"text":"Haberler","link":"https:\/\/sarimelekler.biz\/?cat=7"},"img":{"alt_text":"","src":"https:\/\/i0.wp.com\/sarimelekler.biz\/wp-content\/uploads\/2019\/10\/Fluo-Sponsorlu%C4%9Fu-21.jpg?resize=350%2C200&ssl=1","width":350,"height":200,"srcset":"https:\/\/i0.wp.com\/sarimelekler.biz\/wp-content\/uploads\/2019\/10\/Fluo-Sponsorlu%C4%9Fu-21.jpg?resize=350%2C200&ssl=1 1x, https:\/\/i0.wp.com\/sarimelekler.biz\/wp-content\/uploads\/2019\/10\/Fluo-Sponsorlu%C4%9Fu-21.jpg?resize=525%2C300&ssl=1 1.5x, https:\/\/i0.wp.com\/sarimelekler.biz\/wp-content\/uploads\/2019\/10\/Fluo-Sponsorlu%C4%9Fu-21.jpg?resize=700%2C400&ssl=1 2x, https:\/\/i0.wp.com\/sarimelekler.biz\/wp-content\/uploads\/2019\/10\/Fluo-Sponsorlu%C4%9Fu-21.jpg?resize=1050%2C600&ssl=1 3x, https:\/\/i0.wp.com\/sarimelekler.biz\/wp-content\/uploads\/2019\/10\/Fluo-Sponsorlu%C4%9Fu-21.jpg?resize=1400%2C800&ssl=1 4x"},"classes":[]},{"id":3419,"url":"https:\/\/sarimelekler.biz\/?p=3419","url_meta":{"origin":18839,"position":2},"title":"MERHABALAR","author":"Edit\u00f6r","date":"13 Mart 2017","format":false,"excerpt":"Fenerbah\u00e7e Bayan Voleybol tak\u0131m\u0131n\u0131n Taraftar sitesine Ho\u015f geldiniz. 05\/12\/2009 y\u0131l\u0131nda futbol sayfalar\u0131 aras\u0131nda kaybolan Bayan Voleybol haberleri, Bayan Voleybolu hakk\u0131nda arad\u0131klar\u0131m\u0131 bulamamaktan dolay\u0131 yay\u0131n hayat\u0131na ba\u015flatt\u0131\u011f\u0131m, 100 \u00fcye olsa yeter dedi\u011fim facebook sayfam\u0131z \u00e7\u0131\u011f gibi b\u00fcy\u00fcd\u00fc ve \u015fuan i\u00e7in +93.000 \u00fcyeye ula\u015ft\u0131. 8 y\u0131ll\u0131k tecr\u00fcbemizle y\u0131llarca biriktirdi\u011fimiz ar\u015fiv kay\u0131tlar\u0131m\u0131z\u0131 sizinle\u2026","rel":"","context":"&quot;Duyurular&quot; i\u00e7inde","block_context":{"text":"Duyurular","link":"https:\/\/sarimelekler.biz\/?cat=8"},"img":{"alt_text":"","src":"https:\/\/i0.wp.com\/sarimelekler.biz\/wp-content\/uploads\/2017\/03\/kar%C5%9F%C4%B1lama.jpg?resize=350%2C200&ssl=1","width":350,"height":200,"srcset":"https:\/\/i0.wp.com\/sarimelekler.biz\/wp-content\/uploads\/2017\/03\/kar%C5%9F%C4%B1lama.jpg?resize=350%2C200&ssl=1 1x, https:\/\/i0.wp.com\/sarimelekler.biz\/wp-content\/uploads\/2017\/03\/kar%C5%9F%C4%B1lama.jpg?resize=525%2C300&ssl=1 1.5x, https:\/\/i0.wp.com\/sarimelekler.biz\/wp-content\/uploads\/2017\/03\/kar%C5%9F%C4%B1lama.jpg?resize=700%2C400&ssl=1 2x, https:\/\/i0.wp.com\/sarimelekler.biz\/wp-content\/uploads\/2017\/03\/kar%C5%9F%C4%B1lama.jpg?resize=1050%2C600&ssl=1 3x, https:\/\/i0.wp.com\/sarimelekler.biz\/wp-content\/uploads\/2017\/03\/kar%C5%9F%C4%B1lama.jpg?resize=1400%2C800&ssl=1 4x"},"classes":[]},{"id":21026,"url":"https:\/\/sarimelekler.biz\/?p=21026","url_meta":{"origin":18839,"position":3},"title":"Fenerbah\u00e7e Kad\u0131n Voleybol Tak\u0131m\u0131m\u0131z 70 ya\u015f\u0131nda!","author":"Edit\u00f6r","date":"9 Eyl\u00fcl 2024","format":false,"excerpt":"1954 y\u0131l\u0131nda kurulan ve ulusal-uluslararas\u0131 arenada tarihi ba\u015far\u0131lara imza atan Fenerbah\u00e7e Medicana Kad\u0131n Voleybol Tak\u0131m\u0131m\u0131z\u0131n 70. y\u0131l d\u00f6n\u00fcm\u00fc d\u00fczenlenen \u00f6zel geceyle kutland\u0131. Fenerbah\u00e7e Faruk Ilgaz Tesislerimizde organize edilen galaya Ba\u015fkan\u0131m\u0131z Ali Y. Ko\u00e7, T\u00fcrkiye Voleybol Federasyonu Ba\u015fkan\u0131 Mehmet Akif \u00dcst\u00fcnda\u011f, yeni ve eski Y\u00f6netim Kurulu \u00dcyelerimiz, sponsorlar\u0131m\u0131z, Fenerbah\u00e7e Medicana Voleybol\u2026","rel":"","context":"&quot;Haberler&quot; i\u00e7inde","block_context":{"text":"Haberler","link":"https:\/\/sarimelekler.biz\/?cat=7"},"img":{"alt_text":"","src":"https:\/\/i0.wp.com\/sarimelekler.biz\/wp-content\/uploads\/2024\/09\/70.-Yil-Kutlamasi-5-scaled.jpg?resize=350%2C200&ssl=1","width":350,"height":200,"srcset":"https:\/\/i0.wp.com\/sarimelekler.biz\/wp-content\/uploads\/2024\/09\/70.-Yil-Kutlamasi-5-scaled.jpg?resize=350%2C200&ssl=1 1x, https:\/\/i0.wp.com\/sarimelekler.biz\/wp-content\/uploads\/2024\/09\/70.-Yil-Kutlamasi-5-scaled.jpg?resize=525%2C300&ssl=1 1.5x, https:\/\/i0.wp.com\/sarimelekler.biz\/wp-content\/uploads\/2024\/09\/70.-Yil-Kutlamasi-5-scaled.jpg?resize=700%2C400&ssl=1 2x, https:\/\/i0.wp.com\/sarimelekler.biz\/wp-content\/uploads\/2024\/09\/70.-Yil-Kutlamasi-5-scaled.jpg?resize=1050%2C600&ssl=1 3x, https:\/\/i0.wp.com\/sarimelekler.biz\/wp-content\/uploads\/2024\/09\/70.-Yil-Kutlamasi-5-scaled.jpg?resize=1400%2C800&ssl=1 4x"},"classes":[]},{"id":11959,"url":"https:\/\/sarimelekler.biz\/?p=11959","url_meta":{"origin":18839,"position":4},"title":"Fenerbah\u00e7e Opet Ve Fenerbah\u00e7e HDI Sigorta Bas\u0131n Mensuplar\u0131yla Bir Araya Geldi","author":"Edit\u00f6r","date":"12 Ekim 2019","format":false,"excerpt":"Fenerbah\u00e7e Opet Kad\u0131n ve Fenerbah\u00e7e HDI Erkek Voleybol Tak\u0131mlar\u0131m\u0131z, 2019-20 sezonu \u00f6ncesinde Derea\u011fz\u0131 Lefter K\u00fc\u00e7\u00fckandonyadis Tesislerimizde ger\u00e7ekle\u015ftirilen Medya G\u00fcn\u00fc\u2019nde bas\u0131n mensuplar\u0131yla bir araya geldi. Ev sahipli\u011fini, tak\u0131mlar\u0131m\u0131z\u0131n forma sponsoru Bilcee\u2019nin yapt\u0131\u011f\u0131 organizasyona; Ba\u015fkan\u0131m\u0131z Ali Ko\u00e7,\u00a0 Y\u00f6netim Kurulu \u00dcyelerimizden Simla T\u00fcrker Bayaz\u0131t ve \u0130lker Din\u00e7ay, Bilcee Group Y\u00f6netim Kurulu Ba\u015fkan\u0131 Hac\u0131\u2026","rel":"","context":"&quot;Haberler&quot; i\u00e7inde","block_context":{"text":"Haberler","link":"https:\/\/sarimelekler.biz\/?cat=7"},"img":{"alt_text":"","src":"https:\/\/i0.wp.com\/sarimelekler.biz\/wp-content\/uploads\/2019\/10\/Bilcee-Medya-G%C3%BCn%C3%BC-27.jpg?resize=350%2C200&ssl=1","width":350,"height":200,"srcset":"https:\/\/i0.wp.com\/sarimelekler.biz\/wp-content\/uploads\/2019\/10\/Bilcee-Medya-G%C3%BCn%C3%BC-27.jpg?resize=350%2C200&ssl=1 1x, https:\/\/i0.wp.com\/sarimelekler.biz\/wp-content\/uploads\/2019\/10\/Bilcee-Medya-G%C3%BCn%C3%BC-27.jpg?resize=525%2C300&ssl=1 1.5x, https:\/\/i0.wp.com\/sarimelekler.biz\/wp-content\/uploads\/2019\/10\/Bilcee-Medya-G%C3%BCn%C3%BC-27.jpg?resize=700%2C400&ssl=1 2x, https:\/\/i0.wp.com\/sarimelekler.biz\/wp-content\/uploads\/2019\/10\/Bilcee-Medya-G%C3%BCn%C3%BC-27.jpg?resize=1050%2C600&ssl=1 3x, https:\/\/i0.wp.com\/sarimelekler.biz\/wp-content\/uploads\/2019\/10\/Bilcee-Medya-G%C3%BCn%C3%BC-27.jpg?resize=1400%2C800&ssl=1 4x"},"classes":[]},{"id":6195,"url":"https:\/\/sarimelekler.biz\/?p=6195","url_meta":{"origin":18839,"position":5},"title":"FENERBAH\u00c7E\u2019Y\u0130 VE \u00c7UBUKLU FORMAMI \u00c7OK \u00d6ZLED\u0130M","author":"Edit\u00f6r","date":"3 Nisan 2018","format":false,"excerpt":"Fenerbah\u00e7e Bayan Voleybol tak\u0131m\u0131m\u0131z\u0131n alt yap\u0131s\u0131ndan yeti\u015fen, 2014 y\u0131l\u0131nda kendisinin ba\u015far\u0131s\u0131 ve kul\u00fcb\u00fcm\u00fcz\u00fcn deste\u011fiyle ABD\u2019de bir \u00fcniversitede \u00f6\u011frenimini yapmak ayn\u0131 zamanda Amerikan Bayan \u00dcniversite Voleybol Ligi\u2019nde (NCAA) m\u00fccadele etmek \u00fczere \u00fclkemizden ayr\u0131lan Merve Tanyel bu yaz \u00f6\u011frenimi tamamlayarak Kul\u00fcb\u00fcm\u00fcze geri d\u00f6necek. Yakla\u015f\u0131k 10 senedir Kul\u00fcb\u00fcm\u00fcz\u00fcn sporcusu olan Merve Tanyel\u2019i merakla\u2026","rel":"","context":"&quot;Sitemiz R\u00f6portajlar\u0131&quot; i\u00e7inde","block_context":{"text":"Sitemiz R\u00f6portajlar\u0131","link":"https:\/\/sarimelekler.biz\/?cat=16"},"img":{"alt_text":"","src":"https:\/\/i0.wp.com\/sarimelekler.biz\/wp-content\/uploads\/2018\/04\/Merve-Tanyel-2.jpg?resize=350%2C200&ssl=1","width":350,"height":200,"srcset":"https:\/\/i0.wp.com\/sarimelekler.biz\/wp-content\/uploads\/2018\/04\/Merve-Tanyel-2.jpg?resize=350%2C200&ssl=1 1x, https:\/\/i0.wp.com\/sarimelekler.biz\/wp-content\/uploads\/2018\/04\/Merve-Tanyel-2.jpg?resize=525%2C300&ssl=1 1.5x, https:\/\/i0.wp.com\/sarimelekler.biz\/wp-content\/uploads\/2018\/04\/Merve-Tanyel-2.jpg?resize=700%2C400&ssl=1 2x, https:\/\/i0.wp.com\/sarimelekler.biz\/wp-content\/uploads\/2018\/04\/Merve-Tanyel-2.jpg?resize=1050%2C600&ssl=1 3x, https:\/\/i0.wp.com\/sarimelekler.biz\/wp-content\/uploads\/2018\/04\/Merve-Tanyel-2.jpg?resize=1400%2C800&ssl=1 4x"},"classes":[]}],"_links":{"self":[{"href":"https:\/\/sarimelekler.biz\/index.php?rest_route=\/wp\/v2\/posts\/18839","targetHints":{"allow":["GET"]}}],"collection":[{"href":"https:\/\/sarimelekler.biz\/index.php?rest_route=\/wp\/v2\/posts"}],"about":[{"href":"https:\/\/sarimelekler.biz\/index.php?rest_route=\/wp\/v2\/types\/post"}],"author":[{"embeddable":true,"href":"https:\/\/sarimelekler.biz\/index.php?rest_route=\/wp\/v2\/users\/1"}],"replies":[{"embeddable":true,"href":"https:\/\/sarimelekler.biz\/index.php?rest_route=%2Fwp%2Fv2%2Fcomments&post=18839"}],"version-history":[{"count":2,"href":"https:\/\/sarimelekler.biz\/index.php?rest_route=\/wp\/v2\/posts\/18839\/revisions"}],"predecessor-version":[{"id":18866,"href":"https:\/\/sarimelekler.biz\/index.php?rest_route=\/wp\/v2\/posts\/18839\/revisions\/18866"}],"wp:featuredmedia":[{"embeddable":true,"href":"https:\/\/sarimelekler.biz\/index.php?rest_route=\/wp\/v2\/media\/18840"}],"wp:attachment":[{"href":"https:\/\/sarimelekler.biz\/index.php?rest_route=%2Fwp%2Fv2%2Fmedia&parent=18839"}],"wp:term":[{"taxonomy":"category","embeddable":true,"href":"https:\/\/sarimelekler.biz\/index.php?rest_route=%2Fwp%2Fv2%2Fcategories&post=18839"},{"taxonomy":"post_tag","embeddable":true,"href":"https:\/\/sarimelekler.biz\/index.php?rest_route=%2Fwp%2Fv2%2Ftags&post=18839"}],"curies":[{"name":"wp","href":"https:\/\/api.w.org\/{rel}","templated":true}]}}