{"id":19592,"date":"2023-06-01T21:55:23","date_gmt":"2023-06-01T18:55:23","guid":{"rendered":"https:\/\/sarimelekler.biz\/?p=19592"},"modified":"2023-06-01T21:55:24","modified_gmt":"2023-06-01T18:55:24","slug":"4-oyuncuyla-yollar-ayrildi","status":"publish","type":"post","link":"https:\/\/sarimelekler.biz\/?p=19592","title":{"rendered":"4 Oyuncuyla Yollar Ayr\u0131ld\u0131"},"content":{"rendered":"<p style=\"text-align: justify;\"><span style=\"font-size: 18px;\">Fenerbah\u00e7e Spor Kul\u00fcb\u00fcm\u00fcz sosyal medya hesaplar\u0131ndan yapt\u0131\u011f\u0131 payla\u015f\u0131mlarda Fenerbah\u00e7e Opet Kad\u0131n Voleybol tak\u0131m\u0131m\u0131z oyuncular\u0131ndan, 4 sezondur As tak\u0131m kadromuzda bulunan orta oyuncu <a href=\"https:\/\/twitter.com\/FBvoleybol\/status\/1664234183147810817\" target=\"_blank\" rel=\"noopener\">Beliz Ba\u015fk\u0131r,<\/a> 2 sezondur kadromuzda bulunan Pas\u00f6r \u00c7apraz\u0131 <a href=\"https:\/\/twitter.com\/FBvoleybol\/status\/1664233028720230403\" target=\"_blank\" rel=\"noopener\">Anna Lazareva<\/a>, sezon ba\u015f\u0131 tak\u0131m\u0131m\u0131za kat\u0131lan pas\u00f6r <a href=\"https:\/\/twitter.com\/FBvoleybol\/status\/1664229863811678209\" target=\"_blank\" rel=\"noopener\">Macris Carneiro<\/a> ve bu sezon devre aras\u0131nda tak\u0131m\u0131m\u0131za kat\u0131lan orta oyuncu <a href=\"https:\/\/twitter.com\/FBvoleybol\/status\/1664231318182412290\" target=\"_blank\" rel=\"noopener\">Hristina Vuchkova<\/a> ile yollar\u0131n ayr\u0131ld\u0131\u011f\u0131n\u0131 a\u00e7\u0131klad\u0131.<\/span><br \/>\n<span style=\"font-size: 18px;\">Eski oyuncular\u0131m\u0131za emekleri i\u00e7in te\u015fekk\u00fcr eder. Sa\u011fl\u0131kl\u0131 bir kariyer dileriz.<\/span><\/p>\n\n\t\t<style type=\"text\/css\">\n\t\t\t#gallery-1 {\n\t\t\t\tmargin: auto;\n\t\t\t}\n\t\t\t#gallery-1 .gallery-item {\n\t\t\t\tfloat: left;\n\t\t\t\tmargin-top: 10px;\n\t\t\t\ttext-align: center;\n\t\t\t\twidth: 25%;\n\t\t\t}\n\t\t\t#gallery-1 img {\n\t\t\t\tborder: 2px solid #cfcfcf;\n\t\t\t}\n\t\t\t#gallery-1 .gallery-caption {\n\t\t\t\tmargin-left: 0;\n\t\t\t}\n\t\t\t\/* see gallery_shortcode() in wp-includes\/media.php *\/\n\t\t<\/style>\n\t\t<div data-carousel-extra='{&quot;blog_id&quot;:1,&quot;permalink&quot;:&quot;https:\/\/sarimelekler.biz\/?p=19592&quot;}' id='gallery-1' class='gallery galleryid-19592 gallery-columns-4 gallery-size-thumbnail'><dl class='gallery-item'>\n\t\t\t<dt class='gallery-icon portrait'>\n\t\t\t\t<a href='https:\/\/sarimelekler.biz\/?attachment_id=19596'><img loading=\"lazy\" decoding=\"async\" width=\"150\" height=\"150\" src=\"https:\/\/sarimelekler.biz\/wp-content\/uploads\/2023\/06\/Beliz-Veda-150x150.jpeg\" class=\"attachment-thumbnail size-thumbnail\" alt=\"\" data-attachment-id=\"19596\" data-permalink=\"https:\/\/sarimelekler.biz\/?attachment_id=19596\" data-orig-file=\"https:\/\/sarimelekler.biz\/wp-content\/uploads\/2023\/06\/Beliz-Veda.jpeg\" data-orig-size=\"1080,1350\" data-comments-opened=\"0\" data-image-meta=\"{&quot;aperture&quot;:&quot;0&quot;,&quot;credit&quot;:&quot;&quot;,&quot;camera&quot;:&quot;&quot;,&quot;caption&quot;:&quot;&quot;,&quot;created_timestamp&quot;:&quot;0&quot;,&quot;copyright&quot;:&quot;&quot;,&quot;focal_length&quot;:&quot;0&quot;,&quot;iso&quot;:&quot;0&quot;,&quot;shutter_speed&quot;:&quot;0&quot;,&quot;title&quot;:&quot;&quot;,&quot;orientation&quot;:&quot;0&quot;}\" data-image-title=\"Beliz Veda\" data-image-description=\"\" data-image-caption=\"\" data-large-file=\"https:\/\/sarimelekler.biz\/wp-content\/uploads\/2023\/06\/Beliz-Veda-819x1024.jpeg\" \/><\/a>\n\t\t\t<\/dt><\/dl><dl class='gallery-item'>\n\t\t\t<dt class='gallery-icon portrait'>\n\t\t\t\t<a href='https:\/\/sarimelekler.biz\/?attachment_id=19593'><img loading=\"lazy\" decoding=\"async\" width=\"150\" height=\"150\" src=\"https:\/\/sarimelekler.biz\/wp-content\/uploads\/2023\/06\/Lazareva-Veda-150x150.jpeg\" class=\"attachment-thumbnail size-thumbnail\" alt=\"\" data-attachment-id=\"19593\" data-permalink=\"https:\/\/sarimelekler.biz\/?attachment_id=19593\" data-orig-file=\"https:\/\/sarimelekler.biz\/wp-content\/uploads\/2023\/06\/Lazareva-Veda.jpeg\" data-orig-size=\"1080,1350\" data-comments-opened=\"0\" data-image-meta=\"{&quot;aperture&quot;:&quot;0&quot;,&quot;credit&quot;:&quot;&quot;,&quot;camera&quot;:&quot;&quot;,&quot;caption&quot;:&quot;&quot;,&quot;created_timestamp&quot;:&quot;0&quot;,&quot;copyright&quot;:&quot;&quot;,&quot;focal_length&quot;:&quot;0&quot;,&quot;iso&quot;:&quot;0&quot;,&quot;shutter_speed&quot;:&quot;0&quot;,&quot;title&quot;:&quot;&quot;,&quot;orientation&quot;:&quot;0&quot;}\" data-image-title=\"Lazareva Veda\" data-image-description=\"\" data-image-caption=\"\" data-large-file=\"https:\/\/sarimelekler.biz\/wp-content\/uploads\/2023\/06\/Lazareva-Veda-819x1024.jpeg\" \/><\/a>\n\t\t\t<\/dt><\/dl><dl class='gallery-item'>\n\t\t\t<dt class='gallery-icon portrait'>\n\t\t\t\t<a href='https:\/\/sarimelekler.biz\/?attachment_id=19594'><img loading=\"lazy\" decoding=\"async\" width=\"150\" height=\"150\" src=\"https:\/\/sarimelekler.biz\/wp-content\/uploads\/2023\/06\/Macris-Veda-150x150.jpeg\" class=\"attachment-thumbnail size-thumbnail\" alt=\"\" data-attachment-id=\"19594\" data-permalink=\"https:\/\/sarimelekler.biz\/?attachment_id=19594\" data-orig-file=\"https:\/\/sarimelekler.biz\/wp-content\/uploads\/2023\/06\/Macris-Veda.jpeg\" data-orig-size=\"1080,1350\" data-comments-opened=\"0\" data-image-meta=\"{&quot;aperture&quot;:&quot;0&quot;,&quot;credit&quot;:&quot;&quot;,&quot;camera&quot;:&quot;&quot;,&quot;caption&quot;:&quot;&quot;,&quot;created_timestamp&quot;:&quot;0&quot;,&quot;copyright&quot;:&quot;&quot;,&quot;focal_length&quot;:&quot;0&quot;,&quot;iso&quot;:&quot;0&quot;,&quot;shutter_speed&quot;:&quot;0&quot;,&quot;title&quot;:&quot;&quot;,&quot;orientation&quot;:&quot;0&quot;}\" data-image-title=\"Macris Veda\" data-image-description=\"\" data-image-caption=\"\" data-large-file=\"https:\/\/sarimelekler.biz\/wp-content\/uploads\/2023\/06\/Macris-Veda-819x1024.jpeg\" \/><\/a>\n\t\t\t<\/dt><\/dl><dl class='gallery-item'>\n\t\t\t<dt class='gallery-icon portrait'>\n\t\t\t\t<a href='https:\/\/sarimelekler.biz\/?attachment_id=19595'><img loading=\"lazy\" decoding=\"async\" width=\"150\" height=\"150\" src=\"https:\/\/sarimelekler.biz\/wp-content\/uploads\/2023\/06\/Vuchkova-Veda-150x150.jpeg\" class=\"attachment-thumbnail size-thumbnail\" alt=\"\" data-attachment-id=\"19595\" data-permalink=\"https:\/\/sarimelekler.biz\/?attachment_id=19595\" data-orig-file=\"https:\/\/sarimelekler.biz\/wp-content\/uploads\/2023\/06\/Vuchkova-Veda.jpeg\" data-orig-size=\"1080,1350\" data-comments-opened=\"0\" data-image-meta=\"{&quot;aperture&quot;:&quot;0&quot;,&quot;credit&quot;:&quot;&quot;,&quot;camera&quot;:&quot;&quot;,&quot;caption&quot;:&quot;&quot;,&quot;created_timestamp&quot;:&quot;0&quot;,&quot;copyright&quot;:&quot;&quot;,&quot;focal_length&quot;:&quot;0&quot;,&quot;iso&quot;:&quot;0&quot;,&quot;shutter_speed&quot;:&quot;0&quot;,&quot;title&quot;:&quot;&quot;,&quot;orientation&quot;:&quot;0&quot;}\" data-image-title=\"Vuchkova Veda\" data-image-description=\"\" data-image-caption=\"\" data-large-file=\"https:\/\/sarimelekler.biz\/wp-content\/uploads\/2023\/06\/Vuchkova-Veda-819x1024.jpeg\" \/><\/a>\n\t\t\t<\/dt><\/dl><br style=\"clear: both\" \/>\n\t\t<\/div>\n\n<p style=\"text-align: right;\">\n01.06.2023<\/p>\n","protected":false},"excerpt":{"rendered":"<p>Fenerbah\u00e7e Spor Kul\u00fcb\u00fcm\u00fcz sosyal medya hesaplar\u0131ndan yapt\u0131\u011f\u0131 payla\u015f\u0131mlarda Fenerbah\u00e7e Opet \u2026 <a class=\"continue-reading-link\" href=\"https:\/\/sarimelekler.biz\/?p=19592\">Okumaya Devam Et.. <span class=\"meta-nav\">&rarr; <\/span><\/a><\/p>\n","protected":false},"author":1,"featured_media":19597,"comment_status":"closed","ping_status":"open","sticky":false,"template":"","format":"standard","meta":{"jetpack_post_was_ever_published":false,"_jetpack_newsletter_access":"","_jetpack_dont_email_post_to_subs":false,"_jetpack_newsletter_tier_id":0,"_jetpack_memberships_contains_paywalled_content":false,"_jetpack_memberships_contains_paid_content":false,"footnotes":"","jetpack_publicize_message":"","jetpack_publicize_feature_enabled":true,"jetpack_social_post_already_shared":true,"jetpack_social_options":{"image_generator_settings":{"template":"highway","default_image_id":0,"font":"","enabled":false},"version":2}},"categories":[23],"tags":[],"class_list":["post-19592","post","type-post","status-publish","format-standard","has-post-thumbnail","hentry","category-transfer-haberleri"],"jetpack_publicize_connections":[],"jetpack_featured_media_url":"https:\/\/sarimelekler.biz\/wp-content\/uploads\/2023\/06\/Giden-Oyuncular-2023-scaled.jpg","jetpack_sharing_enabled":true,"jetpack_shortlink":"https:\/\/wp.me\/p8npUZ-560","jetpack-related-posts":[{"id":4011,"url":"https:\/\/sarimelekler.biz\/?p=4011","url_meta":{"origin":19592,"position":0},"title":"Transfer G\u00fcndemi (Son G\u00fcncelleme 26.06.2017)","author":"Edit\u00f6r","date":"7 Haziran 2017","format":false,"excerpt":"2016-2017 Sezonu Vestel Ven\u00fcs Sultanlar Ligini \u015eampiyon olarak tak\u0131m\u0131m\u0131zda 2017-2017 sezonu transfer \u00e7al\u0131\u015fmalar\u0131 devam ediyor. \u00d6ncelikle tak\u0131m\u0131m\u0131zdan ayr\u0131lan oyuncular\u0131m\u0131za emekleri i\u00e7in te\u015fekk\u00fcr eder, spor hayatlar\u0131nda ba\u015far\u0131lar dileriz. Tak\u0131m\u0131m\u0131za yeni kat\u0131lan oyuncular\u0131m\u0131za sakatl\u0131ks\u0131z bol kupal\u0131 bir sezon dileriz. Marcello Abbondanza'n\u0131n ayr\u0131lmas\u0131ndan sonra antren\u00f6rl\u00fcge Bel\u00e7ika'l\u0131 Antren\u00f6r Jan De Brandt getirildi. (Resmi) Tak\u0131m\u0131m\u0131za\u2026","rel":"","context":"&quot;T\u00fcrkiye Ligi&quot; i\u00e7inde","block_context":{"text":"T\u00fcrkiye Ligi","link":"https:\/\/sarimelekler.biz\/?cat=6"},"img":{"alt_text":"","src":"https:\/\/i0.wp.com\/sarimelekler.biz\/wp-content\/uploads\/2017\/05\/mb20_55646_4714445.jpg?resize=350%2C200&ssl=1","width":350,"height":200,"srcset":"https:\/\/i0.wp.com\/sarimelekler.biz\/wp-content\/uploads\/2017\/05\/mb20_55646_4714445.jpg?resize=350%2C200&ssl=1 1x, https:\/\/i0.wp.com\/sarimelekler.biz\/wp-content\/uploads\/2017\/05\/mb20_55646_4714445.jpg?resize=525%2C300&ssl=1 1.5x, https:\/\/i0.wp.com\/sarimelekler.biz\/wp-content\/uploads\/2017\/05\/mb20_55646_4714445.jpg?resize=700%2C400&ssl=1 2x, https:\/\/i0.wp.com\/sarimelekler.biz\/wp-content\/uploads\/2017\/05\/mb20_55646_4714445.jpg?resize=1050%2C600&ssl=1 3x, https:\/\/i0.wp.com\/sarimelekler.biz\/wp-content\/uploads\/2017\/05\/mb20_55646_4714445.jpg?resize=1400%2C800&ssl=1 4x"},"classes":[]},{"id":6370,"url":"https:\/\/sarimelekler.biz\/?p=6370","url_meta":{"origin":19592,"position":1},"title":"Transfer G\u00fcndemi (Son G\u00fcncelleme 17.06.2018)","author":"Edit\u00f6r","date":"17 Haziran 2018","format":false,"excerpt":"2017-2018 Sezonu Vestel Ven\u00fcs Sultanlar Ligini 3. olarak tak\u0131m\u0131m\u0131zda 2018-2019 sezonu transfer \u00e7al\u0131\u015fmalar\u0131 devam ediyor. \u00d6ncelikle tak\u0131m\u0131m\u0131zdan ayr\u0131lan oyuncular\u0131m\u0131za emekleri i\u00e7in te\u015fekk\u00fcr eder, spor hayatlar\u0131nda ba\u015far\u0131lar dileriz. Tak\u0131m\u0131m\u0131za yeni kat\u0131lan oyuncular\u0131m\u0131za sakatl\u0131ks\u0131z bol kupal\u0131 bir sezon dileriz. Mevcut Kadromuzda devam eden oyuncular: Melis Y\u0131lmaz, Merve Dalbeler, Ezgi Da\u011fdelenler, Beliz Ba\u015fk\u0131r,\u2026","rel":"","context":"&quot;Haberler&quot; i\u00e7inde","block_context":{"text":"Haberler","link":"https:\/\/sarimelekler.biz\/?cat=7"},"img":{"alt_text":"","src":"https:\/\/i0.wp.com\/sarimelekler.biz\/wp-content\/uploads\/2018\/04\/de6p8367_59960_6844336.jpg?resize=350%2C200&ssl=1","width":350,"height":200,"srcset":"https:\/\/i0.wp.com\/sarimelekler.biz\/wp-content\/uploads\/2018\/04\/de6p8367_59960_6844336.jpg?resize=350%2C200&ssl=1 1x, https:\/\/i0.wp.com\/sarimelekler.biz\/wp-content\/uploads\/2018\/04\/de6p8367_59960_6844336.jpg?resize=525%2C300&ssl=1 1.5x, https:\/\/i0.wp.com\/sarimelekler.biz\/wp-content\/uploads\/2018\/04\/de6p8367_59960_6844336.jpg?resize=700%2C400&ssl=1 2x, https:\/\/i0.wp.com\/sarimelekler.biz\/wp-content\/uploads\/2018\/04\/de6p8367_59960_6844336.jpg?resize=1050%2C600&ssl=1 3x, https:\/\/i0.wp.com\/sarimelekler.biz\/wp-content\/uploads\/2018\/04\/de6p8367_59960_6844336.jpg?resize=1400%2C800&ssl=1 4x"},"classes":[]},{"id":11267,"url":"https:\/\/sarimelekler.biz\/?p=11267","url_meta":{"origin":19592,"position":2},"title":"Dicle Nur Babat Yeni Sezonda Kadromuzda Devam Ediyor","author":"Edit\u00f6r","date":"12 May\u0131s 2019","format":false,"excerpt":"2014-2015 sezonunda tak\u0131m\u0131m\u0131za transfer olan orta oyuncumuz Dicle Nur Babat ile kul\u00fcb\u00fcm\u00fcz s\u00f6zle\u015fme yeniledi. 5 sezondur tak\u0131m\u0131m\u0131zda g\u00f6rev alan Dicle Nur Babat geride b\u0131rakt\u0131\u011f\u0131 5 sezonda toplam 154 kez formam\u0131z\u0131 giydi. Dicle bu ma\u00e7larda 90\u2019\u0131 servis, 267\u2019si blok olmak \u00fczere toplam 810 say\u0131 \u00fcretti. Fenerbah\u00e7e\u2019nin mevcut kadrosunda bulunan oyuncular\u0131n kafas\u0131n\u0131\u2026","rel":"","context":"&quot;Transfer Haberleri&quot; i\u00e7inde","block_context":{"text":"Transfer Haberleri","link":"https:\/\/sarimelekler.biz\/?cat=23"},"img":{"alt_text":"","src":"https:\/\/i0.wp.com\/sarimelekler.biz\/wp-content\/uploads\/2019\/05\/Dicle-Kapak.jpg?resize=350%2C200&ssl=1","width":350,"height":200,"srcset":"https:\/\/i0.wp.com\/sarimelekler.biz\/wp-content\/uploads\/2019\/05\/Dicle-Kapak.jpg?resize=350%2C200&ssl=1 1x, https:\/\/i0.wp.com\/sarimelekler.biz\/wp-content\/uploads\/2019\/05\/Dicle-Kapak.jpg?resize=525%2C300&ssl=1 1.5x, https:\/\/i0.wp.com\/sarimelekler.biz\/wp-content\/uploads\/2019\/05\/Dicle-Kapak.jpg?resize=700%2C400&ssl=1 2x, https:\/\/i0.wp.com\/sarimelekler.biz\/wp-content\/uploads\/2019\/05\/Dicle-Kapak.jpg?resize=1050%2C600&ssl=1 3x, https:\/\/i0.wp.com\/sarimelekler.biz\/wp-content\/uploads\/2019\/05\/Dicle-Kapak.jpg?resize=1400%2C800&ssl=1 4x"},"classes":[]},{"id":4282,"url":"https:\/\/sarimelekler.biz\/?p=4282","url_meta":{"origin":19592,"position":3},"title":"Nootsara Tomkom Yeniden Sar\u0131 Melek","author":"Edit\u00f6r","date":"28 Eyl\u00fcl 2017","format":false,"excerpt":"Kul\u00fcb\u00fcm\u00fcz\u00fcn Resmi \u0130nternet Sitesinden Yap\u0131lan A\u00e7\u0131klamada Ge\u00e7en Sezon Kadromuzda bulunan Pas\u00f6r mevkiinde oynayan Nootsara Tomkom'un Tekrar Tak\u0131m\u0131m\u0131za Kat\u0131ld\u0131\u011f\u0131 A\u00e7\u0131kland\u0131. Ba\u015far\u0131lar #Nootsara Kul\u00fcb\u00fcm\u00fczden Yap\u0131lan A\u00e7\u0131klama: Yeni sezon yap\u0131lanmas\u0131 kapsam\u0131nda Fenerbah\u00e7e Kad\u0131n Voleybol Tak\u0131m\u0131m\u0131z, ge\u00e7en sezon da formam\u0131z\u0131 giyen 7 Temmuz 1985 do\u011fumlu, Tayland\u2019l\u0131 pas\u00f6r Nootsara Tomkom ile anla\u015fma sa\u011flam\u0131\u015ft\u0131r. Nootsara Tomkom\u2019a\u2026","rel":"","context":"&quot;T\u00fcrkiye Ligi&quot; i\u00e7inde","block_context":{"text":"T\u00fcrkiye Ligi","link":"https:\/\/sarimelekler.biz\/?cat=6"},"img":{"alt_text":"","src":"https:\/\/i0.wp.com\/sarimelekler.biz\/wp-content\/uploads\/2017\/09\/tomkom-org_57418_5205052.png?resize=350%2C200&ssl=1","width":350,"height":200,"srcset":"https:\/\/i0.wp.com\/sarimelekler.biz\/wp-content\/uploads\/2017\/09\/tomkom-org_57418_5205052.png?resize=350%2C200&ssl=1 1x, https:\/\/i0.wp.com\/sarimelekler.biz\/wp-content\/uploads\/2017\/09\/tomkom-org_57418_5205052.png?resize=525%2C300&ssl=1 1.5x"},"classes":[]},{"id":19617,"url":"https:\/\/sarimelekler.biz\/?p=19617","url_meta":{"origin":19592,"position":4},"title":"Kul\u00fcb\u00fcm\u00fcz 4 Oyuncumuzla S\u00f6zle\u015fme Yeniledi","author":"Edit\u00f6r","date":"8 Haziran 2023","format":false,"excerpt":"Fenerbah\u00e7e Spor Kul\u00fcb\u00fcm\u00fcz sosyal medya hesaplar\u0131ndan yapt\u0131\u011f\u0131 payla\u015f\u0131mlarda Fenerbah\u00e7e Opet Kad\u0131n Voleybol tak\u0131m\u0131m\u0131z\u0131n oyuncular\u0131ndan Sma\u00e7\u00f6r Meliha Diken, Sma\u00e7\u00f6r\/Libero Cansu \u00c7etin, Pas\u00f6r \u00c7apraz\u0131 Meryem Boz ve Orta Oyuncu Erg\u00fcl Avc\u0131 Ero\u011flu\u2019yla birer y\u0131l s\u00fcreyle s\u00f6zle\u015fme uzatt\u0131\u011f\u0131n\u0131 a\u00e7\u0131klad\u0131. Ge\u00e7ti\u011fimiz sezon ba\u015f\u0131 tak\u0131m\u0131m\u0131za kat\u0131lan Meryem Boz ve Erg\u00fcl Avc\u0131 Terzic y\u00f6netiminde tak\u0131m\u0131m\u0131zda \u00e7ok\u2026","rel":"","context":"&quot;Transfer Haberleri&quot; i\u00e7inde","block_context":{"text":"Transfer Haberleri","link":"https:\/\/sarimelekler.biz\/?cat=23"},"img":{"alt_text":"","src":"https:\/\/i0.wp.com\/sarimelekler.biz\/wp-content\/uploads\/2023\/06\/Sozlesme-Yenileme-2023-3.jpg?resize=350%2C200&ssl=1","width":350,"height":200,"srcset":"https:\/\/i0.wp.com\/sarimelekler.biz\/wp-content\/uploads\/2023\/06\/Sozlesme-Yenileme-2023-3.jpg?resize=350%2C200&ssl=1 1x, https:\/\/i0.wp.com\/sarimelekler.biz\/wp-content\/uploads\/2023\/06\/Sozlesme-Yenileme-2023-3.jpg?resize=525%2C300&ssl=1 1.5x, https:\/\/i0.wp.com\/sarimelekler.biz\/wp-content\/uploads\/2023\/06\/Sozlesme-Yenileme-2023-3.jpg?resize=700%2C400&ssl=1 2x, https:\/\/i0.wp.com\/sarimelekler.biz\/wp-content\/uploads\/2023\/06\/Sozlesme-Yenileme-2023-3.jpg?resize=1050%2C600&ssl=1 3x, https:\/\/i0.wp.com\/sarimelekler.biz\/wp-content\/uploads\/2023\/06\/Sozlesme-Yenileme-2023-3.jpg?resize=1400%2C800&ssl=1 4x"},"classes":[]},{"id":11254,"url":"https:\/\/sarimelekler.biz\/?p=11254","url_meta":{"origin":19592,"position":5},"title":"Bahar Yeni Sezonda Kadromuzda Devam Ediyor","author":"Edit\u00f6r","date":"9 May\u0131s 2019","format":false,"excerpt":"2016-2017 sezonu ara transfer d\u00f6nemi olan 20 Ocak 2017\u2019de tak\u0131m\u0131m\u0131za transfer olan orta oyuncumuz Bahar Toksoy Guidetti ile kul\u00fcb\u00fcm\u00fcz s\u00f6zle\u015fme yeniledi. 2,5 sezondur tak\u0131m\u0131m\u0131zda g\u00f6rev alan Bahar 74 kez formam\u0131z\u0131 giydi. 55\u2019i servis, 91\u2019i blok olmak \u00fczere toplam 350 say\u0131 ald\u0131. Bahar 2017-2018 sezonu son ma\u00e7lar\u0131nda tak\u0131m\u0131m\u0131zdaki sakat oyunculardan dolay\u0131\u2026","rel":"","context":"&quot;Transfer Haberleri&quot; i\u00e7inde","block_context":{"text":"Transfer Haberleri","link":"https:\/\/sarimelekler.biz\/?cat=23"},"img":{"alt_text":"","src":"https:\/\/i0.wp.com\/sarimelekler.biz\/wp-content\/uploads\/2019\/05\/baharbasin1_54032_7434675.jpg?resize=350%2C200&ssl=1","width":350,"height":200,"srcset":"https:\/\/i0.wp.com\/sarimelekler.biz\/wp-content\/uploads\/2019\/05\/baharbasin1_54032_7434675.jpg?resize=350%2C200&ssl=1 1x, https:\/\/i0.wp.com\/sarimelekler.biz\/wp-content\/uploads\/2019\/05\/baharbasin1_54032_7434675.jpg?resize=525%2C300&ssl=1 1.5x, https:\/\/i0.wp.com\/sarimelekler.biz\/wp-content\/uploads\/2019\/05\/baharbasin1_54032_7434675.jpg?resize=700%2C400&ssl=1 2x, https:\/\/i0.wp.com\/sarimelekler.biz\/wp-content\/uploads\/2019\/05\/baharbasin1_54032_7434675.jpg?resize=1050%2C600&ssl=1 3x, https:\/\/i0.wp.com\/sarimelekler.biz\/wp-content\/uploads\/2019\/05\/baharbasin1_54032_7434675.jpg?resize=1400%2C800&ssl=1 4x"},"classes":[]}],"_links":{"self":[{"href":"https:\/\/sarimelekler.biz\/index.php?rest_route=\/wp\/v2\/posts\/19592","targetHints":{"allow":["GET"]}}],"collection":[{"href":"https:\/\/sarimelekler.biz\/index.php?rest_route=\/wp\/v2\/posts"}],"about":[{"href":"https:\/\/sarimelekler.biz\/index.php?rest_route=\/wp\/v2\/types\/post"}],"author":[{"embeddable":true,"href":"https:\/\/sarimelekler.biz\/index.php?rest_route=\/wp\/v2\/users\/1"}],"replies":[{"embeddable":true,"href":"https:\/\/sarimelekler.biz\/index.php?rest_route=%2Fwp%2Fv2%2Fcomments&post=19592"}],"version-history":[{"count":2,"href":"https:\/\/sarimelekler.biz\/index.php?rest_route=\/wp\/v2\/posts\/19592\/revisions"}],"predecessor-version":[{"id":19599,"href":"https:\/\/sarimelekler.biz\/index.php?rest_route=\/wp\/v2\/posts\/19592\/revisions\/19599"}],"wp:featuredmedia":[{"embeddable":true,"href":"https:\/\/sarimelekler.biz\/index.php?rest_route=\/wp\/v2\/media\/19597"}],"wp:attachment":[{"href":"https:\/\/sarimelekler.biz\/index.php?rest_route=%2Fwp%2Fv2%2Fmedia&parent=19592"}],"wp:term":[{"taxonomy":"category","embeddable":true,"href":"https:\/\/sarimelekler.biz\/index.php?rest_route=%2Fwp%2Fv2%2Fcategories&post=19592"},{"taxonomy":"post_tag","embeddable":true,"href":"https:\/\/sarimelekler.biz\/index.php?rest_route=%2Fwp%2Fv2%2Ftags&post=19592"}],"curies":[{"name":"wp","href":"https:\/\/api.w.org\/{rel}","templated":true}]}}