{"id":19600,"date":"2023-06-01T22:01:28","date_gmt":"2023-06-01T19:01:28","guid":{"rendered":"https:\/\/sarimelekler.biz\/?p=19600"},"modified":"2023-06-01T22:01:29","modified_gmt":"2023-06-01T19:01:29","slug":"basarilar-ipar-kurt","status":"publish","type":"post","link":"https:\/\/sarimelekler.biz\/?p=19600","title":{"rendered":"Ba\u015far\u0131lar \u0130par Kurt"},"content":{"rendered":"<p style=\"text-align: justify;\"><span style=\"font-size: 18px;\">Fenerbah\u00e7e Spor Kul\u00fcb\u00fcm\u00fcz sosyal medya hesaplar\u0131ndan yapt\u0131\u011f\u0131 payla\u015f\u0131mda Fenerbah\u00e7e Opet Kad\u0131n Voleybol tak\u0131m\u0131m\u0131z oyuncular\u0131ndan 2003 do\u011fumlu 4 sezondur As tak\u0131m kadromuzda bulunan sma\u00e7\u00f6r <a href=\"https:\/\/twitter.com\/FBvoleybol\/status\/1664236383374852096\" target=\"_blank\" rel=\"noopener\">\u0130par \u00d6zay Kurt<\/a>\u2019un hem e\u011fitim hem de sportif kariyeri i\u00e7in Amerika&#8217;n\u0131n Stanford \u00dcniversitesinin bir par\u00e7as\u0131 oldu\u011fu belirtilerek tak\u0131m\u0131m\u0131zdan e\u011fitim i\u00e7in ayr\u0131ld\u0131\u011f\u0131 a\u00e7\u0131kland\u0131.<\/span><br \/>\n<span style=\"font-size: 18px;\">Gen\u00e7 oyuncumuz \u0130par Kurt\u2019a \u00f6zellikle Milli tak\u0131m alt ya\u015f kategorilerinde kul\u00fcb\u00fcm\u00fcz\u00fc \u00fcst d\u00fczeyde temsil etti\u011fi i\u00e7in ve tak\u0131m\u0131m\u0131zdaki emekleri i\u00e7in te\u015fekk\u00fcr ederiz. Umar\u0131z Amerika d\u00f6n\u00fc\u015f\u00fc de\u011ferini bilecek bir antren\u00f6r ile tak\u0131m\u0131m\u0131zda tekrar g\u00f6r\u00fcr\u00fcz. Yolun baht\u0131n a\u00e7\u0131k olsun \u0130par.<\/span><\/p>\n\n\t\t<style type=\"text\/css\">\n\t\t\t#gallery-1 {\n\t\t\t\tmargin: auto;\n\t\t\t}\n\t\t\t#gallery-1 .gallery-item {\n\t\t\t\tfloat: left;\n\t\t\t\tmargin-top: 10px;\n\t\t\t\ttext-align: center;\n\t\t\t\twidth: 100%;\n\t\t\t}\n\t\t\t#gallery-1 img {\n\t\t\t\tborder: 2px solid #cfcfcf;\n\t\t\t}\n\t\t\t#gallery-1 .gallery-caption {\n\t\t\t\tmargin-left: 0;\n\t\t\t}\n\t\t\t\/* see gallery_shortcode() in wp-includes\/media.php *\/\n\t\t<\/style>\n\t\t<div data-carousel-extra='{&quot;blog_id&quot;:1,&quot;permalink&quot;:&quot;https:\/\/sarimelekler.biz\/?p=19600&quot;}' id='gallery-1' class='gallery galleryid-19600 gallery-columns-1 gallery-size-full'><dl class='gallery-item'>\n\t\t\t<dt class='gallery-icon portrait'>\n\t\t\t\t<a href='https:\/\/sarimelekler.biz\/?attachment_id=19554'><img loading=\"lazy\" decoding=\"async\" width=\"1707\" height=\"2560\" src=\"https:\/\/sarimelekler.biz\/wp-content\/uploads\/2023\/05\/22-23-Lig-Sampiyonlugu-49-scaled.jpg\" class=\"attachment-full size-full\" alt=\"\" srcset=\"https:\/\/sarimelekler.biz\/wp-content\/uploads\/2023\/05\/22-23-Lig-Sampiyonlugu-49-scaled.jpg 1707w, https:\/\/sarimelekler.biz\/wp-content\/uploads\/2023\/05\/22-23-Lig-Sampiyonlugu-49-200x300.jpg 200w, https:\/\/sarimelekler.biz\/wp-content\/uploads\/2023\/05\/22-23-Lig-Sampiyonlugu-49-683x1024.jpg 683w, https:\/\/sarimelekler.biz\/wp-content\/uploads\/2023\/05\/22-23-Lig-Sampiyonlugu-49-768x1152.jpg 768w, https:\/\/sarimelekler.biz\/wp-content\/uploads\/2023\/05\/22-23-Lig-Sampiyonlugu-49-1024x1536.jpg 1024w, https:\/\/sarimelekler.biz\/wp-content\/uploads\/2023\/05\/22-23-Lig-Sampiyonlugu-49-1365x2048.jpg 1365w, https:\/\/sarimelekler.biz\/wp-content\/uploads\/2023\/05\/22-23-Lig-Sampiyonlugu-49-100x150.jpg 100w\" sizes=\"auto, (max-width: 1707px) 100vw, 1707px\" data-attachment-id=\"19554\" data-permalink=\"https:\/\/sarimelekler.biz\/?attachment_id=19554\" data-orig-file=\"https:\/\/sarimelekler.biz\/wp-content\/uploads\/2023\/05\/22-23-Lig-Sampiyonlugu-49-scaled.jpg\" data-orig-size=\"1707,2560\" data-comments-opened=\"0\" data-image-meta=\"{&quot;aperture&quot;:&quot;2.8&quot;,&quot;credit&quot;:&quot;&quot;,&quot;camera&quot;:&quot;Canon EOS-1D X Mark II&quot;,&quot;caption&quot;:&quot;&quot;,&quot;created_timestamp&quot;:&quot;1683841535&quot;,&quot;copyright&quot;:&quot;fenerbahce dergisi\/org&quot;,&quot;focal_length&quot;:&quot;70&quot;,&quot;iso&quot;:&quot;2500&quot;,&quot;shutter_speed&quot;:&quot;0.001&quot;,&quot;title&quot;:&quot;&quot;,&quot;orientation&quot;:&quot;0&quot;}\" data-image-title=\"22-23 Lig \u015eampiyonlu\u011fu (49)\" data-image-description=\"\" data-image-caption=\"\" data-large-file=\"https:\/\/sarimelekler.biz\/wp-content\/uploads\/2023\/05\/22-23-Lig-Sampiyonlugu-49-683x1024.jpg\" \/><\/a>\n\t\t\t<\/dt><\/dl><br style=\"clear: both\" \/><dl class='gallery-item'>\n\t\t\t<dt class='gallery-icon portrait'>\n\t\t\t\t<a href='https:\/\/sarimelekler.biz\/?attachment_id=19601'><img loading=\"lazy\" decoding=\"async\" width=\"1080\" height=\"1350\" src=\"https:\/\/sarimelekler.biz\/wp-content\/uploads\/2023\/06\/Ipar-Veda.jpeg\" class=\"attachment-full size-full\" alt=\"\" srcset=\"https:\/\/sarimelekler.biz\/wp-content\/uploads\/2023\/06\/Ipar-Veda.jpeg 1080w, https:\/\/sarimelekler.biz\/wp-content\/uploads\/2023\/06\/Ipar-Veda-240x300.jpeg 240w, https:\/\/sarimelekler.biz\/wp-content\/uploads\/2023\/06\/Ipar-Veda-819x1024.jpeg 819w, https:\/\/sarimelekler.biz\/wp-content\/uploads\/2023\/06\/Ipar-Veda-768x960.jpeg 768w, https:\/\/sarimelekler.biz\/wp-content\/uploads\/2023\/06\/Ipar-Veda-120x150.jpeg 120w\" sizes=\"auto, (max-width: 1080px) 100vw, 1080px\" data-attachment-id=\"19601\" data-permalink=\"https:\/\/sarimelekler.biz\/?attachment_id=19601\" data-orig-file=\"https:\/\/sarimelekler.biz\/wp-content\/uploads\/2023\/06\/Ipar-Veda.jpeg\" data-orig-size=\"1080,1350\" data-comments-opened=\"0\" data-image-meta=\"{&quot;aperture&quot;:&quot;0&quot;,&quot;credit&quot;:&quot;&quot;,&quot;camera&quot;:&quot;&quot;,&quot;caption&quot;:&quot;&quot;,&quot;created_timestamp&quot;:&quot;0&quot;,&quot;copyright&quot;:&quot;&quot;,&quot;focal_length&quot;:&quot;0&quot;,&quot;iso&quot;:&quot;0&quot;,&quot;shutter_speed&quot;:&quot;0&quot;,&quot;title&quot;:&quot;&quot;,&quot;orientation&quot;:&quot;0&quot;}\" data-image-title=\"\u0130par Veda\" data-image-description=\"\" data-image-caption=\"\" data-large-file=\"https:\/\/sarimelekler.biz\/wp-content\/uploads\/2023\/06\/Ipar-Veda-819x1024.jpeg\" \/><\/a>\n\t\t\t<\/dt><\/dl><br style=\"clear: both\" \/>\n\t\t<\/div>\n\n<p style=\"text-align: right;\">01.06.2023<\/p>\n","protected":false},"excerpt":{"rendered":"<p>Fenerbah\u00e7e Spor Kul\u00fcb\u00fcm\u00fcz sosyal medya hesaplar\u0131ndan yapt\u0131\u011f\u0131 payla\u015f\u0131mda Fenerbah\u00e7e Opet \u2026 <a class=\"continue-reading-link\" href=\"https:\/\/sarimelekler.biz\/?p=19600\">Okumaya Devam Et.. <span class=\"meta-nav\">&rarr; <\/span><\/a><\/p>\n","protected":false},"author":1,"featured_media":19602,"comment_status":"closed","ping_status":"open","sticky":false,"template":"","format":"standard","meta":{"jetpack_post_was_ever_published":false,"_jetpack_newsletter_access":"","_jetpack_dont_email_post_to_subs":false,"_jetpack_newsletter_tier_id":0,"_jetpack_memberships_contains_paywalled_content":false,"_jetpack_memberships_contains_paid_content":false,"footnotes":"","jetpack_publicize_message":"","jetpack_publicize_feature_enabled":true,"jetpack_social_post_already_shared":true,"jetpack_social_options":{"image_generator_settings":{"template":"highway","default_image_id":0,"font":"","enabled":false},"version":2}},"categories":[23],"tags":[],"class_list":["post-19600","post","type-post","status-publish","format-standard","has-post-thumbnail","hentry","category-transfer-haberleri"],"jetpack_publicize_connections":[],"jetpack_featured_media_url":"https:\/\/sarimelekler.biz\/wp-content\/uploads\/2023\/06\/Ipar-Genc-Milli.jpg","jetpack_sharing_enabled":true,"jetpack_shortlink":"https:\/\/wp.me\/p8npUZ-568","jetpack-related-posts":[{"id":18098,"url":"https:\/\/sarimelekler.biz\/?p=18098","url_meta":{"origin":19600,"position":0},"title":"\u0130par Kurt ve G\u00fclce G\u00fc\u00e7tekin U21 Avrupa \u015eampiyonas\u0131\u2019nda Bireysel \u00d6d\u00fcl Ald\u0131","author":"Edit\u00f6r","date":"18 Temmuz 2022","format":false,"excerpt":"\u0130talya\u2019da d\u00fczenlenen U21 Avrupa \u015eampiyonas\u0131\u2019nda m\u00fccadele eden ve Fenerbah\u00e7e Opet Kad\u0131n Voleybol Tak\u0131m\u0131m\u0131z\u0131n oyuncular\u0131 \u0130par Kurt ile G\u00fclce G\u00fc\u00e7tekin\u2019in de formas\u0131n\u0131 giydi\u011fi 21 Ya\u015f Alt\u0131 K\u0131z Milli Tak\u0131m\u0131m\u0131z, 3.\/4.l\u00fck ma\u00e7\u0131nda Polonya\u2019y\u0131 3-2 ma\u011flup ederek bronz madalyan\u0131n sahibi oldu. Final kar\u015f\u0131la\u015fmas\u0131n\u0131n ard\u0131ndan yap\u0131lan t\u00f6rende Milli Tak\u0131m\u0131m\u0131zdan 2 oyuncu r\u00fcya tak\u0131m\u0131 se\u00e7ildi.\u2026","rel":"","context":"&quot;Milli Tak\u0131m&quot; i\u00e7inde","block_context":{"text":"Milli Tak\u0131m","link":"https:\/\/sarimelekler.biz\/?cat=19"},"img":{"alt_text":"","src":"https:\/\/i0.wp.com\/sarimelekler.biz\/wp-content\/uploads\/2022\/09\/U21-En-Iyiler.jpeg?resize=350%2C200&ssl=1","width":350,"height":200,"srcset":"https:\/\/i0.wp.com\/sarimelekler.biz\/wp-content\/uploads\/2022\/09\/U21-En-Iyiler.jpeg?resize=350%2C200&ssl=1 1x, https:\/\/i0.wp.com\/sarimelekler.biz\/wp-content\/uploads\/2022\/09\/U21-En-Iyiler.jpeg?resize=525%2C300&ssl=1 1.5x, https:\/\/i0.wp.com\/sarimelekler.biz\/wp-content\/uploads\/2022\/09\/U21-En-Iyiler.jpeg?resize=700%2C400&ssl=1 2x, https:\/\/i0.wp.com\/sarimelekler.biz\/wp-content\/uploads\/2022\/09\/U21-En-Iyiler.jpeg?resize=1050%2C600&ssl=1 3x, https:\/\/i0.wp.com\/sarimelekler.biz\/wp-content\/uploads\/2022\/09\/U21-En-Iyiler.jpeg?resize=1400%2C800&ssl=1 4x"},"classes":[]},{"id":15319,"url":"https:\/\/sarimelekler.biz\/?p=15319","url_meta":{"origin":19600,"position":1},"title":"Gen\u00e7 Oyuncular\u0131m\u0131z Lila ve \u0130par Ma\u00e7 Sonu A\u00e7\u0131klamalarda Bulundular","author":"Edit\u00f6r","date":"20 \u015eubat 2021","format":false,"excerpt":"\u0130par \u00d6zay Kurt: G\u00fczel Bir Oyun Ortaya Koyduk Kad\u0131n Voleybol Tak\u0131m\u0131m\u0131z Fenerbah\u00e7e Opet\u2019in, ligin 29.haftas\u0131nda Beylikd\u00fcz\u00fc Voleybol \u0130htisas\u2019\u0131 3-0 ma\u011flup etti\u011fi kar\u015f\u0131la\u015fman\u0131n ard\u0131ndan tak\u0131m\u0131n gen\u00e7 isimlerinden \u0130par \u00d6zay Kurt, Fenerbah\u00e7e TV\u2019ye konu\u015ftu. S\u00f6zlerine galibiyeti de\u011ferlendirerek ba\u015flayan gen\u00e7 sma\u00e7\u00f6r, \u201cMa\u00e7la ilgili \u015funu s\u00f6yleyebilirim; \u00e7ok g\u00fczel bir oyun ortaya koydu\u011fumuzu d\u00fc\u015f\u00fcn\u00fcyorum. Tak\u0131m\u2026","rel":"","context":"&quot;T\u00fcrkiye Ligi&quot; i\u00e7inde","block_context":{"text":"T\u00fcrkiye Ligi","link":"https:\/\/sarimelekler.biz\/?cat=6"},"img":{"alt_text":"","src":"https:\/\/i0.wp.com\/sarimelekler.biz\/wp-content\/uploads\/2021\/02\/Lila-%C4%B0par.jpg?resize=350%2C200&ssl=1","width":350,"height":200,"srcset":"https:\/\/i0.wp.com\/sarimelekler.biz\/wp-content\/uploads\/2021\/02\/Lila-%C4%B0par.jpg?resize=350%2C200&ssl=1 1x, https:\/\/i0.wp.com\/sarimelekler.biz\/wp-content\/uploads\/2021\/02\/Lila-%C4%B0par.jpg?resize=525%2C300&ssl=1 1.5x, https:\/\/i0.wp.com\/sarimelekler.biz\/wp-content\/uploads\/2021\/02\/Lila-%C4%B0par.jpg?resize=700%2C400&ssl=1 2x, https:\/\/i0.wp.com\/sarimelekler.biz\/wp-content\/uploads\/2021\/02\/Lila-%C4%B0par.jpg?resize=1050%2C600&ssl=1 3x, https:\/\/i0.wp.com\/sarimelekler.biz\/wp-content\/uploads\/2021\/02\/Lila-%C4%B0par.jpg?resize=1400%2C800&ssl=1 4x"},"classes":[]},{"id":11869,"url":"https:\/\/sarimelekler.biz\/?p=11869","url_meta":{"origin":19600,"position":2},"title":"Milli Tak\u0131m Kadrolar\u0131ndan D\u00f6nen Oyuncular\u0131m\u0131z Sa\u011fl\u0131k Kontrol\u00fcnden Ge\u00e7ti","author":"Edit\u00f6r","date":"20 Eyl\u00fcl 2019","format":false,"excerpt":"Fenerbah\u00e7e Opet Kad\u0131n Voleybol Tak\u0131m\u0131m\u0131z\u0131n kaptan\u0131 Eda Erdem D\u00fcndar ile oyuncular\u0131m\u0131z Aylin Sar\u0131o\u011flu, Naz Aydemir Akyol, Brankica Mihajlovic, Fatma Y\u0131ld\u0131r\u0131m, G\u00fclce G\u00fc\u00e7tekin ve \u0130par \u00d6zay Kurt bug\u00fcn Medical Park G\u00f6ztepe Hastanesi'nde sa\u011fl\u0131k kontrol\u00fcnden ge\u00e7ti. A tak\u0131m oyuncular\u0131m\u0131zdan Eda Erdem D\u00fcndar, Aylin Sar\u0131o\u011flu, Naz Aydemir Akyol, Fatma Y\u0131ld\u0131r\u0131m ve Brankica Mihajlovic\u2026","rel":"","context":"&quot;Haberler&quot; i\u00e7inde","block_context":{"text":"Haberler","link":"https:\/\/sarimelekler.biz\/?cat=7"},"img":{"alt_text":"","src":"https:\/\/i0.wp.com\/sarimelekler.biz\/wp-content\/uploads\/2019\/09\/19-20-Sa%C4%9Fl%C4%B1k-Kontrol%C3%BC-Kapak.jpg?resize=350%2C200&ssl=1","width":350,"height":200,"srcset":"https:\/\/i0.wp.com\/sarimelekler.biz\/wp-content\/uploads\/2019\/09\/19-20-Sa%C4%9Fl%C4%B1k-Kontrol%C3%BC-Kapak.jpg?resize=350%2C200&ssl=1 1x, https:\/\/i0.wp.com\/sarimelekler.biz\/wp-content\/uploads\/2019\/09\/19-20-Sa%C4%9Fl%C4%B1k-Kontrol%C3%BC-Kapak.jpg?resize=525%2C300&ssl=1 1.5x, https:\/\/i0.wp.com\/sarimelekler.biz\/wp-content\/uploads\/2019\/09\/19-20-Sa%C4%9Fl%C4%B1k-Kontrol%C3%BC-Kapak.jpg?resize=700%2C400&ssl=1 2x, https:\/\/i0.wp.com\/sarimelekler.biz\/wp-content\/uploads\/2019\/09\/19-20-Sa%C4%9Fl%C4%B1k-Kontrol%C3%BC-Kapak.jpg?resize=1050%2C600&ssl=1 3x, https:\/\/i0.wp.com\/sarimelekler.biz\/wp-content\/uploads\/2019\/09\/19-20-Sa%C4%9Fl%C4%B1k-Kontrol%C3%BC-Kapak.jpg?resize=1400%2C800&ssl=1 4x"},"classes":[]},{"id":6589,"url":"https:\/\/sarimelekler.biz\/?p=6589","url_meta":{"origin":19600,"position":3},"title":"S\u0131la \u00c7al\u0131\u015fkan: \u201c\u00c7ocukluk hayalim ger\u00e7ek oldu\u201d","author":"Edit\u00f6r","date":"2 A\u011fustos 2018","format":false,"excerpt":"Fenerbah\u00e7e Bayan Voleybol Tak\u0131m\u0131m\u0131z\u0131n yeni transferi S\u0131la \u00c7al\u0131\u015fkan ile Fenerbah\u00e7e Dergisi\u2019nin A\u011fustos 2018 say\u0131s\u0131nda bir r\u00f6portaj ger\u00e7ekle\u015ftirildi. R\u00f6portaj\u0131n Resmi Sitemizden Yay\u0131nlanan B\u00f6l\u00fcm\u00fc: S\u0131la \u00c7al\u0131\u015fkan: \u201c\u00c7ocukluk hayalim ger\u00e7ek oldu\u201d S\u0131la \u00c7al\u0131\u015fkan ismini \u00f6zellikle de son d\u00f6nemde duymayan\u0131m\u0131z yoktur; peki, kendisinin \u00e7ok pozitif, iyi bir yabanc\u0131 dizi izleyicisi, tam bir tatl\u0131 sevdal\u0131s\u0131\u2026","rel":"","context":"&quot;Dergi R\u00f6portajlar\u0131&quot; i\u00e7inde","block_context":{"text":"Dergi R\u00f6portajlar\u0131","link":"https:\/\/sarimelekler.biz\/?cat=15"},"img":{"alt_text":"","src":"https:\/\/i0.wp.com\/sarimelekler.biz\/wp-content\/uploads\/2018\/08\/de6p3591_61178_5696924.jpg?resize=350%2C200&ssl=1","width":350,"height":200,"srcset":"https:\/\/i0.wp.com\/sarimelekler.biz\/wp-content\/uploads\/2018\/08\/de6p3591_61178_5696924.jpg?resize=350%2C200&ssl=1 1x, https:\/\/i0.wp.com\/sarimelekler.biz\/wp-content\/uploads\/2018\/08\/de6p3591_61178_5696924.jpg?resize=525%2C300&ssl=1 1.5x, https:\/\/i0.wp.com\/sarimelekler.biz\/wp-content\/uploads\/2018\/08\/de6p3591_61178_5696924.jpg?resize=700%2C400&ssl=1 2x, https:\/\/i0.wp.com\/sarimelekler.biz\/wp-content\/uploads\/2018\/08\/de6p3591_61178_5696924.jpg?resize=1050%2C600&ssl=1 3x, https:\/\/i0.wp.com\/sarimelekler.biz\/wp-content\/uploads\/2018\/08\/de6p3591_61178_5696924.jpg?resize=1400%2C800&ssl=1 4x"},"classes":[]},{"id":13660,"url":"https:\/\/sarimelekler.biz\/?p=13660","url_meta":{"origin":19600,"position":4},"title":"Fenerbah\u00e7e Opet \u00c7al\u0131\u015fmalar\u0131n\u0131 Topuk Yaylas\u0131\u2019nda S\u00fcrd\u00fcr\u00fcyor.","author":"Edit\u00f6r","date":"22 Temmuz 2020","format":false,"excerpt":"Fenerbah\u00e7e Opet Kad\u0131n Voleybol Tak\u0131m\u0131m\u0131z, yeni sezon \u00f6ncesi \u00e7al\u0131\u015fmalar\u0131n\u0131 D\u00fczce'nin Kayna\u015fl\u0131 il\u00e7esinde bulunan Serkan Acar Resort&Sports Topuk Yaylas\u0131\u2019nda s\u00fcrd\u00fcr\u00fcyor. Ba\u015fantren\u00f6r\u00fcm\u00fcz Zoran Terzic y\u00f6netiminde sezonu 8 Temmuz\u2019da Derea\u011fz\u0131 Lefter K\u00fc\u00e7\u00fckandonyadis Tesislerimizde a\u00e7an Ekibimiz, \u00e7al\u0131\u015fmalar\u0131n\u0131n \u0130stanbul etab\u0131n\u0131n ard\u0131ndan hafta ba\u015f\u0131nda Topuk Yaylas\u0131\u2019nda kampa girdi. Fenerbah\u00e7e Opet Kad\u0131n Voleybol Tak\u0131m\u0131m\u0131z\u0131n, yeni sezon haz\u0131rl\u0131klar\u0131n\u0131\u2026","rel":"","context":"&quot;Haberler&quot; i\u00e7inde","block_context":{"text":"Haberler","link":"https:\/\/sarimelekler.biz\/?cat=7"},"img":{"alt_text":"","src":"https:\/\/i0.wp.com\/sarimelekler.biz\/wp-content\/uploads\/2020\/07\/Topuk-Yaylas%C4%B1-20-21-1.jpg?resize=350%2C200&ssl=1","width":350,"height":200,"srcset":"https:\/\/i0.wp.com\/sarimelekler.biz\/wp-content\/uploads\/2020\/07\/Topuk-Yaylas%C4%B1-20-21-1.jpg?resize=350%2C200&ssl=1 1x, https:\/\/i0.wp.com\/sarimelekler.biz\/wp-content\/uploads\/2020\/07\/Topuk-Yaylas%C4%B1-20-21-1.jpg?resize=525%2C300&ssl=1 1.5x, https:\/\/i0.wp.com\/sarimelekler.biz\/wp-content\/uploads\/2020\/07\/Topuk-Yaylas%C4%B1-20-21-1.jpg?resize=700%2C400&ssl=1 2x, https:\/\/i0.wp.com\/sarimelekler.biz\/wp-content\/uploads\/2020\/07\/Topuk-Yaylas%C4%B1-20-21-1.jpg?resize=1050%2C600&ssl=1 3x, https:\/\/i0.wp.com\/sarimelekler.biz\/wp-content\/uploads\/2020\/07\/Topuk-Yaylas%C4%B1-20-21-1.jpg?resize=1400%2C800&ssl=1 4x"},"classes":[]},{"id":14300,"url":"https:\/\/sarimelekler.biz\/?p=14300","url_meta":{"origin":19600,"position":5},"title":"Fenerbah\u00e7e Opet:3 \u2013 Beylikd\u00fcz\u00fc Voleybol \u0130htisas:0","author":"Edit\u00f6r","date":"3 Kas\u0131m 2020","format":false,"excerpt":"Fenerbah\u00e7e Opet Kad\u0131n Voleybol Tak\u0131m\u0131m\u0131z misli.com Sultanlar Ligi 14. hafta ma\u00e7\u0131nda kar\u015f\u0131la\u015ft\u0131\u011f\u0131 Beylikd\u00fcz\u00fc Voleybol \u0130htisas tak\u0131m\u0131n\u0131 25-14, 25-8 ve 25-13\u2019lik set skorlar\u0131yla 3-0 ma\u011flup etti. Ma\u00e7a Dicle, Lila, Cansu, Bahar, \u0130par, Ceren ve libero Melis kadrosuyla ba\u015flayan tak\u0131m\u0131m\u0131zda, Aylin ve G\u00fclce\u2019de s\u00fcre ald\u0131. Ma\u00e7\u0131 19 say\u0131yla tamamlayan Ceren ma\u00e7\u0131n en\u2026","rel":"","context":"&quot;T\u00fcrkiye Ligi&quot; i\u00e7inde","block_context":{"text":"T\u00fcrkiye Ligi","link":"https:\/\/sarimelekler.biz\/?cat=6"},"img":{"alt_text":"","src":"https:\/\/i0.wp.com\/sarimelekler.biz\/wp-content\/uploads\/2020\/11\/14-20-21-6.jpg?resize=350%2C200&ssl=1","width":350,"height":200,"srcset":"https:\/\/i0.wp.com\/sarimelekler.biz\/wp-content\/uploads\/2020\/11\/14-20-21-6.jpg?resize=350%2C200&ssl=1 1x, https:\/\/i0.wp.com\/sarimelekler.biz\/wp-content\/uploads\/2020\/11\/14-20-21-6.jpg?resize=525%2C300&ssl=1 1.5x, https:\/\/i0.wp.com\/sarimelekler.biz\/wp-content\/uploads\/2020\/11\/14-20-21-6.jpg?resize=700%2C400&ssl=1 2x, https:\/\/i0.wp.com\/sarimelekler.biz\/wp-content\/uploads\/2020\/11\/14-20-21-6.jpg?resize=1050%2C600&ssl=1 3x, https:\/\/i0.wp.com\/sarimelekler.biz\/wp-content\/uploads\/2020\/11\/14-20-21-6.jpg?resize=1400%2C800&ssl=1 4x"},"classes":[]}],"_links":{"self":[{"href":"https:\/\/sarimelekler.biz\/index.php?rest_route=\/wp\/v2\/posts\/19600","targetHints":{"allow":["GET"]}}],"collection":[{"href":"https:\/\/sarimelekler.biz\/index.php?rest_route=\/wp\/v2\/posts"}],"about":[{"href":"https:\/\/sarimelekler.biz\/index.php?rest_route=\/wp\/v2\/types\/post"}],"author":[{"embeddable":true,"href":"https:\/\/sarimelekler.biz\/index.php?rest_route=\/wp\/v2\/users\/1"}],"replies":[{"embeddable":true,"href":"https:\/\/sarimelekler.biz\/index.php?rest_route=%2Fwp%2Fv2%2Fcomments&post=19600"}],"version-history":[{"count":2,"href":"https:\/\/sarimelekler.biz\/index.php?rest_route=\/wp\/v2\/posts\/19600\/revisions"}],"predecessor-version":[{"id":19604,"href":"https:\/\/sarimelekler.biz\/index.php?rest_route=\/wp\/v2\/posts\/19600\/revisions\/19604"}],"wp:featuredmedia":[{"embeddable":true,"href":"https:\/\/sarimelekler.biz\/index.php?rest_route=\/wp\/v2\/media\/19602"}],"wp:attachment":[{"href":"https:\/\/sarimelekler.biz\/index.php?rest_route=%2Fwp%2Fv2%2Fmedia&parent=19600"}],"wp:term":[{"taxonomy":"category","embeddable":true,"href":"https:\/\/sarimelekler.biz\/index.php?rest_route=%2Fwp%2Fv2%2Fcategories&post=19600"},{"taxonomy":"post_tag","embeddable":true,"href":"https:\/\/sarimelekler.biz\/index.php?rest_route=%2Fwp%2Fv2%2Ftags&post=19600"}],"curies":[{"name":"wp","href":"https:\/\/api.w.org\/{rel}","templated":true}]}}