{"id":19611,"date":"2023-06-07T23:11:39","date_gmt":"2023-06-07T20:11:39","guid":{"rendered":"https:\/\/sarimelekler.biz\/?p=19611"},"modified":"2023-06-07T23:11:41","modified_gmt":"2023-06-07T20:11:41","slug":"yeni-basantrenorumuz-italyan-stefano-lavarini-oldu","status":"publish","type":"post","link":"https:\/\/sarimelekler.biz\/?p=19611","title":{"rendered":"Yeni Ba\u015fantren\u00f6r\u00fcm\u00fcz \u0130talyan Stefano Lavarini Oldu"},"content":{"rendered":"<p style=\"text-align: justify;\"><span style=\"font-size: 18px;\">Fenerbah\u00e7e Spor Kul\u00fcb\u00fcm\u00fcz sosyal medya hesaplar\u0131ndan yapt\u0131\u011f\u0131 payla\u015f\u0131mlarda Fenerbah\u00e7e Opet Kad\u0131n Voleybol tak\u0131m\u0131m\u0131z\u0131n Ba\u015fantren\u00f6rl\u00fck g\u00f6revine \u0130talyan Stefano Lavarini\u2019nin getirdi\u011fini a\u00e7\u0131klad\u0131.<\/span><br \/>\n<span style=\"font-size: 18px;\">Yeni Ba\u015fantren\u00f6r\u00fcm\u00fcz Stefano Lavarini\u2019ye Ba\u015far\u0131lar Dileriz.<\/span><\/p>\n<p style=\"text-align: justify;\"><a href=\"https:\/\/fenerbahce.org\/haberler\/voleybol-kadin\/2023\/6\/hos-geldin-stefano-lavarini\" target=\"_blank\" rel=\"noopener\"><span style=\"font-size: 18px;\">Kul\u00fcb\u00fcm\u00fczden Yap\u0131lan A\u00e7\u0131klama:<\/span><\/a><br \/>\n<span style=\"font-size: 18px;\">Fenerbah\u00e7e Opet Kad\u0131n Voleybol Tak\u0131m\u0131m\u0131z, yeni sezon yap\u0131lanmas\u0131 kapsam\u0131nda \u0130talyan Ba\u015fantren\u00f6r Stefano Lavarini ile anla\u015fma sa\u011flam\u0131\u015ft\u0131r.<\/span><br \/>\n<span style=\"font-size: 18px;\">1995-96 sezonunda \u0130talyan ligi tak\u0131mlar\u0131ndan Pallavolo Omegna\u2019n\u0131n yard\u0131mc\u0131 antren\u00f6rl\u00fc\u011f\u00fcn\u00fc yaparak kariyerine ba\u015flayan Lavarini; \u0130talya Ligi tak\u0131mlar\u0131ndan BigMat Sanpaolo Chieri, Linkem Club Italia, Norda Foppapedretti Bergamo ve Unet E-Work Busto Arsizio\u2019nun ba\u015f\u0131nda g\u00f6rev ald\u0131. 2017-18 ve 2018-19 sezonlar\u0131nda \u00fclkesi d\u0131\u015f\u0131na \u00e7\u0131karak Brezilya\u2019n\u0131n g\u00fc\u00e7l\u00fc ekiplerinden Itamb\u00e9\/Minas\u2019\u0131n da ba\u015fantren\u00f6rl\u00fc\u011f\u00fcn\u00fc yapan Stefano Lavarini, 2019-2021 y\u0131llar\u0131 aras\u0131nda G\u00fcney Kore Kad\u0131n Milli Tak\u0131m\u0131n\u0131 da \u00e7al\u0131\u015ft\u0131rd\u0131. Son olarak \u0130talya Ligi tak\u0131mlar\u0131ndan Igor Gorgonzola Novara\u2019y\u0131 \u00e7al\u0131\u015ft\u0131ran 1979 do\u011fumlu \u0130talyan antren\u00f6r, 2022\u2019den bu yana da Polonya Kad\u0131n Milli Tak\u0131m\u0131n\u0131n ba\u015f\u0131nda bulunuyor.<\/span><br \/>\n<span style=\"font-size: 18px;\">\u0130talyan Ba\u015fantren\u00f6r Stefano Lavarini\u2019ye Fenerbah\u00e7e Ailesine ho\u015f geldin diyor, ba\u015far\u0131 ve \u015fampiyonluklarla dolu y\u0131llar diliyoruz.<\/span><\/p>\n\n\t\t<style type=\"text\/css\">\n\t\t\t#gallery-1 {\n\t\t\t\tmargin: auto;\n\t\t\t}\n\t\t\t#gallery-1 .gallery-item {\n\t\t\t\tfloat: left;\n\t\t\t\tmargin-top: 10px;\n\t\t\t\ttext-align: center;\n\t\t\t\twidth: 100%;\n\t\t\t}\n\t\t\t#gallery-1 img {\n\t\t\t\tborder: 2px solid #cfcfcf;\n\t\t\t}\n\t\t\t#gallery-1 .gallery-caption {\n\t\t\t\tmargin-left: 0;\n\t\t\t}\n\t\t\t\/* see gallery_shortcode() in wp-includes\/media.php *\/\n\t\t<\/style>\n\t\t<div data-carousel-extra='{&quot;blog_id&quot;:1,&quot;permalink&quot;:&quot;https:\/\/sarimelekler.biz\/?p=19611&quot;}' id='gallery-1' class='gallery galleryid-19611 gallery-columns-1 gallery-size-large'><dl class='gallery-item'>\n\t\t\t<dt class='gallery-icon landscape'>\n\t\t\t\t<a href='https:\/\/sarimelekler.biz\/?attachment_id=19612'><img loading=\"lazy\" decoding=\"async\" width=\"860\" height=\"484\" src=\"https:\/\/sarimelekler.biz\/wp-content\/uploads\/2023\/06\/Lavarini-1-1024x576.jpg\" class=\"attachment-large size-large\" alt=\"\" srcset=\"https:\/\/sarimelekler.biz\/wp-content\/uploads\/2023\/06\/Lavarini-1-1024x576.jpg 1024w, https:\/\/sarimelekler.biz\/wp-content\/uploads\/2023\/06\/Lavarini-1-300x169.jpg 300w, https:\/\/sarimelekler.biz\/wp-content\/uploads\/2023\/06\/Lavarini-1-768x432.jpg 768w, https:\/\/sarimelekler.biz\/wp-content\/uploads\/2023\/06\/Lavarini-1-150x84.jpg 150w, https:\/\/sarimelekler.biz\/wp-content\/uploads\/2023\/06\/Lavarini-1.jpg 1200w\" sizes=\"auto, (max-width: 860px) 100vw, 860px\" data-attachment-id=\"19612\" data-permalink=\"https:\/\/sarimelekler.biz\/?attachment_id=19612\" data-orig-file=\"https:\/\/sarimelekler.biz\/wp-content\/uploads\/2023\/06\/Lavarini-1.jpg\" data-orig-size=\"1200,675\" data-comments-opened=\"0\" data-image-meta=\"{&quot;aperture&quot;:&quot;0&quot;,&quot;credit&quot;:&quot;&quot;,&quot;camera&quot;:&quot;&quot;,&quot;caption&quot;:&quot;&quot;,&quot;created_timestamp&quot;:&quot;0&quot;,&quot;copyright&quot;:&quot;&quot;,&quot;focal_length&quot;:&quot;0&quot;,&quot;iso&quot;:&quot;0&quot;,&quot;shutter_speed&quot;:&quot;0&quot;,&quot;title&quot;:&quot;&quot;,&quot;orientation&quot;:&quot;0&quot;}\" data-image-title=\"Lavarini (1)\" data-image-description=\"\" data-image-caption=\"\" data-large-file=\"https:\/\/sarimelekler.biz\/wp-content\/uploads\/2023\/06\/Lavarini-1-1024x576.jpg\" \/><\/a>\n\t\t\t<\/dt><\/dl><br style=\"clear: both\" \/><dl class='gallery-item'>\n\t\t\t<dt class='gallery-icon landscape'>\n\t\t\t\t<a href='https:\/\/sarimelekler.biz\/?attachment_id=19613'><img loading=\"lazy\" decoding=\"async\" width=\"860\" height=\"574\" src=\"https:\/\/sarimelekler.biz\/wp-content\/uploads\/2023\/06\/Lavarini-2-1024x683.jpg\" class=\"attachment-large size-large\" alt=\"\" srcset=\"https:\/\/sarimelekler.biz\/wp-content\/uploads\/2023\/06\/Lavarini-2-1024x683.jpg 1024w, https:\/\/sarimelekler.biz\/wp-content\/uploads\/2023\/06\/Lavarini-2-300x200.jpg 300w, https:\/\/sarimelekler.biz\/wp-content\/uploads\/2023\/06\/Lavarini-2-768x512.jpg 768w, https:\/\/sarimelekler.biz\/wp-content\/uploads\/2023\/06\/Lavarini-2-1536x1024.jpg 1536w, https:\/\/sarimelekler.biz\/wp-content\/uploads\/2023\/06\/Lavarini-2-2048x1366.jpg 2048w, https:\/\/sarimelekler.biz\/wp-content\/uploads\/2023\/06\/Lavarini-2-150x100.jpg 150w\" sizes=\"auto, (max-width: 860px) 100vw, 860px\" data-attachment-id=\"19613\" data-permalink=\"https:\/\/sarimelekler.biz\/?attachment_id=19613\" data-orig-file=\"https:\/\/sarimelekler.biz\/wp-content\/uploads\/2023\/06\/Lavarini-2.jpg\" data-orig-size=\"2560,1707\" data-comments-opened=\"0\" data-image-meta=\"{&quot;aperture&quot;:&quot;0&quot;,&quot;credit&quot;:&quot;&quot;,&quot;camera&quot;:&quot;&quot;,&quot;caption&quot;:&quot;&quot;,&quot;created_timestamp&quot;:&quot;0&quot;,&quot;copyright&quot;:&quot;&quot;,&quot;focal_length&quot;:&quot;0&quot;,&quot;iso&quot;:&quot;0&quot;,&quot;shutter_speed&quot;:&quot;0&quot;,&quot;title&quot;:&quot;&quot;,&quot;orientation&quot;:&quot;0&quot;}\" data-image-title=\"Lavarini (2)\" data-image-description=\"\" data-image-caption=\"\" data-large-file=\"https:\/\/sarimelekler.biz\/wp-content\/uploads\/2023\/06\/Lavarini-2-1024x683.jpg\" \/><\/a>\n\t\t\t<\/dt><\/dl><br style=\"clear: both\" \/><dl class='gallery-item'>\n\t\t\t<dt class='gallery-icon landscape'>\n\t\t\t\t<a href='https:\/\/sarimelekler.biz\/?attachment_id=19614'><img loading=\"lazy\" decoding=\"async\" width=\"860\" height=\"486\" src=\"https:\/\/sarimelekler.biz\/wp-content\/uploads\/2023\/06\/Lavarini-3-1024x579.jpg\" class=\"attachment-large size-large\" alt=\"\" srcset=\"https:\/\/sarimelekler.biz\/wp-content\/uploads\/2023\/06\/Lavarini-3-1024x579.jpg 1024w, https:\/\/sarimelekler.biz\/wp-content\/uploads\/2023\/06\/Lavarini-3-300x170.jpg 300w, https:\/\/sarimelekler.biz\/wp-content\/uploads\/2023\/06\/Lavarini-3-768x434.jpg 768w, https:\/\/sarimelekler.biz\/wp-content\/uploads\/2023\/06\/Lavarini-3-150x85.jpg 150w, https:\/\/sarimelekler.biz\/wp-content\/uploads\/2023\/06\/Lavarini-3.jpg 1200w\" sizes=\"auto, (max-width: 860px) 100vw, 860px\" data-attachment-id=\"19614\" data-permalink=\"https:\/\/sarimelekler.biz\/?attachment_id=19614\" data-orig-file=\"https:\/\/sarimelekler.biz\/wp-content\/uploads\/2023\/06\/Lavarini-3.jpg\" data-orig-size=\"1200,678\" data-comments-opened=\"0\" data-image-meta=\"{&quot;aperture&quot;:&quot;0&quot;,&quot;credit&quot;:&quot;&quot;,&quot;camera&quot;:&quot;&quot;,&quot;caption&quot;:&quot;&quot;,&quot;created_timestamp&quot;:&quot;0&quot;,&quot;copyright&quot;:&quot;&quot;,&quot;focal_length&quot;:&quot;0&quot;,&quot;iso&quot;:&quot;0&quot;,&quot;shutter_speed&quot;:&quot;0&quot;,&quot;title&quot;:&quot;&quot;,&quot;orientation&quot;:&quot;0&quot;}\" data-image-title=\"Lavarini (3)\" data-image-description=\"\" data-image-caption=\"\" data-large-file=\"https:\/\/sarimelekler.biz\/wp-content\/uploads\/2023\/06\/Lavarini-3-1024x579.jpg\" \/><\/a>\n\t\t\t<\/dt><\/dl><br style=\"clear: both\" \/><dl class='gallery-item'>\n\t\t\t<dt class='gallery-icon landscape'>\n\t\t\t\t<a href='https:\/\/sarimelekler.biz\/?attachment_id=19615'><img loading=\"lazy\" decoding=\"async\" width=\"860\" height=\"484\" src=\"https:\/\/sarimelekler.biz\/wp-content\/uploads\/2023\/06\/Lavarini-4-1024x576.jpg\" class=\"attachment-large size-large\" alt=\"\" srcset=\"https:\/\/sarimelekler.biz\/wp-content\/uploads\/2023\/06\/Lavarini-4-1024x576.jpg 1024w, https:\/\/sarimelekler.biz\/wp-content\/uploads\/2023\/06\/Lavarini-4-300x169.jpg 300w, https:\/\/sarimelekler.biz\/wp-content\/uploads\/2023\/06\/Lavarini-4-768x432.jpg 768w, https:\/\/sarimelekler.biz\/wp-content\/uploads\/2023\/06\/Lavarini-4-150x84.jpg 150w, https:\/\/sarimelekler.biz\/wp-content\/uploads\/2023\/06\/Lavarini-4.jpg 1200w\" sizes=\"auto, (max-width: 860px) 100vw, 860px\" data-attachment-id=\"19615\" data-permalink=\"https:\/\/sarimelekler.biz\/?attachment_id=19615\" data-orig-file=\"https:\/\/sarimelekler.biz\/wp-content\/uploads\/2023\/06\/Lavarini-4.jpg\" data-orig-size=\"1200,675\" data-comments-opened=\"0\" data-image-meta=\"{&quot;aperture&quot;:&quot;0&quot;,&quot;credit&quot;:&quot;&quot;,&quot;camera&quot;:&quot;&quot;,&quot;caption&quot;:&quot;&quot;,&quot;created_timestamp&quot;:&quot;0&quot;,&quot;copyright&quot;:&quot;&quot;,&quot;focal_length&quot;:&quot;0&quot;,&quot;iso&quot;:&quot;0&quot;,&quot;shutter_speed&quot;:&quot;0&quot;,&quot;title&quot;:&quot;&quot;,&quot;orientation&quot;:&quot;0&quot;}\" data-image-title=\"Lavarini (4)\" data-image-description=\"\" data-image-caption=\"\" data-large-file=\"https:\/\/sarimelekler.biz\/wp-content\/uploads\/2023\/06\/Lavarini-4-1024x576.jpg\" \/><\/a>\n\t\t\t<\/dt><\/dl><br style=\"clear: both\" \/>\n\t\t<\/div>\n\n<p style=\"text-align: right;\">07\/06\/2023<\/p>\n","protected":false},"excerpt":{"rendered":"<p>Fenerbah\u00e7e Spor Kul\u00fcb\u00fcm\u00fcz sosyal medya hesaplar\u0131ndan yapt\u0131\u011f\u0131 payla\u015f\u0131mlarda Fenerbah\u00e7e Opet \u2026 <a class=\"continue-reading-link\" href=\"https:\/\/sarimelekler.biz\/?p=19611\">Okumaya Devam Et.. <span class=\"meta-nav\">&rarr; <\/span><\/a><\/p>\n","protected":false},"author":1,"featured_media":19612,"comment_status":"closed","ping_status":"open","sticky":false,"template":"","format":"standard","meta":{"jetpack_post_was_ever_published":false,"_jetpack_newsletter_access":"","_jetpack_dont_email_post_to_subs":false,"_jetpack_newsletter_tier_id":0,"_jetpack_memberships_contains_paywalled_content":false,"_jetpack_memberships_contains_paid_content":false,"footnotes":"","jetpack_publicize_message":"","jetpack_publicize_feature_enabled":true,"jetpack_social_post_already_shared":true,"jetpack_social_options":{"image_generator_settings":{"template":"highway","default_image_id":0,"font":"","enabled":false},"version":2}},"categories":[23],"tags":[],"class_list":["post-19611","post","type-post","status-publish","format-standard","has-post-thumbnail","hentry","category-transfer-haberleri"],"jetpack_publicize_connections":[],"jetpack_featured_media_url":"https:\/\/sarimelekler.biz\/wp-content\/uploads\/2023\/06\/Lavarini-1.jpg","jetpack_sharing_enabled":true,"jetpack_shortlink":"https:\/\/wp.me\/p8npUZ-56j","jetpack-related-posts":[{"id":19617,"url":"https:\/\/sarimelekler.biz\/?p=19617","url_meta":{"origin":19611,"position":0},"title":"Kul\u00fcb\u00fcm\u00fcz 4 Oyuncumuzla S\u00f6zle\u015fme Yeniledi","author":"Edit\u00f6r","date":"8 Haziran 2023","format":false,"excerpt":"Fenerbah\u00e7e Spor Kul\u00fcb\u00fcm\u00fcz sosyal medya hesaplar\u0131ndan yapt\u0131\u011f\u0131 payla\u015f\u0131mlarda Fenerbah\u00e7e Opet Kad\u0131n Voleybol tak\u0131m\u0131m\u0131z\u0131n oyuncular\u0131ndan Sma\u00e7\u00f6r Meliha Diken, Sma\u00e7\u00f6r\/Libero Cansu \u00c7etin, Pas\u00f6r \u00c7apraz\u0131 Meryem Boz ve Orta Oyuncu Erg\u00fcl Avc\u0131 Ero\u011flu\u2019yla birer y\u0131l s\u00fcreyle s\u00f6zle\u015fme uzatt\u0131\u011f\u0131n\u0131 a\u00e7\u0131klad\u0131. Ge\u00e7ti\u011fimiz sezon ba\u015f\u0131 tak\u0131m\u0131m\u0131za kat\u0131lan Meryem Boz ve Erg\u00fcl Avc\u0131 Terzic y\u00f6netiminde tak\u0131m\u0131m\u0131zda \u00e7ok\u2026","rel":"","context":"&quot;Transfer Haberleri&quot; i\u00e7inde","block_context":{"text":"Transfer Haberleri","link":"https:\/\/sarimelekler.biz\/?cat=23"},"img":{"alt_text":"","src":"https:\/\/i0.wp.com\/sarimelekler.biz\/wp-content\/uploads\/2023\/06\/Sozlesme-Yenileme-2023-3.jpg?resize=350%2C200&ssl=1","width":350,"height":200,"srcset":"https:\/\/i0.wp.com\/sarimelekler.biz\/wp-content\/uploads\/2023\/06\/Sozlesme-Yenileme-2023-3.jpg?resize=350%2C200&ssl=1 1x, https:\/\/i0.wp.com\/sarimelekler.biz\/wp-content\/uploads\/2023\/06\/Sozlesme-Yenileme-2023-3.jpg?resize=525%2C300&ssl=1 1.5x, https:\/\/i0.wp.com\/sarimelekler.biz\/wp-content\/uploads\/2023\/06\/Sozlesme-Yenileme-2023-3.jpg?resize=700%2C400&ssl=1 2x, https:\/\/i0.wp.com\/sarimelekler.biz\/wp-content\/uploads\/2023\/06\/Sozlesme-Yenileme-2023-3.jpg?resize=1050%2C600&ssl=1 3x, https:\/\/i0.wp.com\/sarimelekler.biz\/wp-content\/uploads\/2023\/06\/Sozlesme-Yenileme-2023-3.jpg?resize=1400%2C800&ssl=1 4x"},"classes":[]},{"id":13181,"url":"https:\/\/sarimelekler.biz\/?p=13181","url_meta":{"origin":19611,"position":1},"title":"Sar\u0131 Meleklerin \u015eampiyonlar Ligi Ma\u00e7\u0131 Koranavir\u00fcs Salg\u0131n\u0131 Nedeniyle \u0130leri Bir Tarihe Ertelendi.","author":"Edit\u00f6r","date":"1 Mart 2020","format":false,"excerpt":"Fenerbah\u00e7e Opet Kad\u0131n Voleybol Tak\u0131m\u0131m\u0131z Cev \u015eampiyonlar Ligi A grubunda oynad\u0131\u011f\u0131 6 ma\u00e7ta ald\u0131\u011f\u0131 4 galibiyetle grubunu 2. s\u0131rada tamamlay\u0131p \u00e7eyrek finale y\u00fckselmi\u015fti. Yakla\u015f\u0131k 10 g\u00fcnce yap\u0131lan kura \u00e7ekiminde ise Fenerbah\u00e7e Opet Kad\u0131n Voleybol Tak\u0131m\u0131m\u0131z\u0131n, CEV \u015eampiyonlar Ligi \u00e7eyrek finalindeki rakibi \u0130talyan ekibi Igor Gorgonzola Novara olmu\u015ftu. Kura \u00e7ekiminde \u00e7eyrek\u2026","rel":"","context":"&quot;Avrupa Kupalar\u0131&quot; i\u00e7inde","block_context":{"text":"Avrupa Kupalar\u0131","link":"https:\/\/sarimelekler.biz\/?cat=1"},"img":{"alt_text":"","src":"https:\/\/i0.wp.com\/sarimelekler.biz\/wp-content\/uploads\/2017\/11\/cev538_58025_6676227.jpg?resize=350%2C200&ssl=1","width":350,"height":200,"srcset":"https:\/\/i0.wp.com\/sarimelekler.biz\/wp-content\/uploads\/2017\/11\/cev538_58025_6676227.jpg?resize=350%2C200&ssl=1 1x, https:\/\/i0.wp.com\/sarimelekler.biz\/wp-content\/uploads\/2017\/11\/cev538_58025_6676227.jpg?resize=525%2C300&ssl=1 1.5x"},"classes":[]},{"id":10572,"url":"https:\/\/sarimelekler.biz\/?p=10572","url_meta":{"origin":19611,"position":2},"title":"Efsanemiz Ayten Salih, Scandicci ma\u00e7\u0131 \u00f6ncesi Sar\u0131 Melekleri ziyaret etti","author":"Edit\u00f6r","date":"19 Mart 2019","format":false,"excerpt":"Fenerbah\u00e7e Opet Kad\u0131n Voleybol Tak\u0131m\u0131m\u0131z\u0131n, CEV \u015eampiyonlar Ligi \u00e7eyrek final r\u00f6van\u015f ma\u00e7\u0131nda \u0130talyan ekibi Savino Del Bene Scandicci ile 19 Mart Sal\u0131 g\u00fcn\u00fc Burhan Felek Voleybol Salonu\u2019nda oynayaca\u011f\u0131 ma\u00e7 \u00f6ncesi yapt\u0131\u011f\u0131 son antrenmanda s\u00fcrpriz bir konu\u011fu vard\u0131. 1954 y\u0131l\u0131nda Fenerbah\u00e7emizin Voleybol ve Basketbol Tak\u0131mlar\u0131n\u0131n kurulmas\u0131na \u00f6nc\u00fcl\u00fck eden Ayten Salih, Savino\u2026","rel":"","context":"&quot;Avrupa Kupalar\u0131&quot; i\u00e7inde","block_context":{"text":"Avrupa Kupalar\u0131","link":"https:\/\/sarimelekler.biz\/?cat=1"},"img":{"alt_text":"","src":"https:\/\/i0.wp.com\/sarimelekler.biz\/wp-content\/uploads\/2019\/03\/Ayten-Salih-Kapak.jpg?resize=350%2C200&ssl=1","width":350,"height":200,"srcset":"https:\/\/i0.wp.com\/sarimelekler.biz\/wp-content\/uploads\/2019\/03\/Ayten-Salih-Kapak.jpg?resize=350%2C200&ssl=1 1x, https:\/\/i0.wp.com\/sarimelekler.biz\/wp-content\/uploads\/2019\/03\/Ayten-Salih-Kapak.jpg?resize=525%2C300&ssl=1 1.5x, https:\/\/i0.wp.com\/sarimelekler.biz\/wp-content\/uploads\/2019\/03\/Ayten-Salih-Kapak.jpg?resize=700%2C400&ssl=1 2x, https:\/\/i0.wp.com\/sarimelekler.biz\/wp-content\/uploads\/2019\/03\/Ayten-Salih-Kapak.jpg?resize=1050%2C600&ssl=1 3x, https:\/\/i0.wp.com\/sarimelekler.biz\/wp-content\/uploads\/2019\/03\/Ayten-Salih-Kapak.jpg?resize=1400%2C800&ssl=1 4x"},"classes":[]},{"id":10871,"url":"https:\/\/sarimelekler.biz\/?p=10871","url_meta":{"origin":19611,"position":3},"title":"Eda Erdem D\u00fcndar ve S\u0131la \u00c7al\u0131\u015fkan\u2019dan Imoco Volley Conegliano ma\u00e7\u0131 \u00f6ncesi a\u00e7\u0131klamalarda bulundular","author":"Edit\u00f6r","date":"8 Nisan 2019","format":false,"excerpt":"Fenerbah\u00e7e Opet Kad\u0131n Voleybol Tak\u0131m\u0131m\u0131z\u0131n, CEV \u015eampiyonlar Ligi yar\u0131 final r\u00f6van\u015f ma\u00e7\u0131nda \u0130talyan ekibi Imoco Volley Conegliano ile 9 Nisan Sal\u0131 g\u00fcn\u00fc Burhan Felek Voleybol Salonu\u2019nda oynayaca\u011f\u0131 ma\u00e7 \u00f6ncesi Kaptan Eda Erdem D\u00fcndar ve S\u0131la \u00c7al\u0131\u015fkan, kul\u00fcb\u00fcm\u00fcz\u00fcn resmi sitesine a\u00e7\u0131klamalarda bulundu. Eda Erdem D\u00fcndar taraftar\u0131n deste\u011fiyle galip gelerek adlar\u0131n\u0131 finale\u2026","rel":"","context":"&quot;Avrupa Kupalar\u0131&quot; i\u00e7inde","block_context":{"text":"Avrupa Kupalar\u0131","link":"https:\/\/sarimelekler.biz\/?cat=1"},"img":{"alt_text":"","src":"https:\/\/i0.wp.com\/sarimelekler.biz\/wp-content\/uploads\/2019\/04\/10-18-19-CL-13.jpg?resize=350%2C200&ssl=1","width":350,"height":200,"srcset":"https:\/\/i0.wp.com\/sarimelekler.biz\/wp-content\/uploads\/2019\/04\/10-18-19-CL-13.jpg?resize=350%2C200&ssl=1 1x, https:\/\/i0.wp.com\/sarimelekler.biz\/wp-content\/uploads\/2019\/04\/10-18-19-CL-13.jpg?resize=525%2C300&ssl=1 1.5x, https:\/\/i0.wp.com\/sarimelekler.biz\/wp-content\/uploads\/2019\/04\/10-18-19-CL-13.jpg?resize=700%2C400&ssl=1 2x, https:\/\/i0.wp.com\/sarimelekler.biz\/wp-content\/uploads\/2019\/04\/10-18-19-CL-13.jpg?resize=1050%2C600&ssl=1 3x"},"classes":[]},{"id":10798,"url":"https:\/\/sarimelekler.biz\/?p=10798","url_meta":{"origin":19611,"position":4},"title":"Imoco Volley Conegliano:3 &#8211; Fenerbah\u00e7e Opet:0","author":"Edit\u00f6r","date":"3 Nisan 2019","format":false,"excerpt":"Fenerbah\u00e7e Opet Kad\u0131n Voleybol Tak\u0131m\u0131m\u0131z Cev \u015eampiyonlar Ligi Yar\u0131 Final ilk ma\u00e7\u0131nda deplasmanda kar\u015f\u0131la\u015ft\u0131\u011f\u0131 \u0130talyan temsilcisi Imoco Volley Conegliano tak\u0131m\u0131na 25 \u2013 21, 25 \u2013 23 ve 26-24\u2019l\u00fck set skorlar\u0131yla 3-0 ma\u011flup oldu. Ma\u00e7a Eda, Ana Antonijevic, Rabadzhieva, Dicle Bricio, Vargas ve Merve ile ba\u015flayan tak\u0131m\u0131m\u0131zda Melis S\u0131la, Polen ve\u2026","rel":"","context":"&quot;Avrupa Kupalar\u0131&quot; i\u00e7inde","block_context":{"text":"Avrupa Kupalar\u0131","link":"https:\/\/sarimelekler.biz\/?cat=1"},"img":{"alt_text":"","src":"https:\/\/i0.wp.com\/sarimelekler.biz\/wp-content\/uploads\/2019\/04\/09-18-19-CL-9.jpg?resize=350%2C200&ssl=1","width":350,"height":200,"srcset":"https:\/\/i0.wp.com\/sarimelekler.biz\/wp-content\/uploads\/2019\/04\/09-18-19-CL-9.jpg?resize=350%2C200&ssl=1 1x, https:\/\/i0.wp.com\/sarimelekler.biz\/wp-content\/uploads\/2019\/04\/09-18-19-CL-9.jpg?resize=525%2C300&ssl=1 1.5x, https:\/\/i0.wp.com\/sarimelekler.biz\/wp-content\/uploads\/2019\/04\/09-18-19-CL-9.jpg?resize=700%2C400&ssl=1 2x, https:\/\/i0.wp.com\/sarimelekler.biz\/wp-content\/uploads\/2019\/04\/09-18-19-CL-9.jpg?resize=1050%2C600&ssl=1 3x, https:\/\/i0.wp.com\/sarimelekler.biz\/wp-content\/uploads\/2019\/04\/09-18-19-CL-9.jpg?resize=1400%2C800&ssl=1 4x"},"classes":[]},{"id":15978,"url":"https:\/\/sarimelekler.biz\/?p=15978","url_meta":{"origin":19611,"position":5},"title":"Kad\u0131n Voleybol Tak\u0131mlar\u0131m\u0131z Topuk Yaylas\u0131 Tesislerimizde \u00c7al\u0131\u015fmalara Ba\u015fl\u0131yor","author":"Edit\u00f6r","date":"17 A\u011fustos 2021","format":false,"excerpt":"Fenerbah\u00e7e Opet Kad\u0131n Voleybol Tak\u0131m\u0131m\u0131z, 1.Lig Fenerbah\u00e7e Terrazzo Kad\u0131n Voleybol Tak\u0131m\u0131m\u0131z ve 2.Lig Kad\u0131n Voleybol Tak\u0131m\u0131m\u0131z bug\u00fcn itibar\u0131yla sezon haz\u0131rl\u0131klar\u0131 i\u00e7in D\u00fczce\u2019nin Kayna\u015fl\u0131 il\u00e7esinde bulunan Serkan Acar Resort&Sport Topuk Yaylas\u0131 Tesislerine gitti. Tak\u0131mlar\u0131m\u0131z bir hafta s\u00fcreyle \u00e7al\u0131\u015fmalar\u0131n\u0131 s\u00fcrd\u00fcrecek. Fenerbah\u00e7e Opet Kad\u0131n Voleybol Tak\u0131m\u0131m\u0131zda, Milli Tak\u0131mlarda bulunan oyuncular ve ba\u015fantren\u00f6r\u00fcm\u00fcz yoklu\u011funda,\u2026","rel":"","context":"&quot;Haberler&quot; i\u00e7inde","block_context":{"text":"Haberler","link":"https:\/\/sarimelekler.biz\/?cat=7"},"img":{"alt_text":"","src":"https:\/\/i0.wp.com\/sarimelekler.biz\/wp-content\/uploads\/2021\/08\/Topuk-Yaylasi-21-22-1.jpg?resize=350%2C200&ssl=1","width":350,"height":200,"srcset":"https:\/\/i0.wp.com\/sarimelekler.biz\/wp-content\/uploads\/2021\/08\/Topuk-Yaylasi-21-22-1.jpg?resize=350%2C200&ssl=1 1x, https:\/\/i0.wp.com\/sarimelekler.biz\/wp-content\/uploads\/2021\/08\/Topuk-Yaylasi-21-22-1.jpg?resize=525%2C300&ssl=1 1.5x, https:\/\/i0.wp.com\/sarimelekler.biz\/wp-content\/uploads\/2021\/08\/Topuk-Yaylasi-21-22-1.jpg?resize=700%2C400&ssl=1 2x, https:\/\/i0.wp.com\/sarimelekler.biz\/wp-content\/uploads\/2021\/08\/Topuk-Yaylasi-21-22-1.jpg?resize=1050%2C600&ssl=1 3x, https:\/\/i0.wp.com\/sarimelekler.biz\/wp-content\/uploads\/2021\/08\/Topuk-Yaylasi-21-22-1.jpg?resize=1400%2C800&ssl=1 4x"},"classes":[]}],"_links":{"self":[{"href":"https:\/\/sarimelekler.biz\/index.php?rest_route=\/wp\/v2\/posts\/19611","targetHints":{"allow":["GET"]}}],"collection":[{"href":"https:\/\/sarimelekler.biz\/index.php?rest_route=\/wp\/v2\/posts"}],"about":[{"href":"https:\/\/sarimelekler.biz\/index.php?rest_route=\/wp\/v2\/types\/post"}],"author":[{"embeddable":true,"href":"https:\/\/sarimelekler.biz\/index.php?rest_route=\/wp\/v2\/users\/1"}],"replies":[{"embeddable":true,"href":"https:\/\/sarimelekler.biz\/index.php?rest_route=%2Fwp%2Fv2%2Fcomments&post=19611"}],"version-history":[{"count":1,"href":"https:\/\/sarimelekler.biz\/index.php?rest_route=\/wp\/v2\/posts\/19611\/revisions"}],"predecessor-version":[{"id":19616,"href":"https:\/\/sarimelekler.biz\/index.php?rest_route=\/wp\/v2\/posts\/19611\/revisions\/19616"}],"wp:featuredmedia":[{"embeddable":true,"href":"https:\/\/sarimelekler.biz\/index.php?rest_route=\/wp\/v2\/media\/19612"}],"wp:attachment":[{"href":"https:\/\/sarimelekler.biz\/index.php?rest_route=%2Fwp%2Fv2%2Fmedia&parent=19611"}],"wp:term":[{"taxonomy":"category","embeddable":true,"href":"https:\/\/sarimelekler.biz\/index.php?rest_route=%2Fwp%2Fv2%2Fcategories&post=19611"},{"taxonomy":"post_tag","embeddable":true,"href":"https:\/\/sarimelekler.biz\/index.php?rest_route=%2Fwp%2Fv2%2Ftags&post=19611"}],"curies":[{"name":"wp","href":"https:\/\/api.w.org\/{rel}","templated":true}]}}