{"id":19617,"date":"2023-06-08T23:02:29","date_gmt":"2023-06-08T20:02:29","guid":{"rendered":"https:\/\/sarimelekler.biz\/?p=19617"},"modified":"2023-06-08T23:05:01","modified_gmt":"2023-06-08T20:05:01","slug":"kulubumuz-4-oyuncumuzla-sozlesme-yeniledi","status":"publish","type":"post","link":"https:\/\/sarimelekler.biz\/?p=19617","title":{"rendered":"Kul\u00fcb\u00fcm\u00fcz 4 Oyuncumuzla S\u00f6zle\u015fme Yeniledi"},"content":{"rendered":"<p style=\"text-align: justify;\"><span style=\"font-size: 18px;\">Fenerbah\u00e7e Spor Kul\u00fcb\u00fcm\u00fcz sosyal medya hesaplar\u0131ndan yapt\u0131\u011f\u0131 payla\u015f\u0131mlarda Fenerbah\u00e7e Opet Kad\u0131n Voleybol tak\u0131m\u0131m\u0131z\u0131n oyuncular\u0131ndan Sma\u00e7\u00f6r <a href=\"https:\/\/fenerbahce.org\/haberler\/voleybol-kadin\/2023\/6\/meliha-diken-1-yil-daha-bizimle\" target=\"_blank\" rel=\"noopener\">Meliha Diken<\/a>, Sma\u00e7\u00f6r\/Libero <a href=\"https:\/\/fenerbahce.org\/haberler\/voleybol-kadin\/2023\/6\/cansu-cetin-1-yil-daha-bizimle\" target=\"_blank\" rel=\"noopener\">Cansu \u00c7etin<\/a>, Pas\u00f6r \u00c7apraz\u0131 <a href=\"https:\/\/fenerbahce.org\/haberler\/voleybol-kadin\/2023\/6\/meryem-boz-1-yil-daha-bizimle\" target=\"_blank\" rel=\"noopener\">Meryem Boz<\/a> ve Orta Oyuncu <a href=\"https:\/\/fenerbahce.org\/haberler\/voleybol-kadin\/2023\/6\/ergul-avci-1-yil-daha-bizimle\" target=\"_blank\" rel=\"noopener\">Erg\u00fcl Avc\u0131 Ero\u011flu<\/a>\u2019yla birer y\u0131l s\u00fcreyle s\u00f6zle\u015fme uzatt\u0131\u011f\u0131n\u0131 a\u00e7\u0131klad\u0131.<\/span><br \/>\n<span style=\"font-size: 18px;\">Ge\u00e7ti\u011fimiz sezon ba\u015f\u0131 tak\u0131m\u0131m\u0131za kat\u0131lan Meryem Boz ve Erg\u00fcl Avc\u0131 Terzic y\u00f6netiminde tak\u0131m\u0131m\u0131zda \u00e7ok az forma \u015fans\u0131 bulmu\u015ftu. Umar\u0131z yeni Ba\u015fantren\u00f6r\u00fcm\u00fcz Lavarini daha rekabet\u00e7i bir tak\u0131m yaratarak oyuncular\u0131m\u0131zdan yararlan\u0131r.<\/span><br \/>\n<span style=\"font-size: 18px;\">S\u00f6zle\u015fme yenilen 4 oyuncumuza da ba\u015far\u0131lar dileriz.<\/span><\/p>\n\n\t\t<style type=\"text\/css\">\n\t\t\t#gallery-1 {\n\t\t\t\tmargin: auto;\n\t\t\t}\n\t\t\t#gallery-1 .gallery-item {\n\t\t\t\tfloat: left;\n\t\t\t\tmargin-top: 10px;\n\t\t\t\ttext-align: center;\n\t\t\t\twidth: 100%;\n\t\t\t}\n\t\t\t#gallery-1 img {\n\t\t\t\tborder: 2px solid #cfcfcf;\n\t\t\t}\n\t\t\t#gallery-1 .gallery-caption {\n\t\t\t\tmargin-left: 0;\n\t\t\t}\n\t\t\t\/* see gallery_shortcode() in wp-includes\/media.php *\/\n\t\t<\/style>\n\t\t<div data-carousel-extra='{&quot;blog_id&quot;:1,&quot;permalink&quot;:&quot;https:\/\/sarimelekler.biz\/?p=19617&quot;}' id='gallery-1' class='gallery galleryid-19617 gallery-columns-1 gallery-size-large'><dl class='gallery-item'>\n\t\t\t<dt class='gallery-icon portrait'>\n\t\t\t\t<a href='https:\/\/sarimelekler.biz\/?attachment_id=19618'><img loading=\"lazy\" decoding=\"async\" width=\"860\" height=\"974\" src=\"https:\/\/sarimelekler.biz\/wp-content\/uploads\/2023\/06\/Meliha-2023-904x1024.jpg\" class=\"attachment-large size-large\" alt=\"\" srcset=\"https:\/\/sarimelekler.biz\/wp-content\/uploads\/2023\/06\/Meliha-2023-904x1024.jpg 904w, https:\/\/sarimelekler.biz\/wp-content\/uploads\/2023\/06\/Meliha-2023-265x300.jpg 265w, https:\/\/sarimelekler.biz\/wp-content\/uploads\/2023\/06\/Meliha-2023-768x870.jpg 768w, https:\/\/sarimelekler.biz\/wp-content\/uploads\/2023\/06\/Meliha-2023-1356x1536.jpg 1356w, https:\/\/sarimelekler.biz\/wp-content\/uploads\/2023\/06\/Meliha-2023-132x150.jpg 132w, https:\/\/sarimelekler.biz\/wp-content\/uploads\/2023\/06\/Meliha-2023.jpg 1808w\" sizes=\"auto, (max-width: 860px) 100vw, 860px\" data-attachment-id=\"19618\" data-permalink=\"https:\/\/sarimelekler.biz\/?attachment_id=19618\" data-orig-file=\"https:\/\/sarimelekler.biz\/wp-content\/uploads\/2023\/06\/Meliha-2023.jpg\" data-orig-size=\"1808,2048\" data-comments-opened=\"0\" data-image-meta=\"{&quot;aperture&quot;:&quot;0&quot;,&quot;credit&quot;:&quot;&quot;,&quot;camera&quot;:&quot;&quot;,&quot;caption&quot;:&quot;&quot;,&quot;created_timestamp&quot;:&quot;0&quot;,&quot;copyright&quot;:&quot;&quot;,&quot;focal_length&quot;:&quot;0&quot;,&quot;iso&quot;:&quot;0&quot;,&quot;shutter_speed&quot;:&quot;0&quot;,&quot;title&quot;:&quot;&quot;,&quot;orientation&quot;:&quot;0&quot;}\" data-image-title=\"Meliha 2023\" data-image-description=\"\" data-image-caption=\"\" data-large-file=\"https:\/\/sarimelekler.biz\/wp-content\/uploads\/2023\/06\/Meliha-2023-904x1024.jpg\" \/><\/a>\n\t\t\t<\/dt><\/dl><br style=\"clear: both\" \/><dl class='gallery-item'>\n\t\t\t<dt class='gallery-icon portrait'>\n\t\t\t\t<a href='https:\/\/sarimelekler.biz\/?attachment_id=19320'><img loading=\"lazy\" decoding=\"async\" width=\"860\" height=\"897\" src=\"https:\/\/sarimelekler.biz\/wp-content\/uploads\/2023\/05\/27-22-23-13-982x1024.jpg\" class=\"attachment-large size-large\" alt=\"\" srcset=\"https:\/\/sarimelekler.biz\/wp-content\/uploads\/2023\/05\/27-22-23-13-982x1024.jpg 982w, https:\/\/sarimelekler.biz\/wp-content\/uploads\/2023\/05\/27-22-23-13-288x300.jpg 288w, https:\/\/sarimelekler.biz\/wp-content\/uploads\/2023\/05\/27-22-23-13-768x801.jpg 768w, https:\/\/sarimelekler.biz\/wp-content\/uploads\/2023\/05\/27-22-23-13-1473x1536.jpg 1473w, https:\/\/sarimelekler.biz\/wp-content\/uploads\/2023\/05\/27-22-23-13-1964x2048.jpg 1964w, https:\/\/sarimelekler.biz\/wp-content\/uploads\/2023\/05\/27-22-23-13-144x150.jpg 144w, https:\/\/sarimelekler.biz\/wp-content\/uploads\/2023\/05\/27-22-23-13.jpg 1990w\" sizes=\"auto, (max-width: 860px) 100vw, 860px\" data-attachment-id=\"19320\" data-permalink=\"https:\/\/sarimelekler.biz\/?attachment_id=19320\" data-orig-file=\"https:\/\/sarimelekler.biz\/wp-content\/uploads\/2023\/05\/27-22-23-13.jpg\" data-orig-size=\"1990,2075\" data-comments-opened=\"0\" data-image-meta=\"{&quot;aperture&quot;:&quot;3.2&quot;,&quot;credit&quot;:&quot;&quot;,&quot;camera&quot;:&quot;Canon EOS-1D X&quot;,&quot;caption&quot;:&quot;&quot;,&quot;created_timestamp&quot;:&quot;1683143344&quot;,&quot;copyright&quot;:&quot;&quot;,&quot;focal_length&quot;:&quot;200&quot;,&quot;iso&quot;:&quot;3200&quot;,&quot;shutter_speed&quot;:&quot;0.001&quot;,&quot;title&quot;:&quot;&quot;,&quot;orientation&quot;:&quot;0&quot;}\" data-image-title=\"27 &amp;#8211; 22-23 (13)\" data-image-description=\"\" data-image-caption=\"\" data-large-file=\"https:\/\/sarimelekler.biz\/wp-content\/uploads\/2023\/05\/27-22-23-13-982x1024.jpg\" \/><\/a>\n\t\t\t<\/dt><\/dl><br style=\"clear: both\" \/><dl class='gallery-item'>\n\t\t\t<dt class='gallery-icon landscape'>\n\t\t\t\t<a href='https:\/\/sarimelekler.biz\/?attachment_id=19328'><img loading=\"lazy\" decoding=\"async\" width=\"860\" height=\"578\" src=\"https:\/\/sarimelekler.biz\/wp-content\/uploads\/2023\/05\/27-22-23-24-1024x688.jpg\" class=\"attachment-large size-large\" alt=\"\" srcset=\"https:\/\/sarimelekler.biz\/wp-content\/uploads\/2023\/05\/27-22-23-24-1024x688.jpg 1024w, https:\/\/sarimelekler.biz\/wp-content\/uploads\/2023\/05\/27-22-23-24-300x202.jpg 300w, https:\/\/sarimelekler.biz\/wp-content\/uploads\/2023\/05\/27-22-23-24-768x516.jpg 768w, https:\/\/sarimelekler.biz\/wp-content\/uploads\/2023\/05\/27-22-23-24-1536x1032.jpg 1536w, https:\/\/sarimelekler.biz\/wp-content\/uploads\/2023\/05\/27-22-23-24-2048x1377.jpg 2048w, https:\/\/sarimelekler.biz\/wp-content\/uploads\/2023\/05\/27-22-23-24-150x101.jpg 150w\" sizes=\"auto, (max-width: 860px) 100vw, 860px\" data-attachment-id=\"19328\" data-permalink=\"https:\/\/sarimelekler.biz\/?attachment_id=19328\" data-orig-file=\"https:\/\/sarimelekler.biz\/wp-content\/uploads\/2023\/05\/27-22-23-24-scaled.jpg\" data-orig-size=\"2560,1721\" data-comments-opened=\"0\" data-image-meta=\"{&quot;aperture&quot;:&quot;2.8&quot;,&quot;credit&quot;:&quot;&quot;,&quot;camera&quot;:&quot;Canon EOS-1D X&quot;,&quot;caption&quot;:&quot;&quot;,&quot;created_timestamp&quot;:&quot;1683134377&quot;,&quot;copyright&quot;:&quot;&quot;,&quot;focal_length&quot;:&quot;135&quot;,&quot;iso&quot;:&quot;3200&quot;,&quot;shutter_speed&quot;:&quot;0.001&quot;,&quot;title&quot;:&quot;&quot;,&quot;orientation&quot;:&quot;0&quot;}\" data-image-title=\"27 &amp;#8211; 22-23 (24)\" data-image-description=\"\" data-image-caption=\"\" data-large-file=\"https:\/\/sarimelekler.biz\/wp-content\/uploads\/2023\/05\/27-22-23-24-1024x688.jpg\" \/><\/a>\n\t\t\t<\/dt><\/dl><br style=\"clear: both\" \/><dl class='gallery-item'>\n\t\t\t<dt class='gallery-icon landscape'>\n\t\t\t\t<a href='https:\/\/sarimelekler.biz\/?attachment_id=19312'><img loading=\"lazy\" decoding=\"async\" width=\"860\" height=\"683\" src=\"https:\/\/sarimelekler.biz\/wp-content\/uploads\/2023\/05\/27-22-23-5-1024x813.jpeg\" class=\"attachment-large size-large\" alt=\"\" srcset=\"https:\/\/sarimelekler.biz\/wp-content\/uploads\/2023\/05\/27-22-23-5-1024x813.jpeg 1024w, https:\/\/sarimelekler.biz\/wp-content\/uploads\/2023\/05\/27-22-23-5-300x238.jpeg 300w, https:\/\/sarimelekler.biz\/wp-content\/uploads\/2023\/05\/27-22-23-5-768x610.jpeg 768w, https:\/\/sarimelekler.biz\/wp-content\/uploads\/2023\/05\/27-22-23-5-1536x1220.jpeg 1536w, https:\/\/sarimelekler.biz\/wp-content\/uploads\/2023\/05\/27-22-23-5-150x119.jpeg 150w, https:\/\/sarimelekler.biz\/wp-content\/uploads\/2023\/05\/27-22-23-5.jpeg 2048w\" sizes=\"auto, (max-width: 860px) 100vw, 860px\" data-attachment-id=\"19312\" data-permalink=\"https:\/\/sarimelekler.biz\/?attachment_id=19312\" data-orig-file=\"https:\/\/sarimelekler.biz\/wp-content\/uploads\/2023\/05\/27-22-23-5.jpeg\" data-orig-size=\"2048,1626\" data-comments-opened=\"0\" data-image-meta=\"{&quot;aperture&quot;:&quot;0&quot;,&quot;credit&quot;:&quot;&quot;,&quot;camera&quot;:&quot;&quot;,&quot;caption&quot;:&quot;&quot;,&quot;created_timestamp&quot;:&quot;0&quot;,&quot;copyright&quot;:&quot;&quot;,&quot;focal_length&quot;:&quot;0&quot;,&quot;iso&quot;:&quot;0&quot;,&quot;shutter_speed&quot;:&quot;0&quot;,&quot;title&quot;:&quot;&quot;,&quot;orientation&quot;:&quot;0&quot;}\" data-image-title=\"27 &amp;#8211; 22-23 (5)\" data-image-description=\"\" data-image-caption=\"\" data-large-file=\"https:\/\/sarimelekler.biz\/wp-content\/uploads\/2023\/05\/27-22-23-5-1024x813.jpeg\" \/><\/a>\n\t\t\t<\/dt><\/dl><br style=\"clear: both\" \/>\n\t\t<\/div>\n\n<p style=\"text-align: right;\">08\/06\/2023<\/p>\n","protected":false},"excerpt":{"rendered":"<p>Fenerbah\u00e7e Spor Kul\u00fcb\u00fcm\u00fcz sosyal medya hesaplar\u0131ndan yapt\u0131\u011f\u0131 payla\u015f\u0131mlarda Fenerbah\u00e7e Opet \u2026 <a class=\"continue-reading-link\" href=\"https:\/\/sarimelekler.biz\/?p=19617\">Okumaya Devam Et.. <span class=\"meta-nav\">&rarr; <\/span><\/a><\/p>\n","protected":false},"author":1,"featured_media":19624,"comment_status":"closed","ping_status":"open","sticky":false,"template":"","format":"standard","meta":{"jetpack_post_was_ever_published":false,"_jetpack_newsletter_access":"","_jetpack_dont_email_post_to_subs":false,"_jetpack_newsletter_tier_id":0,"_jetpack_memberships_contains_paywalled_content":false,"_jetpack_memberships_contains_paid_content":false,"footnotes":"","jetpack_publicize_message":"","jetpack_publicize_feature_enabled":true,"jetpack_social_post_already_shared":true,"jetpack_social_options":{"image_generator_settings":{"template":"highway","default_image_id":0,"font":"","enabled":false},"version":2}},"categories":[23],"tags":[],"class_list":["post-19617","post","type-post","status-publish","format-standard","has-post-thumbnail","hentry","category-transfer-haberleri"],"jetpack_publicize_connections":[],"jetpack_featured_media_url":"https:\/\/sarimelekler.biz\/wp-content\/uploads\/2023\/06\/Sozlesme-Yenileme-2023-3.jpg","jetpack_sharing_enabled":true,"jetpack_shortlink":"https:\/\/wp.me\/p8npUZ-56p","jetpack-related-posts":[{"id":18090,"url":"https:\/\/sarimelekler.biz\/?p=18090","url_meta":{"origin":19617,"position":0},"title":"Asl\u0131 Kala\u00e7, Meryem Boz, Erg\u00fcl Avc\u0131 Ero\u011flu ve Macris Carneiro Tak\u0131m\u0131m\u0131za Transfer Oldu","author":"Edit\u00f6r","date":"4 Haziran 2022","format":false,"excerpt":"\u00a0 Kul\u00fcb\u00fcm\u00fcz Resmi \u0130nternet Sitesinden yapt\u0131\u011f\u0131 a\u00e7\u0131klamada; T\u00fcrk Hava Yollar\u0131 tak\u0131m\u0131nda forma giyen 26 ya\u015f\u0131ndaki orta oyuncu Asl\u0131 Kala\u00e7, Vak\u0131fbank tak\u0131m\u0131nda forma giyen 34 ya\u015f\u0131ndaki pas\u00f6r \u00e7apraz\u0131 Meryem Boz, \u00a0Ayd\u0131n B\u00fcy\u00fck\u015fehir Belediyespor tak\u0131m\u0131nda forma giyen 35 ya\u015f\u0131ndaki orta oyuncu Erg\u00fcl Avc\u0131 Ero\u011flu ve Brezilya\u2019n\u0131n Minas tak\u0131m\u0131nda forma giyen 33 ya\u015f\u0131ndaki\u2026","rel":"","context":"&quot;Transfer Haberleri&quot; i\u00e7inde","block_context":{"text":"Transfer Haberleri","link":"https:\/\/sarimelekler.biz\/?cat=23"},"img":{"alt_text":"","src":"https:\/\/i0.wp.com\/sarimelekler.biz\/wp-content\/uploads\/2022\/06\/22-23-Transferler-5.jpg?resize=350%2C200&ssl=1","width":350,"height":200,"srcset":"https:\/\/i0.wp.com\/sarimelekler.biz\/wp-content\/uploads\/2022\/06\/22-23-Transferler-5.jpg?resize=350%2C200&ssl=1 1x, https:\/\/i0.wp.com\/sarimelekler.biz\/wp-content\/uploads\/2022\/06\/22-23-Transferler-5.jpg?resize=525%2C300&ssl=1 1.5x, https:\/\/i0.wp.com\/sarimelekler.biz\/wp-content\/uploads\/2022\/06\/22-23-Transferler-5.jpg?resize=700%2C400&ssl=1 2x"},"classes":[]},{"id":20977,"url":"https:\/\/sarimelekler.biz\/?p=20977","url_meta":{"origin":19617,"position":1},"title":"Tak\u0131m\u0131m\u0131zdan Ayr\u0131lanlar Belli Oldu","author":"Edit\u00f6r","date":"12 Haziran 2024","format":false,"excerpt":"Kul\u00fcb\u00fcm\u00fcz resmi sitesinden tak\u0131m\u0131m\u0131zdan Ba\u015fantren\u00f6r Stefano Lavarini ve Pas\u00f6r \u00c7apraz\u0131 Meryem Boz, Orta Oyuncular Irina Fetisova, Erg\u00fcl Avc\u0131, Sma\u00e7\u00f6rler Ada Germen, Cansu \u00c7etin ve Pas\u00f6r Buse \u00dcnal ile yeni sezon yap\u0131lanmas\u0131 kapsam\u0131nda yollar\u0131n\u0131 ay\u0131rd\u0131\u011f\u0131n\u0131 a\u00e7\u0131klad\u0131. Zoran Terzic'in y\u0131llarca kupa alamamas\u0131na ra\u011fmen tak\u0131m\u0131n ba\u015f\u0131nda kalm\u0131\u015f olmas\u0131na ra\u011fmen ilk sezonunda iki kupa\u2026","rel":"","context":"&quot;Transfer Haberleri&quot; i\u00e7inde","block_context":{"text":"Transfer Haberleri","link":"https:\/\/sarimelekler.biz\/?cat=23"},"img":{"alt_text":"","src":"https:\/\/i0.wp.com\/sarimelekler.biz\/wp-content\/uploads\/2024\/04\/31-23-24-20-scaled.jpg?resize=350%2C200&ssl=1","width":350,"height":200,"srcset":"https:\/\/i0.wp.com\/sarimelekler.biz\/wp-content\/uploads\/2024\/04\/31-23-24-20-scaled.jpg?resize=350%2C200&ssl=1 1x, https:\/\/i0.wp.com\/sarimelekler.biz\/wp-content\/uploads\/2024\/04\/31-23-24-20-scaled.jpg?resize=525%2C300&ssl=1 1.5x, https:\/\/i0.wp.com\/sarimelekler.biz\/wp-content\/uploads\/2024\/04\/31-23-24-20-scaled.jpg?resize=700%2C400&ssl=1 2x, https:\/\/i0.wp.com\/sarimelekler.biz\/wp-content\/uploads\/2024\/04\/31-23-24-20-scaled.jpg?resize=1050%2C600&ssl=1 3x, https:\/\/i0.wp.com\/sarimelekler.biz\/wp-content\/uploads\/2024\/04\/31-23-24-20-scaled.jpg?resize=1400%2C800&ssl=1 4x"},"classes":[]},{"id":4011,"url":"https:\/\/sarimelekler.biz\/?p=4011","url_meta":{"origin":19617,"position":2},"title":"Transfer G\u00fcndemi (Son G\u00fcncelleme 26.06.2017)","author":"Edit\u00f6r","date":"7 Haziran 2017","format":false,"excerpt":"2016-2017 Sezonu Vestel Ven\u00fcs Sultanlar Ligini \u015eampiyon olarak tak\u0131m\u0131m\u0131zda 2017-2017 sezonu transfer \u00e7al\u0131\u015fmalar\u0131 devam ediyor. \u00d6ncelikle tak\u0131m\u0131m\u0131zdan ayr\u0131lan oyuncular\u0131m\u0131za emekleri i\u00e7in te\u015fekk\u00fcr eder, spor hayatlar\u0131nda ba\u015far\u0131lar dileriz. Tak\u0131m\u0131m\u0131za yeni kat\u0131lan oyuncular\u0131m\u0131za sakatl\u0131ks\u0131z bol kupal\u0131 bir sezon dileriz. Marcello Abbondanza'n\u0131n ayr\u0131lmas\u0131ndan sonra antren\u00f6rl\u00fcge Bel\u00e7ika'l\u0131 Antren\u00f6r Jan De Brandt getirildi. (Resmi) Tak\u0131m\u0131m\u0131za\u2026","rel":"","context":"&quot;T\u00fcrkiye Ligi&quot; i\u00e7inde","block_context":{"text":"T\u00fcrkiye Ligi","link":"https:\/\/sarimelekler.biz\/?cat=6"},"img":{"alt_text":"","src":"https:\/\/i0.wp.com\/sarimelekler.biz\/wp-content\/uploads\/2017\/05\/mb20_55646_4714445.jpg?resize=350%2C200&ssl=1","width":350,"height":200,"srcset":"https:\/\/i0.wp.com\/sarimelekler.biz\/wp-content\/uploads\/2017\/05\/mb20_55646_4714445.jpg?resize=350%2C200&ssl=1 1x, https:\/\/i0.wp.com\/sarimelekler.biz\/wp-content\/uploads\/2017\/05\/mb20_55646_4714445.jpg?resize=525%2C300&ssl=1 1.5x, https:\/\/i0.wp.com\/sarimelekler.biz\/wp-content\/uploads\/2017\/05\/mb20_55646_4714445.jpg?resize=700%2C400&ssl=1 2x, https:\/\/i0.wp.com\/sarimelekler.biz\/wp-content\/uploads\/2017\/05\/mb20_55646_4714445.jpg?resize=1050%2C600&ssl=1 3x, https:\/\/i0.wp.com\/sarimelekler.biz\/wp-content\/uploads\/2017\/05\/mb20_55646_4714445.jpg?resize=1400%2C800&ssl=1 4x"},"classes":[]},{"id":15737,"url":"https:\/\/sarimelekler.biz\/?p=15737","url_meta":{"origin":19617,"position":3},"title":"Cansu \u00c7etin\u2019in S\u00f6zle\u015fmesi 2 Y\u0131l Uzat\u0131ld\u0131.","author":"Edit\u00f6r","date":"22 Nisan 2021","format":false,"excerpt":"Kul\u00fcb\u00fcm\u00fcz Fenerbah\u00e7e Opet Kad\u0131n Voleybol tak\u0131m\u0131m\u0131z\u0131n sma\u00e7\u00f6r oyuncusu Cansu \u00c7etin ile 2 y\u0131ll\u0131k s\u00f6zle\u015fme uzatt\u0131\u011f\u0131n\u0131 resmi sitesinden yapt\u0131\u011f\u0131 a\u00e7\u0131klamayla duyurdu. Oyuncumuza ba\u015far\u0131lar dileriz. Kul\u00fcb\u00fcm\u00fczden Yap\u0131lan A\u00e7\u0131klama: Ge\u00e7ti\u011fimiz sezon ba\u015f\u0131nda kadromuza dahil edilen ba\u015far\u0131l\u0131 sporcumuz Cansu \u00c7etin'in s\u00f6zle\u015fmesi 2 y\u0131l daha uzat\u0131ld\u0131. 2021-2022 ve 2022-2023 sezonlar\u0131nda da tak\u0131m\u0131m\u0131z\u0131n formas\u0131n\u0131 giyecek olan\u2026","rel":"","context":"&quot;Transfer Haberleri&quot; i\u00e7inde","block_context":{"text":"Transfer Haberleri","link":"https:\/\/sarimelekler.biz\/?cat=23"},"img":{"alt_text":"","src":"https:\/\/i0.wp.com\/sarimelekler.biz\/wp-content\/uploads\/2020\/06\/Cansu-%C3%87etin-6-scaled.jpg?resize=350%2C200&ssl=1","width":350,"height":200,"srcset":"https:\/\/i0.wp.com\/sarimelekler.biz\/wp-content\/uploads\/2020\/06\/Cansu-%C3%87etin-6-scaled.jpg?resize=350%2C200&ssl=1 1x, https:\/\/i0.wp.com\/sarimelekler.biz\/wp-content\/uploads\/2020\/06\/Cansu-%C3%87etin-6-scaled.jpg?resize=525%2C300&ssl=1 1.5x, https:\/\/i0.wp.com\/sarimelekler.biz\/wp-content\/uploads\/2020\/06\/Cansu-%C3%87etin-6-scaled.jpg?resize=700%2C400&ssl=1 2x, https:\/\/i0.wp.com\/sarimelekler.biz\/wp-content\/uploads\/2020\/06\/Cansu-%C3%87etin-6-scaled.jpg?resize=1050%2C600&ssl=1 3x, https:\/\/i0.wp.com\/sarimelekler.biz\/wp-content\/uploads\/2020\/06\/Cansu-%C3%87etin-6-scaled.jpg?resize=1400%2C800&ssl=1 4x"},"classes":[]},{"id":19832,"url":"https:\/\/sarimelekler.biz\/?p=19832","url_meta":{"origin":19617,"position":4},"title":"Karayollar\u0131:0 \u2013 Fenerbah\u00e7e Opet:3","author":"Edit\u00f6r","date":"28 Ekim 2023","format":false,"excerpt":"Fenerbah\u00e7e Opet Kad\u0131n Voleybol Tak\u0131m\u0131m\u0131z, Vodafone Sultanlar Ligi 2023-24 Sezonu d\u00f6rd\u00fcnc\u00fc ma\u00e7\u0131nda konuk oldu\u011fu Karayollar\u0131 tak\u0131m\u0131n\u0131 7-25, 19-25 ve 16-25\u2019lik set skorlar\u0131yla 3-0 ma\u011flup etti. Ma\u00e7a Eda, Meryem, Meliha, Fedorovtseva, Fetisova, Drca ve libero Gizem kadrosuyla ba\u015flayan tak\u0131m\u0131m\u0131zda, Erg\u00fcl, Buse, Ada ve Cansu\u2019da s\u00fcre ald\u0131. Ma\u00e7\u0131 19 say\u0131yla tamamlayan Fedorovtseva\u2026","rel":"","context":"&quot;T\u00fcrkiye Ligi&quot; i\u00e7inde","block_context":{"text":"T\u00fcrkiye Ligi","link":"https:\/\/sarimelekler.biz\/?cat=6"},"img":{"alt_text":"","src":"https:\/\/i0.wp.com\/sarimelekler.biz\/wp-content\/uploads\/2023\/11\/04-23-24-1-scaled.jpg?resize=350%2C200&ssl=1","width":350,"height":200,"srcset":"https:\/\/i0.wp.com\/sarimelekler.biz\/wp-content\/uploads\/2023\/11\/04-23-24-1-scaled.jpg?resize=350%2C200&ssl=1 1x, https:\/\/i0.wp.com\/sarimelekler.biz\/wp-content\/uploads\/2023\/11\/04-23-24-1-scaled.jpg?resize=525%2C300&ssl=1 1.5x, https:\/\/i0.wp.com\/sarimelekler.biz\/wp-content\/uploads\/2023\/11\/04-23-24-1-scaled.jpg?resize=700%2C400&ssl=1 2x, https:\/\/i0.wp.com\/sarimelekler.biz\/wp-content\/uploads\/2023\/11\/04-23-24-1-scaled.jpg?resize=1050%2C600&ssl=1 3x, https:\/\/i0.wp.com\/sarimelekler.biz\/wp-content\/uploads\/2023\/11\/04-23-24-1-scaled.jpg?resize=1400%2C800&ssl=1 4x"},"classes":[]},{"id":20085,"url":"https:\/\/sarimelekler.biz\/?p=20085","url_meta":{"origin":19617,"position":5},"title":"Fenerbah\u00e7e Opet:3 \u2013 PTT:0","author":"Edit\u00f6r","date":"2 Aral\u0131k 2023","format":false,"excerpt":"Fenerbah\u00e7e Opet Kad\u0131n Voleybol Tak\u0131m\u0131m\u0131z, Vodafone Sultanlar Ligi 11. ma\u00e7\u0131nda konuk etti\u011fi PTT Spor tak\u0131m\u0131n\u0131 26-24, 25-12 ve 25-17'lik set skorlar\u0131yla 3-0 ma\u011flup etti. Ma\u00e7a Asl\u0131, Meliha, Buse, Fetisova, Fedorovtseva, Stysiak ve libero Gizem kadrosuyla ba\u015flayan tak\u0131m\u0131m\u0131zda, Erg\u00fcl, Cansu, Ada, Meryem ve Ana Cristina\u2019da s\u00fcre ald\u0131. Ma\u00e7\u0131 10 say\u0131yla tamamlayan\u2026","rel":"","context":"&quot;T\u00fcrkiye Ligi&quot; i\u00e7inde","block_context":{"text":"T\u00fcrkiye Ligi","link":"https:\/\/sarimelekler.biz\/?cat=6"},"img":{"alt_text":"","src":"https:\/\/i0.wp.com\/sarimelekler.biz\/wp-content\/uploads\/2024\/01\/11-23-24-14-scaled.jpg?resize=350%2C200&ssl=1","width":350,"height":200,"srcset":"https:\/\/i0.wp.com\/sarimelekler.biz\/wp-content\/uploads\/2024\/01\/11-23-24-14-scaled.jpg?resize=350%2C200&ssl=1 1x, https:\/\/i0.wp.com\/sarimelekler.biz\/wp-content\/uploads\/2024\/01\/11-23-24-14-scaled.jpg?resize=525%2C300&ssl=1 1.5x, https:\/\/i0.wp.com\/sarimelekler.biz\/wp-content\/uploads\/2024\/01\/11-23-24-14-scaled.jpg?resize=700%2C400&ssl=1 2x, https:\/\/i0.wp.com\/sarimelekler.biz\/wp-content\/uploads\/2024\/01\/11-23-24-14-scaled.jpg?resize=1050%2C600&ssl=1 3x, https:\/\/i0.wp.com\/sarimelekler.biz\/wp-content\/uploads\/2024\/01\/11-23-24-14-scaled.jpg?resize=1400%2C800&ssl=1 4x"},"classes":[]}],"_links":{"self":[{"href":"https:\/\/sarimelekler.biz\/index.php?rest_route=\/wp\/v2\/posts\/19617","targetHints":{"allow":["GET"]}}],"collection":[{"href":"https:\/\/sarimelekler.biz\/index.php?rest_route=\/wp\/v2\/posts"}],"about":[{"href":"https:\/\/sarimelekler.biz\/index.php?rest_route=\/wp\/v2\/types\/post"}],"author":[{"embeddable":true,"href":"https:\/\/sarimelekler.biz\/index.php?rest_route=\/wp\/v2\/users\/1"}],"replies":[{"embeddable":true,"href":"https:\/\/sarimelekler.biz\/index.php?rest_route=%2Fwp%2Fv2%2Fcomments&post=19617"}],"version-history":[{"count":3,"href":"https:\/\/sarimelekler.biz\/index.php?rest_route=\/wp\/v2\/posts\/19617\/revisions"}],"predecessor-version":[{"id":19622,"href":"https:\/\/sarimelekler.biz\/index.php?rest_route=\/wp\/v2\/posts\/19617\/revisions\/19622"}],"wp:featuredmedia":[{"embeddable":true,"href":"https:\/\/sarimelekler.biz\/index.php?rest_route=\/wp\/v2\/media\/19624"}],"wp:attachment":[{"href":"https:\/\/sarimelekler.biz\/index.php?rest_route=%2Fwp%2Fv2%2Fmedia&parent=19617"}],"wp:term":[{"taxonomy":"category","embeddable":true,"href":"https:\/\/sarimelekler.biz\/index.php?rest_route=%2Fwp%2Fv2%2Fcategories&post=19617"},{"taxonomy":"post_tag","embeddable":true,"href":"https:\/\/sarimelekler.biz\/index.php?rest_route=%2Fwp%2Fv2%2Ftags&post=19617"}],"curies":[{"name":"wp","href":"https:\/\/api.w.org\/{rel}","templated":true}]}}