{"id":19625,"date":"2023-06-08T23:28:24","date_gmt":"2023-06-08T20:28:24","guid":{"rendered":"https:\/\/sarimelekler.biz\/?p=19625"},"modified":"2023-06-08T23:28:25","modified_gmt":"2023-06-08T20:28:25","slug":"ada-germen-fenerbahce-opette","status":"publish","type":"post","link":"https:\/\/sarimelekler.biz\/?p=19625","title":{"rendered":"Ada Germen Fenerbah\u00e7e Opet\u2019te"},"content":{"rendered":"<p style=\"text-align: justify;\"><span style=\"font-size: 18px;\">Fenerbah\u00e7e Spor Kul\u00fcb\u00fcm\u00fcz sosyal medya hesaplar\u0131ndan yapt\u0131\u011f\u0131 payla\u015f\u0131mlarda Fenerbah\u00e7e Opet Kad\u0131n Voleybol tak\u0131m\u0131m\u0131za sma\u00e7\u00f6r pozisyonunda oynayan 1997 do\u011fumlu Ada Germen\u2019in kat\u0131ld\u0131\u011f\u0131n\u0131 a\u00e7\u0131klad\u0131.<\/span><br \/>\n<span style=\"font-size: 18px;\">Yeni oyuncumuz Ada Germen&#8217;e tak\u0131m\u0131m\u0131zda ba\u015far\u0131l\u0131 bir sezon dileriz.<\/span><\/p>\n<p style=\"text-align: justify;\">\n<a href=\"https:\/\/fenerbahce.org\/haberler\/voleybol-kadin\/2023\/6\/ailemize-hos-geldin-ada-germen\" target=\"_blank\" rel=\"noopener\"><span style=\"font-size: 18px;\">Kul\u00fcb\u00fcm\u00fczden Yap\u0131lan A\u00e7\u0131klama:<\/span><\/a><br \/>\n<span style=\"font-size: 18px;\">Fenerbah\u00e7e Opet Kad\u0131n Voleybol Tak\u0131m\u0131m\u0131z, kadrosunu Ada Germen ile g\u00fc\u00e7lendirdi. T\u00fcrk sma\u00e7\u00f6r ile sezon sonuna kadar anla\u015fmaya var\u0131ld\u0131.<\/span><br \/>\n<span style=\"font-size: 18px;\">2021\/22 &#8211; 2022\/23 sezonunda T\u00fcrk Hava Yollar\u0131 tak\u0131m\u0131nda forma giyen Ada Germen, kariyerine 2014-2015 sezonunda Galatasaray&#8217;da ba\u015flad\u0131. T\u00fcrk voleybolcu daha sonra s\u0131ras\u0131yla Halkbank, T\u00fcrk Hava Yollar\u0131, Sar\u0131yer Belediyesi ve tekrar T\u00fcrk Hava Yollar\u0131 tak\u0131mlar\u0131n\u0131n formalar\u0131n\u0131 giydi.<\/span><br \/>\n<span style=\"font-size: 18px;\">Ada Germen&#8217;e ailemize ho\u015f geldin diyor, sar\u0131-lacivertli forma alt\u0131nda zaferlerle dolu bir sezon ya\u015famas\u0131n\u0131 temenni ediyoruz.<\/span><\/p>\n\n\t\t<style type=\"text\/css\">\n\t\t\t#gallery-1 {\n\t\t\t\tmargin: auto;\n\t\t\t}\n\t\t\t#gallery-1 .gallery-item {\n\t\t\t\tfloat: left;\n\t\t\t\tmargin-top: 10px;\n\t\t\t\ttext-align: center;\n\t\t\t\twidth: 100%;\n\t\t\t}\n\t\t\t#gallery-1 img {\n\t\t\t\tborder: 2px solid #cfcfcf;\n\t\t\t}\n\t\t\t#gallery-1 .gallery-caption {\n\t\t\t\tmargin-left: 0;\n\t\t\t}\n\t\t\t\/* see gallery_shortcode() in wp-includes\/media.php *\/\n\t\t<\/style>\n\t\t<div data-carousel-extra='{&quot;blog_id&quot;:1,&quot;permalink&quot;:&quot;https:\/\/sarimelekler.biz\/?p=19625&quot;}' id='gallery-1' class='gallery galleryid-19625 gallery-columns-1 gallery-size-large'><dl class='gallery-item'>\n\t\t\t<dt class='gallery-icon landscape'>\n\t\t\t\t<a href='https:\/\/sarimelekler.biz\/?attachment_id=19626'><img loading=\"lazy\" decoding=\"async\" width=\"860\" height=\"484\" src=\"https:\/\/sarimelekler.biz\/wp-content\/uploads\/2023\/06\/Ada-Germen-1024x576.jpg\" class=\"attachment-large size-large\" alt=\"\" srcset=\"https:\/\/sarimelekler.biz\/wp-content\/uploads\/2023\/06\/Ada-Germen-1024x576.jpg 1024w, https:\/\/sarimelekler.biz\/wp-content\/uploads\/2023\/06\/Ada-Germen-300x169.jpg 300w, https:\/\/sarimelekler.biz\/wp-content\/uploads\/2023\/06\/Ada-Germen-768x432.jpg 768w, https:\/\/sarimelekler.biz\/wp-content\/uploads\/2023\/06\/Ada-Germen-150x84.jpg 150w, https:\/\/sarimelekler.biz\/wp-content\/uploads\/2023\/06\/Ada-Germen.jpg 1200w\" sizes=\"auto, (max-width: 860px) 100vw, 860px\" data-attachment-id=\"19626\" data-permalink=\"https:\/\/sarimelekler.biz\/?attachment_id=19626\" data-orig-file=\"https:\/\/sarimelekler.biz\/wp-content\/uploads\/2023\/06\/Ada-Germen.jpg\" data-orig-size=\"1200,675\" data-comments-opened=\"0\" data-image-meta=\"{&quot;aperture&quot;:&quot;0&quot;,&quot;credit&quot;:&quot;&quot;,&quot;camera&quot;:&quot;&quot;,&quot;caption&quot;:&quot;&quot;,&quot;created_timestamp&quot;:&quot;0&quot;,&quot;copyright&quot;:&quot;&quot;,&quot;focal_length&quot;:&quot;0&quot;,&quot;iso&quot;:&quot;0&quot;,&quot;shutter_speed&quot;:&quot;0&quot;,&quot;title&quot;:&quot;&quot;,&quot;orientation&quot;:&quot;0&quot;}\" data-image-title=\"Ada Germen\" data-image-description=\"\" data-image-caption=\"\" data-large-file=\"https:\/\/sarimelekler.biz\/wp-content\/uploads\/2023\/06\/Ada-Germen-1024x576.jpg\" \/><\/a>\n\t\t\t<\/dt><\/dl><br style=\"clear: both\" \/>\n\t\t<\/div>\n\n<p style=\"text-align: right;\">08\/06\/2023<\/p>\n","protected":false},"excerpt":{"rendered":"<p>Fenerbah\u00e7e Spor Kul\u00fcb\u00fcm\u00fcz sosyal medya hesaplar\u0131ndan yapt\u0131\u011f\u0131 payla\u015f\u0131mlarda Fenerbah\u00e7e Opet \u2026 <a class=\"continue-reading-link\" href=\"https:\/\/sarimelekler.biz\/?p=19625\">Okumaya Devam Et.. <span class=\"meta-nav\">&rarr; <\/span><\/a><\/p>\n","protected":false},"author":1,"featured_media":19626,"comment_status":"closed","ping_status":"open","sticky":false,"template":"","format":"standard","meta":{"jetpack_post_was_ever_published":false,"_jetpack_newsletter_access":"","_jetpack_dont_email_post_to_subs":false,"_jetpack_newsletter_tier_id":0,"_jetpack_memberships_contains_paywalled_content":false,"_jetpack_memberships_contains_paid_content":false,"footnotes":"","jetpack_publicize_message":"","jetpack_publicize_feature_enabled":true,"jetpack_social_post_already_shared":true,"jetpack_social_options":{"image_generator_settings":{"template":"highway","default_image_id":0,"font":"","enabled":false},"version":2}},"categories":[23],"tags":[],"class_list":["post-19625","post","type-post","status-publish","format-standard","has-post-thumbnail","hentry","category-transfer-haberleri"],"jetpack_publicize_connections":[],"jetpack_featured_media_url":"https:\/\/sarimelekler.biz\/wp-content\/uploads\/2023\/06\/Ada-Germen.jpg","jetpack_sharing_enabled":true,"jetpack_shortlink":"https:\/\/wp.me\/p8npUZ-56x","jetpack-related-posts":[{"id":18746,"url":"https:\/\/sarimelekler.biz\/?p=18746","url_meta":{"origin":19625,"position":0},"title":"Yeni Sar\u0131 Melek Hristina Vuchkova","author":"Edit\u00f6r","date":"12 Ocak 2023","format":false,"excerpt":"Fenerbah\u00e7e Opet Kad\u0131n Voleybol Tak\u0131m\u0131m\u0131z, Bulgar orta oyuncu Hristina Vuchkova\u2019y\u0131 transfer etti\u011fini duyurdu. Yeni Oyuncumuz Hristina Vuchkova\u2019ya ba\u015far\u0131l\u0131 bir sezon dileriz. Kul\u00fcb\u00fcm\u00fcz\u00fcn Resmi Sitesinden yap\u0131lan a\u00e7\u0131klama: Fenerbah\u00e7e Opet Kad\u0131n Voleybol Tak\u0131m\u0131m\u0131z, kadrosunu Hristina Vuchkova ile g\u00fc\u00e7lendirdi. Bulgar orta oyuncu ile sezon sonuna kadar anla\u015fmaya var\u0131ld\u0131. 2022-2023 sezonunda \u00c7in\u2019in Beijing BAIC\u2026","rel":"","context":"&quot;Transfer Haberleri&quot; i\u00e7inde","block_context":{"text":"Transfer Haberleri","link":"https:\/\/sarimelekler.biz\/?cat=23"},"img":{"alt_text":"","src":"https:\/\/i0.wp.com\/sarimelekler.biz\/wp-content\/uploads\/2023\/02\/Vuchkeva.jpg?resize=350%2C200&ssl=1","width":350,"height":200,"srcset":"https:\/\/i0.wp.com\/sarimelekler.biz\/wp-content\/uploads\/2023\/02\/Vuchkeva.jpg?resize=350%2C200&ssl=1 1x, https:\/\/i0.wp.com\/sarimelekler.biz\/wp-content\/uploads\/2023\/02\/Vuchkeva.jpg?resize=525%2C300&ssl=1 1.5x, https:\/\/i0.wp.com\/sarimelekler.biz\/wp-content\/uploads\/2023\/02\/Vuchkeva.jpg?resize=700%2C400&ssl=1 2x, https:\/\/i0.wp.com\/sarimelekler.biz\/wp-content\/uploads\/2023\/02\/Vuchkeva.jpg?resize=1050%2C600&ssl=1 3x, https:\/\/i0.wp.com\/sarimelekler.biz\/wp-content\/uploads\/2023\/02\/Vuchkeva.jpg?resize=1400%2C800&ssl=1 4x"},"classes":[]},{"id":11461,"url":"https:\/\/sarimelekler.biz\/?p=11461","url_meta":{"origin":19625,"position":1},"title":"Sar\u0131 Melekler\u2019in 2019-2020 Sezonu Fikst\u00fcr\u00fc Belli Oldu.","author":"Edit\u00f6r","date":"30 A\u011fustos 2019","format":false,"excerpt":"2019-2020 Voleybol Sezonu Vestel Venus Sultanlar Ligi fikst\u00fcr\u00fc Ankara Volley Hotel Toplant\u0131 Salonu\u2019nda ger\u00e7ekle\u015fen kura \u00e7ekimi sonucunda belli oldu. Kura \u00e7ekimine T\u00fcrkiye Voleybol Federasyonu Ba\u015fkan\u0131 Mehmet Akif \u00dcst\u00fcnda\u011f haz\u0131r bulunurken kul\u00fcb\u00fcm\u00fcz\u00fc temsilen Voleybol \u015eubesi \u0130dari Menajeri Sn Abdullah Pa\u015fao\u011flu kat\u0131ld\u0131. Vestel Venus Sultanlar Ligi\u2019nde 1. Devre Kar\u015f\u0131la\u015fmalar\u0131 12 Ekim \u2013\u00a0\u2026","rel":"","context":"&quot;Haberler&quot; i\u00e7inde","block_context":{"text":"Haberler","link":"https:\/\/sarimelekler.biz\/?cat=7"},"img":{"alt_text":"","src":"https:\/\/i0.wp.com\/sarimelekler.biz\/wp-content\/uploads\/2019\/08\/19-20-Fikst%C3%BCr-%C3%87ekimi-1.jpg?resize=350%2C200&ssl=1","width":350,"height":200,"srcset":"https:\/\/i0.wp.com\/sarimelekler.biz\/wp-content\/uploads\/2019\/08\/19-20-Fikst%C3%BCr-%C3%87ekimi-1.jpg?resize=350%2C200&ssl=1 1x, https:\/\/i0.wp.com\/sarimelekler.biz\/wp-content\/uploads\/2019\/08\/19-20-Fikst%C3%BCr-%C3%87ekimi-1.jpg?resize=525%2C300&ssl=1 1.5x, https:\/\/i0.wp.com\/sarimelekler.biz\/wp-content\/uploads\/2019\/08\/19-20-Fikst%C3%BCr-%C3%87ekimi-1.jpg?resize=700%2C400&ssl=1 2x, https:\/\/i0.wp.com\/sarimelekler.biz\/wp-content\/uploads\/2019\/08\/19-20-Fikst%C3%BCr-%C3%87ekimi-1.jpg?resize=1050%2C600&ssl=1 3x, https:\/\/i0.wp.com\/sarimelekler.biz\/wp-content\/uploads\/2019\/08\/19-20-Fikst%C3%BCr-%C3%87ekimi-1.jpg?resize=1400%2C800&ssl=1 4x"},"classes":[]},{"id":12717,"url":"https:\/\/sarimelekler.biz\/?p=12717","url_meta":{"origin":19625,"position":2},"title":"Sar\u0131 Melekler \u0130kinci Yar\u0131ya Galibiyetle Ba\u015flad\u0131. T\u00fcrk Hava Yollar\u0131:0 \u2013 Fenerbah\u00e7e Opet:3","author":"Edit\u00f6r","date":"18 Ocak 2020","format":false,"excerpt":"Fenerbah\u00e7e Opet Kad\u0131n Voleybol Tak\u0131m\u0131m\u0131z Vestel Venus Sultanlar Ligi ikinci yar\u0131 a\u00e7\u0131l\u0131\u015f ma\u00e7\u0131nda kar\u015f\u0131la\u015ft\u0131\u011f\u0131 T\u00fcrk Hava Yollar\u0131 tak\u0131m\u0131n\u0131 23 \u2013 25, 15 \u2013 25 ve 14 \u2013 25\u2019lik set skorlar\u0131yla 3-0 yenerek ikinci yar\u0131ya galibiyetle ba\u015flad\u0131. Ma\u00e7a Eda, Naz, Bahar, Thompson, Mihajlovic, Robinson ve libero Aylin kadrosuyla ba\u015flayan tak\u0131m\u0131m\u0131zda yedek\u2026","rel":"","context":"&quot;T\u00fcrkiye Ligi&quot; i\u00e7inde","block_context":{"text":"T\u00fcrkiye Ligi","link":"https:\/\/sarimelekler.biz\/?cat=6"},"img":{"alt_text":"","src":"https:\/\/i0.wp.com\/sarimelekler.biz\/wp-content\/uploads\/2020\/01\/12-19-20-12.jpg?resize=350%2C200&ssl=1","width":350,"height":200,"srcset":"https:\/\/i0.wp.com\/sarimelekler.biz\/wp-content\/uploads\/2020\/01\/12-19-20-12.jpg?resize=350%2C200&ssl=1 1x, https:\/\/i0.wp.com\/sarimelekler.biz\/wp-content\/uploads\/2020\/01\/12-19-20-12.jpg?resize=525%2C300&ssl=1 1.5x, https:\/\/i0.wp.com\/sarimelekler.biz\/wp-content\/uploads\/2020\/01\/12-19-20-12.jpg?resize=700%2C400&ssl=1 2x, https:\/\/i0.wp.com\/sarimelekler.biz\/wp-content\/uploads\/2020\/01\/12-19-20-12.jpg?resize=1050%2C600&ssl=1 3x, https:\/\/i0.wp.com\/sarimelekler.biz\/wp-content\/uploads\/2020\/01\/12-19-20-12.jpg?resize=1400%2C800&ssl=1 4x"},"classes":[]},{"id":20715,"url":"https:\/\/sarimelekler.biz\/?p=20715","url_meta":{"origin":19625,"position":3},"title":"Sar\u0131 Melekler Finale Y\u00fckseldi \/ Fenerbah\u00e7e Opet:3 \u2013 T\u00fcrk Hava Yollar\u0131:1","author":"Edit\u00f6r","date":"4 Nisan 2024","format":false,"excerpt":"Fenerbah\u00e7e Opet Kad\u0131n Voleybol Tak\u0131m\u0131m\u0131z, Vodafone Sultanlar Ligi play-off etab\u0131 yar\u0131 final ikinci ma\u00e7\u0131nda konuk etti\u011fi T\u00fcrk Hava Yollar\u0131 tak\u0131m\u0131n\u0131 25-23, 17-25, 25-23, 25-14\u2019lik set skorlar\u0131yla 3-1 ma\u011flup etti. \u0130lk ma\u00e7\u0131 da 3-0 kazanan tak\u0131m\u0131m\u0131z toplam skoru 2-0\u2019a getirerek finale y\u00fckseldi. Ma\u00e7a Eda, Asl\u0131, Ana Cristina, Vargas, Fedorovtseva, Drca ve\u2026","rel":"","context":"&quot;T\u00fcrkiye Ligi&quot; i\u00e7inde","block_context":{"text":"T\u00fcrkiye Ligi","link":"https:\/\/sarimelekler.biz\/?cat=6"},"img":{"alt_text":"","src":"https:\/\/i0.wp.com\/sarimelekler.biz\/wp-content\/uploads\/2024\/04\/28-23-24-11-scaled.jpg?resize=350%2C200&ssl=1","width":350,"height":200,"srcset":"https:\/\/i0.wp.com\/sarimelekler.biz\/wp-content\/uploads\/2024\/04\/28-23-24-11-scaled.jpg?resize=350%2C200&ssl=1 1x, https:\/\/i0.wp.com\/sarimelekler.biz\/wp-content\/uploads\/2024\/04\/28-23-24-11-scaled.jpg?resize=525%2C300&ssl=1 1.5x, https:\/\/i0.wp.com\/sarimelekler.biz\/wp-content\/uploads\/2024\/04\/28-23-24-11-scaled.jpg?resize=700%2C400&ssl=1 2x, https:\/\/i0.wp.com\/sarimelekler.biz\/wp-content\/uploads\/2024\/04\/28-23-24-11-scaled.jpg?resize=1050%2C600&ssl=1 3x, https:\/\/i0.wp.com\/sarimelekler.biz\/wp-content\/uploads\/2024\/04\/28-23-24-11-scaled.jpg?resize=1400%2C800&ssl=1 4x"},"classes":[]},{"id":17235,"url":"https:\/\/sarimelekler.biz\/?p=17235","url_meta":{"origin":19625,"position":4},"title":"T\u00dcKEND\u0130K \/ Fenerbah\u00e7e Opet:2 \u2013 T\u00fcrk Hava Yollar\u0131:3","author":"Edit\u00f6r","date":"7 \u015eubat 2022","format":false,"excerpt":"Fenerbah\u00e7e Opet Kad\u0131n Voleybol Tak\u0131m\u0131m\u0131z misli.com Sultanlar Ligi 18. Hafta ma\u00e7\u0131nda konuk etti\u011fi T\u00fcrk Hava Yollar\u0131 tak\u0131m\u0131na 25-23, 25-16, 22-25, 22-25 ve 9-15\u2019lik set skorlar\u0131yla 2-0 \u00f6ne ge\u00e7mesine ra\u011fmen 3-2 ma\u011flup oldu.\u00a0 Ma\u00e7a Eda, Naz, Vargas, Fedorovtseva, Lazareva, Popovic ve libero Gizem kadrosuyla ba\u015flayan tak\u0131m\u0131m\u0131zda, Cansu, Meliha, Ana Cristina ve\u2026","rel":"","context":"&quot;T\u00fcrkiye Ligi&quot; i\u00e7inde","block_context":{"text":"T\u00fcrkiye Ligi","link":"https:\/\/sarimelekler.biz\/?cat=6"},"img":{"alt_text":"","src":"https:\/\/i0.wp.com\/sarimelekler.biz\/wp-content\/uploads\/2022\/02\/18-21-22-3.jpg?resize=350%2C200&ssl=1","width":350,"height":200,"srcset":"https:\/\/i0.wp.com\/sarimelekler.biz\/wp-content\/uploads\/2022\/02\/18-21-22-3.jpg?resize=350%2C200&ssl=1 1x, https:\/\/i0.wp.com\/sarimelekler.biz\/wp-content\/uploads\/2022\/02\/18-21-22-3.jpg?resize=525%2C300&ssl=1 1.5x, https:\/\/i0.wp.com\/sarimelekler.biz\/wp-content\/uploads\/2022\/02\/18-21-22-3.jpg?resize=700%2C400&ssl=1 2x, https:\/\/i0.wp.com\/sarimelekler.biz\/wp-content\/uploads\/2022\/02\/18-21-22-3.jpg?resize=1050%2C600&ssl=1 3x, https:\/\/i0.wp.com\/sarimelekler.biz\/wp-content\/uploads\/2022\/02\/18-21-22-3.jpg?resize=1400%2C800&ssl=1 4x"},"classes":[]},{"id":12010,"url":"https:\/\/sarimelekler.biz\/?p=12010","url_meta":{"origin":19625,"position":5},"title":"Sar\u0131 Melekler Yeni Sezona Galibiyetle Ba\u015flad\u0131 Fenerbah\u00e7e Opet:3 \u2013 T\u00fcrk Hava Yollar\u0131:2","author":"Edit\u00f6r","date":"12 Ekim 2019","format":false,"excerpt":"Fenerbah\u00e7e Opet Kad\u0131n Voleybol Tak\u0131m\u0131m\u0131z 2019 \u2013 2020 sezonu Vestel Ven\u00fcs Sultanlar Ligi 1. Hafta ma\u00e7\u0131nda kar\u015f\u0131la\u015ft\u0131\u011f\u0131 T\u00fcrk Hava Yollar\u0131 tak\u0131m\u0131n\u0131 25 \u2013 18, 25 \u2013 15, 22 \u2013 25, 18 \u2013 25 ve 15 \u2013 9\u2019luk set skorlar\u0131yla 3-2 yenerek sezona galibiyetle ba\u015flad\u0131. Ma\u00e7a Eda, Naz, Fatma, Bahar, Ceren,\u2026","rel":"","context":"&quot;T\u00fcrkiye Ligi&quot; i\u00e7inde","block_context":{"text":"T\u00fcrkiye Ligi","link":"https:\/\/sarimelekler.biz\/?cat=6"},"img":{"alt_text":"","src":"https:\/\/i0.wp.com\/sarimelekler.biz\/wp-content\/uploads\/2019\/10\/1-19-20-21.jpg?resize=350%2C200&ssl=1","width":350,"height":200,"srcset":"https:\/\/i0.wp.com\/sarimelekler.biz\/wp-content\/uploads\/2019\/10\/1-19-20-21.jpg?resize=350%2C200&ssl=1 1x, https:\/\/i0.wp.com\/sarimelekler.biz\/wp-content\/uploads\/2019\/10\/1-19-20-21.jpg?resize=525%2C300&ssl=1 1.5x, https:\/\/i0.wp.com\/sarimelekler.biz\/wp-content\/uploads\/2019\/10\/1-19-20-21.jpg?resize=700%2C400&ssl=1 2x, https:\/\/i0.wp.com\/sarimelekler.biz\/wp-content\/uploads\/2019\/10\/1-19-20-21.jpg?resize=1050%2C600&ssl=1 3x, https:\/\/i0.wp.com\/sarimelekler.biz\/wp-content\/uploads\/2019\/10\/1-19-20-21.jpg?resize=1400%2C800&ssl=1 4x"},"classes":[]}],"_links":{"self":[{"href":"https:\/\/sarimelekler.biz\/index.php?rest_route=\/wp\/v2\/posts\/19625","targetHints":{"allow":["GET"]}}],"collection":[{"href":"https:\/\/sarimelekler.biz\/index.php?rest_route=\/wp\/v2\/posts"}],"about":[{"href":"https:\/\/sarimelekler.biz\/index.php?rest_route=\/wp\/v2\/types\/post"}],"author":[{"embeddable":true,"href":"https:\/\/sarimelekler.biz\/index.php?rest_route=\/wp\/v2\/users\/1"}],"replies":[{"embeddable":true,"href":"https:\/\/sarimelekler.biz\/index.php?rest_route=%2Fwp%2Fv2%2Fcomments&post=19625"}],"version-history":[{"count":2,"href":"https:\/\/sarimelekler.biz\/index.php?rest_route=\/wp\/v2\/posts\/19625\/revisions"}],"predecessor-version":[{"id":19628,"href":"https:\/\/sarimelekler.biz\/index.php?rest_route=\/wp\/v2\/posts\/19625\/revisions\/19628"}],"wp:featuredmedia":[{"embeddable":true,"href":"https:\/\/sarimelekler.biz\/index.php?rest_route=\/wp\/v2\/media\/19626"}],"wp:attachment":[{"href":"https:\/\/sarimelekler.biz\/index.php?rest_route=%2Fwp%2Fv2%2Fmedia&parent=19625"}],"wp:term":[{"taxonomy":"category","embeddable":true,"href":"https:\/\/sarimelekler.biz\/index.php?rest_route=%2Fwp%2Fv2%2Fcategories&post=19625"},{"taxonomy":"post_tag","embeddable":true,"href":"https:\/\/sarimelekler.biz\/index.php?rest_route=%2Fwp%2Fv2%2Ftags&post=19625"}],"curies":[{"name":"wp","href":"https:\/\/api.w.org\/{rel}","templated":true}]}}