{"id":19629,"date":"2023-06-08T23:42:58","date_gmt":"2023-06-08T20:42:58","guid":{"rendered":"https:\/\/sarimelekler.biz\/?p=19629"},"modified":"2023-06-09T01:12:51","modified_gmt":"2023-06-08T22:12:51","slug":"ailemize-hos-geldin-bojana-drca","status":"publish","type":"post","link":"https:\/\/sarimelekler.biz\/?p=19629","title":{"rendered":"Ailemize Ho\u015f Geldin Bojana Dr\u010da"},"content":{"rendered":"<p style=\"text-align: justify;\"><span style=\"font-size: 18px;\">Fenerbah\u00e7e Spor Kul\u00fcb\u00fcm\u00fcz sosyal medya hesaplar\u0131ndan yapt\u0131\u011f\u0131 payla\u015f\u0131mlarda Fenerbah\u00e7e Opet Kad\u0131n Voleybol tak\u0131m\u0131m\u0131za pas\u00f6r pozisyonunda oynayan 1988 do\u011fumlu S\u0131rp Bojana Dr\u010da\u2019n\u0131n kat\u0131ld\u0131\u011f\u0131n\u0131 a\u00e7\u0131klad\u0131.<\/span><br \/>\n<span style=\"font-size: 18px;\">Yeni oyuncumuz Bojana Dr\u010da &#8216;ya tak\u0131m\u0131m\u0131zda ba\u015far\u0131l\u0131 bir sezon dileriz.<\/span><\/p>\n<p style=\"text-align: justify;\"><a href=\"https:\/\/fenerbahce.org\/haberler\/voleybol-kadin\/2023\/6\/ailemize-hos-geldin-bojana-drca\" target=\"_blank\" rel=\"noopener\"><span style=\"font-size: 18px;\">Kul\u00fcb\u00fcm\u00fczden Yap\u0131lan A\u00e7\u0131klama:<\/span><\/a><br \/>\n<span style=\"font-size: 18px;\">Fenerbah\u00e7e Opet Kad\u0131n Voleybol Tak\u0131m\u0131m\u0131z, kadrosunu Bojana Dr\u010da ile g\u00fc\u00e7lendirdi. S\u0131rp pas\u00f6r ile sezon sonuna kadar anla\u015fmaya var\u0131ld\u0131.<\/span><\/p>\n<p style=\"text-align: justify;\"><span style=\"font-size: 18px;\">2022-23 sezonunda Leningradka Saint Petersburg tak\u0131m\u0131nda forma giyen Bojana Dr\u010da, kariyerine 2005-2006 sezonunda Po\u0161tar 064 Belgrade tak\u0131m\u0131nda ba\u015flad\u0131. S\u0131rp voleybolcu daha sonra s\u0131ras\u0131yla Crvena Zvezda, Volero Zurich, VK Om-SibGUOR, \u0130lbank, Volero Z\u00fcrich, Le Cannet Volley Ball, Lokomotiv Kaliningrad ve Crvena Zvezda formalar\u0131 giydi.<\/span><\/p>\n<p style=\"text-align: justify;\"><span style=\"font-size: 18px;\">Kariyeri ba\u015far\u0131lar ile dolu olan Bojana Dr\u010da&#8217;ya ailemize ho\u015f geldin diyor, sar\u0131-lacivertli forma alt\u0131nda zaferlerle dolu bir sezon ya\u015famas\u0131n\u0131 temenni ediyoruz.<\/span><\/p>\n\n\t\t<style type=\"text\/css\">\n\t\t\t#gallery-1 {\n\t\t\t\tmargin: auto;\n\t\t\t}\n\t\t\t#gallery-1 .gallery-item {\n\t\t\t\tfloat: left;\n\t\t\t\tmargin-top: 10px;\n\t\t\t\ttext-align: center;\n\t\t\t\twidth: 100%;\n\t\t\t}\n\t\t\t#gallery-1 img {\n\t\t\t\tborder: 2px solid #cfcfcf;\n\t\t\t}\n\t\t\t#gallery-1 .gallery-caption {\n\t\t\t\tmargin-left: 0;\n\t\t\t}\n\t\t\t\/* see gallery_shortcode() in wp-includes\/media.php *\/\n\t\t<\/style>\n\t\t<div data-carousel-extra='{&quot;blog_id&quot;:1,&quot;permalink&quot;:&quot;https:\/\/sarimelekler.biz\/?p=19629&quot;}' id='gallery-1' class='gallery galleryid-19629 gallery-columns-1 gallery-size-large'><dl class='gallery-item'>\n\t\t\t<dt class='gallery-icon landscape'>\n\t\t\t\t<a href='https:\/\/sarimelekler.biz\/?attachment_id=19631'><img loading=\"lazy\" decoding=\"async\" width=\"860\" height=\"574\" src=\"https:\/\/sarimelekler.biz\/wp-content\/uploads\/2023\/06\/Bojana-Drca-2-1024x683.jpg\" class=\"attachment-large size-large\" alt=\"\" srcset=\"https:\/\/sarimelekler.biz\/wp-content\/uploads\/2023\/06\/Bojana-Drca-2-1024x683.jpg 1024w, https:\/\/sarimelekler.biz\/wp-content\/uploads\/2023\/06\/Bojana-Drca-2-300x200.jpg 300w, https:\/\/sarimelekler.biz\/wp-content\/uploads\/2023\/06\/Bojana-Drca-2-768x512.jpg 768w, https:\/\/sarimelekler.biz\/wp-content\/uploads\/2023\/06\/Bojana-Drca-2-1536x1025.jpg 1536w, https:\/\/sarimelekler.biz\/wp-content\/uploads\/2023\/06\/Bojana-Drca-2-2048x1366.jpg 2048w, https:\/\/sarimelekler.biz\/wp-content\/uploads\/2023\/06\/Bojana-Drca-2-150x100.jpg 150w\" sizes=\"auto, (max-width: 860px) 100vw, 860px\" data-attachment-id=\"19631\" data-permalink=\"https:\/\/sarimelekler.biz\/?attachment_id=19631\" data-orig-file=\"https:\/\/sarimelekler.biz\/wp-content\/uploads\/2023\/06\/Bojana-Drca-2-scaled.jpg\" data-orig-size=\"2560,1708\" data-comments-opened=\"0\" data-image-meta=\"{&quot;aperture&quot;:&quot;2.8&quot;,&quot;credit&quot;:&quot;Ivica Veselinov&quot;,&quot;camera&quot;:&quot;Canon EOS-1D X&quot;,&quot;caption&quot;:&quot;&quot;,&quot;created_timestamp&quot;:&quot;1646598264&quot;,&quot;copyright&quot;:&quot;Ivica Veselinov&quot;,&quot;focal_length&quot;:&quot;70&quot;,&quot;iso&quot;:&quot;3200&quot;,&quot;shutter_speed&quot;:&quot;0.0025&quot;,&quot;title&quot;:&quot;&quot;,&quot;orientation&quot;:&quot;1&quot;}\" data-image-title=\"Bojana Dr\u010da (2)\" data-image-description=\"\" data-image-caption=\"\" data-large-file=\"https:\/\/sarimelekler.biz\/wp-content\/uploads\/2023\/06\/Bojana-Drca-2-1024x683.jpg\" \/><\/a>\n\t\t\t<\/dt><\/dl><br style=\"clear: both\" \/><dl class='gallery-item'>\n\t\t\t<dt class='gallery-icon landscape'>\n\t\t\t\t<a href='https:\/\/sarimelekler.biz\/?attachment_id=19632'><img loading=\"lazy\" decoding=\"async\" width=\"860\" height=\"574\" src=\"https:\/\/sarimelekler.biz\/wp-content\/uploads\/2023\/06\/Bojana-Drca-3-1024x683.jpg\" class=\"attachment-large size-large\" alt=\"\" srcset=\"https:\/\/sarimelekler.biz\/wp-content\/uploads\/2023\/06\/Bojana-Drca-3-1024x683.jpg 1024w, https:\/\/sarimelekler.biz\/wp-content\/uploads\/2023\/06\/Bojana-Drca-3-300x200.jpg 300w, https:\/\/sarimelekler.biz\/wp-content\/uploads\/2023\/06\/Bojana-Drca-3-768x512.jpg 768w, https:\/\/sarimelekler.biz\/wp-content\/uploads\/2023\/06\/Bojana-Drca-3-1536x1025.jpg 1536w, https:\/\/sarimelekler.biz\/wp-content\/uploads\/2023\/06\/Bojana-Drca-3-2048x1366.jpg 2048w, https:\/\/sarimelekler.biz\/wp-content\/uploads\/2023\/06\/Bojana-Drca-3-150x100.jpg 150w\" sizes=\"auto, (max-width: 860px) 100vw, 860px\" data-attachment-id=\"19632\" data-permalink=\"https:\/\/sarimelekler.biz\/?attachment_id=19632\" data-orig-file=\"https:\/\/sarimelekler.biz\/wp-content\/uploads\/2023\/06\/Bojana-Drca-3.jpg\" data-orig-size=\"2560,1708\" data-comments-opened=\"0\" data-image-meta=\"{&quot;aperture&quot;:&quot;0&quot;,&quot;credit&quot;:&quot;&quot;,&quot;camera&quot;:&quot;&quot;,&quot;caption&quot;:&quot;&quot;,&quot;created_timestamp&quot;:&quot;0&quot;,&quot;copyright&quot;:&quot;&quot;,&quot;focal_length&quot;:&quot;0&quot;,&quot;iso&quot;:&quot;0&quot;,&quot;shutter_speed&quot;:&quot;0&quot;,&quot;title&quot;:&quot;&quot;,&quot;orientation&quot;:&quot;0&quot;}\" data-image-title=\"Bojana Dr\u010da (3)\" data-image-description=\"\" data-image-caption=\"\" data-large-file=\"https:\/\/sarimelekler.biz\/wp-content\/uploads\/2023\/06\/Bojana-Drca-3-1024x683.jpg\" \/><\/a>\n\t\t\t<\/dt><\/dl><br style=\"clear: both\" \/><dl class='gallery-item'>\n\t\t\t<dt class='gallery-icon landscape'>\n\t\t\t\t<a href='https:\/\/sarimelekler.biz\/?attachment_id=19630'><img loading=\"lazy\" decoding=\"async\" width=\"860\" height=\"574\" src=\"https:\/\/sarimelekler.biz\/wp-content\/uploads\/2023\/06\/Bojana-Drca-1-1024x683.jpg\" class=\"attachment-large size-large\" alt=\"\" srcset=\"https:\/\/sarimelekler.biz\/wp-content\/uploads\/2023\/06\/Bojana-Drca-1-1024x683.jpg 1024w, https:\/\/sarimelekler.biz\/wp-content\/uploads\/2023\/06\/Bojana-Drca-1-300x200.jpg 300w, https:\/\/sarimelekler.biz\/wp-content\/uploads\/2023\/06\/Bojana-Drca-1-768x512.jpg 768w, https:\/\/sarimelekler.biz\/wp-content\/uploads\/2023\/06\/Bojana-Drca-1-1536x1025.jpg 1536w, https:\/\/sarimelekler.biz\/wp-content\/uploads\/2023\/06\/Bojana-Drca-1-150x100.jpg 150w, https:\/\/sarimelekler.biz\/wp-content\/uploads\/2023\/06\/Bojana-Drca-1.jpg 2000w\" sizes=\"auto, (max-width: 860px) 100vw, 860px\" data-attachment-id=\"19630\" data-permalink=\"https:\/\/sarimelekler.biz\/?attachment_id=19630\" data-orig-file=\"https:\/\/sarimelekler.biz\/wp-content\/uploads\/2023\/06\/Bojana-Drca-1.jpg\" data-orig-size=\"2000,1334\" data-comments-opened=\"0\" data-image-meta=\"{&quot;aperture&quot;:&quot;2.8&quot;,&quot;credit&quot;:&quot;Ivica Veselinov&quot;,&quot;camera&quot;:&quot;Canon EOS-1D X&quot;,&quot;caption&quot;:&quot;&quot;,&quot;created_timestamp&quot;:&quot;1649701586&quot;,&quot;copyright&quot;:&quot;Ivica Veselinov&quot;,&quot;focal_length&quot;:&quot;62&quot;,&quot;iso&quot;:&quot;2500&quot;,&quot;shutter_speed&quot;:&quot;0.0015625&quot;,&quot;title&quot;:&quot;&quot;,&quot;orientation&quot;:&quot;1&quot;}\" data-image-title=\"Bojana Dr\u010da (1)\" data-image-description=\"\" data-image-caption=\"\" data-large-file=\"https:\/\/sarimelekler.biz\/wp-content\/uploads\/2023\/06\/Bojana-Drca-1-1024x683.jpg\" \/><\/a>\n\t\t\t<\/dt><\/dl><br style=\"clear: both\" \/><dl class='gallery-item'>\n\t\t\t<dt class='gallery-icon landscape'>\n\t\t\t\t<a href='https:\/\/sarimelekler.biz\/?attachment_id=19633'><img loading=\"lazy\" decoding=\"async\" width=\"860\" height=\"484\" src=\"https:\/\/sarimelekler.biz\/wp-content\/uploads\/2023\/06\/Bojana-Drca-4-1024x576.jpg\" class=\"attachment-large size-large\" alt=\"\" srcset=\"https:\/\/sarimelekler.biz\/wp-content\/uploads\/2023\/06\/Bojana-Drca-4-1024x576.jpg 1024w, https:\/\/sarimelekler.biz\/wp-content\/uploads\/2023\/06\/Bojana-Drca-4-300x169.jpg 300w, https:\/\/sarimelekler.biz\/wp-content\/uploads\/2023\/06\/Bojana-Drca-4-768x432.jpg 768w, https:\/\/sarimelekler.biz\/wp-content\/uploads\/2023\/06\/Bojana-Drca-4-150x84.jpg 150w, https:\/\/sarimelekler.biz\/wp-content\/uploads\/2023\/06\/Bojana-Drca-4.jpg 1200w\" sizes=\"auto, (max-width: 860px) 100vw, 860px\" data-attachment-id=\"19633\" data-permalink=\"https:\/\/sarimelekler.biz\/?attachment_id=19633\" data-orig-file=\"https:\/\/sarimelekler.biz\/wp-content\/uploads\/2023\/06\/Bojana-Drca-4.jpg\" data-orig-size=\"1200,675\" data-comments-opened=\"0\" data-image-meta=\"{&quot;aperture&quot;:&quot;0&quot;,&quot;credit&quot;:&quot;&quot;,&quot;camera&quot;:&quot;&quot;,&quot;caption&quot;:&quot;&quot;,&quot;created_timestamp&quot;:&quot;0&quot;,&quot;copyright&quot;:&quot;&quot;,&quot;focal_length&quot;:&quot;0&quot;,&quot;iso&quot;:&quot;0&quot;,&quot;shutter_speed&quot;:&quot;0&quot;,&quot;title&quot;:&quot;&quot;,&quot;orientation&quot;:&quot;0&quot;}\" data-image-title=\"Bojana Dr\u010da (4)\" data-image-description=\"\" data-image-caption=\"\" data-large-file=\"https:\/\/sarimelekler.biz\/wp-content\/uploads\/2023\/06\/Bojana-Drca-4-1024x576.jpg\" \/><\/a>\n\t\t\t<\/dt><\/dl><br style=\"clear: both\" \/>\n\t\t<\/div>\n\n<p style=\"text-align: right;\">08\/06\/2023<\/p>\n","protected":false},"excerpt":{"rendered":"<p>Fenerbah\u00e7e Spor Kul\u00fcb\u00fcm\u00fcz sosyal medya hesaplar\u0131ndan yapt\u0131\u011f\u0131 payla\u015f\u0131mlarda Fenerbah\u00e7e Opet \u2026 <a class=\"continue-reading-link\" href=\"https:\/\/sarimelekler.biz\/?p=19629\">Okumaya Devam Et.. <span class=\"meta-nav\">&rarr; <\/span><\/a><\/p>\n","protected":false},"author":1,"featured_media":19631,"comment_status":"closed","ping_status":"open","sticky":false,"template":"","format":"standard","meta":{"jetpack_post_was_ever_published":false,"_jetpack_newsletter_access":"","_jetpack_dont_email_post_to_subs":false,"_jetpack_newsletter_tier_id":0,"_jetpack_memberships_contains_paywalled_content":false,"_jetpack_memberships_contains_paid_content":false,"footnotes":"","jetpack_publicize_message":"","jetpack_publicize_feature_enabled":true,"jetpack_social_post_already_shared":true,"jetpack_social_options":{"image_generator_settings":{"template":"highway","default_image_id":0,"font":"","enabled":false},"version":2}},"categories":[23],"tags":[],"class_list":["post-19629","post","type-post","status-publish","format-standard","has-post-thumbnail","hentry","category-transfer-haberleri"],"jetpack_publicize_connections":[],"jetpack_featured_media_url":"https:\/\/sarimelekler.biz\/wp-content\/uploads\/2023\/06\/Bojana-Drca-2-scaled.jpg","jetpack_sharing_enabled":true,"jetpack_shortlink":"https:\/\/wp.me\/p8npUZ-56B","jetpack-related-posts":[{"id":19636,"url":"https:\/\/sarimelekler.biz\/?p=19636","url_meta":{"origin":19629,"position":0},"title":"Polonyal\u0131 Pas\u00f6r \u00c7apraz\u0131 Magdalena Stysiak Fenerbah\u00e7e Opet\u2019te","author":"Edit\u00f6r","date":"8 Haziran 2023","format":false,"excerpt":"Fenerbah\u00e7e Spor Kul\u00fcb\u00fcm\u00fcz sosyal medya hesaplar\u0131ndan yapt\u0131\u011f\u0131 payla\u015f\u0131mlarda Fenerbah\u00e7e Opet Kad\u0131n Voleybol tak\u0131m\u0131m\u0131za pas\u00f6r \u00e7apraz\u0131 pozisyonunda oynayan 2000 do\u011fumlu Polonyal\u0131 Magdalena Stysiak\u2019\u0131 transfer etti\u011fini a\u00e7\u0131klad\u0131. Yeni oyuncumuz Magdalena Stysiak\u2019a tak\u0131m\u0131m\u0131zda ba\u015far\u0131l\u0131 bir sezon dileriz. Kul\u00fcb\u00fcm\u00fczden Yap\u0131lan A\u00e7\u0131klama: Fenerbah\u00e7e Opet Kad\u0131n Voleybol Tak\u0131m\u0131m\u0131z, kadrosunu Magdalena Stysiak ile g\u00fc\u00e7lendirdi. Polonyal\u0131 pas\u00f6r \u00e7apraz\u0131\u2026","rel":"","context":"&quot;Transfer Haberleri&quot; i\u00e7inde","block_context":{"text":"Transfer Haberleri","link":"https:\/\/sarimelekler.biz\/?cat=23"},"img":{"alt_text":"","src":"https:\/\/i0.wp.com\/sarimelekler.biz\/wp-content\/uploads\/2023\/06\/Stysiak-2.jpg?resize=350%2C200&ssl=1","width":350,"height":200,"srcset":"https:\/\/i0.wp.com\/sarimelekler.biz\/wp-content\/uploads\/2023\/06\/Stysiak-2.jpg?resize=350%2C200&ssl=1 1x, https:\/\/i0.wp.com\/sarimelekler.biz\/wp-content\/uploads\/2023\/06\/Stysiak-2.jpg?resize=525%2C300&ssl=1 1.5x, https:\/\/i0.wp.com\/sarimelekler.biz\/wp-content\/uploads\/2023\/06\/Stysiak-2.jpg?resize=700%2C400&ssl=1 2x, https:\/\/i0.wp.com\/sarimelekler.biz\/wp-content\/uploads\/2023\/06\/Stysiak-2.jpg?resize=1050%2C600&ssl=1 3x"},"classes":[]},{"id":22015,"url":"https:\/\/sarimelekler.biz\/?p=22015","url_meta":{"origin":19629,"position":1},"title":"2025-26 SEZONU BA\u015eLIYOR","author":"Edit\u00f6r","date":"8 Ekim 2025","format":false,"excerpt":"2024-25 Sezon Bitimiyle beraber tak\u0131m\u0131m\u0131zdan Meliha Diken, Dicle Nur Babat, Magdalena Stysiak, Hristina Vuchkova, Bojana Dr\u010da, Elitsa Atanasijevi\u0107 ve \u00d6zlem G\u00fcven\u2019in ayr\u0131ld\u0131\u011f\u0131 01\/06\/2025 g\u00fcn\u00fc kul\u00fcb\u00fcm\u00fcz\u00fcn resmi sitesinden a\u00e7\u0131kland\u0131. Bizde kendilerine emekleri i\u00e7in te\u015fekk\u00fcr eder, sakatl\u0131ks\u0131z bir spor ya\u015fant\u0131s\u0131 dileriz. Tak\u0131m\u0131m\u0131z 2025-26 sezonu kadro yap\u0131lanmas\u0131 kapsam\u0131nda i\u00e7 transferde Arelya Karasoy ile\u2026","rel":"","context":"&quot;Haberler&quot; i\u00e7inde","block_context":{"text":"Haberler","link":"https:\/\/sarimelekler.biz\/?cat=7"},"img":{"alt_text":"","src":"https:\/\/i0.wp.com\/sarimelekler.biz\/wp-content\/uploads\/2025\/10\/Sardegna-Turnuvasi-4.jpg?resize=350%2C200&ssl=1","width":350,"height":200,"srcset":"https:\/\/i0.wp.com\/sarimelekler.biz\/wp-content\/uploads\/2025\/10\/Sardegna-Turnuvasi-4.jpg?resize=350%2C200&ssl=1 1x, https:\/\/i0.wp.com\/sarimelekler.biz\/wp-content\/uploads\/2025\/10\/Sardegna-Turnuvasi-4.jpg?resize=525%2C300&ssl=1 1.5x, https:\/\/i0.wp.com\/sarimelekler.biz\/wp-content\/uploads\/2025\/10\/Sardegna-Turnuvasi-4.jpg?resize=700%2C400&ssl=1 2x, https:\/\/i0.wp.com\/sarimelekler.biz\/wp-content\/uploads\/2025\/10\/Sardegna-Turnuvasi-4.jpg?resize=1050%2C600&ssl=1 3x"},"classes":[]},{"id":20882,"url":"https:\/\/sarimelekler.biz\/?p=20882","url_meta":{"origin":19629,"position":2},"title":"Sar\u0131 Melekler \u015eampiyonluk Kupas\u0131n\u0131 Ald\u0131","author":"Edit\u00f6r","date":"21 Nisan 2024","format":false,"excerpt":"Fenerbah\u00e7e Opet Kad\u0131n Voleybol Tak\u0131m\u0131m\u0131z, Vodafone Sultanlar Ligi final serisinde Eczac\u0131ba\u015f\u0131 Dynavit tak\u0131m\u0131n\u0131 toplamda 3-2 yenerek \u00fcst \u00fcste iki kez olmak \u00fczere 7. kez \u015eampiyon oldu. Sar\u0131 Melekler 2010-2011 \u015eampiyonlu\u011fundan sonra bu \u015fampiyonluk kupa seremonisinde de \u201cMelek Kanad\u0131\u201d takt\u0131. Ma\u00e7 sonu d\u00fczenlenen kupa seremonisinde Kaptan\u0131m\u0131z Eda Erdem yine \u015eampiyonluk Kupas\u0131n\u0131\u2026","rel":"","context":"&quot;T\u00fcrkiye Ligi&quot; i\u00e7inde","block_context":{"text":"T\u00fcrkiye Ligi","link":"https:\/\/sarimelekler.biz\/?cat=6"},"img":{"alt_text":"","src":"https:\/\/i0.wp.com\/sarimelekler.biz\/wp-content\/uploads\/2024\/04\/23-24-33-Kupa-Seremonisi-19.jpg?resize=350%2C200&ssl=1","width":350,"height":200,"srcset":"https:\/\/i0.wp.com\/sarimelekler.biz\/wp-content\/uploads\/2024\/04\/23-24-33-Kupa-Seremonisi-19.jpg?resize=350%2C200&ssl=1 1x, https:\/\/i0.wp.com\/sarimelekler.biz\/wp-content\/uploads\/2024\/04\/23-24-33-Kupa-Seremonisi-19.jpg?resize=525%2C300&ssl=1 1.5x, https:\/\/i0.wp.com\/sarimelekler.biz\/wp-content\/uploads\/2024\/04\/23-24-33-Kupa-Seremonisi-19.jpg?resize=700%2C400&ssl=1 2x, https:\/\/i0.wp.com\/sarimelekler.biz\/wp-content\/uploads\/2024\/04\/23-24-33-Kupa-Seremonisi-19.jpg?resize=1050%2C600&ssl=1 3x, https:\/\/i0.wp.com\/sarimelekler.biz\/wp-content\/uploads\/2024\/04\/23-24-33-Kupa-Seremonisi-19.jpg?resize=1400%2C800&ssl=1 4x"},"classes":[]},{"id":19625,"url":"https:\/\/sarimelekler.biz\/?p=19625","url_meta":{"origin":19629,"position":3},"title":"Ada Germen Fenerbah\u00e7e Opet\u2019te","author":"Edit\u00f6r","date":"8 Haziran 2023","format":false,"excerpt":"Fenerbah\u00e7e Spor Kul\u00fcb\u00fcm\u00fcz sosyal medya hesaplar\u0131ndan yapt\u0131\u011f\u0131 payla\u015f\u0131mlarda Fenerbah\u00e7e Opet Kad\u0131n Voleybol tak\u0131m\u0131m\u0131za sma\u00e7\u00f6r pozisyonunda oynayan 1997 do\u011fumlu Ada Germen\u2019in kat\u0131ld\u0131\u011f\u0131n\u0131 a\u00e7\u0131klad\u0131. Yeni oyuncumuz Ada Germen'e tak\u0131m\u0131m\u0131zda ba\u015far\u0131l\u0131 bir sezon dileriz. Kul\u00fcb\u00fcm\u00fczden Yap\u0131lan A\u00e7\u0131klama: Fenerbah\u00e7e Opet Kad\u0131n Voleybol Tak\u0131m\u0131m\u0131z, kadrosunu Ada Germen ile g\u00fc\u00e7lendirdi. T\u00fcrk sma\u00e7\u00f6r ile sezon sonuna kadar\u2026","rel":"","context":"&quot;Transfer Haberleri&quot; i\u00e7inde","block_context":{"text":"Transfer Haberleri","link":"https:\/\/sarimelekler.biz\/?cat=23"},"img":{"alt_text":"","src":"https:\/\/i0.wp.com\/sarimelekler.biz\/wp-content\/uploads\/2023\/06\/Ada-Germen.jpg?resize=350%2C200&ssl=1","width":350,"height":200,"srcset":"https:\/\/i0.wp.com\/sarimelekler.biz\/wp-content\/uploads\/2023\/06\/Ada-Germen.jpg?resize=350%2C200&ssl=1 1x, https:\/\/i0.wp.com\/sarimelekler.biz\/wp-content\/uploads\/2023\/06\/Ada-Germen.jpg?resize=525%2C300&ssl=1 1.5x, https:\/\/i0.wp.com\/sarimelekler.biz\/wp-content\/uploads\/2023\/06\/Ada-Germen.jpg?resize=700%2C400&ssl=1 2x, https:\/\/i0.wp.com\/sarimelekler.biz\/wp-content\/uploads\/2023\/06\/Ada-Germen.jpg?resize=1050%2C600&ssl=1 3x"},"classes":[]},{"id":19641,"url":"https:\/\/sarimelekler.biz\/?p=19641","url_meta":{"origin":19629,"position":4},"title":"Yeni Sar\u0131 Melek Irina Fetisova","author":"Edit\u00f6r","date":"8 Haziran 2023","format":false,"excerpt":"Fenerbah\u00e7e Spor Kul\u00fcb\u00fcm\u00fcz sosyal medya hesaplar\u0131ndan yapt\u0131\u011f\u0131 payla\u015f\u0131mlarda Fenerbah\u00e7e Opet Kad\u0131n Voleybol tak\u0131m\u0131m\u0131za orta oyuncu pozisyonunda oynayan 1994 do\u011fumlu Rus Irina Fetisova\u2019y\u0131 transfer etti\u011fini a\u00e7\u0131klad\u0131. Yeni oyuncumuz Irina Fetisova\u2019ya tak\u0131m\u0131m\u0131zda ba\u015far\u0131l\u0131 bir sezon dileriz. Kul\u00fcb\u00fcm\u00fczden Yap\u0131lan A\u00e7\u0131klama: Fenerbah\u00e7e Opet Kad\u0131n Voleybol Tak\u0131m\u0131m\u0131z, kadrosunu Irina Fetisova ile g\u00fc\u00e7lendirdi. Rus orta oyuncu\u2026","rel":"","context":"&quot;Transfer Haberleri&quot; i\u00e7inde","block_context":{"text":"Transfer Haberleri","link":"https:\/\/sarimelekler.biz\/?cat=23"},"img":{"alt_text":"","src":"https:\/\/i0.wp.com\/sarimelekler.biz\/wp-content\/uploads\/2023\/06\/Fetisova-4.jpg?resize=350%2C200&ssl=1","width":350,"height":200,"srcset":"https:\/\/i0.wp.com\/sarimelekler.biz\/wp-content\/uploads\/2023\/06\/Fetisova-4.jpg?resize=350%2C200&ssl=1 1x, https:\/\/i0.wp.com\/sarimelekler.biz\/wp-content\/uploads\/2023\/06\/Fetisova-4.jpg?resize=525%2C300&ssl=1 1.5x, https:\/\/i0.wp.com\/sarimelekler.biz\/wp-content\/uploads\/2023\/06\/Fetisova-4.jpg?resize=700%2C400&ssl=1 2x"},"classes":[]},{"id":11863,"url":"https:\/\/sarimelekler.biz\/?p=11863","url_meta":{"origin":19629,"position":5},"title":"Eda Erdem D\u00fcndar ile Brankica Mihajlovic R\u00fcya Tak\u0131ma se\u00e7ildi","author":"Edit\u00f6r","date":"21 Eyl\u00fcl 2019","format":false,"excerpt":"\u00dclkemizin de ev sahipli\u011fiyle d\u00f6rt \u00fclkenin ortakla\u015fa d\u00fczenledi\u011fi 2019 CEV Kad\u0131nlar Avrupa Voleybol \u015eampiyonas\u0131\u2019nda gurur verici bir ba\u015far\u0131ya imza atarak Avrupa ikincisi olan Milli Tak\u0131m\u0131m\u0131z\u0131n kaptan\u0131 Eda Erdem D\u00fcndar ile Fenerbah\u00e7e Opet Kad\u0131n Voleybol Tak\u0131m\u0131m\u0131z\u0131n yeni transferi S\u0131rp Brankica Mihajlovic, turnuvan\u0131n R\u00fcya Tak\u0131m\u0131\u2019nda yer ald\u0131. Avrupa Voleybol \u015eampiyonas\u0131 Final ma\u00e7\u0131ndan\u2026","rel":"","context":"&quot;Milli Tak\u0131m&quot; i\u00e7inde","block_context":{"text":"Milli Tak\u0131m","link":"https:\/\/sarimelekler.biz\/?cat=19"},"img":{"alt_text":"","src":"https:\/\/i0.wp.com\/sarimelekler.biz\/wp-content\/uploads\/2019\/09\/Eda-Brankica.jpg?resize=350%2C200&ssl=1","width":350,"height":200,"srcset":"https:\/\/i0.wp.com\/sarimelekler.biz\/wp-content\/uploads\/2019\/09\/Eda-Brankica.jpg?resize=350%2C200&ssl=1 1x, https:\/\/i0.wp.com\/sarimelekler.biz\/wp-content\/uploads\/2019\/09\/Eda-Brankica.jpg?resize=525%2C300&ssl=1 1.5x, https:\/\/i0.wp.com\/sarimelekler.biz\/wp-content\/uploads\/2019\/09\/Eda-Brankica.jpg?resize=700%2C400&ssl=1 2x, https:\/\/i0.wp.com\/sarimelekler.biz\/wp-content\/uploads\/2019\/09\/Eda-Brankica.jpg?resize=1050%2C600&ssl=1 3x"},"classes":[]}],"_links":{"self":[{"href":"https:\/\/sarimelekler.biz\/index.php?rest_route=\/wp\/v2\/posts\/19629","targetHints":{"allow":["GET"]}}],"collection":[{"href":"https:\/\/sarimelekler.biz\/index.php?rest_route=\/wp\/v2\/posts"}],"about":[{"href":"https:\/\/sarimelekler.biz\/index.php?rest_route=\/wp\/v2\/types\/post"}],"author":[{"embeddable":true,"href":"https:\/\/sarimelekler.biz\/index.php?rest_route=\/wp\/v2\/users\/1"}],"replies":[{"embeddable":true,"href":"https:\/\/sarimelekler.biz\/index.php?rest_route=%2Fwp%2Fv2%2Fcomments&post=19629"}],"version-history":[{"count":3,"href":"https:\/\/sarimelekler.biz\/index.php?rest_route=\/wp\/v2\/posts\/19629\/revisions"}],"predecessor-version":[{"id":19647,"href":"https:\/\/sarimelekler.biz\/index.php?rest_route=\/wp\/v2\/posts\/19629\/revisions\/19647"}],"wp:featuredmedia":[{"embeddable":true,"href":"https:\/\/sarimelekler.biz\/index.php?rest_route=\/wp\/v2\/media\/19631"}],"wp:attachment":[{"href":"https:\/\/sarimelekler.biz\/index.php?rest_route=%2Fwp%2Fv2%2Fmedia&parent=19629"}],"wp:term":[{"taxonomy":"category","embeddable":true,"href":"https:\/\/sarimelekler.biz\/index.php?rest_route=%2Fwp%2Fv2%2Fcategories&post=19629"},{"taxonomy":"post_tag","embeddable":true,"href":"https:\/\/sarimelekler.biz\/index.php?rest_route=%2Fwp%2Fv2%2Ftags&post=19629"}],"curies":[{"name":"wp","href":"https:\/\/api.w.org\/{rel}","templated":true}]}}