{"id":20401,"date":"2024-03-08T21:25:32","date_gmt":"2024-03-08T18:25:32","guid":{"rendered":"https:\/\/sarimelekler.biz\/?p=20401"},"modified":"2024-03-08T21:25:34","modified_gmt":"2024-03-08T18:25:34","slug":"efsanemiz-eda-erdem-dundarin-heykelinin-acilisi-yapildi","status":"publish","type":"post","link":"https:\/\/sarimelekler.biz\/?p=20401","title":{"rendered":"EFSANEM\u0130Z EDA ERDEM D\u00dcNDAR\u2019IN HEYKEL\u0130N\u0130N A\u00c7ILI\u015eI YAPILDI"},"content":{"rendered":"<p style=\"text-align: justify;\"><span style=\"font-size: 18px;\">Elde etti\u011fi ulusal ve uluslararas\u0131 ba\u015far\u0131larla g\u00f6\u011fs\u00fcm\u00fcz\u00fc kabartan, \u00f6rnek ki\u015fili\u011fi ve duru\u015fu ile herkesin sevgisini kazanan, ad\u0131n\u0131 Fenerbah\u00e7e ve T\u00fcrk voleybol tarihine alt\u0131n harflerle kaz\u0131yan Fenerbah\u00e7e Opet Kad\u0131n Voleybol ve Milli Tak\u0131m\u0131m\u0131z\u0131n efsane kaptan\u0131 Eda Erdem D\u00fcndar\u2019\u0131n heykelinin a\u00e7\u0131l\u0131\u015f\u0131 yap\u0131ld\u0131.<\/span><\/p>\n<p style=\"text-align: justify;\"><span style=\"font-size: 18px;\">Heykelt\u0131ra\u015f ve Y. Mimar P\u0131nar \u00d6ktem Do\u011fan taraf\u0131ndan haz\u0131rlanan ve imk\u00e2n tan\u0131nd\u0131\u011f\u0131nda kad\u0131nlar\u0131n neleri ba\u015farabilece\u011finin g\u00f6stergesi olan heykel, 8 Mart D\u00fcnya Kad\u0131nlar G\u00fcn\u00fc\u2019nde \u00dclker Stadyumu Fenerbah\u00e7e \u015e\u00fckr\u00fc Saraco\u011flu Spor Kompleksi\u2019nin giri\u015fine konumland\u0131r\u0131ld\u0131.<\/span><\/p>\n<p style=\"text-align: justify;\"><span style=\"font-size: 18px;\">Heykelin a\u00e7\u0131l\u0131\u015f t\u00f6renine; Ba\u015fkan\u0131m\u0131z Ali Y. Ko\u00e7, Y\u00fcksek Divan Kurulu Ba\u015fkan\u0131m\u0131z U\u011fur D\u00fcndar, \u0130stanbul Vali Yard\u0131mc\u0131s\u0131 \u00dcnal K\u0131l\u0131\u00e7arslan, Kad\u0131k\u00f6y Kaymakam\u0131 Muhittin Pamuk, Kad\u0131k\u00f6y Belediye Ba\u015fkan\u0131 \u015eerdil Dara Odaba\u015f\u0131, Y\u00f6netim Kurulu \u00dcyelerimiz, T\u00fcrkiye Voleybol Federasyonu Ba\u015fkan\u0131 Mehmet Akif \u00dcst\u00fcnda\u011f, eski y\u00f6neticilerimizden ve sponsorumuz Ac\u0131badem Sa\u011fl\u0131k Grubu Y\u00f6netim Kurulu Ba\u015fkan\u0131 Mehmet Ali Ayd\u0131nlar, T\u00fcrkiye Milli Olimpiyat Komitesi yetkilileri, heykelin yap\u0131m\u0131na ilham veren foto\u011fraf\u0131 \u00e7eken Mert B\u00fclent U\u00e7ma, sporcular\u0131m\u0131z, \u00fcyelerimiz, Amat\u00f6r \u015eubelerimizin teknik ve idari kadrolar\u0131, Eda Erdem D\u00fcndar&#8217;\u0131n ailesi, kul\u00fcp \u00e7al\u0131\u015fanlar\u0131m\u0131z, siyasi parti temsilcileri, taraftarlar\u0131m\u0131z ve davetliler kat\u0131ld\u0131.<\/span><\/p>\n<p style=\"text-align: justify;\"><span style=\"font-size: 18px;\">Sayg\u0131 duru\u015fu ve \u0130stiklal Mar\u015f\u0131yla ba\u015flayan t\u00f6rende T\u00fcrkiye Voleybol Federasyonu Ba\u015fkan\u0131 Mehmet Akif \u00dcst\u00fcnda\u011f, Y\u00f6netim Kurulu \u00dcyemiz Simla T\u00fcrker Bayaz\u0131t, Y\u00fcksek Mimar ve Heykelt\u0131ra\u015f P\u0131nar \u00d6ktem Do\u011fan, Kaptan\u0131m\u0131z Eda Erdem D\u00fcndar ve Ba\u015fkan\u0131m\u0131z Ali Y. Ko\u00e7 birer konu\u015fma yapt\u0131.<\/span><\/p>\n<p style=\"text-align: justify;\"><span style=\"font-size: 18px;\"><strong>T\u00fcrkiye Voleybol Federasyonu Ba\u015fkan\u0131 Mehmet Akif \u00dcst\u00fcnda\u011f:<\/strong> Bir Eda kolay yeti\u015fmiyor. Seninle gurur duyuyoruz, iyi ki vars\u0131n<\/span><\/p>\n<p style=\"text-align: justify;\"><span style=\"font-size: 18px;\">\u0130lk olarak k\u00fcrs\u00fcye gelen T\u00fcrkiye Voleybol Federasyonu Ba\u015fkan\u0131 Mehmet Akif \u00dcst\u00fcnda\u011f, \u201cBug\u00fcn T\u00fcrk voleybolunun \u00f6zel bir g\u00fcn\u00fcd\u00fcr. D\u00fcnya Kad\u0131nlar G\u00fcn\u00fc kutlu olsun. Kaptan gibi kaptan ve T\u00fcrkiye\u2019nin gururu olan Eda\u2019n\u0131n bu g\u00fczel heykelinin a\u00e7\u0131l\u0131\u015f\u0131nda sizlerle birlikte olmaktan mutlu ve gururluyum. Bir Eda kolay yeti\u015fmiyor. T\u00fcrkiye Voleybol Federasyonu b\u00fct\u00fcn payda\u015flar\u0131 i\u00e7in vard\u0131r, b\u00fct\u00fcn payda\u015flar\u0131n \u00e7at\u0131s\u0131d\u0131r ve voleybolu Avrupa\u2019da ve d\u00fcnyada en iyi yere getirmek i\u00e7in gayret sarf eden bir yap\u0131n\u0131n ba\u015f\u0131ndaki sistemdir. Bug\u00fcn gelinen bu ba\u015far\u0131da, bir voleybolcunun milli tak\u0131m\u0131n ve kul\u00fcb\u00fcn\u00fcn kaptan\u0131n\u0131n heykelinin a\u00e7\u0131ld\u0131\u011f\u0131 bu \u00f6zel g\u00fcn\u00fc bize ya\u015fatan, eme\u011fi ge\u00e7en herkese sonsuz te\u015fekk\u00fcrlerimi iletiyorum. Seninle gurur duyuyoruz, iyi ki vars\u0131n. Hay\u0131rl\u0131 u\u011furlu olsun. Ali Ba\u015fkan\u0131m \u00e7ok te\u015fekk\u00fcr ediyoruz. Ekibinle birlikte b\u00f6yle bir d\u00fc\u015f\u00fcnceye has\u0131l olup da b\u00f6yle g\u00fczel bir g\u00fcn ya\u015fatt\u0131\u011f\u0131n i\u00e7in voleybol camias\u0131 ad\u0131na, camiam ad\u0131na sonsuz te\u015fekk\u00fcrlerimi iletmek istiyorum.\u201d dedi.<\/span><\/p>\n<p style=\"text-align: justify;\"><span style=\"font-size: 18px;\"><strong>Y\u00f6neticimiz Simla T\u00fcrker Bayaz\u0131t:<\/strong> D\u00fcnya Kad\u0131nlar G\u00fcn\u00fc\u2019ne denk gelen bu tarihi g\u00fcnde Fenerbah\u00e7emizin kad\u0131n sporcusu Eda&#8217;m\u0131z\u0131n heykelini dikerken, heykeli yapan sanat\u00e7\u0131m\u0131z\u0131n da bir kad\u0131n olmas\u0131, bir kad\u0131n y\u00f6netici olarak benim i\u00e7in de \u00e7ok k\u0131ymetli<\/span><\/p>\n<p style=\"text-align: justify;\"><span style=\"font-size: 18px;\">Ard\u0131ndan k\u00fcrs\u00fcye gelen Voleyboldan Sorumlu Y\u00f6netim Kurulu \u00dcyemiz Simla T\u00fcrker Bayaz\u0131t yapt\u0131\u011f\u0131 konu\u015fmada, \u201cSay\u0131n Vali Yard\u0131mc\u0131m, Say\u0131n Kaymakam\u0131m, Say\u0131n Belediye Ba\u015fkan\u0131m, Say\u0131n T\u00fcrkiye Voleybol Federasyonu Ba\u015fkan\u0131m, Say\u0131n Y\u00fcksek Divan Kurulu Ba\u015fkan\u0131m, Say\u0131n Ba\u015fkan\u0131m, de\u011ferli Y\u00f6netim Kurulu \u00dcyesi arkada\u015flar\u0131m, de\u011ferli konuklar, sevgili tak\u0131m\u0131m ve teknik ekibim, de\u011ferli bas\u0131n mensuplar\u0131, gen\u00e7 sporcular\u0131m\u0131z, taraftarlar\u0131m\u0131z ve ekranlar\u0131 ba\u015f\u0131nda bizleri izleyen de\u011ferli sporseverleri sevgi ve sayg\u0131yla selaml\u0131yorum.<\/span><\/p>\n<p style=\"text-align: justify;\"><span style=\"font-size: 18px;\">Bug\u00fcn ad\u0131n\u0131 tarihe alt\u0131n harflerle yazd\u0131ran bir kad\u0131n efsanenin heykelinin dikildi\u011fi bir 8 Mart\u2019\u0131, \u00e7ok anlaml\u0131 bir g\u00fcn\u00fc hep beraber ya\u015f\u0131yoruz. Efsane do\u011fulmaz. Efsane olmak belirlenebilir bir hedef de\u011fildir. Belirlenen hedeflere ula\u015f\u0131nca ancak ba\u015far\u0131l\u0131 oluruz.<\/span><\/p>\n<p style=\"text-align: justify;\"><span style=\"font-size: 18px;\">Efsane tan\u0131m\u0131; toplumlar\u0131n, ortak bir g\u00f6r\u00fc\u015fle hi\u00e7 teredd\u00fcts\u00fcz birle\u015fti\u011fi, bir ki\u015fiye lay\u0131k g\u00f6rd\u00fc\u011f\u00fc hak edilmesi \u00e7ok zor,\u00a0 belki de en y\u00fcksek mertebedir. Sizi \u00f6l\u00fcms\u00fczle\u015ftirir. Topluma ve d\u00fcnyaya mal olursunuz. 7&#8217;den 70&#8217;e herkesin ula\u015fmak istedi\u011fi \u2018m\u00fckemmellik\u2019\u00a0 hayali olursunuz. Gelecek nesillere y\u00f6n veren, \u0131\u015f\u0131k veren bir Fener olursunuz.<\/span><\/p>\n<p style=\"text-align: justify;\"><span style=\"font-size: 18px;\">D\u00fcnya tarihine bakt\u0131\u011f\u0131m\u0131zda efsane olarak belirlenen ki\u015filerin \u00e7o\u011fu vefat ettikten sonra ta\u00e7land\u0131r\u0131lm\u0131\u015f ve heykelleri dikilmi\u015ftir. Ayn\u0131 zamanda yine tarihte efsaneli\u011fe lay\u0131k g\u00f6r\u00fclen kad\u0131n say\u0131s\u0131 maalesef \u00e7ok az.<\/span><\/p>\n<p style=\"text-align: justify;\"><span style=\"font-size: 18px;\">Fenerbah\u00e7e Spor Kul\u00fcb\u00fc olarak bug\u00fcn bir ilke imza at\u0131yoruz. A Milli Kad\u0131n Voleybol Tak\u0131m\u0131m\u0131z\u0131n ve Fenerbah\u00e7emizin kaptan\u0131, gururumuz Eda\u2019n\u0131n heykeli 117 y\u0131ll\u0131k k\u00f6kl\u00fc tarihimize iz b\u0131rakm\u0131\u015f efsane sporcular\u0131m\u0131z\u0131n aras\u0131na dikiliyor\u2026<\/span><\/p>\n<p style=\"text-align: justify;\"><span style=\"font-size: 18px;\">1923 y\u0131l\u0131nda kurdu\u011fu T\u00fcrkiye Cumhuriyeti ile kad\u0131nlar\u0131 her alanda y\u00fccelten Ulu \u00d6nderimiz Mustafa Kemal Atat\u00fcrk&#8217;\u00fcn yolunda bu alanda da O\u2019nun izinde y\u00fcr\u00fcyor olmaktan dolay\u0131 duydu\u011fumuz gurur tarifsiz. Atam\u0131z\u0131n ilkelerinden, de\u011ferlerinden ve izinden \u00e7\u0131kmadan hep daha iyiye, daha ileriye ula\u015fmak i\u00e7in \u00e7ok \u00e7al\u0131\u015f\u0131yoruz.<\/span><\/p>\n<p style=\"text-align: justify;\"><span style=\"font-size: 18px;\">Hayattayken heykelini dikerek, Eda&#8217;m\u0131z\u0131n omuzlar\u0131na \u00e7ok \u00f6nemli yeni sorumluluklar y\u00fckledi\u011fimizin de fark\u0131nday\u0131z. Ama biz onun bu sorumlulu\u011fu da gururla ta\u015f\u0131yaca\u011f\u0131na y\u00fcrekten inan\u0131yor, Eda\u2019m\u0131z\u0131n T\u00fcrkiye&#8217;si i\u00e7in, T\u00fcrk Kad\u0131n\u0131 i\u00e7in, T\u00fcrk gen\u00e7li\u011fi i\u00e7in ve Fenerbah\u00e7e\u2019si i\u00e7in her a\u011f\u0131rl\u0131\u011f\u0131 kald\u0131rabilecek g\u00fc\u00e7te oldu\u011funu biliyoruz.<\/span><\/p>\n<p style=\"text-align: justify;\"><span style=\"font-size: 18px;\">D\u00fcnya Kad\u0131nlar G\u00fcn\u00fc\u2019ne denk gelen bu tarihi g\u00fcnde Fenerbah\u00e7emizin kad\u0131n sporcusu Eda&#8217;m\u0131z\u0131n heykelini dikerken, heykeli yapan sanat\u00e7\u0131m\u0131z\u0131n da bir kad\u0131n olmas\u0131, bir kad\u0131n y\u00f6netici olarak benim i\u00e7in de \u00e7ok k\u0131ymetli.<\/span><\/p>\n<p style=\"text-align: justify;\"><span style=\"font-size: 18px;\">T\u00fcrk kad\u0131n\u0131na her daim olan deste\u011fi ve inanc\u0131 i\u00e7in Ba\u015fkan\u0131m\u0131z Say\u0131n Ali Ko\u00e7&#8217;a \u00e7ok te\u015fekk\u00fcr ediyorum.<\/span><\/p>\n<p style=\"text-align: justify;\"><span style=\"font-size: 18px;\">Sevgili heykelt\u0131ra\u015f\u0131m\u0131z ile heykel hakk\u0131nda ilk konu\u015fmaya ba\u015flad\u0131\u011f\u0131m\u0131zda g\u00f6zlerinin i\u00e7indeki \u0131\u015f\u0131k i\u00e7in, heykeli kafas\u0131nda canland\u0131rd\u0131\u011f\u0131 zamanki heyecan\u0131 i\u00e7in, \u00fc\u00e7 ay gibi k\u0131sa bir s\u00fcrede bu k\u0131ymetli esere kavu\u015fmam\u0131z\u0131 sa\u011flad\u0131\u011f\u0131 enerjisi i\u00e7in, hi\u00e7bir kar\u015f\u0131l\u0131k beklemeden bize bu eseri hediye eden c\u00f6mertli\u011fi i\u00e7in k\u0131saca t\u00fcm emekleri i\u00e7in Say\u0131n P\u0131nar \u00d6ktem\u2019e en derin minnet ve \u015f\u00fckranlar\u0131m\u0131z\u0131 sunar\u0131z.<\/span><\/p>\n<p style=\"text-align: justify;\"><span style=\"font-size: 18px;\">Size ayr\u0131ca Mert B\u00fclent U\u00e7ma\u2019dan da bahsetmek istiyorum. 2019\u2019da Ankara\u2019da oynanan Avrupa \u015eampiyonas\u0131nda kaptan\u0131m\u0131z\u0131n bize ilham veren efsane foto\u011fraf\u0131n\u0131 \u00e7eken ki\u015fi. Ve kendisi burada. Bug\u00fcn\u00fc bizimle payla\u015fmas\u0131 \u00e7ok anlaml\u0131. Sevgili Mert, geldi\u011fin i\u00e7in sana da \u00e7ok te\u015fekk\u00fcr ederiz.<\/span><\/p>\n<p style=\"text-align: justify;\"><span style=\"font-size: 18px;\">Disipliniyle, \u00e7al\u0131\u015fkanl\u0131\u011f\u0131yla; her oyuna giri\u015finde sahaya dokunan, her servis atmaya gitti\u011finde topu aln\u0131na koyan, tek aya\u011f\u0131 \u00fczerinde tarihi ba\u015far\u0131lara sma\u00e7 vuran Eda, kendisi ile \u00f6zde\u015fle\u015fmi\u015f bu hareketleriyle hi\u00e7 taviz vermeden bu spora nas\u0131l a\u015fkla sayg\u0131 duydu\u011funu g\u00f6steriyor.<\/span><\/p>\n<p style=\"text-align: justify;\"><span style=\"font-size: 18px;\">Kaptan\u0131m, Sevgili Eda; bir T\u00fcrk Kad\u0131n\u0131 olarak, y\u00f6neticin olarak, dostun olarak, seninle inan\u0131lmaz gurur duyuyorum.\u00a0 Hay\u0131rl\u0131, u\u011furlu olsun. T\u00fcm kad\u0131nlar\u0131n Kad\u0131nlar G\u00fcn\u00fc kutlu olsun.\u201d ifadelerini kulland\u0131.<\/span><\/p>\n<p style=\"text-align: justify;\"><span style=\"font-size: 18px;\"><strong>Heykelt\u0131ra\u015f ve Y. Mimar P\u0131nar \u00d6ktem Do\u011fan:<\/strong> Kaptan Eda Erdem\u2019in heykeli sadece profesyonel kariyeriyle de\u011fil, ayn\u0131 zamanda insan ili\u015fkilerinde g\u00f6sterdi\u011fi, yard\u0131mseverli\u011fi, empati yetene\u011fi ve topluma katk\u0131lar\u0131 ile de gen\u00e7 nesle rol modeldir<\/span><\/p>\n<p style=\"text-align: justify;\"><span style=\"font-size: 18px;\">K\u00fcrs\u00fcye gelen Heykelt\u0131ra\u015f ve Y. Mimar P\u0131nar \u00d6ktem Do\u011fan duygu ve d\u00fc\u015f\u00fcncelerini aktard\u0131, eser ile ilgili bilgiler verdi. P\u0131nar \u00d6ktem Do\u011fan, \u201c\u00c7ok duygulu ve heyecanl\u0131 bir an benim i\u00e7in. Bu eser Eda Erdem\u2019in heykelinin formunu yarat\u0131m s\u00fcrecinde kile ta\u015f\u0131makta ve onun duru\u015fundaki duyguyla ili\u015fkilendirilerek ba\u015far\u0131ya giden yoldaki azmini kararl\u0131l\u0131\u011f\u0131n\u0131, yeteneklerini, emeklerini ve g\u00fcc\u00fcn\u00fc izleyiciye aktarmaktad\u0131r. Bu eser t\u00fcm bu de\u011ferlerin b\u00fct\u00fcn\u00fcnde onun v\u00fccudunda ruh bulan bir metafordur, T\u00fcrk kad\u0131n\u0131n g\u00fcc\u00fcn\u00fc kutlayan ve onlar\u0131 cesaretlendiren bir simgedir ayn\u0131 zamanda. Eda Erdem\u2019in hikayesi bize her zaman inanmay\u0131, pes etmemeyi ve hayallerimizin pe\u015finden gitmeyi \u00f6\u011fretir. Sporun sadece zaferlerle dolu olmad\u0131\u011f\u0131n\u0131, ayn\u0131 zamanda zorluklar\u0131n \u00fcstesinden gelme g\u00fcc\u00fcn\u00fc de g\u00f6sterir. Sonu\u00e7 olarak Eda Erdem sadece bir sporcu de\u011fil, ayn\u0131 zamanda gen\u00e7 k\u0131zlar\u0131m\u0131za cesaret ve kararl\u0131l\u0131kla hayallerinin pe\u015finden gitmeleri i\u00e7in ilham kayna\u011f\u0131 olacakt\u0131r. Kaptan Eda Erdem\u2019in heykeli sadece profesyonel kariyeriyle de\u011fil, ayn\u0131 zamanda insan ili\u015fkilerinde g\u00f6sterdi\u011fi, yard\u0131mseverli\u011fi, empati yetene\u011fi ve topluma katk\u0131lar\u0131 ile de gen\u00e7 nesle rol modeldir.<\/span><\/p>\n<p style=\"text-align: justify;\"><span style=\"font-size: 18px;\">Benim i\u00e7in Eda Erdem\u2019i temsil eden bir heykelin yap\u0131lmas\u0131 titizlik ve \u00f6zen gerektiren bir s\u00fcre\u00e7ti. Bu heykelin sadece bir sanat eseri olman\u0131n \u00f6tesinde bir simge olaca\u011f\u0131 i\u00e7in yap\u0131lacak i\u015fin b\u00fcy\u00fckl\u00fc\u011f\u00fc ve \u00f6nemi duygular\u0131m\u0131 daha da derinle\u015ftirdi. Heykelin her detay\u0131n\u0131 do\u011fru bir \u015fekilde yans\u0131tmal\u0131 ve izleyiciye g\u00f6rkemini ve \u00f6nemini hissettirmeliydim. Sonu\u00e7 olarak Eda Erdem\u2019in heykelini, yapacak olman\u0131n heyecan\u0131 ve sorumlulu\u011fu bir yana, bu heykelin Fenerbah\u00e7e Stadyumunun \u00f6n\u00fcne yerle\u015ftirilecek olmas\u0131 b\u00fcy\u00fck bir onur oldu.<\/span><\/p>\n<p style=\"text-align: justify;\"><span style=\"font-size: 18px;\">1988 olimpiyatlar\u0131n\u0131n d\u00fcnyaca \u00fcnl\u00fc heykelt\u0131ra\u015f\u0131 babam, devlet sanat\u00e7\u0131s\u0131 Prof. Dr. Tankut \u00d6ktem en \u00f6nemli kent meydanlar\u0131m\u0131z\u0131, \u015fehitliklerimizi, An\u0131tkabir\u2019i, \u00c7anakkale\u2019yi, Afyon Kocatepe\u2019yi, Edirne\u2019den Kasrs\u2019a k\u00fclt\u00fcr miras\u0131 en \u00f6nemli eserlerimizi meydana getirirken Atat\u00fcrk\u2019\u00fc tek ba\u015f\u0131na de\u011fil, halk\u0131yla bir b\u00fct\u00fcn olarak anlatm\u0131\u015f, T\u00fcrk kad\u0131n\u0131n\u0131n, T\u00fcrk annesinin g\u00fcc\u00fcn\u00fc ve ulusal m\u00fccadelemizdeki fedakar yerini heykelleriyle gelecek nesillere b\u0131rakm\u0131\u015ft\u0131r. Bu eser ile Eda Erdem aras\u0131ndaki b\u00fct\u00fcnl\u00fck, zorluklar kar\u015f\u0131s\u0131nda diren\u00e7 g\u00f6steren, m\u00fccadeleci bir ruha sahip olan T\u00fcrk kad\u0131n\u0131n\u0131 simgelemeleri ve gelece\u011fe atfedilmeleridir. Unutmayal\u0131m ki T\u00fcrk kad\u0131n\u0131 ge\u00e7mi\u015fiyle gurur duydu\u011fumuz bir mirast\u0131r ve gelece\u011fimizin teminat\u0131d\u0131r. Kad\u0131nlar\u0131n seslerini y\u00fckselttikleri, haklar\u0131n\u0131 savunduklar\u0131 ve bir arada g\u00fc\u00e7l\u00fc olduklar\u0131 8 Mart D\u00fcnya Kad\u0131nlar G\u00fcn\u00fc bug\u00fcn Eda Erdem\u2019in heykeli ile sonsuza kadar ta\u00e7land\u0131r\u0131lm\u0131\u015ft\u0131r. Birbirinden \u00f6nemli de\u011ferleri sonsuza atfeden bu heykelin yap\u0131m\u0131na karar veren Say\u0131n Ba\u015fkan\u0131m\u0131z Ali Ko\u00e7, Fenerbah\u00e7e camias\u0131na, eserin yap\u0131m\u0131nda desteklerini esirgemeyen at\u00f6lyedeki \u00e7al\u0131\u015fma arkada\u015flar\u0131m\u0131za te\u015fekk\u00fcrlerimi sunuyorum.<\/span><\/p>\n<p style=\"text-align: justify;\"><span style=\"font-size: 18px;\">Ayr\u0131ca Bir Cumhuriyet annesi, Atat\u00fcrk\u2019\u00fcn k\u0131z\u0131, \u00fclkemizin ilk kad\u0131n veterinerlerinden Meliha \u00d6ktem\u2019in T\u00fcrkiye\u2019nin k\u00fclt\u00fcr miras\u0131 eserlerinin yap\u0131mc\u0131s\u0131 o\u011flu Tankut \u00d6ktem\u2019i yeti\u015ftirirken tuttu\u011fu g\u00fcnl\u00fckten yola \u00e7\u0131karak karde\u015fim Oylum \u00d6ktem \u0130\u015f\u00f6zen taraf\u0131ndan kaleme al\u0131nan kitab\u0131 da Say\u0131n Ba\u015fkan\u0131m\u0131z Ali Ko\u00e7\u2019a arma\u011fan etmek istiyorum.\u201d dedi.<\/span><\/p>\n<p style=\"text-align: justify;\"><span style=\"font-size: 18px;\">Heykelt\u0131ra\u015f ve Y. Mimar P\u0131nar \u00d6ktem Do\u011fan\u2019a konu\u015fmas\u0131n\u0131n ard\u0131ndan Ba\u015fkan\u0131m\u0131z Ali Y. Ko\u00e7 taraf\u0131ndan bir plaket takdim edildi.<\/span><\/p>\n<p style=\"text-align: justify;\"><strong><span style=\"font-size: 18px;\">Kaptan\u0131m\u0131z Eda Erdem D\u00fcndar: Beni Eda Erdem yapan Fenerbah\u00e7e\u2019ye olan aidiyetim ve Fenerbah\u00e7elilerin ko\u015fulsuz sevgisidir<\/span><\/strong><\/p>\n<p style=\"text-align: justify;\"><span style=\"font-size: 18px;\">Daha sonra k\u00fcrs\u00fcye Kaptan\u0131m\u0131z Eda Erdem D\u00fcndar geldi. Duygusal bir konu\u015fma yapan Eda, \u201cSayg\u0131de\u011fer konuklar\u0131m\u0131z, k\u0131ymetli misafirlerimiz ve Fenerbah\u00e7e\u2019nin b\u00fcy\u00fck taraftar\u0131 hepiniz ho\u015f geldiniz.<\/span><\/p>\n<p style=\"text-align: justify;\"><span style=\"font-size: 18px;\">Biraz ge\u00e7mi\u015fe giderek ba\u015flamak istiyorum. Annem babam ve 6 karde\u015fimle Bayrampa\u015fa\u2019da aile apartman\u0131nda ya\u015fayan kalabal\u0131k bir aileydik. 2000\u2019li y\u0131llar her hafta sonu oldu\u011fu gibi amcamlarla, kuzenlerimle birlikte Fenerbah\u00e7e\u2019nin ma\u00e7lar\u0131n\u0131 izlemek i\u00e7in toplan\u0131yoruz. O ya\u015flarda en b\u00fcy\u00fck heyecan\u0131m futbol ve mahalle ma\u00e7lar\u0131ndan babam topluyor; \u2018K\u0131z\u0131m art\u0131k profesyonel olarak voleybola ba\u015flad\u0131n, bu boyla sokakta futbol oynamay\u0131 b\u0131rak.\u2019 diye. Ailecek en b\u00fcy\u00fck tutkumuz Fenerbah\u00e7e. O \u00e7ocukluk halimle \u00f6yle bir ba\u011fl\u0131l\u0131k ya\u015f\u0131yorum ki, bir r\u00f6portajda \u2018hangi tak\u0131m\u0131 tutuyorsun?\u2019 diye sorduklar\u0131nda, Fenerbah\u00e7e yaz\u0131p yan\u0131na da parantez a\u00e7\u0131p \u2018\u00f6l\u00fcm\u00fcne\u2019 diyorum. Yay\u0131nland\u0131\u011f\u0131nda da bana kucak a\u00e7an, benim voleybola ba\u015flamama vesile olan, tak\u0131m kaptanl\u0131\u011f\u0131n\u0131 yapt\u0131\u011f\u0131m Be\u015fikta\u015f Jimnastik Kul\u00fcb\u00fc\u2019nde y\u00f6neticilerimi k\u0131zd\u0131r\u0131yorum. Beni voleybol ile tan\u0131\u015ft\u0131ran ve sahip oldu\u011fum t\u00fcm becerilerin tohumlar\u0131n\u0131 eken sevgili \u0130smail \u015eahin hocam\u0131 ve profesyonel kariyerimi ba\u015flatan Cengiz G\u00f6ll\u00fc hocam\u0131 belki biraz da mahcup ediyorum. Gel zaman, git zaman 2008 y\u0131l\u0131nda Say\u0131n Ba\u015fkan\u0131m\u0131z Aziz Y\u0131ld\u0131r\u0131m\u2019\u0131n amat\u00f6r bran\u015flara verdi\u011fi de\u011fer ve Say\u0131n Mehmet Ali Ayd\u0131nlar\u2019\u0131n Ac\u0131badem sponsorlu\u011fu ile voleybola yapt\u0131klar\u0131 k\u0131ymetli yat\u0131r\u0131mlar sayesinde Fenerbah\u00e7e\u2019den hep d\u00fc\u015fledi\u011fim bir teklif geliyor. Mehmet Ali Bey beni alabilmek i\u00e7in t\u00fcm \u015fartlar\u0131 sonuna kadar zorluyor. Ben de gidemezsem voleybolu b\u0131rak\u0131r\u0131m noktas\u0131na geliyorum ve r\u00fcya ger\u00e7ek oluyor. \u00c7ocukluk a\u015fk\u0131ma kavu\u015fuyor, en b\u00fcy\u00fck hayalimi ger\u00e7ekle\u015ftiriyor ve \u00e7ubuklu formay\u0131 s\u0131rt\u0131ma ge\u00e7iriyorum. O g\u00fcn bug\u00fcnd\u00fcr bir kez bile \u00e7\u0131kartmadan kalbimin en derinlerinde sakl\u0131yor, hep ba\u015f\u0131m\u0131n \u00fcst\u00fcnde ta\u015f\u0131yorum o armay\u0131, Fenerbah\u00e7e ile b\u00fcy\u00fcyorum.<\/span><\/p>\n<p style=\"text-align: justify;\"><span style=\"font-size: 18px;\">Sabiha R\u0131fat G\u00fcraymanlar\u0131, Ayten Salihleri \u00f6\u011freniyorum. Kul\u00fcb\u00fcn tarihinde m\u00fcthi\u015f ba\u015far\u0131lara imza atm\u0131\u015f, bran\u015flar kurmu\u015f, erkek tak\u0131mlar\u0131nda forma giyerek \u015fampiyonluklar ya\u015fam\u0131\u015f g\u00fc\u00e7l\u00fc kad\u0131nlar\u0131n ayak izlerini takip ediyorum. Kul\u00fcb\u00fcn en zor g\u00fcnlerinde mahkeme salonuna Avrupa\u2019n\u0131n en b\u00fcy\u00fck kupas\u0131n\u0131 g\u00f6t\u00fcren Fenerbah\u00e7eli kad\u0131nlardan biri oluyorum. 2011 y\u0131l\u0131na bu stad\u0131 doldurarak d\u00fcnyada bir rekora imza atan 50 bin kad\u0131n\u0131 g\u00f6zleri dolu dolu izlemenin gururunu ya\u015f\u0131yorum.<\/span><\/p>\n<p style=\"text-align: justify;\"><span style=\"font-size: 18px;\">Cumhuriyetimizin 100. y\u0131l\u0131nda 3 b\u00fcy\u00fck kupay\u0131 da kazanan kad\u0131n milli tak\u0131m\u0131m\u0131za kaptanl\u0131k yapm\u0131\u015f olman\u0131n onurunu da ya\u015f\u0131yorum. Bu vesileyle vazge\u00e7meyen, de\u011ferlerine sahip \u00e7\u0131kan, hayallerinin pe\u015finden ko\u015fan Ulu \u00d6nderimiz Mustafa Kemal Atat\u00fcrk\u2019\u00fcn omuzlar \u00fczerinde g\u00f6klere y\u00fckselmeye lay\u0131k g\u00f6rd\u00fc\u011f\u00fc t\u00fcm kad\u0131nlar\u0131m\u0131z\u0131n da 8 Mart D\u00fcnya Kad\u0131nlar G\u00fcn\u00fc\u2019n\u00fc kutluyorum.<\/span><\/p>\n<p style=\"text-align: justify;\"><span style=\"font-size: 18px;\">Bug\u00fcn buraday\u0131z. O k\u00fc\u00e7\u00fck k\u0131z \u00e7ocu\u011funun hayalini bile kuramayaca\u011f\u0131 kadar b\u00fcy\u00fck bir an\u0131 ya\u015f\u0131yoruz. Kendimi bildim bileli voleybola maddi manevi destek olan Ba\u015fkan\u0131m\u0131z Ali Ko\u00e7\u2019un ba\u015fkanl\u0131\u011f\u0131nda kad\u0131nlar\u0131n toplumdaki yerini bir kere daha vurgulayacak, hedefleri olan k\u00fc\u00e7\u00fck k\u0131z \u00e7ocuklar\u0131na \u2018ben yapabilirsem siz de yapabilirsiniz\u2018 mesaj\u0131n\u0131 en somut haliyle verecek olan bu heykelin a\u00e7\u0131l\u0131\u015f\u0131nda sizlerin kar\u015f\u0131s\u0131nday\u0131m.<\/span><\/p>\n<p style=\"text-align: justify;\"><span style=\"font-size: 18px;\">K\u0131ymetli Ba\u015fkan\u0131m\u0131z Ali Ko\u00e7\u2019a, Y\u00f6netim Kurulumuza, Y\u00f6neticimiz Simla Han\u0131m\u2019a, Federasyon Ba\u015fkan\u0131m\u0131z Akif \u00dcst\u00fcnda\u011f\u2019a, rahmetli y\u00f6neticimiz Hakan Din\u00e7ay\u2019a, heykelt\u0131ra\u015f\u0131m\u0131z P\u0131nar \u00d6ktem Han\u0131m\u2019a, bug\u00fcnlere gelmemde eme\u011fi olan antren\u00f6rlerime, can\u0131m tak\u0131m arkada\u015flar\u0131ma ve aileme sonsuz te\u015fekk\u00fcrler.<\/span><\/p>\n<p style=\"text-align: justify;\"><span style=\"font-size: 18px;\">Sizler sevgili Fenerbah\u00e7e taraftarlar\u0131. Ne zaman hayat\u0131mda bir \u015feyler ters gitse, beni \u00fczen bir \u015feyler olsa sahaya \u00e7\u0131kt\u0131\u011f\u0131mda kafam\u0131 kald\u0131r\u0131p trib\u00fcnlere bakmak yeterdi bana. Sizler hep oradayd\u0131n\u0131z. Bitmeyen deste\u011finiz ve sonsuz sevginiz b\u00fct\u00fcn dertlerimin ilac\u0131 gibiydi. Varl\u0131\u011f\u0131n\u0131z her \u015feyi unuttururdu. Benim de m\u00fccadelem, emanetiniz olan armay\u0131 en iyi \u015fekilde ta\u015f\u0131mak, ba\u015f\u0131n\u0131z\u0131 hi\u00e7bir zaman \u00f6ne e\u011fmemek i\u00e7indi.<\/span><\/p>\n<p style=\"text-align: justify;\"><span style=\"font-size: 18px;\">Sizlerden ald\u0131\u011f\u0131m g\u00fc\u00e7le Fenerbah\u00e7e\u2019ye her \u015feyimi adad\u0131m. \u0130yi g\u00fcnlerimiz oldu, k\u00f6t\u00fc g\u00fcnlerimiz oldu. Ama her zaman var\u0131m\u0131 yo\u011fumu sahaya koydum. Salonlardan hep ba\u015f\u0131m\u0131z dik ayr\u0131ld\u0131k omuz omuza. Bir g\u00fcn profesyonel hayat\u0131m son bulacak, \u00e7ok sevdi\u011fi 14 numaral\u0131 formama veda edece\u011fim. Sevginize ve deste\u011finize ihtiya\u00e7 duyaca\u011f\u0131m g\u00fcnler olacak. Bug\u00fcn bana \u00f6yle bir arma\u011fan verdiniz ki; \u00f6mr\u00fcm\u00fcn geri kalan\u0131nda ne zaman bir \u015feyler beni zorlarsa ben bu heykelin \u00f6n\u00fcnde duraca\u011f\u0131m ve kulaklar\u0131mda \u2018ne kaptanlar geldi\u2019 bestesi \u00e7\u0131nlayacak.<\/span><\/p>\n<p style=\"text-align: justify;\"><span style=\"font-size: 18px;\">Bug\u00fcnleri hat\u0131rlayaca\u011f\u0131m ve sizin sevginiz her \u015feye iyi gelecek. Yine bana m\u00fccadele etme g\u00fcc\u00fcn\u00fc vereceksiniz, yine i\u00e7im umutla dolacak. Sizlere ne kadar te\u015fekk\u00fcr etsem az. Beni Eda Erdem yapan Fenerbah\u00e7e\u2019ye olan aidiyetim ve Fenerbah\u00e7elilerin ko\u015fulsuz sevgisidir.<\/span><\/p>\n<p style=\"text-align: justify;\"><span style=\"font-size: 18px;\">Her zaman ba\u015f\u0131m\u0131n \u00fczerinde ta\u015f\u0131d\u0131\u011f\u0131m bu armay\u0131 seven herkesi \u00e7ok ama \u00e7ok seviyorum. \u0130yi ki Fenerbah\u00e7eliyiz, iyi ki Fenerbah\u00e7e\u2019yiz. Sayg\u0131 ve sevgilerimle.\u201d ifadelerini kulland\u0131.<\/span><\/p>\n<p style=\"text-align: justify;\"><span style=\"font-size: 18px;\">Ba\u015fkan\u0131m\u0131z Ali Y. Ko\u00e7: Bu heykelin Fenerbah\u00e7emizin efsane futbolcular\u0131yla birlikte yer alacak olmas\u0131, Eda Erdem&#8217;in ne kadar de\u011ferli ve unutulmaz bir sporcu oldu\u011funu bir kez daha g\u00f6steriyor<\/span><\/p>\n<p style=\"text-align: justify;\"><span style=\"font-size: 18px;\">K\u00fcrs\u00fcye son olarak gelen Ba\u015fkan\u0131m\u0131z Ali Y. Ko\u00e7 da bir konu\u015fma yapt\u0131.<\/span><\/p>\n<p style=\"text-align: justify;\"><span style=\"font-size: 18px;\">Konu\u015fmalar\u0131n ard\u0131ndan alk\u0131\u015flar ve taraftarlar\u0131m\u0131z\u0131n Eda Erdem i\u00e7in besteledi\u011fi mar\u015f e\u015fli\u011finde eserin a\u00e7\u0131l\u0131\u015f\u0131 ger\u00e7ekle\u015fti.<\/span><\/p>\n<p style=\"text-align: justify;\"><strong><span style=\"font-size: 18px;\">Eda Erdem\u2019in heykel kaidesinde \u015fu ifadeler yer ald\u0131:<\/span><\/strong><\/p>\n<p style=\"text-align: justify;\"><strong><span style=\"font-size: 18px;\">\u2018\u2019Voleybolun efsane kaptan\u0131\u2019\u2019<\/span><\/strong><\/p>\n<p style=\"text-align: justify;\"><strong><span style=\"font-size: 18px;\">Sadece \u00fcst\u00fcn ba\u015far\u0131lar\u0131yla de\u011fil:<\/span><\/strong><\/p>\n<p style=\"text-align: justify;\"><strong><span style=\"font-size: 18px;\">Karakteri, lider duru\u015fu ve gelecek nesillere ilham olan azmiyle de iz b\u0131rakt\u0131.<\/span><\/strong><\/p>\n<p style=\"text-align: justify;\"><strong><span style=\"font-size: 18px;\">Onun y\u00fcrekten gelen Fenerbah\u00e7e tutkusu<\/span><\/strong><\/p>\n<p style=\"text-align: justify;\"><strong><span style=\"font-size: 18px;\">Aidiyeti ve sahadaki zarafeti T\u00fcrk spor tarihine alt\u0131n harflerle kaz\u0131nd\u0131\u2026<\/span><\/strong><\/p>\n<p style=\"text-align: justify;\"><span style=\"font-size: 18px;\">A\u00e7\u0131l\u0131\u015f t\u00f6reni, Eda Erdem heykelinin \u00f6n\u00fcnde Fenerbah\u00e7e mar\u015flar\u0131 e\u015fli\u011finde foto\u011fraf \u00e7ekimiyle sona erdi.<\/span><\/p>\n\n\t\t<style type=\"text\/css\">\n\t\t\t#gallery-1 {\n\t\t\t\tmargin: auto;\n\t\t\t}\n\t\t\t#gallery-1 .gallery-item {\n\t\t\t\tfloat: left;\n\t\t\t\tmargin-top: 10px;\n\t\t\t\ttext-align: center;\n\t\t\t\twidth: 20%;\n\t\t\t}\n\t\t\t#gallery-1 img {\n\t\t\t\tborder: 2px solid #cfcfcf;\n\t\t\t}\n\t\t\t#gallery-1 .gallery-caption {\n\t\t\t\tmargin-left: 0;\n\t\t\t}\n\t\t\t\/* see gallery_shortcode() in wp-includes\/media.php *\/\n\t\t<\/style>\n\t\t<div data-carousel-extra='{&quot;blog_id&quot;:1,&quot;permalink&quot;:&quot;https:\/\/sarimelekler.biz\/?p=20401&quot;}' id='gallery-1' class='gallery galleryid-20401 gallery-columns-5 gallery-size-thumbnail'><dl class='gallery-item'>\n\t\t\t<dt class='gallery-icon landscape'>\n\t\t\t\t<a href='https:\/\/sarimelekler.biz\/?attachment_id=20430'><img loading=\"lazy\" decoding=\"async\" width=\"150\" height=\"150\" src=\"https:\/\/sarimelekler.biz\/wp-content\/uploads\/2024\/03\/Eda-Heykel-27-150x150.jpg\" class=\"attachment-thumbnail size-thumbnail\" alt=\"\" data-attachment-id=\"20430\" data-permalink=\"https:\/\/sarimelekler.biz\/?attachment_id=20430\" data-orig-file=\"https:\/\/sarimelekler.biz\/wp-content\/uploads\/2024\/03\/Eda-Heykel-27.jpg\" data-orig-size=\"2500,1869\" data-comments-opened=\"0\" data-image-meta=\"{&quot;aperture&quot;:&quot;0&quot;,&quot;credit&quot;:&quot;&quot;,&quot;camera&quot;:&quot;&quot;,&quot;caption&quot;:&quot;&quot;,&quot;created_timestamp&quot;:&quot;0&quot;,&quot;copyright&quot;:&quot;&quot;,&quot;focal_length&quot;:&quot;0&quot;,&quot;iso&quot;:&quot;0&quot;,&quot;shutter_speed&quot;:&quot;0&quot;,&quot;title&quot;:&quot;&quot;,&quot;orientation&quot;:&quot;1&quot;}\" data-image-title=\"Eda Heykel (27)\" data-image-description=\"\" data-image-caption=\"\" data-large-file=\"https:\/\/sarimelekler.biz\/wp-content\/uploads\/2024\/03\/Eda-Heykel-27-1024x766.jpg\" \/><\/a>\n\t\t\t<\/dt><\/dl><dl class='gallery-item'>\n\t\t\t<dt class='gallery-icon landscape'>\n\t\t\t\t<a href='https:\/\/sarimelekler.biz\/?attachment_id=20420'><img loading=\"lazy\" decoding=\"async\" width=\"150\" height=\"150\" src=\"https:\/\/sarimelekler.biz\/wp-content\/uploads\/2024\/03\/Eda-Heykel-17-150x150.jpg\" class=\"attachment-thumbnail size-thumbnail\" alt=\"\" data-attachment-id=\"20420\" data-permalink=\"https:\/\/sarimelekler.biz\/?attachment_id=20420\" data-orig-file=\"https:\/\/sarimelekler.biz\/wp-content\/uploads\/2024\/03\/Eda-Heykel-17.jpg\" data-orig-size=\"2500,1878\" data-comments-opened=\"0\" data-image-meta=\"{&quot;aperture&quot;:&quot;0&quot;,&quot;credit&quot;:&quot;&quot;,&quot;camera&quot;:&quot;&quot;,&quot;caption&quot;:&quot;&quot;,&quot;created_timestamp&quot;:&quot;0&quot;,&quot;copyright&quot;:&quot;&quot;,&quot;focal_length&quot;:&quot;0&quot;,&quot;iso&quot;:&quot;0&quot;,&quot;shutter_speed&quot;:&quot;0&quot;,&quot;title&quot;:&quot;&quot;,&quot;orientation&quot;:&quot;1&quot;}\" data-image-title=\"Eda Heykel (17)\" data-image-description=\"\" data-image-caption=\"\" data-large-file=\"https:\/\/sarimelekler.biz\/wp-content\/uploads\/2024\/03\/Eda-Heykel-17-1024x769.jpg\" \/><\/a>\n\t\t\t<\/dt><\/dl><dl class='gallery-item'>\n\t\t\t<dt class='gallery-icon landscape'>\n\t\t\t\t<a href='https:\/\/sarimelekler.biz\/?attachment_id=20411'><img loading=\"lazy\" decoding=\"async\" width=\"150\" height=\"150\" src=\"https:\/\/sarimelekler.biz\/wp-content\/uploads\/2024\/03\/Eda-Heykel-8-150x150.jpg\" class=\"attachment-thumbnail size-thumbnail\" alt=\"\" data-attachment-id=\"20411\" data-permalink=\"https:\/\/sarimelekler.biz\/?attachment_id=20411\" data-orig-file=\"https:\/\/sarimelekler.biz\/wp-content\/uploads\/2024\/03\/Eda-Heykel-8.jpg\" data-orig-size=\"2500,1822\" data-comments-opened=\"0\" data-image-meta=\"{&quot;aperture&quot;:&quot;0&quot;,&quot;credit&quot;:&quot;&quot;,&quot;camera&quot;:&quot;&quot;,&quot;caption&quot;:&quot;&quot;,&quot;created_timestamp&quot;:&quot;0&quot;,&quot;copyright&quot;:&quot;&quot;,&quot;focal_length&quot;:&quot;0&quot;,&quot;iso&quot;:&quot;0&quot;,&quot;shutter_speed&quot;:&quot;0&quot;,&quot;title&quot;:&quot;&quot;,&quot;orientation&quot;:&quot;1&quot;}\" data-image-title=\"Eda Heykel (8)\" data-image-description=\"\" data-image-caption=\"\" data-large-file=\"https:\/\/sarimelekler.biz\/wp-content\/uploads\/2024\/03\/Eda-Heykel-8-1024x746.jpg\" \/><\/a>\n\t\t\t<\/dt><\/dl><dl class='gallery-item'>\n\t\t\t<dt class='gallery-icon landscape'>\n\t\t\t\t<a href='https:\/\/sarimelekler.biz\/?attachment_id=20432'><img loading=\"lazy\" decoding=\"async\" width=\"150\" height=\"150\" src=\"https:\/\/sarimelekler.biz\/wp-content\/uploads\/2024\/03\/Eda-Heykel-29-150x150.jpg\" class=\"attachment-thumbnail size-thumbnail\" alt=\"\" data-attachment-id=\"20432\" data-permalink=\"https:\/\/sarimelekler.biz\/?attachment_id=20432\" data-orig-file=\"https:\/\/sarimelekler.biz\/wp-content\/uploads\/2024\/03\/Eda-Heykel-29-scaled.jpg\" data-orig-size=\"2560,1582\" data-comments-opened=\"0\" data-image-meta=\"{&quot;aperture&quot;:&quot;7.1&quot;,&quot;credit&quot;:&quot;BURAK SALTIK&quot;,&quot;camera&quot;:&quot;Canon EOS R3&quot;,&quot;caption&quot;:&quot;&quot;,&quot;created_timestamp&quot;:&quot;1709896949&quot;,&quot;copyright&quot;:&quot;www.fenerbahce.org&quot;,&quot;focal_length&quot;:&quot;63&quot;,&quot;iso&quot;:&quot;4000&quot;,&quot;shutter_speed&quot;:&quot;0.002&quot;,&quot;title&quot;:&quot;&quot;,&quot;orientation&quot;:&quot;1&quot;}\" data-image-title=\"Eda Heykel (29)\" data-image-description=\"\" data-image-caption=\"\" data-large-file=\"https:\/\/sarimelekler.biz\/wp-content\/uploads\/2024\/03\/Eda-Heykel-29-1024x633.jpg\" \/><\/a>\n\t\t\t<\/dt><\/dl><dl class='gallery-item'>\n\t\t\t<dt class='gallery-icon landscape'>\n\t\t\t\t<a href='https:\/\/sarimelekler.biz\/?attachment_id=20405'><img loading=\"lazy\" decoding=\"async\" width=\"150\" height=\"150\" src=\"https:\/\/sarimelekler.biz\/wp-content\/uploads\/2024\/03\/Eda-Heykel-2-150x150.jpg\" class=\"attachment-thumbnail size-thumbnail\" alt=\"\" data-attachment-id=\"20405\" data-permalink=\"https:\/\/sarimelekler.biz\/?attachment_id=20405\" data-orig-file=\"https:\/\/sarimelekler.biz\/wp-content\/uploads\/2024\/03\/Eda-Heykel-2-scaled.jpg\" data-orig-size=\"2560,1714\" data-comments-opened=\"0\" data-image-meta=\"{&quot;aperture&quot;:&quot;9&quot;,&quot;credit&quot;:&quot;BURAK SALTIK&quot;,&quot;camera&quot;:&quot;Canon EOS R3&quot;,&quot;caption&quot;:&quot;&quot;,&quot;created_timestamp&quot;:&quot;1709898490&quot;,&quot;copyright&quot;:&quot;www.fenerbahce.org&quot;,&quot;focal_length&quot;:&quot;43&quot;,&quot;iso&quot;:&quot;4000&quot;,&quot;shutter_speed&quot;:&quot;0.002&quot;,&quot;title&quot;:&quot;&quot;,&quot;orientation&quot;:&quot;1&quot;}\" data-image-title=\"Eda Heykel (2)\" data-image-description=\"\" data-image-caption=\"\" data-large-file=\"https:\/\/sarimelekler.biz\/wp-content\/uploads\/2024\/03\/Eda-Heykel-2-1024x686.jpg\" \/><\/a>\n\t\t\t<\/dt><\/dl><br style=\"clear: both\" \/><dl class='gallery-item'>\n\t\t\t<dt class='gallery-icon landscape'>\n\t\t\t\t<a href='https:\/\/sarimelekler.biz\/?attachment_id=20418'><img loading=\"lazy\" decoding=\"async\" width=\"150\" height=\"150\" src=\"https:\/\/sarimelekler.biz\/wp-content\/uploads\/2024\/03\/Eda-Heykel-15-150x150.jpg\" class=\"attachment-thumbnail size-thumbnail\" alt=\"\" data-attachment-id=\"20418\" data-permalink=\"https:\/\/sarimelekler.biz\/?attachment_id=20418\" data-orig-file=\"https:\/\/sarimelekler.biz\/wp-content\/uploads\/2024\/03\/Eda-Heykel-15-scaled.jpg\" data-orig-size=\"2560,1271\" data-comments-opened=\"0\" data-image-meta=\"{&quot;aperture&quot;:&quot;7.1&quot;,&quot;credit&quot;:&quot;BURAK SALTIK&quot;,&quot;camera&quot;:&quot;Canon EOS R3&quot;,&quot;caption&quot;:&quot;&quot;,&quot;created_timestamp&quot;:&quot;1709897695&quot;,&quot;copyright&quot;:&quot;www.fenerbahce.org&quot;,&quot;focal_length&quot;:&quot;70&quot;,&quot;iso&quot;:&quot;4000&quot;,&quot;shutter_speed&quot;:&quot;0.0015625&quot;,&quot;title&quot;:&quot;&quot;,&quot;orientation&quot;:&quot;1&quot;}\" data-image-title=\"Eda Heykel (15)\" data-image-description=\"\" data-image-caption=\"\" data-large-file=\"https:\/\/sarimelekler.biz\/wp-content\/uploads\/2024\/03\/Eda-Heykel-15-1024x508.jpg\" \/><\/a>\n\t\t\t<\/dt><\/dl><dl class='gallery-item'>\n\t\t\t<dt class='gallery-icon landscape'>\n\t\t\t\t<a href='https:\/\/sarimelekler.biz\/?attachment_id=20407'><img loading=\"lazy\" decoding=\"async\" width=\"150\" height=\"150\" src=\"https:\/\/sarimelekler.biz\/wp-content\/uploads\/2024\/03\/Eda-Heykel-4-150x150.jpg\" class=\"attachment-thumbnail size-thumbnail\" alt=\"\" data-attachment-id=\"20407\" data-permalink=\"https:\/\/sarimelekler.biz\/?attachment_id=20407\" data-orig-file=\"https:\/\/sarimelekler.biz\/wp-content\/uploads\/2024\/03\/Eda-Heykel-4-scaled.jpg\" data-orig-size=\"2560,1550\" data-comments-opened=\"0\" data-image-meta=\"{&quot;aperture&quot;:&quot;6.3&quot;,&quot;credit&quot;:&quot;BURAK SALTIK&quot;,&quot;camera&quot;:&quot;Canon EOS R3&quot;,&quot;caption&quot;:&quot;&quot;,&quot;created_timestamp&quot;:&quot;1709897743&quot;,&quot;copyright&quot;:&quot;www.fenerbahce.org&quot;,&quot;focal_length&quot;:&quot;70&quot;,&quot;iso&quot;:&quot;4000&quot;,&quot;shutter_speed&quot;:&quot;0.0015625&quot;,&quot;title&quot;:&quot;&quot;,&quot;orientation&quot;:&quot;1&quot;}\" data-image-title=\"Eda Heykel (4)\" data-image-description=\"\" data-image-caption=\"\" data-large-file=\"https:\/\/sarimelekler.biz\/wp-content\/uploads\/2024\/03\/Eda-Heykel-4-1024x620.jpg\" \/><\/a>\n\t\t\t<\/dt><\/dl><dl class='gallery-item'>\n\t\t\t<dt class='gallery-icon landscape'>\n\t\t\t\t<a href='https:\/\/sarimelekler.biz\/?attachment_id=20415'><img loading=\"lazy\" decoding=\"async\" width=\"150\" height=\"150\" src=\"https:\/\/sarimelekler.biz\/wp-content\/uploads\/2024\/03\/Eda-Heykel-12-150x150.jpg\" class=\"attachment-thumbnail size-thumbnail\" alt=\"\" data-attachment-id=\"20415\" data-permalink=\"https:\/\/sarimelekler.biz\/?attachment_id=20415\" data-orig-file=\"https:\/\/sarimelekler.biz\/wp-content\/uploads\/2024\/03\/Eda-Heykel-12-scaled.jpg\" data-orig-size=\"2560,1575\" data-comments-opened=\"0\" data-image-meta=\"{&quot;aperture&quot;:&quot;5&quot;,&quot;credit&quot;:&quot;BURAK SALTIK&quot;,&quot;camera&quot;:&quot;Canon EOS R3&quot;,&quot;caption&quot;:&quot;&quot;,&quot;created_timestamp&quot;:&quot;1709897288&quot;,&quot;copyright&quot;:&quot;www.fenerbahce.org&quot;,&quot;focal_length&quot;:&quot;45&quot;,&quot;iso&quot;:&quot;4000&quot;,&quot;shutter_speed&quot;:&quot;0.0015625&quot;,&quot;title&quot;:&quot;&quot;,&quot;orientation&quot;:&quot;1&quot;}\" data-image-title=\"Eda Heykel (12)\" data-image-description=\"\" data-image-caption=\"\" data-large-file=\"https:\/\/sarimelekler.biz\/wp-content\/uploads\/2024\/03\/Eda-Heykel-12-1024x630.jpg\" \/><\/a>\n\t\t\t<\/dt><\/dl><dl class='gallery-item'>\n\t\t\t<dt class='gallery-icon landscape'>\n\t\t\t\t<a href='https:\/\/sarimelekler.biz\/?attachment_id=20403'><img loading=\"lazy\" decoding=\"async\" width=\"150\" height=\"150\" src=\"https:\/\/sarimelekler.biz\/wp-content\/uploads\/2024\/03\/Eda-Heykel-33-1-150x150.jpg\" class=\"attachment-thumbnail size-thumbnail\" alt=\"\" data-attachment-id=\"20403\" data-permalink=\"https:\/\/sarimelekler.biz\/?attachment_id=20403\" data-orig-file=\"https:\/\/sarimelekler.biz\/wp-content\/uploads\/2024\/03\/Eda-Heykel-33-1-scaled.jpg\" data-orig-size=\"2560,1770\" data-comments-opened=\"0\" data-image-meta=\"{&quot;aperture&quot;:&quot;4.5&quot;,&quot;credit&quot;:&quot;BURAK SALTIK&quot;,&quot;camera&quot;:&quot;Canon EOS R3&quot;,&quot;caption&quot;:&quot;&quot;,&quot;created_timestamp&quot;:&quot;1709897788&quot;,&quot;copyright&quot;:&quot;www.fenerbahce.org&quot;,&quot;focal_length&quot;:&quot;43&quot;,&quot;iso&quot;:&quot;4000&quot;,&quot;shutter_speed&quot;:&quot;0.0015625&quot;,&quot;title&quot;:&quot;&quot;,&quot;orientation&quot;:&quot;1&quot;}\" data-image-title=\"Eda Heykel (33)\" data-image-description=\"\" data-image-caption=\"\" data-large-file=\"https:\/\/sarimelekler.biz\/wp-content\/uploads\/2024\/03\/Eda-Heykel-33-1-1024x708.jpg\" \/><\/a>\n\t\t\t<\/dt><\/dl><dl class='gallery-item'>\n\t\t\t<dt class='gallery-icon landscape'>\n\t\t\t\t<a href='https:\/\/sarimelekler.biz\/?attachment_id=20423'><img loading=\"lazy\" decoding=\"async\" width=\"150\" height=\"150\" src=\"https:\/\/sarimelekler.biz\/wp-content\/uploads\/2024\/03\/Eda-Heykel-20-150x150.jpg\" class=\"attachment-thumbnail size-thumbnail\" alt=\"\" data-attachment-id=\"20423\" data-permalink=\"https:\/\/sarimelekler.biz\/?attachment_id=20423\" data-orig-file=\"https:\/\/sarimelekler.biz\/wp-content\/uploads\/2024\/03\/Eda-Heykel-20-scaled.jpg\" data-orig-size=\"2560,1714\" data-comments-opened=\"0\" data-image-meta=\"{&quot;aperture&quot;:&quot;4.5&quot;,&quot;credit&quot;:&quot;BURAK SALTIK&quot;,&quot;camera&quot;:&quot;Canon EOS R3&quot;,&quot;caption&quot;:&quot;&quot;,&quot;created_timestamp&quot;:&quot;1709897795&quot;,&quot;copyright&quot;:&quot;www.fenerbahce.org&quot;,&quot;focal_length&quot;:&quot;24&quot;,&quot;iso&quot;:&quot;4000&quot;,&quot;shutter_speed&quot;:&quot;0.0015625&quot;,&quot;title&quot;:&quot;&quot;,&quot;orientation&quot;:&quot;1&quot;}\" data-image-title=\"Eda Heykel (20)\" data-image-description=\"\" data-image-caption=\"\" data-large-file=\"https:\/\/sarimelekler.biz\/wp-content\/uploads\/2024\/03\/Eda-Heykel-20-1024x686.jpg\" \/><\/a>\n\t\t\t<\/dt><\/dl><br style=\"clear: both\" \/><dl class='gallery-item'>\n\t\t\t<dt class='gallery-icon landscape'>\n\t\t\t\t<a href='https:\/\/sarimelekler.biz\/?attachment_id=20425'><img loading=\"lazy\" decoding=\"async\" width=\"150\" height=\"150\" src=\"https:\/\/sarimelekler.biz\/wp-content\/uploads\/2024\/03\/Eda-Heykel-22-150x150.jpg\" class=\"attachment-thumbnail size-thumbnail\" alt=\"\" data-attachment-id=\"20425\" data-permalink=\"https:\/\/sarimelekler.biz\/?attachment_id=20425\" data-orig-file=\"https:\/\/sarimelekler.biz\/wp-content\/uploads\/2024\/03\/Eda-Heykel-22.jpg\" data-orig-size=\"2500,1892\" data-comments-opened=\"0\" data-image-meta=\"{&quot;aperture&quot;:&quot;0&quot;,&quot;credit&quot;:&quot;&quot;,&quot;camera&quot;:&quot;&quot;,&quot;caption&quot;:&quot;&quot;,&quot;created_timestamp&quot;:&quot;0&quot;,&quot;copyright&quot;:&quot;&quot;,&quot;focal_length&quot;:&quot;0&quot;,&quot;iso&quot;:&quot;0&quot;,&quot;shutter_speed&quot;:&quot;0&quot;,&quot;title&quot;:&quot;&quot;,&quot;orientation&quot;:&quot;1&quot;}\" data-image-title=\"Eda Heykel (22)\" data-image-description=\"\" data-image-caption=\"\" data-large-file=\"https:\/\/sarimelekler.biz\/wp-content\/uploads\/2024\/03\/Eda-Heykel-22-1024x775.jpg\" \/><\/a>\n\t\t\t<\/dt><\/dl><dl class='gallery-item'>\n\t\t\t<dt class='gallery-icon landscape'>\n\t\t\t\t<a href='https:\/\/sarimelekler.biz\/?attachment_id=20429'><img loading=\"lazy\" decoding=\"async\" width=\"150\" height=\"150\" src=\"https:\/\/sarimelekler.biz\/wp-content\/uploads\/2024\/03\/Eda-Heykel-26-150x150.jpg\" class=\"attachment-thumbnail size-thumbnail\" alt=\"\" data-attachment-id=\"20429\" data-permalink=\"https:\/\/sarimelekler.biz\/?attachment_id=20429\" data-orig-file=\"https:\/\/sarimelekler.biz\/wp-content\/uploads\/2024\/03\/Eda-Heykel-26-scaled.jpg\" data-orig-size=\"2560,1510\" data-comments-opened=\"0\" data-image-meta=\"{&quot;aperture&quot;:&quot;3.5&quot;,&quot;credit&quot;:&quot;BURAK SALTIK&quot;,&quot;camera&quot;:&quot;Canon EOS R3&quot;,&quot;caption&quot;:&quot;&quot;,&quot;created_timestamp&quot;:&quot;1709896460&quot;,&quot;copyright&quot;:&quot;www.fenerbahce.org&quot;,&quot;focal_length&quot;:&quot;24&quot;,&quot;iso&quot;:&quot;2500&quot;,&quot;shutter_speed&quot;:&quot;0.0025&quot;,&quot;title&quot;:&quot;&quot;,&quot;orientation&quot;:&quot;1&quot;}\" data-image-title=\"Eda Heykel (26)\" data-image-description=\"\" data-image-caption=\"\" data-large-file=\"https:\/\/sarimelekler.biz\/wp-content\/uploads\/2024\/03\/Eda-Heykel-26-1024x604.jpg\" \/><\/a>\n\t\t\t<\/dt><\/dl><dl class='gallery-item'>\n\t\t\t<dt class='gallery-icon landscape'>\n\t\t\t\t<a href='https:\/\/sarimelekler.biz\/?attachment_id=20426'><img loading=\"lazy\" decoding=\"async\" width=\"150\" height=\"150\" src=\"https:\/\/sarimelekler.biz\/wp-content\/uploads\/2024\/03\/Eda-Heykel-23-150x150.jpg\" class=\"attachment-thumbnail size-thumbnail\" alt=\"\" data-attachment-id=\"20426\" data-permalink=\"https:\/\/sarimelekler.biz\/?attachment_id=20426\" data-orig-file=\"https:\/\/sarimelekler.biz\/wp-content\/uploads\/2024\/03\/Eda-Heykel-23-scaled.jpg\" data-orig-size=\"2560,1679\" data-comments-opened=\"0\" data-image-meta=\"{&quot;aperture&quot;:&quot;4&quot;,&quot;credit&quot;:&quot;BURAK SALTIK&quot;,&quot;camera&quot;:&quot;Canon EOS R3&quot;,&quot;caption&quot;:&quot;&quot;,&quot;created_timestamp&quot;:&quot;1709896353&quot;,&quot;copyright&quot;:&quot;www.fenerbahce.org&quot;,&quot;focal_length&quot;:&quot;58&quot;,&quot;iso&quot;:&quot;5000&quot;,&quot;shutter_speed&quot;:&quot;0.0025&quot;,&quot;title&quot;:&quot;&quot;,&quot;orientation&quot;:&quot;1&quot;}\" data-image-title=\"Eda Heykel (23)\" data-image-description=\"\" data-image-caption=\"\" data-large-file=\"https:\/\/sarimelekler.biz\/wp-content\/uploads\/2024\/03\/Eda-Heykel-23-1024x672.jpg\" \/><\/a>\n\t\t\t<\/dt><\/dl><dl class='gallery-item'>\n\t\t\t<dt class='gallery-icon landscape'>\n\t\t\t\t<a href='https:\/\/sarimelekler.biz\/?attachment_id=20417'><img loading=\"lazy\" decoding=\"async\" width=\"150\" height=\"150\" src=\"https:\/\/sarimelekler.biz\/wp-content\/uploads\/2024\/03\/Eda-Heykel-14-150x150.jpg\" class=\"attachment-thumbnail size-thumbnail\" alt=\"\" data-attachment-id=\"20417\" data-permalink=\"https:\/\/sarimelekler.biz\/?attachment_id=20417\" data-orig-file=\"https:\/\/sarimelekler.biz\/wp-content\/uploads\/2024\/03\/Eda-Heykel-14.jpg\" data-orig-size=\"2500,1841\" data-comments-opened=\"0\" data-image-meta=\"{&quot;aperture&quot;:&quot;0&quot;,&quot;credit&quot;:&quot;&quot;,&quot;camera&quot;:&quot;&quot;,&quot;caption&quot;:&quot;&quot;,&quot;created_timestamp&quot;:&quot;0&quot;,&quot;copyright&quot;:&quot;&quot;,&quot;focal_length&quot;:&quot;0&quot;,&quot;iso&quot;:&quot;0&quot;,&quot;shutter_speed&quot;:&quot;0&quot;,&quot;title&quot;:&quot;&quot;,&quot;orientation&quot;:&quot;1&quot;}\" data-image-title=\"Eda Heykel (14)\" data-image-description=\"\" data-image-caption=\"\" data-large-file=\"https:\/\/sarimelekler.biz\/wp-content\/uploads\/2024\/03\/Eda-Heykel-14-1024x754.jpg\" \/><\/a>\n\t\t\t<\/dt><\/dl><dl class='gallery-item'>\n\t\t\t<dt class='gallery-icon landscape'>\n\t\t\t\t<a href='https:\/\/sarimelekler.biz\/?attachment_id=20419'><img loading=\"lazy\" decoding=\"async\" width=\"150\" height=\"150\" src=\"https:\/\/sarimelekler.biz\/wp-content\/uploads\/2024\/03\/Eda-Heykel-16-150x150.jpg\" class=\"attachment-thumbnail size-thumbnail\" alt=\"\" data-attachment-id=\"20419\" data-permalink=\"https:\/\/sarimelekler.biz\/?attachment_id=20419\" data-orig-file=\"https:\/\/sarimelekler.biz\/wp-content\/uploads\/2024\/03\/Eda-Heykel-16-scaled.jpg\" data-orig-size=\"2560,2167\" data-comments-opened=\"0\" data-image-meta=\"{&quot;aperture&quot;:&quot;5.6&quot;,&quot;credit&quot;:&quot;BURAK SALTIK&quot;,&quot;camera&quot;:&quot;Canon EOS R3&quot;,&quot;caption&quot;:&quot;&quot;,&quot;created_timestamp&quot;:&quot;1709897329&quot;,&quot;copyright&quot;:&quot;www.fenerbahce.org&quot;,&quot;focal_length&quot;:&quot;70&quot;,&quot;iso&quot;:&quot;4000&quot;,&quot;shutter_speed&quot;:&quot;0.0015625&quot;,&quot;title&quot;:&quot;&quot;,&quot;orientation&quot;:&quot;1&quot;}\" data-image-title=\"Eda Heykel (16)\" data-image-description=\"\" data-image-caption=\"\" data-large-file=\"https:\/\/sarimelekler.biz\/wp-content\/uploads\/2024\/03\/Eda-Heykel-16-1024x867.jpg\" \/><\/a>\n\t\t\t<\/dt><\/dl><br style=\"clear: both\" \/><dl class='gallery-item'>\n\t\t\t<dt class='gallery-icon landscape'>\n\t\t\t\t<a href='https:\/\/sarimelekler.biz\/?attachment_id=20421'><img loading=\"lazy\" decoding=\"async\" width=\"150\" height=\"150\" src=\"https:\/\/sarimelekler.biz\/wp-content\/uploads\/2024\/03\/Eda-Heykel-18-150x150.jpg\" class=\"attachment-thumbnail size-thumbnail\" alt=\"\" data-attachment-id=\"20421\" data-permalink=\"https:\/\/sarimelekler.biz\/?attachment_id=20421\" data-orig-file=\"https:\/\/sarimelekler.biz\/wp-content\/uploads\/2024\/03\/Eda-Heykel-18.jpg\" data-orig-size=\"2500,2144\" data-comments-opened=\"0\" data-image-meta=\"{&quot;aperture&quot;:&quot;0&quot;,&quot;credit&quot;:&quot;&quot;,&quot;camera&quot;:&quot;&quot;,&quot;caption&quot;:&quot;&quot;,&quot;created_timestamp&quot;:&quot;0&quot;,&quot;copyright&quot;:&quot;&quot;,&quot;focal_length&quot;:&quot;0&quot;,&quot;iso&quot;:&quot;0&quot;,&quot;shutter_speed&quot;:&quot;0&quot;,&quot;title&quot;:&quot;&quot;,&quot;orientation&quot;:&quot;1&quot;}\" data-image-title=\"Eda Heykel (18)\" data-image-description=\"\" data-image-caption=\"\" data-large-file=\"https:\/\/sarimelekler.biz\/wp-content\/uploads\/2024\/03\/Eda-Heykel-18-1024x878.jpg\" \/><\/a>\n\t\t\t<\/dt><\/dl><dl class='gallery-item'>\n\t\t\t<dt class='gallery-icon landscape'>\n\t\t\t\t<a href='https:\/\/sarimelekler.biz\/?attachment_id=20427'><img loading=\"lazy\" decoding=\"async\" width=\"150\" height=\"150\" src=\"https:\/\/sarimelekler.biz\/wp-content\/uploads\/2024\/03\/Eda-Heykel-24-150x150.jpg\" class=\"attachment-thumbnail size-thumbnail\" alt=\"\" data-attachment-id=\"20427\" data-permalink=\"https:\/\/sarimelekler.biz\/?attachment_id=20427\" data-orig-file=\"https:\/\/sarimelekler.biz\/wp-content\/uploads\/2024\/03\/Eda-Heykel-24.jpg\" data-orig-size=\"2500,1736\" data-comments-opened=\"0\" data-image-meta=\"{&quot;aperture&quot;:&quot;0&quot;,&quot;credit&quot;:&quot;&quot;,&quot;camera&quot;:&quot;&quot;,&quot;caption&quot;:&quot;&quot;,&quot;created_timestamp&quot;:&quot;0&quot;,&quot;copyright&quot;:&quot;&quot;,&quot;focal_length&quot;:&quot;0&quot;,&quot;iso&quot;:&quot;0&quot;,&quot;shutter_speed&quot;:&quot;0&quot;,&quot;title&quot;:&quot;&quot;,&quot;orientation&quot;:&quot;1&quot;}\" data-image-title=\"Eda Heykel (24)\" data-image-description=\"\" data-image-caption=\"\" data-large-file=\"https:\/\/sarimelekler.biz\/wp-content\/uploads\/2024\/03\/Eda-Heykel-24-1024x711.jpg\" \/><\/a>\n\t\t\t<\/dt><\/dl><dl class='gallery-item'>\n\t\t\t<dt class='gallery-icon landscape'>\n\t\t\t\t<a href='https:\/\/sarimelekler.biz\/?attachment_id=20406'><img loading=\"lazy\" decoding=\"async\" width=\"150\" height=\"150\" src=\"https:\/\/sarimelekler.biz\/wp-content\/uploads\/2024\/03\/Eda-Heykel-3-150x150.jpg\" class=\"attachment-thumbnail size-thumbnail\" alt=\"\" data-attachment-id=\"20406\" data-permalink=\"https:\/\/sarimelekler.biz\/?attachment_id=20406\" data-orig-file=\"https:\/\/sarimelekler.biz\/wp-content\/uploads\/2024\/03\/Eda-Heykel-3-scaled.jpg\" data-orig-size=\"2560,1706\" data-comments-opened=\"0\" data-image-meta=\"{&quot;aperture&quot;:&quot;14&quot;,&quot;credit&quot;:&quot;BURAK SALTIK&quot;,&quot;camera&quot;:&quot;Canon EOS R3&quot;,&quot;caption&quot;:&quot;&quot;,&quot;created_timestamp&quot;:&quot;1709900784&quot;,&quot;copyright&quot;:&quot;www.fenerbahce.org&quot;,&quot;focal_length&quot;:&quot;24&quot;,&quot;iso&quot;:&quot;5000&quot;,&quot;shutter_speed&quot;:&quot;0.002&quot;,&quot;title&quot;:&quot;&quot;,&quot;orientation&quot;:&quot;1&quot;}\" data-image-title=\"Eda Heykel (3)\" data-image-description=\"\" data-image-caption=\"\" data-large-file=\"https:\/\/sarimelekler.biz\/wp-content\/uploads\/2024\/03\/Eda-Heykel-3-1024x683.jpg\" \/><\/a>\n\t\t\t<\/dt><\/dl><dl class='gallery-item'>\n\t\t\t<dt class='gallery-icon landscape'>\n\t\t\t\t<a href='https:\/\/sarimelekler.biz\/?attachment_id=20412'><img loading=\"lazy\" decoding=\"async\" width=\"150\" height=\"150\" src=\"https:\/\/sarimelekler.biz\/wp-content\/uploads\/2024\/03\/Eda-Heykel-9-150x150.jpg\" class=\"attachment-thumbnail size-thumbnail\" alt=\"\" data-attachment-id=\"20412\" data-permalink=\"https:\/\/sarimelekler.biz\/?attachment_id=20412\" data-orig-file=\"https:\/\/sarimelekler.biz\/wp-content\/uploads\/2024\/03\/Eda-Heykel-9-scaled.jpg\" data-orig-size=\"2560,1398\" data-comments-opened=\"0\" data-image-meta=\"{&quot;aperture&quot;:&quot;14&quot;,&quot;credit&quot;:&quot;BURAK SALTIK&quot;,&quot;camera&quot;:&quot;Canon EOS R3&quot;,&quot;caption&quot;:&quot;&quot;,&quot;created_timestamp&quot;:&quot;1709900770&quot;,&quot;copyright&quot;:&quot;www.fenerbahce.org&quot;,&quot;focal_length&quot;:&quot;24&quot;,&quot;iso&quot;:&quot;5000&quot;,&quot;shutter_speed&quot;:&quot;0.002&quot;,&quot;title&quot;:&quot;&quot;,&quot;orientation&quot;:&quot;1&quot;}\" data-image-title=\"Eda Heykel (9)\" data-image-description=\"\" data-image-caption=\"\" data-large-file=\"https:\/\/sarimelekler.biz\/wp-content\/uploads\/2024\/03\/Eda-Heykel-9-1024x559.jpg\" \/><\/a>\n\t\t\t<\/dt><\/dl><dl class='gallery-item'>\n\t\t\t<dt class='gallery-icon landscape'>\n\t\t\t\t<a href='https:\/\/sarimelekler.biz\/?attachment_id=20408'><img loading=\"lazy\" decoding=\"async\" width=\"150\" height=\"150\" src=\"https:\/\/sarimelekler.biz\/wp-content\/uploads\/2024\/03\/Eda-Heykel-5-150x150.jpg\" class=\"attachment-thumbnail size-thumbnail\" alt=\"\" data-attachment-id=\"20408\" data-permalink=\"https:\/\/sarimelekler.biz\/?attachment_id=20408\" data-orig-file=\"https:\/\/sarimelekler.biz\/wp-content\/uploads\/2024\/03\/Eda-Heykel-5-scaled.jpg\" data-orig-size=\"2560,1618\" data-comments-opened=\"0\" data-image-meta=\"{&quot;aperture&quot;:&quot;14&quot;,&quot;credit&quot;:&quot;BURAK SALTIK&quot;,&quot;camera&quot;:&quot;Canon EOS R3&quot;,&quot;caption&quot;:&quot;&quot;,&quot;created_timestamp&quot;:&quot;1709900882&quot;,&quot;copyright&quot;:&quot;www.fenerbahce.org&quot;,&quot;focal_length&quot;:&quot;24&quot;,&quot;iso&quot;:&quot;5000&quot;,&quot;shutter_speed&quot;:&quot;0.002&quot;,&quot;title&quot;:&quot;&quot;,&quot;orientation&quot;:&quot;1&quot;}\" data-image-title=\"Eda Heykel (5)\" data-image-description=\"\" data-image-caption=\"\" data-large-file=\"https:\/\/sarimelekler.biz\/wp-content\/uploads\/2024\/03\/Eda-Heykel-5-1024x647.jpg\" \/><\/a>\n\t\t\t<\/dt><\/dl><br style=\"clear: both\" \/><dl class='gallery-item'>\n\t\t\t<dt class='gallery-icon landscape'>\n\t\t\t\t<a href='https:\/\/sarimelekler.biz\/?attachment_id=20409'><img loading=\"lazy\" decoding=\"async\" width=\"150\" height=\"150\" src=\"https:\/\/sarimelekler.biz\/wp-content\/uploads\/2024\/03\/Eda-Heykel-6-150x150.jpg\" class=\"attachment-thumbnail size-thumbnail\" alt=\"\" data-attachment-id=\"20409\" data-permalink=\"https:\/\/sarimelekler.biz\/?attachment_id=20409\" data-orig-file=\"https:\/\/sarimelekler.biz\/wp-content\/uploads\/2024\/03\/Eda-Heykel-6.jpg\" data-orig-size=\"2500,1903\" data-comments-opened=\"0\" data-image-meta=\"{&quot;aperture&quot;:&quot;0&quot;,&quot;credit&quot;:&quot;&quot;,&quot;camera&quot;:&quot;&quot;,&quot;caption&quot;:&quot;&quot;,&quot;created_timestamp&quot;:&quot;0&quot;,&quot;copyright&quot;:&quot;&quot;,&quot;focal_length&quot;:&quot;0&quot;,&quot;iso&quot;:&quot;0&quot;,&quot;shutter_speed&quot;:&quot;0&quot;,&quot;title&quot;:&quot;&quot;,&quot;orientation&quot;:&quot;1&quot;}\" data-image-title=\"Eda Heykel (6)\" data-image-description=\"\" data-image-caption=\"\" data-large-file=\"https:\/\/sarimelekler.biz\/wp-content\/uploads\/2024\/03\/Eda-Heykel-6-1024x779.jpg\" \/><\/a>\n\t\t\t<\/dt><\/dl><dl class='gallery-item'>\n\t\t\t<dt class='gallery-icon portrait'>\n\t\t\t\t<a href='https:\/\/sarimelekler.biz\/?attachment_id=20410'><img loading=\"lazy\" decoding=\"async\" width=\"150\" height=\"150\" src=\"https:\/\/sarimelekler.biz\/wp-content\/uploads\/2024\/03\/Eda-Heykel-7-150x150.jpg\" class=\"attachment-thumbnail size-thumbnail\" alt=\"\" data-attachment-id=\"20410\" data-permalink=\"https:\/\/sarimelekler.biz\/?attachment_id=20410\" data-orig-file=\"https:\/\/sarimelekler.biz\/wp-content\/uploads\/2024\/03\/Eda-Heykel-7-scaled.jpg\" data-orig-size=\"1508,2560\" data-comments-opened=\"0\" data-image-meta=\"{&quot;aperture&quot;:&quot;0&quot;,&quot;credit&quot;:&quot;&quot;,&quot;camera&quot;:&quot;&quot;,&quot;caption&quot;:&quot;&quot;,&quot;created_timestamp&quot;:&quot;0&quot;,&quot;copyright&quot;:&quot;www.fenerbahce.org&quot;,&quot;focal_length&quot;:&quot;0&quot;,&quot;iso&quot;:&quot;0&quot;,&quot;shutter_speed&quot;:&quot;0&quot;,&quot;title&quot;:&quot;&quot;,&quot;orientation&quot;:&quot;0&quot;}\" data-image-title=\"Eda Heykel (7)\" data-image-description=\"\" data-image-caption=\"\" data-large-file=\"https:\/\/sarimelekler.biz\/wp-content\/uploads\/2024\/03\/Eda-Heykel-7-603x1024.jpg\" \/><\/a>\n\t\t\t<\/dt><\/dl><dl class='gallery-item'>\n\t\t\t<dt class='gallery-icon portrait'>\n\t\t\t\t<a href='https:\/\/sarimelekler.biz\/?attachment_id=20413'><img loading=\"lazy\" decoding=\"async\" width=\"150\" height=\"150\" src=\"https:\/\/sarimelekler.biz\/wp-content\/uploads\/2024\/03\/Eda-Heykel-10-150x150.jpg\" class=\"attachment-thumbnail size-thumbnail\" alt=\"\" data-attachment-id=\"20413\" data-permalink=\"https:\/\/sarimelekler.biz\/?attachment_id=20413\" data-orig-file=\"https:\/\/sarimelekler.biz\/wp-content\/uploads\/2024\/03\/Eda-Heykel-10-scaled.jpg\" data-orig-size=\"1598,2560\" data-comments-opened=\"0\" data-image-meta=\"{&quot;aperture&quot;:&quot;0&quot;,&quot;credit&quot;:&quot;&quot;,&quot;camera&quot;:&quot;&quot;,&quot;caption&quot;:&quot;&quot;,&quot;created_timestamp&quot;:&quot;0&quot;,&quot;copyright&quot;:&quot;www.fenerbahce.org&quot;,&quot;focal_length&quot;:&quot;0&quot;,&quot;iso&quot;:&quot;0&quot;,&quot;shutter_speed&quot;:&quot;0&quot;,&quot;title&quot;:&quot;&quot;,&quot;orientation&quot;:&quot;0&quot;}\" data-image-title=\"Eda Heykel (10)\" data-image-description=\"\" data-image-caption=\"\" data-large-file=\"https:\/\/sarimelekler.biz\/wp-content\/uploads\/2024\/03\/Eda-Heykel-10-639x1024.jpg\" \/><\/a>\n\t\t\t<\/dt><\/dl><dl class='gallery-item'>\n\t\t\t<dt class='gallery-icon portrait'>\n\t\t\t\t<a href='https:\/\/sarimelekler.biz\/?attachment_id=20414'><img loading=\"lazy\" decoding=\"async\" width=\"150\" height=\"150\" src=\"https:\/\/sarimelekler.biz\/wp-content\/uploads\/2024\/03\/Eda-Heykel-11-150x150.jpg\" class=\"attachment-thumbnail size-thumbnail\" alt=\"\" data-attachment-id=\"20414\" data-permalink=\"https:\/\/sarimelekler.biz\/?attachment_id=20414\" data-orig-file=\"https:\/\/sarimelekler.biz\/wp-content\/uploads\/2024\/03\/Eda-Heykel-11-scaled.jpg\" data-orig-size=\"1652,2560\" data-comments-opened=\"0\" data-image-meta=\"{&quot;aperture&quot;:&quot;0&quot;,&quot;credit&quot;:&quot;&quot;,&quot;camera&quot;:&quot;&quot;,&quot;caption&quot;:&quot;&quot;,&quot;created_timestamp&quot;:&quot;0&quot;,&quot;copyright&quot;:&quot;www.fenerbahce.org&quot;,&quot;focal_length&quot;:&quot;0&quot;,&quot;iso&quot;:&quot;0&quot;,&quot;shutter_speed&quot;:&quot;0&quot;,&quot;title&quot;:&quot;&quot;,&quot;orientation&quot;:&quot;0&quot;}\" data-image-title=\"Eda Heykel (11)\" data-image-description=\"\" data-image-caption=\"\" data-large-file=\"https:\/\/sarimelekler.biz\/wp-content\/uploads\/2024\/03\/Eda-Heykel-11-661x1024.jpg\" \/><\/a>\n\t\t\t<\/dt><\/dl><dl class='gallery-item'>\n\t\t\t<dt class='gallery-icon portrait'>\n\t\t\t\t<a href='https:\/\/sarimelekler.biz\/?attachment_id=20416'><img loading=\"lazy\" decoding=\"async\" width=\"150\" height=\"150\" src=\"https:\/\/sarimelekler.biz\/wp-content\/uploads\/2024\/03\/Eda-Heykel-13-150x150.jpg\" class=\"attachment-thumbnail size-thumbnail\" alt=\"\" data-attachment-id=\"20416\" data-permalink=\"https:\/\/sarimelekler.biz\/?attachment_id=20416\" data-orig-file=\"https:\/\/sarimelekler.biz\/wp-content\/uploads\/2024\/03\/Eda-Heykel-13-scaled.jpg\" data-orig-size=\"1652,2560\" data-comments-opened=\"0\" data-image-meta=\"{&quot;aperture&quot;:&quot;0&quot;,&quot;credit&quot;:&quot;&quot;,&quot;camera&quot;:&quot;&quot;,&quot;caption&quot;:&quot;&quot;,&quot;created_timestamp&quot;:&quot;0&quot;,&quot;copyright&quot;:&quot;www.fenerbahce.org&quot;,&quot;focal_length&quot;:&quot;0&quot;,&quot;iso&quot;:&quot;0&quot;,&quot;shutter_speed&quot;:&quot;0&quot;,&quot;title&quot;:&quot;&quot;,&quot;orientation&quot;:&quot;0&quot;}\" data-image-title=\"Eda Heykel (13)\" data-image-description=\"\" data-image-caption=\"\" data-large-file=\"https:\/\/sarimelekler.biz\/wp-content\/uploads\/2024\/03\/Eda-Heykel-13-661x1024.jpg\" \/><\/a>\n\t\t\t<\/dt><\/dl><br style=\"clear: both\" \/><dl class='gallery-item'>\n\t\t\t<dt class='gallery-icon portrait'>\n\t\t\t\t<a href='https:\/\/sarimelekler.biz\/?attachment_id=20404'><img loading=\"lazy\" decoding=\"async\" width=\"150\" height=\"150\" src=\"https:\/\/sarimelekler.biz\/wp-content\/uploads\/2024\/03\/Eda-Heykel-1-150x150.jpg\" class=\"attachment-thumbnail size-thumbnail\" alt=\"\" data-attachment-id=\"20404\" data-permalink=\"https:\/\/sarimelekler.biz\/?attachment_id=20404\" data-orig-file=\"https:\/\/sarimelekler.biz\/wp-content\/uploads\/2024\/03\/Eda-Heykel-1-scaled.jpg\" data-orig-size=\"1928,2560\" data-comments-opened=\"0\" data-image-meta=\"{&quot;aperture&quot;:&quot;0&quot;,&quot;credit&quot;:&quot;&quot;,&quot;camera&quot;:&quot;&quot;,&quot;caption&quot;:&quot;&quot;,&quot;created_timestamp&quot;:&quot;0&quot;,&quot;copyright&quot;:&quot;www.fenerbahce.org&quot;,&quot;focal_length&quot;:&quot;0&quot;,&quot;iso&quot;:&quot;0&quot;,&quot;shutter_speed&quot;:&quot;0&quot;,&quot;title&quot;:&quot;&quot;,&quot;orientation&quot;:&quot;0&quot;}\" data-image-title=\"Eda Heykel (1)\" data-image-description=\"\" data-image-caption=\"\" data-large-file=\"https:\/\/sarimelekler.biz\/wp-content\/uploads\/2024\/03\/Eda-Heykel-1-771x1024.jpg\" \/><\/a>\n\t\t\t<\/dt><\/dl><dl class='gallery-item'>\n\t\t\t<dt class='gallery-icon landscape'>\n\t\t\t\t<a href='https:\/\/sarimelekler.biz\/?attachment_id=20422'><img loading=\"lazy\" decoding=\"async\" width=\"150\" height=\"150\" src=\"https:\/\/sarimelekler.biz\/wp-content\/uploads\/2024\/03\/Eda-Heykel-19-150x150.jpg\" class=\"attachment-thumbnail size-thumbnail\" alt=\"\" data-attachment-id=\"20422\" data-permalink=\"https:\/\/sarimelekler.biz\/?attachment_id=20422\" data-orig-file=\"https:\/\/sarimelekler.biz\/wp-content\/uploads\/2024\/03\/Eda-Heykel-19-scaled.jpg\" data-orig-size=\"2560,1706\" data-comments-opened=\"0\" data-image-meta=\"{&quot;aperture&quot;:&quot;0&quot;,&quot;credit&quot;:&quot;&quot;,&quot;camera&quot;:&quot;&quot;,&quot;caption&quot;:&quot;&quot;,&quot;created_timestamp&quot;:&quot;0&quot;,&quot;copyright&quot;:&quot;www.fenerbahce.org&quot;,&quot;focal_length&quot;:&quot;0&quot;,&quot;iso&quot;:&quot;0&quot;,&quot;shutter_speed&quot;:&quot;0&quot;,&quot;title&quot;:&quot;&quot;,&quot;orientation&quot;:&quot;0&quot;}\" data-image-title=\"Eda Heykel (19)\" data-image-description=\"\" data-image-caption=\"\" data-large-file=\"https:\/\/sarimelekler.biz\/wp-content\/uploads\/2024\/03\/Eda-Heykel-19-1024x683.jpg\" \/><\/a>\n\t\t\t<\/dt><\/dl><dl class='gallery-item'>\n\t\t\t<dt class='gallery-icon portrait'>\n\t\t\t\t<a href='https:\/\/sarimelekler.biz\/?attachment_id=20424'><img loading=\"lazy\" decoding=\"async\" width=\"150\" height=\"150\" src=\"https:\/\/sarimelekler.biz\/wp-content\/uploads\/2024\/03\/Eda-Heykel-21-150x150.jpg\" class=\"attachment-thumbnail size-thumbnail\" alt=\"\" data-attachment-id=\"20424\" data-permalink=\"https:\/\/sarimelekler.biz\/?attachment_id=20424\" data-orig-file=\"https:\/\/sarimelekler.biz\/wp-content\/uploads\/2024\/03\/Eda-Heykel-21-scaled.jpg\" data-orig-size=\"1530,2560\" data-comments-opened=\"0\" data-image-meta=\"{&quot;aperture&quot;:&quot;0&quot;,&quot;credit&quot;:&quot;&quot;,&quot;camera&quot;:&quot;&quot;,&quot;caption&quot;:&quot;&quot;,&quot;created_timestamp&quot;:&quot;0&quot;,&quot;copyright&quot;:&quot;www.fenerbahce.org&quot;,&quot;focal_length&quot;:&quot;0&quot;,&quot;iso&quot;:&quot;0&quot;,&quot;shutter_speed&quot;:&quot;0&quot;,&quot;title&quot;:&quot;&quot;,&quot;orientation&quot;:&quot;0&quot;}\" data-image-title=\"Eda Heykel (21)\" data-image-description=\"\" data-image-caption=\"\" data-large-file=\"https:\/\/sarimelekler.biz\/wp-content\/uploads\/2024\/03\/Eda-Heykel-21-612x1024.jpg\" \/><\/a>\n\t\t\t<\/dt><\/dl><dl class='gallery-item'>\n\t\t\t<dt class='gallery-icon portrait'>\n\t\t\t\t<a href='https:\/\/sarimelekler.biz\/?attachment_id=20431'><img loading=\"lazy\" decoding=\"async\" width=\"150\" height=\"150\" src=\"https:\/\/sarimelekler.biz\/wp-content\/uploads\/2024\/03\/Eda-Heykel-28-150x150.jpg\" class=\"attachment-thumbnail size-thumbnail\" alt=\"\" data-attachment-id=\"20431\" data-permalink=\"https:\/\/sarimelekler.biz\/?attachment_id=20431\" data-orig-file=\"https:\/\/sarimelekler.biz\/wp-content\/uploads\/2024\/03\/Eda-Heykel-28-scaled.jpg\" data-orig-size=\"1529,2560\" data-comments-opened=\"0\" data-image-meta=\"{&quot;aperture&quot;:&quot;0&quot;,&quot;credit&quot;:&quot;&quot;,&quot;camera&quot;:&quot;&quot;,&quot;caption&quot;:&quot;&quot;,&quot;created_timestamp&quot;:&quot;0&quot;,&quot;copyright&quot;:&quot;www.fenerbahce.org&quot;,&quot;focal_length&quot;:&quot;0&quot;,&quot;iso&quot;:&quot;0&quot;,&quot;shutter_speed&quot;:&quot;0&quot;,&quot;title&quot;:&quot;&quot;,&quot;orientation&quot;:&quot;0&quot;}\" data-image-title=\"Eda Heykel (28)\" data-image-description=\"\" data-image-caption=\"\" data-large-file=\"https:\/\/sarimelekler.biz\/wp-content\/uploads\/2024\/03\/Eda-Heykel-28-612x1024.jpg\" \/><\/a>\n\t\t\t<\/dt><\/dl><dl class='gallery-item'>\n\t\t\t<dt class='gallery-icon portrait'>\n\t\t\t\t<a href='https:\/\/sarimelekler.biz\/?attachment_id=20433'><img loading=\"lazy\" decoding=\"async\" width=\"150\" height=\"150\" src=\"https:\/\/sarimelekler.biz\/wp-content\/uploads\/2024\/03\/Eda-Heykel-30-150x150.jpg\" class=\"attachment-thumbnail size-thumbnail\" alt=\"\" data-attachment-id=\"20433\" data-permalink=\"https:\/\/sarimelekler.biz\/?attachment_id=20433\" data-orig-file=\"https:\/\/sarimelekler.biz\/wp-content\/uploads\/2024\/03\/Eda-Heykel-30-scaled.jpg\" data-orig-size=\"1734,2560\" data-comments-opened=\"0\" data-image-meta=\"{&quot;aperture&quot;:&quot;0&quot;,&quot;credit&quot;:&quot;&quot;,&quot;camera&quot;:&quot;&quot;,&quot;caption&quot;:&quot;&quot;,&quot;created_timestamp&quot;:&quot;0&quot;,&quot;copyright&quot;:&quot;www.fenerbahce.org&quot;,&quot;focal_length&quot;:&quot;0&quot;,&quot;iso&quot;:&quot;0&quot;,&quot;shutter_speed&quot;:&quot;0&quot;,&quot;title&quot;:&quot;&quot;,&quot;orientation&quot;:&quot;0&quot;}\" data-image-title=\"Eda Heykel (30)\" data-image-description=\"\" data-image-caption=\"\" data-large-file=\"https:\/\/sarimelekler.biz\/wp-content\/uploads\/2024\/03\/Eda-Heykel-30-694x1024.jpg\" \/><\/a>\n\t\t\t<\/dt><\/dl><br style=\"clear: both\" \/><dl class='gallery-item'>\n\t\t\t<dt class='gallery-icon portrait'>\n\t\t\t\t<a href='https:\/\/sarimelekler.biz\/?attachment_id=20435'><img loading=\"lazy\" decoding=\"async\" width=\"150\" height=\"150\" src=\"https:\/\/sarimelekler.biz\/wp-content\/uploads\/2024\/03\/Eda-Heykel-32-150x150.jpg\" class=\"attachment-thumbnail size-thumbnail\" alt=\"\" data-attachment-id=\"20435\" data-permalink=\"https:\/\/sarimelekler.biz\/?attachment_id=20435\" data-orig-file=\"https:\/\/sarimelekler.biz\/wp-content\/uploads\/2024\/03\/Eda-Heykel-32-scaled.jpg\" data-orig-size=\"1788,2560\" data-comments-opened=\"0\" data-image-meta=\"{&quot;aperture&quot;:&quot;0&quot;,&quot;credit&quot;:&quot;&quot;,&quot;camera&quot;:&quot;&quot;,&quot;caption&quot;:&quot;&quot;,&quot;created_timestamp&quot;:&quot;0&quot;,&quot;copyright&quot;:&quot;www.fenerbahce.org&quot;,&quot;focal_length&quot;:&quot;0&quot;,&quot;iso&quot;:&quot;0&quot;,&quot;shutter_speed&quot;:&quot;0&quot;,&quot;title&quot;:&quot;&quot;,&quot;orientation&quot;:&quot;0&quot;}\" data-image-title=\"Eda Heykel (32)\" data-image-description=\"\" data-image-caption=\"\" data-large-file=\"https:\/\/sarimelekler.biz\/wp-content\/uploads\/2024\/03\/Eda-Heykel-32-715x1024.jpg\" \/><\/a>\n\t\t\t<\/dt><\/dl><dl class='gallery-item'>\n\t\t\t<dt class='gallery-icon landscape'>\n\t\t\t\t<a href='https:\/\/sarimelekler.biz\/?attachment_id=20428'><img loading=\"lazy\" decoding=\"async\" width=\"150\" height=\"150\" src=\"https:\/\/sarimelekler.biz\/wp-content\/uploads\/2024\/03\/Eda-Heykel-25-150x150.jpg\" class=\"attachment-thumbnail size-thumbnail\" alt=\"\" data-attachment-id=\"20428\" data-permalink=\"https:\/\/sarimelekler.biz\/?attachment_id=20428\" data-orig-file=\"https:\/\/sarimelekler.biz\/wp-content\/uploads\/2024\/03\/Eda-Heykel-25-scaled.jpg\" data-orig-size=\"2560,1533\" data-comments-opened=\"0\" data-image-meta=\"{&quot;aperture&quot;:&quot;13&quot;,&quot;credit&quot;:&quot;BURAK SALTIK&quot;,&quot;camera&quot;:&quot;Canon EOS R3&quot;,&quot;caption&quot;:&quot;&quot;,&quot;created_timestamp&quot;:&quot;1709900900&quot;,&quot;copyright&quot;:&quot;www.fenerbahce.org&quot;,&quot;focal_length&quot;:&quot;24&quot;,&quot;iso&quot;:&quot;5000&quot;,&quot;shutter_speed&quot;:&quot;0.002&quot;,&quot;title&quot;:&quot;&quot;,&quot;orientation&quot;:&quot;1&quot;}\" data-image-title=\"Eda Heykel (25)\" data-image-description=\"\" data-image-caption=\"\" data-large-file=\"https:\/\/sarimelekler.biz\/wp-content\/uploads\/2024\/03\/Eda-Heykel-25-1024x613.jpg\" \/><\/a>\n\t\t\t<\/dt><\/dl><dl class='gallery-item'>\n\t\t\t<dt class='gallery-icon landscape'>\n\t\t\t\t<a href='https:\/\/sarimelekler.biz\/?attachment_id=20434'><img loading=\"lazy\" decoding=\"async\" width=\"150\" height=\"150\" src=\"https:\/\/sarimelekler.biz\/wp-content\/uploads\/2024\/03\/Eda-Heykel-31-150x150.jpg\" class=\"attachment-thumbnail size-thumbnail\" alt=\"\" data-attachment-id=\"20434\" data-permalink=\"https:\/\/sarimelekler.biz\/?attachment_id=20434\" data-orig-file=\"https:\/\/sarimelekler.biz\/wp-content\/uploads\/2024\/03\/Eda-Heykel-31.jpg\" data-orig-size=\"2500,1667\" data-comments-opened=\"0\" data-image-meta=\"{&quot;aperture&quot;:&quot;0&quot;,&quot;credit&quot;:&quot;&quot;,&quot;camera&quot;:&quot;&quot;,&quot;caption&quot;:&quot;&quot;,&quot;created_timestamp&quot;:&quot;0&quot;,&quot;copyright&quot;:&quot;&quot;,&quot;focal_length&quot;:&quot;0&quot;,&quot;iso&quot;:&quot;0&quot;,&quot;shutter_speed&quot;:&quot;0&quot;,&quot;title&quot;:&quot;&quot;,&quot;orientation&quot;:&quot;1&quot;}\" data-image-title=\"Eda Heykel (31)\" data-image-description=\"\" data-image-caption=\"\" data-large-file=\"https:\/\/sarimelekler.biz\/wp-content\/uploads\/2024\/03\/Eda-Heykel-31-1024x683.jpg\" \/><\/a>\n\t\t\t<\/dt><\/dl>\n\t\t\t<br style='clear: both' \/>\n\t\t<\/div>\n\n<p>Kaynak:\u00a0<a href=\"https:\/\/www.fenerbahce.org\/haberler\/voleybol-kadin\/2024\/3\/efsane-voleybolcumuz-eda-erdem-dundar-in-heykelinin-acilisi-yapildi\" target=\"_blank\" rel=\"noopener\">Fenerbah\u00e7e SK Resmi \u0130nternet Sitesi<\/a><\/p>\n<p style=\"text-align: right;\">08.03.2024<\/p>\n","protected":false},"excerpt":{"rendered":"<p>Elde etti\u011fi ulusal ve uluslararas\u0131 ba\u015far\u0131larla g\u00f6\u011fs\u00fcm\u00fcz\u00fc kabartan, \u00f6rnek ki\u015fili\u011fi \u2026 <a class=\"continue-reading-link\" href=\"https:\/\/sarimelekler.biz\/?p=20401\">Okumaya Devam Et.. <span class=\"meta-nav\">&rarr; <\/span><\/a><\/p>\n","protected":false},"author":1,"featured_media":20407,"comment_status":"closed","ping_status":"open","sticky":false,"template":"","format":"standard","meta":{"jetpack_post_was_ever_published":false,"_jetpack_newsletter_access":"","_jetpack_dont_email_post_to_subs":false,"_jetpack_newsletter_tier_id":0,"_jetpack_memberships_contains_paywalled_content":false,"_jetpack_memberships_contains_paid_content":false,"footnotes":"","jetpack_publicize_message":"","jetpack_publicize_feature_enabled":true,"jetpack_social_post_already_shared":true,"jetpack_social_options":{"image_generator_settings":{"template":"highway","default_image_id":0,"font":"","enabled":false},"version":2}},"categories":[21],"tags":[],"class_list":["post-20401","post","type-post","status-publish","format-standard","has-post-thumbnail","hentry","category-ozel-haberler"],"jetpack_publicize_connections":[],"jetpack_featured_media_url":"https:\/\/sarimelekler.biz\/wp-content\/uploads\/2024\/03\/Eda-Heykel-4-scaled.jpg","jetpack_sharing_enabled":true,"jetpack_shortlink":"https:\/\/wp.me\/p8npUZ-5j3","jetpack-related-posts":[{"id":20437,"url":"https:\/\/sarimelekler.biz\/?p=20437","url_meta":{"origin":20401,"position":0},"title":"Efsane Voleybolcumuz Eda Erdem&#8217;in Heykelinin A\u00e7\u0131l\u0131\u015f T\u00f6reni","author":"Edit\u00f6r","date":"9 Mart 2024","format":false,"excerpt":"Elde etti\u011fi ulusal ve uluslararas\u0131 ba\u015far\u0131larla g\u00f6\u011fs\u00fcm\u00fcz\u00fc kabartan, \u00f6rnek ki\u015fili\u011fi ve duru\u015fu ile herkesin sevgisini kazanan, ad\u0131n\u0131 Fenerbah\u00e7e ve T\u00fcrk voleybol tarihine alt\u0131n harflerle kaz\u0131yan Fenerbah\u00e7e Opet Kad\u0131n Voleybol ve Milli Tak\u0131m\u0131m\u0131z\u0131n efsane kaptan\u0131 Eda Erdem D\u00fcndar\u2019\u0131n heykelinin a\u00e7\u0131l\u0131\u015f\u0131 yap\u0131ld\u0131. Kaptan \u0130nstagram Hesab\u0131ndan Bir Payla\u015f\u0131m yaparak Te\u015fekk\u00fcr etti. \u00a0 A\u00e7\u0131l\u0131\u015f\u2026","rel":"","context":"&quot;Haberler&quot; i\u00e7inde","block_context":{"text":"Haberler","link":"https:\/\/sarimelekler.biz\/?cat=7"},"img":{"alt_text":"","src":"https:\/\/i0.wp.com\/sarimelekler.biz\/wp-content\/uploads\/2024\/03\/Eda-Heykel-kapak-2.jpg?resize=350%2C200&ssl=1","width":350,"height":200,"srcset":"https:\/\/i0.wp.com\/sarimelekler.biz\/wp-content\/uploads\/2024\/03\/Eda-Heykel-kapak-2.jpg?resize=350%2C200&ssl=1 1x, https:\/\/i0.wp.com\/sarimelekler.biz\/wp-content\/uploads\/2024\/03\/Eda-Heykel-kapak-2.jpg?resize=525%2C300&ssl=1 1.5x"},"classes":[]},{"id":11846,"url":"https:\/\/sarimelekler.biz\/?p=11846","url_meta":{"origin":20401,"position":1},"title":"Kafkas M\u00fccevherat ile Fenerbah\u00e7e Opet aras\u0131ndaki  Forma Sponsorlu\u011fu T\u00f6reni Yap\u0131ld\u0131","author":"Edit\u00f6r","date":"18 Eyl\u00fcl 2019","format":false,"excerpt":"Fenerbah\u00e7e Opet Kad\u0131n Voleybol Tak\u0131m\u0131m\u0131z ile m\u00fccevher sekt\u00f6r\u00fcnde bir moda yarat\u0131mc\u0131s\u0131 olmay\u0131 ilke edinen, sekt\u00f6r\u00fcn \u00f6nemli markalar\u0131ndan Kafkas M\u00fccevherat aras\u0131ndaki sponsorluk anla\u015fmas\u0131 imza t\u00f6reni yap\u0131ld\u0131. \u00dclker Stadyumu Fenerbah\u00e7e \u015e\u00fckr\u00fc Saraco\u011flu Spor Kompleksi 1907 Trib\u00fcn\u00fc\u2019nde ger\u00e7ekle\u015ftirilen imza t\u00f6reninde Ba\u015fkan Yard\u0131mc\u0131m\u0131z Burhan Kara\u00e7am ve Kafkas M\u00fccevherat CEO\u2019su Tolga K\u0131rg\u0131z ile Fenerbah\u00e7e Opet\u2026","rel":"","context":"&quot;Haberler&quot; i\u00e7inde","block_context":{"text":"Haberler","link":"https:\/\/sarimelekler.biz\/?cat=7"},"img":{"alt_text":"","src":"https:\/\/i0.wp.com\/sarimelekler.biz\/wp-content\/uploads\/2019\/09\/Kafkas-M%C3%BCcevherat-Sponsorlu%C4%9Fu-1.jpg?resize=350%2C200&ssl=1","width":350,"height":200,"srcset":"https:\/\/i0.wp.com\/sarimelekler.biz\/wp-content\/uploads\/2019\/09\/Kafkas-M%C3%BCcevherat-Sponsorlu%C4%9Fu-1.jpg?resize=350%2C200&ssl=1 1x, https:\/\/i0.wp.com\/sarimelekler.biz\/wp-content\/uploads\/2019\/09\/Kafkas-M%C3%BCcevherat-Sponsorlu%C4%9Fu-1.jpg?resize=525%2C300&ssl=1 1.5x, https:\/\/i0.wp.com\/sarimelekler.biz\/wp-content\/uploads\/2019\/09\/Kafkas-M%C3%BCcevherat-Sponsorlu%C4%9Fu-1.jpg?resize=700%2C400&ssl=1 2x, https:\/\/i0.wp.com\/sarimelekler.biz\/wp-content\/uploads\/2019\/09\/Kafkas-M%C3%BCcevherat-Sponsorlu%C4%9Fu-1.jpg?resize=1050%2C600&ssl=1 3x, https:\/\/i0.wp.com\/sarimelekler.biz\/wp-content\/uploads\/2019\/09\/Kafkas-M%C3%BCcevherat-Sponsorlu%C4%9Fu-1.jpg?resize=1400%2C800&ssl=1 4x"},"classes":[]},{"id":11824,"url":"https:\/\/sarimelekler.biz\/?p=11824","url_meta":{"origin":20401,"position":2},"title":"Corendon Airlines ile Fenerbah\u00e7e Opet aras\u0131ndaki  Forma S\u0131rt Sponsorlu\u011fu T\u00f6reni Yap\u0131ld\u0131","author":"Edit\u00f6r","date":"18 Eyl\u00fcl 2019","format":false,"excerpt":"Fenerbah\u00e7e Opet Kad\u0131n Voleybol Tak\u0131m\u0131m\u0131z\u0131n, \u201c\u0130lklerin Havayolu\u201d Corendon Airlines ile ger\u00e7ekle\u015ftirdi\u011fi forma s\u0131rt sponsorlu\u011fu anla\u015fmas\u0131n\u0131n imza t\u00f6reni \u00dclker Stadyumu Fenerbah\u00e7e \u015e\u00fckr\u00fc Saraco\u011flu Spor Kompleksi 1907 Trib\u00fcn\u00fc\u2019nde yap\u0131ld\u0131. Ba\u015fkan\u0131m\u0131z Ali Ko\u00e7, Genel Sekreterimiz Sevil Zeynep Becan ile Y\u00f6netim Kurulu \u00dcyelerimizin haz\u0131r bulundu\u011fu imza t\u00f6reninde Ba\u015fkan Yard\u0131mc\u0131m\u0131z Burhan Kara\u00e7am, Corendon Airlines Y\u00f6netim\u2026","rel":"","context":"&quot;Haberler&quot; i\u00e7inde","block_context":{"text":"Haberler","link":"https:\/\/sarimelekler.biz\/?cat=7"},"img":{"alt_text":"","src":"https:\/\/i0.wp.com\/sarimelekler.biz\/wp-content\/uploads\/2019\/09\/12a611dd-78df-4a45-a8e4-2b5710ac851e.jpg?resize=350%2C200&ssl=1","width":350,"height":200,"srcset":"https:\/\/i0.wp.com\/sarimelekler.biz\/wp-content\/uploads\/2019\/09\/12a611dd-78df-4a45-a8e4-2b5710ac851e.jpg?resize=350%2C200&ssl=1 1x, https:\/\/i0.wp.com\/sarimelekler.biz\/wp-content\/uploads\/2019\/09\/12a611dd-78df-4a45-a8e4-2b5710ac851e.jpg?resize=525%2C300&ssl=1 1.5x, https:\/\/i0.wp.com\/sarimelekler.biz\/wp-content\/uploads\/2019\/09\/12a611dd-78df-4a45-a8e4-2b5710ac851e.jpg?resize=700%2C400&ssl=1 2x, https:\/\/i0.wp.com\/sarimelekler.biz\/wp-content\/uploads\/2019\/09\/12a611dd-78df-4a45-a8e4-2b5710ac851e.jpg?resize=1050%2C600&ssl=1 3x, https:\/\/i0.wp.com\/sarimelekler.biz\/wp-content\/uploads\/2019\/09\/12a611dd-78df-4a45-a8e4-2b5710ac851e.jpg?resize=1400%2C800&ssl=1 4x"},"classes":[]},{"id":15328,"url":"https:\/\/sarimelekler.biz\/?p=15328","url_meta":{"origin":20401,"position":3},"title":"Ba\u015fkan\u0131m\u0131z Ali Ko\u00e7 ve Y\u00f6neticimiz Simla T\u00fcrker Bayaz\u0131t Kaptan\u0131m\u0131z Eda Erdem D\u00fcndar\u2019a \u00d6zel Plaket Verdi","author":"Edit\u00f6r","date":"21 \u015eubat 2021","format":false,"excerpt":"Ba\u015fkan\u0131m\u0131z Ali Ko\u00e7 ile Y\u00f6neticimiz Simla T\u00fcrker Bayaz\u0131t, Uluslararas\u0131 Voleybol Federasyonu FIVB taraf\u0131ndan 'Tarihin En \u0130yi 100 Oyuncusu' listesine se\u00e7ilerek \u00fclkemizi gururland\u0131ran kaptan Eda Erdem D\u00fcndar\u2019a G\u00f6ztepe ma\u00e7\u0131 \u00f6ncesi plaket takdim etti. Kul\u00fcb\u00fcm\u00fcz\u00fcn y\u00fcz ak\u0131, Sar\u0131 Meleklerimiz ile A Milli Kad\u0131n Voleybol Tak\u0131m\u0131m\u0131z\u0131n kaptan\u0131, bir g\u00fcn onun gibi olmak isteyen\u2026","rel":"","context":"&quot;Haberler&quot; i\u00e7inde","block_context":{"text":"Haberler","link":"https:\/\/sarimelekler.biz\/?cat=7"},"img":{"alt_text":"","src":"https:\/\/i0.wp.com\/sarimelekler.biz\/wp-content\/uploads\/2021\/02\/Eda-Plaket-11.jpg?resize=350%2C200&ssl=1","width":350,"height":200,"srcset":"https:\/\/i0.wp.com\/sarimelekler.biz\/wp-content\/uploads\/2021\/02\/Eda-Plaket-11.jpg?resize=350%2C200&ssl=1 1x, https:\/\/i0.wp.com\/sarimelekler.biz\/wp-content\/uploads\/2021\/02\/Eda-Plaket-11.jpg?resize=525%2C300&ssl=1 1.5x, https:\/\/i0.wp.com\/sarimelekler.biz\/wp-content\/uploads\/2021\/02\/Eda-Plaket-11.jpg?resize=700%2C400&ssl=1 2x, https:\/\/i0.wp.com\/sarimelekler.biz\/wp-content\/uploads\/2021\/02\/Eda-Plaket-11.jpg?resize=1050%2C600&ssl=1 3x, https:\/\/i0.wp.com\/sarimelekler.biz\/wp-content\/uploads\/2021\/02\/Eda-Plaket-11.jpg?resize=1400%2C800&ssl=1 4x"},"classes":[]},{"id":16126,"url":"https:\/\/sarimelekler.biz\/?p=16126","url_meta":{"origin":20401,"position":4},"title":"Fenerbah\u00e7e Opet, Yeni Sezon \u00d6ncesi Rita Moda\u2019da Moral Yeme\u011finde Bir Araya Geldi","author":"Edit\u00f6r","date":"3 Ekim 2021","format":false,"excerpt":"Fenerbah\u00e7e Opet Kad\u0131n Voleybol Tak\u0131m\u0131m\u0131z, Fenerbah\u00e7elili\u011fiyle yak\u0131ndan tan\u0131d\u0131\u011f\u0131m\u0131z oyuncu \u0130lker Ayr\u0131k'\u0131n Kad\u0131k\u00f6y Moda'da bulunan Rita Moda'da organize edilen yemekte bir araya geldi. Ba\u015fkan\u0131m\u0131z Ali Y. Ko\u00e7 ve Y\u00f6netim Kurulu \u00dcyemiz Simla T\u00fcrker Bayaz\u0131t'\u0131n da yer ald\u0131\u011f\u0131 yemekte, Sar\u0131 Melekler yeni sezon \u00f6ncesi moral depolad\u0131.\u00a0 \u0130lker Ayr\u0131k ve e\u015fi Sanem Ayr\u0131k'\u0131n\u2026","rel":"","context":"&quot;Haberler&quot; i\u00e7inde","block_context":{"text":"Haberler","link":"https:\/\/sarimelekler.biz\/?cat=7"},"img":{"alt_text":"","src":"https:\/\/i0.wp.com\/sarimelekler.biz\/wp-content\/uploads\/2021\/10\/Moral-Yemegi-10.jpg?resize=350%2C200&ssl=1","width":350,"height":200,"srcset":"https:\/\/i0.wp.com\/sarimelekler.biz\/wp-content\/uploads\/2021\/10\/Moral-Yemegi-10.jpg?resize=350%2C200&ssl=1 1x, https:\/\/i0.wp.com\/sarimelekler.biz\/wp-content\/uploads\/2021\/10\/Moral-Yemegi-10.jpg?resize=525%2C300&ssl=1 1.5x, https:\/\/i0.wp.com\/sarimelekler.biz\/wp-content\/uploads\/2021\/10\/Moral-Yemegi-10.jpg?resize=700%2C400&ssl=1 2x, https:\/\/i0.wp.com\/sarimelekler.biz\/wp-content\/uploads\/2021\/10\/Moral-Yemegi-10.jpg?resize=1050%2C600&ssl=1 3x, https:\/\/i0.wp.com\/sarimelekler.biz\/wp-content\/uploads\/2021\/10\/Moral-Yemegi-10.jpg?resize=1400%2C800&ssl=1 4x"},"classes":[]},{"id":11915,"url":"https:\/\/sarimelekler.biz\/?p=11915","url_meta":{"origin":20401,"position":5},"title":"Fenerbah\u00e7e Voleybol Tak\u0131mlar\u0131m\u0131z\u0131n Yeni Sponsoru Fluo Oldu.","author":"Edit\u00f6r","date":"11 Ekim 2019","format":false,"excerpt":"Fenerbah\u00e7emiz ile ileri teknoloji, y\u00fcksek kalite ve yarat\u0131c\u0131l\u0131kla tasarlanm\u0131\u015f cihazlar\u0131n yeni markas\u0131 Fluo aras\u0131nda Fenerbah\u00e7e Opet Kad\u0131n Voleybol ve Fenerbah\u00e7e HDI Erkek Voleybol Tak\u0131mlar\u0131m\u0131z aras\u0131ndaki sponsorluk anla\u015fmas\u0131n\u0131n imza t\u00f6reni yap\u0131ld\u0131. Fluo, bu anla\u015fma do\u011frultusunda T\u00fcrkiye\u2019nin en b\u00fcy\u00fck spor kul\u00fcb\u00fc olan Fenerbah\u00e7emizin; Erkek Voleybol Tak\u0131m\u0131nda forma s\u0131rt, Kad\u0131n Voleybol Tak\u0131m\u0131nda ise\u2026","rel":"","context":"&quot;Haberler&quot; i\u00e7inde","block_context":{"text":"Haberler","link":"https:\/\/sarimelekler.biz\/?cat=7"},"img":{"alt_text":"","src":"https:\/\/i0.wp.com\/sarimelekler.biz\/wp-content\/uploads\/2019\/10\/Fluo-Sponsorlu%C4%9Fu-21.jpg?resize=350%2C200&ssl=1","width":350,"height":200,"srcset":"https:\/\/i0.wp.com\/sarimelekler.biz\/wp-content\/uploads\/2019\/10\/Fluo-Sponsorlu%C4%9Fu-21.jpg?resize=350%2C200&ssl=1 1x, https:\/\/i0.wp.com\/sarimelekler.biz\/wp-content\/uploads\/2019\/10\/Fluo-Sponsorlu%C4%9Fu-21.jpg?resize=525%2C300&ssl=1 1.5x, https:\/\/i0.wp.com\/sarimelekler.biz\/wp-content\/uploads\/2019\/10\/Fluo-Sponsorlu%C4%9Fu-21.jpg?resize=700%2C400&ssl=1 2x, https:\/\/i0.wp.com\/sarimelekler.biz\/wp-content\/uploads\/2019\/10\/Fluo-Sponsorlu%C4%9Fu-21.jpg?resize=1050%2C600&ssl=1 3x, https:\/\/i0.wp.com\/sarimelekler.biz\/wp-content\/uploads\/2019\/10\/Fluo-Sponsorlu%C4%9Fu-21.jpg?resize=1400%2C800&ssl=1 4x"},"classes":[]}],"_links":{"self":[{"href":"https:\/\/sarimelekler.biz\/index.php?rest_route=\/wp\/v2\/posts\/20401","targetHints":{"allow":["GET"]}}],"collection":[{"href":"https:\/\/sarimelekler.biz\/index.php?rest_route=\/wp\/v2\/posts"}],"about":[{"href":"https:\/\/sarimelekler.biz\/index.php?rest_route=\/wp\/v2\/types\/post"}],"author":[{"embeddable":true,"href":"https:\/\/sarimelekler.biz\/index.php?rest_route=\/wp\/v2\/users\/1"}],"replies":[{"embeddable":true,"href":"https:\/\/sarimelekler.biz\/index.php?rest_route=%2Fwp%2Fv2%2Fcomments&post=20401"}],"version-history":[{"count":1,"href":"https:\/\/sarimelekler.biz\/index.php?rest_route=\/wp\/v2\/posts\/20401\/revisions"}],"predecessor-version":[{"id":20436,"href":"https:\/\/sarimelekler.biz\/index.php?rest_route=\/wp\/v2\/posts\/20401\/revisions\/20436"}],"wp:featuredmedia":[{"embeddable":true,"href":"https:\/\/sarimelekler.biz\/index.php?rest_route=\/wp\/v2\/media\/20407"}],"wp:attachment":[{"href":"https:\/\/sarimelekler.biz\/index.php?rest_route=%2Fwp%2Fv2%2Fmedia&parent=20401"}],"wp:term":[{"taxonomy":"category","embeddable":true,"href":"https:\/\/sarimelekler.biz\/index.php?rest_route=%2Fwp%2Fv2%2Fcategories&post=20401"},{"taxonomy":"post_tag","embeddable":true,"href":"https:\/\/sarimelekler.biz\/index.php?rest_route=%2Fwp%2Fv2%2Ftags&post=20401"}],"curies":[{"name":"wp","href":"https:\/\/api.w.org\/{rel}","templated":true}]}}