{"id":20437,"date":"2024-03-09T18:26:56","date_gmt":"2024-03-09T15:26:56","guid":{"rendered":"https:\/\/sarimelekler.biz\/?p=20437"},"modified":"2024-03-09T18:28:10","modified_gmt":"2024-03-09T15:28:10","slug":"efsane-voleybolcumuz-eda-erdemin-heykelinin-acilis-toreni","status":"publish","type":"post","link":"https:\/\/sarimelekler.biz\/?p=20437","title":{"rendered":"Efsane Voleybolcumuz Eda Erdem&#8217;in Heykelinin A\u00e7\u0131l\u0131\u015f T\u00f6reni"},"content":{"rendered":"\n<p style=\"text-align: justify;\"><span style=\"font-size: 18px;\">Elde etti\u011fi ulusal ve uluslararas\u0131 ba\u015far\u0131larla g\u00f6\u011fs\u00fcm\u00fcz\u00fc kabartan, \u00f6rnek ki\u015fili\u011fi ve duru\u015fu ile herkesin sevgisini kazanan, ad\u0131n\u0131 Fenerbah\u00e7e ve T\u00fcrk voleybol tarihine alt\u0131n harflerle kaz\u0131yan Fenerbah\u00e7e Opet Kad\u0131n Voleybol ve Milli Tak\u0131m\u0131m\u0131z\u0131n efsane kaptan\u0131 Eda Erdem D\u00fcndar\u2019\u0131n heykelinin a\u00e7\u0131l\u0131\u015f\u0131 yap\u0131ld\u0131. <\/span><\/p>\n<p><span style=\"font-size: 18px;\"><strong>Kaptan <a href=\"https:\/\/www.instagram.com\/p\/C4Qzf1JNEdP\/?img_index=1\" target=\"_blank\" rel=\"noopener\">\u0130nstagram<\/a> Hesab\u0131ndan Bir Payla\u015f\u0131m yaparak Te\u015fekk\u00fcr etti.<\/strong><\/span><\/p>\n\n\t\t<style type=\"text\/css\">\n\t\t\t#gallery-1 {\n\t\t\t\tmargin: auto;\n\t\t\t}\n\t\t\t#gallery-1 .gallery-item {\n\t\t\t\tfloat: left;\n\t\t\t\tmargin-top: 10px;\n\t\t\t\ttext-align: center;\n\t\t\t\twidth: 100%;\n\t\t\t}\n\t\t\t#gallery-1 img {\n\t\t\t\tborder: 2px solid #cfcfcf;\n\t\t\t}\n\t\t\t#gallery-1 .gallery-caption {\n\t\t\t\tmargin-left: 0;\n\t\t\t}\n\t\t\t\/* see gallery_shortcode() in wp-includes\/media.php *\/\n\t\t<\/style>\n\t\t<div data-carousel-extra='{&quot;blog_id&quot;:1,&quot;permalink&quot;:&quot;https:\/\/sarimelekler.biz\/?p=20437&quot;}' id='gallery-1' class='gallery galleryid-20437 gallery-columns-1 gallery-size-full'><dl class='gallery-item'>\n\t\t\t<dt class='gallery-icon landscape'>\n\t\t\t\t<a href='https:\/\/sarimelekler.biz\/?attachment_id=20438'><img loading=\"lazy\" decoding=\"async\" width=\"1244\" height=\"870\" src=\"https:\/\/sarimelekler.biz\/wp-content\/uploads\/2024\/03\/Eda-Paylasim.jpg\" class=\"attachment-full size-full\" alt=\"\" srcset=\"https:\/\/sarimelekler.biz\/wp-content\/uploads\/2024\/03\/Eda-Paylasim.jpg 1244w, https:\/\/sarimelekler.biz\/wp-content\/uploads\/2024\/03\/Eda-Paylasim-300x210.jpg 300w, https:\/\/sarimelekler.biz\/wp-content\/uploads\/2024\/03\/Eda-Paylasim-1024x716.jpg 1024w, https:\/\/sarimelekler.biz\/wp-content\/uploads\/2024\/03\/Eda-Paylasim-768x537.jpg 768w, https:\/\/sarimelekler.biz\/wp-content\/uploads\/2024\/03\/Eda-Paylasim-150x105.jpg 150w\" sizes=\"auto, (max-width: 1244px) 100vw, 1244px\" data-attachment-id=\"20438\" data-permalink=\"https:\/\/sarimelekler.biz\/?attachment_id=20438\" data-orig-file=\"https:\/\/sarimelekler.biz\/wp-content\/uploads\/2024\/03\/Eda-Paylasim.jpg\" data-orig-size=\"1244,870\" data-comments-opened=\"0\" data-image-meta=\"{&quot;aperture&quot;:&quot;0&quot;,&quot;credit&quot;:&quot;&quot;,&quot;camera&quot;:&quot;&quot;,&quot;caption&quot;:&quot;&quot;,&quot;created_timestamp&quot;:&quot;0&quot;,&quot;copyright&quot;:&quot;&quot;,&quot;focal_length&quot;:&quot;0&quot;,&quot;iso&quot;:&quot;0&quot;,&quot;shutter_speed&quot;:&quot;0&quot;,&quot;title&quot;:&quot;&quot;,&quot;orientation&quot;:&quot;0&quot;}\" data-image-title=\"Eda Payla\u015f\u0131m\" data-image-description=\"\" data-image-caption=\"\" data-large-file=\"https:\/\/sarimelekler.biz\/wp-content\/uploads\/2024\/03\/Eda-Paylasim-1024x716.jpg\" \/><\/a>\n\t\t\t<\/dt><\/dl><br style=\"clear: both\" \/>\n\t\t<\/div>\n\n<p>\u00a0<\/p>\n<p><span style=\"font-size: 18px;\"><strong>A\u00e7\u0131l\u0131\u015f T\u00f6reni FB Tv Youtube Hesab\u0131ndan yay\u0131nland\u0131.<\/strong><\/span><\/p>\n<p><span style=\"font-size: 18px;\"><iframe loading=\"lazy\"  id=\"_ytid_54481\"  width=\"860\" height=\"484\"  data-origwidth=\"860\" data-origheight=\"484\" src=\"https:\/\/www.youtube.com\/embed\/lzUadpjMmDA?enablejsapi=1&autoplay=0&cc_load_policy=0&cc_lang_pref=&iv_load_policy=1&loop=0&rel=1&fs=1&playsinline=0&autohide=2&theme=dark&color=red&controls=1&disablekb=0&\" class=\"__youtube_prefs__  no-lazyload\" title=\"YouTube player\"  allow=\"fullscreen; accelerometer; autoplay; clipboard-write; encrypted-media; gyroscope; picture-in-picture; web-share\" referrerpolicy=\"strict-origin-when-cross-origin\" allowfullscreen data-no-lazy=\"1\" data-skipgform_ajax_framebjll=\"\"><\/iframe><\/span><\/p>\n\n\t\t<style type=\"text\/css\">\n\t\t\t#gallery-2 {\n\t\t\t\tmargin: auto;\n\t\t\t}\n\t\t\t#gallery-2 .gallery-item {\n\t\t\t\tfloat: left;\n\t\t\t\tmargin-top: 10px;\n\t\t\t\ttext-align: center;\n\t\t\t\twidth: 100%;\n\t\t\t}\n\t\t\t#gallery-2 img {\n\t\t\t\tborder: 2px solid #cfcfcf;\n\t\t\t}\n\t\t\t#gallery-2 .gallery-caption {\n\t\t\t\tmargin-left: 0;\n\t\t\t}\n\t\t\t\/* see gallery_shortcode() in wp-includes\/media.php *\/\n\t\t<\/style>\n\t\t<div data-carousel-extra='{&quot;blog_id&quot;:1,&quot;permalink&quot;:&quot;https:\/\/sarimelekler.biz\/?p=20437&quot;}' id='gallery-2' class='gallery galleryid-20437 gallery-columns-1 gallery-size-full'><dl class='gallery-item'>\n\t\t\t<dt class='gallery-icon portrait'>\n\t\t\t\t<a href='https:\/\/sarimelekler.biz\/?attachment_id=20439'><img loading=\"lazy\" decoding=\"async\" width=\"1366\" height=\"2048\" src=\"https:\/\/sarimelekler.biz\/wp-content\/uploads\/2024\/03\/Eda-Heykel-33.jpeg\" class=\"attachment-full size-full\" alt=\"\" srcset=\"https:\/\/sarimelekler.biz\/wp-content\/uploads\/2024\/03\/Eda-Heykel-33.jpeg 1366w, https:\/\/sarimelekler.biz\/wp-content\/uploads\/2024\/03\/Eda-Heykel-33-200x300.jpeg 200w, https:\/\/sarimelekler.biz\/wp-content\/uploads\/2024\/03\/Eda-Heykel-33-683x1024.jpeg 683w, https:\/\/sarimelekler.biz\/wp-content\/uploads\/2024\/03\/Eda-Heykel-33-768x1151.jpeg 768w, https:\/\/sarimelekler.biz\/wp-content\/uploads\/2024\/03\/Eda-Heykel-33-1025x1536.jpeg 1025w, https:\/\/sarimelekler.biz\/wp-content\/uploads\/2024\/03\/Eda-Heykel-33-100x150.jpeg 100w\" sizes=\"auto, (max-width: 1366px) 100vw, 1366px\" data-attachment-id=\"20439\" data-permalink=\"https:\/\/sarimelekler.biz\/?attachment_id=20439\" data-orig-file=\"https:\/\/sarimelekler.biz\/wp-content\/uploads\/2024\/03\/Eda-Heykel-33.jpeg\" data-orig-size=\"1366,2048\" data-comments-opened=\"0\" data-image-meta=\"{&quot;aperture&quot;:&quot;0&quot;,&quot;credit&quot;:&quot;&quot;,&quot;camera&quot;:&quot;&quot;,&quot;caption&quot;:&quot;&quot;,&quot;created_timestamp&quot;:&quot;0&quot;,&quot;copyright&quot;:&quot;&quot;,&quot;focal_length&quot;:&quot;0&quot;,&quot;iso&quot;:&quot;0&quot;,&quot;shutter_speed&quot;:&quot;0&quot;,&quot;title&quot;:&quot;&quot;,&quot;orientation&quot;:&quot;0&quot;}\" data-image-title=\"Eda Heykel 33\" data-image-description=\"\" data-image-caption=\"\" data-large-file=\"https:\/\/sarimelekler.biz\/wp-content\/uploads\/2024\/03\/Eda-Heykel-33-683x1024.jpeg\" \/><\/a>\n\t\t\t<\/dt><\/dl><br style=\"clear: both\" \/><dl class='gallery-item'>\n\t\t\t<dt class='gallery-icon portrait'>\n\t\t\t\t<a href='https:\/\/sarimelekler.biz\/?attachment_id=20441'><img loading=\"lazy\" decoding=\"async\" width=\"1920\" height=\"2560\" src=\"https:\/\/sarimelekler.biz\/wp-content\/uploads\/2024\/03\/Eda-Heykel-35-scaled.jpeg\" class=\"attachment-full size-full\" alt=\"\" srcset=\"https:\/\/sarimelekler.biz\/wp-content\/uploads\/2024\/03\/Eda-Heykel-35-scaled.jpeg 1920w, https:\/\/sarimelekler.biz\/wp-content\/uploads\/2024\/03\/Eda-Heykel-35-225x300.jpeg 225w, https:\/\/sarimelekler.biz\/wp-content\/uploads\/2024\/03\/Eda-Heykel-35-768x1024.jpeg 768w, https:\/\/sarimelekler.biz\/wp-content\/uploads\/2024\/03\/Eda-Heykel-35-1152x1536.jpeg 1152w, https:\/\/sarimelekler.biz\/wp-content\/uploads\/2024\/03\/Eda-Heykel-35-1536x2048.jpeg 1536w, https:\/\/sarimelekler.biz\/wp-content\/uploads\/2024\/03\/Eda-Heykel-35-113x150.jpeg 113w\" sizes=\"auto, (max-width: 1920px) 100vw, 1920px\" data-attachment-id=\"20441\" data-permalink=\"https:\/\/sarimelekler.biz\/?attachment_id=20441\" data-orig-file=\"https:\/\/sarimelekler.biz\/wp-content\/uploads\/2024\/03\/Eda-Heykel-35-scaled.jpeg\" data-orig-size=\"1920,2560\" data-comments-opened=\"0\" data-image-meta=\"{&quot;aperture&quot;:&quot;0&quot;,&quot;credit&quot;:&quot;&quot;,&quot;camera&quot;:&quot;&quot;,&quot;caption&quot;:&quot;&quot;,&quot;created_timestamp&quot;:&quot;0&quot;,&quot;copyright&quot;:&quot;&quot;,&quot;focal_length&quot;:&quot;0&quot;,&quot;iso&quot;:&quot;0&quot;,&quot;shutter_speed&quot;:&quot;0&quot;,&quot;title&quot;:&quot;&quot;,&quot;orientation&quot;:&quot;0&quot;}\" data-image-title=\"Eda Heykel 35\" data-image-description=\"\" data-image-caption=\"\" data-large-file=\"https:\/\/sarimelekler.biz\/wp-content\/uploads\/2024\/03\/Eda-Heykel-35-768x1024.jpeg\" \/><\/a>\n\t\t\t<\/dt><\/dl><br style=\"clear: both\" \/><dl class='gallery-item'>\n\t\t\t<dt class='gallery-icon portrait'>\n\t\t\t\t<a href='https:\/\/sarimelekler.biz\/?attachment_id=20443'><img loading=\"lazy\" decoding=\"async\" width=\"1153\" height=\"2048\" src=\"https:\/\/sarimelekler.biz\/wp-content\/uploads\/2024\/03\/Eda-Heykel-36-1.jpg\" class=\"attachment-full size-full\" alt=\"\" srcset=\"https:\/\/sarimelekler.biz\/wp-content\/uploads\/2024\/03\/Eda-Heykel-36-1.jpg 1153w, https:\/\/sarimelekler.biz\/wp-content\/uploads\/2024\/03\/Eda-Heykel-36-1-169x300.jpg 169w, https:\/\/sarimelekler.biz\/wp-content\/uploads\/2024\/03\/Eda-Heykel-36-1-577x1024.jpg 577w, https:\/\/sarimelekler.biz\/wp-content\/uploads\/2024\/03\/Eda-Heykel-36-1-768x1364.jpg 768w, https:\/\/sarimelekler.biz\/wp-content\/uploads\/2024\/03\/Eda-Heykel-36-1-865x1536.jpg 865w, https:\/\/sarimelekler.biz\/wp-content\/uploads\/2024\/03\/Eda-Heykel-36-1-84x150.jpg 84w\" sizes=\"auto, (max-width: 1153px) 100vw, 1153px\" data-attachment-id=\"20443\" data-permalink=\"https:\/\/sarimelekler.biz\/?attachment_id=20443\" data-orig-file=\"https:\/\/sarimelekler.biz\/wp-content\/uploads\/2024\/03\/Eda-Heykel-36-1.jpg\" data-orig-size=\"1153,2048\" data-comments-opened=\"0\" data-image-meta=\"{&quot;aperture&quot;:&quot;0&quot;,&quot;credit&quot;:&quot;&quot;,&quot;camera&quot;:&quot;&quot;,&quot;caption&quot;:&quot;&quot;,&quot;created_timestamp&quot;:&quot;0&quot;,&quot;copyright&quot;:&quot;&quot;,&quot;focal_length&quot;:&quot;0&quot;,&quot;iso&quot;:&quot;0&quot;,&quot;shutter_speed&quot;:&quot;0&quot;,&quot;title&quot;:&quot;&quot;,&quot;orientation&quot;:&quot;0&quot;}\" data-image-title=\"Eda Heykel 36\" data-image-description=\"\" data-image-caption=\"\" data-large-file=\"https:\/\/sarimelekler.biz\/wp-content\/uploads\/2024\/03\/Eda-Heykel-36-1-577x1024.jpg\" \/><\/a>\n\t\t\t<\/dt><\/dl><br style=\"clear: both\" \/><dl class='gallery-item'>\n\t\t\t<dt class='gallery-icon portrait'>\n\t\t\t\t<a href='https:\/\/sarimelekler.biz\/?attachment_id=20440'><img loading=\"lazy\" decoding=\"async\" width=\"605\" height=\"956\" src=\"https:\/\/sarimelekler.biz\/wp-content\/uploads\/2024\/03\/Eda-Heykel-34.jpg\" class=\"attachment-full size-full\" alt=\"\" srcset=\"https:\/\/sarimelekler.biz\/wp-content\/uploads\/2024\/03\/Eda-Heykel-34.jpg 605w, https:\/\/sarimelekler.biz\/wp-content\/uploads\/2024\/03\/Eda-Heykel-34-190x300.jpg 190w, https:\/\/sarimelekler.biz\/wp-content\/uploads\/2024\/03\/Eda-Heykel-34-95x150.jpg 95w\" sizes=\"auto, (max-width: 605px) 100vw, 605px\" data-attachment-id=\"20440\" data-permalink=\"https:\/\/sarimelekler.biz\/?attachment_id=20440\" data-orig-file=\"https:\/\/sarimelekler.biz\/wp-content\/uploads\/2024\/03\/Eda-Heykel-34.jpg\" data-orig-size=\"605,956\" data-comments-opened=\"0\" data-image-meta=\"{&quot;aperture&quot;:&quot;0&quot;,&quot;credit&quot;:&quot;&quot;,&quot;camera&quot;:&quot;&quot;,&quot;caption&quot;:&quot;&quot;,&quot;created_timestamp&quot;:&quot;0&quot;,&quot;copyright&quot;:&quot;&quot;,&quot;focal_length&quot;:&quot;0&quot;,&quot;iso&quot;:&quot;0&quot;,&quot;shutter_speed&quot;:&quot;0&quot;,&quot;title&quot;:&quot;&quot;,&quot;orientation&quot;:&quot;0&quot;}\" data-image-title=\"Eda Heykel 34\" data-image-description=\"\" data-image-caption=\"\" data-large-file=\"https:\/\/sarimelekler.biz\/wp-content\/uploads\/2024\/03\/Eda-Heykel-34.jpg\" \/><\/a>\n\t\t\t<\/dt><\/dl><br style=\"clear: both\" \/>\n\t\t<\/div>\n\n<p>\u00a0<\/p>\n<p>\u00a0<\/p>\n<p><span style=\"font-size: 18px;\">Foto\u011fraf Kaynak: Twitter <span class=\"css-1qaijid r-bcqeeo r-qvutc0 r-poiln3\"><span style=\"color: #0000ff;\"><a style=\"color: #0000ff;\" href=\"https:\/\/twitter.com\/FBvoleybol\/status\/1766157878572802223\" target=\"_blank\" rel=\"noopener\">@FBvoleybol<\/a><\/span> &#8211; <\/span><span class=\"css-1qaijid r-bcqeeo r-qvutc0 r-poiln3\"><span style=\"color: #0000ff;\"><a style=\"color: #0000ff;\" href=\"https:\/\/twitter.com\/nihancab\/status\/1766117457599557658\" target=\"_blank\" rel=\"noopener\">@nihancab<\/a><\/span> &#8211; <\/span><span style=\"color: #0000ff;\"><a style=\"color: #0000ff;\" href=\"https:\/\/twitter.com\/fbvolleyalways\/status\/1766079647056347315\" target=\"_blank\" rel=\"noopener\">@fbvolleyalways<\/a><\/span><\/span><\/p>\n<div class=\"css-175oi2r r-1awozwy r-z2wwpe r-6koalj r-1q142lx\">\n<div class=\"css-1rynq56 r-dnmrzs r-1udh08x r-3s2u2q r-bcqeeo r-qvutc0 r-37j5jr r-1gkfh8e r-56xrmm r-majxgm r-sqpuna r-s1qlax r-1vvnge1 r-1sw30gj r-13hce6t\" dir=\"ltr\" data-testid=\"userFollowIndicator\">\u00a0<\/div>\n<\/div>\n<p>\u00a0<\/p>\n<p>\u00a0<\/p>\n<p>\u00a0<\/p>\n","protected":false},"excerpt":{"rendered":"<p>Elde etti\u011fi ulusal ve uluslararas\u0131 ba\u015far\u0131larla g\u00f6\u011fs\u00fcm\u00fcz\u00fc kabartan, \u00f6rnek ki\u015fili\u011fi \u2026 <a class=\"continue-reading-link\" href=\"https:\/\/sarimelekler.biz\/?p=20437\">Okumaya Devam Et.. <span class=\"meta-nav\">&rarr; <\/span><\/a><\/p>\n","protected":false},"author":1,"featured_media":20449,"comment_status":"closed","ping_status":"open","sticky":false,"template":"","format":"standard","meta":{"jetpack_post_was_ever_published":false,"_jetpack_newsletter_access":"","_jetpack_dont_email_post_to_subs":false,"_jetpack_newsletter_tier_id":0,"_jetpack_memberships_contains_paywalled_content":false,"_jetpack_memberships_contains_paid_content":false,"footnotes":"","jetpack_publicize_message":"","jetpack_publicize_feature_enabled":true,"jetpack_social_post_already_shared":true,"jetpack_social_options":{"image_generator_settings":{"template":"highway","default_image_id":0,"font":"","enabled":false},"version":2}},"categories":[7],"tags":[],"class_list":["post-20437","post","type-post","status-publish","format-standard","has-post-thumbnail","hentry","category-haberler"],"jetpack_publicize_connections":[],"jetpack_featured_media_url":"https:\/\/sarimelekler.biz\/wp-content\/uploads\/2024\/03\/Eda-Heykel-kapak-2.jpg","jetpack_sharing_enabled":true,"jetpack_shortlink":"https:\/\/wp.me\/p8npUZ-5jD","jetpack-related-posts":[{"id":20401,"url":"https:\/\/sarimelekler.biz\/?p=20401","url_meta":{"origin":20437,"position":0},"title":"EFSANEM\u0130Z EDA ERDEM D\u00dcNDAR\u2019IN HEYKEL\u0130N\u0130N A\u00c7ILI\u015eI YAPILDI","author":"Edit\u00f6r","date":"8 Mart 2024","format":false,"excerpt":"Elde etti\u011fi ulusal ve uluslararas\u0131 ba\u015far\u0131larla g\u00f6\u011fs\u00fcm\u00fcz\u00fc kabartan, \u00f6rnek ki\u015fili\u011fi ve duru\u015fu ile herkesin sevgisini kazanan, ad\u0131n\u0131 Fenerbah\u00e7e ve T\u00fcrk voleybol tarihine alt\u0131n harflerle kaz\u0131yan Fenerbah\u00e7e Opet Kad\u0131n Voleybol ve Milli Tak\u0131m\u0131m\u0131z\u0131n efsane kaptan\u0131 Eda Erdem D\u00fcndar\u2019\u0131n heykelinin a\u00e7\u0131l\u0131\u015f\u0131 yap\u0131ld\u0131. Heykelt\u0131ra\u015f ve Y. Mimar P\u0131nar \u00d6ktem Do\u011fan taraf\u0131ndan haz\u0131rlanan ve\u2026","rel":"","context":"&quot;\u00d6zel Haberler&quot; i\u00e7inde","block_context":{"text":"\u00d6zel Haberler","link":"https:\/\/sarimelekler.biz\/?cat=21"},"img":{"alt_text":"","src":"https:\/\/i0.wp.com\/sarimelekler.biz\/wp-content\/uploads\/2024\/03\/Eda-Heykel-4-scaled.jpg?resize=350%2C200&ssl=1","width":350,"height":200,"srcset":"https:\/\/i0.wp.com\/sarimelekler.biz\/wp-content\/uploads\/2024\/03\/Eda-Heykel-4-scaled.jpg?resize=350%2C200&ssl=1 1x, https:\/\/i0.wp.com\/sarimelekler.biz\/wp-content\/uploads\/2024\/03\/Eda-Heykel-4-scaled.jpg?resize=525%2C300&ssl=1 1.5x, https:\/\/i0.wp.com\/sarimelekler.biz\/wp-content\/uploads\/2024\/03\/Eda-Heykel-4-scaled.jpg?resize=700%2C400&ssl=1 2x, https:\/\/i0.wp.com\/sarimelekler.biz\/wp-content\/uploads\/2024\/03\/Eda-Heykel-4-scaled.jpg?resize=1050%2C600&ssl=1 3x, https:\/\/i0.wp.com\/sarimelekler.biz\/wp-content\/uploads\/2024\/03\/Eda-Heykel-4-scaled.jpg?resize=1400%2C800&ssl=1 4x"},"classes":[]},{"id":21078,"url":"https:\/\/sarimelekler.biz\/?p=21078","url_meta":{"origin":20437,"position":1},"title":"Efsane Voleybolcumuz Eda Erdem\u2019in Ad\u0131 Ata\u015fehir\u2019de Bir Parka Verildi","author":"Edit\u00f6r","date":"30 Eyl\u00fcl 2024","format":false,"excerpt":"Elde etti\u011fi ba\u015far\u0131larla g\u00f6\u011fs\u00fcm\u00fcz\u00fc kabartan, \u00f6rnek ki\u015fili\u011fi ve duru\u015fu ile herkesin sevgisini kazanan, Fenerbah\u00e7e Medicana ve A Mill\u00ee Kad\u0131n Voleybol Tak\u0131m\u0131m\u0131z\u0131n efsane kaptan\u0131 Eda Erdem\u2019in ad\u0131 Ata\u015fehir\u2019de bir parka verildi. Atat\u00fcrk Mahallesi\u2019nde bulunan park\u0131n yenileme \u00e7al\u0131\u015fmalar\u0131n\u0131 ger\u00e7ekle\u015ftiren Ata\u015fehir Belediyesi, \u00e7al\u0131\u015fmalar\u0131n tamamlanmas\u0131n\u0131n ard\u0131ndan yeniden d\u00fczenlenen park\u0131, Kaptan Eda Erdem'in ismiyle ta\u00e7land\u0131rd\u0131.\u2026","rel":"","context":"&quot;Haberler&quot; i\u00e7inde","block_context":{"text":"Haberler","link":"https:\/\/sarimelekler.biz\/?cat=7"},"img":{"alt_text":"","src":"https:\/\/i0.wp.com\/sarimelekler.biz\/wp-content\/uploads\/2024\/09\/Eda-Erdem-Parki-4-scaled.jpg?resize=350%2C200&ssl=1","width":350,"height":200,"srcset":"https:\/\/i0.wp.com\/sarimelekler.biz\/wp-content\/uploads\/2024\/09\/Eda-Erdem-Parki-4-scaled.jpg?resize=350%2C200&ssl=1 1x, https:\/\/i0.wp.com\/sarimelekler.biz\/wp-content\/uploads\/2024\/09\/Eda-Erdem-Parki-4-scaled.jpg?resize=525%2C300&ssl=1 1.5x, https:\/\/i0.wp.com\/sarimelekler.biz\/wp-content\/uploads\/2024\/09\/Eda-Erdem-Parki-4-scaled.jpg?resize=700%2C400&ssl=1 2x, https:\/\/i0.wp.com\/sarimelekler.biz\/wp-content\/uploads\/2024\/09\/Eda-Erdem-Parki-4-scaled.jpg?resize=1050%2C600&ssl=1 3x, https:\/\/i0.wp.com\/sarimelekler.biz\/wp-content\/uploads\/2024\/09\/Eda-Erdem-Parki-4-scaled.jpg?resize=1400%2C800&ssl=1 4x"},"classes":[]},{"id":11824,"url":"https:\/\/sarimelekler.biz\/?p=11824","url_meta":{"origin":20437,"position":2},"title":"Corendon Airlines ile Fenerbah\u00e7e Opet aras\u0131ndaki  Forma S\u0131rt Sponsorlu\u011fu T\u00f6reni Yap\u0131ld\u0131","author":"Edit\u00f6r","date":"18 Eyl\u00fcl 2019","format":false,"excerpt":"Fenerbah\u00e7e Opet Kad\u0131n Voleybol Tak\u0131m\u0131m\u0131z\u0131n, \u201c\u0130lklerin Havayolu\u201d Corendon Airlines ile ger\u00e7ekle\u015ftirdi\u011fi forma s\u0131rt sponsorlu\u011fu anla\u015fmas\u0131n\u0131n imza t\u00f6reni \u00dclker Stadyumu Fenerbah\u00e7e \u015e\u00fckr\u00fc Saraco\u011flu Spor Kompleksi 1907 Trib\u00fcn\u00fc\u2019nde yap\u0131ld\u0131. Ba\u015fkan\u0131m\u0131z Ali Ko\u00e7, Genel Sekreterimiz Sevil Zeynep Becan ile Y\u00f6netim Kurulu \u00dcyelerimizin haz\u0131r bulundu\u011fu imza t\u00f6reninde Ba\u015fkan Yard\u0131mc\u0131m\u0131z Burhan Kara\u00e7am, Corendon Airlines Y\u00f6netim\u2026","rel":"","context":"&quot;Haberler&quot; i\u00e7inde","block_context":{"text":"Haberler","link":"https:\/\/sarimelekler.biz\/?cat=7"},"img":{"alt_text":"","src":"https:\/\/i0.wp.com\/sarimelekler.biz\/wp-content\/uploads\/2019\/09\/12a611dd-78df-4a45-a8e4-2b5710ac851e.jpg?resize=350%2C200&ssl=1","width":350,"height":200,"srcset":"https:\/\/i0.wp.com\/sarimelekler.biz\/wp-content\/uploads\/2019\/09\/12a611dd-78df-4a45-a8e4-2b5710ac851e.jpg?resize=350%2C200&ssl=1 1x, https:\/\/i0.wp.com\/sarimelekler.biz\/wp-content\/uploads\/2019\/09\/12a611dd-78df-4a45-a8e4-2b5710ac851e.jpg?resize=525%2C300&ssl=1 1.5x, https:\/\/i0.wp.com\/sarimelekler.biz\/wp-content\/uploads\/2019\/09\/12a611dd-78df-4a45-a8e4-2b5710ac851e.jpg?resize=700%2C400&ssl=1 2x, https:\/\/i0.wp.com\/sarimelekler.biz\/wp-content\/uploads\/2019\/09\/12a611dd-78df-4a45-a8e4-2b5710ac851e.jpg?resize=1050%2C600&ssl=1 3x, https:\/\/i0.wp.com\/sarimelekler.biz\/wp-content\/uploads\/2019\/09\/12a611dd-78df-4a45-a8e4-2b5710ac851e.jpg?resize=1400%2C800&ssl=1 4x"},"classes":[]},{"id":11846,"url":"https:\/\/sarimelekler.biz\/?p=11846","url_meta":{"origin":20437,"position":3},"title":"Kafkas M\u00fccevherat ile Fenerbah\u00e7e Opet aras\u0131ndaki  Forma Sponsorlu\u011fu T\u00f6reni Yap\u0131ld\u0131","author":"Edit\u00f6r","date":"18 Eyl\u00fcl 2019","format":false,"excerpt":"Fenerbah\u00e7e Opet Kad\u0131n Voleybol Tak\u0131m\u0131m\u0131z ile m\u00fccevher sekt\u00f6r\u00fcnde bir moda yarat\u0131mc\u0131s\u0131 olmay\u0131 ilke edinen, sekt\u00f6r\u00fcn \u00f6nemli markalar\u0131ndan Kafkas M\u00fccevherat aras\u0131ndaki sponsorluk anla\u015fmas\u0131 imza t\u00f6reni yap\u0131ld\u0131. \u00dclker Stadyumu Fenerbah\u00e7e \u015e\u00fckr\u00fc Saraco\u011flu Spor Kompleksi 1907 Trib\u00fcn\u00fc\u2019nde ger\u00e7ekle\u015ftirilen imza t\u00f6reninde Ba\u015fkan Yard\u0131mc\u0131m\u0131z Burhan Kara\u00e7am ve Kafkas M\u00fccevherat CEO\u2019su Tolga K\u0131rg\u0131z ile Fenerbah\u00e7e Opet\u2026","rel":"","context":"&quot;Haberler&quot; i\u00e7inde","block_context":{"text":"Haberler","link":"https:\/\/sarimelekler.biz\/?cat=7"},"img":{"alt_text":"","src":"https:\/\/i0.wp.com\/sarimelekler.biz\/wp-content\/uploads\/2019\/09\/Kafkas-M%C3%BCcevherat-Sponsorlu%C4%9Fu-1.jpg?resize=350%2C200&ssl=1","width":350,"height":200,"srcset":"https:\/\/i0.wp.com\/sarimelekler.biz\/wp-content\/uploads\/2019\/09\/Kafkas-M%C3%BCcevherat-Sponsorlu%C4%9Fu-1.jpg?resize=350%2C200&ssl=1 1x, https:\/\/i0.wp.com\/sarimelekler.biz\/wp-content\/uploads\/2019\/09\/Kafkas-M%C3%BCcevherat-Sponsorlu%C4%9Fu-1.jpg?resize=525%2C300&ssl=1 1.5x, https:\/\/i0.wp.com\/sarimelekler.biz\/wp-content\/uploads\/2019\/09\/Kafkas-M%C3%BCcevherat-Sponsorlu%C4%9Fu-1.jpg?resize=700%2C400&ssl=1 2x, https:\/\/i0.wp.com\/sarimelekler.biz\/wp-content\/uploads\/2019\/09\/Kafkas-M%C3%BCcevherat-Sponsorlu%C4%9Fu-1.jpg?resize=1050%2C600&ssl=1 3x, https:\/\/i0.wp.com\/sarimelekler.biz\/wp-content\/uploads\/2019\/09\/Kafkas-M%C3%BCcevherat-Sponsorlu%C4%9Fu-1.jpg?resize=1400%2C800&ssl=1 4x"},"classes":[]},{"id":15701,"url":"https:\/\/sarimelekler.biz\/?p=15701","url_meta":{"origin":20437,"position":4},"title":"Fenerbah\u00e7e Opet Kad\u0131n Voleybol Tak\u0131m\u0131m\u0131z, \u0130kincilik \u015eiltini Ald\u0131","author":"Edit\u00f6r","date":"16 Nisan 2021","format":false,"excerpt":"Fenerbah\u00e7e Opet Kad\u0131n Voleybol Tak\u0131m\u0131m\u0131z, teknik ekip ve oyuncular\u0131m\u0131zda son bir hafta i\u00e7erisinde g\u00f6r\u00fclen Covid-19 Vakalar\u0131 sebebiyle d\u00fcn misli.com Sultanlar Ligi final serisi \u00fc\u00e7\u00fcnc\u00fc ma\u00e7\u0131na \u00e7\u0131kmama karar\u0131 almas\u0131 \u00fczerine tak\u0131m\u0131m\u0131z bug\u00fcn oynanacak ma\u00e7ta h\u00fckmen yenik say\u0131ld\u0131 ve serinin 3-0\u2019a gelmesiyle \u015eampiyon Vak\u0131fbank oldu. G\u00fcn i\u00e7erisinde \u015eampiyonluk, ikincilik ve bireysel \u00f6d\u00fcl\u2026","rel":"","context":"&quot;T\u00fcrkiye Ligi&quot; i\u00e7inde","block_context":{"text":"T\u00fcrkiye Ligi","link":"https:\/\/sarimelekler.biz\/?cat=6"},"img":{"alt_text":"","src":"https:\/\/i0.wp.com\/sarimelekler.biz\/wp-content\/uploads\/2021\/04\/36-2020-21-18.jpg?resize=350%2C200&ssl=1","width":350,"height":200,"srcset":"https:\/\/i0.wp.com\/sarimelekler.biz\/wp-content\/uploads\/2021\/04\/36-2020-21-18.jpg?resize=350%2C200&ssl=1 1x, https:\/\/i0.wp.com\/sarimelekler.biz\/wp-content\/uploads\/2021\/04\/36-2020-21-18.jpg?resize=525%2C300&ssl=1 1.5x, https:\/\/i0.wp.com\/sarimelekler.biz\/wp-content\/uploads\/2021\/04\/36-2020-21-18.jpg?resize=700%2C400&ssl=1 2x, https:\/\/i0.wp.com\/sarimelekler.biz\/wp-content\/uploads\/2021\/04\/36-2020-21-18.jpg?resize=1050%2C600&ssl=1 3x, https:\/\/i0.wp.com\/sarimelekler.biz\/wp-content\/uploads\/2021\/04\/36-2020-21-18.jpg?resize=1400%2C800&ssl=1 4x"},"classes":[]},{"id":3865,"url":"https:\/\/sarimelekler.biz\/?p=3865","url_meta":{"origin":20437,"position":5},"title":"\u015eampiyonluk Video ve Foto\u011fraflar\u0131","author":"Edit\u00f6r","date":"2 May\u0131s 2017","format":false,"excerpt":"2016-2017 Sezonu Vestel Ven\u00fcs Sultanlar Ligi \u015eampiyonu Final serisinde Galatasaray\u2019\u0131 3 ma\u00e7ta da set vermeden toplamda 3-0 yenerek Fenerbah\u00e7emiz oldu. \u015eampiyonlu\u011fumuzla ilgili foto\u011fraflar\u0131 ve videolar\u0131 sizin i\u00e7in derledik. Videolar: \u015eampiyonluk Say\u0131s\u0131\u00a0 Eda Erdem D\u00fcndar R\u00f6portaj\u0131 Polen Uslupehlivan R\u00f6portaj\u0131 Merve Dalbeler R\u00f6portaj\u0131 Natalia Zilio R\u00f6portaj\u0131 Kim YK ve Nootsara Tomkom R\u00f6portaj\u0131\u2026","rel":"","context":"&quot;T\u00fcrkiye Ligi&quot; i\u00e7inde","block_context":{"text":"T\u00fcrkiye Ligi","link":"https:\/\/sarimelekler.biz\/?cat=6"},"img":{"alt_text":"","src":"https:\/\/i0.wp.com\/sarimelekler.biz\/wp-content\/uploads\/2017\/05\/haber_1493752244_13.jpg?resize=350%2C200&ssl=1","width":350,"height":200,"srcset":"https:\/\/i0.wp.com\/sarimelekler.biz\/wp-content\/uploads\/2017\/05\/haber_1493752244_13.jpg?resize=350%2C200&ssl=1 1x, https:\/\/i0.wp.com\/sarimelekler.biz\/wp-content\/uploads\/2017\/05\/haber_1493752244_13.jpg?resize=525%2C300&ssl=1 1.5x, https:\/\/i0.wp.com\/sarimelekler.biz\/wp-content\/uploads\/2017\/05\/haber_1493752244_13.jpg?resize=700%2C400&ssl=1 2x, https:\/\/i0.wp.com\/sarimelekler.biz\/wp-content\/uploads\/2017\/05\/haber_1493752244_13.jpg?resize=1050%2C600&ssl=1 3x"},"classes":[]}],"_links":{"self":[{"href":"https:\/\/sarimelekler.biz\/index.php?rest_route=\/wp\/v2\/posts\/20437","targetHints":{"allow":["GET"]}}],"collection":[{"href":"https:\/\/sarimelekler.biz\/index.php?rest_route=\/wp\/v2\/posts"}],"about":[{"href":"https:\/\/sarimelekler.biz\/index.php?rest_route=\/wp\/v2\/types\/post"}],"author":[{"embeddable":true,"href":"https:\/\/sarimelekler.biz\/index.php?rest_route=\/wp\/v2\/users\/1"}],"replies":[{"embeddable":true,"href":"https:\/\/sarimelekler.biz\/index.php?rest_route=%2Fwp%2Fv2%2Fcomments&post=20437"}],"version-history":[{"count":4,"href":"https:\/\/sarimelekler.biz\/index.php?rest_route=\/wp\/v2\/posts\/20437\/revisions"}],"predecessor-version":[{"id":20448,"href":"https:\/\/sarimelekler.biz\/index.php?rest_route=\/wp\/v2\/posts\/20437\/revisions\/20448"}],"wp:featuredmedia":[{"embeddable":true,"href":"https:\/\/sarimelekler.biz\/index.php?rest_route=\/wp\/v2\/media\/20449"}],"wp:attachment":[{"href":"https:\/\/sarimelekler.biz\/index.php?rest_route=%2Fwp%2Fv2%2Fmedia&parent=20437"}],"wp:term":[{"taxonomy":"category","embeddable":true,"href":"https:\/\/sarimelekler.biz\/index.php?rest_route=%2Fwp%2Fv2%2Fcategories&post=20437"},{"taxonomy":"post_tag","embeddable":true,"href":"https:\/\/sarimelekler.biz\/index.php?rest_route=%2Fwp%2Fv2%2Ftags&post=20437"}],"curies":[{"name":"wp","href":"https:\/\/api.w.org\/{rel}","templated":true}]}}