{"id":20882,"date":"2024-04-21T23:10:00","date_gmt":"2024-04-21T20:10:00","guid":{"rendered":"https:\/\/sarimelekler.biz\/?p=20882"},"modified":"2024-04-22T00:32:47","modified_gmt":"2024-04-21T21:32:47","slug":"sari-melekler-sampiyonluk-kupasini-aldi","status":"publish","type":"post","link":"https:\/\/sarimelekler.biz\/?p=20882","title":{"rendered":"Sar\u0131 Melekler \u015eampiyonluk Kupas\u0131n\u0131 Ald\u0131"},"content":{"rendered":"<p style=\"text-align: justify;\"><span style=\"font-size: 18px;\">Fenerbah\u00e7e Opet Kad\u0131n Voleybol Tak\u0131m\u0131m\u0131z, Vodafone Sultanlar Ligi final serisinde Eczac\u0131ba\u015f\u0131 Dynavit tak\u0131m\u0131n\u0131 toplamda 3-2 yenerek \u00fcst \u00fcste iki kez olmak \u00fczere 7. kez \u015eampiyon oldu. Sar\u0131 Melekler 2010-2011 \u015eampiyonlu\u011fundan sonra bu \u015fampiyonluk kupa seremonisinde de \u201cMelek Kanad\u0131\u201d takt\u0131.<\/span><\/p>\n<p style=\"text-align: justify;\"><span style=\"font-size: 18px;\">Ma\u00e7 sonu d\u00fczenlenen kupa seremonisinde Kaptan\u0131m\u0131z Eda Erdem yine \u015eampiyonluk Kupas\u0131n\u0131 tak\u0131m\u0131m\u0131z\u0131n gen\u00e7 oyuncular\u0131ndan birisine kald\u0131rtma gelene\u011finden vazge\u00e7medi. Bu kez \u015eampiyonluk kupas\u0131n\u0131 kald\u0131ran oyuncumuz ise Arina Fedorovtseva oldu.<\/span><\/p>\n<p style=\"text-align: justify;\"><span style=\"font-size: 18px;\">Da\u011f\u0131t\u0131lan bireysel \u00f6d\u00fcllerde tak\u0131m\u0131m\u0131z 6 \u00f6d\u00fclden 5\u2019ini al\u0131rken ayr\u0131ca 2 \u00f6zel \u00f6d\u00fcl de ald\u0131.<\/span><\/p>\n<p style=\"text-align: justify;\"><span style=\"font-size: 18px;\"><strong>En De\u011ferli Oyuncu (MVP):<\/strong>\u00a0<span style=\"font-size: 20px;\"> Melissa Vargas<\/span><\/span><br \/>\n<span style=\"font-size: 18px;\"><strong>En \u0130yi Orta Oyuncu:<\/strong>\u00a0 <span style=\"font-size: 20px;\">Eda Erdem D\u00fcndar<\/span><\/span><br \/>\n<span style=\"font-size: 18px;\"><strong>En \u0130yi Sma\u00e7\u00f6r:<\/strong>\u00a0 <span style=\"font-size: 20px;\">Ana Cristina De Souza<\/span><\/span><br \/>\n<span style=\"font-size: 18px;\"><strong>En \u0130yi Pas\u00f6r:<\/strong> \u00a0<span style=\"font-size: 20px;\">Bojana Drca<\/span><\/span><br \/>\n<span style=\"font-size: 18px;\"><strong>En \u0130yi Libero:<\/strong>\u00a0 <span style=\"font-size: 20px;\">Gizem \u00d6rge<\/span><\/span><br \/>\n<span style=\"font-size: 18px;\"><strong>En \u0130yi Pas\u00f6r \u00c7apraz\u0131:<\/strong> <span style=\"font-size: 20px;\">Tijana Boskovic (Eczac\u0131ba\u015f\u0131 Dynavit)<\/span><\/span><\/p>\n<p style=\"text-align: justify;\"><span style=\"font-size: 18px;\"><strong>D\u00fcnya Baltac\u0131o\u011flu Uluslararas\u0131 Ba\u015far\u0131 \u00d6d\u00fcl\u00fc:<\/strong> <span style=\"font-size: 20px;\">Melissa Vargas<\/span><\/span><br \/>\n<span style=\"font-size: 18px;\"><strong>En H\u0131zl\u0131 Servis \u00d6d\u00fcl\u00fc (110 km):<\/strong> <span style=\"font-size: 20px;\">Melissa Vargas<\/span><\/span><\/p>\n\n\t\t<style type=\"text\/css\">\n\t\t\t#gallery-1 {\n\t\t\t\tmargin: auto;\n\t\t\t}\n\t\t\t#gallery-1 .gallery-item {\n\t\t\t\tfloat: left;\n\t\t\t\tmargin-top: 10px;\n\t\t\t\ttext-align: center;\n\t\t\t\twidth: 20%;\n\t\t\t}\n\t\t\t#gallery-1 img {\n\t\t\t\tborder: 2px solid #cfcfcf;\n\t\t\t}\n\t\t\t#gallery-1 .gallery-caption {\n\t\t\t\tmargin-left: 0;\n\t\t\t}\n\t\t\t\/* see gallery_shortcode() in wp-includes\/media.php *\/\n\t\t<\/style>\n\t\t<div data-carousel-extra='{&quot;blog_id&quot;:1,&quot;permalink&quot;:&quot;https:\/\/sarimelekler.biz\/?p=20882&quot;}' id='gallery-1' class='gallery galleryid-20882 gallery-columns-5 gallery-size-thumbnail'><dl class='gallery-item'>\n\t\t\t<dt class='gallery-icon landscape'>\n\t\t\t\t<a href='https:\/\/sarimelekler.biz\/?attachment_id=20901'><img loading=\"lazy\" decoding=\"async\" width=\"150\" height=\"150\" src=\"https:\/\/sarimelekler.biz\/wp-content\/uploads\/2024\/04\/23-24-33-Kupa-Seremonisi-19-150x150.jpg\" class=\"attachment-thumbnail size-thumbnail\" alt=\"\" data-attachment-id=\"20901\" data-permalink=\"https:\/\/sarimelekler.biz\/?attachment_id=20901\" data-orig-file=\"https:\/\/sarimelekler.biz\/wp-content\/uploads\/2024\/04\/23-24-33-Kupa-Seremonisi-19.jpg\" data-orig-size=\"2500,1667\" data-comments-opened=\"0\" data-image-meta=\"{&quot;aperture&quot;:&quot;4.5&quot;,&quot;credit&quot;:&quot;BURAK SALTIK&quot;,&quot;camera&quot;:&quot;Canon EOS R3&quot;,&quot;caption&quot;:&quot;&quot;,&quot;created_timestamp&quot;:&quot;1713734377&quot;,&quot;copyright&quot;:&quot;www.fenerbahce.org&quot;,&quot;focal_length&quot;:&quot;24&quot;,&quot;iso&quot;:&quot;4000&quot;,&quot;shutter_speed&quot;:&quot;0.00125&quot;,&quot;title&quot;:&quot;&quot;,&quot;orientation&quot;:&quot;1&quot;}\" data-image-title=\"23-24 &amp;#8211; 33 Kupa Seremonisi (19)\" data-image-description=\"\" data-image-caption=\"\" data-large-file=\"https:\/\/sarimelekler.biz\/wp-content\/uploads\/2024\/04\/23-24-33-Kupa-Seremonisi-19-1024x683.jpg\" \/><\/a>\n\t\t\t<\/dt><\/dl><dl class='gallery-item'>\n\t\t\t<dt class='gallery-icon landscape'>\n\t\t\t\t<a href='https:\/\/sarimelekler.biz\/?attachment_id=20915'><img loading=\"lazy\" decoding=\"async\" width=\"150\" height=\"150\" src=\"https:\/\/sarimelekler.biz\/wp-content\/uploads\/2024\/04\/23-24-33-Kupa-Seremonisi-33-150x150.jpg\" class=\"attachment-thumbnail size-thumbnail\" alt=\"\" data-attachment-id=\"20915\" data-permalink=\"https:\/\/sarimelekler.biz\/?attachment_id=20915\" data-orig-file=\"https:\/\/sarimelekler.biz\/wp-content\/uploads\/2024\/04\/23-24-33-Kupa-Seremonisi-33.jpg\" data-orig-size=\"2500,1667\" data-comments-opened=\"0\" data-image-meta=\"{&quot;aperture&quot;:&quot;4.5&quot;,&quot;credit&quot;:&quot;BURAK SALTIK&quot;,&quot;camera&quot;:&quot;Canon EOS R3&quot;,&quot;caption&quot;:&quot;&quot;,&quot;created_timestamp&quot;:&quot;1713734183&quot;,&quot;copyright&quot;:&quot;www.fenerbahce.org&quot;,&quot;focal_length&quot;:&quot;37&quot;,&quot;iso&quot;:&quot;4000&quot;,&quot;shutter_speed&quot;:&quot;0.00125&quot;,&quot;title&quot;:&quot;&quot;,&quot;orientation&quot;:&quot;1&quot;}\" data-image-title=\"23-24 &amp;#8211; 33 Kupa Seremonisi (33)\" data-image-description=\"\" data-image-caption=\"\" data-large-file=\"https:\/\/sarimelekler.biz\/wp-content\/uploads\/2024\/04\/23-24-33-Kupa-Seremonisi-33-1024x683.jpg\" \/><\/a>\n\t\t\t<\/dt><\/dl><dl class='gallery-item'>\n\t\t\t<dt class='gallery-icon landscape'>\n\t\t\t\t<a href='https:\/\/sarimelekler.biz\/?attachment_id=20886'><img loading=\"lazy\" decoding=\"async\" width=\"150\" height=\"150\" src=\"https:\/\/sarimelekler.biz\/wp-content\/uploads\/2024\/04\/23-24-33-Kupa-Seremonisi-4-150x150.jpg\" class=\"attachment-thumbnail size-thumbnail\" alt=\"\" data-attachment-id=\"20886\" data-permalink=\"https:\/\/sarimelekler.biz\/?attachment_id=20886\" data-orig-file=\"https:\/\/sarimelekler.biz\/wp-content\/uploads\/2024\/04\/23-24-33-Kupa-Seremonisi-4.jpg\" data-orig-size=\"2500,1616\" data-comments-opened=\"0\" data-image-meta=\"{&quot;aperture&quot;:&quot;4.5&quot;,&quot;credit&quot;:&quot;BURAK SALTIK&quot;,&quot;camera&quot;:&quot;Canon EOS R3&quot;,&quot;caption&quot;:&quot;&quot;,&quot;created_timestamp&quot;:&quot;1713733887&quot;,&quot;copyright&quot;:&quot;www.fenerbahce.org&quot;,&quot;focal_length&quot;:&quot;41&quot;,&quot;iso&quot;:&quot;4000&quot;,&quot;shutter_speed&quot;:&quot;0.00125&quot;,&quot;title&quot;:&quot;&quot;,&quot;orientation&quot;:&quot;1&quot;}\" data-image-title=\"23-24 &amp;#8211; 33 Kupa Seremonisi (4)\" data-image-description=\"\" data-image-caption=\"\" data-large-file=\"https:\/\/sarimelekler.biz\/wp-content\/uploads\/2024\/04\/23-24-33-Kupa-Seremonisi-4-1024x662.jpg\" \/><\/a>\n\t\t\t<\/dt><\/dl><dl class='gallery-item'>\n\t\t\t<dt class='gallery-icon portrait'>\n\t\t\t\t<a href='https:\/\/sarimelekler.biz\/?attachment_id=20917'><img loading=\"lazy\" decoding=\"async\" width=\"150\" height=\"150\" src=\"https:\/\/sarimelekler.biz\/wp-content\/uploads\/2024\/04\/23-24-33-Kupa-Seremonisi-35-150x150.jpg\" class=\"attachment-thumbnail size-thumbnail\" alt=\"\" data-attachment-id=\"20917\" data-permalink=\"https:\/\/sarimelekler.biz\/?attachment_id=20917\" data-orig-file=\"https:\/\/sarimelekler.biz\/wp-content\/uploads\/2024\/04\/23-24-33-Kupa-Seremonisi-35-scaled.jpg\" data-orig-size=\"2203,2560\" data-comments-opened=\"0\" data-image-meta=\"{&quot;aperture&quot;:&quot;4&quot;,&quot;credit&quot;:&quot;BURAK SALTIK&quot;,&quot;camera&quot;:&quot;Canon EOS R3&quot;,&quot;caption&quot;:&quot;&quot;,&quot;created_timestamp&quot;:&quot;1713733526&quot;,&quot;copyright&quot;:&quot;www.fenerbahce.org&quot;,&quot;focal_length&quot;:&quot;70&quot;,&quot;iso&quot;:&quot;4000&quot;,&quot;shutter_speed&quot;:&quot;0.00125&quot;,&quot;title&quot;:&quot;&quot;,&quot;orientation&quot;:&quot;1&quot;}\" data-image-title=\"23-24 &amp;#8211; 33 Kupa Seremonisi (35)\" data-image-description=\"\" data-image-caption=\"\" data-large-file=\"https:\/\/sarimelekler.biz\/wp-content\/uploads\/2024\/04\/23-24-33-Kupa-Seremonisi-35-881x1024.jpg\" \/><\/a>\n\t\t\t<\/dt><\/dl><dl class='gallery-item'>\n\t\t\t<dt class='gallery-icon landscape'>\n\t\t\t\t<a href='https:\/\/sarimelekler.biz\/?attachment_id=20935'><img loading=\"lazy\" decoding=\"async\" width=\"150\" height=\"150\" src=\"https:\/\/sarimelekler.biz\/wp-content\/uploads\/2024\/04\/23-24-33-Kupa-Seremonisi-53-150x150.jpg\" class=\"attachment-thumbnail size-thumbnail\" alt=\"\" data-attachment-id=\"20935\" data-permalink=\"https:\/\/sarimelekler.biz\/?attachment_id=20935\" data-orig-file=\"https:\/\/sarimelekler.biz\/wp-content\/uploads\/2024\/04\/23-24-33-Kupa-Seremonisi-53.jpg\" data-orig-size=\"2500,1876\" data-comments-opened=\"0\" data-image-meta=\"{&quot;aperture&quot;:&quot;4&quot;,&quot;credit&quot;:&quot;BURAK SALTIK&quot;,&quot;camera&quot;:&quot;Canon EOS R3&quot;,&quot;caption&quot;:&quot;&quot;,&quot;created_timestamp&quot;:&quot;1713733428&quot;,&quot;copyright&quot;:&quot;www.fenerbahce.org&quot;,&quot;focal_length&quot;:&quot;70&quot;,&quot;iso&quot;:&quot;4000&quot;,&quot;shutter_speed&quot;:&quot;0.00125&quot;,&quot;title&quot;:&quot;&quot;,&quot;orientation&quot;:&quot;1&quot;}\" data-image-title=\"23-24 &amp;#8211; 33 Kupa Seremonisi (53)\" data-image-description=\"\" data-image-caption=\"\" data-large-file=\"https:\/\/sarimelekler.biz\/wp-content\/uploads\/2024\/04\/23-24-33-Kupa-Seremonisi-53-1024x768.jpg\" \/><\/a>\n\t\t\t<\/dt><\/dl><br style=\"clear: both\" \/><dl class='gallery-item'>\n\t\t\t<dt class='gallery-icon portrait'>\n\t\t\t\t<a href='https:\/\/sarimelekler.biz\/?attachment_id=20905'><img loading=\"lazy\" decoding=\"async\" width=\"150\" height=\"150\" src=\"https:\/\/sarimelekler.biz\/wp-content\/uploads\/2024\/04\/23-24-33-Kupa-Seremonisi-23-150x150.jpg\" class=\"attachment-thumbnail size-thumbnail\" alt=\"\" data-attachment-id=\"20905\" data-permalink=\"https:\/\/sarimelekler.biz\/?attachment_id=20905\" data-orig-file=\"https:\/\/sarimelekler.biz\/wp-content\/uploads\/2024\/04\/23-24-33-Kupa-Seremonisi-23.jpg\" data-orig-size=\"2500,2529\" data-comments-opened=\"0\" data-image-meta=\"{&quot;aperture&quot;:&quot;4.5&quot;,&quot;credit&quot;:&quot;BURAK SALTIK&quot;,&quot;camera&quot;:&quot;Canon EOS R3&quot;,&quot;caption&quot;:&quot;&quot;,&quot;created_timestamp&quot;:&quot;1713733629&quot;,&quot;copyright&quot;:&quot;www.fenerbahce.org&quot;,&quot;focal_length&quot;:&quot;70&quot;,&quot;iso&quot;:&quot;4000&quot;,&quot;shutter_speed&quot;:&quot;0.00125&quot;,&quot;title&quot;:&quot;&quot;,&quot;orientation&quot;:&quot;1&quot;}\" data-image-title=\"23-24 &amp;#8211; 33 Kupa Seremonisi (23)\" data-image-description=\"\" data-image-caption=\"\" data-large-file=\"https:\/\/sarimelekler.biz\/wp-content\/uploads\/2024\/04\/23-24-33-Kupa-Seremonisi-23-1012x1024.jpg\" \/><\/a>\n\t\t\t<\/dt><\/dl><dl class='gallery-item'>\n\t\t\t<dt class='gallery-icon portrait'>\n\t\t\t\t<a href='https:\/\/sarimelekler.biz\/?attachment_id=20916'><img loading=\"lazy\" decoding=\"async\" width=\"150\" height=\"150\" src=\"https:\/\/sarimelekler.biz\/wp-content\/uploads\/2024\/04\/23-24-33-Kupa-Seremonisi-34-150x150.jpg\" class=\"attachment-thumbnail size-thumbnail\" alt=\"\" data-attachment-id=\"20916\" data-permalink=\"https:\/\/sarimelekler.biz\/?attachment_id=20916\" data-orig-file=\"https:\/\/sarimelekler.biz\/wp-content\/uploads\/2024\/04\/23-24-33-Kupa-Seremonisi-34-scaled.jpg\" data-orig-size=\"2305,2560\" data-comments-opened=\"0\" data-image-meta=\"{&quot;aperture&quot;:&quot;4&quot;,&quot;credit&quot;:&quot;BURAK SALTIK&quot;,&quot;camera&quot;:&quot;Canon EOS R3&quot;,&quot;caption&quot;:&quot;&quot;,&quot;created_timestamp&quot;:&quot;1713733254&quot;,&quot;copyright&quot;:&quot;www.fenerbahce.org&quot;,&quot;focal_length&quot;:&quot;70&quot;,&quot;iso&quot;:&quot;4000&quot;,&quot;shutter_speed&quot;:&quot;0.00125&quot;,&quot;title&quot;:&quot;&quot;,&quot;orientation&quot;:&quot;1&quot;}\" data-image-title=\"23-24 &amp;#8211; 33 Kupa Seremonisi (34)\" data-image-description=\"\" data-image-caption=\"\" data-large-file=\"https:\/\/sarimelekler.biz\/wp-content\/uploads\/2024\/04\/23-24-33-Kupa-Seremonisi-34-922x1024.jpg\" \/><\/a>\n\t\t\t<\/dt><\/dl><dl class='gallery-item'>\n\t\t\t<dt class='gallery-icon portrait'>\n\t\t\t\t<a href='https:\/\/sarimelekler.biz\/?attachment_id=20912'><img loading=\"lazy\" decoding=\"async\" width=\"150\" height=\"150\" src=\"https:\/\/sarimelekler.biz\/wp-content\/uploads\/2024\/04\/23-24-33-Kupa-Seremonisi-30-150x150.jpg\" class=\"attachment-thumbnail size-thumbnail\" alt=\"\" data-attachment-id=\"20912\" data-permalink=\"https:\/\/sarimelekler.biz\/?attachment_id=20912\" data-orig-file=\"https:\/\/sarimelekler.biz\/wp-content\/uploads\/2024\/04\/23-24-33-Kupa-Seremonisi-30-scaled.jpg\" data-orig-size=\"2410,2560\" data-comments-opened=\"0\" data-image-meta=\"{&quot;aperture&quot;:&quot;4&quot;,&quot;credit&quot;:&quot;BURAK SALTIK&quot;,&quot;camera&quot;:&quot;Canon EOS R3&quot;,&quot;caption&quot;:&quot;&quot;,&quot;created_timestamp&quot;:&quot;1713733382&quot;,&quot;copyright&quot;:&quot;www.fenerbahce.org&quot;,&quot;focal_length&quot;:&quot;70&quot;,&quot;iso&quot;:&quot;4000&quot;,&quot;shutter_speed&quot;:&quot;0.00125&quot;,&quot;title&quot;:&quot;&quot;,&quot;orientation&quot;:&quot;1&quot;}\" data-image-title=\"23-24 &amp;#8211; 33 Kupa Seremonisi (30)\" data-image-description=\"\" data-image-caption=\"\" data-large-file=\"https:\/\/sarimelekler.biz\/wp-content\/uploads\/2024\/04\/23-24-33-Kupa-Seremonisi-30-964x1024.jpg\" \/><\/a>\n\t\t\t<\/dt><\/dl><dl class='gallery-item'>\n\t\t\t<dt class='gallery-icon portrait'>\n\t\t\t\t<a href='https:\/\/sarimelekler.biz\/?attachment_id=20925'><img loading=\"lazy\" decoding=\"async\" width=\"150\" height=\"150\" src=\"https:\/\/sarimelekler.biz\/wp-content\/uploads\/2024\/04\/23-24-33-Kupa-Seremonisi-43-150x150.jpg\" class=\"attachment-thumbnail size-thumbnail\" alt=\"\" data-attachment-id=\"20925\" data-permalink=\"https:\/\/sarimelekler.biz\/?attachment_id=20925\" data-orig-file=\"https:\/\/sarimelekler.biz\/wp-content\/uploads\/2024\/04\/23-24-33-Kupa-Seremonisi-43-scaled.jpg\" data-orig-size=\"2212,2560\" data-comments-opened=\"0\" data-image-meta=\"{&quot;aperture&quot;:&quot;4&quot;,&quot;credit&quot;:&quot;BURAK SALTIK&quot;,&quot;camera&quot;:&quot;Canon EOS R3&quot;,&quot;caption&quot;:&quot;&quot;,&quot;created_timestamp&quot;:&quot;1713733480&quot;,&quot;copyright&quot;:&quot;www.fenerbahce.org&quot;,&quot;focal_length&quot;:&quot;70&quot;,&quot;iso&quot;:&quot;4000&quot;,&quot;shutter_speed&quot;:&quot;0.00125&quot;,&quot;title&quot;:&quot;&quot;,&quot;orientation&quot;:&quot;1&quot;}\" data-image-title=\"23-24 &amp;#8211; 33 Kupa Seremonisi (43)\" data-image-description=\"\" data-image-caption=\"\" data-large-file=\"https:\/\/sarimelekler.biz\/wp-content\/uploads\/2024\/04\/23-24-33-Kupa-Seremonisi-43-885x1024.jpg\" \/><\/a>\n\t\t\t<\/dt><\/dl><dl class='gallery-item'>\n\t\t\t<dt class='gallery-icon portrait'>\n\t\t\t\t<a href='https:\/\/sarimelekler.biz\/?attachment_id=20933'><img loading=\"lazy\" decoding=\"async\" width=\"150\" height=\"150\" src=\"https:\/\/sarimelekler.biz\/wp-content\/uploads\/2024\/04\/23-24-33-Kupa-Seremonisi-51-150x150.jpg\" class=\"attachment-thumbnail size-thumbnail\" alt=\"\" srcset=\"https:\/\/sarimelekler.biz\/wp-content\/uploads\/2024\/04\/23-24-33-Kupa-Seremonisi-51-150x150.jpg 150w, https:\/\/sarimelekler.biz\/wp-content\/uploads\/2024\/04\/23-24-33-Kupa-Seremonisi-51-300x300.jpg 300w, https:\/\/sarimelekler.biz\/wp-content\/uploads\/2024\/04\/23-24-33-Kupa-Seremonisi-51-1020x1024.jpg 1020w, https:\/\/sarimelekler.biz\/wp-content\/uploads\/2024\/04\/23-24-33-Kupa-Seremonisi-51-768x771.jpg 768w, https:\/\/sarimelekler.biz\/wp-content\/uploads\/2024\/04\/23-24-33-Kupa-Seremonisi-51-1530x1536.jpg 1530w, https:\/\/sarimelekler.biz\/wp-content\/uploads\/2024\/04\/23-24-33-Kupa-Seremonisi-51-2040x2048.jpg 2040w\" sizes=\"auto, (max-width: 150px) 100vw, 150px\" data-attachment-id=\"20933\" data-permalink=\"https:\/\/sarimelekler.biz\/?attachment_id=20933\" data-orig-file=\"https:\/\/sarimelekler.biz\/wp-content\/uploads\/2024\/04\/23-24-33-Kupa-Seremonisi-51.jpg\" data-orig-size=\"2500,2510\" data-comments-opened=\"0\" data-image-meta=\"{&quot;aperture&quot;:&quot;4&quot;,&quot;credit&quot;:&quot;BURAK SALTIK&quot;,&quot;camera&quot;:&quot;Canon EOS R3&quot;,&quot;caption&quot;:&quot;&quot;,&quot;created_timestamp&quot;:&quot;1713733332&quot;,&quot;copyright&quot;:&quot;www.fenerbahce.org&quot;,&quot;focal_length&quot;:&quot;70&quot;,&quot;iso&quot;:&quot;4000&quot;,&quot;shutter_speed&quot;:&quot;0.00125&quot;,&quot;title&quot;:&quot;&quot;,&quot;orientation&quot;:&quot;1&quot;}\" data-image-title=\"23-24 &amp;#8211; 33 Kupa Seremonisi (51)\" data-image-description=\"\" data-image-caption=\"\" data-large-file=\"https:\/\/sarimelekler.biz\/wp-content\/uploads\/2024\/04\/23-24-33-Kupa-Seremonisi-51-1020x1024.jpg\" \/><\/a>\n\t\t\t<\/dt><\/dl><br style=\"clear: both\" \/><dl class='gallery-item'>\n\t\t\t<dt class='gallery-icon landscape'>\n\t\t\t\t<a href='https:\/\/sarimelekler.biz\/?attachment_id=20898'><img loading=\"lazy\" decoding=\"async\" width=\"150\" height=\"150\" src=\"https:\/\/sarimelekler.biz\/wp-content\/uploads\/2024\/04\/23-24-33-Kupa-Seremonisi-16-150x150.jpg\" class=\"attachment-thumbnail size-thumbnail\" alt=\"\" data-attachment-id=\"20898\" data-permalink=\"https:\/\/sarimelekler.biz\/?attachment_id=20898\" data-orig-file=\"https:\/\/sarimelekler.biz\/wp-content\/uploads\/2024\/04\/23-24-33-Kupa-Seremonisi-16.jpg\" data-orig-size=\"2500,2054\" data-comments-opened=\"0\" data-image-meta=\"{&quot;aperture&quot;:&quot;4.5&quot;,&quot;credit&quot;:&quot;BURAK SALTIK&quot;,&quot;camera&quot;:&quot;Canon EOS R3&quot;,&quot;caption&quot;:&quot;&quot;,&quot;created_timestamp&quot;:&quot;1713733582&quot;,&quot;copyright&quot;:&quot;www.fenerbahce.org&quot;,&quot;focal_length&quot;:&quot;52&quot;,&quot;iso&quot;:&quot;4000&quot;,&quot;shutter_speed&quot;:&quot;0.00125&quot;,&quot;title&quot;:&quot;&quot;,&quot;orientation&quot;:&quot;1&quot;}\" data-image-title=\"23-24 &amp;#8211; 33 Kupa Seremonisi (16)\" data-image-description=\"\" data-image-caption=\"\" data-large-file=\"https:\/\/sarimelekler.biz\/wp-content\/uploads\/2024\/04\/23-24-33-Kupa-Seremonisi-16-1024x841.jpg\" \/><\/a>\n\t\t\t<\/dt><\/dl><dl class='gallery-item'>\n\t\t\t<dt class='gallery-icon landscape'>\n\t\t\t\t<a href='https:\/\/sarimelekler.biz\/?attachment_id=20936'><img loading=\"lazy\" decoding=\"async\" width=\"150\" height=\"150\" src=\"https:\/\/sarimelekler.biz\/wp-content\/uploads\/2024\/04\/23-24-33-Kupa-Seremonisi-54-150x150.jpg\" class=\"attachment-thumbnail size-thumbnail\" alt=\"\" data-attachment-id=\"20936\" data-permalink=\"https:\/\/sarimelekler.biz\/?attachment_id=20936\" data-orig-file=\"https:\/\/sarimelekler.biz\/wp-content\/uploads\/2024\/04\/23-24-33-Kupa-Seremonisi-54.jpg\" data-orig-size=\"2500,1556\" data-comments-opened=\"0\" data-image-meta=\"{&quot;aperture&quot;:&quot;4&quot;,&quot;credit&quot;:&quot;BURAK SALTIK&quot;,&quot;camera&quot;:&quot;Canon EOS R3&quot;,&quot;caption&quot;:&quot;&quot;,&quot;created_timestamp&quot;:&quot;1713733671&quot;,&quot;copyright&quot;:&quot;www.fenerbahce.org&quot;,&quot;focal_length&quot;:&quot;39&quot;,&quot;iso&quot;:&quot;4000&quot;,&quot;shutter_speed&quot;:&quot;0.00125&quot;,&quot;title&quot;:&quot;&quot;,&quot;orientation&quot;:&quot;1&quot;}\" data-image-title=\"23-24 &amp;#8211; 33 Kupa Seremonisi (54)\" data-image-description=\"\" data-image-caption=\"\" data-large-file=\"https:\/\/sarimelekler.biz\/wp-content\/uploads\/2024\/04\/23-24-33-Kupa-Seremonisi-54-1024x637.jpg\" \/><\/a>\n\t\t\t<\/dt><\/dl><dl class='gallery-item'>\n\t\t\t<dt class='gallery-icon landscape'>\n\t\t\t\t<a href='https:\/\/sarimelekler.biz\/?attachment_id=20884'><img loading=\"lazy\" decoding=\"async\" width=\"150\" height=\"150\" src=\"https:\/\/sarimelekler.biz\/wp-content\/uploads\/2024\/04\/23-24-33-Kupa-Seremonisi-2-150x150.jpg\" class=\"attachment-thumbnail size-thumbnail\" alt=\"\" data-attachment-id=\"20884\" data-permalink=\"https:\/\/sarimelekler.biz\/?attachment_id=20884\" data-orig-file=\"https:\/\/sarimelekler.biz\/wp-content\/uploads\/2024\/04\/23-24-33-Kupa-Seremonisi-2.jpg\" data-orig-size=\"2500,1893\" data-comments-opened=\"0\" data-image-meta=\"{&quot;aperture&quot;:&quot;4.5&quot;,&quot;credit&quot;:&quot;BURAK SALTIK&quot;,&quot;camera&quot;:&quot;Canon EOS R3&quot;,&quot;caption&quot;:&quot;&quot;,&quot;created_timestamp&quot;:&quot;1713734524&quot;,&quot;copyright&quot;:&quot;www.fenerbahce.org&quot;,&quot;focal_length&quot;:&quot;31&quot;,&quot;iso&quot;:&quot;4000&quot;,&quot;shutter_speed&quot;:&quot;0.002&quot;,&quot;title&quot;:&quot;&quot;,&quot;orientation&quot;:&quot;1&quot;}\" data-image-title=\"23-24 &amp;#8211; 33 Kupa Seremonisi (2)\" data-image-description=\"\" data-image-caption=\"\" data-large-file=\"https:\/\/sarimelekler.biz\/wp-content\/uploads\/2024\/04\/23-24-33-Kupa-Seremonisi-2-1024x775.jpg\" \/><\/a>\n\t\t\t<\/dt><\/dl><dl class='gallery-item'>\n\t\t\t<dt class='gallery-icon landscape'>\n\t\t\t\t<a href='https:\/\/sarimelekler.biz\/?attachment_id=20885'><img loading=\"lazy\" decoding=\"async\" width=\"150\" height=\"150\" src=\"https:\/\/sarimelekler.biz\/wp-content\/uploads\/2024\/04\/23-24-33-Kupa-Seremonisi-3-150x150.jpg\" class=\"attachment-thumbnail size-thumbnail\" alt=\"\" data-attachment-id=\"20885\" data-permalink=\"https:\/\/sarimelekler.biz\/?attachment_id=20885\" data-orig-file=\"https:\/\/sarimelekler.biz\/wp-content\/uploads\/2024\/04\/23-24-33-Kupa-Seremonisi-3.jpg\" data-orig-size=\"2500,2146\" data-comments-opened=\"0\" data-image-meta=\"{&quot;aperture&quot;:&quot;4.5&quot;,&quot;credit&quot;:&quot;BURAK SALTIK&quot;,&quot;camera&quot;:&quot;Canon EOS R3&quot;,&quot;caption&quot;:&quot;&quot;,&quot;created_timestamp&quot;:&quot;1713734324&quot;,&quot;copyright&quot;:&quot;www.fenerbahce.org&quot;,&quot;focal_length&quot;:&quot;52&quot;,&quot;iso&quot;:&quot;4000&quot;,&quot;shutter_speed&quot;:&quot;0.00125&quot;,&quot;title&quot;:&quot;&quot;,&quot;orientation&quot;:&quot;1&quot;}\" data-image-title=\"23-24 &amp;#8211; 33 Kupa Seremonisi (3)\" data-image-description=\"\" data-image-caption=\"\" data-large-file=\"https:\/\/sarimelekler.biz\/wp-content\/uploads\/2024\/04\/23-24-33-Kupa-Seremonisi-3-1024x879.jpg\" \/><\/a>\n\t\t\t<\/dt><\/dl><dl class='gallery-item'>\n\t\t\t<dt class='gallery-icon landscape'>\n\t\t\t\t<a href='https:\/\/sarimelekler.biz\/?attachment_id=20887'><img loading=\"lazy\" decoding=\"async\" width=\"150\" height=\"150\" src=\"https:\/\/sarimelekler.biz\/wp-content\/uploads\/2024\/04\/23-24-33-Kupa-Seremonisi-5-150x150.jpg\" class=\"attachment-thumbnail size-thumbnail\" alt=\"\" data-attachment-id=\"20887\" data-permalink=\"https:\/\/sarimelekler.biz\/?attachment_id=20887\" data-orig-file=\"https:\/\/sarimelekler.biz\/wp-content\/uploads\/2024\/04\/23-24-33-Kupa-Seremonisi-5.jpg\" data-orig-size=\"2500,1933\" data-comments-opened=\"0\" data-image-meta=\"{&quot;aperture&quot;:&quot;5.6&quot;,&quot;credit&quot;:&quot;BURAK SALTIK&quot;,&quot;camera&quot;:&quot;Canon EOS R3&quot;,&quot;caption&quot;:&quot;&quot;,&quot;created_timestamp&quot;:&quot;1713736192&quot;,&quot;copyright&quot;:&quot;www.fenerbahce.org&quot;,&quot;focal_length&quot;:&quot;32&quot;,&quot;iso&quot;:&quot;4000&quot;,&quot;shutter_speed&quot;:&quot;0.0025&quot;,&quot;title&quot;:&quot;&quot;,&quot;orientation&quot;:&quot;1&quot;}\" data-image-title=\"23-24 &amp;#8211; 33 Kupa Seremonisi (5)\" data-image-description=\"\" data-image-caption=\"\" data-large-file=\"https:\/\/sarimelekler.biz\/wp-content\/uploads\/2024\/04\/23-24-33-Kupa-Seremonisi-5-1024x792.jpg\" \/><\/a>\n\t\t\t<\/dt><\/dl><br style=\"clear: both\" \/><dl class='gallery-item'>\n\t\t\t<dt class='gallery-icon portrait'>\n\t\t\t\t<a href='https:\/\/sarimelekler.biz\/?attachment_id=20888'><img loading=\"lazy\" decoding=\"async\" width=\"150\" height=\"150\" src=\"https:\/\/sarimelekler.biz\/wp-content\/uploads\/2024\/04\/23-24-33-Kupa-Seremonisi-6-150x150.jpg\" class=\"attachment-thumbnail size-thumbnail\" alt=\"\" data-attachment-id=\"20888\" data-permalink=\"https:\/\/sarimelekler.biz\/?attachment_id=20888\" data-orig-file=\"https:\/\/sarimelekler.biz\/wp-content\/uploads\/2024\/04\/23-24-33-Kupa-Seremonisi-6-scaled.jpg\" data-orig-size=\"1972,2560\" data-comments-opened=\"0\" data-image-meta=\"{&quot;aperture&quot;:&quot;5.6&quot;,&quot;credit&quot;:&quot;BURAK SALTIK&quot;,&quot;camera&quot;:&quot;Canon EOS R3&quot;,&quot;caption&quot;:&quot;&quot;,&quot;created_timestamp&quot;:&quot;1713735324&quot;,&quot;copyright&quot;:&quot;www.fenerbahce.org&quot;,&quot;focal_length&quot;:&quot;24&quot;,&quot;iso&quot;:&quot;4000&quot;,&quot;shutter_speed&quot;:&quot;0.0025&quot;,&quot;title&quot;:&quot;&quot;,&quot;orientation&quot;:&quot;1&quot;}\" data-image-title=\"23-24 &amp;#8211; 33 Kupa Seremonisi (6)\" data-image-description=\"\" data-image-caption=\"\" data-large-file=\"https:\/\/sarimelekler.biz\/wp-content\/uploads\/2024\/04\/23-24-33-Kupa-Seremonisi-6-789x1024.jpg\" \/><\/a>\n\t\t\t<\/dt><\/dl><dl class='gallery-item'>\n\t\t\t<dt class='gallery-icon landscape'>\n\t\t\t\t<a href='https:\/\/sarimelekler.biz\/?attachment_id=20889'><img loading=\"lazy\" decoding=\"async\" width=\"150\" height=\"150\" src=\"https:\/\/sarimelekler.biz\/wp-content\/uploads\/2024\/04\/23-24-33-Kupa-Seremonisi-7-150x150.jpg\" class=\"attachment-thumbnail size-thumbnail\" alt=\"\" data-attachment-id=\"20889\" data-permalink=\"https:\/\/sarimelekler.biz\/?attachment_id=20889\" data-orig-file=\"https:\/\/sarimelekler.biz\/wp-content\/uploads\/2024\/04\/23-24-33-Kupa-Seremonisi-7.jpg\" data-orig-size=\"2500,1667\" data-comments-opened=\"0\" data-image-meta=\"{&quot;aperture&quot;:&quot;4.5&quot;,&quot;credit&quot;:&quot;BURAK SALTIK&quot;,&quot;camera&quot;:&quot;Canon EOS R3&quot;,&quot;caption&quot;:&quot;&quot;,&quot;created_timestamp&quot;:&quot;1713734219&quot;,&quot;copyright&quot;:&quot;www.fenerbahce.org&quot;,&quot;focal_length&quot;:&quot;57&quot;,&quot;iso&quot;:&quot;4000&quot;,&quot;shutter_speed&quot;:&quot;0.00125&quot;,&quot;title&quot;:&quot;&quot;,&quot;orientation&quot;:&quot;1&quot;}\" data-image-title=\"23-24 &amp;#8211; 33 Kupa Seremonisi (7)\" data-image-description=\"\" data-image-caption=\"\" data-large-file=\"https:\/\/sarimelekler.biz\/wp-content\/uploads\/2024\/04\/23-24-33-Kupa-Seremonisi-7-1024x683.jpg\" \/><\/a>\n\t\t\t<\/dt><\/dl><dl class='gallery-item'>\n\t\t\t<dt class='gallery-icon landscape'>\n\t\t\t\t<a href='https:\/\/sarimelekler.biz\/?attachment_id=20890'><img loading=\"lazy\" decoding=\"async\" width=\"150\" height=\"150\" src=\"https:\/\/sarimelekler.biz\/wp-content\/uploads\/2024\/04\/23-24-33-Kupa-Seremonisi-8-150x150.jpg\" class=\"attachment-thumbnail size-thumbnail\" alt=\"\" data-attachment-id=\"20890\" data-permalink=\"https:\/\/sarimelekler.biz\/?attachment_id=20890\" data-orig-file=\"https:\/\/sarimelekler.biz\/wp-content\/uploads\/2024\/04\/23-24-33-Kupa-Seremonisi-8.jpg\" data-orig-size=\"2500,1940\" data-comments-opened=\"0\" data-image-meta=\"{&quot;aperture&quot;:&quot;5&quot;,&quot;credit&quot;:&quot;BURAK SALTIK&quot;,&quot;camera&quot;:&quot;Canon EOS R3&quot;,&quot;caption&quot;:&quot;&quot;,&quot;created_timestamp&quot;:&quot;1713736252&quot;,&quot;copyright&quot;:&quot;www.fenerbahce.org&quot;,&quot;focal_length&quot;:&quot;30&quot;,&quot;iso&quot;:&quot;4000&quot;,&quot;shutter_speed&quot;:&quot;0.0025&quot;,&quot;title&quot;:&quot;&quot;,&quot;orientation&quot;:&quot;1&quot;}\" data-image-title=\"23-24 &amp;#8211; 33 Kupa Seremonisi (8)\" data-image-description=\"\" data-image-caption=\"\" data-large-file=\"https:\/\/sarimelekler.biz\/wp-content\/uploads\/2024\/04\/23-24-33-Kupa-Seremonisi-8-1024x795.jpg\" \/><\/a>\n\t\t\t<\/dt><\/dl><dl class='gallery-item'>\n\t\t\t<dt class='gallery-icon portrait'>\n\t\t\t\t<a href='https:\/\/sarimelekler.biz\/?attachment_id=20883'><img loading=\"lazy\" decoding=\"async\" width=\"150\" height=\"150\" src=\"https:\/\/sarimelekler.biz\/wp-content\/uploads\/2024\/04\/23-24-33-Kupa-Seremonisi-1-150x150.jpg\" class=\"attachment-thumbnail size-thumbnail\" alt=\"\" data-attachment-id=\"20883\" data-permalink=\"https:\/\/sarimelekler.biz\/?attachment_id=20883\" data-orig-file=\"https:\/\/sarimelekler.biz\/wp-content\/uploads\/2024\/04\/23-24-33-Kupa-Seremonisi-1-scaled.jpg\" data-orig-size=\"1707,2560\" data-comments-opened=\"0\" data-image-meta=\"{&quot;aperture&quot;:&quot;7.1&quot;,&quot;credit&quot;:&quot;BURAK SALTIK&quot;,&quot;camera&quot;:&quot;Canon EOS R3&quot;,&quot;caption&quot;:&quot;&quot;,&quot;created_timestamp&quot;:&quot;1713735747&quot;,&quot;copyright&quot;:&quot;www.fenerbahce.org&quot;,&quot;focal_length&quot;:&quot;24&quot;,&quot;iso&quot;:&quot;4000&quot;,&quot;shutter_speed&quot;:&quot;0.005&quot;,&quot;title&quot;:&quot;&quot;,&quot;orientation&quot;:&quot;1&quot;}\" data-image-title=\"23-24 &amp;#8211; 33 Kupa Seremonisi (1)\" data-image-description=\"\" data-image-caption=\"\" data-large-file=\"https:\/\/sarimelekler.biz\/wp-content\/uploads\/2024\/04\/23-24-33-Kupa-Seremonisi-1-683x1024.jpg\" \/><\/a>\n\t\t\t<\/dt><\/dl><dl class='gallery-item'>\n\t\t\t<dt class='gallery-icon landscape'>\n\t\t\t\t<a href='https:\/\/sarimelekler.biz\/?attachment_id=20891'><img loading=\"lazy\" decoding=\"async\" width=\"150\" height=\"150\" src=\"https:\/\/sarimelekler.biz\/wp-content\/uploads\/2024\/04\/23-24-33-Kupa-Seremonisi-9-150x150.jpg\" class=\"attachment-thumbnail size-thumbnail\" alt=\"\" data-attachment-id=\"20891\" data-permalink=\"https:\/\/sarimelekler.biz\/?attachment_id=20891\" data-orig-file=\"https:\/\/sarimelekler.biz\/wp-content\/uploads\/2024\/04\/23-24-33-Kupa-Seremonisi-9.jpg\" data-orig-size=\"2500,1885\" data-comments-opened=\"0\" data-image-meta=\"{&quot;aperture&quot;:&quot;5&quot;,&quot;credit&quot;:&quot;BURAK SALTIK&quot;,&quot;camera&quot;:&quot;Canon EOS R3&quot;,&quot;caption&quot;:&quot;&quot;,&quot;created_timestamp&quot;:&quot;1713735018&quot;,&quot;copyright&quot;:&quot;www.fenerbahce.org&quot;,&quot;focal_length&quot;:&quot;24&quot;,&quot;iso&quot;:&quot;4000&quot;,&quot;shutter_speed&quot;:&quot;0.0015625&quot;,&quot;title&quot;:&quot;&quot;,&quot;orientation&quot;:&quot;1&quot;}\" data-image-title=\"23-24 &amp;#8211; 33 Kupa Seremonisi (9)\" data-image-description=\"\" data-image-caption=\"\" data-large-file=\"https:\/\/sarimelekler.biz\/wp-content\/uploads\/2024\/04\/23-24-33-Kupa-Seremonisi-9-1024x772.jpg\" \/><\/a>\n\t\t\t<\/dt><\/dl><br style=\"clear: both\" \/><dl class='gallery-item'>\n\t\t\t<dt class='gallery-icon portrait'>\n\t\t\t\t<a href='https:\/\/sarimelekler.biz\/?attachment_id=20892'><img loading=\"lazy\" decoding=\"async\" width=\"150\" height=\"150\" src=\"https:\/\/sarimelekler.biz\/wp-content\/uploads\/2024\/04\/23-24-33-Kupa-Seremonisi-10-150x150.jpg\" class=\"attachment-thumbnail size-thumbnail\" alt=\"\" data-attachment-id=\"20892\" data-permalink=\"https:\/\/sarimelekler.biz\/?attachment_id=20892\" data-orig-file=\"https:\/\/sarimelekler.biz\/wp-content\/uploads\/2024\/04\/23-24-33-Kupa-Seremonisi-10-scaled.jpg\" data-orig-size=\"1877,2560\" data-comments-opened=\"0\" data-image-meta=\"{&quot;aperture&quot;:&quot;7.1&quot;,&quot;credit&quot;:&quot;BURAK SALTIK&quot;,&quot;camera&quot;:&quot;Canon EOS R3&quot;,&quot;caption&quot;:&quot;&quot;,&quot;created_timestamp&quot;:&quot;1713735751&quot;,&quot;copyright&quot;:&quot;www.fenerbahce.org&quot;,&quot;focal_length&quot;:&quot;24&quot;,&quot;iso&quot;:&quot;4000&quot;,&quot;shutter_speed&quot;:&quot;0.005&quot;,&quot;title&quot;:&quot;&quot;,&quot;orientation&quot;:&quot;1&quot;}\" data-image-title=\"23-24 &amp;#8211; 33 Kupa Seremonisi (10)\" data-image-description=\"\" data-image-caption=\"\" data-large-file=\"https:\/\/sarimelekler.biz\/wp-content\/uploads\/2024\/04\/23-24-33-Kupa-Seremonisi-10-751x1024.jpg\" \/><\/a>\n\t\t\t<\/dt><\/dl><dl class='gallery-item'>\n\t\t\t<dt class='gallery-icon landscape'>\n\t\t\t\t<a href='https:\/\/sarimelekler.biz\/?attachment_id=20893'><img loading=\"lazy\" decoding=\"async\" width=\"150\" height=\"150\" src=\"https:\/\/sarimelekler.biz\/wp-content\/uploads\/2024\/04\/23-24-33-Kupa-Seremonisi-11-150x150.jpg\" class=\"attachment-thumbnail size-thumbnail\" alt=\"\" data-attachment-id=\"20893\" data-permalink=\"https:\/\/sarimelekler.biz\/?attachment_id=20893\" data-orig-file=\"https:\/\/sarimelekler.biz\/wp-content\/uploads\/2024\/04\/23-24-33-Kupa-Seremonisi-11.jpg\" data-orig-size=\"2500,2434\" data-comments-opened=\"0\" data-image-meta=\"{&quot;aperture&quot;:&quot;5&quot;,&quot;credit&quot;:&quot;BURAK SALTIK&quot;,&quot;camera&quot;:&quot;Canon EOS R3&quot;,&quot;caption&quot;:&quot;&quot;,&quot;created_timestamp&quot;:&quot;1713736042&quot;,&quot;copyright&quot;:&quot;www.fenerbahce.org&quot;,&quot;focal_length&quot;:&quot;27&quot;,&quot;iso&quot;:&quot;4000&quot;,&quot;shutter_speed&quot;:&quot;0.0025&quot;,&quot;title&quot;:&quot;&quot;,&quot;orientation&quot;:&quot;1&quot;}\" data-image-title=\"23-24 &amp;#8211; 33 Kupa Seremonisi (11)\" data-image-description=\"\" data-image-caption=\"\" data-large-file=\"https:\/\/sarimelekler.biz\/wp-content\/uploads\/2024\/04\/23-24-33-Kupa-Seremonisi-11-1024x997.jpg\" \/><\/a>\n\t\t\t<\/dt><\/dl><dl class='gallery-item'>\n\t\t\t<dt class='gallery-icon landscape'>\n\t\t\t\t<a href='https:\/\/sarimelekler.biz\/?attachment_id=20894'><img loading=\"lazy\" decoding=\"async\" width=\"150\" height=\"150\" src=\"https:\/\/sarimelekler.biz\/wp-content\/uploads\/2024\/04\/23-24-33-Kupa-Seremonisi-12-150x150.jpg\" class=\"attachment-thumbnail size-thumbnail\" alt=\"\" data-attachment-id=\"20894\" data-permalink=\"https:\/\/sarimelekler.biz\/?attachment_id=20894\" data-orig-file=\"https:\/\/sarimelekler.biz\/wp-content\/uploads\/2024\/04\/23-24-33-Kupa-Seremonisi-12.jpg\" data-orig-size=\"2500,2070\" data-comments-opened=\"0\" data-image-meta=\"{&quot;aperture&quot;:&quot;5.6&quot;,&quot;credit&quot;:&quot;BURAK SALTIK&quot;,&quot;camera&quot;:&quot;Canon EOS R3&quot;,&quot;caption&quot;:&quot;&quot;,&quot;created_timestamp&quot;:&quot;1713735316&quot;,&quot;copyright&quot;:&quot;www.fenerbahce.org&quot;,&quot;focal_length&quot;:&quot;24&quot;,&quot;iso&quot;:&quot;4000&quot;,&quot;shutter_speed&quot;:&quot;0.0025&quot;,&quot;title&quot;:&quot;&quot;,&quot;orientation&quot;:&quot;1&quot;}\" data-image-title=\"23-24 &amp;#8211; 33 Kupa Seremonisi (12)\" data-image-description=\"\" data-image-caption=\"\" data-large-file=\"https:\/\/sarimelekler.biz\/wp-content\/uploads\/2024\/04\/23-24-33-Kupa-Seremonisi-12-1024x848.jpg\" \/><\/a>\n\t\t\t<\/dt><\/dl><dl class='gallery-item'>\n\t\t\t<dt class='gallery-icon landscape'>\n\t\t\t\t<a href='https:\/\/sarimelekler.biz\/?attachment_id=20895'><img loading=\"lazy\" decoding=\"async\" width=\"150\" height=\"150\" src=\"https:\/\/sarimelekler.biz\/wp-content\/uploads\/2024\/04\/23-24-33-Kupa-Seremonisi-13-150x150.jpg\" class=\"attachment-thumbnail size-thumbnail\" alt=\"\" data-attachment-id=\"20895\" data-permalink=\"https:\/\/sarimelekler.biz\/?attachment_id=20895\" data-orig-file=\"https:\/\/sarimelekler.biz\/wp-content\/uploads\/2024\/04\/23-24-33-Kupa-Seremonisi-13.jpg\" data-orig-size=\"2500,1790\" data-comments-opened=\"0\" data-image-meta=\"{&quot;aperture&quot;:&quot;4.5&quot;,&quot;credit&quot;:&quot;BURAK SALTIK&quot;,&quot;camera&quot;:&quot;Canon EOS R3&quot;,&quot;caption&quot;:&quot;&quot;,&quot;created_timestamp&quot;:&quot;1713734920&quot;,&quot;copyright&quot;:&quot;www.fenerbahce.org&quot;,&quot;focal_length&quot;:&quot;25&quot;,&quot;iso&quot;:&quot;4000&quot;,&quot;shutter_speed&quot;:&quot;0.00125&quot;,&quot;title&quot;:&quot;&quot;,&quot;orientation&quot;:&quot;1&quot;}\" data-image-title=\"23-24 &amp;#8211; 33 Kupa Seremonisi (13)\" data-image-description=\"\" data-image-caption=\"\" data-large-file=\"https:\/\/sarimelekler.biz\/wp-content\/uploads\/2024\/04\/23-24-33-Kupa-Seremonisi-13-1024x733.jpg\" \/><\/a>\n\t\t\t<\/dt><\/dl><dl class='gallery-item'>\n\t\t\t<dt class='gallery-icon portrait'>\n\t\t\t\t<a href='https:\/\/sarimelekler.biz\/?attachment_id=20896'><img loading=\"lazy\" decoding=\"async\" width=\"150\" height=\"150\" src=\"https:\/\/sarimelekler.biz\/wp-content\/uploads\/2024\/04\/23-24-33-Kupa-Seremonisi-14-150x150.jpg\" class=\"attachment-thumbnail size-thumbnail\" alt=\"\" data-attachment-id=\"20896\" data-permalink=\"https:\/\/sarimelekler.biz\/?attachment_id=20896\" data-orig-file=\"https:\/\/sarimelekler.biz\/wp-content\/uploads\/2024\/04\/23-24-33-Kupa-Seremonisi-14-scaled.jpg\" data-orig-size=\"2187,2560\" data-comments-opened=\"0\" data-image-meta=\"{&quot;aperture&quot;:&quot;5&quot;,&quot;credit&quot;:&quot;BURAK SALTIK&quot;,&quot;camera&quot;:&quot;Canon EOS R3&quot;,&quot;caption&quot;:&quot;&quot;,&quot;created_timestamp&quot;:&quot;1713735362&quot;,&quot;copyright&quot;:&quot;www.fenerbahce.org&quot;,&quot;focal_length&quot;:&quot;26&quot;,&quot;iso&quot;:&quot;4000&quot;,&quot;shutter_speed&quot;:&quot;0.003125&quot;,&quot;title&quot;:&quot;&quot;,&quot;orientation&quot;:&quot;1&quot;}\" data-image-title=\"23-24 &amp;#8211; 33 Kupa Seremonisi (14)\" data-image-description=\"\" data-image-caption=\"\" data-large-file=\"https:\/\/sarimelekler.biz\/wp-content\/uploads\/2024\/04\/23-24-33-Kupa-Seremonisi-14-875x1024.jpg\" \/><\/a>\n\t\t\t<\/dt><\/dl><br style=\"clear: both\" \/><dl class='gallery-item'>\n\t\t\t<dt class='gallery-icon portrait'>\n\t\t\t\t<a href='https:\/\/sarimelekler.biz\/?attachment_id=20897'><img loading=\"lazy\" decoding=\"async\" width=\"150\" height=\"150\" src=\"https:\/\/sarimelekler.biz\/wp-content\/uploads\/2024\/04\/23-24-33-Kupa-Seremonisi-15-150x150.jpg\" class=\"attachment-thumbnail size-thumbnail\" alt=\"\" data-attachment-id=\"20897\" data-permalink=\"https:\/\/sarimelekler.biz\/?attachment_id=20897\" data-orig-file=\"https:\/\/sarimelekler.biz\/wp-content\/uploads\/2024\/04\/23-24-33-Kupa-Seremonisi-15-scaled.jpg\" data-orig-size=\"2254,2560\" data-comments-opened=\"0\" data-image-meta=\"{&quot;aperture&quot;:&quot;4.5&quot;,&quot;credit&quot;:&quot;BURAK SALTIK&quot;,&quot;camera&quot;:&quot;Canon EOS R3&quot;,&quot;caption&quot;:&quot;&quot;,&quot;created_timestamp&quot;:&quot;1713734583&quot;,&quot;copyright&quot;:&quot;www.fenerbahce.org&quot;,&quot;focal_length&quot;:&quot;52&quot;,&quot;iso&quot;:&quot;4000&quot;,&quot;shutter_speed&quot;:&quot;0.002&quot;,&quot;title&quot;:&quot;&quot;,&quot;orientation&quot;:&quot;1&quot;}\" data-image-title=\"23-24 &amp;#8211; 33 Kupa Seremonisi (15)\" data-image-description=\"\" data-image-caption=\"\" data-large-file=\"https:\/\/sarimelekler.biz\/wp-content\/uploads\/2024\/04\/23-24-33-Kupa-Seremonisi-15-902x1024.jpg\" \/><\/a>\n\t\t\t<\/dt><\/dl><dl class='gallery-item'>\n\t\t\t<dt class='gallery-icon landscape'>\n\t\t\t\t<a href='https:\/\/sarimelekler.biz\/?attachment_id=20899'><img loading=\"lazy\" decoding=\"async\" width=\"150\" height=\"150\" src=\"https:\/\/sarimelekler.biz\/wp-content\/uploads\/2024\/04\/23-24-33-Kupa-Seremonisi-17-150x150.jpg\" class=\"attachment-thumbnail size-thumbnail\" alt=\"\" data-attachment-id=\"20899\" data-permalink=\"https:\/\/sarimelekler.biz\/?attachment_id=20899\" data-orig-file=\"https:\/\/sarimelekler.biz\/wp-content\/uploads\/2024\/04\/23-24-33-Kupa-Seremonisi-17.jpg\" data-orig-size=\"2500,1749\" data-comments-opened=\"0\" data-image-meta=\"{&quot;aperture&quot;:&quot;5&quot;,&quot;credit&quot;:&quot;BURAK SALTIK&quot;,&quot;camera&quot;:&quot;Canon EOS R3&quot;,&quot;caption&quot;:&quot;&quot;,&quot;created_timestamp&quot;:&quot;1713735063&quot;,&quot;copyright&quot;:&quot;www.fenerbahce.org&quot;,&quot;focal_length&quot;:&quot;24&quot;,&quot;iso&quot;:&quot;4000&quot;,&quot;shutter_speed&quot;:&quot;0.0015625&quot;,&quot;title&quot;:&quot;&quot;,&quot;orientation&quot;:&quot;1&quot;}\" data-image-title=\"23-24 &amp;#8211; 33 Kupa Seremonisi (17)\" data-image-description=\"\" data-image-caption=\"\" data-large-file=\"https:\/\/sarimelekler.biz\/wp-content\/uploads\/2024\/04\/23-24-33-Kupa-Seremonisi-17-1024x716.jpg\" \/><\/a>\n\t\t\t<\/dt><\/dl><dl class='gallery-item'>\n\t\t\t<dt class='gallery-icon landscape'>\n\t\t\t\t<a href='https:\/\/sarimelekler.biz\/?attachment_id=20900'><img loading=\"lazy\" decoding=\"async\" width=\"150\" height=\"150\" src=\"https:\/\/sarimelekler.biz\/wp-content\/uploads\/2024\/04\/23-24-33-Kupa-Seremonisi-18-150x150.jpg\" class=\"attachment-thumbnail size-thumbnail\" alt=\"\" data-attachment-id=\"20900\" data-permalink=\"https:\/\/sarimelekler.biz\/?attachment_id=20900\" data-orig-file=\"https:\/\/sarimelekler.biz\/wp-content\/uploads\/2024\/04\/23-24-33-Kupa-Seremonisi-18.jpg\" data-orig-size=\"2500,1917\" data-comments-opened=\"0\" data-image-meta=\"{&quot;aperture&quot;:&quot;5&quot;,&quot;credit&quot;:&quot;BURAK SALTIK&quot;,&quot;camera&quot;:&quot;Canon EOS R3&quot;,&quot;caption&quot;:&quot;&quot;,&quot;created_timestamp&quot;:&quot;1713735004&quot;,&quot;copyright&quot;:&quot;www.fenerbahce.org&quot;,&quot;focal_length&quot;:&quot;24&quot;,&quot;iso&quot;:&quot;4000&quot;,&quot;shutter_speed&quot;:&quot;0.0015625&quot;,&quot;title&quot;:&quot;&quot;,&quot;orientation&quot;:&quot;1&quot;}\" data-image-title=\"23-24 &amp;#8211; 33 Kupa Seremonisi (18)\" data-image-description=\"\" data-image-caption=\"\" data-large-file=\"https:\/\/sarimelekler.biz\/wp-content\/uploads\/2024\/04\/23-24-33-Kupa-Seremonisi-18-1024x785.jpg\" \/><\/a>\n\t\t\t<\/dt><\/dl><dl class='gallery-item'>\n\t\t\t<dt class='gallery-icon portrait'>\n\t\t\t\t<a href='https:\/\/sarimelekler.biz\/?attachment_id=20902'><img loading=\"lazy\" decoding=\"async\" width=\"150\" height=\"150\" src=\"https:\/\/sarimelekler.biz\/wp-content\/uploads\/2024\/04\/23-24-33-Kupa-Seremonisi-20-150x150.jpg\" class=\"attachment-thumbnail size-thumbnail\" alt=\"\" data-attachment-id=\"20902\" data-permalink=\"https:\/\/sarimelekler.biz\/?attachment_id=20902\" data-orig-file=\"https:\/\/sarimelekler.biz\/wp-content\/uploads\/2024\/04\/23-24-33-Kupa-Seremonisi-20-scaled.jpg\" data-orig-size=\"1972,2560\" data-comments-opened=\"0\" data-image-meta=\"{&quot;aperture&quot;:&quot;5&quot;,&quot;credit&quot;:&quot;BURAK SALTIK&quot;,&quot;camera&quot;:&quot;Canon EOS R3&quot;,&quot;caption&quot;:&quot;&quot;,&quot;created_timestamp&quot;:&quot;1713734997&quot;,&quot;copyright&quot;:&quot;www.fenerbahce.org&quot;,&quot;focal_length&quot;:&quot;28&quot;,&quot;iso&quot;:&quot;4000&quot;,&quot;shutter_speed&quot;:&quot;0.0015625&quot;,&quot;title&quot;:&quot;&quot;,&quot;orientation&quot;:&quot;1&quot;}\" data-image-title=\"23-24 &amp;#8211; 33 Kupa Seremonisi (20)\" data-image-description=\"\" data-image-caption=\"\" data-large-file=\"https:\/\/sarimelekler.biz\/wp-content\/uploads\/2024\/04\/23-24-33-Kupa-Seremonisi-20-789x1024.jpg\" \/><\/a>\n\t\t\t<\/dt><\/dl><dl class='gallery-item'>\n\t\t\t<dt class='gallery-icon portrait'>\n\t\t\t\t<a href='https:\/\/sarimelekler.biz\/?attachment_id=20903'><img loading=\"lazy\" decoding=\"async\" width=\"150\" height=\"150\" src=\"https:\/\/sarimelekler.biz\/wp-content\/uploads\/2024\/04\/23-24-33-Kupa-Seremonisi-21-150x150.jpg\" class=\"attachment-thumbnail size-thumbnail\" alt=\"\" data-attachment-id=\"20903\" data-permalink=\"https:\/\/sarimelekler.biz\/?attachment_id=20903\" data-orig-file=\"https:\/\/sarimelekler.biz\/wp-content\/uploads\/2024\/04\/23-24-33-Kupa-Seremonisi-21-scaled.jpg\" data-orig-size=\"1486,2560\" data-comments-opened=\"0\" data-image-meta=\"{&quot;aperture&quot;:&quot;5&quot;,&quot;credit&quot;:&quot;BURAK SALTIK&quot;,&quot;camera&quot;:&quot;Canon EOS R3&quot;,&quot;caption&quot;:&quot;&quot;,&quot;created_timestamp&quot;:&quot;1713735548&quot;,&quot;copyright&quot;:&quot;www.fenerbahce.org&quot;,&quot;focal_length&quot;:&quot;29&quot;,&quot;iso&quot;:&quot;4000&quot;,&quot;shutter_speed&quot;:&quot;0.003125&quot;,&quot;title&quot;:&quot;&quot;,&quot;orientation&quot;:&quot;1&quot;}\" data-image-title=\"23-24 &amp;#8211; 33 Kupa Seremonisi (21)\" data-image-description=\"\" data-image-caption=\"\" data-large-file=\"https:\/\/sarimelekler.biz\/wp-content\/uploads\/2024\/04\/23-24-33-Kupa-Seremonisi-21-595x1024.jpg\" \/><\/a>\n\t\t\t<\/dt><\/dl><br style=\"clear: both\" \/><dl class='gallery-item'>\n\t\t\t<dt class='gallery-icon portrait'>\n\t\t\t\t<a href='https:\/\/sarimelekler.biz\/?attachment_id=20904'><img loading=\"lazy\" decoding=\"async\" width=\"150\" height=\"150\" src=\"https:\/\/sarimelekler.biz\/wp-content\/uploads\/2024\/04\/23-24-33-Kupa-Seremonisi-22-150x150.jpg\" class=\"attachment-thumbnail size-thumbnail\" alt=\"\" data-attachment-id=\"20904\" data-permalink=\"https:\/\/sarimelekler.biz\/?attachment_id=20904\" data-orig-file=\"https:\/\/sarimelekler.biz\/wp-content\/uploads\/2024\/04\/23-24-33-Kupa-Seremonisi-22-scaled.jpg\" data-orig-size=\"2472,2560\" data-comments-opened=\"0\" data-image-meta=\"{&quot;aperture&quot;:&quot;5&quot;,&quot;credit&quot;:&quot;BURAK SALTIK&quot;,&quot;camera&quot;:&quot;Canon EOS R3&quot;,&quot;caption&quot;:&quot;&quot;,&quot;created_timestamp&quot;:&quot;1713735012&quot;,&quot;copyright&quot;:&quot;www.fenerbahce.org&quot;,&quot;focal_length&quot;:&quot;28&quot;,&quot;iso&quot;:&quot;4000&quot;,&quot;shutter_speed&quot;:&quot;0.0015625&quot;,&quot;title&quot;:&quot;&quot;,&quot;orientation&quot;:&quot;1&quot;}\" data-image-title=\"23-24 &amp;#8211; 33 Kupa Seremonisi (22)\" data-image-description=\"\" data-image-caption=\"\" data-large-file=\"https:\/\/sarimelekler.biz\/wp-content\/uploads\/2024\/04\/23-24-33-Kupa-Seremonisi-22-989x1024.jpg\" \/><\/a>\n\t\t\t<\/dt><\/dl><dl class='gallery-item'>\n\t\t\t<dt class='gallery-icon portrait'>\n\t\t\t\t<a href='https:\/\/sarimelekler.biz\/?attachment_id=20906'><img loading=\"lazy\" decoding=\"async\" width=\"150\" height=\"150\" src=\"https:\/\/sarimelekler.biz\/wp-content\/uploads\/2024\/04\/23-24-33-Kupa-Seremonisi-24-150x150.jpg\" class=\"attachment-thumbnail size-thumbnail\" alt=\"\" data-attachment-id=\"20906\" data-permalink=\"https:\/\/sarimelekler.biz\/?attachment_id=20906\" data-orig-file=\"https:\/\/sarimelekler.biz\/wp-content\/uploads\/2024\/04\/23-24-33-Kupa-Seremonisi-24-scaled.jpg\" data-orig-size=\"2364,2560\" data-comments-opened=\"0\" data-image-meta=\"{&quot;aperture&quot;:&quot;4.5&quot;,&quot;credit&quot;:&quot;BURAK SALTIK&quot;,&quot;camera&quot;:&quot;Canon EOS R3&quot;,&quot;caption&quot;:&quot;&quot;,&quot;created_timestamp&quot;:&quot;1713734837&quot;,&quot;copyright&quot;:&quot;www.fenerbahce.org&quot;,&quot;focal_length&quot;:&quot;28&quot;,&quot;iso&quot;:&quot;4000&quot;,&quot;shutter_speed&quot;:&quot;0.00125&quot;,&quot;title&quot;:&quot;&quot;,&quot;orientation&quot;:&quot;1&quot;}\" data-image-title=\"23-24 &amp;#8211; 33 Kupa Seremonisi (24)\" data-image-description=\"\" data-image-caption=\"\" data-large-file=\"https:\/\/sarimelekler.biz\/wp-content\/uploads\/2024\/04\/23-24-33-Kupa-Seremonisi-24-946x1024.jpg\" \/><\/a>\n\t\t\t<\/dt><\/dl><dl class='gallery-item'>\n\t\t\t<dt class='gallery-icon landscape'>\n\t\t\t\t<a href='https:\/\/sarimelekler.biz\/?attachment_id=20907'><img loading=\"lazy\" decoding=\"async\" width=\"150\" height=\"150\" src=\"https:\/\/sarimelekler.biz\/wp-content\/uploads\/2024\/04\/23-24-33-Kupa-Seremonisi-25-150x150.jpg\" class=\"attachment-thumbnail size-thumbnail\" alt=\"\" data-attachment-id=\"20907\" data-permalink=\"https:\/\/sarimelekler.biz\/?attachment_id=20907\" data-orig-file=\"https:\/\/sarimelekler.biz\/wp-content\/uploads\/2024\/04\/23-24-33-Kupa-Seremonisi-25.jpg\" data-orig-size=\"2500,1732\" data-comments-opened=\"0\" data-image-meta=\"{&quot;aperture&quot;:&quot;5&quot;,&quot;credit&quot;:&quot;BURAK SALTIK&quot;,&quot;camera&quot;:&quot;Canon EOS R3&quot;,&quot;caption&quot;:&quot;&quot;,&quot;created_timestamp&quot;:&quot;1713735040&quot;,&quot;copyright&quot;:&quot;www.fenerbahce.org&quot;,&quot;focal_length&quot;:&quot;24&quot;,&quot;iso&quot;:&quot;4000&quot;,&quot;shutter_speed&quot;:&quot;0.0015625&quot;,&quot;title&quot;:&quot;&quot;,&quot;orientation&quot;:&quot;1&quot;}\" data-image-title=\"23-24 &amp;#8211; 33 Kupa Seremonisi (25)\" data-image-description=\"\" data-image-caption=\"\" data-large-file=\"https:\/\/sarimelekler.biz\/wp-content\/uploads\/2024\/04\/23-24-33-Kupa-Seremonisi-25-1024x709.jpg\" \/><\/a>\n\t\t\t<\/dt><\/dl><dl class='gallery-item'>\n\t\t\t<dt class='gallery-icon landscape'>\n\t\t\t\t<a href='https:\/\/sarimelekler.biz\/?attachment_id=20908'><img loading=\"lazy\" decoding=\"async\" width=\"150\" height=\"150\" src=\"https:\/\/sarimelekler.biz\/wp-content\/uploads\/2024\/04\/23-24-33-Kupa-Seremonisi-26-150x150.jpg\" class=\"attachment-thumbnail size-thumbnail\" alt=\"\" data-attachment-id=\"20908\" data-permalink=\"https:\/\/sarimelekler.biz\/?attachment_id=20908\" data-orig-file=\"https:\/\/sarimelekler.biz\/wp-content\/uploads\/2024\/04\/23-24-33-Kupa-Seremonisi-26.jpg\" data-orig-size=\"2500,2450\" data-comments-opened=\"0\" data-image-meta=\"{&quot;aperture&quot;:&quot;4.5&quot;,&quot;credit&quot;:&quot;BURAK SALTIK&quot;,&quot;camera&quot;:&quot;Canon EOS R3&quot;,&quot;caption&quot;:&quot;&quot;,&quot;created_timestamp&quot;:&quot;1713734932&quot;,&quot;copyright&quot;:&quot;www.fenerbahce.org&quot;,&quot;focal_length&quot;:&quot;30&quot;,&quot;iso&quot;:&quot;4000&quot;,&quot;shutter_speed&quot;:&quot;0.00125&quot;,&quot;title&quot;:&quot;&quot;,&quot;orientation&quot;:&quot;1&quot;}\" data-image-title=\"23-24 &amp;#8211; 33 Kupa Seremonisi (26)\" data-image-description=\"\" data-image-caption=\"\" data-large-file=\"https:\/\/sarimelekler.biz\/wp-content\/uploads\/2024\/04\/23-24-33-Kupa-Seremonisi-26-1024x1004.jpg\" \/><\/a>\n\t\t\t<\/dt><\/dl><dl class='gallery-item'>\n\t\t\t<dt class='gallery-icon landscape'>\n\t\t\t\t<a href='https:\/\/sarimelekler.biz\/?attachment_id=20909'><img loading=\"lazy\" decoding=\"async\" width=\"150\" height=\"150\" src=\"https:\/\/sarimelekler.biz\/wp-content\/uploads\/2024\/04\/23-24-33-Kupa-Seremonisi-27-150x150.jpg\" class=\"attachment-thumbnail size-thumbnail\" alt=\"\" data-attachment-id=\"20909\" data-permalink=\"https:\/\/sarimelekler.biz\/?attachment_id=20909\" data-orig-file=\"https:\/\/sarimelekler.biz\/wp-content\/uploads\/2024\/04\/23-24-33-Kupa-Seremonisi-27.jpg\" data-orig-size=\"2500,1761\" data-comments-opened=\"0\" data-image-meta=\"{&quot;aperture&quot;:&quot;7.1&quot;,&quot;credit&quot;:&quot;BURAK SALTIK&quot;,&quot;camera&quot;:&quot;Canon EOS R3&quot;,&quot;caption&quot;:&quot;&quot;,&quot;created_timestamp&quot;:&quot;1713735716&quot;,&quot;copyright&quot;:&quot;www.fenerbahce.org&quot;,&quot;focal_length&quot;:&quot;37&quot;,&quot;iso&quot;:&quot;4000&quot;,&quot;shutter_speed&quot;:&quot;0.005&quot;,&quot;title&quot;:&quot;&quot;,&quot;orientation&quot;:&quot;1&quot;}\" data-image-title=\"23-24 &amp;#8211; 33 Kupa Seremonisi (27)\" data-image-description=\"\" data-image-caption=\"\" data-large-file=\"https:\/\/sarimelekler.biz\/wp-content\/uploads\/2024\/04\/23-24-33-Kupa-Seremonisi-27-1024x721.jpg\" \/><\/a>\n\t\t\t<\/dt><\/dl><br style=\"clear: both\" \/><dl class='gallery-item'>\n\t\t\t<dt class='gallery-icon portrait'>\n\t\t\t\t<a href='https:\/\/sarimelekler.biz\/?attachment_id=20910'><img loading=\"lazy\" decoding=\"async\" width=\"150\" height=\"150\" src=\"https:\/\/sarimelekler.biz\/wp-content\/uploads\/2024\/04\/23-24-33-Kupa-Seremonisi-28-150x150.jpg\" class=\"attachment-thumbnail size-thumbnail\" alt=\"\" data-attachment-id=\"20910\" data-permalink=\"https:\/\/sarimelekler.biz\/?attachment_id=20910\" data-orig-file=\"https:\/\/sarimelekler.biz\/wp-content\/uploads\/2024\/04\/23-24-33-Kupa-Seremonisi-28-scaled.jpg\" data-orig-size=\"1839,2560\" data-comments-opened=\"0\" data-image-meta=\"{&quot;aperture&quot;:&quot;6.3&quot;,&quot;credit&quot;:&quot;BURAK SALTIK&quot;,&quot;camera&quot;:&quot;Canon EOS R3&quot;,&quot;caption&quot;:&quot;&quot;,&quot;created_timestamp&quot;:&quot;1713736596&quot;,&quot;copyright&quot;:&quot;www.fenerbahce.org&quot;,&quot;focal_length&quot;:&quot;30&quot;,&quot;iso&quot;:&quot;4000&quot;,&quot;shutter_speed&quot;:&quot;0.0025&quot;,&quot;title&quot;:&quot;&quot;,&quot;orientation&quot;:&quot;1&quot;}\" data-image-title=\"23-24 &amp;#8211; 33 Kupa Seremonisi (28)\" data-image-description=\"\" data-image-caption=\"\" data-large-file=\"https:\/\/sarimelekler.biz\/wp-content\/uploads\/2024\/04\/23-24-33-Kupa-Seremonisi-28-735x1024.jpg\" \/><\/a>\n\t\t\t<\/dt><\/dl><dl class='gallery-item'>\n\t\t\t<dt class='gallery-icon landscape'>\n\t\t\t\t<a href='https:\/\/sarimelekler.biz\/?attachment_id=20911'><img loading=\"lazy\" decoding=\"async\" width=\"150\" height=\"150\" src=\"https:\/\/sarimelekler.biz\/wp-content\/uploads\/2024\/04\/23-24-33-Kupa-Seremonisi-29-150x150.jpg\" class=\"attachment-thumbnail size-thumbnail\" alt=\"\" data-attachment-id=\"20911\" data-permalink=\"https:\/\/sarimelekler.biz\/?attachment_id=20911\" data-orig-file=\"https:\/\/sarimelekler.biz\/wp-content\/uploads\/2024\/04\/23-24-33-Kupa-Seremonisi-29.jpg\" data-orig-size=\"2500,2191\" data-comments-opened=\"0\" data-image-meta=\"{&quot;aperture&quot;:&quot;5&quot;,&quot;credit&quot;:&quot;BURAK SALTIK&quot;,&quot;camera&quot;:&quot;Canon EOS R3&quot;,&quot;caption&quot;:&quot;&quot;,&quot;created_timestamp&quot;:&quot;1713735983&quot;,&quot;copyright&quot;:&quot;www.fenerbahce.org&quot;,&quot;focal_length&quot;:&quot;31&quot;,&quot;iso&quot;:&quot;4000&quot;,&quot;shutter_speed&quot;:&quot;0.0025&quot;,&quot;title&quot;:&quot;&quot;,&quot;orientation&quot;:&quot;1&quot;}\" data-image-title=\"23-24 &amp;#8211; 33 Kupa Seremonisi (29)\" data-image-description=\"\" data-image-caption=\"\" data-large-file=\"https:\/\/sarimelekler.biz\/wp-content\/uploads\/2024\/04\/23-24-33-Kupa-Seremonisi-29-1024x897.jpg\" \/><\/a>\n\t\t\t<\/dt><\/dl><dl class='gallery-item'>\n\t\t\t<dt class='gallery-icon landscape'>\n\t\t\t\t<a href='https:\/\/sarimelekler.biz\/?attachment_id=20913'><img loading=\"lazy\" decoding=\"async\" width=\"150\" height=\"150\" src=\"https:\/\/sarimelekler.biz\/wp-content\/uploads\/2024\/04\/23-24-33-Kupa-Seremonisi-31-150x150.jpg\" class=\"attachment-thumbnail size-thumbnail\" alt=\"\" data-attachment-id=\"20913\" data-permalink=\"https:\/\/sarimelekler.biz\/?attachment_id=20913\" data-orig-file=\"https:\/\/sarimelekler.biz\/wp-content\/uploads\/2024\/04\/23-24-33-Kupa-Seremonisi-31.jpg\" data-orig-size=\"2500,1733\" data-comments-opened=\"0\" data-image-meta=\"{&quot;aperture&quot;:&quot;4.5&quot;,&quot;credit&quot;:&quot;BURAK SALTIK&quot;,&quot;camera&quot;:&quot;Canon EOS R3&quot;,&quot;caption&quot;:&quot;&quot;,&quot;created_timestamp&quot;:&quot;1713734856&quot;,&quot;copyright&quot;:&quot;www.fenerbahce.org&quot;,&quot;focal_length&quot;:&quot;24&quot;,&quot;iso&quot;:&quot;4000&quot;,&quot;shutter_speed&quot;:&quot;0.00125&quot;,&quot;title&quot;:&quot;&quot;,&quot;orientation&quot;:&quot;1&quot;}\" data-image-title=\"23-24 &amp;#8211; 33 Kupa Seremonisi (31)\" data-image-description=\"\" data-image-caption=\"\" data-large-file=\"https:\/\/sarimelekler.biz\/wp-content\/uploads\/2024\/04\/23-24-33-Kupa-Seremonisi-31-1024x710.jpg\" \/><\/a>\n\t\t\t<\/dt><\/dl><dl class='gallery-item'>\n\t\t\t<dt class='gallery-icon portrait'>\n\t\t\t\t<a href='https:\/\/sarimelekler.biz\/?attachment_id=20914'><img loading=\"lazy\" decoding=\"async\" width=\"150\" height=\"150\" src=\"https:\/\/sarimelekler.biz\/wp-content\/uploads\/2024\/04\/23-24-33-Kupa-Seremonisi-32-150x150.jpg\" class=\"attachment-thumbnail size-thumbnail\" alt=\"\" data-attachment-id=\"20914\" data-permalink=\"https:\/\/sarimelekler.biz\/?attachment_id=20914\" data-orig-file=\"https:\/\/sarimelekler.biz\/wp-content\/uploads\/2024\/04\/23-24-33-Kupa-Seremonisi-32-scaled.jpg\" data-orig-size=\"2242,2560\" data-comments-opened=\"0\" data-image-meta=\"{&quot;aperture&quot;:&quot;6.3&quot;,&quot;credit&quot;:&quot;BURAK SALTIK&quot;,&quot;camera&quot;:&quot;Canon EOS R3&quot;,&quot;caption&quot;:&quot;&quot;,&quot;created_timestamp&quot;:&quot;1713735830&quot;,&quot;copyright&quot;:&quot;www.fenerbahce.org&quot;,&quot;focal_length&quot;:&quot;24&quot;,&quot;iso&quot;:&quot;4000&quot;,&quot;shutter_speed&quot;:&quot;0.004&quot;,&quot;title&quot;:&quot;&quot;,&quot;orientation&quot;:&quot;1&quot;}\" data-image-title=\"23-24 &amp;#8211; 33 Kupa Seremonisi (32)\" data-image-description=\"\" data-image-caption=\"\" data-large-file=\"https:\/\/sarimelekler.biz\/wp-content\/uploads\/2024\/04\/23-24-33-Kupa-Seremonisi-32-897x1024.jpg\" \/><\/a>\n\t\t\t<\/dt><\/dl><dl class='gallery-item'>\n\t\t\t<dt class='gallery-icon landscape'>\n\t\t\t\t<a href='https:\/\/sarimelekler.biz\/?attachment_id=20918'><img loading=\"lazy\" decoding=\"async\" width=\"150\" height=\"150\" src=\"https:\/\/sarimelekler.biz\/wp-content\/uploads\/2024\/04\/23-24-33-Kupa-Seremonisi-36-150x150.jpg\" class=\"attachment-thumbnail size-thumbnail\" alt=\"\" data-attachment-id=\"20918\" data-permalink=\"https:\/\/sarimelekler.biz\/?attachment_id=20918\" data-orig-file=\"https:\/\/sarimelekler.biz\/wp-content\/uploads\/2024\/04\/23-24-33-Kupa-Seremonisi-36.jpg\" data-orig-size=\"2500,2372\" data-comments-opened=\"0\" data-image-meta=\"{&quot;aperture&quot;:&quot;5&quot;,&quot;credit&quot;:&quot;BURAK SALTIK&quot;,&quot;camera&quot;:&quot;Canon EOS R3&quot;,&quot;caption&quot;:&quot;&quot;,&quot;created_timestamp&quot;:&quot;1713736214&quot;,&quot;copyright&quot;:&quot;www.fenerbahce.org&quot;,&quot;focal_length&quot;:&quot;24&quot;,&quot;iso&quot;:&quot;4000&quot;,&quot;shutter_speed&quot;:&quot;0.0025&quot;,&quot;title&quot;:&quot;&quot;,&quot;orientation&quot;:&quot;1&quot;}\" data-image-title=\"23-24 &amp;#8211; 33 Kupa Seremonisi (36)\" data-image-description=\"\" data-image-caption=\"\" data-large-file=\"https:\/\/sarimelekler.biz\/wp-content\/uploads\/2024\/04\/23-24-33-Kupa-Seremonisi-36-1024x972.jpg\" \/><\/a>\n\t\t\t<\/dt><\/dl><br style=\"clear: both\" \/><dl class='gallery-item'>\n\t\t\t<dt class='gallery-icon landscape'>\n\t\t\t\t<a href='https:\/\/sarimelekler.biz\/?attachment_id=20919'><img loading=\"lazy\" decoding=\"async\" width=\"150\" height=\"150\" src=\"https:\/\/sarimelekler.biz\/wp-content\/uploads\/2024\/04\/23-24-33-Kupa-Seremonisi-37-150x150.jpg\" class=\"attachment-thumbnail size-thumbnail\" alt=\"\" data-attachment-id=\"20919\" data-permalink=\"https:\/\/sarimelekler.biz\/?attachment_id=20919\" data-orig-file=\"https:\/\/sarimelekler.biz\/wp-content\/uploads\/2024\/04\/23-24-33-Kupa-Seremonisi-37.jpg\" data-orig-size=\"2500,2219\" data-comments-opened=\"0\" data-image-meta=\"{&quot;aperture&quot;:&quot;4.5&quot;,&quot;credit&quot;:&quot;BURAK SALTIK&quot;,&quot;camera&quot;:&quot;Canon EOS R3&quot;,&quot;caption&quot;:&quot;&quot;,&quot;created_timestamp&quot;:&quot;1713734942&quot;,&quot;copyright&quot;:&quot;www.fenerbahce.org&quot;,&quot;focal_length&quot;:&quot;27&quot;,&quot;iso&quot;:&quot;4000&quot;,&quot;shutter_speed&quot;:&quot;0.00125&quot;,&quot;title&quot;:&quot;&quot;,&quot;orientation&quot;:&quot;1&quot;}\" data-image-title=\"23-24 &amp;#8211; 33 Kupa Seremonisi (37)\" data-image-description=\"\" data-image-caption=\"\" data-large-file=\"https:\/\/sarimelekler.biz\/wp-content\/uploads\/2024\/04\/23-24-33-Kupa-Seremonisi-37-1024x909.jpg\" \/><\/a>\n\t\t\t<\/dt><\/dl><dl class='gallery-item'>\n\t\t\t<dt class='gallery-icon portrait'>\n\t\t\t\t<a href='https:\/\/sarimelekler.biz\/?attachment_id=20920'><img loading=\"lazy\" decoding=\"async\" width=\"150\" height=\"150\" src=\"https:\/\/sarimelekler.biz\/wp-content\/uploads\/2024\/04\/23-24-33-Kupa-Seremonisi-38-150x150.jpg\" class=\"attachment-thumbnail size-thumbnail\" alt=\"\" data-attachment-id=\"20920\" data-permalink=\"https:\/\/sarimelekler.biz\/?attachment_id=20920\" data-orig-file=\"https:\/\/sarimelekler.biz\/wp-content\/uploads\/2024\/04\/23-24-33-Kupa-Seremonisi-38-scaled.jpg\" data-orig-size=\"2217,2560\" data-comments-opened=\"0\" data-image-meta=\"{&quot;aperture&quot;:&quot;4.5&quot;,&quot;credit&quot;:&quot;BURAK SALTIK&quot;,&quot;camera&quot;:&quot;Canon EOS R3&quot;,&quot;caption&quot;:&quot;&quot;,&quot;created_timestamp&quot;:&quot;1713734899&quot;,&quot;copyright&quot;:&quot;www.fenerbahce.org&quot;,&quot;focal_length&quot;:&quot;24&quot;,&quot;iso&quot;:&quot;4000&quot;,&quot;shutter_speed&quot;:&quot;0.00125&quot;,&quot;title&quot;:&quot;&quot;,&quot;orientation&quot;:&quot;1&quot;}\" data-image-title=\"23-24 &amp;#8211; 33 Kupa Seremonisi (38)\" data-image-description=\"\" data-image-caption=\"\" data-large-file=\"https:\/\/sarimelekler.biz\/wp-content\/uploads\/2024\/04\/23-24-33-Kupa-Seremonisi-38-887x1024.jpg\" \/><\/a>\n\t\t\t<\/dt><\/dl><dl class='gallery-item'>\n\t\t\t<dt class='gallery-icon portrait'>\n\t\t\t\t<a href='https:\/\/sarimelekler.biz\/?attachment_id=20921'><img loading=\"lazy\" decoding=\"async\" width=\"150\" height=\"150\" src=\"https:\/\/sarimelekler.biz\/wp-content\/uploads\/2024\/04\/23-24-33-Kupa-Seremonisi-39-150x150.jpg\" class=\"attachment-thumbnail size-thumbnail\" alt=\"\" data-attachment-id=\"20921\" data-permalink=\"https:\/\/sarimelekler.biz\/?attachment_id=20921\" data-orig-file=\"https:\/\/sarimelekler.biz\/wp-content\/uploads\/2024\/04\/23-24-33-Kupa-Seremonisi-39-scaled.jpg\" data-orig-size=\"2374,2560\" data-comments-opened=\"0\" data-image-meta=\"{&quot;aperture&quot;:&quot;5&quot;,&quot;credit&quot;:&quot;BURAK SALTIK&quot;,&quot;camera&quot;:&quot;Canon EOS R3&quot;,&quot;caption&quot;:&quot;&quot;,&quot;created_timestamp&quot;:&quot;1713735193&quot;,&quot;copyright&quot;:&quot;www.fenerbahce.org&quot;,&quot;focal_length&quot;:&quot;30&quot;,&quot;iso&quot;:&quot;4000&quot;,&quot;shutter_speed&quot;:&quot;0.002&quot;,&quot;title&quot;:&quot;&quot;,&quot;orientation&quot;:&quot;1&quot;}\" data-image-title=\"23-24 &amp;#8211; 33 Kupa Seremonisi (39)\" data-image-description=\"\" data-image-caption=\"\" data-large-file=\"https:\/\/sarimelekler.biz\/wp-content\/uploads\/2024\/04\/23-24-33-Kupa-Seremonisi-39-950x1024.jpg\" \/><\/a>\n\t\t\t<\/dt><\/dl><dl class='gallery-item'>\n\t\t\t<dt class='gallery-icon portrait'>\n\t\t\t\t<a href='https:\/\/sarimelekler.biz\/?attachment_id=20922'><img loading=\"lazy\" decoding=\"async\" width=\"150\" height=\"150\" src=\"https:\/\/sarimelekler.biz\/wp-content\/uploads\/2024\/04\/23-24-33-Kupa-Seremonisi-40-150x150.jpg\" class=\"attachment-thumbnail size-thumbnail\" alt=\"\" data-attachment-id=\"20922\" data-permalink=\"https:\/\/sarimelekler.biz\/?attachment_id=20922\" data-orig-file=\"https:\/\/sarimelekler.biz\/wp-content\/uploads\/2024\/04\/23-24-33-Kupa-Seremonisi-40-scaled.jpg\" data-orig-size=\"2019,2560\" data-comments-opened=\"0\" data-image-meta=\"{&quot;aperture&quot;:&quot;4.5&quot;,&quot;credit&quot;:&quot;BURAK SALTIK&quot;,&quot;camera&quot;:&quot;Canon EOS R3&quot;,&quot;caption&quot;:&quot;&quot;,&quot;created_timestamp&quot;:&quot;1713734881&quot;,&quot;copyright&quot;:&quot;www.fenerbahce.org&quot;,&quot;focal_length&quot;:&quot;31&quot;,&quot;iso&quot;:&quot;4000&quot;,&quot;shutter_speed&quot;:&quot;0.00125&quot;,&quot;title&quot;:&quot;&quot;,&quot;orientation&quot;:&quot;1&quot;}\" data-image-title=\"23-24 &amp;#8211; 33 Kupa Seremonisi (40)\" data-image-description=\"\" data-image-caption=\"\" data-large-file=\"https:\/\/sarimelekler.biz\/wp-content\/uploads\/2024\/04\/23-24-33-Kupa-Seremonisi-40-808x1024.jpg\" \/><\/a>\n\t\t\t<\/dt><\/dl><dl class='gallery-item'>\n\t\t\t<dt class='gallery-icon portrait'>\n\t\t\t\t<a href='https:\/\/sarimelekler.biz\/?attachment_id=20923'><img loading=\"lazy\" decoding=\"async\" width=\"150\" height=\"150\" src=\"https:\/\/sarimelekler.biz\/wp-content\/uploads\/2024\/04\/23-24-33-Kupa-Seremonisi-41-150x150.jpg\" class=\"attachment-thumbnail size-thumbnail\" alt=\"\" data-attachment-id=\"20923\" data-permalink=\"https:\/\/sarimelekler.biz\/?attachment_id=20923\" data-orig-file=\"https:\/\/sarimelekler.biz\/wp-content\/uploads\/2024\/04\/23-24-33-Kupa-Seremonisi-41.jpg\" data-orig-size=\"2500,2540\" data-comments-opened=\"0\" data-image-meta=\"{&quot;aperture&quot;:&quot;4.5&quot;,&quot;credit&quot;:&quot;BURAK SALTIK&quot;,&quot;camera&quot;:&quot;Canon EOS R3&quot;,&quot;caption&quot;:&quot;&quot;,&quot;created_timestamp&quot;:&quot;1713734463&quot;,&quot;copyright&quot;:&quot;www.fenerbahce.org&quot;,&quot;focal_length&quot;:&quot;28&quot;,&quot;iso&quot;:&quot;4000&quot;,&quot;shutter_speed&quot;:&quot;0.00125&quot;,&quot;title&quot;:&quot;&quot;,&quot;orientation&quot;:&quot;1&quot;}\" data-image-title=\"23-24 &amp;#8211; 33 Kupa Seremonisi (41)\" data-image-description=\"\" data-image-caption=\"\" data-large-file=\"https:\/\/sarimelekler.biz\/wp-content\/uploads\/2024\/04\/23-24-33-Kupa-Seremonisi-41-1008x1024.jpg\" \/><\/a>\n\t\t\t<\/dt><\/dl><br style=\"clear: both\" \/><dl class='gallery-item'>\n\t\t\t<dt class='gallery-icon landscape'>\n\t\t\t\t<a href='https:\/\/sarimelekler.biz\/?attachment_id=20924'><img loading=\"lazy\" decoding=\"async\" width=\"150\" height=\"150\" src=\"https:\/\/sarimelekler.biz\/wp-content\/uploads\/2024\/04\/23-24-33-Kupa-Seremonisi-42-150x150.jpg\" class=\"attachment-thumbnail size-thumbnail\" alt=\"\" data-attachment-id=\"20924\" data-permalink=\"https:\/\/sarimelekler.biz\/?attachment_id=20924\" data-orig-file=\"https:\/\/sarimelekler.biz\/wp-content\/uploads\/2024\/04\/23-24-33-Kupa-Seremonisi-42.jpg\" data-orig-size=\"2500,2310\" data-comments-opened=\"0\" data-image-meta=\"{&quot;aperture&quot;:&quot;4.5&quot;,&quot;credit&quot;:&quot;BURAK SALTIK&quot;,&quot;camera&quot;:&quot;Canon EOS R3&quot;,&quot;caption&quot;:&quot;&quot;,&quot;created_timestamp&quot;:&quot;1713734947&quot;,&quot;copyright&quot;:&quot;www.fenerbahce.org&quot;,&quot;focal_length&quot;:&quot;41&quot;,&quot;iso&quot;:&quot;4000&quot;,&quot;shutter_speed&quot;:&quot;0.0015625&quot;,&quot;title&quot;:&quot;&quot;,&quot;orientation&quot;:&quot;1&quot;}\" data-image-title=\"23-24 &amp;#8211; 33 Kupa Seremonisi (42)\" data-image-description=\"\" data-image-caption=\"\" data-large-file=\"https:\/\/sarimelekler.biz\/wp-content\/uploads\/2024\/04\/23-24-33-Kupa-Seremonisi-42-1024x946.jpg\" \/><\/a>\n\t\t\t<\/dt><\/dl><dl class='gallery-item'>\n\t\t\t<dt class='gallery-icon landscape'>\n\t\t\t\t<a href='https:\/\/sarimelekler.biz\/?attachment_id=20926'><img loading=\"lazy\" decoding=\"async\" width=\"150\" height=\"150\" src=\"https:\/\/sarimelekler.biz\/wp-content\/uploads\/2024\/04\/23-24-33-Kupa-Seremonisi-44-150x150.jpg\" class=\"attachment-thumbnail size-thumbnail\" alt=\"\" data-attachment-id=\"20926\" data-permalink=\"https:\/\/sarimelekler.biz\/?attachment_id=20926\" data-orig-file=\"https:\/\/sarimelekler.biz\/wp-content\/uploads\/2024\/04\/23-24-33-Kupa-Seremonisi-44.jpg\" data-orig-size=\"2500,2333\" data-comments-opened=\"0\" data-image-meta=\"{&quot;aperture&quot;:&quot;4.5&quot;,&quot;credit&quot;:&quot;BURAK SALTIK&quot;,&quot;camera&quot;:&quot;Canon EOS R3&quot;,&quot;caption&quot;:&quot;&quot;,&quot;created_timestamp&quot;:&quot;1713734875&quot;,&quot;copyright&quot;:&quot;www.fenerbahce.org&quot;,&quot;focal_length&quot;:&quot;24&quot;,&quot;iso&quot;:&quot;4000&quot;,&quot;shutter_speed&quot;:&quot;0.00125&quot;,&quot;title&quot;:&quot;&quot;,&quot;orientation&quot;:&quot;1&quot;}\" data-image-title=\"23-24 &amp;#8211; 33 Kupa Seremonisi (44)\" data-image-description=\"\" data-image-caption=\"\" data-large-file=\"https:\/\/sarimelekler.biz\/wp-content\/uploads\/2024\/04\/23-24-33-Kupa-Seremonisi-44-1024x956.jpg\" \/><\/a>\n\t\t\t<\/dt><\/dl><dl class='gallery-item'>\n\t\t\t<dt class='gallery-icon landscape'>\n\t\t\t\t<a href='https:\/\/sarimelekler.biz\/?attachment_id=20927'><img loading=\"lazy\" decoding=\"async\" width=\"150\" height=\"150\" src=\"https:\/\/sarimelekler.biz\/wp-content\/uploads\/2024\/04\/23-24-33-Kupa-Seremonisi-45-150x150.jpg\" class=\"attachment-thumbnail size-thumbnail\" alt=\"\" data-attachment-id=\"20927\" data-permalink=\"https:\/\/sarimelekler.biz\/?attachment_id=20927\" data-orig-file=\"https:\/\/sarimelekler.biz\/wp-content\/uploads\/2024\/04\/23-24-33-Kupa-Seremonisi-45.jpg\" data-orig-size=\"2500,2017\" data-comments-opened=\"0\" data-image-meta=\"{&quot;aperture&quot;:&quot;4.5&quot;,&quot;credit&quot;:&quot;BURAK SALTIK&quot;,&quot;camera&quot;:&quot;Canon EOS R3&quot;,&quot;caption&quot;:&quot;&quot;,&quot;created_timestamp&quot;:&quot;1713734300&quot;,&quot;copyright&quot;:&quot;www.fenerbahce.org&quot;,&quot;focal_length&quot;:&quot;70&quot;,&quot;iso&quot;:&quot;4000&quot;,&quot;shutter_speed&quot;:&quot;0.00125&quot;,&quot;title&quot;:&quot;&quot;,&quot;orientation&quot;:&quot;1&quot;}\" data-image-title=\"23-24 &amp;#8211; 33 Kupa Seremonisi (45)\" data-image-description=\"\" data-image-caption=\"\" data-large-file=\"https:\/\/sarimelekler.biz\/wp-content\/uploads\/2024\/04\/23-24-33-Kupa-Seremonisi-45-1024x826.jpg\" \/><\/a>\n\t\t\t<\/dt><\/dl><dl class='gallery-item'>\n\t\t\t<dt class='gallery-icon landscape'>\n\t\t\t\t<a href='https:\/\/sarimelekler.biz\/?attachment_id=20928'><img loading=\"lazy\" decoding=\"async\" width=\"150\" height=\"150\" src=\"https:\/\/sarimelekler.biz\/wp-content\/uploads\/2024\/04\/23-24-33-Kupa-Seremonisi-46-150x150.jpg\" class=\"attachment-thumbnail size-thumbnail\" alt=\"\" data-attachment-id=\"20928\" data-permalink=\"https:\/\/sarimelekler.biz\/?attachment_id=20928\" data-orig-file=\"https:\/\/sarimelekler.biz\/wp-content\/uploads\/2024\/04\/23-24-33-Kupa-Seremonisi-46.jpg\" data-orig-size=\"2500,1907\" data-comments-opened=\"0\" data-image-meta=\"{&quot;aperture&quot;:&quot;5&quot;,&quot;credit&quot;:&quot;BURAK SALTIK&quot;,&quot;camera&quot;:&quot;Canon EOS R3&quot;,&quot;caption&quot;:&quot;&quot;,&quot;created_timestamp&quot;:&quot;1713734960&quot;,&quot;copyright&quot;:&quot;www.fenerbahce.org&quot;,&quot;focal_length&quot;:&quot;24&quot;,&quot;iso&quot;:&quot;4000&quot;,&quot;shutter_speed&quot;:&quot;0.0015625&quot;,&quot;title&quot;:&quot;&quot;,&quot;orientation&quot;:&quot;1&quot;}\" data-image-title=\"23-24 &amp;#8211; 33 Kupa Seremonisi (46)\" data-image-description=\"\" data-image-caption=\"\" data-large-file=\"https:\/\/sarimelekler.biz\/wp-content\/uploads\/2024\/04\/23-24-33-Kupa-Seremonisi-46-1024x781.jpg\" \/><\/a>\n\t\t\t<\/dt><\/dl><dl class='gallery-item'>\n\t\t\t<dt class='gallery-icon portrait'>\n\t\t\t\t<a href='https:\/\/sarimelekler.biz\/?attachment_id=20930'><img loading=\"lazy\" decoding=\"async\" width=\"150\" height=\"150\" src=\"https:\/\/sarimelekler.biz\/wp-content\/uploads\/2024\/04\/23-24-33-Kupa-Seremonisi-48-150x150.jpg\" class=\"attachment-thumbnail size-thumbnail\" alt=\"\" data-attachment-id=\"20930\" data-permalink=\"https:\/\/sarimelekler.biz\/?attachment_id=20930\" data-orig-file=\"https:\/\/sarimelekler.biz\/wp-content\/uploads\/2024\/04\/23-24-33-Kupa-Seremonisi-48-scaled.jpg\" data-orig-size=\"1652,2560\" data-comments-opened=\"0\" data-image-meta=\"{&quot;aperture&quot;:&quot;5&quot;,&quot;credit&quot;:&quot;BURAK SALTIK&quot;,&quot;camera&quot;:&quot;Canon EOS R3&quot;,&quot;caption&quot;:&quot;&quot;,&quot;created_timestamp&quot;:&quot;1713736238&quot;,&quot;copyright&quot;:&quot;www.fenerbahce.org&quot;,&quot;focal_length&quot;:&quot;46&quot;,&quot;iso&quot;:&quot;4000&quot;,&quot;shutter_speed&quot;:&quot;0.0025&quot;,&quot;title&quot;:&quot;&quot;,&quot;orientation&quot;:&quot;1&quot;}\" data-image-title=\"23-24 &amp;#8211; 33 Kupa Seremonisi (48)\" data-image-description=\"\" data-image-caption=\"\" data-large-file=\"https:\/\/sarimelekler.biz\/wp-content\/uploads\/2024\/04\/23-24-33-Kupa-Seremonisi-48-661x1024.jpg\" \/><\/a>\n\t\t\t<\/dt><\/dl><br style=\"clear: both\" \/><dl class='gallery-item'>\n\t\t\t<dt class='gallery-icon landscape'>\n\t\t\t\t<a href='https:\/\/sarimelekler.biz\/?attachment_id=20931'><img loading=\"lazy\" decoding=\"async\" width=\"150\" height=\"150\" src=\"https:\/\/sarimelekler.biz\/wp-content\/uploads\/2024\/04\/23-24-33-Kupa-Seremonisi-49-150x150.jpg\" class=\"attachment-thumbnail size-thumbnail\" alt=\"\" data-attachment-id=\"20931\" data-permalink=\"https:\/\/sarimelekler.biz\/?attachment_id=20931\" data-orig-file=\"https:\/\/sarimelekler.biz\/wp-content\/uploads\/2024\/04\/23-24-33-Kupa-Seremonisi-49.jpg\" data-orig-size=\"2500,1685\" data-comments-opened=\"0\" data-image-meta=\"{&quot;aperture&quot;:&quot;5&quot;,&quot;credit&quot;:&quot;BURAK SALTIK&quot;,&quot;camera&quot;:&quot;Canon EOS R3&quot;,&quot;caption&quot;:&quot;&quot;,&quot;created_timestamp&quot;:&quot;1713735025&quot;,&quot;copyright&quot;:&quot;www.fenerbahce.org&quot;,&quot;focal_length&quot;:&quot;24&quot;,&quot;iso&quot;:&quot;4000&quot;,&quot;shutter_speed&quot;:&quot;0.0015625&quot;,&quot;title&quot;:&quot;&quot;,&quot;orientation&quot;:&quot;1&quot;}\" data-image-title=\"23-24 &amp;#8211; 33 Kupa Seremonisi (49)\" data-image-description=\"\" data-image-caption=\"\" data-large-file=\"https:\/\/sarimelekler.biz\/wp-content\/uploads\/2024\/04\/23-24-33-Kupa-Seremonisi-49-1024x690.jpg\" \/><\/a>\n\t\t\t<\/dt><\/dl><dl class='gallery-item'>\n\t\t\t<dt class='gallery-icon landscape'>\n\t\t\t\t<a href='https:\/\/sarimelekler.biz\/?attachment_id=20932'><img loading=\"lazy\" decoding=\"async\" width=\"150\" height=\"150\" src=\"https:\/\/sarimelekler.biz\/wp-content\/uploads\/2024\/04\/23-24-33-Kupa-Seremonisi-50-150x150.jpg\" class=\"attachment-thumbnail size-thumbnail\" alt=\"\" data-attachment-id=\"20932\" data-permalink=\"https:\/\/sarimelekler.biz\/?attachment_id=20932\" data-orig-file=\"https:\/\/sarimelekler.biz\/wp-content\/uploads\/2024\/04\/23-24-33-Kupa-Seremonisi-50.jpg\" data-orig-size=\"2500,1781\" data-comments-opened=\"0\" data-image-meta=\"{&quot;aperture&quot;:&quot;5&quot;,&quot;credit&quot;:&quot;BURAK SALTIK&quot;,&quot;camera&quot;:&quot;Canon EOS R3&quot;,&quot;caption&quot;:&quot;&quot;,&quot;created_timestamp&quot;:&quot;1713736323&quot;,&quot;copyright&quot;:&quot;www.fenerbahce.org&quot;,&quot;focal_length&quot;:&quot;25&quot;,&quot;iso&quot;:&quot;4000&quot;,&quot;shutter_speed&quot;:&quot;0.0025&quot;,&quot;title&quot;:&quot;&quot;,&quot;orientation&quot;:&quot;1&quot;}\" data-image-title=\"23-24 &amp;#8211; 33 Kupa Seremonisi (50)\" data-image-description=\"\" data-image-caption=\"\" data-large-file=\"https:\/\/sarimelekler.biz\/wp-content\/uploads\/2024\/04\/23-24-33-Kupa-Seremonisi-50-1024x729.jpg\" \/><\/a>\n\t\t\t<\/dt><\/dl><dl class='gallery-item'>\n\t\t\t<dt class='gallery-icon portrait'>\n\t\t\t\t<a href='https:\/\/sarimelekler.biz\/?attachment_id=20934'><img loading=\"lazy\" decoding=\"async\" width=\"150\" height=\"150\" src=\"https:\/\/sarimelekler.biz\/wp-content\/uploads\/2024\/04\/23-24-33-Kupa-Seremonisi-52-150x150.jpg\" class=\"attachment-thumbnail size-thumbnail\" alt=\"\" data-attachment-id=\"20934\" data-permalink=\"https:\/\/sarimelekler.biz\/?attachment_id=20934\" data-orig-file=\"https:\/\/sarimelekler.biz\/wp-content\/uploads\/2024\/04\/23-24-33-Kupa-Seremonisi-52-scaled.jpg\" data-orig-size=\"1913,2560\" data-comments-opened=\"0\" data-image-meta=\"{&quot;aperture&quot;:&quot;4.5&quot;,&quot;credit&quot;:&quot;BURAK SALTIK&quot;,&quot;camera&quot;:&quot;Canon EOS R3&quot;,&quot;caption&quot;:&quot;&quot;,&quot;created_timestamp&quot;:&quot;1713734888&quot;,&quot;copyright&quot;:&quot;www.fenerbahce.org&quot;,&quot;focal_length&quot;:&quot;24&quot;,&quot;iso&quot;:&quot;4000&quot;,&quot;shutter_speed&quot;:&quot;0.00125&quot;,&quot;title&quot;:&quot;&quot;,&quot;orientation&quot;:&quot;1&quot;}\" data-image-title=\"23-24 &amp;#8211; 33 Kupa Seremonisi (52)\" data-image-description=\"\" data-image-caption=\"\" data-large-file=\"https:\/\/sarimelekler.biz\/wp-content\/uploads\/2024\/04\/23-24-33-Kupa-Seremonisi-52-765x1024.jpg\" \/><\/a>\n\t\t\t<\/dt><\/dl><dl class='gallery-item'>\n\t\t\t<dt class='gallery-icon landscape'>\n\t\t\t\t<a href='https:\/\/sarimelekler.biz\/?attachment_id=20937'><img loading=\"lazy\" decoding=\"async\" width=\"150\" height=\"150\" src=\"https:\/\/sarimelekler.biz\/wp-content\/uploads\/2024\/04\/23-24-33-Kupa-Seremonisi-55-150x150.jpg\" class=\"attachment-thumbnail size-thumbnail\" alt=\"\" data-attachment-id=\"20937\" data-permalink=\"https:\/\/sarimelekler.biz\/?attachment_id=20937\" data-orig-file=\"https:\/\/sarimelekler.biz\/wp-content\/uploads\/2024\/04\/23-24-33-Kupa-Seremonisi-55.jpg\" data-orig-size=\"2500,2331\" data-comments-opened=\"0\" data-image-meta=\"{&quot;aperture&quot;:&quot;4.5&quot;,&quot;credit&quot;:&quot;BURAK SALTIK&quot;,&quot;camera&quot;:&quot;Canon EOS R3&quot;,&quot;caption&quot;:&quot;&quot;,&quot;created_timestamp&quot;:&quot;1713734916&quot;,&quot;copyright&quot;:&quot;www.fenerbahce.org&quot;,&quot;focal_length&quot;:&quot;25&quot;,&quot;iso&quot;:&quot;4000&quot;,&quot;shutter_speed&quot;:&quot;0.00125&quot;,&quot;title&quot;:&quot;&quot;,&quot;orientation&quot;:&quot;1&quot;}\" data-image-title=\"23-24 &amp;#8211; 33 Kupa Seremonisi (55)\" data-image-description=\"\" data-image-caption=\"\" data-large-file=\"https:\/\/sarimelekler.biz\/wp-content\/uploads\/2024\/04\/23-24-33-Kupa-Seremonisi-55-1024x955.jpg\" \/><\/a>\n\t\t\t<\/dt><\/dl><dl class='gallery-item'>\n\t\t\t<dt class='gallery-icon landscape'>\n\t\t\t\t<a href='https:\/\/sarimelekler.biz\/?attachment_id=20938'><img loading=\"lazy\" decoding=\"async\" width=\"150\" height=\"150\" src=\"https:\/\/sarimelekler.biz\/wp-content\/uploads\/2024\/04\/23-24-33-Kupa-Seremonisi-56-150x150.jpg\" class=\"attachment-thumbnail size-thumbnail\" alt=\"\" data-attachment-id=\"20938\" data-permalink=\"https:\/\/sarimelekler.biz\/?attachment_id=20938\" data-orig-file=\"https:\/\/sarimelekler.biz\/wp-content\/uploads\/2024\/04\/23-24-33-Kupa-Seremonisi-56.jpg\" data-orig-size=\"2500,2058\" data-comments-opened=\"0\" data-image-meta=\"{&quot;aperture&quot;:&quot;5.6&quot;,&quot;credit&quot;:&quot;BURAK SALTIK&quot;,&quot;camera&quot;:&quot;Canon EOS R3&quot;,&quot;caption&quot;:&quot;&quot;,&quot;created_timestamp&quot;:&quot;1713735802&quot;,&quot;copyright&quot;:&quot;www.fenerbahce.org&quot;,&quot;focal_length&quot;:&quot;24&quot;,&quot;iso&quot;:&quot;4000&quot;,&quot;shutter_speed&quot;:&quot;0.0025&quot;,&quot;title&quot;:&quot;&quot;,&quot;orientation&quot;:&quot;1&quot;}\" data-image-title=\"23-24 &amp;#8211; 33 Kupa Seremonisi (56)\" data-image-description=\"\" data-image-caption=\"\" data-large-file=\"https:\/\/sarimelekler.biz\/wp-content\/uploads\/2024\/04\/23-24-33-Kupa-Seremonisi-56-1024x843.jpg\" \/><\/a>\n\t\t\t<\/dt><\/dl><br style=\"clear: both\" \/><dl class='gallery-item'>\n\t\t\t<dt class='gallery-icon landscape'>\n\t\t\t\t<a href='https:\/\/sarimelekler.biz\/?attachment_id=20929'><img loading=\"lazy\" decoding=\"async\" width=\"150\" height=\"150\" src=\"https:\/\/sarimelekler.biz\/wp-content\/uploads\/2024\/04\/23-24-33-Kupa-Seremonisi-47-150x150.jpg\" class=\"attachment-thumbnail size-thumbnail\" alt=\"\" data-attachment-id=\"20929\" data-permalink=\"https:\/\/sarimelekler.biz\/?attachment_id=20929\" data-orig-file=\"https:\/\/sarimelekler.biz\/wp-content\/uploads\/2024\/04\/23-24-33-Kupa-Seremonisi-47.jpg\" data-orig-size=\"2500,1576\" data-comments-opened=\"0\" data-image-meta=\"{&quot;aperture&quot;:&quot;5&quot;,&quot;credit&quot;:&quot;BURAK SALTIK&quot;,&quot;camera&quot;:&quot;Canon EOS R3&quot;,&quot;caption&quot;:&quot;&quot;,&quot;created_timestamp&quot;:&quot;1713735120&quot;,&quot;copyright&quot;:&quot;www.fenerbahce.org&quot;,&quot;focal_length&quot;:&quot;24&quot;,&quot;iso&quot;:&quot;4000&quot;,&quot;shutter_speed&quot;:&quot;0.002&quot;,&quot;title&quot;:&quot;&quot;,&quot;orientation&quot;:&quot;1&quot;}\" data-image-title=\"23-24 &amp;#8211; 33 Kupa Seremonisi (47)\" data-image-description=\"\" data-image-caption=\"\" data-large-file=\"https:\/\/sarimelekler.biz\/wp-content\/uploads\/2024\/04\/23-24-33-Kupa-Seremonisi-47-1024x646.jpg\" \/><\/a>\n\t\t\t<\/dt><\/dl>\n\t\t\t<br style='clear: both' \/>\n\t\t<\/div>\n\n<p>Foto\u011fraf Kaynak:\u00a0<a href=\"https:\/\/www.fenerbahce.org\/haberler\/voleybol-kadin\/2024\/4\/sultanlar-ligi-nin-sampiyonu-fenerbahce-opet\" target=\"_blank\" rel=\"noopener\">Fenerbah\u00e7e SK Resmi \u0130nternet Sitesi<\/a><\/p>\n<p style=\"text-align: right;\">21.04.2024<\/p>\n","protected":false},"excerpt":{"rendered":"<p>Fenerbah\u00e7e Opet Kad\u0131n Voleybol Tak\u0131m\u0131m\u0131z, Vodafone Sultanlar Ligi final serisinde \u2026 <a class=\"continue-reading-link\" href=\"https:\/\/sarimelekler.biz\/?p=20882\">Okumaya Devam Et.. <span class=\"meta-nav\">&rarr; <\/span><\/a><\/p>\n","protected":false},"author":1,"featured_media":20901,"comment_status":"closed","ping_status":"open","sticky":false,"template":"","format":"standard","meta":{"jetpack_post_was_ever_published":false,"_jetpack_newsletter_access":"","_jetpack_dont_email_post_to_subs":false,"_jetpack_newsletter_tier_id":0,"_jetpack_memberships_contains_paywalled_content":false,"_jetpack_memberships_contains_paid_content":false,"footnotes":"","jetpack_publicize_message":"","jetpack_publicize_feature_enabled":true,"jetpack_social_post_already_shared":true,"jetpack_social_options":{"image_generator_settings":{"template":"highway","default_image_id":0,"font":"","enabled":false},"version":2}},"categories":[6],"tags":[],"class_list":["post-20882","post","type-post","status-publish","format-standard","has-post-thumbnail","hentry","category-turkiye-ligi"],"jetpack_publicize_connections":[],"jetpack_featured_media_url":"https:\/\/sarimelekler.biz\/wp-content\/uploads\/2024\/04\/23-24-33-Kupa-Seremonisi-19.jpg","jetpack_sharing_enabled":true,"jetpack_shortlink":"https:\/\/wp.me\/p8npUZ-5qO","jetpack-related-posts":[{"id":21192,"url":"https:\/\/sarimelekler.biz\/?p=21192","url_meta":{"origin":20882,"position":0},"title":"S\u00fcper Kupa Sar\u0131 Meleklerin \/ Fenerbah\u00e7e Medicana:3 &#8211; Eczac\u0131ba\u015f\u0131 Dynavit:1","author":"Edit\u00f6r","date":"16 Ekim 2024","format":false,"excerpt":"Fenerbah\u00e7e Medicana Kad\u0131n Voleybol Tak\u0131m\u0131m\u0131z, AXA Sigorta \u015eampiyonlar Kupas\u0131 (S\u00fcper Kupa) ma\u00e7\u0131nda kar\u015f\u0131la\u015ft\u0131\u011f\u0131 Eczac\u0131ba\u015f\u0131 Dynavit tak\u0131m\u0131n\u0131 25-23, 22-25, 25-17 ve 25-18 set skorlar\u0131yla 3-0 ma\u011flup ederek bu kupay\u0131 5. Kez kazand\u0131. Ma\u00e7a Eda, Meliha, Vargas, Drca, Asl\u0131, Ana Cristina ve libero Gizem kadrosuyla ba\u015flayan tak\u0131m\u0131m\u0131zda Stysiak, Arelya ve Elitsa\u2019da s\u00fcre\u2026","rel":"","context":"&quot;S\u00fcper Kupa&quot; i\u00e7inde","block_context":{"text":"S\u00fcper Kupa","link":"https:\/\/sarimelekler.biz\/?cat=27"},"img":{"alt_text":"","src":"https:\/\/i0.wp.com\/sarimelekler.biz\/wp-content\/uploads\/2024\/10\/2024-Super-Kupa-6-scaled.jpg?resize=350%2C200&ssl=1","width":350,"height":200,"srcset":"https:\/\/i0.wp.com\/sarimelekler.biz\/wp-content\/uploads\/2024\/10\/2024-Super-Kupa-6-scaled.jpg?resize=350%2C200&ssl=1 1x, https:\/\/i0.wp.com\/sarimelekler.biz\/wp-content\/uploads\/2024\/10\/2024-Super-Kupa-6-scaled.jpg?resize=525%2C300&ssl=1 1.5x, https:\/\/i0.wp.com\/sarimelekler.biz\/wp-content\/uploads\/2024\/10\/2024-Super-Kupa-6-scaled.jpg?resize=700%2C400&ssl=1 2x, https:\/\/i0.wp.com\/sarimelekler.biz\/wp-content\/uploads\/2024\/10\/2024-Super-Kupa-6-scaled.jpg?resize=1050%2C600&ssl=1 3x, https:\/\/i0.wp.com\/sarimelekler.biz\/wp-content\/uploads\/2024\/10\/2024-Super-Kupa-6-scaled.jpg?resize=1400%2C800&ssl=1 4x"},"classes":[]},{"id":22027,"url":"https:\/\/sarimelekler.biz\/?p=22027","url_meta":{"origin":20882,"position":1},"title":"Fenerbah\u00e7e Medicana:3 \u2013 Vak\u0131fbank:2","author":"Edit\u00f6r","date":"8 Ekim 2025","format":false,"excerpt":"Fenerbah\u00e7e Medicana Kad\u0131n Voleybol Tak\u0131m\u0131m\u0131z, AXA Sigorta \u015eampiyonlar Kupas\u0131 (S\u00fcper Kupa) ma\u00e7\u0131nda kar\u015f\u0131la\u015ft\u0131\u011f\u0131 Vak\u0131fbank tak\u0131m\u0131n\u0131 23-25, 21-25, 25-19, 25-18 ve 18-16\u2019l\u0131k set skorlar\u0131yla 3-2 ma\u011flup ederek bu kupay\u0131 \u00fcst \u00fcste ikinci olmak \u00fczere toplamda 6. kez kazand\u0131. Bu \u015eampiyonlukla beraber Sar\u0131 Melekler bu kupay\u0131 en \u00e7ok kazanan tak\u0131m oldu. Ma\u00e7a\u2026","rel":"","context":"&quot;S\u00fcper Kupa&quot; i\u00e7inde","block_context":{"text":"S\u00fcper Kupa","link":"https:\/\/sarimelekler.biz\/?cat=27"},"img":{"alt_text":"","src":"https:\/\/i0.wp.com\/sarimelekler.biz\/wp-content\/uploads\/2025\/10\/01-25-26-SK-32.jpg?resize=350%2C200&ssl=1","width":350,"height":200,"srcset":"https:\/\/i0.wp.com\/sarimelekler.biz\/wp-content\/uploads\/2025\/10\/01-25-26-SK-32.jpg?resize=350%2C200&ssl=1 1x, https:\/\/i0.wp.com\/sarimelekler.biz\/wp-content\/uploads\/2025\/10\/01-25-26-SK-32.jpg?resize=525%2C300&ssl=1 1.5x, https:\/\/i0.wp.com\/sarimelekler.biz\/wp-content\/uploads\/2025\/10\/01-25-26-SK-32.jpg?resize=700%2C400&ssl=1 2x, https:\/\/i0.wp.com\/sarimelekler.biz\/wp-content\/uploads\/2025\/10\/01-25-26-SK-32.jpg?resize=1050%2C600&ssl=1 3x, https:\/\/i0.wp.com\/sarimelekler.biz\/wp-content\/uploads\/2025\/10\/01-25-26-SK-32.jpg?resize=1400%2C800&ssl=1 4x"},"classes":[]},{"id":21841,"url":"https:\/\/sarimelekler.biz\/?p=21841","url_meta":{"origin":20882,"position":2},"title":"\u015eampiyon Sar\u0131 Melekler Kupas\u0131n\u0131 Ald\u0131","author":"Edit\u00f6r","date":"5 Nisan 2025","format":false,"excerpt":"Fenerbah\u00e7e Medicana Kad\u0131n Voleybol Tak\u0131m\u0131m\u0131z, AXA Sigorta Kupa Voley Final kar\u015f\u0131la\u015fmas\u0131nda Eczac\u0131ba\u015f\u0131 Dynavit\u2019i 3-0 yendi ve \u00fcst \u00fcste 2. Kez olmak \u00fczere toplamda 5. kez AXA Sigorta Kupa Voley (T\u00fcrkiye Kupas\u0131) \u015eampiyonu oldu. Melisa Vargas ma\u00e7\u0131n en skorer oyuncusu olurken ayn\u0131 zamanda turnuvan\u0131n MVP\u2019si se\u00e7ildi. Ma\u00e7\u0131n ard\u0131ndan b\u00fcy\u00fck sevin\u00e7 ya\u015fayan\u2026","rel":"","context":"&quot;T\u00fcrkiye Kupas\u0131&quot; i\u00e7inde","block_context":{"text":"T\u00fcrkiye Kupas\u0131","link":"https:\/\/sarimelekler.biz\/?cat=13"},"img":{"alt_text":"","src":"https:\/\/i0.wp.com\/sarimelekler.biz\/wp-content\/uploads\/2025\/04\/24-25-Turkiye-Kupasi-Sampiyonlugu-11-scaled.jpg?resize=350%2C200&ssl=1","width":350,"height":200,"srcset":"https:\/\/i0.wp.com\/sarimelekler.biz\/wp-content\/uploads\/2025\/04\/24-25-Turkiye-Kupasi-Sampiyonlugu-11-scaled.jpg?resize=350%2C200&ssl=1 1x, https:\/\/i0.wp.com\/sarimelekler.biz\/wp-content\/uploads\/2025\/04\/24-25-Turkiye-Kupasi-Sampiyonlugu-11-scaled.jpg?resize=525%2C300&ssl=1 1.5x, https:\/\/i0.wp.com\/sarimelekler.biz\/wp-content\/uploads\/2025\/04\/24-25-Turkiye-Kupasi-Sampiyonlugu-11-scaled.jpg?resize=700%2C400&ssl=1 2x, https:\/\/i0.wp.com\/sarimelekler.biz\/wp-content\/uploads\/2025\/04\/24-25-Turkiye-Kupasi-Sampiyonlugu-11-scaled.jpg?resize=1050%2C600&ssl=1 3x, https:\/\/i0.wp.com\/sarimelekler.biz\/wp-content\/uploads\/2025\/04\/24-25-Turkiye-Kupasi-Sampiyonlugu-11-scaled.jpg?resize=1400%2C800&ssl=1 4x"},"classes":[]},{"id":22064,"url":"https:\/\/sarimelekler.biz\/?p=22064","url_meta":{"origin":20882,"position":3},"title":"\u015eampiyon Sar\u0131 Melekler Kupas\u0131n\u0131 Ald\u0131","author":"Edit\u00f6r","date":"8 Ekim 2025","format":false,"excerpt":"AXA Sigorta \u015eampiyonlar Kupas\u0131n\u0131 6. kez kazanan Fenerbah\u00e7e Medicana kad\u0131n voleybol tak\u0131m\u0131m\u0131z ma\u00e7 sonu d\u00fczenlenen seremonide madalya ve kupas\u0131n\u0131 ald\u0131. Foto\u011fraf Kaynak:\u00a0Fenerbah\u00e7e SK Resmi \u0130nternet Sitesi 08.10.2025","rel":"","context":"&quot;S\u00fcper Kupa&quot; i\u00e7inde","block_context":{"text":"S\u00fcper Kupa","link":"https:\/\/sarimelekler.biz\/?cat=27"},"img":{"alt_text":"","src":"https:\/\/i0.wp.com\/sarimelekler.biz\/wp-content\/uploads\/2025\/10\/01-25-26-SK-Kupa-15.jpg?resize=350%2C200&ssl=1","width":350,"height":200,"srcset":"https:\/\/i0.wp.com\/sarimelekler.biz\/wp-content\/uploads\/2025\/10\/01-25-26-SK-Kupa-15.jpg?resize=350%2C200&ssl=1 1x, https:\/\/i0.wp.com\/sarimelekler.biz\/wp-content\/uploads\/2025\/10\/01-25-26-SK-Kupa-15.jpg?resize=525%2C300&ssl=1 1.5x, https:\/\/i0.wp.com\/sarimelekler.biz\/wp-content\/uploads\/2025\/10\/01-25-26-SK-Kupa-15.jpg?resize=700%2C400&ssl=1 2x, https:\/\/i0.wp.com\/sarimelekler.biz\/wp-content\/uploads\/2025\/10\/01-25-26-SK-Kupa-15.jpg?resize=1050%2C600&ssl=1 3x, https:\/\/i0.wp.com\/sarimelekler.biz\/wp-content\/uploads\/2025\/10\/01-25-26-SK-Kupa-15.jpg?resize=1400%2C800&ssl=1 4x"},"classes":[]},{"id":20615,"url":"https:\/\/sarimelekler.biz\/?p=20615","url_meta":{"origin":20882,"position":4},"title":"\u015eampiyon Sar\u0131 Melekler Kupas\u0131n\u0131 Ald\u0131","author":"Edit\u00f6r","date":"24 Mart 2024","format":false,"excerpt":"Fenerbah\u00e7e Opet Kad\u0131n Voleybol Tak\u0131m\u0131m\u0131z, AXA Sigorta Kupa Voley Final kar\u015f\u0131la\u015fmas\u0131nda Eczac\u0131ba\u015f\u0131 Dynavit\u2019i 3-1 yendi ve 4. kez AXA Sigorta Kupa Voley \u015eampiyonu oldu. Melisa Vargas ma\u00e7\u0131n en skorer oyuncusu olurken ayn\u0131 zamanda turnuvan\u0131n MVP\u2019si se\u00e7ildi. Ma\u00e7\u0131n ard\u0131ndan b\u00fcy\u00fck sevin\u00e7 ya\u015fayan Sar\u0131 Melekler, kupa zaferini taraftarlar\u0131m\u0131zla kutlad\u0131. Foto\u011fraf Kaynak:\u00a0Fenerbah\u00e7e SK\u2026","rel":"","context":"&quot;T\u00fcrkiye Kupas\u0131&quot; i\u00e7inde","block_context":{"text":"T\u00fcrkiye Kupas\u0131","link":"https:\/\/sarimelekler.biz\/?cat=13"},"img":{"alt_text":"","src":"https:\/\/i0.wp.com\/sarimelekler.biz\/wp-content\/uploads\/2024\/03\/23-24-Turkiye-Kupasi-Sampiyonu-24-scaled.jpg?resize=350%2C200&ssl=1","width":350,"height":200,"srcset":"https:\/\/i0.wp.com\/sarimelekler.biz\/wp-content\/uploads\/2024\/03\/23-24-Turkiye-Kupasi-Sampiyonu-24-scaled.jpg?resize=350%2C200&ssl=1 1x, https:\/\/i0.wp.com\/sarimelekler.biz\/wp-content\/uploads\/2024\/03\/23-24-Turkiye-Kupasi-Sampiyonu-24-scaled.jpg?resize=525%2C300&ssl=1 1.5x, https:\/\/i0.wp.com\/sarimelekler.biz\/wp-content\/uploads\/2024\/03\/23-24-Turkiye-Kupasi-Sampiyonu-24-scaled.jpg?resize=700%2C400&ssl=1 2x, https:\/\/i0.wp.com\/sarimelekler.biz\/wp-content\/uploads\/2024\/03\/23-24-Turkiye-Kupasi-Sampiyonu-24-scaled.jpg?resize=1050%2C600&ssl=1 3x, https:\/\/i0.wp.com\/sarimelekler.biz\/wp-content\/uploads\/2024\/03\/23-24-Turkiye-Kupasi-Sampiyonu-24-scaled.jpg?resize=1400%2C800&ssl=1 4x"},"classes":[]},{"id":18159,"url":"https:\/\/sarimelekler.biz\/?p=18159","url_meta":{"origin":20882,"position":5},"title":"\u015eampiyon Sar\u0131 Melekler Kupas\u0131n\u0131 Ald\u0131","author":"Edit\u00f6r","date":"29 Ekim 2022","format":false,"excerpt":"Spor Toto Kad\u0131nlar \u015eampiyonlar Kupas\u0131n\u0131 4. kez kazanan Fenerbah\u00e7e Opet kad\u0131n voleybol tak\u0131m\u0131m\u0131z ma\u00e7 sonu d\u00fczenlenen seremonide madalya ve kupas\u0131n\u0131 ald\u0131. Foto\u011fraf Kaynak:\u00a0Fenerbah\u00e7e SK Resmi \u0130nternet Sitesi 29.10.2022","rel":"","context":"&quot;S\u00fcper Kupa&quot; i\u00e7inde","block_context":{"text":"S\u00fcper Kupa","link":"https:\/\/sarimelekler.biz\/?cat=27"},"img":{"alt_text":"","src":"https:\/\/i0.wp.com\/sarimelekler.biz\/wp-content\/uploads\/2022\/10\/01-22-23-SK-55-scaled.jpg?resize=350%2C200&ssl=1","width":350,"height":200,"srcset":"https:\/\/i0.wp.com\/sarimelekler.biz\/wp-content\/uploads\/2022\/10\/01-22-23-SK-55-scaled.jpg?resize=350%2C200&ssl=1 1x, https:\/\/i0.wp.com\/sarimelekler.biz\/wp-content\/uploads\/2022\/10\/01-22-23-SK-55-scaled.jpg?resize=525%2C300&ssl=1 1.5x, https:\/\/i0.wp.com\/sarimelekler.biz\/wp-content\/uploads\/2022\/10\/01-22-23-SK-55-scaled.jpg?resize=700%2C400&ssl=1 2x, https:\/\/i0.wp.com\/sarimelekler.biz\/wp-content\/uploads\/2022\/10\/01-22-23-SK-55-scaled.jpg?resize=1050%2C600&ssl=1 3x, https:\/\/i0.wp.com\/sarimelekler.biz\/wp-content\/uploads\/2022\/10\/01-22-23-SK-55-scaled.jpg?resize=1400%2C800&ssl=1 4x"},"classes":[]}],"_links":{"self":[{"href":"https:\/\/sarimelekler.biz\/index.php?rest_route=\/wp\/v2\/posts\/20882","targetHints":{"allow":["GET"]}}],"collection":[{"href":"https:\/\/sarimelekler.biz\/index.php?rest_route=\/wp\/v2\/posts"}],"about":[{"href":"https:\/\/sarimelekler.biz\/index.php?rest_route=\/wp\/v2\/types\/post"}],"author":[{"embeddable":true,"href":"https:\/\/sarimelekler.biz\/index.php?rest_route=\/wp\/v2\/users\/1"}],"replies":[{"embeddable":true,"href":"https:\/\/sarimelekler.biz\/index.php?rest_route=%2Fwp%2Fv2%2Fcomments&post=20882"}],"version-history":[{"count":3,"href":"https:\/\/sarimelekler.biz\/index.php?rest_route=\/wp\/v2\/posts\/20882\/revisions"}],"predecessor-version":[{"id":20941,"href":"https:\/\/sarimelekler.biz\/index.php?rest_route=\/wp\/v2\/posts\/20882\/revisions\/20941"}],"wp:featuredmedia":[{"embeddable":true,"href":"https:\/\/sarimelekler.biz\/index.php?rest_route=\/wp\/v2\/media\/20901"}],"wp:attachment":[{"href":"https:\/\/sarimelekler.biz\/index.php?rest_route=%2Fwp%2Fv2%2Fmedia&parent=20882"}],"wp:term":[{"taxonomy":"category","embeddable":true,"href":"https:\/\/sarimelekler.biz\/index.php?rest_route=%2Fwp%2Fv2%2Fcategories&post=20882"},{"taxonomy":"post_tag","embeddable":true,"href":"https:\/\/sarimelekler.biz\/index.php?rest_route=%2Fwp%2Fv2%2Ftags&post=20882"}],"curies":[{"name":"wp","href":"https:\/\/api.w.org\/{rel}","templated":true}]}}